{"id":504,"name":"Laura Meledo","url":"https:\/\/www.medoucine.com\/consultation\/rennes\/laura-meledo\/2673","description":"Dans ma pratique, j'adopte une approche globale et p\u00e9dagogique. Je vous donne les cl\u00e9s de compr\u00e9hension de votre fonctionnement corporel, \u00e9motionnel et \u00e9nerg\u00e9tique afin que vous puissiez devenir acteur ou actrice de votre mieux-\u00eatre. Je vous accompagne dans vos besoins et vos attentes selon votre mode de vie, l'\u00e9tat de vos organes. J'\u00e9tablie un programme personnalis\u00e9 avec des conseils en hygi\u00e8ne de vie, en alimentation, en phytoth\u00e9rapie et des exercices \u00e9ventuels de m\u00e9ditation, respiration...","link":"https:\/\/www.medoucine.com\/blog\/author\/laura_meledo\/","slug":"laura_meledo","avatar_urls":{"24":"https:\/\/secure.gravatar.com\/avatar\/c854110e7b8ec66393b31c5020198e6f985d3f93621ca45757aed65d4f81879e?s=24&d=mm&r=g","48":"https:\/\/secure.gravatar.com\/avatar\/c854110e7b8ec66393b31c5020198e6f985d3f93621ca45757aed65d4f81879e?s=48&d=mm&r=g","96":"https:\/\/secure.gravatar.com\/avatar\/c854110e7b8ec66393b31c5020198e6f985d3f93621ca45757aed65d4f81879e?s=96&d=mm&r=g"},"meta":[],"acf":[],"yoast_head":"<!-- This site is optimized with the Yoast SEO plugin v27.1.1 - https:\/\/yoast.com\/product\/yoast-seo-wordpress\/ -->\n<title>Laura Meledo, auteur sur Blog de Medoucine<\/title>\n<meta name=\"description\" content=\"D\u00e9couvrez les articles du blog M\u00e9doucine r\u00e9dig\u00e9s par Laura M\u00e9l\u00e9do, naturopathe.\" \/>\n<meta name=\"robots\" content=\"index, follow, max-snippet:-1, max-image-preview:large, max-video-preview:-1\" \/>\n<link rel=\"canonical\" href=\"https:\/\/www.medoucine.com\/blog\/author\/laura_meledo\/\" \/>\n<meta property=\"og:locale\" content=\"fr_FR\" \/>\n<meta property=\"og:type\" content=\"profile\" \/>\n<meta property=\"og:title\" content=\"Laura Meledo, auteur sur Blog de Medoucine\" \/>\n<meta property=\"og:description\" content=\"D\u00e9couvrez les articles du blog M\u00e9doucine r\u00e9dig\u00e9s par Laura M\u00e9l\u00e9do, naturopathe.\" \/>\n<meta property=\"og:url\" content=\"https:\/\/www.medoucine.com\/blog\/author\/laura_meledo\/\" \/>\n<meta property=\"og:site_name\" content=\"Blog de Medoucine\" \/>\n<meta property=\"og:image\" content=\"https:\/\/secure.gravatar.com\/avatar\/c854110e7b8ec66393b31c5020198e6f985d3f93621ca45757aed65d4f81879e?s=500&d=mm&r=g\" \/>\n<meta name=\"twitter:card\" content=\"summary_large_image\" \/>\n<meta name=\"twitter:site\" content=\"@medoucinefr\" \/>\n<script type=\"application\/ld+json\" class=\"yoast-schema-graph\">{\"@context\":\"https:\/\/schema.org\",\"@graph\":[{\"@type\":\"ProfilePage\",\"@id\":\"https:\/\/www.medoucine.com\/blog\/author\/laura_meledo\/\",\"url\":\"https:\/\/www.medoucine.com\/blog\/author\/laura_meledo\/\",\"name\":\"Laura Meledo, auteur sur Blog de Medoucine\",\"isPartOf\":{\"@id\":\"https:\/\/www.medoucine.com\/blog\/#website\"},\"description\":\"D\u00e9couvrez les articles du blog M\u00e9doucine r\u00e9dig\u00e9s par Laura M\u00e9l\u00e9do, naturopathe.\",\"breadcrumb\":{\"@id\":\"https:\/\/www.medoucine.com\/blog\/author\/laura_meledo\/#breadcrumb\"},\"inLanguage\":\"fr-FR\",\"potentialAction\":[{\"@type\":\"ReadAction\",\"target\":[\"https:\/\/www.medoucine.com\/blog\/author\/laura_meledo\/\"]}]},{\"@type\":\"BreadcrumbList\",\"@id\":\"https:\/\/www.medoucine.com\/blog\/author\/laura_meledo\/#breadcrumb\",\"itemListElement\":[{\"@type\":\"ListItem\",\"position\":1,\"name\":\"Blog Medoucine\",\"item\":\"https:\/\/www.medoucine.com\/blog\/\"},{\"@type\":\"ListItem\",\"position\":2,\"name\":\"Articles de Laura Meledo\"}]},{\"@type\":\"WebSite\",\"@id\":\"https:\/\/www.medoucine.com\/blog\/#website\",\"url\":\"https:\/\/www.medoucine.com\/blog\/\",\"name\":\"Blog de Medoucine\",\"description\":\"Le blog des m\u00e9decines douces\",\"publisher\":{\"@id\":\"https:\/\/www.medoucine.com\/blog\/#organization\"},\"potentialAction\":[{\"@type\":\"SearchAction\",\"target\":{\"@type\":\"EntryPoint\",\"urlTemplate\":\"https:\/\/www.medoucine.com\/blog\/?s={search_term_string}\"},\"query-input\":{\"@type\":\"PropertyValueSpecification\",\"valueRequired\":true,\"valueName\":\"search_term_string\"}}],\"inLanguage\":\"fr-FR\"},{\"@type\":\"Organization\",\"@id\":\"https:\/\/www.medoucine.com\/blog\/#organization\",\"name\":\"Medoucine\",\"url\":\"https:\/\/www.medoucine.com\/blog\/\",\"logo\":{\"@type\":\"ImageObject\",\"inLanguage\":\"fr-FR\",\"@id\":\"https:\/\/www.medoucine.com\/blog\/#\/schema\/logo\/image\/\",\"url\":\"https:\/\/www.medoucine.com\/blog\/wp-content\/uploads\/2019\/07\/logo@3x.png\",\"contentUrl\":\"https:\/\/www.medoucine.com\/blog\/wp-content\/uploads\/2019\/07\/logo@3x.png\",\"width\":555,\"height\":135,\"caption\":\"Medoucine\"},\"image\":{\"@id\":\"https:\/\/www.medoucine.com\/blog\/#\/schema\/logo\/image\/\"},\"sameAs\":[\"https:\/\/www.facebook.com\/medoucine\/\",\"https:\/\/x.com\/medoucinefr\",\"https:\/\/www.instagram.com\/medoucine\/\",\"https:\/\/www.youtube.com\/channel\/UCtZeUeJ_KebYK0KJAXjJV8g\"]},{\"@type\":\"Person\",\"@id\":\"https:\/\/www.medoucine.com\/blog\/#\/schema\/person\/e4207be32320f6b2f55f5160cc595357\",\"name\":\"Laura Meledo\",\"image\":{\"@type\":\"ImageObject\",\"inLanguage\":\"fr-FR\",\"@id\":\"https:\/\/www.medoucine.com\/blog\/#\/schema\/person\/image\/\",\"url\":\"https:\/\/secure.gravatar.com\/avatar\/c854110e7b8ec66393b31c5020198e6f985d3f93621ca45757aed65d4f81879e?s=96&d=mm&r=g\",\"contentUrl\":\"https:\/\/secure.gravatar.com\/avatar\/c854110e7b8ec66393b31c5020198e6f985d3f93621ca45757aed65d4f81879e?s=96&d=mm&r=g\",\"caption\":\"Laura Meledo\"},\"description\":\"Dans ma pratique, j'adopte une approche globale et p\u00e9dagogique. Je vous donne les cl\u00e9s de compr\u00e9hension de votre fonctionnement corporel, \u00e9motionnel et \u00e9nerg\u00e9tique afin que vous puissiez devenir acteur ou actrice de votre mieux-\u00eatre. Je vous accompagne dans vos besoins et vos attentes selon votre mode de vie, l'\u00e9tat de vos organes. J'\u00e9tablie un programme personnalis\u00e9 avec des conseils en hygi\u00e8ne de vie, en alimentation, en phytoth\u00e9rapie et des exercices \u00e9ventuels de m\u00e9ditation, respiration...\",\"sameAs\":[\"https:\/\/www.medoucine.com\/consultation\/rennes\/laura-meledo\/2673\"],\"mainEntityOfPage\":{\"@id\":\"https:\/\/www.medoucine.com\/blog\/author\/laura_meledo\/\"}}]}<\/script>\n<!-- \/ Yoast SEO plugin. -->","yoast_head_json":{"title":"Laura Meledo, auteur sur Blog de Medoucine","description":"D\u00e9couvrez les articles du blog M\u00e9doucine r\u00e9dig\u00e9s par Laura M\u00e9l\u00e9do, naturopathe.","robots":{"index":"index","follow":"follow","max-snippet":"max-snippet:-1","max-image-preview":"max-image-preview:large","max-video-preview":"max-video-preview:-1"},"canonical":"https:\/\/www.medoucine.com\/blog\/author\/laura_meledo\/","og_locale":"fr_FR","og_type":"profile","og_title":"Laura Meledo, auteur sur Blog de Medoucine","og_description":"D\u00e9couvrez les articles du blog M\u00e9doucine r\u00e9dig\u00e9s par Laura M\u00e9l\u00e9do, naturopathe.","og_url":"https:\/\/www.medoucine.com\/blog\/author\/laura_meledo\/","og_site_name":"Blog de Medoucine","og_image":[{"url":"https:\/\/secure.gravatar.com\/avatar\/c854110e7b8ec66393b31c5020198e6f985d3f93621ca45757aed65d4f81879e?s=500&d=mm&r=g","type":"","width":"","height":""}],"twitter_card":"summary_large_image","twitter_site":"@medoucinefr","schema":{"@context":"https:\/\/schema.org","@graph":[{"@type":"ProfilePage","@id":"https:\/\/www.medoucine.com\/blog\/author\/laura_meledo\/","url":"https:\/\/www.medoucine.com\/blog\/author\/laura_meledo\/","name":"Laura Meledo, auteur sur Blog de Medoucine","isPartOf":{"@id":"https:\/\/www.medoucine.com\/blog\/#website"},"description":"D\u00e9couvrez les articles du blog M\u00e9doucine r\u00e9dig\u00e9s par Laura M\u00e9l\u00e9do, naturopathe.","breadcrumb":{"@id":"https:\/\/www.medoucine.com\/blog\/author\/laura_meledo\/#breadcrumb"},"inLanguage":"fr-FR","potentialAction":[{"@type":"ReadAction","target":["https:\/\/www.medoucine.com\/blog\/author\/laura_meledo\/"]}]},{"@type":"BreadcrumbList","@id":"https:\/\/www.medoucine.com\/blog\/author\/laura_meledo\/#breadcrumb","itemListElement":[{"@type":"ListItem","position":1,"name":"Blog Medoucine","item":"https:\/\/www.medoucine.com\/blog\/"},{"@type":"ListItem","position":2,"name":"Articles de Laura Meledo"}]},{"@type":"WebSite","@id":"https:\/\/www.medoucine.com\/blog\/#website","url":"https:\/\/www.medoucine.com\/blog\/","name":"Blog de Medoucine","description":"Le blog des m\u00e9decines douces","publisher":{"@id":"https:\/\/www.medoucine.com\/blog\/#organization"},"potentialAction":[{"@type":"SearchAction","target":{"@type":"EntryPoint","urlTemplate":"https:\/\/www.medoucine.com\/blog\/?s={search_term_string}"},"query-input":{"@type":"PropertyValueSpecification","valueRequired":true,"valueName":"search_term_string"}}],"inLanguage":"fr-FR"},{"@type":"Organization","@id":"https:\/\/www.medoucine.com\/blog\/#organization","name":"Medoucine","url":"https:\/\/www.medoucine.com\/blog\/","logo":{"@type":"ImageObject","inLanguage":"fr-FR","@id":"https:\/\/www.medoucine.com\/blog\/#\/schema\/logo\/image\/","url":"https:\/\/www.medoucine.com\/blog\/wp-content\/uploads\/2019\/07\/logo@3x.png","contentUrl":"https:\/\/www.medoucine.com\/blog\/wp-content\/uploads\/2019\/07\/logo@3x.png","width":555,"height":135,"caption":"Medoucine"},"image":{"@id":"https:\/\/www.medoucine.com\/blog\/#\/schema\/logo\/image\/"},"sameAs":["https:\/\/www.facebook.com\/medoucine\/","https:\/\/x.com\/medoucinefr","https:\/\/www.instagram.com\/medoucine\/","https:\/\/www.youtube.com\/channel\/UCtZeUeJ_KebYK0KJAXjJV8g"]},{"@type":"Person","@id":"https:\/\/www.medoucine.com\/blog\/#\/schema\/person\/e4207be32320f6b2f55f5160cc595357","name":"Laura Meledo","image":{"@type":"ImageObject","inLanguage":"fr-FR","@id":"https:\/\/www.medoucine.com\/blog\/#\/schema\/person\/image\/","url":"https:\/\/secure.gravatar.com\/avatar\/c854110e7b8ec66393b31c5020198e6f985d3f93621ca45757aed65d4f81879e?s=96&d=mm&r=g","contentUrl":"https:\/\/secure.gravatar.com\/avatar\/c854110e7b8ec66393b31c5020198e6f985d3f93621ca45757aed65d4f81879e?s=96&d=mm&r=g","caption":"Laura Meledo"},"description":"Dans ma pratique, j'adopte une approche globale et p\u00e9dagogique. Je vous donne les cl\u00e9s de compr\u00e9hension de votre fonctionnement corporel, \u00e9motionnel et \u00e9nerg\u00e9tique afin que vous puissiez devenir acteur ou actrice de votre mieux-\u00eatre. Je vous accompagne dans vos besoins et vos attentes selon votre mode de vie, l'\u00e9tat de vos organes. J'\u00e9tablie un programme personnalis\u00e9 avec des conseils en hygi\u00e8ne de vie, en alimentation, en phytoth\u00e9rapie et des exercices \u00e9ventuels de m\u00e9ditation, respiration...","sameAs":["https:\/\/www.medoucine.com\/consultation\/rennes\/laura-meledo\/2673"],"mainEntityOfPage":{"@id":"https:\/\/www.medoucine.com\/blog\/author\/laura_meledo\/"}}]}},"_links":{"self":[{"href":"https:\/\/www.medoucine.com\/blog\/wp-json\/wp\/v2\/users\/504","targetHints":{"allow":["GET"]}}],"collection":[{"href":"https:\/\/www.medoucine.com\/blog\/wp-json\/wp\/v2\/users"}]}}