{"id":495,"name":"Herv\u00e9 Gallen","url":"https:\/\/www.medoucine.com\/consultation\/aix-en-provence\/herve-gallen\/2222","description":"Je vous guide vers la connaissance et la compr\u00e9hension de vous-m\u00eame. Je vous aide \u00e0 faire le lien entre les r\u00f4les et les fonctions de votre corps et votre mental. Mon objectif est de lib\u00e9rer votre corps et votre esprit au cours des s\u00e9ances gr\u00e2ce \u00e0 une approche verbale et une approche corporelle.","link":"https:\/\/www.medoucine.com\/blog\/author\/herve_gallen\/","slug":"herve_gallen","avatar_urls":{"24":"https:\/\/secure.gravatar.com\/avatar\/6c953301b3c8a9cb7341d827e90356e9a622444e5e84f614849efeb48089199e?s=24&d=mm&r=g","48":"https:\/\/secure.gravatar.com\/avatar\/6c953301b3c8a9cb7341d827e90356e9a622444e5e84f614849efeb48089199e?s=48&d=mm&r=g","96":"https:\/\/secure.gravatar.com\/avatar\/6c953301b3c8a9cb7341d827e90356e9a622444e5e84f614849efeb48089199e?s=96&d=mm&r=g"},"meta":[],"acf":[],"yoast_head":"<!-- This site is optimized with the Yoast SEO plugin v27.1.1 - https:\/\/yoast.com\/product\/yoast-seo-wordpress\/ -->\n<title>Herv\u00e9 Gallen, auteur sur Blog de Medoucine<\/title>\n<meta name=\"description\" content=\"D\u00e9couvrez les articles du blog M\u00e9doucine r\u00e9dig\u00e9s par Herv\u00e9 Gallen, psychopraticien.\" \/>\n<meta name=\"robots\" content=\"index, follow, max-snippet:-1, max-image-preview:large, max-video-preview:-1\" \/>\n<link rel=\"canonical\" href=\"https:\/\/www.medoucine.com\/blog\/author\/herve_gallen\/\" \/>\n<meta property=\"og:locale\" content=\"fr_FR\" \/>\n<meta property=\"og:type\" content=\"profile\" \/>\n<meta property=\"og:title\" content=\"Herv\u00e9 Gallen, auteur sur Blog de Medoucine\" \/>\n<meta property=\"og:description\" content=\"D\u00e9couvrez les articles du blog M\u00e9doucine r\u00e9dig\u00e9s par Herv\u00e9 Gallen, psychopraticien.\" \/>\n<meta property=\"og:url\" content=\"https:\/\/www.medoucine.com\/blog\/author\/herve_gallen\/\" \/>\n<meta property=\"og:site_name\" content=\"Blog de Medoucine\" \/>\n<meta property=\"og:image\" content=\"https:\/\/secure.gravatar.com\/avatar\/6c953301b3c8a9cb7341d827e90356e9a622444e5e84f614849efeb48089199e?s=500&d=mm&r=g\" \/>\n<meta name=\"twitter:card\" content=\"summary_large_image\" \/>\n<meta name=\"twitter:site\" content=\"@medoucinefr\" \/>\n<script type=\"application\/ld+json\" class=\"yoast-schema-graph\">{\"@context\":\"https:\/\/schema.org\",\"@graph\":[{\"@type\":\"ProfilePage\",\"@id\":\"https:\/\/www.medoucine.com\/blog\/author\/herve_gallen\/\",\"url\":\"https:\/\/www.medoucine.com\/blog\/author\/herve_gallen\/\",\"name\":\"Herv\u00e9 Gallen, auteur sur Blog de Medoucine\",\"isPartOf\":{\"@id\":\"https:\/\/www.medoucine.com\/blog\/#website\"},\"description\":\"D\u00e9couvrez les articles du blog M\u00e9doucine r\u00e9dig\u00e9s par Herv\u00e9 Gallen, psychopraticien.\",\"breadcrumb\":{\"@id\":\"https:\/\/www.medoucine.com\/blog\/author\/herve_gallen\/#breadcrumb\"},\"inLanguage\":\"fr-FR\",\"potentialAction\":[{\"@type\":\"ReadAction\",\"target\":[\"https:\/\/www.medoucine.com\/blog\/author\/herve_gallen\/\"]}]},{\"@type\":\"BreadcrumbList\",\"@id\":\"https:\/\/www.medoucine.com\/blog\/author\/herve_gallen\/#breadcrumb\",\"itemListElement\":[{\"@type\":\"ListItem\",\"position\":1,\"name\":\"Blog Medoucine\",\"item\":\"https:\/\/www.medoucine.com\/blog\/\"},{\"@type\":\"ListItem\",\"position\":2,\"name\":\"Articles de Herv\u00e9 Gallen\"}]},{\"@type\":\"WebSite\",\"@id\":\"https:\/\/www.medoucine.com\/blog\/#website\",\"url\":\"https:\/\/www.medoucine.com\/blog\/\",\"name\":\"Blog de Medoucine\",\"description\":\"Le blog des m\u00e9decines douces\",\"publisher\":{\"@id\":\"https:\/\/www.medoucine.com\/blog\/#organization\"},\"potentialAction\":[{\"@type\":\"SearchAction\",\"target\":{\"@type\":\"EntryPoint\",\"urlTemplate\":\"https:\/\/www.medoucine.com\/blog\/?s={search_term_string}\"},\"query-input\":{\"@type\":\"PropertyValueSpecification\",\"valueRequired\":true,\"valueName\":\"search_term_string\"}}],\"inLanguage\":\"fr-FR\"},{\"@type\":\"Organization\",\"@id\":\"https:\/\/www.medoucine.com\/blog\/#organization\",\"name\":\"Medoucine\",\"url\":\"https:\/\/www.medoucine.com\/blog\/\",\"logo\":{\"@type\":\"ImageObject\",\"inLanguage\":\"fr-FR\",\"@id\":\"https:\/\/www.medoucine.com\/blog\/#\/schema\/logo\/image\/\",\"url\":\"https:\/\/www.medoucine.com\/blog\/wp-content\/uploads\/2019\/07\/logo@3x.png\",\"contentUrl\":\"https:\/\/www.medoucine.com\/blog\/wp-content\/uploads\/2019\/07\/logo@3x.png\",\"width\":555,\"height\":135,\"caption\":\"Medoucine\"},\"image\":{\"@id\":\"https:\/\/www.medoucine.com\/blog\/#\/schema\/logo\/image\/\"},\"sameAs\":[\"https:\/\/www.facebook.com\/medoucine\/\",\"https:\/\/x.com\/medoucinefr\",\"https:\/\/www.instagram.com\/medoucine\/\",\"https:\/\/www.youtube.com\/channel\/UCtZeUeJ_KebYK0KJAXjJV8g\"]},{\"@type\":\"Person\",\"@id\":\"https:\/\/www.medoucine.com\/blog\/#\/schema\/person\/6875fb0707f3b1a15322b13b46c6ceab\",\"name\":\"Herv\u00e9 Gallen\",\"image\":{\"@type\":\"ImageObject\",\"inLanguage\":\"fr-FR\",\"@id\":\"https:\/\/www.medoucine.com\/blog\/#\/schema\/person\/image\/\",\"url\":\"https:\/\/secure.gravatar.com\/avatar\/6c953301b3c8a9cb7341d827e90356e9a622444e5e84f614849efeb48089199e?s=96&d=mm&r=g\",\"contentUrl\":\"https:\/\/secure.gravatar.com\/avatar\/6c953301b3c8a9cb7341d827e90356e9a622444e5e84f614849efeb48089199e?s=96&d=mm&r=g\",\"caption\":\"Herv\u00e9 Gallen\"},\"description\":\"Je vous guide vers la connaissance et la compr\u00e9hension de vous-m\u00eame. Je vous aide \u00e0 faire le lien entre les r\u00f4les et les fonctions de votre corps et votre mental. Mon objectif est de lib\u00e9rer votre corps et votre esprit au cours des s\u00e9ances gr\u00e2ce \u00e0 une approche verbale et une approche corporelle.\",\"sameAs\":[\"https:\/\/www.medoucine.com\/consultation\/aix-en-provence\/herve-gallen\/2222\"],\"mainEntityOfPage\":{\"@id\":\"https:\/\/www.medoucine.com\/blog\/author\/herve_gallen\/\"}}]}<\/script>\n<!-- \/ Yoast SEO plugin. -->","yoast_head_json":{"title":"Herv\u00e9 Gallen, auteur sur Blog de Medoucine","description":"D\u00e9couvrez les articles du blog M\u00e9doucine r\u00e9dig\u00e9s par Herv\u00e9 Gallen, psychopraticien.","robots":{"index":"index","follow":"follow","max-snippet":"max-snippet:-1","max-image-preview":"max-image-preview:large","max-video-preview":"max-video-preview:-1"},"canonical":"https:\/\/www.medoucine.com\/blog\/author\/herve_gallen\/","og_locale":"fr_FR","og_type":"profile","og_title":"Herv\u00e9 Gallen, auteur sur Blog de Medoucine","og_description":"D\u00e9couvrez les articles du blog M\u00e9doucine r\u00e9dig\u00e9s par Herv\u00e9 Gallen, psychopraticien.","og_url":"https:\/\/www.medoucine.com\/blog\/author\/herve_gallen\/","og_site_name":"Blog de Medoucine","og_image":[{"url":"https:\/\/secure.gravatar.com\/avatar\/6c953301b3c8a9cb7341d827e90356e9a622444e5e84f614849efeb48089199e?s=500&d=mm&r=g","type":"","width":"","height":""}],"twitter_card":"summary_large_image","twitter_site":"@medoucinefr","schema":{"@context":"https:\/\/schema.org","@graph":[{"@type":"ProfilePage","@id":"https:\/\/www.medoucine.com\/blog\/author\/herve_gallen\/","url":"https:\/\/www.medoucine.com\/blog\/author\/herve_gallen\/","name":"Herv\u00e9 Gallen, auteur sur Blog de Medoucine","isPartOf":{"@id":"https:\/\/www.medoucine.com\/blog\/#website"},"description":"D\u00e9couvrez les articles du blog M\u00e9doucine r\u00e9dig\u00e9s par Herv\u00e9 Gallen, psychopraticien.","breadcrumb":{"@id":"https:\/\/www.medoucine.com\/blog\/author\/herve_gallen\/#breadcrumb"},"inLanguage":"fr-FR","potentialAction":[{"@type":"ReadAction","target":["https:\/\/www.medoucine.com\/blog\/author\/herve_gallen\/"]}]},{"@type":"BreadcrumbList","@id":"https:\/\/www.medoucine.com\/blog\/author\/herve_gallen\/#breadcrumb","itemListElement":[{"@type":"ListItem","position":1,"name":"Blog Medoucine","item":"https:\/\/www.medoucine.com\/blog\/"},{"@type":"ListItem","position":2,"name":"Articles de Herv\u00e9 Gallen"}]},{"@type":"WebSite","@id":"https:\/\/www.medoucine.com\/blog\/#website","url":"https:\/\/www.medoucine.com\/blog\/","name":"Blog de Medoucine","description":"Le blog des m\u00e9decines douces","publisher":{"@id":"https:\/\/www.medoucine.com\/blog\/#organization"},"potentialAction":[{"@type":"SearchAction","target":{"@type":"EntryPoint","urlTemplate":"https:\/\/www.medoucine.com\/blog\/?s={search_term_string}"},"query-input":{"@type":"PropertyValueSpecification","valueRequired":true,"valueName":"search_term_string"}}],"inLanguage":"fr-FR"},{"@type":"Organization","@id":"https:\/\/www.medoucine.com\/blog\/#organization","name":"Medoucine","url":"https:\/\/www.medoucine.com\/blog\/","logo":{"@type":"ImageObject","inLanguage":"fr-FR","@id":"https:\/\/www.medoucine.com\/blog\/#\/schema\/logo\/image\/","url":"https:\/\/www.medoucine.com\/blog\/wp-content\/uploads\/2019\/07\/logo@3x.png","contentUrl":"https:\/\/www.medoucine.com\/blog\/wp-content\/uploads\/2019\/07\/logo@3x.png","width":555,"height":135,"caption":"Medoucine"},"image":{"@id":"https:\/\/www.medoucine.com\/blog\/#\/schema\/logo\/image\/"},"sameAs":["https:\/\/www.facebook.com\/medoucine\/","https:\/\/x.com\/medoucinefr","https:\/\/www.instagram.com\/medoucine\/","https:\/\/www.youtube.com\/channel\/UCtZeUeJ_KebYK0KJAXjJV8g"]},{"@type":"Person","@id":"https:\/\/www.medoucine.com\/blog\/#\/schema\/person\/6875fb0707f3b1a15322b13b46c6ceab","name":"Herv\u00e9 Gallen","image":{"@type":"ImageObject","inLanguage":"fr-FR","@id":"https:\/\/www.medoucine.com\/blog\/#\/schema\/person\/image\/","url":"https:\/\/secure.gravatar.com\/avatar\/6c953301b3c8a9cb7341d827e90356e9a622444e5e84f614849efeb48089199e?s=96&d=mm&r=g","contentUrl":"https:\/\/secure.gravatar.com\/avatar\/6c953301b3c8a9cb7341d827e90356e9a622444e5e84f614849efeb48089199e?s=96&d=mm&r=g","caption":"Herv\u00e9 Gallen"},"description":"Je vous guide vers la connaissance et la compr\u00e9hension de vous-m\u00eame. Je vous aide \u00e0 faire le lien entre les r\u00f4les et les fonctions de votre corps et votre mental. Mon objectif est de lib\u00e9rer votre corps et votre esprit au cours des s\u00e9ances gr\u00e2ce \u00e0 une approche verbale et une approche corporelle.","sameAs":["https:\/\/www.medoucine.com\/consultation\/aix-en-provence\/herve-gallen\/2222"],"mainEntityOfPage":{"@id":"https:\/\/www.medoucine.com\/blog\/author\/herve_gallen\/"}}]}},"_links":{"self":[{"href":"https:\/\/www.medoucine.com\/blog\/wp-json\/wp\/v2\/users\/495","targetHints":{"allow":["GET"]}}],"collection":[{"href":"https:\/\/www.medoucine.com\/blog\/wp-json\/wp\/v2\/users"}]}}