{"id":1008,"name":"Elise Duvaleix","url":"https:\/\/www.accompagnement-psycho.fr","description":"<i>Je suis accompagnante \u00e0 la crois\u00e9e de la th\u00e9rapie et du coaching, sp\u00e9cialis\u00e9e dans les probl\u00e9matiques relationnelles et familiales. J\u2019accompagne adultes et adolescent.es qui se sentent bloqu\u00e9.es dans des situations complexes ou r\u00e9p\u00e9titives \u00e0 retrouver clart\u00e9, mouvement et juste place.<\/i>\r\n\r\n<i>Le deuil p\u00e9rinatal occupe une place particuli\u00e8re dans ma pratique. Je propose un accompagnement sp\u00e9cifique aux personnes confront\u00e9es \u00e0 la perte d\u2019un enfant pendant la grossesse, en leur offrant un espace s\u00e9curisant pour traverser l\u2019indicible, donner du sens \u00e0 cette \u00e9preuve et retrouver peu \u00e0 peu un \u00e9lan de vie. Ma pratique est respectueuse du rythme et de la singularit\u00e9 de chaque v\u00e9cu et mon approche repose sur une \u00e9coute profonde et un accueil inconditionnel de la souffrance. Face au tabou persistant de notre soci\u00e9t\u00e9, j\u2019aide les parents \u00e0 nommer l\u2019impensable pour restaurer la fluidit\u00e9 au sein de l\u2019histoire familiale et lib\u00e9rer les \u00e9nergies de l'arbre g\u00e9n\u00e9alogique.<\/i>\r\n\r\n<i>J\u2019anime \u00e9galement des constellations familiales en groupe, qui offrent un cadre pour remettre chacun \u00e0 sa place au sein de l\u2019histoire familiale, apaiser les liens et permettre \u00e0 ce qui \u00e9tait fig\u00e9 de retrouver du mouvement. Ma pratique vise \u00e0 soutenir la responsabilit\u00e9 individuelle et une circulation plus juste dans les relations.<\/i>\r\n\r\n<i>Je re\u00e7ois en cabinet \u00e0 Feldkirch et en consultation \u00e0 distance.<\/i>","link":"https:\/\/www.medoucine.com\/blog\/author\/elise-duvaleix\/","slug":"elise-duvaleix","avatar_urls":{"24":"https:\/\/secure.gravatar.com\/avatar\/a725c0289859ef065401aa660583b86c8e36a42bffd6bf65ea24505fe3290e4a?s=24&d=mm&r=g","48":"https:\/\/secure.gravatar.com\/avatar\/a725c0289859ef065401aa660583b86c8e36a42bffd6bf65ea24505fe3290e4a?s=48&d=mm&r=g","96":"https:\/\/secure.gravatar.com\/avatar\/a725c0289859ef065401aa660583b86c8e36a42bffd6bf65ea24505fe3290e4a?s=96&d=mm&r=g"},"meta":[],"acf":[],"yoast_head":"<!-- This site is optimized with the Yoast SEO plugin v27.1.1 - https:\/\/yoast.com\/product\/yoast-seo-wordpress\/ -->\n<title>Elise Duvaleix, auteur sur Blog de Medoucine<\/title>\n<meta name=\"robots\" content=\"index, follow, max-snippet:-1, max-image-preview:large, max-video-preview:-1\" \/>\n<link rel=\"canonical\" href=\"https:\/\/www.medoucine.com\/blog\/author\/elise-duvaleix\/\" \/>\n<meta property=\"og:locale\" content=\"fr_FR\" \/>\n<meta property=\"og:type\" content=\"profile\" \/>\n<meta property=\"og:title\" content=\"Elise Duvaleix, auteur sur Blog de Medoucine\" \/>\n<meta property=\"og:url\" content=\"https:\/\/www.medoucine.com\/blog\/author\/elise-duvaleix\/\" \/>\n<meta property=\"og:site_name\" content=\"Blog de Medoucine\" \/>\n<meta property=\"og:image\" content=\"https:\/\/secure.gravatar.com\/avatar\/a725c0289859ef065401aa660583b86c8e36a42bffd6bf65ea24505fe3290e4a?s=500&d=mm&r=g\" \/>\n<meta name=\"twitter:card\" content=\"summary_large_image\" \/>\n<meta name=\"twitter:site\" content=\"@medoucinefr\" \/>\n<script type=\"application\/ld+json\" class=\"yoast-schema-graph\">{\"@context\":\"https:\/\/schema.org\",\"@graph\":[{\"@type\":\"ProfilePage\",\"@id\":\"https:\/\/www.medoucine.com\/blog\/author\/elise-duvaleix\/\",\"url\":\"https:\/\/www.medoucine.com\/blog\/author\/elise-duvaleix\/\",\"name\":\"Elise Duvaleix, auteur sur Blog de Medoucine\",\"isPartOf\":{\"@id\":\"https:\/\/www.medoucine.com\/blog\/#website\"},\"breadcrumb\":{\"@id\":\"https:\/\/www.medoucine.com\/blog\/author\/elise-duvaleix\/#breadcrumb\"},\"inLanguage\":\"fr-FR\",\"potentialAction\":[{\"@type\":\"ReadAction\",\"target\":[\"https:\/\/www.medoucine.com\/blog\/author\/elise-duvaleix\/\"]}]},{\"@type\":\"BreadcrumbList\",\"@id\":\"https:\/\/www.medoucine.com\/blog\/author\/elise-duvaleix\/#breadcrumb\",\"itemListElement\":[{\"@type\":\"ListItem\",\"position\":1,\"name\":\"Blog Medoucine\",\"item\":\"https:\/\/www.medoucine.com\/blog\/\"},{\"@type\":\"ListItem\",\"position\":2,\"name\":\"Articles de Elise Duvaleix\"}]},{\"@type\":\"WebSite\",\"@id\":\"https:\/\/www.medoucine.com\/blog\/#website\",\"url\":\"https:\/\/www.medoucine.com\/blog\/\",\"name\":\"Blog de Medoucine\",\"description\":\"Le blog des m\u00e9decines douces\",\"publisher\":{\"@id\":\"https:\/\/www.medoucine.com\/blog\/#organization\"},\"potentialAction\":[{\"@type\":\"SearchAction\",\"target\":{\"@type\":\"EntryPoint\",\"urlTemplate\":\"https:\/\/www.medoucine.com\/blog\/?s={search_term_string}\"},\"query-input\":{\"@type\":\"PropertyValueSpecification\",\"valueRequired\":true,\"valueName\":\"search_term_string\"}}],\"inLanguage\":\"fr-FR\"},{\"@type\":\"Organization\",\"@id\":\"https:\/\/www.medoucine.com\/blog\/#organization\",\"name\":\"Medoucine\",\"url\":\"https:\/\/www.medoucine.com\/blog\/\",\"logo\":{\"@type\":\"ImageObject\",\"inLanguage\":\"fr-FR\",\"@id\":\"https:\/\/www.medoucine.com\/blog\/#\/schema\/logo\/image\/\",\"url\":\"https:\/\/www.medoucine.com\/blog\/wp-content\/uploads\/2019\/07\/logo@3x.png\",\"contentUrl\":\"https:\/\/www.medoucine.com\/blog\/wp-content\/uploads\/2019\/07\/logo@3x.png\",\"width\":555,\"height\":135,\"caption\":\"Medoucine\"},\"image\":{\"@id\":\"https:\/\/www.medoucine.com\/blog\/#\/schema\/logo\/image\/\"},\"sameAs\":[\"https:\/\/www.facebook.com\/medoucine\/\",\"https:\/\/x.com\/medoucinefr\",\"https:\/\/www.instagram.com\/medoucine\/\",\"https:\/\/www.youtube.com\/channel\/UCtZeUeJ_KebYK0KJAXjJV8g\"]},{\"@type\":\"Person\",\"@id\":\"https:\/\/www.medoucine.com\/blog\/#\/schema\/person\/81cfbe87cacc2a7e23704e9780531d11\",\"name\":\"Elise Duvaleix\",\"image\":{\"@type\":\"ImageObject\",\"inLanguage\":\"fr-FR\",\"@id\":\"https:\/\/www.medoucine.com\/blog\/#\/schema\/person\/image\/\",\"url\":\"https:\/\/secure.gravatar.com\/avatar\/a725c0289859ef065401aa660583b86c8e36a42bffd6bf65ea24505fe3290e4a?s=96&d=mm&r=g\",\"contentUrl\":\"https:\/\/secure.gravatar.com\/avatar\/a725c0289859ef065401aa660583b86c8e36a42bffd6bf65ea24505fe3290e4a?s=96&d=mm&r=g\",\"caption\":\"Elise Duvaleix\"},\"description\":\"Je suis accompagnante \u00e0 la crois\u00e9e de la th\u00e9rapie et du coaching, sp\u00e9cialis\u00e9e dans les probl\u00e9matiques relationnelles et familiales. J\u2019accompagne adultes et adolescent.es qui se sentent bloqu\u00e9.es dans des situations complexes ou r\u00e9p\u00e9titives \u00e0 retrouver clart\u00e9, mouvement et juste place. Le deuil p\u00e9rinatal occupe une place particuli\u00e8re dans ma pratique. Je propose un accompagnement sp\u00e9cifique aux personnes confront\u00e9es \u00e0 la perte d\u2019un enfant pendant la grossesse, en leur offrant un espace s\u00e9curisant pour traverser l\u2019indicible, donner du sens \u00e0 cette \u00e9preuve et retrouver peu \u00e0 peu un \u00e9lan de vie. Ma pratique est respectueuse du rythme et de la singularit\u00e9 de chaque v\u00e9cu et mon approche repose sur une \u00e9coute profonde et un accueil inconditionnel de la souffrance. Face au tabou persistant de notre soci\u00e9t\u00e9, j\u2019aide les parents \u00e0 nommer l\u2019impensable pour restaurer la fluidit\u00e9 au sein de l\u2019histoire familiale et lib\u00e9rer les \u00e9nergies de l'arbre g\u00e9n\u00e9alogique. J\u2019anime \u00e9galement des constellations familiales en groupe, qui offrent un cadre pour remettre chacun \u00e0 sa place au sein de l\u2019histoire familiale, apaiser les liens et permettre \u00e0 ce qui \u00e9tait fig\u00e9 de retrouver du mouvement. Ma pratique vise \u00e0 soutenir la responsabilit\u00e9 individuelle et une circulation plus juste dans les relations. Je re\u00e7ois en cabinet \u00e0 Feldkirch et en consultation \u00e0 distance.\",\"sameAs\":[\"https:\/\/www.accompagnement-psycho.fr\"],\"mainEntityOfPage\":{\"@id\":\"https:\/\/www.medoucine.com\/blog\/author\/elise-duvaleix\/\"}}]}<\/script>\n<!-- \/ Yoast SEO plugin. -->","yoast_head_json":{"title":"Elise Duvaleix, auteur sur Blog de Medoucine","robots":{"index":"index","follow":"follow","max-snippet":"max-snippet:-1","max-image-preview":"max-image-preview:large","max-video-preview":"max-video-preview:-1"},"canonical":"https:\/\/www.medoucine.com\/blog\/author\/elise-duvaleix\/","og_locale":"fr_FR","og_type":"profile","og_title":"Elise Duvaleix, auteur sur Blog de Medoucine","og_url":"https:\/\/www.medoucine.com\/blog\/author\/elise-duvaleix\/","og_site_name":"Blog de Medoucine","og_image":[{"url":"https:\/\/secure.gravatar.com\/avatar\/a725c0289859ef065401aa660583b86c8e36a42bffd6bf65ea24505fe3290e4a?s=500&d=mm&r=g","type":"","width":"","height":""}],"twitter_card":"summary_large_image","twitter_site":"@medoucinefr","schema":{"@context":"https:\/\/schema.org","@graph":[{"@type":"ProfilePage","@id":"https:\/\/www.medoucine.com\/blog\/author\/elise-duvaleix\/","url":"https:\/\/www.medoucine.com\/blog\/author\/elise-duvaleix\/","name":"Elise Duvaleix, auteur sur Blog de Medoucine","isPartOf":{"@id":"https:\/\/www.medoucine.com\/blog\/#website"},"breadcrumb":{"@id":"https:\/\/www.medoucine.com\/blog\/author\/elise-duvaleix\/#breadcrumb"},"inLanguage":"fr-FR","potentialAction":[{"@type":"ReadAction","target":["https:\/\/www.medoucine.com\/blog\/author\/elise-duvaleix\/"]}]},{"@type":"BreadcrumbList","@id":"https:\/\/www.medoucine.com\/blog\/author\/elise-duvaleix\/#breadcrumb","itemListElement":[{"@type":"ListItem","position":1,"name":"Blog Medoucine","item":"https:\/\/www.medoucine.com\/blog\/"},{"@type":"ListItem","position":2,"name":"Articles de Elise Duvaleix"}]},{"@type":"WebSite","@id":"https:\/\/www.medoucine.com\/blog\/#website","url":"https:\/\/www.medoucine.com\/blog\/","name":"Blog de Medoucine","description":"Le blog des m\u00e9decines douces","publisher":{"@id":"https:\/\/www.medoucine.com\/blog\/#organization"},"potentialAction":[{"@type":"SearchAction","target":{"@type":"EntryPoint","urlTemplate":"https:\/\/www.medoucine.com\/blog\/?s={search_term_string}"},"query-input":{"@type":"PropertyValueSpecification","valueRequired":true,"valueName":"search_term_string"}}],"inLanguage":"fr-FR"},{"@type":"Organization","@id":"https:\/\/www.medoucine.com\/blog\/#organization","name":"Medoucine","url":"https:\/\/www.medoucine.com\/blog\/","logo":{"@type":"ImageObject","inLanguage":"fr-FR","@id":"https:\/\/www.medoucine.com\/blog\/#\/schema\/logo\/image\/","url":"https:\/\/www.medoucine.com\/blog\/wp-content\/uploads\/2019\/07\/logo@3x.png","contentUrl":"https:\/\/www.medoucine.com\/blog\/wp-content\/uploads\/2019\/07\/logo@3x.png","width":555,"height":135,"caption":"Medoucine"},"image":{"@id":"https:\/\/www.medoucine.com\/blog\/#\/schema\/logo\/image\/"},"sameAs":["https:\/\/www.facebook.com\/medoucine\/","https:\/\/x.com\/medoucinefr","https:\/\/www.instagram.com\/medoucine\/","https:\/\/www.youtube.com\/channel\/UCtZeUeJ_KebYK0KJAXjJV8g"]},{"@type":"Person","@id":"https:\/\/www.medoucine.com\/blog\/#\/schema\/person\/81cfbe87cacc2a7e23704e9780531d11","name":"Elise Duvaleix","image":{"@type":"ImageObject","inLanguage":"fr-FR","@id":"https:\/\/www.medoucine.com\/blog\/#\/schema\/person\/image\/","url":"https:\/\/secure.gravatar.com\/avatar\/a725c0289859ef065401aa660583b86c8e36a42bffd6bf65ea24505fe3290e4a?s=96&d=mm&r=g","contentUrl":"https:\/\/secure.gravatar.com\/avatar\/a725c0289859ef065401aa660583b86c8e36a42bffd6bf65ea24505fe3290e4a?s=96&d=mm&r=g","caption":"Elise Duvaleix"},"description":"Je suis accompagnante \u00e0 la crois\u00e9e de la th\u00e9rapie et du coaching, sp\u00e9cialis\u00e9e dans les probl\u00e9matiques relationnelles et familiales. J\u2019accompagne adultes et adolescent.es qui se sentent bloqu\u00e9.es dans des situations complexes ou r\u00e9p\u00e9titives \u00e0 retrouver clart\u00e9, mouvement et juste place. Le deuil p\u00e9rinatal occupe une place particuli\u00e8re dans ma pratique. Je propose un accompagnement sp\u00e9cifique aux personnes confront\u00e9es \u00e0 la perte d\u2019un enfant pendant la grossesse, en leur offrant un espace s\u00e9curisant pour traverser l\u2019indicible, donner du sens \u00e0 cette \u00e9preuve et retrouver peu \u00e0 peu un \u00e9lan de vie. Ma pratique est respectueuse du rythme et de la singularit\u00e9 de chaque v\u00e9cu et mon approche repose sur une \u00e9coute profonde et un accueil inconditionnel de la souffrance. Face au tabou persistant de notre soci\u00e9t\u00e9, j\u2019aide les parents \u00e0 nommer l\u2019impensable pour restaurer la fluidit\u00e9 au sein de l\u2019histoire familiale et lib\u00e9rer les \u00e9nergies de l'arbre g\u00e9n\u00e9alogique. J\u2019anime \u00e9galement des constellations familiales en groupe, qui offrent un cadre pour remettre chacun \u00e0 sa place au sein de l\u2019histoire familiale, apaiser les liens et permettre \u00e0 ce qui \u00e9tait fig\u00e9 de retrouver du mouvement. Ma pratique vise \u00e0 soutenir la responsabilit\u00e9 individuelle et une circulation plus juste dans les relations. Je re\u00e7ois en cabinet \u00e0 Feldkirch et en consultation \u00e0 distance.","sameAs":["https:\/\/www.accompagnement-psycho.fr"],"mainEntityOfPage":{"@id":"https:\/\/www.medoucine.com\/blog\/author\/elise-duvaleix\/"}}]}},"_links":{"self":[{"href":"https:\/\/www.medoucine.com\/blog\/wp-json\/wp\/v2\/users\/1008","targetHints":{"allow":["GET"]}}],"collection":[{"href":"https:\/\/www.medoucine.com\/blog\/wp-json\/wp\/v2\/users"}]}}