{"id":43760,"date":"2026-04-28T11:28:36","date_gmt":"2026-04-28T09:28:36","guid":{"rendered":"https:\/\/www.medoucine.com\/blog\/?p=43760"},"modified":"2026-04-28T11:35:03","modified_gmt":"2026-04-28T09:35:03","slug":"medecines-douces-france-bilan-10-ans","status":"publish","type":"post","link":"https:\/\/www.medoucine.com\/blog\/medecines-douces-france-bilan-10-ans\/","title":{"rendered":"M\u00e9doucine dresse le bilan de 10 ans d&rsquo;\u00e9volution des m\u00e9decines douces en France"},"content":{"rendered":"<div class=\"wpb-content-wrapper\">[vc_row][vc_column][vc_column_text css=\u00a0\u00bb\u00a0\u00bb]<em>M\u00e9doucine, plateforme fran\u00e7aise de r\u00e9f\u00e9rence pour la mise en relation entre particuliers et praticiens certifi\u00e9s en m\u00e9decines douces, publie aujourd\u2019hui les r\u00e9sultats de son Observatoire des m\u00e9decines douces 2026. <\/em>[\/vc_column_text][vc_column_text css=\u00a0\u00bb\u00a0\u00bb]\n<p class=\"font-claude-response-body break-words whitespace-normal leading-[1.7]\" style=\"text-align: center;\"><em>\u00ab\u00a0Ce barom\u00e8tre met en \u00e9vidence<strong> la place grandissante prise par les pratiques compl\u00e9mentaires dans le paysage de la sant\u00e9 en France<\/strong>, avec des pratiques qui s\u00e9duisent de plus en plus de Fran\u00e7ais, toutes g\u00e9n\u00e9rations confondues. Nous observons \u00e9galement une r\u00e9elle volont\u00e9 de<strong> collaboration entre praticiens et m\u00e9decins conventionnels<\/strong>, dans l&rsquo;int\u00e9r\u00eat des consultants. Nous souhaitons favoriser l&rsquo;\u00e9mergence de ce qu&rsquo;on appelle la sant\u00e9 int\u00e9grative\u00a0\u00bb<\/em>, analyse <strong><a href=\"https:\/\/www.medoucine.com\/blog\/solange-fondatrice-de-medoucine\/\">Solange Arnaud<\/a><\/strong>, CEO de M\u00e9doucine.<\/p>\n[\/vc_column_text][vc_column_text css=\u00a0\u00bb\u00a0\u00bb]\n<h2><strong>Un engouement confirm\u00e9 pour les m\u00e9decines douces<\/strong><\/h2>\n<p>Avec <strong>2,3 millions de rendez-vous<\/strong> pris depuis 2016 et une moyenne mensuelle actuelle de <strong>50 000 r\u00e9servations<\/strong>, <a href=\"https:\/\/www.medoucine.com\/\">M\u00e9doucine<\/a> refl\u00e8te l&rsquo;int\u00e9r\u00eat croissant des Fran\u00e7ais pour les m\u00e9decines douces.<\/p>\n<p>Selon un sondage r\u00e9alis\u00e9 par M\u00e9doucine en octobre 2022, <strong>63 % des Fran\u00e7ais ont d\u00e9j\u00e0 consult\u00e9<\/strong> ou envisagent de consulter un praticien en m\u00e9decine compl\u00e9mentaire. Pr\u00e8s de 9 Fran\u00e7ais sur 10 estiment par ailleurs que ces pratiques permettent d&rsquo;am\u00e9liorer le bien-\u00eatre, et <strong>8 sur 10<\/strong> souhaiteraient qu&rsquo;elles soient mieux rembours\u00e9es.<\/p>\n<h2 class=\"font-claude-response-body break-words whitespace-normal leading-[1.7]\"><strong>Des utilisateurs fid\u00e8les, majoritairement des femmes urbaines<\/strong><\/h2>\n<p class=\"font-claude-response-body break-words whitespace-normal leading-[1.7]\"><strong>79,8 % des utilisateurs de la plateforme sont des femmes<\/strong>, dont pr\u00e8s de <strong>50 % ont entre 35 et 55 ans<\/strong>.<\/p>\n<p class=\"font-claude-response-body break-words whitespace-normal leading-[1.7]\">Face \u00e0 des maux du quotidien \u2014 <a href=\"https:\/\/www.medoucine.com\/maux-troubles\/fatigue\">fatigue chronique<\/a>, <a href=\"https:\/\/www.medoucine.com\/blog\/la-charge-mentale-des-femmes-comment-la-soulager-par-la-sophrologie\/\">charge mentale<\/a>, <a href=\"https:\/\/www.medoucine.com\/maux-troubles\/menopause\">m\u00e9nopause<\/a>, <a href=\"https:\/\/www.medoucine.com\/maux-troubles\/endometriose\">endom\u00e9triose<\/a> \u2014 pour lesquels les options m\u00e9dicales et m\u00e9dicamenteuses restent limit\u00e9es, les femmes sont de plus en plus actrices de leur sant\u00e9. Elles ne cherchent plus seulement \u00e0 se soigner, mais \u00e0 comprendre, anticiper et <strong>reprendre la main sur leur bien-\u00eatre et leur qualit\u00e9 de vie<\/strong>.<\/p>\n<p class=\"font-claude-response-body break-words whitespace-normal leading-[1.7]\">Ces pratiques \u00e9mergent \u00e9galement chez les publics plus seniors :<strong> 23,4 % des utilisateurs ont plus de 55 ans<\/strong>, et <strong>pr\u00e8s de 9 % ont plus de 65 ans<\/strong>. Ils r\u00e9sident principalement dans de grandes agglom\u00e9rations \u2014 <strong>62 % dans des villes de plus de 150 000 habitants<\/strong> \u2014, avec une concentration autour de Paris, Lyon, Marseille, Bordeaux, Nantes, Toulouse et Rouen.<\/p>\n<p class=\"font-claude-response-body break-words whitespace-normal leading-[1.7]\">Plus de la moiti\u00e9 des utilisateurs prennent <strong>au moins deux rendez-vous sur la plateforme<\/strong>, et <strong>95 % d&rsquo;entre eux restent fid\u00e8les \u00e0 un m\u00eame praticien<\/strong>. Les donn\u00e9es font \u00e9galement appara\u00eetre une <strong>saisonnalit\u00e9 marqu\u00e9e<\/strong> : les pics d&rsquo;activit\u00e9 se situent en mai-juin et en septembre-octobre-novembre, correspondant respectivement \u00e0 la fin du printemps et \u00e0 la rentr\u00e9e. \u00c0 l&rsquo;inverse, la fr\u00e9quentation diminue en hiver.<\/p>\n<h2>Des pratiques pl\u00e9biscit\u00e9es pour des probl\u00e9matiques vari\u00e9es<\/h2>\n<p class=\"font-claude-response-body break-words whitespace-normal leading-[1.7]\">Loin de se limiter \u00e0 des usages ponctuels, les praticiens accompagnent des personnes pr\u00e9sentant des besoins de sant\u00e9 vari\u00e9s et des probl\u00e9matiques du quotidien \u00e0 fort impact sur la qualit\u00e9 de vie.<\/p>\n<p class=\"font-claude-response-body break-words whitespace-normal leading-[1.7]\">La <a href=\"https:\/\/www.medoucine.com\/maux-troubles\/difficultes-psychologiques\"><strong>sant\u00e9 mentale et \u00e9motionnelle<\/strong><\/a> repr\u00e9sente le premier motif de consultation (<strong>29,7 %<\/strong>), devant les douleurs chroniques et <a href=\"https:\/\/www.medoucine.com\/blog\/approche-integrative-quels-interets-pour-accompagner-les-troubles-musculo-squelettiques\/\">troubles musculo-squelettiques<\/a> (<strong>18,9 %<\/strong>), le <a href=\"https:\/\/www.medoucine.com\/maux-troubles\/troubles-du-comportement-alimentaire\">comportement alimentaire<\/a> et les <a href=\"https:\/\/www.medoucine.com\/maux-troubles\/maigrir-au-naturel\">probl\u00e8mes de poids<\/a> (<strong>11,4 %<\/strong>), les <a href=\"https:\/\/www.medoucine.com\/maux-troubles\/fatigue-et-insomnie\">troubles du sommeil<\/a> (<strong>8,6 %<\/strong>) et la <a href=\"https:\/\/www.medoucine.com\/maux-troubles\/troubles-feminins\">sant\u00e9 f\u00e9minine et reproductive<\/a> (<strong>6,5 %<\/strong>).<\/p>\n<p class=\"font-claude-response-body break-words whitespace-normal leading-[1.7]\">Parmi les sp\u00e9cialit\u00e9s les plus consult\u00e9es, chacune se distingue par un profil de prise en charge sp\u00e9cifique. L&rsquo;<strong><a href=\"https:\/\/www.medoucine.com\/pratiques\/medecine-traditionnelle-chinoise\">\u00e9nerg\u00e9tique traditionnelle chinoise<\/a><\/strong> intervient principalement sur les douleurs chroniques et les troubles musculo-squelettiques (<strong>21 %<\/strong>), ainsi que sur la sant\u00e9 mentale et \u00e9motionnelle (<strong>10,5 %<\/strong>).<\/p>\n<p class=\"font-claude-response-body break-words whitespace-normal leading-[1.7]\">L&rsquo;<a href=\"https:\/\/www.medoucine.com\/pratiques\/hypnose\"><strong>hypnose<\/strong><\/a> est particuli\u00e8rement sollicit\u00e9e pour les probl\u00e9matiques de sant\u00e9 mentale (<strong>18,7 %<\/strong>) et les <a href=\"https:\/\/www.medoucine.com\/maux-troubles\/les-addictions-definition\">addictions<\/a> (<strong>11,2 %<\/strong>). La <a href=\"https:\/\/www.medoucine.com\/pratiques\/naturopathie\"><strong>naturopathie<\/strong><\/a> couvre un spectre large, de la sant\u00e9 mentale (<strong>11,6 %<\/strong>) aux <a href=\"https:\/\/www.medoucine.com\/maux-troubles\/digestion\">troubles digestifs<\/a> (<strong>7,6 %<\/strong>). La <a href=\"https:\/\/www.medoucine.com\/pratiques\/reflexologie\"><strong>r\u00e9flexologie<\/strong><\/a> et la <a href=\"https:\/\/www.medoucine.com\/pratiques\/sophrologie\"><strong>sophrologie<\/strong><\/a> se distinguent quant \u00e0 elles par une pr\u00e9sence notable sur les consultations li\u00e9es au sommeil, \u00e0 l&rsquo;<a href=\"https:\/\/www.medoucine.com\/maux-troubles\/stress-anxiete-phobies\">anxi\u00e9t\u00e9<\/a> et \u00e0 la <a href=\"https:\/\/www.medoucine.com\/pratiques\/accompagnement-a-la-parentalite\">parentalit\u00e9<\/a>.<\/p>\n<h2 class=\"font-claude-response-body break-words whitespace-normal leading-[1.7]\"><strong>Des praticiens en qu\u00eate de reconnaissance et de collaboration<\/strong><\/h2>\n<p class=\"font-claude-response-body break-words whitespace-normal leading-[1.7]\">Du c\u00f4t\u00e9 des professionnels, l&rsquo;Observatoire r\u00e9v\u00e8le une<strong> volont\u00e9 forte de d\u00e9velopper les liens avec le monde m\u00e9dical conventionnel<\/strong>. Pr\u00e8s d&rsquo;<strong>un praticien sur deux (44 %)<\/strong> collabore d\u00e9j\u00e0 avec des m\u00e9decins \u2014 principalement des g\u00e9n\u00e9ralistes (55 %) et des psychologues (50 %) \u2014, et 54 % souhaiteraient aller plus loin dans cette voie. Cette collaboration s&rsquo;op\u00e8re essentiellement par l&rsquo;<strong>adressage de patients<\/strong> (83 % des cas) et par des \u00e9changes informels.<\/p>\n<p class=\"font-claude-response-body break-words whitespace-normal leading-[1.7]\">Cette aspiration fait \u00e9cho aux r\u00e9sultats d&rsquo;une <strong><a href=\"https:\/\/www.fichier-pdf.fr\/2023\/06\/14\/observatoire-des-medecines-douces-medecins-generalistes-medoucin\/\" target=\"_blank\" rel=\"noopener\">enqu\u00eate men\u00e9e par M\u00e9doucine aupr\u00e8s de 100 m\u00e9decins en 2023<\/a><\/strong> : plus de 8 g\u00e9n\u00e9ralistes sur 10 consid\u00e8rent les m\u00e9decines douces comme un bon compl\u00e9ment \u00e0 la m\u00e9decine traditionnelle, et 35 % sont form\u00e9s ou envisagent de se former \u00e0 ces disciplines.<\/p>\n<p class=\"font-claude-response-body break-words whitespace-normal leading-[1.7]\">Depuis un an, M\u00e9doucine a int\u00e9gr\u00e9 \u00e0 <strong>sa plateforme une fonctionnalit\u00e9 permettant \u00e0 chaque utilisateur d&rsquo;informer son m\u00e9decin traitant apr\u00e8s une consultation<\/strong>. Cette fonctionnalit\u00e9 \u00e9voluera dans les prochains mois afin de faciliter davantage la collaboration entre m\u00e9decins et th\u00e9rapeutes.<\/p>\n[\/vc_column_text][vc_column_text css=\u00a0\u00bb\u00a0\u00bb]<strong><i>Source<\/i><\/strong><i><span style=\"font-weight: 400;\"><strong> :<\/strong> <\/span><\/i><i><span style=\"font-weight: 400;\">donn\u00e9es internes M\u00e9doucine (ao\u00fbt 2017 \u2013 avril 2026), portant sur 800 000 utilisateurs, 5 826 praticiens et 2,3 millions de rendez-vous pris ; et sondage men\u00e9 aupr\u00e8s de 551 praticiens de m\u00e9decines douces, dont 65% du r\u00e9seau M\u00e9doucine (janvier \u2013 f\u00e9vrier 2026).<\/span><\/i>[\/vc_column_text][\/vc_column][\/vc_row][vc_row][vc_column][vc_column_text]\n<div class=\"m-spin\">\n<p class=\"m-spin__text\"><strong>Soignez votre bien-\u00eatre avec les m\u00e9decines douces<\/strong><\/p>\n<p class=\"m-spin__text\">Les m\u00e9decins reconnaissent de plus en plus l&rsquo;int\u00e9r\u00eat des pratiques compl\u00e9mentaires pour une sant\u00e9 globale. Prenez rendez-vous avec un <a class=\"m-spin__link\" href=\"https:\/\/www.medoucine.com\/consultations\/se-soigner\/praticien-en-accompagnement-bien-etre\/lille\/tous-publics\/a-domicile-ou-cabinet?utm_source=medoucine_blog_B2C&amp;utm_medium=article_blog&amp;utm_campaign=spin_seo\" target=\"_blank\" rel=\"noopener noreferrer\">Praticien en accompagnement bien-\u00eatre \u00e0 Lille<\/a>, un <a class=\"m-spin__link\" href=\"https:\/\/www.medoucine.com\/consultations\/se-soigner\/praticien-en-accompagnement-bien-etre\/marseille\/tous-publics\/a-domicile-ou-cabinet?utm_source=medoucine_blog_B2C&amp;utm_medium=article_blog&amp;utm_campaign=spin_seo\" target=\"_blank\" rel=\"noopener noreferrer\">Praticien en accompagnement bien-\u00eatre \u00e0 Marseille<\/a> ou un <a class=\"m-spin__link\" href=\"https:\/\/www.medoucine.com\/consultations\/se-soigner\/praticien-en-accompagnement-bien-etre\/nantes\/tous-publics\/a-domicile-ou-cabinet?utm_source=medoucine_blog_B2C&amp;utm_medium=article_blog&amp;utm_campaign=spin_seo\" target=\"_blank\" rel=\"noopener noreferrer\">Praticien en accompagnement bien-\u00eatre \u00e0 Nantes<\/a> pour un suivi personnalis\u00e9. Ces professionnels vous aident \u00e0 retrouver \u00e9quilibre et vitalit\u00e9.<\/p>\n<p class=\"m-spin__text\">Vous recherchez un accompagnement sp\u00e9cifique ? Trouvez des <a class=\"m-spin__link\" href=\"https:\/\/www.medoucine.com\/consultations\/se-soigner\/praticien-en-accompagnement-bien-etre\/autour-de-moi?utm_source=medoucine_blog_B2C&amp;utm_medium=article_blog&amp;utm_campaign=spin_seo\" target=\"_blank\" rel=\"noopener noreferrer\">Praticiens en accompagnement bien-\u00eatre pr\u00e8s de chez vous<\/a> pour une prise en charge adapt\u00e9e \u00e0 vos besoins.<\/p>\n<\/div>\n[\/vc_column_text][\/vc_column][\/vc_row]\n<\/div>","protected":false},"excerpt":{"rendered":"<p>[vc_row][vc_column][vc_column_text css=\u00a0\u00bb\u00a0\u00bb]M\u00e9doucine, plateforme fran\u00e7aise de r\u00e9f\u00e9rence pour la mise en relation entre particuliers et praticiens certifi\u00e9s en m\u00e9decines douces, publie aujourd\u2019hui les r\u00e9sultats de son Observatoire des m\u00e9decines douces 2026. [\/vc_column_text][vc_column_text css=\u00a0\u00bb\u00a0\u00bb] \u00ab\u00a0Ce barom\u00e8tre met en \u00e9vidence la place grandissante prise par les pratiques compl\u00e9mentaires dans le paysage de la sant\u00e9 en France, avec des pratiques qui s\u00e9duisent de plus en plus de Fran\u00e7ais, toutes g\u00e9n\u00e9rations confondues. Nous observons \u00e9galement une r\u00e9elle volont\u00e9 de collaboration entre praticiens et m\u00e9decins conventionnels, dans l&rsquo;int\u00e9r\u00eat des consultants. Nous souhaitons favoriser l&rsquo;\u00e9mergence de ce qu&rsquo;on appelle la sant\u00e9 int\u00e9grative\u00a0\u00bb, analyse Solange Arnaud, CEO de M\u00e9doucine. [\/vc_column_text][vc_column_text css=\u00a0\u00bb\u00a0\u00bb] Un engouement confirm\u00e9 pour les m\u00e9decines douces Avec 2,3 millions de rendez-vous pris depuis 2016 et une moyenne mensuelle actuelle de 50 000 r\u00e9servations, M\u00e9doucine refl\u00e8te l&rsquo;int\u00e9r\u00eat croissant des Fran\u00e7ais pour les [&hellip;]<\/p>\n","protected":false},"author":995,"featured_media":43761,"comment_status":"open","ping_status":"open","sticky":false,"template":"","format":"standard","meta":{"_acf_changed":false,"footnotes":""},"categories":[392,586,122,106],"tags":[],"class_list":["post-43760","post","type-post","status-publish","format-standard","has-post-thumbnail","hentry","category-actualites-medecines-douces","category-enquetes-et-etudes","category-nos-ressources","category-sante"],"acf":[],"yoast_head":"<!-- This site is optimized with the Yoast SEO plugin v27.1.1 - https:\/\/yoast.com\/product\/yoast-seo-wordpress\/ -->\n<title>M\u00e9doucine dresse le bilan de 10 ans d&#039;\u00e9volution des m\u00e9decines douces en France ~ Blog de Medoucine<\/title>\n<meta name=\"description\" content=\"Qui consulte, pourquoi et comment ? M\u00e9doucine analyse 10 ans de m\u00e9decines douces en France pour comprendre les tendances du secteur.\" \/>\n<meta name=\"robots\" content=\"index, follow, max-snippet:-1, max-image-preview:large, max-video-preview:-1\" \/>\n<link rel=\"canonical\" href=\"https:\/\/www.medoucine.com\/blog\/medecines-douces-france-bilan-10-ans\/\" \/>\n<meta property=\"og:locale\" content=\"fr_FR\" \/>\n<meta property=\"og:type\" content=\"article\" \/>\n<meta property=\"og:title\" content=\"M\u00e9doucine dresse le bilan de 10 ans d&#039;\u00e9volution des m\u00e9decines douces en France ~ Blog de Medoucine\" \/>\n<meta property=\"og:description\" content=\"Qui consulte, pourquoi et comment ? M\u00e9doucine analyse 10 ans de m\u00e9decines douces en France pour comprendre les tendances du secteur.\" \/>\n<meta property=\"og:url\" content=\"https:\/\/www.medoucine.com\/blog\/medecines-douces-france-bilan-10-ans\/\" \/>\n<meta property=\"og:site_name\" content=\"Blog de Medoucine\" \/>\n<meta property=\"article:publisher\" content=\"https:\/\/www.facebook.com\/medoucine\/\" \/>\n<meta property=\"article:published_time\" content=\"2026-04-28T09:28:36+00:00\" \/>\n<meta property=\"article:modified_time\" content=\"2026-04-28T09:35:03+00:00\" \/>\n<meta property=\"og:image\" content=\"https:\/\/www.medoucine.com\/blog\/wp-content\/uploads\/2026\/04\/Observatoire-des-medecines-douces-2026.png\" \/>\n\t<meta property=\"og:image:width\" content=\"1536\" \/>\n\t<meta property=\"og:image:height\" content=\"1024\" \/>\n\t<meta property=\"og:image:type\" content=\"image\/png\" \/>\n<meta name=\"author\" content=\"Camille De M\u00e9doucine\" \/>\n<meta name=\"twitter:card\" content=\"summary_large_image\" \/>\n<meta name=\"twitter:creator\" content=\"@medoucinefr\" \/>\n<meta name=\"twitter:site\" content=\"@medoucinefr\" \/>\n<meta name=\"twitter:label1\" content=\"\u00c9crit par\" \/>\n\t<meta name=\"twitter:data1\" content=\"Camille De M\u00e9doucine\" \/>\n\t<meta name=\"twitter:label2\" content=\"Dur\u00e9e de lecture estim\u00e9e\" \/>\n\t<meta name=\"twitter:data2\" content=\"5 minutes\" \/>\n<script type=\"application\/ld+json\" class=\"yoast-schema-graph\">{\"@context\":\"https:\/\/schema.org\",\"@graph\":[{\"@type\":\"Article\",\"@id\":\"https:\/\/www.medoucine.com\/blog\/medecines-douces-france-bilan-10-ans\/#article\",\"isPartOf\":{\"@id\":\"https:\/\/www.medoucine.com\/blog\/medecines-douces-france-bilan-10-ans\/\"},\"author\":{\"name\":\"Camille De M\u00e9doucine\",\"@id\":\"https:\/\/www.medoucine.com\/blog\/#\/schema\/person\/33963211205d80beccb805396c175b47\"},\"headline\":\"M\u00e9doucine dresse le bilan de 10 ans d&rsquo;\u00e9volution des m\u00e9decines douces en France\",\"datePublished\":\"2026-04-28T09:28:36+00:00\",\"dateModified\":\"2026-04-28T09:35:03+00:00\",\"mainEntityOfPage\":{\"@id\":\"https:\/\/www.medoucine.com\/blog\/medecines-douces-france-bilan-10-ans\/\"},\"wordCount\":977,\"commentCount\":0,\"publisher\":{\"@id\":\"https:\/\/www.medoucine.com\/blog\/#organization\"},\"image\":{\"@id\":\"https:\/\/www.medoucine.com\/blog\/medecines-douces-france-bilan-10-ans\/#primaryimage\"},\"thumbnailUrl\":\"https:\/\/www.medoucine.com\/blog\/wp-content\/uploads\/2026\/04\/Observatoire-des-medecines-douces-2026.png\",\"articleSection\":[\"Actualit\u00e9s M\u00e9decines Douces\",\"Enqu\u00eates et \u00e9tudes\",\"Ressources\",\"Sant\u00e9\"],\"inLanguage\":\"fr-FR\",\"potentialAction\":[{\"@type\":\"CommentAction\",\"name\":\"Comment\",\"target\":[\"https:\/\/www.medoucine.com\/blog\/medecines-douces-france-bilan-10-ans\/#respond\"]}]},{\"@type\":\"WebPage\",\"@id\":\"https:\/\/www.medoucine.com\/blog\/medecines-douces-france-bilan-10-ans\/\",\"url\":\"https:\/\/www.medoucine.com\/blog\/medecines-douces-france-bilan-10-ans\/\",\"name\":\"M\u00e9doucine dresse le bilan de 10 ans d'\u00e9volution des m\u00e9decines douces en France ~ Blog de Medoucine\",\"isPartOf\":{\"@id\":\"https:\/\/www.medoucine.com\/blog\/#website\"},\"primaryImageOfPage\":{\"@id\":\"https:\/\/www.medoucine.com\/blog\/medecines-douces-france-bilan-10-ans\/#primaryimage\"},\"image\":{\"@id\":\"https:\/\/www.medoucine.com\/blog\/medecines-douces-france-bilan-10-ans\/#primaryimage\"},\"thumbnailUrl\":\"https:\/\/www.medoucine.com\/blog\/wp-content\/uploads\/2026\/04\/Observatoire-des-medecines-douces-2026.png\",\"datePublished\":\"2026-04-28T09:28:36+00:00\",\"dateModified\":\"2026-04-28T09:35:03+00:00\",\"description\":\"Qui consulte, pourquoi et comment ? M\u00e9doucine analyse 10 ans de m\u00e9decines douces en France pour comprendre les tendances du secteur.\",\"breadcrumb\":{\"@id\":\"https:\/\/www.medoucine.com\/blog\/medecines-douces-france-bilan-10-ans\/#breadcrumb\"},\"inLanguage\":\"fr-FR\",\"potentialAction\":[{\"@type\":\"ReadAction\",\"target\":[\"https:\/\/www.medoucine.com\/blog\/medecines-douces-france-bilan-10-ans\/\"]}]},{\"@type\":\"ImageObject\",\"inLanguage\":\"fr-FR\",\"@id\":\"https:\/\/www.medoucine.com\/blog\/medecines-douces-france-bilan-10-ans\/#primaryimage\",\"url\":\"https:\/\/www.medoucine.com\/blog\/wp-content\/uploads\/2026\/04\/Observatoire-des-medecines-douces-2026.png\",\"contentUrl\":\"https:\/\/www.medoucine.com\/blog\/wp-content\/uploads\/2026\/04\/Observatoire-des-medecines-douces-2026.png\",\"width\":1536,\"height\":1024,\"caption\":\"3 femmes qui ont des troubles : mal de dos, sant\u00e9 mentale, stress et anxi\u00e9t\u00e9\"},{\"@type\":\"BreadcrumbList\",\"@id\":\"https:\/\/www.medoucine.com\/blog\/medecines-douces-france-bilan-10-ans\/#breadcrumb\",\"itemListElement\":[{\"@type\":\"ListItem\",\"position\":1,\"name\":\"Blog Medoucine\",\"item\":\"https:\/\/www.medoucine.com\/blog\/\"},{\"@type\":\"ListItem\",\"position\":2,\"name\":\"Ressources\",\"item\":\"https:\/\/www.medoucine.com\/blog\/cat\/nos-ressources\/\"},{\"@type\":\"ListItem\",\"position\":3,\"name\":\"Enqu\u00eates et \u00e9tudes\",\"item\":\"https:\/\/www.medoucine.com\/blog\/cat\/nos-ressources\/enquetes-et-etudes\/\"},{\"@type\":\"ListItem\",\"position\":4,\"name\":\"M\u00e9doucine dresse le bilan de 10 ans d&rsquo;\u00e9volution des m\u00e9decines douces en France\"}]},{\"@type\":\"WebSite\",\"@id\":\"https:\/\/www.medoucine.com\/blog\/#website\",\"url\":\"https:\/\/www.medoucine.com\/blog\/\",\"name\":\"Blog de Medoucine\",\"description\":\"Le blog des m\u00e9decines douces\",\"publisher\":{\"@id\":\"https:\/\/www.medoucine.com\/blog\/#organization\"},\"potentialAction\":[{\"@type\":\"SearchAction\",\"target\":{\"@type\":\"EntryPoint\",\"urlTemplate\":\"https:\/\/www.medoucine.com\/blog\/?s={search_term_string}\"},\"query-input\":{\"@type\":\"PropertyValueSpecification\",\"valueRequired\":true,\"valueName\":\"search_term_string\"}}],\"inLanguage\":\"fr-FR\"},{\"@type\":\"Organization\",\"@id\":\"https:\/\/www.medoucine.com\/blog\/#organization\",\"name\":\"Medoucine\",\"url\":\"https:\/\/www.medoucine.com\/blog\/\",\"logo\":{\"@type\":\"ImageObject\",\"inLanguage\":\"fr-FR\",\"@id\":\"https:\/\/www.medoucine.com\/blog\/#\/schema\/logo\/image\/\",\"url\":\"https:\/\/www.medoucine.com\/blog\/wp-content\/uploads\/2019\/07\/logo@3x.png\",\"contentUrl\":\"https:\/\/www.medoucine.com\/blog\/wp-content\/uploads\/2019\/07\/logo@3x.png\",\"width\":555,\"height\":135,\"caption\":\"Medoucine\"},\"image\":{\"@id\":\"https:\/\/www.medoucine.com\/blog\/#\/schema\/logo\/image\/\"},\"sameAs\":[\"https:\/\/www.facebook.com\/medoucine\/\",\"https:\/\/x.com\/medoucinefr\",\"https:\/\/www.instagram.com\/medoucine\/\",\"https:\/\/www.youtube.com\/channel\/UCtZeUeJ_KebYK0KJAXjJV8g\"]},{\"@type\":\"Person\",\"@id\":\"https:\/\/www.medoucine.com\/blog\/#\/schema\/person\/33963211205d80beccb805396c175b47\",\"name\":\"Camille De M\u00e9doucine\",\"image\":{\"@type\":\"ImageObject\",\"inLanguage\":\"fr-FR\",\"@id\":\"https:\/\/www.medoucine.com\/blog\/#\/schema\/person\/image\/\",\"url\":\"https:\/\/secure.gravatar.com\/avatar\/c2299bbd846dad9bdc700ac2bc1f7d7f7698bebee70f9ac01014ce232478ddab?s=96&d=mm&r=g\",\"contentUrl\":\"https:\/\/secure.gravatar.com\/avatar\/c2299bbd846dad9bdc700ac2bc1f7d7f7698bebee70f9ac01014ce232478ddab?s=96&d=mm&r=g\",\"caption\":\"Camille De M\u00e9doucine\"},\"description\":\"Je suis Camille, coordinatrice de la communaut\u00e9 M\u00e9doucine. Mon r\u00f4le ? Faire le lien entre les praticiens de notre r\u00e9seau et vous, lecteurs en qu\u00eate de bien-\u00eatre. J'accompagne au quotidien les th\u00e9rapeutes dans leur d\u00e9veloppement digital et les aide \u00e0 se faire conna\u00eetre localement. \u00c0 travers mes articles, je partage des conseils pratiques, des t\u00e9moignages inspirants et des \u00e9clairages sur les pratiques compl\u00e9mentaires. Mon objectif : rendre l'univers du bien-\u00eatre accessible, transparent et humain. J'aime explorer la diversit\u00e9 des approches et mettre en lumi\u00e8re ce qui rend chaque praticien unique. Passionn\u00e9e par la cr\u00e9ation de contenu et l'animation de communaut\u00e9, je m'engage chaque jour \u00e0 valoriser l'expertise de ceux qui prennent soin de vous.\",\"sameAs\":[\"https:\/\/www.linkedin.com\/in\/camille-de-m%C3%A9doucine-055173176\/\"],\"url\":\"https:\/\/www.medoucine.com\/blog\/author\/camille_medoucine\/\"}]}<\/script>\n<!-- \/ Yoast SEO plugin. -->","yoast_head_json":{"title":"M\u00e9doucine dresse le bilan de 10 ans d'\u00e9volution des m\u00e9decines douces en France ~ Blog de Medoucine","description":"Qui consulte, pourquoi et comment ? M\u00e9doucine analyse 10 ans de m\u00e9decines douces en France pour comprendre les tendances du secteur.","robots":{"index":"index","follow":"follow","max-snippet":"max-snippet:-1","max-image-preview":"max-image-preview:large","max-video-preview":"max-video-preview:-1"},"canonical":"https:\/\/www.medoucine.com\/blog\/medecines-douces-france-bilan-10-ans\/","og_locale":"fr_FR","og_type":"article","og_title":"M\u00e9doucine dresse le bilan de 10 ans d'\u00e9volution des m\u00e9decines douces en France ~ Blog de Medoucine","og_description":"Qui consulte, pourquoi et comment ? M\u00e9doucine analyse 10 ans de m\u00e9decines douces en France pour comprendre les tendances du secteur.","og_url":"https:\/\/www.medoucine.com\/blog\/medecines-douces-france-bilan-10-ans\/","og_site_name":"Blog de Medoucine","article_publisher":"https:\/\/www.facebook.com\/medoucine\/","article_published_time":"2026-04-28T09:28:36+00:00","article_modified_time":"2026-04-28T09:35:03+00:00","og_image":[{"width":1536,"height":1024,"url":"https:\/\/www.medoucine.com\/blog\/wp-content\/uploads\/2026\/04\/Observatoire-des-medecines-douces-2026.png","type":"image\/png"}],"author":"Camille De M\u00e9doucine","twitter_card":"summary_large_image","twitter_creator":"@medoucinefr","twitter_site":"@medoucinefr","twitter_misc":{"\u00c9crit par":"Camille De M\u00e9doucine","Dur\u00e9e de lecture estim\u00e9e":"5 minutes"},"schema":{"@context":"https:\/\/schema.org","@graph":[{"@type":"Article","@id":"https:\/\/www.medoucine.com\/blog\/medecines-douces-france-bilan-10-ans\/#article","isPartOf":{"@id":"https:\/\/www.medoucine.com\/blog\/medecines-douces-france-bilan-10-ans\/"},"author":{"name":"Camille De M\u00e9doucine","@id":"https:\/\/www.medoucine.com\/blog\/#\/schema\/person\/33963211205d80beccb805396c175b47"},"headline":"M\u00e9doucine dresse le bilan de 10 ans d&rsquo;\u00e9volution des m\u00e9decines douces en France","datePublished":"2026-04-28T09:28:36+00:00","dateModified":"2026-04-28T09:35:03+00:00","mainEntityOfPage":{"@id":"https:\/\/www.medoucine.com\/blog\/medecines-douces-france-bilan-10-ans\/"},"wordCount":977,"commentCount":0,"publisher":{"@id":"https:\/\/www.medoucine.com\/blog\/#organization"},"image":{"@id":"https:\/\/www.medoucine.com\/blog\/medecines-douces-france-bilan-10-ans\/#primaryimage"},"thumbnailUrl":"https:\/\/www.medoucine.com\/blog\/wp-content\/uploads\/2026\/04\/Observatoire-des-medecines-douces-2026.png","articleSection":["Actualit\u00e9s M\u00e9decines Douces","Enqu\u00eates et \u00e9tudes","Ressources","Sant\u00e9"],"inLanguage":"fr-FR","potentialAction":[{"@type":"CommentAction","name":"Comment","target":["https:\/\/www.medoucine.com\/blog\/medecines-douces-france-bilan-10-ans\/#respond"]}]},{"@type":"WebPage","@id":"https:\/\/www.medoucine.com\/blog\/medecines-douces-france-bilan-10-ans\/","url":"https:\/\/www.medoucine.com\/blog\/medecines-douces-france-bilan-10-ans\/","name":"M\u00e9doucine dresse le bilan de 10 ans d'\u00e9volution des m\u00e9decines douces en France ~ Blog de Medoucine","isPartOf":{"@id":"https:\/\/www.medoucine.com\/blog\/#website"},"primaryImageOfPage":{"@id":"https:\/\/www.medoucine.com\/blog\/medecines-douces-france-bilan-10-ans\/#primaryimage"},"image":{"@id":"https:\/\/www.medoucine.com\/blog\/medecines-douces-france-bilan-10-ans\/#primaryimage"},"thumbnailUrl":"https:\/\/www.medoucine.com\/blog\/wp-content\/uploads\/2026\/04\/Observatoire-des-medecines-douces-2026.png","datePublished":"2026-04-28T09:28:36+00:00","dateModified":"2026-04-28T09:35:03+00:00","description":"Qui consulte, pourquoi et comment ? M\u00e9doucine analyse 10 ans de m\u00e9decines douces en France pour comprendre les tendances du secteur.","breadcrumb":{"@id":"https:\/\/www.medoucine.com\/blog\/medecines-douces-france-bilan-10-ans\/#breadcrumb"},"inLanguage":"fr-FR","potentialAction":[{"@type":"ReadAction","target":["https:\/\/www.medoucine.com\/blog\/medecines-douces-france-bilan-10-ans\/"]}]},{"@type":"ImageObject","inLanguage":"fr-FR","@id":"https:\/\/www.medoucine.com\/blog\/medecines-douces-france-bilan-10-ans\/#primaryimage","url":"https:\/\/www.medoucine.com\/blog\/wp-content\/uploads\/2026\/04\/Observatoire-des-medecines-douces-2026.png","contentUrl":"https:\/\/www.medoucine.com\/blog\/wp-content\/uploads\/2026\/04\/Observatoire-des-medecines-douces-2026.png","width":1536,"height":1024,"caption":"3 femmes qui ont des troubles : mal de dos, sant\u00e9 mentale, stress et anxi\u00e9t\u00e9"},{"@type":"BreadcrumbList","@id":"https:\/\/www.medoucine.com\/blog\/medecines-douces-france-bilan-10-ans\/#breadcrumb","itemListElement":[{"@type":"ListItem","position":1,"name":"Blog Medoucine","item":"https:\/\/www.medoucine.com\/blog\/"},{"@type":"ListItem","position":2,"name":"Ressources","item":"https:\/\/www.medoucine.com\/blog\/cat\/nos-ressources\/"},{"@type":"ListItem","position":3,"name":"Enqu\u00eates et \u00e9tudes","item":"https:\/\/www.medoucine.com\/blog\/cat\/nos-ressources\/enquetes-et-etudes\/"},{"@type":"ListItem","position":4,"name":"M\u00e9doucine dresse le bilan de 10 ans d&rsquo;\u00e9volution des m\u00e9decines douces en France"}]},{"@type":"WebSite","@id":"https:\/\/www.medoucine.com\/blog\/#website","url":"https:\/\/www.medoucine.com\/blog\/","name":"Blog de Medoucine","description":"Le blog des m\u00e9decines douces","publisher":{"@id":"https:\/\/www.medoucine.com\/blog\/#organization"},"potentialAction":[{"@type":"SearchAction","target":{"@type":"EntryPoint","urlTemplate":"https:\/\/www.medoucine.com\/blog\/?s={search_term_string}"},"query-input":{"@type":"PropertyValueSpecification","valueRequired":true,"valueName":"search_term_string"}}],"inLanguage":"fr-FR"},{"@type":"Organization","@id":"https:\/\/www.medoucine.com\/blog\/#organization","name":"Medoucine","url":"https:\/\/www.medoucine.com\/blog\/","logo":{"@type":"ImageObject","inLanguage":"fr-FR","@id":"https:\/\/www.medoucine.com\/blog\/#\/schema\/logo\/image\/","url":"https:\/\/www.medoucine.com\/blog\/wp-content\/uploads\/2019\/07\/logo@3x.png","contentUrl":"https:\/\/www.medoucine.com\/blog\/wp-content\/uploads\/2019\/07\/logo@3x.png","width":555,"height":135,"caption":"Medoucine"},"image":{"@id":"https:\/\/www.medoucine.com\/blog\/#\/schema\/logo\/image\/"},"sameAs":["https:\/\/www.facebook.com\/medoucine\/","https:\/\/x.com\/medoucinefr","https:\/\/www.instagram.com\/medoucine\/","https:\/\/www.youtube.com\/channel\/UCtZeUeJ_KebYK0KJAXjJV8g"]},{"@type":"Person","@id":"https:\/\/www.medoucine.com\/blog\/#\/schema\/person\/33963211205d80beccb805396c175b47","name":"Camille De M\u00e9doucine","image":{"@type":"ImageObject","inLanguage":"fr-FR","@id":"https:\/\/www.medoucine.com\/blog\/#\/schema\/person\/image\/","url":"https:\/\/secure.gravatar.com\/avatar\/c2299bbd846dad9bdc700ac2bc1f7d7f7698bebee70f9ac01014ce232478ddab?s=96&d=mm&r=g","contentUrl":"https:\/\/secure.gravatar.com\/avatar\/c2299bbd846dad9bdc700ac2bc1f7d7f7698bebee70f9ac01014ce232478ddab?s=96&d=mm&r=g","caption":"Camille De M\u00e9doucine"},"description":"Je suis Camille, coordinatrice de la communaut\u00e9 M\u00e9doucine. Mon r\u00f4le ? Faire le lien entre les praticiens de notre r\u00e9seau et vous, lecteurs en qu\u00eate de bien-\u00eatre. J'accompagne au quotidien les th\u00e9rapeutes dans leur d\u00e9veloppement digital et les aide \u00e0 se faire conna\u00eetre localement. \u00c0 travers mes articles, je partage des conseils pratiques, des t\u00e9moignages inspirants et des \u00e9clairages sur les pratiques compl\u00e9mentaires. Mon objectif : rendre l'univers du bien-\u00eatre accessible, transparent et humain. J'aime explorer la diversit\u00e9 des approches et mettre en lumi\u00e8re ce qui rend chaque praticien unique. Passionn\u00e9e par la cr\u00e9ation de contenu et l'animation de communaut\u00e9, je m'engage chaque jour \u00e0 valoriser l'expertise de ceux qui prennent soin de vous.","sameAs":["https:\/\/www.linkedin.com\/in\/camille-de-m%C3%A9doucine-055173176\/"],"url":"https:\/\/www.medoucine.com\/blog\/author\/camille_medoucine\/"}]}},"_links":{"self":[{"href":"https:\/\/www.medoucine.com\/blog\/wp-json\/wp\/v2\/posts\/43760","targetHints":{"allow":["GET"]}}],"collection":[{"href":"https:\/\/www.medoucine.com\/blog\/wp-json\/wp\/v2\/posts"}],"about":[{"href":"https:\/\/www.medoucine.com\/blog\/wp-json\/wp\/v2\/types\/post"}],"author":[{"embeddable":true,"href":"https:\/\/www.medoucine.com\/blog\/wp-json\/wp\/v2\/users\/995"}],"replies":[{"embeddable":true,"href":"https:\/\/www.medoucine.com\/blog\/wp-json\/wp\/v2\/comments?post=43760"}],"version-history":[{"count":3,"href":"https:\/\/www.medoucine.com\/blog\/wp-json\/wp\/v2\/posts\/43760\/revisions"}],"predecessor-version":[{"id":43764,"href":"https:\/\/www.medoucine.com\/blog\/wp-json\/wp\/v2\/posts\/43760\/revisions\/43764"}],"wp:featuredmedia":[{"embeddable":true,"href":"https:\/\/www.medoucine.com\/blog\/wp-json\/wp\/v2\/media\/43761"}],"wp:attachment":[{"href":"https:\/\/www.medoucine.com\/blog\/wp-json\/wp\/v2\/media?parent=43760"}],"wp:term":[{"taxonomy":"category","embeddable":true,"href":"https:\/\/www.medoucine.com\/blog\/wp-json\/wp\/v2\/categories?post=43760"},{"taxonomy":"post_tag","embeddable":true,"href":"https:\/\/www.medoucine.com\/blog\/wp-json\/wp\/v2\/tags?post=43760"}],"curies":[{"name":"wp","href":"https:\/\/api.w.org\/{rel}","templated":true}]}}