{"id":41025,"date":"2026-03-11T14:39:34","date_gmt":"2026-03-11T13:39:34","guid":{"rendered":"https:\/\/www.medoucine.com\/blog\/?p=41025"},"modified":"2026-04-08T17:37:25","modified_gmt":"2026-04-08T15:37:25","slug":"allergies-au-printemps-avec-la-mtc","status":"publish","type":"post","link":"https:\/\/www.medoucine.com\/blog\/allergies-au-printemps-avec-la-mtc\/","title":{"rendered":"Pr\u00e9venir les allergies au printemps avec la m\u00e9decine traditionnelle chinoise"},"content":{"rendered":"<p><span style=\"font-weight: 400\">Si vous souffrez du rhume des foins, avec rhinites, \u00e9ternuements intempestifs, yeux larmoyants, sinusites au retour des beaux jours, vous \u00eates sans doute concern\u00e9 par les allergies printani\u00e8res. Le saviez-vous ? Ces manifestations d\u00e9coulent d\u2019une r\u00e9action du syst\u00e8me immunitaire face aux substances allergisantes du printemps comme les pollens. Elles concernent de nombreuses personnes, y compris les enfants.\u00a0<\/span><\/p>\n<p><span style=\"font-weight: 400\">Et si la pr\u00e9vention \u00e9tait la cl\u00e9 pour mieux vivre le changement de saison ? La M\u00e9decine traditionnelle chinoise (MTC) contribue \u00e0 soutenir l&rsquo;immunit\u00e9 et limiter l&rsquo;intensit\u00e9 des <\/span><b>allergies de printemps<\/b><span style=\"font-weight: 400\">. Approche globale, int\u00e9grant les dimensions physiques et psycho-\u00e9motionnelles, elle a toute sa place parmi la panoplie de m\u00e9thodes de pr\u00e9servation de la sant\u00e9 et du bien-\u00eatre.<\/span><\/p>\n<h2><strong>Qu\u2019est-ce que le rhume des foins ?\u00a0<\/strong><\/h2>\n<p><span style=\"font-weight: 400\">Tr\u00e8s r\u00e9pandu, le<\/span><a href=\"https:\/\/www.vidal.fr\/maladies\/nez-gorge-oreilles\/rhinite-allergique-rhume-foins.html\" target=\"_blank\" rel=\"noopener\"><b> rhume des foins<\/b><\/a><span style=\"font-weight: 400\"> se d\u00e9clenche au contact de <\/span><a href=\"https:\/\/sante.gouv.fr\/sante-et-environnement\/air-exterieur\/pollens-et-allergies\/article\/allergies-aux-pollens-les-gestes-a-adopter\" target=\"_blank\" rel=\"noopener\"><span style=\"font-weight: 400\">pollens<\/span><\/a><span style=\"font-weight: 400\"> de printemps particuli\u00e8rement pr\u00e9sents dans l\u2019air en cette p\u00e9riode. Il fait donc partie<\/span><b> des <a href=\"https:\/\/www.msdmanuals.com\/fr\/accueil\/troubles-immunitaires\/r%C3%A9actions-allergiques-et-autres-troubles-d-hypersensibilit%C3%A9\/allergies-saisonni%C3%A8res\" target=\"_blank\" rel=\"noopener\">allergies saisonni\u00e8res<\/a>.<\/b><span style=\"font-weight: 400\"> Notre syst\u00e8me immunitaire sait emp\u00eacher les facteurs ind\u00e9sirables de p\u00e9n\u00e9trer profond\u00e9ment dans notre organisme sans pour autant s\u2019emballer. <\/span><\/p>\n<p><span style=\"font-weight: 400\">Pour certains d\u2019entre nous, les muqueuses de la gorge, du nez, des yeux, des poumons ou des sinus r\u00e9agissent excessivement et produisent du <a href=\"https:\/\/fr.wikipedia.org\/wiki\/Mucus\" target=\"_blank\" rel=\"noopener\">mucus<\/a> plus ou moins liquide en grande quantit\u00e9. Le <\/span><a href=\"https:\/\/www.medoucine.com\/blog\/booster-son-systeme-immunitaire\/\"><span style=\"font-weight: 400\">syst\u00e8me immunitaire<\/span><\/a><span style=\"font-weight: 400\"> ne parvient pas \u00e0 se moduler et d\u00e9clenche plusieurs r\u00e9actions localis\u00e9es au niveau de la <\/span><a href=\"https:\/\/www.medoucine.com\/maux-troubles\/troubles-orl\"><span style=\"font-weight: 400\">sph\u00e8re ORL<\/span><\/a><span style=\"font-weight: 400\"> et des yeux. Apparaissant lors de la floraison, celles-ci peuvent \u00eatre g\u00eanantes et dans certains cas durables, provoquant de la fatigue, de l\u2019irritabilit\u00e9 et des <a href=\"https:\/\/www.medoucine.com\/maux-troubles\/fatigue-et-insomnie\">troubles du sommeil<\/a>.<\/span> <span style=\"font-weight: 400\">Ces r\u00e9actions allergiques sont les cons\u00e9quences d\u2019une r\u00e9ponse immunitaire inadapt\u00e9e.<\/span><\/p>\n<p><span style=\"font-weight: 400\">Toute perturbation immunitaire importante pr\u00e9sentant un risque pour la sant\u00e9 n\u00e9cessite une consultation m\u00e9dicale. Sans remplacer la m\u00e9decine conventionnelle qui reste prioritaire, la MTC <\/span><span style=\"font-weight: 400\">permet d\u2019aborder le dysfonctionnement immunitaire sous un angle \u00e9nerg\u00e9tique et propose des actions pr\u00e9ventives \u00e9prouv\u00e9es. Elle est compl\u00e9mentaire et globale.<\/span><\/p>\n<p><span style=\"font-weight: 400\"><a href=\"https:\/\/www.medoucine.com\/blog\/wp-content\/uploads\/2026\/03\/pou_chinois.png\"><img loading=\"lazy\" decoding=\"async\" class=\"wp-image-41024 aligncenter\" src=\"https:\/\/www.medoucine.com\/blog\/wp-content\/uploads\/2026\/03\/pou_chinois-300x194.png\" alt=\"prise de pou m\u00e9decine traditionnelle chinoise\" width=\"601\" height=\"389\" srcset=\"https:\/\/www.medoucine.com\/blog\/wp-content\/uploads\/2026\/03\/pou_chinois-300x194.png 300w, https:\/\/www.medoucine.com\/blog\/wp-content\/uploads\/2026\/03\/pou_chinois.png 392w\" sizes=\"auto, (max-width: 601px) 100vw, 601px\" \/><\/a><\/span><\/p>\n<div class=\"m-spin\">\n<p class=\"m-spin__text\"><strong>Soulagez vos allergies au printemps gr\u00e2ce \u00e0 la m\u00e9decine chinoise<\/strong><\/p>\n<p class=\"m-spin__text\">La m\u00e9decine traditionnelle chinoise offre une approche holistique pour pr\u00e9venir et apaiser les sympt\u00f4mes des allergies saisonni\u00e8res. Prenez rendez-vous avec un <a class=\"m-spin__link\" target=\"_blank\" rel=\"noopener noreferrer\" href=\"https:\/\/www.medoucine.com\/consultations\/se-soigner\/medecine-traditionnelle-chinoise\/lille\/tous-publics\/a-domicile-ou-cabinet?utm_source=medoucine_blog_B2C&amp;utm_medium=article_blog&amp;utm_campaign=spin_seo\">Praticien en \u00c9nerg\u00e9tique Traditionnelle Chinoise \u00e0 Lille<\/a>, un <a class=\"m-spin__link\" target=\"_blank\" rel=\"noopener noreferrer\" href=\"https:\/\/www.medoucine.com\/consultations\/se-soigner\/medecine-traditionnelle-chinoise\/paris\/tous-publics\/a-domicile-ou-cabinet?utm_source=medoucine_blog_B2C&amp;utm_medium=article_blog&amp;utm_campaign=spin_seo\">Praticien en \u00c9nerg\u00e9tique Traditionnelle Chinoise \u00e0 Paris<\/a> ou un <a class=\"m-spin__link\" target=\"_blank\" rel=\"noopener noreferrer\" href=\"https:\/\/www.medoucine.com\/consultations\/se-soigner\/medecine-traditionnelle-chinoise\/rennes\/tous-publics\/a-domicile-ou-cabinet?utm_source=medoucine_blog_B2C&amp;utm_medium=article_blog&amp;utm_campaign=spin_seo\">Praticien en \u00c9nerg\u00e9tique Traditionnelle Chinoise \u00e0 Rennes<\/a> pour r\u00e9\u00e9quilibrer votre \u00e9nergie et renforcer votre syst\u00e8me immunitaire.<\/p>\n<p class=\"m-spin__text\">N&rsquo;attendez plus pour retrouver un bien-\u00eatre optimal : trouvez des <a class=\"m-spin__link\" target=\"_blank\" rel=\"noopener noreferrer\" href=\"https:\/\/www.medoucine.com\/consultations\/se-soigner\/medecine-traditionnelle-chinoise\/autour-de-moi?utm_source=medoucine_blog_B2C&amp;utm_medium=article_blog&amp;utm_campaign=spin_seo\">Praticiens en \u00e9nerg\u00e9tique traditionnelle chinoise pr\u00e8s de chez vous<\/a> pour vous accompagner vers une sant\u00e9 durable.<\/p>\n<\/div>\n<h2><strong>Les allergies au printemps : le b\u00e9n\u00e9fice de la m\u00e9decine traditionnelle chinoise pour renforcer l\u2019immunit\u00e9<\/strong><\/h2>\n<p><span style=\"font-weight: 400\">La MTC ou l\u2019<a href=\"https:\/\/www.medoucine.com\/pratiques\/medecine-traditionnelle-chinoise\">\u00e9nerg\u00e9tique traditionnelle chinoise<\/a> (ETC) ont la particularit\u00e9 de raisonner en fonction des capacit\u00e9s \u00e9nerg\u00e9tiques <a href=\"https:\/\/www.doctissimo.fr\/medecines-douces\/medecine-chinoise\/theorie-yin-yang\" target=\"_blank\" rel=\"noopener\">yin et yang<\/a> de nos organes, de la qualit\u00e9 de la circulation de l\u2019\u00e9nergie vitale dans les m\u00e9ridiens. Elles prennent \u00e9galement en compte l\u2019interd\u00e9pendance entre les diff\u00e9rents syst\u00e8mes organiques. Cette approche tient compte des d\u00e9r\u00e8glements climatiques internes et recherche les causes initiales des dysfonctionnements.\u00a0<\/span><\/p>\n<p><span style=\"font-weight: 400\">De plus, elle s\u2019int\u00e9resse \u00e0 notre hygi\u00e8ne de vie, nos influences \u00e9motionnelles, \u00e0 l\u2019impact de notre h\u00e9r\u00e9dit\u00e9, aux facteurs inh\u00e9rents \u00e0 notre v\u00e9cu, et \u00e0 notre temp\u00e9rament. En appr\u00e9ciant la dimension \u00e9nerg\u00e9tique, elle offre des solutions pour relancer la capacit\u00e9 du corps \u00e0 s\u2019autor\u00e9guler.\u00a0<\/span><\/p>\n<p><span style=\"font-weight: 400\">Face aux<\/span><b> allergies au printemps<\/b><span style=\"font-weight: 400\">, le yin et le yang du poumon se placent au centre d\u2019une \u00e9tude qui tient compte du fonctionnement global des organes et des interactions entre eux et de l\u2019influence du climat ext\u00e9rieur. La MTC permet alors d\u2019identifier les situations dites de \u00ab\u00a0pl\u00e9nitude\u00a0\u00bb et de \u00ab\u00a0vide\u00a0\u00bb du poumon et d\u2019agir sur l\u2019ensemble des facteurs dits \u00ab\u00a0pathog\u00e8nes\u00a0\u00bb, c\u2019est-\u00e0-dire d\u00e9s\u00e9quilibrants. <\/span><\/p>\n<p><span style=\"font-weight: 400\">C\u2019est la raison pour laquelle cette technique prend tout son sens dans la pr\u00e9vention des r\u00e9actions immunitaires des <\/span><a href=\"https:\/\/www.medoucine.com\/blog\/quelles-solutions-naturelles-pour-lutter-contre-les-allergies\/\"><span style=\"font-weight: 400\">allergies<\/span><\/a><span style=\"font-weight: 400\"> au pollen.<\/span><\/p>\n<p><span style=\"font-weight: 400\">Agir en amont en renfor\u00e7ant la vitalit\u00e9 du poumon dans sa saison, c\u2019est-\u00e0-dire l\u2019automne est tr\u00e8s efficace. A la sortie de l\u2019hiver, soutenir <\/span><a href=\"https:\/\/www.medoucine.com\/blog\/renforcer-lenergie-du-poumon-pour-augmenter-vos-defenses-immunitaires\/\"><span style=\"font-weight: 400\">l\u2019\u00e9nergie du poumon<\/span><\/a><span style=\"font-weight: 400\"> de concomitance avec celle du foie dont la saison est le printemps, s\u2019av\u00e8re particuli\u00e8rement favorable. En outre, prendre soin de chacun de nos organes en fonction de leur saison et de leurs perturbations permet de lever des blocages \u00e9nerg\u00e9tiques.\u00a0<\/span><\/p>\n<p><span style=\"font-weight: 400\">Retenez que <\/span><b>la MTC prend en compte notre terrain \u00e9nerg\u00e9tique individuel et accompagne avec pertinence la r\u00e9gulation de nos d\u00e9fenses naturelles<\/b><span style=\"font-weight: 400\">.<\/span><\/p>\n<h2><strong>L\u2019approche psycho-\u00e9motionnelle de la MTC face aux allergies saisonni\u00e8res<\/strong><\/h2>\n<p><span style=\"font-weight: 400\">Pour mesurer toute l\u2019\u00e9tendue de cette discipline, penchons-nous \u00e0 pr\u00e9sent sur le champ \u00e9motionnel. Notre organisme est, en effet, influenc\u00e9 par l\u2019utilisation de notre cerveau. Nos pens\u00e9es, nos sentiments, nos \u00e9motions, nos fonctions intellectuelles d\u00e9pensent de l\u2019\u00e9nergie et sollicitent des organes sp\u00e9cifiques.\u00a0<\/span><\/p>\n<p><span style=\"font-weight: 400\">L\u2019esprit, selon la philosophie de la MTC, appartient \u00e0 l\u2019\u00e9l\u00e9ment Feu. Une hyperactivit\u00e9 mentale, des \u00e9motions mal g\u00e9r\u00e9es, des pens\u00e9es ent\u00eatantes, des sentiments n\u00e9gatifs, \u00e9chauffent l\u2019\u00e9l\u00e9ment Feu et sursollicitent des organes cibles tout en blessant leur \u00e9nergie. <\/span><b>Une porte ouverte aux troubles \u00e9nerg\u00e9tiques<\/b><span style=\"font-weight: 400\">.\u00a0<\/span><\/p>\n<p><span style=\"font-weight: 400\">Le Poumon, en l\u2019occurrence, est le si\u00e8ge de la tristesse. Il appartient \u00e0 l\u2019\u00e9l\u00e9ment M\u00e9tal avec le gros intestin. Un deuil inachev\u00e9, un <\/span><a href=\"https:\/\/www.medoucine.com\/blog\/allergies-et-intolerances-une-reaction-emotionnelle-inconsciente\/\"><span style=\"font-weight: 400\">choc \u00e9motionnel<\/span><\/a><span style=\"font-weight: 400\"> affligeant, une tristesse sous-jacente sont autant de situations psychiques qui affaiblissent l\u2019\u00e9nergie du poumon et perturbent le microbiote. <\/span><b>Dans le cadre des allergies au printemps, r\u00e9\u00e9quilibrer le poumon et soulager la tristesse permettent d\u2019agir de fa\u00e7on synergique<\/b><span style=\"font-weight: 400\">.\u00a0<\/span><\/p>\n<p><span style=\"font-weight: 400\">La prise en compte de nos \u00e9tats d\u2019esprit constitue l\u2019un des axes de r\u00e9\u00e9quilibrage par la MTC.<\/span><\/p>\n<p><strong><a href=\"https:\/\/www.medoucine.com\/blog\/wp-content\/uploads\/2026\/03\/maux-du-corps.png\"><img loading=\"lazy\" decoding=\"async\" class=\"wp-image-41023 aligncenter\" src=\"https:\/\/www.medoucine.com\/blog\/wp-content\/uploads\/2026\/03\/maux-du-corps-300x214.png\" alt=\"jeune femme souffrant de maux sph\u00e8re orl\" width=\"604\" height=\"430\" srcset=\"https:\/\/www.medoucine.com\/blog\/wp-content\/uploads\/2026\/03\/maux-du-corps-300x214.png 300w, https:\/\/www.medoucine.com\/blog\/wp-content\/uploads\/2026\/03\/maux-du-corps.png 385w\" sizes=\"auto, (max-width: 604px) 100vw, 604px\" \/><\/a><\/strong><\/p>\n<h2><strong>Explorer les \u00ab\u00a0mots-maux\u00a0\u00bb du corps pour r\u00e9duire l\u2019allergie au printemps et ses sympt\u00f4mes\u00a0\u00a0<\/strong><\/h2>\n<p><span style=\"font-weight: 400\">Nos ressentis non verbalis\u00e9s s\u2019expriment dans des zones symboliques pour attirer notre attention sur nos blocages et nos souffrances.\u00a0<\/span><\/p>\n<ul>\n<li style=\"font-weight: 400\"><span style=\"font-weight: 400\">Le <\/span><b>nez <\/b><span style=\"font-weight: 400\">par analogie peut nous informer d\u2019une difficult\u00e9 \u00e0 \u00eatre en pr\u00e9sence d\u2019une autre personne.\u00a0<\/span><\/li>\n<li style=\"font-weight: 400\"><span style=\"font-weight: 400\">Quant au <\/span><b>poumon<\/b><span style=\"font-weight: 400\">, il peut r\u00e9activer un \u00e9v\u00e9nement triste que nous n\u2019acceptons pas.\u00a0<\/span><\/li>\n<\/ul>\n<p><b>Les allergies au printemps <\/b><span style=\"font-weight: 400\">peuvent s\u2019enraciner dans un v\u00e9cu refoul\u00e9 dans lequel nous nous sommes sentis en danger.\u00a0<\/span><\/p>\n<p><span style=\"font-weight: 400\">Chaque interpr\u00e9tation n\u00e9cessite une analyse fine de la personne et de son v\u00e9cu. Il faut veiller \u00e0 ne pas extrapoler, ni inventer, ni g\u00e9n\u00e9raliser. Cette m\u00e9thode d\u2019exploration doit \u00eatre utilis\u00e9e avec pertinence. Elle n\u2019est utile que dans certains cas pour lever des n\u0153uds \u00e9motionnels. Ceux-ci sont parfois le fait de transmissions h\u00e9r\u00e9ditaires ; c\u2019est la raison pour laquelle nous ne sommes pas toujours conscients de porter des souffrances qui ne nous appartiennent pas.\u00a0<\/span><\/p>\n<p><span style=\"font-weight: 400\">Ce travail int\u00e9rieur peut \u00eatre d\u00e9stabilisant. C\u2019est pourquoi, si vous d\u00e9cidez d\u2019explorer cette piste en faisant appel \u00e0 un praticien, il est essentiel de v\u00e9rifier qu\u2019il est familiaris\u00e9 avec l\u2019analyse psycho-\u00e9motionnelle, le symbolisme et la pratique de la MTC pour \u00eatre accompagn\u00e9 en s\u00e9curit\u00e9.<\/span><\/p>\n<p><span style=\"font-weight: 400\">Vous connaissez d\u00e9sormais l\u2019int\u00e9r\u00eat de la MTC pour pr\u00e9venir les <\/span><b>allergies au printemps<\/b><span style=\"font-weight: 400\">, en compl\u00e9mentarit\u00e9 avec la m\u00e9decine conventionnelle qui agit principalement sur les sympt\u00f4mes. En comprenant le fonctionnement de l\u2019organisme dans sa globalit\u00e9, y compris \u00e9nerg\u00e9tiquement, cette approche propose des solutions p\u00e9rennes pour un mieux-\u00eatre en profondeur.<\/span><\/p>\n<p><b>Anticiper plut\u00f4t que subir : telle est toute la philosophie de la pr\u00e9vention en MTC !<\/b><\/p>\n<p><span style=\"font-weight: 400\">par <\/span><a href=\"https:\/\/www.medoucine.com\/consultation\/boulazac-isle-manoire\/yvette-prin\/3518\"><span style=\"font-weight: 400\">Yvette Prin, praticienne en naturopathie et \u00e9nerg\u00e9tique traditionnelle chinoise<\/span><\/a><span style=\"font-weight: 400\"> du r\u00e9seau M\u00e9doucine.<\/span><\/p>\n<p><span style=\"font-weight: 400\">Ouvrages consult\u00e9s pour la r\u00e9daction de cet article :<\/span><\/p>\n<p><span style=\"font-weight: 400\">Lise Bourbeau, \u00ab \u00c9coute ton corps \u00bb (Editions J\u2019ai lu) et \u00ab Ton corps dit aime toi \u00bb (Edition E.T.C.)<\/span><\/p>\n","protected":false},"excerpt":{"rendered":"<p>Si vous souffrez du rhume des foins, avec rhinites, \u00e9ternuements intempestifs, yeux larmoyants, sinusites au retour des beaux jours, vous \u00eates sans doute concern\u00e9 par les allergies printani\u00e8res. Le saviez-vous ? Ces manifestations d\u00e9coulent d\u2019une r\u00e9action du syst\u00e8me immunitaire face aux substances allergisantes du printemps comme les pollens. Elles concernent de nombreuses personnes, y compris les enfants.\u00a0 Et si la pr\u00e9vention \u00e9tait la cl\u00e9 pour mieux vivre le changement de saison ? La M\u00e9decine traditionnelle chinoise (MTC) contribue \u00e0 soutenir l&rsquo;immunit\u00e9 et limiter l&rsquo;intensit\u00e9 des allergies de printemps. Approche globale, int\u00e9grant les dimensions physiques et psycho-\u00e9motionnelles, elle a toute sa place parmi la panoplie de m\u00e9thodes de pr\u00e9servation de la sant\u00e9 et du bien-\u00eatre. Qu\u2019est-ce que le rhume des foins ?\u00a0 Tr\u00e8s r\u00e9pandu, le rhume des foins se d\u00e9clenche au contact de pollens de printemps [&hellip;]<\/p>\n","protected":false},"author":644,"featured_media":41029,"comment_status":"open","ping_status":"open","sticky":false,"template":"","format":"standard","meta":{"_acf_changed":false,"footnotes":""},"categories":[163,106,195],"tags":[288,26,272],"class_list":["post-41025","post","type-post","status-publish","format-standard","has-post-thumbnail","hentry","category-prevention","category-sante","category-solutions-naturelles","tag-bien-etre","tag-medecine-traditionnelle-chinoise","tag-systeme-immunitaire"],"acf":[],"yoast_head":"<!-- This site is optimized with the Yoast SEO plugin v27.1.1 - https:\/\/yoast.com\/product\/yoast-seo-wordpress\/ -->\n<title>Pr\u00e9venir les allergies au printemps avec la MTC<\/title>\n<meta name=\"description\" content=\"Allergies de printemps : d\u00e9couvrez la m\u00e9decine traditionnelle chinoise, une approche globale pour pr\u00e9venir le rhume des foins et renforcer votre immunit\u00e9\" \/>\n<meta name=\"robots\" content=\"index, follow, max-snippet:-1, max-image-preview:large, max-video-preview:-1\" \/>\n<link rel=\"canonical\" href=\"https:\/\/www.medoucine.com\/blog\/allergies-au-printemps-avec-la-mtc\/\" \/>\n<meta property=\"og:locale\" content=\"fr_FR\" \/>\n<meta property=\"og:type\" content=\"article\" \/>\n<meta property=\"og:title\" content=\"Pr\u00e9venir les allergies au printemps avec la MTC\" \/>\n<meta property=\"og:description\" content=\"Allergies de printemps : d\u00e9couvrez la m\u00e9decine traditionnelle chinoise, une approche globale pour pr\u00e9venir le rhume des foins et renforcer votre immunit\u00e9\" \/>\n<meta property=\"og:url\" content=\"https:\/\/www.medoucine.com\/blog\/allergies-au-printemps-avec-la-mtc\/\" \/>\n<meta property=\"og:site_name\" content=\"Blog de Medoucine\" \/>\n<meta property=\"article:publisher\" content=\"https:\/\/www.facebook.com\/medoucine\/\" \/>\n<meta property=\"article:published_time\" content=\"2026-03-11T13:39:34+00:00\" \/>\n<meta property=\"article:modified_time\" content=\"2026-04-08T15:37:25+00:00\" \/>\n<meta property=\"og:image\" content=\"https:\/\/www.medoucine.com\/blog\/wp-content\/uploads\/2026\/03\/allergies_de_printemps_original.jpg\" \/>\n\t<meta property=\"og:image:width\" content=\"789\" \/>\n\t<meta property=\"og:image:height\" content=\"810\" \/>\n\t<meta property=\"og:image:type\" content=\"image\/jpeg\" \/>\n<meta name=\"author\" content=\"Yvette Prin\" \/>\n<meta name=\"twitter:card\" content=\"summary_large_image\" \/>\n<meta name=\"twitter:creator\" content=\"@medoucinefr\" \/>\n<meta name=\"twitter:site\" content=\"@medoucinefr\" \/>\n<meta name=\"twitter:label1\" content=\"\u00c9crit par\" \/>\n\t<meta name=\"twitter:data1\" content=\"Yvette Prin\" \/>\n\t<meta name=\"twitter:label2\" content=\"Dur\u00e9e de lecture estim\u00e9e\" \/>\n\t<meta name=\"twitter:data2\" content=\"6 minutes\" \/>\n<script type=\"application\/ld+json\" class=\"yoast-schema-graph\">{\"@context\":\"https:\/\/schema.org\",\"@graph\":[{\"@type\":\"Article\",\"@id\":\"https:\/\/www.medoucine.com\/blog\/allergies-au-printemps-avec-la-mtc\/#article\",\"isPartOf\":{\"@id\":\"https:\/\/www.medoucine.com\/blog\/allergies-au-printemps-avec-la-mtc\/\"},\"author\":{\"name\":\"Yvette Prin\",\"@id\":\"https:\/\/www.medoucine.com\/blog\/#\/schema\/person\/42aa915bb31d45c0e6d649bf620b2796\"},\"headline\":\"Pr\u00e9venir les allergies au printemps avec la m\u00e9decine traditionnelle chinoise\",\"datePublished\":\"2026-03-11T13:39:34+00:00\",\"dateModified\":\"2026-04-08T15:37:25+00:00\",\"mainEntityOfPage\":{\"@id\":\"https:\/\/www.medoucine.com\/blog\/allergies-au-printemps-avec-la-mtc\/\"},\"wordCount\":1353,\"commentCount\":0,\"publisher\":{\"@id\":\"https:\/\/www.medoucine.com\/blog\/#organization\"},\"image\":{\"@id\":\"https:\/\/www.medoucine.com\/blog\/allergies-au-printemps-avec-la-mtc\/#primaryimage\"},\"thumbnailUrl\":\"https:\/\/www.medoucine.com\/blog\/wp-content\/uploads\/2026\/03\/allergies_de_printemps_original.jpg\",\"keywords\":[\"bien-\u00eatre\",\"M\u00e9decine Traditionnelle Chinoise\",\"syst\u00e8me immunitaire\"],\"articleSection\":[\"Pr\u00e9vention\",\"Sant\u00e9\",\"Solutions Naturelles\"],\"inLanguage\":\"fr-FR\",\"potentialAction\":[{\"@type\":\"CommentAction\",\"name\":\"Comment\",\"target\":[\"https:\/\/www.medoucine.com\/blog\/allergies-au-printemps-avec-la-mtc\/#respond\"]}]},{\"@type\":\"WebPage\",\"@id\":\"https:\/\/www.medoucine.com\/blog\/allergies-au-printemps-avec-la-mtc\/\",\"url\":\"https:\/\/www.medoucine.com\/blog\/allergies-au-printemps-avec-la-mtc\/\",\"name\":\"Pr\u00e9venir les allergies au printemps avec la MTC\",\"isPartOf\":{\"@id\":\"https:\/\/www.medoucine.com\/blog\/#website\"},\"primaryImageOfPage\":{\"@id\":\"https:\/\/www.medoucine.com\/blog\/allergies-au-printemps-avec-la-mtc\/#primaryimage\"},\"image\":{\"@id\":\"https:\/\/www.medoucine.com\/blog\/allergies-au-printemps-avec-la-mtc\/#primaryimage\"},\"thumbnailUrl\":\"https:\/\/www.medoucine.com\/blog\/wp-content\/uploads\/2026\/03\/allergies_de_printemps_original.jpg\",\"datePublished\":\"2026-03-11T13:39:34+00:00\",\"dateModified\":\"2026-04-08T15:37:25+00:00\",\"description\":\"Allergies de printemps : d\u00e9couvrez la m\u00e9decine traditionnelle chinoise, une approche globale pour pr\u00e9venir le rhume des foins et renforcer votre immunit\u00e9\",\"breadcrumb\":{\"@id\":\"https:\/\/www.medoucine.com\/blog\/allergies-au-printemps-avec-la-mtc\/#breadcrumb\"},\"inLanguage\":\"fr-FR\",\"potentialAction\":[{\"@type\":\"ReadAction\",\"target\":[\"https:\/\/www.medoucine.com\/blog\/allergies-au-printemps-avec-la-mtc\/\"]}]},{\"@type\":\"ImageObject\",\"inLanguage\":\"fr-FR\",\"@id\":\"https:\/\/www.medoucine.com\/blog\/allergies-au-printemps-avec-la-mtc\/#primaryimage\",\"url\":\"https:\/\/www.medoucine.com\/blog\/wp-content\/uploads\/2026\/03\/allergies_de_printemps_original.jpg\",\"contentUrl\":\"https:\/\/www.medoucine.com\/blog\/wp-content\/uploads\/2026\/03\/allergies_de_printemps_original.jpg\",\"width\":789,\"height\":810,\"caption\":\"jeune femme allergique se mouchant\"},{\"@type\":\"BreadcrumbList\",\"@id\":\"https:\/\/www.medoucine.com\/blog\/allergies-au-printemps-avec-la-mtc\/#breadcrumb\",\"itemListElement\":[{\"@type\":\"ListItem\",\"position\":1,\"name\":\"Blog Medoucine\",\"item\":\"https:\/\/www.medoucine.com\/blog\/\"},{\"@type\":\"ListItem\",\"position\":2,\"name\":\"Sant\u00e9\",\"item\":\"https:\/\/www.medoucine.com\/blog\/cat\/sante\/\"},{\"@type\":\"ListItem\",\"position\":3,\"name\":\"Pr\u00e9vention\",\"item\":\"https:\/\/www.medoucine.com\/blog\/cat\/sante\/prevention\/\"},{\"@type\":\"ListItem\",\"position\":4,\"name\":\"Pr\u00e9venir les allergies au printemps avec la m\u00e9decine traditionnelle chinoise\"}]},{\"@type\":\"WebSite\",\"@id\":\"https:\/\/www.medoucine.com\/blog\/#website\",\"url\":\"https:\/\/www.medoucine.com\/blog\/\",\"name\":\"Blog de Medoucine\",\"description\":\"Le blog des m\u00e9decines douces\",\"publisher\":{\"@id\":\"https:\/\/www.medoucine.com\/blog\/#organization\"},\"potentialAction\":[{\"@type\":\"SearchAction\",\"target\":{\"@type\":\"EntryPoint\",\"urlTemplate\":\"https:\/\/www.medoucine.com\/blog\/?s={search_term_string}\"},\"query-input\":{\"@type\":\"PropertyValueSpecification\",\"valueRequired\":true,\"valueName\":\"search_term_string\"}}],\"inLanguage\":\"fr-FR\"},{\"@type\":\"Organization\",\"@id\":\"https:\/\/www.medoucine.com\/blog\/#organization\",\"name\":\"Medoucine\",\"url\":\"https:\/\/www.medoucine.com\/blog\/\",\"logo\":{\"@type\":\"ImageObject\",\"inLanguage\":\"fr-FR\",\"@id\":\"https:\/\/www.medoucine.com\/blog\/#\/schema\/logo\/image\/\",\"url\":\"https:\/\/www.medoucine.com\/blog\/wp-content\/uploads\/2019\/07\/logo@3x.png\",\"contentUrl\":\"https:\/\/www.medoucine.com\/blog\/wp-content\/uploads\/2019\/07\/logo@3x.png\",\"width\":555,\"height\":135,\"caption\":\"Medoucine\"},\"image\":{\"@id\":\"https:\/\/www.medoucine.com\/blog\/#\/schema\/logo\/image\/\"},\"sameAs\":[\"https:\/\/www.facebook.com\/medoucine\/\",\"https:\/\/x.com\/medoucinefr\",\"https:\/\/www.instagram.com\/medoucine\/\",\"https:\/\/www.youtube.com\/channel\/UCtZeUeJ_KebYK0KJAXjJV8g\"]},{\"@type\":\"Person\",\"@id\":\"https:\/\/www.medoucine.com\/blog\/#\/schema\/person\/42aa915bb31d45c0e6d649bf620b2796\",\"name\":\"Yvette Prin\",\"image\":{\"@type\":\"ImageObject\",\"inLanguage\":\"fr-FR\",\"@id\":\"https:\/\/www.medoucine.com\/blog\/#\/schema\/person\/image\/\",\"url\":\"https:\/\/secure.gravatar.com\/avatar\/eb663e359c068d6ddeede0bac24454e69749a194d99c33c35c51172a9d4b5b5a?s=96&d=mm&r=g\",\"contentUrl\":\"https:\/\/secure.gravatar.com\/avatar\/eb663e359c068d6ddeede0bac24454e69749a194d99c33c35c51172a9d4b5b5a?s=96&d=mm&r=g\",\"caption\":\"Yvette Prin\"},\"description\":\"Praticienne en naturopathie et en \u00c9nerg\u00e9tique Traditionnelle Chinoise, Yvette Prin aide celles et ceux qui le souhaitent \u00e0 harmoniser leur corps et leur esprit pour s'\u00e9panouir.\",\"sameAs\":[\"https:\/\/www.medoucine.com\/consultation\/boulazac-isle-manoire\/yvette-prin\/3518\"],\"url\":\"https:\/\/www.medoucine.com\/blog\/author\/yvette_prin\/\"}]}<\/script>\n<!-- \/ Yoast SEO plugin. -->","yoast_head_json":{"title":"Pr\u00e9venir les allergies au printemps avec la MTC","description":"Allergies de printemps : d\u00e9couvrez la m\u00e9decine traditionnelle chinoise, une approche globale pour pr\u00e9venir le rhume des foins et renforcer votre immunit\u00e9","robots":{"index":"index","follow":"follow","max-snippet":"max-snippet:-1","max-image-preview":"max-image-preview:large","max-video-preview":"max-video-preview:-1"},"canonical":"https:\/\/www.medoucine.com\/blog\/allergies-au-printemps-avec-la-mtc\/","og_locale":"fr_FR","og_type":"article","og_title":"Pr\u00e9venir les allergies au printemps avec la MTC","og_description":"Allergies de printemps : d\u00e9couvrez la m\u00e9decine traditionnelle chinoise, une approche globale pour pr\u00e9venir le rhume des foins et renforcer votre immunit\u00e9","og_url":"https:\/\/www.medoucine.com\/blog\/allergies-au-printemps-avec-la-mtc\/","og_site_name":"Blog de Medoucine","article_publisher":"https:\/\/www.facebook.com\/medoucine\/","article_published_time":"2026-03-11T13:39:34+00:00","article_modified_time":"2026-04-08T15:37:25+00:00","og_image":[{"width":789,"height":810,"url":"https:\/\/www.medoucine.com\/blog\/wp-content\/uploads\/2026\/03\/allergies_de_printemps_original.jpg","type":"image\/jpeg"}],"author":"Yvette Prin","twitter_card":"summary_large_image","twitter_creator":"@medoucinefr","twitter_site":"@medoucinefr","twitter_misc":{"\u00c9crit par":"Yvette Prin","Dur\u00e9e de lecture estim\u00e9e":"6 minutes"},"schema":{"@context":"https:\/\/schema.org","@graph":[{"@type":"Article","@id":"https:\/\/www.medoucine.com\/blog\/allergies-au-printemps-avec-la-mtc\/#article","isPartOf":{"@id":"https:\/\/www.medoucine.com\/blog\/allergies-au-printemps-avec-la-mtc\/"},"author":{"name":"Yvette Prin","@id":"https:\/\/www.medoucine.com\/blog\/#\/schema\/person\/42aa915bb31d45c0e6d649bf620b2796"},"headline":"Pr\u00e9venir les allergies au printemps avec la m\u00e9decine traditionnelle chinoise","datePublished":"2026-03-11T13:39:34+00:00","dateModified":"2026-04-08T15:37:25+00:00","mainEntityOfPage":{"@id":"https:\/\/www.medoucine.com\/blog\/allergies-au-printemps-avec-la-mtc\/"},"wordCount":1353,"commentCount":0,"publisher":{"@id":"https:\/\/www.medoucine.com\/blog\/#organization"},"image":{"@id":"https:\/\/www.medoucine.com\/blog\/allergies-au-printemps-avec-la-mtc\/#primaryimage"},"thumbnailUrl":"https:\/\/www.medoucine.com\/blog\/wp-content\/uploads\/2026\/03\/allergies_de_printemps_original.jpg","keywords":["bien-\u00eatre","M\u00e9decine Traditionnelle Chinoise","syst\u00e8me immunitaire"],"articleSection":["Pr\u00e9vention","Sant\u00e9","Solutions Naturelles"],"inLanguage":"fr-FR","potentialAction":[{"@type":"CommentAction","name":"Comment","target":["https:\/\/www.medoucine.com\/blog\/allergies-au-printemps-avec-la-mtc\/#respond"]}]},{"@type":"WebPage","@id":"https:\/\/www.medoucine.com\/blog\/allergies-au-printemps-avec-la-mtc\/","url":"https:\/\/www.medoucine.com\/blog\/allergies-au-printemps-avec-la-mtc\/","name":"Pr\u00e9venir les allergies au printemps avec la MTC","isPartOf":{"@id":"https:\/\/www.medoucine.com\/blog\/#website"},"primaryImageOfPage":{"@id":"https:\/\/www.medoucine.com\/blog\/allergies-au-printemps-avec-la-mtc\/#primaryimage"},"image":{"@id":"https:\/\/www.medoucine.com\/blog\/allergies-au-printemps-avec-la-mtc\/#primaryimage"},"thumbnailUrl":"https:\/\/www.medoucine.com\/blog\/wp-content\/uploads\/2026\/03\/allergies_de_printemps_original.jpg","datePublished":"2026-03-11T13:39:34+00:00","dateModified":"2026-04-08T15:37:25+00:00","description":"Allergies de printemps : d\u00e9couvrez la m\u00e9decine traditionnelle chinoise, une approche globale pour pr\u00e9venir le rhume des foins et renforcer votre immunit\u00e9","breadcrumb":{"@id":"https:\/\/www.medoucine.com\/blog\/allergies-au-printemps-avec-la-mtc\/#breadcrumb"},"inLanguage":"fr-FR","potentialAction":[{"@type":"ReadAction","target":["https:\/\/www.medoucine.com\/blog\/allergies-au-printemps-avec-la-mtc\/"]}]},{"@type":"ImageObject","inLanguage":"fr-FR","@id":"https:\/\/www.medoucine.com\/blog\/allergies-au-printemps-avec-la-mtc\/#primaryimage","url":"https:\/\/www.medoucine.com\/blog\/wp-content\/uploads\/2026\/03\/allergies_de_printemps_original.jpg","contentUrl":"https:\/\/www.medoucine.com\/blog\/wp-content\/uploads\/2026\/03\/allergies_de_printemps_original.jpg","width":789,"height":810,"caption":"jeune femme allergique se mouchant"},{"@type":"BreadcrumbList","@id":"https:\/\/www.medoucine.com\/blog\/allergies-au-printemps-avec-la-mtc\/#breadcrumb","itemListElement":[{"@type":"ListItem","position":1,"name":"Blog Medoucine","item":"https:\/\/www.medoucine.com\/blog\/"},{"@type":"ListItem","position":2,"name":"Sant\u00e9","item":"https:\/\/www.medoucine.com\/blog\/cat\/sante\/"},{"@type":"ListItem","position":3,"name":"Pr\u00e9vention","item":"https:\/\/www.medoucine.com\/blog\/cat\/sante\/prevention\/"},{"@type":"ListItem","position":4,"name":"Pr\u00e9venir les allergies au printemps avec la m\u00e9decine traditionnelle chinoise"}]},{"@type":"WebSite","@id":"https:\/\/www.medoucine.com\/blog\/#website","url":"https:\/\/www.medoucine.com\/blog\/","name":"Blog de Medoucine","description":"Le blog des m\u00e9decines douces","publisher":{"@id":"https:\/\/www.medoucine.com\/blog\/#organization"},"potentialAction":[{"@type":"SearchAction","target":{"@type":"EntryPoint","urlTemplate":"https:\/\/www.medoucine.com\/blog\/?s={search_term_string}"},"query-input":{"@type":"PropertyValueSpecification","valueRequired":true,"valueName":"search_term_string"}}],"inLanguage":"fr-FR"},{"@type":"Organization","@id":"https:\/\/www.medoucine.com\/blog\/#organization","name":"Medoucine","url":"https:\/\/www.medoucine.com\/blog\/","logo":{"@type":"ImageObject","inLanguage":"fr-FR","@id":"https:\/\/www.medoucine.com\/blog\/#\/schema\/logo\/image\/","url":"https:\/\/www.medoucine.com\/blog\/wp-content\/uploads\/2019\/07\/logo@3x.png","contentUrl":"https:\/\/www.medoucine.com\/blog\/wp-content\/uploads\/2019\/07\/logo@3x.png","width":555,"height":135,"caption":"Medoucine"},"image":{"@id":"https:\/\/www.medoucine.com\/blog\/#\/schema\/logo\/image\/"},"sameAs":["https:\/\/www.facebook.com\/medoucine\/","https:\/\/x.com\/medoucinefr","https:\/\/www.instagram.com\/medoucine\/","https:\/\/www.youtube.com\/channel\/UCtZeUeJ_KebYK0KJAXjJV8g"]},{"@type":"Person","@id":"https:\/\/www.medoucine.com\/blog\/#\/schema\/person\/42aa915bb31d45c0e6d649bf620b2796","name":"Yvette Prin","image":{"@type":"ImageObject","inLanguage":"fr-FR","@id":"https:\/\/www.medoucine.com\/blog\/#\/schema\/person\/image\/","url":"https:\/\/secure.gravatar.com\/avatar\/eb663e359c068d6ddeede0bac24454e69749a194d99c33c35c51172a9d4b5b5a?s=96&d=mm&r=g","contentUrl":"https:\/\/secure.gravatar.com\/avatar\/eb663e359c068d6ddeede0bac24454e69749a194d99c33c35c51172a9d4b5b5a?s=96&d=mm&r=g","caption":"Yvette Prin"},"description":"Praticienne en naturopathie et en \u00c9nerg\u00e9tique Traditionnelle Chinoise, Yvette Prin aide celles et ceux qui le souhaitent \u00e0 harmoniser leur corps et leur esprit pour s'\u00e9panouir.","sameAs":["https:\/\/www.medoucine.com\/consultation\/boulazac-isle-manoire\/yvette-prin\/3518"],"url":"https:\/\/www.medoucine.com\/blog\/author\/yvette_prin\/"}]}},"_links":{"self":[{"href":"https:\/\/www.medoucine.com\/blog\/wp-json\/wp\/v2\/posts\/41025","targetHints":{"allow":["GET"]}}],"collection":[{"href":"https:\/\/www.medoucine.com\/blog\/wp-json\/wp\/v2\/posts"}],"about":[{"href":"https:\/\/www.medoucine.com\/blog\/wp-json\/wp\/v2\/types\/post"}],"author":[{"embeddable":true,"href":"https:\/\/www.medoucine.com\/blog\/wp-json\/wp\/v2\/users\/644"}],"replies":[{"embeddable":true,"href":"https:\/\/www.medoucine.com\/blog\/wp-json\/wp\/v2\/comments?post=41025"}],"version-history":[{"count":18,"href":"https:\/\/www.medoucine.com\/blog\/wp-json\/wp\/v2\/posts\/41025\/revisions"}],"predecessor-version":[{"id":41702,"href":"https:\/\/www.medoucine.com\/blog\/wp-json\/wp\/v2\/posts\/41025\/revisions\/41702"}],"wp:featuredmedia":[{"embeddable":true,"href":"https:\/\/www.medoucine.com\/blog\/wp-json\/wp\/v2\/media\/41029"}],"wp:attachment":[{"href":"https:\/\/www.medoucine.com\/blog\/wp-json\/wp\/v2\/media?parent=41025"}],"wp:term":[{"taxonomy":"category","embeddable":true,"href":"https:\/\/www.medoucine.com\/blog\/wp-json\/wp\/v2\/categories?post=41025"},{"taxonomy":"post_tag","embeddable":true,"href":"https:\/\/www.medoucine.com\/blog\/wp-json\/wp\/v2\/tags?post=41025"}],"curies":[{"name":"wp","href":"https:\/\/api.w.org\/{rel}","templated":true}]}}