{"id":37755,"date":"2026-01-26T11:09:08","date_gmt":"2026-01-26T10:09:08","guid":{"rendered":"https:\/\/www.medoucine.com\/blog\/?p=37755"},"modified":"2026-04-08T17:37:43","modified_gmt":"2026-04-08T15:37:43","slug":"sinspirer-des-vikings-pour-mieux-nourrir-son-metabolisme-en-hiver","status":"publish","type":"post","link":"https:\/\/www.medoucine.com\/blog\/sinspirer-des-vikings-pour-mieux-nourrir-son-metabolisme-en-hiver\/","title":{"rendered":"S\u2019inspirer des Vikings pour mieux nourrir son m\u00e9tabolisme en hiver"},"content":{"rendered":"<div class=\"wpb-content-wrapper\">[vc_row][vc_column][vc_column_text css=\u00a0\u00bb\u00a0\u00bb]\n<p style=\"font-weight: 400\">Lorsque l\u2019hiver s\u2019installe, notre corps est mis \u00e0 l\u2019\u00e9preuve :<\/p>\n<ul>\n<li>Fatigue accrue,<\/li>\n<li>Sensation de froid,<\/li>\n<li>Digestion plus lente,<\/li>\n<li>Envies alimentaires plus marqu\u00e9es.<\/li>\n<\/ul>\n<p style=\"font-weight: 400\">Ces r\u00e9actions ne sont pas anodines. Elles traduisent <strong>un besoin physiologique d\u2019adaptation<\/strong> \u00e0 une saison plus exigeante sur le plan \u00e9nerg\u00e9tique.<\/p>\n<p style=\"font-weight: 400\">Dans ce contexte, certaines traditions alimentaires ancestrales peuvent offrir des pistes de r\u00e9flexion int\u00e9ressantes. Loin des clich\u00e9s, l\u2019alimentation des peuples <a href=\"https:\/\/fr.wikipedia.org\/wiki\/Vikings\">vikings<\/a> reposait sur <strong>des choix simples, coh\u00e9rents avec leur environnement et leur mode de vie <\/strong>: aliments peu transform\u00e9s, repas nourrissants, et respect des rythmes naturels du corps.<\/p>\n<p style=\"font-weight: 400\">\u00c0 travers cet article, je vous propose d\u2019explorer comment ces principes anciens peuvent aujourd\u2019hui inspirer une alimentation plus adapt\u00e9e \u00e0 l\u2019hiver, dans une approche moderne et respectueuse de nos besoins actuels.<\/p>\n<h2 style=\"font-weight: 400\"><strong><a href=\"https:\/\/www.medoucine.com\/blog\/wp-content\/uploads\/2026\/01\/Articles-blog-2.png\"><img loading=\"lazy\" decoding=\"async\" class=\"size-large wp-image-37764 aligncenter\" src=\"https:\/\/www.medoucine.com\/blog\/wp-content\/uploads\/2026\/01\/Articles-blog-2-1024x683.png\" alt=\"\" width=\"1024\" height=\"683\" srcset=\"https:\/\/www.medoucine.com\/blog\/wp-content\/uploads\/2026\/01\/Articles-blog-2-1024x683.png 1024w, https:\/\/www.medoucine.com\/blog\/wp-content\/uploads\/2026\/01\/Articles-blog-2-300x200.png 300w, https:\/\/www.medoucine.com\/blog\/wp-content\/uploads\/2026\/01\/Articles-blog-2-768x512.png 768w, https:\/\/www.medoucine.com\/blog\/wp-content\/uploads\/2026\/01\/Articles-blog-2-1140x760.png 1140w, https:\/\/www.medoucine.com\/blog\/wp-content\/uploads\/2026\/01\/Articles-blog-2.png 1536w\" sizes=\"auto, (max-width: 1024px) 100vw, 1024px\" \/><\/a>L\u2019hiver : une saison qui modifie les besoins du m\u00e9tabolisme<\/strong><\/h2>\n<p style=\"font-weight: 400\">Lorsque les temp\u00e9ratures baissent et que les journ\u00e9es raccourcissent, notre organisme ne fonctionne pas tout \u00e0 fait de la m\u00eame mani\u00e8re qu\u2019en \u00e9t\u00e9. Ce ralentissement saisonnier est une r\u00e9ponse naturelle du corps \u00e0 son environnement.<\/p>\n<p style=\"font-weight: 400\">En hiver, le m\u00e9tabolisme doit mobiliser davantage d\u2019\u00e9nergie pour maintenir la temp\u00e9rature corporelle. Cette adaptation se traduit souvent par une <a href=\"https:\/\/www.medoucine.com\/maux-troubles\/fatigue\"><strong>sensation de fatigue<\/strong><\/a> plus marqu\u00e9e, <a href=\"https:\/\/www.medoucine.com\/maux-troubles\/digestion\"><strong>une digestion plus lente<\/strong><\/a> et une envie accrue d\u2019aliments nourrissants. Le corps cherche alors avant tout \u00e0 pr\u00e9server ses r\u00e9serves et \u00e0 soutenir ses fonctions vitales.<\/p>\n<p style=\"font-weight: 400\">Par ailleurs, la diminution de l\u2019exposition \u00e0 la <a href=\"https:\/\/www.medoucine.com\/blog\/comment-faire-le-plein-de-lumiere-lorsque-les-jours-raccourcissent\/\"><strong>lumi\u00e8re naturelle<\/strong><\/a> peut influencer le rythme veille-sommeil et <a href=\"https:\/\/www.medoucine.com\/blog\/5-cles-pour-calmer-son-mental-hyper-sollicite\/\"><strong>l\u2019humeur<\/strong>,<\/a> avec des r\u00e9percussions indirectes sur<strong> l\u2019app\u00e9tit<\/strong> et la gestion de l\u2019\u00e9nergie. Il n\u2019est donc pas rare d\u2019observer en hiver une attirance plus forte pour les repas chauds, r\u00e9confortants, consistants et rassasiants.<\/p>\n<p style=\"font-weight: 400\">Sur le plan digestif, le syst\u00e8me a tendance \u00e0 fonctionner plus lentement. Les aliments froids, crus ou trop l\u00e9gers peuvent alors \u00eatre moins bien tol\u00e9r\u00e9s par certaines personnes, g\u00e9n\u00e9rant inconfort ou <a href=\"https:\/\/www.medoucine.com\/blog\/quels-aliments-pour-eviter-les-ballonnements\/\"><strong>ballonnements<\/strong><\/a>. \u00c0 l\u2019inverse, des repas plus structur\u00e9s, compos\u00e9s d\u2019aliments cuits et riches en nutriments, sont souvent mieux accept\u00e9s par l\u2019organisme durant cette p\u00e9riode.<\/p>\n<p style=\"font-weight: 400\">Comprendre ces ajustements saisonniers permet d\u2019adapter son alimentation de mani\u00e8re plus respectueuse du corps, sans tomber dans des r\u00e8gles strictes ou des mod\u00e8les uniques. L\u2019hiver invite avant tout \u00e0 une forme d\u2019\u00e9coute : observer ses besoins, ajuster ses choix alimentaires et soutenir son m\u00e9tabolisme avec coh\u00e9rence.<\/p>\n<div class=\"m-spin\">\n<p class=\"m-spin__text\"><strong>Boostez votre \u00e9nergie cet hiver avec la m\u00e9decine douce<\/strong><\/p>\n<p class=\"m-spin__text\">L&rsquo;alimentation et le mode de vie des Vikings peuvent inspirer votre approche hivernale. Prenez rendez-vous avec un <a class=\"m-spin__link\" target=\"_blank\" rel=\"noopener noreferrer\" href=\"https:\/\/www.medoucine.com\/consultations\/se-soigner\/naturopathie\/marseille\/tous-publics\/a-domicile-ou-cabinet?utm_source=medoucine_blog_B2C&amp;utm_medium=article_blog&amp;utm_campaign=spin_seo\">Naturopathe \u00e0 Marseille<\/a>, un <a class=\"m-spin__link\" target=\"_blank\" rel=\"noopener noreferrer\" href=\"https:\/\/www.medoucine.com\/consultations\/se-soigner\/naturopathie\/nantes\/tous-publics\/a-domicile-ou-cabinet?utm_source=medoucine_blog_B2C&amp;utm_medium=article_blog&amp;utm_campaign=spin_seo\">Naturopathe \u00e0 Nantes<\/a> ou un <a class=\"m-spin__link\" target=\"_blank\" rel=\"noopener noreferrer\" href=\"https:\/\/www.medoucine.com\/consultations\/se-soigner\/naturopathie\/toulouse\/tous-publics\/a-domicile-ou-cabinet?utm_source=medoucine_blog_B2C&amp;utm_medium=article_blog&amp;utm_campaign=spin_seo\">Naturopathe \u00e0 Toulouse<\/a> pour un accompagnement personnalis\u00e9. La naturopathie vous aide \u00e0 retrouver un \u00e9quilibre \u00e9nerg\u00e9tique optimal.<\/p>\n<p class=\"m-spin__text\">Vous souhaitez b\u00e9n\u00e9ficier des bienfaits de la m\u00e9decine naturelle ? Trouvez des <a class=\"m-spin__link\" target=\"_blank\" rel=\"noopener noreferrer\" href=\"https:\/\/www.medoucine.com\/consultations\/se-soigner\/naturopathie\/autour-de-moi?utm_source=medoucine_blog_B2C&amp;utm_medium=article_blog&amp;utm_campaign=spin_seo\">Naturopathes pr\u00e8s de chez vous<\/a> pour une sant\u00e9 durable et \u00e9panouie.<\/p>\n<\/div>\n<h2 style=\"font-weight: 400\"><strong>Ce que mangeaient r\u00e9ellement les Vikings<\/strong><\/h2>\n<p style=\"font-weight: 400\">L\u2019image populaire des Vikings est souvent associ\u00e9e \u00e0 des banquets excessifs, riches en viande et en alcool (des trucs de barbares quoi\u00a0!). La r\u00e9alit\u00e9 historique est pourtant bien diff\u00e9rente. Leur alimentation \u00e9tait avant tout <strong>conditionn\u00e9e par le climat<\/strong>, les ressources disponibles et la n\u00e9cessit\u00e9 de se nourrir de fa\u00e7on efficace et durable.<\/p>\n<p style=\"font-weight: 400\">Les peuples nordiques consommaient principalement <strong>des aliments locaux et de saison<\/strong>. Les poissons occupaient une place centrale, notamment le hareng, la morue ou le saumon, faciles \u00e0 p\u00eacher et \u00e0 conserver. Les viandes provenaient surtout de l\u2019\u00e9levage et de la chasse, avec une valorisation compl\u00e8te de l\u2019animal, y compris les abats, particuli\u00e8rement riches sur le plan nutritionnel.<\/p>\n<p style=\"font-weight: 400\">Les <a href=\"https:\/\/www.ameli.fr\/assure\/sante\/themes\/alimentation\/alimentation-adulte\/alimentation-adulte-types-aliments\"><strong>c\u00e9r\u00e9ales<\/strong><\/a> \u00e9taient pr\u00e9sentes, mais en quantit\u00e9s mod\u00e9r\u00e9es et sous des formes non transform\u00e9es. L\u2019orge, le seigle ou l\u2019avoine \u00e9taient consomm\u00e9s sous forme de bouillies ou de pains rustiques, loin des farines raffin\u00e9es que nous connaissons aujourd\u2019hui. Les l\u00e9gumes disponibles, comme les choux, les navets, les oignons ou les poireaux, apportaient fibres et micronutriments essentiels \u00e0 l\u2019\u00e9quilibre digestif.<\/p>\n<p style=\"font-weight: 400\">Les fruits frais \u00e9tant rares en hiver, les Vikings se tournaient davantage vers <strong>les baies sauvages,<\/strong> souvent s\u00e9ch\u00e9es, ainsi que vers les plantes locales. Les aliments sucr\u00e9s restaient exceptionnels, r\u00e9serv\u00e9s \u00e0 certaines p\u00e9riodes ou usages sp\u00e9cifiques.<\/p>\n<p style=\"font-weight: 400\">Enfin, <a href=\"https:\/\/www.tarn.gouv.fr\/Services-de-l-Etat\/Emploi-travail-solidarites-et-protection-des-populations\/Concurrence.-Consommation-et-Repression-des-Fraudes\/Securite-et-qualite-des-produits-et-des-services\/Conservation-des-aliments\"><strong>les techniques de conservation<\/strong><\/a> jouaient un r\u00f4le fondamental dans leur alimentation quotidienne. La fermentation, le s\u00e9chage, le fumage ou le salage permettaient de pr\u00e9server les aliments tout en prolongeant leur disponibilit\u00e9 sur les mois les plus froids. Ces pratiques, loin d\u2019\u00eatre anecdotiques, participaient \u00e0 la diversit\u00e9 alimentaire et au confort digestif.<\/p>\n<p style=\"font-weight: 400\">Elles r\u00e9pondaient avant tout \u00e0 un besoin fondamental : soutenir l\u2019organisme dans un environnement exigeant, en utilisant intelligemment les ressources \u00e0 disposition.<\/p>\n<h2 style=\"font-weight: 400\"><strong>Pourquoi cette alimentation soutenait l\u2019\u00e9nergie en climat froid<\/strong><\/h2>\n<p style=\"font-weight: 400\">Vivre et se nourrir dans un environnement froid impose des exigences particuli\u00e8res au corps. Pour faire face aux basses temp\u00e9ratures, \u00e0 l\u2019effort physique et aux longues p\u00e9riodes hivernales, l\u2019organisme a besoin d\u2019une \u00e9nergie stable, durable et facilement mobilisable. L\u2019alimentation viking r\u00e9pondait pr\u00e9cis\u00e9ment \u00e0 ces besoins.<\/p>\n<p style=\"font-weight: 400\">Les repas \u00e9taient compos\u00e9s d\u2019aliments \u00e0 forte densit\u00e9 nutritionnelle, capables d\u2019apporter beaucoup d\u2019\u00e9nergie sans volumes excessifs. Les <a href=\"https:\/\/www.msdmanuals.com\/fr\/accueil\/troubles-de-la-nutrition\/pr%C3%A9sentation-de-la-nutrition\/glucides-prot%C3%A9ines-et-lipides\"><strong>prot\u00e9ines animales<\/strong><\/a>, associ\u00e9es aux graisses naturelles, fournissaient un carburant efficace, permettant de maintenir la chaleur corporelle et de soutenir l\u2019endurance. Contrairement aux <a href=\"https:\/\/www.medoucine.com\/solution\/naturopathie-addictions\"><strong>sucres rapides<\/strong><\/a>, ces sources d\u2019\u00e9nergie \u00e9taient assimil\u00e9es plus lentement, favorisant une sensation de sati\u00e9t\u00e9 prolong\u00e9e.<\/p>\n<p style=\"font-weight: 400\">Cette relative mod\u00e9ration en glucides, notamment sous forme de sucres raffin\u00e9s inexistants \u00e0 l\u2019\u00e9poque, contribuait \u00e0 une \u00e9nergie plus constante tout au long de la journ\u00e9e. Les variations brutales de<a href=\"https:\/\/www.vidal.fr\/maladies\/metabolisme-diabete\/diabete-type-1\/surveiller-glycemie.html\"><strong> glyc\u00e9mie<\/strong><\/a>, responsables de coups de fatigue ou de fringales, \u00e9taient ainsi limit\u00e9es. Le corps pouvait fonctionner de mani\u00e8re plus r\u00e9guli\u00e8re, sans solliciter excessivement ses r\u00e9serves.<\/p>\n<p style=\"font-weight: 400\">Par ailleurs, l\u2019alimentation viking reposait sur des repas structur\u00e9s, pris \u00e0 des moments pr\u00e9cis, laissant au syst\u00e8me digestif le temps de se reposer entre deux prises alimentaires. Cette organisation favorisait une meilleure assimilation des nutriments et une gestion plus efficace de l\u2019\u00e9nergie disponible.<\/p>\n<p style=\"font-weight: 400\">Enfin, le recours quasi syst\u00e9matique \u00e0 <strong>des aliments cuits, ferment\u00e9s ou conserv\u00e9s<\/strong> rendait la digestion plus accessible en p\u00e9riode de froid. Ces formes alimentaires, souvent plus faciles \u00e0 dig\u00e9rer que des aliments crus ou froids, soutenaient le confort digestif tout en r\u00e9pondant aux besoins \u00e9nerg\u00e9tiques de l\u2019hiver.<\/p>\n<p style=\"font-weight: 400\">Cette coh\u00e9rence entre alimentation, environnement et rythme de vie explique en grande partie pourquoi ce mod\u00e8le ancestral permettait de traverser les saisons froides avec endurance et r\u00e9silience.<\/p>\n<h2 style=\"font-weight: 400\"><strong><a href=\"https:\/\/www.medoucine.com\/blog\/wp-content\/uploads\/2026\/01\/Design-sans-titre-30.png\"><img loading=\"lazy\" decoding=\"async\" class=\"size-large wp-image-37756 aligncenter\" src=\"https:\/\/www.medoucine.com\/blog\/wp-content\/uploads\/2026\/01\/Design-sans-titre-30-1024x576.png\" alt=\"baies sauvages alimentation vikings\" width=\"1024\" height=\"576\" srcset=\"https:\/\/www.medoucine.com\/blog\/wp-content\/uploads\/2026\/01\/Design-sans-titre-30-1024x576.png 1024w, https:\/\/www.medoucine.com\/blog\/wp-content\/uploads\/2026\/01\/Design-sans-titre-30-300x169.png 300w, https:\/\/www.medoucine.com\/blog\/wp-content\/uploads\/2026\/01\/Design-sans-titre-30-768x432.png 768w, https:\/\/www.medoucine.com\/blog\/wp-content\/uploads\/2026\/01\/Design-sans-titre-30-1536x864.png 1536w, https:\/\/www.medoucine.com\/blog\/wp-content\/uploads\/2026\/01\/Design-sans-titre-30-1140x641.png 1140w, https:\/\/www.medoucine.com\/blog\/wp-content\/uploads\/2026\/01\/Design-sans-titre-30.png 1920w\" sizes=\"auto, (max-width: 1024px) 100vw, 1024px\" \/><\/a>Fermentation et conservation : un alli\u00e9 digestif ancestral<\/strong><\/h2>\n<p style=\"font-weight: 400\">Dans les r\u00e9gions nordiques, la question de la conservation des aliments \u00e9tait centrale, en particulier durant les longs mois d\u2019hiver. Les Vikings ont d\u00e9velopp\u00e9 des techniques simples et efficaces pour pr\u00e9server leur nourriture tout en maintenant une certaine diversit\u00e9 alimentaire. Parmi elles, la fermentation occupait une place essentielle.<\/p>\n<p style=\"font-weight: 400\">La<strong> fermentation<\/strong> permettait de conserver poissons, l\u00e9gumes ou produits laitiers sur de longues p\u00e9riodes, sans recours \u00e0 des proc\u00e9d\u00e9s complexes. Au-del\u00e0 de l\u2019aspect pratique, ces aliments transform\u00e9s naturellement pr\u00e9sentaient des caract\u00e9ristiques int\u00e9ressantes sur le plan digestif. Ils \u00e9taient souvent plus faciles \u00e0 assimiler et mieux tol\u00e9r\u00e9s, notamment en p\u00e9riode de froid, lorsque le syst\u00e8me digestif peut se montrer plus sensible.<\/p>\n<p style=\"font-weight: 400\">Les aliments ferment\u00e9s contribuaient \u00e9galement \u00e0 nourrir la diversit\u00e9 de la <strong>flore intestinale<\/strong>. Aujourd\u2019hui, de nombreuses recherches s\u2019int\u00e9ressent au lien entre <strong>alimentation ferment\u00e9e<\/strong>, \u00e9quilibre du <a href=\"https:\/\/www.medoucine.com\/blog\/comment-prendre-soin-de-son-microbiote\/\"><strong>microbiote<\/strong><\/a> et confort digestif. Sans transposer directement les pratiques ancestrales \u00e0 notre \u00e9poque, ces observations invitent \u00e0 reconsid\u00e9rer la place des aliments ferment\u00e9s dans une alimentation hivernale moderne.<\/p>\n<p style=\"font-weight: 400\">En hiver, lorsque l\u2019alimentation est parfois plus riche et plus dense, <a href=\"https:\/\/www.medoucine.com\/maux-troubles\/digestion\"><strong>soutenir la digestion<\/strong><\/a> devient un enjeu important. Les techniques de conservation utilis\u00e9es par les Vikings, comme la fermentation, le fumage ou le s\u00e9chage, permettaient de proposer des aliments plus stables, plus digestes et adapt\u00e9s aux contraintes climatiques.<\/p>\n<p style=\"font-weight: 400\">Ces pratiques rappellent qu\u2019une alimentation \u00e9quilibr\u00e9e ne repose pas uniquement sur le choix des aliments, mais aussi sur la mani\u00e8re dont ils sont pr\u00e9par\u00e9s et consomm\u00e9s.<\/p>\n<h2 style=\"font-weight: 400\"><strong>Comment s\u2019en inspirer aujourd\u2019hui\u00a0?<\/strong><\/h2>\n<p style=\"font-weight: 400\">S\u2019inspirer de l\u2019alimentation viking ne signifie pas adopter un mod\u00e8le alimentaire strict ou chercher \u00e0 reproduire fid\u00e8lement des pratiques anciennes. Leur mode de vie, leur niveau d\u2019activit\u00e9 physique et leur environnement \u00e9taient tr\u00e8s diff\u00e9rents des n\u00f4tres. En revanche, certains principes de fond peuvent \u00eatre adapt\u00e9s de mani\u00e8re pertinente \u00e0 notre quotidien, en particulier durant l\u2019hiver.<\/p>\n<p style=\"font-weight: 400\">L\u2019un de ces principes est la <strong>priorit\u00e9 donn\u00e9e aux aliments peu transform\u00e9s<\/strong>. En hiver, privil\u00e9gier des produits bruts, de saison, cuisin\u00e9s simplement, permet souvent de mieux r\u00e9pondre aux besoins du corps.<\/p>\n<p style=\"font-weight: 400\">Un autre enseignement r\u00e9side dans<strong> la place accord\u00e9e aux prot\u00e9ines et aux graisses de qualit\u00e9<\/strong>. Sans exc\u00e8s, elles peuvent contribuer \u00e0 une <a href=\"https:\/\/www.medoucine.com\/blog\/manger-en-pleine-conscience-et-savoir-reperer-ses-differentes-faims\/\"><strong>meilleure sati\u00e9t\u00e9<\/strong><\/a> et \u00e0 une \u00e9nergie plus stable, surtout lorsque les temp\u00e9ratures baissent.<\/p>\n<p style=\"font-weight: 400\">Associ\u00e9es \u00e0 des l\u00e9gumes cuits et \u00e0 des quantit\u00e9s mod\u00e9r\u00e9es de glucides complets, elles forment des repas \u00e9quilibr\u00e9s et rassasiants.<\/p>\n<p style=\"font-weight: 400\">Les Vikings nous rappellent \u00e9galement l\u2019importance du rythme des repas. Manger \u00e0 heures r\u00e9guli\u00e8res, <a href=\"https:\/\/www.medoucine.com\/blog\/grignotage-comment-changer-ses-habitudes\/\"><strong>\u00e9viter le grignotage<\/strong><\/a> permanent et laisser des temps de repos digestif peut aider l\u2019organisme \u00e0 mieux g\u00e9rer son \u00e9nergie, en particulier en p\u00e9riode hivernale.<\/p>\n<p style=\"font-weight: 400\">Enfin, <strong>int\u00e9grer ponctuellement des aliments ferment\u00e9s<\/strong> dans son alimentation moderne, lorsqu\u2019ils sont bien tol\u00e9r\u00e9s, peut soutenir le confort digestif et la diversit\u00e9 alimentaire. L\u00e0 encore, l\u2019objectif n\u2019est pas de suivre une r\u00e8gle universelle, mais d\u2019observer ses ressentis et d\u2019ajuster ses choix en fonction de ses besoins personnels.<\/p>\n<p><a href=\"https:\/\/www.medoucine.com\/consultation\/bayonne\/aline-catteaux\/22777\">Prendre rendez-vous avec Aline<\/a><\/p>\n<p><em>Par Aline Catteaux, Naturopathe, v\u00e9rifi\u00e9e par M\u00e9doucine.<\/em>[\/vc_column_text][\/vc_column][\/vc_row][vc_row][vc_column][vc_toggle title=\u00a0\u00bbQuestions fr\u00e9quentes &#8211; FAQ\u00a0\u00bb style=\u00a0\u00bbround_outline\u00a0\u00bb open=\u00a0\u00bbtrue\u00a0\u00bb custom_use_theme_fonts=\u00a0\u00bbyes\u00a0\u00bb css=\u00a0\u00bb\u00a0\u00bb use_custom_heading=\u00a0\u00bbtrue\u00a0\u00bb]\n<h3 style=\"font-weight: 400\"><strong>Cette approche alimentaire est-elle adapt\u00e9e \u00e0 tout le monde ?<\/strong><\/h3>\n<p style=\"font-weight: 400\">Non. Les besoins alimentaires varient selon les personnes, leur mode de vie, leur digestion et leur ressenti corporel. L\u2019objectif de cet article est d\u2019ouvrir une r\u00e9flexion, pas de proposer un mod\u00e8le universel.<\/p>\n<h3 style=\"font-weight: 400\"><strong>Faut-il supprimer les glucides en hiver ?<\/strong><\/h3>\n<p style=\"font-weight: 400\">Il ne s\u2019agit pas de supprimer, mais d\u2019adapter. En hiver, certaines personnes se sentent plus \u00e0 l\u2019aise avec des glucides de qualit\u00e9, consomm\u00e9s en quantit\u00e9s mod\u00e9r\u00e9es et int\u00e9gr\u00e9s dans des repas \u00e9quilibr\u00e9s.<\/p>\n<h3 style=\"font-weight: 400\"><strong>Les aliments ferment\u00e9s sont-ils indispensables ?<\/strong><\/h3>\n<p style=\"font-weight: 400\">Ils ne sont pas indispensables, mais peuvent constituer un soutien int\u00e9ressant pour la digestion lorsqu\u2019ils sont bien tol\u00e9r\u00e9s. Comme pour tout aliment, l\u2019\u00e9coute de ses sensations reste essentielle.<\/p>\n<h3 style=\"font-weight: 400\"><strong>Peut-on s\u2019inspirer de cette approche sans manger de viande ?<\/strong><\/h3>\n<p style=\"font-weight: 400\">Oui. L\u2019inspiration porte avant tout sur la simplicit\u00e9, la saisonnalit\u00e9 et la coh\u00e9rence des repas. Ces principes peuvent \u00eatre adapt\u00e9s \u00e0 diff\u00e9rents choix alimentaires.<\/p>\n<h3 style=\"font-weight: 400\"><strong>Est-ce une approche \u201c\u00e0 la mode\u201d ?<\/strong><\/h3>\n<p style=\"font-weight: 400\">Les alimentations ancestrales reviennent r\u00e9guli\u00e8rement dans les d\u00e9bats actuels, mais leur int\u00e9r\u00eat r\u00e9side surtout dans le bon sens qu\u2019elles rappellent : manger en accord avec son environnement et ses besoins, sans exc\u00e8s ni rigidit\u00e9.<\/p>\n<h3 style=\"font-weight: 400\"><strong>Cette approche remplace-t-elle un suivi nutritionnel ou m\u00e9dical ?<\/strong><\/h3>\n<p style=\"font-weight: 400\">Non. Cet article a une vocation informative et \u00e9ducative. Il ne se substitue pas \u00e0 un accompagnement personnalis\u00e9 ou \u00e0 un avis m\u00e9dical.<\/p>\n[\/vc_toggle][\/vc_column][\/vc_row]\n<\/div>","protected":false},"excerpt":{"rendered":"<p>[vc_row][vc_column][vc_column_text css=\u00a0\u00bb\u00a0\u00bb] Lorsque l\u2019hiver s\u2019installe, notre corps est mis \u00e0 l\u2019\u00e9preuve : Fatigue accrue, Sensation de froid, Digestion plus lente, Envies alimentaires plus marqu\u00e9es. Ces r\u00e9actions ne sont pas anodines. Elles traduisent un besoin physiologique d\u2019adaptation \u00e0 une saison plus exigeante sur le plan \u00e9nerg\u00e9tique. Dans ce contexte, certaines traditions alimentaires ancestrales peuvent offrir des pistes de r\u00e9flexion int\u00e9ressantes. Loin des clich\u00e9s, l\u2019alimentation des peuples vikings reposait sur des choix simples, coh\u00e9rents avec leur environnement et leur mode de vie : aliments peu transform\u00e9s, repas nourrissants, et respect des rythmes naturels du corps. \u00c0 travers cet article, je vous propose d\u2019explorer comment ces principes anciens peuvent aujourd\u2019hui inspirer une alimentation plus adapt\u00e9e \u00e0 l\u2019hiver, dans une approche moderne et respectueuse de nos besoins actuels. L\u2019hiver : une saison qui modifie les besoins du m\u00e9tabolisme Lorsque [&hellip;]<\/p>\n","protected":false},"author":984,"featured_media":37765,"comment_status":"open","ping_status":"open","sticky":false,"template":"","format":"standard","meta":{"_acf_changed":false,"footnotes":""},"categories":[97,98,106,195],"tags":[915,916,914],"class_list":["post-37755","post","type-post","status-publish","format-standard","has-post-thumbnail","hentry","category-alimentation","category-plantes-nutriments","category-sante","category-solutions-naturelles","tag-alimentation-equilibree","tag-booster-son-metabolisme","tag-vikings"],"acf":[],"yoast_head":"<!-- This site is optimized with the Yoast SEO plugin v27.1.1 - https:\/\/yoast.com\/product\/yoast-seo-wordpress\/ -->\n<title>S\u2019inspirer des Vikings pour mieux nourrir son m\u00e9tabolisme en hiver<\/title>\n<meta name=\"description\" content=\"D\u00e9couvrez comment s\u2019inspirer de l\u2019alimentation des Vikings pour soutenir votre m\u00e9tabolisme et rester en forme pendant l\u2019hiver.\" \/>\n<meta name=\"robots\" content=\"index, follow, max-snippet:-1, max-image-preview:large, max-video-preview:-1\" \/>\n<link rel=\"canonical\" href=\"https:\/\/www.medoucine.com\/blog\/sinspirer-des-vikings-pour-mieux-nourrir-son-metabolisme-en-hiver\/\" \/>\n<meta property=\"og:locale\" content=\"fr_FR\" \/>\n<meta property=\"og:type\" content=\"article\" \/>\n<meta property=\"og:title\" content=\"S\u2019inspirer des Vikings pour mieux nourrir son m\u00e9tabolisme en hiver\" \/>\n<meta property=\"og:description\" content=\"D\u00e9couvrez comment s\u2019inspirer de l\u2019alimentation des Vikings pour soutenir votre m\u00e9tabolisme et rester en forme pendant l\u2019hiver.\" \/>\n<meta property=\"og:url\" content=\"https:\/\/www.medoucine.com\/blog\/sinspirer-des-vikings-pour-mieux-nourrir-son-metabolisme-en-hiver\/\" \/>\n<meta property=\"og:site_name\" content=\"Blog de Medoucine\" \/>\n<meta property=\"article:publisher\" content=\"https:\/\/www.facebook.com\/medoucine\/\" \/>\n<meta property=\"article:published_time\" content=\"2026-01-26T10:09:08+00:00\" \/>\n<meta property=\"article:modified_time\" content=\"2026-04-08T15:37:43+00:00\" \/>\n<meta property=\"og:image\" content=\"https:\/\/www.medoucine.com\/blog\/wp-content\/uploads\/2026\/01\/Articles-blog.png\" \/>\n\t<meta property=\"og:image:width\" content=\"1536\" \/>\n\t<meta property=\"og:image:height\" content=\"1024\" \/>\n\t<meta property=\"og:image:type\" content=\"image\/png\" \/>\n<meta name=\"author\" content=\"Aline Catteaux\" \/>\n<meta name=\"twitter:card\" content=\"summary_large_image\" \/>\n<meta name=\"twitter:creator\" content=\"@medoucinefr\" \/>\n<meta name=\"twitter:site\" content=\"@medoucinefr\" \/>\n<meta name=\"twitter:label1\" content=\"\u00c9crit par\" \/>\n\t<meta name=\"twitter:data1\" content=\"Aline Catteaux\" \/>\n\t<meta name=\"twitter:label2\" content=\"Dur\u00e9e de lecture estim\u00e9e\" \/>\n\t<meta name=\"twitter:data2\" content=\"10 minutes\" \/>\n<script type=\"application\/ld+json\" class=\"yoast-schema-graph\">{\"@context\":\"https:\/\/schema.org\",\"@graph\":[{\"@type\":\"Article\",\"@id\":\"https:\/\/www.medoucine.com\/blog\/sinspirer-des-vikings-pour-mieux-nourrir-son-metabolisme-en-hiver\/#article\",\"isPartOf\":{\"@id\":\"https:\/\/www.medoucine.com\/blog\/sinspirer-des-vikings-pour-mieux-nourrir-son-metabolisme-en-hiver\/\"},\"author\":{\"name\":\"Aline Catteaux\",\"@id\":\"https:\/\/www.medoucine.com\/blog\/#\/schema\/person\/ad168d914ca1de35c7778fab3af31e6b\"},\"headline\":\"S\u2019inspirer des Vikings pour mieux nourrir son m\u00e9tabolisme en hiver\",\"datePublished\":\"2026-01-26T10:09:08+00:00\",\"dateModified\":\"2026-04-08T15:37:43+00:00\",\"mainEntityOfPage\":{\"@id\":\"https:\/\/www.medoucine.com\/blog\/sinspirer-des-vikings-pour-mieux-nourrir-son-metabolisme-en-hiver\/\"},\"wordCount\":1982,\"commentCount\":0,\"publisher\":{\"@id\":\"https:\/\/www.medoucine.com\/blog\/#organization\"},\"image\":{\"@id\":\"https:\/\/www.medoucine.com\/blog\/sinspirer-des-vikings-pour-mieux-nourrir-son-metabolisme-en-hiver\/#primaryimage\"},\"thumbnailUrl\":\"https:\/\/www.medoucine.com\/blog\/wp-content\/uploads\/2026\/01\/Articles-blog.png\",\"keywords\":[\"alimentation \u00e9quilibr\u00e9e\",\"booster son m\u00e9tabolisme\",\"vikings\"],\"articleSection\":[\"Alimentation\",\"Plantes &amp; Nutriments\",\"Sant\u00e9\",\"Solutions Naturelles\"],\"inLanguage\":\"fr-FR\",\"potentialAction\":[{\"@type\":\"CommentAction\",\"name\":\"Comment\",\"target\":[\"https:\/\/www.medoucine.com\/blog\/sinspirer-des-vikings-pour-mieux-nourrir-son-metabolisme-en-hiver\/#respond\"]}]},{\"@type\":\"WebPage\",\"@id\":\"https:\/\/www.medoucine.com\/blog\/sinspirer-des-vikings-pour-mieux-nourrir-son-metabolisme-en-hiver\/\",\"url\":\"https:\/\/www.medoucine.com\/blog\/sinspirer-des-vikings-pour-mieux-nourrir-son-metabolisme-en-hiver\/\",\"name\":\"S\u2019inspirer des Vikings pour mieux nourrir son m\u00e9tabolisme en hiver\",\"isPartOf\":{\"@id\":\"https:\/\/www.medoucine.com\/blog\/#website\"},\"primaryImageOfPage\":{\"@id\":\"https:\/\/www.medoucine.com\/blog\/sinspirer-des-vikings-pour-mieux-nourrir-son-metabolisme-en-hiver\/#primaryimage\"},\"image\":{\"@id\":\"https:\/\/www.medoucine.com\/blog\/sinspirer-des-vikings-pour-mieux-nourrir-son-metabolisme-en-hiver\/#primaryimage\"},\"thumbnailUrl\":\"https:\/\/www.medoucine.com\/blog\/wp-content\/uploads\/2026\/01\/Articles-blog.png\",\"datePublished\":\"2026-01-26T10:09:08+00:00\",\"dateModified\":\"2026-04-08T15:37:43+00:00\",\"description\":\"D\u00e9couvrez comment s\u2019inspirer de l\u2019alimentation des Vikings pour soutenir votre m\u00e9tabolisme et rester en forme pendant l\u2019hiver.\",\"breadcrumb\":{\"@id\":\"https:\/\/www.medoucine.com\/blog\/sinspirer-des-vikings-pour-mieux-nourrir-son-metabolisme-en-hiver\/#breadcrumb\"},\"inLanguage\":\"fr-FR\",\"potentialAction\":[{\"@type\":\"ReadAction\",\"target\":[\"https:\/\/www.medoucine.com\/blog\/sinspirer-des-vikings-pour-mieux-nourrir-son-metabolisme-en-hiver\/\"]}]},{\"@type\":\"ImageObject\",\"inLanguage\":\"fr-FR\",\"@id\":\"https:\/\/www.medoucine.com\/blog\/sinspirer-des-vikings-pour-mieux-nourrir-son-metabolisme-en-hiver\/#primaryimage\",\"url\":\"https:\/\/www.medoucine.com\/blog\/wp-content\/uploads\/2026\/01\/Articles-blog.png\",\"contentUrl\":\"https:\/\/www.medoucine.com\/blog\/wp-content\/uploads\/2026\/01\/Articles-blog.png\",\"width\":1536,\"height\":1024,\"caption\":\"alimentation vikings\"},{\"@type\":\"BreadcrumbList\",\"@id\":\"https:\/\/www.medoucine.com\/blog\/sinspirer-des-vikings-pour-mieux-nourrir-son-metabolisme-en-hiver\/#breadcrumb\",\"itemListElement\":[{\"@type\":\"ListItem\",\"position\":1,\"name\":\"Blog Medoucine\",\"item\":\"https:\/\/www.medoucine.com\/blog\/\"},{\"@type\":\"ListItem\",\"position\":2,\"name\":\"Alimentation\",\"item\":\"https:\/\/www.medoucine.com\/blog\/cat\/alimentation\/\"},{\"@type\":\"ListItem\",\"position\":3,\"name\":\"S\u2019inspirer des Vikings pour mieux nourrir son m\u00e9tabolisme en hiver\"}]},{\"@type\":\"WebSite\",\"@id\":\"https:\/\/www.medoucine.com\/blog\/#website\",\"url\":\"https:\/\/www.medoucine.com\/blog\/\",\"name\":\"Blog de Medoucine\",\"description\":\"Le blog des m\u00e9decines douces\",\"publisher\":{\"@id\":\"https:\/\/www.medoucine.com\/blog\/#organization\"},\"potentialAction\":[{\"@type\":\"SearchAction\",\"target\":{\"@type\":\"EntryPoint\",\"urlTemplate\":\"https:\/\/www.medoucine.com\/blog\/?s={search_term_string}\"},\"query-input\":{\"@type\":\"PropertyValueSpecification\",\"valueRequired\":true,\"valueName\":\"search_term_string\"}}],\"inLanguage\":\"fr-FR\"},{\"@type\":\"Organization\",\"@id\":\"https:\/\/www.medoucine.com\/blog\/#organization\",\"name\":\"Medoucine\",\"url\":\"https:\/\/www.medoucine.com\/blog\/\",\"logo\":{\"@type\":\"ImageObject\",\"inLanguage\":\"fr-FR\",\"@id\":\"https:\/\/www.medoucine.com\/blog\/#\/schema\/logo\/image\/\",\"url\":\"https:\/\/www.medoucine.com\/blog\/wp-content\/uploads\/2019\/07\/logo@3x.png\",\"contentUrl\":\"https:\/\/www.medoucine.com\/blog\/wp-content\/uploads\/2019\/07\/logo@3x.png\",\"width\":555,\"height\":135,\"caption\":\"Medoucine\"},\"image\":{\"@id\":\"https:\/\/www.medoucine.com\/blog\/#\/schema\/logo\/image\/\"},\"sameAs\":[\"https:\/\/www.facebook.com\/medoucine\/\",\"https:\/\/x.com\/medoucinefr\",\"https:\/\/www.instagram.com\/medoucine\/\",\"https:\/\/www.youtube.com\/channel\/UCtZeUeJ_KebYK0KJAXjJV8g\"]},{\"@type\":\"Person\",\"@id\":\"https:\/\/www.medoucine.com\/blog\/#\/schema\/person\/ad168d914ca1de35c7778fab3af31e6b\",\"name\":\"Aline Catteaux\",\"image\":{\"@type\":\"ImageObject\",\"inLanguage\":\"fr-FR\",\"@id\":\"https:\/\/www.medoucine.com\/blog\/#\/schema\/person\/image\/\",\"url\":\"https:\/\/secure.gravatar.com\/avatar\/c10d8b8019b952cd7081a753cad7719eda5941d0de9cc0b2ecbb060cf06c9428?s=96&d=mm&r=g\",\"contentUrl\":\"https:\/\/secure.gravatar.com\/avatar\/c10d8b8019b952cd7081a753cad7719eda5941d0de9cc0b2ecbb060cf06c9428?s=96&d=mm&r=g\",\"caption\":\"Aline Catteaux\"},\"description\":\"Naturopathe vitaliste, j\u2019accompagne chacun avec douceur et respect vers un mieux-\u00eatre global, en reliant corps, esprit et \u00e9motions. Mon approche, nourrie par la naturopathie, la micronutrition et la m\u00e9ditation, vise \u00e0 pr\u00e9server votre sant\u00e9 et votre \u00e9quilibre au quotidien.\",\"sameAs\":[\"https:\/\/www.medoucine.com\/consultation\/bayonne\/aline-catteaux\/22777\"],\"url\":\"https:\/\/www.medoucine.com\/blog\/author\/aline_catteaux\/\"}]}<\/script>\n<!-- \/ Yoast SEO plugin. -->","yoast_head_json":{"title":"S\u2019inspirer des Vikings pour mieux nourrir son m\u00e9tabolisme en hiver","description":"D\u00e9couvrez comment s\u2019inspirer de l\u2019alimentation des Vikings pour soutenir votre m\u00e9tabolisme et rester en forme pendant l\u2019hiver.","robots":{"index":"index","follow":"follow","max-snippet":"max-snippet:-1","max-image-preview":"max-image-preview:large","max-video-preview":"max-video-preview:-1"},"canonical":"https:\/\/www.medoucine.com\/blog\/sinspirer-des-vikings-pour-mieux-nourrir-son-metabolisme-en-hiver\/","og_locale":"fr_FR","og_type":"article","og_title":"S\u2019inspirer des Vikings pour mieux nourrir son m\u00e9tabolisme en hiver","og_description":"D\u00e9couvrez comment s\u2019inspirer de l\u2019alimentation des Vikings pour soutenir votre m\u00e9tabolisme et rester en forme pendant l\u2019hiver.","og_url":"https:\/\/www.medoucine.com\/blog\/sinspirer-des-vikings-pour-mieux-nourrir-son-metabolisme-en-hiver\/","og_site_name":"Blog de Medoucine","article_publisher":"https:\/\/www.facebook.com\/medoucine\/","article_published_time":"2026-01-26T10:09:08+00:00","article_modified_time":"2026-04-08T15:37:43+00:00","og_image":[{"width":1536,"height":1024,"url":"https:\/\/www.medoucine.com\/blog\/wp-content\/uploads\/2026\/01\/Articles-blog.png","type":"image\/png"}],"author":"Aline Catteaux","twitter_card":"summary_large_image","twitter_creator":"@medoucinefr","twitter_site":"@medoucinefr","twitter_misc":{"\u00c9crit par":"Aline Catteaux","Dur\u00e9e de lecture estim\u00e9e":"10 minutes"},"schema":{"@context":"https:\/\/schema.org","@graph":[{"@type":"Article","@id":"https:\/\/www.medoucine.com\/blog\/sinspirer-des-vikings-pour-mieux-nourrir-son-metabolisme-en-hiver\/#article","isPartOf":{"@id":"https:\/\/www.medoucine.com\/blog\/sinspirer-des-vikings-pour-mieux-nourrir-son-metabolisme-en-hiver\/"},"author":{"name":"Aline Catteaux","@id":"https:\/\/www.medoucine.com\/blog\/#\/schema\/person\/ad168d914ca1de35c7778fab3af31e6b"},"headline":"S\u2019inspirer des Vikings pour mieux nourrir son m\u00e9tabolisme en hiver","datePublished":"2026-01-26T10:09:08+00:00","dateModified":"2026-04-08T15:37:43+00:00","mainEntityOfPage":{"@id":"https:\/\/www.medoucine.com\/blog\/sinspirer-des-vikings-pour-mieux-nourrir-son-metabolisme-en-hiver\/"},"wordCount":1982,"commentCount":0,"publisher":{"@id":"https:\/\/www.medoucine.com\/blog\/#organization"},"image":{"@id":"https:\/\/www.medoucine.com\/blog\/sinspirer-des-vikings-pour-mieux-nourrir-son-metabolisme-en-hiver\/#primaryimage"},"thumbnailUrl":"https:\/\/www.medoucine.com\/blog\/wp-content\/uploads\/2026\/01\/Articles-blog.png","keywords":["alimentation \u00e9quilibr\u00e9e","booster son m\u00e9tabolisme","vikings"],"articleSection":["Alimentation","Plantes &amp; Nutriments","Sant\u00e9","Solutions Naturelles"],"inLanguage":"fr-FR","potentialAction":[{"@type":"CommentAction","name":"Comment","target":["https:\/\/www.medoucine.com\/blog\/sinspirer-des-vikings-pour-mieux-nourrir-son-metabolisme-en-hiver\/#respond"]}]},{"@type":"WebPage","@id":"https:\/\/www.medoucine.com\/blog\/sinspirer-des-vikings-pour-mieux-nourrir-son-metabolisme-en-hiver\/","url":"https:\/\/www.medoucine.com\/blog\/sinspirer-des-vikings-pour-mieux-nourrir-son-metabolisme-en-hiver\/","name":"S\u2019inspirer des Vikings pour mieux nourrir son m\u00e9tabolisme en hiver","isPartOf":{"@id":"https:\/\/www.medoucine.com\/blog\/#website"},"primaryImageOfPage":{"@id":"https:\/\/www.medoucine.com\/blog\/sinspirer-des-vikings-pour-mieux-nourrir-son-metabolisme-en-hiver\/#primaryimage"},"image":{"@id":"https:\/\/www.medoucine.com\/blog\/sinspirer-des-vikings-pour-mieux-nourrir-son-metabolisme-en-hiver\/#primaryimage"},"thumbnailUrl":"https:\/\/www.medoucine.com\/blog\/wp-content\/uploads\/2026\/01\/Articles-blog.png","datePublished":"2026-01-26T10:09:08+00:00","dateModified":"2026-04-08T15:37:43+00:00","description":"D\u00e9couvrez comment s\u2019inspirer de l\u2019alimentation des Vikings pour soutenir votre m\u00e9tabolisme et rester en forme pendant l\u2019hiver.","breadcrumb":{"@id":"https:\/\/www.medoucine.com\/blog\/sinspirer-des-vikings-pour-mieux-nourrir-son-metabolisme-en-hiver\/#breadcrumb"},"inLanguage":"fr-FR","potentialAction":[{"@type":"ReadAction","target":["https:\/\/www.medoucine.com\/blog\/sinspirer-des-vikings-pour-mieux-nourrir-son-metabolisme-en-hiver\/"]}]},{"@type":"ImageObject","inLanguage":"fr-FR","@id":"https:\/\/www.medoucine.com\/blog\/sinspirer-des-vikings-pour-mieux-nourrir-son-metabolisme-en-hiver\/#primaryimage","url":"https:\/\/www.medoucine.com\/blog\/wp-content\/uploads\/2026\/01\/Articles-blog.png","contentUrl":"https:\/\/www.medoucine.com\/blog\/wp-content\/uploads\/2026\/01\/Articles-blog.png","width":1536,"height":1024,"caption":"alimentation vikings"},{"@type":"BreadcrumbList","@id":"https:\/\/www.medoucine.com\/blog\/sinspirer-des-vikings-pour-mieux-nourrir-son-metabolisme-en-hiver\/#breadcrumb","itemListElement":[{"@type":"ListItem","position":1,"name":"Blog Medoucine","item":"https:\/\/www.medoucine.com\/blog\/"},{"@type":"ListItem","position":2,"name":"Alimentation","item":"https:\/\/www.medoucine.com\/blog\/cat\/alimentation\/"},{"@type":"ListItem","position":3,"name":"S\u2019inspirer des Vikings pour mieux nourrir son m\u00e9tabolisme en hiver"}]},{"@type":"WebSite","@id":"https:\/\/www.medoucine.com\/blog\/#website","url":"https:\/\/www.medoucine.com\/blog\/","name":"Blog de Medoucine","description":"Le blog des m\u00e9decines douces","publisher":{"@id":"https:\/\/www.medoucine.com\/blog\/#organization"},"potentialAction":[{"@type":"SearchAction","target":{"@type":"EntryPoint","urlTemplate":"https:\/\/www.medoucine.com\/blog\/?s={search_term_string}"},"query-input":{"@type":"PropertyValueSpecification","valueRequired":true,"valueName":"search_term_string"}}],"inLanguage":"fr-FR"},{"@type":"Organization","@id":"https:\/\/www.medoucine.com\/blog\/#organization","name":"Medoucine","url":"https:\/\/www.medoucine.com\/blog\/","logo":{"@type":"ImageObject","inLanguage":"fr-FR","@id":"https:\/\/www.medoucine.com\/blog\/#\/schema\/logo\/image\/","url":"https:\/\/www.medoucine.com\/blog\/wp-content\/uploads\/2019\/07\/logo@3x.png","contentUrl":"https:\/\/www.medoucine.com\/blog\/wp-content\/uploads\/2019\/07\/logo@3x.png","width":555,"height":135,"caption":"Medoucine"},"image":{"@id":"https:\/\/www.medoucine.com\/blog\/#\/schema\/logo\/image\/"},"sameAs":["https:\/\/www.facebook.com\/medoucine\/","https:\/\/x.com\/medoucinefr","https:\/\/www.instagram.com\/medoucine\/","https:\/\/www.youtube.com\/channel\/UCtZeUeJ_KebYK0KJAXjJV8g"]},{"@type":"Person","@id":"https:\/\/www.medoucine.com\/blog\/#\/schema\/person\/ad168d914ca1de35c7778fab3af31e6b","name":"Aline Catteaux","image":{"@type":"ImageObject","inLanguage":"fr-FR","@id":"https:\/\/www.medoucine.com\/blog\/#\/schema\/person\/image\/","url":"https:\/\/secure.gravatar.com\/avatar\/c10d8b8019b952cd7081a753cad7719eda5941d0de9cc0b2ecbb060cf06c9428?s=96&d=mm&r=g","contentUrl":"https:\/\/secure.gravatar.com\/avatar\/c10d8b8019b952cd7081a753cad7719eda5941d0de9cc0b2ecbb060cf06c9428?s=96&d=mm&r=g","caption":"Aline Catteaux"},"description":"Naturopathe vitaliste, j\u2019accompagne chacun avec douceur et respect vers un mieux-\u00eatre global, en reliant corps, esprit et \u00e9motions. Mon approche, nourrie par la naturopathie, la micronutrition et la m\u00e9ditation, vise \u00e0 pr\u00e9server votre sant\u00e9 et votre \u00e9quilibre au quotidien.","sameAs":["https:\/\/www.medoucine.com\/consultation\/bayonne\/aline-catteaux\/22777"],"url":"https:\/\/www.medoucine.com\/blog\/author\/aline_catteaux\/"}]}},"_links":{"self":[{"href":"https:\/\/www.medoucine.com\/blog\/wp-json\/wp\/v2\/posts\/37755","targetHints":{"allow":["GET"]}}],"collection":[{"href":"https:\/\/www.medoucine.com\/blog\/wp-json\/wp\/v2\/posts"}],"about":[{"href":"https:\/\/www.medoucine.com\/blog\/wp-json\/wp\/v2\/types\/post"}],"author":[{"embeddable":true,"href":"https:\/\/www.medoucine.com\/blog\/wp-json\/wp\/v2\/users\/984"}],"replies":[{"embeddable":true,"href":"https:\/\/www.medoucine.com\/blog\/wp-json\/wp\/v2\/comments?post=37755"}],"version-history":[{"count":12,"href":"https:\/\/www.medoucine.com\/blog\/wp-json\/wp\/v2\/posts\/37755\/revisions"}],"predecessor-version":[{"id":41708,"href":"https:\/\/www.medoucine.com\/blog\/wp-json\/wp\/v2\/posts\/37755\/revisions\/41708"}],"wp:featuredmedia":[{"embeddable":true,"href":"https:\/\/www.medoucine.com\/blog\/wp-json\/wp\/v2\/media\/37765"}],"wp:attachment":[{"href":"https:\/\/www.medoucine.com\/blog\/wp-json\/wp\/v2\/media?parent=37755"}],"wp:term":[{"taxonomy":"category","embeddable":true,"href":"https:\/\/www.medoucine.com\/blog\/wp-json\/wp\/v2\/categories?post=37755"},{"taxonomy":"post_tag","embeddable":true,"href":"https:\/\/www.medoucine.com\/blog\/wp-json\/wp\/v2\/tags?post=37755"}],"curies":[{"name":"wp","href":"https:\/\/api.w.org\/{rel}","templated":true}]}}