{"id":37741,"date":"2026-01-23T18:18:02","date_gmt":"2026-01-23T17:18:02","guid":{"rendered":"https:\/\/www.medoucine.com\/blog\/?p=37741"},"modified":"2026-04-08T17:39:55","modified_gmt":"2026-04-08T15:39:55","slug":"post-partum-comment-les-soins-sensoriels-partages-soutiennent-la-maman-autant-que-le-bebe","status":"publish","type":"post","link":"https:\/\/www.medoucine.com\/blog\/post-partum-comment-les-soins-sensoriels-partages-soutiennent-la-maman-autant-que-le-bebe\/","title":{"rendered":"Post-partum : comment les soins sensoriels partag\u00e9s soutiennent la maman autant que le b\u00e9b\u00e9"},"content":{"rendered":"<p style=\"font-weight: 400\">On parle beaucoup du b\u00e9b\u00e9 apr\u00e8s une naissance. De son sommeil, de son alimentation, de son d\u00e9veloppement. Mais derri\u00e8re ce tout-petit qui d\u00e9couvre le monde, il y a une femme qui vient de vivre une transformation immense. Le post-partum, parfois appel\u00e9 le \u00ab <a href=\"https:\/\/shs.cairn.info\/revue-spirale-2016-3-page-194?lang=fr\"><strong>quatri\u00e8me trimestre<\/strong><\/a> \u00bb, est une p\u00e9riode aussi d\u00e9licate que fondatrice. Fatigue, bouleversements hormonaux, \u00e9motions intenses et nouvelles responsabilit\u00e9s s\u2019entrem\u00ealent.<\/p>\n<p style=\"font-weight: 400\">Dans ce contexte, les soins sensoriels partag\u00e9s \u2013 ces moments de contact, de toucher et de pr\u00e9sence v\u00e9cus ensemble \u2013 peuvent devenir de v\u00e9ritables points d\u2019appui. Non pas comme une solution miracle, mais comme un soutien simple, accessible et profond\u00e9ment humain. Ils nourrissent le lien avec le b\u00e9b\u00e9, tout en apportant \u00e0 la maman un espace de r\u00e9assurance et de reconnexion \u00e0 elle-m\u00eame.<\/p>\n<h2 style=\"font-weight: 400\"><strong><a href=\"https:\/\/www.medoucine.com\/blog\/wp-content\/uploads\/2026\/01\/Design-sans-titre-26.png\"><img loading=\"lazy\" decoding=\"async\" class=\"size-large wp-image-37743 aligncenter\" src=\"https:\/\/www.medoucine.com\/blog\/wp-content\/uploads\/2026\/01\/Design-sans-titre-26-1024x576.png\" alt=\"maman b\u00e9b\u00e9 post partum\" width=\"1024\" height=\"576\" srcset=\"https:\/\/www.medoucine.com\/blog\/wp-content\/uploads\/2026\/01\/Design-sans-titre-26-1024x576.png 1024w, https:\/\/www.medoucine.com\/blog\/wp-content\/uploads\/2026\/01\/Design-sans-titre-26-300x169.png 300w, https:\/\/www.medoucine.com\/blog\/wp-content\/uploads\/2026\/01\/Design-sans-titre-26-768x432.png 768w, https:\/\/www.medoucine.com\/blog\/wp-content\/uploads\/2026\/01\/Design-sans-titre-26-1536x864.png 1536w, https:\/\/www.medoucine.com\/blog\/wp-content\/uploads\/2026\/01\/Design-sans-titre-26-1140x641.png 1140w, https:\/\/www.medoucine.com\/blog\/wp-content\/uploads\/2026\/01\/Design-sans-titre-26.png 1920w\" sizes=\"auto, (max-width: 1024px) 100vw, 1024px\" \/><\/a>Le post-partum : une p\u00e9riode de vuln\u00e9rabilit\u00e9 normale<\/strong><\/h2>\n<p style=\"font-weight: 400\">Le post-partum commence d\u00e8s la naissance et s\u2019\u00e9tend sur plusieurs semaines, parfois plusieurs mois. C\u2019est une <strong>phase de r\u00e9cup\u00e9ration et d\u2019adaptation<\/strong>, souvent sous-estim\u00e9e.<\/p>\n<p style=\"font-weight: 400\">Sur le plan physique, le corps se remet de la grossesse et de l\u2019accouchement : variations hormonales importantes, cicatrisation, <a href=\"https:\/\/www.medela.com\/fr-fr\/professionnels-de-la-lactation\/lactation-articles\/nicu\/initiation-efficace\/la-montee-de-lait-resultats-d-initiation-efficace\"><strong>mont\u00e9e de lait<\/strong><\/a>, manque de sommeil. Sur le plan \u00e9motionnel, de nombreuses femmes traversent des montagnes russes affectives. Le <a href=\"https:\/\/www.1000-premiers-jours.fr\/fr\/comment-differencier-baby-blues-et-depression-post-partum?at_medium=sl&amp;at_campaign=2024-02-01-Changer-SEA-SPF-1000+Jours_ApresGrossessePHRASE_Textuelle-602196&amp;at_format=R-Visibilite-dCPC-GA-GrandPublic-Depression-RSA&amp;gclsrc=aw.ds&amp;gad_source=1&amp;gad_campaignid=20982480441&amp;gbraid=0AAAAABcKPCbBaqaJCFHCU5zZA21goNLus&amp;gclid=Cj0KCQiA1czLBhDhARIsAIEc7ugY7ttMj9BjRQkUv5JwV2xF_BMFriLQ18NV5CoQeXg--Bhx-s1MsRMaAt57EALw_wcB\"><strong>baby blues<\/strong><\/a>, transitoire et fr\u00e9quent, touche une majorit\u00e9 de jeunes m\u00e8res dans les premiers jours. Pour certaines, ces difficult\u00e9s persistent et peuvent \u00e9voluer vers une <a href=\"https:\/\/www.ameli.fr\/medecin\/sante-prevention\/sante-mentale-soins-primaires\/sante-mentale-maternite-perinatalite\/depression-post-partum-prise-en-charge\"><strong>d\u00e9pression du post-partum<\/strong><\/a>, qui concerne environ 10 \u00e0 15 % des femmes.<\/p>\n<p style=\"font-weight: 400\">Les institutions de sant\u00e9, comme la Haute Autorit\u00e9 de Sant\u00e9 et Sant\u00e9 publique France, soulignent aujourd\u2019hui l\u2019importance d\u2019un accompagnement global apr\u00e8s la naissance. <strong>Prendre soin de la m\u00e8re, de son v\u00e9cu \u00e9motionnel et de son corps<\/strong>, n\u2019est pas un luxe : c\u2019est une n\u00e9cessit\u00e9 pour elle, mais aussi pour la qualit\u00e9 du lien avec son enfant.<\/p>\n<div class=\"m-spin\">\n<p class=\"m-spin__text\"><strong>Soutien post-partum : offrez-vous un accompagnement bienveillant<\/strong><\/p>\n<p class=\"m-spin__text\">Le post-partum est une p\u00e9riode de grands bouleversements, o\u00f9 le soutien d&rsquo;un accompagnant postnatal peut faire toute la diff\u00e9rence. Prenez rendez-vous avec un <a class=\"m-spin__link\" target=\"_blank\" rel=\"noopener noreferrer\" href=\"https:\/\/www.medoucine.com\/consultations\/se-soigner\/accompagnement-postnatal\/montpellier\/tous-publics\/a-domicile-ou-cabinet?utm_source=medoucine_blog_B2C&amp;utm_medium=article_blog&amp;utm_campaign=spin_seo\">Accompagnant postnatal \u00e0 Montpellier<\/a>, un <a class=\"m-spin__link\" target=\"_blank\" rel=\"noopener noreferrer\" href=\"https:\/\/www.medoucine.com\/consultations\/se-soigner\/accompagnement-postnatal\/nantes\/tous-publics\/a-domicile-ou-cabinet?utm_source=medoucine_blog_B2C&amp;utm_medium=article_blog&amp;utm_campaign=spin_seo\">Accompagnant postnatal \u00e0 Nantes<\/a> ou un <a class=\"m-spin__link\" target=\"_blank\" rel=\"noopener noreferrer\" href=\"https:\/\/www.medoucine.com\/consultations\/se-soigner\/accompagnement-postnatal\/paris\/tous-publics\/a-domicile-ou-cabinet?utm_source=medoucine_blog_B2C&amp;utm_medium=article_blog&amp;utm_campaign=spin_seo\">Accompagnant postnatal \u00e0 Paris<\/a> pour un accompagnement personnalis\u00e9 et adapt\u00e9 \u00e0 vos besoins.<\/p>\n<p class=\"m-spin__text\">Vous recherchez un soutien de proximit\u00e9 ? Trouvez des <a class=\"m-spin__link\" target=\"_blank\" rel=\"noopener noreferrer\" href=\"https:\/\/www.medoucine.com\/consultations\/se-soigner\/accompagnement-postnatal\/autour-de-moi?utm_source=medoucine_blog_B2C&amp;utm_medium=article_blog&amp;utm_campaign=spin_seo\">Accompagnants postnatal pr\u00e8s de chez vous<\/a> pour vous accompagner en douceur vers une parentalit\u00e9 \u00e9panouie.<\/p>\n<\/div>\n<h2 style=\"font-weight: 400\"><strong>Le lien m\u00e8re-b\u00e9b\u00e9 : une construction sensible<\/strong><\/h2>\n<p style=\"font-weight: 400\">Le <a href=\"https:\/\/www.1000-premiers-jours.fr\/fr\/le-lien-dattachement-parents-enfant\"><strong>lien d\u2019attachement<\/strong><\/a> ne se cr\u00e9e pas uniquement par des soins techniques ou des r\u00e9ponses fonctionnelles aux besoins du b\u00e9b\u00e9. Il se tisse dans une multitude de micro-interactions quotidiennes : un regard, une voix douce, une main pos\u00e9e, un moment de peau \u00e0 peau.<\/p>\n<p style=\"font-weight: 400\">La <a href=\"https:\/\/fr.wikipedia.org\/wiki\/Th%C3%A9orie_de_l%27attachement\"><strong>th\u00e9orie de l\u2019attachement<\/strong><\/a> montre que le sentiment de s\u00e9curit\u00e9 de l\u2019enfant se construit \u00e0 travers ces exp\u00e9riences r\u00e9p\u00e9t\u00e9es de pr\u00e9sence et de r\u00e9ponse sensible. Mais cette relation est \u00e0 double sens. La m\u00e8re, elle aussi, se construit dans ce lien. Elle apprend \u00e0 reconna\u00eetre son b\u00e9b\u00e9, \u00e0 lui faire confiance, et \u00e0 se faire confiance.<\/p>\n<p style=\"font-weight: 400\">Dans un post-partum parfois marqu\u00e9 par le doute ou la fatigue, ces \u00e9changes sensoriels deviennent un langage commun, souvent plus fort que les mots.<\/p>\n<p style=\"font-weight: 400\">Que sont les soins sensoriels partag\u00e9s ?<\/p>\n<p style=\"font-weight: 400\">Les <strong>soins sensoriels partag\u00e9s<\/strong> regroupent des pratiques simples, centr\u00e9es sur le contact et la relation. Il peut s\u2019agir de moments de <strong>massage parent-b\u00e9b\u00e9<\/strong>, de <a href=\"https:\/\/presse.inserm.fr\/prematurite-le-peau-a-peau-aux-tout-premiers-jours-de-vie-serait-associe-a-un-meilleur-developpement-cognitif-a-5-ans\/71210\/\"><strong>peau \u00e0 peau,<\/strong><\/a> de temps calmes autour du toucher, ou encore de <strong>rituels doux li\u00e9s \u00e0 l\u2019eau<\/strong>.<\/p>\n<p style=\"font-weight: 400\">L\u2019essentiel n\u2019est pas la technique, mais la qualit\u00e9 de pr\u00e9sence. Ces moments invitent la maman \u00e0 ralentir, \u00e0 observer son b\u00e9b\u00e9, \u00e0 ressentir ses r\u00e9actions, tout en restant \u00e0 l\u2019\u00e9coute de ses propres sensations.<\/p>\n<p style=\"font-weight: 400\">Ils ne demandent ni performance ni dur\u00e9e particuli\u00e8re. Quelques minutes suffisent parfois pour cr\u00e9er une parenth\u00e8se de connexion, dans un quotidien souvent charg\u00e9.<\/p>\n<h2 style=\"font-weight: 400\"><strong>Ce que montrent les recherches scientifiques<\/strong><\/h2>\n<p style=\"font-weight: 400\">Plusieurs \u00e9tudes r\u00e9centes se sont int\u00e9ress\u00e9es aux effets du massage du b\u00e9b\u00e9 et des interactions sensorielles pr\u00e9coces sur la m\u00e8re.<\/p>\n<p style=\"font-weight: 400\">Des travaux publi\u00e9s dans des revues scientifiques internationales indiquent que les interventions de massage guid\u00e9 peuvent \u00eatre associ\u00e9es \u00e0 une <a href=\"https:\/\/www.medoucine.com\/maux-troubles\/maman-et-bebe\"><strong>diminution du stress maternel<\/strong><\/a> et \u00e0 une <strong>r\u00e9duction des sympt\u00f4mes d\u00e9pressifs<\/strong> apr\u00e8s la naissance. Ces pratiques semblent \u00e9galement favoriser une meilleure qualit\u00e9 d\u2019interaction entre la m\u00e8re et son enfant.<\/p>\n<p style=\"font-weight: 400\">D\u2019autres recherches mettent en \u00e9vidence une am\u00e9lioration de l\u2019attachement maternel lorsque les parents sont accompagn\u00e9s dans des pratiques de toucher structur\u00e9. Ces r\u00e9sultats ne signifient pas que le massage \u00ab soigne \u00bb une d\u00e9pression, mais qu\u2019il peut s\u2019inscrire comme un soutien compl\u00e9mentaire, dans une approche globale du post-partum.<\/p>\n<h2 style=\"font-weight: 400\"><strong><a href=\"https:\/\/www.medoucine.com\/blog\/wp-content\/uploads\/2026\/01\/Design-sans-titre-25.png\"><img loading=\"lazy\" decoding=\"async\" class=\"size-large wp-image-37742 aligncenter\" src=\"https:\/\/www.medoucine.com\/blog\/wp-content\/uploads\/2026\/01\/Design-sans-titre-25-1024x576.png\" alt=\"post partum\" width=\"1024\" height=\"576\" srcset=\"https:\/\/www.medoucine.com\/blog\/wp-content\/uploads\/2026\/01\/Design-sans-titre-25-1024x576.png 1024w, https:\/\/www.medoucine.com\/blog\/wp-content\/uploads\/2026\/01\/Design-sans-titre-25-300x169.png 300w, https:\/\/www.medoucine.com\/blog\/wp-content\/uploads\/2026\/01\/Design-sans-titre-25-768x432.png 768w, https:\/\/www.medoucine.com\/blog\/wp-content\/uploads\/2026\/01\/Design-sans-titre-25-1536x864.png 1536w, https:\/\/www.medoucine.com\/blog\/wp-content\/uploads\/2026\/01\/Design-sans-titre-25-1140x641.png 1140w, https:\/\/www.medoucine.com\/blog\/wp-content\/uploads\/2026\/01\/Design-sans-titre-25.png 1920w\" sizes=\"auto, (max-width: 1024px) 100vw, 1024px\" \/><\/a>Pourquoi ces soins font aussi du bien \u00e0 la maman<\/strong><\/h2>\n<h3 style=\"font-weight: 400\"><strong>Une r\u00e9gulation \u00e9motionnelle naturelle<\/strong><\/h3>\n<p style=\"font-weight: 400\">Le toucher et le contact favorisent la s\u00e9cr\u00e9tion d\u2019<a href=\"https:\/\/www.medoucine.com\/blog\/locytocine-lantidote-du-baby-clash\/\"><strong>ocytocine<\/strong><\/a>, souvent appel\u00e9e hormone de l\u2019attachement. Cette hormone joue un r\u00f4le cl\u00e9 dans la d\u00e9tente, le sentiment de s\u00e9curit\u00e9 et la qualit\u00e9 des relations pr\u00e9coces. M\u00eame si ses effets varient d\u2019une personne \u00e0 l\u2019autre, elle participe \u00e0 cr\u00e9er un climat \u00e9motionnel plus apais\u00e9.<\/p>\n<h3 style=\"font-weight: 400\"><strong>Une diminution du stress quotidien<\/strong><\/h3>\n<p style=\"font-weight: 400\">Prendre un temps pour <a href=\"https:\/\/www.medoucine.com\/solution\/massage-bebe\"><strong>masser son b\u00e9b\u00e9<\/strong><\/a> ou simplement \u00eatre en contact conscient permet de sortir, m\u00eame bri\u00e8vement, du mode automatique. Ces instants de pause soutiennent la r\u00e9gulation du stress et offrent un espace o\u00f9 la maman peut souffler, sans avoir \u00e0 \u00ab faire plus \u00bb.<\/p>\n<h3 style=\"font-weight: 400\"><strong>Un renforcement de la confiance parentale<\/strong><\/h3>\n<p style=\"font-weight: 400\">En observant les r\u00e9actions de son b\u00e9b\u00e9, en apprenant \u00e0 reconna\u00eetre ses signaux, la m\u00e8re d\u00e9veloppe progressivement <strong>un sentiment de comp\u00e9tence<\/strong>. Cette confiance est pr\u00e9cieuse dans une p\u00e9riode o\u00f9 beaucoup de femmes doutent de leurs capacit\u00e9s.<\/p>\n<h3 style=\"font-weight: 400\"><strong>Int\u00e9grer les soins sensoriels dans le quotidien<\/strong><\/h3>\n<p style=\"font-weight: 400\">Il n\u2019est pas n\u00e9cessaire de transformer ces pratiques en routines rigides. Quelques rep\u00e8res simples peuvent aider :<\/p>\n<ul>\n<li style=\"font-weight: 400\">choisir un moment calme, sans contrainte de temps,<\/li>\n<li style=\"font-weight: 400\">respecter le rythme du b\u00e9b\u00e9 et celui de la maman,<\/li>\n<li style=\"font-weight: 400\">privil\u00e9gier la douceur et la lenteur,<\/li>\n<li style=\"font-weight: 400\">cr\u00e9er un environnement rassurant, avec une lumi\u00e8re tamis\u00e9e et une voix pos\u00e9e.<\/li>\n<\/ul>\n<p style=\"font-weight: 400\">La r\u00e9gularit\u00e9 compte davantage que la dur\u00e9e. Ces moments peuvent \u00e9voluer avec le temps et s\u2019adapter aux besoins de chacun.<\/p>\n<h2 style=\"font-weight: 400\"><strong>Limites et pr\u00e9cautions<\/strong><\/h2>\n<p style=\"font-weight: 400\"><strong>Les soins sensoriels partag\u00e9s ne remplacent ni le suivi m\u00e9dical post-natal, ni un accompagnement psychologique lorsque cela est n\u00e9cessaire<\/strong>. En cas de souffrance psychique importante, de traumatisme ou de sympt\u00f4mes persistants, il est essentiel de se tourner vers des professionnels de sant\u00e9 form\u00e9s.<\/p>\n<p style=\"font-weight: 400\">Ces pratiques s\u2019inscrivent dans une d\u00e9marche de soutien, jamais dans une logique de culpabilisation ou d\u2019obligation.<\/p>\n<p style=\"font-weight: 400\">Le post-partum est une p\u00e9riode de grande vuln\u00e9rabilit\u00e9, mais aussi de profonde construction. Les soins sensoriels partag\u00e9s rappellent une chose essentielle : <strong>le lien se nourrit de simplicit\u00e9, de pr\u00e9sence et de douceur<\/strong>. En soutenant le bien-\u00eatre du b\u00e9b\u00e9, ils offrent aussi \u00e0 la maman un espace pour se sentir soutenue, reconnue et reli\u00e9e, dans cette travers\u00e9e si particuli\u00e8re qu\u2019est l\u2019entr\u00e9e dans la maternit\u00e9.<\/p>\n<p style=\"font-weight: 400\">Par <a href=\"https:\/\/www.medoucine.com\/consultation\/-\/elodie-negretti\/22753\">\u00c9lodie Cholvin<\/a>, praticienne en massage bien-\u00eatre et accompagnement p\u00e9rinatal, pratique v\u00e9rifi\u00e9e par Medoucine.<\/p>\n<p style=\"font-weight: 400\">\n","protected":false},"excerpt":{"rendered":"<p>On parle beaucoup du b\u00e9b\u00e9 apr\u00e8s une naissance. De son sommeil, de son alimentation, de son d\u00e9veloppement. Mais derri\u00e8re ce tout-petit qui d\u00e9couvre le monde, il y a une femme qui vient de vivre une transformation immense. Le post-partum, parfois appel\u00e9 le \u00ab quatri\u00e8me trimestre \u00bb, est une p\u00e9riode aussi d\u00e9licate que fondatrice. Fatigue, bouleversements hormonaux, \u00e9motions intenses et nouvelles responsabilit\u00e9s s\u2019entrem\u00ealent. Dans ce contexte, les soins sensoriels partag\u00e9s \u2013 ces moments de contact, de toucher et de pr\u00e9sence v\u00e9cus ensemble \u2013 peuvent devenir de v\u00e9ritables points d\u2019appui. Non pas comme une solution miracle, mais comme un soutien simple, accessible et profond\u00e9ment humain. Ils nourrissent le lien avec le b\u00e9b\u00e9, tout en apportant \u00e0 la maman un espace de r\u00e9assurance et de reconnexion \u00e0 elle-m\u00eame. Le post-partum : une p\u00e9riode de vuln\u00e9rabilit\u00e9 normale Le post-partum [&hellip;]<\/p>\n","protected":false},"author":987,"featured_media":37744,"comment_status":"open","ping_status":"open","sticky":false,"template":"","format":"standard","meta":{"_acf_changed":false,"footnotes":""},"categories":[117,119],"tags":[340,911,339,523,311,912],"class_list":["post-37741","post","type-post","status-publish","format-standard","has-post-thumbnail","hentry","category-famille","category-grossesse-et-bebe","tag-bebe","tag-lien-dattachement","tag-maman","tag-maternite","tag-post-partum","tag-theorie-de-lattachement"],"acf":[],"yoast_head":"<!-- This site is optimized with the Yoast SEO plugin v27.1.1 - https:\/\/yoast.com\/product\/yoast-seo-wordpress\/ -->\n<title>Post-partum : les soins sensoriels partag\u00e9s<\/title>\n<meta name=\"description\" content=\"Toucher, pr\u00e9sence et lien parent-b\u00e9b\u00e9 : des soins sensoriels pour favoriser le bien-\u00eatre, l\u2019apaisement et la connexion apr\u00e8s la naissance.\" \/>\n<meta name=\"robots\" content=\"index, follow, max-snippet:-1, max-image-preview:large, max-video-preview:-1\" \/>\n<link rel=\"canonical\" href=\"https:\/\/www.medoucine.com\/blog\/post-partum-comment-les-soins-sensoriels-partages-soutiennent-la-maman-autant-que-le-bebe\/\" \/>\n<meta property=\"og:locale\" content=\"fr_FR\" \/>\n<meta property=\"og:type\" content=\"article\" \/>\n<meta property=\"og:title\" content=\"Post-partum : les soins sensoriels partag\u00e9s\" \/>\n<meta property=\"og:description\" content=\"Toucher, pr\u00e9sence et lien parent-b\u00e9b\u00e9 : des soins sensoriels pour favoriser le bien-\u00eatre, l\u2019apaisement et la connexion apr\u00e8s la naissance.\" \/>\n<meta property=\"og:url\" content=\"https:\/\/www.medoucine.com\/blog\/post-partum-comment-les-soins-sensoriels-partages-soutiennent-la-maman-autant-que-le-bebe\/\" \/>\n<meta property=\"og:site_name\" content=\"Blog de Medoucine\" \/>\n<meta property=\"article:publisher\" content=\"https:\/\/www.facebook.com\/medoucine\/\" \/>\n<meta property=\"article:published_time\" content=\"2026-01-23T17:18:02+00:00\" \/>\n<meta property=\"article:modified_time\" content=\"2026-04-08T15:39:55+00:00\" \/>\n<meta property=\"og:image\" content=\"https:\/\/www.medoucine.com\/blog\/wp-content\/uploads\/2026\/01\/Design-sans-titre-27-1024x576.png\" \/>\n\t<meta property=\"og:image:width\" content=\"1024\" \/>\n\t<meta property=\"og:image:height\" content=\"576\" \/>\n\t<meta property=\"og:image:type\" content=\"image\/png\" \/>\n<meta name=\"author\" content=\"\u00c9lodie Negretti\" \/>\n<meta name=\"twitter:card\" content=\"summary_large_image\" \/>\n<meta name=\"twitter:creator\" content=\"@medoucinefr\" \/>\n<meta name=\"twitter:site\" content=\"@medoucinefr\" \/>\n<meta name=\"twitter:label1\" content=\"\u00c9crit par\" \/>\n\t<meta name=\"twitter:data1\" content=\"\u00c9lodie Negretti\" \/>\n\t<meta name=\"twitter:label2\" content=\"Dur\u00e9e de lecture estim\u00e9e\" \/>\n\t<meta name=\"twitter:data2\" content=\"6 minutes\" \/>\n<script type=\"application\/ld+json\" class=\"yoast-schema-graph\">{\"@context\":\"https:\/\/schema.org\",\"@graph\":[{\"@type\":\"Article\",\"@id\":\"https:\/\/www.medoucine.com\/blog\/post-partum-comment-les-soins-sensoriels-partages-soutiennent-la-maman-autant-que-le-bebe\/#article\",\"isPartOf\":{\"@id\":\"https:\/\/www.medoucine.com\/blog\/post-partum-comment-les-soins-sensoriels-partages-soutiennent-la-maman-autant-que-le-bebe\/\"},\"author\":{\"name\":\"\u00c9lodie Negretti\",\"@id\":\"https:\/\/www.medoucine.com\/blog\/#\/schema\/person\/f89f3004ff26cea29e37aacce4264218\"},\"headline\":\"Post-partum : comment les soins sensoriels partag\u00e9s soutiennent la maman autant que le b\u00e9b\u00e9\",\"datePublished\":\"2026-01-23T17:18:02+00:00\",\"dateModified\":\"2026-04-08T15:39:55+00:00\",\"mainEntityOfPage\":{\"@id\":\"https:\/\/www.medoucine.com\/blog\/post-partum-comment-les-soins-sensoriels-partages-soutiennent-la-maman-autant-que-le-bebe\/\"},\"wordCount\":1242,\"commentCount\":0,\"publisher\":{\"@id\":\"https:\/\/www.medoucine.com\/blog\/#organization\"},\"image\":{\"@id\":\"https:\/\/www.medoucine.com\/blog\/post-partum-comment-les-soins-sensoriels-partages-soutiennent-la-maman-autant-que-le-bebe\/#primaryimage\"},\"thumbnailUrl\":\"https:\/\/www.medoucine.com\/blog\/wp-content\/uploads\/2026\/01\/Design-sans-titre-27.png\",\"keywords\":[\"b\u00e9b\u00e9\",\"lien d'attachement\",\"maman\",\"maternit\u00e9\",\"post-partum\",\"th\u00e9orie de l'attachement\"],\"articleSection\":[\"Famille\",\"Grossesse &amp; b\u00e9b\u00e9\"],\"inLanguage\":\"fr-FR\",\"potentialAction\":[{\"@type\":\"CommentAction\",\"name\":\"Comment\",\"target\":[\"https:\/\/www.medoucine.com\/blog\/post-partum-comment-les-soins-sensoriels-partages-soutiennent-la-maman-autant-que-le-bebe\/#respond\"]}]},{\"@type\":\"WebPage\",\"@id\":\"https:\/\/www.medoucine.com\/blog\/post-partum-comment-les-soins-sensoriels-partages-soutiennent-la-maman-autant-que-le-bebe\/\",\"url\":\"https:\/\/www.medoucine.com\/blog\/post-partum-comment-les-soins-sensoriels-partages-soutiennent-la-maman-autant-que-le-bebe\/\",\"name\":\"Post-partum : les soins sensoriels partag\u00e9s\",\"isPartOf\":{\"@id\":\"https:\/\/www.medoucine.com\/blog\/#website\"},\"primaryImageOfPage\":{\"@id\":\"https:\/\/www.medoucine.com\/blog\/post-partum-comment-les-soins-sensoriels-partages-soutiennent-la-maman-autant-que-le-bebe\/#primaryimage\"},\"image\":{\"@id\":\"https:\/\/www.medoucine.com\/blog\/post-partum-comment-les-soins-sensoriels-partages-soutiennent-la-maman-autant-que-le-bebe\/#primaryimage\"},\"thumbnailUrl\":\"https:\/\/www.medoucine.com\/blog\/wp-content\/uploads\/2026\/01\/Design-sans-titre-27.png\",\"datePublished\":\"2026-01-23T17:18:02+00:00\",\"dateModified\":\"2026-04-08T15:39:55+00:00\",\"description\":\"Toucher, pr\u00e9sence et lien parent-b\u00e9b\u00e9 : des soins sensoriels pour favoriser le bien-\u00eatre, l\u2019apaisement et la connexion apr\u00e8s la naissance.\",\"breadcrumb\":{\"@id\":\"https:\/\/www.medoucine.com\/blog\/post-partum-comment-les-soins-sensoriels-partages-soutiennent-la-maman-autant-que-le-bebe\/#breadcrumb\"},\"inLanguage\":\"fr-FR\",\"potentialAction\":[{\"@type\":\"ReadAction\",\"target\":[\"https:\/\/www.medoucine.com\/blog\/post-partum-comment-les-soins-sensoriels-partages-soutiennent-la-maman-autant-que-le-bebe\/\"]}]},{\"@type\":\"ImageObject\",\"inLanguage\":\"fr-FR\",\"@id\":\"https:\/\/www.medoucine.com\/blog\/post-partum-comment-les-soins-sensoriels-partages-soutiennent-la-maman-autant-que-le-bebe\/#primaryimage\",\"url\":\"https:\/\/www.medoucine.com\/blog\/wp-content\/uploads\/2026\/01\/Design-sans-titre-27.png\",\"contentUrl\":\"https:\/\/www.medoucine.com\/blog\/wp-content\/uploads\/2026\/01\/Design-sans-titre-27.png\",\"width\":1920,\"height\":1080,\"caption\":\"femme en post partum\"},{\"@type\":\"BreadcrumbList\",\"@id\":\"https:\/\/www.medoucine.com\/blog\/post-partum-comment-les-soins-sensoriels-partages-soutiennent-la-maman-autant-que-le-bebe\/#breadcrumb\",\"itemListElement\":[{\"@type\":\"ListItem\",\"position\":1,\"name\":\"Blog Medoucine\",\"item\":\"https:\/\/www.medoucine.com\/blog\/\"},{\"@type\":\"ListItem\",\"position\":2,\"name\":\"Famille\",\"item\":\"https:\/\/www.medoucine.com\/blog\/cat\/famille\/\"},{\"@type\":\"ListItem\",\"position\":3,\"name\":\"Post-partum : comment les soins sensoriels partag\u00e9s soutiennent la maman autant que le b\u00e9b\u00e9\"}]},{\"@type\":\"WebSite\",\"@id\":\"https:\/\/www.medoucine.com\/blog\/#website\",\"url\":\"https:\/\/www.medoucine.com\/blog\/\",\"name\":\"Blog de Medoucine\",\"description\":\"Le blog des m\u00e9decines douces\",\"publisher\":{\"@id\":\"https:\/\/www.medoucine.com\/blog\/#organization\"},\"potentialAction\":[{\"@type\":\"SearchAction\",\"target\":{\"@type\":\"EntryPoint\",\"urlTemplate\":\"https:\/\/www.medoucine.com\/blog\/?s={search_term_string}\"},\"query-input\":{\"@type\":\"PropertyValueSpecification\",\"valueRequired\":true,\"valueName\":\"search_term_string\"}}],\"inLanguage\":\"fr-FR\"},{\"@type\":\"Organization\",\"@id\":\"https:\/\/www.medoucine.com\/blog\/#organization\",\"name\":\"Medoucine\",\"url\":\"https:\/\/www.medoucine.com\/blog\/\",\"logo\":{\"@type\":\"ImageObject\",\"inLanguage\":\"fr-FR\",\"@id\":\"https:\/\/www.medoucine.com\/blog\/#\/schema\/logo\/image\/\",\"url\":\"https:\/\/www.medoucine.com\/blog\/wp-content\/uploads\/2019\/07\/logo@3x.png\",\"contentUrl\":\"https:\/\/www.medoucine.com\/blog\/wp-content\/uploads\/2019\/07\/logo@3x.png\",\"width\":555,\"height\":135,\"caption\":\"Medoucine\"},\"image\":{\"@id\":\"https:\/\/www.medoucine.com\/blog\/#\/schema\/logo\/image\/\"},\"sameAs\":[\"https:\/\/www.facebook.com\/medoucine\/\",\"https:\/\/x.com\/medoucinefr\",\"https:\/\/www.instagram.com\/medoucine\/\",\"https:\/\/www.youtube.com\/channel\/UCtZeUeJ_KebYK0KJAXjJV8g\"]},{\"@type\":\"Person\",\"@id\":\"https:\/\/www.medoucine.com\/blog\/#\/schema\/person\/f89f3004ff26cea29e37aacce4264218\",\"name\":\"\u00c9lodie Negretti\",\"image\":{\"@type\":\"ImageObject\",\"inLanguage\":\"fr-FR\",\"@id\":\"https:\/\/www.medoucine.com\/blog\/#\/schema\/person\/image\/\",\"url\":\"https:\/\/secure.gravatar.com\/avatar\/d1c673f5ffcfbe980130a73885583250ec2e228ed853b961a0881024a405db9b?s=96&d=mm&r=g\",\"contentUrl\":\"https:\/\/secure.gravatar.com\/avatar\/d1c673f5ffcfbe980130a73885583250ec2e228ed853b961a0881024a405db9b?s=96&d=mm&r=g\",\"caption\":\"\u00c9lodie Negretti\"},\"description\":\"Praticienne en massage bien-\u00eatre et form\u00e9e \u00e0 la r\u00e9flexologie plantaire, j\u2019accompagne les femmes, les enfants et les familles vers un mieux-\u00eatre global. Mon approche est douce, ancr\u00e9e dans l\u2019\u00e9coute du corps et la bienveillance. J\u2019aime transmettre des outils simples et naturels pour aider chacun \u00e0 se reconnecter \u00e0 son \u00e9nergie, \u00e0 retrouver \u00e9quilibre, s\u00e9r\u00e9nit\u00e9 et confiance en ses propres ressources.\",\"sameAs\":[\"https:\/\/www.medoucine.com\/consultation\/augny\/elodie-negretti\/22753\"],\"url\":\"https:\/\/www.medoucine.com\/blog\/author\/elodie_negretti\/\"}]}<\/script>\n<!-- \/ Yoast SEO plugin. -->","yoast_head_json":{"title":"Post-partum : les soins sensoriels partag\u00e9s","description":"Toucher, pr\u00e9sence et lien parent-b\u00e9b\u00e9 : des soins sensoriels pour favoriser le bien-\u00eatre, l\u2019apaisement et la connexion apr\u00e8s la naissance.","robots":{"index":"index","follow":"follow","max-snippet":"max-snippet:-1","max-image-preview":"max-image-preview:large","max-video-preview":"max-video-preview:-1"},"canonical":"https:\/\/www.medoucine.com\/blog\/post-partum-comment-les-soins-sensoriels-partages-soutiennent-la-maman-autant-que-le-bebe\/","og_locale":"fr_FR","og_type":"article","og_title":"Post-partum : les soins sensoriels partag\u00e9s","og_description":"Toucher, pr\u00e9sence et lien parent-b\u00e9b\u00e9 : des soins sensoriels pour favoriser le bien-\u00eatre, l\u2019apaisement et la connexion apr\u00e8s la naissance.","og_url":"https:\/\/www.medoucine.com\/blog\/post-partum-comment-les-soins-sensoriels-partages-soutiennent-la-maman-autant-que-le-bebe\/","og_site_name":"Blog de Medoucine","article_publisher":"https:\/\/www.facebook.com\/medoucine\/","article_published_time":"2026-01-23T17:18:02+00:00","article_modified_time":"2026-04-08T15:39:55+00:00","og_image":[{"width":1024,"height":576,"url":"https:\/\/www.medoucine.com\/blog\/wp-content\/uploads\/2026\/01\/Design-sans-titre-27-1024x576.png","type":"image\/png"}],"author":"\u00c9lodie Negretti","twitter_card":"summary_large_image","twitter_creator":"@medoucinefr","twitter_site":"@medoucinefr","twitter_misc":{"\u00c9crit par":"\u00c9lodie Negretti","Dur\u00e9e de lecture estim\u00e9e":"6 minutes"},"schema":{"@context":"https:\/\/schema.org","@graph":[{"@type":"Article","@id":"https:\/\/www.medoucine.com\/blog\/post-partum-comment-les-soins-sensoriels-partages-soutiennent-la-maman-autant-que-le-bebe\/#article","isPartOf":{"@id":"https:\/\/www.medoucine.com\/blog\/post-partum-comment-les-soins-sensoriels-partages-soutiennent-la-maman-autant-que-le-bebe\/"},"author":{"name":"\u00c9lodie Negretti","@id":"https:\/\/www.medoucine.com\/blog\/#\/schema\/person\/f89f3004ff26cea29e37aacce4264218"},"headline":"Post-partum : comment les soins sensoriels partag\u00e9s soutiennent la maman autant que le b\u00e9b\u00e9","datePublished":"2026-01-23T17:18:02+00:00","dateModified":"2026-04-08T15:39:55+00:00","mainEntityOfPage":{"@id":"https:\/\/www.medoucine.com\/blog\/post-partum-comment-les-soins-sensoriels-partages-soutiennent-la-maman-autant-que-le-bebe\/"},"wordCount":1242,"commentCount":0,"publisher":{"@id":"https:\/\/www.medoucine.com\/blog\/#organization"},"image":{"@id":"https:\/\/www.medoucine.com\/blog\/post-partum-comment-les-soins-sensoriels-partages-soutiennent-la-maman-autant-que-le-bebe\/#primaryimage"},"thumbnailUrl":"https:\/\/www.medoucine.com\/blog\/wp-content\/uploads\/2026\/01\/Design-sans-titre-27.png","keywords":["b\u00e9b\u00e9","lien d'attachement","maman","maternit\u00e9","post-partum","th\u00e9orie de l'attachement"],"articleSection":["Famille","Grossesse &amp; b\u00e9b\u00e9"],"inLanguage":"fr-FR","potentialAction":[{"@type":"CommentAction","name":"Comment","target":["https:\/\/www.medoucine.com\/blog\/post-partum-comment-les-soins-sensoriels-partages-soutiennent-la-maman-autant-que-le-bebe\/#respond"]}]},{"@type":"WebPage","@id":"https:\/\/www.medoucine.com\/blog\/post-partum-comment-les-soins-sensoriels-partages-soutiennent-la-maman-autant-que-le-bebe\/","url":"https:\/\/www.medoucine.com\/blog\/post-partum-comment-les-soins-sensoriels-partages-soutiennent-la-maman-autant-que-le-bebe\/","name":"Post-partum : les soins sensoriels partag\u00e9s","isPartOf":{"@id":"https:\/\/www.medoucine.com\/blog\/#website"},"primaryImageOfPage":{"@id":"https:\/\/www.medoucine.com\/blog\/post-partum-comment-les-soins-sensoriels-partages-soutiennent-la-maman-autant-que-le-bebe\/#primaryimage"},"image":{"@id":"https:\/\/www.medoucine.com\/blog\/post-partum-comment-les-soins-sensoriels-partages-soutiennent-la-maman-autant-que-le-bebe\/#primaryimage"},"thumbnailUrl":"https:\/\/www.medoucine.com\/blog\/wp-content\/uploads\/2026\/01\/Design-sans-titre-27.png","datePublished":"2026-01-23T17:18:02+00:00","dateModified":"2026-04-08T15:39:55+00:00","description":"Toucher, pr\u00e9sence et lien parent-b\u00e9b\u00e9 : des soins sensoriels pour favoriser le bien-\u00eatre, l\u2019apaisement et la connexion apr\u00e8s la naissance.","breadcrumb":{"@id":"https:\/\/www.medoucine.com\/blog\/post-partum-comment-les-soins-sensoriels-partages-soutiennent-la-maman-autant-que-le-bebe\/#breadcrumb"},"inLanguage":"fr-FR","potentialAction":[{"@type":"ReadAction","target":["https:\/\/www.medoucine.com\/blog\/post-partum-comment-les-soins-sensoriels-partages-soutiennent-la-maman-autant-que-le-bebe\/"]}]},{"@type":"ImageObject","inLanguage":"fr-FR","@id":"https:\/\/www.medoucine.com\/blog\/post-partum-comment-les-soins-sensoriels-partages-soutiennent-la-maman-autant-que-le-bebe\/#primaryimage","url":"https:\/\/www.medoucine.com\/blog\/wp-content\/uploads\/2026\/01\/Design-sans-titre-27.png","contentUrl":"https:\/\/www.medoucine.com\/blog\/wp-content\/uploads\/2026\/01\/Design-sans-titre-27.png","width":1920,"height":1080,"caption":"femme en post partum"},{"@type":"BreadcrumbList","@id":"https:\/\/www.medoucine.com\/blog\/post-partum-comment-les-soins-sensoriels-partages-soutiennent-la-maman-autant-que-le-bebe\/#breadcrumb","itemListElement":[{"@type":"ListItem","position":1,"name":"Blog Medoucine","item":"https:\/\/www.medoucine.com\/blog\/"},{"@type":"ListItem","position":2,"name":"Famille","item":"https:\/\/www.medoucine.com\/blog\/cat\/famille\/"},{"@type":"ListItem","position":3,"name":"Post-partum : comment les soins sensoriels partag\u00e9s soutiennent la maman autant que le b\u00e9b\u00e9"}]},{"@type":"WebSite","@id":"https:\/\/www.medoucine.com\/blog\/#website","url":"https:\/\/www.medoucine.com\/blog\/","name":"Blog de Medoucine","description":"Le blog des m\u00e9decines douces","publisher":{"@id":"https:\/\/www.medoucine.com\/blog\/#organization"},"potentialAction":[{"@type":"SearchAction","target":{"@type":"EntryPoint","urlTemplate":"https:\/\/www.medoucine.com\/blog\/?s={search_term_string}"},"query-input":{"@type":"PropertyValueSpecification","valueRequired":true,"valueName":"search_term_string"}}],"inLanguage":"fr-FR"},{"@type":"Organization","@id":"https:\/\/www.medoucine.com\/blog\/#organization","name":"Medoucine","url":"https:\/\/www.medoucine.com\/blog\/","logo":{"@type":"ImageObject","inLanguage":"fr-FR","@id":"https:\/\/www.medoucine.com\/blog\/#\/schema\/logo\/image\/","url":"https:\/\/www.medoucine.com\/blog\/wp-content\/uploads\/2019\/07\/logo@3x.png","contentUrl":"https:\/\/www.medoucine.com\/blog\/wp-content\/uploads\/2019\/07\/logo@3x.png","width":555,"height":135,"caption":"Medoucine"},"image":{"@id":"https:\/\/www.medoucine.com\/blog\/#\/schema\/logo\/image\/"},"sameAs":["https:\/\/www.facebook.com\/medoucine\/","https:\/\/x.com\/medoucinefr","https:\/\/www.instagram.com\/medoucine\/","https:\/\/www.youtube.com\/channel\/UCtZeUeJ_KebYK0KJAXjJV8g"]},{"@type":"Person","@id":"https:\/\/www.medoucine.com\/blog\/#\/schema\/person\/f89f3004ff26cea29e37aacce4264218","name":"\u00c9lodie Negretti","image":{"@type":"ImageObject","inLanguage":"fr-FR","@id":"https:\/\/www.medoucine.com\/blog\/#\/schema\/person\/image\/","url":"https:\/\/secure.gravatar.com\/avatar\/d1c673f5ffcfbe980130a73885583250ec2e228ed853b961a0881024a405db9b?s=96&d=mm&r=g","contentUrl":"https:\/\/secure.gravatar.com\/avatar\/d1c673f5ffcfbe980130a73885583250ec2e228ed853b961a0881024a405db9b?s=96&d=mm&r=g","caption":"\u00c9lodie Negretti"},"description":"Praticienne en massage bien-\u00eatre et form\u00e9e \u00e0 la r\u00e9flexologie plantaire, j\u2019accompagne les femmes, les enfants et les familles vers un mieux-\u00eatre global. Mon approche est douce, ancr\u00e9e dans l\u2019\u00e9coute du corps et la bienveillance. J\u2019aime transmettre des outils simples et naturels pour aider chacun \u00e0 se reconnecter \u00e0 son \u00e9nergie, \u00e0 retrouver \u00e9quilibre, s\u00e9r\u00e9nit\u00e9 et confiance en ses propres ressources.","sameAs":["https:\/\/www.medoucine.com\/consultation\/augny\/elodie-negretti\/22753"],"url":"https:\/\/www.medoucine.com\/blog\/author\/elodie_negretti\/"}]}},"_links":{"self":[{"href":"https:\/\/www.medoucine.com\/blog\/wp-json\/wp\/v2\/posts\/37741","targetHints":{"allow":["GET"]}}],"collection":[{"href":"https:\/\/www.medoucine.com\/blog\/wp-json\/wp\/v2\/posts"}],"about":[{"href":"https:\/\/www.medoucine.com\/blog\/wp-json\/wp\/v2\/types\/post"}],"author":[{"embeddable":true,"href":"https:\/\/www.medoucine.com\/blog\/wp-json\/wp\/v2\/users\/987"}],"replies":[{"embeddable":true,"href":"https:\/\/www.medoucine.com\/blog\/wp-json\/wp\/v2\/comments?post=37741"}],"version-history":[{"count":5,"href":"https:\/\/www.medoucine.com\/blog\/wp-json\/wp\/v2\/posts\/37741\/revisions"}],"predecessor-version":[{"id":41712,"href":"https:\/\/www.medoucine.com\/blog\/wp-json\/wp\/v2\/posts\/37741\/revisions\/41712"}],"wp:featuredmedia":[{"embeddable":true,"href":"https:\/\/www.medoucine.com\/blog\/wp-json\/wp\/v2\/media\/37744"}],"wp:attachment":[{"href":"https:\/\/www.medoucine.com\/blog\/wp-json\/wp\/v2\/media?parent=37741"}],"wp:term":[{"taxonomy":"category","embeddable":true,"href":"https:\/\/www.medoucine.com\/blog\/wp-json\/wp\/v2\/categories?post=37741"},{"taxonomy":"post_tag","embeddable":true,"href":"https:\/\/www.medoucine.com\/blog\/wp-json\/wp\/v2\/tags?post=37741"}],"curies":[{"name":"wp","href":"https:\/\/api.w.org\/{rel}","templated":true}]}}