{"id":37716,"date":"2026-01-23T18:21:03","date_gmt":"2026-01-23T17:21:03","guid":{"rendered":"https:\/\/www.medoucine.com\/blog\/?p=37716"},"modified":"2026-02-26T17:16:10","modified_gmt":"2026-02-26T16:16:10","slug":"le-deuil-perinatal-comprendre-une-epreuve-encore-trop-taboue","status":"publish","type":"post","link":"https:\/\/www.medoucine.com\/blog\/le-deuil-perinatal-comprendre-une-epreuve-encore-trop-taboue\/","title":{"rendered":"Le deuil p\u00e9rinatal : comprendre une \u00e9preuve encore trop taboue"},"content":{"rendered":"<div><\/div>\n<div>\n<p class=\"Textbody\">Chaque ann\u00e9e, des milliers de parents vivent un <b>deuil p\u00e9rinatal<\/b>, li\u00e9 \u00e0 la perte d\u2019un b\u00e9b\u00e9 pendant la grossesse ou peu apr\u00e8s la naissance. Pourtant, cette \u00e9preuve reste largement m\u00e9connue, minimis\u00e9e, voire pass\u00e9e sous silence. Parce que l\u2019enfant a peu ou pas v\u00e9cu, parce que l\u2019entourage ne l\u2019a pas connu, la souffrance des parents est souvent invisibilis\u00e9e.<\/p>\n<\/div>\n<p style=\"font-weight: 400\">Or, perdre un b\u00e9b\u00e9, quel que soit le stade de la grossesse, bouleverse profond\u00e9ment l\u2019existence. Ce n\u2019est pas seulement un \u00e9v\u00e9nement m\u00e9dical : c\u2019est une exp\u00e9rience humaine, intime, qui touche \u00e0 l\u2019identit\u00e9, au lien et au sens. Cet article propose de mieux comprendre ce qu\u2019est le deuil p\u00e9rinatal, ce qu&rsquo;il a de si particulier, et en quoi la reconnaissance, la parole et l\u2019accompagnement peuvent en transformer la travers\u00e9e.<a href=\"https:\/\/www.medoucine.com\/blog\/wp-content\/uploads\/2026\/01\/Design-sans-titre-16.png\"><img loading=\"lazy\" decoding=\"async\" class=\"size-large wp-image-37717 aligncenter\" src=\"https:\/\/www.medoucine.com\/blog\/wp-content\/uploads\/2026\/01\/Design-sans-titre-16-1024x576.png\" alt=\"\" width=\"1024\" height=\"576\" srcset=\"https:\/\/www.medoucine.com\/blog\/wp-content\/uploads\/2026\/01\/Design-sans-titre-16-1024x576.png 1024w, https:\/\/www.medoucine.com\/blog\/wp-content\/uploads\/2026\/01\/Design-sans-titre-16-300x169.png 300w, https:\/\/www.medoucine.com\/blog\/wp-content\/uploads\/2026\/01\/Design-sans-titre-16-768x432.png 768w, https:\/\/www.medoucine.com\/blog\/wp-content\/uploads\/2026\/01\/Design-sans-titre-16-1536x864.png 1536w, https:\/\/www.medoucine.com\/blog\/wp-content\/uploads\/2026\/01\/Design-sans-titre-16-1140x641.png 1140w, https:\/\/www.medoucine.com\/blog\/wp-content\/uploads\/2026\/01\/Design-sans-titre-16.png 1920w\" sizes=\"auto, (max-width: 1024px) 100vw, 1024px\" \/><\/a><\/p>\n<h2>Qu\u2019appelle-t-on le deuil p\u00e9rinatal ?<\/h2>\n<p style=\"font-weight: 400\">Le deuil p\u00e9rinatal d\u00e9signe le deuil v\u00e9cu \u00e0 la suite de la perte d\u2019un b\u00e9b\u00e9 <b>pendant la grossesse, \u00e0 la naissance ou dans les premiers mois de vie<\/b>. Il peut survenir dans des situations tr\u00e8s diverses, notamment :<\/p>\n<ul>\n<li>une <a href=\"https:\/\/www.vidal.fr\/sante\/grossesse\/conception-suivi-grossesse\/fausses-couches.html\">fausse-couche<\/a>, pr\u00e9coce ou tardive (aujourd\u2019hui \u00e9galement nomm\u00e9e <strong>interruption spontan\u00e9e de grossesse<\/strong>),<\/li>\n<li>une <a href=\"https:\/\/www.ameli.fr\/assure\/sante\/devenir-parent\/grossesse\/difficultes-et-maladies-pendant-la-grossesse\/grossesse-extra-uterine\">grossesse extra-ut\u00e9rine<\/a>,<\/li>\n<li>un <a href=\"https:\/\/www.fncgm.com\/images\/revue_presse\/2021\/%C5%92uf_clair_causes_diagnostic_quand_retomber_enceinte.pdf\">\u0153uf clair,<\/a><\/li>\n<li>une <a href=\"https:\/\/www.service-public.gouv.fr\/particuliers\/vosdroits\/F1101\">interruption m\u00e9dicale de grossesse<\/a><b> (IMG)<\/b>,<\/li>\n<li>une <a href=\"https:\/\/www.service-public.gouv.fr\/particuliers\/vosdroits\/F1551\">interruption volontaire de grossesse<\/a><b> (IVG)<\/b>,<\/li>\n<li>une <a href=\"https:\/\/www.msdmanuals.com\/fr\/accueil\/probl%C3%A8mes-de-sant%C3%A9-de-la-femme\/complications-de-la-grossesse\/mort-in-utero\">mort in utero<\/a>,<\/li>\n<li>le d\u00e9c\u00e8s d\u2019un b\u00e9b\u00e9 dans les jours ou les mois suivant sa naissance,<\/li>\n<li>la perte d\u2019un ou de plusieurs b\u00e9b\u00e9s lors d\u2019une <a href=\"https:\/\/www.msdmanuals.com\/fr\/professional\/gyn%C3%A9cologie-et-obst%C3%A9trique\/prise-en-charge-de-la-femme-enceinte-et-suivi-de-la-grossesse\/grossesse-multiple\">grossesse multiple.<\/a><\/li>\n<\/ul>\n<p style=\"font-weight: 400\">Ces \u00e9v\u00e9nements ont en commun de confronter les parents \u00e0 une rupture brutale : celle d\u2019une grossesse engag\u00e9e, d\u2019un projet de vie, d\u2019un avenir imagin\u00e9, <b>quelle que soit la cause m\u00e9dicale ou le contexte de la d\u00e9cision prise.<\/b><\/p>\n<div class=\"m-spin\">\n<p class=\"m-spin__text\"><strong>Surmontez le deuil p\u00e9rinatal avec un accompagnement bienveillant<\/strong><\/p>\n<p class=\"m-spin__text\">Le deuil p\u00e9rinatal est une \u00e9preuve profonde et solitaire. Prenez rendez-vous avec un <a class=\"m-spin__link\" target=\"_blank\" rel=\"noopener noreferrer\" href=\"https:\/\/www.medoucine.com\/consultations\/se-soigner\/accompagnement-perinatal\/bordeaux\/tous-publics\/a-domicile-ou-cabinet\">Accompagnant p\u00e9rinatal \u00e0 Bordeaux<\/a>, un <a class=\"m-spin__link\" target=\"_blank\" rel=\"noopener noreferrer\" href=\"https:\/\/www.medoucine.com\/consultations\/se-soigner\/accompagnement-perinatal\/nice\/tous-publics\/a-domicile-ou-cabinet\">Accompagnant p\u00e9rinatal \u00e0 Nice<\/a> ou un <a class=\"m-spin__link\" target=\"_blank\" rel=\"noopener noreferrer\" href=\"https:\/\/www.medoucine.com\/consultations\/se-soigner\/accompagnement-perinatal\/paris\/tous-publics\/a-domicile-ou-cabinet\">Accompagnant p\u00e9rinatal \u00e0 Paris<\/a> pour un soutien personnalis\u00e9 et adapt\u00e9 \u00e0 vos besoins.<\/p>\n<p class=\"m-spin__text\">N&rsquo;h\u00e9sitez pas \u00e0 vous faire aider : trouvez des <a class=\"m-spin__link\" target=\"_blank\" rel=\"noopener noreferrer\" href=\"https:\/\/www.medoucine.com\/consultations\/se-soigner\/accompagnement-perinatal\/autour-de-moi\">Accompagnants \u00e0 la naissance pr\u00e8s de chez vous<\/a> pour vous accompagner vers la gu\u00e9rison et la reconstruction.<\/p>\n<\/div>\n<h2>Un deuil singulier : le deuil d\u2019un avenir possible<\/h2>\n<p style=\"font-weight: 400\">Le deuil p\u00e9rinatal est souvent d\u00e9crit comme un deuil particulier. Il s\u2019agit du <b>deuil d\u2019un \u00eatre qui n\u2019a pas ou peu v\u00e9cu<\/b>, mais aussi \u2013 et surtout \u2013 du deuil de tout ce qui avait \u00e9t\u00e9 imagin\u00e9.<\/p>\n<p style=\"font-weight: 400\">D\u00e8s le d\u00e9but d\u2019une grossesse, un lien se cr\u00e9e. Les parents imaginent un pr\u00e9nom, un visage, une place dans la famille. Certains se projettent dans la naissance, d\u2019autres dans l\u2019enfance \u00e0 venir. Ce lien d\u2019attachement existe concr\u00e8tement, m\u00eame s\u2019il est invisible pour l\u2019ext\u00e9rieur.<\/p>\n<p style=\"font-weight: 400\">Lorsque la grossesse s\u2019interrompt, ce n\u2019est pas seulement un \u00e9v\u00e9nement m\u00e9dical qui survient. C\u2019est un <b>effondrement psychique et \u00e9motionnel<\/b>, souvent incompris par l\u2019entourage. Le deuil ne porte pas uniquement sur un b\u00e9b\u00e9, mais sur un futur r\u00eav\u00e9, esp\u00e9r\u00e9, attendu.<\/p>\n<h2>Le poids du silence et du manque de reconnaissance<\/h2>\n<p style=\"font-weight: 400\">L\u2019une des grandes difficult\u00e9s du deuil p\u00e9rinatal r\u00e9side dans le <b>manque de reconnaissance sociale<\/b>. L\u2019entourage, souvent maladroit par m\u00e9connaissance du sujet, peut chercher \u00e0 rassurer par des phrases telles que :<br \/>\n\u00ab Tu es jeune \u00bb,<br \/>\n\u00ab Tu en auras un autre \u00bb,<br \/>\n\u00ab C\u2019est sans doute mieux comme \u00e7a \u00bb,<br \/>\n\u00ab Il faut laisser la nature faire \u00bb,<br \/>\n\u00ab Il faut avancer \u00bb,<br \/>\nou encore \u00ab Ce n\u2019\u00e9tait pas encore un vrai b\u00e9b\u00e9 \u00bb.<\/p>\n<p style=\"font-weight: 400\">Ces paroles, m\u00eame lorsqu\u2019elles sont bien intentionn\u00e9es, peuvent renforcer le sentiment de solitude et d\u2019incompr\u00e9hension. Elles traduisent une difficult\u00e9 collective \u00e0 reconna\u00eetre la r\u00e9alit\u00e9 du lien du parent avec son enfant, et de la perte.<\/p>\n<p style=\"font-weight: 400\">Dans certains cas, le v\u00e9cu des parents est \u00e9galement minimis\u00e9 par le monde m\u00e9dical, davantage centr\u00e9 sur l\u2019urgence physique. Ce <b>silence<\/b>, ou cette absence de reconnaissance, contribue \u00e0 faire du deuil p\u00e9rinatal un tabou, l\u00e0 o\u00f9 la parole serait pourtant essentielle.<\/p>\n<h2>Des v\u00e9cus multiples, une souffrance l\u00e9gitime<\/h2>\n<p style=\"font-weight: 400\">Il n\u2019existe pas une mani\u00e8re unique de vivre un deuil p\u00e9rinatal. Chaque parent traverse cette \u00e9preuve \u00e0 sa fa\u00e7on, selon son histoire, son contexte, ses ressources et les circonstances de la perte.<\/p>\n<p style=\"font-weight: 400\">Parmi les v\u00e9cus fr\u00e9quemment rencontr\u00e9s :<\/p>\n<ul>\n<li>une <b>tristesse profonde<\/b>, parfois envahissante,<\/li>\n<li>un <b>sentiment d\u2019injustice<\/b> ou de col\u00e8re,<\/li>\n<li>de la <b>culpabilit\u00e9<\/b>, notamment apr\u00e8s une IMG ou une IVG,<\/li>\n<li>une grande <a href=\"https:\/\/www.medoucine.com\/blog\/comment-faire-pour-gerer-sa-solitude\/\">solitude<\/a>, m\u00eame au sein du couple,<\/li>\n<li>un sentiment de <strong>d\u00e9calage<\/strong> et parfois m\u00eame de non-appartenance au monde,<\/li>\n<li>des interrogations persistantes : \u00ab pourquoi ? \u00bb, \u00ab et si\u2026 ? \u00bb,<\/li>\n<li>la difficult\u00e9 \u00e0 en parler aux proches ou aux autres enfants de la fratrie.<\/li>\n<\/ul>\n<p style=\"font-weight: 400\">Quelle que soit la situation, la douleur ressentie est <b>l\u00e9gitime<\/b>. Elle ne d\u00e9pend ni de la dur\u00e9e de la grossesse, ni du caract\u00e8re visible ou non de la perte.<\/p>\n<h2><a href=\"https:\/\/www.medoucine.com\/blog\/wp-content\/uploads\/2026\/01\/Design-sans-titre-17.png\"><img loading=\"lazy\" decoding=\"async\" class=\"size-large wp-image-37718 aligncenter\" src=\"https:\/\/www.medoucine.com\/blog\/wp-content\/uploads\/2026\/01\/Design-sans-titre-17-1024x576.png\" alt=\"\" width=\"1024\" height=\"576\" srcset=\"https:\/\/www.medoucine.com\/blog\/wp-content\/uploads\/2026\/01\/Design-sans-titre-17-1024x576.png 1024w, https:\/\/www.medoucine.com\/blog\/wp-content\/uploads\/2026\/01\/Design-sans-titre-17-300x169.png 300w, https:\/\/www.medoucine.com\/blog\/wp-content\/uploads\/2026\/01\/Design-sans-titre-17-768x432.png 768w, https:\/\/www.medoucine.com\/blog\/wp-content\/uploads\/2026\/01\/Design-sans-titre-17-1536x864.png 1536w, https:\/\/www.medoucine.com\/blog\/wp-content\/uploads\/2026\/01\/Design-sans-titre-17-1140x641.png 1140w, https:\/\/www.medoucine.com\/blog\/wp-content\/uploads\/2026\/01\/Design-sans-titre-17.png 1920w\" sizes=\"auto, (max-width: 1024px) 100vw, 1024px\" \/><\/a>Pourquoi parler du deuil p\u00e9rinatal est essentiel<\/h2>\n<p style=\"font-weight: 400\">Mettre des mots sur ce qui a \u00e9t\u00e9 v\u00e9cu est une \u00e9tape fondamentale du processus de deuil. <b>Parler<\/b>, c\u2019est reconna\u00eetre que quelque chose a exist\u00e9, qu&rsquo;un enfant est mort, qu&rsquo;un r\u00eave devenu r\u00e9alit\u00e9 s&rsquo;\u00e9croule.<\/p>\n<p style=\"font-weight: 400\">Nommer l\u2019enfant, quand cela est possible ou souhait\u00e9, reconna\u00eetre les parents comme parents, recevoir un faire-part parfois, permet de redonner une place \u00e0 cette histoire dans la vie familiale et dans la lign\u00e9e. Le silence, au contraire, tend \u00e0 figer la douleur des parents et \u00e0 les isoler.<\/p>\n<p style=\"font-weight: 400\">Parler et \u00e9couter un parent endeuill\u00e9 n&rsquo;a pas pour objectif de le faire aller mieux rapidement, ni de le faire oublier pour passer \u00e0 autre chose. Cela signifie <b>autoriser la souffrance \u00e0 exister<\/b>, sans chercher \u00e0 la faire taire ni \u00e0 la r\u00e9parer trop vite.<\/p>\n<h2>L\u2019importance d\u2019un accompagnement sp\u00e9cifique<\/h2>\n<p style=\"font-weight: 400\">En parall\u00e8le du suivi m\u00e9dical assur\u00e9 par les sages-femmes, gyn\u00e9cologues ou \u00e9quipes hospitali\u00e8res, <a href=\"https:\/\/www.medoucine.com\/pratiques\/psychotherapies\"><strong>un accompagnement psychique et \u00e9motionnel<\/strong><\/a> peut \u00eatre pr\u00e9cieux. Il offre un espace pour d\u00e9poser ce qui ne trouve pas toujours sa place ailleurs : la tristesse, la col\u00e8re, la culpabilit\u00e9, les questions sans r\u00e9ponse, ou encore le sentiment de solitude. Il permet \u00e9galement de rencontrer d&rsquo;autres personnes ayant v\u00e9cu une \u00e9preuve similaire, et d&rsquo;envisager m\u00eame de mani\u00e8re tr\u00e8s impr\u00e9cise encore que vivre reste possible.<\/p>\n<p style=\"font-weight: 400\">Mon exp\u00e9rience du deuil p\u00e9rinatal nourrit une \u00e9coute particuli\u00e8re, attentive \u00e0 ce qui est souvent tu, minimis\u00e9 ou indicible. \u00catre accompagn\u00e9.e dans ce contexte ne vise pas \u00e0 faire dispara\u00eetre la douleur, mais \u00e0 permettre de la traverser sans rester seul.e, en respectant le rythme et le cheminement de chacun.e.<\/p>\n<h2>Sortir du tabou, redonner une place<\/h2>\n<p style=\"font-weight: 400\">Reconna\u00eetre le deuil p\u00e9rinatal, individuellement et collectivement, c\u2019est permettre aux parents de retrouver une continuit\u00e9 dans leur histoire. C\u2019est aussi donner une place \u00e0 ces b\u00e9b\u00e9s dans la famille \u00e0 laquelle ils appartiennent.<\/p>\n<p style=\"font-weight: 400\"><strong>Accueillir la tristesse sans la minimiser<\/strong>.<br \/>\n\u00c9couter la douleur sans chercher \u00e0 l\u2019att\u00e9nuer \u00e0 tout prix.<br \/>\nNommer ce qui est : des parents, un enfant, une famille, parfois une s\u0153ur ou un fr\u00e8re, une perte extr\u00eamement souffrante.<\/p>\n<p style=\"font-weight: 400\">Sortir du tabou, c\u2019est faire le choix de la clart\u00e9 plut\u00f4t que du silence, faire le choix de l\u2019humanit\u00e9.<\/p>\n<p>&nbsp;<\/p>\n<div>\n<p class=\"Textbody\">Je suis accompagnante \u00e0 la crois\u00e9e de la <span class=\"StrongEmphasis\">th\u00e9rapie et du coaching<\/span>, sp\u00e9cialis\u00e9e dans les probl\u00e9matiques relationnelles et familiales. J\u2019accompagne adultes et adolescent.es qui se sentent bloqu\u00e9.es dans des situations complexes ou r\u00e9p\u00e9titives \u00e0 retrouver clart\u00e9, mouvement et juste place.<\/p>\n<\/div>\n<div>\n<p class=\"Textbody\">Le <span class=\"StrongEmphasis\">deuil p\u00e9rinatal<\/span> occupe une place particuli\u00e8re dans ma pratique. Je propose un accompagnement sp\u00e9cifique aux personnes confront\u00e9es \u00e0 la perte d\u2019un enfant pendant la grossesse, en leur offrant un espace s\u00e9curisant pour traverser l\u2019indicible, donner du sens \u00e0 cette \u00e9preuve et retrouver peu \u00e0 peu un \u00e9lan de vie. Ma pratique est respectueuse du rythme et de la singularit\u00e9 de chaque v\u00e9cu et mon approche repose sur une \u00e9coute profonde et un accueil inconditionnel de la souffrance. Face au tabou persistant de notre soci\u00e9t\u00e9, j\u2019aide les parents \u00e0 nommer l\u2019impensable pour restaurer la fluidit\u00e9 au sein de l\u2019histoire familiale et lib\u00e9rer les \u00e9nergies de l&rsquo;arbre g\u00e9n\u00e9alogique.<\/p>\n<\/div>\n<div>\n<p class=\"Textbody\">J\u2019anime \u00e9galement des <span class=\"StrongEmphasis\">constellations familiales en groupe<\/span>, qui offrent un cadre pour remettre chacun \u00e0 sa place au sein de l\u2019histoire familiale, apaiser les liens et permettre \u00e0 ce qui \u00e9tait fig\u00e9 de retrouver du mouvement. Ma pratique vise \u00e0 soutenir la responsabilit\u00e9 individuelle et une circulation plus juste dans les relations.<\/p>\n<\/div>\n<div>\n<p class=\"Textbody\">Je re\u00e7ois en cabinet \u00e0 Feldkirch et en consultation \u00e0 distance.<\/p>\n<\/div>\n<div>\n<p class=\"Textbody\"><a href=\"https:\/\/www.medoucine.com\/consultation\/feldkirch\/elise-duvaleix\/23071\">Prendre rendez-vous avec \u00a0Elise Duvaleix<\/a><\/p>\n<\/div>\n","protected":false},"excerpt":{"rendered":"<p>Chaque ann\u00e9e, des milliers de parents vivent un deuil p\u00e9rinatal, li\u00e9 \u00e0 la perte d\u2019un b\u00e9b\u00e9 pendant la grossesse ou peu apr\u00e8s la naissance. Pourtant, cette \u00e9preuve reste largement m\u00e9connue, minimis\u00e9e, voire pass\u00e9e sous silence. Parce que l\u2019enfant a peu ou pas v\u00e9cu, parce que l\u2019entourage ne l\u2019a pas connu, la souffrance des parents est souvent invisibilis\u00e9e. Or, perdre un b\u00e9b\u00e9, quel que soit le stade de la grossesse, bouleverse profond\u00e9ment l\u2019existence. Ce n\u2019est pas seulement un \u00e9v\u00e9nement m\u00e9dical : c\u2019est une exp\u00e9rience humaine, intime, qui touche \u00e0 l\u2019identit\u00e9, au lien et au sens. Cet article propose de mieux comprendre ce qu\u2019est le deuil p\u00e9rinatal, ce qu&rsquo;il a de si particulier, et en quoi la reconnaissance, la parole et l\u2019accompagnement peuvent en transformer la travers\u00e9e. Qu\u2019appelle-t-on le deuil p\u00e9rinatal ? Le deuil p\u00e9rinatal d\u00e9signe le [&hellip;]<\/p>\n","protected":false},"author":1008,"featured_media":37719,"comment_status":"open","ping_status":"open","sticky":false,"template":"","format":"standard","meta":{"_acf_changed":false,"footnotes":""},"categories":[105,117,119,101],"tags":[861,782,907,905,906],"class_list":["post-37716","post","type-post","status-publish","format-standard","has-post-thumbnail","hentry","category-autres-troubles","category-famille","category-grossesse-et-bebe","category-psycho","tag-deuil-perinatal","tag-fausse-couche","tag-mort-in-utero","tag-perdre-un-enfant","tag-tristesse"],"acf":[],"yoast_head":"<!-- This site is optimized with the Yoast SEO plugin v27.1.1 - https:\/\/yoast.com\/product\/yoast-seo-wordpress\/ -->\n<title>Le deuil p\u00e9rinatal : comprendre une \u00e9preuve encore trop taboue<\/title>\n<meta name=\"description\" content=\"D\u00e9finition, r\u00e9alit\u00e9s v\u00e9cues et pistes de soutien pour mieux reconna\u00eetre et accompagner ce deuil souvent silencieux.\" \/>\n<meta name=\"robots\" content=\"index, follow, max-snippet:-1, max-image-preview:large, max-video-preview:-1\" \/>\n<link rel=\"canonical\" href=\"https:\/\/www.medoucine.com\/blog\/le-deuil-perinatal-comprendre-une-epreuve-encore-trop-taboue\/\" \/>\n<meta property=\"og:locale\" content=\"fr_FR\" \/>\n<meta property=\"og:type\" content=\"article\" \/>\n<meta property=\"og:title\" content=\"Le deuil p\u00e9rinatal : comprendre une \u00e9preuve encore trop taboue\" \/>\n<meta property=\"og:description\" content=\"D\u00e9finition, r\u00e9alit\u00e9s v\u00e9cues et pistes de soutien pour mieux reconna\u00eetre et accompagner ce deuil souvent silencieux.\" \/>\n<meta property=\"og:url\" content=\"https:\/\/www.medoucine.com\/blog\/le-deuil-perinatal-comprendre-une-epreuve-encore-trop-taboue\/\" \/>\n<meta property=\"og:site_name\" content=\"Blog de Medoucine\" \/>\n<meta property=\"article:publisher\" content=\"https:\/\/www.facebook.com\/medoucine\/\" \/>\n<meta property=\"article:published_time\" content=\"2026-01-23T17:21:03+00:00\" \/>\n<meta property=\"article:modified_time\" content=\"2026-02-26T16:16:10+00:00\" \/>\n<meta property=\"og:image\" content=\"https:\/\/www.medoucine.com\/blog\/wp-content\/uploads\/2026\/01\/Design-sans-titre-18-1024x576.png\" \/>\n\t<meta property=\"og:image:width\" content=\"1024\" \/>\n\t<meta property=\"og:image:height\" content=\"576\" \/>\n\t<meta property=\"og:image:type\" content=\"image\/png\" \/>\n<meta name=\"author\" content=\"Elise Duvaleix\" \/>\n<meta name=\"twitter:card\" content=\"summary_large_image\" \/>\n<meta name=\"twitter:creator\" content=\"@medoucinefr\" \/>\n<meta name=\"twitter:site\" content=\"@medoucinefr\" \/>\n<meta name=\"twitter:label1\" content=\"\u00c9crit par\" \/>\n\t<meta name=\"twitter:data1\" content=\"Elise Duvaleix\" \/>\n\t<meta name=\"twitter:label2\" content=\"Dur\u00e9e de lecture estim\u00e9e\" \/>\n\t<meta name=\"twitter:data2\" content=\"8 minutes\" \/>\n<script type=\"application\/ld+json\" class=\"yoast-schema-graph\">{\"@context\":\"https:\/\/schema.org\",\"@graph\":[{\"@type\":\"Article\",\"@id\":\"https:\/\/www.medoucine.com\/blog\/le-deuil-perinatal-comprendre-une-epreuve-encore-trop-taboue\/#article\",\"isPartOf\":{\"@id\":\"https:\/\/www.medoucine.com\/blog\/le-deuil-perinatal-comprendre-une-epreuve-encore-trop-taboue\/\"},\"author\":{\"name\":\"Elise Duvaleix\",\"@id\":\"https:\/\/www.medoucine.com\/blog\/#\/schema\/person\/81cfbe87cacc2a7e23704e9780531d11\"},\"headline\":\"Le deuil p\u00e9rinatal : comprendre une \u00e9preuve encore trop taboue\",\"datePublished\":\"2026-01-23T17:21:03+00:00\",\"dateModified\":\"2026-02-26T16:16:10+00:00\",\"mainEntityOfPage\":{\"@id\":\"https:\/\/www.medoucine.com\/blog\/le-deuil-perinatal-comprendre-une-epreuve-encore-trop-taboue\/\"},\"wordCount\":1491,\"commentCount\":0,\"publisher\":{\"@id\":\"https:\/\/www.medoucine.com\/blog\/#organization\"},\"image\":{\"@id\":\"https:\/\/www.medoucine.com\/blog\/le-deuil-perinatal-comprendre-une-epreuve-encore-trop-taboue\/#primaryimage\"},\"thumbnailUrl\":\"https:\/\/www.medoucine.com\/blog\/wp-content\/uploads\/2026\/01\/Design-sans-titre-18.png\",\"keywords\":[\"deuil p\u00e9rinatal\",\"fausse couche\",\"mort in utero\",\"perdre un enfant\",\"tristesse\"],\"articleSection\":[\"Autres troubles\",\"Famille\",\"Grossesse &amp; b\u00e9b\u00e9\",\"Psycho\"],\"inLanguage\":\"fr-FR\",\"potentialAction\":[{\"@type\":\"CommentAction\",\"name\":\"Comment\",\"target\":[\"https:\/\/www.medoucine.com\/blog\/le-deuil-perinatal-comprendre-une-epreuve-encore-trop-taboue\/#respond\"]}]},{\"@type\":\"WebPage\",\"@id\":\"https:\/\/www.medoucine.com\/blog\/le-deuil-perinatal-comprendre-une-epreuve-encore-trop-taboue\/\",\"url\":\"https:\/\/www.medoucine.com\/blog\/le-deuil-perinatal-comprendre-une-epreuve-encore-trop-taboue\/\",\"name\":\"Le deuil p\u00e9rinatal : comprendre une \u00e9preuve encore trop taboue\",\"isPartOf\":{\"@id\":\"https:\/\/www.medoucine.com\/blog\/#website\"},\"primaryImageOfPage\":{\"@id\":\"https:\/\/www.medoucine.com\/blog\/le-deuil-perinatal-comprendre-une-epreuve-encore-trop-taboue\/#primaryimage\"},\"image\":{\"@id\":\"https:\/\/www.medoucine.com\/blog\/le-deuil-perinatal-comprendre-une-epreuve-encore-trop-taboue\/#primaryimage\"},\"thumbnailUrl\":\"https:\/\/www.medoucine.com\/blog\/wp-content\/uploads\/2026\/01\/Design-sans-titre-18.png\",\"datePublished\":\"2026-01-23T17:21:03+00:00\",\"dateModified\":\"2026-02-26T16:16:10+00:00\",\"description\":\"D\u00e9finition, r\u00e9alit\u00e9s v\u00e9cues et pistes de soutien pour mieux reconna\u00eetre et accompagner ce deuil souvent silencieux.\",\"breadcrumb\":{\"@id\":\"https:\/\/www.medoucine.com\/blog\/le-deuil-perinatal-comprendre-une-epreuve-encore-trop-taboue\/#breadcrumb\"},\"inLanguage\":\"fr-FR\",\"potentialAction\":[{\"@type\":\"ReadAction\",\"target\":[\"https:\/\/www.medoucine.com\/blog\/le-deuil-perinatal-comprendre-une-epreuve-encore-trop-taboue\/\"]}]},{\"@type\":\"ImageObject\",\"inLanguage\":\"fr-FR\",\"@id\":\"https:\/\/www.medoucine.com\/blog\/le-deuil-perinatal-comprendre-une-epreuve-encore-trop-taboue\/#primaryimage\",\"url\":\"https:\/\/www.medoucine.com\/blog\/wp-content\/uploads\/2026\/01\/Design-sans-titre-18.png\",\"contentUrl\":\"https:\/\/www.medoucine.com\/blog\/wp-content\/uploads\/2026\/01\/Design-sans-titre-18.png\",\"width\":1920,\"height\":1080,\"caption\":\"Femme qui pleure dans les bras de son amie car elle a perdu son b\u00e9b\u00e9\"},{\"@type\":\"BreadcrumbList\",\"@id\":\"https:\/\/www.medoucine.com\/blog\/le-deuil-perinatal-comprendre-une-epreuve-encore-trop-taboue\/#breadcrumb\",\"itemListElement\":[{\"@type\":\"ListItem\",\"position\":1,\"name\":\"Blog Medoucine\",\"item\":\"https:\/\/www.medoucine.com\/blog\/\"},{\"@type\":\"ListItem\",\"position\":2,\"name\":\"Famille\",\"item\":\"https:\/\/www.medoucine.com\/blog\/cat\/famille\/\"},{\"@type\":\"ListItem\",\"position\":3,\"name\":\"Le deuil p\u00e9rinatal : comprendre une \u00e9preuve encore trop taboue\"}]},{\"@type\":\"WebSite\",\"@id\":\"https:\/\/www.medoucine.com\/blog\/#website\",\"url\":\"https:\/\/www.medoucine.com\/blog\/\",\"name\":\"Blog de Medoucine\",\"description\":\"Le blog des m\u00e9decines douces\",\"publisher\":{\"@id\":\"https:\/\/www.medoucine.com\/blog\/#organization\"},\"potentialAction\":[{\"@type\":\"SearchAction\",\"target\":{\"@type\":\"EntryPoint\",\"urlTemplate\":\"https:\/\/www.medoucine.com\/blog\/?s={search_term_string}\"},\"query-input\":{\"@type\":\"PropertyValueSpecification\",\"valueRequired\":true,\"valueName\":\"search_term_string\"}}],\"inLanguage\":\"fr-FR\"},{\"@type\":\"Organization\",\"@id\":\"https:\/\/www.medoucine.com\/blog\/#organization\",\"name\":\"Medoucine\",\"url\":\"https:\/\/www.medoucine.com\/blog\/\",\"logo\":{\"@type\":\"ImageObject\",\"inLanguage\":\"fr-FR\",\"@id\":\"https:\/\/www.medoucine.com\/blog\/#\/schema\/logo\/image\/\",\"url\":\"https:\/\/www.medoucine.com\/blog\/wp-content\/uploads\/2019\/07\/logo@3x.png\",\"contentUrl\":\"https:\/\/www.medoucine.com\/blog\/wp-content\/uploads\/2019\/07\/logo@3x.png\",\"width\":555,\"height\":135,\"caption\":\"Medoucine\"},\"image\":{\"@id\":\"https:\/\/www.medoucine.com\/blog\/#\/schema\/logo\/image\/\"},\"sameAs\":[\"https:\/\/www.facebook.com\/medoucine\/\",\"https:\/\/x.com\/medoucinefr\",\"https:\/\/www.instagram.com\/medoucine\/\",\"https:\/\/www.youtube.com\/channel\/UCtZeUeJ_KebYK0KJAXjJV8g\"]},{\"@type\":\"Person\",\"@id\":\"https:\/\/www.medoucine.com\/blog\/#\/schema\/person\/81cfbe87cacc2a7e23704e9780531d11\",\"name\":\"Elise Duvaleix\",\"image\":{\"@type\":\"ImageObject\",\"inLanguage\":\"fr-FR\",\"@id\":\"https:\/\/www.medoucine.com\/blog\/#\/schema\/person\/image\/\",\"url\":\"https:\/\/secure.gravatar.com\/avatar\/a725c0289859ef065401aa660583b86c8e36a42bffd6bf65ea24505fe3290e4a?s=96&d=mm&r=g\",\"contentUrl\":\"https:\/\/secure.gravatar.com\/avatar\/a725c0289859ef065401aa660583b86c8e36a42bffd6bf65ea24505fe3290e4a?s=96&d=mm&r=g\",\"caption\":\"Elise Duvaleix\"},\"description\":\"Je suis accompagnante \u00e0 la crois\u00e9e de la th\u00e9rapie et du coaching, sp\u00e9cialis\u00e9e dans les probl\u00e9matiques relationnelles et familiales. J\u2019accompagne adultes et adolescent.es qui se sentent bloqu\u00e9.es dans des situations complexes ou r\u00e9p\u00e9titives \u00e0 retrouver clart\u00e9, mouvement et juste place. Le deuil p\u00e9rinatal occupe une place particuli\u00e8re dans ma pratique. Je propose un accompagnement sp\u00e9cifique aux personnes confront\u00e9es \u00e0 la perte d\u2019un enfant pendant la grossesse, en leur offrant un espace s\u00e9curisant pour traverser l\u2019indicible, donner du sens \u00e0 cette \u00e9preuve et retrouver peu \u00e0 peu un \u00e9lan de vie. Ma pratique est respectueuse du rythme et de la singularit\u00e9 de chaque v\u00e9cu et mon approche repose sur une \u00e9coute profonde et un accueil inconditionnel de la souffrance. Face au tabou persistant de notre soci\u00e9t\u00e9, j\u2019aide les parents \u00e0 nommer l\u2019impensable pour restaurer la fluidit\u00e9 au sein de l\u2019histoire familiale et lib\u00e9rer les \u00e9nergies de l'arbre g\u00e9n\u00e9alogique. J\u2019anime \u00e9galement des constellations familiales en groupe, qui offrent un cadre pour remettre chacun \u00e0 sa place au sein de l\u2019histoire familiale, apaiser les liens et permettre \u00e0 ce qui \u00e9tait fig\u00e9 de retrouver du mouvement. Ma pratique vise \u00e0 soutenir la responsabilit\u00e9 individuelle et une circulation plus juste dans les relations. Je re\u00e7ois en cabinet \u00e0 Feldkirch et en consultation \u00e0 distance.\",\"sameAs\":[\"https:\/\/www.accompagnement-psycho.fr\"],\"url\":\"https:\/\/www.medoucine.com\/blog\/author\/elise-duvaleix\/\"}]}<\/script>\n<!-- \/ Yoast SEO plugin. -->","yoast_head_json":{"title":"Le deuil p\u00e9rinatal : comprendre une \u00e9preuve encore trop taboue","description":"D\u00e9finition, r\u00e9alit\u00e9s v\u00e9cues et pistes de soutien pour mieux reconna\u00eetre et accompagner ce deuil souvent silencieux.","robots":{"index":"index","follow":"follow","max-snippet":"max-snippet:-1","max-image-preview":"max-image-preview:large","max-video-preview":"max-video-preview:-1"},"canonical":"https:\/\/www.medoucine.com\/blog\/le-deuil-perinatal-comprendre-une-epreuve-encore-trop-taboue\/","og_locale":"fr_FR","og_type":"article","og_title":"Le deuil p\u00e9rinatal : comprendre une \u00e9preuve encore trop taboue","og_description":"D\u00e9finition, r\u00e9alit\u00e9s v\u00e9cues et pistes de soutien pour mieux reconna\u00eetre et accompagner ce deuil souvent silencieux.","og_url":"https:\/\/www.medoucine.com\/blog\/le-deuil-perinatal-comprendre-une-epreuve-encore-trop-taboue\/","og_site_name":"Blog de Medoucine","article_publisher":"https:\/\/www.facebook.com\/medoucine\/","article_published_time":"2026-01-23T17:21:03+00:00","article_modified_time":"2026-02-26T16:16:10+00:00","og_image":[{"width":1024,"height":576,"url":"https:\/\/www.medoucine.com\/blog\/wp-content\/uploads\/2026\/01\/Design-sans-titre-18-1024x576.png","type":"image\/png"}],"author":"Elise Duvaleix","twitter_card":"summary_large_image","twitter_creator":"@medoucinefr","twitter_site":"@medoucinefr","twitter_misc":{"\u00c9crit par":"Elise Duvaleix","Dur\u00e9e de lecture estim\u00e9e":"8 minutes"},"schema":{"@context":"https:\/\/schema.org","@graph":[{"@type":"Article","@id":"https:\/\/www.medoucine.com\/blog\/le-deuil-perinatal-comprendre-une-epreuve-encore-trop-taboue\/#article","isPartOf":{"@id":"https:\/\/www.medoucine.com\/blog\/le-deuil-perinatal-comprendre-une-epreuve-encore-trop-taboue\/"},"author":{"name":"Elise Duvaleix","@id":"https:\/\/www.medoucine.com\/blog\/#\/schema\/person\/81cfbe87cacc2a7e23704e9780531d11"},"headline":"Le deuil p\u00e9rinatal : comprendre une \u00e9preuve encore trop taboue","datePublished":"2026-01-23T17:21:03+00:00","dateModified":"2026-02-26T16:16:10+00:00","mainEntityOfPage":{"@id":"https:\/\/www.medoucine.com\/blog\/le-deuil-perinatal-comprendre-une-epreuve-encore-trop-taboue\/"},"wordCount":1491,"commentCount":0,"publisher":{"@id":"https:\/\/www.medoucine.com\/blog\/#organization"},"image":{"@id":"https:\/\/www.medoucine.com\/blog\/le-deuil-perinatal-comprendre-une-epreuve-encore-trop-taboue\/#primaryimage"},"thumbnailUrl":"https:\/\/www.medoucine.com\/blog\/wp-content\/uploads\/2026\/01\/Design-sans-titre-18.png","keywords":["deuil p\u00e9rinatal","fausse couche","mort in utero","perdre un enfant","tristesse"],"articleSection":["Autres troubles","Famille","Grossesse &amp; b\u00e9b\u00e9","Psycho"],"inLanguage":"fr-FR","potentialAction":[{"@type":"CommentAction","name":"Comment","target":["https:\/\/www.medoucine.com\/blog\/le-deuil-perinatal-comprendre-une-epreuve-encore-trop-taboue\/#respond"]}]},{"@type":"WebPage","@id":"https:\/\/www.medoucine.com\/blog\/le-deuil-perinatal-comprendre-une-epreuve-encore-trop-taboue\/","url":"https:\/\/www.medoucine.com\/blog\/le-deuil-perinatal-comprendre-une-epreuve-encore-trop-taboue\/","name":"Le deuil p\u00e9rinatal : comprendre une \u00e9preuve encore trop taboue","isPartOf":{"@id":"https:\/\/www.medoucine.com\/blog\/#website"},"primaryImageOfPage":{"@id":"https:\/\/www.medoucine.com\/blog\/le-deuil-perinatal-comprendre-une-epreuve-encore-trop-taboue\/#primaryimage"},"image":{"@id":"https:\/\/www.medoucine.com\/blog\/le-deuil-perinatal-comprendre-une-epreuve-encore-trop-taboue\/#primaryimage"},"thumbnailUrl":"https:\/\/www.medoucine.com\/blog\/wp-content\/uploads\/2026\/01\/Design-sans-titre-18.png","datePublished":"2026-01-23T17:21:03+00:00","dateModified":"2026-02-26T16:16:10+00:00","description":"D\u00e9finition, r\u00e9alit\u00e9s v\u00e9cues et pistes de soutien pour mieux reconna\u00eetre et accompagner ce deuil souvent silencieux.","breadcrumb":{"@id":"https:\/\/www.medoucine.com\/blog\/le-deuil-perinatal-comprendre-une-epreuve-encore-trop-taboue\/#breadcrumb"},"inLanguage":"fr-FR","potentialAction":[{"@type":"ReadAction","target":["https:\/\/www.medoucine.com\/blog\/le-deuil-perinatal-comprendre-une-epreuve-encore-trop-taboue\/"]}]},{"@type":"ImageObject","inLanguage":"fr-FR","@id":"https:\/\/www.medoucine.com\/blog\/le-deuil-perinatal-comprendre-une-epreuve-encore-trop-taboue\/#primaryimage","url":"https:\/\/www.medoucine.com\/blog\/wp-content\/uploads\/2026\/01\/Design-sans-titre-18.png","contentUrl":"https:\/\/www.medoucine.com\/blog\/wp-content\/uploads\/2026\/01\/Design-sans-titre-18.png","width":1920,"height":1080,"caption":"Femme qui pleure dans les bras de son amie car elle a perdu son b\u00e9b\u00e9"},{"@type":"BreadcrumbList","@id":"https:\/\/www.medoucine.com\/blog\/le-deuil-perinatal-comprendre-une-epreuve-encore-trop-taboue\/#breadcrumb","itemListElement":[{"@type":"ListItem","position":1,"name":"Blog Medoucine","item":"https:\/\/www.medoucine.com\/blog\/"},{"@type":"ListItem","position":2,"name":"Famille","item":"https:\/\/www.medoucine.com\/blog\/cat\/famille\/"},{"@type":"ListItem","position":3,"name":"Le deuil p\u00e9rinatal : comprendre une \u00e9preuve encore trop taboue"}]},{"@type":"WebSite","@id":"https:\/\/www.medoucine.com\/blog\/#website","url":"https:\/\/www.medoucine.com\/blog\/","name":"Blog de Medoucine","description":"Le blog des m\u00e9decines douces","publisher":{"@id":"https:\/\/www.medoucine.com\/blog\/#organization"},"potentialAction":[{"@type":"SearchAction","target":{"@type":"EntryPoint","urlTemplate":"https:\/\/www.medoucine.com\/blog\/?s={search_term_string}"},"query-input":{"@type":"PropertyValueSpecification","valueRequired":true,"valueName":"search_term_string"}}],"inLanguage":"fr-FR"},{"@type":"Organization","@id":"https:\/\/www.medoucine.com\/blog\/#organization","name":"Medoucine","url":"https:\/\/www.medoucine.com\/blog\/","logo":{"@type":"ImageObject","inLanguage":"fr-FR","@id":"https:\/\/www.medoucine.com\/blog\/#\/schema\/logo\/image\/","url":"https:\/\/www.medoucine.com\/blog\/wp-content\/uploads\/2019\/07\/logo@3x.png","contentUrl":"https:\/\/www.medoucine.com\/blog\/wp-content\/uploads\/2019\/07\/logo@3x.png","width":555,"height":135,"caption":"Medoucine"},"image":{"@id":"https:\/\/www.medoucine.com\/blog\/#\/schema\/logo\/image\/"},"sameAs":["https:\/\/www.facebook.com\/medoucine\/","https:\/\/x.com\/medoucinefr","https:\/\/www.instagram.com\/medoucine\/","https:\/\/www.youtube.com\/channel\/UCtZeUeJ_KebYK0KJAXjJV8g"]},{"@type":"Person","@id":"https:\/\/www.medoucine.com\/blog\/#\/schema\/person\/81cfbe87cacc2a7e23704e9780531d11","name":"Elise Duvaleix","image":{"@type":"ImageObject","inLanguage":"fr-FR","@id":"https:\/\/www.medoucine.com\/blog\/#\/schema\/person\/image\/","url":"https:\/\/secure.gravatar.com\/avatar\/a725c0289859ef065401aa660583b86c8e36a42bffd6bf65ea24505fe3290e4a?s=96&d=mm&r=g","contentUrl":"https:\/\/secure.gravatar.com\/avatar\/a725c0289859ef065401aa660583b86c8e36a42bffd6bf65ea24505fe3290e4a?s=96&d=mm&r=g","caption":"Elise Duvaleix"},"description":"Je suis accompagnante \u00e0 la crois\u00e9e de la th\u00e9rapie et du coaching, sp\u00e9cialis\u00e9e dans les probl\u00e9matiques relationnelles et familiales. J\u2019accompagne adultes et adolescent.es qui se sentent bloqu\u00e9.es dans des situations complexes ou r\u00e9p\u00e9titives \u00e0 retrouver clart\u00e9, mouvement et juste place. Le deuil p\u00e9rinatal occupe une place particuli\u00e8re dans ma pratique. Je propose un accompagnement sp\u00e9cifique aux personnes confront\u00e9es \u00e0 la perte d\u2019un enfant pendant la grossesse, en leur offrant un espace s\u00e9curisant pour traverser l\u2019indicible, donner du sens \u00e0 cette \u00e9preuve et retrouver peu \u00e0 peu un \u00e9lan de vie. Ma pratique est respectueuse du rythme et de la singularit\u00e9 de chaque v\u00e9cu et mon approche repose sur une \u00e9coute profonde et un accueil inconditionnel de la souffrance. Face au tabou persistant de notre soci\u00e9t\u00e9, j\u2019aide les parents \u00e0 nommer l\u2019impensable pour restaurer la fluidit\u00e9 au sein de l\u2019histoire familiale et lib\u00e9rer les \u00e9nergies de l'arbre g\u00e9n\u00e9alogique. J\u2019anime \u00e9galement des constellations familiales en groupe, qui offrent un cadre pour remettre chacun \u00e0 sa place au sein de l\u2019histoire familiale, apaiser les liens et permettre \u00e0 ce qui \u00e9tait fig\u00e9 de retrouver du mouvement. Ma pratique vise \u00e0 soutenir la responsabilit\u00e9 individuelle et une circulation plus juste dans les relations. Je re\u00e7ois en cabinet \u00e0 Feldkirch et en consultation \u00e0 distance.","sameAs":["https:\/\/www.accompagnement-psycho.fr"],"url":"https:\/\/www.medoucine.com\/blog\/author\/elise-duvaleix\/"}]}},"_links":{"self":[{"href":"https:\/\/www.medoucine.com\/blog\/wp-json\/wp\/v2\/posts\/37716","targetHints":{"allow":["GET"]}}],"collection":[{"href":"https:\/\/www.medoucine.com\/blog\/wp-json\/wp\/v2\/posts"}],"about":[{"href":"https:\/\/www.medoucine.com\/blog\/wp-json\/wp\/v2\/types\/post"}],"author":[{"embeddable":true,"href":"https:\/\/www.medoucine.com\/blog\/wp-json\/wp\/v2\/users\/1008"}],"replies":[{"embeddable":true,"href":"https:\/\/www.medoucine.com\/blog\/wp-json\/wp\/v2\/comments?post=37716"}],"version-history":[{"count":7,"href":"https:\/\/www.medoucine.com\/blog\/wp-json\/wp\/v2\/posts\/37716\/revisions"}],"predecessor-version":[{"id":39157,"href":"https:\/\/www.medoucine.com\/blog\/wp-json\/wp\/v2\/posts\/37716\/revisions\/39157"}],"wp:featuredmedia":[{"embeddable":true,"href":"https:\/\/www.medoucine.com\/blog\/wp-json\/wp\/v2\/media\/37719"}],"wp:attachment":[{"href":"https:\/\/www.medoucine.com\/blog\/wp-json\/wp\/v2\/media?parent=37716"}],"wp:term":[{"taxonomy":"category","embeddable":true,"href":"https:\/\/www.medoucine.com\/blog\/wp-json\/wp\/v2\/categories?post=37716"},{"taxonomy":"post_tag","embeddable":true,"href":"https:\/\/www.medoucine.com\/blog\/wp-json\/wp\/v2\/tags?post=37716"}],"curies":[{"name":"wp","href":"https:\/\/api.w.org\/{rel}","templated":true}]}}