{"id":37711,"date":"2026-01-23T18:17:13","date_gmt":"2026-01-23T17:17:13","guid":{"rendered":"https:\/\/www.medoucine.com\/blog\/?p=37711"},"modified":"2026-04-08T17:39:58","modified_gmt":"2026-04-08T15:39:58","slug":"misophonie-comment-apaiser-le-systeme-nerveux-face-aux-sons-declencheurs","status":"publish","type":"post","link":"https:\/\/www.medoucine.com\/blog\/misophonie-comment-apaiser-le-systeme-nerveux-face-aux-sons-declencheurs\/","title":{"rendered":"Misophonie : comment apaiser le syst\u00e8me nerveux face aux sons d\u00e9clencheurs ?"},"content":{"rendered":"<p style=\"font-weight: 400\">La <a href=\"https:\/\/www.fondationpourlaudition.org\/la-misophonie-quand-certains-bruits-deviennent-insupportables-715#:~:text=La%20misophonie%20est%20une%20aversion,voire%20%C3%A0%20une%20profonde%20d%C3%A9tresse.\"><strong>misophonie<\/strong><\/a> est un trouble entra\u00eenant une<strong> aversion intense envers des sons <\/strong>ou bruits sp\u00e9cifiques. La misophonie est encore trop souvent assimil\u00e9e \u00e0 une simple intol\u00e9rance aux bruits. Pourtant, cette vision est r\u00e9ductrice. Les personnes concern\u00e9es ne r\u00e9agissent pas au volume sonore, ni \u00e0 un environnement bruyant, mais \u00e0 des <strong>sons d\u00e9clencheurs pr\u00e9cis<\/strong> : bruits de mastication, de respiration, de reniflement, de d\u00e9glutition ou encore sons r\u00e9p\u00e9titifs produits par autrui, etc. Ces stimuli provoquent une<strong> r\u00e9action \u00e9motionnelle et corporelle imm\u00e9diate, intense et involontaire.<\/strong><\/p>\n<p><a href=\"https:\/\/www.medoucine.com\/blog\/wp-content\/uploads\/2026\/01\/Design-sans-titre-13.png\"><img loading=\"lazy\" decoding=\"async\" class=\"size-large wp-image-37712 aligncenter\" src=\"https:\/\/www.medoucine.com\/blog\/wp-content\/uploads\/2026\/01\/Design-sans-titre-13-1024x576.png\" alt=\"\" width=\"1024\" height=\"576\" srcset=\"https:\/\/www.medoucine.com\/blog\/wp-content\/uploads\/2026\/01\/Design-sans-titre-13-1024x576.png 1024w, https:\/\/www.medoucine.com\/blog\/wp-content\/uploads\/2026\/01\/Design-sans-titre-13-300x169.png 300w, https:\/\/www.medoucine.com\/blog\/wp-content\/uploads\/2026\/01\/Design-sans-titre-13-768x432.png 768w, https:\/\/www.medoucine.com\/blog\/wp-content\/uploads\/2026\/01\/Design-sans-titre-13-1536x864.png 1536w, https:\/\/www.medoucine.com\/blog\/wp-content\/uploads\/2026\/01\/Design-sans-titre-13-1140x641.png 1140w, https:\/\/www.medoucine.com\/blog\/wp-content\/uploads\/2026\/01\/Design-sans-titre-13.png 1920w\" sizes=\"auto, (max-width: 1024px) 100vw, 1024px\" \/><\/a><\/p>\n<h2 style=\"font-weight: 400\"><strong>Les origines du trouble<\/strong><\/h2>\n<p style=\"font-weight: 400\">Toutes les sources scientifiques disponibles indiquent que la<a href=\"https:\/\/www.revmed.ch\/revue-medicale-suisse\/2015\/revue-medicale-suisse-462\/la-misophonie-ou-l-aversion-pour-le-bruit-a-propos-d-un-cas-clinique\"> cause pr\u00e9cise<\/a> de l\u2019apparition de la<strong> misophonie<\/strong> n\u2019est pas connue \u00e0 ce jour. Il n\u2019existe pas de preuve solide qu\u2019elle soit caus\u00e9e par un traumatisme ou un facteur g\u00e9n\u00e9tique isol\u00e9 de mani\u00e8re d\u00e9finitive.<\/p>\n<p style=\"font-weight: 400\">La<a href=\"https:\/\/www.nationalgeographic.fr\/sciences\/les-bruits-de-bouche-vous-mettent-hors-de-vous-vous-pourriez-etre-atteint-de-misophonie\"> recherche<\/a> montre des diff\u00e9rences dans la mani\u00e8re dont le cerveau traite certains sons chez<strong> les personnes misophones<\/strong>, mais aucune cause claire, unique ou universelle n\u2019a \u00e9t\u00e9 \u00e9tablie par des \u00e9tudes scientifiques \u00e0 ce jour.<\/p>\n<p style=\"font-weight: 400\">Par ailleurs, les personnes souffrant de misophonie pr\u00e9sentent le plus souvent une audition p\u00e9riph\u00e9rique normale. Le trouble ne rel\u00e8ve pas d\u2019une<a href=\"https:\/\/www.fondationpourlaudition.org\/lhyperacousie-502\"> hypersensibilit\u00e9 auditive classique<\/a>, ni d\u2019un probl\u00e8me de seuil sonore.<\/p>\n<p style=\"font-weight: 400\">La misophonie entra\u00eene une r\u00e9ponse involontaire du syst\u00e8me nerveux autonome<\/p>\n<p style=\"font-weight: 400\"><strong>La misophonie <\/strong>repose principalement sur une <strong>hyperactivation du <\/strong><a href=\"https:\/\/www.msdmanuals.com\/fr\/accueil\/troubles-du-cerveau-de-la-moelle-%C3%A9pini%C3%A8re-et-des-nerfs\/troubles-du-syst%C3%A8me-nerveux-autonome\/pr%C3%A9sentation-du-syst%C3%A8me-nerveux-autonome\"><strong>syst\u00e8me nerveux autonome<\/strong> <strong>(SDA)<\/strong><\/a>, qui interpr\u00e8te ces sons comme des signaux de danger.<\/p>\n<p style=\"font-weight: 400\">La r\u00e9ponse est r\u00e9flexe, rapide, et \u00e9chappe au contr\u00f4le volontaire : cette <strong>r\u00e9action du syst\u00e8me nerveux autonome (SDA) <\/strong>est <strong>automatique<\/strong>.<\/p>\n<p style=\"font-weight: 400\">Elle ne d\u00e9pend ni de la volont\u00e9, ni de la compr\u00e9hension rationnelle de la situation. Les tentatives de contr\u00f4le ou de rationalisation renforcent souvent le sentiment d\u2019impuissance et la culpabilit\u00e9.<\/p>\n<ul style=\"font-weight: 400\">\n<li>\n<h3>Le r\u00f4le central du syst\u00e8me nerveux autonome<\/h3>\n<\/li>\n<\/ul>\n<p style=\"font-weight: 400\">Le SDA joue un r\u00f4le dans le maintien de <a href=\"https:\/\/www.academie-medecine.fr\/le-dictionnaire\/index.php?q=hom%C3%A9ostasie\">l&rsquo;hom\u00e9ostasie <\/a>et est ind\u00e9pendant de la volont\u00e9. Il est constitu\u00e9 de deux syst\u00e8mes aux actions oppos\u00e9es : le <a href=\"https:\/\/dictionnaire-academie.fr\/article\/A9O0824\">syst\u00e8me orthosympathique<\/a> et le <a href=\"https:\/\/fr.wikipedia.org\/wiki\/Syst%C3%A8me_nerveux_parasympathique\">syst\u00e8me parasympathique<\/a>.<\/p>\n<p style=\"font-weight: 400\">Le syst\u00e8me orthosympathique r\u00e9gule les r\u00e9ponses de survie : lutte, fuite ou sid\u00e9ration. <strong>En pr\u00e9sence d\u2019un son d\u00e9clencheur, ces circuits s\u2019activent comme s\u2019il existait une menace r\u00e9elle<\/strong>. Le corps r\u00e9agit avant toute analyse consciente : acc\u00e9l\u00e9ration cardiaque, tensions musculaires, agitation interne, mont\u00e9e \u00e9motionnelle rapide.<\/p>\n<div class=\"m-spin\">\n<p class=\"m-spin__text\"><strong>Misophonie : retrouvez le calme int\u00e9rieur<\/strong><\/p>\n<p class=\"m-spin__text\">La misophonie, cette hypersensibilit\u00e9 \u00e0 certains sons, peut \u00eatre significativement apais\u00e9e gr\u00e2ce \u00e0 la sophrologie. Prenez rendez-vous avec un <a class=\"m-spin__link\" target=\"_blank\" rel=\"noopener noreferrer\" href=\"https:\/\/www.medoucine.com\/consultations\/se-soigner\/sophrologie\/marseille\/tous-publics\/a-domicile-ou-cabinet?utm_source=medoucine_blog_B2C&amp;utm_medium=article_blog&amp;utm_campaign=spin_seo\">Sophrologue \u00e0 Marseille<\/a>, un <a class=\"m-spin__link\" target=\"_blank\" rel=\"noopener noreferrer\" href=\"https:\/\/www.medoucine.com\/consultations\/se-soigner\/sophrologie\/nantes\/tous-publics\/a-domicile-ou-cabinet?utm_source=medoucine_blog_B2C&amp;utm_medium=article_blog&amp;utm_campaign=spin_seo\">Sophrologue \u00e0 Nantes<\/a> ou un <a class=\"m-spin__link\" target=\"_blank\" rel=\"noopener noreferrer\" href=\"https:\/\/www.medoucine.com\/consultations\/se-soigner\/sophrologie\/strasbourg\/tous-publics\/a-domicile-ou-cabinet?utm_source=medoucine_blog_B2C&amp;utm_medium=article_blog&amp;utm_campaign=spin_seo\">Sophrologue \u00e0 Strasbourg<\/a> pour apprendre \u00e0 g\u00e9rer vos r\u00e9actions et retrouver un quotidien plus serein.<\/p>\n<p class=\"m-spin__text\">N&rsquo;attendez plus pour vous lib\u00e9rer de cette source de stress : trouvez des <a class=\"m-spin__link\" target=\"_blank\" rel=\"noopener noreferrer\" href=\"https:\/\/www.medoucine.com\/consultations\/se-soigner\/sophrologie\/autour-de-moi?utm_source=medoucine_blog_B2C&amp;utm_medium=article_blog&amp;utm_campaign=spin_seo\">Sophrologues pr\u00e8s de chez vous<\/a> pour vous accompagner vers un mieux-\u00eatre durable.<\/p>\n<\/div>\n<h2 style=\"font-weight: 400\"><strong><a href=\"https:\/\/www.medoucine.com\/blog\/wp-content\/uploads\/2026\/01\/Design-sans-titre-14.png\"><img loading=\"lazy\" decoding=\"async\" class=\"size-large wp-image-37713 aligncenter\" src=\"https:\/\/www.medoucine.com\/blog\/wp-content\/uploads\/2026\/01\/Design-sans-titre-14-1024x576.png\" alt=\"\" width=\"1024\" height=\"576\" srcset=\"https:\/\/www.medoucine.com\/blog\/wp-content\/uploads\/2026\/01\/Design-sans-titre-14-1024x576.png 1024w, https:\/\/www.medoucine.com\/blog\/wp-content\/uploads\/2026\/01\/Design-sans-titre-14-300x169.png 300w, https:\/\/www.medoucine.com\/blog\/wp-content\/uploads\/2026\/01\/Design-sans-titre-14-768x432.png 768w, https:\/\/www.medoucine.com\/blog\/wp-content\/uploads\/2026\/01\/Design-sans-titre-14-1536x864.png 1536w, https:\/\/www.medoucine.com\/blog\/wp-content\/uploads\/2026\/01\/Design-sans-titre-14-1140x641.png 1140w, https:\/\/www.medoucine.com\/blog\/wp-content\/uploads\/2026\/01\/Design-sans-titre-14.png 1920w\" sizes=\"auto, (max-width: 1024px) 100vw, 1024px\" \/><\/a>Les facteurs aggravant de la misophonie\u00a0<\/strong><\/h2>\n<p style=\"font-weight: 400\"><a href=\"https:\/\/www.medoucine.com\/maux-troubles\/fatigue#:~:text=La%20fatigue%20d%C3%A9signe%20un%20sentiment,de%20dur%C3%A9e%20et%20d'intensit%C3%A9.\">Fatigue<\/a>, surcharge \u00e9motionnelle, pic de stress, terrain anxieux ou encore <a href=\"https:\/\/www.medoucine.com\/blog\/la-chaise-tue-comprendre-lepidemie-de-sedentarite-et-en-sortir\/\">s\u00e9dentarit\u00e9 <\/a>diminuent la capacit\u00e9 du syst\u00e8me nerveux \u00e0 filtrer les stimuli. Le seuil de tol\u00e9rance diminue, rendant les r\u00e9actions misophoniques plus fr\u00e9quentes et plus intenses.<\/p>\n<p style=\"font-weight: 400\">Par ailleurs, plus le son est redout\u00e9, plus l\u2019attention se focalise dessus. Cette focalisation renforce l\u2019activation du syst\u00e8me nerveux, ce qui rend la r\u00e9action plus rapide et plus difficile \u00e0 r\u00e9guler lors de l\u2019exposition r\u00e9elle.<\/p>\n<p style=\"font-weight: 400\">Apaiser le syst\u00e8me nerveux : un pr\u00e9alable th\u00e9rapeutique essentiel pour mieux vivre avec la misophonie<\/p>\n<p style=\"font-weight: 400\">La priorit\u00e9 est d\u2019<strong>aider le syst\u00e8me nerveux \u00e0 retrouver des \u00e9tats de calme et de s\u00e9curit\u00e9.<\/strong> Tant que le corps reste bloqu\u00e9 en mode danger, aucun travail durable sur le son n\u2019est possible.<\/p>\n<p style=\"font-weight: 400\">Le travail sur les <strong>sensations corporelles et la<\/strong><a href=\"https:\/\/www.medoucine.com\/blog\/respiration-la-premiere-etape-pour-acceder-au-bien-etre-interieur\/\"><strong> respiration contr\u00f4l\u00e9e<\/strong><\/a> favorise le retour au pr\u00e9sent, l&rsquo;ancrage et diminue l\u2019emballement physiologique. Il permet de r\u00e9installer des rep\u00e8res de s\u00e9curit\u00e9 internes et contribuent \u00e0 diminuer l\u2019\u00e9tat d\u2019alerte.<\/p>\n<p style=\"font-weight: 400\"><a href=\"https:\/\/www.medoucine.com\/maux-troubles\/fatigue-et-insomnie\">Sommeil de qualit\u00e9<\/a>, micro pauses r\u00e9guli\u00e8res dans la journ\u00e9e et <a href=\"https:\/\/www.medoucine.com\/maux-troubles\/stress-anxiete-phobies\">techniques de r\u00e9gulation du stress<\/a> sont \u00e9galement de pr\u00e9cieux pour apaiser le SDA.<\/p>\n<p style=\"font-weight: 400\">Une fois que le SDA est apais\u00e9, un travail d&rsquo;exposition peut \u00eatre amorc\u00e9, c&rsquo;est uniquement \u00e0 ce stade que les <strong>techniques de <\/strong><a href=\"https:\/\/www.medoucine.com\/pratiques\/tcc\"><strong>TCC<\/strong><\/a><strong> et d&rsquo;<\/strong><a href=\"https:\/\/www.medoucine.com\/pratiques\/emdr-mouvements-oculaires\"><strong>EMDR<\/strong><\/a> peuvent intervenir.<\/p>\n<h2 style=\"font-weight: 400\"><strong>Conclusion<\/strong><\/h2>\n<p style=\"font-weight: 400\"><strong>La misophonie n\u2019est ni une fragilit\u00e9 ni un d\u00e9faut de tol\u00e9rance<\/strong>, mais l\u2019expression d\u2019un syst\u00e8me nerveux en hyper-protection face \u00e0 certains sons d\u00e9clencheurs. Un accompagnement pertinent repose sur une compr\u00e9hension fine des m\u00e9canismes neurophysiologiques, \u00e9motionnels et relationnels \u00e0 l\u2019\u0153uvre, ainsi que sur une approche progressive et s\u00e9curisante.<\/p>\n<p style=\"font-weight: 400\"><strong>L\u2019accompagnement que je propose s\u2019inscrit dans cette approche int\u00e9grative<\/strong>. Il s\u2019appuie \u00e0 la fois sur une <strong>expertise th\u00e9rapeutique <\/strong>sp\u00e9cialis\u00e9e dans la misophonie et sur une connaissance approfondie du trouble v\u00e9cu de l\u2019int\u00e9rieur. Cette double lecture permet un accompagnement s\u00e9rieux, empathique et ajust\u00e9 aux r\u00e9alit\u00e9s concr\u00e8tes du quotidien des personnes concern\u00e9es.<\/p>\n<p style=\"font-weight: 400\">Les s\u00e9ances sont propos\u00e9es en pr\u00e9sentiel ou en visioconf\u00e9rence.<\/p>\n<p>&nbsp;<\/p>\n<p style=\"font-weight: 400\">Je suis <a href=\"https:\/\/www.medoucine.com\/blog\/author\/aurelie_delmas\/\">Aur\u00e9lie DELMAS<\/a>, psychopraticienne <strong>sp\u00e9cialis\u00e9e dans l\u2019accompagnement de la misophonie et atteinte de ce trouble depuis mon enfance. <\/strong>A l&rsquo;aide de mon expertise clinique, d&rsquo;outils concrets et de mon v\u00e9cu personnel, j&rsquo;ai cr\u00e9\u00e9 un protocole d&rsquo;accompagnement sp\u00e9cifique pour vous aider \u00e0 vivre le plus sereinement possible avec le trouble misophone.<\/p>\n<p style=\"font-weight: 400\">Les consultations sont propos\u00e9es en cabinet \u00e0 Bordeaux ainsi qu\u2019en t\u00e9l\u00e9consultation.<\/p>\n<p style=\"font-weight: 400\"><a href=\"https:\/\/www.medoucine.com\/consultation\/bordeaux\/aurelie-delmas\/5758\">Prendre rendez-vous avec Aur\u00e9lie Delmas<\/a><\/p>\n<p>&nbsp;<\/p>\n","protected":false},"excerpt":{"rendered":"<p>La misophonie est un trouble entra\u00eenant une aversion intense envers des sons ou bruits sp\u00e9cifiques. La misophonie est encore trop souvent assimil\u00e9e \u00e0 une simple intol\u00e9rance aux bruits. Pourtant, cette vision est r\u00e9ductrice. Les personnes concern\u00e9es ne r\u00e9agissent pas au volume sonore, ni \u00e0 un environnement bruyant, mais \u00e0 des sons d\u00e9clencheurs pr\u00e9cis : bruits de mastication, de respiration, de reniflement, de d\u00e9glutition ou encore sons r\u00e9p\u00e9titifs produits par autrui, etc. Ces stimuli provoquent une r\u00e9action \u00e9motionnelle et corporelle imm\u00e9diate, intense et involontaire. Les origines du trouble Toutes les sources scientifiques disponibles indiquent que la cause pr\u00e9cise de l\u2019apparition de la misophonie n\u2019est pas connue \u00e0 ce jour. Il n\u2019existe pas de preuve solide qu\u2019elle soit caus\u00e9e par un traumatisme ou un facteur g\u00e9n\u00e9tique isol\u00e9 de mani\u00e8re d\u00e9finitive. La recherche montre des diff\u00e9rences dans la [&hellip;]<\/p>\n","protected":false},"author":941,"featured_media":37714,"comment_status":"open","ping_status":"open","sticky":false,"template":"","format":"standard","meta":{"_acf_changed":false,"footnotes":""},"categories":[115,101,162],"tags":[288,859,6],"class_list":["post-37711","post","type-post","status-publish","format-standard","has-post-thumbnail","hentry","category-bien-etre","category-psycho","category-vie-quotidienne","tag-bien-etre","tag-misophonie","tag-psycho"],"acf":[],"yoast_head":"<!-- This site is optimized with the Yoast SEO plugin v27.1.1 - https:\/\/yoast.com\/product\/yoast-seo-wordpress\/ -->\n<title>Misophonie : comment apaiser le syst\u00e8me nerveux ?<\/title>\n<meta name=\"description\" content=\"Comprendre les d\u00e9clencheurs, calmer le stress et adopter des techniques efficaces pour mieux vivre avec la misophonie.\" \/>\n<meta name=\"robots\" content=\"index, follow, max-snippet:-1, max-image-preview:large, max-video-preview:-1\" \/>\n<link rel=\"canonical\" href=\"https:\/\/www.medoucine.com\/blog\/misophonie-comment-apaiser-le-systeme-nerveux-face-aux-sons-declencheurs\/\" \/>\n<meta property=\"og:locale\" content=\"fr_FR\" \/>\n<meta property=\"og:type\" content=\"article\" \/>\n<meta property=\"og:title\" content=\"Misophonie : comment apaiser le syst\u00e8me nerveux ?\" \/>\n<meta property=\"og:description\" content=\"Comprendre les d\u00e9clencheurs, calmer le stress et adopter des techniques efficaces pour mieux vivre avec la misophonie.\" \/>\n<meta property=\"og:url\" content=\"https:\/\/www.medoucine.com\/blog\/misophonie-comment-apaiser-le-systeme-nerveux-face-aux-sons-declencheurs\/\" \/>\n<meta property=\"og:site_name\" content=\"Blog de Medoucine\" \/>\n<meta property=\"article:publisher\" content=\"https:\/\/www.facebook.com\/medoucine\/\" \/>\n<meta property=\"article:published_time\" content=\"2026-01-23T17:17:13+00:00\" \/>\n<meta property=\"article:modified_time\" content=\"2026-04-08T15:39:58+00:00\" \/>\n<meta property=\"og:image\" content=\"https:\/\/www.medoucine.com\/blog\/wp-content\/uploads\/2026\/01\/Design-sans-titre-15-1024x576.png\" \/>\n\t<meta property=\"og:image:width\" content=\"1024\" \/>\n\t<meta property=\"og:image:height\" content=\"576\" \/>\n\t<meta property=\"og:image:type\" content=\"image\/png\" \/>\n<meta name=\"author\" content=\"Aur\u00e9lie Delmas\" \/>\n<meta name=\"twitter:card\" content=\"summary_large_image\" \/>\n<meta name=\"twitter:creator\" content=\"@medoucinefr\" \/>\n<meta name=\"twitter:site\" content=\"@medoucinefr\" \/>\n<meta name=\"twitter:label1\" content=\"\u00c9crit par\" \/>\n\t<meta name=\"twitter:data1\" content=\"Aur\u00e9lie Delmas\" \/>\n\t<meta name=\"twitter:label2\" content=\"Dur\u00e9e de lecture estim\u00e9e\" \/>\n\t<meta name=\"twitter:data2\" content=\"5 minutes\" \/>\n<script type=\"application\/ld+json\" class=\"yoast-schema-graph\">{\"@context\":\"https:\/\/schema.org\",\"@graph\":[{\"@type\":\"Article\",\"@id\":\"https:\/\/www.medoucine.com\/blog\/misophonie-comment-apaiser-le-systeme-nerveux-face-aux-sons-declencheurs\/#article\",\"isPartOf\":{\"@id\":\"https:\/\/www.medoucine.com\/blog\/misophonie-comment-apaiser-le-systeme-nerveux-face-aux-sons-declencheurs\/\"},\"author\":{\"name\":\"Aur\u00e9lie Delmas\",\"@id\":\"https:\/\/www.medoucine.com\/blog\/#\/schema\/person\/b5751ee8f6128f3b27be9934cc503744\"},\"headline\":\"Misophonie : comment apaiser le syst\u00e8me nerveux face aux sons d\u00e9clencheurs ?\",\"datePublished\":\"2026-01-23T17:17:13+00:00\",\"dateModified\":\"2026-04-08T15:39:58+00:00\",\"mainEntityOfPage\":{\"@id\":\"https:\/\/www.medoucine.com\/blog\/misophonie-comment-apaiser-le-systeme-nerveux-face-aux-sons-declencheurs\/\"},\"wordCount\":963,\"commentCount\":0,\"publisher\":{\"@id\":\"https:\/\/www.medoucine.com\/blog\/#organization\"},\"image\":{\"@id\":\"https:\/\/www.medoucine.com\/blog\/misophonie-comment-apaiser-le-systeme-nerveux-face-aux-sons-declencheurs\/#primaryimage\"},\"thumbnailUrl\":\"https:\/\/www.medoucine.com\/blog\/wp-content\/uploads\/2026\/01\/Design-sans-titre-15.png\",\"keywords\":[\"bien-\u00eatre\",\"misophonie\",\"Psycho\"],\"articleSection\":[\"Bien-\u00eatre\",\"Psycho\",\"Vie quotidienne\"],\"inLanguage\":\"fr-FR\",\"potentialAction\":[{\"@type\":\"CommentAction\",\"name\":\"Comment\",\"target\":[\"https:\/\/www.medoucine.com\/blog\/misophonie-comment-apaiser-le-systeme-nerveux-face-aux-sons-declencheurs\/#respond\"]}]},{\"@type\":\"WebPage\",\"@id\":\"https:\/\/www.medoucine.com\/blog\/misophonie-comment-apaiser-le-systeme-nerveux-face-aux-sons-declencheurs\/\",\"url\":\"https:\/\/www.medoucine.com\/blog\/misophonie-comment-apaiser-le-systeme-nerveux-face-aux-sons-declencheurs\/\",\"name\":\"Misophonie : comment apaiser le syst\u00e8me nerveux ?\",\"isPartOf\":{\"@id\":\"https:\/\/www.medoucine.com\/blog\/#website\"},\"primaryImageOfPage\":{\"@id\":\"https:\/\/www.medoucine.com\/blog\/misophonie-comment-apaiser-le-systeme-nerveux-face-aux-sons-declencheurs\/#primaryimage\"},\"image\":{\"@id\":\"https:\/\/www.medoucine.com\/blog\/misophonie-comment-apaiser-le-systeme-nerveux-face-aux-sons-declencheurs\/#primaryimage\"},\"thumbnailUrl\":\"https:\/\/www.medoucine.com\/blog\/wp-content\/uploads\/2026\/01\/Design-sans-titre-15.png\",\"datePublished\":\"2026-01-23T17:17:13+00:00\",\"dateModified\":\"2026-04-08T15:39:58+00:00\",\"description\":\"Comprendre les d\u00e9clencheurs, calmer le stress et adopter des techniques efficaces pour mieux vivre avec la misophonie.\",\"breadcrumb\":{\"@id\":\"https:\/\/www.medoucine.com\/blog\/misophonie-comment-apaiser-le-systeme-nerveux-face-aux-sons-declencheurs\/#breadcrumb\"},\"inLanguage\":\"fr-FR\",\"potentialAction\":[{\"@type\":\"ReadAction\",\"target\":[\"https:\/\/www.medoucine.com\/blog\/misophonie-comment-apaiser-le-systeme-nerveux-face-aux-sons-declencheurs\/\"]}]},{\"@type\":\"ImageObject\",\"inLanguage\":\"fr-FR\",\"@id\":\"https:\/\/www.medoucine.com\/blog\/misophonie-comment-apaiser-le-systeme-nerveux-face-aux-sons-declencheurs\/#primaryimage\",\"url\":\"https:\/\/www.medoucine.com\/blog\/wp-content\/uploads\/2026\/01\/Design-sans-titre-15.png\",\"contentUrl\":\"https:\/\/www.medoucine.com\/blog\/wp-content\/uploads\/2026\/01\/Design-sans-titre-15.png\",\"width\":1920,\"height\":1080,\"caption\":\"Femme fatigu\u00e9e\"},{\"@type\":\"BreadcrumbList\",\"@id\":\"https:\/\/www.medoucine.com\/blog\/misophonie-comment-apaiser-le-systeme-nerveux-face-aux-sons-declencheurs\/#breadcrumb\",\"itemListElement\":[{\"@type\":\"ListItem\",\"position\":1,\"name\":\"Blog Medoucine\",\"item\":\"https:\/\/www.medoucine.com\/blog\/\"},{\"@type\":\"ListItem\",\"position\":2,\"name\":\"Beaut\u00e9 &amp; Bien-\u00eatre\",\"item\":\"https:\/\/www.medoucine.com\/blog\/cat\/beaute-bien-etre\/\"},{\"@type\":\"ListItem\",\"position\":3,\"name\":\"Bien-\u00eatre\",\"item\":\"https:\/\/www.medoucine.com\/blog\/cat\/beaute-bien-etre\/bien-etre\/\"},{\"@type\":\"ListItem\",\"position\":4,\"name\":\"Misophonie : comment apaiser le syst\u00e8me nerveux face aux sons d\u00e9clencheurs ?\"}]},{\"@type\":\"WebSite\",\"@id\":\"https:\/\/www.medoucine.com\/blog\/#website\",\"url\":\"https:\/\/www.medoucine.com\/blog\/\",\"name\":\"Blog de Medoucine\",\"description\":\"Le blog des m\u00e9decines douces\",\"publisher\":{\"@id\":\"https:\/\/www.medoucine.com\/blog\/#organization\"},\"potentialAction\":[{\"@type\":\"SearchAction\",\"target\":{\"@type\":\"EntryPoint\",\"urlTemplate\":\"https:\/\/www.medoucine.com\/blog\/?s={search_term_string}\"},\"query-input\":{\"@type\":\"PropertyValueSpecification\",\"valueRequired\":true,\"valueName\":\"search_term_string\"}}],\"inLanguage\":\"fr-FR\"},{\"@type\":\"Organization\",\"@id\":\"https:\/\/www.medoucine.com\/blog\/#organization\",\"name\":\"Medoucine\",\"url\":\"https:\/\/www.medoucine.com\/blog\/\",\"logo\":{\"@type\":\"ImageObject\",\"inLanguage\":\"fr-FR\",\"@id\":\"https:\/\/www.medoucine.com\/blog\/#\/schema\/logo\/image\/\",\"url\":\"https:\/\/www.medoucine.com\/blog\/wp-content\/uploads\/2019\/07\/logo@3x.png\",\"contentUrl\":\"https:\/\/www.medoucine.com\/blog\/wp-content\/uploads\/2019\/07\/logo@3x.png\",\"width\":555,\"height\":135,\"caption\":\"Medoucine\"},\"image\":{\"@id\":\"https:\/\/www.medoucine.com\/blog\/#\/schema\/logo\/image\/\"},\"sameAs\":[\"https:\/\/www.facebook.com\/medoucine\/\",\"https:\/\/x.com\/medoucinefr\",\"https:\/\/www.instagram.com\/medoucine\/\",\"https:\/\/www.youtube.com\/channel\/UCtZeUeJ_KebYK0KJAXjJV8g\"]},{\"@type\":\"Person\",\"@id\":\"https:\/\/www.medoucine.com\/blog\/#\/schema\/person\/b5751ee8f6128f3b27be9934cc503744\",\"name\":\"Aur\u00e9lie Delmas\",\"image\":{\"@type\":\"ImageObject\",\"inLanguage\":\"fr-FR\",\"@id\":\"https:\/\/www.medoucine.com\/blog\/#\/schema\/person\/image\/\",\"url\":\"https:\/\/secure.gravatar.com\/avatar\/261b6a5e16eade51f78bceb4e4a049424240827a951b23740892d42f27d106cd?s=96&d=mm&r=g\",\"contentUrl\":\"https:\/\/secure.gravatar.com\/avatar\/261b6a5e16eade51f78bceb4e4a049424240827a951b23740892d42f27d106cd?s=96&d=mm&r=g\",\"caption\":\"Aur\u00e9lie Delmas\"},\"description\":\"Je vous accompagne avec respect &amp; bienveillance dans les th\u00e9matiques\u00a0suivantes : \u2022 Compr\u00e9hension et gestion\u00a0des \u00e9motions (\u00a0dont le trouble anxieux &amp; les crises d'angoisses\u00a0) \u2022 La misophonie\u00a0 \u2022 \u2022 Le sommeil \u2022 Les peurs, les blocages \u2022 La pr\u00e9paration mentale et la concentration \u2022 L'arr\u00eat du tabac Je suis pour une approche int\u00e9grative, cela signifie que je ne me limite pas \u00e0 un\u00a0seul outil que je pourrais appliquer \u00e0 chacun de mes patients. Gr\u00e2ce \u00e0 plusieurs th\u00e9rapies pour lesquelles j'ai \u00e9t\u00e9 s\u00e9rieusement form\u00e9e\u00a0:\u00a0\u00a0je cr\u00e9e un\u00a0\u00a0protocole efficace, sur mesure, adapt\u00e9 \u00e0 vos besoins\u00a0\u00a0pour un\u00a0changement\u00a0efficace\u00a0sur le long terme. Voici mes outils th\u00e9rapeutiques principaux : \u2022 Hypnose Ericksonienne \u2022 MOSAIC ( EMDR)\u00a0 \u2022 Sophrologie \u2022 PNL \/ Th\u00e9rapie conversationnelle \u2022 Coh\u00e9rence cardiaque\u00a0\",\"sameAs\":[\"https:\/\/www.medoucine.com\/consultation\/bordeaux\/aurelie-delmas\/5758\",\"https:\/\/www.instagram.com\/inspire.espere\/\"],\"url\":\"https:\/\/www.medoucine.com\/blog\/author\/aurelie_delmas\/\"}]}<\/script>\n<!-- \/ Yoast SEO plugin. -->","yoast_head_json":{"title":"Misophonie : comment apaiser le syst\u00e8me nerveux ?","description":"Comprendre les d\u00e9clencheurs, calmer le stress et adopter des techniques efficaces pour mieux vivre avec la misophonie.","robots":{"index":"index","follow":"follow","max-snippet":"max-snippet:-1","max-image-preview":"max-image-preview:large","max-video-preview":"max-video-preview:-1"},"canonical":"https:\/\/www.medoucine.com\/blog\/misophonie-comment-apaiser-le-systeme-nerveux-face-aux-sons-declencheurs\/","og_locale":"fr_FR","og_type":"article","og_title":"Misophonie : comment apaiser le syst\u00e8me nerveux ?","og_description":"Comprendre les d\u00e9clencheurs, calmer le stress et adopter des techniques efficaces pour mieux vivre avec la misophonie.","og_url":"https:\/\/www.medoucine.com\/blog\/misophonie-comment-apaiser-le-systeme-nerveux-face-aux-sons-declencheurs\/","og_site_name":"Blog de Medoucine","article_publisher":"https:\/\/www.facebook.com\/medoucine\/","article_published_time":"2026-01-23T17:17:13+00:00","article_modified_time":"2026-04-08T15:39:58+00:00","og_image":[{"width":1024,"height":576,"url":"https:\/\/www.medoucine.com\/blog\/wp-content\/uploads\/2026\/01\/Design-sans-titre-15-1024x576.png","type":"image\/png"}],"author":"Aur\u00e9lie Delmas","twitter_card":"summary_large_image","twitter_creator":"@medoucinefr","twitter_site":"@medoucinefr","twitter_misc":{"\u00c9crit par":"Aur\u00e9lie Delmas","Dur\u00e9e de lecture estim\u00e9e":"5 minutes"},"schema":{"@context":"https:\/\/schema.org","@graph":[{"@type":"Article","@id":"https:\/\/www.medoucine.com\/blog\/misophonie-comment-apaiser-le-systeme-nerveux-face-aux-sons-declencheurs\/#article","isPartOf":{"@id":"https:\/\/www.medoucine.com\/blog\/misophonie-comment-apaiser-le-systeme-nerveux-face-aux-sons-declencheurs\/"},"author":{"name":"Aur\u00e9lie Delmas","@id":"https:\/\/www.medoucine.com\/blog\/#\/schema\/person\/b5751ee8f6128f3b27be9934cc503744"},"headline":"Misophonie : comment apaiser le syst\u00e8me nerveux face aux sons d\u00e9clencheurs ?","datePublished":"2026-01-23T17:17:13+00:00","dateModified":"2026-04-08T15:39:58+00:00","mainEntityOfPage":{"@id":"https:\/\/www.medoucine.com\/blog\/misophonie-comment-apaiser-le-systeme-nerveux-face-aux-sons-declencheurs\/"},"wordCount":963,"commentCount":0,"publisher":{"@id":"https:\/\/www.medoucine.com\/blog\/#organization"},"image":{"@id":"https:\/\/www.medoucine.com\/blog\/misophonie-comment-apaiser-le-systeme-nerveux-face-aux-sons-declencheurs\/#primaryimage"},"thumbnailUrl":"https:\/\/www.medoucine.com\/blog\/wp-content\/uploads\/2026\/01\/Design-sans-titre-15.png","keywords":["bien-\u00eatre","misophonie","Psycho"],"articleSection":["Bien-\u00eatre","Psycho","Vie quotidienne"],"inLanguage":"fr-FR","potentialAction":[{"@type":"CommentAction","name":"Comment","target":["https:\/\/www.medoucine.com\/blog\/misophonie-comment-apaiser-le-systeme-nerveux-face-aux-sons-declencheurs\/#respond"]}]},{"@type":"WebPage","@id":"https:\/\/www.medoucine.com\/blog\/misophonie-comment-apaiser-le-systeme-nerveux-face-aux-sons-declencheurs\/","url":"https:\/\/www.medoucine.com\/blog\/misophonie-comment-apaiser-le-systeme-nerveux-face-aux-sons-declencheurs\/","name":"Misophonie : comment apaiser le syst\u00e8me nerveux ?","isPartOf":{"@id":"https:\/\/www.medoucine.com\/blog\/#website"},"primaryImageOfPage":{"@id":"https:\/\/www.medoucine.com\/blog\/misophonie-comment-apaiser-le-systeme-nerveux-face-aux-sons-declencheurs\/#primaryimage"},"image":{"@id":"https:\/\/www.medoucine.com\/blog\/misophonie-comment-apaiser-le-systeme-nerveux-face-aux-sons-declencheurs\/#primaryimage"},"thumbnailUrl":"https:\/\/www.medoucine.com\/blog\/wp-content\/uploads\/2026\/01\/Design-sans-titre-15.png","datePublished":"2026-01-23T17:17:13+00:00","dateModified":"2026-04-08T15:39:58+00:00","description":"Comprendre les d\u00e9clencheurs, calmer le stress et adopter des techniques efficaces pour mieux vivre avec la misophonie.","breadcrumb":{"@id":"https:\/\/www.medoucine.com\/blog\/misophonie-comment-apaiser-le-systeme-nerveux-face-aux-sons-declencheurs\/#breadcrumb"},"inLanguage":"fr-FR","potentialAction":[{"@type":"ReadAction","target":["https:\/\/www.medoucine.com\/blog\/misophonie-comment-apaiser-le-systeme-nerveux-face-aux-sons-declencheurs\/"]}]},{"@type":"ImageObject","inLanguage":"fr-FR","@id":"https:\/\/www.medoucine.com\/blog\/misophonie-comment-apaiser-le-systeme-nerveux-face-aux-sons-declencheurs\/#primaryimage","url":"https:\/\/www.medoucine.com\/blog\/wp-content\/uploads\/2026\/01\/Design-sans-titre-15.png","contentUrl":"https:\/\/www.medoucine.com\/blog\/wp-content\/uploads\/2026\/01\/Design-sans-titre-15.png","width":1920,"height":1080,"caption":"Femme fatigu\u00e9e"},{"@type":"BreadcrumbList","@id":"https:\/\/www.medoucine.com\/blog\/misophonie-comment-apaiser-le-systeme-nerveux-face-aux-sons-declencheurs\/#breadcrumb","itemListElement":[{"@type":"ListItem","position":1,"name":"Blog Medoucine","item":"https:\/\/www.medoucine.com\/blog\/"},{"@type":"ListItem","position":2,"name":"Beaut\u00e9 &amp; Bien-\u00eatre","item":"https:\/\/www.medoucine.com\/blog\/cat\/beaute-bien-etre\/"},{"@type":"ListItem","position":3,"name":"Bien-\u00eatre","item":"https:\/\/www.medoucine.com\/blog\/cat\/beaute-bien-etre\/bien-etre\/"},{"@type":"ListItem","position":4,"name":"Misophonie : comment apaiser le syst\u00e8me nerveux face aux sons d\u00e9clencheurs ?"}]},{"@type":"WebSite","@id":"https:\/\/www.medoucine.com\/blog\/#website","url":"https:\/\/www.medoucine.com\/blog\/","name":"Blog de Medoucine","description":"Le blog des m\u00e9decines douces","publisher":{"@id":"https:\/\/www.medoucine.com\/blog\/#organization"},"potentialAction":[{"@type":"SearchAction","target":{"@type":"EntryPoint","urlTemplate":"https:\/\/www.medoucine.com\/blog\/?s={search_term_string}"},"query-input":{"@type":"PropertyValueSpecification","valueRequired":true,"valueName":"search_term_string"}}],"inLanguage":"fr-FR"},{"@type":"Organization","@id":"https:\/\/www.medoucine.com\/blog\/#organization","name":"Medoucine","url":"https:\/\/www.medoucine.com\/blog\/","logo":{"@type":"ImageObject","inLanguage":"fr-FR","@id":"https:\/\/www.medoucine.com\/blog\/#\/schema\/logo\/image\/","url":"https:\/\/www.medoucine.com\/blog\/wp-content\/uploads\/2019\/07\/logo@3x.png","contentUrl":"https:\/\/www.medoucine.com\/blog\/wp-content\/uploads\/2019\/07\/logo@3x.png","width":555,"height":135,"caption":"Medoucine"},"image":{"@id":"https:\/\/www.medoucine.com\/blog\/#\/schema\/logo\/image\/"},"sameAs":["https:\/\/www.facebook.com\/medoucine\/","https:\/\/x.com\/medoucinefr","https:\/\/www.instagram.com\/medoucine\/","https:\/\/www.youtube.com\/channel\/UCtZeUeJ_KebYK0KJAXjJV8g"]},{"@type":"Person","@id":"https:\/\/www.medoucine.com\/blog\/#\/schema\/person\/b5751ee8f6128f3b27be9934cc503744","name":"Aur\u00e9lie Delmas","image":{"@type":"ImageObject","inLanguage":"fr-FR","@id":"https:\/\/www.medoucine.com\/blog\/#\/schema\/person\/image\/","url":"https:\/\/secure.gravatar.com\/avatar\/261b6a5e16eade51f78bceb4e4a049424240827a951b23740892d42f27d106cd?s=96&d=mm&r=g","contentUrl":"https:\/\/secure.gravatar.com\/avatar\/261b6a5e16eade51f78bceb4e4a049424240827a951b23740892d42f27d106cd?s=96&d=mm&r=g","caption":"Aur\u00e9lie Delmas"},"description":"Je vous accompagne avec respect &amp; bienveillance dans les th\u00e9matiques\u00a0suivantes : \u2022 Compr\u00e9hension et gestion\u00a0des \u00e9motions (\u00a0dont le trouble anxieux &amp; les crises d'angoisses\u00a0) \u2022 La misophonie\u00a0 \u2022 \u2022 Le sommeil \u2022 Les peurs, les blocages \u2022 La pr\u00e9paration mentale et la concentration \u2022 L'arr\u00eat du tabac Je suis pour une approche int\u00e9grative, cela signifie que je ne me limite pas \u00e0 un\u00a0seul outil que je pourrais appliquer \u00e0 chacun de mes patients. Gr\u00e2ce \u00e0 plusieurs th\u00e9rapies pour lesquelles j'ai \u00e9t\u00e9 s\u00e9rieusement form\u00e9e\u00a0:\u00a0\u00a0je cr\u00e9e un\u00a0\u00a0protocole efficace, sur mesure, adapt\u00e9 \u00e0 vos besoins\u00a0\u00a0pour un\u00a0changement\u00a0efficace\u00a0sur le long terme. Voici mes outils th\u00e9rapeutiques principaux : \u2022 Hypnose Ericksonienne \u2022 MOSAIC ( EMDR)\u00a0 \u2022 Sophrologie \u2022 PNL \/ Th\u00e9rapie conversationnelle \u2022 Coh\u00e9rence cardiaque\u00a0","sameAs":["https:\/\/www.medoucine.com\/consultation\/bordeaux\/aurelie-delmas\/5758","https:\/\/www.instagram.com\/inspire.espere\/"],"url":"https:\/\/www.medoucine.com\/blog\/author\/aurelie_delmas\/"}]}},"_links":{"self":[{"href":"https:\/\/www.medoucine.com\/blog\/wp-json\/wp\/v2\/posts\/37711","targetHints":{"allow":["GET"]}}],"collection":[{"href":"https:\/\/www.medoucine.com\/blog\/wp-json\/wp\/v2\/posts"}],"about":[{"href":"https:\/\/www.medoucine.com\/blog\/wp-json\/wp\/v2\/types\/post"}],"author":[{"embeddable":true,"href":"https:\/\/www.medoucine.com\/blog\/wp-json\/wp\/v2\/users\/941"}],"replies":[{"embeddable":true,"href":"https:\/\/www.medoucine.com\/blog\/wp-json\/wp\/v2\/comments?post=37711"}],"version-history":[{"count":7,"href":"https:\/\/www.medoucine.com\/blog\/wp-json\/wp\/v2\/posts\/37711\/revisions"}],"predecessor-version":[{"id":41713,"href":"https:\/\/www.medoucine.com\/blog\/wp-json\/wp\/v2\/posts\/37711\/revisions\/41713"}],"wp:featuredmedia":[{"embeddable":true,"href":"https:\/\/www.medoucine.com\/blog\/wp-json\/wp\/v2\/media\/37714"}],"wp:attachment":[{"href":"https:\/\/www.medoucine.com\/blog\/wp-json\/wp\/v2\/media?parent=37711"}],"wp:term":[{"taxonomy":"category","embeddable":true,"href":"https:\/\/www.medoucine.com\/blog\/wp-json\/wp\/v2\/categories?post=37711"},{"taxonomy":"post_tag","embeddable":true,"href":"https:\/\/www.medoucine.com\/blog\/wp-json\/wp\/v2\/tags?post=37711"}],"curies":[{"name":"wp","href":"https:\/\/api.w.org\/{rel}","templated":true}]}}