{"id":37495,"date":"2025-12-22T11:00:03","date_gmt":"2025-12-22T10:00:03","guid":{"rendered":"https:\/\/www.medoucine.com\/blog\/?p=37495"},"modified":"2026-04-08T17:40:38","modified_gmt":"2026-04-08T15:40:38","slug":"5-massages-bien-etre-pour-aider-le-corps-a-recuperer-apres-les-fetes","status":"publish","type":"post","link":"https:\/\/www.medoucine.com\/blog\/5-massages-bien-etre-pour-aider-le-corps-a-recuperer-apres-les-fetes\/","title":{"rendered":"5 massages bien-\u00eatre pour aider le corps \u00e0 r\u00e9cup\u00e9rer apr\u00e8s les f\u00eates"},"content":{"rendered":"<div class=\"wpb-content-wrapper\">[vc_row][vc_column][vc_column_text css=\u00a0\u00bb\u00a0\u00bb el_class=\u00a0\u00bbhas-drop-cap\u00a0\u00bb]Les f\u00eates de fin d\u2019ann\u00e9e sont souvent synonymes de moments chaleureux et joyeux, mais elles peuvent aussi mettre le corps \u00e0 rude \u00e9preuve. Repas plus riches, rythme de sommeil perturb\u00e9, d\u00e9placements, sollicitations sociales intenses\u2026 Au d\u00e9but de l\u2019ann\u00e9e, beaucoup de personnes ressentent une fatigue persistante, des tensions corporelles ou une sensation de lourdeur g\u00e9n\u00e9rale.<\/p>\n<p>Le <strong><a href=\"https:\/\/www.medoucine.com\/pratiques\/massage\" target=\"_blank\" rel=\"noopener\">massage<\/a> bien-\u00eatre<\/strong> peut alors devenir un soutien pr\u00e9cieux pour accompagner la r\u00e9cup\u00e9ration naturelle du corps. Sans vis\u00e9e th\u00e9rapeutique, il offre un espace de d\u00e9tente, favorise la circulation et aide \u00e0 rel\u00e2cher les tensions accumul\u00e9es. Dans ma pratique, j\u2019observe combien un toucher respectueux et adapt\u00e9 peut contribuer \u00e0 retrouver confort, l\u00e9g\u00e8ret\u00e9 et clart\u00e9.<\/p>\n<p>Voici cinq types de massages particuli\u00e8rement int\u00e9ressants pour aider le corps \u00e0 se r\u00e9\u00e9quilibrer apr\u00e8s les f\u00eates.[\/vc_column_text][\/vc_column][\/vc_row][vc_row][vc_column][vc_column_text css=\u00a0\u00bb\u00a0\u00bb]\n<h2>Ce que le corps exprime apr\u00e8s les f\u00eates<\/h2>\n<p>Apr\u00e8s plusieurs jours de changements alimentaires et de rythme, le corps envoie souvent des signaux clairs :<\/p>\n<ul>\n<li><a href=\"https:\/\/www.medoucine.com\/maux-troubles\/fatigue\" target=\"_blank\" rel=\"noopener\">Fatigue<\/a> g\u00e9n\u00e9rale<\/li>\n<li>Tensions musculaires<\/li>\n<li>Digestion ralentie<\/li>\n<li>Sensation d\u2019\u00eatre \u00ab engorg\u00e9 \u00bb ou moins fluide<\/li>\n<\/ul>\n<p>Ces r\u00e9actions sont naturelles. Les repas plus riches influencent la digestion, le manque de sommeil sollicite davantage le syst\u00e8me nerveux, et les d\u00e9placements prolong\u00e9s favorisent les raideurs musculaires.<\/p>\n<p><a href=\"https:\/\/www.inserm.fr\/dossier\/chronobiologie\/\" target=\"_blank\" rel=\"noopener\">Selon l\u2019Inserm<\/a>, le stress et les d\u00e9s\u00e9quilibres des rythmes biologiques (rythme circadien) ont un impact direct sur des fonctions physiologiques essentielles comme la digestion et la qualit\u00e9 du repos (sommeil), soulignant l\u2019importance de prendre en compte ces interactions dans une approche globale de la sant\u00e9.<\/p>\n<p>Le massage bien-\u00eatre ne corrige pas ces m\u00e9canismes, mais il peut <strong>accompagner le retour \u00e0 un fonctionnement plus harmonieux<\/strong>, en favorisant la d\u00e9tente, la circulation et la reconnexion aux sensations corporelles.[\/vc_column_text][vc_column_text css=\u00a0\u00bb\u00a0\u00bb]\n<div class=\"m-spin\">\n<p class=\"m-spin__text\"><strong>R\u00e9\u00e9quilibrez votre corps et votre esprit avec la m\u00e9decine douce<\/strong><\/p>\n<p class=\"m-spin__text\">Les f\u00eates sont pass\u00e9es, il est temps de prendre soin de vous ! Offrez-vous un moment de d\u00e9tente profond avec un <a class=\"m-spin__link\" target=\"_blank\" rel=\"noopener noreferrer\" href=\"https:\/\/www.medoucine.com\/consultations\/se-soigner\/massage\/lille\/tous-publics\/a-domicile-ou-cabinet?utm_source=medoucine_blog_B2C&amp;utm_medium=article_blog&amp;utm_campaign=spin_seo\">Masseur bien-\u00eatre \u00e0 Lille<\/a>, un <a class=\"m-spin__link\" target=\"_blank\" rel=\"noopener noreferrer\" href=\"https:\/\/www.medoucine.com\/consultations\/se-soigner\/massage\/nantes\/tous-publics\/a-domicile-ou-cabinet?utm_source=medoucine_blog_B2C&amp;utm_medium=article_blog&amp;utm_campaign=spin_seo\">Masseur bien-\u00eatre \u00e0 Nantes<\/a> ou un <a class=\"m-spin__link\" target=\"_blank\" rel=\"noopener noreferrer\" href=\"https:\/\/www.medoucine.com\/consultations\/se-soigner\/massage\/toulouse\/tous-publics\/a-domicile-ou-cabinet?utm_source=medoucine_blog_B2C&amp;utm_medium=article_blog&amp;utm_campaign=spin_seo\">Masseur bien-\u00eatre \u00e0 Toulouse<\/a>. Ces professionnels du bien-\u00eatre vous guideront vers une r\u00e9cup\u00e9ration optimale.<\/p>\n<p class=\"m-spin__text\">Vous cherchez un accompagnement personnalis\u00e9 ? Trouvez des <a class=\"m-spin__link\" target=\"_blank\" rel=\"noopener noreferrer\" href=\"https:\/\/www.medoucine.com\/consultations\/se-soigner\/massage\/autour-de-moi?utm_source=medoucine_blog_B2C&amp;utm_medium=article_blog&amp;utm_campaign=spin_seo\">Massoth\u00e9rapeutes pr\u00e8s de chez vous<\/a> qualifi\u00e9s pour vous aider \u00e0 retrouver harmonie et vitalit\u00e9.<\/p>\n<\/div>\n<h2>1 &#8211; Le massage su\u00e9dois : rel\u00e2cher les tensions accumul\u00e9es<\/h2>\n<p>Le massage su\u00e9dois est particuli\u00e8rement appr\u00e9ci\u00e9 apr\u00e8s les f\u00eates, car il agit en profondeur sur les muscles.<\/p>\n<h3>Ce qu\u2019il apporte<\/h3>\n<ul>\n<li>Un rel\u00e2chement progressif des tensions, notamment au niveau du dos, des \u00e9paules et de la nuque.<\/li>\n<li>Une stimulation de la circulation sanguine, m\u00e9canisme cl\u00e9 dans les processus de r\u00e9cup\u00e9ration, <a href=\"https:\/\/www.msdmanuals.com\/fr\/accueil\/fondamentaux\/exercise-and-fitness-minist%C3%A8re-am%C3%A9ricain-de-l-agriculture-exercice-et-condition-physique\/faire-de-l-exercice-en-toute-s%C3%A9curit%C3%A9\" target=\"_blank\" rel=\"noopener\">comme l\u2019explique le Manuel MSD<\/a>.<\/li>\n<li>Une d\u00e9tente globale qui favorise un retour au calme.<\/li>\n<\/ul>\n<p>Je le propose souvent aux personnes qui reprennent le travail avec une sensation de fatigue ou de raideur inhabituelle. Structur\u00e9 et rythm\u00e9, ce massage aide le corps \u00e0 retrouver mobilit\u00e9 et fluidit\u00e9.[\/vc_column_text][vc_single_image image=\u00a0\u00bb37499&Prime; img_size=\u00a0\u00bbfull\u00a0\u00bb alignment=\u00a0\u00bbcenter\u00a0\u00bb css=\u00a0\u00bb\u00a0\u00bb][vc_column_text css=\u00a0\u00bb\u00a0\u00bb]\n<h2>2 &#8211; Le drainage lymphatique : favoriser la l\u00e9g\u00e8ret\u00e9<\/h2>\n<p><a href=\"https:\/\/www.medoucine.com\/pratiques\/drainage-lymphatique\" target=\"_blank\" rel=\"noopener\"><strong>Le drainage lymphatique<\/strong><\/a> <strong>manuel<\/strong> repose sur des pressions tr\u00e8s douces et r\u00e9guli\u00e8res, destin\u00e9es \u00e0 stimuler la circulation de la lymphe.<\/p>\n<p>La lymphe joue un r\u00f4le essentiel dans l\u2019\u00e9limination des d\u00e9chets m\u00e9taboliques, comme le rappelle l\u2019ANSES.<\/p>\n<h3>Pourquoi il est pertinent apr\u00e8s les f\u00eates ?<\/h3>\n<ul>\n<li>Il accompagne la diminution de la sensation de r\u00e9tention d\u2019eau, souvent li\u00e9e \u00e0 une alimentation plus sal\u00e9e.<\/li>\n<li>Il procure une impression de l\u00e9g\u00e8ret\u00e9, notamment au niveau des jambes et de l\u2019abdomen.<\/li>\n<li>Son rythme lent favorise une relaxation profonde.<\/li>\n<\/ul>\n<p>Je le recommande lorsque la personne exprime une sensation d\u2019\u00eatre \u00ab gonfl\u00e9e \u00bb ou de manquer de fluidit\u00e9 corporelle.[\/vc_column_text][vc_single_image image=\u00a0\u00bb37500&Prime; img_size=\u00a0\u00bbfull\u00a0\u00bb alignment=\u00a0\u00bbcenter\u00a0\u00bb css=\u00a0\u00bb\u00a0\u00bb][vc_column_text css=\u00a0\u00bb\u00a0\u00bb]\n<h2>3 &#8211; Le massage abdominal : accompagner la digestion en douceur<\/h2>\n<p>Le ventre est souvent particuli\u00e8rement sollicit\u00e9 en fin d\u2019ann\u00e9e. <strong>Le massage abdominal<\/strong>, pratiqu\u00e9 avec pr\u00e9caution, permet de d\u00e9tendre cette zone sensible.<\/p>\n<h3>Ses effets possibles<\/h3>\n<ul>\n<li>Il aide \u00e0 rel\u00e2cher le diaphragme, muscle cl\u00e9 de la respiration et de la d\u00e9tente.<\/li>\n<li>Il favorise une meilleure perception du ventre, souvent impact\u00e9e par le stress.<\/li>\n<li>L\u2019Inserm souligne les liens \u00e9troits entre syst\u00e8me digestif et syst\u00e8me nerveux, ce qui explique l\u2019effet globalement apaisant de ce type de massage.<\/li>\n<\/ul>\n<p>Ce massage demande une grande \u00e9coute et s\u2019adapte toujours au ressenti de la personne.[\/vc_column_text][vc_single_image image=\u00a0\u00bb37501&Prime; img_size=\u00a0\u00bbfull\u00a0\u00bb alignment=\u00a0\u00bbcenter\u00a0\u00bb css=\u00a0\u00bb\u00a0\u00bb][vc_column_text css=\u00a0\u00bb\u00a0\u00bb]\n<h2>4 &#8211; Le massage des pieds : apaiser et s\u2019ancrer<\/h2>\n<p><strong>Le massage plantaire bien-\u00eatre<\/strong>, inspir\u00e9 de <a href=\"https:\/\/www.medoucine.com\/pratiques\/reflexologie\" target=\"_blank\" rel=\"noopener\">la r\u00e9flexologie<\/a>, est particuli\u00e8rement appr\u00e9ci\u00e9 en d\u00e9but d\u2019ann\u00e9e.<\/p>\n<h3>Pourquoi il est int\u00e9ressant ?<\/h3>\n<ul>\n<li>La vo\u00fbte plantaire est riche en terminaisons nerveuses, ce qui favorise une d\u00e9tente globale.<\/li>\n<li>Il procure une sensation d\u2019ancrage, souvent n\u00e9cessaire apr\u00e8s une p\u00e9riode tr\u00e8s stimulante.<\/li>\n<li>Il contribue \u00e0 apaiser le syst\u00e8me nerveux par le toucher.<\/li>\n<\/ul>\n<p>De nombreuses observations en sant\u00e9 publique soulignent l\u2019impact positif du toucher sur la perception du stress.[\/vc_column_text][vc_single_image image=\u00a0\u00bb37502&Prime; img_size=\u00a0\u00bbfull\u00a0\u00bb alignment=\u00a0\u00bbcenter\u00a0\u00bb css=\u00a0\u00bb\u00a0\u00bb][vc_column_text css=\u00a0\u00bb\u00a0\u00bb]\n<h2>5 &#8211; Le massage aromatique : soutenir le mental et les \u00e9motions<\/h2>\n<p><strong>Le massage aromatique<\/strong>, lorsqu\u2019il utilise des huiles essentielles adapt\u00e9es et en toute s\u00e9curit\u00e9, ajoute une dimension sensorielle au soin.<\/p>\n<h3>Ce qu\u2019il peut apporter<\/h3>\n<ul>\n<li>Une d\u00e9tente \u00e9motionnelle gr\u00e2ce \u00e0 l\u2019action olfactive sur le syst\u00e8me limbique, rappel\u00e9e par l\u2019ANSM.<\/li>\n<li>Une respiration plus ample, favorisant la relaxation.<\/li>\n<li>Une sensation d\u2019enveloppement et de douceur, id\u00e9ale pour commencer l\u2019ann\u00e9e sereinement.<\/li>\n<\/ul>\n<p>Je le propose lorsque la personne ressent une charge mentale importante ou un besoin de r\u00e9confort.[\/vc_column_text][vc_single_image image=\u00a0\u00bb37503&Prime; img_size=\u00a0\u00bbfull\u00a0\u00bb alignment=\u00a0\u00bbcenter\u00a0\u00bb css=\u00a0\u00bb\u00a0\u00bb][vc_column_text css=\u00a0\u00bb\u00a0\u00bb]\n<h2>Ce qu&rsquo;il faut retenir<\/h2>\n<p>Apr\u00e8s les f\u00eates, le corps a souvent besoin de temps, d\u2019\u00e9coute et de douceur pour retrouver son \u00e9quilibre. Les massages bien-\u00eatre offrent un espace privil\u00e9gi\u00e9 pour accompagner cette p\u00e9riode de transition, en soutenant la d\u00e9tente, la circulation et la reconnexion \u00e0 soi. Chaque technique agit diff\u00e9remment, mais toutes invitent \u00e0 ralentir et \u00e0 respecter son rythme. Prendre ce temps en d\u00e9but d\u2019ann\u00e9e n\u2019est pas un luxe : c\u2019est une mani\u00e8re simple de prendre soin de soi et d\u2019aborder les semaines \u00e0 venir avec plus de l\u00e9g\u00e8ret\u00e9 et de clart\u00e9.[\/vc_column_text][vc_toggle title=\u00a0\u00bbQuestions fr\u00e9quentes &#8211; FAQ\u00a0\u00bb style=\u00a0\u00bbround_outline\u00a0\u00bb open=\u00a0\u00bbtrue\u00a0\u00bb custom_use_theme_fonts=\u00a0\u00bbyes\u00a0\u00bb css=\u00a0\u00bb\u00a0\u00bb use_custom_heading=\u00a0\u00bbtrue\u00a0\u00bb]\n<h3>Quel massage choisir apr\u00e8s les f\u00eates ?<\/h3>\n<p>Le choix d\u2019un massage apr\u00e8s les f\u00eates d\u00e9pend avant tout des sensations ressenties : <strong>tensions musculaires<\/strong>, <strong>fatigue g\u00e9n\u00e9rale<\/strong>, <strong>sensation de lourdeur<\/strong> ou besoin de <strong>relaxation profonde<\/strong>. Un \u00e9change avec le praticien permet d\u2019orienter vers le massage le plus adapt\u00e9 au moment.<\/p>\n<h3>Le massage bien-\u00eatre aide-t-il la digestion apr\u00e8s les f\u00eates ?<\/h3>\n<p>Le massage bien-\u00eatre ne traite pas les troubles digestifs. En revanche, certains massages, comme <strong>le massage abdominal<\/strong>, peuvent favoriser la d\u00e9tente de la zone du ventre et une meilleure perception corporelle. Cette d\u00e9tente peut s\u2019inscrire dans une d\u00e9marche globale de mieux-\u00eatre apr\u00e8s les f\u00eates.<\/p>\n<h3>\u00c0 quel moment faire un massage apr\u00e8s les f\u00eates ?<\/h3>\n<p>Un massage peut \u00eatre envisag\u00e9 <strong>d\u00e8s les premi\u00e8res semaines de janvier<\/strong>, lorsque le corps exprime le besoin de ralentir, de se poser et de r\u00e9cup\u00e9rer. Il peut aussi accompagner une reprise progressive du rythme quotidien.[\/vc_toggle][vc_column_text css=\u00a0\u00bb\u00a0\u00bb]par <strong><a href=\"https:\/\/www.medoucine.com\/consultation\/augny\/elodie-negretti\/22753\" target=\"_blank\" rel=\"noopener\">\u00c9lodie NEGRETTI, masseuse bien-\u00eatre<\/a>,<\/strong> v\u00e9rifi\u00e9e par M\u00e9doucine.[\/vc_column_text][\/vc_column][\/vc_row]\n<\/div>","protected":false},"excerpt":{"rendered":"<p>[vc_row][vc_column][vc_column_text css=\u00a0\u00bb\u00a0\u00bb el_class=\u00a0\u00bbhas-drop-cap\u00a0\u00bb]Les f\u00eates de fin d\u2019ann\u00e9e sont souvent synonymes de moments chaleureux et joyeux, mais elles peuvent aussi mettre le corps \u00e0 rude \u00e9preuve. Repas plus riches, rythme de sommeil perturb\u00e9, d\u00e9placements, sollicitations sociales intenses\u2026 Au d\u00e9but de l\u2019ann\u00e9e, beaucoup de personnes ressentent une fatigue persistante, des tensions corporelles ou une sensation de lourdeur g\u00e9n\u00e9rale. Le massage bien-\u00eatre peut alors devenir un soutien pr\u00e9cieux pour accompagner la r\u00e9cup\u00e9ration naturelle du corps. Sans vis\u00e9e th\u00e9rapeutique, il offre un espace de d\u00e9tente, favorise la circulation et aide \u00e0 rel\u00e2cher les tensions accumul\u00e9es. Dans ma pratique, j\u2019observe combien un toucher respectueux et adapt\u00e9 peut contribuer \u00e0 retrouver confort, l\u00e9g\u00e8ret\u00e9 et clart\u00e9. Voici cinq types de massages particuli\u00e8rement int\u00e9ressants pour aider le corps \u00e0 se r\u00e9\u00e9quilibrer apr\u00e8s les f\u00eates.[\/vc_column_text][\/vc_column][\/vc_row][vc_row][vc_column][vc_column_text css=\u00a0\u00bb\u00a0\u00bb] Ce que le corps exprime apr\u00e8s les f\u00eates [&hellip;]<\/p>\n","protected":false},"author":987,"featured_media":37498,"comment_status":"open","ping_status":"open","sticky":false,"template":"","format":"standard","meta":{"_acf_changed":false,"footnotes":""},"categories":[113],"tags":[],"class_list":["post-37495","post","type-post","status-publish","format-standard","has-post-thumbnail","hentry","category-beaute-bien-etre"],"acf":[],"yoast_head":"<!-- This site is optimized with the Yoast SEO plugin v27.1.1 - https:\/\/yoast.com\/product\/yoast-seo-wordpress\/ -->\n<title>5 massages bien-\u00eatre pour aider le corps \u00e0 r\u00e9cup\u00e9rer apr\u00e8s les f\u00eates<\/title>\n<meta name=\"description\" content=\"Apr\u00e8s les f\u00eates, offrir au corps des massages bien-\u00eatre pour rel\u00e2cher les tensions et retrouver l\u2019\u00e9quilibre.\" \/>\n<meta name=\"robots\" content=\"index, follow, max-snippet:-1, max-image-preview:large, max-video-preview:-1\" \/>\n<link rel=\"canonical\" href=\"https:\/\/www.medoucine.com\/blog\/5-massages-bien-etre-pour-aider-le-corps-a-recuperer-apres-les-fetes\/\" \/>\n<meta property=\"og:locale\" content=\"fr_FR\" \/>\n<meta property=\"og:type\" content=\"article\" \/>\n<meta property=\"og:title\" content=\"5 massages bien-\u00eatre pour aider le corps \u00e0 r\u00e9cup\u00e9rer apr\u00e8s les f\u00eates\" \/>\n<meta property=\"og:description\" content=\"Apr\u00e8s les f\u00eates, offrir au corps des massages bien-\u00eatre pour rel\u00e2cher les tensions et retrouver l\u2019\u00e9quilibre.\" \/>\n<meta property=\"og:url\" content=\"https:\/\/www.medoucine.com\/blog\/5-massages-bien-etre-pour-aider-le-corps-a-recuperer-apres-les-fetes\/\" \/>\n<meta property=\"og:site_name\" content=\"Blog de Medoucine\" \/>\n<meta property=\"article:publisher\" content=\"https:\/\/www.facebook.com\/medoucine\/\" \/>\n<meta property=\"article:published_time\" content=\"2025-12-22T10:00:03+00:00\" \/>\n<meta property=\"article:modified_time\" content=\"2026-04-08T15:40:38+00:00\" \/>\n<meta property=\"og:image\" content=\"https:\/\/www.medoucine.com\/blog\/wp-content\/uploads\/2025\/12\/massage-fetes_blog-medoucine-1.webp\" \/>\n\t<meta property=\"og:image:width\" content=\"1536\" \/>\n\t<meta property=\"og:image:height\" content=\"1024\" \/>\n\t<meta property=\"og:image:type\" content=\"image\/webp\" \/>\n<meta name=\"author\" content=\"\u00c9lodie Negretti\" \/>\n<meta name=\"twitter:card\" content=\"summary_large_image\" \/>\n<meta name=\"twitter:creator\" content=\"@medoucinefr\" \/>\n<meta name=\"twitter:site\" content=\"@medoucinefr\" \/>\n<meta name=\"twitter:label1\" content=\"\u00c9crit par\" \/>\n\t<meta name=\"twitter:data1\" content=\"\u00c9lodie Negretti\" \/>\n\t<meta name=\"twitter:label2\" content=\"Dur\u00e9e de lecture estim\u00e9e\" \/>\n\t<meta name=\"twitter:data2\" content=\"7 minutes\" \/>\n<script type=\"application\/ld+json\" class=\"yoast-schema-graph\">{\"@context\":\"https:\/\/schema.org\",\"@graph\":[{\"@type\":\"Article\",\"@id\":\"https:\/\/www.medoucine.com\/blog\/5-massages-bien-etre-pour-aider-le-corps-a-recuperer-apres-les-fetes\/#article\",\"isPartOf\":{\"@id\":\"https:\/\/www.medoucine.com\/blog\/5-massages-bien-etre-pour-aider-le-corps-a-recuperer-apres-les-fetes\/\"},\"author\":{\"name\":\"\u00c9lodie Negretti\",\"@id\":\"https:\/\/www.medoucine.com\/blog\/#\/schema\/person\/f89f3004ff26cea29e37aacce4264218\"},\"headline\":\"5 massages bien-\u00eatre pour aider le corps \u00e0 r\u00e9cup\u00e9rer apr\u00e8s les f\u00eates\",\"datePublished\":\"2025-12-22T10:00:03+00:00\",\"dateModified\":\"2026-04-08T15:40:38+00:00\",\"mainEntityOfPage\":{\"@id\":\"https:\/\/www.medoucine.com\/blog\/5-massages-bien-etre-pour-aider-le-corps-a-recuperer-apres-les-fetes\/\"},\"wordCount\":1385,\"commentCount\":0,\"publisher\":{\"@id\":\"https:\/\/www.medoucine.com\/blog\/#organization\"},\"image\":{\"@id\":\"https:\/\/www.medoucine.com\/blog\/5-massages-bien-etre-pour-aider-le-corps-a-recuperer-apres-les-fetes\/#primaryimage\"},\"thumbnailUrl\":\"https:\/\/www.medoucine.com\/blog\/wp-content\/uploads\/2025\/12\/massage-fetes_blog-medoucine-1.webp\",\"articleSection\":[\"Beaut\u00e9 &amp; Bien-\u00eatre\"],\"inLanguage\":\"fr-FR\",\"potentialAction\":[{\"@type\":\"CommentAction\",\"name\":\"Comment\",\"target\":[\"https:\/\/www.medoucine.com\/blog\/5-massages-bien-etre-pour-aider-le-corps-a-recuperer-apres-les-fetes\/#respond\"]}]},{\"@type\":\"WebPage\",\"@id\":\"https:\/\/www.medoucine.com\/blog\/5-massages-bien-etre-pour-aider-le-corps-a-recuperer-apres-les-fetes\/\",\"url\":\"https:\/\/www.medoucine.com\/blog\/5-massages-bien-etre-pour-aider-le-corps-a-recuperer-apres-les-fetes\/\",\"name\":\"5 massages bien-\u00eatre pour aider le corps \u00e0 r\u00e9cup\u00e9rer apr\u00e8s les f\u00eates\",\"isPartOf\":{\"@id\":\"https:\/\/www.medoucine.com\/blog\/#website\"},\"primaryImageOfPage\":{\"@id\":\"https:\/\/www.medoucine.com\/blog\/5-massages-bien-etre-pour-aider-le-corps-a-recuperer-apres-les-fetes\/#primaryimage\"},\"image\":{\"@id\":\"https:\/\/www.medoucine.com\/blog\/5-massages-bien-etre-pour-aider-le-corps-a-recuperer-apres-les-fetes\/#primaryimage\"},\"thumbnailUrl\":\"https:\/\/www.medoucine.com\/blog\/wp-content\/uploads\/2025\/12\/massage-fetes_blog-medoucine-1.webp\",\"datePublished\":\"2025-12-22T10:00:03+00:00\",\"dateModified\":\"2026-04-08T15:40:38+00:00\",\"description\":\"Apr\u00e8s les f\u00eates, offrir au corps des massages bien-\u00eatre pour rel\u00e2cher les tensions et retrouver l\u2019\u00e9quilibre.\",\"breadcrumb\":{\"@id\":\"https:\/\/www.medoucine.com\/blog\/5-massages-bien-etre-pour-aider-le-corps-a-recuperer-apres-les-fetes\/#breadcrumb\"},\"inLanguage\":\"fr-FR\",\"potentialAction\":[{\"@type\":\"ReadAction\",\"target\":[\"https:\/\/www.medoucine.com\/blog\/5-massages-bien-etre-pour-aider-le-corps-a-recuperer-apres-les-fetes\/\"]}]},{\"@type\":\"ImageObject\",\"inLanguage\":\"fr-FR\",\"@id\":\"https:\/\/www.medoucine.com\/blog\/5-massages-bien-etre-pour-aider-le-corps-a-recuperer-apres-les-fetes\/#primaryimage\",\"url\":\"https:\/\/www.medoucine.com\/blog\/wp-content\/uploads\/2025\/12\/massage-fetes_blog-medoucine-1.webp\",\"contentUrl\":\"https:\/\/www.medoucine.com\/blog\/wp-content\/uploads\/2025\/12\/massage-fetes_blog-medoucine-1.webp\",\"width\":1536,\"height\":1024},{\"@type\":\"BreadcrumbList\",\"@id\":\"https:\/\/www.medoucine.com\/blog\/5-massages-bien-etre-pour-aider-le-corps-a-recuperer-apres-les-fetes\/#breadcrumb\",\"itemListElement\":[{\"@type\":\"ListItem\",\"position\":1,\"name\":\"Blog Medoucine\",\"item\":\"https:\/\/www.medoucine.com\/blog\/\"},{\"@type\":\"ListItem\",\"position\":2,\"name\":\"Beaut\u00e9 &amp; Bien-\u00eatre\",\"item\":\"https:\/\/www.medoucine.com\/blog\/cat\/beaute-bien-etre\/\"},{\"@type\":\"ListItem\",\"position\":3,\"name\":\"5 massages bien-\u00eatre pour aider le corps \u00e0 r\u00e9cup\u00e9rer apr\u00e8s les f\u00eates\"}]},{\"@type\":\"WebSite\",\"@id\":\"https:\/\/www.medoucine.com\/blog\/#website\",\"url\":\"https:\/\/www.medoucine.com\/blog\/\",\"name\":\"Blog de Medoucine\",\"description\":\"Le blog des m\u00e9decines douces\",\"publisher\":{\"@id\":\"https:\/\/www.medoucine.com\/blog\/#organization\"},\"potentialAction\":[{\"@type\":\"SearchAction\",\"target\":{\"@type\":\"EntryPoint\",\"urlTemplate\":\"https:\/\/www.medoucine.com\/blog\/?s={search_term_string}\"},\"query-input\":{\"@type\":\"PropertyValueSpecification\",\"valueRequired\":true,\"valueName\":\"search_term_string\"}}],\"inLanguage\":\"fr-FR\"},{\"@type\":\"Organization\",\"@id\":\"https:\/\/www.medoucine.com\/blog\/#organization\",\"name\":\"Medoucine\",\"url\":\"https:\/\/www.medoucine.com\/blog\/\",\"logo\":{\"@type\":\"ImageObject\",\"inLanguage\":\"fr-FR\",\"@id\":\"https:\/\/www.medoucine.com\/blog\/#\/schema\/logo\/image\/\",\"url\":\"https:\/\/www.medoucine.com\/blog\/wp-content\/uploads\/2019\/07\/logo@3x.png\",\"contentUrl\":\"https:\/\/www.medoucine.com\/blog\/wp-content\/uploads\/2019\/07\/logo@3x.png\",\"width\":555,\"height\":135,\"caption\":\"Medoucine\"},\"image\":{\"@id\":\"https:\/\/www.medoucine.com\/blog\/#\/schema\/logo\/image\/\"},\"sameAs\":[\"https:\/\/www.facebook.com\/medoucine\/\",\"https:\/\/x.com\/medoucinefr\",\"https:\/\/www.instagram.com\/medoucine\/\",\"https:\/\/www.youtube.com\/channel\/UCtZeUeJ_KebYK0KJAXjJV8g\"]},{\"@type\":\"Person\",\"@id\":\"https:\/\/www.medoucine.com\/blog\/#\/schema\/person\/f89f3004ff26cea29e37aacce4264218\",\"name\":\"\u00c9lodie Negretti\",\"image\":{\"@type\":\"ImageObject\",\"inLanguage\":\"fr-FR\",\"@id\":\"https:\/\/www.medoucine.com\/blog\/#\/schema\/person\/image\/\",\"url\":\"https:\/\/secure.gravatar.com\/avatar\/d1c673f5ffcfbe980130a73885583250ec2e228ed853b961a0881024a405db9b?s=96&d=mm&r=g\",\"contentUrl\":\"https:\/\/secure.gravatar.com\/avatar\/d1c673f5ffcfbe980130a73885583250ec2e228ed853b961a0881024a405db9b?s=96&d=mm&r=g\",\"caption\":\"\u00c9lodie Negretti\"},\"description\":\"Praticienne en massage bien-\u00eatre et form\u00e9e \u00e0 la r\u00e9flexologie plantaire, j\u2019accompagne les femmes, les enfants et les familles vers un mieux-\u00eatre global. Mon approche est douce, ancr\u00e9e dans l\u2019\u00e9coute du corps et la bienveillance. J\u2019aime transmettre des outils simples et naturels pour aider chacun \u00e0 se reconnecter \u00e0 son \u00e9nergie, \u00e0 retrouver \u00e9quilibre, s\u00e9r\u00e9nit\u00e9 et confiance en ses propres ressources.\",\"sameAs\":[\"https:\/\/www.medoucine.com\/consultation\/augny\/elodie-negretti\/22753\"],\"url\":\"https:\/\/www.medoucine.com\/blog\/author\/elodie_negretti\/\"}]}<\/script>\n<!-- \/ Yoast SEO plugin. -->","yoast_head_json":{"title":"5 massages bien-\u00eatre pour aider le corps \u00e0 r\u00e9cup\u00e9rer apr\u00e8s les f\u00eates","description":"Apr\u00e8s les f\u00eates, offrir au corps des massages bien-\u00eatre pour rel\u00e2cher les tensions et retrouver l\u2019\u00e9quilibre.","robots":{"index":"index","follow":"follow","max-snippet":"max-snippet:-1","max-image-preview":"max-image-preview:large","max-video-preview":"max-video-preview:-1"},"canonical":"https:\/\/www.medoucine.com\/blog\/5-massages-bien-etre-pour-aider-le-corps-a-recuperer-apres-les-fetes\/","og_locale":"fr_FR","og_type":"article","og_title":"5 massages bien-\u00eatre pour aider le corps \u00e0 r\u00e9cup\u00e9rer apr\u00e8s les f\u00eates","og_description":"Apr\u00e8s les f\u00eates, offrir au corps des massages bien-\u00eatre pour rel\u00e2cher les tensions et retrouver l\u2019\u00e9quilibre.","og_url":"https:\/\/www.medoucine.com\/blog\/5-massages-bien-etre-pour-aider-le-corps-a-recuperer-apres-les-fetes\/","og_site_name":"Blog de Medoucine","article_publisher":"https:\/\/www.facebook.com\/medoucine\/","article_published_time":"2025-12-22T10:00:03+00:00","article_modified_time":"2026-04-08T15:40:38+00:00","og_image":[{"width":1536,"height":1024,"url":"https:\/\/www.medoucine.com\/blog\/wp-content\/uploads\/2025\/12\/massage-fetes_blog-medoucine-1.webp","type":"image\/webp"}],"author":"\u00c9lodie Negretti","twitter_card":"summary_large_image","twitter_creator":"@medoucinefr","twitter_site":"@medoucinefr","twitter_misc":{"\u00c9crit par":"\u00c9lodie Negretti","Dur\u00e9e de lecture estim\u00e9e":"7 minutes"},"schema":{"@context":"https:\/\/schema.org","@graph":[{"@type":"Article","@id":"https:\/\/www.medoucine.com\/blog\/5-massages-bien-etre-pour-aider-le-corps-a-recuperer-apres-les-fetes\/#article","isPartOf":{"@id":"https:\/\/www.medoucine.com\/blog\/5-massages-bien-etre-pour-aider-le-corps-a-recuperer-apres-les-fetes\/"},"author":{"name":"\u00c9lodie Negretti","@id":"https:\/\/www.medoucine.com\/blog\/#\/schema\/person\/f89f3004ff26cea29e37aacce4264218"},"headline":"5 massages bien-\u00eatre pour aider le corps \u00e0 r\u00e9cup\u00e9rer apr\u00e8s les f\u00eates","datePublished":"2025-12-22T10:00:03+00:00","dateModified":"2026-04-08T15:40:38+00:00","mainEntityOfPage":{"@id":"https:\/\/www.medoucine.com\/blog\/5-massages-bien-etre-pour-aider-le-corps-a-recuperer-apres-les-fetes\/"},"wordCount":1385,"commentCount":0,"publisher":{"@id":"https:\/\/www.medoucine.com\/blog\/#organization"},"image":{"@id":"https:\/\/www.medoucine.com\/blog\/5-massages-bien-etre-pour-aider-le-corps-a-recuperer-apres-les-fetes\/#primaryimage"},"thumbnailUrl":"https:\/\/www.medoucine.com\/blog\/wp-content\/uploads\/2025\/12\/massage-fetes_blog-medoucine-1.webp","articleSection":["Beaut\u00e9 &amp; Bien-\u00eatre"],"inLanguage":"fr-FR","potentialAction":[{"@type":"CommentAction","name":"Comment","target":["https:\/\/www.medoucine.com\/blog\/5-massages-bien-etre-pour-aider-le-corps-a-recuperer-apres-les-fetes\/#respond"]}]},{"@type":"WebPage","@id":"https:\/\/www.medoucine.com\/blog\/5-massages-bien-etre-pour-aider-le-corps-a-recuperer-apres-les-fetes\/","url":"https:\/\/www.medoucine.com\/blog\/5-massages-bien-etre-pour-aider-le-corps-a-recuperer-apres-les-fetes\/","name":"5 massages bien-\u00eatre pour aider le corps \u00e0 r\u00e9cup\u00e9rer apr\u00e8s les f\u00eates","isPartOf":{"@id":"https:\/\/www.medoucine.com\/blog\/#website"},"primaryImageOfPage":{"@id":"https:\/\/www.medoucine.com\/blog\/5-massages-bien-etre-pour-aider-le-corps-a-recuperer-apres-les-fetes\/#primaryimage"},"image":{"@id":"https:\/\/www.medoucine.com\/blog\/5-massages-bien-etre-pour-aider-le-corps-a-recuperer-apres-les-fetes\/#primaryimage"},"thumbnailUrl":"https:\/\/www.medoucine.com\/blog\/wp-content\/uploads\/2025\/12\/massage-fetes_blog-medoucine-1.webp","datePublished":"2025-12-22T10:00:03+00:00","dateModified":"2026-04-08T15:40:38+00:00","description":"Apr\u00e8s les f\u00eates, offrir au corps des massages bien-\u00eatre pour rel\u00e2cher les tensions et retrouver l\u2019\u00e9quilibre.","breadcrumb":{"@id":"https:\/\/www.medoucine.com\/blog\/5-massages-bien-etre-pour-aider-le-corps-a-recuperer-apres-les-fetes\/#breadcrumb"},"inLanguage":"fr-FR","potentialAction":[{"@type":"ReadAction","target":["https:\/\/www.medoucine.com\/blog\/5-massages-bien-etre-pour-aider-le-corps-a-recuperer-apres-les-fetes\/"]}]},{"@type":"ImageObject","inLanguage":"fr-FR","@id":"https:\/\/www.medoucine.com\/blog\/5-massages-bien-etre-pour-aider-le-corps-a-recuperer-apres-les-fetes\/#primaryimage","url":"https:\/\/www.medoucine.com\/blog\/wp-content\/uploads\/2025\/12\/massage-fetes_blog-medoucine-1.webp","contentUrl":"https:\/\/www.medoucine.com\/blog\/wp-content\/uploads\/2025\/12\/massage-fetes_blog-medoucine-1.webp","width":1536,"height":1024},{"@type":"BreadcrumbList","@id":"https:\/\/www.medoucine.com\/blog\/5-massages-bien-etre-pour-aider-le-corps-a-recuperer-apres-les-fetes\/#breadcrumb","itemListElement":[{"@type":"ListItem","position":1,"name":"Blog Medoucine","item":"https:\/\/www.medoucine.com\/blog\/"},{"@type":"ListItem","position":2,"name":"Beaut\u00e9 &amp; Bien-\u00eatre","item":"https:\/\/www.medoucine.com\/blog\/cat\/beaute-bien-etre\/"},{"@type":"ListItem","position":3,"name":"5 massages bien-\u00eatre pour aider le corps \u00e0 r\u00e9cup\u00e9rer apr\u00e8s les f\u00eates"}]},{"@type":"WebSite","@id":"https:\/\/www.medoucine.com\/blog\/#website","url":"https:\/\/www.medoucine.com\/blog\/","name":"Blog de Medoucine","description":"Le blog des m\u00e9decines douces","publisher":{"@id":"https:\/\/www.medoucine.com\/blog\/#organization"},"potentialAction":[{"@type":"SearchAction","target":{"@type":"EntryPoint","urlTemplate":"https:\/\/www.medoucine.com\/blog\/?s={search_term_string}"},"query-input":{"@type":"PropertyValueSpecification","valueRequired":true,"valueName":"search_term_string"}}],"inLanguage":"fr-FR"},{"@type":"Organization","@id":"https:\/\/www.medoucine.com\/blog\/#organization","name":"Medoucine","url":"https:\/\/www.medoucine.com\/blog\/","logo":{"@type":"ImageObject","inLanguage":"fr-FR","@id":"https:\/\/www.medoucine.com\/blog\/#\/schema\/logo\/image\/","url":"https:\/\/www.medoucine.com\/blog\/wp-content\/uploads\/2019\/07\/logo@3x.png","contentUrl":"https:\/\/www.medoucine.com\/blog\/wp-content\/uploads\/2019\/07\/logo@3x.png","width":555,"height":135,"caption":"Medoucine"},"image":{"@id":"https:\/\/www.medoucine.com\/blog\/#\/schema\/logo\/image\/"},"sameAs":["https:\/\/www.facebook.com\/medoucine\/","https:\/\/x.com\/medoucinefr","https:\/\/www.instagram.com\/medoucine\/","https:\/\/www.youtube.com\/channel\/UCtZeUeJ_KebYK0KJAXjJV8g"]},{"@type":"Person","@id":"https:\/\/www.medoucine.com\/blog\/#\/schema\/person\/f89f3004ff26cea29e37aacce4264218","name":"\u00c9lodie Negretti","image":{"@type":"ImageObject","inLanguage":"fr-FR","@id":"https:\/\/www.medoucine.com\/blog\/#\/schema\/person\/image\/","url":"https:\/\/secure.gravatar.com\/avatar\/d1c673f5ffcfbe980130a73885583250ec2e228ed853b961a0881024a405db9b?s=96&d=mm&r=g","contentUrl":"https:\/\/secure.gravatar.com\/avatar\/d1c673f5ffcfbe980130a73885583250ec2e228ed853b961a0881024a405db9b?s=96&d=mm&r=g","caption":"\u00c9lodie Negretti"},"description":"Praticienne en massage bien-\u00eatre et form\u00e9e \u00e0 la r\u00e9flexologie plantaire, j\u2019accompagne les femmes, les enfants et les familles vers un mieux-\u00eatre global. Mon approche est douce, ancr\u00e9e dans l\u2019\u00e9coute du corps et la bienveillance. J\u2019aime transmettre des outils simples et naturels pour aider chacun \u00e0 se reconnecter \u00e0 son \u00e9nergie, \u00e0 retrouver \u00e9quilibre, s\u00e9r\u00e9nit\u00e9 et confiance en ses propres ressources.","sameAs":["https:\/\/www.medoucine.com\/consultation\/augny\/elodie-negretti\/22753"],"url":"https:\/\/www.medoucine.com\/blog\/author\/elodie_negretti\/"}]}},"_links":{"self":[{"href":"https:\/\/www.medoucine.com\/blog\/wp-json\/wp\/v2\/posts\/37495","targetHints":{"allow":["GET"]}}],"collection":[{"href":"https:\/\/www.medoucine.com\/blog\/wp-json\/wp\/v2\/posts"}],"about":[{"href":"https:\/\/www.medoucine.com\/blog\/wp-json\/wp\/v2\/types\/post"}],"author":[{"embeddable":true,"href":"https:\/\/www.medoucine.com\/blog\/wp-json\/wp\/v2\/users\/987"}],"replies":[{"embeddable":true,"href":"https:\/\/www.medoucine.com\/blog\/wp-json\/wp\/v2\/comments?post=37495"}],"version-history":[{"count":10,"href":"https:\/\/www.medoucine.com\/blog\/wp-json\/wp\/v2\/posts\/37495\/revisions"}],"predecessor-version":[{"id":41724,"href":"https:\/\/www.medoucine.com\/blog\/wp-json\/wp\/v2\/posts\/37495\/revisions\/41724"}],"wp:featuredmedia":[{"embeddable":true,"href":"https:\/\/www.medoucine.com\/blog\/wp-json\/wp\/v2\/media\/37498"}],"wp:attachment":[{"href":"https:\/\/www.medoucine.com\/blog\/wp-json\/wp\/v2\/media?parent=37495"}],"wp:term":[{"taxonomy":"category","embeddable":true,"href":"https:\/\/www.medoucine.com\/blog\/wp-json\/wp\/v2\/categories?post=37495"},{"taxonomy":"post_tag","embeddable":true,"href":"https:\/\/www.medoucine.com\/blog\/wp-json\/wp\/v2\/tags?post=37495"}],"curies":[{"name":"wp","href":"https:\/\/api.w.org\/{rel}","templated":true}]}}