{"id":37428,"date":"2025-12-17T10:00:47","date_gmt":"2025-12-17T09:00:47","guid":{"rendered":"https:\/\/www.medoucine.com\/blog\/?p=37428"},"modified":"2026-04-08T17:40:55","modified_gmt":"2026-04-08T15:40:55","slug":"la-chaise-tue-comprendre-lepidemie-de-sedentarite-et-en-sortir","status":"publish","type":"post","link":"https:\/\/www.medoucine.com\/blog\/la-chaise-tue-comprendre-lepidemie-de-sedentarite-et-en-sortir\/","title":{"rendered":"La chaise tue : comprendre l\u2019\u00e9pid\u00e9mie de s\u00e9dentarit\u00e9 et en sortir"},"content":{"rendered":"<div class=\"wpb-content-wrapper\">[vc_row][vc_column][vc_column_text css=\u00a0\u00bb\u00a0\u00bb el_class=\u00a0\u00bbhas-drop-cap\u00a0\u00bb]Rester assis est devenu presque automatique dans nos journ\u00e9es, souvent sans que l\u2019on s\u2019en rende compte. Entre le travail, les transports et les \u00e9crans, le corps passe de plus en plus de temps immobile, parfois bien plus qu\u2019il ne le devrait. Cette s\u00e9dentarit\u00e9 install\u00e9e en douceur peut pourtant avoir un impact r\u00e9el sur l\u2019\u00e9nergie, la concentration et le bien \u00eatre global. Comprendre ce qu\u2019est r\u00e9ellement un mode de vie s\u00e9dentaire et pourquoi le mouvement reste essentiel permet de reprendre conscience de ses habitudes et d\u2019envisager des changements simples, accessibles et durables au quotidien.[\/vc_column_text][\/vc_column][\/vc_row][vc_row][vc_column][vc_column_text css=\u00a0\u00bb\u00a0\u00bb]\n<h2>Une \u00e9pid\u00e9mie silencieuse qui s\u2019installe<\/h2>\n<p>Rester assis est devenu un r\u00e9flexe quotidien. D\u00e8s le r\u00e9veil, le corps s\u2019installe. Dans les transports. Au bureau. Devant les \u00e9crans. \u00c0 la maison, le soir. Cette accumulation d\u2019heures pass\u00e9es immobile fa\u00e7onne un <strong>mode de vie s\u00e9dentaire<\/strong> sans que l\u2019on s\u2019en rende compte.<\/p>\n<p>La s\u00e9dentarit\u00e9 n\u2019est pas un ph\u00e9nom\u00e8ne isol\u00e9. Elle s\u2019inscrit dans une transformation profonde de nos habitudes. Le confort, la technologie et l\u2019organisation du travail r\u00e9duisent progressivement les occasions naturelles de bouger. C\u2019est pour cette raison que l\u2019on parle aujourd\u2019hui d\u2019<strong>\u00e9pid\u00e9mie du moment<\/strong>. Comprendre la s\u00e9dentarit\u00e9, c\u2019est d\u2019abord comprendre ce d\u00e9calage entre notre biologie et notre quotidien.[\/vc_column_text][vc_separator el_width=\u00a0\u00bb70&Prime; css=\u00a0\u00bb\u00a0\u00bb][vc_column_text css=\u00a0\u00bb\u00a0\u00bb]\n<blockquote>\n<p style=\"text-align: center\"><em><strong>\u00ab\u00a0Le corps humain n\u2019a jamais \u00e9t\u00e9 con\u00e7u pour rester immobile aussi longtemps.\u00a0\u00bb<\/strong> Alexandre Dana<\/em><\/p>\n<\/blockquote>\n[\/vc_column_text][vc_separator el_width=\u00a0\u00bb70&Prime; css=\u00a0\u00bb\u00a0\u00bb][vc_column_text css=\u00a0\u00bb\u00a0\u00bb]\n<div class=\"m-spin\">\n<p class=\"m-spin__text\"><strong>Sortez de la chaise, retrouvez votre vitalit\u00e9 !<\/strong><\/p>\n<p class=\"m-spin__text\">La s\u00e9dentarit\u00e9 est un fl\u00e9au moderne, et un <a class=\"m-spin__link\" target=\"_blank\" rel=\"noopener noreferrer\" href=\"https:\/\/www.medoucine.com\/consultations\/se-soigner\/kinesiologie\/lille\/tous-publics\/a-domicile-ou-cabinet?utm_source=medoucine_blog_B2C&amp;utm_medium=article_blog&amp;utm_campaign=spin_seo\">Kin\u00e9siologue \u00e0 Lille<\/a>, un <a class=\"m-spin__link\" target=\"_blank\" rel=\"noopener noreferrer\" href=\"https:\/\/www.medoucine.com\/consultations\/se-soigner\/kinesiologie\/montpellier\/tous-publics\/a-domicile-ou-cabinet?utm_source=medoucine_blog_B2C&amp;utm_medium=article_blog&amp;utm_campaign=spin_seo\">Kin\u00e9siologue \u00e0 Montpellier<\/a> ou un <a class=\"m-spin__link\" target=\"_blank\" rel=\"noopener noreferrer\" href=\"https:\/\/www.medoucine.com\/consultations\/se-soigner\/kinesiologie\/paris\/tous-publics\/a-domicile-ou-cabinet?utm_source=medoucine_blog_B2C&amp;utm_medium=article_blog&amp;utm_campaign=spin_seo\">Kin\u00e9siologue \u00e0 Paris<\/a> peut vous aider \u00e0 retrouver une activit\u00e9 physique adapt\u00e9e. Ces professionnels du mouvement vous guideront vers une meilleure posture et un corps plus dynamique.<\/p>\n<p class=\"m-spin__text\">N&rsquo;attendez plus pour agir sur votre bien-\u00eatre : trouvez des <a class=\"m-spin__link\" target=\"_blank\" rel=\"noopener noreferrer\" href=\"https:\/\/www.medoucine.com\/consultations\/se-soigner\/kinesiologie\/autour-de-moi?utm_source=medoucine_blog_B2C&amp;utm_medium=article_blog&amp;utm_campaign=spin_seo\">Kin\u00e9siologues pr\u00e8s de chez vous<\/a> pour un accompagnement personnalis\u00e9 et durable.<\/p>\n<\/div>\n<h2>Comprendre la s\u00e9dentarit\u00e9 : d\u00e9finition, activit\u00e9 physique et travail<\/h2>\n<h3>D\u00e9finition de la s\u00e9dentarit\u00e9 : au-del\u00e0 de l\u2019absence de sport<\/h3>\n<p>La <strong>d\u00e9finition de la s\u00e9dentarit\u00e9<\/strong> est souvent mal comprise. Beaucoup l\u2019associent uniquement \u00e0 l\u2019absence de sport. En r\u00e9alit\u00e9, la s\u00e9dentarit\u00e9 ne d\u00e9pend pas uniquement de la pratique d\u2019une activit\u00e9 sportive, mais surtout du temps pass\u00e9 immobile au quotidien.<\/p>\n<p>La s\u00e9dentarit\u00e9 correspond aux p\u00e9riodes d\u2019\u00e9veil durant lesquelles le corps reste assis ou allong\u00e9, avec une d\u00e9pense \u00e9nerg\u00e9tique tr\u00e8s faible. Elle s\u2019installe lorsque ces p\u00e9riodes deviennent longues et r\u00e9p\u00e9t\u00e9es, parfois sur plusieurs heures cons\u00e9cutives.<\/p>\n<p>Regarder une s\u00e9rie, travailler sur ordinateur, conduire ou faire d\u00e9filer son t\u00e9l\u00e9phone sont autant d\u2019<strong>activit\u00e9s s\u00e9dentaires<\/strong>.<\/p>\n<h3><b>Activit\u00e9 physique et s\u00e9dentarit\u00e9 : une confusion fr\u00e9quente<\/b><\/h3>\n<p><span style=\"font-weight: 400\">Elles font partie int\u00e9grante de nos journ\u00e9es modernes et expliquent pourquoi la question <\/span><i><span style=\"font-weight: 400\">\u201cc\u2019est quoi la s\u00e9dentarit\u00e9\u201d<\/span><\/i><span style=\"font-weight: 400\"> m\u00e9rite d\u2019\u00eatre clarifi\u00e9e.<\/span><\/p>\n<p><span style=\"font-weight: 400\">L\u2019<\/span><b>activit\u00e9 physique<\/b><span style=\"font-weight: 400\">, quant \u00e0 elle, englobe tous les mouvements du corps. Marcher, porter des charges, jardiner ou monter des escaliers en font partie. Elle ne se limite pas au sport. Cette distinction est essentielle, car il est tout \u00e0 fait possible de pratiquer une activit\u00e9 sportive r\u00e9guli\u00e8re et de conserver une <\/span><b>vie s\u00e9dentaire<\/b><span style=\"font-weight: 400\"> le reste de la journ\u00e9e. Cette r\u00e9alit\u00e9 est particuli\u00e8rement visible dans le monde professionnel.<\/span>[\/vc_column_text][vc_separator el_width=\u00a0\u00bb70&Prime; css=\u00a0\u00bb\u00a0\u00bb][vc_column_text css=\u00a0\u00bb\u00a0\u00bb]\n<blockquote>\n<p style=\"text-align: center\"><em><strong>\u00ab\u00a0Faire une heure de sport ne compense pas huit heures assises.\u00a0\u00bb<\/strong> Alexandre Dana<\/em><\/p>\n<\/blockquote>\n[\/vc_column_text][vc_separator el_width=\u00a0\u00bb70&Prime; css=\u00a0\u00bb\u00a0\u00bb][vc_column_text css=\u00a0\u00bb\u00a0\u00bb]\n<h3>La s\u00e9dentarit\u00e9 au travail : un facteur central<\/h3>\n<p>La <strong>s\u00e9dentarit\u00e9 au travail<\/strong> concentre une grande partie du temps immobile quotidien. Ordinateur, r\u00e9unions, t\u00e9l\u00e9travail et d\u00e9placements motoris\u00e9s limitent fortement les occasions naturelles de bouger.<\/p>\n<p>Ce n\u2019est pas le travail de bureau en lui-m\u00eame qui pose question, mais l\u2019organisation globale des journ\u00e9es. Cette accumulation explique en grande partie pourquoi la s\u00e9dentarit\u00e9 est aujourd\u2019hui consid\u00e9r\u00e9e comme une <strong>\u00e9pid\u00e9mie en France<\/strong>.[\/vc_column_text][vc_separator el_width=\u00a0\u00bb70&Prime; css=\u00a0\u00bb\u00a0\u00bb][vc_column_text css=\u00a0\u00bb\u00a0\u00bb]\n<blockquote>\n<p style=\"text-align: center\"><em><strong>\u00ab\u00a0Le probl\u00e8me n\u2019est pas le travail de bureau. C\u2019est l\u2019absence de mouvement autour.\u00a0\u00bb<\/strong> Alexandre Dana<\/em><\/p>\n<\/blockquote>\n[\/vc_column_text][vc_separator el_width=\u00a0\u00bb70&Prime; css=\u00a0\u00bb\u00a0\u00bb][vc_single_image image=\u00a0\u00bb37434&Prime; img_size=\u00a0\u00bbfull\u00a0\u00bb alignment=\u00a0\u00bbcenter\u00a0\u00bb css=\u00a0\u00bb\u00a0\u00bb][vc_column_text css=\u00a0\u00bb\u00a0\u00bb]\n<h2>Mode de vie s\u00e9dentaire : cons\u00e9quences et signaux du corps<\/h2>\n<p>Les <strong>cons\u00e9quences de la s\u00e9dentarit\u00e9<\/strong> s\u2019installent progressivement. Elles sont souvent silencieuses et peu sp\u00e9cifiques. Un <strong>mode de vie s\u00e9dentaire<\/strong> agit lentement sur l\u2019\u00e9quilibre global du corps.<\/p>\n<p>Lorsque le mouvement se rar\u00e9fie, la mobilit\u00e9 articulaire diminue, les muscles perdent en tonicit\u00e9 et la posture se modifie. La circulation devient moins fluide et le niveau d\u2019\u00e9nergie peut baisser au fil du temps. Le corps s\u2019adapte, parfois en compensant de mani\u00e8re maladroite.<\/p>\n<p>Les <strong>sympt\u00f4mes de la s\u00e9dentarit\u00e9<\/strong> ne se manifestent donc pas toujours de fa\u00e7on \u00e9vidente. Elle se traduit souvent par une <a href=\"https:\/\/www.medoucine.com\/maux-troubles\/fatigue\" target=\"_blank\" rel=\"noopener\">fatigue<\/a> persistante, des <a href=\"https:\/\/www.medoucine.com\/maux-troubles\/douleurs-articulaires\" target=\"_blank\" rel=\"noopener\">raideurs<\/a> au r\u00e9veil, une sensation d\u2019inconfort corporel ou des difficult\u00e9s de concentration en fin de journ\u00e9e.<\/p>\n<p>Ces signaux sont fr\u00e9quemment banalis\u00e9s. Pourtant, ils indiquent un d\u00e9s\u00e9quilibre entre immobilit\u00e9 et mouvement. Identifier ces signaux permet d\u00e9j\u00e0 de prendre conscience de l\u2019impact r\u00e9el d\u2019une <strong>vie s\u00e9dentaire<\/strong> sur le quotidien.[\/vc_column_text][vc_separator el_width=\u00a0\u00bb70&Prime; css=\u00a0\u00bb\u00a0\u00bb][vc_column_text css=\u00a0\u00bb\u00a0\u00bb]\n<blockquote>\n<p style=\"text-align: center\"><em><strong>\u00ab\u00a0Le corps envoie toujours des messages. Encore faut-il les \u00e9couter.\u00a0\u00bb<\/strong> Alexandre Dana<\/em><\/p>\n<\/blockquote>\n[\/vc_column_text][vc_separator el_width=\u00a0\u00bb70&Prime; css=\u00a0\u00bb\u00a0\u00bb][vc_column_text css=\u00a0\u00bb\u00a0\u00bb]\n<h2>Pourquoi la s\u00e9dentarit\u00e9 est devenue une nouvelle \u00e9pid\u00e9mie<\/h2>\n<p><span style=\"font-weight: 400\">Les <\/span><b>activit\u00e9s s\u00e9dentaires<\/b><span style=\"font-weight: 400\"> se sont impos\u00e9es progressivement dans nos modes de vie. Elles r\u00e9pondent \u00e0 un besoin de confort, de rapidit\u00e9 et d\u2019efficacit\u00e9. Les \u00e9crans concentrent de nombreux usages, la technologie limite les d\u00e9placements et l\u2019automatisation r\u00e9duit les efforts physiques.<\/span><\/p>\n<p><span style=\"font-weight: 400\">Cette \u00e9volution n\u2019est pas probl\u00e9matique en soi. Elle le devient lorsque le mouvement dispara\u00eet presque totalement du quotidien. La chaise est ainsi devenue le symbole de cette transformation. Utile et pratique, mais omnipr\u00e9sente.<\/span><\/p>\n<p><span style=\"font-weight: 400\">C\u2019est pour cette raison que l\u2019on parle aujourd\u2019hui d\u2019<\/span><b>\u00e9pid\u00e9mie de s\u00e9dentarit\u00e9<\/b><span style=\"font-weight: 400\">. Le terme illustre l\u2019ampleur du ph\u00e9nom\u00e8ne et sa progression rapide. Cette <\/span><b>\u00e9pid\u00e9mie du moment<\/b><span style=\"font-weight: 400\"> est directement li\u00e9e \u00e0 des changements r\u00e9cents : num\u00e9risation du travail, urbanisation et d\u00e9veloppement du t\u00e9l\u00e9travail.<\/span><\/p>\n<p><span style=\"font-weight: 400\">Cette <\/span><b>nouvelle \u00e9pid\u00e9mie<\/b><span style=\"font-weight: 400\"> interroge notre rapport au corps, au temps et \u00e0 l\u2019espace. Elle invite \u00e0 repenser la place du mouvement dans des environnements de plus en plus immobiles.<\/span>[\/vc_column_text][vc_single_image image=\u00a0\u00bb37433&Prime; img_size=\u00a0\u00bbfull\u00a0\u00bb alignment=\u00a0\u00bbcenter\u00a0\u00bb css=\u00a0\u00bb\u00a0\u00bb][vc_column_text css=\u00a0\u00bb\u00a0\u00bb]\n<h2>Lutter contre la s\u00e9dentarit\u00e9 : un enjeu du quotidien<\/h2>\n<p><b>Lutter contre la s\u00e9dentarit\u00e9<\/b><span style=\"font-weight: 400\"> ne signifie pas transformer radicalement son emploi du temps ni se fixer des objectifs sportifs contraignants. Il s\u2019agit avant tout de r\u00e9introduire du mouvement de mani\u00e8re r\u00e9guli\u00e8re et consciente dans la journ\u00e9e.<\/span><\/p>\n<p><span style=\"font-weight: 400\">Le corps r\u00e9pond davantage \u00e0 la <\/span><b>fr\u00e9quence<\/b><span style=\"font-weight: 400\"> qu\u2019\u00e0 l\u2019intensit\u00e9. Se lever r\u00e9guli\u00e8rement, changer de posture, marcher quelques minutes ou s\u2019\u00e9tirer permet d\u00e9j\u00e0 de limiter les effets d\u2019une <\/span><b>vie s\u00e9dentaire<\/b><span style=\"font-weight: 400\">. Ces micro-mouvements, r\u00e9p\u00e9t\u00e9s tout au long de la journ\u00e9e, soutiennent l\u2019\u00e9quilibre naturel du corps.<\/span>[\/vc_column_text][vc_separator el_width=\u00a0\u00bb70&Prime; css=\u00a0\u00bb\u00a0\u00bb][vc_column_text css=\u00a0\u00bb\u00a0\u00bb]\n<blockquote>\n<p style=\"text-align: center\"><em><strong>\u00ab\u00a0Le meilleur mouvement est celui que l\u2019on r\u00e9p\u00e8te chaque jour.\u00a0\u00bb<\/strong> Alexandre Dana<\/em><\/p>\n<\/blockquote>\n[\/vc_column_text][vc_separator el_width=\u00a0\u00bb70&Prime; css=\u00a0\u00bb\u00a0\u00bb][vc_column_text css=\u00a0\u00bb\u00a0\u00bb]\n<h2>Bouger sans faire du sport : une approche accessible \u00e0 tous<\/h2>\n<p><span style=\"font-weight: 400\">L\u2019id\u00e9e selon laquelle il faudrait absolument pratiquer un sport pour \u00eatre actif est largement r\u00e9pandue. Pourtant, <\/span><b>bouger<\/b><span style=\"font-weight: 400\"> ne signifie pas n\u00e9cessairement faire du sport.<\/span><\/p>\n<p><span style=\"font-weight: 400\">Marcher pendant un appel t\u00e9l\u00e9phonique, prendre les escaliers, se lever entre deux t\u00e2ches ou s\u2019\u00e9tirer quelques minutes sont autant de gestes simples qui constituent une v\u00e9ritable <\/span><a href=\"https:\/\/sante.gouv.fr\/prevention-en-sante\/preserver-sa-sante\/article\/activite-physique-sedentarite-et-sante\" target=\"_blank\" rel=\"noopener\"><b>activit\u00e9 physique<\/b><\/a><span style=\"font-weight: 400\">. Ces mouvements, int\u00e9gr\u00e9s au quotidien, r\u00e9duisent significativement l\u2019impact des longues p\u00e9riodes d\u2019immobilit\u00e9.<\/span><\/p>\n<p><span style=\"font-weight: 400\">Cette approche pr\u00e9sente un avantage majeur : elle est accessible \u00e0 tous. Elle ne n\u00e9cessite ni \u00e9quipement particulier, ni condition physique sp\u00e9cifique. Chaque mouvement compte et contribue \u00e0 rompre avec un <\/span><b>mode de vie s\u00e9dentaire<\/b><span style=\"font-weight: 400\">.<\/span>[\/vc_column_text][vc_column_text css=\u00a0\u00bb\u00a0\u00bb]\n<h2>Activit\u00e9 sportive : un compl\u00e9ment utile, mais insuffisant seul<\/h2>\n<p><span style=\"font-weight: 400\">L\u2019<\/span><b>activit\u00e9 sportive<\/b><span style=\"font-weight: 400\"> joue un r\u00f4le important dans l\u2019\u00e9quilibre global. Elle am\u00e9liore l\u2019endurance, la coordination et la tonicit\u00e9 musculaire. Elle soutient \u00e9galement le <\/span><a href=\"https:\/\/www.medoucine.com\/maux-troubles\/bien-etre\" target=\"_blank\" rel=\"noopener\"><span style=\"font-weight: 400\">bien-\u00eatre mental<\/span><\/a><span style=\"font-weight: 400\">.<\/span><\/p>\n<p><span style=\"font-weight: 400\">Cependant, elle ne suffit pas \u00e0 elle seule \u00e0 compenser une immobilit\u00e9 prolong\u00e9e. Une s\u00e9ance de sport, m\u00eame intense, ne neutralise pas plusieurs heures pass\u00e9es assis. C\u2019est pourquoi la s\u00e9dentarit\u00e9 peut concerner aussi des personnes sportives.<\/span><\/p>\n<p><span style=\"font-weight: 400\">L\u2019objectif n\u2019est donc pas de remplacer le mouvement quotidien par le sport, mais de les associer. Le sport devient alors un <\/span><b>compl\u00e9ment<\/b><span style=\"font-weight: 400\">, et non une solution unique face \u00e0 la s\u00e9dentarit\u00e9.<\/span>[\/vc_column_text][vc_column_text css=\u00a0\u00bb\u00a0\u00bb]\n<h2>Repenser son environnement pour bouger davantage<\/h2>\n<p><span style=\"font-weight: 400\">L\u2019environnement influence fortement nos comportements. Lorsqu\u2019il favorise l\u2019immobilit\u00e9, rester assis devient la norme. \u00c0 l\u2019inverse, un environnement pens\u00e9 pour le mouvement facilite des changements durables.<\/span><\/p>\n<p><span style=\"font-weight: 400\">Bureaux r\u00e9glables, rappels pour se lever, r\u00e9unions debout ou d\u00e9placements \u00e0 pied sont autant d\u2019ajustements simples. Ils permettent d\u2019introduire davantage de mouvement sans contrainte excessive.<\/span><\/p>\n<p><span style=\"font-weight: 400\">Repenser son environnement, professionnel comme personnel, constitue une strat\u00e9gie concr\u00e8te pour <\/span><b>lutter contre la s\u00e9dentarit\u00e9<\/b><span style=\"font-weight: 400\"> sur le long terme.<\/span>[\/vc_column_text][vc_single_image image=\u00a0\u00bb37432&Prime; img_size=\u00a0\u00bbfull\u00a0\u00bb alignment=\u00a0\u00bbcenter\u00a0\u00bb css=\u00a0\u00bb\u00a0\u00bb][vc_column_text css=\u00a0\u00bb\u00a0\u00bb]\n<h2>Le mouvement, un besoin fondamental du corps<\/h2>\n<p>Le mouvement fait partie des besoins fondamentaux du corps humain. Notre physiologie est con\u00e7ue pour l\u2019action, l\u2019adaptation et l\u2019alternance entre mouvement et repos.<\/p>\n<p>Lorsque le corps reste immobile trop longtemps, cet \u00e9quilibre se fragilise. La circulation, la mobilit\u00e9 et l\u2019\u00e9nergie globale s\u2019en trouvent affect\u00e9es. Bouger r\u00e9guli\u00e8rement permet de soutenir ces fonctions essentielles. Int\u00e9grer davantage de mouvement dans le quotidien n\u2019est donc pas une option, mais une n\u00e9cessit\u00e9 pour pr\u00e9server l\u2019\u00e9quilibre global.[\/vc_column_text][vc_separator el_width=\u00a0\u00bb70&Prime; css=\u00a0\u00bb\u00a0\u00bb][vc_column_text css=\u00a0\u00bb\u00a0\u00bb]\n<blockquote>\n<p style=\"text-align: center\"><em><strong>\u00ab\u00a0S\u2019asseoir n\u2019est pas un probl\u00e8me. Rester immobile trop longtemps l\u2019est.\u00a0\u00bb<\/strong> Alexandre Dana<\/em><\/p>\n<\/blockquote>\n[\/vc_column_text][vc_separator el_width=\u00a0\u00bb70&Prime; css=\u00a0\u00bb\u00a0\u00bb][vc_column_text css=\u00a0\u00bb\u00a0\u00bb]\n<h2>Une prise de conscience en cours<\/h2>\n<p><span style=\"font-weight: 400\">La s\u00e9dentarit\u00e9 est aujourd\u2019hui de plus en plus pr\u00e9sente dans le d\u00e9bat public. Entreprises, institutions et m\u00e9dias s\u2019int\u00e9ressent davantage \u00e0 ses impacts et aux solutions possibles.<\/span><\/p>\n<p><span style=\"font-weight: 400\">Cette <\/span><b>prise de conscience<\/b><span style=\"font-weight: 400\"> favorise l\u2019\u00e9mergence de nouvelles pratiques : espaces de travail plus flexibles, encouragement au mouvement, r\u00e9flexion sur l\u2019hygi\u00e8ne de vie globale. Cette \u00e9volution marque une \u00e9tape importante vers une relation plus \u00e9quilibr\u00e9e au mouvement.<\/span>[\/vc_column_text][vc_separator el_width=\u00a0\u00bb70&Prime; css=\u00a0\u00bb\u00a0\u00bb][vc_column_text css=\u00a0\u00bb\u00a0\u00bb]\n<blockquote>\n<p style=\"text-align: center\"><em><strong>\u00ab\u00a0Sortir de la s\u00e9dentarit\u00e9, ce n\u2019est pas devenir sportif. C\u2019est redevenir vivant.\u00a0\u00bb<\/strong> Alexandre Dana<\/em><\/p>\n<\/blockquote>\n[\/vc_column_text][vc_separator el_width=\u00a0\u00bb70&Prime; css=\u00a0\u00bb\u00a0\u00bb][vc_column_text css=\u00a0\u00bb\u00a0\u00bb]\n<h2>Pour aller plus loin<\/h2>\n<h3>Une masterclass anim\u00e9e par Alexandre Dana<\/h3>\n<p><span style=\"font-weight: 400\">La masterclass \u00ab La chaise tue : comprendre l\u2019\u00e9pid\u00e9mie de s\u00e9dentarit\u00e9 et en sortir \u00bb est anim\u00e9e par <\/span><b>Alexandre Dana<\/b><span style=\"font-weight: 400\">, entrepreneur et conf\u00e9rencier engag\u00e9 sur les questions de mouvement, de performance durable et d\u2019\u00e9quilibre de vie, \u00e9galement auteur du livre <\/span><a href=\"https:\/\/linktr.ee\/lachaisetue\" target=\"_blank\" rel=\"noopener\"><i><span style=\"font-weight: 400\">La Chaise Tue<\/span><\/i><\/a><span style=\"font-weight: 400\">.<\/span><\/p>\n<p><span style=\"font-weight: 400\">\u00c0 travers cette intervention, il partage une approche p\u00e9dagogique et accessible, fond\u00e9e sur l\u2019observation de nos modes de vie modernes et sur une meilleure compr\u00e9hension des besoins fondamentaux du corps. Son regard permet de relier des notions parfois abstraites (comme la s\u00e9dentarit\u00e9 ou le mouvement) \u00e0 des situations tr\u00e8s concr\u00e8tes du quotidien.<\/span><\/p>\n<p><span style=\"font-weight: 400\">Les citations int\u00e9gr\u00e9es dans cet article sont issues de cette masterclass. Elles viennent appuyer certaines id\u00e9es cl\u00e9s, tout en vous invitant \u00e0 observer vos propres habitudes.<\/span><\/p>\n<p><span style=\"font-weight: 400\">Si vous souhaitez approfondir, la masterclass propose une exploration plus compl\u00e8te du <\/span><b>mode de vie s\u00e9dentaire<\/b><span style=\"font-weight: 400\">, de ses m\u00e9canismes et de pistes concr\u00e8tes pour remettre du mouvement dans le quotidien.<\/span>[\/vc_column_text][vc_video link=\u00a0\u00bbhttps:\/\/www.youtube.com\/watch?v=lGCIruN2t6Q\u00a0\u00bb css=\u00a0\u00bb\u00a0\u00bb][\/vc_column][\/vc_row]\n<\/div>","protected":false},"excerpt":{"rendered":"<p>[vc_row][vc_column][vc_column_text css=\u00a0\u00bb\u00a0\u00bb el_class=\u00a0\u00bbhas-drop-cap\u00a0\u00bb]Rester assis est devenu presque automatique dans nos journ\u00e9es, souvent sans que l\u2019on s\u2019en rende compte. Entre le travail, les transports et les \u00e9crans, le corps passe de plus en plus de temps immobile, parfois bien plus qu\u2019il ne le devrait. Cette s\u00e9dentarit\u00e9 install\u00e9e en douceur peut pourtant avoir un impact r\u00e9el sur l\u2019\u00e9nergie, la concentration et le bien \u00eatre global. Comprendre ce qu\u2019est r\u00e9ellement un mode de vie s\u00e9dentaire et pourquoi le mouvement reste essentiel permet de reprendre conscience de ses habitudes et d\u2019envisager des changements simples, accessibles et durables au quotidien.[\/vc_column_text][\/vc_column][\/vc_row][vc_row][vc_column][vc_column_text css=\u00a0\u00bb\u00a0\u00bb] Une \u00e9pid\u00e9mie silencieuse qui s\u2019installe Rester assis est devenu un r\u00e9flexe quotidien. D\u00e8s le r\u00e9veil, le corps s\u2019installe. Dans les transports. Au bureau. Devant les \u00e9crans. \u00c0 la maison, le soir. Cette accumulation d\u2019heures pass\u00e9es immobile fa\u00e7onne un mode [&hellip;]<\/p>\n","protected":false},"author":995,"featured_media":37435,"comment_status":"open","ping_status":"open","sticky":false,"template":"","format":"standard","meta":{"_acf_changed":false,"footnotes":""},"categories":[106],"tags":[],"class_list":["post-37428","post","type-post","status-publish","format-standard","has-post-thumbnail","hentry","category-sante"],"acf":[],"yoast_head":"<!-- This site is optimized with the Yoast SEO plugin v27.1.1 - https:\/\/yoast.com\/product\/yoast-seo-wordpress\/ -->\n<title>La chaise tue : comprendre l\u2019\u00e9pid\u00e9mie de s\u00e9dentarit\u00e9 et en sortir<\/title>\n<meta name=\"description\" content=\"La s\u00e9dentarit\u00e9 s\u2019installe dans le quotidien. D\u00e9couvrez ses effets sur le corps et comment remettre du mouvement simplement chaque jour.\" \/>\n<meta name=\"robots\" content=\"index, follow, max-snippet:-1, max-image-preview:large, max-video-preview:-1\" \/>\n<link rel=\"canonical\" href=\"https:\/\/www.medoucine.com\/blog\/la-chaise-tue-comprendre-lepidemie-de-sedentarite-et-en-sortir\/\" \/>\n<meta property=\"og:locale\" content=\"fr_FR\" \/>\n<meta property=\"og:type\" content=\"article\" \/>\n<meta property=\"og:title\" content=\"La chaise tue : comprendre l\u2019\u00e9pid\u00e9mie de s\u00e9dentarit\u00e9 et en sortir\" \/>\n<meta property=\"og:description\" content=\"La s\u00e9dentarit\u00e9 s\u2019installe dans le quotidien. D\u00e9couvrez ses effets sur le corps et comment remettre du mouvement simplement chaque jour.\" \/>\n<meta property=\"og:url\" content=\"https:\/\/www.medoucine.com\/blog\/la-chaise-tue-comprendre-lepidemie-de-sedentarite-et-en-sortir\/\" \/>\n<meta property=\"og:site_name\" content=\"Blog de Medoucine\" \/>\n<meta property=\"article:publisher\" content=\"https:\/\/www.facebook.com\/medoucine\/\" \/>\n<meta property=\"article:published_time\" content=\"2025-12-17T09:00:47+00:00\" \/>\n<meta property=\"article:modified_time\" content=\"2026-04-08T15:40:55+00:00\" \/>\n<meta property=\"og:image\" content=\"https:\/\/www.medoucine.com\/blog\/wp-content\/uploads\/2025\/12\/sedentarite-chaise-tue_blog-medoucine-1.webp\" \/>\n\t<meta property=\"og:image:width\" content=\"1536\" \/>\n\t<meta property=\"og:image:height\" content=\"1024\" \/>\n\t<meta property=\"og:image:type\" content=\"image\/webp\" \/>\n<meta name=\"author\" content=\"Camille De M\u00e9doucine\" \/>\n<meta name=\"twitter:card\" content=\"summary_large_image\" \/>\n<meta name=\"twitter:creator\" content=\"@medoucinefr\" \/>\n<meta name=\"twitter:site\" content=\"@medoucinefr\" \/>\n<meta name=\"twitter:label1\" content=\"\u00c9crit par\" \/>\n\t<meta name=\"twitter:data1\" content=\"Camille De M\u00e9doucine\" \/>\n\t<meta name=\"twitter:label2\" content=\"Dur\u00e9e de lecture estim\u00e9e\" \/>\n\t<meta name=\"twitter:data2\" content=\"8 minutes\" \/>\n<script type=\"application\/ld+json\" class=\"yoast-schema-graph\">{\"@context\":\"https:\/\/schema.org\",\"@graph\":[{\"@type\":\"Article\",\"@id\":\"https:\/\/www.medoucine.com\/blog\/la-chaise-tue-comprendre-lepidemie-de-sedentarite-et-en-sortir\/#article\",\"isPartOf\":{\"@id\":\"https:\/\/www.medoucine.com\/blog\/la-chaise-tue-comprendre-lepidemie-de-sedentarite-et-en-sortir\/\"},\"author\":{\"name\":\"Camille De M\u00e9doucine\",\"@id\":\"https:\/\/www.medoucine.com\/blog\/#\/schema\/person\/33963211205d80beccb805396c175b47\"},\"headline\":\"La chaise tue : comprendre l\u2019\u00e9pid\u00e9mie de s\u00e9dentarit\u00e9 et en sortir\",\"datePublished\":\"2025-12-17T09:00:47+00:00\",\"dateModified\":\"2026-04-08T15:40:55+00:00\",\"mainEntityOfPage\":{\"@id\":\"https:\/\/www.medoucine.com\/blog\/la-chaise-tue-comprendre-lepidemie-de-sedentarite-et-en-sortir\/\"},\"wordCount\":2164,\"commentCount\":0,\"publisher\":{\"@id\":\"https:\/\/www.medoucine.com\/blog\/#organization\"},\"image\":{\"@id\":\"https:\/\/www.medoucine.com\/blog\/la-chaise-tue-comprendre-lepidemie-de-sedentarite-et-en-sortir\/#primaryimage\"},\"thumbnailUrl\":\"https:\/\/www.medoucine.com\/blog\/wp-content\/uploads\/2025\/12\/sedentarite-chaise-tue_blog-medoucine-1.webp\",\"articleSection\":[\"Sant\u00e9\"],\"inLanguage\":\"fr-FR\",\"potentialAction\":[{\"@type\":\"CommentAction\",\"name\":\"Comment\",\"target\":[\"https:\/\/www.medoucine.com\/blog\/la-chaise-tue-comprendre-lepidemie-de-sedentarite-et-en-sortir\/#respond\"]}]},{\"@type\":\"WebPage\",\"@id\":\"https:\/\/www.medoucine.com\/blog\/la-chaise-tue-comprendre-lepidemie-de-sedentarite-et-en-sortir\/\",\"url\":\"https:\/\/www.medoucine.com\/blog\/la-chaise-tue-comprendre-lepidemie-de-sedentarite-et-en-sortir\/\",\"name\":\"La chaise tue : comprendre l\u2019\u00e9pid\u00e9mie de s\u00e9dentarit\u00e9 et en sortir\",\"isPartOf\":{\"@id\":\"https:\/\/www.medoucine.com\/blog\/#website\"},\"primaryImageOfPage\":{\"@id\":\"https:\/\/www.medoucine.com\/blog\/la-chaise-tue-comprendre-lepidemie-de-sedentarite-et-en-sortir\/#primaryimage\"},\"image\":{\"@id\":\"https:\/\/www.medoucine.com\/blog\/la-chaise-tue-comprendre-lepidemie-de-sedentarite-et-en-sortir\/#primaryimage\"},\"thumbnailUrl\":\"https:\/\/www.medoucine.com\/blog\/wp-content\/uploads\/2025\/12\/sedentarite-chaise-tue_blog-medoucine-1.webp\",\"datePublished\":\"2025-12-17T09:00:47+00:00\",\"dateModified\":\"2026-04-08T15:40:55+00:00\",\"description\":\"La s\u00e9dentarit\u00e9 s\u2019installe dans le quotidien. D\u00e9couvrez ses effets sur le corps et comment remettre du mouvement simplement chaque jour.\",\"breadcrumb\":{\"@id\":\"https:\/\/www.medoucine.com\/blog\/la-chaise-tue-comprendre-lepidemie-de-sedentarite-et-en-sortir\/#breadcrumb\"},\"inLanguage\":\"fr-FR\",\"potentialAction\":[{\"@type\":\"ReadAction\",\"target\":[\"https:\/\/www.medoucine.com\/blog\/la-chaise-tue-comprendre-lepidemie-de-sedentarite-et-en-sortir\/\"]}]},{\"@type\":\"ImageObject\",\"inLanguage\":\"fr-FR\",\"@id\":\"https:\/\/www.medoucine.com\/blog\/la-chaise-tue-comprendre-lepidemie-de-sedentarite-et-en-sortir\/#primaryimage\",\"url\":\"https:\/\/www.medoucine.com\/blog\/wp-content\/uploads\/2025\/12\/sedentarite-chaise-tue_blog-medoucine-1.webp\",\"contentUrl\":\"https:\/\/www.medoucine.com\/blog\/wp-content\/uploads\/2025\/12\/sedentarite-chaise-tue_blog-medoucine-1.webp\",\"width\":1536,\"height\":1024},{\"@type\":\"BreadcrumbList\",\"@id\":\"https:\/\/www.medoucine.com\/blog\/la-chaise-tue-comprendre-lepidemie-de-sedentarite-et-en-sortir\/#breadcrumb\",\"itemListElement\":[{\"@type\":\"ListItem\",\"position\":1,\"name\":\"Blog Medoucine\",\"item\":\"https:\/\/www.medoucine.com\/blog\/\"},{\"@type\":\"ListItem\",\"position\":2,\"name\":\"Sant\u00e9\",\"item\":\"https:\/\/www.medoucine.com\/blog\/cat\/sante\/\"},{\"@type\":\"ListItem\",\"position\":3,\"name\":\"La chaise tue : comprendre l\u2019\u00e9pid\u00e9mie de s\u00e9dentarit\u00e9 et en sortir\"}]},{\"@type\":\"WebSite\",\"@id\":\"https:\/\/www.medoucine.com\/blog\/#website\",\"url\":\"https:\/\/www.medoucine.com\/blog\/\",\"name\":\"Blog de Medoucine\",\"description\":\"Le blog des m\u00e9decines douces\",\"publisher\":{\"@id\":\"https:\/\/www.medoucine.com\/blog\/#organization\"},\"potentialAction\":[{\"@type\":\"SearchAction\",\"target\":{\"@type\":\"EntryPoint\",\"urlTemplate\":\"https:\/\/www.medoucine.com\/blog\/?s={search_term_string}\"},\"query-input\":{\"@type\":\"PropertyValueSpecification\",\"valueRequired\":true,\"valueName\":\"search_term_string\"}}],\"inLanguage\":\"fr-FR\"},{\"@type\":\"Organization\",\"@id\":\"https:\/\/www.medoucine.com\/blog\/#organization\",\"name\":\"Medoucine\",\"url\":\"https:\/\/www.medoucine.com\/blog\/\",\"logo\":{\"@type\":\"ImageObject\",\"inLanguage\":\"fr-FR\",\"@id\":\"https:\/\/www.medoucine.com\/blog\/#\/schema\/logo\/image\/\",\"url\":\"https:\/\/www.medoucine.com\/blog\/wp-content\/uploads\/2019\/07\/logo@3x.png\",\"contentUrl\":\"https:\/\/www.medoucine.com\/blog\/wp-content\/uploads\/2019\/07\/logo@3x.png\",\"width\":555,\"height\":135,\"caption\":\"Medoucine\"},\"image\":{\"@id\":\"https:\/\/www.medoucine.com\/blog\/#\/schema\/logo\/image\/\"},\"sameAs\":[\"https:\/\/www.facebook.com\/medoucine\/\",\"https:\/\/x.com\/medoucinefr\",\"https:\/\/www.instagram.com\/medoucine\/\",\"https:\/\/www.youtube.com\/channel\/UCtZeUeJ_KebYK0KJAXjJV8g\"]},{\"@type\":\"Person\",\"@id\":\"https:\/\/www.medoucine.com\/blog\/#\/schema\/person\/33963211205d80beccb805396c175b47\",\"name\":\"Camille De M\u00e9doucine\",\"image\":{\"@type\":\"ImageObject\",\"inLanguage\":\"fr-FR\",\"@id\":\"https:\/\/www.medoucine.com\/blog\/#\/schema\/person\/image\/\",\"url\":\"https:\/\/secure.gravatar.com\/avatar\/c2299bbd846dad9bdc700ac2bc1f7d7f7698bebee70f9ac01014ce232478ddab?s=96&d=mm&r=g\",\"contentUrl\":\"https:\/\/secure.gravatar.com\/avatar\/c2299bbd846dad9bdc700ac2bc1f7d7f7698bebee70f9ac01014ce232478ddab?s=96&d=mm&r=g\",\"caption\":\"Camille De M\u00e9doucine\"},\"description\":\"Je suis Camille, coordinatrice de la communaut\u00e9 M\u00e9doucine. Mon r\u00f4le ? Faire le lien entre les praticiens de notre r\u00e9seau et vous, lecteurs en qu\u00eate de bien-\u00eatre. J'accompagne au quotidien les th\u00e9rapeutes dans leur d\u00e9veloppement digital et les aide \u00e0 se faire conna\u00eetre localement. \u00c0 travers mes articles, je partage des conseils pratiques, des t\u00e9moignages inspirants et des \u00e9clairages sur les pratiques compl\u00e9mentaires. Mon objectif : rendre l'univers du bien-\u00eatre accessible, transparent et humain. J'aime explorer la diversit\u00e9 des approches et mettre en lumi\u00e8re ce qui rend chaque praticien unique. Passionn\u00e9e par la cr\u00e9ation de contenu et l'animation de communaut\u00e9, je m'engage chaque jour \u00e0 valoriser l'expertise de ceux qui prennent soin de vous.\",\"sameAs\":[\"https:\/\/www.linkedin.com\/in\/camille-de-m%C3%A9doucine-055173176\/\"],\"url\":\"https:\/\/www.medoucine.com\/blog\/author\/camille_medoucine\/\"}]}<\/script>\n<!-- \/ Yoast SEO plugin. -->","yoast_head_json":{"title":"La chaise tue : comprendre l\u2019\u00e9pid\u00e9mie de s\u00e9dentarit\u00e9 et en sortir","description":"La s\u00e9dentarit\u00e9 s\u2019installe dans le quotidien. D\u00e9couvrez ses effets sur le corps et comment remettre du mouvement simplement chaque jour.","robots":{"index":"index","follow":"follow","max-snippet":"max-snippet:-1","max-image-preview":"max-image-preview:large","max-video-preview":"max-video-preview:-1"},"canonical":"https:\/\/www.medoucine.com\/blog\/la-chaise-tue-comprendre-lepidemie-de-sedentarite-et-en-sortir\/","og_locale":"fr_FR","og_type":"article","og_title":"La chaise tue : comprendre l\u2019\u00e9pid\u00e9mie de s\u00e9dentarit\u00e9 et en sortir","og_description":"La s\u00e9dentarit\u00e9 s\u2019installe dans le quotidien. D\u00e9couvrez ses effets sur le corps et comment remettre du mouvement simplement chaque jour.","og_url":"https:\/\/www.medoucine.com\/blog\/la-chaise-tue-comprendre-lepidemie-de-sedentarite-et-en-sortir\/","og_site_name":"Blog de Medoucine","article_publisher":"https:\/\/www.facebook.com\/medoucine\/","article_published_time":"2025-12-17T09:00:47+00:00","article_modified_time":"2026-04-08T15:40:55+00:00","og_image":[{"width":1536,"height":1024,"url":"https:\/\/www.medoucine.com\/blog\/wp-content\/uploads\/2025\/12\/sedentarite-chaise-tue_blog-medoucine-1.webp","type":"image\/webp"}],"author":"Camille De M\u00e9doucine","twitter_card":"summary_large_image","twitter_creator":"@medoucinefr","twitter_site":"@medoucinefr","twitter_misc":{"\u00c9crit par":"Camille De M\u00e9doucine","Dur\u00e9e de lecture estim\u00e9e":"8 minutes"},"schema":{"@context":"https:\/\/schema.org","@graph":[{"@type":"Article","@id":"https:\/\/www.medoucine.com\/blog\/la-chaise-tue-comprendre-lepidemie-de-sedentarite-et-en-sortir\/#article","isPartOf":{"@id":"https:\/\/www.medoucine.com\/blog\/la-chaise-tue-comprendre-lepidemie-de-sedentarite-et-en-sortir\/"},"author":{"name":"Camille De M\u00e9doucine","@id":"https:\/\/www.medoucine.com\/blog\/#\/schema\/person\/33963211205d80beccb805396c175b47"},"headline":"La chaise tue : comprendre l\u2019\u00e9pid\u00e9mie de s\u00e9dentarit\u00e9 et en sortir","datePublished":"2025-12-17T09:00:47+00:00","dateModified":"2026-04-08T15:40:55+00:00","mainEntityOfPage":{"@id":"https:\/\/www.medoucine.com\/blog\/la-chaise-tue-comprendre-lepidemie-de-sedentarite-et-en-sortir\/"},"wordCount":2164,"commentCount":0,"publisher":{"@id":"https:\/\/www.medoucine.com\/blog\/#organization"},"image":{"@id":"https:\/\/www.medoucine.com\/blog\/la-chaise-tue-comprendre-lepidemie-de-sedentarite-et-en-sortir\/#primaryimage"},"thumbnailUrl":"https:\/\/www.medoucine.com\/blog\/wp-content\/uploads\/2025\/12\/sedentarite-chaise-tue_blog-medoucine-1.webp","articleSection":["Sant\u00e9"],"inLanguage":"fr-FR","potentialAction":[{"@type":"CommentAction","name":"Comment","target":["https:\/\/www.medoucine.com\/blog\/la-chaise-tue-comprendre-lepidemie-de-sedentarite-et-en-sortir\/#respond"]}]},{"@type":"WebPage","@id":"https:\/\/www.medoucine.com\/blog\/la-chaise-tue-comprendre-lepidemie-de-sedentarite-et-en-sortir\/","url":"https:\/\/www.medoucine.com\/blog\/la-chaise-tue-comprendre-lepidemie-de-sedentarite-et-en-sortir\/","name":"La chaise tue : comprendre l\u2019\u00e9pid\u00e9mie de s\u00e9dentarit\u00e9 et en sortir","isPartOf":{"@id":"https:\/\/www.medoucine.com\/blog\/#website"},"primaryImageOfPage":{"@id":"https:\/\/www.medoucine.com\/blog\/la-chaise-tue-comprendre-lepidemie-de-sedentarite-et-en-sortir\/#primaryimage"},"image":{"@id":"https:\/\/www.medoucine.com\/blog\/la-chaise-tue-comprendre-lepidemie-de-sedentarite-et-en-sortir\/#primaryimage"},"thumbnailUrl":"https:\/\/www.medoucine.com\/blog\/wp-content\/uploads\/2025\/12\/sedentarite-chaise-tue_blog-medoucine-1.webp","datePublished":"2025-12-17T09:00:47+00:00","dateModified":"2026-04-08T15:40:55+00:00","description":"La s\u00e9dentarit\u00e9 s\u2019installe dans le quotidien. D\u00e9couvrez ses effets sur le corps et comment remettre du mouvement simplement chaque jour.","breadcrumb":{"@id":"https:\/\/www.medoucine.com\/blog\/la-chaise-tue-comprendre-lepidemie-de-sedentarite-et-en-sortir\/#breadcrumb"},"inLanguage":"fr-FR","potentialAction":[{"@type":"ReadAction","target":["https:\/\/www.medoucine.com\/blog\/la-chaise-tue-comprendre-lepidemie-de-sedentarite-et-en-sortir\/"]}]},{"@type":"ImageObject","inLanguage":"fr-FR","@id":"https:\/\/www.medoucine.com\/blog\/la-chaise-tue-comprendre-lepidemie-de-sedentarite-et-en-sortir\/#primaryimage","url":"https:\/\/www.medoucine.com\/blog\/wp-content\/uploads\/2025\/12\/sedentarite-chaise-tue_blog-medoucine-1.webp","contentUrl":"https:\/\/www.medoucine.com\/blog\/wp-content\/uploads\/2025\/12\/sedentarite-chaise-tue_blog-medoucine-1.webp","width":1536,"height":1024},{"@type":"BreadcrumbList","@id":"https:\/\/www.medoucine.com\/blog\/la-chaise-tue-comprendre-lepidemie-de-sedentarite-et-en-sortir\/#breadcrumb","itemListElement":[{"@type":"ListItem","position":1,"name":"Blog Medoucine","item":"https:\/\/www.medoucine.com\/blog\/"},{"@type":"ListItem","position":2,"name":"Sant\u00e9","item":"https:\/\/www.medoucine.com\/blog\/cat\/sante\/"},{"@type":"ListItem","position":3,"name":"La chaise tue : comprendre l\u2019\u00e9pid\u00e9mie de s\u00e9dentarit\u00e9 et en sortir"}]},{"@type":"WebSite","@id":"https:\/\/www.medoucine.com\/blog\/#website","url":"https:\/\/www.medoucine.com\/blog\/","name":"Blog de Medoucine","description":"Le blog des m\u00e9decines douces","publisher":{"@id":"https:\/\/www.medoucine.com\/blog\/#organization"},"potentialAction":[{"@type":"SearchAction","target":{"@type":"EntryPoint","urlTemplate":"https:\/\/www.medoucine.com\/blog\/?s={search_term_string}"},"query-input":{"@type":"PropertyValueSpecification","valueRequired":true,"valueName":"search_term_string"}}],"inLanguage":"fr-FR"},{"@type":"Organization","@id":"https:\/\/www.medoucine.com\/blog\/#organization","name":"Medoucine","url":"https:\/\/www.medoucine.com\/blog\/","logo":{"@type":"ImageObject","inLanguage":"fr-FR","@id":"https:\/\/www.medoucine.com\/blog\/#\/schema\/logo\/image\/","url":"https:\/\/www.medoucine.com\/blog\/wp-content\/uploads\/2019\/07\/logo@3x.png","contentUrl":"https:\/\/www.medoucine.com\/blog\/wp-content\/uploads\/2019\/07\/logo@3x.png","width":555,"height":135,"caption":"Medoucine"},"image":{"@id":"https:\/\/www.medoucine.com\/blog\/#\/schema\/logo\/image\/"},"sameAs":["https:\/\/www.facebook.com\/medoucine\/","https:\/\/x.com\/medoucinefr","https:\/\/www.instagram.com\/medoucine\/","https:\/\/www.youtube.com\/channel\/UCtZeUeJ_KebYK0KJAXjJV8g"]},{"@type":"Person","@id":"https:\/\/www.medoucine.com\/blog\/#\/schema\/person\/33963211205d80beccb805396c175b47","name":"Camille De M\u00e9doucine","image":{"@type":"ImageObject","inLanguage":"fr-FR","@id":"https:\/\/www.medoucine.com\/blog\/#\/schema\/person\/image\/","url":"https:\/\/secure.gravatar.com\/avatar\/c2299bbd846dad9bdc700ac2bc1f7d7f7698bebee70f9ac01014ce232478ddab?s=96&d=mm&r=g","contentUrl":"https:\/\/secure.gravatar.com\/avatar\/c2299bbd846dad9bdc700ac2bc1f7d7f7698bebee70f9ac01014ce232478ddab?s=96&d=mm&r=g","caption":"Camille De M\u00e9doucine"},"description":"Je suis Camille, coordinatrice de la communaut\u00e9 M\u00e9doucine. Mon r\u00f4le ? Faire le lien entre les praticiens de notre r\u00e9seau et vous, lecteurs en qu\u00eate de bien-\u00eatre. J'accompagne au quotidien les th\u00e9rapeutes dans leur d\u00e9veloppement digital et les aide \u00e0 se faire conna\u00eetre localement. \u00c0 travers mes articles, je partage des conseils pratiques, des t\u00e9moignages inspirants et des \u00e9clairages sur les pratiques compl\u00e9mentaires. Mon objectif : rendre l'univers du bien-\u00eatre accessible, transparent et humain. J'aime explorer la diversit\u00e9 des approches et mettre en lumi\u00e8re ce qui rend chaque praticien unique. Passionn\u00e9e par la cr\u00e9ation de contenu et l'animation de communaut\u00e9, je m'engage chaque jour \u00e0 valoriser l'expertise de ceux qui prennent soin de vous.","sameAs":["https:\/\/www.linkedin.com\/in\/camille-de-m%C3%A9doucine-055173176\/"],"url":"https:\/\/www.medoucine.com\/blog\/author\/camille_medoucine\/"}]}},"_links":{"self":[{"href":"https:\/\/www.medoucine.com\/blog\/wp-json\/wp\/v2\/posts\/37428","targetHints":{"allow":["GET"]}}],"collection":[{"href":"https:\/\/www.medoucine.com\/blog\/wp-json\/wp\/v2\/posts"}],"about":[{"href":"https:\/\/www.medoucine.com\/blog\/wp-json\/wp\/v2\/types\/post"}],"author":[{"embeddable":true,"href":"https:\/\/www.medoucine.com\/blog\/wp-json\/wp\/v2\/users\/995"}],"replies":[{"embeddable":true,"href":"https:\/\/www.medoucine.com\/blog\/wp-json\/wp\/v2\/comments?post=37428"}],"version-history":[{"count":9,"href":"https:\/\/www.medoucine.com\/blog\/wp-json\/wp\/v2\/posts\/37428\/revisions"}],"predecessor-version":[{"id":41729,"href":"https:\/\/www.medoucine.com\/blog\/wp-json\/wp\/v2\/posts\/37428\/revisions\/41729"}],"wp:featuredmedia":[{"embeddable":true,"href":"https:\/\/www.medoucine.com\/blog\/wp-json\/wp\/v2\/media\/37435"}],"wp:attachment":[{"href":"https:\/\/www.medoucine.com\/blog\/wp-json\/wp\/v2\/media?parent=37428"}],"wp:term":[{"taxonomy":"category","embeddable":true,"href":"https:\/\/www.medoucine.com\/blog\/wp-json\/wp\/v2\/categories?post=37428"},{"taxonomy":"post_tag","embeddable":true,"href":"https:\/\/www.medoucine.com\/blog\/wp-json\/wp\/v2\/tags?post=37428"}],"curies":[{"name":"wp","href":"https:\/\/api.w.org\/{rel}","templated":true}]}}