{"id":36304,"date":"2025-06-23T12:21:22","date_gmt":"2025-06-23T10:21:22","guid":{"rendered":"https:\/\/www.medoucine.com\/blog\/?p=36304"},"modified":"2026-04-08T17:47:16","modified_gmt":"2026-04-08T15:47:16","slug":"le-bien-etre-thermal-au-service-de-la-prevention-sante","status":"publish","type":"post","link":"https:\/\/www.medoucine.com\/blog\/le-bien-etre-thermal-au-service-de-la-prevention-sante\/","title":{"rendered":"Le bien-\u00eatre thermal au service de la pr\u00e9vention sant\u00e9"},"content":{"rendered":"<div class=\"wpb-content-wrapper\">[vc_row][vc_column][vc_column_text]<em>Le thermalisme ne se limite pas uniquement aux cures de 18 jours prescrites par un m\u00e9decin. Il peut aussi s\u2019inscrire dans une d\u00e9marche de courte dur\u00e9e, permettant \u00e0 chacun de prendre soin de sa sant\u00e9 et de son bien-\u00eatre. En Auvergne Rh\u00f4ne-Alpes, 23 stations thermales vous accueillent dans des environnements naturels et patrimoniaux pr\u00e9serv\u00e9s pour b\u00e9n\u00e9ficier d\u2019une mini-cure thermale et prendre soin de votre sant\u00e9.<\/em>[\/vc_column_text][vc_column_text]\n<h2>Le bien-\u00eatre thermal, qu\u2019est-ce que c\u2019est\u202f?<\/h2>\n<p>Les bienfaits du thermalisme r\u00e9sident dans l\u2019utilisation des eaux thermales min\u00e9rales et naturelles, riches en min\u00e9raux et en oligo-\u00e9l\u00e9ments. Ces eaux, utilis\u00e9es lors de soins sp\u00e9cifiques, contribuent \u00e0 soulager certains maux, \u00e0 am\u00e9liorer la circulation, ou encore \u00e0 favoriser la d\u00e9tente musculaire. La pratique r\u00e9guli\u00e8re de soins thermaux peut \u00e9galement jouer un r\u00f4le dans la pr\u00e9vention de certaines pathologies, en renfor\u00e7ant la r\u00e9sistance du corps et en apportant un moment de relaxation profonde.<\/p>\n<p>Le concept de bien-\u00eatre thermal va au-del\u00e0 des soins classiques : il inclut souvent des activit\u00e9s holistiques telles que le yoga, la naturopathie, la gestion du stress ou la sophrologie, qui participent \u00e0 une approche globale de la sant\u00e9. Ces pratiques, combin\u00e9es aux soins d\u2019eau thermale, peuvent aider \u00e0 r\u00e9duire le stress, am\u00e9liorer la qualit\u00e9 du sommeil, ou encore soutenir un \u00e9quilibre mental et physique.[\/vc_column_text][\/vc_column][\/vc_row][vc_row][vc_column][vc_single_image image=\u00a0\u00bb36309&Prime; img_size=\u00a0\u00bb1000&#215;850&Prime; alignment=\u00a0\u00bbcenter\u00a0\u00bb][vc_column_text]\n<div class=\"m-spin\">\n<p class=\"m-spin__text\"><strong>Thalassoth\u00e9rapie et naturopathie : l&rsquo;alliance pour votre vitalit\u00e9<\/strong><\/p>\n<p class=\"m-spin__text\">Le bien-\u00eatre thermal, combin\u00e9 \u00e0 une approche personnalis\u00e9e, peut r\u00e9v\u00e9ler un potentiel insoup\u00e7onn\u00e9. Prenez rendez-vous avec un <a class=\"m-spin__link\" target=\"_blank\" rel=\"noopener noreferrer\" href=\"https:\/\/www.medoucine.com\/consultations\/se-soigner\/naturopathie\/nantes\/tous-publics\/a-domicile-ou-cabinet?utm_source=medoucine_blog_B2C&amp;utm_medium=article_blog&amp;utm_campaign=spin_seo\">Naturopathe \u00e0 Nantes<\/a>, un <a class=\"m-spin__link\" target=\"_blank\" rel=\"noopener noreferrer\" href=\"https:\/\/www.medoucine.com\/consultations\/se-soigner\/naturopathie\/rennes\/tous-publics\/a-domicile-ou-cabinet?utm_source=medoucine_blog_B2C&amp;utm_medium=article_blog&amp;utm_campaign=spin_seo\">Naturopathe \u00e0 Rennes<\/a> ou un <a class=\"m-spin__link\" target=\"_blank\" rel=\"noopener noreferrer\" href=\"https:\/\/www.medoucine.com\/consultations\/se-soigner\/naturopathie\/strasbourg\/tous-publics\/a-domicile-ou-cabinet?utm_source=medoucine_blog_B2C&amp;utm_medium=article_blog&amp;utm_campaign=spin_seo\">Naturopathe \u00e0 Strasbourg<\/a> pour optimiser les b\u00e9n\u00e9fices de vos cures.<\/p>\n<p class=\"m-spin__text\">Vous recherchez un accompagnement sur-mesure ? Trouvez des <a class=\"m-spin__link\" target=\"_blank\" rel=\"noopener noreferrer\" href=\"https:\/\/www.medoucine.com\/consultations\/se-soigner\/naturopathie\/autour-de-moi?utm_source=medoucine_blog_B2C&amp;utm_medium=article_blog&amp;utm_campaign=spin_seo\">Naturopathes pr\u00e8s de chez vous<\/a> pour vous aider \u00e0 int\u00e9grer ces pratiques dans votre quotidien et \u00e0 maintenir un \u00e9quilibre optimal.<\/p>\n<\/div>\n<h2>La nutrition au c\u0153ur de votre sant\u00e9<\/h2>\n<p>Certaines stations proposent des programmes sp\u00e9cifiques pour r\u00e9pondre \u00e0 des objectifs pr\u00e9cis, comme l\u2019am\u00e9lioration de la sant\u00e9 digestive ou la gestion du poids. Par exemple, des s\u00e9jours ax\u00e9s sur la d\u00e9tox ou la minceur incluent des conseils nutritionnels, des activit\u00e9s physiques douces et des soins thermaux adapt\u00e9s. Ces approches aident \u00e0 instaurer des habitudes saines et \u00e0 soutenir une d\u00e9marche de long terme pour la sant\u00e9.<\/p>\n<p><span style=\"text-decoration: underline\"><strong>Les stations thermales qui proposent des mini-cures nutrition et minceur : <\/strong><\/span><\/p>\n<ul>\n<li>A\u00efga Resort Thermal &amp; Spa \u00e0 Ch\u00e2tel-Guyon : \u00ab Chouchouter votre Microbiote \u00bb<\/li>\n<li>Les C\u00e9lestins Spa Thermal &amp; H\u00f4tel \u00e0 Vichy : \u00ab D\u00e9tox \u00bb<\/li>\n<li>Thermes de Brides-les Bains : \u00ab Minceur D\u00e9clic \u00bb<\/li>\n<li>Thermes de Vals-les-Bains : \u00ab Minceur 6 jours \u00bb<\/li>\n<\/ul>\n[\/vc_column_text][vc_column_text]\n<h2>Retrouvez forme et vitalit\u00e9<\/h2>\n<p>Pour ceux qui cherchent \u00e0 se d\u00e9tendre ou \u00e0 retrouver de la vitalit\u00e9, le thermalisme offre des espaces de ressourcement dans des cadres magnifiques, que ce soit en montagne ou au bord de l\u2019eau. Ces s\u00e9jours favorisent la relaxation, la r\u00e9cup\u00e9ration musculaire ou simplement un moment de calme pour soi. Les ateliers de bien-\u00eatre coupl\u00e9s aux soins thermaux vous aideront \u00e0 vous ressourcer et \u00e0 retrouver la forme.<\/p>\n<p><span style=\"text-decoration: underline\"><strong>Les stations thermales qui proposent des mini-cures forme et vitalit\u00e9 :<\/strong><\/span><\/p>\n<ul>\n<li>Domaine de Marlioz \u00e0 Aix-les-Bains : \u00ab Evasion Sant\u00e9 Nature \u00bb<\/li>\n<li>Thermes de La Bourboule : \u00ab\u202fStress &amp; Mal de dos\u202f\u00bb<\/li>\n<li>Thermes d\u2019Uriage : \u00ab\u202fRe-Source Post-cancer\u202f\u00bb<\/li>\n<li>Thermes de Montbrun-les-Bains, Thonon-les-Bains et Aix-les-Bains Chevalley : \u201cLa Cure du Sportif\u201d<\/li>\n<\/ul>\n[\/vc_column_text][vc_single_image image=\u00a0\u00bb36306&Prime; img_size=\u00a0\u00bb1000&#215;850&Prime;][vc_column_text]\n<h2>Les bienfaits des eaux thermales en rhumatologie<\/h2>\n<p>Enfin, pour les personnes souffrant de douleurs articulaires ou de probl\u00e8mes musculo-squelettiques, les soins en rhumatologie propos\u00e9s dans plusieurs stations peuvent aider \u00e0 soulager ces maux, am\u00e9liorer la circulation sanguine, r\u00e9duire la douleur et d\u00e9tendre les muscles. La chaleur et la d\u00e9tente procur\u00e9es par les soins thermaux contribuent \u00e0 rel\u00e2cher les muscles tendus, ce qui r\u00e9duit la pression sur les articulations et am\u00e9liore la mobilit\u00e9.<\/p>\n<p><span style=\"text-decoration: underline\"><strong>Les stations thermales qui proposent des mini-cures rhumatologie :<\/strong><\/span><\/p>\n<ul>\n<li>Thermes de Royat-Chamali\u00e8res : \u00ab\u202fArthrose des Mains\u202f\u00bb<\/li>\n<li>Thermes d\u2019Allevard-les-Bains : \u00ab Sant\u00e9 Douleurs articulaires chroniques\u202f\u00bb<\/li>\n<li>Thermes de la L\u00e9ch\u00e8re-les-Bains : \u00ab\u202fJambes l\u00e9g\u00e8res\u202f\u00bb<\/li>\n<li>Thermes de Saint-Gervais Mont-Blanc : \u00ab\u202fD\u00e9tente articulaire et musculaire\u202f\u00bb<\/li>\n<\/ul>\n[\/vc_column_text][vc_column_text]\n<p style=\"text-align: center\"><strong><a href=\"https:\/\/www.auvergnerhonealpes-tourisme.com\/bien-etre-thermal\/?utm_source=website&amp;utm_medium=link&amp;utm_campaign=trafic-medoucine\" target=\"_blank\" rel=\"noopener\"><em>Contactez votre station thermale pr\u00e9f\u00e9r\u00e9e afin de b\u00e9n\u00e9ficier de conseils personnalis\u00e9s et choisir ainsi le s\u00e9jour adapt\u00e9 \u00e0 vos besoins. Id\u00e9al pour un s\u00e9jour entre amies, en famille et en compl\u00e9ment de vos vacances en Auvergne Rh\u00f4ne-Alpes.<\/em><\/a><\/strong><\/p>\n[\/vc_column_text][\/vc_column][\/vc_row]\n<\/div>","protected":false},"excerpt":{"rendered":"<p>[vc_row][vc_column][vc_column_text]Le thermalisme ne se limite pas uniquement aux cures de 18 jours prescrites par un m\u00e9decin. Il peut aussi s\u2019inscrire dans une d\u00e9marche de courte dur\u00e9e, permettant \u00e0 chacun de prendre soin de sa sant\u00e9 et de son bien-\u00eatre. En Auvergne Rh\u00f4ne-Alpes, 23 stations thermales vous accueillent dans des environnements naturels et patrimoniaux pr\u00e9serv\u00e9s pour b\u00e9n\u00e9ficier d\u2019une mini-cure thermale et prendre soin de votre sant\u00e9.[\/vc_column_text][vc_column_text] Le bien-\u00eatre thermal, qu\u2019est-ce que c\u2019est\u202f? Les bienfaits du thermalisme r\u00e9sident dans l\u2019utilisation des eaux thermales min\u00e9rales et naturelles, riches en min\u00e9raux et en oligo-\u00e9l\u00e9ments. Ces eaux, utilis\u00e9es lors de soins sp\u00e9cifiques, contribuent \u00e0 soulager certains maux, \u00e0 am\u00e9liorer la circulation, ou encore \u00e0 favoriser la d\u00e9tente musculaire. La pratique r\u00e9guli\u00e8re de soins thermaux peut \u00e9galement jouer un r\u00f4le dans la pr\u00e9vention de certaines pathologies, en renfor\u00e7ant la r\u00e9sistance du [&hellip;]<\/p>\n","protected":false},"author":995,"featured_media":36312,"comment_status":"open","ping_status":"open","sticky":false,"template":"","format":"standard","meta":{"_acf_changed":false,"footnotes":""},"categories":[106,195],"tags":[],"class_list":["post-36304","post","type-post","status-publish","format-standard","has-post-thumbnail","hentry","category-sante","category-solutions-naturelles"],"acf":[],"yoast_head":"<!-- This site is optimized with the Yoast SEO plugin v27.1.1 - https:\/\/yoast.com\/product\/yoast-seo-wordpress\/ -->\n<title>Le bien-\u00eatre thermal au service de la pr\u00e9vention sant\u00e9<\/title>\n<meta name=\"robots\" content=\"index, follow, max-snippet:-1, max-image-preview:large, max-video-preview:-1\" \/>\n<link rel=\"canonical\" href=\"https:\/\/www.medoucine.com\/blog\/le-bien-etre-thermal-au-service-de-la-prevention-sante\/\" \/>\n<meta property=\"og:locale\" content=\"fr_FR\" \/>\n<meta property=\"og:type\" content=\"article\" \/>\n<meta property=\"og:title\" content=\"Le bien-\u00eatre thermal au service de la pr\u00e9vention sant\u00e9\" \/>\n<meta property=\"og:description\" content=\"[vc_row][vc_column][vc_column_text]Le thermalisme ne se limite pas uniquement aux cures de 18 jours prescrites par un m\u00e9decin. Il peut aussi s\u2019inscrire dans une d\u00e9marche de courte dur\u00e9e, permettant \u00e0 chacun de prendre soin de sa sant\u00e9 et de son bien-\u00eatre. En Auvergne Rh\u00f4ne-Alpes, 23 stations thermales vous accueillent dans des environnements naturels et patrimoniaux pr\u00e9serv\u00e9s pour b\u00e9n\u00e9ficier d\u2019une mini-cure thermale et prendre soin de votre sant\u00e9.[\/vc_column_text][vc_column_text] Le bien-\u00eatre thermal, qu\u2019est-ce que c\u2019est\u202f? Les bienfaits du thermalisme r\u00e9sident dans l\u2019utilisation des eaux thermales min\u00e9rales et naturelles, riches en min\u00e9raux et en oligo-\u00e9l\u00e9ments. Ces eaux, utilis\u00e9es lors de soins sp\u00e9cifiques, contribuent \u00e0 soulager certains maux, \u00e0 am\u00e9liorer la circulation, ou encore \u00e0 favoriser la d\u00e9tente musculaire. La pratique r\u00e9guli\u00e8re de soins thermaux peut \u00e9galement jouer un r\u00f4le dans la pr\u00e9vention de certaines pathologies, en renfor\u00e7ant la r\u00e9sistance du [&hellip;]\" \/>\n<meta property=\"og:url\" content=\"https:\/\/www.medoucine.com\/blog\/le-bien-etre-thermal-au-service-de-la-prevention-sante\/\" \/>\n<meta property=\"og:site_name\" content=\"Blog de Medoucine\" \/>\n<meta property=\"article:publisher\" content=\"https:\/\/www.facebook.com\/medoucine\/\" \/>\n<meta property=\"article:published_time\" content=\"2025-06-23T10:21:22+00:00\" \/>\n<meta property=\"article:modified_time\" content=\"2026-04-08T15:47:16+00:00\" \/>\n<meta property=\"og:image\" content=\"https:\/\/www.medoucine.com\/blog\/wp-content\/uploads\/2025\/06\/Adobe-Express-file-scaled.jpg\" \/>\n\t<meta property=\"og:image:width\" content=\"2560\" \/>\n\t<meta property=\"og:image:height\" content=\"1441\" \/>\n\t<meta property=\"og:image:type\" content=\"image\/jpeg\" \/>\n<meta name=\"author\" content=\"Camille De M\u00e9doucine\" \/>\n<meta name=\"twitter:card\" content=\"summary_large_image\" \/>\n<meta name=\"twitter:creator\" content=\"@medoucinefr\" \/>\n<meta name=\"twitter:site\" content=\"@medoucinefr\" \/>\n<meta name=\"twitter:label1\" content=\"\u00c9crit par\" \/>\n\t<meta name=\"twitter:data1\" content=\"Camille De M\u00e9doucine\" \/>\n\t<meta name=\"twitter:label2\" content=\"Dur\u00e9e de lecture estim\u00e9e\" \/>\n\t<meta name=\"twitter:data2\" content=\"4 minutes\" \/>\n<script type=\"application\/ld+json\" class=\"yoast-schema-graph\">{\"@context\":\"https:\/\/schema.org\",\"@graph\":[{\"@type\":\"Article\",\"@id\":\"https:\/\/www.medoucine.com\/blog\/le-bien-etre-thermal-au-service-de-la-prevention-sante\/#article\",\"isPartOf\":{\"@id\":\"https:\/\/www.medoucine.com\/blog\/le-bien-etre-thermal-au-service-de-la-prevention-sante\/\"},\"author\":{\"name\":\"Camille De M\u00e9doucine\",\"@id\":\"https:\/\/www.medoucine.com\/blog\/#\/schema\/person\/33963211205d80beccb805396c175b47\"},\"headline\":\"Le bien-\u00eatre thermal au service de la pr\u00e9vention sant\u00e9\",\"datePublished\":\"2025-06-23T10:21:22+00:00\",\"dateModified\":\"2026-04-08T15:47:16+00:00\",\"mainEntityOfPage\":{\"@id\":\"https:\/\/www.medoucine.com\/blog\/le-bien-etre-thermal-au-service-de-la-prevention-sante\/\"},\"wordCount\":802,\"commentCount\":0,\"publisher\":{\"@id\":\"https:\/\/www.medoucine.com\/blog\/#organization\"},\"image\":{\"@id\":\"https:\/\/www.medoucine.com\/blog\/le-bien-etre-thermal-au-service-de-la-prevention-sante\/#primaryimage\"},\"thumbnailUrl\":\"https:\/\/www.medoucine.com\/blog\/wp-content\/uploads\/2025\/06\/Adobe-Express-file-scaled.jpg\",\"articleSection\":[\"Sant\u00e9\",\"Solutions Naturelles\"],\"inLanguage\":\"fr-FR\",\"potentialAction\":[{\"@type\":\"CommentAction\",\"name\":\"Comment\",\"target\":[\"https:\/\/www.medoucine.com\/blog\/le-bien-etre-thermal-au-service-de-la-prevention-sante\/#respond\"]}]},{\"@type\":\"WebPage\",\"@id\":\"https:\/\/www.medoucine.com\/blog\/le-bien-etre-thermal-au-service-de-la-prevention-sante\/\",\"url\":\"https:\/\/www.medoucine.com\/blog\/le-bien-etre-thermal-au-service-de-la-prevention-sante\/\",\"name\":\"Le bien-\u00eatre thermal au service de la pr\u00e9vention sant\u00e9\",\"isPartOf\":{\"@id\":\"https:\/\/www.medoucine.com\/blog\/#website\"},\"primaryImageOfPage\":{\"@id\":\"https:\/\/www.medoucine.com\/blog\/le-bien-etre-thermal-au-service-de-la-prevention-sante\/#primaryimage\"},\"image\":{\"@id\":\"https:\/\/www.medoucine.com\/blog\/le-bien-etre-thermal-au-service-de-la-prevention-sante\/#primaryimage\"},\"thumbnailUrl\":\"https:\/\/www.medoucine.com\/blog\/wp-content\/uploads\/2025\/06\/Adobe-Express-file-scaled.jpg\",\"datePublished\":\"2025-06-23T10:21:22+00:00\",\"dateModified\":\"2026-04-08T15:47:16+00:00\",\"breadcrumb\":{\"@id\":\"https:\/\/www.medoucine.com\/blog\/le-bien-etre-thermal-au-service-de-la-prevention-sante\/#breadcrumb\"},\"inLanguage\":\"fr-FR\",\"potentialAction\":[{\"@type\":\"ReadAction\",\"target\":[\"https:\/\/www.medoucine.com\/blog\/le-bien-etre-thermal-au-service-de-la-prevention-sante\/\"]}]},{\"@type\":\"ImageObject\",\"inLanguage\":\"fr-FR\",\"@id\":\"https:\/\/www.medoucine.com\/blog\/le-bien-etre-thermal-au-service-de-la-prevention-sante\/#primaryimage\",\"url\":\"https:\/\/www.medoucine.com\/blog\/wp-content\/uploads\/2025\/06\/Adobe-Express-file-scaled.jpg\",\"contentUrl\":\"https:\/\/www.medoucine.com\/blog\/wp-content\/uploads\/2025\/06\/Adobe-Express-file-scaled.jpg\",\"width\":2560,\"height\":1441,\"caption\":\"Image d'une femme qui se baigne dans un bassin thermal\"},{\"@type\":\"BreadcrumbList\",\"@id\":\"https:\/\/www.medoucine.com\/blog\/le-bien-etre-thermal-au-service-de-la-prevention-sante\/#breadcrumb\",\"itemListElement\":[{\"@type\":\"ListItem\",\"position\":1,\"name\":\"Blog Medoucine\",\"item\":\"https:\/\/www.medoucine.com\/blog\/\"},{\"@type\":\"ListItem\",\"position\":2,\"name\":\"Sant\u00e9\",\"item\":\"https:\/\/www.medoucine.com\/blog\/cat\/sante\/\"},{\"@type\":\"ListItem\",\"position\":3,\"name\":\"Le bien-\u00eatre thermal au service de la pr\u00e9vention sant\u00e9\"}]},{\"@type\":\"WebSite\",\"@id\":\"https:\/\/www.medoucine.com\/blog\/#website\",\"url\":\"https:\/\/www.medoucine.com\/blog\/\",\"name\":\"Blog de Medoucine\",\"description\":\"Le blog des m\u00e9decines douces\",\"publisher\":{\"@id\":\"https:\/\/www.medoucine.com\/blog\/#organization\"},\"potentialAction\":[{\"@type\":\"SearchAction\",\"target\":{\"@type\":\"EntryPoint\",\"urlTemplate\":\"https:\/\/www.medoucine.com\/blog\/?s={search_term_string}\"},\"query-input\":{\"@type\":\"PropertyValueSpecification\",\"valueRequired\":true,\"valueName\":\"search_term_string\"}}],\"inLanguage\":\"fr-FR\"},{\"@type\":\"Organization\",\"@id\":\"https:\/\/www.medoucine.com\/blog\/#organization\",\"name\":\"Medoucine\",\"url\":\"https:\/\/www.medoucine.com\/blog\/\",\"logo\":{\"@type\":\"ImageObject\",\"inLanguage\":\"fr-FR\",\"@id\":\"https:\/\/www.medoucine.com\/blog\/#\/schema\/logo\/image\/\",\"url\":\"https:\/\/www.medoucine.com\/blog\/wp-content\/uploads\/2019\/07\/logo@3x.png\",\"contentUrl\":\"https:\/\/www.medoucine.com\/blog\/wp-content\/uploads\/2019\/07\/logo@3x.png\",\"width\":555,\"height\":135,\"caption\":\"Medoucine\"},\"image\":{\"@id\":\"https:\/\/www.medoucine.com\/blog\/#\/schema\/logo\/image\/\"},\"sameAs\":[\"https:\/\/www.facebook.com\/medoucine\/\",\"https:\/\/x.com\/medoucinefr\",\"https:\/\/www.instagram.com\/medoucine\/\",\"https:\/\/www.youtube.com\/channel\/UCtZeUeJ_KebYK0KJAXjJV8g\"]},{\"@type\":\"Person\",\"@id\":\"https:\/\/www.medoucine.com\/blog\/#\/schema\/person\/33963211205d80beccb805396c175b47\",\"name\":\"Camille De M\u00e9doucine\",\"image\":{\"@type\":\"ImageObject\",\"inLanguage\":\"fr-FR\",\"@id\":\"https:\/\/www.medoucine.com\/blog\/#\/schema\/person\/image\/\",\"url\":\"https:\/\/secure.gravatar.com\/avatar\/c2299bbd846dad9bdc700ac2bc1f7d7f7698bebee70f9ac01014ce232478ddab?s=96&d=mm&r=g\",\"contentUrl\":\"https:\/\/secure.gravatar.com\/avatar\/c2299bbd846dad9bdc700ac2bc1f7d7f7698bebee70f9ac01014ce232478ddab?s=96&d=mm&r=g\",\"caption\":\"Camille De M\u00e9doucine\"},\"description\":\"Je suis Camille, coordinatrice de la communaut\u00e9 M\u00e9doucine. Mon r\u00f4le ? Faire le lien entre les praticiens de notre r\u00e9seau et vous, lecteurs en qu\u00eate de bien-\u00eatre. J'accompagne au quotidien les th\u00e9rapeutes dans leur d\u00e9veloppement digital et les aide \u00e0 se faire conna\u00eetre localement. \u00c0 travers mes articles, je partage des conseils pratiques, des t\u00e9moignages inspirants et des \u00e9clairages sur les pratiques compl\u00e9mentaires. Mon objectif : rendre l'univers du bien-\u00eatre accessible, transparent et humain. J'aime explorer la diversit\u00e9 des approches et mettre en lumi\u00e8re ce qui rend chaque praticien unique. Passionn\u00e9e par la cr\u00e9ation de contenu et l'animation de communaut\u00e9, je m'engage chaque jour \u00e0 valoriser l'expertise de ceux qui prennent soin de vous.\",\"sameAs\":[\"https:\/\/www.linkedin.com\/in\/camille-de-m%C3%A9doucine-055173176\/\"],\"url\":\"https:\/\/www.medoucine.com\/blog\/author\/camille_medoucine\/\"}]}<\/script>\n<!-- \/ Yoast SEO plugin. -->","yoast_head_json":{"title":"Le bien-\u00eatre thermal au service de la pr\u00e9vention sant\u00e9","robots":{"index":"index","follow":"follow","max-snippet":"max-snippet:-1","max-image-preview":"max-image-preview:large","max-video-preview":"max-video-preview:-1"},"canonical":"https:\/\/www.medoucine.com\/blog\/le-bien-etre-thermal-au-service-de-la-prevention-sante\/","og_locale":"fr_FR","og_type":"article","og_title":"Le bien-\u00eatre thermal au service de la pr\u00e9vention sant\u00e9","og_description":"[vc_row][vc_column][vc_column_text]Le thermalisme ne se limite pas uniquement aux cures de 18 jours prescrites par un m\u00e9decin. Il peut aussi s\u2019inscrire dans une d\u00e9marche de courte dur\u00e9e, permettant \u00e0 chacun de prendre soin de sa sant\u00e9 et de son bien-\u00eatre. En Auvergne Rh\u00f4ne-Alpes, 23 stations thermales vous accueillent dans des environnements naturels et patrimoniaux pr\u00e9serv\u00e9s pour b\u00e9n\u00e9ficier d\u2019une mini-cure thermale et prendre soin de votre sant\u00e9.[\/vc_column_text][vc_column_text] Le bien-\u00eatre thermal, qu\u2019est-ce que c\u2019est\u202f? Les bienfaits du thermalisme r\u00e9sident dans l\u2019utilisation des eaux thermales min\u00e9rales et naturelles, riches en min\u00e9raux et en oligo-\u00e9l\u00e9ments. Ces eaux, utilis\u00e9es lors de soins sp\u00e9cifiques, contribuent \u00e0 soulager certains maux, \u00e0 am\u00e9liorer la circulation, ou encore \u00e0 favoriser la d\u00e9tente musculaire. La pratique r\u00e9guli\u00e8re de soins thermaux peut \u00e9galement jouer un r\u00f4le dans la pr\u00e9vention de certaines pathologies, en renfor\u00e7ant la r\u00e9sistance du [&hellip;]","og_url":"https:\/\/www.medoucine.com\/blog\/le-bien-etre-thermal-au-service-de-la-prevention-sante\/","og_site_name":"Blog de Medoucine","article_publisher":"https:\/\/www.facebook.com\/medoucine\/","article_published_time":"2025-06-23T10:21:22+00:00","article_modified_time":"2026-04-08T15:47:16+00:00","og_image":[{"width":2560,"height":1441,"url":"https:\/\/www.medoucine.com\/blog\/wp-content\/uploads\/2025\/06\/Adobe-Express-file-scaled.jpg","type":"image\/jpeg"}],"author":"Camille De M\u00e9doucine","twitter_card":"summary_large_image","twitter_creator":"@medoucinefr","twitter_site":"@medoucinefr","twitter_misc":{"\u00c9crit par":"Camille De M\u00e9doucine","Dur\u00e9e de lecture estim\u00e9e":"4 minutes"},"schema":{"@context":"https:\/\/schema.org","@graph":[{"@type":"Article","@id":"https:\/\/www.medoucine.com\/blog\/le-bien-etre-thermal-au-service-de-la-prevention-sante\/#article","isPartOf":{"@id":"https:\/\/www.medoucine.com\/blog\/le-bien-etre-thermal-au-service-de-la-prevention-sante\/"},"author":{"name":"Camille De M\u00e9doucine","@id":"https:\/\/www.medoucine.com\/blog\/#\/schema\/person\/33963211205d80beccb805396c175b47"},"headline":"Le bien-\u00eatre thermal au service de la pr\u00e9vention sant\u00e9","datePublished":"2025-06-23T10:21:22+00:00","dateModified":"2026-04-08T15:47:16+00:00","mainEntityOfPage":{"@id":"https:\/\/www.medoucine.com\/blog\/le-bien-etre-thermal-au-service-de-la-prevention-sante\/"},"wordCount":802,"commentCount":0,"publisher":{"@id":"https:\/\/www.medoucine.com\/blog\/#organization"},"image":{"@id":"https:\/\/www.medoucine.com\/blog\/le-bien-etre-thermal-au-service-de-la-prevention-sante\/#primaryimage"},"thumbnailUrl":"https:\/\/www.medoucine.com\/blog\/wp-content\/uploads\/2025\/06\/Adobe-Express-file-scaled.jpg","articleSection":["Sant\u00e9","Solutions Naturelles"],"inLanguage":"fr-FR","potentialAction":[{"@type":"CommentAction","name":"Comment","target":["https:\/\/www.medoucine.com\/blog\/le-bien-etre-thermal-au-service-de-la-prevention-sante\/#respond"]}]},{"@type":"WebPage","@id":"https:\/\/www.medoucine.com\/blog\/le-bien-etre-thermal-au-service-de-la-prevention-sante\/","url":"https:\/\/www.medoucine.com\/blog\/le-bien-etre-thermal-au-service-de-la-prevention-sante\/","name":"Le bien-\u00eatre thermal au service de la pr\u00e9vention sant\u00e9","isPartOf":{"@id":"https:\/\/www.medoucine.com\/blog\/#website"},"primaryImageOfPage":{"@id":"https:\/\/www.medoucine.com\/blog\/le-bien-etre-thermal-au-service-de-la-prevention-sante\/#primaryimage"},"image":{"@id":"https:\/\/www.medoucine.com\/blog\/le-bien-etre-thermal-au-service-de-la-prevention-sante\/#primaryimage"},"thumbnailUrl":"https:\/\/www.medoucine.com\/blog\/wp-content\/uploads\/2025\/06\/Adobe-Express-file-scaled.jpg","datePublished":"2025-06-23T10:21:22+00:00","dateModified":"2026-04-08T15:47:16+00:00","breadcrumb":{"@id":"https:\/\/www.medoucine.com\/blog\/le-bien-etre-thermal-au-service-de-la-prevention-sante\/#breadcrumb"},"inLanguage":"fr-FR","potentialAction":[{"@type":"ReadAction","target":["https:\/\/www.medoucine.com\/blog\/le-bien-etre-thermal-au-service-de-la-prevention-sante\/"]}]},{"@type":"ImageObject","inLanguage":"fr-FR","@id":"https:\/\/www.medoucine.com\/blog\/le-bien-etre-thermal-au-service-de-la-prevention-sante\/#primaryimage","url":"https:\/\/www.medoucine.com\/blog\/wp-content\/uploads\/2025\/06\/Adobe-Express-file-scaled.jpg","contentUrl":"https:\/\/www.medoucine.com\/blog\/wp-content\/uploads\/2025\/06\/Adobe-Express-file-scaled.jpg","width":2560,"height":1441,"caption":"Image d'une femme qui se baigne dans un bassin thermal"},{"@type":"BreadcrumbList","@id":"https:\/\/www.medoucine.com\/blog\/le-bien-etre-thermal-au-service-de-la-prevention-sante\/#breadcrumb","itemListElement":[{"@type":"ListItem","position":1,"name":"Blog Medoucine","item":"https:\/\/www.medoucine.com\/blog\/"},{"@type":"ListItem","position":2,"name":"Sant\u00e9","item":"https:\/\/www.medoucine.com\/blog\/cat\/sante\/"},{"@type":"ListItem","position":3,"name":"Le bien-\u00eatre thermal au service de la pr\u00e9vention sant\u00e9"}]},{"@type":"WebSite","@id":"https:\/\/www.medoucine.com\/blog\/#website","url":"https:\/\/www.medoucine.com\/blog\/","name":"Blog de Medoucine","description":"Le blog des m\u00e9decines douces","publisher":{"@id":"https:\/\/www.medoucine.com\/blog\/#organization"},"potentialAction":[{"@type":"SearchAction","target":{"@type":"EntryPoint","urlTemplate":"https:\/\/www.medoucine.com\/blog\/?s={search_term_string}"},"query-input":{"@type":"PropertyValueSpecification","valueRequired":true,"valueName":"search_term_string"}}],"inLanguage":"fr-FR"},{"@type":"Organization","@id":"https:\/\/www.medoucine.com\/blog\/#organization","name":"Medoucine","url":"https:\/\/www.medoucine.com\/blog\/","logo":{"@type":"ImageObject","inLanguage":"fr-FR","@id":"https:\/\/www.medoucine.com\/blog\/#\/schema\/logo\/image\/","url":"https:\/\/www.medoucine.com\/blog\/wp-content\/uploads\/2019\/07\/logo@3x.png","contentUrl":"https:\/\/www.medoucine.com\/blog\/wp-content\/uploads\/2019\/07\/logo@3x.png","width":555,"height":135,"caption":"Medoucine"},"image":{"@id":"https:\/\/www.medoucine.com\/blog\/#\/schema\/logo\/image\/"},"sameAs":["https:\/\/www.facebook.com\/medoucine\/","https:\/\/x.com\/medoucinefr","https:\/\/www.instagram.com\/medoucine\/","https:\/\/www.youtube.com\/channel\/UCtZeUeJ_KebYK0KJAXjJV8g"]},{"@type":"Person","@id":"https:\/\/www.medoucine.com\/blog\/#\/schema\/person\/33963211205d80beccb805396c175b47","name":"Camille De M\u00e9doucine","image":{"@type":"ImageObject","inLanguage":"fr-FR","@id":"https:\/\/www.medoucine.com\/blog\/#\/schema\/person\/image\/","url":"https:\/\/secure.gravatar.com\/avatar\/c2299bbd846dad9bdc700ac2bc1f7d7f7698bebee70f9ac01014ce232478ddab?s=96&d=mm&r=g","contentUrl":"https:\/\/secure.gravatar.com\/avatar\/c2299bbd846dad9bdc700ac2bc1f7d7f7698bebee70f9ac01014ce232478ddab?s=96&d=mm&r=g","caption":"Camille De M\u00e9doucine"},"description":"Je suis Camille, coordinatrice de la communaut\u00e9 M\u00e9doucine. Mon r\u00f4le ? Faire le lien entre les praticiens de notre r\u00e9seau et vous, lecteurs en qu\u00eate de bien-\u00eatre. J'accompagne au quotidien les th\u00e9rapeutes dans leur d\u00e9veloppement digital et les aide \u00e0 se faire conna\u00eetre localement. \u00c0 travers mes articles, je partage des conseils pratiques, des t\u00e9moignages inspirants et des \u00e9clairages sur les pratiques compl\u00e9mentaires. Mon objectif : rendre l'univers du bien-\u00eatre accessible, transparent et humain. J'aime explorer la diversit\u00e9 des approches et mettre en lumi\u00e8re ce qui rend chaque praticien unique. Passionn\u00e9e par la cr\u00e9ation de contenu et l'animation de communaut\u00e9, je m'engage chaque jour \u00e0 valoriser l'expertise de ceux qui prennent soin de vous.","sameAs":["https:\/\/www.linkedin.com\/in\/camille-de-m%C3%A9doucine-055173176\/"],"url":"https:\/\/www.medoucine.com\/blog\/author\/camille_medoucine\/"}]}},"_links":{"self":[{"href":"https:\/\/www.medoucine.com\/blog\/wp-json\/wp\/v2\/posts\/36304","targetHints":{"allow":["GET"]}}],"collection":[{"href":"https:\/\/www.medoucine.com\/blog\/wp-json\/wp\/v2\/posts"}],"about":[{"href":"https:\/\/www.medoucine.com\/blog\/wp-json\/wp\/v2\/types\/post"}],"author":[{"embeddable":true,"href":"https:\/\/www.medoucine.com\/blog\/wp-json\/wp\/v2\/users\/995"}],"replies":[{"embeddable":true,"href":"https:\/\/www.medoucine.com\/blog\/wp-json\/wp\/v2\/comments?post=36304"}],"version-history":[{"count":12,"href":"https:\/\/www.medoucine.com\/blog\/wp-json\/wp\/v2\/posts\/36304\/revisions"}],"predecessor-version":[{"id":41815,"href":"https:\/\/www.medoucine.com\/blog\/wp-json\/wp\/v2\/posts\/36304\/revisions\/41815"}],"wp:featuredmedia":[{"embeddable":true,"href":"https:\/\/www.medoucine.com\/blog\/wp-json\/wp\/v2\/media\/36312"}],"wp:attachment":[{"href":"https:\/\/www.medoucine.com\/blog\/wp-json\/wp\/v2\/media?parent=36304"}],"wp:term":[{"taxonomy":"category","embeddable":true,"href":"https:\/\/www.medoucine.com\/blog\/wp-json\/wp\/v2\/categories?post=36304"},{"taxonomy":"post_tag","embeddable":true,"href":"https:\/\/www.medoucine.com\/blog\/wp-json\/wp\/v2\/tags?post=36304"}],"curies":[{"name":"wp","href":"https:\/\/api.w.org\/{rel}","templated":true}]}}