{"id":36034,"date":"2025-06-26T07:30:39","date_gmt":"2025-06-26T05:30:39","guid":{"rendered":"https:\/\/www.medoucine.com\/blog\/?p=36034"},"modified":"2026-04-08T17:47:06","modified_gmt":"2026-04-08T15:47:06","slug":"faites-le-plein-de-bonnes-energies-pour-passer-un-bel-ete","status":"publish","type":"post","link":"https:\/\/www.medoucine.com\/blog\/faites-le-plein-de-bonnes-energies-pour-passer-un-bel-ete\/","title":{"rendered":"Faites le plein de bonnes \u00e9nergies pour passer un bel \u00e9t\u00e9 !"},"content":{"rendered":"<p class=\"has-drop-cap\">D\u00e9barquer en vacances \u00e9puis\u00e9 et stress\u00e9, les valises pleines de mauvaises ondes et l\u2019esprit surcharg\u00e9, c\u2019\u00e9tait avant\u00a0! Cette ann\u00e9e, c\u2019est d\u00e9cid\u00e9, <strong>vous serez \u00e9nerg\u00e9tiquement zen d\u00e8s le premier jour des vacances<\/strong> pour ne pas en perdre une miette. Voici les cl\u00e9s pour rebooster votre \u00e9nergie avant votre d\u00e9part.<\/p>\n<h2>L\u2019\u00e9t\u00e9, la saison caliente<\/h2>\n<p>L\u2019<a href=\"https:\/\/www.medoucine.com\/blog\/\/ete-2025-preparer-sa-peau-aux-premiers-rayons-du-soleil\/\">\u00e9t\u00e9<\/a> est la saison de l\u2019\u00e9l\u00e9ment feu o\u00f9 le yang, cette \u00e9nergie masculine et dynamique, entre en jeu. C\u2019est aussi le moment o\u00f9 l\u2019on rel\u00e2che la pression surtout si vous aviez des enfants en examens, et c\u2019est aussi le temps des retrouvailles tous ensemble, entre amis ou en famille. Les organes reli\u00e9s \u00e0 l\u2019\u00e9t\u00e9 sont le c\u0153ur et l\u2019intestin gr\u00eale, donc il faut d\u00e8s \u00e0 pr\u00e9sent les soutenir en travaillant sur leurs centres \u00e9nerg\u00e9tiques : le chakra du c\u0153ur et le chakra sacr\u00e9.<\/p>\n<div style=\"width: 595px\" class=\"wp-caption aligncenter\"><img loading=\"lazy\" decoding=\"async\" class=\"\" src=\"https:\/\/www.medoucine.com\/blog\/\/wp-content\/uploads\/2025\/05\/pexels-jean-daniel-17664142-scaled.jpg\" alt=\"\" width=\"585\" height=\"877\" \/><p class=\"wp-caption-text\">Pexels<\/p><\/div>\n<div class=\"m-spin\">\n<p class=\"m-spin__text\"><strong>Boostez votre vitalit\u00e9 avec les pratiques \u00e9nerg\u00e9tiques<\/strong><\/p>\n<p class=\"m-spin__text\">L&rsquo;\u00e9t\u00e9 est le moment id\u00e9al pour r\u00e9\u00e9quilibrer votre \u00e9nergie et rayonner de bien-\u00eatre. Prenez rendez-vous avec un <a class=\"m-spin__link\" target=\"_blank\" rel=\"noopener noreferrer\" href=\"https:\/\/www.medoucine.com\/consultations\/se-soigner\/pratiques-energetiques\/lille\/tous-publics\/a-domicile-ou-cabinet?utm_source=medoucine_blog_B2C&amp;utm_medium=article_blog&amp;utm_campaign=spin_seo\">Praticien en Pratiques \u00c9nerg\u00e9tiques \u00e0 Lille<\/a>, un <a class=\"m-spin__link\" target=\"_blank\" rel=\"noopener noreferrer\" href=\"https:\/\/www.medoucine.com\/consultations\/se-soigner\/pratiques-energetiques\/marseille\/tous-publics\/a-domicile-ou-cabinet?utm_source=medoucine_blog_B2C&amp;utm_medium=article_blog&amp;utm_campaign=spin_seo\">Praticien en Pratiques \u00c9nerg\u00e9tiques \u00e0 Marseille<\/a> ou un <a class=\"m-spin__link\" target=\"_blank\" rel=\"noopener noreferrer\" href=\"https:\/\/www.medoucine.com\/consultations\/se-soigner\/pratiques-energetiques\/nantes\/tous-publics\/a-domicile-ou-cabinet?utm_source=medoucine_blog_B2C&amp;utm_medium=article_blog&amp;utm_campaign=spin_seo\">Praticien en Pratiques \u00c9nerg\u00e9tiques \u00e0 Nantes<\/a> pour un soin personnalis\u00e9. Ces techniques douces aident \u00e0 harmoniser le corps et l&rsquo;esprit.<\/p>\n<p class=\"m-spin__text\">Vous recherchez un accompagnement plus proche de vous ? D\u00e9couvrez des <a class=\"m-spin__link\" target=\"_blank\" rel=\"noopener noreferrer\" href=\"https:\/\/www.medoucine.com\/consultations\/se-soigner\/pratiques-energetiques\/autour-de-moi?utm_source=medoucine_blog_B2C&amp;utm_medium=article_blog&amp;utm_campaign=spin_seo\">Th\u00e9rapeutes en Pratique \u00c9nerg\u00e9tique pr\u00e8s de chez vous<\/a> et commencez d\u00e8s aujourd&rsquo;hui votre chemin vers une meilleure sant\u00e9.<\/p>\n<\/div>\n<h2>Chakra du c\u0153ur : comment rebooster votre chakra de l\u2019amour de soi et des autres ?<\/h2>\n<h2>Pratiquez votre sport \u00e0 l\u2019ext\u00e9rieur<\/h2>\n<p>Les jours rallongent, il fait doux, sortez au maximum vous a\u00e9rer. Que ce soit un cours de <a href=\"https:\/\/www.medoucine.com\/blog\/\/tout-savoir-sur-le-tai-chi\/\">tai chi<\/a>, de boxe ou de <a href=\"https:\/\/www.medoucine.com\/pratiques\/yoga\">yoga<\/a>, l\u2019id\u00e9e est de <strong>pratiquer dans la nature<\/strong>, car la couleur verte est celle du c\u0153ur et de la gu\u00e9rison, elle apaise et recharge naturellement ce centre \u00e9nerg\u00e9tique. La pr\u00e9sence d\u2019arbres est primordiale car leur simple vue r\u00e9duit le stress, abaisse la tension art\u00e9rielle et am\u00e9liore l\u2019humeur.<\/p>\n<h3>Yoga \u00e0 faire en famille<\/h3>\n<p>Les postures du <strong>chameau, du chiot et du cobra<\/strong> pour activer la zone du c\u0153ur. Les postures du papillon, du pigeon et malasana pour favoriser l\u2019ancrage et lib\u00e9rer les toxines \u00e9motionnelles accumul\u00e9es dans la zone des hanches et du chakra sacr\u00e9. Plus que d&rsquo;apprendre \u00e0 <a href=\"https:\/\/www.medoucine.com\/solution\/yoga-et-stress\">mieux g\u00e9rer son stress, le yoga<\/a> offre de nombreux autres bienfaits et il est id\u00e9al \u00e0 pratiquer en famille.<\/p>\n<h3>Coh\u00e9rence \u00e9motionnelle<\/h3>\n<p>Mettez-vous \u00e0 la coh\u00e9rence \u00e9motionnelle, <strong>cette respiration aide \u00e0 dig\u00e9rer les trop-pleins d\u2019\u00e9motions et permet le l\u00e2cher-prise.<\/strong> Cet exercice soulage les poumons, associ\u00e9s \u00e0 la solitude et tristesse, mais aussi calme le rythme cardiaque, tout en le renfor\u00e7ant gr\u00e2ce \u00e0 une expiration longue. Le diaphragme et le nerf vague vont soulager la digestion, id\u00e9al pour les reflux gastriques, le syst\u00e8me nerveux parasympathique se r\u00e9gule sur le champ. Les soucis de derni\u00e8re minute seront relativis\u00e9s sans effort, juste avec une conscience apais\u00e9e.<\/p>\n<p><strong>Mode d\u2019emploi de la coh\u00e9rence \u00e9motionnelle\u00a0:<\/strong> Inspirez sur 4 temps par le nez, visualisez une lumi\u00e8re dor\u00e9e qui entre par vos narines, expirez sur 8 temps par la bouche en soufflant l\u2019image d\u2019un brouillard. L\u2019id\u00e9e \u00e9tant de se remplir de lumi\u00e8re et d\u2019expirer les id\u00e9es noires et les soucis.<\/p>\n<h3>Cultivez la gratitude<\/h3>\n<p>Il suffit de 5 min par jour, prenez un temps pour vous en contemplant la nature si vous pouvez, sinon une photo du lieu de vos prochaines vacances pour vous pr\u00e9parer \u00e0 \u00eatre accueilli dans cet endroit. Puis, remerciez votre corps, votre bonne sant\u00e9, <strong>remerciez-vous et remerciez la vie<\/strong>, vos amours, vos proches\u2026 Soyez dans l\u2019empathie et la positivit\u00e9.<\/p>\n<p><strong>Conseils de posture de gratitude\u00a0:<\/strong> Positionnez les deux mains l\u2019une sur l\u2019autre au centre de la poitrine pour renforcer le sentiment de reconnaissance et accentuez la respiration dans la cage thoracique en gonflant uniquement le haut du corps.<\/p>\n<div style=\"width: 596px\" class=\"wp-caption aligncenter\"><img loading=\"lazy\" decoding=\"async\" class=\"\" src=\"https:\/\/www.medoucine.com\/blog\/\/wp-content\/uploads\/2025\/05\/pexels-gustavo-fring-4971731-scaled.jpg\" alt=\"\" width=\"586\" height=\"879\" \/><p class=\"wp-caption-text\">Pexels<\/p><\/div>\n<h2>Chakra sacr\u00e9 : les astuces pour lib\u00e9rer ce chakra de la sensualit\u00e9 et de la joie de vivre<\/h2>\n<p>Localis\u00e9 dans le bas-ventre, il est le reflet de notre cr\u00e9ativit\u00e9 et des plaisirs de la vie, donc le mot d\u2019ordre est de vous rendre heureux, sans restriction, afin de r\u00e9veiller la joie qui sommeille en vous\u00a0!<\/p>\n<h3>Sacraliser l\u2019usage de vos cinq sens<\/h3>\n<p>Les plaisirs passent par la peau, l\u2019odorat, la vue, l\u2019ou\u00efe, le go\u00fbt donc stimulez chaque jour un sens en y apportant une attention particuli\u00e8re. Commencez par exemple par <strong>ranger votre parfum habituel pour passer \u00e0 une eau d\u2019\u00e9t\u00e9<\/strong>, en la humant, cela agit directement sur le cerveau \u00e9motionnel et vous transporte dans les effluves des senteurs de vacances, votre cerveau se met en mode d\u00e9tente\u00a0!<\/p>\n<p><strong>Tips comment apaiser le syst\u00e8me nerveux en activant le cerveau limbique, le cerveau des \u00e9motions :<\/strong> Mettez deux-trois gouttes d\u2019huile essentielle de n\u00e9roli ou de petit bigaradier sur un bout de tissu, des senteurs estivales, glissez-le dans votre poche, et sortez-le pour le sentir quand l\u2019\u00e9nergie diminue, cela donne un regain imm\u00e9diat.<\/p>\n<h3>Lib\u00e9rez-vous des vieilles ranc\u0153urs, faites le m\u00e9nage \u00e9motionnel\u00a0!<\/h3>\n<p>Que ce soit des non-dits, des contrari\u00e9t\u00e9s, de la culpabilit\u00e9 ou de la col\u00e8re, si vous le pouvez expliquez-vous avec la personne concern\u00e9e, mais attention \u00e0 ne pas se g\u00e2cher les vacances si cela tourne au vinaigre, sinon \u00e9crivez-lui une lettre avec tout ce que vous avez sur le c\u0153ur, puis br\u00fblez-la, puisque l\u2019\u00e9t\u00e9 est reli\u00e9 \u00e0 l\u2019\u00e9l\u00e9ment feu. <strong>Tout ce qui est \u00e9crit d\u00e9charge d\u2019un poids mental et permet de relativiser les ruminations.<\/strong><\/p>\n<p><strong>Tips se d\u00e9barrasser des \u00e9motions toxiques <\/strong>: Comme un mantra, dites-vous au lever du lit\u00a0: J\u2019aime, je suis aim\u00e9e et je m\u2019aime. Ces invocations spirituelles jouent un r\u00f4le sur les neurones miroirs et envoient ces messages d\u2019amour au cerveau pour les restituer dans tout le corps et l\u2019\u00e2me en passant par le syst\u00e8me nerveux et le syst\u00e8me endocrinien.<\/p>\n<p>L\u2019\u00e9nergie vitale et nos centres \u00e9nerg\u00e9tiques sont nos batteries, \u00e0 plat, rien ne va. Donc rechargez-les avant qu\u2019elles ne s\u2019\u00e9puisent, surtout avant les grandes vacances, n\u2019attendez pas d\u2019\u00eatre sur les rotules pour vous prendre en main, au mieux les vacances ne serviront qu\u2019\u00e0 vous remettre sur pied, au pire votre corps ou votre mental craque et vous risquez de vous g\u00e2cher la f\u00eate\u2026<\/p>\n<p>Cet \u00e9t\u00e9, laissez couler, dansez, riez, vibrez, aimez, vivez, laissez-vous en paix et les autres aussi, c\u2019est le moment o\u00f9 il faut se pardonner, prendre soin de soi et de ceux qu\u2019on aime et \u00e0 qui il est temps de le dire et de le montrer !<\/p>\n<p>&nbsp;<\/p>\n<p>par <a href=\"https:\/\/www.medoucine.com\/consultation\/biarritz\/camille-affortit\/19271\"><strong>Camille Affortit, th\u00e9rapeute \u00e9nerg\u00e9tique <\/strong><\/a>du r\u00e9seau M\u00e9doucine.<\/p>\n<p><a href=\"https:\/\/www.medoucine.com\/pratiques\/pratiques-energetiques\"><strong>Trouvez un praticien en \u00e9nerg\u00e9tique pr\u00e8s de chez vous sur M\u00e9doucine<\/strong>.\u00a0<\/a><\/p>\n<p><strong>\u00c0 lire aussi\u00a0:<\/strong><\/p>\n<ul>\n<li><a href=\"https:\/\/www.medoucine.com\/blog\/\/vacances-les-regles-dor-pour-veritablement-deconnecter-et-se-reposer\/\">Vacances : Les r\u00e8gles d\u2019or pour v\u00e9ritablement d\u00e9connecter et se reposer<\/a><\/li>\n<li><a href=\"https:\/\/www.medoucine.com\/blog\/\/vacances-en-famille-comment-partir-leger\/\">Vacances en famille : comment partir l\u00e9ger ?<\/a><\/li>\n<li><a href=\"https:\/\/www.medoucine.com\/blog\/\/fin-de-vacances-affronter-la-reprise-du-travail-sans-stress\/\">Fin de vacances : affronter la reprise du travail sans stress<\/a><\/li>\n<\/ul>\n","protected":false},"excerpt":{"rendered":"<p>D\u00e9barquer en vacances \u00e9puis\u00e9 et stress\u00e9, les valises pleines de mauvaises ondes et l\u2019esprit surcharg\u00e9, c\u2019\u00e9tait avant\u00a0! Cette ann\u00e9e, c\u2019est d\u00e9cid\u00e9, vous serez \u00e9nerg\u00e9tiquement zen d\u00e8s le premier jour des vacances pour ne pas en perdre une miette. Voici les cl\u00e9s pour rebooster votre \u00e9nergie avant votre d\u00e9part. L\u2019\u00e9t\u00e9, la saison caliente L\u2019\u00e9t\u00e9 est la saison de l\u2019\u00e9l\u00e9ment feu o\u00f9 le yang, cette \u00e9nergie masculine et dynamique, entre en jeu. C\u2019est aussi le moment o\u00f9 l\u2019on rel\u00e2che la pression surtout si vous aviez des enfants en examens, et c\u2019est aussi le temps des retrouvailles tous ensemble, entre amis ou en famille. Les organes reli\u00e9s \u00e0 l\u2019\u00e9t\u00e9 sont le c\u0153ur et l\u2019intestin gr\u00eale, donc il faut d\u00e8s \u00e0 pr\u00e9sent les soutenir en travaillant sur leurs centres \u00e9nerg\u00e9tiques : le chakra du c\u0153ur et le chakra sacr\u00e9. [&hellip;]<\/p>\n","protected":false},"author":971,"featured_media":36182,"comment_status":"open","ping_status":"open","sticky":false,"template":"","format":"standard","meta":{"_acf_changed":false,"footnotes":""},"categories":[115],"tags":[263],"class_list":["post-36034","post","type-post","status-publish","format-standard","has-post-thumbnail","hentry","category-bien-etre","tag-ete"],"acf":[],"yoast_head":"<!-- This site is optimized with the Yoast SEO plugin v27.1.1 - https:\/\/yoast.com\/product\/yoast-seo-wordpress\/ -->\n<title>Faites le plein de bonnes \u00e9nergies pour passer un bel \u00e9t\u00e9 !<\/title>\n<meta name=\"description\" content=\"Cette ann\u00e9e, c\u2019est d\u00e9cid\u00e9, vous serez \u00e9nerg\u00e9tiquement zen d\u00e8s le premier jour des vacances d&#039;\u00e9t\u00e9 pour ne pas en perdre une miette.\" \/>\n<meta name=\"robots\" content=\"index, follow, max-snippet:-1, max-image-preview:large, max-video-preview:-1\" \/>\n<link rel=\"canonical\" href=\"https:\/\/www.medoucine.com\/blog\/faites-le-plein-de-bonnes-energies-pour-passer-un-bel-ete\/\" \/>\n<meta property=\"og:locale\" content=\"fr_FR\" \/>\n<meta property=\"og:type\" content=\"article\" \/>\n<meta property=\"og:title\" content=\"Faites le plein de bonnes \u00e9nergies pour passer un bel \u00e9t\u00e9 !\" \/>\n<meta property=\"og:description\" content=\"Cette ann\u00e9e, c\u2019est d\u00e9cid\u00e9, vous serez \u00e9nerg\u00e9tiquement zen d\u00e8s le premier jour des vacances d&#039;\u00e9t\u00e9 pour ne pas en perdre une miette.\" \/>\n<meta property=\"og:url\" content=\"https:\/\/www.medoucine.com\/blog\/faites-le-plein-de-bonnes-energies-pour-passer-un-bel-ete\/\" \/>\n<meta property=\"og:site_name\" content=\"Blog de Medoucine\" \/>\n<meta property=\"article:publisher\" content=\"https:\/\/www.facebook.com\/medoucine\/\" \/>\n<meta property=\"article:published_time\" content=\"2025-06-26T05:30:39+00:00\" \/>\n<meta property=\"article:modified_time\" content=\"2026-04-08T15:47:06+00:00\" \/>\n<meta property=\"og:image\" content=\"https:\/\/www.medoucine.com\/blog\/wp-content\/uploads\/2025\/05\/pexels-martinpechy-922100-scaled.jpg\" \/>\n\t<meta property=\"og:image:width\" content=\"2560\" \/>\n\t<meta property=\"og:image:height\" content=\"1707\" \/>\n\t<meta property=\"og:image:type\" content=\"image\/jpeg\" \/>\n<meta name=\"author\" content=\"Camille Affortit\" \/>\n<meta name=\"twitter:card\" content=\"summary_large_image\" \/>\n<meta name=\"twitter:creator\" content=\"@medoucinefr\" \/>\n<meta name=\"twitter:site\" content=\"@medoucinefr\" \/>\n<meta name=\"twitter:label1\" content=\"\u00c9crit par\" \/>\n\t<meta name=\"twitter:data1\" content=\"Camille Affortit\" \/>\n\t<meta name=\"twitter:label2\" content=\"Dur\u00e9e de lecture estim\u00e9e\" \/>\n\t<meta name=\"twitter:data2\" content=\"6 minutes\" \/>\n<script type=\"application\/ld+json\" class=\"yoast-schema-graph\">{\"@context\":\"https:\/\/schema.org\",\"@graph\":[{\"@type\":\"Article\",\"@id\":\"https:\/\/www.medoucine.com\/blog\/faites-le-plein-de-bonnes-energies-pour-passer-un-bel-ete\/#article\",\"isPartOf\":{\"@id\":\"https:\/\/www.medoucine.com\/blog\/faites-le-plein-de-bonnes-energies-pour-passer-un-bel-ete\/\"},\"author\":{\"name\":\"Camille Affortit\",\"@id\":\"https:\/\/www.medoucine.com\/blog\/#\/schema\/person\/e8bfb3ebf5e57af8096631be70dedd36\"},\"headline\":\"Faites le plein de bonnes \u00e9nergies pour passer un bel \u00e9t\u00e9 !\",\"datePublished\":\"2025-06-26T05:30:39+00:00\",\"dateModified\":\"2026-04-08T15:47:06+00:00\",\"mainEntityOfPage\":{\"@id\":\"https:\/\/www.medoucine.com\/blog\/faites-le-plein-de-bonnes-energies-pour-passer-un-bel-ete\/\"},\"wordCount\":1242,\"commentCount\":0,\"publisher\":{\"@id\":\"https:\/\/www.medoucine.com\/blog\/#organization\"},\"image\":{\"@id\":\"https:\/\/www.medoucine.com\/blog\/faites-le-plein-de-bonnes-energies-pour-passer-un-bel-ete\/#primaryimage\"},\"thumbnailUrl\":\"https:\/\/www.medoucine.com\/blog\/wp-content\/uploads\/2025\/05\/pexels-martinpechy-922100-scaled.jpg\",\"keywords\":[\"\u00e9t\u00e9\"],\"articleSection\":[\"Bien-\u00eatre\"],\"inLanguage\":\"fr-FR\",\"potentialAction\":[{\"@type\":\"CommentAction\",\"name\":\"Comment\",\"target\":[\"https:\/\/www.medoucine.com\/blog\/faites-le-plein-de-bonnes-energies-pour-passer-un-bel-ete\/#respond\"]}]},{\"@type\":\"WebPage\",\"@id\":\"https:\/\/www.medoucine.com\/blog\/faites-le-plein-de-bonnes-energies-pour-passer-un-bel-ete\/\",\"url\":\"https:\/\/www.medoucine.com\/blog\/faites-le-plein-de-bonnes-energies-pour-passer-un-bel-ete\/\",\"name\":\"Faites le plein de bonnes \u00e9nergies pour passer un bel \u00e9t\u00e9 !\",\"isPartOf\":{\"@id\":\"https:\/\/www.medoucine.com\/blog\/#website\"},\"primaryImageOfPage\":{\"@id\":\"https:\/\/www.medoucine.com\/blog\/faites-le-plein-de-bonnes-energies-pour-passer-un-bel-ete\/#primaryimage\"},\"image\":{\"@id\":\"https:\/\/www.medoucine.com\/blog\/faites-le-plein-de-bonnes-energies-pour-passer-un-bel-ete\/#primaryimage\"},\"thumbnailUrl\":\"https:\/\/www.medoucine.com\/blog\/wp-content\/uploads\/2025\/05\/pexels-martinpechy-922100-scaled.jpg\",\"datePublished\":\"2025-06-26T05:30:39+00:00\",\"dateModified\":\"2026-04-08T15:47:06+00:00\",\"description\":\"Cette ann\u00e9e, c\u2019est d\u00e9cid\u00e9, vous serez \u00e9nerg\u00e9tiquement zen d\u00e8s le premier jour des vacances d'\u00e9t\u00e9 pour ne pas en perdre une miette.\",\"breadcrumb\":{\"@id\":\"https:\/\/www.medoucine.com\/blog\/faites-le-plein-de-bonnes-energies-pour-passer-un-bel-ete\/#breadcrumb\"},\"inLanguage\":\"fr-FR\",\"potentialAction\":[{\"@type\":\"ReadAction\",\"target\":[\"https:\/\/www.medoucine.com\/blog\/faites-le-plein-de-bonnes-energies-pour-passer-un-bel-ete\/\"]}]},{\"@type\":\"ImageObject\",\"inLanguage\":\"fr-FR\",\"@id\":\"https:\/\/www.medoucine.com\/blog\/faites-le-plein-de-bonnes-energies-pour-passer-un-bel-ete\/#primaryimage\",\"url\":\"https:\/\/www.medoucine.com\/blog\/wp-content\/uploads\/2025\/05\/pexels-martinpechy-922100-scaled.jpg\",\"contentUrl\":\"https:\/\/www.medoucine.com\/blog\/wp-content\/uploads\/2025\/05\/pexels-martinpechy-922100-scaled.jpg\",\"width\":2560,\"height\":1707,\"caption\":\"Homme lisant un livre sur la plage\"},{\"@type\":\"BreadcrumbList\",\"@id\":\"https:\/\/www.medoucine.com\/blog\/faites-le-plein-de-bonnes-energies-pour-passer-un-bel-ete\/#breadcrumb\",\"itemListElement\":[{\"@type\":\"ListItem\",\"position\":1,\"name\":\"Blog Medoucine\",\"item\":\"https:\/\/www.medoucine.com\/blog\/\"},{\"@type\":\"ListItem\",\"position\":2,\"name\":\"Beaut\u00e9 &amp; Bien-\u00eatre\",\"item\":\"https:\/\/www.medoucine.com\/blog\/cat\/beaute-bien-etre\/\"},{\"@type\":\"ListItem\",\"position\":3,\"name\":\"Bien-\u00eatre\",\"item\":\"https:\/\/www.medoucine.com\/blog\/cat\/beaute-bien-etre\/bien-etre\/\"},{\"@type\":\"ListItem\",\"position\":4,\"name\":\"Faites le plein de bonnes \u00e9nergies pour passer un bel \u00e9t\u00e9 !\"}]},{\"@type\":\"WebSite\",\"@id\":\"https:\/\/www.medoucine.com\/blog\/#website\",\"url\":\"https:\/\/www.medoucine.com\/blog\/\",\"name\":\"Blog de Medoucine\",\"description\":\"Le blog des m\u00e9decines douces\",\"publisher\":{\"@id\":\"https:\/\/www.medoucine.com\/blog\/#organization\"},\"potentialAction\":[{\"@type\":\"SearchAction\",\"target\":{\"@type\":\"EntryPoint\",\"urlTemplate\":\"https:\/\/www.medoucine.com\/blog\/?s={search_term_string}\"},\"query-input\":{\"@type\":\"PropertyValueSpecification\",\"valueRequired\":true,\"valueName\":\"search_term_string\"}}],\"inLanguage\":\"fr-FR\"},{\"@type\":\"Organization\",\"@id\":\"https:\/\/www.medoucine.com\/blog\/#organization\",\"name\":\"Medoucine\",\"url\":\"https:\/\/www.medoucine.com\/blog\/\",\"logo\":{\"@type\":\"ImageObject\",\"inLanguage\":\"fr-FR\",\"@id\":\"https:\/\/www.medoucine.com\/blog\/#\/schema\/logo\/image\/\",\"url\":\"https:\/\/www.medoucine.com\/blog\/wp-content\/uploads\/2019\/07\/logo@3x.png\",\"contentUrl\":\"https:\/\/www.medoucine.com\/blog\/wp-content\/uploads\/2019\/07\/logo@3x.png\",\"width\":555,\"height\":135,\"caption\":\"Medoucine\"},\"image\":{\"@id\":\"https:\/\/www.medoucine.com\/blog\/#\/schema\/logo\/image\/\"},\"sameAs\":[\"https:\/\/www.facebook.com\/medoucine\/\",\"https:\/\/x.com\/medoucinefr\",\"https:\/\/www.instagram.com\/medoucine\/\",\"https:\/\/www.youtube.com\/channel\/UCtZeUeJ_KebYK0KJAXjJV8g\"]},{\"@type\":\"Person\",\"@id\":\"https:\/\/www.medoucine.com\/blog\/#\/schema\/person\/e8bfb3ebf5e57af8096631be70dedd36\",\"name\":\"Camille Affortit\",\"image\":{\"@type\":\"ImageObject\",\"inLanguage\":\"fr-FR\",\"@id\":\"https:\/\/www.medoucine.com\/blog\/#\/schema\/person\/image\/\",\"url\":\"https:\/\/secure.gravatar.com\/avatar\/81dad3870a9e429a4a777f30457fe0ed4428325d7a7bf0b7f0b4f4eb0fd16fa4?s=96&d=mm&r=g\",\"contentUrl\":\"https:\/\/secure.gravatar.com\/avatar\/81dad3870a9e429a4a777f30457fe0ed4428325d7a7bf0b7f0b4f4eb0fd16fa4?s=96&d=mm&r=g\",\"caption\":\"Camille Affortit\"},\"description\":\"Retrouvez votre \u00e9nergie physique et psychologique, je vous aide avec bienveillance \u00e0 redevenir ou \u00e0 \u00eatre la meilleure version de vous-m\u00eame !\",\"sameAs\":[\"https:\/\/www.medoucine.com\/consultation\/biarritz\/camille-affortit\/19271\"],\"url\":\"https:\/\/www.medoucine.com\/blog\/author\/camille_affortit\/\"}]}<\/script>\n<!-- \/ Yoast SEO plugin. -->","yoast_head_json":{"title":"Faites le plein de bonnes \u00e9nergies pour passer un bel \u00e9t\u00e9 !","description":"Cette ann\u00e9e, c\u2019est d\u00e9cid\u00e9, vous serez \u00e9nerg\u00e9tiquement zen d\u00e8s le premier jour des vacances d'\u00e9t\u00e9 pour ne pas en perdre une miette.","robots":{"index":"index","follow":"follow","max-snippet":"max-snippet:-1","max-image-preview":"max-image-preview:large","max-video-preview":"max-video-preview:-1"},"canonical":"https:\/\/www.medoucine.com\/blog\/faites-le-plein-de-bonnes-energies-pour-passer-un-bel-ete\/","og_locale":"fr_FR","og_type":"article","og_title":"Faites le plein de bonnes \u00e9nergies pour passer un bel \u00e9t\u00e9 !","og_description":"Cette ann\u00e9e, c\u2019est d\u00e9cid\u00e9, vous serez \u00e9nerg\u00e9tiquement zen d\u00e8s le premier jour des vacances d'\u00e9t\u00e9 pour ne pas en perdre une miette.","og_url":"https:\/\/www.medoucine.com\/blog\/faites-le-plein-de-bonnes-energies-pour-passer-un-bel-ete\/","og_site_name":"Blog de Medoucine","article_publisher":"https:\/\/www.facebook.com\/medoucine\/","article_published_time":"2025-06-26T05:30:39+00:00","article_modified_time":"2026-04-08T15:47:06+00:00","og_image":[{"width":2560,"height":1707,"url":"https:\/\/www.medoucine.com\/blog\/wp-content\/uploads\/2025\/05\/pexels-martinpechy-922100-scaled.jpg","type":"image\/jpeg"}],"author":"Camille Affortit","twitter_card":"summary_large_image","twitter_creator":"@medoucinefr","twitter_site":"@medoucinefr","twitter_misc":{"\u00c9crit par":"Camille Affortit","Dur\u00e9e de lecture estim\u00e9e":"6 minutes"},"schema":{"@context":"https:\/\/schema.org","@graph":[{"@type":"Article","@id":"https:\/\/www.medoucine.com\/blog\/faites-le-plein-de-bonnes-energies-pour-passer-un-bel-ete\/#article","isPartOf":{"@id":"https:\/\/www.medoucine.com\/blog\/faites-le-plein-de-bonnes-energies-pour-passer-un-bel-ete\/"},"author":{"name":"Camille Affortit","@id":"https:\/\/www.medoucine.com\/blog\/#\/schema\/person\/e8bfb3ebf5e57af8096631be70dedd36"},"headline":"Faites le plein de bonnes \u00e9nergies pour passer un bel \u00e9t\u00e9 !","datePublished":"2025-06-26T05:30:39+00:00","dateModified":"2026-04-08T15:47:06+00:00","mainEntityOfPage":{"@id":"https:\/\/www.medoucine.com\/blog\/faites-le-plein-de-bonnes-energies-pour-passer-un-bel-ete\/"},"wordCount":1242,"commentCount":0,"publisher":{"@id":"https:\/\/www.medoucine.com\/blog\/#organization"},"image":{"@id":"https:\/\/www.medoucine.com\/blog\/faites-le-plein-de-bonnes-energies-pour-passer-un-bel-ete\/#primaryimage"},"thumbnailUrl":"https:\/\/www.medoucine.com\/blog\/wp-content\/uploads\/2025\/05\/pexels-martinpechy-922100-scaled.jpg","keywords":["\u00e9t\u00e9"],"articleSection":["Bien-\u00eatre"],"inLanguage":"fr-FR","potentialAction":[{"@type":"CommentAction","name":"Comment","target":["https:\/\/www.medoucine.com\/blog\/faites-le-plein-de-bonnes-energies-pour-passer-un-bel-ete\/#respond"]}]},{"@type":"WebPage","@id":"https:\/\/www.medoucine.com\/blog\/faites-le-plein-de-bonnes-energies-pour-passer-un-bel-ete\/","url":"https:\/\/www.medoucine.com\/blog\/faites-le-plein-de-bonnes-energies-pour-passer-un-bel-ete\/","name":"Faites le plein de bonnes \u00e9nergies pour passer un bel \u00e9t\u00e9 !","isPartOf":{"@id":"https:\/\/www.medoucine.com\/blog\/#website"},"primaryImageOfPage":{"@id":"https:\/\/www.medoucine.com\/blog\/faites-le-plein-de-bonnes-energies-pour-passer-un-bel-ete\/#primaryimage"},"image":{"@id":"https:\/\/www.medoucine.com\/blog\/faites-le-plein-de-bonnes-energies-pour-passer-un-bel-ete\/#primaryimage"},"thumbnailUrl":"https:\/\/www.medoucine.com\/blog\/wp-content\/uploads\/2025\/05\/pexels-martinpechy-922100-scaled.jpg","datePublished":"2025-06-26T05:30:39+00:00","dateModified":"2026-04-08T15:47:06+00:00","description":"Cette ann\u00e9e, c\u2019est d\u00e9cid\u00e9, vous serez \u00e9nerg\u00e9tiquement zen d\u00e8s le premier jour des vacances d'\u00e9t\u00e9 pour ne pas en perdre une miette.","breadcrumb":{"@id":"https:\/\/www.medoucine.com\/blog\/faites-le-plein-de-bonnes-energies-pour-passer-un-bel-ete\/#breadcrumb"},"inLanguage":"fr-FR","potentialAction":[{"@type":"ReadAction","target":["https:\/\/www.medoucine.com\/blog\/faites-le-plein-de-bonnes-energies-pour-passer-un-bel-ete\/"]}]},{"@type":"ImageObject","inLanguage":"fr-FR","@id":"https:\/\/www.medoucine.com\/blog\/faites-le-plein-de-bonnes-energies-pour-passer-un-bel-ete\/#primaryimage","url":"https:\/\/www.medoucine.com\/blog\/wp-content\/uploads\/2025\/05\/pexels-martinpechy-922100-scaled.jpg","contentUrl":"https:\/\/www.medoucine.com\/blog\/wp-content\/uploads\/2025\/05\/pexels-martinpechy-922100-scaled.jpg","width":2560,"height":1707,"caption":"Homme lisant un livre sur la plage"},{"@type":"BreadcrumbList","@id":"https:\/\/www.medoucine.com\/blog\/faites-le-plein-de-bonnes-energies-pour-passer-un-bel-ete\/#breadcrumb","itemListElement":[{"@type":"ListItem","position":1,"name":"Blog Medoucine","item":"https:\/\/www.medoucine.com\/blog\/"},{"@type":"ListItem","position":2,"name":"Beaut\u00e9 &amp; Bien-\u00eatre","item":"https:\/\/www.medoucine.com\/blog\/cat\/beaute-bien-etre\/"},{"@type":"ListItem","position":3,"name":"Bien-\u00eatre","item":"https:\/\/www.medoucine.com\/blog\/cat\/beaute-bien-etre\/bien-etre\/"},{"@type":"ListItem","position":4,"name":"Faites le plein de bonnes \u00e9nergies pour passer un bel \u00e9t\u00e9 !"}]},{"@type":"WebSite","@id":"https:\/\/www.medoucine.com\/blog\/#website","url":"https:\/\/www.medoucine.com\/blog\/","name":"Blog de Medoucine","description":"Le blog des m\u00e9decines douces","publisher":{"@id":"https:\/\/www.medoucine.com\/blog\/#organization"},"potentialAction":[{"@type":"SearchAction","target":{"@type":"EntryPoint","urlTemplate":"https:\/\/www.medoucine.com\/blog\/?s={search_term_string}"},"query-input":{"@type":"PropertyValueSpecification","valueRequired":true,"valueName":"search_term_string"}}],"inLanguage":"fr-FR"},{"@type":"Organization","@id":"https:\/\/www.medoucine.com\/blog\/#organization","name":"Medoucine","url":"https:\/\/www.medoucine.com\/blog\/","logo":{"@type":"ImageObject","inLanguage":"fr-FR","@id":"https:\/\/www.medoucine.com\/blog\/#\/schema\/logo\/image\/","url":"https:\/\/www.medoucine.com\/blog\/wp-content\/uploads\/2019\/07\/logo@3x.png","contentUrl":"https:\/\/www.medoucine.com\/blog\/wp-content\/uploads\/2019\/07\/logo@3x.png","width":555,"height":135,"caption":"Medoucine"},"image":{"@id":"https:\/\/www.medoucine.com\/blog\/#\/schema\/logo\/image\/"},"sameAs":["https:\/\/www.facebook.com\/medoucine\/","https:\/\/x.com\/medoucinefr","https:\/\/www.instagram.com\/medoucine\/","https:\/\/www.youtube.com\/channel\/UCtZeUeJ_KebYK0KJAXjJV8g"]},{"@type":"Person","@id":"https:\/\/www.medoucine.com\/blog\/#\/schema\/person\/e8bfb3ebf5e57af8096631be70dedd36","name":"Camille Affortit","image":{"@type":"ImageObject","inLanguage":"fr-FR","@id":"https:\/\/www.medoucine.com\/blog\/#\/schema\/person\/image\/","url":"https:\/\/secure.gravatar.com\/avatar\/81dad3870a9e429a4a777f30457fe0ed4428325d7a7bf0b7f0b4f4eb0fd16fa4?s=96&d=mm&r=g","contentUrl":"https:\/\/secure.gravatar.com\/avatar\/81dad3870a9e429a4a777f30457fe0ed4428325d7a7bf0b7f0b4f4eb0fd16fa4?s=96&d=mm&r=g","caption":"Camille Affortit"},"description":"Retrouvez votre \u00e9nergie physique et psychologique, je vous aide avec bienveillance \u00e0 redevenir ou \u00e0 \u00eatre la meilleure version de vous-m\u00eame !","sameAs":["https:\/\/www.medoucine.com\/consultation\/biarritz\/camille-affortit\/19271"],"url":"https:\/\/www.medoucine.com\/blog\/author\/camille_affortit\/"}]}},"_links":{"self":[{"href":"https:\/\/www.medoucine.com\/blog\/wp-json\/wp\/v2\/posts\/36034","targetHints":{"allow":["GET"]}}],"collection":[{"href":"https:\/\/www.medoucine.com\/blog\/wp-json\/wp\/v2\/posts"}],"about":[{"href":"https:\/\/www.medoucine.com\/blog\/wp-json\/wp\/v2\/types\/post"}],"author":[{"embeddable":true,"href":"https:\/\/www.medoucine.com\/blog\/wp-json\/wp\/v2\/users\/971"}],"replies":[{"embeddable":true,"href":"https:\/\/www.medoucine.com\/blog\/wp-json\/wp\/v2\/comments?post=36034"}],"version-history":[{"count":7,"href":"https:\/\/www.medoucine.com\/blog\/wp-json\/wp\/v2\/posts\/36034\/revisions"}],"predecessor-version":[{"id":41812,"href":"https:\/\/www.medoucine.com\/blog\/wp-json\/wp\/v2\/posts\/36034\/revisions\/41812"}],"wp:featuredmedia":[{"embeddable":true,"href":"https:\/\/www.medoucine.com\/blog\/wp-json\/wp\/v2\/media\/36182"}],"wp:attachment":[{"href":"https:\/\/www.medoucine.com\/blog\/wp-json\/wp\/v2\/media?parent=36034"}],"wp:term":[{"taxonomy":"category","embeddable":true,"href":"https:\/\/www.medoucine.com\/blog\/wp-json\/wp\/v2\/categories?post=36034"},{"taxonomy":"post_tag","embeddable":true,"href":"https:\/\/www.medoucine.com\/blog\/wp-json\/wp\/v2\/tags?post=36034"}],"curies":[{"name":"wp","href":"https:\/\/api.w.org\/{rel}","templated":true}]}}