{"id":35924,"date":"2025-07-18T07:30:10","date_gmt":"2025-07-18T05:30:10","guid":{"rendered":"https:\/\/www.medoucine.com\/blog\/?p=35924"},"modified":"2026-04-08T17:46:16","modified_gmt":"2026-04-08T15:46:16","slug":"mettre-son-humeur-en-lumiere-avec-lart-therapie","status":"publish","type":"post","link":"https:\/\/www.medoucine.com\/blog\/mettre-son-humeur-en-lumiere-avec-lart-therapie\/","title":{"rendered":"Mettre son humeur en lumi\u00e8re avec l&rsquo;art th\u00e9rapie"},"content":{"rendered":"<p class=\"has-drop-cap\" style=\"text-align: left\">Dans le c\u00e9l\u00e8bre jeu d\u2019enfants \u00ab\u00a01, 2, 3 Soleil\u00a0\u00bb, on avance \u00e0 petits pas vers une lumi\u00e8re symbolique, en s\u2019immobilisant d\u00e8s qu\u2019on est observ\u00e9. Et si ce jeu refl\u00e9tait, d\u2019une certaine mani\u00e8re, notre rapport au bien-\u00eatre et \u00e0 la lumi\u00e8re du soleil ? Aujourd\u2019hui, nous explorons le lien entre <strong>lumi\u00e8re naturelle, humeur, et mieux-\u00eatre.<\/strong> Quand la lumi\u00e8re se rallonge avec ces journ\u00e9es de printemps, notre cerveau repart \u00e0 la bonne humeur : ainsi que notre m\u00e9moire et notre concentration.<\/p>\r\n\r\n<h2 style=\"text-align: left\">La lumi\u00e8re du soleil, une alli\u00e9e pour l\u2019esprit<\/h2>\r\n<p style=\"text-align: left\">La lumi\u00e8re naturelle joue un r\u00f4le fondamental sur notre moral. <strong>Elle r\u00e9gule notre horloge biologique, stimule la production de <a href=\"https:\/\/institutducerveau.org\/lexique\/serotonine#:~:text=Neurotransmetteur%20notamment%20impliqu%C3%A9%20dans%20la,sur%20lequel%20elle%20se%20fixe.\">s\u00e9rotonine (l\u2019hormone du bonheur)<\/a> et nous aide \u00e0 mieux dormir en favorisant la <a href=\"https:\/\/www.medoucine.com\/blog\/\/troubles-du-sommeil-attention-aux-effets-secondaires-de-la-melatonine\/\">production de m\u00e9latonine<\/a> le soir venu.<\/strong> C\u2019est d\u2019ailleurs pour cette raison que l\u2019on parle souvent de \u00ab d\u00e9pression saisonni\u00e8re \u00bb en hiver, p\u00e9riode o\u00f9 la lumi\u00e8re se fait rare. Alors, exposons-nous tr\u00e8s t\u00f4t \u00e0 la lumi\u00e8re le matin et limitons les sources lumineuses comme les \u00e9crans le soir \u00e0 la nuit tomb\u00e9e.<\/p>\r\n<p style=\"text-align: left\">Mais au-del\u00e0 de la biologie, la lumi\u00e8re <strong>influence aussi notre perception du monde.<\/strong> Une \u00e9tude r\u00e9cente montre que la lumi\u00e8re du soleil tout comme les panneaux LED stimulent notre cerveau via des cellules sp\u00e9ciales d\u00e9couvertes r\u00e9cemment : des espaces lumineux et ensoleill\u00e9s inspirent souvent des \u00e9motions positives et de l\u2019ouverture. 36% d&rsquo;am\u00e9lioration des r\u00e9sultats scolaires quand la classe est vivement \u00e9clair\u00e9e, contre seulement 18% si elle l&rsquo;est faiblement\u00a0\u00bb nous signale Frank Luerweg dans Cerveau &amp; Psycho n\u00b0175.<\/p>\r\n<p style=\"text-align: left\">Ce cocktail d&rsquo;hormones d\u00fb \u00e0 la lumi\u00e8re du soleil qui boostent notre concentration a longtemps \u00e9t\u00e9 sous-estim\u00e9, que ce soit pour garantir notre rythme sain de sommeil, d&rsquo;\u00e9veil mais aussi une bonne synchronisation physiologique dans le corps ou de notre bon fonctionnement cognitif, d&rsquo;o\u00f9 <strong>l&rsquo;importance de bien g\u00e9rer ses horaires du matin et du soir :<\/strong> \u00e9viter de trop <a href=\"https:\/\/www.medoucine.com\/blog\/\/ecrans-pourquoi-et-comment-parvenir-a-se-deconnecter\/\">s&rsquo;exposer \u00e0 la lumi\u00e8re bleue le soir des \u00e9crans<\/a> et faire le plein d&rsquo;\u00e9nergie en cherchant les rayons du soleil du matin.<\/p>\r\n\r\n\r\n<div style=\"width: 592px\" class=\"wp-caption aligncenter\"><img loading=\"lazy\" decoding=\"async\" class=\"\" src=\"https:\/\/www.medoucine.com\/blog\/\/wp-content\/uploads\/2025\/07\/pexels-cottonbro-4921128-scaled.jpg\" alt=\"Femme souriante en plein air, \u00e9clair\u00e9e par la lumi\u00e8re du soleil, cheveux au vent\" width=\"582\" height=\"873\" \/><p class=\"wp-caption-text\">Pexels<\/p><\/div>\n\n<div class=\"m-spin\">\n    <p class=\"m-spin__text\"><strong>L&rsquo;art-th\u00e9rapie : lib\u00e9rez votre potentiel cr\u00e9atif<\/strong><\/p>\n    <p class=\"m-spin__text\">L&rsquo;art-th\u00e9rapie utilise l&rsquo;expression artistique pour explorer vos \u00e9motions et am\u00e9liorer votre bien-\u00eatre. Prenez rendez-vous avec un <a class=\"m-spin__link\" target=\"_blank\" rel=\"noopener noreferrer\" href=\"https:\/\/www.medoucine.com\/consultations\/se-soigner\/art-therapie\/nice\/tous-publics\/a-domicile-ou-cabinet?utm_source=medoucine_blog_B2C&amp;utm_medium=article_blog&amp;utm_campaign=spin_seo\">Art-th\u00e9rapeute \u00e0 Nice<\/a>, un <a class=\"m-spin__link\" target=\"_blank\" rel=\"noopener noreferrer\" href=\"https:\/\/www.medoucine.com\/consultations\/se-soigner\/art-therapie\/rennes\/tous-publics\/a-domicile-ou-cabinet?utm_source=medoucine_blog_B2C&amp;utm_medium=article_blog&amp;utm_campaign=spin_seo\">Art-th\u00e9rapeute \u00e0 Rennes<\/a> ou un <a class=\"m-spin__link\" target=\"_blank\" rel=\"noopener noreferrer\" href=\"https:\/\/www.medoucine.com\/consultations\/se-soigner\/art-therapie\/toulouse\/tous-publics\/a-domicile-ou-cabinet?utm_source=medoucine_blog_B2C&amp;utm_medium=article_blog&amp;utm_campaign=spin_seo\">Art-th\u00e9rapeute \u00e0 Toulouse<\/a> pour un accompagnement personnalis\u00e9.<\/p>\n    <p class=\"m-spin__text\">Vous cherchez un soutien cr\u00e9atif ? Trouvez des <a class=\"m-spin__link\" target=\"_blank\" rel=\"noopener noreferrer\" href=\"https:\/\/www.medoucine.com\/consultations\/se-soigner\/art-therapie\/autour-de-moi?utm_source=medoucine_blog_B2C&amp;utm_medium=article_blog&amp;utm_campaign=spin_seo\">Sp\u00e9cialistes en Art-th\u00e9rapie pr\u00e8s de chez vous<\/a> pour vous accompagner dans votre parcours.<\/p>\n<\/div>\n\n<h2 style=\"text-align: left\">Art-th\u00e9rapie : Les bienfaits de la cr\u00e9ation pour mieux rayonner<\/h2>\r\n<p style=\"text-align: left\">L\u2019art-th\u00e9rapie repose sur un principe simple : <strong>s\u2019exprimer par la cr\u00e9ation artistique pour explorer ses \u00e9motions, mieux se conna\u00eetre et se reconstruire.<\/strong> Il ne s\u2019agit pas de \u00ab bien dessiner \u00bb, mais plut\u00f4t de laisser parler ses mains, ses couleurs, ses formes, dans un cadre bienveillant,\u00a0 accompagn\u00e9 par un(e) professionnel(le).<\/p>\r\n<p style=\"text-align: left\"><strong>Int\u00e9grer la lumi\u00e8re, le soleil ou l\u2019id\u00e9e du rayonnement dans un atelier d\u2019art-th\u00e9rapie peut \u00eatre particuli\u00e8rement puissant.\u00a0<\/strong>Peindre son soleil int\u00e9rieur : repr\u00e9senter ce qui nous r\u00e9chauffe, nous \u00e9claire, nous donne de la force. Ce \u00ab soleil int\u00e9rieur \u00bb peut \u00eatre symbolis\u00e9 par des couleurs chaudes, des formes rayonnantes, des collages lumineux, des formes en 3D \u00e0 travers l&rsquo;argile (sa flamme, son dragon, son feu int\u00e9rieur.).<\/p>\r\n\r\n\r\n<div style=\"width: 590px\" class=\"wp-caption aligncenter\"><img loading=\"lazy\" decoding=\"async\" class=\"\" src=\"https:\/\/www.medoucine.com\/blog\/\/wp-content\/uploads\/2025\/07\/pexels-fotios-photos-30064948-scaled.jpg\" alt=\"Main d'un enfant peignant avec de l\u2019aquarelle sur une feuille blanche\" width=\"580\" height=\"773\" \/><p class=\"wp-caption-text\">Pexels<\/p><\/div>\r\n<h2 style=\"text-align: left\">La lumi\u00e8re comme tremplin \u00e9motionnel<\/h2>\r\n<p style=\"text-align: left\">L\u2019art-th\u00e9rapie, combin\u00e9e \u00e0 la symbolique de la lumi\u00e8re et du soleil, devient un outil puissant pour accompagner les \u00e9motions, sortir de l\u2019ombre et retrouver le go\u00fbt de cr\u00e9er, de vivre, de briller. Dans un monde souvent agit\u00e9, s\u2019accorder un moment pour \u201cjouer \u00e0 1, 2, 3 Soleil\u201d en version artistique, c\u2019est faire un pas vers soi, avec douceur et clart\u00e9. Cela permet de se reconnecter \u00e0 des moments heureux, et de raviver un sentiment de bien-\u00eatre&#8230; bref : <strong>un petit boost d&rsquo;humeur lumineuse.<\/strong><\/p>\r\n<p style=\"text-align: left\"><\/p>\r\n<p style=\"text-align: left\">par <a href=\"https:\/\/www.medoucine.com\/consultation\/saint-leger-les-vignes\/nathalie-bruyere\/13724\"><strong>Nathalie Bruyere, praticienne en art th\u00e9rapie<\/strong><\/a>\u00a0du r\u00e9seau M\u00e9doucine.<\/p>\r\n<p style=\"text-align: left\"><a href=\"https:\/\/www.medoucine.com\/pratiques\/art-therapie\"><strong>Trouvez un praticien en art th\u00e9rapie pr\u00e8s de chez vous sur M\u00e9doucine<\/strong>.<\/a><\/p>\r\n<p style=\"text-align: left\"><strong>\u00c0 lire aussi\u00a0:<\/strong><\/p>\r\n\r\n<ul>\r\n \t<li style=\"text-align: left\"><a href=\"https:\/\/www.medoucine.com\/blog\/\/lumiere-sur-la-vitamine-d-la-cle-dune-sante-rayonnante\/\">Lumi\u00e8re sur la vitamine D : La cl\u00e9 d\u2019une sant\u00e9 rayonnante<\/a><\/li>\r\n \t<li style=\"text-align: left\"><a href=\"https:\/\/www.medoucine.com\/blog\/\/comment-faire-le-plein-de-lumiere-lorsque-les-jours-raccourcissent\/\">Comment faire le plein de lumi\u00e8re lorsque les jours raccourcissent ?<\/a><\/li>\r\n \t<li style=\"text-align: left\"><a href=\"https:\/\/www.medoucine.com\/blog\/\/quelles-sont-les-differences-entre-art-therapie-et-ateliers-artistiques\/\">Quelles sont les diff\u00e9rences entre art th\u00e9rapie et ateliers artistiques ?<\/a><\/li>\r\n<\/ul>\r\n<!-- \/wp:post-content -->","protected":false},"excerpt":{"rendered":"<p>Dans le c\u00e9l\u00e8bre jeu d\u2019enfants \u00ab\u00a01, 2, 3 Soleil\u00a0\u00bb, on avance \u00e0 petits pas vers une lumi\u00e8re symbolique, en s\u2019immobilisant d\u00e8s qu\u2019on est observ\u00e9. Et si ce jeu refl\u00e9tait, d\u2019une certaine mani\u00e8re, notre rapport au bien-\u00eatre et \u00e0 la lumi\u00e8re du soleil ? Aujourd\u2019hui, nous explorons le lien entre lumi\u00e8re naturelle, humeur, et mieux-\u00eatre. Quand la lumi\u00e8re se rallonge avec ces journ\u00e9es de printemps, notre cerveau repart \u00e0 la bonne humeur : ainsi que notre m\u00e9moire et notre concentration. La lumi\u00e8re du soleil, une alli\u00e9e pour l\u2019esprit La lumi\u00e8re naturelle joue un r\u00f4le fondamental sur notre moral. Elle r\u00e9gule notre horloge biologique, stimule la production de s\u00e9rotonine (l\u2019hormone du bonheur) et nous aide \u00e0 mieux dormir en favorisant la production de m\u00e9latonine le soir venu. C\u2019est d\u2019ailleurs pour cette raison que l\u2019on parle souvent de [&hellip;]<\/p>\n","protected":false},"author":803,"featured_media":36519,"comment_status":"open","ping_status":"open","sticky":false,"template":"","format":"standard","meta":{"_acf_changed":false,"footnotes":""},"categories":[618],"tags":[],"class_list":["post-35924","post","type-post","status-publish","format-standard","has-post-thumbnail","hentry","category-developpement-personnel"],"acf":[],"yoast_head":"<!-- This site is optimized with the Yoast SEO plugin v27.1.1 - https:\/\/yoast.com\/product\/yoast-seo-wordpress\/ -->\n<title>Mettre son humeur en lumi\u00e8re avec l&#039;art th\u00e9rapie ~ Blog de Medoucine<\/title>\n<meta name=\"description\" content=\"Aujourd\u2019hui, nous explorons le lien entre lumi\u00e8re naturelle, humeur, et mieux-\u00eatre. Quand la lumi\u00e8re est l\u00e0, on retrouve sa bonne humeur !\" \/>\n<meta name=\"robots\" content=\"index, follow, max-snippet:-1, max-image-preview:large, max-video-preview:-1\" \/>\n<link rel=\"canonical\" href=\"https:\/\/www.medoucine.com\/blog\/mettre-son-humeur-en-lumiere-avec-lart-therapie\/\" \/>\n<meta property=\"og:locale\" content=\"fr_FR\" \/>\n<meta property=\"og:type\" content=\"article\" \/>\n<meta property=\"og:title\" content=\"Mettre son humeur en lumi\u00e8re avec l&#039;art th\u00e9rapie ~ Blog de Medoucine\" \/>\n<meta property=\"og:description\" content=\"Aujourd\u2019hui, nous explorons le lien entre lumi\u00e8re naturelle, humeur, et mieux-\u00eatre. Quand la lumi\u00e8re est l\u00e0, on retrouve sa bonne humeur !\" \/>\n<meta property=\"og:url\" content=\"https:\/\/www.medoucine.com\/blog\/mettre-son-humeur-en-lumiere-avec-lart-therapie\/\" \/>\n<meta property=\"og:site_name\" content=\"Blog de Medoucine\" \/>\n<meta property=\"article:publisher\" content=\"https:\/\/www.facebook.com\/medoucine\/\" \/>\n<meta property=\"article:published_time\" content=\"2025-07-18T05:30:10+00:00\" \/>\n<meta property=\"article:modified_time\" content=\"2026-04-08T15:46:16+00:00\" \/>\n<meta property=\"og:image\" content=\"https:\/\/www.medoucine.com\/blog\/wp-content\/uploads\/2025\/07\/pexels-yankrukov-6209818-scaled.jpg\" \/>\n\t<meta property=\"og:image:width\" content=\"2560\" \/>\n\t<meta property=\"og:image:height\" content=\"1707\" \/>\n\t<meta property=\"og:image:type\" content=\"image\/jpeg\" \/>\n<meta name=\"author\" content=\"Nathalie Bruyere\" \/>\n<meta name=\"twitter:card\" content=\"summary_large_image\" \/>\n<meta name=\"twitter:creator\" content=\"@medoucinefr\" \/>\n<meta name=\"twitter:site\" content=\"@medoucinefr\" \/>\n<meta name=\"twitter:label1\" content=\"\u00c9crit par\" \/>\n\t<meta name=\"twitter:data1\" content=\"Nathalie Bruyere\" \/>\n\t<meta name=\"twitter:label2\" content=\"Dur\u00e9e de lecture estim\u00e9e\" \/>\n\t<meta name=\"twitter:data2\" content=\"4 minutes\" \/>\n<script type=\"application\/ld+json\" class=\"yoast-schema-graph\">{\"@context\":\"https:\/\/schema.org\",\"@graph\":[{\"@type\":\"Article\",\"@id\":\"https:\/\/www.medoucine.com\/blog\/mettre-son-humeur-en-lumiere-avec-lart-therapie\/#article\",\"isPartOf\":{\"@id\":\"https:\/\/www.medoucine.com\/blog\/mettre-son-humeur-en-lumiere-avec-lart-therapie\/\"},\"author\":{\"name\":\"Nathalie Bruyere\",\"@id\":\"https:\/\/www.medoucine.com\/blog\/#\/schema\/person\/a61af30109c63031488024f12f432f92\"},\"headline\":\"Mettre son humeur en lumi\u00e8re avec l&rsquo;art th\u00e9rapie\",\"datePublished\":\"2025-07-18T05:30:10+00:00\",\"dateModified\":\"2026-04-08T15:46:16+00:00\",\"mainEntityOfPage\":{\"@id\":\"https:\/\/www.medoucine.com\/blog\/mettre-son-humeur-en-lumiere-avec-lart-therapie\/\"},\"wordCount\":765,\"commentCount\":0,\"publisher\":{\"@id\":\"https:\/\/www.medoucine.com\/blog\/#organization\"},\"image\":{\"@id\":\"https:\/\/www.medoucine.com\/blog\/mettre-son-humeur-en-lumiere-avec-lart-therapie\/#primaryimage\"},\"thumbnailUrl\":\"https:\/\/www.medoucine.com\/blog\/wp-content\/uploads\/2025\/07\/pexels-yankrukov-6209818-scaled.jpg\",\"articleSection\":[\"D\u00e9veloppement personnel\"],\"inLanguage\":\"fr-FR\",\"potentialAction\":[{\"@type\":\"CommentAction\",\"name\":\"Comment\",\"target\":[\"https:\/\/www.medoucine.com\/blog\/mettre-son-humeur-en-lumiere-avec-lart-therapie\/#respond\"]}]},{\"@type\":\"WebPage\",\"@id\":\"https:\/\/www.medoucine.com\/blog\/mettre-son-humeur-en-lumiere-avec-lart-therapie\/\",\"url\":\"https:\/\/www.medoucine.com\/blog\/mettre-son-humeur-en-lumiere-avec-lart-therapie\/\",\"name\":\"Mettre son humeur en lumi\u00e8re avec l'art th\u00e9rapie ~ Blog de Medoucine\",\"isPartOf\":{\"@id\":\"https:\/\/www.medoucine.com\/blog\/#website\"},\"primaryImageOfPage\":{\"@id\":\"https:\/\/www.medoucine.com\/blog\/mettre-son-humeur-en-lumiere-avec-lart-therapie\/#primaryimage\"},\"image\":{\"@id\":\"https:\/\/www.medoucine.com\/blog\/mettre-son-humeur-en-lumiere-avec-lart-therapie\/#primaryimage\"},\"thumbnailUrl\":\"https:\/\/www.medoucine.com\/blog\/wp-content\/uploads\/2025\/07\/pexels-yankrukov-6209818-scaled.jpg\",\"datePublished\":\"2025-07-18T05:30:10+00:00\",\"dateModified\":\"2026-04-08T15:46:16+00:00\",\"description\":\"Aujourd\u2019hui, nous explorons le lien entre lumi\u00e8re naturelle, humeur, et mieux-\u00eatre. Quand la lumi\u00e8re est l\u00e0, on retrouve sa bonne humeur !\",\"breadcrumb\":{\"@id\":\"https:\/\/www.medoucine.com\/blog\/mettre-son-humeur-en-lumiere-avec-lart-therapie\/#breadcrumb\"},\"inLanguage\":\"fr-FR\",\"potentialAction\":[{\"@type\":\"ReadAction\",\"target\":[\"https:\/\/www.medoucine.com\/blog\/mettre-son-humeur-en-lumiere-avec-lart-therapie\/\"]}]},{\"@type\":\"ImageObject\",\"inLanguage\":\"fr-FR\",\"@id\":\"https:\/\/www.medoucine.com\/blog\/mettre-son-humeur-en-lumiere-avec-lart-therapie\/#primaryimage\",\"url\":\"https:\/\/www.medoucine.com\/blog\/wp-content\/uploads\/2025\/07\/pexels-yankrukov-6209818-scaled.jpg\",\"contentUrl\":\"https:\/\/www.medoucine.com\/blog\/wp-content\/uploads\/2025\/07\/pexels-yankrukov-6209818-scaled.jpg\",\"width\":2560,\"height\":1707,\"caption\":\"Femme aux cheveux boucl\u00e9s et chapeau beige profitant du soleil les yeux ferm\u00e9s\"},{\"@type\":\"BreadcrumbList\",\"@id\":\"https:\/\/www.medoucine.com\/blog\/mettre-son-humeur-en-lumiere-avec-lart-therapie\/#breadcrumb\",\"itemListElement\":[{\"@type\":\"ListItem\",\"position\":1,\"name\":\"Blog Medoucine\",\"item\":\"https:\/\/www.medoucine.com\/blog\/\"},{\"@type\":\"ListItem\",\"position\":2,\"name\":\"Psycho\",\"item\":\"https:\/\/www.medoucine.com\/blog\/cat\/psycho\/\"},{\"@type\":\"ListItem\",\"position\":3,\"name\":\"D\u00e9veloppement personnel\",\"item\":\"https:\/\/www.medoucine.com\/blog\/cat\/psycho\/developpement-personnel\/\"},{\"@type\":\"ListItem\",\"position\":4,\"name\":\"Mettre son humeur en lumi\u00e8re avec l&rsquo;art th\u00e9rapie\"}]},{\"@type\":\"WebSite\",\"@id\":\"https:\/\/www.medoucine.com\/blog\/#website\",\"url\":\"https:\/\/www.medoucine.com\/blog\/\",\"name\":\"Blog de Medoucine\",\"description\":\"Le blog des m\u00e9decines douces\",\"publisher\":{\"@id\":\"https:\/\/www.medoucine.com\/blog\/#organization\"},\"potentialAction\":[{\"@type\":\"SearchAction\",\"target\":{\"@type\":\"EntryPoint\",\"urlTemplate\":\"https:\/\/www.medoucine.com\/blog\/?s={search_term_string}\"},\"query-input\":{\"@type\":\"PropertyValueSpecification\",\"valueRequired\":true,\"valueName\":\"search_term_string\"}}],\"inLanguage\":\"fr-FR\"},{\"@type\":\"Organization\",\"@id\":\"https:\/\/www.medoucine.com\/blog\/#organization\",\"name\":\"Medoucine\",\"url\":\"https:\/\/www.medoucine.com\/blog\/\",\"logo\":{\"@type\":\"ImageObject\",\"inLanguage\":\"fr-FR\",\"@id\":\"https:\/\/www.medoucine.com\/blog\/#\/schema\/logo\/image\/\",\"url\":\"https:\/\/www.medoucine.com\/blog\/wp-content\/uploads\/2019\/07\/logo@3x.png\",\"contentUrl\":\"https:\/\/www.medoucine.com\/blog\/wp-content\/uploads\/2019\/07\/logo@3x.png\",\"width\":555,\"height\":135,\"caption\":\"Medoucine\"},\"image\":{\"@id\":\"https:\/\/www.medoucine.com\/blog\/#\/schema\/logo\/image\/\"},\"sameAs\":[\"https:\/\/www.facebook.com\/medoucine\/\",\"https:\/\/x.com\/medoucinefr\",\"https:\/\/www.instagram.com\/medoucine\/\",\"https:\/\/www.youtube.com\/channel\/UCtZeUeJ_KebYK0KJAXjJV8g\"]},{\"@type\":\"Person\",\"@id\":\"https:\/\/www.medoucine.com\/blog\/#\/schema\/person\/a61af30109c63031488024f12f432f92\",\"name\":\"Nathalie Bruyere\",\"image\":{\"@type\":\"ImageObject\",\"inLanguage\":\"fr-FR\",\"@id\":\"https:\/\/www.medoucine.com\/blog\/#\/schema\/person\/image\/\",\"url\":\"https:\/\/secure.gravatar.com\/avatar\/b3c4bc46ae7a19284e5cc82ac86972b837359435ff3e55eac010f1d9bb7a68b2?s=96&d=mm&r=g\",\"contentUrl\":\"https:\/\/secure.gravatar.com\/avatar\/b3c4bc46ae7a19284e5cc82ac86972b837359435ff3e55eac010f1d9bb7a68b2?s=96&d=mm&r=g\",\"caption\":\"Nathalie Bruyere\"},\"description\":\"A travers la production artistique, la th\u00e9rapie par l'Art s'adresse \u00e0 tous : enfant, ado, adulte : retrouvez votre joie int\u00e9rieure, votre \u00e9lan vital pour vous remettre en mouvement et redevenir acteur(trice) de votre vie en suivant vos d\u00e9sirs, vos go\u00fbts et vos valeurs.\",\"sameAs\":[\"https:\/\/www.medoucine.com\/consultation\/saint-leger-les-vignes\/nathalie-bruyere\/13724\"],\"url\":\"https:\/\/www.medoucine.com\/blog\/author\/nathalie_bruyere\/\"}]}<\/script>\n<!-- \/ Yoast SEO plugin. -->","yoast_head_json":{"title":"Mettre son humeur en lumi\u00e8re avec l'art th\u00e9rapie ~ Blog de Medoucine","description":"Aujourd\u2019hui, nous explorons le lien entre lumi\u00e8re naturelle, humeur, et mieux-\u00eatre. Quand la lumi\u00e8re est l\u00e0, on retrouve sa bonne humeur !","robots":{"index":"index","follow":"follow","max-snippet":"max-snippet:-1","max-image-preview":"max-image-preview:large","max-video-preview":"max-video-preview:-1"},"canonical":"https:\/\/www.medoucine.com\/blog\/mettre-son-humeur-en-lumiere-avec-lart-therapie\/","og_locale":"fr_FR","og_type":"article","og_title":"Mettre son humeur en lumi\u00e8re avec l'art th\u00e9rapie ~ Blog de Medoucine","og_description":"Aujourd\u2019hui, nous explorons le lien entre lumi\u00e8re naturelle, humeur, et mieux-\u00eatre. Quand la lumi\u00e8re est l\u00e0, on retrouve sa bonne humeur !","og_url":"https:\/\/www.medoucine.com\/blog\/mettre-son-humeur-en-lumiere-avec-lart-therapie\/","og_site_name":"Blog de Medoucine","article_publisher":"https:\/\/www.facebook.com\/medoucine\/","article_published_time":"2025-07-18T05:30:10+00:00","article_modified_time":"2026-04-08T15:46:16+00:00","og_image":[{"width":2560,"height":1707,"url":"https:\/\/www.medoucine.com\/blog\/wp-content\/uploads\/2025\/07\/pexels-yankrukov-6209818-scaled.jpg","type":"image\/jpeg"}],"author":"Nathalie Bruyere","twitter_card":"summary_large_image","twitter_creator":"@medoucinefr","twitter_site":"@medoucinefr","twitter_misc":{"\u00c9crit par":"Nathalie Bruyere","Dur\u00e9e de lecture estim\u00e9e":"4 minutes"},"schema":{"@context":"https:\/\/schema.org","@graph":[{"@type":"Article","@id":"https:\/\/www.medoucine.com\/blog\/mettre-son-humeur-en-lumiere-avec-lart-therapie\/#article","isPartOf":{"@id":"https:\/\/www.medoucine.com\/blog\/mettre-son-humeur-en-lumiere-avec-lart-therapie\/"},"author":{"name":"Nathalie Bruyere","@id":"https:\/\/www.medoucine.com\/blog\/#\/schema\/person\/a61af30109c63031488024f12f432f92"},"headline":"Mettre son humeur en lumi\u00e8re avec l&rsquo;art th\u00e9rapie","datePublished":"2025-07-18T05:30:10+00:00","dateModified":"2026-04-08T15:46:16+00:00","mainEntityOfPage":{"@id":"https:\/\/www.medoucine.com\/blog\/mettre-son-humeur-en-lumiere-avec-lart-therapie\/"},"wordCount":765,"commentCount":0,"publisher":{"@id":"https:\/\/www.medoucine.com\/blog\/#organization"},"image":{"@id":"https:\/\/www.medoucine.com\/blog\/mettre-son-humeur-en-lumiere-avec-lart-therapie\/#primaryimage"},"thumbnailUrl":"https:\/\/www.medoucine.com\/blog\/wp-content\/uploads\/2025\/07\/pexels-yankrukov-6209818-scaled.jpg","articleSection":["D\u00e9veloppement personnel"],"inLanguage":"fr-FR","potentialAction":[{"@type":"CommentAction","name":"Comment","target":["https:\/\/www.medoucine.com\/blog\/mettre-son-humeur-en-lumiere-avec-lart-therapie\/#respond"]}]},{"@type":"WebPage","@id":"https:\/\/www.medoucine.com\/blog\/mettre-son-humeur-en-lumiere-avec-lart-therapie\/","url":"https:\/\/www.medoucine.com\/blog\/mettre-son-humeur-en-lumiere-avec-lart-therapie\/","name":"Mettre son humeur en lumi\u00e8re avec l'art th\u00e9rapie ~ Blog de Medoucine","isPartOf":{"@id":"https:\/\/www.medoucine.com\/blog\/#website"},"primaryImageOfPage":{"@id":"https:\/\/www.medoucine.com\/blog\/mettre-son-humeur-en-lumiere-avec-lart-therapie\/#primaryimage"},"image":{"@id":"https:\/\/www.medoucine.com\/blog\/mettre-son-humeur-en-lumiere-avec-lart-therapie\/#primaryimage"},"thumbnailUrl":"https:\/\/www.medoucine.com\/blog\/wp-content\/uploads\/2025\/07\/pexels-yankrukov-6209818-scaled.jpg","datePublished":"2025-07-18T05:30:10+00:00","dateModified":"2026-04-08T15:46:16+00:00","description":"Aujourd\u2019hui, nous explorons le lien entre lumi\u00e8re naturelle, humeur, et mieux-\u00eatre. Quand la lumi\u00e8re est l\u00e0, on retrouve sa bonne humeur !","breadcrumb":{"@id":"https:\/\/www.medoucine.com\/blog\/mettre-son-humeur-en-lumiere-avec-lart-therapie\/#breadcrumb"},"inLanguage":"fr-FR","potentialAction":[{"@type":"ReadAction","target":["https:\/\/www.medoucine.com\/blog\/mettre-son-humeur-en-lumiere-avec-lart-therapie\/"]}]},{"@type":"ImageObject","inLanguage":"fr-FR","@id":"https:\/\/www.medoucine.com\/blog\/mettre-son-humeur-en-lumiere-avec-lart-therapie\/#primaryimage","url":"https:\/\/www.medoucine.com\/blog\/wp-content\/uploads\/2025\/07\/pexels-yankrukov-6209818-scaled.jpg","contentUrl":"https:\/\/www.medoucine.com\/blog\/wp-content\/uploads\/2025\/07\/pexels-yankrukov-6209818-scaled.jpg","width":2560,"height":1707,"caption":"Femme aux cheveux boucl\u00e9s et chapeau beige profitant du soleil les yeux ferm\u00e9s"},{"@type":"BreadcrumbList","@id":"https:\/\/www.medoucine.com\/blog\/mettre-son-humeur-en-lumiere-avec-lart-therapie\/#breadcrumb","itemListElement":[{"@type":"ListItem","position":1,"name":"Blog Medoucine","item":"https:\/\/www.medoucine.com\/blog\/"},{"@type":"ListItem","position":2,"name":"Psycho","item":"https:\/\/www.medoucine.com\/blog\/cat\/psycho\/"},{"@type":"ListItem","position":3,"name":"D\u00e9veloppement personnel","item":"https:\/\/www.medoucine.com\/blog\/cat\/psycho\/developpement-personnel\/"},{"@type":"ListItem","position":4,"name":"Mettre son humeur en lumi\u00e8re avec l&rsquo;art th\u00e9rapie"}]},{"@type":"WebSite","@id":"https:\/\/www.medoucine.com\/blog\/#website","url":"https:\/\/www.medoucine.com\/blog\/","name":"Blog de Medoucine","description":"Le blog des m\u00e9decines douces","publisher":{"@id":"https:\/\/www.medoucine.com\/blog\/#organization"},"potentialAction":[{"@type":"SearchAction","target":{"@type":"EntryPoint","urlTemplate":"https:\/\/www.medoucine.com\/blog\/?s={search_term_string}"},"query-input":{"@type":"PropertyValueSpecification","valueRequired":true,"valueName":"search_term_string"}}],"inLanguage":"fr-FR"},{"@type":"Organization","@id":"https:\/\/www.medoucine.com\/blog\/#organization","name":"Medoucine","url":"https:\/\/www.medoucine.com\/blog\/","logo":{"@type":"ImageObject","inLanguage":"fr-FR","@id":"https:\/\/www.medoucine.com\/blog\/#\/schema\/logo\/image\/","url":"https:\/\/www.medoucine.com\/blog\/wp-content\/uploads\/2019\/07\/logo@3x.png","contentUrl":"https:\/\/www.medoucine.com\/blog\/wp-content\/uploads\/2019\/07\/logo@3x.png","width":555,"height":135,"caption":"Medoucine"},"image":{"@id":"https:\/\/www.medoucine.com\/blog\/#\/schema\/logo\/image\/"},"sameAs":["https:\/\/www.facebook.com\/medoucine\/","https:\/\/x.com\/medoucinefr","https:\/\/www.instagram.com\/medoucine\/","https:\/\/www.youtube.com\/channel\/UCtZeUeJ_KebYK0KJAXjJV8g"]},{"@type":"Person","@id":"https:\/\/www.medoucine.com\/blog\/#\/schema\/person\/a61af30109c63031488024f12f432f92","name":"Nathalie Bruyere","image":{"@type":"ImageObject","inLanguage":"fr-FR","@id":"https:\/\/www.medoucine.com\/blog\/#\/schema\/person\/image\/","url":"https:\/\/secure.gravatar.com\/avatar\/b3c4bc46ae7a19284e5cc82ac86972b837359435ff3e55eac010f1d9bb7a68b2?s=96&d=mm&r=g","contentUrl":"https:\/\/secure.gravatar.com\/avatar\/b3c4bc46ae7a19284e5cc82ac86972b837359435ff3e55eac010f1d9bb7a68b2?s=96&d=mm&r=g","caption":"Nathalie Bruyere"},"description":"A travers la production artistique, la th\u00e9rapie par l'Art s'adresse \u00e0 tous : enfant, ado, adulte : retrouvez votre joie int\u00e9rieure, votre \u00e9lan vital pour vous remettre en mouvement et redevenir acteur(trice) de votre vie en suivant vos d\u00e9sirs, vos go\u00fbts et vos valeurs.","sameAs":["https:\/\/www.medoucine.com\/consultation\/saint-leger-les-vignes\/nathalie-bruyere\/13724"],"url":"https:\/\/www.medoucine.com\/blog\/author\/nathalie_bruyere\/"}]}},"_links":{"self":[{"href":"https:\/\/www.medoucine.com\/blog\/wp-json\/wp\/v2\/posts\/35924","targetHints":{"allow":["GET"]}}],"collection":[{"href":"https:\/\/www.medoucine.com\/blog\/wp-json\/wp\/v2\/posts"}],"about":[{"href":"https:\/\/www.medoucine.com\/blog\/wp-json\/wp\/v2\/types\/post"}],"author":[{"embeddable":true,"href":"https:\/\/www.medoucine.com\/blog\/wp-json\/wp\/v2\/users\/803"}],"replies":[{"embeddable":true,"href":"https:\/\/www.medoucine.com\/blog\/wp-json\/wp\/v2\/comments?post=35924"}],"version-history":[{"count":15,"href":"https:\/\/www.medoucine.com\/blog\/wp-json\/wp\/v2\/posts\/35924\/revisions"}],"predecessor-version":[{"id":41795,"href":"https:\/\/www.medoucine.com\/blog\/wp-json\/wp\/v2\/posts\/35924\/revisions\/41795"}],"wp:featuredmedia":[{"embeddable":true,"href":"https:\/\/www.medoucine.com\/blog\/wp-json\/wp\/v2\/media\/36519"}],"wp:attachment":[{"href":"https:\/\/www.medoucine.com\/blog\/wp-json\/wp\/v2\/media?parent=35924"}],"wp:term":[{"taxonomy":"category","embeddable":true,"href":"https:\/\/www.medoucine.com\/blog\/wp-json\/wp\/v2\/categories?post=35924"},{"taxonomy":"post_tag","embeddable":true,"href":"https:\/\/www.medoucine.com\/blog\/wp-json\/wp\/v2\/tags?post=35924"}],"curies":[{"name":"wp","href":"https:\/\/api.w.org\/{rel}","templated":true}]}}