{"id":33854,"date":"2024-12-06T07:30:22","date_gmt":"2024-12-06T06:30:22","guid":{"rendered":"https:\/\/www.medoucine.com\/blog\/?p=33854"},"modified":"2026-04-08T17:55:35","modified_gmt":"2026-04-08T15:55:35","slug":"comment-le-coaching-narratif-nous-permet-de-nous-deployer-dans-notre-vie","status":"publish","type":"post","link":"https:\/\/www.medoucine.com\/blog\/comment-le-coaching-narratif-nous-permet-de-nous-deployer-dans-notre-vie\/","title":{"rendered":"Comment le coaching narratif nous permet de nous d\u00e9ployer dans notre vie ?"},"content":{"rendered":"<p class=\"has-drop-cap\">En cette p\u00e9riode de fin d\u2019ann\u00e9e, nous aimons nous plonger dans les histoires : des histoires de Saint Nicolas, de rennes et de P\u00e8re No\u00ebl \u2026 <strong>autant de r\u00e9cits qui peuplent nos imaginaires<\/strong> et que nous nous d\u00e9lectons de conter et transmettre. Car, oui ! <strong>les histoires ont le pouvoir de nous rassembler<\/strong>. Unis par des r\u00e9cits r\u00e9els ou fictifs, nous nous accordons les uns aux autres \u00e0 partir de <strong>ce \u00e0 quoi nous choisissons de croire ou pas, consciemment ou non ! <\/strong>Ne sommes-nous pas nous-m\u00eames des \u00eatres emplis d\u2019histoires, depuis ces multiples anecdotes qui ponctuent notre vie, \u00e0 celles transmises par nos a\u00efeux ? Et que dire de toutes ces histoires v\u00e9hicul\u00e9es dans nos diff\u00e9rents cercles : ceux de notre famille, nos amis, l\u2019organisation dans laquelle nous travaillons et plus largement notre soci\u00e9t\u00e9 ou encore notre culture ?<\/p>\n<h2>L\u2019homme, cette esp\u00e8ce fabulatrice<\/h2>\n<p>Pour reprendre Nancy Houston, <strong>l\u2019homme est une \u00ab\u00a0esp\u00e8ce fabulatrice\u00a0\u00bb <\/strong>dou\u00e9e de capacit\u00e9 d\u2019abstraction et de pens\u00e9e symbolique. Il ne peut s\u2019emp\u00eacher d\u2019<strong>interpr\u00e9ter la r\u00e9alit\u00e9 et donner un sens \u00e0 ses exp\u00e9riences en (se) racontant des histoires.<\/strong> Et Yuval Noah Harari d&rsquo;illustrer combien, depuis 70 millions d&rsquo;ann\u00e9es &#8211; \u00e8re de sa r\u00e9volution cognitive &#8211; , gr\u00e2ce aux histoires, Sapiens cr\u00e9e du sens \u00e0 son existence, se relie aux autres et entre en coop\u00e9ration. Ce qui a pour b\u00e9n\u00e9fice \u2013 et non des moindres ! &#8211; de permettre sa survie et son \u00e9volution.\u00a0(1)<\/p>\n<div class=\"m-spin\">\n<p class=\"m-spin__text\"><strong>Lib\u00e9rez votre potentiel gr\u00e2ce \u00e0 l&rsquo;hypnose ericksonienne<\/strong><\/p>\n<p class=\"m-spin__text\">Le coaching narratif vous aide \u00e0 r\u00e9\u00e9crire votre histoire et \u00e0 vous \u00e9panouir pleinement. Prenez rendez-vous avec un <a class=\"m-spin__link\" target=\"_blank\" rel=\"noopener noreferrer\" href=\"https:\/\/www.medoucine.com\/consultations\/se-soigner\/hypnose-ericksonienne\/nantes\/tous-publics\/a-domicile-ou-cabinet?utm_source=medoucine_blog_B2C&amp;utm_medium=article_blog&amp;utm_campaign=spin_seo\">Praticien en Hypnose Ericksonienne \u00e0 Nantes<\/a>, un <a class=\"m-spin__link\" target=\"_blank\" rel=\"noopener noreferrer\" href=\"https:\/\/www.medoucine.com\/consultations\/se-soigner\/hypnose-ericksonienne\/rennes\/tous-publics\/a-domicile-ou-cabinet?utm_source=medoucine_blog_B2C&amp;utm_medium=article_blog&amp;utm_campaign=spin_seo\">Praticien en Hypnose Ericksonienne \u00e0 Rennes<\/a> ou un <a class=\"m-spin__link\" target=\"_blank\" rel=\"noopener noreferrer\" href=\"https:\/\/www.medoucine.com\/consultations\/se-soigner\/hypnose-ericksonienne\/strasbourg\/tous-publics\/a-domicile-ou-cabinet?utm_source=medoucine_blog_B2C&amp;utm_medium=article_blog&amp;utm_campaign=spin_seo\">Praticien en Hypnose Ericksonienne \u00e0 Strasbourg<\/a> pour explorer de nouvelles perspectives et surmonter vos blocages.<\/p>\n<p class=\"m-spin__text\">Vous cherchez un accompagnement personnalis\u00e9 ? Trouvez des <a class=\"m-spin__link\" target=\"_blank\" rel=\"noopener noreferrer\" href=\"https:\/\/www.medoucine.com\/consultations\/se-soigner\/hypnose-ericksonienne\/autour-de-moi?utm_source=medoucine_blog_B2C&amp;utm_medium=article_blog&amp;utm_campaign=spin_seo\">Praticiens en hypnose ericksonienne pr\u00e8s de chez vous<\/a> pour d\u00e9marrer votre chemin vers le bien-\u00eatre et la transformation.<\/p>\n<\/div>\n<h2>Ce besoin irr\u00e9pressible d\u2019histoires<\/h2>\n<p>Notre besoin d\u2019appartenance est tel que, sans en avoir conscience, nous sommes <strong>pr\u00eats \u00e0 croire des histoires aussi fictives soient-elles<\/strong>, d\u00e8s l\u2019instant qu\u2019elles nous permettent de nous accorder \u00e0 notre clan. Mais arrive un jour cette d\u00e9sagr\u00e9able sensation de <strong>nous prendre les pieds dans le fil de nos r\u00e9cits !<\/strong> Une histoire de probl\u00e8me prend le dessus sur notre existence : nos pens\u00e9es sont satur\u00e9es, nos \u00e9motions malmen\u00e9es, une histoire nous emp\u00eache d\u2019avancer.<\/p>\n<div style=\"width: 596px\" class=\"wp-caption aligncenter\"><img loading=\"lazy\" decoding=\"async\" class=\"\" src=\"https:\/\/www.medoucine.com\/blog\/\/wp-content\/uploads\/2024\/11\/pexels-george-milton-7014282-scaled.jpg\" alt=\"\" width=\"586\" height=\"879\" \/><p class=\"wp-caption-text\">Pexels<\/p><\/div>\n<h2>Quand nos histoires prennent le pas sur notre vie&#8230;<\/h2>\n<p>Tout comme Harari invite \u00e0 <strong>\u00ab\u00a0prendre au s\u00e9rieux nos fictions\u00a0\u00bb <\/strong>(1), l&rsquo;approche narrative pr\u00eate attention aux <strong>histoires qui viennent emp\u00eacher la personne dans son \u00e9volution.<\/strong><\/p>\n<ul>\n<li>Am\u00e9lie, jeune femme de 33 ans responsable en Ressources Humaines, vient me consulter car, depuis le COVID, elle vit des difficult\u00e9s relationnelles avec sa directrice au point d\u2019\u00eatre exclue de son service ; <strong>en lutte pour ses valeurs au travail<\/strong>, elle tente les \u00e9changes et les explications, mais son corps accuse le coup : elle serre les dents chaque matin pour se rendre au bureau, d\u00e9veloppe du psoriasis, a des insomnies et des difficult\u00e9s \u00e0 tomber enceinte malgr\u00e9 une assistance m\u00e9dicale \u00e0 la procr\u00e9ation. Elle lutte pour <strong>retrouver un r\u00e9cit \u00e0 partager<\/strong> avec ces personnes qui, ensemble, en ont d\u00e9cid\u00e9 autrement.<\/li>\n<li>Emma est une jeune fille de 10 ans. Les larmes au bord des yeux, elle vient avec sa maman car Emma vit de l\u2019ins\u00e9curit\u00e9 nocturne au point de ne plus parvenir \u00e0 dormir seule dans son lit. Cette difficult\u00e9 vient avec Emma s\u2019installer dans le lit de ses parents ; <strong>on ne parle que du probl\u00e8me<\/strong>, de jour comme de nuit !<\/li>\n<li>Christophe, 42 ans, a du mal \u00e0 d\u00e9finir son identit\u00e9 de coach tellement il subit l\u2019<strong>\u00e9tiquette sociale<\/strong> du \u00ab\u00a0touche-\u00e0-tout-dispers\u00e9\u00a0\u00bb. Il est tiraill\u00e9 entre choisir une cible de client\u00e8le plut\u00f4t qu\u2019une autre, une sp\u00e9cialit\u00e9 plus qu\u2019une autre &#8211; ce que dictent <strong>les codes marketing<\/strong> pour m\u00e9riter sa visibilit\u00e9 &#8211; ou suivre ses envies de connaissances multiples et de contacts vari\u00e9s. <strong>La norme\u00a0sociale<\/strong> prend le dessus sur ses besoins profonds, lui fait perdre la clart\u00e9 de son discours int\u00e9rieur et brouille ses \u00e9lans.<\/li>\n<li>Aurore, 46 ans, dirigeante d&rsquo;entreprise, vient me voir pour un manque de confiance et de leadership, avec une <strong>\u00ab\u00a0impression de costume trop grand\u00a0\u00bb<\/strong> pour elle. Elle ne parvient pas \u00e0 d\u00e9crocher les contrats \u00e0 la hauteur de ses espoirs, en m\u00eame temps qu&rsquo;elle est happ\u00e9e par de lourds probl\u00e8mes familiaux qui remettent sur le devant de la sc\u00e8ne les \u00ab\u00a0tu n&rsquo;y arriveras pas\u00a0\u00bb, \u00ab\u00a0tu vas rater ta vie\u00a0\u00bb: un <strong>discours familial<\/strong> dissuadant qu&rsquo;elle entend depuis son enfance. (2)<\/li>\n<\/ul>\n<div style=\"width: 593px\" class=\"wp-caption aligncenter\"><img loading=\"lazy\" decoding=\"async\" class=\"\" src=\"https:\/\/www.medoucine.com\/blog\/\/wp-content\/uploads\/2024\/11\/pexels-polina-tankilevitch-5418608-scaled.jpg\" alt=\"\" width=\"583\" height=\"875\" \/><p class=\"wp-caption-text\">Pexels<\/p><\/div>\n<h2>Comment s\u2019extraire du pouvoir d\u2019une histoire de probl\u00e8me qui domine notre vie ?<\/h2>\n<p>Venue d\u2019Australie \u00e0 la fin des ann\u00e9es 80 de Micka\u00ebl White et David Epston, travailleurs sociaux et psychoth\u00e9rapeutes, <strong>l\u2019approche narrative soigne les histoires qui, en retour, prennent soin de la personne.<\/strong> Au fil de la conversation, par un <strong>jeu de questions<\/strong>, la personne est invit\u00e9e \u00e0 <strong>d\u00e9caler son regard<\/strong> et \u00e0 voir le probl\u00e8me comme un personnage, une cr\u00e9ature, un objet ou tout autre chose. Ainsi Am\u00e9lie a pu identifier et nommer son probl\u00e8me \u00ab\u00a0Abandon, emp\u00eacheur d\u2019assurance dans les relations\u00a0\u00bb ; il a pris la forme d\u2019un \u00ab\u00a0arbre qui pousse lentement et d\u00e9veloppe ses feuilles \u00e0 probl\u00e8mes une \u00e0 une, jour apr\u00e8s jour\u00a0\u00bb. Quand la difficult\u00e9 n\u2019est plus \u00e0 l&rsquo;int\u00e9rieur mais externalis\u00e9e, <strong>l\u2019histoire dominante du probl\u00e8me quitte la narration de la personne : une nouvelle histoire a voix au chapitre.<\/strong><\/p>\n<h2>Notre langage, t\u00e9moin de la transformation qui op\u00e8re<\/h2>\n<p>De mots en expressions, le langage de la personne se modifie et t\u00e9moigne de la transformation qui se produit dans ses repr\u00e9sentations : \u00ab\u00a0<strong>la personne est la personne, le probl\u00e8me est le probl\u00e8me, la personne n\u2019est pas le probl\u00e8me\u00a0\u00bb<\/strong>, mart\u00e8le Micka\u00ebl White (1). <strong>La personne n&rsquo;est plus identifi\u00e9e au probl\u00e8me<\/strong> : \u00ab\u00a0Abandon, emp\u00eacheur d\u2019assurance dans les relations\u00a0\u00bb a une port\u00e9e tr\u00e8s diff\u00e9rente de \u00ab\u00a0je suis l&rsquo;abandonn\u00e9e-rejet\u00e9e\u00a0\u00bb. D\u00e9bute alors une conversation aux allures d\u2019enqu\u00eate sur les effets du probl\u00e8me : quelles sont les ruses, les tactiques qu\u2019il met en \u0153uvre pour s\u2019installer dans la vie de la personne ? Quels sont ses moments pr\u00e9f\u00e9r\u00e9s ? De quoi se nourrit-il ? \u2026 Ainsi Emma a pu identifier, nommer et m\u00eame dessiner son \u00ab\u00a0Moutarde voleur de dodo\u00a0\u00bb qui l\u2019emp\u00eache de s\u2019endormir, la r\u00e9veille la nuit, lui donne mal au ventre et la fatigue. Au fil de l\u2019\u00e9change, la voici en mesure de <strong>prendre position face au probl\u00e8me<\/strong> et lui dire, une bonne fois pour toute : \u00ab\u00a0Non, c\u2019est non !\u00a0\u00bb. Christophe, lui, a identifi\u00e9 son syndrome de l\u2019imposteur et a pu le transf\u00e9rer en une cr\u00e9ature aux allures de Gozilla, et lui lancer dans un cri : \u00ab\u00a0Gozzi, c\u2019est fini !\u00a0\u00bb. L\u2019approche narrative offre ainsi cette possibilit\u00e9 de <strong>transformer le lourd en l\u00e9ger.<\/strong> Une mise \u00e0 distance du probl\u00e8me s\u2019op\u00e8re.<\/p>\n<div style=\"width: 693px\" class=\"wp-caption aligncenter\"><img loading=\"lazy\" decoding=\"async\" class=\"\" src=\"https:\/\/www.medoucine.com\/blog\/\/wp-content\/uploads\/2024\/11\/pexels-alex-green-5699434-scaled.jpg\" alt=\"\" width=\"683\" height=\"455\" \/><p class=\"wp-caption-text\">Pexels<\/p><\/div>\n<h2>D\u00e9celer les fines traces d\u2019exception au probl\u00e8me<\/h2>\n<p>En s\u00e9ance, je m\u2019emploie \u00e0 <strong>une \u00e9coute multiple<\/strong> : porter mon attention sur le contenu du r\u00e9cit, rep\u00e9rer ce que la personne dit mais ne sait pas ou plus entendre, et \u00e9couter ce qu\u2019elle ne dit pas et qui pourtant se laisse percevoir : <strong>ces fines traces d\u2019exception au probl\u00e8me<\/strong> qui t\u00e9moignent de <strong>ses r\u00e9sistances<\/strong> face \u00e0 lui, de <strong>ses forces<\/strong>, de <strong>ses intentions<\/strong> ou encore de <strong>ses espoirs pour sa vie.<\/strong> Ainsi d&rsquo;entendre les r\u00e9sistances d&rsquo;Aurore face \u00e0 son <em>habitus<\/em>, concept du sociologue Pierre Bourdieu &#8211; si bien illustr\u00e9 par Thiphaine Rivi\u00e8re (1) &#8211; , cette <strong>int\u00e9riorisation de croyances ou encore de comportements issus de sa classe sociale d&rsquo;origine. <\/strong><\/p>\n<p>Tel un diktat, l&rsquo;<em>habitus<\/em> vient s&rsquo;opposer \u00e0 ses ambitions, la contraint inconsciemment \u00e0 rester dans sa classe moyenne d&rsquo;origine en ne d\u00e9crochant pas le contrat r\u00eav\u00e9, et emp\u00eache son ascension. Alors, de poursuivre la conversation et d&rsquo;honorer plus distinctement son discours int\u00e9rieur jusque-l\u00e0 \u00e0 peine audible &#8211; ses \u00ab\u00a0tu vas y arriver\u00a0\u00bb &#8211; , et de mettre les projecteurs sur ses exp\u00e9riences t\u00e9moins de son \u00ab\u00a0go\u00fbt des challenges\u00a0\u00bb, de sa \u00ab\u00a0capacit\u00e9 \u00e0 se relever apr\u00e8s les coups durs\u00a0\u00bb, autant d&rsquo;actes de r\u00e9sistances face \u00e0 son probl\u00e8me d&rsquo;<em>habitus <\/em>accol\u00e9 d&rsquo;injonctions. <strong>La prise de conscience du sc\u00e9nario et son externalisation<\/strong> lui offre alors l&rsquo;autorisation qui lui manquait pour se d\u00e9ployer.<\/p>\n<div style=\"width: 597px\" class=\"wp-caption aligncenter\"><img loading=\"lazy\" decoding=\"async\" class=\"\" src=\"https:\/\/www.medoucine.com\/blog\/\/wp-content\/uploads\/2024\/11\/pexels-cottonbro-4098148-scaled.jpg\" alt=\"\" width=\"587\" height=\"881\" \/><p class=\"wp-caption-text\">Pexels<\/p><\/div>\n<h2>Entrer dans la magie du r\u00e9cit pr\u00e9f\u00e9r\u00e9 et dans une nouvelle capacit\u00e9 d\u2019agir<\/h2>\n<p>La conversation am\u00e8ne ainsi \u00e0 suivre la piste des \u00ab\u00a0fines traces d\u2019exception\u00a0\u00bb \u00e0 l\u2019histoire dominante du probl\u00e8me et \u00e0 partir <strong>en d\u00e9couverte des autres histoires riches<\/strong> de la personne : <strong>des moments scintillants d\u2019\u00e9merveillement<\/strong> partag\u00e9s avec d\u2019autres qui la r\u00e9v\u00e8lent dans <strong>son \u00ab\u00a0identit\u00e9 pr\u00e9f\u00e9r\u00e9e\u00a0\u00bb<\/strong>, \u00e9loign\u00e9e de l\u2019\u00e9tiquette premi\u00e8re qui lui a \u00e9t\u00e9 accol\u00e9e ou qu\u2019elle s\u2019\u00e9tait elle-m\u00eame attribu\u00e9e : \u00ab\u00a0celle qui n\u2019arrive pas \u00e0 dormir seule dans son lit\u00a0\u00bb, \u00ab\u00a0l&rsquo;abandonn\u00e9e-rejet\u00e9e\u00a0\u00bb, \u00ab\u00a0le dispers\u00e9-touche-\u00e0-tout\u00a0\u00bb etc.<\/p>\n<p>Reconnect\u00e9e \u00e0 ses histoires riches qui la portent dans son identit\u00e9 pr\u00e9f\u00e9r\u00e9e, la clart\u00e9 d\u2019esprit retrouv\u00e9e, la personne se sent vivifi\u00e9e, align\u00e9e dans ses valeurs. Le dessin, m\u00e9taphore du probl\u00e8me, possiblement se transforme : Am\u00e9lie \u00e9lague de-ci de-l\u00e0 quelques branches qui viennent nourrir l&rsquo;humus et rendre sa terre plus fertile, en m\u00eame temps qu&rsquo;elle tisse un nouveau r\u00e9cit ; une<strong>\u00a0histoire pr\u00e9f\u00e9r\u00e9e \u00e9merge de l\u2019oubli<\/strong>. Elle prend <strong>place dans son imaginaire <\/strong>et le nourrit. L\u2019histoire de probl\u00e8me se trouve ainsi remis\u00e9e dans un coin retranch\u00e9 de sa m\u00e9moire, au fur et \u00e0 mesure que je me fais l\u2019\u00e9cho amplificateur de <strong>ses mots qui \u00e9gr\u00e8nent la m\u00e9lodie de son r\u00e9cit pr\u00e9f\u00e9r\u00e9. <\/strong>Des d\u00e9sirs nouveaux se profilent ; la voici <strong>entrer dans sa nouvelle capacit\u00e9 d\u2019agir. <\/strong>\u00a0Ne subsiste alors qu\u2019une envie : <strong>partager ce r\u00e9cit et le vivre !<\/strong><\/p>\n<h2>Le coaching narratif : une pratique cr\u00e9ative et ludique pour se d\u00e9ployer<\/h2>\n<p>Entrer dans un processus de changement est engageant. Mais l\u2019approche narrative a ce b\u00e9n\u00e9fice : dans une version ludique et cr\u00e9ative, elle permet de <strong>se transformer avec \u00e9l\u00e9gance, l\u00e9g\u00e8ret\u00e9 et tout en puissance, en prenant appui sur les histoires que l&rsquo;on (se) raconte.<\/strong> En d\u00e9tricotant les <strong>discours dominants internalis\u00e9s<\/strong>, le coach narratif offre la possibilit\u00e9 \u00e0 la personne de <strong>reprendre les droits d&rsquo;auteurs de ses r\u00e9cits<\/strong>. L\u2019approche narrative convient \u00e0 bon nombre de probl\u00e9matiques et tout \u00e2ge. Elle s\u2019exerce en accompagnement individuel en cabinet ou en visio consultation, comme aupr\u00e8s de groupes ou d\u2019\u00e9quipes en entreprise.<\/p>\n<div style=\"width: 697px\" class=\"wp-caption aligncenter\"><img loading=\"lazy\" decoding=\"async\" class=\"\" src=\"https:\/\/www.medoucine.com\/blog\/\/wp-content\/uploads\/2024\/11\/pexels-cottonbro-4101137-scaled.jpg\" alt=\"\" width=\"687\" height=\"458\" \/><p class=\"wp-caption-text\">Pexels<\/p><\/div>\n<h2><strong>Contons ce qui compte pour nous !<\/strong><\/h2>\n<p>Nous sommes multi-histoires, polychromes. Alors de quelle teinte choisissons-nous de colorer les mots que nous d\u00e9livrons au monde ? Quel r\u00e9cit partager ? Que d\u00e9cidons-nous de conter qui compte pour nous ? <strong>R\u00e9habitons nos narrations<\/strong> afin qu&rsquo;elles parlent de nous dans ce qui nous est cher.<strong> Reprenons les r\u00eanes de nos r\u00e9cits <\/strong>et de notre vie qui va avec !<\/p>\n<p>&nbsp;<\/p>\n<p>(1) R\u00e9f\u00e9rences bibliographiques :<\/p>\n<ul>\n<li>HARARI Yuval Noah,\u00a0<em>Sapiens, Une br\u00e8ve histoire de l&rsquo;humanit\u00e9. <\/em>Albin Michel, 2015. 512p.<\/li>\n<li>HOUSTON Nancy, <em>L&rsquo;esp\u00e8ce fabulatrice.<\/em> Actes Sud, 2008. 208p.<\/li>\n<li>RIVIERE Thiphaine, <em>La distinction &#8211; librement inspir\u00e9 du livre de Pierre Bourdieu<\/em>. La D\u00e9couverte-Delcourt, 2023. 287p.<\/li>\n<li>WHITE Michael, Cartes des Pratiques Narratives. Satas, 2009. 303p.<\/li>\n<\/ul>\n<p>(2) Les pr\u00e9noms des personnes ont \u00e9t\u00e9 modifi\u00e9s afin de respecter leur vie priv\u00e9e.<\/p>\n<p>&nbsp;<\/p>\n<p>par <strong><a href=\"https:\/\/www.medoucine.com\/consultation\/la-roche-vineuse\/elodie-roncier\/14203\">Elodie Roncier, coach praticienne narrative et hypnoth\u00e9rapeute<\/a> <\/strong>du r\u00e9seau M\u00e9doucine.<\/p>\n<p><a href=\"https:\/\/www.medoucine.com\/\"><strong>Trouvez un praticien pr\u00e8s de chez vous sur M\u00e9doucine<\/strong>.\u00a0<\/a><\/p>\n<p><strong>\u00c0 lire aussi\u00a0:<\/strong><\/p>\n<ul>\n<li><a href=\"https:\/\/www.medoucine.com\/blog\/\/le-coaching-en-developpement-personnel-faites-de-vos-particularites-des-atouts\/\">Le coaching en d\u00e9veloppement personnel : faites de vos particularit\u00e9s des atouts !<\/a><\/li>\n<li><a href=\"https:\/\/www.medoucine.com\/blog\/\/la-sophrologie-au-service-du-coaching\/\">La sophrologie au service du coaching<\/a><\/li>\n<li><a href=\"https:\/\/www.medoucine.com\/blog\/\/un-accompagnement-par-etape-vers-le-bien-etre\/\">Coaching : un accompagnement par \u00e9tape vers le bien-\u00eatre<\/a><\/li>\n<\/ul>\n","protected":false},"excerpt":{"rendered":"<p>En cette p\u00e9riode de fin d\u2019ann\u00e9e, nous aimons nous plonger dans les histoires : des histoires de Saint Nicolas, de rennes et de P\u00e8re No\u00ebl \u2026 autant de r\u00e9cits qui peuplent nos imaginaires et que nous nous d\u00e9lectons de conter et transmettre. Car, oui ! les histoires ont le pouvoir de nous rassembler. Unis par des r\u00e9cits r\u00e9els ou fictifs, nous nous accordons les uns aux autres \u00e0 partir de ce \u00e0 quoi nous choisissons de croire ou pas, consciemment ou non ! Ne sommes-nous pas nous-m\u00eames des \u00eatres emplis d\u2019histoires, depuis ces multiples anecdotes qui ponctuent notre vie, \u00e0 celles transmises par nos a\u00efeux ? Et que dire de toutes ces histoires v\u00e9hicul\u00e9es dans nos diff\u00e9rents cercles : ceux de notre famille, nos amis, l\u2019organisation dans laquelle nous travaillons et plus largement notre soci\u00e9t\u00e9 [&hellip;]<\/p>\n","protected":false},"author":906,"featured_media":33974,"comment_status":"open","ping_status":"open","sticky":false,"template":"","format":"standard","meta":{"_acf_changed":false,"footnotes":""},"categories":[618],"tags":[284,283],"class_list":["post-33854","post","type-post","status-publish","format-standard","has-post-thumbnail","hentry","category-developpement-personnel","tag-coaching","tag-developpement-personnel"],"acf":[],"yoast_head":"<!-- This site is optimized with the Yoast SEO plugin v27.1.1 - https:\/\/yoast.com\/product\/yoast-seo-wordpress\/ -->\n<title>Comment le coaching narratif nous permet de nous d\u00e9ployer dans notre vie ? ~ Blog de Medoucine<\/title>\n<meta name=\"description\" content=\"D\u00e9couvrez le coaching narratif ! Une approche bas\u00e9e sur les histoires dont les effets ont un r\u00e9el impact sur le quotidien pour g\u00e9n\u00e9rer du changement !\" \/>\n<meta name=\"robots\" content=\"index, follow, max-snippet:-1, max-image-preview:large, max-video-preview:-1\" \/>\n<link rel=\"canonical\" href=\"https:\/\/www.medoucine.com\/blog\/comment-le-coaching-narratif-nous-permet-de-nous-deployer-dans-notre-vie\/\" \/>\n<meta property=\"og:locale\" content=\"fr_FR\" \/>\n<meta property=\"og:type\" content=\"article\" \/>\n<meta property=\"og:title\" content=\"Comment le coaching narratif nous permet de nous d\u00e9ployer dans notre vie ? ~ Blog de Medoucine\" \/>\n<meta property=\"og:description\" content=\"D\u00e9couvrez le coaching narratif ! Une approche bas\u00e9e sur les histoires dont les effets ont un r\u00e9el impact sur le quotidien pour g\u00e9n\u00e9rer du changement !\" \/>\n<meta property=\"og:url\" content=\"https:\/\/www.medoucine.com\/blog\/comment-le-coaching-narratif-nous-permet-de-nous-deployer-dans-notre-vie\/\" \/>\n<meta property=\"og:site_name\" content=\"Blog de Medoucine\" \/>\n<meta property=\"article:publisher\" content=\"https:\/\/www.facebook.com\/medoucine\/\" \/>\n<meta property=\"article:author\" content=\"https:\/\/www.facebook.com\/profile.php?id=61552411117902\" \/>\n<meta property=\"article:published_time\" content=\"2024-12-06T06:30:22+00:00\" \/>\n<meta property=\"article:modified_time\" content=\"2026-04-08T15:55:35+00:00\" \/>\n<meta property=\"og:image\" content=\"https:\/\/www.medoucine.com\/blog\/wp-content\/uploads\/2024\/11\/pexels-martinpechy-922100-scaled.jpg\" \/>\n\t<meta property=\"og:image:width\" content=\"2560\" \/>\n\t<meta property=\"og:image:height\" content=\"1707\" \/>\n\t<meta property=\"og:image:type\" content=\"image\/jpeg\" \/>\n<meta name=\"author\" content=\"Elodie Roncier\" \/>\n<meta name=\"twitter:card\" content=\"summary_large_image\" \/>\n<meta name=\"twitter:creator\" content=\"@medoucinefr\" \/>\n<meta name=\"twitter:site\" content=\"@medoucinefr\" \/>\n<meta name=\"twitter:label1\" content=\"\u00c9crit par\" \/>\n\t<meta name=\"twitter:data1\" content=\"Elodie Roncier\" \/>\n\t<meta name=\"twitter:label2\" content=\"Dur\u00e9e de lecture estim\u00e9e\" \/>\n\t<meta name=\"twitter:data2\" content=\"10 minutes\" \/>\n<script type=\"application\/ld+json\" class=\"yoast-schema-graph\">{\"@context\":\"https:\/\/schema.org\",\"@graph\":[{\"@type\":\"Article\",\"@id\":\"https:\/\/www.medoucine.com\/blog\/comment-le-coaching-narratif-nous-permet-de-nous-deployer-dans-notre-vie\/#article\",\"isPartOf\":{\"@id\":\"https:\/\/www.medoucine.com\/blog\/comment-le-coaching-narratif-nous-permet-de-nous-deployer-dans-notre-vie\/\"},\"author\":{\"name\":\"Elodie Roncier\",\"@id\":\"https:\/\/www.medoucine.com\/blog\/#\/schema\/person\/c6e1ff81c039ac0f2c2c8f335e6dff29\"},\"headline\":\"Comment le coaching narratif nous permet de nous d\u00e9ployer dans notre vie ?\",\"datePublished\":\"2024-12-06T06:30:22+00:00\",\"dateModified\":\"2026-04-08T15:55:35+00:00\",\"mainEntityOfPage\":{\"@id\":\"https:\/\/www.medoucine.com\/blog\/comment-le-coaching-narratif-nous-permet-de-nous-deployer-dans-notre-vie\/\"},\"wordCount\":2110,\"commentCount\":0,\"publisher\":{\"@id\":\"https:\/\/www.medoucine.com\/blog\/#organization\"},\"image\":{\"@id\":\"https:\/\/www.medoucine.com\/blog\/comment-le-coaching-narratif-nous-permet-de-nous-deployer-dans-notre-vie\/#primaryimage\"},\"thumbnailUrl\":\"https:\/\/www.medoucine.com\/blog\/wp-content\/uploads\/2024\/11\/pexels-martinpechy-922100-scaled.jpg\",\"keywords\":[\"coaching\",\"d\u00e9veloppement personnel\"],\"articleSection\":[\"D\u00e9veloppement personnel\"],\"inLanguage\":\"fr-FR\",\"potentialAction\":[{\"@type\":\"CommentAction\",\"name\":\"Comment\",\"target\":[\"https:\/\/www.medoucine.com\/blog\/comment-le-coaching-narratif-nous-permet-de-nous-deployer-dans-notre-vie\/#respond\"]}]},{\"@type\":\"WebPage\",\"@id\":\"https:\/\/www.medoucine.com\/blog\/comment-le-coaching-narratif-nous-permet-de-nous-deployer-dans-notre-vie\/\",\"url\":\"https:\/\/www.medoucine.com\/blog\/comment-le-coaching-narratif-nous-permet-de-nous-deployer-dans-notre-vie\/\",\"name\":\"Comment le coaching narratif nous permet de nous d\u00e9ployer dans notre vie ? ~ Blog de Medoucine\",\"isPartOf\":{\"@id\":\"https:\/\/www.medoucine.com\/blog\/#website\"},\"primaryImageOfPage\":{\"@id\":\"https:\/\/www.medoucine.com\/blog\/comment-le-coaching-narratif-nous-permet-de-nous-deployer-dans-notre-vie\/#primaryimage\"},\"image\":{\"@id\":\"https:\/\/www.medoucine.com\/blog\/comment-le-coaching-narratif-nous-permet-de-nous-deployer-dans-notre-vie\/#primaryimage\"},\"thumbnailUrl\":\"https:\/\/www.medoucine.com\/blog\/wp-content\/uploads\/2024\/11\/pexels-martinpechy-922100-scaled.jpg\",\"datePublished\":\"2024-12-06T06:30:22+00:00\",\"dateModified\":\"2026-04-08T15:55:35+00:00\",\"description\":\"D\u00e9couvrez le coaching narratif ! Une approche bas\u00e9e sur les histoires dont les effets ont un r\u00e9el impact sur le quotidien pour g\u00e9n\u00e9rer du changement !\",\"breadcrumb\":{\"@id\":\"https:\/\/www.medoucine.com\/blog\/comment-le-coaching-narratif-nous-permet-de-nous-deployer-dans-notre-vie\/#breadcrumb\"},\"inLanguage\":\"fr-FR\",\"potentialAction\":[{\"@type\":\"ReadAction\",\"target\":[\"https:\/\/www.medoucine.com\/blog\/comment-le-coaching-narratif-nous-permet-de-nous-deployer-dans-notre-vie\/\"]}]},{\"@type\":\"ImageObject\",\"inLanguage\":\"fr-FR\",\"@id\":\"https:\/\/www.medoucine.com\/blog\/comment-le-coaching-narratif-nous-permet-de-nous-deployer-dans-notre-vie\/#primaryimage\",\"url\":\"https:\/\/www.medoucine.com\/blog\/wp-content\/uploads\/2024\/11\/pexels-martinpechy-922100-scaled.jpg\",\"contentUrl\":\"https:\/\/www.medoucine.com\/blog\/wp-content\/uploads\/2024\/11\/pexels-martinpechy-922100-scaled.jpg\",\"width\":2560,\"height\":1707},{\"@type\":\"BreadcrumbList\",\"@id\":\"https:\/\/www.medoucine.com\/blog\/comment-le-coaching-narratif-nous-permet-de-nous-deployer-dans-notre-vie\/#breadcrumb\",\"itemListElement\":[{\"@type\":\"ListItem\",\"position\":1,\"name\":\"Blog Medoucine\",\"item\":\"https:\/\/www.medoucine.com\/blog\/\"},{\"@type\":\"ListItem\",\"position\":2,\"name\":\"Psycho\",\"item\":\"https:\/\/www.medoucine.com\/blog\/cat\/psycho\/\"},{\"@type\":\"ListItem\",\"position\":3,\"name\":\"D\u00e9veloppement personnel\",\"item\":\"https:\/\/www.medoucine.com\/blog\/cat\/psycho\/developpement-personnel\/\"},{\"@type\":\"ListItem\",\"position\":4,\"name\":\"Comment le coaching narratif nous permet de nous d\u00e9ployer dans notre vie ?\"}]},{\"@type\":\"WebSite\",\"@id\":\"https:\/\/www.medoucine.com\/blog\/#website\",\"url\":\"https:\/\/www.medoucine.com\/blog\/\",\"name\":\"Blog de Medoucine\",\"description\":\"Le blog des m\u00e9decines douces\",\"publisher\":{\"@id\":\"https:\/\/www.medoucine.com\/blog\/#organization\"},\"potentialAction\":[{\"@type\":\"SearchAction\",\"target\":{\"@type\":\"EntryPoint\",\"urlTemplate\":\"https:\/\/www.medoucine.com\/blog\/?s={search_term_string}\"},\"query-input\":{\"@type\":\"PropertyValueSpecification\",\"valueRequired\":true,\"valueName\":\"search_term_string\"}}],\"inLanguage\":\"fr-FR\"},{\"@type\":\"Organization\",\"@id\":\"https:\/\/www.medoucine.com\/blog\/#organization\",\"name\":\"Medoucine\",\"url\":\"https:\/\/www.medoucine.com\/blog\/\",\"logo\":{\"@type\":\"ImageObject\",\"inLanguage\":\"fr-FR\",\"@id\":\"https:\/\/www.medoucine.com\/blog\/#\/schema\/logo\/image\/\",\"url\":\"https:\/\/www.medoucine.com\/blog\/wp-content\/uploads\/2019\/07\/logo@3x.png\",\"contentUrl\":\"https:\/\/www.medoucine.com\/blog\/wp-content\/uploads\/2019\/07\/logo@3x.png\",\"width\":555,\"height\":135,\"caption\":\"Medoucine\"},\"image\":{\"@id\":\"https:\/\/www.medoucine.com\/blog\/#\/schema\/logo\/image\/\"},\"sameAs\":[\"https:\/\/www.facebook.com\/medoucine\/\",\"https:\/\/x.com\/medoucinefr\",\"https:\/\/www.instagram.com\/medoucine\/\",\"https:\/\/www.youtube.com\/channel\/UCtZeUeJ_KebYK0KJAXjJV8g\"]},{\"@type\":\"Person\",\"@id\":\"https:\/\/www.medoucine.com\/blog\/#\/schema\/person\/c6e1ff81c039ac0f2c2c8f335e6dff29\",\"name\":\"Elodie Roncier\",\"image\":{\"@type\":\"ImageObject\",\"inLanguage\":\"fr-FR\",\"@id\":\"https:\/\/www.medoucine.com\/blog\/#\/schema\/person\/image\/\",\"url\":\"https:\/\/secure.gravatar.com\/avatar\/0734cc4d815e924a5b4396ebc21c4ef93e257975487744beb06fd46f9e8dda62?s=96&d=mm&r=g\",\"contentUrl\":\"https:\/\/secure.gravatar.com\/avatar\/0734cc4d815e924a5b4396ebc21c4ef93e257975487744beb06fd46f9e8dda62?s=96&d=mm&r=g\",\"caption\":\"Elodie Roncier\"},\"description\":\"Coach professionnelle et personnelle certifi\u00e9e RNCP, Praticienne Narrative et Hypnoth\u00e9rapeute, je vous accompagne \u00e0 r\u00e9v\u00e9lez vos potentiels et impactez le monde de vos talents, en cabinet pr\u00e8s de M\u00e2con (71) ou en visio consultation. Bilans de Comp\u00e9tences &amp; Formations Coachings de Leadership &amp; Communication, Changement &amp; Transition, Performance &amp; R\u00e9silience, Coaching litt\u00e9raire, de la Neuro-atypie et de l'Hypersensibilit\u00e9\",\"sameAs\":[\"https:\/\/www.medoucine.com\/consultation\/la-roche-vineuse\/elodie-roncier\/14203\",\"https:\/\/www.facebook.com\/profile.php?id=61552411117902\",\"https:\/\/www.instagram.com\/co.osez_coaching_et_hypnose\/\",\"https:\/\/www.linkedin.com\/in\/elodie-roncier-2a0a04285\/\"],\"url\":\"https:\/\/www.medoucine.com\/blog\/author\/elodie_roncier\/\"}]}<\/script>\n<!-- \/ Yoast SEO plugin. -->","yoast_head_json":{"title":"Comment le coaching narratif nous permet de nous d\u00e9ployer dans notre vie ? ~ Blog de Medoucine","description":"D\u00e9couvrez le coaching narratif ! Une approche bas\u00e9e sur les histoires dont les effets ont un r\u00e9el impact sur le quotidien pour g\u00e9n\u00e9rer du changement !","robots":{"index":"index","follow":"follow","max-snippet":"max-snippet:-1","max-image-preview":"max-image-preview:large","max-video-preview":"max-video-preview:-1"},"canonical":"https:\/\/www.medoucine.com\/blog\/comment-le-coaching-narratif-nous-permet-de-nous-deployer-dans-notre-vie\/","og_locale":"fr_FR","og_type":"article","og_title":"Comment le coaching narratif nous permet de nous d\u00e9ployer dans notre vie ? ~ Blog de Medoucine","og_description":"D\u00e9couvrez le coaching narratif ! Une approche bas\u00e9e sur les histoires dont les effets ont un r\u00e9el impact sur le quotidien pour g\u00e9n\u00e9rer du changement !","og_url":"https:\/\/www.medoucine.com\/blog\/comment-le-coaching-narratif-nous-permet-de-nous-deployer-dans-notre-vie\/","og_site_name":"Blog de Medoucine","article_publisher":"https:\/\/www.facebook.com\/medoucine\/","article_author":"https:\/\/www.facebook.com\/profile.php?id=61552411117902","article_published_time":"2024-12-06T06:30:22+00:00","article_modified_time":"2026-04-08T15:55:35+00:00","og_image":[{"width":2560,"height":1707,"url":"https:\/\/www.medoucine.com\/blog\/wp-content\/uploads\/2024\/11\/pexels-martinpechy-922100-scaled.jpg","type":"image\/jpeg"}],"author":"Elodie Roncier","twitter_card":"summary_large_image","twitter_creator":"@medoucinefr","twitter_site":"@medoucinefr","twitter_misc":{"\u00c9crit par":"Elodie Roncier","Dur\u00e9e de lecture estim\u00e9e":"10 minutes"},"schema":{"@context":"https:\/\/schema.org","@graph":[{"@type":"Article","@id":"https:\/\/www.medoucine.com\/blog\/comment-le-coaching-narratif-nous-permet-de-nous-deployer-dans-notre-vie\/#article","isPartOf":{"@id":"https:\/\/www.medoucine.com\/blog\/comment-le-coaching-narratif-nous-permet-de-nous-deployer-dans-notre-vie\/"},"author":{"name":"Elodie Roncier","@id":"https:\/\/www.medoucine.com\/blog\/#\/schema\/person\/c6e1ff81c039ac0f2c2c8f335e6dff29"},"headline":"Comment le coaching narratif nous permet de nous d\u00e9ployer dans notre vie ?","datePublished":"2024-12-06T06:30:22+00:00","dateModified":"2026-04-08T15:55:35+00:00","mainEntityOfPage":{"@id":"https:\/\/www.medoucine.com\/blog\/comment-le-coaching-narratif-nous-permet-de-nous-deployer-dans-notre-vie\/"},"wordCount":2110,"commentCount":0,"publisher":{"@id":"https:\/\/www.medoucine.com\/blog\/#organization"},"image":{"@id":"https:\/\/www.medoucine.com\/blog\/comment-le-coaching-narratif-nous-permet-de-nous-deployer-dans-notre-vie\/#primaryimage"},"thumbnailUrl":"https:\/\/www.medoucine.com\/blog\/wp-content\/uploads\/2024\/11\/pexels-martinpechy-922100-scaled.jpg","keywords":["coaching","d\u00e9veloppement personnel"],"articleSection":["D\u00e9veloppement personnel"],"inLanguage":"fr-FR","potentialAction":[{"@type":"CommentAction","name":"Comment","target":["https:\/\/www.medoucine.com\/blog\/comment-le-coaching-narratif-nous-permet-de-nous-deployer-dans-notre-vie\/#respond"]}]},{"@type":"WebPage","@id":"https:\/\/www.medoucine.com\/blog\/comment-le-coaching-narratif-nous-permet-de-nous-deployer-dans-notre-vie\/","url":"https:\/\/www.medoucine.com\/blog\/comment-le-coaching-narratif-nous-permet-de-nous-deployer-dans-notre-vie\/","name":"Comment le coaching narratif nous permet de nous d\u00e9ployer dans notre vie ? ~ Blog de Medoucine","isPartOf":{"@id":"https:\/\/www.medoucine.com\/blog\/#website"},"primaryImageOfPage":{"@id":"https:\/\/www.medoucine.com\/blog\/comment-le-coaching-narratif-nous-permet-de-nous-deployer-dans-notre-vie\/#primaryimage"},"image":{"@id":"https:\/\/www.medoucine.com\/blog\/comment-le-coaching-narratif-nous-permet-de-nous-deployer-dans-notre-vie\/#primaryimage"},"thumbnailUrl":"https:\/\/www.medoucine.com\/blog\/wp-content\/uploads\/2024\/11\/pexels-martinpechy-922100-scaled.jpg","datePublished":"2024-12-06T06:30:22+00:00","dateModified":"2026-04-08T15:55:35+00:00","description":"D\u00e9couvrez le coaching narratif ! Une approche bas\u00e9e sur les histoires dont les effets ont un r\u00e9el impact sur le quotidien pour g\u00e9n\u00e9rer du changement !","breadcrumb":{"@id":"https:\/\/www.medoucine.com\/blog\/comment-le-coaching-narratif-nous-permet-de-nous-deployer-dans-notre-vie\/#breadcrumb"},"inLanguage":"fr-FR","potentialAction":[{"@type":"ReadAction","target":["https:\/\/www.medoucine.com\/blog\/comment-le-coaching-narratif-nous-permet-de-nous-deployer-dans-notre-vie\/"]}]},{"@type":"ImageObject","inLanguage":"fr-FR","@id":"https:\/\/www.medoucine.com\/blog\/comment-le-coaching-narratif-nous-permet-de-nous-deployer-dans-notre-vie\/#primaryimage","url":"https:\/\/www.medoucine.com\/blog\/wp-content\/uploads\/2024\/11\/pexels-martinpechy-922100-scaled.jpg","contentUrl":"https:\/\/www.medoucine.com\/blog\/wp-content\/uploads\/2024\/11\/pexels-martinpechy-922100-scaled.jpg","width":2560,"height":1707},{"@type":"BreadcrumbList","@id":"https:\/\/www.medoucine.com\/blog\/comment-le-coaching-narratif-nous-permet-de-nous-deployer-dans-notre-vie\/#breadcrumb","itemListElement":[{"@type":"ListItem","position":1,"name":"Blog Medoucine","item":"https:\/\/www.medoucine.com\/blog\/"},{"@type":"ListItem","position":2,"name":"Psycho","item":"https:\/\/www.medoucine.com\/blog\/cat\/psycho\/"},{"@type":"ListItem","position":3,"name":"D\u00e9veloppement personnel","item":"https:\/\/www.medoucine.com\/blog\/cat\/psycho\/developpement-personnel\/"},{"@type":"ListItem","position":4,"name":"Comment le coaching narratif nous permet de nous d\u00e9ployer dans notre vie ?"}]},{"@type":"WebSite","@id":"https:\/\/www.medoucine.com\/blog\/#website","url":"https:\/\/www.medoucine.com\/blog\/","name":"Blog de Medoucine","description":"Le blog des m\u00e9decines douces","publisher":{"@id":"https:\/\/www.medoucine.com\/blog\/#organization"},"potentialAction":[{"@type":"SearchAction","target":{"@type":"EntryPoint","urlTemplate":"https:\/\/www.medoucine.com\/blog\/?s={search_term_string}"},"query-input":{"@type":"PropertyValueSpecification","valueRequired":true,"valueName":"search_term_string"}}],"inLanguage":"fr-FR"},{"@type":"Organization","@id":"https:\/\/www.medoucine.com\/blog\/#organization","name":"Medoucine","url":"https:\/\/www.medoucine.com\/blog\/","logo":{"@type":"ImageObject","inLanguage":"fr-FR","@id":"https:\/\/www.medoucine.com\/blog\/#\/schema\/logo\/image\/","url":"https:\/\/www.medoucine.com\/blog\/wp-content\/uploads\/2019\/07\/logo@3x.png","contentUrl":"https:\/\/www.medoucine.com\/blog\/wp-content\/uploads\/2019\/07\/logo@3x.png","width":555,"height":135,"caption":"Medoucine"},"image":{"@id":"https:\/\/www.medoucine.com\/blog\/#\/schema\/logo\/image\/"},"sameAs":["https:\/\/www.facebook.com\/medoucine\/","https:\/\/x.com\/medoucinefr","https:\/\/www.instagram.com\/medoucine\/","https:\/\/www.youtube.com\/channel\/UCtZeUeJ_KebYK0KJAXjJV8g"]},{"@type":"Person","@id":"https:\/\/www.medoucine.com\/blog\/#\/schema\/person\/c6e1ff81c039ac0f2c2c8f335e6dff29","name":"Elodie Roncier","image":{"@type":"ImageObject","inLanguage":"fr-FR","@id":"https:\/\/www.medoucine.com\/blog\/#\/schema\/person\/image\/","url":"https:\/\/secure.gravatar.com\/avatar\/0734cc4d815e924a5b4396ebc21c4ef93e257975487744beb06fd46f9e8dda62?s=96&d=mm&r=g","contentUrl":"https:\/\/secure.gravatar.com\/avatar\/0734cc4d815e924a5b4396ebc21c4ef93e257975487744beb06fd46f9e8dda62?s=96&d=mm&r=g","caption":"Elodie Roncier"},"description":"Coach professionnelle et personnelle certifi\u00e9e RNCP, Praticienne Narrative et Hypnoth\u00e9rapeute, je vous accompagne \u00e0 r\u00e9v\u00e9lez vos potentiels et impactez le monde de vos talents, en cabinet pr\u00e8s de M\u00e2con (71) ou en visio consultation. Bilans de Comp\u00e9tences &amp; Formations Coachings de Leadership &amp; Communication, Changement &amp; Transition, Performance &amp; R\u00e9silience, Coaching litt\u00e9raire, de la Neuro-atypie et de l'Hypersensibilit\u00e9","sameAs":["https:\/\/www.medoucine.com\/consultation\/la-roche-vineuse\/elodie-roncier\/14203","https:\/\/www.facebook.com\/profile.php?id=61552411117902","https:\/\/www.instagram.com\/co.osez_coaching_et_hypnose\/","https:\/\/www.linkedin.com\/in\/elodie-roncier-2a0a04285\/"],"url":"https:\/\/www.medoucine.com\/blog\/author\/elodie_roncier\/"}]}},"_links":{"self":[{"href":"https:\/\/www.medoucine.com\/blog\/wp-json\/wp\/v2\/posts\/33854","targetHints":{"allow":["GET"]}}],"collection":[{"href":"https:\/\/www.medoucine.com\/blog\/wp-json\/wp\/v2\/posts"}],"about":[{"href":"https:\/\/www.medoucine.com\/blog\/wp-json\/wp\/v2\/types\/post"}],"author":[{"embeddable":true,"href":"https:\/\/www.medoucine.com\/blog\/wp-json\/wp\/v2\/users\/906"}],"replies":[{"embeddable":true,"href":"https:\/\/www.medoucine.com\/blog\/wp-json\/wp\/v2\/comments?post=33854"}],"version-history":[{"count":17,"href":"https:\/\/www.medoucine.com\/blog\/wp-json\/wp\/v2\/posts\/33854\/revisions"}],"predecessor-version":[{"id":41976,"href":"https:\/\/www.medoucine.com\/blog\/wp-json\/wp\/v2\/posts\/33854\/revisions\/41976"}],"wp:featuredmedia":[{"embeddable":true,"href":"https:\/\/www.medoucine.com\/blog\/wp-json\/wp\/v2\/media\/33974"}],"wp:attachment":[{"href":"https:\/\/www.medoucine.com\/blog\/wp-json\/wp\/v2\/media?parent=33854"}],"wp:term":[{"taxonomy":"category","embeddable":true,"href":"https:\/\/www.medoucine.com\/blog\/wp-json\/wp\/v2\/categories?post=33854"},{"taxonomy":"post_tag","embeddable":true,"href":"https:\/\/www.medoucine.com\/blog\/wp-json\/wp\/v2\/tags?post=33854"}],"curies":[{"name":"wp","href":"https:\/\/api.w.org\/{rel}","templated":true}]}}