{"id":33769,"date":"2024-11-28T07:30:44","date_gmt":"2024-11-28T06:30:44","guid":{"rendered":"https:\/\/www.medoucine.com\/blog\/?p=33769"},"modified":"2026-04-08T17:55:40","modified_gmt":"2026-04-08T15:55:40","slug":"quels-sont-les-bienfaits-de-la-mache","status":"publish","type":"post","link":"https:\/\/www.medoucine.com\/blog\/quels-sont-les-bienfaits-de-la-mache\/","title":{"rendered":"Quels sont les bienfaits de la m\u00e2che ?"},"content":{"rendered":"<p class=\"has-drop-cap\">La m\u00e2che (<i>Valerianella locusta<\/i>), parfois appel\u00e9e <b>doucette<\/b>, <b>rampon<\/b> ou <b>salade de bl\u00e9<\/b>, est une plante potag\u00e8re originaire d\u2019Europe occidentale, o\u00f9 elle poussait \u00e0 l&rsquo;\u00e9tat sauvage. On la trouvait principalement dans les prairies, les champs et les terrains vagues. Elle a \u00e9t\u00e9 consomm\u00e9e depuis l&rsquo;Antiquit\u00e9, notamment pour ses feuilles tendres et son go\u00fbt d\u00e9licat. La m\u00e2che a aussi de belles qualit\u00e9s nutritionnelles !<\/p>\n<h2 class=\"p3\" style=\"text-align: left\">Mais pourquoi la m\u00e2che, s\u2019appelle-t-elle la m\u00e2che ?<span class=\"Apple-converted-space\">\u00a0<\/span><\/h2>\n<p class=\"p1\">Le nom <b>\u00ab\u00a0m\u00e2che\u00a0\u00bb<\/b> vient probablement du vieux fran\u00e7ais \u00ab\u00a0masche\u00a0\u00bb ou \u00ab\u00a0mache\u00a0\u00bb, qui d\u00e9signait cette plante comestible, et ce terme serait lui-m\u00eame issu du latin m\u00e9di\u00e9val <i>massa<\/i> ou <i>mascla<\/i>, signifiant <strong>\u00ab\u00a0amas\u00a0\u00bb ou \u00ab\u00a0boule\u00a0\u00bb<\/strong>. Cette \u00e9tymologie ferait r\u00e9f\u00e9rence \u00e0 la <strong>forme compacte et arrondie des rosettes<\/strong> de feuilles de la m\u00e2che.<\/p>\n<div class=\"m-spin\">\n<p class=\"m-spin__text\"><strong>La m\u00e2che : un alli\u00e9 bien-\u00eatre naturel<\/strong><\/p>\n<p class=\"m-spin__text\">La m\u00e2che, riche en vitamines et min\u00e9raux, est un excellent compl\u00e9ment pour retrouver un \u00e9quilibre optimal. N&rsquo;h\u00e9sitez pas \u00e0 solliciter un <a class=\"m-spin__link\" target=\"_blank\" rel=\"noopener noreferrer\" href=\"https:\/\/www.medoucine.com\/consultations\/se-soigner\/conseiller-en-naturopathie\/bordeaux\/tous-publics\/a-domicile-ou-cabinet?utm_source=medoucine_blog_B2C&amp;utm_medium=article_blog&amp;utm_campaign=spin_seo\">Conseiller en Naturopathie \u00e0 Bordeaux<\/a>, un <a class=\"m-spin__link\" target=\"_blank\" rel=\"noopener noreferrer\" href=\"https:\/\/www.medoucine.com\/consultations\/se-soigner\/conseiller-en-naturopathie\/lyon\/tous-publics\/a-domicile-ou-cabinet?utm_source=medoucine_blog_B2C&amp;utm_medium=article_blog&amp;utm_campaign=spin_seo\">Conseiller en Naturopathie \u00e0 Lyon<\/a> ou un <a class=\"m-spin__link\" target=\"_blank\" rel=\"noopener noreferrer\" href=\"https:\/\/www.medoucine.com\/consultations\/se-soigner\/conseiller-en-naturopathie\/rennes\/tous-publics\/a-domicile-ou-cabinet?utm_source=medoucine_blog_B2C&amp;utm_medium=article_blog&amp;utm_campaign=spin_seo\">Conseiller en Naturopathie \u00e0 Rennes<\/a> pour personnaliser vos conseils en fonction de vos besoins.<\/p>\n<p class=\"m-spin__text\">Vous souhaitez b\u00e9n\u00e9ficier des bienfaits de la naturopathie ? Trouvez des <a class=\"m-spin__link\" target=\"_blank\" rel=\"noopener noreferrer\" href=\"https:\/\/www.medoucine.com\/consultations\/se-soigner\/conseiller-en-naturopathie\/autour-de-moi?utm_source=medoucine_blog_B2C&amp;utm_medium=article_blog&amp;utm_campaign=spin_seo\">Conseillers en Naturopathie pr\u00e8s de chez vous<\/a> pour un suivi personnalis\u00e9 et durable.<\/p>\n<\/div>\n<h2 class=\"p3\" style=\"text-align: left\">Saisonnalit\u00e9 de la m\u00e2che<\/h2>\n<p class=\"p4\">La m\u00e2che est une plante rustique qui pousse bien dans les <strong>climats temp\u00e9r\u00e9s<\/strong>. Elle est cultiv\u00e9e principalement en <strong>automne et en hiver<\/strong>, ce qui en a fait une salade tr\u00e8s pris\u00e9e durant les saisons froides.<\/p>\n<div style=\"width: 595px\" class=\"wp-caption aligncenter\"><img loading=\"lazy\" decoding=\"async\" class=\"\" src=\"https:\/\/www.medoucine.com\/blog\/\/wp-content\/uploads\/2024\/11\/pexels-karolina-grabowska-4198024-scaled.jpg\" alt=\"\" width=\"585\" height=\"878\" \/><p class=\"wp-caption-text\">Pexels<\/p><\/div>\n<h2 class=\"p6\" style=\"text-align: left\">Propri\u00e9t\u00e9s et composition nutritionnelles de la m\u00e2che<\/h2>\n<p class=\"p1\">La m\u00e2che est une salade particuli\u00e8rement int\u00e9ressante sur le plan nutritionnel, malgr\u00e9 sa l\u00e9g\u00e8ret\u00e9. Elle est riche en <b>vitamines<\/b>, <b>min\u00e9raux<\/b>, et <b>antioxydants<\/b>, tout en \u00e9tant tr\u00e8s pauvre en calories. Elle sera parfaite cet hiver pour enrichir votre alimentation avec des nutriments essentiels comme la <a href=\"https:\/\/www.sabinemonnoyeur-naturopathe.com\/blog\/articles\/vitamine-c-role-bienfaits-et-comment-la-choisir\">vitamine C<\/a> et le <a href=\"https:\/\/www.sabinemonnoyeur-naturopathe.com\/blog\/articles\/le-fer-roles-bienfaits-anemie-et-les-aliments-les-plus-riches-en-fer\">fer<\/a> ou les besoins sont importants.<\/p>\n<p class=\"p4\"><i>Vous retrouverez principalement :<span class=\"Apple-converted-space\">\u00a0<\/span><\/i><\/p>\n<h3 class=\"p7\"><span class=\"s1\">Vitamines<\/span><\/h3>\n<ul class=\"ul1\">\n<li class=\"li1\"><b>Vitamine C<\/b> :\n<ul class=\"ul2\">\n<li class=\"li1\">Renforce le <a href=\"https:\/\/www.sabinemonnoyeur-naturopathe.com\/blog\/articles\/ami-n-3-anti-coronavirus-booster-son-systeme-immunitaire\"><strong>syst\u00e8me immunitaire<\/strong><\/a> et agit comme un puissant <strong><a href=\"https:\/\/www.sabinemonnoyeur-naturopathe.com\/blog\/articles\/c-est-quoi-un-antioxydant\">antioxydant<\/a><\/strong>. Id\u00e9ale en hiver pour lutter contre <a href=\"https:\/\/www.sabinemonnoyeur-naturopathe.com\/blog\/categories\/hygiene-de-vie-remedes-naturels\">les petits coup de froid<\/a>.<span class=\"Apple-converted-space\">\u00a0<\/span><\/li>\n<li class=\"li1\">La m\u00e2che en contient environ <b>38 mg pour 100 g<\/b>, soit un bon apport pour une salade.<\/li>\n<\/ul>\n<\/li>\n<li class=\"li1\"><b>Provitamine A (b\u00eata-carot\u00e8ne)<\/b> :\n<ul class=\"ul2\">\n<li class=\"li1\">Utile pour la sant\u00e9 de la <strong>peau<\/strong>, des <strong>muqueuses<\/strong> et des <strong>yeux.<\/strong><\/li>\n<li class=\"li1\">Pr\u00e9sente en bonne quantit\u00e9, elle contribue \u00e0 la <strong>protection cellulaire<\/strong>.<\/li>\n<\/ul>\n<\/li>\n<li class=\"li1\"><b>Vitamine B9 (acide folique)<\/b> :\n<ul class=\"ul2\">\n<li class=\"li1\">Particuli\u00e8rement importante pour les <strong>femmes enceintes<\/strong>, car elle aide \u00e0 pr\u00e9venir les anomalies du tube neural chez le f\u0153tus.<\/li>\n<li class=\"li1\">Favorise \u00e9galement la production de globules rouges.<\/li>\n<\/ul>\n<\/li>\n<\/ul>\n<h3 class=\"p7\"><span class=\"s1\">Min\u00e9raux et oligo-\u00e9l\u00e9ments<\/span><\/h3>\n<ul class=\"ul1\">\n<li class=\"li1\"><b>Fer<\/b> :\n<ul class=\"ul2\">\n<li class=\"li1\">N\u00e9cessaire pour le transport de l&rsquo;oxyg\u00e8ne dans le sang. La m\u00e2che est une source int\u00e9ressante de <strong>fer<\/strong>, notamment pour les personnes v\u00e9g\u00e9tariennes. Essentiel pour le tonus ! Mais aussi utile pour pr\u00e9venir l\u2019an\u00e9mie.<span class=\"Apple-converted-space\">\u00a0<\/span><\/li>\n<\/ul>\n<\/li>\n<li class=\"li1\"><b>Potassium<\/b> :\n<ul class=\"ul2\">\n<li class=\"li1\">Participe \u00e0 la r\u00e9gulation de la <strong>tension art\u00e9rielle<\/strong> et de l&rsquo;\u00e9quilibre hydrique en contrebalan\u00e7ant les effets du sodium.<\/li>\n<\/ul>\n<\/li>\n<li class=\"li1\"><b>Calcium<\/b> :\n<ul class=\"ul2\">\n<li class=\"li1\">Contribue \u00e0 la <strong>solidit\u00e9 des os<\/strong> et au bon fonctionnement musculaire.<\/li>\n<\/ul>\n<\/li>\n<li class=\"li1\"><a href=\"https:\/\/www.sabinemonnoyeur-naturopathe.com\/blog\/articles\/magnesium-nos-besoins-les-aliments-les-plus-riches-en-magnesium\"><b>Magn\u00e9sium<\/b> <\/a>:\n<ul class=\"ul2\">\n<li class=\"li1\">Utile pour la relaxation musculaire et le <strong>syst\u00e8me nerveux<\/strong> (r\u00e9duction du stress, favoriser la relaxation musculaire et am\u00e9liorer la qualit\u00e9 du sommeil)<\/li>\n<\/ul>\n<\/li>\n<\/ul>\n<h3 class=\"p7\"><span class=\"s1\">Fibres<\/span><\/h3>\n<ul class=\"ul1\">\n<li class=\"li1\">La m\u00e2che contient environ <b>1,5 g de fibres pour 100 g<\/b>, favorisant une <strong>bonne digestion<\/strong>, un <strong>bon transit,<\/strong> un sentiment de sati\u00e9t\u00e9 et contribuent \u00e0 un <a href=\"https:\/\/www.sabinemonnoyeur-naturopathe.com\/blog\/articles\/ventre-soigner-son-deuxieme-cerveau-grace-aux-medecines-douces\"><strong>microbiote<\/strong><\/a> intestinal \u00e9quilibr\u00e9.<\/li>\n<\/ul>\n<ul class=\"ul1\">\n<li class=\"li1\">Nota : Sa l\u00e9g\u00e8ret\u00e9 et sa faible teneur en mati\u00e8res grasses en font une option id\u00e9ale pour les syst\u00e8mes digestifs sensibles.<\/li>\n<\/ul>\n<h3 class=\"p7\"><span class=\"s1\">Antioxydants<\/span><\/h3>\n<ul class=\"ul1\">\n<li class=\"li1\">La m\u00e2che est riche en <b>antioxydants<\/b>, comme les flavono\u00efdes et le b\u00eata-carot\u00e8ne, qui prot\u00e8gent les cellules du stress oxydatif, r\u00e9duisant ainsi les risques de maladies chroniques, mais aussi permettant un teint \u00e9clatant et \u00e0 une protection contre le vieillissement cutan\u00e9.<\/li>\n<\/ul>\n<h3 class=\"p7\"><span class=\"s1\">Eau<\/span><\/h3>\n<ul class=\"ul1\">\n<li class=\"li1\">Avec plus de <b>90 % d&rsquo;eau<\/b>, la m\u00e2che est tr\u00e8s hydratante et l\u00e9g\u00e8re, id\u00e9ale dans le cadre d\u2019une alimentation saine.<\/li>\n<li class=\"li1\">Sa faible teneur calorique (environ <b>20 kcal pour 100 g<\/b>) en fait une alli\u00e9e pour la <strong>gestion du poids.<\/strong><\/li>\n<\/ul>\n<div style=\"width: 595px\" class=\"wp-caption aligncenter\"><img loading=\"lazy\" decoding=\"async\" class=\"\" src=\"https:\/\/www.medoucine.com\/blog\/\/wp-content\/uploads\/2024\/11\/pexels-anastasia-shuraeva-6232554.jpg\" alt=\"\" width=\"585\" height=\"877\" \/><p class=\"wp-caption-text\">Pexels<\/p><\/div>\n<h2 class=\"p6\" style=\"text-align: left\">Les 10 B\u00e9n\u00e9fices sant\u00e9 de la m\u00e2che \u00e0 retenir<\/h2>\n<p class=\"p7\">1. Renforce le syst\u00e8me immunitaire<\/p>\n<p class=\"p7\">2. Prot\u00e8ge la sant\u00e9 cardiovasculaire<\/p>\n<p class=\"p7\">3. Aide \u00e0 la <a href=\"https:\/\/www.sabinemonnoyeur-naturopathe.com\/blog\/articles\/comment-calmer-les-troubles-digestifs-naturellement\">digestion<\/a><\/p>\n<p class=\"p7\">4. Am\u00e9liore l&rsquo;\u00e9nergie et r\u00e9duit la <a href=\"https:\/\/www.sabinemonnoyeur-naturopathe.com\/blog\/articles\/10-remedes-naturels-de-naturopathe-contre-la-fatigue-chronique\">fatigue<\/a><\/p>\n<p class=\"p7\">5. Prot\u00e8ge la peau et les yeux<\/p>\n<p class=\"p7\">6. Favorise la d\u00e9tente et r\u00e9duit le stress<\/p>\n<p class=\"p7\">7. Soutient une grossesse saine<\/p>\n<p class=\"p7\">8. Aide \u00e0 la gestion du poids<\/p>\n<p class=\"p7\">9. Prot\u00e8ge contre les maladies chroniques<\/p>\n<p class=\"p7\">10. Maintient une bonne hydratation<\/p>\n<div style=\"width: 593px\" class=\"wp-caption aligncenter\"><img loading=\"lazy\" decoding=\"async\" class=\"\" src=\"https:\/\/www.medoucine.com\/blog\/\/wp-content\/uploads\/2024\/11\/pexels-valeriya-842571-scaled.jpg\" alt=\"\" width=\"583\" height=\"875\" \/><p class=\"wp-caption-text\">Pexels<\/p><\/div>\n<h2 class=\"p6\" style=\"text-align: left\">La m\u00e2che en cuisine<\/h2>\n<p class=\"p1\">La m\u00e2che, d\u00e9licate et savoureuse, est une <strong>salade polyvalente<\/strong> qui peut \u00eatre utilis\u00e9e aussi bien crue que cuite. Sa douceur et sa saveur d\u00e9licate en font un ingr\u00e9dient parfait pour des recettes saines et savoureuses. Voici quelques id\u00e9es pour la cuisiner et la mettre en valeur :<\/p>\n<h3 class=\"p7\"><span class=\"s1\">En salade<\/span><\/h3>\n<ul class=\"ul1\">\n<li class=\"li1\"><b>Simple et l\u00e9g\u00e8re<\/b> : M\u00e9langez la m\u00e2che avec une vinaigrette classique (huile d&rsquo;olive, vinaigre de cidre, sel et poivre).<\/li>\n<li class=\"li1\"><b>Avec des fruits<\/b> : Ajoutez des morceaux de pomme, poire, grenade, ou des fruits secs (noix, noisettes, amandes).<\/li>\n<li class=\"li1\"><b>Gourmande<\/b> : Associez-la \u00e0 du tofu grill\u00e9, des \u0153ufs mollets, du fromage (ch\u00e8vre, feta) et quelques noisettes<\/li>\n<li class=\"li1\"><b>Exotique<\/b> : M\u00e9langez avec de l&rsquo;avocat, du pamplemousse et des crevettes pour une touche fra\u00eeche et acidul\u00e9e.<\/li>\n<\/ul>\n<h3 class=\"p7\"><span class=\"s1\">En soupe ou velout\u00e9<\/span><\/h3>\n<ul class=\"ul1\">\n<li class=\"li1\">La m\u00e2che peut \u00eatre utilis\u00e9e dans des <strong>soupes vertes<\/strong> pour sa saveur douce :\n<ul class=\"ul2\">\n<li class=\"li1\">Faites revenir des oignons dans un peu d&rsquo;huile d\u2019olive.<\/li>\n<li class=\"li1\">Ajoutez des pommes de terre coup\u00e9es en morceaux et de l&rsquo;eau ou du bouillon. Laissez mijoter.<\/li>\n<li class=\"li1\">En fin de cuisson, ajoutez la m\u00e2che (elle cuit rapidement, en 2-3 minutes) et mixez.<\/li>\n<li class=\"li1\">Servez avec une touche de cr\u00e8me v\u00e9g\u00e9tale pour plus d\u2019onctuosit\u00e9.<span class=\"Apple-converted-space\">\u00a0<\/span><\/li>\n<\/ul>\n<\/li>\n<\/ul>\n<h3 class=\"p7\"><span class=\"s1\">Smoothies tout verts<\/span><\/h3>\n<ul class=\"ul1\">\n<li class=\"li1\">Pour une boisson <strong>saine et nutritive<\/strong> :\n<ul class=\"ul2\">\n<li class=\"li1\">Mixez la m\u00e2che avec une banane, un kiwi jaune, un peu de lait v\u00e9g\u00e9tal (amande, coco) et une touche de citron.<span class=\"Apple-converted-space\">\u00a0<\/span><\/li>\n<\/ul>\n<\/li>\n<\/ul>\n<p class=\"p1\">Cela cr\u00e9e un smoothie doux, l\u00e9g\u00e8rement herbac\u00e9 et rafra\u00eechissant.<\/p>\n<h3 class=\"p7\"><span class=\"s1\">En garniture chaude<\/span><\/h3>\n<ul class=\"ul1\">\n<li class=\"li1\"><b>Po\u00eal\u00e9e rapide<\/b> : Ajoutez la m\u00e2che en fin de cuisson dans une po\u00eale avec un filet d\u2019huile d\u2019olive, de l\u2019ail et \u00e9ventuellement une pinc\u00e9e de piment. C\u2019est une garniture d\u00e9licate pour accompagner des viandes ou des poissons.<\/li>\n<li class=\"li1\"><b>Dans une omelette<\/b> : M\u00e9langez de la m\u00e2che avec vos \u0153ufs battus avant de cuire l&rsquo;omelette pour une texture tendre et une saveur l\u00e9g\u00e8rement herbac\u00e9e.<\/li>\n<\/ul>\n<h3 class=\"p7\"><span class=\"s1\">En pesto<\/span><\/h3>\n<ul class=\"ul1\">\n<li class=\"li1\">La m\u00e2che peut remplacer le basilic dans une recette de <strong>pesto<\/strong> :\n<ul class=\"ul2\">\n<li class=\"li1\">Mixez de la m\u00e2che avec des pignons de pin, de l\u2019ail, du parmesan r\u00e2p\u00e9 et de l\u2019huile d\u2019olive.<\/li>\n<li class=\"li1\">Servez ce pesto sur des p\u00e2tes, des l\u00e9gumes grill\u00e9s ou des tartines.<\/li>\n<\/ul>\n<\/li>\n<\/ul>\n<h3 class=\"p7\"><span class=\"s1\">Dans des tartes sal\u00e9es<\/span><\/h3>\n<ul class=\"ul1\">\n<li class=\"li1\">Ajoutez de la m\u00e2che \u00e0 une <strong>tarte sal\u00e9e<\/strong> :\n<ul class=\"ul2\">\n<li class=\"li1\">Disposez-la sur le fond de tarte ou m\u00e9langez-la directement \u00e0 l\u2019appareil (\u0153ufs + cr\u00e8me\/lait (v\u00e9g\u00e9tal)) avant cuisson.<\/li>\n<li class=\"li1\">Associez-la \u00e0 des ingr\u00e9dients comme le ch\u00e8vre, le jambon, le saumon ou encore les tomates confites en fonction de tes envies !<span class=\"Apple-converted-space\">\u00a0<\/span><\/li>\n<\/ul>\n<\/li>\n<\/ul>\n<p><img loading=\"lazy\" decoding=\"async\" class=\"aligncenter\" src=\"https:\/\/www.medoucine.com\/blog\/\/wp-content\/uploads\/2024\/11\/pexels-vovkapanda-6213730-scaled.jpg\" alt=\"Pexels\" width=\"589\" height=\"884\" \/><\/p>\n<h2 class=\"p6\" style=\"text-align: left\">Mise en garde<\/h2>\n<p class=\"p4\">La m\u00e2che est un aliment g\u00e9n\u00e9ralement <strong>tr\u00e8s bien tol\u00e9r\u00e9<\/strong> et ne pr\u00e9sente pas de contre-indications majeures pour la plupart des personnes. Cependant, quelques points peuvent \u00eatre \u00e0 consid\u00e9rer dans certains cas sp\u00e9cifiques :<\/p>\n<h3 class=\"p7\">Allergies rares<\/h3>\n<p class=\"p1\">Bien que rare, une allergie \u00e0 la m\u00e2che peut survenir chez certaines personnes sensibles.<\/p>\n<p class=\"p1\">Les personnes ayant des allergies crois\u00e9es avec d&rsquo;autres plantes de la <a href=\"https:\/\/fr.wikipedia.org\/wiki\/Caprifoliaceae\"><strong>famille des Val\u00e9rianac\u00e9es<\/strong><\/a> (dont fait partie la m\u00e2che) pourraient \u00eatre concern\u00e9es.<\/p>\n<h3 class=\"p7\">Probl\u00e8mes li\u00e9s aux oxalates<\/h3>\n<p class=\"p1\">La m\u00e2che contient une petite quantit\u00e9 d&rsquo;<b>oxalates<\/b>, qui peuvent poser probl\u00e8me aux personnes pr\u00e9dispos\u00e9es aux calculs r\u00e9naux oxalocalciques.<\/p>\n<p class=\"p1\">Une consommation excessive de m\u00e2che pourrait aggraver cette condition, bien que les niveaux d&rsquo;oxalates soient faibles compar\u00e9s \u00e0 d&rsquo;autres l\u00e9gumes comme les \u00e9pinards.<\/p>\n<h3 class=\"p7\">Risque d&rsquo;intoxication alimentaire<\/h3>\n<p class=\"p1\">Si la m\u00e2che n\u2019est pas bien lav\u00e9e, elle peut contenir des r\u00e9sidus de terre, des <strong>parasites ou des bact\u00e9ries<\/strong> (comme <i>E. coli<\/i>). Cela peut \u00eatre probl\u00e9matique, surtout pour :<\/p>\n<ul class=\"ul1\">\n<li style=\"list-style-type: none\">\n<ul class=\"ul2\">\n<li class=\"li1\">Les femmes enceintes.<\/li>\n<li class=\"li1\">Les jeunes enfants.<\/li>\n<li class=\"li1\">Les personnes immunod\u00e9prim\u00e9es.<\/li>\n<\/ul>\n<\/li>\n<\/ul>\n<p class=\"p1\">=&gt; Solution : Bien la rincer \u00e0 l\u2019eau froide et \u00e9ventuellement la tremper dans de l\u2019eau vinaigr\u00e9e avant consommation.<\/p>\n<h3 class=\"p7\">Pesticides<\/h3>\n<p class=\"p1\">Comme beaucoup de salades, la m\u00e2che peut \u00eatre expos\u00e9e aux pesticides si elle n\u2019est pas issue de l\u2019<strong>agriculture biologique.<\/strong> Cela peut poser probl\u00e8me en cas de consommation fr\u00e9quente.<\/p>\n<p class=\"p1\">=&gt; Solution : Privil\u00e9gier la m\u00e2che bio ou bien la laver soigneusement.<\/p>\n<h3 class=\"p7\">Intol\u00e9rance digestive (rare)<\/h3>\n<p class=\"p1\">Chez certaines personnes ayant un <strong>syst\u00e8me digestif sensible<\/strong>, la m\u00e2che en quantit\u00e9 importante ou mal associ\u00e9e peut causer des ballonnements.<span class=\"Apple-converted-space\">\u00a0<\/span><\/p>\n<h3 class=\"p7\">Interaction avec certains r\u00e9gimes sp\u00e9cifiques<\/h3>\n<p class=\"p1\">Les personnes sous traitement <strong>anticoagulant<\/strong> doivent surveiller leur consommation de l\u00e9gumes riches en <strong>vitamine K<\/strong>. Bien que la m\u00e2che en contienne moins que d&rsquo;autres l\u00e9gumes verts (comme les \u00e9pinards), il peut \u00eatre utile de le prendre en consid\u00e9ration.<span class=\"Apple-converted-space\">\u00a0<\/span><\/p>\n<div style=\"width: 591px\" class=\"wp-caption aligncenter\"><img loading=\"lazy\" decoding=\"async\" class=\"\" src=\"https:\/\/www.medoucine.com\/blog\/\/wp-content\/uploads\/2024\/11\/pexels-n-voitkevich-5794776-scaled.jpg\" alt=\"\" width=\"581\" height=\"872\" \/><p class=\"wp-caption-text\">Pexels<\/p><\/div>\n<h2 style=\"text-align: left\">Pour conclure<\/h2>\n<p class=\"p4\">En r\u00e9sum\u00e9, la m\u00e2che est une plante humble par ses origines, mais elle est devenue un aliment incontournable gr\u00e2ce \u00e0 ses qualit\u00e9s <strong>gustatives et nutritionnelles<\/strong>. C\u2019est un aliment parfait pour compl\u00e9ter une <strong>alimentation \u00e9quilibr\u00e9e<\/strong>, notamment en hiver.<\/p>\n<p>&nbsp;<\/p>\n<p class=\"p4\">par <a href=\"https:\/\/www.medoucine.com\/consultation\/lyon\/sabine-monnoyeur\/5882\"><strong>Sabine Monnoyeur, praticienne en naturopathie<\/strong><\/a>\u00a0du r\u00e9seau M\u00e9doucine.<\/p>\n<p><a href=\"https:\/\/www.medoucine.com\/\"><strong>Trouvez un praticien pr\u00e8s de chez vous sur M\u00e9doucine<\/strong>.\u00a0<\/a><\/p>\n<p><strong>\u00c0 lire aussi\u00a0:<\/strong><\/p>\n<ul>\n<li><a href=\"https:\/\/www.medoucine.com\/blog\/\/quels-sont-les-bienfaits-du-chou-rouge\/\">Quels sont les bienfaits du chou rouge ?<\/a><\/li>\n<li><a href=\"https:\/\/www.medoucine.com\/blog\/\/quels-sont-les-bienfaits-du-persil\/\">Quels sont les bienfaits du persil ?<\/a><\/li>\n<li><a href=\"https:\/\/www.medoucine.com\/blog\/\/quels-sont-les-bienfaits-des-myrtilles\/\">Quels sont les bienfaits des myrtilles ?<\/a><\/li>\n<\/ul>\n","protected":false},"excerpt":{"rendered":"<p>La m\u00e2che (Valerianella locusta), parfois appel\u00e9e doucette, rampon ou salade de bl\u00e9, est une plante potag\u00e8re originaire d\u2019Europe occidentale, o\u00f9 elle poussait \u00e0 l&rsquo;\u00e9tat sauvage. On la trouvait principalement dans les prairies, les champs et les terrains vagues. Elle a \u00e9t\u00e9 consomm\u00e9e depuis l&rsquo;Antiquit\u00e9, notamment pour ses feuilles tendres et son go\u00fbt d\u00e9licat. La m\u00e2che a aussi de belles qualit\u00e9s nutritionnelles ! Mais pourquoi la m\u00e2che, s\u2019appelle-t-elle la m\u00e2che ?\u00a0 Le nom \u00ab\u00a0m\u00e2che\u00a0\u00bb vient probablement du vieux fran\u00e7ais \u00ab\u00a0masche\u00a0\u00bb ou \u00ab\u00a0mache\u00a0\u00bb, qui d\u00e9signait cette plante comestible, et ce terme serait lui-m\u00eame issu du latin m\u00e9di\u00e9val massa ou mascla, signifiant \u00ab\u00a0amas\u00a0\u00bb ou \u00ab\u00a0boule\u00a0\u00bb. Cette \u00e9tymologie ferait r\u00e9f\u00e9rence \u00e0 la forme compacte et arrondie des rosettes de feuilles de la m\u00e2che. La m\u00e2che : un alli\u00e9 bien-\u00eatre naturel La m\u00e2che, riche en vitamines et min\u00e9raux, est un [&hellip;]<\/p>\n","protected":false},"author":785,"featured_media":33840,"comment_status":"open","ping_status":"open","sticky":false,"template":"","format":"standard","meta":{"_acf_changed":false,"footnotes":""},"categories":[1,98],"tags":[267],"class_list":["post-33769","post","type-post","status-publish","format-standard","has-post-thumbnail","hentry","category-non-classe","category-plantes-nutriments","tag-alimentation"],"acf":[],"yoast_head":"<!-- This site is optimized with the Yoast SEO plugin v27.1.1 - https:\/\/yoast.com\/product\/yoast-seo-wordpress\/ -->\n<title>Quels sont les bienfaits de la m\u00e2che ? ~ Blog de Medoucine<\/title>\n<meta name=\"description\" content=\"Consomm\u00e9e depuis l&#039;Antiquit\u00e9, notamment pour ses feuilles tendres et son go\u00fbt d\u00e9licat. La m\u00e2che a aussi de belles qualit\u00e9s nutritionnelles !\" \/>\n<meta name=\"robots\" content=\"index, follow, max-snippet:-1, max-image-preview:large, max-video-preview:-1\" \/>\n<link rel=\"canonical\" href=\"https:\/\/www.medoucine.com\/blog\/quels-sont-les-bienfaits-de-la-mache\/\" \/>\n<meta property=\"og:locale\" content=\"fr_FR\" \/>\n<meta property=\"og:type\" content=\"article\" \/>\n<meta property=\"og:title\" content=\"Quels sont les bienfaits de la m\u00e2che ? ~ Blog de Medoucine\" \/>\n<meta property=\"og:description\" content=\"Consomm\u00e9e depuis l&#039;Antiquit\u00e9, notamment pour ses feuilles tendres et son go\u00fbt d\u00e9licat. La m\u00e2che a aussi de belles qualit\u00e9s nutritionnelles !\" \/>\n<meta property=\"og:url\" content=\"https:\/\/www.medoucine.com\/blog\/quels-sont-les-bienfaits-de-la-mache\/\" \/>\n<meta property=\"og:site_name\" content=\"Blog de Medoucine\" \/>\n<meta property=\"article:publisher\" content=\"https:\/\/www.facebook.com\/medoucine\/\" \/>\n<meta property=\"article:published_time\" content=\"2024-11-28T06:30:44+00:00\" \/>\n<meta property=\"article:modified_time\" content=\"2026-04-08T15:55:40+00:00\" \/>\n<meta property=\"og:image\" content=\"https:\/\/www.medoucine.com\/blog\/wp-content\/uploads\/2024\/11\/pexels-helloaesthe-27400771-scaled.jpg\" \/>\n\t<meta property=\"og:image:width\" content=\"2560\" \/>\n\t<meta property=\"og:image:height\" content=\"1707\" \/>\n\t<meta property=\"og:image:type\" content=\"image\/jpeg\" \/>\n<meta name=\"author\" content=\"Sabine Monnoyeur\" \/>\n<meta name=\"twitter:card\" content=\"summary_large_image\" \/>\n<meta name=\"twitter:creator\" content=\"@medoucinefr\" \/>\n<meta name=\"twitter:site\" content=\"@medoucinefr\" \/>\n<meta name=\"twitter:label1\" content=\"\u00c9crit par\" \/>\n\t<meta name=\"twitter:data1\" content=\"Sabine Monnoyeur\" \/>\n\t<meta name=\"twitter:label2\" content=\"Dur\u00e9e de lecture estim\u00e9e\" \/>\n\t<meta name=\"twitter:data2\" content=\"8 minutes\" \/>\n<script type=\"application\/ld+json\" class=\"yoast-schema-graph\">{\"@context\":\"https:\/\/schema.org\",\"@graph\":[{\"@type\":\"Article\",\"@id\":\"https:\/\/www.medoucine.com\/blog\/quels-sont-les-bienfaits-de-la-mache\/#article\",\"isPartOf\":{\"@id\":\"https:\/\/www.medoucine.com\/blog\/quels-sont-les-bienfaits-de-la-mache\/\"},\"author\":{\"name\":\"Sabine Monnoyeur\",\"@id\":\"https:\/\/www.medoucine.com\/blog\/#\/schema\/person\/7e280fcce496b0d8a9aa4d1772363734\"},\"headline\":\"Quels sont les bienfaits de la m\u00e2che ?\",\"datePublished\":\"2024-11-28T06:30:44+00:00\",\"dateModified\":\"2026-04-08T15:55:40+00:00\",\"mainEntityOfPage\":{\"@id\":\"https:\/\/www.medoucine.com\/blog\/quels-sont-les-bienfaits-de-la-mache\/\"},\"wordCount\":1671,\"commentCount\":0,\"publisher\":{\"@id\":\"https:\/\/www.medoucine.com\/blog\/#organization\"},\"image\":{\"@id\":\"https:\/\/www.medoucine.com\/blog\/quels-sont-les-bienfaits-de-la-mache\/#primaryimage\"},\"thumbnailUrl\":\"https:\/\/www.medoucine.com\/blog\/wp-content\/uploads\/2024\/11\/pexels-helloaesthe-27400771-scaled.jpg\",\"keywords\":[\"alimentation\"],\"articleSection\":{\"1\":\"Plantes &amp; Nutriments\"},\"inLanguage\":\"fr-FR\",\"potentialAction\":[{\"@type\":\"CommentAction\",\"name\":\"Comment\",\"target\":[\"https:\/\/www.medoucine.com\/blog\/quels-sont-les-bienfaits-de-la-mache\/#respond\"]}]},{\"@type\":\"WebPage\",\"@id\":\"https:\/\/www.medoucine.com\/blog\/quels-sont-les-bienfaits-de-la-mache\/\",\"url\":\"https:\/\/www.medoucine.com\/blog\/quels-sont-les-bienfaits-de-la-mache\/\",\"name\":\"Quels sont les bienfaits de la m\u00e2che ? ~ Blog de Medoucine\",\"isPartOf\":{\"@id\":\"https:\/\/www.medoucine.com\/blog\/#website\"},\"primaryImageOfPage\":{\"@id\":\"https:\/\/www.medoucine.com\/blog\/quels-sont-les-bienfaits-de-la-mache\/#primaryimage\"},\"image\":{\"@id\":\"https:\/\/www.medoucine.com\/blog\/quels-sont-les-bienfaits-de-la-mache\/#primaryimage\"},\"thumbnailUrl\":\"https:\/\/www.medoucine.com\/blog\/wp-content\/uploads\/2024\/11\/pexels-helloaesthe-27400771-scaled.jpg\",\"datePublished\":\"2024-11-28T06:30:44+00:00\",\"dateModified\":\"2026-04-08T15:55:40+00:00\",\"description\":\"Consomm\u00e9e depuis l'Antiquit\u00e9, notamment pour ses feuilles tendres et son go\u00fbt d\u00e9licat. La m\u00e2che a aussi de belles qualit\u00e9s nutritionnelles !\",\"breadcrumb\":{\"@id\":\"https:\/\/www.medoucine.com\/blog\/quels-sont-les-bienfaits-de-la-mache\/#breadcrumb\"},\"inLanguage\":\"fr-FR\",\"potentialAction\":[{\"@type\":\"ReadAction\",\"target\":[\"https:\/\/www.medoucine.com\/blog\/quels-sont-les-bienfaits-de-la-mache\/\"]}]},{\"@type\":\"ImageObject\",\"inLanguage\":\"fr-FR\",\"@id\":\"https:\/\/www.medoucine.com\/blog\/quels-sont-les-bienfaits-de-la-mache\/#primaryimage\",\"url\":\"https:\/\/www.medoucine.com\/blog\/wp-content\/uploads\/2024\/11\/pexels-helloaesthe-27400771-scaled.jpg\",\"contentUrl\":\"https:\/\/www.medoucine.com\/blog\/wp-content\/uploads\/2024\/11\/pexels-helloaesthe-27400771-scaled.jpg\",\"width\":2560,\"height\":1707},{\"@type\":\"BreadcrumbList\",\"@id\":\"https:\/\/www.medoucine.com\/blog\/quels-sont-les-bienfaits-de-la-mache\/#breadcrumb\",\"itemListElement\":[{\"@type\":\"ListItem\",\"position\":1,\"name\":\"Blog Medoucine\",\"item\":\"https:\/\/www.medoucine.com\/blog\/\"},{\"@type\":\"ListItem\",\"position\":2,\"name\":\"Alimentation\",\"item\":\"https:\/\/www.medoucine.com\/blog\/cat\/alimentation\/\"},{\"@type\":\"ListItem\",\"position\":3,\"name\":\"Plantes &amp; Nutriments\",\"item\":\"https:\/\/www.medoucine.com\/blog\/cat\/alimentation\/plantes-nutriments\/\"},{\"@type\":\"ListItem\",\"position\":4,\"name\":\"Quels sont les bienfaits de la m\u00e2che ?\"}]},{\"@type\":\"WebSite\",\"@id\":\"https:\/\/www.medoucine.com\/blog\/#website\",\"url\":\"https:\/\/www.medoucine.com\/blog\/\",\"name\":\"Blog de Medoucine\",\"description\":\"Le blog des m\u00e9decines douces\",\"publisher\":{\"@id\":\"https:\/\/www.medoucine.com\/blog\/#organization\"},\"potentialAction\":[{\"@type\":\"SearchAction\",\"target\":{\"@type\":\"EntryPoint\",\"urlTemplate\":\"https:\/\/www.medoucine.com\/blog\/?s={search_term_string}\"},\"query-input\":{\"@type\":\"PropertyValueSpecification\",\"valueRequired\":true,\"valueName\":\"search_term_string\"}}],\"inLanguage\":\"fr-FR\"},{\"@type\":\"Organization\",\"@id\":\"https:\/\/www.medoucine.com\/blog\/#organization\",\"name\":\"Medoucine\",\"url\":\"https:\/\/www.medoucine.com\/blog\/\",\"logo\":{\"@type\":\"ImageObject\",\"inLanguage\":\"fr-FR\",\"@id\":\"https:\/\/www.medoucine.com\/blog\/#\/schema\/logo\/image\/\",\"url\":\"https:\/\/www.medoucine.com\/blog\/wp-content\/uploads\/2019\/07\/logo@3x.png\",\"contentUrl\":\"https:\/\/www.medoucine.com\/blog\/wp-content\/uploads\/2019\/07\/logo@3x.png\",\"width\":555,\"height\":135,\"caption\":\"Medoucine\"},\"image\":{\"@id\":\"https:\/\/www.medoucine.com\/blog\/#\/schema\/logo\/image\/\"},\"sameAs\":[\"https:\/\/www.facebook.com\/medoucine\/\",\"https:\/\/x.com\/medoucinefr\",\"https:\/\/www.instagram.com\/medoucine\/\",\"https:\/\/www.youtube.com\/channel\/UCtZeUeJ_KebYK0KJAXjJV8g\"]},{\"@type\":\"Person\",\"@id\":\"https:\/\/www.medoucine.com\/blog\/#\/schema\/person\/7e280fcce496b0d8a9aa4d1772363734\",\"name\":\"Sabine Monnoyeur\",\"image\":{\"@type\":\"ImageObject\",\"inLanguage\":\"fr-FR\",\"@id\":\"https:\/\/www.medoucine.com\/blog\/#\/schema\/person\/image\/\",\"url\":\"https:\/\/secure.gravatar.com\/avatar\/e034285bfec3ae5131a2dc7c9fd5aef3f8e11fd02af7d25fadcbc762566f2a3c?s=96&d=mm&r=g\",\"contentUrl\":\"https:\/\/secure.gravatar.com\/avatar\/e034285bfec3ae5131a2dc7c9fd5aef3f8e11fd02af7d25fadcbc762566f2a3c?s=96&d=mm&r=g\",\"caption\":\"Sabine Monnoyeur\"},\"description\":\"Gr\u00e2ce \u00e0 la naturopathie, Sabine Monnoyeur propose de reprendre la main sur son bien-\u00eatre.\",\"sameAs\":[\"https:\/\/www.medoucine.com\/consultation\/lyon\/sabine-monnoyeur\/5882\"],\"url\":\"https:\/\/www.medoucine.com\/blog\/author\/sabine_monnoyeur\/\"}]}<\/script>\n<!-- \/ Yoast SEO plugin. -->","yoast_head_json":{"title":"Quels sont les bienfaits de la m\u00e2che ? ~ Blog de Medoucine","description":"Consomm\u00e9e depuis l'Antiquit\u00e9, notamment pour ses feuilles tendres et son go\u00fbt d\u00e9licat. La m\u00e2che a aussi de belles qualit\u00e9s nutritionnelles !","robots":{"index":"index","follow":"follow","max-snippet":"max-snippet:-1","max-image-preview":"max-image-preview:large","max-video-preview":"max-video-preview:-1"},"canonical":"https:\/\/www.medoucine.com\/blog\/quels-sont-les-bienfaits-de-la-mache\/","og_locale":"fr_FR","og_type":"article","og_title":"Quels sont les bienfaits de la m\u00e2che ? ~ Blog de Medoucine","og_description":"Consomm\u00e9e depuis l'Antiquit\u00e9, notamment pour ses feuilles tendres et son go\u00fbt d\u00e9licat. La m\u00e2che a aussi de belles qualit\u00e9s nutritionnelles !","og_url":"https:\/\/www.medoucine.com\/blog\/quels-sont-les-bienfaits-de-la-mache\/","og_site_name":"Blog de Medoucine","article_publisher":"https:\/\/www.facebook.com\/medoucine\/","article_published_time":"2024-11-28T06:30:44+00:00","article_modified_time":"2026-04-08T15:55:40+00:00","og_image":[{"width":2560,"height":1707,"url":"https:\/\/www.medoucine.com\/blog\/wp-content\/uploads\/2024\/11\/pexels-helloaesthe-27400771-scaled.jpg","type":"image\/jpeg"}],"author":"Sabine Monnoyeur","twitter_card":"summary_large_image","twitter_creator":"@medoucinefr","twitter_site":"@medoucinefr","twitter_misc":{"\u00c9crit par":"Sabine Monnoyeur","Dur\u00e9e de lecture estim\u00e9e":"8 minutes"},"schema":{"@context":"https:\/\/schema.org","@graph":[{"@type":"Article","@id":"https:\/\/www.medoucine.com\/blog\/quels-sont-les-bienfaits-de-la-mache\/#article","isPartOf":{"@id":"https:\/\/www.medoucine.com\/blog\/quels-sont-les-bienfaits-de-la-mache\/"},"author":{"name":"Sabine Monnoyeur","@id":"https:\/\/www.medoucine.com\/blog\/#\/schema\/person\/7e280fcce496b0d8a9aa4d1772363734"},"headline":"Quels sont les bienfaits de la m\u00e2che ?","datePublished":"2024-11-28T06:30:44+00:00","dateModified":"2026-04-08T15:55:40+00:00","mainEntityOfPage":{"@id":"https:\/\/www.medoucine.com\/blog\/quels-sont-les-bienfaits-de-la-mache\/"},"wordCount":1671,"commentCount":0,"publisher":{"@id":"https:\/\/www.medoucine.com\/blog\/#organization"},"image":{"@id":"https:\/\/www.medoucine.com\/blog\/quels-sont-les-bienfaits-de-la-mache\/#primaryimage"},"thumbnailUrl":"https:\/\/www.medoucine.com\/blog\/wp-content\/uploads\/2024\/11\/pexels-helloaesthe-27400771-scaled.jpg","keywords":["alimentation"],"articleSection":{"1":"Plantes &amp; Nutriments"},"inLanguage":"fr-FR","potentialAction":[{"@type":"CommentAction","name":"Comment","target":["https:\/\/www.medoucine.com\/blog\/quels-sont-les-bienfaits-de-la-mache\/#respond"]}]},{"@type":"WebPage","@id":"https:\/\/www.medoucine.com\/blog\/quels-sont-les-bienfaits-de-la-mache\/","url":"https:\/\/www.medoucine.com\/blog\/quels-sont-les-bienfaits-de-la-mache\/","name":"Quels sont les bienfaits de la m\u00e2che ? ~ Blog de Medoucine","isPartOf":{"@id":"https:\/\/www.medoucine.com\/blog\/#website"},"primaryImageOfPage":{"@id":"https:\/\/www.medoucine.com\/blog\/quels-sont-les-bienfaits-de-la-mache\/#primaryimage"},"image":{"@id":"https:\/\/www.medoucine.com\/blog\/quels-sont-les-bienfaits-de-la-mache\/#primaryimage"},"thumbnailUrl":"https:\/\/www.medoucine.com\/blog\/wp-content\/uploads\/2024\/11\/pexels-helloaesthe-27400771-scaled.jpg","datePublished":"2024-11-28T06:30:44+00:00","dateModified":"2026-04-08T15:55:40+00:00","description":"Consomm\u00e9e depuis l'Antiquit\u00e9, notamment pour ses feuilles tendres et son go\u00fbt d\u00e9licat. La m\u00e2che a aussi de belles qualit\u00e9s nutritionnelles !","breadcrumb":{"@id":"https:\/\/www.medoucine.com\/blog\/quels-sont-les-bienfaits-de-la-mache\/#breadcrumb"},"inLanguage":"fr-FR","potentialAction":[{"@type":"ReadAction","target":["https:\/\/www.medoucine.com\/blog\/quels-sont-les-bienfaits-de-la-mache\/"]}]},{"@type":"ImageObject","inLanguage":"fr-FR","@id":"https:\/\/www.medoucine.com\/blog\/quels-sont-les-bienfaits-de-la-mache\/#primaryimage","url":"https:\/\/www.medoucine.com\/blog\/wp-content\/uploads\/2024\/11\/pexels-helloaesthe-27400771-scaled.jpg","contentUrl":"https:\/\/www.medoucine.com\/blog\/wp-content\/uploads\/2024\/11\/pexels-helloaesthe-27400771-scaled.jpg","width":2560,"height":1707},{"@type":"BreadcrumbList","@id":"https:\/\/www.medoucine.com\/blog\/quels-sont-les-bienfaits-de-la-mache\/#breadcrumb","itemListElement":[{"@type":"ListItem","position":1,"name":"Blog Medoucine","item":"https:\/\/www.medoucine.com\/blog\/"},{"@type":"ListItem","position":2,"name":"Alimentation","item":"https:\/\/www.medoucine.com\/blog\/cat\/alimentation\/"},{"@type":"ListItem","position":3,"name":"Plantes &amp; Nutriments","item":"https:\/\/www.medoucine.com\/blog\/cat\/alimentation\/plantes-nutriments\/"},{"@type":"ListItem","position":4,"name":"Quels sont les bienfaits de la m\u00e2che ?"}]},{"@type":"WebSite","@id":"https:\/\/www.medoucine.com\/blog\/#website","url":"https:\/\/www.medoucine.com\/blog\/","name":"Blog de Medoucine","description":"Le blog des m\u00e9decines douces","publisher":{"@id":"https:\/\/www.medoucine.com\/blog\/#organization"},"potentialAction":[{"@type":"SearchAction","target":{"@type":"EntryPoint","urlTemplate":"https:\/\/www.medoucine.com\/blog\/?s={search_term_string}"},"query-input":{"@type":"PropertyValueSpecification","valueRequired":true,"valueName":"search_term_string"}}],"inLanguage":"fr-FR"},{"@type":"Organization","@id":"https:\/\/www.medoucine.com\/blog\/#organization","name":"Medoucine","url":"https:\/\/www.medoucine.com\/blog\/","logo":{"@type":"ImageObject","inLanguage":"fr-FR","@id":"https:\/\/www.medoucine.com\/blog\/#\/schema\/logo\/image\/","url":"https:\/\/www.medoucine.com\/blog\/wp-content\/uploads\/2019\/07\/logo@3x.png","contentUrl":"https:\/\/www.medoucine.com\/blog\/wp-content\/uploads\/2019\/07\/logo@3x.png","width":555,"height":135,"caption":"Medoucine"},"image":{"@id":"https:\/\/www.medoucine.com\/blog\/#\/schema\/logo\/image\/"},"sameAs":["https:\/\/www.facebook.com\/medoucine\/","https:\/\/x.com\/medoucinefr","https:\/\/www.instagram.com\/medoucine\/","https:\/\/www.youtube.com\/channel\/UCtZeUeJ_KebYK0KJAXjJV8g"]},{"@type":"Person","@id":"https:\/\/www.medoucine.com\/blog\/#\/schema\/person\/7e280fcce496b0d8a9aa4d1772363734","name":"Sabine Monnoyeur","image":{"@type":"ImageObject","inLanguage":"fr-FR","@id":"https:\/\/www.medoucine.com\/blog\/#\/schema\/person\/image\/","url":"https:\/\/secure.gravatar.com\/avatar\/e034285bfec3ae5131a2dc7c9fd5aef3f8e11fd02af7d25fadcbc762566f2a3c?s=96&d=mm&r=g","contentUrl":"https:\/\/secure.gravatar.com\/avatar\/e034285bfec3ae5131a2dc7c9fd5aef3f8e11fd02af7d25fadcbc762566f2a3c?s=96&d=mm&r=g","caption":"Sabine Monnoyeur"},"description":"Gr\u00e2ce \u00e0 la naturopathie, Sabine Monnoyeur propose de reprendre la main sur son bien-\u00eatre.","sameAs":["https:\/\/www.medoucine.com\/consultation\/lyon\/sabine-monnoyeur\/5882"],"url":"https:\/\/www.medoucine.com\/blog\/author\/sabine_monnoyeur\/"}]}},"_links":{"self":[{"href":"https:\/\/www.medoucine.com\/blog\/wp-json\/wp\/v2\/posts\/33769","targetHints":{"allow":["GET"]}}],"collection":[{"href":"https:\/\/www.medoucine.com\/blog\/wp-json\/wp\/v2\/posts"}],"about":[{"href":"https:\/\/www.medoucine.com\/blog\/wp-json\/wp\/v2\/types\/post"}],"author":[{"embeddable":true,"href":"https:\/\/www.medoucine.com\/blog\/wp-json\/wp\/v2\/users\/785"}],"replies":[{"embeddable":true,"href":"https:\/\/www.medoucine.com\/blog\/wp-json\/wp\/v2\/comments?post=33769"}],"version-history":[{"count":6,"href":"https:\/\/www.medoucine.com\/blog\/wp-json\/wp\/v2\/posts\/33769\/revisions"}],"predecessor-version":[{"id":41978,"href":"https:\/\/www.medoucine.com\/blog\/wp-json\/wp\/v2\/posts\/33769\/revisions\/41978"}],"wp:featuredmedia":[{"embeddable":true,"href":"https:\/\/www.medoucine.com\/blog\/wp-json\/wp\/v2\/media\/33840"}],"wp:attachment":[{"href":"https:\/\/www.medoucine.com\/blog\/wp-json\/wp\/v2\/media?parent=33769"}],"wp:term":[{"taxonomy":"category","embeddable":true,"href":"https:\/\/www.medoucine.com\/blog\/wp-json\/wp\/v2\/categories?post=33769"},{"taxonomy":"post_tag","embeddable":true,"href":"https:\/\/www.medoucine.com\/blog\/wp-json\/wp\/v2\/tags?post=33769"}],"curies":[{"name":"wp","href":"https:\/\/api.w.org\/{rel}","templated":true}]}}