{"id":32039,"date":"2024-07-19T07:30:46","date_gmt":"2024-07-19T05:30:46","guid":{"rendered":"https:\/\/www.medoucine.com\/blog\/?p=32039"},"modified":"2026-04-08T17:59:57","modified_gmt":"2026-04-08T15:59:57","slug":"cest-lete-et-si-vous-en-profitiez-pour-faire-un-point-sur-cette-annee","status":"publish","type":"post","link":"https:\/\/www.medoucine.com\/blog\/cest-lete-et-si-vous-en-profitiez-pour-faire-un-point-sur-cette-annee\/","title":{"rendered":"C&rsquo;est l&rsquo;\u00e9t\u00e9 : et si vous en profitiez pour faire un point sur cette ann\u00e9e ?"},"content":{"rendered":"<p class=\"has-drop-cap\">\u00c7a y est, <strong>la premi\u00e8re moiti\u00e9 de l&rsquo;ann\u00e9e s&rsquo;est \u00e9coul\u00e9e<\/strong> et vous vous \u00eates peut-\u00eatre laiss\u00e9 porter par le courant de la vie. Que pensez-vous de prendre quelques minutes pour faire un point sur cette ann\u00e9e ? Quels \u00e9taient vos objectifs, vos envies, vos \u00ab\u00a0r\u00e9solutions\u00a0\u00bb ? <strong>O\u00f9 en \u00eatre vous \u00e0 mi-parcours ?<\/strong> Et surtout, qu&rsquo;allez-vous mettre en place pour cette deuxi\u00e8me moiti\u00e9 d&rsquo;ann\u00e9e ?<\/p>\n<h2>Petit point sur cette ann\u00e9e : bilan de mi-parcours<\/h2>\n<p>C&rsquo;est l&rsquo;\u00e9t\u00e9, il commence \u00e0 faire beau. C&rsquo;est le moment parfait pour ralentir et faire le point. Pour cela, commencez par vous rem\u00e9morer<strong> vos objectifs et envies<\/strong> du d\u00e9but d&rsquo;ann\u00e9e. Vous pouvez <strong>faire cet exercice \u00e0 l&rsquo;\u00e9crit<\/strong>, vous aurez ainsi une trace pour faire votre bilan \u00e0 la fin de l&rsquo;ann\u00e9e.<\/p>\n<p>Ensuite, faites tout simplement le point sur ce qui est atteint, ce qui est en cours et ce qui reste \u00e0 faire. Soyez <strong>factuel et bienveillant<\/strong>. Il n&rsquo;est pas n\u00e9cessaire de vous flageller pour ce que vous n&rsquo;avez pas mis en place ou que vous n&rsquo;avez pas tenu. Si vous luttez contre vous-m\u00eame, vous vous freinerez. C&rsquo;est de l&rsquo;auto-sabotage pur et dur. <strong>Tenez-vous par la main<\/strong> et aidez-vous \u00e0 avancer. Apprenez \u00e0 vous consid\u00e9rer comme votre meilleur ami, \u00e0 vous soutenir et \u00e0 vous supporter en toute circonstance.<\/p>\n<div style=\"width: 594px\" class=\"wp-caption aligncenter\"><img loading=\"lazy\" decoding=\"async\" class=\"\" src=\"https:\/\/www.medoucine.com\/blog\/\/wp-content\/uploads\/2024\/06\/pexels-vlada-karpovich-4050344-scaled.jpg\" alt=\"\" width=\"584\" height=\"876\" \/><p class=\"wp-caption-text\">Pexels<\/p><\/div>\n<div class=\"m-spin\">\n<p class=\"m-spin__text\"><strong>R\u00e9\u00e9quilibrez votre \u00e9nergie et rayonnez cet \u00e9t\u00e9<\/strong><\/p>\n<p class=\"m-spin__text\">Vous ressentez le besoin de faire le point avant la rentr\u00e9e ? Un coach de vie peut vous aider \u00e0 clarifier vos objectifs et \u00e0 retrouver s\u00e9r\u00e9nit\u00e9. Prenez rendez-vous avec un <a class=\"m-spin__link\" target=\"_blank\" rel=\"noopener noreferrer\" href=\"https:\/\/www.medoucine.com\/consultations\/se-soigner\/coaching-de-vie\/paris\/tous-publics\/a-domicile-ou-cabinet?utm_source=medoucine_blog_B2C&amp;utm_medium=article_blog&amp;utm_campaign=spin_seo\">Coach de vie \u00e0 Paris<\/a>, un <a class=\"m-spin__link\" target=\"_blank\" rel=\"noopener noreferrer\" href=\"https:\/\/www.medoucine.com\/consultations\/se-soigner\/coaching-de-vie\/strasbourg\/tous-publics\/a-domicile-ou-cabinet?utm_source=medoucine_blog_B2C&amp;utm_medium=article_blog&amp;utm_campaign=spin_seo\">Coach de vie \u00e0 Strasbourg<\/a> ou un <a class=\"m-spin__link\" target=\"_blank\" rel=\"noopener noreferrer\" href=\"https:\/\/www.medoucine.com\/consultations\/se-soigner\/coaching-de-vie\/toulouse\/tous-publics\/a-domicile-ou-cabinet?utm_source=medoucine_blog_B2C&amp;utm_medium=article_blog&amp;utm_campaign=spin_seo\">Coach de vie \u00e0 Toulouse<\/a> pour un accompagnement personnalis\u00e9.<\/p>\n<p class=\"m-spin__text\">N&rsquo;attendez plus pour prendre soin de vous et investissez dans votre bien-\u00eatre : trouvez des <a class=\"m-spin__link\" target=\"_blank\" rel=\"noopener noreferrer\" href=\"https:\/\/www.medoucine.com\/consultations\/se-soigner\/coaching-de-vie\/autour-de-moi?utm_source=medoucine_blog_B2C&amp;utm_medium=article_blog&amp;utm_campaign=spin_seo\">Coachs personnels de vie pr\u00e8s de chez vous<\/a> pour vous accompagner vers une vie plus \u00e9panouie.<\/p>\n<\/div>\n<h2>C\u00e9l\u00e9brez vos victoires : bravo \u00e0 vous !<\/h2>\n<p>Pour toutes les choses que vous avez r\u00e9ussi \u00e0 mettre en place, ne vous contentez pas de cocher la case. <strong>F\u00e9licitez-vous !<\/strong> Parce que c&rsquo;est vraiment super ce que vous avez fait.<\/p>\n<p>Pour aller plus loin et tenir ces nouvelles habitudes dans la dur\u00e9e, vous pouvez <strong>pr\u00e9ciser pour chaque chose<\/strong> : ce qu&rsquo;elle vous a apport\u00e9, comment vous vous \u00eates senti en la r\u00e9alisant (en termes de sensations et d&rsquo;\u00e9motions), ce qui vous aide \u00e0 tenir cette routine si c&rsquo;en est une, etc. Tout ce qui <strong>va vous garder motiv\u00e9<\/strong> finalement. Vous pouvez aussi faire le point sur les comp\u00e9tences que vous avez d\u00e9velopp\u00e9es pour y arriver, \u00e7a contribuera \u00e0 <strong>augmenter votre confiance en vous<\/strong>.<\/p>\n<div style=\"width: 587px\" class=\"wp-caption aligncenter\"><img loading=\"lazy\" decoding=\"async\" class=\"\" src=\"https:\/\/www.medoucine.com\/blog\/\/wp-content\/uploads\/2024\/06\/pexels-allan-mas-5383520-scaled.jpg\" alt=\"\" width=\"577\" height=\"866\" \/><p class=\"wp-caption-text\">Pexels<\/p><\/div>\n<h2>Pr\u00e9parez votre plan d&rsquo;action pour la suite<\/h2>\n<p>Concernant les choses que vous n&rsquo;avez pas tenues ou que vous n&rsquo;avez tout simplement pas mis en place. Demandez-vous tout d&rsquo;abord <strong>qu&rsquo;est-ce qui a fait que \u00e7a n&rsquo;a pas fonctionn\u00e9<\/strong>. \u00c7a vous \u00e9vitera de commettre les m\u00eames erreurs, qui vous am\u00e8neront in\u00e9vitablement aux m\u00eames r\u00e9sultats.<\/p>\n<p>Puis, r\u00e9fl\u00e9chissez \u00e0 ce que vous pouvez <strong>modifier concr\u00e8tement<\/strong> dans votre passage \u00e0 l&rsquo;action pour que vous puissiez y arriver et le tenir. Comment l&rsquo;adapter \u00e0 qui vous \u00eates et votre fa\u00e7on de vivre ? Ensuite, fixez-le avec un<strong> maximum de d\u00e9tail<\/strong>. Quand le ferez-vous ? A quelle fr\u00e9quence ? O\u00f9 ? De quelle mani\u00e8re ? Avec qui ?<\/p>\n<p>Enfin, allez <strong>chercher votre motivation<\/strong> en vous demandant \u00e0 quel point vous avez envie de vivre cela et qu&rsquo;est-ce que \u00e7a va vous apporter dans votre vie ?<\/p>\n<div style=\"width: 600px\" class=\"wp-caption aligncenter\"><img loading=\"lazy\" decoding=\"async\" class=\"\" src=\"https:\/\/www.medoucine.com\/blog\/\/wp-content\/uploads\/2024\/06\/pexels-luca-betti-595852633-26889822-scaled.jpg\" alt=\"\" width=\"590\" height=\"885\" \/><p class=\"wp-caption-text\">Pexels<\/p><\/div>\n<p>Vous avez maintenant toutes les cl\u00e9s en main pour faire un point sur cette ann\u00e9e. Prendre conscience de tout ce que vous avez d\u00e9j\u00e0 accompli et dont vous \u00eates fier. Mais aussi mettre en place toutes les choses qui vous font envie et r\u00e9ussir \u00e0 atteindre vos objectifs. C&rsquo;est \u00e0 vous de jouer, sans oublier de profiter du chemin !<\/p>\n<p>&nbsp;<\/p>\n<p>par <a href=\"https:\/\/www.medoucine.com\/consultation\/paris\/coralie-cadot\/6398\"><strong>Coralie Cadot, praticienne en coaching<\/strong><\/a>\u00a0du r\u00e9seau M\u00e9doucine.<\/p>\n<p><a href=\"https:\/\/www.medoucine.com\/\"><strong>Trouvez un praticien pr\u00e8s de chez vous sur M\u00e9doucine<\/strong>.\u00a0<\/a><\/p>\n<p><strong>\u00c0 lire aussi\u00a0:<\/strong><\/p>\n<ul>\n<li><a href=\"https:\/\/www.medoucine.com\/blog\/\/3-exercices-creatifs-et-ludiques-pour-se-recentrer-en-ce-debut-dannee\/\">3 exercices cr\u00e9atifs et ludiques pour se recentrer en ce d\u00e9but d\u2019ann\u00e9e<\/a><\/li>\n<li><a href=\"https:\/\/www.medoucine.com\/blog\/\/3-conseils-pour-communiquer-sainement-avec-les-autres\/\">3 conseils pour communiquer sainement avec les autres<\/a><\/li>\n<li><a href=\"https:\/\/www.medoucine.com\/blog\/\/3-questions-a-vous-poser-pour-prendre-une-decision\/\">3 questions \u00e0 vous poser pour prendre une d\u00e9cision<\/a><\/li>\n<\/ul>\n","protected":false},"excerpt":{"rendered":"<p>\u00c7a y est, la premi\u00e8re moiti\u00e9 de l&rsquo;ann\u00e9e s&rsquo;est \u00e9coul\u00e9e et vous vous \u00eates peut-\u00eatre laiss\u00e9 porter par le courant de la vie. Que pensez-vous de prendre quelques minutes pour faire un point sur cette ann\u00e9e ? Quels \u00e9taient vos objectifs, vos envies, vos \u00ab\u00a0r\u00e9solutions\u00a0\u00bb ? O\u00f9 en \u00eatre vous \u00e0 mi-parcours ? Et surtout, qu&rsquo;allez-vous mettre en place pour cette deuxi\u00e8me moiti\u00e9 d&rsquo;ann\u00e9e ? Petit point sur cette ann\u00e9e : bilan de mi-parcours C&rsquo;est l&rsquo;\u00e9t\u00e9, il commence \u00e0 faire beau. C&rsquo;est le moment parfait pour ralentir et faire le point. Pour cela, commencez par vous rem\u00e9morer vos objectifs et envies du d\u00e9but d&rsquo;ann\u00e9e. Vous pouvez faire cet exercice \u00e0 l&rsquo;\u00e9crit, vous aurez ainsi une trace pour faire votre bilan \u00e0 la fin de l&rsquo;ann\u00e9e. Ensuite, faites tout simplement le point sur ce qui est [&hellip;]<\/p>\n","protected":false},"author":800,"featured_media":32232,"comment_status":"open","ping_status":"open","sticky":false,"template":"","format":"standard","meta":{"_acf_changed":false,"footnotes":""},"categories":[618],"tags":[],"class_list":["post-32039","post","type-post","status-publish","format-standard","has-post-thumbnail","hentry","category-developpement-personnel"],"acf":[],"yoast_head":"<!-- This site is optimized with the Yoast SEO plugin v27.1.1 - https:\/\/yoast.com\/product\/yoast-seo-wordpress\/ -->\n<title>C&#039;est l&#039;\u00e9t\u00e9 : et si vous en profitiez pour faire un point sur cette ann\u00e9e ?<\/title>\n<meta name=\"description\" content=\"Profitez de l&#039;\u00e9t\u00e9 et des vacances pour faire le point sur ces derniers mois et retrouver de la motivation pour la rentr\u00e9e.\" \/>\n<meta name=\"robots\" content=\"index, follow, max-snippet:-1, max-image-preview:large, max-video-preview:-1\" \/>\n<link rel=\"canonical\" href=\"https:\/\/www.medoucine.com\/blog\/cest-lete-et-si-vous-en-profitiez-pour-faire-un-point-sur-cette-annee\/\" \/>\n<meta property=\"og:locale\" content=\"fr_FR\" \/>\n<meta property=\"og:type\" content=\"article\" \/>\n<meta property=\"og:title\" content=\"C&#039;est l&#039;\u00e9t\u00e9 : et si vous en profitiez pour faire un point sur cette ann\u00e9e ?\" \/>\n<meta property=\"og:description\" content=\"Profitez de l&#039;\u00e9t\u00e9 et des vacances pour faire le point sur ces derniers mois et retrouver de la motivation pour la rentr\u00e9e.\" \/>\n<meta property=\"og:url\" content=\"https:\/\/www.medoucine.com\/blog\/cest-lete-et-si-vous-en-profitiez-pour-faire-un-point-sur-cette-annee\/\" \/>\n<meta property=\"og:site_name\" content=\"Blog de Medoucine\" \/>\n<meta property=\"article:publisher\" content=\"https:\/\/www.facebook.com\/medoucine\/\" \/>\n<meta property=\"article:published_time\" content=\"2024-07-19T05:30:46+00:00\" \/>\n<meta property=\"article:modified_time\" content=\"2026-04-08T15:59:57+00:00\" \/>\n<meta property=\"og:image\" content=\"https:\/\/www.medoucine.com\/blog\/wp-content\/uploads\/2024\/06\/pexels-cknguyen92-25651787-scaled.jpg\" \/>\n\t<meta property=\"og:image:width\" content=\"2560\" \/>\n\t<meta property=\"og:image:height\" content=\"1707\" \/>\n\t<meta property=\"og:image:type\" content=\"image\/jpeg\" \/>\n<meta name=\"author\" content=\"Coralie Cadot\" \/>\n<meta name=\"twitter:card\" content=\"summary_large_image\" \/>\n<meta name=\"twitter:creator\" content=\"@medoucinefr\" \/>\n<meta name=\"twitter:site\" content=\"@medoucinefr\" \/>\n<meta name=\"twitter:label1\" content=\"\u00c9crit par\" \/>\n\t<meta name=\"twitter:data1\" content=\"Coralie Cadot\" \/>\n\t<meta name=\"twitter:label2\" content=\"Dur\u00e9e de lecture estim\u00e9e\" \/>\n\t<meta name=\"twitter:data2\" content=\"4 minutes\" \/>\n<script type=\"application\/ld+json\" class=\"yoast-schema-graph\">{\"@context\":\"https:\/\/schema.org\",\"@graph\":[{\"@type\":\"Article\",\"@id\":\"https:\/\/www.medoucine.com\/blog\/cest-lete-et-si-vous-en-profitiez-pour-faire-un-point-sur-cette-annee\/#article\",\"isPartOf\":{\"@id\":\"https:\/\/www.medoucine.com\/blog\/cest-lete-et-si-vous-en-profitiez-pour-faire-un-point-sur-cette-annee\/\"},\"author\":{\"name\":\"Coralie Cadot\",\"@id\":\"https:\/\/www.medoucine.com\/blog\/#\/schema\/person\/7baa7c9fc09e3919a817d78866825de2\"},\"headline\":\"C&rsquo;est l&rsquo;\u00e9t\u00e9 : et si vous en profitiez pour faire un point sur cette ann\u00e9e ?\",\"datePublished\":\"2024-07-19T05:30:46+00:00\",\"dateModified\":\"2026-04-08T15:59:57+00:00\",\"mainEntityOfPage\":{\"@id\":\"https:\/\/www.medoucine.com\/blog\/cest-lete-et-si-vous-en-profitiez-pour-faire-un-point-sur-cette-annee\/\"},\"wordCount\":755,\"commentCount\":0,\"publisher\":{\"@id\":\"https:\/\/www.medoucine.com\/blog\/#organization\"},\"image\":{\"@id\":\"https:\/\/www.medoucine.com\/blog\/cest-lete-et-si-vous-en-profitiez-pour-faire-un-point-sur-cette-annee\/#primaryimage\"},\"thumbnailUrl\":\"https:\/\/www.medoucine.com\/blog\/wp-content\/uploads\/2024\/06\/pexels-cknguyen92-25651787-scaled.jpg\",\"articleSection\":[\"D\u00e9veloppement personnel\"],\"inLanguage\":\"fr-FR\",\"potentialAction\":[{\"@type\":\"CommentAction\",\"name\":\"Comment\",\"target\":[\"https:\/\/www.medoucine.com\/blog\/cest-lete-et-si-vous-en-profitiez-pour-faire-un-point-sur-cette-annee\/#respond\"]}]},{\"@type\":\"WebPage\",\"@id\":\"https:\/\/www.medoucine.com\/blog\/cest-lete-et-si-vous-en-profitiez-pour-faire-un-point-sur-cette-annee\/\",\"url\":\"https:\/\/www.medoucine.com\/blog\/cest-lete-et-si-vous-en-profitiez-pour-faire-un-point-sur-cette-annee\/\",\"name\":\"C'est l'\u00e9t\u00e9 : et si vous en profitiez pour faire un point sur cette ann\u00e9e ?\",\"isPartOf\":{\"@id\":\"https:\/\/www.medoucine.com\/blog\/#website\"},\"primaryImageOfPage\":{\"@id\":\"https:\/\/www.medoucine.com\/blog\/cest-lete-et-si-vous-en-profitiez-pour-faire-un-point-sur-cette-annee\/#primaryimage\"},\"image\":{\"@id\":\"https:\/\/www.medoucine.com\/blog\/cest-lete-et-si-vous-en-profitiez-pour-faire-un-point-sur-cette-annee\/#primaryimage\"},\"thumbnailUrl\":\"https:\/\/www.medoucine.com\/blog\/wp-content\/uploads\/2024\/06\/pexels-cknguyen92-25651787-scaled.jpg\",\"datePublished\":\"2024-07-19T05:30:46+00:00\",\"dateModified\":\"2026-04-08T15:59:57+00:00\",\"description\":\"Profitez de l'\u00e9t\u00e9 et des vacances pour faire le point sur ces derniers mois et retrouver de la motivation pour la rentr\u00e9e.\",\"breadcrumb\":{\"@id\":\"https:\/\/www.medoucine.com\/blog\/cest-lete-et-si-vous-en-profitiez-pour-faire-un-point-sur-cette-annee\/#breadcrumb\"},\"inLanguage\":\"fr-FR\",\"potentialAction\":[{\"@type\":\"ReadAction\",\"target\":[\"https:\/\/www.medoucine.com\/blog\/cest-lete-et-si-vous-en-profitiez-pour-faire-un-point-sur-cette-annee\/\"]}]},{\"@type\":\"ImageObject\",\"inLanguage\":\"fr-FR\",\"@id\":\"https:\/\/www.medoucine.com\/blog\/cest-lete-et-si-vous-en-profitiez-pour-faire-un-point-sur-cette-annee\/#primaryimage\",\"url\":\"https:\/\/www.medoucine.com\/blog\/wp-content\/uploads\/2024\/06\/pexels-cknguyen92-25651787-scaled.jpg\",\"contentUrl\":\"https:\/\/www.medoucine.com\/blog\/wp-content\/uploads\/2024\/06\/pexels-cknguyen92-25651787-scaled.jpg\",\"width\":2560,\"height\":1707},{\"@type\":\"BreadcrumbList\",\"@id\":\"https:\/\/www.medoucine.com\/blog\/cest-lete-et-si-vous-en-profitiez-pour-faire-un-point-sur-cette-annee\/#breadcrumb\",\"itemListElement\":[{\"@type\":\"ListItem\",\"position\":1,\"name\":\"Blog Medoucine\",\"item\":\"https:\/\/www.medoucine.com\/blog\/\"},{\"@type\":\"ListItem\",\"position\":2,\"name\":\"Psycho\",\"item\":\"https:\/\/www.medoucine.com\/blog\/cat\/psycho\/\"},{\"@type\":\"ListItem\",\"position\":3,\"name\":\"D\u00e9veloppement personnel\",\"item\":\"https:\/\/www.medoucine.com\/blog\/cat\/psycho\/developpement-personnel\/\"},{\"@type\":\"ListItem\",\"position\":4,\"name\":\"C&rsquo;est l&rsquo;\u00e9t\u00e9 : et si vous en profitiez pour faire un point sur cette ann\u00e9e ?\"}]},{\"@type\":\"WebSite\",\"@id\":\"https:\/\/www.medoucine.com\/blog\/#website\",\"url\":\"https:\/\/www.medoucine.com\/blog\/\",\"name\":\"Blog de Medoucine\",\"description\":\"Le blog des m\u00e9decines douces\",\"publisher\":{\"@id\":\"https:\/\/www.medoucine.com\/blog\/#organization\"},\"potentialAction\":[{\"@type\":\"SearchAction\",\"target\":{\"@type\":\"EntryPoint\",\"urlTemplate\":\"https:\/\/www.medoucine.com\/blog\/?s={search_term_string}\"},\"query-input\":{\"@type\":\"PropertyValueSpecification\",\"valueRequired\":true,\"valueName\":\"search_term_string\"}}],\"inLanguage\":\"fr-FR\"},{\"@type\":\"Organization\",\"@id\":\"https:\/\/www.medoucine.com\/blog\/#organization\",\"name\":\"Medoucine\",\"url\":\"https:\/\/www.medoucine.com\/blog\/\",\"logo\":{\"@type\":\"ImageObject\",\"inLanguage\":\"fr-FR\",\"@id\":\"https:\/\/www.medoucine.com\/blog\/#\/schema\/logo\/image\/\",\"url\":\"https:\/\/www.medoucine.com\/blog\/wp-content\/uploads\/2019\/07\/logo@3x.png\",\"contentUrl\":\"https:\/\/www.medoucine.com\/blog\/wp-content\/uploads\/2019\/07\/logo@3x.png\",\"width\":555,\"height\":135,\"caption\":\"Medoucine\"},\"image\":{\"@id\":\"https:\/\/www.medoucine.com\/blog\/#\/schema\/logo\/image\/\"},\"sameAs\":[\"https:\/\/www.facebook.com\/medoucine\/\",\"https:\/\/x.com\/medoucinefr\",\"https:\/\/www.instagram.com\/medoucine\/\",\"https:\/\/www.youtube.com\/channel\/UCtZeUeJ_KebYK0KJAXjJV8g\"]},{\"@type\":\"Person\",\"@id\":\"https:\/\/www.medoucine.com\/blog\/#\/schema\/person\/7baa7c9fc09e3919a817d78866825de2\",\"name\":\"Coralie Cadot\",\"image\":{\"@type\":\"ImageObject\",\"inLanguage\":\"fr-FR\",\"@id\":\"https:\/\/www.medoucine.com\/blog\/#\/schema\/person\/image\/\",\"url\":\"https:\/\/secure.gravatar.com\/avatar\/9e42b4a7ca4b3a99bd5dc8cfe7c0d52ff2dadddcaf64505b80d9eb7f494bd2ed?s=96&d=mm&r=g\",\"contentUrl\":\"https:\/\/secure.gravatar.com\/avatar\/9e42b4a7ca4b3a99bd5dc8cfe7c0d52ff2dadddcaf64505b80d9eb7f494bd2ed?s=96&d=mm&r=g\",\"caption\":\"Coralie Cadot\"},\"description\":\"J'accompagne les femmes qui souhaitent reprendre confiance en elles, \u00eatre ind\u00e9pendantes et vivre pleinement. Gr\u00e2ce a mes accompagnements en individuel, en groupe et lors d'ateliers m\u00ealant le d\u00e9veloppement personnel et les cercles de paroles. Retrouvez-moi sur ma page M\u00e9doucine pour r\u00e9server votre bilan gratuit, en visio.\",\"sameAs\":[\"https:\/\/www.medoucine.com\/consultation\/paris\/coralie-cadot\/6398\"],\"url\":\"https:\/\/www.medoucine.com\/blog\/author\/coralie_cadot\/\"}]}<\/script>\n<!-- \/ Yoast SEO plugin. -->","yoast_head_json":{"title":"C'est l'\u00e9t\u00e9 : et si vous en profitiez pour faire un point sur cette ann\u00e9e ?","description":"Profitez de l'\u00e9t\u00e9 et des vacances pour faire le point sur ces derniers mois et retrouver de la motivation pour la rentr\u00e9e.","robots":{"index":"index","follow":"follow","max-snippet":"max-snippet:-1","max-image-preview":"max-image-preview:large","max-video-preview":"max-video-preview:-1"},"canonical":"https:\/\/www.medoucine.com\/blog\/cest-lete-et-si-vous-en-profitiez-pour-faire-un-point-sur-cette-annee\/","og_locale":"fr_FR","og_type":"article","og_title":"C'est l'\u00e9t\u00e9 : et si vous en profitiez pour faire un point sur cette ann\u00e9e ?","og_description":"Profitez de l'\u00e9t\u00e9 et des vacances pour faire le point sur ces derniers mois et retrouver de la motivation pour la rentr\u00e9e.","og_url":"https:\/\/www.medoucine.com\/blog\/cest-lete-et-si-vous-en-profitiez-pour-faire-un-point-sur-cette-annee\/","og_site_name":"Blog de Medoucine","article_publisher":"https:\/\/www.facebook.com\/medoucine\/","article_published_time":"2024-07-19T05:30:46+00:00","article_modified_time":"2026-04-08T15:59:57+00:00","og_image":[{"width":2560,"height":1707,"url":"https:\/\/www.medoucine.com\/blog\/wp-content\/uploads\/2024\/06\/pexels-cknguyen92-25651787-scaled.jpg","type":"image\/jpeg"}],"author":"Coralie Cadot","twitter_card":"summary_large_image","twitter_creator":"@medoucinefr","twitter_site":"@medoucinefr","twitter_misc":{"\u00c9crit par":"Coralie Cadot","Dur\u00e9e de lecture estim\u00e9e":"4 minutes"},"schema":{"@context":"https:\/\/schema.org","@graph":[{"@type":"Article","@id":"https:\/\/www.medoucine.com\/blog\/cest-lete-et-si-vous-en-profitiez-pour-faire-un-point-sur-cette-annee\/#article","isPartOf":{"@id":"https:\/\/www.medoucine.com\/blog\/cest-lete-et-si-vous-en-profitiez-pour-faire-un-point-sur-cette-annee\/"},"author":{"name":"Coralie Cadot","@id":"https:\/\/www.medoucine.com\/blog\/#\/schema\/person\/7baa7c9fc09e3919a817d78866825de2"},"headline":"C&rsquo;est l&rsquo;\u00e9t\u00e9 : et si vous en profitiez pour faire un point sur cette ann\u00e9e ?","datePublished":"2024-07-19T05:30:46+00:00","dateModified":"2026-04-08T15:59:57+00:00","mainEntityOfPage":{"@id":"https:\/\/www.medoucine.com\/blog\/cest-lete-et-si-vous-en-profitiez-pour-faire-un-point-sur-cette-annee\/"},"wordCount":755,"commentCount":0,"publisher":{"@id":"https:\/\/www.medoucine.com\/blog\/#organization"},"image":{"@id":"https:\/\/www.medoucine.com\/blog\/cest-lete-et-si-vous-en-profitiez-pour-faire-un-point-sur-cette-annee\/#primaryimage"},"thumbnailUrl":"https:\/\/www.medoucine.com\/blog\/wp-content\/uploads\/2024\/06\/pexels-cknguyen92-25651787-scaled.jpg","articleSection":["D\u00e9veloppement personnel"],"inLanguage":"fr-FR","potentialAction":[{"@type":"CommentAction","name":"Comment","target":["https:\/\/www.medoucine.com\/blog\/cest-lete-et-si-vous-en-profitiez-pour-faire-un-point-sur-cette-annee\/#respond"]}]},{"@type":"WebPage","@id":"https:\/\/www.medoucine.com\/blog\/cest-lete-et-si-vous-en-profitiez-pour-faire-un-point-sur-cette-annee\/","url":"https:\/\/www.medoucine.com\/blog\/cest-lete-et-si-vous-en-profitiez-pour-faire-un-point-sur-cette-annee\/","name":"C'est l'\u00e9t\u00e9 : et si vous en profitiez pour faire un point sur cette ann\u00e9e ?","isPartOf":{"@id":"https:\/\/www.medoucine.com\/blog\/#website"},"primaryImageOfPage":{"@id":"https:\/\/www.medoucine.com\/blog\/cest-lete-et-si-vous-en-profitiez-pour-faire-un-point-sur-cette-annee\/#primaryimage"},"image":{"@id":"https:\/\/www.medoucine.com\/blog\/cest-lete-et-si-vous-en-profitiez-pour-faire-un-point-sur-cette-annee\/#primaryimage"},"thumbnailUrl":"https:\/\/www.medoucine.com\/blog\/wp-content\/uploads\/2024\/06\/pexels-cknguyen92-25651787-scaled.jpg","datePublished":"2024-07-19T05:30:46+00:00","dateModified":"2026-04-08T15:59:57+00:00","description":"Profitez de l'\u00e9t\u00e9 et des vacances pour faire le point sur ces derniers mois et retrouver de la motivation pour la rentr\u00e9e.","breadcrumb":{"@id":"https:\/\/www.medoucine.com\/blog\/cest-lete-et-si-vous-en-profitiez-pour-faire-un-point-sur-cette-annee\/#breadcrumb"},"inLanguage":"fr-FR","potentialAction":[{"@type":"ReadAction","target":["https:\/\/www.medoucine.com\/blog\/cest-lete-et-si-vous-en-profitiez-pour-faire-un-point-sur-cette-annee\/"]}]},{"@type":"ImageObject","inLanguage":"fr-FR","@id":"https:\/\/www.medoucine.com\/blog\/cest-lete-et-si-vous-en-profitiez-pour-faire-un-point-sur-cette-annee\/#primaryimage","url":"https:\/\/www.medoucine.com\/blog\/wp-content\/uploads\/2024\/06\/pexels-cknguyen92-25651787-scaled.jpg","contentUrl":"https:\/\/www.medoucine.com\/blog\/wp-content\/uploads\/2024\/06\/pexels-cknguyen92-25651787-scaled.jpg","width":2560,"height":1707},{"@type":"BreadcrumbList","@id":"https:\/\/www.medoucine.com\/blog\/cest-lete-et-si-vous-en-profitiez-pour-faire-un-point-sur-cette-annee\/#breadcrumb","itemListElement":[{"@type":"ListItem","position":1,"name":"Blog Medoucine","item":"https:\/\/www.medoucine.com\/blog\/"},{"@type":"ListItem","position":2,"name":"Psycho","item":"https:\/\/www.medoucine.com\/blog\/cat\/psycho\/"},{"@type":"ListItem","position":3,"name":"D\u00e9veloppement personnel","item":"https:\/\/www.medoucine.com\/blog\/cat\/psycho\/developpement-personnel\/"},{"@type":"ListItem","position":4,"name":"C&rsquo;est l&rsquo;\u00e9t\u00e9 : et si vous en profitiez pour faire un point sur cette ann\u00e9e ?"}]},{"@type":"WebSite","@id":"https:\/\/www.medoucine.com\/blog\/#website","url":"https:\/\/www.medoucine.com\/blog\/","name":"Blog de Medoucine","description":"Le blog des m\u00e9decines douces","publisher":{"@id":"https:\/\/www.medoucine.com\/blog\/#organization"},"potentialAction":[{"@type":"SearchAction","target":{"@type":"EntryPoint","urlTemplate":"https:\/\/www.medoucine.com\/blog\/?s={search_term_string}"},"query-input":{"@type":"PropertyValueSpecification","valueRequired":true,"valueName":"search_term_string"}}],"inLanguage":"fr-FR"},{"@type":"Organization","@id":"https:\/\/www.medoucine.com\/blog\/#organization","name":"Medoucine","url":"https:\/\/www.medoucine.com\/blog\/","logo":{"@type":"ImageObject","inLanguage":"fr-FR","@id":"https:\/\/www.medoucine.com\/blog\/#\/schema\/logo\/image\/","url":"https:\/\/www.medoucine.com\/blog\/wp-content\/uploads\/2019\/07\/logo@3x.png","contentUrl":"https:\/\/www.medoucine.com\/blog\/wp-content\/uploads\/2019\/07\/logo@3x.png","width":555,"height":135,"caption":"Medoucine"},"image":{"@id":"https:\/\/www.medoucine.com\/blog\/#\/schema\/logo\/image\/"},"sameAs":["https:\/\/www.facebook.com\/medoucine\/","https:\/\/x.com\/medoucinefr","https:\/\/www.instagram.com\/medoucine\/","https:\/\/www.youtube.com\/channel\/UCtZeUeJ_KebYK0KJAXjJV8g"]},{"@type":"Person","@id":"https:\/\/www.medoucine.com\/blog\/#\/schema\/person\/7baa7c9fc09e3919a817d78866825de2","name":"Coralie Cadot","image":{"@type":"ImageObject","inLanguage":"fr-FR","@id":"https:\/\/www.medoucine.com\/blog\/#\/schema\/person\/image\/","url":"https:\/\/secure.gravatar.com\/avatar\/9e42b4a7ca4b3a99bd5dc8cfe7c0d52ff2dadddcaf64505b80d9eb7f494bd2ed?s=96&d=mm&r=g","contentUrl":"https:\/\/secure.gravatar.com\/avatar\/9e42b4a7ca4b3a99bd5dc8cfe7c0d52ff2dadddcaf64505b80d9eb7f494bd2ed?s=96&d=mm&r=g","caption":"Coralie Cadot"},"description":"J'accompagne les femmes qui souhaitent reprendre confiance en elles, \u00eatre ind\u00e9pendantes et vivre pleinement. Gr\u00e2ce a mes accompagnements en individuel, en groupe et lors d'ateliers m\u00ealant le d\u00e9veloppement personnel et les cercles de paroles. Retrouvez-moi sur ma page M\u00e9doucine pour r\u00e9server votre bilan gratuit, en visio.","sameAs":["https:\/\/www.medoucine.com\/consultation\/paris\/coralie-cadot\/6398"],"url":"https:\/\/www.medoucine.com\/blog\/author\/coralie_cadot\/"}]}},"_links":{"self":[{"href":"https:\/\/www.medoucine.com\/blog\/wp-json\/wp\/v2\/posts\/32039","targetHints":{"allow":["GET"]}}],"collection":[{"href":"https:\/\/www.medoucine.com\/blog\/wp-json\/wp\/v2\/posts"}],"about":[{"href":"https:\/\/www.medoucine.com\/blog\/wp-json\/wp\/v2\/types\/post"}],"author":[{"embeddable":true,"href":"https:\/\/www.medoucine.com\/blog\/wp-json\/wp\/v2\/users\/800"}],"replies":[{"embeddable":true,"href":"https:\/\/www.medoucine.com\/blog\/wp-json\/wp\/v2\/comments?post=32039"}],"version-history":[{"count":7,"href":"https:\/\/www.medoucine.com\/blog\/wp-json\/wp\/v2\/posts\/32039\/revisions"}],"predecessor-version":[{"id":42065,"href":"https:\/\/www.medoucine.com\/blog\/wp-json\/wp\/v2\/posts\/32039\/revisions\/42065"}],"wp:featuredmedia":[{"embeddable":true,"href":"https:\/\/www.medoucine.com\/blog\/wp-json\/wp\/v2\/media\/32232"}],"wp:attachment":[{"href":"https:\/\/www.medoucine.com\/blog\/wp-json\/wp\/v2\/media?parent=32039"}],"wp:term":[{"taxonomy":"category","embeddable":true,"href":"https:\/\/www.medoucine.com\/blog\/wp-json\/wp\/v2\/categories?post=32039"},{"taxonomy":"post_tag","embeddable":true,"href":"https:\/\/www.medoucine.com\/blog\/wp-json\/wp\/v2\/tags?post=32039"}],"curies":[{"name":"wp","href":"https:\/\/api.w.org\/{rel}","templated":true}]}}