{"id":30829,"date":"2024-03-13T07:00:59","date_gmt":"2024-03-13T06:00:59","guid":{"rendered":"https:\/\/www.medoucine.com\/blog\/?p=30829"},"modified":"2026-04-08T18:03:16","modified_gmt":"2026-04-08T16:03:16","slug":"amenorrhee-pourquoi-je-nai-pas-mes-regles","status":"publish","type":"post","link":"https:\/\/www.medoucine.com\/blog\/amenorrhee-pourquoi-je-nai-pas-mes-regles\/","title":{"rendered":"Am\u00e9norrh\u00e9e, pourquoi je n\u2019ai pas mes r\u00e8gles ?"},"content":{"rendered":"<p class=\"has-drop-cap\">Le <strong>cycle menstruel<\/strong>, soumis \u00e0 l&rsquo;influence de divers facteurs internes et externes, peut \u00eatre sujet \u00e0 des perturbations et \u00e0 des irr\u00e9gularit\u00e9s. Dans ce contexte, l&rsquo;<strong>absence de menstruation<\/strong>, appel\u00e9e <strong>am\u00e9norrh\u00e9e<\/strong>, constitue un sujet que nous allons explorer en d\u00e9tail afin de mieux en comprendre les causes.<\/p>\n<h2 style=\"font-weight: 400\"><strong>Qu\u2019est-ce que l\u2019am\u00e9norrh\u00e9e ?<\/strong><\/h2>\n<p style=\"font-weight: 400\">L&rsquo;am\u00e9norrh\u00e9e se d\u00e9finit comme l&rsquo;<strong>absence de r\u00e8gles chez une femme en \u00e2ge de procr\u00e9er<\/strong>. Il existe deux types\u00a0:<\/p>\n<ul>\n<li style=\"font-weight: 400\"><strong>L&rsquo;am\u00e9norrh\u00e9e primaire\u00a0:<\/strong><\/li>\n<\/ul>\n<p style=\"font-weight: 400\">C\u2019est quand il n\u2019y a <strong>jamais eu de premi\u00e8res r\u00e8gles<\/strong>, chez la jeune femme de 16 ans ou plus.<\/p>\n<ul>\n<li style=\"font-weight: 400\"><strong>L&rsquo;am\u00e9norrh\u00e9e secondaire\u00a0:<\/strong><\/li>\n<\/ul>\n<p style=\"font-weight: 400\">Elle se manifeste par l&rsquo;<strong>absence de r\u00e8gles chez une femme qui les avait normalement<\/strong>. On qualifie cette condition d&rsquo;am\u00e9norrh\u00e9e secondaire lorsque <strong>trois cycles menstruels cons\u00e9cutifs<\/strong> sont manqu\u00e9s.<\/p>\n<div style=\"width: 591px\" class=\"wp-caption aligncenter\"><img loading=\"lazy\" decoding=\"async\" class=\"\" src=\"https:\/\/www.medoucine.com\/blog\/\/wp-content\/uploads\/2024\/02\/pexels-taina-bernard-3482526-scaled.jpg\" alt=\"\" width=\"581\" height=\"872\" \/><p class=\"wp-caption-text\">Pexels<\/p><\/div>\n<div class=\"m-spin\">\n<p class=\"m-spin__text\"><strong>Am\u00e9norrh\u00e9e : Retrouvez un cycle harmonieux<\/strong><\/p>\n<p class=\"m-spin__text\">L&rsquo;am\u00e9norrh\u00e9e, absence de r\u00e8gles, peut \u00eatre li\u00e9e \u00e0 de nombreux facteurs. Un naturopathe peut vous accompagner pour identifier les causes et mettre en place un suivi personnalis\u00e9, que ce soit \u00e0 <a class=\"m-spin__link\" target=\"_blank\" rel=\"noopener noreferrer\" href=\"https:\/\/www.medoucine.com\/consultations\/se-soigner\/naturopathie\/bordeaux\/tous-publics\/a-domicile-ou-cabinet?utm_source=medoucine_blog_B2C&amp;utm_medium=article_blog&amp;utm_campaign=spin_seo\">Naturopathe \u00e0 Bordeaux<\/a>, <a class=\"m-spin__link\" target=\"_blank\" rel=\"noopener noreferrer\" href=\"https:\/\/www.medoucine.com\/consultations\/se-soigner\/naturopathie\/paris\/tous-publics\/a-domicile-ou-cabinet?utm_source=medoucine_blog_B2C&amp;utm_medium=article_blog&amp;utm_campaign=spin_seo\">Naturopathe \u00e0 Paris<\/a> ou <a class=\"m-spin__link\" target=\"_blank\" rel=\"noopener noreferrer\" href=\"https:\/\/www.medoucine.com\/consultations\/se-soigner\/naturopathie\/toulouse\/tous-publics\/a-domicile-ou-cabinet?utm_source=medoucine_blog_B2C&amp;utm_medium=article_blog&amp;utm_campaign=spin_seo\">Naturopathe \u00e0 Toulouse<\/a>. Prenez rendez-vous avec un <a class=\"m-spin__link\" target=\"_blank\" rel=\"noopener noreferrer\" href=\"https:\/\/www.medoucine.com\/consultations\/se-soigner\/naturopathie\/bordeaux\/tous-publics\/a-domicile-ou-cabinet?utm_source=medoucine_blog_B2C&amp;utm_medium=article_blog&amp;utm_campaign=spin_seo\">Naturopathe \u00e0 Bordeaux<\/a>, un <a class=\"m-spin__link\" target=\"_blank\" rel=\"noopener noreferrer\" href=\"https:\/\/www.medoucine.com\/consultations\/se-soigner\/naturopathie\/paris\/tous-publics\/a-domicile-ou-cabinet?utm_source=medoucine_blog_B2C&amp;utm_medium=article_blog&amp;utm_campaign=spin_seo\">Naturopathe \u00e0 Paris<\/a> ou un <a class=\"m-spin__link\" target=\"_blank\" rel=\"noopener noreferrer\" href=\"https:\/\/www.medoucine.com\/consultations\/se-soigner\/naturopathie\/toulouse\/tous-publics\/a-domicile-ou-cabinet?utm_source=medoucine_blog_B2C&amp;utm_medium=article_blog&amp;utm_campaign=spin_seo\">Naturopathe \u00e0 Toulouse<\/a> pour une approche globale.<\/p>\n<p class=\"m-spin__text\">Vous souhaitez retrouver un \u00e9quilibre hormonal ? Trouvez des <a class=\"m-spin__link\" target=\"_blank\" rel=\"noopener noreferrer\" href=\"https:\/\/www.medoucine.com\/consultations\/se-soigner\/naturopathie\/autour-de-moi?utm_source=medoucine_blog_B2C&amp;utm_medium=article_blog&amp;utm_campaign=spin_seo\">Naturopathes pr\u00e8s de chez vous<\/a> pour vous accompagner vers une meilleure sant\u00e9 f\u00e9minine.<\/p>\n<\/div>\n<h2 style=\"font-weight: 400\"><strong>Les causes de l\u2019am\u00e9norrh\u00e9e<\/strong><\/h2>\n<p style=\"font-weight: 400\">Bien que ne pas avoir ses r\u00e8gles peut r\u00e9jouir au premier abord pour une femme, l\u2019absence de menstruation n\u2019est pas \u00e0 prendre \u00e0 la l\u00e9g\u00e8re puisqu\u2019elle est souvent <strong>le sympt\u00f4me de quelque chose d\u2019autre<\/strong> comme nous allons le voir.\u00a0En fonction de la cause, il peut y avoir diff\u00e9rentes cons\u00e9quences, la premi\u00e8re \u00e9tant<strong> l\u2019impact sur la fertilit\u00e9<\/strong> qui peut n\u00e9cessiter une <strong>assistance m\u00e9dicale pour la conception<\/strong>.<\/p>\n<ul>\n<li style=\"font-weight: 400\"><strong>Grossesse :<\/strong> la cause la plus \u00e9vidente d&rsquo;am\u00e9norrh\u00e9e est la grossesse. C\u2019est souvent la premi\u00e8re hypoth\u00e8se en cas d\u2019absence des r\u00e8gles.<\/li>\n<li style=\"font-weight: 400\"><strong>Allaitement :<\/strong> les femmes qui allaitent peuvent \u00e9galement conna\u00eetre une am\u00e9norrh\u00e9e. L&rsquo;hormone prolactine, produite pendant l&rsquo;allaitement, inhibe la lib\u00e9ration d&rsquo;autres hormones n\u00e9cessaires \u00e0 l&rsquo;ovulation.<\/li>\n<li style=\"font-weight: 400\"><strong>Pubert\u00e9 et M\u00e9nopause :<\/strong> ces p\u00e9riodes de transition hormonale peuvent entra\u00eener des irr\u00e9gularit\u00e9s menstruelles.<\/li>\n<li style=\"font-weight: 400\"><strong>Insuffisance Ovarienne Pr\u00e9matur\u00e9e (IOP) :<\/strong> une diminution de la fonction ovarienne avant l&rsquo;\u00e2ge de 40 ans peut provoquer une am\u00e9norrh\u00e9e pr\u00e9matur\u00e9e.<\/li>\n<li style=\"font-weight: 400\"><strong>Causes gyn\u00e9cologiques\u00a0:<\/strong> cela peut \u00eatre l\u2019endom\u00e9triose, une obstruction dans les Trompes de Fallope, une malformation ut\u00e9rine, ou autre. Dans ce cas, il s\u2019agit d\u2019une cause anatomique que le gyn\u00e9cologue peut d\u00e9celer au cours d\u2019un examen.<\/li>\n<li style=\"font-weight: 400\"><strong>Troubles Hormonaux :<\/strong> des d\u00e9s\u00e9quilibres hormonaux, tels qu&rsquo;un exc\u00e8s d&rsquo;androg\u00e8nes ou une carence en hormones thyro\u00efdiennes, peuvent perturber le cycle menstruel.<\/li>\n<li style=\"font-weight: 400\"><strong>Syndrome des Ovaires Polykystiques (SOPK) :<\/strong> d\u00fb \u00e0 un d\u00e9r\u00e8glement hormonal impliquant une surproduction d&rsquo;androg\u00e8nes, le SOPK est une cause fr\u00e9quente d&rsquo;am\u00e9norrh\u00e9e.<\/li>\n<li style=\"font-weight: 400\"><strong>Dysfonctionnement de l&rsquo;axe hypothalamo-hypophysaire :<\/strong> des troubles dans la r\u00e9gulation hormonale au niveau de l&rsquo;hypothalamus et de l&rsquo;hypophyse peuvent entra\u00eener une am\u00e9norrh\u00e9e. Il est important de souligner que cet axe est primordial pour le fonctionnement de l\u2019organisme puisqu\u2019il r\u00e9gule plusieurs fonctions vitales comme le sommeil ou la faim.<\/li>\n<li style=\"font-weight: 400\"><strong>Troubles de l&rsquo;alimentation et poids corporel :<\/strong> les troubles alimentaires, tels que l&rsquo;anorexie ou la boulimie, peuvent entra\u00eener une am\u00e9norrh\u00e9e en raison de carences nutritionnelles et de changements hormonaux. La production d&rsquo;hormones n\u00e9cessaires aux r\u00e8gles peut \u00eatre perturb\u00e9e en cas de poids corporel insuffisant ou en cas d\u2019ob\u00e9sit\u00e9.<\/li>\n<li style=\"font-weight: 400\"><strong>Stress :<\/strong> un niveau \u00e9lev\u00e9 de stress chronique peut perturber l&rsquo;axe hypothalamo-hypophysaire, interf\u00e9rant avec la r\u00e9gulation hormonale et entra\u00eenant une am\u00e9norrh\u00e9e. En effet, en situation de stress prolonger, le corps se met en survie et privil\u00e9gie les fonctions vitales\u00a0imm\u00e9diates : la reproduction n\u2019en fait pas partie.<\/li>\n<li style=\"font-weight: 400\"><strong>Maladies\u00a0:<\/strong> des maladies chroniques telles que le diab\u00e8te ou les maladies thyro\u00efdiennes peuvent affecter le cycle menstruel.<\/li>\n<li style=\"font-weight: 400\"><strong>Exercice Excessif :<\/strong> une activit\u00e9 physique intense, particuli\u00e8rement lorsqu&rsquo;elle est combin\u00e9e \u00e0 une faible masse corporelle et du stress, peut entra\u00eener une am\u00e9norrh\u00e9e, connue comme la triade de la sportive.<\/li>\n<li style=\"font-weight: 400\"><strong>M\u00e9dicaments :<\/strong> certains m\u00e9dicaments peuvent influencer le cycle menstruel : antid\u00e9presseur, contre les allergies, etc.<\/li>\n<li style=\"font-weight: 400\"><strong>Arr\u00eat d\u2019une contraception hormonale :<\/strong> quand une femme arr\u00eate sa contraception hormonale, pas rare qu\u2019il faille plusieurs mois pour que le corps reprenne un rythme surtout si on n\u2019est pas accompagn\u00e9 par un praticien.<\/li>\n<\/ul>\n<div style=\"width: 591px\" class=\"wp-caption aligncenter\"><img loading=\"lazy\" decoding=\"async\" class=\"\" src=\"https:\/\/www.medoucine.com\/blog\/\/wp-content\/uploads\/2024\/02\/pexels-andrea-piacquadio-3768163-scaled.jpg\" alt=\"\" width=\"581\" height=\"872\" \/><p class=\"wp-caption-text\">Pexels<\/p><\/div>\n<h2 style=\"font-weight: 400\"><strong>Que faire pour avoir ses r\u00e8gles \u00e0 nouveau ?<\/strong><\/h2>\n<p style=\"font-weight: 400\">L&rsquo;am\u00e9norrh\u00e9e est un sympt\u00f4me complexe qui n\u00e9cessite de <strong>consulter un professionnel de la sant\u00e9<\/strong> pour un diagnostic pr\u00e9cis, en particulier si l&rsquo;am\u00e9norrh\u00e9e est persistante et\/ou associ\u00e9e \u00e0 des sympt\u00f4mes graves.<\/p>\n<p style=\"font-weight: 400\">En plus de la m\u00e9decine conventionnelle, <strong>consulter un naturopathe<\/strong> peut souvent offrir une approche plus compl\u00e8te.<\/p>\n<p style=\"font-weight: 400\">En effet, le naturopathe avec son <strong>approche holistique<\/strong> abordera la personne sur son int\u00e9grit\u00e9 et adaptera ses conseils en fonction de la femme. Cela peut passer par la gestion du stress, l\u2019hygi\u00e8ne de vie, la micronutrition, le sommeil, l\u2019accompagnement \u00e0 l\u2019arr\u00eat de la pilule\/contraception hormonale, etc.<\/p>\n<div style=\"width: 590px\" class=\"wp-caption aligncenter\"><img loading=\"lazy\" decoding=\"async\" class=\"\" src=\"https:\/\/www.medoucine.com\/blog\/\/wp-content\/uploads\/2024\/02\/pexels-cottonbro-studio-2773518-scaled.jpg\" alt=\"\" width=\"580\" height=\"869\" \/><p class=\"wp-caption-text\">Pexels<\/p><\/div>\n<p style=\"font-weight: 400\">En conclusion, il est normal que l&rsquo;absence de menstruation puisse susciter des inqui\u00e9tudes, car les r\u00e8gles <strong>sont un \u00e9l\u00e9ment crucial pour la sant\u00e9 g\u00e9n\u00e9rale des femmes<\/strong>. La collaboration entre diff\u00e9rents professionnels de la sant\u00e9, est cruciale pour une <strong>prise en charge efficace de l&rsquo;am\u00e9norrh\u00e9e<\/strong> et de ses cons\u00e9quences associ\u00e9es.<\/p>\n<p>&nbsp;<\/p>\n<p>par <a href=\"https:\/\/www.medoucine.com\/consultation\/lyon\/fanny-dubois\/5602\"><strong>Fanny Dubois, praticienne en naturopathie<\/strong><\/a>\u00a0du r\u00e9seau M\u00e9doucine.<\/p>\n<p><a href=\"https:\/\/www.medoucine.com\/\"><strong>Trouvez un praticien pr\u00e8s de chez vous sur M\u00e9doucine<\/strong>.\u00a0<\/a><\/p>\n<p><strong>\u00c0 lire aussi\u00a0:<\/strong><\/p>\n<ul>\n<li><a href=\"https:\/\/www.medoucine.com\/blog\/\/comprendre-enfin-son-cycle-menstruel\/\">Comprendre son cycle menstruel<\/a><\/li>\n<li><a href=\"https:\/\/www.medoucine.com\/blog\/\/naturopathie-alliee-de-la-restauration-de-la-fertilite\/\">Naturopathie, alli\u00e9e de la restauration de la fertilit\u00e9<\/a><\/li>\n<li><a href=\"https:\/\/www.medoucine.com\/blog\/\/regles-douloureuses-comment-soulager-la-douleur\/\">R\u00e8gles douloureuses : comment soulager la douleur ?<\/a><\/li>\n<\/ul>\n","protected":false},"excerpt":{"rendered":"<p>Le cycle menstruel, soumis \u00e0 l&rsquo;influence de divers facteurs internes et externes, peut \u00eatre sujet \u00e0 des perturbations et \u00e0 des irr\u00e9gularit\u00e9s. Dans ce contexte, l&rsquo;absence de menstruation, appel\u00e9e am\u00e9norrh\u00e9e, constitue un sujet que nous allons explorer en d\u00e9tail afin de mieux en comprendre les causes. Qu\u2019est-ce que l\u2019am\u00e9norrh\u00e9e ? L&rsquo;am\u00e9norrh\u00e9e se d\u00e9finit comme l&rsquo;absence de r\u00e8gles chez une femme en \u00e2ge de procr\u00e9er. Il existe deux types\u00a0: L&rsquo;am\u00e9norrh\u00e9e primaire\u00a0: C\u2019est quand il n\u2019y a jamais eu de premi\u00e8res r\u00e8gles, chez la jeune femme de 16 ans ou plus. L&rsquo;am\u00e9norrh\u00e9e secondaire\u00a0: Elle se manifeste par l&rsquo;absence de r\u00e8gles chez une femme qui les avait normalement. On qualifie cette condition d&rsquo;am\u00e9norrh\u00e9e secondaire lorsque trois cycles menstruels cons\u00e9cutifs sont manqu\u00e9s. Am\u00e9norrh\u00e9e : Retrouvez un cycle harmonieux L&rsquo;am\u00e9norrh\u00e9e, absence de r\u00e8gles, peut \u00eatre li\u00e9e \u00e0 de nombreux facteurs. [&hellip;]<\/p>\n","protected":false},"author":737,"featured_media":30892,"comment_status":"open","ping_status":"open","sticky":false,"template":"","format":"standard","meta":{"_acf_changed":false,"footnotes":""},"categories":[118],"tags":[474],"class_list":["post-30829","post","type-post","status-publish","format-standard","has-post-thumbnail","hentry","category-feminite-et-fertilite","tag-regles"],"acf":[],"yoast_head":"<!-- This site is optimized with the Yoast SEO plugin v27.1.1 - https:\/\/yoast.com\/product\/yoast-seo-wordpress\/ -->\n<title>Am\u00e9norrh\u00e9e, pourquoi je n\u2019ai pas mes r\u00e8gles ? ~ Blog de Medoucine<\/title>\n<meta name=\"description\" content=\"L&#039;am\u00e9norrh\u00e9e ou absence de r\u00e8gles est un ph\u00e9nom\u00e8ne qui touche de nombreuses femmes. Il est alors important d&#039;en comprendre la cause.\" \/>\n<meta name=\"robots\" content=\"index, follow, max-snippet:-1, max-image-preview:large, max-video-preview:-1\" \/>\n<link rel=\"canonical\" href=\"https:\/\/www.medoucine.com\/blog\/amenorrhee-pourquoi-je-nai-pas-mes-regles\/\" \/>\n<meta property=\"og:locale\" content=\"fr_FR\" \/>\n<meta property=\"og:type\" content=\"article\" \/>\n<meta property=\"og:title\" content=\"Am\u00e9norrh\u00e9e, pourquoi je n\u2019ai pas mes r\u00e8gles ? ~ Blog de Medoucine\" \/>\n<meta property=\"og:description\" content=\"L&#039;am\u00e9norrh\u00e9e ou absence de r\u00e8gles est un ph\u00e9nom\u00e8ne qui touche de nombreuses femmes. Il est alors important d&#039;en comprendre la cause.\" \/>\n<meta property=\"og:url\" content=\"https:\/\/www.medoucine.com\/blog\/amenorrhee-pourquoi-je-nai-pas-mes-regles\/\" \/>\n<meta property=\"og:site_name\" content=\"Blog de Medoucine\" \/>\n<meta property=\"article:publisher\" content=\"https:\/\/www.facebook.com\/medoucine\/\" \/>\n<meta property=\"article:published_time\" content=\"2024-03-13T06:00:59+00:00\" \/>\n<meta property=\"article:modified_time\" content=\"2026-04-08T16:03:16+00:00\" \/>\n<meta property=\"og:image\" content=\"https:\/\/www.medoucine.com\/blog\/wp-content\/uploads\/2024\/02\/pexels-elina-sazonova-1850628-scaled.jpg\" \/>\n\t<meta property=\"og:image:width\" content=\"2560\" \/>\n\t<meta property=\"og:image:height\" content=\"1707\" \/>\n\t<meta property=\"og:image:type\" content=\"image\/jpeg\" \/>\n<meta name=\"author\" content=\"Fanny Dubois\" \/>\n<meta name=\"twitter:card\" content=\"summary_large_image\" \/>\n<meta name=\"twitter:creator\" content=\"@medoucinefr\" \/>\n<meta name=\"twitter:site\" content=\"@medoucinefr\" \/>\n<meta name=\"twitter:label1\" content=\"\u00c9crit par\" \/>\n\t<meta name=\"twitter:data1\" content=\"Fanny Dubois\" \/>\n\t<meta name=\"twitter:label2\" content=\"Dur\u00e9e de lecture estim\u00e9e\" \/>\n\t<meta name=\"twitter:data2\" content=\"5 minutes\" \/>\n<script type=\"application\/ld+json\" class=\"yoast-schema-graph\">{\"@context\":\"https:\/\/schema.org\",\"@graph\":[{\"@type\":\"Article\",\"@id\":\"https:\/\/www.medoucine.com\/blog\/amenorrhee-pourquoi-je-nai-pas-mes-regles\/#article\",\"isPartOf\":{\"@id\":\"https:\/\/www.medoucine.com\/blog\/amenorrhee-pourquoi-je-nai-pas-mes-regles\/\"},\"author\":{\"name\":\"Fanny Dubois\",\"@id\":\"https:\/\/www.medoucine.com\/blog\/#\/schema\/person\/4b5f8d9a3a6cb70dc9affc9c433143d3\"},\"headline\":\"Am\u00e9norrh\u00e9e, pourquoi je n\u2019ai pas mes r\u00e8gles ?\",\"datePublished\":\"2024-03-13T06:00:59+00:00\",\"dateModified\":\"2026-04-08T16:03:16+00:00\",\"mainEntityOfPage\":{\"@id\":\"https:\/\/www.medoucine.com\/blog\/amenorrhee-pourquoi-je-nai-pas-mes-regles\/\"},\"wordCount\":1058,\"commentCount\":0,\"publisher\":{\"@id\":\"https:\/\/www.medoucine.com\/blog\/#organization\"},\"image\":{\"@id\":\"https:\/\/www.medoucine.com\/blog\/amenorrhee-pourquoi-je-nai-pas-mes-regles\/#primaryimage\"},\"thumbnailUrl\":\"https:\/\/www.medoucine.com\/blog\/wp-content\/uploads\/2024\/02\/pexels-elina-sazonova-1850628-scaled.jpg\",\"keywords\":[\"r\u00e8gles\"],\"articleSection\":[\"F\u00e9minit\u00e9 &amp; fertilit\u00e9\"],\"inLanguage\":\"fr-FR\",\"potentialAction\":[{\"@type\":\"CommentAction\",\"name\":\"Comment\",\"target\":[\"https:\/\/www.medoucine.com\/blog\/amenorrhee-pourquoi-je-nai-pas-mes-regles\/#respond\"]}]},{\"@type\":\"WebPage\",\"@id\":\"https:\/\/www.medoucine.com\/blog\/amenorrhee-pourquoi-je-nai-pas-mes-regles\/\",\"url\":\"https:\/\/www.medoucine.com\/blog\/amenorrhee-pourquoi-je-nai-pas-mes-regles\/\",\"name\":\"Am\u00e9norrh\u00e9e, pourquoi je n\u2019ai pas mes r\u00e8gles ? ~ Blog de Medoucine\",\"isPartOf\":{\"@id\":\"https:\/\/www.medoucine.com\/blog\/#website\"},\"primaryImageOfPage\":{\"@id\":\"https:\/\/www.medoucine.com\/blog\/amenorrhee-pourquoi-je-nai-pas-mes-regles\/#primaryimage\"},\"image\":{\"@id\":\"https:\/\/www.medoucine.com\/blog\/amenorrhee-pourquoi-je-nai-pas-mes-regles\/#primaryimage\"},\"thumbnailUrl\":\"https:\/\/www.medoucine.com\/blog\/wp-content\/uploads\/2024\/02\/pexels-elina-sazonova-1850628-scaled.jpg\",\"datePublished\":\"2024-03-13T06:00:59+00:00\",\"dateModified\":\"2026-04-08T16:03:16+00:00\",\"description\":\"L'am\u00e9norrh\u00e9e ou absence de r\u00e8gles est un ph\u00e9nom\u00e8ne qui touche de nombreuses femmes. Il est alors important d'en comprendre la cause.\",\"breadcrumb\":{\"@id\":\"https:\/\/www.medoucine.com\/blog\/amenorrhee-pourquoi-je-nai-pas-mes-regles\/#breadcrumb\"},\"inLanguage\":\"fr-FR\",\"potentialAction\":[{\"@type\":\"ReadAction\",\"target\":[\"https:\/\/www.medoucine.com\/blog\/amenorrhee-pourquoi-je-nai-pas-mes-regles\/\"]}]},{\"@type\":\"ImageObject\",\"inLanguage\":\"fr-FR\",\"@id\":\"https:\/\/www.medoucine.com\/blog\/amenorrhee-pourquoi-je-nai-pas-mes-regles\/#primaryimage\",\"url\":\"https:\/\/www.medoucine.com\/blog\/wp-content\/uploads\/2024\/02\/pexels-elina-sazonova-1850628-scaled.jpg\",\"contentUrl\":\"https:\/\/www.medoucine.com\/blog\/wp-content\/uploads\/2024\/02\/pexels-elina-sazonova-1850628-scaled.jpg\",\"width\":2560,\"height\":1707},{\"@type\":\"BreadcrumbList\",\"@id\":\"https:\/\/www.medoucine.com\/blog\/amenorrhee-pourquoi-je-nai-pas-mes-regles\/#breadcrumb\",\"itemListElement\":[{\"@type\":\"ListItem\",\"position\":1,\"name\":\"Blog Medoucine\",\"item\":\"https:\/\/www.medoucine.com\/blog\/\"},{\"@type\":\"ListItem\",\"position\":2,\"name\":\"Famille\",\"item\":\"https:\/\/www.medoucine.com\/blog\/cat\/famille\/\"},{\"@type\":\"ListItem\",\"position\":3,\"name\":\"F\u00e9minit\u00e9 &amp; fertilit\u00e9\",\"item\":\"https:\/\/www.medoucine.com\/blog\/cat\/famille\/feminite-et-fertilite\/\"},{\"@type\":\"ListItem\",\"position\":4,\"name\":\"Am\u00e9norrh\u00e9e, pourquoi je n\u2019ai pas mes r\u00e8gles ?\"}]},{\"@type\":\"WebSite\",\"@id\":\"https:\/\/www.medoucine.com\/blog\/#website\",\"url\":\"https:\/\/www.medoucine.com\/blog\/\",\"name\":\"Blog de Medoucine\",\"description\":\"Le blog des m\u00e9decines douces\",\"publisher\":{\"@id\":\"https:\/\/www.medoucine.com\/blog\/#organization\"},\"potentialAction\":[{\"@type\":\"SearchAction\",\"target\":{\"@type\":\"EntryPoint\",\"urlTemplate\":\"https:\/\/www.medoucine.com\/blog\/?s={search_term_string}\"},\"query-input\":{\"@type\":\"PropertyValueSpecification\",\"valueRequired\":true,\"valueName\":\"search_term_string\"}}],\"inLanguage\":\"fr-FR\"},{\"@type\":\"Organization\",\"@id\":\"https:\/\/www.medoucine.com\/blog\/#organization\",\"name\":\"Medoucine\",\"url\":\"https:\/\/www.medoucine.com\/blog\/\",\"logo\":{\"@type\":\"ImageObject\",\"inLanguage\":\"fr-FR\",\"@id\":\"https:\/\/www.medoucine.com\/blog\/#\/schema\/logo\/image\/\",\"url\":\"https:\/\/www.medoucine.com\/blog\/wp-content\/uploads\/2019\/07\/logo@3x.png\",\"contentUrl\":\"https:\/\/www.medoucine.com\/blog\/wp-content\/uploads\/2019\/07\/logo@3x.png\",\"width\":555,\"height\":135,\"caption\":\"Medoucine\"},\"image\":{\"@id\":\"https:\/\/www.medoucine.com\/blog\/#\/schema\/logo\/image\/\"},\"sameAs\":[\"https:\/\/www.facebook.com\/medoucine\/\",\"https:\/\/x.com\/medoucinefr\",\"https:\/\/www.instagram.com\/medoucine\/\",\"https:\/\/www.youtube.com\/channel\/UCtZeUeJ_KebYK0KJAXjJV8g\"]},{\"@type\":\"Person\",\"@id\":\"https:\/\/www.medoucine.com\/blog\/#\/schema\/person\/4b5f8d9a3a6cb70dc9affc9c433143d3\",\"name\":\"Fanny Dubois\",\"image\":{\"@type\":\"ImageObject\",\"inLanguage\":\"fr-FR\",\"@id\":\"https:\/\/www.medoucine.com\/blog\/#\/schema\/person\/image\/\",\"url\":\"https:\/\/secure.gravatar.com\/avatar\/5a4e0592e587446bf6b8f7fae607d7d517c3b4549a403ad28fab9af3cafa9f73?s=96&d=mm&r=g\",\"contentUrl\":\"https:\/\/secure.gravatar.com\/avatar\/5a4e0592e587446bf6b8f7fae607d7d517c3b4549a403ad28fab9af3cafa9f73?s=96&d=mm&r=g\",\"caption\":\"Fanny Dubois\"},\"description\":\"Praticienne en naturopathie, Fanny Dubois est notamment sp\u00e9cialis\u00e9e dans l'accompagnement du sportif et des troubles hormonaux.\",\"sameAs\":[\"https:\/\/www.medoucine.com\/consultation\/lyon\/fanny-dubois\/5602\"],\"url\":\"https:\/\/www.medoucine.com\/blog\/author\/fanny_dubois\/\"}]}<\/script>\n<!-- \/ Yoast SEO plugin. -->","yoast_head_json":{"title":"Am\u00e9norrh\u00e9e, pourquoi je n\u2019ai pas mes r\u00e8gles ? ~ Blog de Medoucine","description":"L'am\u00e9norrh\u00e9e ou absence de r\u00e8gles est un ph\u00e9nom\u00e8ne qui touche de nombreuses femmes. Il est alors important d'en comprendre la cause.","robots":{"index":"index","follow":"follow","max-snippet":"max-snippet:-1","max-image-preview":"max-image-preview:large","max-video-preview":"max-video-preview:-1"},"canonical":"https:\/\/www.medoucine.com\/blog\/amenorrhee-pourquoi-je-nai-pas-mes-regles\/","og_locale":"fr_FR","og_type":"article","og_title":"Am\u00e9norrh\u00e9e, pourquoi je n\u2019ai pas mes r\u00e8gles ? ~ Blog de Medoucine","og_description":"L'am\u00e9norrh\u00e9e ou absence de r\u00e8gles est un ph\u00e9nom\u00e8ne qui touche de nombreuses femmes. Il est alors important d'en comprendre la cause.","og_url":"https:\/\/www.medoucine.com\/blog\/amenorrhee-pourquoi-je-nai-pas-mes-regles\/","og_site_name":"Blog de Medoucine","article_publisher":"https:\/\/www.facebook.com\/medoucine\/","article_published_time":"2024-03-13T06:00:59+00:00","article_modified_time":"2026-04-08T16:03:16+00:00","og_image":[{"width":2560,"height":1707,"url":"https:\/\/www.medoucine.com\/blog\/wp-content\/uploads\/2024\/02\/pexels-elina-sazonova-1850628-scaled.jpg","type":"image\/jpeg"}],"author":"Fanny Dubois","twitter_card":"summary_large_image","twitter_creator":"@medoucinefr","twitter_site":"@medoucinefr","twitter_misc":{"\u00c9crit par":"Fanny Dubois","Dur\u00e9e de lecture estim\u00e9e":"5 minutes"},"schema":{"@context":"https:\/\/schema.org","@graph":[{"@type":"Article","@id":"https:\/\/www.medoucine.com\/blog\/amenorrhee-pourquoi-je-nai-pas-mes-regles\/#article","isPartOf":{"@id":"https:\/\/www.medoucine.com\/blog\/amenorrhee-pourquoi-je-nai-pas-mes-regles\/"},"author":{"name":"Fanny Dubois","@id":"https:\/\/www.medoucine.com\/blog\/#\/schema\/person\/4b5f8d9a3a6cb70dc9affc9c433143d3"},"headline":"Am\u00e9norrh\u00e9e, pourquoi je n\u2019ai pas mes r\u00e8gles ?","datePublished":"2024-03-13T06:00:59+00:00","dateModified":"2026-04-08T16:03:16+00:00","mainEntityOfPage":{"@id":"https:\/\/www.medoucine.com\/blog\/amenorrhee-pourquoi-je-nai-pas-mes-regles\/"},"wordCount":1058,"commentCount":0,"publisher":{"@id":"https:\/\/www.medoucine.com\/blog\/#organization"},"image":{"@id":"https:\/\/www.medoucine.com\/blog\/amenorrhee-pourquoi-je-nai-pas-mes-regles\/#primaryimage"},"thumbnailUrl":"https:\/\/www.medoucine.com\/blog\/wp-content\/uploads\/2024\/02\/pexels-elina-sazonova-1850628-scaled.jpg","keywords":["r\u00e8gles"],"articleSection":["F\u00e9minit\u00e9 &amp; fertilit\u00e9"],"inLanguage":"fr-FR","potentialAction":[{"@type":"CommentAction","name":"Comment","target":["https:\/\/www.medoucine.com\/blog\/amenorrhee-pourquoi-je-nai-pas-mes-regles\/#respond"]}]},{"@type":"WebPage","@id":"https:\/\/www.medoucine.com\/blog\/amenorrhee-pourquoi-je-nai-pas-mes-regles\/","url":"https:\/\/www.medoucine.com\/blog\/amenorrhee-pourquoi-je-nai-pas-mes-regles\/","name":"Am\u00e9norrh\u00e9e, pourquoi je n\u2019ai pas mes r\u00e8gles ? ~ Blog de Medoucine","isPartOf":{"@id":"https:\/\/www.medoucine.com\/blog\/#website"},"primaryImageOfPage":{"@id":"https:\/\/www.medoucine.com\/blog\/amenorrhee-pourquoi-je-nai-pas-mes-regles\/#primaryimage"},"image":{"@id":"https:\/\/www.medoucine.com\/blog\/amenorrhee-pourquoi-je-nai-pas-mes-regles\/#primaryimage"},"thumbnailUrl":"https:\/\/www.medoucine.com\/blog\/wp-content\/uploads\/2024\/02\/pexels-elina-sazonova-1850628-scaled.jpg","datePublished":"2024-03-13T06:00:59+00:00","dateModified":"2026-04-08T16:03:16+00:00","description":"L'am\u00e9norrh\u00e9e ou absence de r\u00e8gles est un ph\u00e9nom\u00e8ne qui touche de nombreuses femmes. Il est alors important d'en comprendre la cause.","breadcrumb":{"@id":"https:\/\/www.medoucine.com\/blog\/amenorrhee-pourquoi-je-nai-pas-mes-regles\/#breadcrumb"},"inLanguage":"fr-FR","potentialAction":[{"@type":"ReadAction","target":["https:\/\/www.medoucine.com\/blog\/amenorrhee-pourquoi-je-nai-pas-mes-regles\/"]}]},{"@type":"ImageObject","inLanguage":"fr-FR","@id":"https:\/\/www.medoucine.com\/blog\/amenorrhee-pourquoi-je-nai-pas-mes-regles\/#primaryimage","url":"https:\/\/www.medoucine.com\/blog\/wp-content\/uploads\/2024\/02\/pexels-elina-sazonova-1850628-scaled.jpg","contentUrl":"https:\/\/www.medoucine.com\/blog\/wp-content\/uploads\/2024\/02\/pexels-elina-sazonova-1850628-scaled.jpg","width":2560,"height":1707},{"@type":"BreadcrumbList","@id":"https:\/\/www.medoucine.com\/blog\/amenorrhee-pourquoi-je-nai-pas-mes-regles\/#breadcrumb","itemListElement":[{"@type":"ListItem","position":1,"name":"Blog Medoucine","item":"https:\/\/www.medoucine.com\/blog\/"},{"@type":"ListItem","position":2,"name":"Famille","item":"https:\/\/www.medoucine.com\/blog\/cat\/famille\/"},{"@type":"ListItem","position":3,"name":"F\u00e9minit\u00e9 &amp; fertilit\u00e9","item":"https:\/\/www.medoucine.com\/blog\/cat\/famille\/feminite-et-fertilite\/"},{"@type":"ListItem","position":4,"name":"Am\u00e9norrh\u00e9e, pourquoi je n\u2019ai pas mes r\u00e8gles ?"}]},{"@type":"WebSite","@id":"https:\/\/www.medoucine.com\/blog\/#website","url":"https:\/\/www.medoucine.com\/blog\/","name":"Blog de Medoucine","description":"Le blog des m\u00e9decines douces","publisher":{"@id":"https:\/\/www.medoucine.com\/blog\/#organization"},"potentialAction":[{"@type":"SearchAction","target":{"@type":"EntryPoint","urlTemplate":"https:\/\/www.medoucine.com\/blog\/?s={search_term_string}"},"query-input":{"@type":"PropertyValueSpecification","valueRequired":true,"valueName":"search_term_string"}}],"inLanguage":"fr-FR"},{"@type":"Organization","@id":"https:\/\/www.medoucine.com\/blog\/#organization","name":"Medoucine","url":"https:\/\/www.medoucine.com\/blog\/","logo":{"@type":"ImageObject","inLanguage":"fr-FR","@id":"https:\/\/www.medoucine.com\/blog\/#\/schema\/logo\/image\/","url":"https:\/\/www.medoucine.com\/blog\/wp-content\/uploads\/2019\/07\/logo@3x.png","contentUrl":"https:\/\/www.medoucine.com\/blog\/wp-content\/uploads\/2019\/07\/logo@3x.png","width":555,"height":135,"caption":"Medoucine"},"image":{"@id":"https:\/\/www.medoucine.com\/blog\/#\/schema\/logo\/image\/"},"sameAs":["https:\/\/www.facebook.com\/medoucine\/","https:\/\/x.com\/medoucinefr","https:\/\/www.instagram.com\/medoucine\/","https:\/\/www.youtube.com\/channel\/UCtZeUeJ_KebYK0KJAXjJV8g"]},{"@type":"Person","@id":"https:\/\/www.medoucine.com\/blog\/#\/schema\/person\/4b5f8d9a3a6cb70dc9affc9c433143d3","name":"Fanny Dubois","image":{"@type":"ImageObject","inLanguage":"fr-FR","@id":"https:\/\/www.medoucine.com\/blog\/#\/schema\/person\/image\/","url":"https:\/\/secure.gravatar.com\/avatar\/5a4e0592e587446bf6b8f7fae607d7d517c3b4549a403ad28fab9af3cafa9f73?s=96&d=mm&r=g","contentUrl":"https:\/\/secure.gravatar.com\/avatar\/5a4e0592e587446bf6b8f7fae607d7d517c3b4549a403ad28fab9af3cafa9f73?s=96&d=mm&r=g","caption":"Fanny Dubois"},"description":"Praticienne en naturopathie, Fanny Dubois est notamment sp\u00e9cialis\u00e9e dans l'accompagnement du sportif et des troubles hormonaux.","sameAs":["https:\/\/www.medoucine.com\/consultation\/lyon\/fanny-dubois\/5602"],"url":"https:\/\/www.medoucine.com\/blog\/author\/fanny_dubois\/"}]}},"_links":{"self":[{"href":"https:\/\/www.medoucine.com\/blog\/wp-json\/wp\/v2\/posts\/30829","targetHints":{"allow":["GET"]}}],"collection":[{"href":"https:\/\/www.medoucine.com\/blog\/wp-json\/wp\/v2\/posts"}],"about":[{"href":"https:\/\/www.medoucine.com\/blog\/wp-json\/wp\/v2\/types\/post"}],"author":[{"embeddable":true,"href":"https:\/\/www.medoucine.com\/blog\/wp-json\/wp\/v2\/users\/737"}],"replies":[{"embeddable":true,"href":"https:\/\/www.medoucine.com\/blog\/wp-json\/wp\/v2\/comments?post=30829"}],"version-history":[{"count":8,"href":"https:\/\/www.medoucine.com\/blog\/wp-json\/wp\/v2\/posts\/30829\/revisions"}],"predecessor-version":[{"id":42130,"href":"https:\/\/www.medoucine.com\/blog\/wp-json\/wp\/v2\/posts\/30829\/revisions\/42130"}],"wp:featuredmedia":[{"embeddable":true,"href":"https:\/\/www.medoucine.com\/blog\/wp-json\/wp\/v2\/media\/30892"}],"wp:attachment":[{"href":"https:\/\/www.medoucine.com\/blog\/wp-json\/wp\/v2\/media?parent=30829"}],"wp:term":[{"taxonomy":"category","embeddable":true,"href":"https:\/\/www.medoucine.com\/blog\/wp-json\/wp\/v2\/categories?post=30829"},{"taxonomy":"post_tag","embeddable":true,"href":"https:\/\/www.medoucine.com\/blog\/wp-json\/wp\/v2\/tags?post=30829"}],"curies":[{"name":"wp","href":"https:\/\/api.w.org\/{rel}","templated":true}]}}