{"id":30771,"date":"2024-03-18T07:00:42","date_gmt":"2024-03-18T06:00:42","guid":{"rendered":"https:\/\/www.medoucine.com\/blog\/?p=30771"},"modified":"2026-04-08T18:03:09","modified_gmt":"2026-04-08T16:03:09","slug":"lumiere-sur-la-vitamine-d-la-cle-dune-sante-rayonnante","status":"publish","type":"post","link":"https:\/\/www.medoucine.com\/blog\/lumiere-sur-la-vitamine-d-la-cle-dune-sante-rayonnante\/","title":{"rendered":"Lumi\u00e8re sur la vitamine D : La cl\u00e9 d&rsquo;une sant\u00e9 rayonnante"},"content":{"rendered":"<p class=\"has-drop-cap\"><strong><span class=\"tLgi0\">La vitamine D est souvent appel\u00e9e vitamine soleil. <\/span><\/strong><span class=\"tLgi0\">Celle qui se cache derri\u00e8re les nuages en jouant \u00e0 cache-cache avec notre syst\u00e8me immunitaire, mais pas que !<\/span><\/p>\n<div data-breakout=\"normal\">\n<div id=\"viewer-1qvgz125\" class=\"qLu9J fi-3d xFXGd nL1m6\">Souvent associ\u00e9e \u00e0 l&rsquo;exposition au <strong>soleil<\/strong>, cette vitamine est cruciale dans divers processus physiologiques du corps humain. D\u00e9couvrez comment cette vitamine peut devenir la cl\u00e9 de votre bien-\u00eatre et de votre <strong>vitalit\u00e9<\/strong>.<\/div>\n<\/div>\n<h2 data-hook=\"rcv-block7\">Une vitamine indispensable<\/h2>\n<div data-breakout=\"normal\">\n<p id=\"viewer-7ct0h128\" class=\"qLu9J fi-3d xFXGd _6-rbz nL1m6\">Notre peau synth\u00e9tise naturellement de la <strong>vitamine D<\/strong> d\u00e8s que nous prenons un peu de soleil.<\/p>\n<\/div>\n<div data-breakout=\"normal\">\n<p id=\"viewer-3k3kw133\" class=\"qLu9J fi-3d xFXGd _6-rbz nL1m6\"><span class=\"tLgi0\">Mais voil\u00e0, avec certains facteurs comme la latitude (o\u00f9 l&rsquo;on se trouve sur la carte compte), les saisons (l&rsquo;hiver et l&rsquo;absence de soleil), la cr\u00e8me solaire (le soleil est INDISPENSABLE, ce n&rsquo;est pas l&rsquo;ennemi !) et la pigmentation de la peau, beaucoup finissent avec des niveaux de vitamine D insuffisants, surtout en hiver ou quand on habite dans un coin moins soleil-friendly.<\/span><\/p>\n<\/div>\n<div data-breakout=\"normal\">\n<p id=\"viewer-ixlat136\" class=\"qLu9J fi-3d xFXGd _6-rbz nL1m6\"><span class=\"tLgi0\">La <strong>suppl\u00e9mentation<\/strong> est alors int\u00e9ressante d&rsquo;octobre \u00e0 avril, quand le soleil est plus discret, pour compenser la diminution de la synth\u00e8se naturelle de vitamine D par la peau et maintenir des niveaux optimaux.<\/span><\/p>\n<\/div>\n<div data-breakout=\"normal\">\n<div class=\"m-spin\">\n<p class=\"m-spin__text\"><strong>Vitamine D : Optimisez votre bien-\u00eatre naturellement<\/strong><\/p>\n<p class=\"m-spin__text\">La vitamine D est essentielle pour l&rsquo;immunit\u00e9, l&rsquo;humeur et la sant\u00e9 osseuse. Prenez rendez-vous avec un <a class=\"m-spin__link\" target=\"_blank\" rel=\"noopener noreferrer\" href=\"https:\/\/www.medoucine.com\/consultations\/se-soigner\/micronutrition\/lyon\/tous-publics\/a-domicile-ou-cabinet?utm_source=medoucine_blog_B2C&amp;utm_medium=article_blog&amp;utm_campaign=spin_seo\">Praticien en micro-nutrition \u00e0 Lyon<\/a>, un <a class=\"m-spin__link\" target=\"_blank\" rel=\"noopener noreferrer\" href=\"https:\/\/www.medoucine.com\/consultations\/se-soigner\/micronutrition\/marseille\/tous-publics\/a-domicile-ou-cabinet?utm_source=medoucine_blog_B2C&amp;utm_medium=article_blog&amp;utm_campaign=spin_seo\">Praticien en micro-nutrition \u00e0 Marseille<\/a> ou un <a class=\"m-spin__link\" target=\"_blank\" rel=\"noopener noreferrer\" href=\"https:\/\/www.medoucine.com\/consultations\/se-soigner\/micronutrition\/paris\/tous-publics\/a-domicile-ou-cabinet?utm_source=medoucine_blog_B2C&amp;utm_medium=article_blog&amp;utm_campaign=spin_seo\">Praticien en micro-nutrition \u00e0 Paris<\/a> pour un bilan personnalis\u00e9 et des conseils adapt\u00e9s.<\/p>\n<p class=\"m-spin__text\">Vous souhaitez am\u00e9liorer votre niveau de vitamine D ? Trouvez des <a class=\"m-spin__link\" target=\"_blank\" rel=\"noopener noreferrer\" href=\"https:\/\/www.medoucine.com\/consultations\/se-soigner\/micronutrition\/autour-de-moi?utm_source=medoucine_blog_B2C&amp;utm_medium=article_blog&amp;utm_campaign=spin_seo\">Praticiens en micro-nutrition pr\u00e8s de chez vous<\/a> pour un accompagnement sur mesure.<\/p>\n<\/div>\n<h2 id=\"viewer-rh47y142\" class=\"qLu9J fi-3d xFXGd _6-rbz nL1m6\"><strong><span class=\"tLgi0\">Vous avez dit <\/span><span class=\"tLgi0\">coup de blues<\/span><span class=\"tLgi0\"> ?<\/span><\/strong><\/h2>\n<\/div>\n<div data-breakout=\"normal\">\n<p id=\"viewer-zs6rc144\" class=\"qLu9J fi-3d xFXGd _6-rbz nL1m6\"><span class=\"tLgi0\">Vous pouvez l&rsquo;imaginer comme une h\u00e9ro\u00efne qui vient \u00e0 notre rescousse lorsqu&rsquo;un coup de blues pointe son nez. Voyez la comme <strong>une amie qui vous offre une tasse de soleil liquide.<\/strong><\/span><\/p>\n<\/div>\n<div data-breakout=\"normal\">\n<p id=\"viewer-t92a1146\" class=\"qLu9J fi-3d xFXGd _6-rbz nL1m6\"><span class=\"tLgi0\">Certaines \u00e9tudes rapportent qu&rsquo;elle serait en tr\u00e8s bon termes avec la s\u00e9rotonine, ce neurotransmetteur proche de notre joie int\u00e9rieure. Des niveaux suffisants de vitamine D seraient associ\u00e9s \u00e0 une r\u00e9duction du risque de d\u00e9pression et d&rsquo;autres troubles mentaux.<\/span><\/p>\n<\/div>\n<div data-breakout=\"normal\">\n<p id=\"viewer-vt9rb150\" class=\"qLu9J fi-3d xFXGd _6-rbz nL1m6\"><span class=\"tLgi0\">Alors, entre nous, prendre soin de notre vitamine D, c&rsquo;est <strong>contribuer \u00e0 \u00e9clairer vos jours les plus sombres.<\/strong><\/span><\/p>\n<div style=\"width: 581px\" class=\"wp-caption aligncenter\"><img loading=\"lazy\" decoding=\"async\" class=\"\" src=\"https:\/\/www.medoucine.com\/blog\/\/wp-content\/uploads\/2024\/02\/pexels-jacub-gomez-1168744-scaled.jpg\" alt=\"\" width=\"571\" height=\"802\" \/><p class=\"wp-caption-text\">Pexels<\/p><\/div>\n<\/div>\n<div data-breakout=\"normal\">\n<h2 id=\"viewer-qo6ll154\" class=\"qLu9J fi-3d xFXGd _6-rbz nL1m6\"><strong><span class=\"tLgi0\">Renforcer nos os !<\/span><\/strong><\/h2>\n<\/div>\n<div data-breakout=\"normal\">\n<p id=\"viewer-i6tkk156\" class=\"qLu9J fi-3d xFXGd _6-rbz nL1m6\"><span class=\"tLgi0\">La vitamine D aime donner du punch \u00e0 nos os. <strong>\u00c9troitement li\u00e9e \u00e0 l&rsquo;absorption du calcium et du phosphore<\/strong>, ils forment un trio de choc qui renforce la structure osseuse, contribuant ainsi \u00e0 la solidit\u00e9 des os et \u00e0 la pr\u00e9vention de l&rsquo;ost\u00e9oporose.<\/span><\/p>\n<\/div>\n<div data-breakout=\"normal\">\n<h2 id=\"viewer-1p0nw159\" class=\"qLu9J fi-3d xFXGd _6-rbz nL1m6\"><strong><span class=\"tLgi0\">Boosteur immunitaire<\/span><\/strong><\/h2>\n<\/div>\n<div data-breakout=\"normal\">\n<p id=\"viewer-tak7i1796\" class=\"qLu9J fi-3d xFXGd _6-rbz nL1m6\"><span class=\"tLgi0\">Imaginez la vitamine D comme l&rsquo;alli\u00e9e de votre <strong>immunit\u00e9<\/strong>. Elle aide vos <strong>d\u00e9fenses naturelles<\/strong>, surtout pendant l&rsquo;hiver et que tous les microbes sont de sortie. Des niveaux ad\u00e9quats de cette vitamine sont associ\u00e9s \u00e0 une meilleure r\u00e9sistance aux infections, notamment les infections respiratoires<\/span><\/p>\n<\/div>\n<div data-breakout=\"normal\">\n<h2 id=\"viewer-l67x2163\" class=\"qLu9J fi-3d xFXGd _6-rbz nL1m6\"><span class=\"tLgi0\"><strong>Alli\u00e9e anti-inflammatoire<\/strong><\/span><\/h2>\n<\/div>\n<div data-breakout=\"normal\">\n<p id=\"viewer-ca1lh2296\" class=\"qLu9J fi-3d xFXGd _6-rbz nL1m6\"><span class=\"tLgi0\">Elle joue un r\u00f4le anti-inflammatoire et poss\u00e8de la capacit\u00e9 de calmer les r\u00e9ponses de notre <strong>syst\u00e8me immunitaire<\/strong>, ce qui peut \u00eatre particuli\u00e8rement int\u00e9ressant pour ceux qui jonglent avec des conditions auto-immunes.<\/span><\/p>\n<\/div>\n<div data-breakout=\"normal\">\n<h2 id=\"viewer-h6cpu167\" class=\"qLu9J fi-3d xFXGd _6-rbz nL1m6\"><span class=\"tLgi0\"><strong>Pr\u00e9vention des maladies<\/strong><\/span><\/h2>\n<\/div>\n<div data-breakout=\"normal\">\n<p id=\"viewer-2lho92587\" class=\"qLu9J fi-3d xFXGd _6-rbz nL1m6\"><span class=\"tLgi0\">Certaines \u00e9tudes d\u00e9montrent m\u00eame que la vitamine D pourrait jouer un r\u00f4le dans la protection contre certaines maladies cardiovasculaires ou le diab\u00e8te de type 2.<\/span><\/p>\n<div style=\"width: 584px\" class=\"wp-caption aligncenter\"><img loading=\"lazy\" decoding=\"async\" class=\"\" src=\"https:\/\/www.medoucine.com\/blog\/\/wp-content\/uploads\/2024\/02\/pexels-lukas-rychvalsky-671549-scaled.jpg\" alt=\"\" width=\"574\" height=\"861\" \/><p class=\"wp-caption-text\">Pexels<\/p><\/div>\n<\/div>\n<div data-breakout=\"normal\">\n<h2 id=\"viewer-tvzwj170\" class=\"qLu9J fi-3d xFXGd _6-rbz nL1m6\"><span class=\"tLgi0\">En conclusion<\/span><\/h2>\n<p class=\"qLu9J fi-3d xFXGd _6-rbz nL1m6\"><span class=\"tLgi0\">La vitamine D est bien plus qu&rsquo;une simple vitamine. <\/span>Elle est la <strong>cl\u00e9<\/strong> qui peut d\u00e9verrouiller un bien-\u00eatre optimal et une vitalit\u00e9 d\u00e9bordante.<\/p>\n<\/div>\n<div data-breakout=\"normal\">\n<p id=\"viewer-wj5vj175\" class=\"qLu9J fi-3d xFXGd _6-rbz nL1m6\"><span class=\"tLgi0\">Alors, pour la recruter dans votre \u00e9quipe sant\u00e9, n&rsquo;oubliez pas de faire un clin d&rsquo;\u0153il au soleil, m\u00eame quand il joue \u00e0 cache-cache en hiver, r\u00e9galez-vous avec une <strong>alimentation<\/strong> de saison et <strong>\u00e9quilibr\u00e9e<\/strong> et, au besoin, ajoutez quelques <strong>suppl\u00e9ments<\/strong> \u00e0 votre arsenal.<\/span><\/p>\n<\/div>\n<div data-breakout=\"normal\">\n<p id=\"viewer-4nxfl177\" class=\"qLu9J fi-3d xFXGd _6-rbz nL1m6\"><span class=\"tLgi0\">Pour cela, n\u2019h\u00e9sitez pas \u00e0 vous rapprocher d&rsquo;un m\u00e9decin, <strong>naturopathe<\/strong> ou nutritionniste afin d&rsquo;\u00e9valuer vos besoins individuels et discuter des diff\u00e9rentes options de suppl\u00e9mentation. <\/span>Avec cette formule, vous \u00eates pr\u00eat(e) \u00e0 d\u00e9bloquer une vie plus saine, plus fun et plus \u00e9nergique que jamais !<\/p>\n<p>&nbsp;<\/p>\n<\/div>\n<p><a href=\"https:\/\/www.medoucine.com\/\"><strong>Trouvez un praticien pr\u00e8s de chez vous sur M\u00e9doucine<\/strong>.\u00a0<\/a><\/p>\n<p><strong>\u00c0 lire aussi\u00a0:<\/strong><\/p>\n<ul>\n<li><a href=\"https:\/\/www.medoucine.com\/blog\/\/deprime-hivernale-soleil-interieur\/\">D\u00e9prime hivernale ? Faites grandir votre soleil int\u00e9rieur !<\/a><\/li>\n<li><a href=\"https:\/\/www.medoucine.com\/blog\/\/4-astuces-naturelles-pour-preparer-ma-peau-au-soleil\/\">4 astuces naturelles pour pr\u00e9parer ma peau au soleil<\/a><\/li>\n<li><a href=\"https:\/\/www.medoucine.com\/blog\/\/1-2-3-soleil-respirez\/\">1..2..3 Soleil ! Respirez !<\/a><\/li>\n<\/ul>\n","protected":false},"excerpt":{"rendered":"<p>La vitamine D est souvent appel\u00e9e vitamine soleil. Celle qui se cache derri\u00e8re les nuages en jouant \u00e0 cache-cache avec notre syst\u00e8me immunitaire, mais pas que ! Souvent associ\u00e9e \u00e0 l&rsquo;exposition au soleil, cette vitamine est cruciale dans divers processus physiologiques du corps humain. D\u00e9couvrez comment cette vitamine peut devenir la cl\u00e9 de votre bien-\u00eatre et de votre vitalit\u00e9. Une vitamine indispensable Notre peau synth\u00e9tise naturellement de la vitamine D d\u00e8s que nous prenons un peu de soleil. Mais voil\u00e0, avec certains facteurs comme la latitude (o\u00f9 l&rsquo;on se trouve sur la carte compte), les saisons (l&rsquo;hiver et l&rsquo;absence de soleil), la cr\u00e8me solaire (le soleil est INDISPENSABLE, ce n&rsquo;est pas l&rsquo;ennemi !) et la pigmentation de la peau, beaucoup finissent avec des niveaux de vitamine D insuffisants, surtout en hiver ou quand on habite [&hellip;]<\/p>\n","protected":false},"author":995,"featured_media":31076,"comment_status":"open","ping_status":"open","sticky":false,"template":"","format":"standard","meta":{"_acf_changed":false,"footnotes":""},"categories":[115],"tags":[278,405,591,273,596,295,187,491,768],"class_list":["post-30771","post","type-post","status-publish","format-standard","has-post-thumbnail","hentry","category-bien-etre","tag-fatigue","tag-immunite","tag-prevention","tag-sante","tag-soleil","tag-sommeil","tag-stress","tag-vitalite","tag-vitamine"],"acf":[],"yoast_head":"<!-- This site is optimized with the Yoast SEO plugin v27.1.1 - https:\/\/yoast.com\/product\/yoast-seo-wordpress\/ -->\n<title>Lumi\u00e8re sur la vitamine D : La cl\u00e9 d&#039;une sant\u00e9 rayonnante<\/title>\n<meta name=\"description\" content=\"Indispensable au bien-\u00eatre \u00e9t\u00e9 comme hiver, la vitamine D va de pair avec l&#039;exposition aux rayons du soleil. D\u00e9couvrez-en plus sur elle !\" \/>\n<meta name=\"robots\" content=\"index, follow, max-snippet:-1, max-image-preview:large, max-video-preview:-1\" \/>\n<link rel=\"canonical\" href=\"https:\/\/www.medoucine.com\/blog\/lumiere-sur-la-vitamine-d-la-cle-dune-sante-rayonnante\/\" \/>\n<meta property=\"og:locale\" content=\"fr_FR\" \/>\n<meta property=\"og:type\" content=\"article\" \/>\n<meta property=\"og:title\" content=\"Lumi\u00e8re sur la vitamine D : La cl\u00e9 d&#039;une sant\u00e9 rayonnante\" \/>\n<meta property=\"og:description\" content=\"Indispensable au bien-\u00eatre \u00e9t\u00e9 comme hiver, la vitamine D va de pair avec l&#039;exposition aux rayons du soleil. D\u00e9couvrez-en plus sur elle !\" \/>\n<meta property=\"og:url\" content=\"https:\/\/www.medoucine.com\/blog\/lumiere-sur-la-vitamine-d-la-cle-dune-sante-rayonnante\/\" \/>\n<meta property=\"og:site_name\" content=\"Blog de Medoucine\" \/>\n<meta property=\"article:publisher\" content=\"https:\/\/www.facebook.com\/medoucine\/\" \/>\n<meta property=\"article:published_time\" content=\"2024-03-18T06:00:42+00:00\" \/>\n<meta property=\"article:modified_time\" content=\"2026-04-08T16:03:09+00:00\" \/>\n<meta property=\"og:image\" content=\"https:\/\/www.medoucine.com\/blog\/wp-content\/uploads\/2024\/02\/pexels-maggie-zhan-1698482-scaled.jpg\" \/>\n\t<meta property=\"og:image:width\" content=\"2560\" \/>\n\t<meta property=\"og:image:height\" content=\"1509\" \/>\n\t<meta property=\"og:image:type\" content=\"image\/jpeg\" \/>\n<meta name=\"author\" content=\"Camille De M\u00e9doucine\" \/>\n<meta name=\"twitter:card\" content=\"summary_large_image\" \/>\n<meta name=\"twitter:creator\" content=\"@medoucinefr\" \/>\n<meta name=\"twitter:site\" content=\"@medoucinefr\" \/>\n<meta name=\"twitter:label1\" content=\"\u00c9crit par\" \/>\n\t<meta name=\"twitter:data1\" content=\"Camille De M\u00e9doucine\" \/>\n\t<meta name=\"twitter:label2\" content=\"Dur\u00e9e de lecture estim\u00e9e\" \/>\n\t<meta name=\"twitter:data2\" content=\"3 minutes\" \/>\n<script type=\"application\/ld+json\" class=\"yoast-schema-graph\">{\"@context\":\"https:\/\/schema.org\",\"@graph\":[{\"@type\":\"Article\",\"@id\":\"https:\/\/www.medoucine.com\/blog\/lumiere-sur-la-vitamine-d-la-cle-dune-sante-rayonnante\/#article\",\"isPartOf\":{\"@id\":\"https:\/\/www.medoucine.com\/blog\/lumiere-sur-la-vitamine-d-la-cle-dune-sante-rayonnante\/\"},\"author\":{\"name\":\"Camille De M\u00e9doucine\",\"@id\":\"https:\/\/www.medoucine.com\/blog\/#\/schema\/person\/33963211205d80beccb805396c175b47\"},\"headline\":\"Lumi\u00e8re sur la vitamine D : La cl\u00e9 d&rsquo;une sant\u00e9 rayonnante\",\"datePublished\":\"2024-03-18T06:00:42+00:00\",\"dateModified\":\"2026-04-08T16:03:09+00:00\",\"mainEntityOfPage\":{\"@id\":\"https:\/\/www.medoucine.com\/blog\/lumiere-sur-la-vitamine-d-la-cle-dune-sante-rayonnante\/\"},\"wordCount\":719,\"commentCount\":0,\"publisher\":{\"@id\":\"https:\/\/www.medoucine.com\/blog\/#organization\"},\"image\":{\"@id\":\"https:\/\/www.medoucine.com\/blog\/lumiere-sur-la-vitamine-d-la-cle-dune-sante-rayonnante\/#primaryimage\"},\"thumbnailUrl\":\"https:\/\/www.medoucine.com\/blog\/wp-content\/uploads\/2024\/02\/pexels-maggie-zhan-1698482-scaled.jpg\",\"keywords\":[\"fatigue\",\"immunit\u00e9\",\"pr\u00e9vention\",\"sant\u00e9\",\"soleil\",\"sommeil\",\"stress\",\"vitalit\u00e9\",\"vitamine\"],\"articleSection\":[\"Bien-\u00eatre\"],\"inLanguage\":\"fr-FR\",\"potentialAction\":[{\"@type\":\"CommentAction\",\"name\":\"Comment\",\"target\":[\"https:\/\/www.medoucine.com\/blog\/lumiere-sur-la-vitamine-d-la-cle-dune-sante-rayonnante\/#respond\"]}]},{\"@type\":\"WebPage\",\"@id\":\"https:\/\/www.medoucine.com\/blog\/lumiere-sur-la-vitamine-d-la-cle-dune-sante-rayonnante\/\",\"url\":\"https:\/\/www.medoucine.com\/blog\/lumiere-sur-la-vitamine-d-la-cle-dune-sante-rayonnante\/\",\"name\":\"Lumi\u00e8re sur la vitamine D : La cl\u00e9 d'une sant\u00e9 rayonnante\",\"isPartOf\":{\"@id\":\"https:\/\/www.medoucine.com\/blog\/#website\"},\"primaryImageOfPage\":{\"@id\":\"https:\/\/www.medoucine.com\/blog\/lumiere-sur-la-vitamine-d-la-cle-dune-sante-rayonnante\/#primaryimage\"},\"image\":{\"@id\":\"https:\/\/www.medoucine.com\/blog\/lumiere-sur-la-vitamine-d-la-cle-dune-sante-rayonnante\/#primaryimage\"},\"thumbnailUrl\":\"https:\/\/www.medoucine.com\/blog\/wp-content\/uploads\/2024\/02\/pexels-maggie-zhan-1698482-scaled.jpg\",\"datePublished\":\"2024-03-18T06:00:42+00:00\",\"dateModified\":\"2026-04-08T16:03:09+00:00\",\"description\":\"Indispensable au bien-\u00eatre \u00e9t\u00e9 comme hiver, la vitamine D va de pair avec l'exposition aux rayons du soleil. D\u00e9couvrez-en plus sur elle !\",\"breadcrumb\":{\"@id\":\"https:\/\/www.medoucine.com\/blog\/lumiere-sur-la-vitamine-d-la-cle-dune-sante-rayonnante\/#breadcrumb\"},\"inLanguage\":\"fr-FR\",\"potentialAction\":[{\"@type\":\"ReadAction\",\"target\":[\"https:\/\/www.medoucine.com\/blog\/lumiere-sur-la-vitamine-d-la-cle-dune-sante-rayonnante\/\"]}]},{\"@type\":\"ImageObject\",\"inLanguage\":\"fr-FR\",\"@id\":\"https:\/\/www.medoucine.com\/blog\/lumiere-sur-la-vitamine-d-la-cle-dune-sante-rayonnante\/#primaryimage\",\"url\":\"https:\/\/www.medoucine.com\/blog\/wp-content\/uploads\/2024\/02\/pexels-maggie-zhan-1698482-scaled.jpg\",\"contentUrl\":\"https:\/\/www.medoucine.com\/blog\/wp-content\/uploads\/2024\/02\/pexels-maggie-zhan-1698482-scaled.jpg\",\"width\":2560,\"height\":1509},{\"@type\":\"BreadcrumbList\",\"@id\":\"https:\/\/www.medoucine.com\/blog\/lumiere-sur-la-vitamine-d-la-cle-dune-sante-rayonnante\/#breadcrumb\",\"itemListElement\":[{\"@type\":\"ListItem\",\"position\":1,\"name\":\"Blog Medoucine\",\"item\":\"https:\/\/www.medoucine.com\/blog\/\"},{\"@type\":\"ListItem\",\"position\":2,\"name\":\"Beaut\u00e9 &amp; Bien-\u00eatre\",\"item\":\"https:\/\/www.medoucine.com\/blog\/cat\/beaute-bien-etre\/\"},{\"@type\":\"ListItem\",\"position\":3,\"name\":\"Bien-\u00eatre\",\"item\":\"https:\/\/www.medoucine.com\/blog\/cat\/beaute-bien-etre\/bien-etre\/\"},{\"@type\":\"ListItem\",\"position\":4,\"name\":\"Lumi\u00e8re sur la vitamine D : La cl\u00e9 d&rsquo;une sant\u00e9 rayonnante\"}]},{\"@type\":\"WebSite\",\"@id\":\"https:\/\/www.medoucine.com\/blog\/#website\",\"url\":\"https:\/\/www.medoucine.com\/blog\/\",\"name\":\"Blog de Medoucine\",\"description\":\"Le blog des m\u00e9decines douces\",\"publisher\":{\"@id\":\"https:\/\/www.medoucine.com\/blog\/#organization\"},\"potentialAction\":[{\"@type\":\"SearchAction\",\"target\":{\"@type\":\"EntryPoint\",\"urlTemplate\":\"https:\/\/www.medoucine.com\/blog\/?s={search_term_string}\"},\"query-input\":{\"@type\":\"PropertyValueSpecification\",\"valueRequired\":true,\"valueName\":\"search_term_string\"}}],\"inLanguage\":\"fr-FR\"},{\"@type\":\"Organization\",\"@id\":\"https:\/\/www.medoucine.com\/blog\/#organization\",\"name\":\"Medoucine\",\"url\":\"https:\/\/www.medoucine.com\/blog\/\",\"logo\":{\"@type\":\"ImageObject\",\"inLanguage\":\"fr-FR\",\"@id\":\"https:\/\/www.medoucine.com\/blog\/#\/schema\/logo\/image\/\",\"url\":\"https:\/\/www.medoucine.com\/blog\/wp-content\/uploads\/2019\/07\/logo@3x.png\",\"contentUrl\":\"https:\/\/www.medoucine.com\/blog\/wp-content\/uploads\/2019\/07\/logo@3x.png\",\"width\":555,\"height\":135,\"caption\":\"Medoucine\"},\"image\":{\"@id\":\"https:\/\/www.medoucine.com\/blog\/#\/schema\/logo\/image\/\"},\"sameAs\":[\"https:\/\/www.facebook.com\/medoucine\/\",\"https:\/\/x.com\/medoucinefr\",\"https:\/\/www.instagram.com\/medoucine\/\",\"https:\/\/www.youtube.com\/channel\/UCtZeUeJ_KebYK0KJAXjJV8g\"]},{\"@type\":\"Person\",\"@id\":\"https:\/\/www.medoucine.com\/blog\/#\/schema\/person\/33963211205d80beccb805396c175b47\",\"name\":\"Camille De M\u00e9doucine\",\"image\":{\"@type\":\"ImageObject\",\"inLanguage\":\"fr-FR\",\"@id\":\"https:\/\/www.medoucine.com\/blog\/#\/schema\/person\/image\/\",\"url\":\"https:\/\/secure.gravatar.com\/avatar\/c2299bbd846dad9bdc700ac2bc1f7d7f7698bebee70f9ac01014ce232478ddab?s=96&d=mm&r=g\",\"contentUrl\":\"https:\/\/secure.gravatar.com\/avatar\/c2299bbd846dad9bdc700ac2bc1f7d7f7698bebee70f9ac01014ce232478ddab?s=96&d=mm&r=g\",\"caption\":\"Camille De M\u00e9doucine\"},\"description\":\"Je suis Camille, coordinatrice de la communaut\u00e9 M\u00e9doucine. Mon r\u00f4le ? Faire le lien entre les praticiens de notre r\u00e9seau et vous, lecteurs en qu\u00eate de bien-\u00eatre. J'accompagne au quotidien les th\u00e9rapeutes dans leur d\u00e9veloppement digital et les aide \u00e0 se faire conna\u00eetre localement. \u00c0 travers mes articles, je partage des conseils pratiques, des t\u00e9moignages inspirants et des \u00e9clairages sur les pratiques compl\u00e9mentaires. Mon objectif : rendre l'univers du bien-\u00eatre accessible, transparent et humain. J'aime explorer la diversit\u00e9 des approches et mettre en lumi\u00e8re ce qui rend chaque praticien unique. Passionn\u00e9e par la cr\u00e9ation de contenu et l'animation de communaut\u00e9, je m'engage chaque jour \u00e0 valoriser l'expertise de ceux qui prennent soin de vous.\",\"sameAs\":[\"https:\/\/www.linkedin.com\/in\/camille-de-m%C3%A9doucine-055173176\/\"],\"url\":\"https:\/\/www.medoucine.com\/blog\/author\/camille_medoucine\/\"}]}<\/script>\n<!-- \/ Yoast SEO plugin. -->","yoast_head_json":{"title":"Lumi\u00e8re sur la vitamine D : La cl\u00e9 d'une sant\u00e9 rayonnante","description":"Indispensable au bien-\u00eatre \u00e9t\u00e9 comme hiver, la vitamine D va de pair avec l'exposition aux rayons du soleil. D\u00e9couvrez-en plus sur elle !","robots":{"index":"index","follow":"follow","max-snippet":"max-snippet:-1","max-image-preview":"max-image-preview:large","max-video-preview":"max-video-preview:-1"},"canonical":"https:\/\/www.medoucine.com\/blog\/lumiere-sur-la-vitamine-d-la-cle-dune-sante-rayonnante\/","og_locale":"fr_FR","og_type":"article","og_title":"Lumi\u00e8re sur la vitamine D : La cl\u00e9 d'une sant\u00e9 rayonnante","og_description":"Indispensable au bien-\u00eatre \u00e9t\u00e9 comme hiver, la vitamine D va de pair avec l'exposition aux rayons du soleil. D\u00e9couvrez-en plus sur elle !","og_url":"https:\/\/www.medoucine.com\/blog\/lumiere-sur-la-vitamine-d-la-cle-dune-sante-rayonnante\/","og_site_name":"Blog de Medoucine","article_publisher":"https:\/\/www.facebook.com\/medoucine\/","article_published_time":"2024-03-18T06:00:42+00:00","article_modified_time":"2026-04-08T16:03:09+00:00","og_image":[{"width":2560,"height":1509,"url":"https:\/\/www.medoucine.com\/blog\/wp-content\/uploads\/2024\/02\/pexels-maggie-zhan-1698482-scaled.jpg","type":"image\/jpeg"}],"author":"Camille De M\u00e9doucine","twitter_card":"summary_large_image","twitter_creator":"@medoucinefr","twitter_site":"@medoucinefr","twitter_misc":{"\u00c9crit par":"Camille De M\u00e9doucine","Dur\u00e9e de lecture estim\u00e9e":"3 minutes"},"schema":{"@context":"https:\/\/schema.org","@graph":[{"@type":"Article","@id":"https:\/\/www.medoucine.com\/blog\/lumiere-sur-la-vitamine-d-la-cle-dune-sante-rayonnante\/#article","isPartOf":{"@id":"https:\/\/www.medoucine.com\/blog\/lumiere-sur-la-vitamine-d-la-cle-dune-sante-rayonnante\/"},"author":{"name":"Camille De M\u00e9doucine","@id":"https:\/\/www.medoucine.com\/blog\/#\/schema\/person\/33963211205d80beccb805396c175b47"},"headline":"Lumi\u00e8re sur la vitamine D : La cl\u00e9 d&rsquo;une sant\u00e9 rayonnante","datePublished":"2024-03-18T06:00:42+00:00","dateModified":"2026-04-08T16:03:09+00:00","mainEntityOfPage":{"@id":"https:\/\/www.medoucine.com\/blog\/lumiere-sur-la-vitamine-d-la-cle-dune-sante-rayonnante\/"},"wordCount":719,"commentCount":0,"publisher":{"@id":"https:\/\/www.medoucine.com\/blog\/#organization"},"image":{"@id":"https:\/\/www.medoucine.com\/blog\/lumiere-sur-la-vitamine-d-la-cle-dune-sante-rayonnante\/#primaryimage"},"thumbnailUrl":"https:\/\/www.medoucine.com\/blog\/wp-content\/uploads\/2024\/02\/pexels-maggie-zhan-1698482-scaled.jpg","keywords":["fatigue","immunit\u00e9","pr\u00e9vention","sant\u00e9","soleil","sommeil","stress","vitalit\u00e9","vitamine"],"articleSection":["Bien-\u00eatre"],"inLanguage":"fr-FR","potentialAction":[{"@type":"CommentAction","name":"Comment","target":["https:\/\/www.medoucine.com\/blog\/lumiere-sur-la-vitamine-d-la-cle-dune-sante-rayonnante\/#respond"]}]},{"@type":"WebPage","@id":"https:\/\/www.medoucine.com\/blog\/lumiere-sur-la-vitamine-d-la-cle-dune-sante-rayonnante\/","url":"https:\/\/www.medoucine.com\/blog\/lumiere-sur-la-vitamine-d-la-cle-dune-sante-rayonnante\/","name":"Lumi\u00e8re sur la vitamine D : La cl\u00e9 d'une sant\u00e9 rayonnante","isPartOf":{"@id":"https:\/\/www.medoucine.com\/blog\/#website"},"primaryImageOfPage":{"@id":"https:\/\/www.medoucine.com\/blog\/lumiere-sur-la-vitamine-d-la-cle-dune-sante-rayonnante\/#primaryimage"},"image":{"@id":"https:\/\/www.medoucine.com\/blog\/lumiere-sur-la-vitamine-d-la-cle-dune-sante-rayonnante\/#primaryimage"},"thumbnailUrl":"https:\/\/www.medoucine.com\/blog\/wp-content\/uploads\/2024\/02\/pexels-maggie-zhan-1698482-scaled.jpg","datePublished":"2024-03-18T06:00:42+00:00","dateModified":"2026-04-08T16:03:09+00:00","description":"Indispensable au bien-\u00eatre \u00e9t\u00e9 comme hiver, la vitamine D va de pair avec l'exposition aux rayons du soleil. D\u00e9couvrez-en plus sur elle !","breadcrumb":{"@id":"https:\/\/www.medoucine.com\/blog\/lumiere-sur-la-vitamine-d-la-cle-dune-sante-rayonnante\/#breadcrumb"},"inLanguage":"fr-FR","potentialAction":[{"@type":"ReadAction","target":["https:\/\/www.medoucine.com\/blog\/lumiere-sur-la-vitamine-d-la-cle-dune-sante-rayonnante\/"]}]},{"@type":"ImageObject","inLanguage":"fr-FR","@id":"https:\/\/www.medoucine.com\/blog\/lumiere-sur-la-vitamine-d-la-cle-dune-sante-rayonnante\/#primaryimage","url":"https:\/\/www.medoucine.com\/blog\/wp-content\/uploads\/2024\/02\/pexels-maggie-zhan-1698482-scaled.jpg","contentUrl":"https:\/\/www.medoucine.com\/blog\/wp-content\/uploads\/2024\/02\/pexels-maggie-zhan-1698482-scaled.jpg","width":2560,"height":1509},{"@type":"BreadcrumbList","@id":"https:\/\/www.medoucine.com\/blog\/lumiere-sur-la-vitamine-d-la-cle-dune-sante-rayonnante\/#breadcrumb","itemListElement":[{"@type":"ListItem","position":1,"name":"Blog Medoucine","item":"https:\/\/www.medoucine.com\/blog\/"},{"@type":"ListItem","position":2,"name":"Beaut\u00e9 &amp; Bien-\u00eatre","item":"https:\/\/www.medoucine.com\/blog\/cat\/beaute-bien-etre\/"},{"@type":"ListItem","position":3,"name":"Bien-\u00eatre","item":"https:\/\/www.medoucine.com\/blog\/cat\/beaute-bien-etre\/bien-etre\/"},{"@type":"ListItem","position":4,"name":"Lumi\u00e8re sur la vitamine D : La cl\u00e9 d&rsquo;une sant\u00e9 rayonnante"}]},{"@type":"WebSite","@id":"https:\/\/www.medoucine.com\/blog\/#website","url":"https:\/\/www.medoucine.com\/blog\/","name":"Blog de Medoucine","description":"Le blog des m\u00e9decines douces","publisher":{"@id":"https:\/\/www.medoucine.com\/blog\/#organization"},"potentialAction":[{"@type":"SearchAction","target":{"@type":"EntryPoint","urlTemplate":"https:\/\/www.medoucine.com\/blog\/?s={search_term_string}"},"query-input":{"@type":"PropertyValueSpecification","valueRequired":true,"valueName":"search_term_string"}}],"inLanguage":"fr-FR"},{"@type":"Organization","@id":"https:\/\/www.medoucine.com\/blog\/#organization","name":"Medoucine","url":"https:\/\/www.medoucine.com\/blog\/","logo":{"@type":"ImageObject","inLanguage":"fr-FR","@id":"https:\/\/www.medoucine.com\/blog\/#\/schema\/logo\/image\/","url":"https:\/\/www.medoucine.com\/blog\/wp-content\/uploads\/2019\/07\/logo@3x.png","contentUrl":"https:\/\/www.medoucine.com\/blog\/wp-content\/uploads\/2019\/07\/logo@3x.png","width":555,"height":135,"caption":"Medoucine"},"image":{"@id":"https:\/\/www.medoucine.com\/blog\/#\/schema\/logo\/image\/"},"sameAs":["https:\/\/www.facebook.com\/medoucine\/","https:\/\/x.com\/medoucinefr","https:\/\/www.instagram.com\/medoucine\/","https:\/\/www.youtube.com\/channel\/UCtZeUeJ_KebYK0KJAXjJV8g"]},{"@type":"Person","@id":"https:\/\/www.medoucine.com\/blog\/#\/schema\/person\/33963211205d80beccb805396c175b47","name":"Camille De M\u00e9doucine","image":{"@type":"ImageObject","inLanguage":"fr-FR","@id":"https:\/\/www.medoucine.com\/blog\/#\/schema\/person\/image\/","url":"https:\/\/secure.gravatar.com\/avatar\/c2299bbd846dad9bdc700ac2bc1f7d7f7698bebee70f9ac01014ce232478ddab?s=96&d=mm&r=g","contentUrl":"https:\/\/secure.gravatar.com\/avatar\/c2299bbd846dad9bdc700ac2bc1f7d7f7698bebee70f9ac01014ce232478ddab?s=96&d=mm&r=g","caption":"Camille De M\u00e9doucine"},"description":"Je suis Camille, coordinatrice de la communaut\u00e9 M\u00e9doucine. Mon r\u00f4le ? Faire le lien entre les praticiens de notre r\u00e9seau et vous, lecteurs en qu\u00eate de bien-\u00eatre. J'accompagne au quotidien les th\u00e9rapeutes dans leur d\u00e9veloppement digital et les aide \u00e0 se faire conna\u00eetre localement. \u00c0 travers mes articles, je partage des conseils pratiques, des t\u00e9moignages inspirants et des \u00e9clairages sur les pratiques compl\u00e9mentaires. Mon objectif : rendre l'univers du bien-\u00eatre accessible, transparent et humain. J'aime explorer la diversit\u00e9 des approches et mettre en lumi\u00e8re ce qui rend chaque praticien unique. Passionn\u00e9e par la cr\u00e9ation de contenu et l'animation de communaut\u00e9, je m'engage chaque jour \u00e0 valoriser l'expertise de ceux qui prennent soin de vous.","sameAs":["https:\/\/www.linkedin.com\/in\/camille-de-m%C3%A9doucine-055173176\/"],"url":"https:\/\/www.medoucine.com\/blog\/author\/camille_medoucine\/"}]}},"_links":{"self":[{"href":"https:\/\/www.medoucine.com\/blog\/wp-json\/wp\/v2\/posts\/30771","targetHints":{"allow":["GET"]}}],"collection":[{"href":"https:\/\/www.medoucine.com\/blog\/wp-json\/wp\/v2\/posts"}],"about":[{"href":"https:\/\/www.medoucine.com\/blog\/wp-json\/wp\/v2\/types\/post"}],"author":[{"embeddable":true,"href":"https:\/\/www.medoucine.com\/blog\/wp-json\/wp\/v2\/users\/995"}],"replies":[{"embeddable":true,"href":"https:\/\/www.medoucine.com\/blog\/wp-json\/wp\/v2\/comments?post=30771"}],"version-history":[{"count":11,"href":"https:\/\/www.medoucine.com\/blog\/wp-json\/wp\/v2\/posts\/30771\/revisions"}],"predecessor-version":[{"id":42128,"href":"https:\/\/www.medoucine.com\/blog\/wp-json\/wp\/v2\/posts\/30771\/revisions\/42128"}],"wp:featuredmedia":[{"embeddable":true,"href":"https:\/\/www.medoucine.com\/blog\/wp-json\/wp\/v2\/media\/31076"}],"wp:attachment":[{"href":"https:\/\/www.medoucine.com\/blog\/wp-json\/wp\/v2\/media?parent=30771"}],"wp:term":[{"taxonomy":"category","embeddable":true,"href":"https:\/\/www.medoucine.com\/blog\/wp-json\/wp\/v2\/categories?post=30771"},{"taxonomy":"post_tag","embeddable":true,"href":"https:\/\/www.medoucine.com\/blog\/wp-json\/wp\/v2\/tags?post=30771"}],"curies":[{"name":"wp","href":"https:\/\/api.w.org\/{rel}","templated":true}]}}