{"id":26824,"date":"2023-04-20T08:26:20","date_gmt":"2023-04-20T06:26:20","guid":{"rendered":"https:\/\/www.medoucine.com\/blog\/?p=26824"},"modified":"2026-04-08T18:15:07","modified_gmt":"2026-04-08T16:15:07","slug":"les-medecins-generalistes-de-plus-en-plus-favorables-aux-pratiques-complementaires-observatoire-des-medecines-douces","status":"publish","type":"post","link":"https:\/\/www.medoucine.com\/blog\/les-medecins-generalistes-de-plus-en-plus-favorables-aux-pratiques-complementaires-observatoire-des-medecines-douces\/","title":{"rendered":"Les m\u00e9decins g\u00e9n\u00e9ralistes de plus en plus favorables aux pratiques compl\u00e9mentaires &#8211; Observatoire des m\u00e9decines douces"},"content":{"rendered":"<div class=\"wpb-content-wrapper\">[vc_row][vc_column][vc_column_text]<em>M\u00e9doucine, r\u00e9seau de praticiens recommand\u00e9s en m\u00e9decines douces, a mandat\u00e9 le cabinet Quintessens afin de sonder 100 m\u00e9decins g\u00e9n\u00e9ralistes sur leur rapport aux m\u00e9decines douces. L\u2019objectif : mieux comprendre leurs pr\u00e9occupations et leurs attentes.<\/em>[\/vc_column_text][vc_single_image image=\u00a0\u00bb26826&Prime; img_size=\u00a0\u00bb400&#215;400&Prime; alignment=\u00a0\u00bbcenter\u00a0\u00bb][vc_column_text]\n<h3><strong>Les m\u00e9decins g\u00e9n\u00e9ralistes de plus en plus conscients des bienfaits des m\u00e9decines douces<\/strong><\/h3>\n<p>Plus que jamais engag\u00e9e dans la reconnaissance des pratiques compl\u00e9mentaires, le r\u00e9seau a mandat\u00e9 le cabinet Quintessens afin de conduire une \u00e9tude aupr\u00e8s des m\u00e9decins g\u00e9n\u00e9ralistes sur leur rapport aux pratiques compl\u00e9mentaires. 100 m\u00e9decins ont ainsi \u00e9t\u00e9 interrog\u00e9s du 15 au 25 mars 2023 par le biais d\u2019un questionnaire en ligne.<\/p>\n<p>Selon l\u2019\u00e9tude, les m\u00e9decins g\u00e9n\u00e9ralistes sont de plus en plus conscients des bienfaits des m\u00e9decines compl\u00e9mentaires : plus de 8 m\u00e9decins sur 10 estiment que les pratiques compl\u00e9mentaires sont des compl\u00e9ments \u00e0 la m\u00e9decine traditionnelle mais aussi un bon moyen de prendre soin de soi et devenir acteur de sa sant\u00e9.<\/p>\n<p>47% des m\u00e9decins interrog\u00e9s ont d\u2019ailleurs d\u00e9j\u00e0 exp\u00e9riment\u00e9 pour eux-m\u00eames une pratique compl\u00e9mentaire. 35% sont \u00e9galement form\u00e9s en m\u00e9decines douces ou envisagent de le faire prochainement. Parmi les pratiques les plus privil\u00e9gi\u00e9es, on retrouve l\u2019hypnose, l\u2019acupuncture et les th\u00e9rapies br\u00e8ves*.[\/vc_column_text][vc_single_image image=\u00a0\u00bb26827&Prime; img_size=\u00a0\u00bb400&#215;400&Prime; alignment=\u00a0\u00bbcenter\u00a0\u00bb][vc_column_text]\n<h3><b><strong>92% des m\u00e9decins ont d\u00e9j\u00e0 recommand\u00e9 une pratique compl\u00e9mentaires \u00e0 leurs patients<\/strong><\/b><\/h3>\n<p>Les m\u00e9decins g\u00e9n\u00e9ralistes ne sont pas seulement favorables aux pratiques compl\u00e9mentaires pour eux-m\u00eames mais aussi pour leurs patients.<\/p>\n<p>Selon l\u2019\u00e9tude, 92% d\u2019entre eux ont d\u00e9j\u00e0 recommand\u00e9 une m\u00e9decine douce lors d\u2019une consultation.<\/p>\n<p>Les plus courantes sont les psychoth\u00e9rapies avec 87%, l\u2019ost\u00e9opathie avec 73% et l\u2019hypnose avec 64%.<\/p>\n<p><!--StartFragment --><\/p>\n<p class=\"pf0\"><span class=\"cf0\">7 m\u00e9decins sur 10 estiment que des patients sont revenus \u00e0 un suivi m\u00e9dical r\u00e9gulier sur les conseils d&rsquo;un praticien en pratique compl\u00e9mentaire.<\/span><\/p>\n<p><!--EndFragment -->[\/vc_column_text][vc_single_image image=\u00a0\u00bb26828&Prime; img_size=\u00a0\u00bb400&#215;400&Prime; alignment=\u00a0\u00bbcenter\u00a0\u00bb][vc_column_text]\n<h3>La sant\u00e9 int\u00e9grative pl\u00e9bsicit\u00e9e par les m\u00e9decins<\/h3>\n<p>Pour 8 m\u00e9decins sur 10, la m\u00e9decine int\u00e9grative qui consiste en une combinaison de traitements conventionnels et de pratiques compl\u00e9mentaires, serait donc pertinente, notamment pour les maladies de longue dur\u00e9e.<\/p>\n<p>D\u2019apr\u00e8s l\u2019\u00e9tude, 86% des m\u00e9decins interrog\u00e9s estiment qu\u2019il est dans l\u2019int\u00e9r\u00eat du patient que ces deux m\u00e9decines collaborent mieux et 7 sur 10 pensent que les pratiques compl\u00e9mentaires devraient \u00eatre mieux int\u00e9gr\u00e9es aux parcours de soin.[\/vc_column_text][vc_single_image image=\u00a0\u00bb26829&Prime; img_size=\u00a0\u00bb400&#215;400&Prime; alignment=\u00a0\u00bbcenter\u00a0\u00bb onclick=\u00a0\u00bbcustom_link\u00a0\u00bb img_link_target=\u00a0\u00bb_blank\u00a0\u00bb link=\u00a0\u00bbhttps:\/\/youtu.be\/3ElK7jWTF7I\u00a0\u00bb][vc_column_text]\n<h3><b>Des pratiques qui devraient \u00eatre rembours\u00e9es<\/b><\/h3>\n<p>6 m\u00e9decins sur 10 pensent d\u2019ailleurs que certaines pratiques compl\u00e9mentaires devraient \u00eatre rembours\u00e9es par la s\u00e9curit\u00e9 sociale. Les psychoth\u00e9rapies sont en t\u00eate avec 55%, mais \u00e9galement l\u2019hypnose et l\u2019ost\u00e9opathie avec 37%, l\u2019acupuncture avec 33% et les th\u00e9rapies br\u00e8ves avec 30%.[\/vc_column_text][vc_single_image image=\u00a0\u00bb26830&Prime; img_size=\u00a0\u00bb400&#215;400&Prime; alignment=\u00a0\u00bbcenter\u00a0\u00bb onclick=\u00a0\u00bbcustom_link\u00a0\u00bb img_link_target=\u00a0\u00bb_blank\u00a0\u00bb link=\u00a0\u00bbhttps:\/\/youtu.be\/3ElK7jWTF7I\u00a0\u00bb][vc_column_text]\n<h3><strong>80% des m\u00e9decins interrog\u00e9s estiment qu\u2019un annuaire de praticiens recommand\u00e9s pourrait les aider \u00e0 orienter leurs patients<\/strong><\/h3>\n<p>Les m\u00e9decins interrog\u00e9s sont quasiment unanimes : s\u2019ils ont globalement une image positive des pratiques compl\u00e9mentaires, 94% d\u2019entre eux pensent qu\u2019elles doivent \u00eatre mieux r\u00e9glement\u00e9es pour pr\u00e9venir et limiter les d\u00e9rives. Il est aussi important pour eux de savoir si leurs patients font appel aux pratiques compl\u00e9mentaires.<\/p>\n<p>80% des m\u00e9decins interrog\u00e9s estiment cependant qu\u2019un annuaire de praticiens recommand\u00e9s par des professionnels et leurs clients, aux formations v\u00e9rifi\u00e9es, pourrait les aider \u00e0 orienter leurs patients. Les m\u00e9decins g\u00e9n\u00e9ralistes ont globalement besoin de r\u00e9assurance de la part du secteur, c\u2019est d\u2019ailleurs ce que souhaite leur apporter le r\u00e9seau M\u00e9doucine.[\/vc_column_text][vc_column_text]\n<h3><strong>D\u00e9couvrez l&rsquo;\u00e9tude compl\u00e8te<\/strong><\/h3>\n<p>M\u00e9doucine met \u00e0 votre disposition les r\u00e9sultats complets de l&rsquo;enqu\u00eate.[\/vc_column_text][vc_single_image image=\u00a0\u00bb26834&Prime; img_size=\u00a0\u00bblarge\u00a0\u00bb alignment=\u00a0\u00bbcenter\u00a0\u00bb onclick=\u00a0\u00bbcustom_link\u00a0\u00bb img_link_target=\u00a0\u00bb_blank\u00a0\u00bb link=\u00a0\u00bbhttps:\/\/www.medoucine.com\/blog\/\/wp-content\/uploads\/2023\/04\/Observatoire-des-m\u00e9decines-douces-M\u00e9decins-g\u00e9n\u00e9ralistes-M\u00e9doucine-Quintessens-11-23.pdf\u00a0\u00bb][vc_btn title=\u00a0\u00bbT\u00e9l\u00e9chargez l&rsquo;\u00e9tude compl\u00e8te\u00a0\u00bb color=\u00a0\u00bbpink\u00a0\u00bb link=\u00a0\u00bburl:https%3A%2F%2Fwww.medoucine.com%2Fblog%2Fwp-content%2Fuploads%2F2023%2F04%2FObservatoire-des-m%C3%A9decines-douces-M%C3%A9decins-g%C3%A9n%C3%A9ralistes-M%C3%A9doucine-Quintessens-11-23.pdf|||\u00a0\u00bb][vc_column_text]<em><b>Note m\u00e9thodologique :<\/b><\/em><\/p>\n<p><span style=\"font-weight: 500\">L\u2019enqu\u00eate a \u00e9t\u00e9 r\u00e9alis\u00e9e en ligne du 15 au 25 mars 2023 aupr\u00e8s de 100 m\u00e9decins g\u00e9n\u00e9ralistes.<\/span><\/p>\n<p><i><span style=\"font-weight: 500\">Toute diffusion de ces r\u00e9sultats doit \u00eatre accompagn\u00e9e d\u2019\u00e9l\u00e9ments techniques tels que : la m\u00e9thode d\u2019enqu\u00eate, les dates de r\u00e9alisation, le nom de l\u2019institut &#8211; cabinet Quintessens -, le nom du commanditaire &#8211; M\u00e9doucine -, la taille de l\u2019\u00e9chantillon.<\/span><\/i>[\/vc_column_text][\/vc_column][\/vc_row]\n<div class=\"m-spin\">\n<p class=\"m-spin__text\"><strong>Soignez votre bien-\u00eatre avec les m\u00e9decines douces<\/strong><\/p>\n<p class=\"m-spin__text\">Les m\u00e9decins reconnaissent de plus en plus l&rsquo;int\u00e9r\u00eat des pratiques compl\u00e9mentaires pour une sant\u00e9 globale. Prenez rendez-vous avec un <a class=\"m-spin__link\" target=\"_blank\" rel=\"noopener noreferrer\" href=\"https:\/\/www.medoucine.com\/consultations\/se-soigner\/praticien-en-accompagnement-bien-etre\/lille\/tous-publics\/a-domicile-ou-cabinet?utm_source=medoucine_blog_B2C&amp;utm_medium=article_blog&amp;utm_campaign=spin_seo\">Praticien en accompagnement bien-\u00eatre \u00e0 Lille<\/a>, un <a class=\"m-spin__link\" target=\"_blank\" rel=\"noopener noreferrer\" href=\"https:\/\/www.medoucine.com\/consultations\/se-soigner\/praticien-en-accompagnement-bien-etre\/marseille\/tous-publics\/a-domicile-ou-cabinet?utm_source=medoucine_blog_B2C&amp;utm_medium=article_blog&amp;utm_campaign=spin_seo\">Praticien en accompagnement bien-\u00eatre \u00e0 Marseille<\/a> ou un <a class=\"m-spin__link\" target=\"_blank\" rel=\"noopener noreferrer\" href=\"https:\/\/www.medoucine.com\/consultations\/se-soigner\/praticien-en-accompagnement-bien-etre\/nantes\/tous-publics\/a-domicile-ou-cabinet?utm_source=medoucine_blog_B2C&amp;utm_medium=article_blog&amp;utm_campaign=spin_seo\">Praticien en accompagnement bien-\u00eatre \u00e0 Nantes<\/a> pour un suivi personnalis\u00e9. Ces professionnels vous aident \u00e0 retrouver \u00e9quilibre et vitalit\u00e9.<\/p>\n<p class=\"m-spin__text\">Vous recherchez un accompagnement sp\u00e9cifique ? Trouvez des <a class=\"m-spin__link\" target=\"_blank\" rel=\"noopener noreferrer\" href=\"https:\/\/www.medoucine.com\/consultations\/se-soigner\/praticien-en-accompagnement-bien-etre\/autour-de-moi?utm_source=medoucine_blog_B2C&amp;utm_medium=article_blog&amp;utm_campaign=spin_seo\">Praticiens en accompagnement bien-\u00eatre pr\u00e8s de chez vous<\/a> pour une prise en charge adapt\u00e9e \u00e0 vos besoins.<\/p>\n<\/div>\n<\/div>","protected":false},"excerpt":{"rendered":"<p>[vc_row][vc_column][vc_column_text]M\u00e9doucine, r\u00e9seau de praticiens recommand\u00e9s en m\u00e9decines douces, a mandat\u00e9 le cabinet Quintessens afin de sonder 100 m\u00e9decins g\u00e9n\u00e9ralistes sur leur rapport aux m\u00e9decines douces. L\u2019objectif : mieux comprendre leurs pr\u00e9occupations et leurs attentes.[\/vc_column_text][vc_single_image image=\u00a0\u00bb26826&Prime; img_size=\u00a0\u00bb400&#215;400&Prime; alignment=\u00a0\u00bbcenter\u00a0\u00bb][vc_column_text] Les m\u00e9decins g\u00e9n\u00e9ralistes de plus en plus conscients des bienfaits des m\u00e9decines douces Plus que jamais engag\u00e9e dans la reconnaissance des pratiques compl\u00e9mentaires, le r\u00e9seau a mandat\u00e9 le cabinet Quintessens afin de conduire une \u00e9tude aupr\u00e8s des m\u00e9decins g\u00e9n\u00e9ralistes sur leur rapport aux pratiques compl\u00e9mentaires. 100 m\u00e9decins ont ainsi \u00e9t\u00e9 interrog\u00e9s du 15 au 25 mars 2023 par le biais d\u2019un questionnaire en ligne. Selon l\u2019\u00e9tude, les m\u00e9decins g\u00e9n\u00e9ralistes sont de plus en plus conscients des bienfaits des m\u00e9decines compl\u00e9mentaires : plus de 8 m\u00e9decins sur 10 estiment que les pratiques compl\u00e9mentaires sont des compl\u00e9ments \u00e0 la m\u00e9decine [&hellip;]<\/p>\n","protected":false},"author":995,"featured_media":26825,"comment_status":"open","ping_status":"open","sticky":false,"template":"","format":"standard","meta":{"_acf_changed":false,"footnotes":""},"categories":[586],"tags":[],"class_list":["post-26824","post","type-post","status-publish","format-standard","has-post-thumbnail","hentry","category-enquetes-et-etudes"],"acf":[],"yoast_head":"<!-- This site is optimized with the Yoast SEO plugin v27.1.1 - https:\/\/yoast.com\/product\/yoast-seo-wordpress\/ -->\n<title>Les m\u00e9decins g\u00e9n\u00e9ralistes de plus en plus favorables aux pratiques compl\u00e9mentaires - Observatoire des m\u00e9decines douces ~ Blog de Medoucine<\/title>\n<meta name=\"robots\" content=\"index, follow, max-snippet:-1, max-image-preview:large, max-video-preview:-1\" \/>\n<link rel=\"canonical\" href=\"https:\/\/www.medoucine.com\/blog\/les-medecins-generalistes-de-plus-en-plus-favorables-aux-pratiques-complementaires-observatoire-des-medecines-douces\/\" \/>\n<meta property=\"og:locale\" content=\"fr_FR\" \/>\n<meta property=\"og:type\" content=\"article\" \/>\n<meta property=\"og:title\" content=\"Les m\u00e9decins g\u00e9n\u00e9ralistes de plus en plus favorables aux pratiques compl\u00e9mentaires - Observatoire des m\u00e9decines douces ~ Blog de Medoucine\" \/>\n<meta property=\"og:description\" content=\"[vc_row][vc_column][vc_column_text]M\u00e9doucine, r\u00e9seau de praticiens recommand\u00e9s en m\u00e9decines douces, a mandat\u00e9 le cabinet Quintessens afin de sonder 100 m\u00e9decins g\u00e9n\u00e9ralistes sur leur rapport aux m\u00e9decines douces. L\u2019objectif : mieux comprendre leurs pr\u00e9occupations et leurs attentes.[\/vc_column_text][vc_single_image image=\u00a0\u00bb26826&Prime; img_size=\u00a0\u00bb400&#215;400&Prime; alignment=\u00a0\u00bbcenter\u00a0\u00bb][vc_column_text] Les m\u00e9decins g\u00e9n\u00e9ralistes de plus en plus conscients des bienfaits des m\u00e9decines douces Plus que jamais engag\u00e9e dans la reconnaissance des pratiques compl\u00e9mentaires, le r\u00e9seau a mandat\u00e9 le cabinet Quintessens afin de conduire une \u00e9tude aupr\u00e8s des m\u00e9decins g\u00e9n\u00e9ralistes sur leur rapport aux pratiques compl\u00e9mentaires. 100 m\u00e9decins ont ainsi \u00e9t\u00e9 interrog\u00e9s du 15 au 25 mars 2023 par le biais d\u2019un questionnaire en ligne. Selon l\u2019\u00e9tude, les m\u00e9decins g\u00e9n\u00e9ralistes sont de plus en plus conscients des bienfaits des m\u00e9decines compl\u00e9mentaires : plus de 8 m\u00e9decins sur 10 estiment que les pratiques compl\u00e9mentaires sont des compl\u00e9ments \u00e0 la m\u00e9decine [&hellip;]\" \/>\n<meta property=\"og:url\" content=\"https:\/\/www.medoucine.com\/blog\/les-medecins-generalistes-de-plus-en-plus-favorables-aux-pratiques-complementaires-observatoire-des-medecines-douces\/\" \/>\n<meta property=\"og:site_name\" content=\"Blog de Medoucine\" \/>\n<meta property=\"article:publisher\" content=\"https:\/\/www.facebook.com\/medoucine\/\" \/>\n<meta property=\"article:published_time\" content=\"2023-04-20T06:26:20+00:00\" \/>\n<meta property=\"article:modified_time\" content=\"2026-04-08T16:15:07+00:00\" \/>\n<meta property=\"og:image\" content=\"https:\/\/www.medoucine.com\/blog\/wp-content\/uploads\/2023\/04\/Observatoire-des-MD-N\u00b04_Cover-article-image-\u00e0-la-une.png\" \/>\n\t<meta property=\"og:image:width\" content=\"780\" \/>\n\t<meta property=\"og:image:height\" content=\"450\" \/>\n\t<meta property=\"og:image:type\" content=\"image\/png\" \/>\n<meta name=\"author\" content=\"Camille De M\u00e9doucine\" \/>\n<meta name=\"twitter:card\" content=\"summary_large_image\" \/>\n<meta name=\"twitter:creator\" content=\"@medoucinefr\" \/>\n<meta name=\"twitter:site\" content=\"@medoucinefr\" \/>\n<meta name=\"twitter:label1\" content=\"\u00c9crit par\" \/>\n\t<meta name=\"twitter:data1\" content=\"Camille De M\u00e9doucine\" \/>\n\t<meta name=\"twitter:label2\" content=\"Dur\u00e9e de lecture estim\u00e9e\" \/>\n\t<meta name=\"twitter:data2\" content=\"5 minutes\" \/>\n<script type=\"application\/ld+json\" class=\"yoast-schema-graph\">{\"@context\":\"https:\/\/schema.org\",\"@graph\":[{\"@type\":\"Article\",\"@id\":\"https:\/\/www.medoucine.com\/blog\/les-medecins-generalistes-de-plus-en-plus-favorables-aux-pratiques-complementaires-observatoire-des-medecines-douces\/#article\",\"isPartOf\":{\"@id\":\"https:\/\/www.medoucine.com\/blog\/les-medecins-generalistes-de-plus-en-plus-favorables-aux-pratiques-complementaires-observatoire-des-medecines-douces\/\"},\"author\":{\"name\":\"Camille De M\u00e9doucine\",\"@id\":\"https:\/\/www.medoucine.com\/blog\/#\/schema\/person\/33963211205d80beccb805396c175b47\"},\"headline\":\"Les m\u00e9decins g\u00e9n\u00e9ralistes de plus en plus favorables aux pratiques compl\u00e9mentaires &#8211; Observatoire des m\u00e9decines douces\",\"datePublished\":\"2023-04-20T06:26:20+00:00\",\"dateModified\":\"2026-04-08T16:15:07+00:00\",\"mainEntityOfPage\":{\"@id\":\"https:\/\/www.medoucine.com\/blog\/les-medecins-generalistes-de-plus-en-plus-favorables-aux-pratiques-complementaires-observatoire-des-medecines-douces\/\"},\"wordCount\":1013,\"commentCount\":1,\"publisher\":{\"@id\":\"https:\/\/www.medoucine.com\/blog\/#organization\"},\"image\":{\"@id\":\"https:\/\/www.medoucine.com\/blog\/les-medecins-generalistes-de-plus-en-plus-favorables-aux-pratiques-complementaires-observatoire-des-medecines-douces\/#primaryimage\"},\"thumbnailUrl\":\"https:\/\/www.medoucine.com\/blog\/wp-content\/uploads\/2023\/04\/Observatoire-des-MD-N\u00b04_Cover-article-image-\u00e0-la-une.png\",\"articleSection\":[\"Enqu\u00eates et \u00e9tudes\"],\"inLanguage\":\"fr-FR\",\"potentialAction\":[{\"@type\":\"CommentAction\",\"name\":\"Comment\",\"target\":[\"https:\/\/www.medoucine.com\/blog\/les-medecins-generalistes-de-plus-en-plus-favorables-aux-pratiques-complementaires-observatoire-des-medecines-douces\/#respond\"]}]},{\"@type\":\"WebPage\",\"@id\":\"https:\/\/www.medoucine.com\/blog\/les-medecins-generalistes-de-plus-en-plus-favorables-aux-pratiques-complementaires-observatoire-des-medecines-douces\/\",\"url\":\"https:\/\/www.medoucine.com\/blog\/les-medecins-generalistes-de-plus-en-plus-favorables-aux-pratiques-complementaires-observatoire-des-medecines-douces\/\",\"name\":\"Les m\u00e9decins g\u00e9n\u00e9ralistes de plus en plus favorables aux pratiques compl\u00e9mentaires - Observatoire des m\u00e9decines douces ~ Blog de Medoucine\",\"isPartOf\":{\"@id\":\"https:\/\/www.medoucine.com\/blog\/#website\"},\"primaryImageOfPage\":{\"@id\":\"https:\/\/www.medoucine.com\/blog\/les-medecins-generalistes-de-plus-en-plus-favorables-aux-pratiques-complementaires-observatoire-des-medecines-douces\/#primaryimage\"},\"image\":{\"@id\":\"https:\/\/www.medoucine.com\/blog\/les-medecins-generalistes-de-plus-en-plus-favorables-aux-pratiques-complementaires-observatoire-des-medecines-douces\/#primaryimage\"},\"thumbnailUrl\":\"https:\/\/www.medoucine.com\/blog\/wp-content\/uploads\/2023\/04\/Observatoire-des-MD-N\u00b04_Cover-article-image-\u00e0-la-une.png\",\"datePublished\":\"2023-04-20T06:26:20+00:00\",\"dateModified\":\"2026-04-08T16:15:07+00:00\",\"breadcrumb\":{\"@id\":\"https:\/\/www.medoucine.com\/blog\/les-medecins-generalistes-de-plus-en-plus-favorables-aux-pratiques-complementaires-observatoire-des-medecines-douces\/#breadcrumb\"},\"inLanguage\":\"fr-FR\",\"potentialAction\":[{\"@type\":\"ReadAction\",\"target\":[\"https:\/\/www.medoucine.com\/blog\/les-medecins-generalistes-de-plus-en-plus-favorables-aux-pratiques-complementaires-observatoire-des-medecines-douces\/\"]}]},{\"@type\":\"ImageObject\",\"inLanguage\":\"fr-FR\",\"@id\":\"https:\/\/www.medoucine.com\/blog\/les-medecins-generalistes-de-plus-en-plus-favorables-aux-pratiques-complementaires-observatoire-des-medecines-douces\/#primaryimage\",\"url\":\"https:\/\/www.medoucine.com\/blog\/wp-content\/uploads\/2023\/04\/Observatoire-des-MD-N\u00b04_Cover-article-image-\u00e0-la-une.png\",\"contentUrl\":\"https:\/\/www.medoucine.com\/blog\/wp-content\/uploads\/2023\/04\/Observatoire-des-MD-N\u00b04_Cover-article-image-\u00e0-la-une.png\",\"width\":780,\"height\":450},{\"@type\":\"BreadcrumbList\",\"@id\":\"https:\/\/www.medoucine.com\/blog\/les-medecins-generalistes-de-plus-en-plus-favorables-aux-pratiques-complementaires-observatoire-des-medecines-douces\/#breadcrumb\",\"itemListElement\":[{\"@type\":\"ListItem\",\"position\":1,\"name\":\"Blog Medoucine\",\"item\":\"https:\/\/www.medoucine.com\/blog\/\"},{\"@type\":\"ListItem\",\"position\":2,\"name\":\"Ressources\",\"item\":\"https:\/\/www.medoucine.com\/blog\/cat\/nos-ressources\/\"},{\"@type\":\"ListItem\",\"position\":3,\"name\":\"Enqu\u00eates et \u00e9tudes\",\"item\":\"https:\/\/www.medoucine.com\/blog\/cat\/nos-ressources\/enquetes-et-etudes\/\"},{\"@type\":\"ListItem\",\"position\":4,\"name\":\"Les m\u00e9decins g\u00e9n\u00e9ralistes de plus en plus favorables aux pratiques compl\u00e9mentaires &#8211; Observatoire des m\u00e9decines douces\"}]},{\"@type\":\"WebSite\",\"@id\":\"https:\/\/www.medoucine.com\/blog\/#website\",\"url\":\"https:\/\/www.medoucine.com\/blog\/\",\"name\":\"Blog de Medoucine\",\"description\":\"Le blog des m\u00e9decines douces\",\"publisher\":{\"@id\":\"https:\/\/www.medoucine.com\/blog\/#organization\"},\"potentialAction\":[{\"@type\":\"SearchAction\",\"target\":{\"@type\":\"EntryPoint\",\"urlTemplate\":\"https:\/\/www.medoucine.com\/blog\/?s={search_term_string}\"},\"query-input\":{\"@type\":\"PropertyValueSpecification\",\"valueRequired\":true,\"valueName\":\"search_term_string\"}}],\"inLanguage\":\"fr-FR\"},{\"@type\":\"Organization\",\"@id\":\"https:\/\/www.medoucine.com\/blog\/#organization\",\"name\":\"Medoucine\",\"url\":\"https:\/\/www.medoucine.com\/blog\/\",\"logo\":{\"@type\":\"ImageObject\",\"inLanguage\":\"fr-FR\",\"@id\":\"https:\/\/www.medoucine.com\/blog\/#\/schema\/logo\/image\/\",\"url\":\"https:\/\/www.medoucine.com\/blog\/wp-content\/uploads\/2019\/07\/logo@3x.png\",\"contentUrl\":\"https:\/\/www.medoucine.com\/blog\/wp-content\/uploads\/2019\/07\/logo@3x.png\",\"width\":555,\"height\":135,\"caption\":\"Medoucine\"},\"image\":{\"@id\":\"https:\/\/www.medoucine.com\/blog\/#\/schema\/logo\/image\/\"},\"sameAs\":[\"https:\/\/www.facebook.com\/medoucine\/\",\"https:\/\/x.com\/medoucinefr\",\"https:\/\/www.instagram.com\/medoucine\/\",\"https:\/\/www.youtube.com\/channel\/UCtZeUeJ_KebYK0KJAXjJV8g\"]},{\"@type\":\"Person\",\"@id\":\"https:\/\/www.medoucine.com\/blog\/#\/schema\/person\/33963211205d80beccb805396c175b47\",\"name\":\"Camille De M\u00e9doucine\",\"image\":{\"@type\":\"ImageObject\",\"inLanguage\":\"fr-FR\",\"@id\":\"https:\/\/www.medoucine.com\/blog\/#\/schema\/person\/image\/\",\"url\":\"https:\/\/secure.gravatar.com\/avatar\/c2299bbd846dad9bdc700ac2bc1f7d7f7698bebee70f9ac01014ce232478ddab?s=96&d=mm&r=g\",\"contentUrl\":\"https:\/\/secure.gravatar.com\/avatar\/c2299bbd846dad9bdc700ac2bc1f7d7f7698bebee70f9ac01014ce232478ddab?s=96&d=mm&r=g\",\"caption\":\"Camille De M\u00e9doucine\"},\"description\":\"Je suis Camille, coordinatrice de la communaut\u00e9 M\u00e9doucine. Mon r\u00f4le ? Faire le lien entre les praticiens de notre r\u00e9seau et vous, lecteurs en qu\u00eate de bien-\u00eatre. J'accompagne au quotidien les th\u00e9rapeutes dans leur d\u00e9veloppement digital et les aide \u00e0 se faire conna\u00eetre localement. \u00c0 travers mes articles, je partage des conseils pratiques, des t\u00e9moignages inspirants et des \u00e9clairages sur les pratiques compl\u00e9mentaires. Mon objectif : rendre l'univers du bien-\u00eatre accessible, transparent et humain. J'aime explorer la diversit\u00e9 des approches et mettre en lumi\u00e8re ce qui rend chaque praticien unique. Passionn\u00e9e par la cr\u00e9ation de contenu et l'animation de communaut\u00e9, je m'engage chaque jour \u00e0 valoriser l'expertise de ceux qui prennent soin de vous.\",\"sameAs\":[\"https:\/\/www.linkedin.com\/in\/camille-de-m%C3%A9doucine-055173176\/\"],\"url\":\"https:\/\/www.medoucine.com\/blog\/author\/camille_medoucine\/\"}]}<\/script>\n<!-- \/ Yoast SEO plugin. -->","yoast_head_json":{"title":"Les m\u00e9decins g\u00e9n\u00e9ralistes de plus en plus favorables aux pratiques compl\u00e9mentaires - Observatoire des m\u00e9decines douces ~ Blog de Medoucine","robots":{"index":"index","follow":"follow","max-snippet":"max-snippet:-1","max-image-preview":"max-image-preview:large","max-video-preview":"max-video-preview:-1"},"canonical":"https:\/\/www.medoucine.com\/blog\/les-medecins-generalistes-de-plus-en-plus-favorables-aux-pratiques-complementaires-observatoire-des-medecines-douces\/","og_locale":"fr_FR","og_type":"article","og_title":"Les m\u00e9decins g\u00e9n\u00e9ralistes de plus en plus favorables aux pratiques compl\u00e9mentaires - Observatoire des m\u00e9decines douces ~ Blog de Medoucine","og_description":"[vc_row][vc_column][vc_column_text]M\u00e9doucine, r\u00e9seau de praticiens recommand\u00e9s en m\u00e9decines douces, a mandat\u00e9 le cabinet Quintessens afin de sonder 100 m\u00e9decins g\u00e9n\u00e9ralistes sur leur rapport aux m\u00e9decines douces. L\u2019objectif : mieux comprendre leurs pr\u00e9occupations et leurs attentes.[\/vc_column_text][vc_single_image image=\u00a0\u00bb26826&Prime; img_size=\u00a0\u00bb400&#215;400&Prime; alignment=\u00a0\u00bbcenter\u00a0\u00bb][vc_column_text] Les m\u00e9decins g\u00e9n\u00e9ralistes de plus en plus conscients des bienfaits des m\u00e9decines douces Plus que jamais engag\u00e9e dans la reconnaissance des pratiques compl\u00e9mentaires, le r\u00e9seau a mandat\u00e9 le cabinet Quintessens afin de conduire une \u00e9tude aupr\u00e8s des m\u00e9decins g\u00e9n\u00e9ralistes sur leur rapport aux pratiques compl\u00e9mentaires. 100 m\u00e9decins ont ainsi \u00e9t\u00e9 interrog\u00e9s du 15 au 25 mars 2023 par le biais d\u2019un questionnaire en ligne. Selon l\u2019\u00e9tude, les m\u00e9decins g\u00e9n\u00e9ralistes sont de plus en plus conscients des bienfaits des m\u00e9decines compl\u00e9mentaires : plus de 8 m\u00e9decins sur 10 estiment que les pratiques compl\u00e9mentaires sont des compl\u00e9ments \u00e0 la m\u00e9decine [&hellip;]","og_url":"https:\/\/www.medoucine.com\/blog\/les-medecins-generalistes-de-plus-en-plus-favorables-aux-pratiques-complementaires-observatoire-des-medecines-douces\/","og_site_name":"Blog de Medoucine","article_publisher":"https:\/\/www.facebook.com\/medoucine\/","article_published_time":"2023-04-20T06:26:20+00:00","article_modified_time":"2026-04-08T16:15:07+00:00","og_image":[{"width":780,"height":450,"url":"https:\/\/www.medoucine.com\/blog\/wp-content\/uploads\/2023\/04\/Observatoire-des-MD-N\u00b04_Cover-article-image-\u00e0-la-une.png","type":"image\/png"}],"author":"Camille De M\u00e9doucine","twitter_card":"summary_large_image","twitter_creator":"@medoucinefr","twitter_site":"@medoucinefr","twitter_misc":{"\u00c9crit par":"Camille De M\u00e9doucine","Dur\u00e9e de lecture estim\u00e9e":"5 minutes"},"schema":{"@context":"https:\/\/schema.org","@graph":[{"@type":"Article","@id":"https:\/\/www.medoucine.com\/blog\/les-medecins-generalistes-de-plus-en-plus-favorables-aux-pratiques-complementaires-observatoire-des-medecines-douces\/#article","isPartOf":{"@id":"https:\/\/www.medoucine.com\/blog\/les-medecins-generalistes-de-plus-en-plus-favorables-aux-pratiques-complementaires-observatoire-des-medecines-douces\/"},"author":{"name":"Camille De M\u00e9doucine","@id":"https:\/\/www.medoucine.com\/blog\/#\/schema\/person\/33963211205d80beccb805396c175b47"},"headline":"Les m\u00e9decins g\u00e9n\u00e9ralistes de plus en plus favorables aux pratiques compl\u00e9mentaires &#8211; Observatoire des m\u00e9decines douces","datePublished":"2023-04-20T06:26:20+00:00","dateModified":"2026-04-08T16:15:07+00:00","mainEntityOfPage":{"@id":"https:\/\/www.medoucine.com\/blog\/les-medecins-generalistes-de-plus-en-plus-favorables-aux-pratiques-complementaires-observatoire-des-medecines-douces\/"},"wordCount":1013,"commentCount":1,"publisher":{"@id":"https:\/\/www.medoucine.com\/blog\/#organization"},"image":{"@id":"https:\/\/www.medoucine.com\/blog\/les-medecins-generalistes-de-plus-en-plus-favorables-aux-pratiques-complementaires-observatoire-des-medecines-douces\/#primaryimage"},"thumbnailUrl":"https:\/\/www.medoucine.com\/blog\/wp-content\/uploads\/2023\/04\/Observatoire-des-MD-N\u00b04_Cover-article-image-\u00e0-la-une.png","articleSection":["Enqu\u00eates et \u00e9tudes"],"inLanguage":"fr-FR","potentialAction":[{"@type":"CommentAction","name":"Comment","target":["https:\/\/www.medoucine.com\/blog\/les-medecins-generalistes-de-plus-en-plus-favorables-aux-pratiques-complementaires-observatoire-des-medecines-douces\/#respond"]}]},{"@type":"WebPage","@id":"https:\/\/www.medoucine.com\/blog\/les-medecins-generalistes-de-plus-en-plus-favorables-aux-pratiques-complementaires-observatoire-des-medecines-douces\/","url":"https:\/\/www.medoucine.com\/blog\/les-medecins-generalistes-de-plus-en-plus-favorables-aux-pratiques-complementaires-observatoire-des-medecines-douces\/","name":"Les m\u00e9decins g\u00e9n\u00e9ralistes de plus en plus favorables aux pratiques compl\u00e9mentaires - Observatoire des m\u00e9decines douces ~ Blog de Medoucine","isPartOf":{"@id":"https:\/\/www.medoucine.com\/blog\/#website"},"primaryImageOfPage":{"@id":"https:\/\/www.medoucine.com\/blog\/les-medecins-generalistes-de-plus-en-plus-favorables-aux-pratiques-complementaires-observatoire-des-medecines-douces\/#primaryimage"},"image":{"@id":"https:\/\/www.medoucine.com\/blog\/les-medecins-generalistes-de-plus-en-plus-favorables-aux-pratiques-complementaires-observatoire-des-medecines-douces\/#primaryimage"},"thumbnailUrl":"https:\/\/www.medoucine.com\/blog\/wp-content\/uploads\/2023\/04\/Observatoire-des-MD-N\u00b04_Cover-article-image-\u00e0-la-une.png","datePublished":"2023-04-20T06:26:20+00:00","dateModified":"2026-04-08T16:15:07+00:00","breadcrumb":{"@id":"https:\/\/www.medoucine.com\/blog\/les-medecins-generalistes-de-plus-en-plus-favorables-aux-pratiques-complementaires-observatoire-des-medecines-douces\/#breadcrumb"},"inLanguage":"fr-FR","potentialAction":[{"@type":"ReadAction","target":["https:\/\/www.medoucine.com\/blog\/les-medecins-generalistes-de-plus-en-plus-favorables-aux-pratiques-complementaires-observatoire-des-medecines-douces\/"]}]},{"@type":"ImageObject","inLanguage":"fr-FR","@id":"https:\/\/www.medoucine.com\/blog\/les-medecins-generalistes-de-plus-en-plus-favorables-aux-pratiques-complementaires-observatoire-des-medecines-douces\/#primaryimage","url":"https:\/\/www.medoucine.com\/blog\/wp-content\/uploads\/2023\/04\/Observatoire-des-MD-N\u00b04_Cover-article-image-\u00e0-la-une.png","contentUrl":"https:\/\/www.medoucine.com\/blog\/wp-content\/uploads\/2023\/04\/Observatoire-des-MD-N\u00b04_Cover-article-image-\u00e0-la-une.png","width":780,"height":450},{"@type":"BreadcrumbList","@id":"https:\/\/www.medoucine.com\/blog\/les-medecins-generalistes-de-plus-en-plus-favorables-aux-pratiques-complementaires-observatoire-des-medecines-douces\/#breadcrumb","itemListElement":[{"@type":"ListItem","position":1,"name":"Blog Medoucine","item":"https:\/\/www.medoucine.com\/blog\/"},{"@type":"ListItem","position":2,"name":"Ressources","item":"https:\/\/www.medoucine.com\/blog\/cat\/nos-ressources\/"},{"@type":"ListItem","position":3,"name":"Enqu\u00eates et \u00e9tudes","item":"https:\/\/www.medoucine.com\/blog\/cat\/nos-ressources\/enquetes-et-etudes\/"},{"@type":"ListItem","position":4,"name":"Les m\u00e9decins g\u00e9n\u00e9ralistes de plus en plus favorables aux pratiques compl\u00e9mentaires &#8211; Observatoire des m\u00e9decines douces"}]},{"@type":"WebSite","@id":"https:\/\/www.medoucine.com\/blog\/#website","url":"https:\/\/www.medoucine.com\/blog\/","name":"Blog de Medoucine","description":"Le blog des m\u00e9decines douces","publisher":{"@id":"https:\/\/www.medoucine.com\/blog\/#organization"},"potentialAction":[{"@type":"SearchAction","target":{"@type":"EntryPoint","urlTemplate":"https:\/\/www.medoucine.com\/blog\/?s={search_term_string}"},"query-input":{"@type":"PropertyValueSpecification","valueRequired":true,"valueName":"search_term_string"}}],"inLanguage":"fr-FR"},{"@type":"Organization","@id":"https:\/\/www.medoucine.com\/blog\/#organization","name":"Medoucine","url":"https:\/\/www.medoucine.com\/blog\/","logo":{"@type":"ImageObject","inLanguage":"fr-FR","@id":"https:\/\/www.medoucine.com\/blog\/#\/schema\/logo\/image\/","url":"https:\/\/www.medoucine.com\/blog\/wp-content\/uploads\/2019\/07\/logo@3x.png","contentUrl":"https:\/\/www.medoucine.com\/blog\/wp-content\/uploads\/2019\/07\/logo@3x.png","width":555,"height":135,"caption":"Medoucine"},"image":{"@id":"https:\/\/www.medoucine.com\/blog\/#\/schema\/logo\/image\/"},"sameAs":["https:\/\/www.facebook.com\/medoucine\/","https:\/\/x.com\/medoucinefr","https:\/\/www.instagram.com\/medoucine\/","https:\/\/www.youtube.com\/channel\/UCtZeUeJ_KebYK0KJAXjJV8g"]},{"@type":"Person","@id":"https:\/\/www.medoucine.com\/blog\/#\/schema\/person\/33963211205d80beccb805396c175b47","name":"Camille De M\u00e9doucine","image":{"@type":"ImageObject","inLanguage":"fr-FR","@id":"https:\/\/www.medoucine.com\/blog\/#\/schema\/person\/image\/","url":"https:\/\/secure.gravatar.com\/avatar\/c2299bbd846dad9bdc700ac2bc1f7d7f7698bebee70f9ac01014ce232478ddab?s=96&d=mm&r=g","contentUrl":"https:\/\/secure.gravatar.com\/avatar\/c2299bbd846dad9bdc700ac2bc1f7d7f7698bebee70f9ac01014ce232478ddab?s=96&d=mm&r=g","caption":"Camille De M\u00e9doucine"},"description":"Je suis Camille, coordinatrice de la communaut\u00e9 M\u00e9doucine. Mon r\u00f4le ? Faire le lien entre les praticiens de notre r\u00e9seau et vous, lecteurs en qu\u00eate de bien-\u00eatre. J'accompagne au quotidien les th\u00e9rapeutes dans leur d\u00e9veloppement digital et les aide \u00e0 se faire conna\u00eetre localement. \u00c0 travers mes articles, je partage des conseils pratiques, des t\u00e9moignages inspirants et des \u00e9clairages sur les pratiques compl\u00e9mentaires. Mon objectif : rendre l'univers du bien-\u00eatre accessible, transparent et humain. J'aime explorer la diversit\u00e9 des approches et mettre en lumi\u00e8re ce qui rend chaque praticien unique. Passionn\u00e9e par la cr\u00e9ation de contenu et l'animation de communaut\u00e9, je m'engage chaque jour \u00e0 valoriser l'expertise de ceux qui prennent soin de vous.","sameAs":["https:\/\/www.linkedin.com\/in\/camille-de-m%C3%A9doucine-055173176\/"],"url":"https:\/\/www.medoucine.com\/blog\/author\/camille_medoucine\/"}]}},"_links":{"self":[{"href":"https:\/\/www.medoucine.com\/blog\/wp-json\/wp\/v2\/posts\/26824","targetHints":{"allow":["GET"]}}],"collection":[{"href":"https:\/\/www.medoucine.com\/blog\/wp-json\/wp\/v2\/posts"}],"about":[{"href":"https:\/\/www.medoucine.com\/blog\/wp-json\/wp\/v2\/types\/post"}],"author":[{"embeddable":true,"href":"https:\/\/www.medoucine.com\/blog\/wp-json\/wp\/v2\/users\/995"}],"replies":[{"embeddable":true,"href":"https:\/\/www.medoucine.com\/blog\/wp-json\/wp\/v2\/comments?post=26824"}],"version-history":[{"count":9,"href":"https:\/\/www.medoucine.com\/blog\/wp-json\/wp\/v2\/posts\/26824\/revisions"}],"predecessor-version":[{"id":42327,"href":"https:\/\/www.medoucine.com\/blog\/wp-json\/wp\/v2\/posts\/26824\/revisions\/42327"}],"wp:featuredmedia":[{"embeddable":true,"href":"https:\/\/www.medoucine.com\/blog\/wp-json\/wp\/v2\/media\/26825"}],"wp:attachment":[{"href":"https:\/\/www.medoucine.com\/blog\/wp-json\/wp\/v2\/media?parent=26824"}],"wp:term":[{"taxonomy":"category","embeddable":true,"href":"https:\/\/www.medoucine.com\/blog\/wp-json\/wp\/v2\/categories?post=26824"},{"taxonomy":"post_tag","embeddable":true,"href":"https:\/\/www.medoucine.com\/blog\/wp-json\/wp\/v2\/tags?post=26824"}],"curies":[{"name":"wp","href":"https:\/\/api.w.org\/{rel}","templated":true}]}}