{"id":25654,"date":"2023-01-31T11:00:07","date_gmt":"2023-01-31T10:00:07","guid":{"rendered":"https:\/\/www.medoucine.com\/blog\/?p=25654"},"modified":"2026-04-08T18:18:08","modified_gmt":"2026-04-08T16:18:08","slug":"medoucine-a-ecrit-au-ministre-de-la-sante-et-de-la-prevention","status":"publish","type":"post","link":"https:\/\/www.medoucine.com\/blog\/medoucine-a-ecrit-au-ministre-de-la-sante-et-de-la-prevention\/","title":{"rendered":"M\u00e9doucine \u00e9crit au ministre de la Sant\u00e9 pour d\u00e9fendre les pratiques compl\u00e9mentaires"},"content":{"rendered":"<div class=\"wpb-content-wrapper\">[vc_row][vc_column][vc_column_text]\n<h3>Il est temps que les m\u00e9decines douces trouvent leur juste place dans l\u2019accompagnement de la sant\u00e9 et du bien-\u00eatre des fran\u00e7ais.<\/h3>\n<p>Les pratiques compl\u00e9mentaires sont largement pl\u00e9bisicit\u00e9es par nos concitoyens :<\/p>\n<ul>\n<li><strong>63 % des fran\u00e7ais<\/strong> ont d\u00e9j\u00e0 fait appel aux m\u00e9decines douces ou envisagent de le faire. (1)<\/li>\n<li><strong>2 tiers des m\u00e9decins<\/strong> d\u00e9clarent recommander \u00e0 leurs patients d\u2019y avoir recours. (2)<\/li>\n<li><strong>Pr\u00e8s de 9 Fran\u00e7ais sur 10<\/strong> (87%) s\u2019accordent \u00e0 dire que les pratiques compl\u00e9mentaires permettentd\u2019am\u00e9liorer son bien-\u00eatre et sont de bons compl\u00e9ments aux m\u00e9decines conventionnelles (83%). (3)<\/li>\n<li><strong>De nombreuses initiatives conjuguant m\u00e9decine conventionnelle et pratiques compl\u00e9mentaires<\/strong> voient le jour dans des CHU fran\u00e7ais.<\/li>\n<\/ul>\n<h3>Malgr\u00e9 cette pr\u00e9sence et cet usage, les pratiques compl\u00e9mentaires souffrent d\u2019un vide juridique qui ne permet pas au secteur et \u00e0 ses acteurs d\u2019exercer dans de bonnes conditions.<\/h3>\n<p>L\u2019absence de r\u00e9glementation laisse champ libre aux d\u00e9rives, minoritaires fort heureusement, mais elles ternissent l\u2019ensemble d\u2019une profession et d\u2019un secteur qui s\u2019efforcent d\u2019apporter bien-\u00eatre et meilleure sant\u00e9 aux individus.<\/p>\n<p><strong>En cons\u00e9quence, les fran\u00e7ais peinent \u00e0 s\u2019y retrouver<\/strong>. En l\u2019absence de r\u00e9glementation il est difficile de faire le tri entre praticiens s\u00e9rieux et ceux qui ne pr\u00e9sentent pas les garanties n\u00e9cessaires<\/p>\n<p>M\u00e9doucine a souhait\u00e9 alerter le ministre de la sant\u00e9 de cette situation.<\/p>\n<p>Vous pouvez consulter <a href=\"https:\/\/drive.google.com\/file\/d\/1z1ZxkTuaI7704Xm-mQeyzO1wxtgpz9kN\/view?usp=sharing\">cette lettre et son annexe ici<\/a>.[\/vc_column_text][vc_single_image image=\u00a0\u00bb25655&Prime; img_size=\u00a0\u00bbfull\u00a0\u00bb alignment=\u00a0\u00bbcenter\u00a0\u00bb onclick=\u00a0\u00bbcustom_link\u00a0\u00bb img_link_target=\u00a0\u00bb_blank\u00a0\u00bb link=\u00a0\u00bbhttps:\/\/drive.google.com\/file\/d\/1z1ZxkTuaI7704Xm-mQeyzO1wxtgpz9kN\/view?usp=sharing\u00a0\u00bb][vc_column_text]Nous avons \u00e9t\u00e9 lus mais, notre ministre de la Sant\u00e9 et de la Pr\u00e9vention, Fran\u00e7ois Braun, n\u2019est pour le moment pas en mesure de nous recevoir. Le sujet n\u2019est pas prioritaire.<\/p>\n<p>Vous pouvez consulter <a href=\"https:\/\/drive.google.com\/file\/d\/1BVAjar0Mzp6_FHROhS7DJXJU9wOoQ35m\/view?usp=sharing\">la r\u00e9ponse de son cabinet ici.<\/a>[\/vc_column_text][vc_single_image image=\u00a0\u00bb25656&Prime; img_size=\u00a0\u00bbfull\u00a0\u00bb alignment=\u00a0\u00bbcenter\u00a0\u00bb onclick=\u00a0\u00bbcustom_link\u00a0\u00bb img_link_target=\u00a0\u00bb_blank\u00a0\u00bb link=\u00a0\u00bbhttps:\/\/drive.google.com\/file\/d\/1BVAjar0Mzp6_FHROhS7DJXJU9wOoQ35m\/view?usp=sharing\u00a0\u00bb][vc_column_text]\n<h3>Est-ce la fin de l\u2019engagement de M\u00e9doucine pour la reconnaissance des m\u00e9decines douces ?<\/h3>\n<p>Certainement pas !<\/p>\n<p><strong>Ce n\u2019est que le d\u00e9but de la discussion que nous souhaitons engager<\/strong> entre pouvoirs publics, m\u00e9decins, praticiens, usagers, \u00e9coles et syndicats autour de <strong>cet enjeu de soci\u00e9t\u00e9 majeur<\/strong>.<\/p>\n<p>Si vous pensez que les m\u00e9decines douces vous ont aid\u00e9 et qu\u2019elles m\u00e9ritent une meilleure reconnaissance laisser nous un mot en commentaire de cet article.<\/p>\n<p>Cela nous motive toujours de vous sentir align\u00e9.es avec nos valeurs et nos engagements.<\/p>\n<p><a href=\"https:\/\/www.medoucine.com\/blog\/\/observatoire-des-medecines-douces-medoucine-quintessens-n1-septembre-2022\/\">(1) &amp; (3) Observatoire des m\u00e9decines douces \u2013 M\u00e9doucine &amp; Quintessens \u2013 N\u00b01 \u2013 Septembre 2022<\/a><br \/>\n<a href=\"http:\/\/www.odoxa.fr\/wp-content\/uploads\/2019\/01\/Baro-sante-360-Les-medecines-alternatives.pdf\">(2) Barom\u00e8tre Sant\u00e9 360 &#8211; Les m\u00e9decines alternatives et compl\u00e9mentaires &#8211; Odoxa Janvier 2019<\/a>[\/vc_column_text][\/vc_column][\/vc_row]\n<div class=\"m-spin\">\n<p class=\"m-spin__text\"><strong>D\u00e9fendre vos soins, c&rsquo;est notre priorit\u00e9.<\/strong><\/p>\n<p class=\"m-spin__text\">L&rsquo;accompagnement bien-\u00eatre gagne en reconnaissance gr\u00e2ce \u00e0 l&rsquo;engagement de M\u00e9doucine. Prenez rendez-vous avec un <a class=\"m-spin__link\" target=\"_blank\" rel=\"noopener noreferrer\" href=\"https:\/\/www.medoucine.com\/consultations\/se-soigner\/praticien-en-accompagnement-bien-etre\/montpellier\/tous-publics\/a-domicile-ou-cabinet?utm_source=medoucine_blog_B2C&amp;utm_medium=article_blog&amp;utm_campaign=spin_seo\">Praticien en accompagnement bien-\u00eatre \u00e0 Montpellier<\/a>, un <a class=\"m-spin__link\" target=\"_blank\" rel=\"noopener noreferrer\" href=\"https:\/\/www.medoucine.com\/consultations\/se-soigner\/praticien-en-accompagnement-bien-etre\/rennes\/tous-publics\/a-domicile-ou-cabinet?utm_source=medoucine_blog_B2C&amp;utm_medium=article_blog&amp;utm_campaign=spin_seo\">Praticien en accompagnement bien-\u00eatre \u00e0 Rennes<\/a> ou un <a class=\"m-spin__link\" target=\"_blank\" rel=\"noopener noreferrer\" href=\"https:\/\/www.medoucine.com\/consultations\/se-soigner\/praticien-en-accompagnement-bien-etre\/toulouse\/tous-publics\/a-domicile-ou-cabinet?utm_source=medoucine_blog_B2C&amp;utm_medium=article_blog&amp;utm_campaign=spin_seo\">Praticien en accompagnement bien-\u00eatre \u00e0 Toulouse<\/a> pour une approche personnalis\u00e9e.<\/p>\n<p class=\"m-spin__text\">Vous aussi, b\u00e9n\u00e9ficiez d&rsquo;un suivi adapt\u00e9 : trouvez des <a class=\"m-spin__link\" target=\"_blank\" rel=\"noopener noreferrer\" href=\"https:\/\/www.medoucine.com\/consultations\/se-soigner\/praticien-en-accompagnement-bien-etre\/autour-de-moi?utm_source=medoucine_blog_B2C&amp;utm_medium=article_blog&amp;utm_campaign=spin_seo\">Praticiens en accompagnement bien-\u00eatre pr\u00e8s de chez vous<\/a> et prenez soin de votre sant\u00e9 globale.<\/p>\n<\/div>\n<\/div>","protected":false},"excerpt":{"rendered":"<p>[vc_row][vc_column][vc_column_text] Il est temps que les m\u00e9decines douces trouvent leur juste place dans l\u2019accompagnement de la sant\u00e9 et du bien-\u00eatre des fran\u00e7ais. Les pratiques compl\u00e9mentaires sont largement pl\u00e9bisicit\u00e9es par nos concitoyens : 63 % des fran\u00e7ais ont d\u00e9j\u00e0 fait appel aux m\u00e9decines douces ou envisagent de le faire. (1) 2 tiers des m\u00e9decins d\u00e9clarent recommander \u00e0 leurs patients d\u2019y avoir recours. (2) Pr\u00e8s de 9 Fran\u00e7ais sur 10 (87%) s\u2019accordent \u00e0 dire que les pratiques compl\u00e9mentaires permettentd\u2019am\u00e9liorer son bien-\u00eatre et sont de bons compl\u00e9ments aux m\u00e9decines conventionnelles (83%). (3) De nombreuses initiatives conjuguant m\u00e9decine conventionnelle et pratiques compl\u00e9mentaires voient le jour dans des CHU fran\u00e7ais. Malgr\u00e9 cette pr\u00e9sence et cet usage, les pratiques compl\u00e9mentaires souffrent d\u2019un vide juridique qui ne permet pas au secteur et \u00e0 ses acteurs d\u2019exercer dans de bonnes conditions. L\u2019absence de [&hellip;]<\/p>\n","protected":false},"author":995,"featured_media":25663,"comment_status":"open","ping_status":"open","sticky":false,"template":"","format":"standard","meta":{"_acf_changed":false,"footnotes":""},"categories":[586],"tags":[],"class_list":["post-25654","post","type-post","status-publish","format-standard","has-post-thumbnail","hentry","category-enquetes-et-etudes"],"acf":[],"yoast_head":"<!-- This site is optimized with the Yoast SEO plugin v27.1.1 - https:\/\/yoast.com\/product\/yoast-seo-wordpress\/ -->\n<title>M\u00e9doucine \u00e9crit au ministre de la Sant\u00e9 pour d\u00e9fendre les pratiques compl\u00e9mentaires ~ Blog de Medoucine<\/title>\n<meta name=\"robots\" content=\"index, follow, max-snippet:-1, max-image-preview:large, max-video-preview:-1\" \/>\n<link rel=\"canonical\" href=\"https:\/\/www.medoucine.com\/blog\/medoucine-a-ecrit-au-ministre-de-la-sante-et-de-la-prevention\/\" \/>\n<meta property=\"og:locale\" content=\"fr_FR\" \/>\n<meta property=\"og:type\" content=\"article\" \/>\n<meta property=\"og:title\" content=\"M\u00e9doucine \u00e9crit au ministre de la Sant\u00e9 pour d\u00e9fendre les pratiques compl\u00e9mentaires ~ Blog de Medoucine\" \/>\n<meta property=\"og:description\" content=\"[vc_row][vc_column][vc_column_text] Il est temps que les m\u00e9decines douces trouvent leur juste place dans l\u2019accompagnement de la sant\u00e9 et du bien-\u00eatre des fran\u00e7ais. Les pratiques compl\u00e9mentaires sont largement pl\u00e9bisicit\u00e9es par nos concitoyens : 63 % des fran\u00e7ais ont d\u00e9j\u00e0 fait appel aux m\u00e9decines douces ou envisagent de le faire. (1) 2 tiers des m\u00e9decins d\u00e9clarent recommander \u00e0 leurs patients d\u2019y avoir recours. (2) Pr\u00e8s de 9 Fran\u00e7ais sur 10 (87%) s\u2019accordent \u00e0 dire que les pratiques compl\u00e9mentaires permettentd\u2019am\u00e9liorer son bien-\u00eatre et sont de bons compl\u00e9ments aux m\u00e9decines conventionnelles (83%). (3) De nombreuses initiatives conjuguant m\u00e9decine conventionnelle et pratiques compl\u00e9mentaires voient le jour dans des CHU fran\u00e7ais. Malgr\u00e9 cette pr\u00e9sence et cet usage, les pratiques compl\u00e9mentaires souffrent d\u2019un vide juridique qui ne permet pas au secteur et \u00e0 ses acteurs d\u2019exercer dans de bonnes conditions. L\u2019absence de [&hellip;]\" \/>\n<meta property=\"og:url\" content=\"https:\/\/www.medoucine.com\/blog\/medoucine-a-ecrit-au-ministre-de-la-sante-et-de-la-prevention\/\" \/>\n<meta property=\"og:site_name\" content=\"Blog de Medoucine\" \/>\n<meta property=\"article:publisher\" content=\"https:\/\/www.facebook.com\/medoucine\/\" \/>\n<meta property=\"article:published_time\" content=\"2023-01-31T10:00:07+00:00\" \/>\n<meta property=\"article:modified_time\" content=\"2026-04-08T16:18:08+00:00\" \/>\n<meta property=\"og:image\" content=\"https:\/\/www.medoucine.com\/blog\/wp-content\/uploads\/2023\/01\/Observatoire-des-MD-N\u00b04_Cover-article-image-\u00e0-la-une.png\" \/>\n\t<meta property=\"og:image:width\" content=\"780\" \/>\n\t<meta property=\"og:image:height\" content=\"450\" \/>\n\t<meta property=\"og:image:type\" content=\"image\/png\" \/>\n<meta name=\"author\" content=\"Camille De M\u00e9doucine\" \/>\n<meta name=\"twitter:card\" content=\"summary_large_image\" \/>\n<meta name=\"twitter:creator\" content=\"@medoucinefr\" \/>\n<meta name=\"twitter:site\" content=\"@medoucinefr\" \/>\n<meta name=\"twitter:label1\" content=\"\u00c9crit par\" \/>\n\t<meta name=\"twitter:data1\" content=\"Camille De M\u00e9doucine\" \/>\n\t<meta name=\"twitter:label2\" content=\"Dur\u00e9e de lecture estim\u00e9e\" \/>\n\t<meta name=\"twitter:data2\" content=\"3 minutes\" \/>\n<script type=\"application\/ld+json\" class=\"yoast-schema-graph\">{\"@context\":\"https:\/\/schema.org\",\"@graph\":[{\"@type\":\"Article\",\"@id\":\"https:\/\/www.medoucine.com\/blog\/medoucine-a-ecrit-au-ministre-de-la-sante-et-de-la-prevention\/#article\",\"isPartOf\":{\"@id\":\"https:\/\/www.medoucine.com\/blog\/medoucine-a-ecrit-au-ministre-de-la-sante-et-de-la-prevention\/\"},\"author\":{\"name\":\"Camille De M\u00e9doucine\",\"@id\":\"https:\/\/www.medoucine.com\/blog\/#\/schema\/person\/33963211205d80beccb805396c175b47\"},\"headline\":\"M\u00e9doucine \u00e9crit au ministre de la Sant\u00e9 pour d\u00e9fendre les pratiques compl\u00e9mentaires\",\"datePublished\":\"2023-01-31T10:00:07+00:00\",\"dateModified\":\"2026-04-08T16:18:08+00:00\",\"mainEntityOfPage\":{\"@id\":\"https:\/\/www.medoucine.com\/blog\/medoucine-a-ecrit-au-ministre-de-la-sante-et-de-la-prevention\/\"},\"wordCount\":593,\"commentCount\":7,\"publisher\":{\"@id\":\"https:\/\/www.medoucine.com\/blog\/#organization\"},\"image\":{\"@id\":\"https:\/\/www.medoucine.com\/blog\/medoucine-a-ecrit-au-ministre-de-la-sante-et-de-la-prevention\/#primaryimage\"},\"thumbnailUrl\":\"https:\/\/www.medoucine.com\/blog\/wp-content\/uploads\/2023\/01\/Observatoire-des-MD-N\u00b04_Cover-article-image-\u00e0-la-une.png\",\"articleSection\":[\"Enqu\u00eates et \u00e9tudes\"],\"inLanguage\":\"fr-FR\",\"potentialAction\":[{\"@type\":\"CommentAction\",\"name\":\"Comment\",\"target\":[\"https:\/\/www.medoucine.com\/blog\/medoucine-a-ecrit-au-ministre-de-la-sante-et-de-la-prevention\/#respond\"]}]},{\"@type\":\"WebPage\",\"@id\":\"https:\/\/www.medoucine.com\/blog\/medoucine-a-ecrit-au-ministre-de-la-sante-et-de-la-prevention\/\",\"url\":\"https:\/\/www.medoucine.com\/blog\/medoucine-a-ecrit-au-ministre-de-la-sante-et-de-la-prevention\/\",\"name\":\"M\u00e9doucine \u00e9crit au ministre de la Sant\u00e9 pour d\u00e9fendre les pratiques compl\u00e9mentaires ~ Blog de Medoucine\",\"isPartOf\":{\"@id\":\"https:\/\/www.medoucine.com\/blog\/#website\"},\"primaryImageOfPage\":{\"@id\":\"https:\/\/www.medoucine.com\/blog\/medoucine-a-ecrit-au-ministre-de-la-sante-et-de-la-prevention\/#primaryimage\"},\"image\":{\"@id\":\"https:\/\/www.medoucine.com\/blog\/medoucine-a-ecrit-au-ministre-de-la-sante-et-de-la-prevention\/#primaryimage\"},\"thumbnailUrl\":\"https:\/\/www.medoucine.com\/blog\/wp-content\/uploads\/2023\/01\/Observatoire-des-MD-N\u00b04_Cover-article-image-\u00e0-la-une.png\",\"datePublished\":\"2023-01-31T10:00:07+00:00\",\"dateModified\":\"2026-04-08T16:18:08+00:00\",\"breadcrumb\":{\"@id\":\"https:\/\/www.medoucine.com\/blog\/medoucine-a-ecrit-au-ministre-de-la-sante-et-de-la-prevention\/#breadcrumb\"},\"inLanguage\":\"fr-FR\",\"potentialAction\":[{\"@type\":\"ReadAction\",\"target\":[\"https:\/\/www.medoucine.com\/blog\/medoucine-a-ecrit-au-ministre-de-la-sante-et-de-la-prevention\/\"]}]},{\"@type\":\"ImageObject\",\"inLanguage\":\"fr-FR\",\"@id\":\"https:\/\/www.medoucine.com\/blog\/medoucine-a-ecrit-au-ministre-de-la-sante-et-de-la-prevention\/#primaryimage\",\"url\":\"https:\/\/www.medoucine.com\/blog\/wp-content\/uploads\/2023\/01\/Observatoire-des-MD-N\u00b04_Cover-article-image-\u00e0-la-une.png\",\"contentUrl\":\"https:\/\/www.medoucine.com\/blog\/wp-content\/uploads\/2023\/01\/Observatoire-des-MD-N\u00b04_Cover-article-image-\u00e0-la-une.png\",\"width\":780,\"height\":450},{\"@type\":\"BreadcrumbList\",\"@id\":\"https:\/\/www.medoucine.com\/blog\/medoucine-a-ecrit-au-ministre-de-la-sante-et-de-la-prevention\/#breadcrumb\",\"itemListElement\":[{\"@type\":\"ListItem\",\"position\":1,\"name\":\"Blog Medoucine\",\"item\":\"https:\/\/www.medoucine.com\/blog\/\"},{\"@type\":\"ListItem\",\"position\":2,\"name\":\"Ressources\",\"item\":\"https:\/\/www.medoucine.com\/blog\/cat\/nos-ressources\/\"},{\"@type\":\"ListItem\",\"position\":3,\"name\":\"Enqu\u00eates et \u00e9tudes\",\"item\":\"https:\/\/www.medoucine.com\/blog\/cat\/nos-ressources\/enquetes-et-etudes\/\"},{\"@type\":\"ListItem\",\"position\":4,\"name\":\"M\u00e9doucine \u00e9crit au ministre de la Sant\u00e9 pour d\u00e9fendre les pratiques compl\u00e9mentaires\"}]},{\"@type\":\"WebSite\",\"@id\":\"https:\/\/www.medoucine.com\/blog\/#website\",\"url\":\"https:\/\/www.medoucine.com\/blog\/\",\"name\":\"Blog de Medoucine\",\"description\":\"Le blog des m\u00e9decines douces\",\"publisher\":{\"@id\":\"https:\/\/www.medoucine.com\/blog\/#organization\"},\"potentialAction\":[{\"@type\":\"SearchAction\",\"target\":{\"@type\":\"EntryPoint\",\"urlTemplate\":\"https:\/\/www.medoucine.com\/blog\/?s={search_term_string}\"},\"query-input\":{\"@type\":\"PropertyValueSpecification\",\"valueRequired\":true,\"valueName\":\"search_term_string\"}}],\"inLanguage\":\"fr-FR\"},{\"@type\":\"Organization\",\"@id\":\"https:\/\/www.medoucine.com\/blog\/#organization\",\"name\":\"Medoucine\",\"url\":\"https:\/\/www.medoucine.com\/blog\/\",\"logo\":{\"@type\":\"ImageObject\",\"inLanguage\":\"fr-FR\",\"@id\":\"https:\/\/www.medoucine.com\/blog\/#\/schema\/logo\/image\/\",\"url\":\"https:\/\/www.medoucine.com\/blog\/wp-content\/uploads\/2019\/07\/logo@3x.png\",\"contentUrl\":\"https:\/\/www.medoucine.com\/blog\/wp-content\/uploads\/2019\/07\/logo@3x.png\",\"width\":555,\"height\":135,\"caption\":\"Medoucine\"},\"image\":{\"@id\":\"https:\/\/www.medoucine.com\/blog\/#\/schema\/logo\/image\/\"},\"sameAs\":[\"https:\/\/www.facebook.com\/medoucine\/\",\"https:\/\/x.com\/medoucinefr\",\"https:\/\/www.instagram.com\/medoucine\/\",\"https:\/\/www.youtube.com\/channel\/UCtZeUeJ_KebYK0KJAXjJV8g\"]},{\"@type\":\"Person\",\"@id\":\"https:\/\/www.medoucine.com\/blog\/#\/schema\/person\/33963211205d80beccb805396c175b47\",\"name\":\"Camille De M\u00e9doucine\",\"image\":{\"@type\":\"ImageObject\",\"inLanguage\":\"fr-FR\",\"@id\":\"https:\/\/www.medoucine.com\/blog\/#\/schema\/person\/image\/\",\"url\":\"https:\/\/secure.gravatar.com\/avatar\/c2299bbd846dad9bdc700ac2bc1f7d7f7698bebee70f9ac01014ce232478ddab?s=96&d=mm&r=g\",\"contentUrl\":\"https:\/\/secure.gravatar.com\/avatar\/c2299bbd846dad9bdc700ac2bc1f7d7f7698bebee70f9ac01014ce232478ddab?s=96&d=mm&r=g\",\"caption\":\"Camille De M\u00e9doucine\"},\"description\":\"Je suis Camille, coordinatrice de la communaut\u00e9 M\u00e9doucine. Mon r\u00f4le ? Faire le lien entre les praticiens de notre r\u00e9seau et vous, lecteurs en qu\u00eate de bien-\u00eatre. J'accompagne au quotidien les th\u00e9rapeutes dans leur d\u00e9veloppement digital et les aide \u00e0 se faire conna\u00eetre localement. \u00c0 travers mes articles, je partage des conseils pratiques, des t\u00e9moignages inspirants et des \u00e9clairages sur les pratiques compl\u00e9mentaires. Mon objectif : rendre l'univers du bien-\u00eatre accessible, transparent et humain. J'aime explorer la diversit\u00e9 des approches et mettre en lumi\u00e8re ce qui rend chaque praticien unique. Passionn\u00e9e par la cr\u00e9ation de contenu et l'animation de communaut\u00e9, je m'engage chaque jour \u00e0 valoriser l'expertise de ceux qui prennent soin de vous.\",\"sameAs\":[\"https:\/\/www.linkedin.com\/in\/camille-de-m%C3%A9doucine-055173176\/\"],\"url\":\"https:\/\/www.medoucine.com\/blog\/author\/camille_medoucine\/\"}]}<\/script>\n<!-- \/ Yoast SEO plugin. -->","yoast_head_json":{"title":"M\u00e9doucine \u00e9crit au ministre de la Sant\u00e9 pour d\u00e9fendre les pratiques compl\u00e9mentaires ~ Blog de Medoucine","robots":{"index":"index","follow":"follow","max-snippet":"max-snippet:-1","max-image-preview":"max-image-preview:large","max-video-preview":"max-video-preview:-1"},"canonical":"https:\/\/www.medoucine.com\/blog\/medoucine-a-ecrit-au-ministre-de-la-sante-et-de-la-prevention\/","og_locale":"fr_FR","og_type":"article","og_title":"M\u00e9doucine \u00e9crit au ministre de la Sant\u00e9 pour d\u00e9fendre les pratiques compl\u00e9mentaires ~ Blog de Medoucine","og_description":"[vc_row][vc_column][vc_column_text] Il est temps que les m\u00e9decines douces trouvent leur juste place dans l\u2019accompagnement de la sant\u00e9 et du bien-\u00eatre des fran\u00e7ais. Les pratiques compl\u00e9mentaires sont largement pl\u00e9bisicit\u00e9es par nos concitoyens : 63 % des fran\u00e7ais ont d\u00e9j\u00e0 fait appel aux m\u00e9decines douces ou envisagent de le faire. (1) 2 tiers des m\u00e9decins d\u00e9clarent recommander \u00e0 leurs patients d\u2019y avoir recours. (2) Pr\u00e8s de 9 Fran\u00e7ais sur 10 (87%) s\u2019accordent \u00e0 dire que les pratiques compl\u00e9mentaires permettentd\u2019am\u00e9liorer son bien-\u00eatre et sont de bons compl\u00e9ments aux m\u00e9decines conventionnelles (83%). (3) De nombreuses initiatives conjuguant m\u00e9decine conventionnelle et pratiques compl\u00e9mentaires voient le jour dans des CHU fran\u00e7ais. Malgr\u00e9 cette pr\u00e9sence et cet usage, les pratiques compl\u00e9mentaires souffrent d\u2019un vide juridique qui ne permet pas au secteur et \u00e0 ses acteurs d\u2019exercer dans de bonnes conditions. L\u2019absence de [&hellip;]","og_url":"https:\/\/www.medoucine.com\/blog\/medoucine-a-ecrit-au-ministre-de-la-sante-et-de-la-prevention\/","og_site_name":"Blog de Medoucine","article_publisher":"https:\/\/www.facebook.com\/medoucine\/","article_published_time":"2023-01-31T10:00:07+00:00","article_modified_time":"2026-04-08T16:18:08+00:00","og_image":[{"width":780,"height":450,"url":"https:\/\/www.medoucine.com\/blog\/wp-content\/uploads\/2023\/01\/Observatoire-des-MD-N\u00b04_Cover-article-image-\u00e0-la-une.png","type":"image\/png"}],"author":"Camille De M\u00e9doucine","twitter_card":"summary_large_image","twitter_creator":"@medoucinefr","twitter_site":"@medoucinefr","twitter_misc":{"\u00c9crit par":"Camille De M\u00e9doucine","Dur\u00e9e de lecture estim\u00e9e":"3 minutes"},"schema":{"@context":"https:\/\/schema.org","@graph":[{"@type":"Article","@id":"https:\/\/www.medoucine.com\/blog\/medoucine-a-ecrit-au-ministre-de-la-sante-et-de-la-prevention\/#article","isPartOf":{"@id":"https:\/\/www.medoucine.com\/blog\/medoucine-a-ecrit-au-ministre-de-la-sante-et-de-la-prevention\/"},"author":{"name":"Camille De M\u00e9doucine","@id":"https:\/\/www.medoucine.com\/blog\/#\/schema\/person\/33963211205d80beccb805396c175b47"},"headline":"M\u00e9doucine \u00e9crit au ministre de la Sant\u00e9 pour d\u00e9fendre les pratiques compl\u00e9mentaires","datePublished":"2023-01-31T10:00:07+00:00","dateModified":"2026-04-08T16:18:08+00:00","mainEntityOfPage":{"@id":"https:\/\/www.medoucine.com\/blog\/medoucine-a-ecrit-au-ministre-de-la-sante-et-de-la-prevention\/"},"wordCount":593,"commentCount":7,"publisher":{"@id":"https:\/\/www.medoucine.com\/blog\/#organization"},"image":{"@id":"https:\/\/www.medoucine.com\/blog\/medoucine-a-ecrit-au-ministre-de-la-sante-et-de-la-prevention\/#primaryimage"},"thumbnailUrl":"https:\/\/www.medoucine.com\/blog\/wp-content\/uploads\/2023\/01\/Observatoire-des-MD-N\u00b04_Cover-article-image-\u00e0-la-une.png","articleSection":["Enqu\u00eates et \u00e9tudes"],"inLanguage":"fr-FR","potentialAction":[{"@type":"CommentAction","name":"Comment","target":["https:\/\/www.medoucine.com\/blog\/medoucine-a-ecrit-au-ministre-de-la-sante-et-de-la-prevention\/#respond"]}]},{"@type":"WebPage","@id":"https:\/\/www.medoucine.com\/blog\/medoucine-a-ecrit-au-ministre-de-la-sante-et-de-la-prevention\/","url":"https:\/\/www.medoucine.com\/blog\/medoucine-a-ecrit-au-ministre-de-la-sante-et-de-la-prevention\/","name":"M\u00e9doucine \u00e9crit au ministre de la Sant\u00e9 pour d\u00e9fendre les pratiques compl\u00e9mentaires ~ Blog de Medoucine","isPartOf":{"@id":"https:\/\/www.medoucine.com\/blog\/#website"},"primaryImageOfPage":{"@id":"https:\/\/www.medoucine.com\/blog\/medoucine-a-ecrit-au-ministre-de-la-sante-et-de-la-prevention\/#primaryimage"},"image":{"@id":"https:\/\/www.medoucine.com\/blog\/medoucine-a-ecrit-au-ministre-de-la-sante-et-de-la-prevention\/#primaryimage"},"thumbnailUrl":"https:\/\/www.medoucine.com\/blog\/wp-content\/uploads\/2023\/01\/Observatoire-des-MD-N\u00b04_Cover-article-image-\u00e0-la-une.png","datePublished":"2023-01-31T10:00:07+00:00","dateModified":"2026-04-08T16:18:08+00:00","breadcrumb":{"@id":"https:\/\/www.medoucine.com\/blog\/medoucine-a-ecrit-au-ministre-de-la-sante-et-de-la-prevention\/#breadcrumb"},"inLanguage":"fr-FR","potentialAction":[{"@type":"ReadAction","target":["https:\/\/www.medoucine.com\/blog\/medoucine-a-ecrit-au-ministre-de-la-sante-et-de-la-prevention\/"]}]},{"@type":"ImageObject","inLanguage":"fr-FR","@id":"https:\/\/www.medoucine.com\/blog\/medoucine-a-ecrit-au-ministre-de-la-sante-et-de-la-prevention\/#primaryimage","url":"https:\/\/www.medoucine.com\/blog\/wp-content\/uploads\/2023\/01\/Observatoire-des-MD-N\u00b04_Cover-article-image-\u00e0-la-une.png","contentUrl":"https:\/\/www.medoucine.com\/blog\/wp-content\/uploads\/2023\/01\/Observatoire-des-MD-N\u00b04_Cover-article-image-\u00e0-la-une.png","width":780,"height":450},{"@type":"BreadcrumbList","@id":"https:\/\/www.medoucine.com\/blog\/medoucine-a-ecrit-au-ministre-de-la-sante-et-de-la-prevention\/#breadcrumb","itemListElement":[{"@type":"ListItem","position":1,"name":"Blog Medoucine","item":"https:\/\/www.medoucine.com\/blog\/"},{"@type":"ListItem","position":2,"name":"Ressources","item":"https:\/\/www.medoucine.com\/blog\/cat\/nos-ressources\/"},{"@type":"ListItem","position":3,"name":"Enqu\u00eates et \u00e9tudes","item":"https:\/\/www.medoucine.com\/blog\/cat\/nos-ressources\/enquetes-et-etudes\/"},{"@type":"ListItem","position":4,"name":"M\u00e9doucine \u00e9crit au ministre de la Sant\u00e9 pour d\u00e9fendre les pratiques compl\u00e9mentaires"}]},{"@type":"WebSite","@id":"https:\/\/www.medoucine.com\/blog\/#website","url":"https:\/\/www.medoucine.com\/blog\/","name":"Blog de Medoucine","description":"Le blog des m\u00e9decines douces","publisher":{"@id":"https:\/\/www.medoucine.com\/blog\/#organization"},"potentialAction":[{"@type":"SearchAction","target":{"@type":"EntryPoint","urlTemplate":"https:\/\/www.medoucine.com\/blog\/?s={search_term_string}"},"query-input":{"@type":"PropertyValueSpecification","valueRequired":true,"valueName":"search_term_string"}}],"inLanguage":"fr-FR"},{"@type":"Organization","@id":"https:\/\/www.medoucine.com\/blog\/#organization","name":"Medoucine","url":"https:\/\/www.medoucine.com\/blog\/","logo":{"@type":"ImageObject","inLanguage":"fr-FR","@id":"https:\/\/www.medoucine.com\/blog\/#\/schema\/logo\/image\/","url":"https:\/\/www.medoucine.com\/blog\/wp-content\/uploads\/2019\/07\/logo@3x.png","contentUrl":"https:\/\/www.medoucine.com\/blog\/wp-content\/uploads\/2019\/07\/logo@3x.png","width":555,"height":135,"caption":"Medoucine"},"image":{"@id":"https:\/\/www.medoucine.com\/blog\/#\/schema\/logo\/image\/"},"sameAs":["https:\/\/www.facebook.com\/medoucine\/","https:\/\/x.com\/medoucinefr","https:\/\/www.instagram.com\/medoucine\/","https:\/\/www.youtube.com\/channel\/UCtZeUeJ_KebYK0KJAXjJV8g"]},{"@type":"Person","@id":"https:\/\/www.medoucine.com\/blog\/#\/schema\/person\/33963211205d80beccb805396c175b47","name":"Camille De M\u00e9doucine","image":{"@type":"ImageObject","inLanguage":"fr-FR","@id":"https:\/\/www.medoucine.com\/blog\/#\/schema\/person\/image\/","url":"https:\/\/secure.gravatar.com\/avatar\/c2299bbd846dad9bdc700ac2bc1f7d7f7698bebee70f9ac01014ce232478ddab?s=96&d=mm&r=g","contentUrl":"https:\/\/secure.gravatar.com\/avatar\/c2299bbd846dad9bdc700ac2bc1f7d7f7698bebee70f9ac01014ce232478ddab?s=96&d=mm&r=g","caption":"Camille De M\u00e9doucine"},"description":"Je suis Camille, coordinatrice de la communaut\u00e9 M\u00e9doucine. Mon r\u00f4le ? Faire le lien entre les praticiens de notre r\u00e9seau et vous, lecteurs en qu\u00eate de bien-\u00eatre. J'accompagne au quotidien les th\u00e9rapeutes dans leur d\u00e9veloppement digital et les aide \u00e0 se faire conna\u00eetre localement. \u00c0 travers mes articles, je partage des conseils pratiques, des t\u00e9moignages inspirants et des \u00e9clairages sur les pratiques compl\u00e9mentaires. Mon objectif : rendre l'univers du bien-\u00eatre accessible, transparent et humain. J'aime explorer la diversit\u00e9 des approches et mettre en lumi\u00e8re ce qui rend chaque praticien unique. Passionn\u00e9e par la cr\u00e9ation de contenu et l'animation de communaut\u00e9, je m'engage chaque jour \u00e0 valoriser l'expertise de ceux qui prennent soin de vous.","sameAs":["https:\/\/www.linkedin.com\/in\/camille-de-m%C3%A9doucine-055173176\/"],"url":"https:\/\/www.medoucine.com\/blog\/author\/camille_medoucine\/"}]}},"_links":{"self":[{"href":"https:\/\/www.medoucine.com\/blog\/wp-json\/wp\/v2\/posts\/25654","targetHints":{"allow":["GET"]}}],"collection":[{"href":"https:\/\/www.medoucine.com\/blog\/wp-json\/wp\/v2\/posts"}],"about":[{"href":"https:\/\/www.medoucine.com\/blog\/wp-json\/wp\/v2\/types\/post"}],"author":[{"embeddable":true,"href":"https:\/\/www.medoucine.com\/blog\/wp-json\/wp\/v2\/users\/995"}],"replies":[{"embeddable":true,"href":"https:\/\/www.medoucine.com\/blog\/wp-json\/wp\/v2\/comments?post=25654"}],"version-history":[{"count":16,"href":"https:\/\/www.medoucine.com\/blog\/wp-json\/wp\/v2\/posts\/25654\/revisions"}],"predecessor-version":[{"id":42387,"href":"https:\/\/www.medoucine.com\/blog\/wp-json\/wp\/v2\/posts\/25654\/revisions\/42387"}],"wp:featuredmedia":[{"embeddable":true,"href":"https:\/\/www.medoucine.com\/blog\/wp-json\/wp\/v2\/media\/25663"}],"wp:attachment":[{"href":"https:\/\/www.medoucine.com\/blog\/wp-json\/wp\/v2\/media?parent=25654"}],"wp:term":[{"taxonomy":"category","embeddable":true,"href":"https:\/\/www.medoucine.com\/blog\/wp-json\/wp\/v2\/categories?post=25654"},{"taxonomy":"post_tag","embeddable":true,"href":"https:\/\/www.medoucine.com\/blog\/wp-json\/wp\/v2\/tags?post=25654"}],"curies":[{"name":"wp","href":"https:\/\/api.w.org\/{rel}","templated":true}]}}