{"id":24343,"date":"2022-11-08T10:00:16","date_gmt":"2022-11-08T09:00:16","guid":{"rendered":"https:\/\/www.medoucine.com\/blog\/?p=24343"},"modified":"2026-04-08T18:20:58","modified_gmt":"2026-04-08T16:20:58","slug":"crise-ecologique-accompagner-leco-anxiete-grace-a-la-sophrologie","status":"publish","type":"post","link":"https:\/\/www.medoucine.com\/blog\/crise-ecologique-accompagner-leco-anxiete-grace-a-la-sophrologie\/","title":{"rendered":"Crise \u00e9cologique : accompagner l&rsquo;\u00e9co-anxi\u00e9t\u00e9 gr\u00e2ce \u00e0 la sophrologie"},"content":{"rendered":"<p class=\"has-drop-cap\">L&rsquo;\u00e9co-anxi\u00e9t\u00e9, c\u2019est ce sentiment de pr\u00e9occupations et d\u2019inqui\u00e9tude, voire d\u2019angoisse ressenti face aux bouleversements et aux menaces qui p\u00e8sent sur notre plan\u00e8te. Catastrophes environnementales, disparition d\u2019esp\u00e8ces v\u00e9g\u00e9tales et animales, ph\u00e9nom\u00e8nes m\u00e9t\u00e9orologiques extr\u00eames, pollution, <span style=\"font-weight: 400\">r\u00e9chauffement climatique, <\/span><span style=\"font-weight: 400\">etc. sont la source d\u2019un mal-\u00eatre qui touche de plus en plus de monde.\u00a0<\/span><\/p>\n<p><span style=\"font-weight: 400\">Ce sentiment qui m\u00eale tristesse, col\u00e8re, culpabilit\u00e9 engendre <strong>une difficult\u00e9 \u00e0 se projeter dans un avenir jug\u00e9 trop incertain voir inatteignable et une sensation d\u2019impuissance.\u00a0<\/strong><\/span><\/p>\n<h2><b>L\u2019\u00e9co-anxi\u00e9t\u00e9, un trouble qui touche toutes les g\u00e9n\u00e9rations<\/b><\/h2>\n<p><span style=\"font-weight: 400\">Le paradoxe de ce nouveau trouble, c\u2019est son \u00e9mergence r\u00e9cente, mais la rapidit\u00e9 \u00e0 laquelle il se propage. Il y a peu, personne n\u2019aurait mis\u00e9 sur une<strong> souffrance psychologique caus\u00e9e par la crise climatique.\u00a0<\/strong><\/span><\/p>\n<p><span style=\"font-weight: 400\">Et pourtant, aujourd\u2019hui, nous sommes de plus en plus nombreux \u00e0 le ressentir jusqu\u2019aux plus jeunes g\u00e9n\u00e9rations. D\u2019apr\u00e8s une r\u00e9cente \u00e9tude parue dans <\/span><a href=\"https:\/\/www.lemonde.fr\/climat\/article\/2021\/09\/14\/climat-les-trois-quarts-des-jeunes-jugent-le-futur-effrayant_6094571_1652612.html\"><span style=\"font-weight: 400\">The Lancet Planetary Health<\/span><\/a><span style=\"font-weight: 400\"> , 75 % des jeunes entre 16 et 25 ans jugent le futur \u00ab effrayant \u00bb. <\/span><span style=\"font-weight: 400\">\u00c0 l\u2019heure o\u00f9 le climato-scepticisme n\u2019est clairement plus une question, celle de la gestion de l\u2019\u00e9co-anxi\u00e9t\u00e9 le devient donc.\u00a0<\/span><\/p>\n<p><span style=\"font-weight: 400\">Ainsi, des psychiatres am\u00e9ricains ont ainsi cr\u00e9\u00e9 la <\/span><span style=\"font-weight: 400\">Climate Psychiatry Alliance<\/span><span style=\"font-weight: 400\">, qui a pour mission de \u00ab sensibiliser la profession et le public aux risques urgents de la crise climatique et aux impacts profonds sur la sant\u00e9 mentale et le bien-\u00eatre \u00bb<\/span><\/p>\n<p><span style=\"font-weight: 400\">Comment (re)trouver l\u2019apaisement alors que la terre gronde et que l\u2019avenir semble si sombre ? Comment se pr\u00e9server \u00e9motionnellement lorsque radios, t\u00e9l\u00e9s et journaux nous servent sur un plateau chaque jour de quoi alimenter notre \u00e9co-anxi\u00e9t\u00e9 ? Comment retrouver l\u2019optimisme et garder confiance en l\u2019avenir ?<\/span><\/p>\n<div style=\"width: 591px\" class=\"wp-caption aligncenter\"><img loading=\"lazy\" decoding=\"async\" class=\"\" src=\"https:\/\/www.medoucine.com\/blog\/\/wp-content\/uploads\/2022\/10\/pexels-eberhard-grossgasteiger-4406179-scaled.jpg\" alt=\"Crise \u00e9cologique : accompagner l'\u00e9co-anxi\u00e9t\u00e9 gr\u00e2ce \u00e0 la sophrologie\" width=\"581\" height=\"872\" \/><p class=\"wp-caption-text\">Pexels<\/p><\/div>\n<div class=\"m-spin\">\n<p class=\"m-spin__text\"><strong>\u00c9co-anxi\u00e9t\u00e9 : la sophrologie pour un mieux-\u00eatre durable<\/strong><\/p>\n<p class=\"m-spin__text\">Face \u00e0 l&rsquo;urgence climatique, l&rsquo;\u00e9co-anxi\u00e9t\u00e9 est de plus en plus pr\u00e9sente. Prenez rendez-vous avec un <a class=\"m-spin__link\" target=\"_blank\" rel=\"noopener noreferrer\" href=\"https:\/\/www.medoucine.com\/consultations\/se-soigner\/sophrologie\/bordeaux\/tous-publics\/a-domicile-ou-cabinet?utm_source=medoucine_blog_B2C&amp;utm_medium=article_blog&amp;utm_campaign=spin_seo\">Sophrologue \u00e0 Bordeaux<\/a>, un <a class=\"m-spin__link\" target=\"_blank\" rel=\"noopener noreferrer\" href=\"https:\/\/www.medoucine.com\/consultations\/se-soigner\/sophrologie\/nice\/tous-publics\/a-domicile-ou-cabinet?utm_source=medoucine_blog_B2C&amp;utm_medium=article_blog&amp;utm_campaign=spin_seo\">Sophrologue \u00e0 Nice<\/a> ou un <a class=\"m-spin__link\" target=\"_blank\" rel=\"noopener noreferrer\" href=\"https:\/\/www.medoucine.com\/consultations\/se-soigner\/sophrologie\/toulouse\/tous-publics\/a-domicile-ou-cabinet?utm_source=medoucine_blog_B2C&amp;utm_medium=article_blog&amp;utm_campaign=spin_seo\">Sophrologue \u00e0 Toulouse<\/a> pour apprendre \u00e0 g\u00e9rer vos \u00e9motions et retrouver un \u00e9quilibre int\u00e9rieur.<\/p>\n<p class=\"m-spin__text\">Vous ressentez le besoin d&rsquo;\u00eatre accompagn\u00e9 ? Trouvez des <a class=\"m-spin__link\" target=\"_blank\" rel=\"noopener noreferrer\" href=\"https:\/\/www.medoucine.com\/consultations\/se-soigner\/sophrologie\/autour-de-moi?utm_source=medoucine_blog_B2C&amp;utm_medium=article_blog&amp;utm_campaign=spin_seo\">Sophrologues pr\u00e8s de chez vous<\/a> pour cultiver la r\u00e9silience et agir positivement face aux d\u00e9fis environnementaux.<\/p>\n<\/div>\n<h2><b>Et si la solution \u00e9tait tout simplement de l\u00e2cher-prise ?\u00a0<\/b><\/h2>\n<p><span style=\"font-weight: 400\">Pourquoi ? L\u00e2cher prise ne signifie pas d\u00e9tourner les yeux du probl\u00e8me ou s\u2019en d\u00e9tacher, mais <strong>accepter et<\/strong><\/span> <span style=\"font-weight: 400\"><strong>regarder avec un \u0153il nouveau la situation.<\/strong> Dans cette acceptation figurent toutes sortes de possibles, comme changer sa r\u00e9action.\u00a0\u00a0<\/span><\/p>\n<p><span style=\"font-weight: 400\">L\u00e2cher prise, c\u2019est aussi accepter, non pas comme une fatalit\u00e9, mais comme une r\u00e9alit\u00e9 objective, notre niveau de responsabilit\u00e9 pour apaiser notre culpabilit\u00e9 <\/span><span style=\"font-weight: 400\">et prendre conscience de notre juste valeur dans les actions men\u00e9es et \u00e0 mener.<\/span><span style=\"font-weight: 400\">\u00a0<\/span><\/p>\n<p><span style=\"font-weight: 400\">L\u00e2cher prise, c\u2019est s\u2019autoriser \u00e0 appr\u00e9cier le positif de l\u2019instant pr\u00e9sent, et ainsi chasser ses pens\u00e9es parasites angoissantes et se d\u00e9faire de ses peurs.<\/span><\/p>\n<p><span style=\"font-weight: 400\">L\u00e2cher prise, c\u2019est ouvrir les yeux sur les changements d\u00e9j\u00e0 amorc\u00e9s pour reprendre confiance en l\u2019avenir, et pourquoi pas, envisager la crise comme une opportunit\u00e9 de reconstruire en mieux !<\/span><\/p>\n<p><strong>C\u2019est en l\u00e2chant prise que nous trouverons, dans ce nouvel \u00e9tat de s\u00e9r\u00e9nit\u00e9, plus de force et d\u2019\u00e9nergie pour agir efficacement.\u00a0<\/strong><\/p>\n<div style=\"width: 591px\" class=\"wp-caption aligncenter\"><img loading=\"lazy\" decoding=\"async\" class=\"\" src=\"https:\/\/www.medoucine.com\/blog\/\/wp-content\/uploads\/2022\/10\/pexels-karolina-grabowska-4207909-scaled.jpg\" alt=\"Crise \u00e9cologique : accompagner l'\u00e9co-anxi\u00e9t\u00e9 gr\u00e2ce \u00e0 la sophrologie\" width=\"581\" height=\"871\" \/><p class=\"wp-caption-text\">Pexels<\/p><\/div>\n<h2><b>La sophrologie, une solution efficace vers ce l\u00e2cher-prise\u00a0<\/b><\/h2>\n<p><span style=\"font-weight: 400\">La sophrologie, en tant que pratique holistique, permet <strong>une d\u00e9tente physique et mentale, qui m\u00e8ne \u00e0 un apaisement, et dans le cas de l\u2019\u00e9co-anxi\u00e9t\u00e9 \u00e0 un l\u00e2cher-prise. <\/strong><\/span><span style=\"font-weight: 400\">\u00c0 force de r\u00e9p\u00e9tition, le \u201csophronis\u00e9\u201d convainc son cerveau que cet \u00e9tat est une nouvelle norme et le bien-\u00eatre ressenti lors des s\u00e9ances va pouvoir s\u2019ancrer durablement.\u00a0<\/span><\/p>\n<p><span style=\"font-weight: 400\">La sophrologie s\u2019appuie essentiellement sur les ressources internes de chacun, ramenant le sophronis\u00e9 \u00e0 des sensations corporelles et \u00e9motionnelles agr\u00e9ables v\u00e9cues lors de chaque exercice. C\u2019est en r\u00e9p\u00e9tant cet \u00e9tat de bien-\u00eatre que la d\u00e9tente s\u2019installe dans le temps.<\/span><\/p>\n<p><span style=\"font-weight: 400\">Dans le cas de l\u2019\u00e9co-anxi\u00e9t\u00e9, comme dans tous les cas de gestion des angoisses, le sophrologue va d\u2019abord s\u2019attacher \u00e0 <strong>d\u00e9tendre le corps, \u00e0 d\u00e9nouer les tensions physiques.<\/strong> Car le corps et le mental entretiennent une relation \u00e9troite et interconnect\u00e9e. Un corps en tension cr\u00e9e du stress, et inversement, le mental angoiss\u00e9 g\u00e9n\u00e8re des tensions physiques.\u00a0<\/span><\/p>\n<p><span style=\"font-weight: 400\">Dans cet \u00e9tat de d\u00e9tente corporel amen\u00e9 par le sophrologue au moyen d\u2019exercices de respiration et de mouvements doux inspir\u00e9s du yoga, une premi\u00e8re \u00e9tape de l\u00e2cher-prise se met en place. Apaiser ses tensions physiques ouvre la voie vers la d\u00e9tente mentale.\u00a0<\/span><\/p>\n<p><span style=\"font-weight: 400\">Ensuite, vient le temps de la relaxation mentale induite gr\u00e2ce \u00e0 des techniques de visualisations positives, sorte de m\u00e9ditation guid\u00e9e par la voix du sophrologue dans un \u00e9tat de conscience proche du sommeil.\u00a0\u00a0<\/span><\/p>\n<p><span style=\"font-weight: 400\">Dans cet \u00e9tat de veille abaiss\u00e9e, le cerveau ne fait plus la diff\u00e9rence entre le v\u00e9cu et le r\u00eav\u00e9 ce qui permet de visualiser des situations pass\u00e9es, pr\u00e9sentes ou futures, r\u00e9elles ou fictives, au cours desquelles le sophronis\u00e9 se visualise apais\u00e9, prend conscience du positif de l\u2019instant pr\u00e9sent, ne ressent pas de culpabilit\u00e9 injustifi\u00e9e et m\u00eame se projette positivement dans le futur.\u00a0<\/span><\/p>\n<p><span style=\"font-weight: 400\">Des exercices permettant d\u2019ancrer cette d\u00e9tente physique et mentale sont pratiqu\u00e9s \u00e0 la maison entre chaque s\u00e9ance et<strong> le l\u00e2cher-prise global se d\u00e9veloppe petit \u00e0 petit, s\u00e9ance apr\u00e8s s\u00e9ance.\u00a0<\/strong><\/span><\/p>\n<div style=\"width: 594px\" class=\"wp-caption aligncenter\"><img loading=\"lazy\" decoding=\"async\" class=\"\" src=\"https:\/\/www.medoucine.com\/blog\/\/wp-content\/uploads\/2022\/10\/pexels-jasmin-chew-7647295-scaled.jpg\" alt=\"Crise \u00e9cologique : accompagner l'\u00e9co-anxi\u00e9t\u00e9 gr\u00e2ce \u00e0 la sophrologie\" width=\"584\" height=\"743\" \/><p class=\"wp-caption-text\">Pexels<\/p><\/div>\n<p><span style=\"font-weight: 400\">Et si la sophrologie n\u2019a pas pour objectif d\u2019emp\u00eacher la survenue de nouveaux \u00e9pisodes anxieux li\u00e9s aux bouleversements \u00e9cologiques, le sophronis\u00e9 aura en lui les ressources pour retrouver l&rsquo;apaisement.\u00a0\u00a0<\/span><\/p>\n<p>&nbsp;<\/p>\n<p>par <a href=\"https:\/\/www.medoucine.com\/consultation\/paris\/pauline-bonnet-saint-georges\/3772\"><strong>Pauline Bonnet Saint Georges, praticienne en sophrologie<\/strong><\/a> du r\u00e9seau M\u00e9doucine.<\/p>\n<p><a href=\"https:\/\/www.medoucine.com\/\"><strong>Trouvez un praticien en sophrologie pr\u00e8s de chez vous sur M\u00e9doucine<\/strong>.\u00a0<\/a><\/p>\n<p><strong>\u00c0 lire aussi\u00a0:<\/strong><\/p>\n<ul>\n<li><a href=\"https:\/\/www.medoucine.com\/blog\/\/la-marche-pour-s-apaiser-pratiques-pour-la-relaxation\/\">Relaxation : 7 types de marche pour s\u2019apaiser<\/a><\/li>\n<li><a href=\"https:\/\/www.medoucine.com\/blog\/\/les-bienfaits-de-la-sophrologie-dans-la-nature\/\">Les bienfaits de la sophrologie dans la nature<\/a><\/li>\n<li><a href=\"https:\/\/www.medoucine.com\/blog\/\/accueillir-lautomne-dans-la-joie\/\">Accueillir l\u2019automne dans la joie<\/a><\/li>\n<\/ul>\n","protected":false},"excerpt":{"rendered":"<p>L&rsquo;\u00e9co-anxi\u00e9t\u00e9, c\u2019est ce sentiment de pr\u00e9occupations et d\u2019inqui\u00e9tude, voire d\u2019angoisse ressenti face aux bouleversements et aux menaces qui p\u00e8sent sur notre plan\u00e8te. Catastrophes environnementales, disparition d\u2019esp\u00e8ces v\u00e9g\u00e9tales et animales, ph\u00e9nom\u00e8nes m\u00e9t\u00e9orologiques extr\u00eames, pollution, r\u00e9chauffement climatique, etc. sont la source d\u2019un mal-\u00eatre qui touche de plus en plus de monde.\u00a0 Ce sentiment qui m\u00eale tristesse, col\u00e8re, culpabilit\u00e9 engendre une difficult\u00e9 \u00e0 se projeter dans un avenir jug\u00e9 trop incertain voir inatteignable et une sensation d\u2019impuissance.\u00a0 L\u2019\u00e9co-anxi\u00e9t\u00e9, un trouble qui touche toutes les g\u00e9n\u00e9rations Le paradoxe de ce nouveau trouble, c\u2019est son \u00e9mergence r\u00e9cente, mais la rapidit\u00e9 \u00e0 laquelle il se propage. Il y a peu, personne n\u2019aurait mis\u00e9 sur une souffrance psychologique caus\u00e9e par la crise climatique.\u00a0 Et pourtant, aujourd\u2019hui, nous sommes de plus en plus nombreux \u00e0 le ressentir jusqu\u2019aux plus jeunes g\u00e9n\u00e9rations. D\u2019apr\u00e8s une [&hellip;]<\/p>\n","protected":false},"author":653,"featured_media":24468,"comment_status":"open","ping_status":"open","sticky":false,"template":"","format":"standard","meta":{"_acf_changed":false,"footnotes":""},"categories":[102],"tags":[346,651,543,187],"class_list":["post-24343","post","type-post","status-publish","format-standard","has-post-thumbnail","hentry","category-stress-et-angoisse","tag-anxiete","tag-ecoanxiete","tag-ecologie","tag-stress"],"acf":[],"yoast_head":"<!-- This site is optimized with the Yoast SEO plugin v27.1.1 - https:\/\/yoast.com\/product\/yoast-seo-wordpress\/ -->\n<title>Crise \u00e9cologique : accompagner l&#039;\u00e9co-anxi\u00e9t\u00e9 gr\u00e2ce \u00e0 la sophrologie<\/title>\n<meta name=\"description\" content=\"Pour faire face \u00e0 l&#039;anxi\u00e9t\u00e9 engendr\u00e9e par le sort de notrre plan\u00e8te, la sophrologie peut \u00eatre d&#039;une aide pr\u00e9cieuse afin de l\u00e2cher-prise.\" \/>\n<meta name=\"robots\" content=\"index, follow, max-snippet:-1, max-image-preview:large, max-video-preview:-1\" \/>\n<link rel=\"canonical\" href=\"https:\/\/www.medoucine.com\/blog\/crise-ecologique-accompagner-leco-anxiete-grace-a-la-sophrologie\/\" \/>\n<meta property=\"og:locale\" content=\"fr_FR\" \/>\n<meta property=\"og:type\" content=\"article\" \/>\n<meta property=\"og:title\" content=\"Crise \u00e9cologique : accompagner l&#039;\u00e9co-anxi\u00e9t\u00e9 gr\u00e2ce \u00e0 la sophrologie\" \/>\n<meta property=\"og:description\" content=\"Pour faire face \u00e0 l&#039;anxi\u00e9t\u00e9 engendr\u00e9e par le sort de notrre plan\u00e8te, la sophrologie peut \u00eatre d&#039;une aide pr\u00e9cieuse afin de l\u00e2cher-prise.\" \/>\n<meta property=\"og:url\" content=\"https:\/\/www.medoucine.com\/blog\/crise-ecologique-accompagner-leco-anxiete-grace-a-la-sophrologie\/\" \/>\n<meta property=\"og:site_name\" content=\"Blog de Medoucine\" \/>\n<meta property=\"article:publisher\" content=\"https:\/\/www.facebook.com\/medoucine\/\" \/>\n<meta property=\"article:published_time\" content=\"2022-11-08T09:00:16+00:00\" \/>\n<meta property=\"article:modified_time\" content=\"2026-04-08T16:20:58+00:00\" \/>\n<meta property=\"og:image\" content=\"https:\/\/www.medoucine.com\/blog\/wp-content\/uploads\/2022\/10\/pexels-cup-of-couple-6963622-scaled.jpg\" \/>\n\t<meta property=\"og:image:width\" content=\"2560\" \/>\n\t<meta property=\"og:image:height\" content=\"1973\" \/>\n\t<meta property=\"og:image:type\" content=\"image\/jpeg\" \/>\n<meta name=\"author\" content=\"Pauline Bonnet Saint Geogres\" \/>\n<meta name=\"twitter:card\" content=\"summary_large_image\" \/>\n<meta name=\"twitter:creator\" content=\"@medoucinefr\" \/>\n<meta name=\"twitter:site\" content=\"@medoucinefr\" \/>\n<meta name=\"twitter:label1\" content=\"\u00c9crit par\" \/>\n\t<meta name=\"twitter:data1\" content=\"Pauline Bonnet Saint Geogres\" \/>\n\t<meta name=\"twitter:label2\" content=\"Dur\u00e9e de lecture estim\u00e9e\" \/>\n\t<meta name=\"twitter:data2\" content=\"5 minutes\" \/>\n<script type=\"application\/ld+json\" class=\"yoast-schema-graph\">{\"@context\":\"https:\/\/schema.org\",\"@graph\":[{\"@type\":\"Article\",\"@id\":\"https:\/\/www.medoucine.com\/blog\/crise-ecologique-accompagner-leco-anxiete-grace-a-la-sophrologie\/#article\",\"isPartOf\":{\"@id\":\"https:\/\/www.medoucine.com\/blog\/crise-ecologique-accompagner-leco-anxiete-grace-a-la-sophrologie\/\"},\"author\":{\"name\":\"Pauline Bonnet Saint Geogres\",\"@id\":\"https:\/\/www.medoucine.com\/blog\/#\/schema\/person\/d3412fb560c24a9a33e6005fa0feea55\"},\"headline\":\"Crise \u00e9cologique : accompagner l&rsquo;\u00e9co-anxi\u00e9t\u00e9 gr\u00e2ce \u00e0 la sophrologie\",\"datePublished\":\"2022-11-08T09:00:16+00:00\",\"dateModified\":\"2026-04-08T16:20:58+00:00\",\"mainEntityOfPage\":{\"@id\":\"https:\/\/www.medoucine.com\/blog\/crise-ecologique-accompagner-leco-anxiete-grace-a-la-sophrologie\/\"},\"wordCount\":1051,\"commentCount\":0,\"publisher\":{\"@id\":\"https:\/\/www.medoucine.com\/blog\/#organization\"},\"image\":{\"@id\":\"https:\/\/www.medoucine.com\/blog\/crise-ecologique-accompagner-leco-anxiete-grace-a-la-sophrologie\/#primaryimage\"},\"thumbnailUrl\":\"https:\/\/www.medoucine.com\/blog\/wp-content\/uploads\/2022\/10\/pexels-cup-of-couple-6963622-scaled.jpg\",\"keywords\":[\"anxi\u00e9t\u00e9\",\"\u00e9coanxi\u00e9t\u00e9\",\"\u00e9cologie\",\"stress\"],\"articleSection\":[\"Stress &amp; angoisse\"],\"inLanguage\":\"fr-FR\",\"potentialAction\":[{\"@type\":\"CommentAction\",\"name\":\"Comment\",\"target\":[\"https:\/\/www.medoucine.com\/blog\/crise-ecologique-accompagner-leco-anxiete-grace-a-la-sophrologie\/#respond\"]}]},{\"@type\":\"WebPage\",\"@id\":\"https:\/\/www.medoucine.com\/blog\/crise-ecologique-accompagner-leco-anxiete-grace-a-la-sophrologie\/\",\"url\":\"https:\/\/www.medoucine.com\/blog\/crise-ecologique-accompagner-leco-anxiete-grace-a-la-sophrologie\/\",\"name\":\"Crise \u00e9cologique : accompagner l'\u00e9co-anxi\u00e9t\u00e9 gr\u00e2ce \u00e0 la sophrologie\",\"isPartOf\":{\"@id\":\"https:\/\/www.medoucine.com\/blog\/#website\"},\"primaryImageOfPage\":{\"@id\":\"https:\/\/www.medoucine.com\/blog\/crise-ecologique-accompagner-leco-anxiete-grace-a-la-sophrologie\/#primaryimage\"},\"image\":{\"@id\":\"https:\/\/www.medoucine.com\/blog\/crise-ecologique-accompagner-leco-anxiete-grace-a-la-sophrologie\/#primaryimage\"},\"thumbnailUrl\":\"https:\/\/www.medoucine.com\/blog\/wp-content\/uploads\/2022\/10\/pexels-cup-of-couple-6963622-scaled.jpg\",\"datePublished\":\"2022-11-08T09:00:16+00:00\",\"dateModified\":\"2026-04-08T16:20:58+00:00\",\"description\":\"Pour faire face \u00e0 l'anxi\u00e9t\u00e9 engendr\u00e9e par le sort de notrre plan\u00e8te, la sophrologie peut \u00eatre d'une aide pr\u00e9cieuse afin de l\u00e2cher-prise.\",\"breadcrumb\":{\"@id\":\"https:\/\/www.medoucine.com\/blog\/crise-ecologique-accompagner-leco-anxiete-grace-a-la-sophrologie\/#breadcrumb\"},\"inLanguage\":\"fr-FR\",\"potentialAction\":[{\"@type\":\"ReadAction\",\"target\":[\"https:\/\/www.medoucine.com\/blog\/crise-ecologique-accompagner-leco-anxiete-grace-a-la-sophrologie\/\"]}]},{\"@type\":\"ImageObject\",\"inLanguage\":\"fr-FR\",\"@id\":\"https:\/\/www.medoucine.com\/blog\/crise-ecologique-accompagner-leco-anxiete-grace-a-la-sophrologie\/#primaryimage\",\"url\":\"https:\/\/www.medoucine.com\/blog\/wp-content\/uploads\/2022\/10\/pexels-cup-of-couple-6963622-scaled.jpg\",\"contentUrl\":\"https:\/\/www.medoucine.com\/blog\/wp-content\/uploads\/2022\/10\/pexels-cup-of-couple-6963622-scaled.jpg\",\"width\":2560,\"height\":1973},{\"@type\":\"BreadcrumbList\",\"@id\":\"https:\/\/www.medoucine.com\/blog\/crise-ecologique-accompagner-leco-anxiete-grace-a-la-sophrologie\/#breadcrumb\",\"itemListElement\":[{\"@type\":\"ListItem\",\"position\":1,\"name\":\"Blog Medoucine\",\"item\":\"https:\/\/www.medoucine.com\/blog\/\"},{\"@type\":\"ListItem\",\"position\":2,\"name\":\"Psycho\",\"item\":\"https:\/\/www.medoucine.com\/blog\/cat\/psycho\/\"},{\"@type\":\"ListItem\",\"position\":3,\"name\":\"Stress &amp; angoisse\",\"item\":\"https:\/\/www.medoucine.com\/blog\/cat\/psycho\/stress-et-angoisse\/\"},{\"@type\":\"ListItem\",\"position\":4,\"name\":\"Crise \u00e9cologique : accompagner l&rsquo;\u00e9co-anxi\u00e9t\u00e9 gr\u00e2ce \u00e0 la sophrologie\"}]},{\"@type\":\"WebSite\",\"@id\":\"https:\/\/www.medoucine.com\/blog\/#website\",\"url\":\"https:\/\/www.medoucine.com\/blog\/\",\"name\":\"Blog de Medoucine\",\"description\":\"Le blog des m\u00e9decines douces\",\"publisher\":{\"@id\":\"https:\/\/www.medoucine.com\/blog\/#organization\"},\"potentialAction\":[{\"@type\":\"SearchAction\",\"target\":{\"@type\":\"EntryPoint\",\"urlTemplate\":\"https:\/\/www.medoucine.com\/blog\/?s={search_term_string}\"},\"query-input\":{\"@type\":\"PropertyValueSpecification\",\"valueRequired\":true,\"valueName\":\"search_term_string\"}}],\"inLanguage\":\"fr-FR\"},{\"@type\":\"Organization\",\"@id\":\"https:\/\/www.medoucine.com\/blog\/#organization\",\"name\":\"Medoucine\",\"url\":\"https:\/\/www.medoucine.com\/blog\/\",\"logo\":{\"@type\":\"ImageObject\",\"inLanguage\":\"fr-FR\",\"@id\":\"https:\/\/www.medoucine.com\/blog\/#\/schema\/logo\/image\/\",\"url\":\"https:\/\/www.medoucine.com\/blog\/wp-content\/uploads\/2019\/07\/logo@3x.png\",\"contentUrl\":\"https:\/\/www.medoucine.com\/blog\/wp-content\/uploads\/2019\/07\/logo@3x.png\",\"width\":555,\"height\":135,\"caption\":\"Medoucine\"},\"image\":{\"@id\":\"https:\/\/www.medoucine.com\/blog\/#\/schema\/logo\/image\/\"},\"sameAs\":[\"https:\/\/www.facebook.com\/medoucine\/\",\"https:\/\/x.com\/medoucinefr\",\"https:\/\/www.instagram.com\/medoucine\/\",\"https:\/\/www.youtube.com\/channel\/UCtZeUeJ_KebYK0KJAXjJV8g\"]},{\"@type\":\"Person\",\"@id\":\"https:\/\/www.medoucine.com\/blog\/#\/schema\/person\/d3412fb560c24a9a33e6005fa0feea55\",\"name\":\"Pauline Bonnet Saint Geogres\",\"image\":{\"@type\":\"ImageObject\",\"inLanguage\":\"fr-FR\",\"@id\":\"https:\/\/www.medoucine.com\/blog\/#\/schema\/person\/image\/\",\"url\":\"https:\/\/secure.gravatar.com\/avatar\/2cec5b8f6716f13281b1c5c574da0944589d6091563547178dd64462af9f749d?s=96&d=mm&r=g\",\"contentUrl\":\"https:\/\/secure.gravatar.com\/avatar\/2cec5b8f6716f13281b1c5c574da0944589d6091563547178dd64462af9f749d?s=96&d=mm&r=g\",\"caption\":\"Pauline Bonnet Saint Geogres\"},\"description\":\"Gr\u00e2ce \u00e0 la sophrologie, Pauline Bonnet Saint Georges propose de trouver toutes les ressources n\u00e9cessaires pour vivre un quotidien plus serein.\",\"sameAs\":[\"https:\/\/www.medoucine.com\/consultation\/paris\/pauline-bonnet-saint-georges\/3772\"],\"url\":\"https:\/\/www.medoucine.com\/blog\/author\/pauline_bonnet_saint_geogres\/\"}]}<\/script>\n<!-- \/ Yoast SEO plugin. -->","yoast_head_json":{"title":"Crise \u00e9cologique : accompagner l'\u00e9co-anxi\u00e9t\u00e9 gr\u00e2ce \u00e0 la sophrologie","description":"Pour faire face \u00e0 l'anxi\u00e9t\u00e9 engendr\u00e9e par le sort de notrre plan\u00e8te, la sophrologie peut \u00eatre d'une aide pr\u00e9cieuse afin de l\u00e2cher-prise.","robots":{"index":"index","follow":"follow","max-snippet":"max-snippet:-1","max-image-preview":"max-image-preview:large","max-video-preview":"max-video-preview:-1"},"canonical":"https:\/\/www.medoucine.com\/blog\/crise-ecologique-accompagner-leco-anxiete-grace-a-la-sophrologie\/","og_locale":"fr_FR","og_type":"article","og_title":"Crise \u00e9cologique : accompagner l'\u00e9co-anxi\u00e9t\u00e9 gr\u00e2ce \u00e0 la sophrologie","og_description":"Pour faire face \u00e0 l'anxi\u00e9t\u00e9 engendr\u00e9e par le sort de notrre plan\u00e8te, la sophrologie peut \u00eatre d'une aide pr\u00e9cieuse afin de l\u00e2cher-prise.","og_url":"https:\/\/www.medoucine.com\/blog\/crise-ecologique-accompagner-leco-anxiete-grace-a-la-sophrologie\/","og_site_name":"Blog de Medoucine","article_publisher":"https:\/\/www.facebook.com\/medoucine\/","article_published_time":"2022-11-08T09:00:16+00:00","article_modified_time":"2026-04-08T16:20:58+00:00","og_image":[{"width":2560,"height":1973,"url":"https:\/\/www.medoucine.com\/blog\/wp-content\/uploads\/2022\/10\/pexels-cup-of-couple-6963622-scaled.jpg","type":"image\/jpeg"}],"author":"Pauline Bonnet Saint Geogres","twitter_card":"summary_large_image","twitter_creator":"@medoucinefr","twitter_site":"@medoucinefr","twitter_misc":{"\u00c9crit par":"Pauline Bonnet Saint Geogres","Dur\u00e9e de lecture estim\u00e9e":"5 minutes"},"schema":{"@context":"https:\/\/schema.org","@graph":[{"@type":"Article","@id":"https:\/\/www.medoucine.com\/blog\/crise-ecologique-accompagner-leco-anxiete-grace-a-la-sophrologie\/#article","isPartOf":{"@id":"https:\/\/www.medoucine.com\/blog\/crise-ecologique-accompagner-leco-anxiete-grace-a-la-sophrologie\/"},"author":{"name":"Pauline Bonnet Saint Geogres","@id":"https:\/\/www.medoucine.com\/blog\/#\/schema\/person\/d3412fb560c24a9a33e6005fa0feea55"},"headline":"Crise \u00e9cologique : accompagner l&rsquo;\u00e9co-anxi\u00e9t\u00e9 gr\u00e2ce \u00e0 la sophrologie","datePublished":"2022-11-08T09:00:16+00:00","dateModified":"2026-04-08T16:20:58+00:00","mainEntityOfPage":{"@id":"https:\/\/www.medoucine.com\/blog\/crise-ecologique-accompagner-leco-anxiete-grace-a-la-sophrologie\/"},"wordCount":1051,"commentCount":0,"publisher":{"@id":"https:\/\/www.medoucine.com\/blog\/#organization"},"image":{"@id":"https:\/\/www.medoucine.com\/blog\/crise-ecologique-accompagner-leco-anxiete-grace-a-la-sophrologie\/#primaryimage"},"thumbnailUrl":"https:\/\/www.medoucine.com\/blog\/wp-content\/uploads\/2022\/10\/pexels-cup-of-couple-6963622-scaled.jpg","keywords":["anxi\u00e9t\u00e9","\u00e9coanxi\u00e9t\u00e9","\u00e9cologie","stress"],"articleSection":["Stress &amp; angoisse"],"inLanguage":"fr-FR","potentialAction":[{"@type":"CommentAction","name":"Comment","target":["https:\/\/www.medoucine.com\/blog\/crise-ecologique-accompagner-leco-anxiete-grace-a-la-sophrologie\/#respond"]}]},{"@type":"WebPage","@id":"https:\/\/www.medoucine.com\/blog\/crise-ecologique-accompagner-leco-anxiete-grace-a-la-sophrologie\/","url":"https:\/\/www.medoucine.com\/blog\/crise-ecologique-accompagner-leco-anxiete-grace-a-la-sophrologie\/","name":"Crise \u00e9cologique : accompagner l'\u00e9co-anxi\u00e9t\u00e9 gr\u00e2ce \u00e0 la sophrologie","isPartOf":{"@id":"https:\/\/www.medoucine.com\/blog\/#website"},"primaryImageOfPage":{"@id":"https:\/\/www.medoucine.com\/blog\/crise-ecologique-accompagner-leco-anxiete-grace-a-la-sophrologie\/#primaryimage"},"image":{"@id":"https:\/\/www.medoucine.com\/blog\/crise-ecologique-accompagner-leco-anxiete-grace-a-la-sophrologie\/#primaryimage"},"thumbnailUrl":"https:\/\/www.medoucine.com\/blog\/wp-content\/uploads\/2022\/10\/pexels-cup-of-couple-6963622-scaled.jpg","datePublished":"2022-11-08T09:00:16+00:00","dateModified":"2026-04-08T16:20:58+00:00","description":"Pour faire face \u00e0 l'anxi\u00e9t\u00e9 engendr\u00e9e par le sort de notrre plan\u00e8te, la sophrologie peut \u00eatre d'une aide pr\u00e9cieuse afin de l\u00e2cher-prise.","breadcrumb":{"@id":"https:\/\/www.medoucine.com\/blog\/crise-ecologique-accompagner-leco-anxiete-grace-a-la-sophrologie\/#breadcrumb"},"inLanguage":"fr-FR","potentialAction":[{"@type":"ReadAction","target":["https:\/\/www.medoucine.com\/blog\/crise-ecologique-accompagner-leco-anxiete-grace-a-la-sophrologie\/"]}]},{"@type":"ImageObject","inLanguage":"fr-FR","@id":"https:\/\/www.medoucine.com\/blog\/crise-ecologique-accompagner-leco-anxiete-grace-a-la-sophrologie\/#primaryimage","url":"https:\/\/www.medoucine.com\/blog\/wp-content\/uploads\/2022\/10\/pexels-cup-of-couple-6963622-scaled.jpg","contentUrl":"https:\/\/www.medoucine.com\/blog\/wp-content\/uploads\/2022\/10\/pexels-cup-of-couple-6963622-scaled.jpg","width":2560,"height":1973},{"@type":"BreadcrumbList","@id":"https:\/\/www.medoucine.com\/blog\/crise-ecologique-accompagner-leco-anxiete-grace-a-la-sophrologie\/#breadcrumb","itemListElement":[{"@type":"ListItem","position":1,"name":"Blog Medoucine","item":"https:\/\/www.medoucine.com\/blog\/"},{"@type":"ListItem","position":2,"name":"Psycho","item":"https:\/\/www.medoucine.com\/blog\/cat\/psycho\/"},{"@type":"ListItem","position":3,"name":"Stress &amp; angoisse","item":"https:\/\/www.medoucine.com\/blog\/cat\/psycho\/stress-et-angoisse\/"},{"@type":"ListItem","position":4,"name":"Crise \u00e9cologique : accompagner l&rsquo;\u00e9co-anxi\u00e9t\u00e9 gr\u00e2ce \u00e0 la sophrologie"}]},{"@type":"WebSite","@id":"https:\/\/www.medoucine.com\/blog\/#website","url":"https:\/\/www.medoucine.com\/blog\/","name":"Blog de Medoucine","description":"Le blog des m\u00e9decines douces","publisher":{"@id":"https:\/\/www.medoucine.com\/blog\/#organization"},"potentialAction":[{"@type":"SearchAction","target":{"@type":"EntryPoint","urlTemplate":"https:\/\/www.medoucine.com\/blog\/?s={search_term_string}"},"query-input":{"@type":"PropertyValueSpecification","valueRequired":true,"valueName":"search_term_string"}}],"inLanguage":"fr-FR"},{"@type":"Organization","@id":"https:\/\/www.medoucine.com\/blog\/#organization","name":"Medoucine","url":"https:\/\/www.medoucine.com\/blog\/","logo":{"@type":"ImageObject","inLanguage":"fr-FR","@id":"https:\/\/www.medoucine.com\/blog\/#\/schema\/logo\/image\/","url":"https:\/\/www.medoucine.com\/blog\/wp-content\/uploads\/2019\/07\/logo@3x.png","contentUrl":"https:\/\/www.medoucine.com\/blog\/wp-content\/uploads\/2019\/07\/logo@3x.png","width":555,"height":135,"caption":"Medoucine"},"image":{"@id":"https:\/\/www.medoucine.com\/blog\/#\/schema\/logo\/image\/"},"sameAs":["https:\/\/www.facebook.com\/medoucine\/","https:\/\/x.com\/medoucinefr","https:\/\/www.instagram.com\/medoucine\/","https:\/\/www.youtube.com\/channel\/UCtZeUeJ_KebYK0KJAXjJV8g"]},{"@type":"Person","@id":"https:\/\/www.medoucine.com\/blog\/#\/schema\/person\/d3412fb560c24a9a33e6005fa0feea55","name":"Pauline Bonnet Saint Geogres","image":{"@type":"ImageObject","inLanguage":"fr-FR","@id":"https:\/\/www.medoucine.com\/blog\/#\/schema\/person\/image\/","url":"https:\/\/secure.gravatar.com\/avatar\/2cec5b8f6716f13281b1c5c574da0944589d6091563547178dd64462af9f749d?s=96&d=mm&r=g","contentUrl":"https:\/\/secure.gravatar.com\/avatar\/2cec5b8f6716f13281b1c5c574da0944589d6091563547178dd64462af9f749d?s=96&d=mm&r=g","caption":"Pauline Bonnet Saint Geogres"},"description":"Gr\u00e2ce \u00e0 la sophrologie, Pauline Bonnet Saint Georges propose de trouver toutes les ressources n\u00e9cessaires pour vivre un quotidien plus serein.","sameAs":["https:\/\/www.medoucine.com\/consultation\/paris\/pauline-bonnet-saint-georges\/3772"],"url":"https:\/\/www.medoucine.com\/blog\/author\/pauline_bonnet_saint_geogres\/"}]}},"_links":{"self":[{"href":"https:\/\/www.medoucine.com\/blog\/wp-json\/wp\/v2\/posts\/24343","targetHints":{"allow":["GET"]}}],"collection":[{"href":"https:\/\/www.medoucine.com\/blog\/wp-json\/wp\/v2\/posts"}],"about":[{"href":"https:\/\/www.medoucine.com\/blog\/wp-json\/wp\/v2\/types\/post"}],"author":[{"embeddable":true,"href":"https:\/\/www.medoucine.com\/blog\/wp-json\/wp\/v2\/users\/653"}],"replies":[{"embeddable":true,"href":"https:\/\/www.medoucine.com\/blog\/wp-json\/wp\/v2\/comments?post=24343"}],"version-history":[{"count":6,"href":"https:\/\/www.medoucine.com\/blog\/wp-json\/wp\/v2\/posts\/24343\/revisions"}],"predecessor-version":[{"id":42444,"href":"https:\/\/www.medoucine.com\/blog\/wp-json\/wp\/v2\/posts\/24343\/revisions\/42444"}],"wp:featuredmedia":[{"embeddable":true,"href":"https:\/\/www.medoucine.com\/blog\/wp-json\/wp\/v2\/media\/24468"}],"wp:attachment":[{"href":"https:\/\/www.medoucine.com\/blog\/wp-json\/wp\/v2\/media?parent=24343"}],"wp:term":[{"taxonomy":"category","embeddable":true,"href":"https:\/\/www.medoucine.com\/blog\/wp-json\/wp\/v2\/categories?post=24343"},{"taxonomy":"post_tag","embeddable":true,"href":"https:\/\/www.medoucine.com\/blog\/wp-json\/wp\/v2\/tags?post=24343"}],"curies":[{"name":"wp","href":"https:\/\/api.w.org\/{rel}","templated":true}]}}