{"id":24035,"date":"2022-10-26T10:00:57","date_gmt":"2022-10-26T08:00:57","guid":{"rendered":"https:\/\/www.medoucine.com\/blog\/?p=24035"},"modified":"2026-04-08T18:21:24","modified_gmt":"2026-04-08T16:21:24","slug":"quels-sont-les-bienfaits-de-la-prune","status":"publish","type":"post","link":"https:\/\/www.medoucine.com\/blog\/quels-sont-les-bienfaits-de-la-prune\/","title":{"rendered":"Quels sont les bienfaits de la prune ?"},"content":{"rendered":"<p class=\"has-drop-cap\">Avec la fin de l\u2019\u00e9t\u00e9 arrive la pleine saison de la prune. Souvent juteuse, sucr\u00e9e ou plut\u00f4t acidul\u00e9e, il en existe de multiples vari\u00e9t\u00e9s ayant chacune sa saveur. Mais connaissez-vous les propri\u00e9t\u00e9s de ce fruit ?<\/p>\n<h1>Petit historique<\/h1>\n<p>On a retrouv\u00e9 des prunes s\u00e9ch\u00e9es dans les provisions des tombeaux \u00e9gyptiens datant de l\u2019\u00c9gypte antique. Les \u00c9trusques et les Romains cultivaient et consommaient \u00e9galement la prune. Certaines vari\u00e9t\u00e9s ont, d\u2019une certaine mani\u00e8re, marqu\u00e9 l&rsquo;histoire : La \u00ab\u00a0Prune de Damas\u00a0\u00bb aurait \u00e9t\u00e9 rapport\u00e9e de Syrie par les Crois\u00e9s, d&rsquo;o\u00f9 son nom. La vari\u00e9t\u00e9 \u00ab\u00a0Reine Claude\u00a0\u00bb aurait \u00e9t\u00e9 baptis\u00e9e ainsi en l&rsquo;honneur de la premi\u00e8re \u00e9pouse de Fran\u00e7ois 1er pr\u00e9nomm\u00e9e Claude. <strong>D\u00e8s le Moyen-\u00e2ge, ce petit fruit acquiert un statut de fruit de pr\u00e9dilection en Espagne et en France.<\/strong> Aujourd\u2019hui, l\u2019esp\u00e8ce <em>Prunus domestica<\/em> probablement issue d\u2019une hybridation de pruniers sauvages d\u2019Europe et d\u2019Asie du Sud-Ouest est le principal prunier cultiv\u00e9, et le fruit est consomm\u00e9 un peu partout dans le monde.<\/p>\n<div style=\"width: 594px\" class=\"wp-caption aligncenter\"><img loading=\"lazy\" decoding=\"async\" class=\"\" src=\"https:\/\/www.medoucine.com\/blog\/\/wp-content\/uploads\/2022\/09\/pexels-vladimir-gladkov-6208157-scaled.jpg\" alt=\"Quels sont les bienfaits de la prune ?\" width=\"584\" height=\"876\" \/><p class=\"wp-caption-text\">Pexels<\/p><\/div>\n<h1>Les diff\u00e9rentes vari\u00e9t\u00e9s et leur production<\/h1>\n<p>C\u2019est entre la fin du mois de juin, pour les vari\u00e9t\u00e9s les plus pr\u00e9coces, et le d\u00e9but du mois d&rsquo;octobre que s&rsquo;\u00e9chelonne la production des prunes. Elle diff\u00e8re bien entendu d&rsquo;une ann\u00e9e \u00e0 l&rsquo;autre, en fonction des conditions climatiques. En France, c&rsquo;est dans le sud et l\u2019est que se concentre la majeure partie de la production, avec une sp\u00e9cialit\u00e9 de vari\u00e9t\u00e9 dans chacune des r\u00e9gions. La prune est f\u00eat\u00e9e dans beaucoup de villes et villages (f\u00eate de la mirabelle \u00e0 Metz, \u00e0 Nancy\u2026).<\/p>\n<p>L&rsquo;essentiel de la commercialisation se fait entre ao\u00fbt et septembre, cependant, une grande partie de la r\u00e9colte est utilis\u00e9e par les industries de transformation (par exemple pour le pruneau d&rsquo;Agen, les fruits au sirop&#8230;). Souvent recouverte de la \u00ab pruine \u00bb, ce l\u00e9ger voile blanc que la prune fabrique pour se prot\u00e9ger de la chaleur, on trouve sur les \u00e9tals :<\/p>\n<p>D\u2019abord les <strong>prunes pr\u00e9coces<\/strong>, r\u00e9sistantes, mais de qualit\u00e9 gustative moyenne, comme :<br \/>\n&#8211; <strong>L\u2019Allo<\/strong> : fruit moyen, ext\u00e9rieur rouge et chair jaune-orang\u00e9 ;<br \/>\n&#8211; <strong>La Golden Japan<\/strong> : gros fruit jaune vif \u00e0 chair jaune.<\/p>\n<p>Puis les <strong>Reines-Claudes<\/strong>, d&rsquo;excellente qualit\u00e9 gustative mais fragiles et devant \u00eatre cueillies m\u00fbres \u00e0 point :<br \/>\n&#8211; <strong>Reine-Claude d&rsquo;Oullins<\/strong> : la plus pr\u00e9coce, gros fruit jaune-vert assez peu sucr\u00e9 ;<br \/>\n&#8211; <strong>Reine-Claude \u00ab\u00a0vraie\u00a0\u00bb<\/strong> : verte ou dor\u00e9e, de taille moyenne, juteuse, parfum\u00e9e, sucr\u00e9e ;<br \/>\n&#8211; <strong>Reine-Claude de Bavay<\/strong> : assez grosse, jaune-vert, juteuse et sucr\u00e9e.<\/p>\n<p>La <strong>Mirabelle<\/strong>, petite et savoureuse, dont il existe de nombreuses sous-vari\u00e9t\u00e9s, de couleur jaune orang\u00e9 \u00e0 jaune-vert, \u00e0 chair jaune-orang\u00e9, juteuse et bien sucr\u00e9e. La \u00ab\u00a0Mirabelle de Lorraine\u00a0\u00bb b\u00e9n\u00e9ficie d&rsquo;un label.<\/p>\n<p>La <strong>Quetsche<\/strong>, surtout utilis\u00e9e pour la conserverie et la distillation, de taille moyenne et de forme oblongue, peau violet fonc\u00e9 et chair jaune-vert, mod\u00e9r\u00e9ment sucr\u00e9e et acidul\u00e9e.<\/p>\n<p>La <strong>Prune d&rsquo;Ente<\/strong>, qui peut \u00eatre consomm\u00e9e fraiche, mais qui est essentiellement destin\u00e9e \u00e0 la fabrication du pruneau d&rsquo;Agen. Sa peau est rouge-violet, sa chair jaune, juteuse et sucr\u00e9e.<\/p>\n<div style=\"width: 588px\" class=\"wp-caption aligncenter\"><img loading=\"lazy\" decoding=\"async\" class=\"\" src=\"https:\/\/www.medoucine.com\/blog\/\/wp-content\/uploads\/2022\/09\/pexels-lumn-1040832-scaled.jpg\" alt=\"Quels sont les bienfaits de la prune ?\" width=\"578\" height=\"867\" \/><p class=\"wp-caption-text\">Pexels<\/p><\/div>\n<h1>Ses caract\u00e9ristiques et propri\u00e9t\u00e9s<\/h1>\n<p>La prune fraiche avec environ <strong>87 g d\u2019eau pour 100 g de fruit<\/strong> est particuli\u00e8rement d\u00e9salt\u00e9rante et diur\u00e9tique. Sa richesse en <strong>sucres<\/strong> (environ 12 g pour 100 g de prune fraiche) r\u00e9partis en glucose, fructose et saccharose (r\u00e9partition variable selon la vari\u00e9t\u00e9 et le degr\u00e9 de maturit\u00e9) en fait un fruit \u00e9nerg\u00e9tique (Reine-Claude et prune d\u2019Ente sont les plus riches en sucres). Bien entendu, la concentration en sucres augmente avec le s\u00e9chage, faisant du pruneau un fruit tr\u00e8s \u00e9nerg\u00e9tique dont il ne faut pas abuser.<br \/>\nMais c\u2019est pour ses propri\u00e9t\u00e9s laxatives qu\u2019elle est connue, gr\u00e2ce \u00e0 la richesse en <strong>fibres<\/strong> de la prune fraiche bien entendu mais bien plus sous la forme de pruneau ; manger des pruneaux imbib\u00e9s au pr\u00e9alable (id\u00e9alement toute une nuit pour un effet maximum) dans un liquide chaud (eau pure ou tisane) et boire ce liquide facilite le transit intestinal.<br \/>\nOn note la pr\u00e9sence de <strong>min\u00e9raux<\/strong> diversifi\u00e9s et abondants tels que :<br \/>\n&#8211; <strong>Phosphore<\/strong> (16 mg\/100 g de prune),<br \/>\n&#8211; <strong>Magn\u00e9sium<\/strong> (7 mg\/100 g),<br \/>\n&#8211; <strong>Calcium<\/strong> (6 mg\/100 g),<br \/>\n&#8211; <strong>Soufre<\/strong> (4 mg\/100 g),<br \/>\nMais \u00e9galement d\u2019<strong>oligo-\u00e9l\u00e9ments<\/strong> indispensables au bon fonctionnement du m\u00e9tabolisme, comme le <strong>Fer<\/strong> (jusqu\u2019\u00e0 2 mg\/100g de prune dans certaines vari\u00e9t\u00e9s violettes) et le<strong> Cuivre<\/strong> (qui am\u00e9liore l\u2019assimilation du Fer), mais aussi en moindre quantit\u00e9 Mangan\u00e8se, Zinc, Fluor, Iode, etc.\u00a0 Qui lui conf\u00e8re des propri\u00e9t\u00e9s diur\u00e9tiques, alcalinisantes et immunostimulantes. Le pruneau d\u2019Agen se distingue par sa richesse en <strong>Potassium<\/strong>.<\/p>\n<p>La prune est \u00e9galement riche en <strong>vitamines<\/strong> :<br \/>\n&#8211; pr\u00e9sence de <strong>provitamine A (carot\u00e8ne)<\/strong> variable selon la vari\u00e9t\u00e9 (prune d\u2019Ente particuli\u00e8rement),<br \/>\n&#8211; <strong>Vitamine C<\/strong> (\u00e0 l\u2019action renforc\u00e9e par la pr\u00e9sence de <strong>pigments anthocyaniques<\/strong> dans les prunes violettes principalement, pigments qui ont par ailleurs un effet antioxydant),<br \/>\n&#8211; <strong>Vitamines du groupe B<\/strong> (B9 surtout, B1, B2, B3\u2026),<br \/>\n&#8211; <strong>Vitamine E<\/strong>.<\/p>\n<div style=\"width: 591px\" class=\"wp-caption aligncenter\"><img loading=\"lazy\" decoding=\"async\" class=\"\" src=\"https:\/\/www.medoucine.com\/blog\/\/wp-content\/uploads\/2022\/09\/pexels-polina-tankilevitch-4828583-scaled.jpg\" alt=\"Quels sont les bienfaits de la prune ?\" width=\"581\" height=\"871\" \/><p class=\"wp-caption-text\">Pexels<\/p><\/div>\n<h1>Ses atouts<\/h1>\n<p>Fruit pratique \u00e0 consommer et <strong>tr\u00e8s nutritif<\/strong> sous forme de pruneau, la prune fraiche avec sa richesse en eau est, quant \u00e0 elle, <strong>tr\u00e8s d\u00e9salt\u00e9rante<\/strong>. La pr\u00e9sence de min\u00e9raux participe \u00e0 un <strong>bon fonctionnement r\u00e9nal<\/strong> et le Soufre en fait un <strong>bon d\u00e9congestionnant h\u00e9patique<\/strong>. Plusieurs \u00e9l\u00e9ments expliquent son action sur le fonctionnement intestinal : sa richesse en fibres naturelles de diff\u00e9rentes natures (cellulose, h\u00e9micellulose, pectine), la pr\u00e9sence de diph\u00e9nylisatine (d\u00e9riv\u00e9 de la famille des indols) aux effets l\u00e9g\u00e8rement laxatifs, et enfin la pr\u00e9sence de sorbitol qui par son action sur le fonctionnement de v\u00e9sicule biliaire <strong>aide \u00e0 lutter contre la paresse intestinale<\/strong>. Son potentiel de vitamines aux <strong>propri\u00e9t\u00e9s antioxydantes et anti-inflammatoires<\/strong> contribue efficacement \u00e0 la couverture des besoins de l\u2019organisme en ces substances.<\/p>\n<div style=\"width: 594px\" class=\"wp-caption aligncenter\"><img loading=\"lazy\" decoding=\"async\" class=\"\" src=\"https:\/\/www.medoucine.com\/blog\/\/wp-content\/uploads\/2022\/09\/pexels-any-lane-5945659-scaled.jpg\" alt=\"Quels sont les bienfaits de la prune ?\" width=\"584\" height=\"876\" \/><p class=\"wp-caption-text\">Pexels<\/p><\/div>\n<h1>Comment la consommer ?<\/h1>\n<p>On peut la d\u00e9guster <strong>fraiche<\/strong> bien entendu, mais elle est tr\u00e8s pratique \u00e0 consommer <strong>s\u00e9ch\u00e9e<\/strong> (pruneau) ou bien<strong> cuite<\/strong> (la d\u00e9noyauter au dernier moment pour \u00e9viter le brunissement de la chair) de diff\u00e9rentes mani\u00e8res :<br \/>\n&#8211; au four, cuite 30 minutes environ,<br \/>\n&#8211; \u00e0 la po\u00eale pendant une dizaine de minutes,<br \/>\n&#8211; dans une marmite pendant minimum 25 minutes pour en faire une confiture.<\/p>\n<p>Facile \u00e0 consommer en saison, la prune se mange crue, mais aussi sous forme de jus, pr\u00e9par\u00e9e en tarte, en crumble, mais on peut \u00e9galement l\u2019incorporer dans des plats de viandes type tagines, ou des salades ou encore dans des sauces. Hors saison, on peut la consommer en confiture ou au sirop, ou encore b\u00e9n\u00e9ficier des bienfaits du pruneau toute l\u2019ann\u00e9e tel quel ou sous forme de compote. \u00c0 vos prunes !<\/p>\n<p>&nbsp;<\/p>\n<p>par <a href=\"https:\/\/www.medoucine.com\/consultation\/colombes\/ines-anciaes\/1552\"><strong>In\u00e8s Ancia\u00e8s, praticienne en naturopathie<\/strong><\/a>\u00a0du r\u00e9seau M\u00e9doucine.<\/p>\n<p><a href=\"https:\/\/www.medoucine.com\/\"><strong>Trouvez un praticien en naturopathie pr\u00e8s de chez vous sur M\u00e9doucine<\/strong>.\u00a0<\/a><\/p>\n<p><strong>\u00c0 lire aussi\u00a0:<\/strong><\/p>\n<ul>\n<li><a href=\"https:\/\/www.medoucine.com\/blog\/\/quels-sont-les-bienfaits-de-la-courgette\/\">Quels sont les bienfaits de la courgette ?<\/a><\/li>\n<li><a href=\"https:\/\/www.medoucine.com\/blog\/\/quels-sont-les-bienfaits-des-brocolis\/\">Quels sont les bienfaits des brocolis ?<\/a><\/li>\n<li><a href=\"https:\/\/www.medoucine.com\/blog\/\/quels-sont-les-bienfaits-de-la-cerise\/\">Quels sont les bienfaits de la cerise ?<\/a><\/li>\n<\/ul>\n<div class=\"m-spin\">\n<p class=\"m-spin__text\"><strong>La prune, un alli\u00e9 bien-\u00eatre \u00e0 d\u00e9couvrir !<\/strong><\/p>\n<p class=\"m-spin__text\">La prune, riche en antioxydants et en fibres, est un fruit souvent recommand\u00e9 par les naturopathes pour am\u00e9liorer la digestion et le bien-\u00eatre g\u00e9n\u00e9ral. Prenez rendez-vous avec un <a class=\"m-spin__link\" target=\"_blank\" rel=\"noopener noreferrer\" href=\"https:\/\/www.medoucine.com\/consultations\/se-soigner\/naturopathie\/lyon\/tous-publics\/a-domicile-ou-cabinet?utm_source=medoucine_blog_B2C&amp;utm_medium=article_blog&amp;utm_campaign=spin_seo\">Naturopathe \u00e0 Lyon<\/a>, un <a class=\"m-spin__link\" target=\"_blank\" rel=\"noopener noreferrer\" href=\"https:\/\/www.medoucine.com\/consultations\/se-soigner\/naturopathie\/marseille\/tous-publics\/a-domicile-ou-cabinet?utm_source=medoucine_blog_B2C&amp;utm_medium=article_blog&amp;utm_campaign=spin_seo\">Naturopathe \u00e0 Marseille<\/a> ou un <a class=\"m-spin__link\" target=\"_blank\" rel=\"noopener noreferrer\" href=\"https:\/\/www.medoucine.com\/consultations\/se-soigner\/naturopathie\/strasbourg\/tous-publics\/a-domicile-ou-cabinet?utm_source=medoucine_blog_B2C&amp;utm_medium=article_blog&amp;utm_campaign=spin_seo\">Naturopathe \u00e0 Strasbourg<\/a> pour personnaliser votre approche.<\/p>\n<p class=\"m-spin__text\">Vous souhaitez b\u00e9n\u00e9ficier des conseils d&rsquo;un professionnel ? Trouvez des <a class=\"m-spin__link\" target=\"_blank\" rel=\"noopener noreferrer\" href=\"https:\/\/www.medoucine.com\/consultations\/se-soigner\/naturopathie\/autour-de-moi?utm_source=medoucine_blog_B2C&amp;utm_medium=article_blog&amp;utm_campaign=spin_seo\">Naturopathes pr\u00e8s de chez vous<\/a> pour un suivi adapt\u00e9 \u00e0 vos besoins.<\/p>\n<\/div>\n","protected":false},"excerpt":{"rendered":"<p>Avec la fin de l\u2019\u00e9t\u00e9 arrive la pleine saison de la prune. Souvent juteuse, sucr\u00e9e ou plut\u00f4t acidul\u00e9e, il en existe de multiples vari\u00e9t\u00e9s ayant chacune sa saveur. Mais connaissez-vous les propri\u00e9t\u00e9s de ce fruit ? Petit historique On a retrouv\u00e9 des prunes s\u00e9ch\u00e9es dans les provisions des tombeaux \u00e9gyptiens datant de l\u2019\u00c9gypte antique. Les \u00c9trusques et les Romains cultivaient et consommaient \u00e9galement la prune. Certaines vari\u00e9t\u00e9s ont, d\u2019une certaine mani\u00e8re, marqu\u00e9 l&rsquo;histoire : La \u00ab\u00a0Prune de Damas\u00a0\u00bb aurait \u00e9t\u00e9 rapport\u00e9e de Syrie par les Crois\u00e9s, d&rsquo;o\u00f9 son nom. La vari\u00e9t\u00e9 \u00ab\u00a0Reine Claude\u00a0\u00bb aurait \u00e9t\u00e9 baptis\u00e9e ainsi en l&rsquo;honneur de la premi\u00e8re \u00e9pouse de Fran\u00e7ois 1er pr\u00e9nomm\u00e9e Claude. D\u00e8s le Moyen-\u00e2ge, ce petit fruit acquiert un statut de fruit de pr\u00e9dilection en Espagne et en France. Aujourd\u2019hui, l\u2019esp\u00e8ce Prunus domestica probablement issue d\u2019une hybridation de [&hellip;]<\/p>\n","protected":false},"author":374,"featured_media":24309,"comment_status":"open","ping_status":"open","sticky":false,"template":"","format":"standard","meta":{"_acf_changed":false,"footnotes":""},"categories":[98],"tags":[646],"class_list":["post-24035","post","type-post","status-publish","format-standard","has-post-thumbnail","hentry","category-plantes-nutriments","tag-prune"],"acf":[],"yoast_head":"<!-- This site is optimized with the Yoast SEO plugin v27.1.1 - https:\/\/yoast.com\/product\/yoast-seo-wordpress\/ -->\n<title>Quels sont les bienfaits de la prune ? ~ Blog de Medoucine<\/title>\n<meta name=\"description\" content=\"Mirabelle, Quetsche, Reine Claude, d\u00e9couvrez quels sont les bienfaits de la prune, un fruit savoureux \u00e0 d\u00e9guster tel quel ou cuisin\u00e9 !\" \/>\n<meta name=\"robots\" content=\"index, follow, max-snippet:-1, max-image-preview:large, max-video-preview:-1\" \/>\n<link rel=\"canonical\" href=\"https:\/\/www.medoucine.com\/blog\/quels-sont-les-bienfaits-de-la-prune\/\" \/>\n<meta property=\"og:locale\" content=\"fr_FR\" \/>\n<meta property=\"og:type\" content=\"article\" \/>\n<meta property=\"og:title\" content=\"Quels sont les bienfaits de la prune ? ~ Blog de Medoucine\" \/>\n<meta property=\"og:description\" content=\"Mirabelle, Quetsche, Reine Claude, d\u00e9couvrez quels sont les bienfaits de la prune, un fruit savoureux \u00e0 d\u00e9guster tel quel ou cuisin\u00e9 !\" \/>\n<meta property=\"og:url\" content=\"https:\/\/www.medoucine.com\/blog\/quels-sont-les-bienfaits-de-la-prune\/\" \/>\n<meta property=\"og:site_name\" content=\"Blog de Medoucine\" \/>\n<meta property=\"article:publisher\" content=\"https:\/\/www.facebook.com\/medoucine\/\" \/>\n<meta property=\"article:published_time\" content=\"2022-10-26T08:00:57+00:00\" \/>\n<meta property=\"article:modified_time\" content=\"2026-04-08T16:21:24+00:00\" \/>\n<meta property=\"og:image\" content=\"https:\/\/www.medoucine.com\/blog\/wp-content\/uploads\/2022\/09\/pexels-figen-kokol-13801015-scaled.jpg\" \/>\n\t<meta property=\"og:image:width\" content=\"1691\" \/>\n\t<meta property=\"og:image:height\" content=\"2560\" \/>\n\t<meta property=\"og:image:type\" content=\"image\/jpeg\" \/>\n<meta name=\"author\" content=\"In\u00e8s Ancia\u00e8s\" \/>\n<meta name=\"twitter:card\" content=\"summary_large_image\" \/>\n<meta name=\"twitter:creator\" content=\"@medoucinefr\" \/>\n<meta name=\"twitter:site\" content=\"@medoucinefr\" \/>\n<meta name=\"twitter:label1\" content=\"\u00c9crit par\" \/>\n\t<meta name=\"twitter:data1\" content=\"In\u00e8s Ancia\u00e8s\" \/>\n\t<meta name=\"twitter:label2\" content=\"Dur\u00e9e de lecture estim\u00e9e\" \/>\n\t<meta name=\"twitter:data2\" content=\"7 minutes\" \/>\n<script type=\"application\/ld+json\" class=\"yoast-schema-graph\">{\"@context\":\"https:\/\/schema.org\",\"@graph\":[{\"@type\":\"Article\",\"@id\":\"https:\/\/www.medoucine.com\/blog\/quels-sont-les-bienfaits-de-la-prune\/#article\",\"isPartOf\":{\"@id\":\"https:\/\/www.medoucine.com\/blog\/quels-sont-les-bienfaits-de-la-prune\/\"},\"author\":{\"name\":\"In\u00e8s Ancia\u00e8s\",\"@id\":\"https:\/\/www.medoucine.com\/blog\/#\/schema\/person\/3213384445d1d3c35096848b90645f31\"},\"headline\":\"Quels sont les bienfaits de la prune ?\",\"datePublished\":\"2022-10-26T08:00:57+00:00\",\"dateModified\":\"2026-04-08T16:21:24+00:00\",\"mainEntityOfPage\":{\"@id\":\"https:\/\/www.medoucine.com\/blog\/quels-sont-les-bienfaits-de-la-prune\/\"},\"wordCount\":1340,\"commentCount\":0,\"publisher\":{\"@id\":\"https:\/\/www.medoucine.com\/blog\/#organization\"},\"image\":{\"@id\":\"https:\/\/www.medoucine.com\/blog\/quels-sont-les-bienfaits-de-la-prune\/#primaryimage\"},\"thumbnailUrl\":\"https:\/\/www.medoucine.com\/blog\/wp-content\/uploads\/2022\/09\/pexels-figen-kokol-13801015-scaled.jpg\",\"keywords\":[\"prune\"],\"articleSection\":[\"Plantes &amp; Nutriments\"],\"inLanguage\":\"fr-FR\",\"potentialAction\":[{\"@type\":\"CommentAction\",\"name\":\"Comment\",\"target\":[\"https:\/\/www.medoucine.com\/blog\/quels-sont-les-bienfaits-de-la-prune\/#respond\"]}]},{\"@type\":\"WebPage\",\"@id\":\"https:\/\/www.medoucine.com\/blog\/quels-sont-les-bienfaits-de-la-prune\/\",\"url\":\"https:\/\/www.medoucine.com\/blog\/quels-sont-les-bienfaits-de-la-prune\/\",\"name\":\"Quels sont les bienfaits de la prune ? ~ Blog de Medoucine\",\"isPartOf\":{\"@id\":\"https:\/\/www.medoucine.com\/blog\/#website\"},\"primaryImageOfPage\":{\"@id\":\"https:\/\/www.medoucine.com\/blog\/quels-sont-les-bienfaits-de-la-prune\/#primaryimage\"},\"image\":{\"@id\":\"https:\/\/www.medoucine.com\/blog\/quels-sont-les-bienfaits-de-la-prune\/#primaryimage\"},\"thumbnailUrl\":\"https:\/\/www.medoucine.com\/blog\/wp-content\/uploads\/2022\/09\/pexels-figen-kokol-13801015-scaled.jpg\",\"datePublished\":\"2022-10-26T08:00:57+00:00\",\"dateModified\":\"2026-04-08T16:21:24+00:00\",\"description\":\"Mirabelle, Quetsche, Reine Claude, d\u00e9couvrez quels sont les bienfaits de la prune, un fruit savoureux \u00e0 d\u00e9guster tel quel ou cuisin\u00e9 !\",\"breadcrumb\":{\"@id\":\"https:\/\/www.medoucine.com\/blog\/quels-sont-les-bienfaits-de-la-prune\/#breadcrumb\"},\"inLanguage\":\"fr-FR\",\"potentialAction\":[{\"@type\":\"ReadAction\",\"target\":[\"https:\/\/www.medoucine.com\/blog\/quels-sont-les-bienfaits-de-la-prune\/\"]}]},{\"@type\":\"ImageObject\",\"inLanguage\":\"fr-FR\",\"@id\":\"https:\/\/www.medoucine.com\/blog\/quels-sont-les-bienfaits-de-la-prune\/#primaryimage\",\"url\":\"https:\/\/www.medoucine.com\/blog\/wp-content\/uploads\/2022\/09\/pexels-figen-kokol-13801015-scaled.jpg\",\"contentUrl\":\"https:\/\/www.medoucine.com\/blog\/wp-content\/uploads\/2022\/09\/pexels-figen-kokol-13801015-scaled.jpg\",\"width\":1691,\"height\":2560},{\"@type\":\"BreadcrumbList\",\"@id\":\"https:\/\/www.medoucine.com\/blog\/quels-sont-les-bienfaits-de-la-prune\/#breadcrumb\",\"itemListElement\":[{\"@type\":\"ListItem\",\"position\":1,\"name\":\"Blog Medoucine\",\"item\":\"https:\/\/www.medoucine.com\/blog\/\"},{\"@type\":\"ListItem\",\"position\":2,\"name\":\"Alimentation\",\"item\":\"https:\/\/www.medoucine.com\/blog\/cat\/alimentation\/\"},{\"@type\":\"ListItem\",\"position\":3,\"name\":\"Plantes &amp; Nutriments\",\"item\":\"https:\/\/www.medoucine.com\/blog\/cat\/alimentation\/plantes-nutriments\/\"},{\"@type\":\"ListItem\",\"position\":4,\"name\":\"Quels sont les bienfaits de la prune ?\"}]},{\"@type\":\"WebSite\",\"@id\":\"https:\/\/www.medoucine.com\/blog\/#website\",\"url\":\"https:\/\/www.medoucine.com\/blog\/\",\"name\":\"Blog de Medoucine\",\"description\":\"Le blog des m\u00e9decines douces\",\"publisher\":{\"@id\":\"https:\/\/www.medoucine.com\/blog\/#organization\"},\"potentialAction\":[{\"@type\":\"SearchAction\",\"target\":{\"@type\":\"EntryPoint\",\"urlTemplate\":\"https:\/\/www.medoucine.com\/blog\/?s={search_term_string}\"},\"query-input\":{\"@type\":\"PropertyValueSpecification\",\"valueRequired\":true,\"valueName\":\"search_term_string\"}}],\"inLanguage\":\"fr-FR\"},{\"@type\":\"Organization\",\"@id\":\"https:\/\/www.medoucine.com\/blog\/#organization\",\"name\":\"Medoucine\",\"url\":\"https:\/\/www.medoucine.com\/blog\/\",\"logo\":{\"@type\":\"ImageObject\",\"inLanguage\":\"fr-FR\",\"@id\":\"https:\/\/www.medoucine.com\/blog\/#\/schema\/logo\/image\/\",\"url\":\"https:\/\/www.medoucine.com\/blog\/wp-content\/uploads\/2019\/07\/logo@3x.png\",\"contentUrl\":\"https:\/\/www.medoucine.com\/blog\/wp-content\/uploads\/2019\/07\/logo@3x.png\",\"width\":555,\"height\":135,\"caption\":\"Medoucine\"},\"image\":{\"@id\":\"https:\/\/www.medoucine.com\/blog\/#\/schema\/logo\/image\/\"},\"sameAs\":[\"https:\/\/www.facebook.com\/medoucine\/\",\"https:\/\/x.com\/medoucinefr\",\"https:\/\/www.instagram.com\/medoucine\/\",\"https:\/\/www.youtube.com\/channel\/UCtZeUeJ_KebYK0KJAXjJV8g\"]},{\"@type\":\"Person\",\"@id\":\"https:\/\/www.medoucine.com\/blog\/#\/schema\/person\/3213384445d1d3c35096848b90645f31\",\"name\":\"In\u00e8s Ancia\u00e8s\",\"image\":{\"@type\":\"ImageObject\",\"inLanguage\":\"fr-FR\",\"@id\":\"https:\/\/www.medoucine.com\/blog\/#\/schema\/person\/image\/\",\"url\":\"https:\/\/secure.gravatar.com\/avatar\/6eb155a29d75c730cbd0f299ffc96d09ad47ee44b6317df0794dd5c362228ea5?s=96&d=mm&r=g\",\"contentUrl\":\"https:\/\/secure.gravatar.com\/avatar\/6eb155a29d75c730cbd0f299ffc96d09ad47ee44b6317df0794dd5c362228ea5?s=96&d=mm&r=g\",\"caption\":\"In\u00e8s Ancia\u00e8s\"},\"description\":\"Bonjour, je suis In\u00e8s Ancia\u00e8s, naturopathe. Je vous re\u00e7ois au cabinet soit \u00e0 Colombes, soit \u00e0 Asni\u00e8res pour des consultations : une premi\u00e8re s\u00e9ance d'1h30 au cours de laquelle par un dialogue nous cernons ensemble votre probl\u00e9matique afin d'\u00e9tablir des bilans de vitalit\u00e9 et alimentaire. Je vous donne les bases d'une meilleure hygi\u00e8ne de vie et des conseils personnalis\u00e9s int\u00e9grant bienfaits de la nutrition, compl\u00e9ments alimentaires, respiration, plantes m\u00e9dicinales, huiles essentielles, bourgeons de plante... Je vous revois \u00e9ventuellement pour une ou plusieurs s\u00e9ances de suivi d'une heure.\",\"sameAs\":[\"https:\/\/www.medoucine.com\/consultation\/colombes\/ines-anciaes\/1552\"],\"url\":\"https:\/\/www.medoucine.com\/blog\/author\/ines_anciaes\/\"}]}<\/script>\n<!-- \/ Yoast SEO plugin. -->","yoast_head_json":{"title":"Quels sont les bienfaits de la prune ? ~ Blog de Medoucine","description":"Mirabelle, Quetsche, Reine Claude, d\u00e9couvrez quels sont les bienfaits de la prune, un fruit savoureux \u00e0 d\u00e9guster tel quel ou cuisin\u00e9 !","robots":{"index":"index","follow":"follow","max-snippet":"max-snippet:-1","max-image-preview":"max-image-preview:large","max-video-preview":"max-video-preview:-1"},"canonical":"https:\/\/www.medoucine.com\/blog\/quels-sont-les-bienfaits-de-la-prune\/","og_locale":"fr_FR","og_type":"article","og_title":"Quels sont les bienfaits de la prune ? ~ Blog de Medoucine","og_description":"Mirabelle, Quetsche, Reine Claude, d\u00e9couvrez quels sont les bienfaits de la prune, un fruit savoureux \u00e0 d\u00e9guster tel quel ou cuisin\u00e9 !","og_url":"https:\/\/www.medoucine.com\/blog\/quels-sont-les-bienfaits-de-la-prune\/","og_site_name":"Blog de Medoucine","article_publisher":"https:\/\/www.facebook.com\/medoucine\/","article_published_time":"2022-10-26T08:00:57+00:00","article_modified_time":"2026-04-08T16:21:24+00:00","og_image":[{"width":1691,"height":2560,"url":"https:\/\/www.medoucine.com\/blog\/wp-content\/uploads\/2022\/09\/pexels-figen-kokol-13801015-scaled.jpg","type":"image\/jpeg"}],"author":"In\u00e8s Ancia\u00e8s","twitter_card":"summary_large_image","twitter_creator":"@medoucinefr","twitter_site":"@medoucinefr","twitter_misc":{"\u00c9crit par":"In\u00e8s Ancia\u00e8s","Dur\u00e9e de lecture estim\u00e9e":"7 minutes"},"schema":{"@context":"https:\/\/schema.org","@graph":[{"@type":"Article","@id":"https:\/\/www.medoucine.com\/blog\/quels-sont-les-bienfaits-de-la-prune\/#article","isPartOf":{"@id":"https:\/\/www.medoucine.com\/blog\/quels-sont-les-bienfaits-de-la-prune\/"},"author":{"name":"In\u00e8s Ancia\u00e8s","@id":"https:\/\/www.medoucine.com\/blog\/#\/schema\/person\/3213384445d1d3c35096848b90645f31"},"headline":"Quels sont les bienfaits de la prune ?","datePublished":"2022-10-26T08:00:57+00:00","dateModified":"2026-04-08T16:21:24+00:00","mainEntityOfPage":{"@id":"https:\/\/www.medoucine.com\/blog\/quels-sont-les-bienfaits-de-la-prune\/"},"wordCount":1340,"commentCount":0,"publisher":{"@id":"https:\/\/www.medoucine.com\/blog\/#organization"},"image":{"@id":"https:\/\/www.medoucine.com\/blog\/quels-sont-les-bienfaits-de-la-prune\/#primaryimage"},"thumbnailUrl":"https:\/\/www.medoucine.com\/blog\/wp-content\/uploads\/2022\/09\/pexels-figen-kokol-13801015-scaled.jpg","keywords":["prune"],"articleSection":["Plantes &amp; Nutriments"],"inLanguage":"fr-FR","potentialAction":[{"@type":"CommentAction","name":"Comment","target":["https:\/\/www.medoucine.com\/blog\/quels-sont-les-bienfaits-de-la-prune\/#respond"]}]},{"@type":"WebPage","@id":"https:\/\/www.medoucine.com\/blog\/quels-sont-les-bienfaits-de-la-prune\/","url":"https:\/\/www.medoucine.com\/blog\/quels-sont-les-bienfaits-de-la-prune\/","name":"Quels sont les bienfaits de la prune ? ~ Blog de Medoucine","isPartOf":{"@id":"https:\/\/www.medoucine.com\/blog\/#website"},"primaryImageOfPage":{"@id":"https:\/\/www.medoucine.com\/blog\/quels-sont-les-bienfaits-de-la-prune\/#primaryimage"},"image":{"@id":"https:\/\/www.medoucine.com\/blog\/quels-sont-les-bienfaits-de-la-prune\/#primaryimage"},"thumbnailUrl":"https:\/\/www.medoucine.com\/blog\/wp-content\/uploads\/2022\/09\/pexels-figen-kokol-13801015-scaled.jpg","datePublished":"2022-10-26T08:00:57+00:00","dateModified":"2026-04-08T16:21:24+00:00","description":"Mirabelle, Quetsche, Reine Claude, d\u00e9couvrez quels sont les bienfaits de la prune, un fruit savoureux \u00e0 d\u00e9guster tel quel ou cuisin\u00e9 !","breadcrumb":{"@id":"https:\/\/www.medoucine.com\/blog\/quels-sont-les-bienfaits-de-la-prune\/#breadcrumb"},"inLanguage":"fr-FR","potentialAction":[{"@type":"ReadAction","target":["https:\/\/www.medoucine.com\/blog\/quels-sont-les-bienfaits-de-la-prune\/"]}]},{"@type":"ImageObject","inLanguage":"fr-FR","@id":"https:\/\/www.medoucine.com\/blog\/quels-sont-les-bienfaits-de-la-prune\/#primaryimage","url":"https:\/\/www.medoucine.com\/blog\/wp-content\/uploads\/2022\/09\/pexels-figen-kokol-13801015-scaled.jpg","contentUrl":"https:\/\/www.medoucine.com\/blog\/wp-content\/uploads\/2022\/09\/pexels-figen-kokol-13801015-scaled.jpg","width":1691,"height":2560},{"@type":"BreadcrumbList","@id":"https:\/\/www.medoucine.com\/blog\/quels-sont-les-bienfaits-de-la-prune\/#breadcrumb","itemListElement":[{"@type":"ListItem","position":1,"name":"Blog Medoucine","item":"https:\/\/www.medoucine.com\/blog\/"},{"@type":"ListItem","position":2,"name":"Alimentation","item":"https:\/\/www.medoucine.com\/blog\/cat\/alimentation\/"},{"@type":"ListItem","position":3,"name":"Plantes &amp; Nutriments","item":"https:\/\/www.medoucine.com\/blog\/cat\/alimentation\/plantes-nutriments\/"},{"@type":"ListItem","position":4,"name":"Quels sont les bienfaits de la prune ?"}]},{"@type":"WebSite","@id":"https:\/\/www.medoucine.com\/blog\/#website","url":"https:\/\/www.medoucine.com\/blog\/","name":"Blog de Medoucine","description":"Le blog des m\u00e9decines douces","publisher":{"@id":"https:\/\/www.medoucine.com\/blog\/#organization"},"potentialAction":[{"@type":"SearchAction","target":{"@type":"EntryPoint","urlTemplate":"https:\/\/www.medoucine.com\/blog\/?s={search_term_string}"},"query-input":{"@type":"PropertyValueSpecification","valueRequired":true,"valueName":"search_term_string"}}],"inLanguage":"fr-FR"},{"@type":"Organization","@id":"https:\/\/www.medoucine.com\/blog\/#organization","name":"Medoucine","url":"https:\/\/www.medoucine.com\/blog\/","logo":{"@type":"ImageObject","inLanguage":"fr-FR","@id":"https:\/\/www.medoucine.com\/blog\/#\/schema\/logo\/image\/","url":"https:\/\/www.medoucine.com\/blog\/wp-content\/uploads\/2019\/07\/logo@3x.png","contentUrl":"https:\/\/www.medoucine.com\/blog\/wp-content\/uploads\/2019\/07\/logo@3x.png","width":555,"height":135,"caption":"Medoucine"},"image":{"@id":"https:\/\/www.medoucine.com\/blog\/#\/schema\/logo\/image\/"},"sameAs":["https:\/\/www.facebook.com\/medoucine\/","https:\/\/x.com\/medoucinefr","https:\/\/www.instagram.com\/medoucine\/","https:\/\/www.youtube.com\/channel\/UCtZeUeJ_KebYK0KJAXjJV8g"]},{"@type":"Person","@id":"https:\/\/www.medoucine.com\/blog\/#\/schema\/person\/3213384445d1d3c35096848b90645f31","name":"In\u00e8s Ancia\u00e8s","image":{"@type":"ImageObject","inLanguage":"fr-FR","@id":"https:\/\/www.medoucine.com\/blog\/#\/schema\/person\/image\/","url":"https:\/\/secure.gravatar.com\/avatar\/6eb155a29d75c730cbd0f299ffc96d09ad47ee44b6317df0794dd5c362228ea5?s=96&d=mm&r=g","contentUrl":"https:\/\/secure.gravatar.com\/avatar\/6eb155a29d75c730cbd0f299ffc96d09ad47ee44b6317df0794dd5c362228ea5?s=96&d=mm&r=g","caption":"In\u00e8s Ancia\u00e8s"},"description":"Bonjour, je suis In\u00e8s Ancia\u00e8s, naturopathe. Je vous re\u00e7ois au cabinet soit \u00e0 Colombes, soit \u00e0 Asni\u00e8res pour des consultations : une premi\u00e8re s\u00e9ance d'1h30 au cours de laquelle par un dialogue nous cernons ensemble votre probl\u00e9matique afin d'\u00e9tablir des bilans de vitalit\u00e9 et alimentaire. Je vous donne les bases d'une meilleure hygi\u00e8ne de vie et des conseils personnalis\u00e9s int\u00e9grant bienfaits de la nutrition, compl\u00e9ments alimentaires, respiration, plantes m\u00e9dicinales, huiles essentielles, bourgeons de plante... Je vous revois \u00e9ventuellement pour une ou plusieurs s\u00e9ances de suivi d'une heure.","sameAs":["https:\/\/www.medoucine.com\/consultation\/colombes\/ines-anciaes\/1552"],"url":"https:\/\/www.medoucine.com\/blog\/author\/ines_anciaes\/"}]}},"_links":{"self":[{"href":"https:\/\/www.medoucine.com\/blog\/wp-json\/wp\/v2\/posts\/24035","targetHints":{"allow":["GET"]}}],"collection":[{"href":"https:\/\/www.medoucine.com\/blog\/wp-json\/wp\/v2\/posts"}],"about":[{"href":"https:\/\/www.medoucine.com\/blog\/wp-json\/wp\/v2\/types\/post"}],"author":[{"embeddable":true,"href":"https:\/\/www.medoucine.com\/blog\/wp-json\/wp\/v2\/users\/374"}],"replies":[{"embeddable":true,"href":"https:\/\/www.medoucine.com\/blog\/wp-json\/wp\/v2\/comments?post=24035"}],"version-history":[{"count":7,"href":"https:\/\/www.medoucine.com\/blog\/wp-json\/wp\/v2\/posts\/24035\/revisions"}],"predecessor-version":[{"id":42453,"href":"https:\/\/www.medoucine.com\/blog\/wp-json\/wp\/v2\/posts\/24035\/revisions\/42453"}],"wp:featuredmedia":[{"embeddable":true,"href":"https:\/\/www.medoucine.com\/blog\/wp-json\/wp\/v2\/media\/24309"}],"wp:attachment":[{"href":"https:\/\/www.medoucine.com\/blog\/wp-json\/wp\/v2\/media?parent=24035"}],"wp:term":[{"taxonomy":"category","embeddable":true,"href":"https:\/\/www.medoucine.com\/blog\/wp-json\/wp\/v2\/categories?post=24035"},{"taxonomy":"post_tag","embeddable":true,"href":"https:\/\/www.medoucine.com\/blog\/wp-json\/wp\/v2\/tags?post=24035"}],"curies":[{"name":"wp","href":"https:\/\/api.w.org\/{rel}","templated":true}]}}