{"id":23933,"date":"2022-10-10T10:00:58","date_gmt":"2022-10-10T08:00:58","guid":{"rendered":"https:\/\/www.medoucine.com\/blog\/?p=23933"},"modified":"2026-04-08T18:21:53","modified_gmt":"2026-04-08T16:21:53","slug":"hypersensibilite-bien-vivre-ses-emotions-au-travail-grace-a-la-sophrologie","status":"publish","type":"post","link":"https:\/\/www.medoucine.com\/blog\/hypersensibilite-bien-vivre-ses-emotions-au-travail-grace-a-la-sophrologie\/","title":{"rendered":"Hypersensibilit\u00e9 : bien vivre ses \u00e9motions au travail gr\u00e2ce \u00e0 la sophrologie"},"content":{"rendered":"<div class=\"wpb-content-wrapper\">[vc_row][vc_column][vc_column_text]\n<p class=\"has-drop-cap\">Lorsque l\u2019on est une personne <strong><a href=\"https:\/\/www.medoucine.com\/maux-troubles\/hypersensibilite\" target=\"_blank\" rel=\"noopener\">hypersensible<\/a><\/strong>, <strong>les \u00e9motions peuvent \u00eatre tr\u00e8s intenses.<\/strong> Cette intensit\u00e9 \u00e9motionnelle peut parfois venir d\u00e9stabiliser le quotidien, surtout dans une sph\u00e8re comme le monde du travail.<\/p>\n<p><span style=\"font-weight: 400\">Alors si vous avez l\u2019impression que les remarques vous touchent en plein c\u0153ur, que votre envie de bien faire est au-del\u00e0 de l\u2019attendu, vous faites peut-\u00eatre partie de ces magnifiques personnes qui ressentent tout plus vite et plus intens\u00e9ment : les hypersensibles.\u00a0 <\/span><span style=\"font-weight: 400\"><strong>Alors comment faire pour bien vivre ses \u00e9motions au travail ?<\/strong> Je vous donne des pistes dans cet article.\u00a0<\/span><\/p>\n<h2>Accueillir ses \u00e9motions au lieu de les fuir<\/h2>\n<p><span style=\"font-weight: 400\">Faites la paix avec vous-m\u00eame et accueillez vos ressentis \u00e9motionnels ! <strong>Vous avez le droit de ressentir de vives \u00e9motions, cela fait partie de vous.<\/strong> Malheureusement, on tente souvent de cacher ses \u00e9motions, les fuir, voire les nier et cela ne permet absolument pas d\u2019entrer en amiti\u00e9 avec elles. Alors, pour vous aider \u00e0 accueillir vos \u00e9motions, je vous propose de <strong>tester l\u2019observation de vos ressentis \u00e9motionnels.\u00a0<\/strong><\/span><\/p>\n<p><span style=\"font-weight: 400\">Comment faire ? C\u2019est tr\u00e8s simple, lorsque vous sentez monter une vague \u00e9motionnelle en vous, <strong>prenez le temps de fermer les yeux quelques instants et de percevoir les sensations corporelles associ\u00e9es \u00e0 cette \u00e9motion.<\/strong> Une fois les ressentis identifi\u00e9s, prenez le temps de respirer. De belles grandes respirations, pour cela je vous propose de r\u00e9aliser <strong>9 respirations compl\u00e8tes<\/strong> en inspirant par le nez tout en gonflant le ventre puis en expirant par la bouche en vidant compl\u00e8tement vos poumons. Et observez ce qui se passe en vous.\u00a0<\/span><\/p>\n<div style=\"width: 591px\" class=\"wp-caption aligncenter\"><img loading=\"lazy\" decoding=\"async\" class=\"\" src=\"https:\/\/www.medoucine.com\/blog\/\/wp-content\/uploads\/2022\/09\/pexels-ingrid-santana-2100027-scaled.jpg\" alt=\"Hypersensibilit\u00e9 : bien vivre ses \u00e9motions au travail gr\u00e2ce \u00e0 la sophrologie\" width=\"581\" height=\"871\" \/><p class=\"wp-caption-text\">Pexels<\/p><\/div>\n<div class=\"m-spin\">\n<p class=\"m-spin__text\"><strong>Sophrologie : Reprenez le contr\u00f4le de vos \u00e9motions<\/strong><\/p>\n<p class=\"m-spin__text\">L&rsquo;hypersensibilit\u00e9 au travail peut \u00eatre source de stress et d&rsquo;\u00e9puisement. La sophrologie offre des outils concrets pour mieux g\u00e9rer vos \u00e9motions et retrouver un \u00e9quilibre durable. Prenez rendez-vous avec un <a class=\"m-spin__link\" target=\"_blank\" rel=\"noopener noreferrer\" href=\"https:\/\/www.medoucine.com\/consultations\/se-soigner\/sophrologie\/montpellier\/tous-publics\/a-domicile-ou-cabinet?utm_source=medoucine_blog_B2C&amp;utm_medium=article_blog&amp;utm_campaign=spin_seo\">Sophrologue \u00e0 Montpellier<\/a>, un <a class=\"m-spin__link\" target=\"_blank\" rel=\"noopener noreferrer\" href=\"https:\/\/www.medoucine.com\/consultations\/se-soigner\/sophrologie\/nantes\/tous-publics\/a-domicile-ou-cabinet?utm_source=medoucine_blog_B2C&amp;utm_medium=article_blog&amp;utm_campaign=spin_seo\">Sophrologue \u00e0 Nantes<\/a> ou un <a class=\"m-spin__link\" target=\"_blank\" rel=\"noopener noreferrer\" href=\"https:\/\/www.medoucine.com\/consultations\/se-soigner\/sophrologie\/strasbourg\/tous-publics\/a-domicile-ou-cabinet?utm_source=medoucine_blog_B2C&amp;utm_medium=article_blog&amp;utm_campaign=spin_seo\">Sophrologue \u00e0 Strasbourg<\/a> pour un accompagnement personnalis\u00e9.<\/p>\n<p class=\"m-spin__text\">Vous cherchez un professionnel qualifi\u00e9 ? Trouvez des <a class=\"m-spin__link\" target=\"_blank\" rel=\"noopener noreferrer\" href=\"https:\/\/www.medoucine.com\/consultations\/se-soigner\/sophrologie\/autour-de-moi?utm_source=medoucine_blog_B2C&amp;utm_medium=article_blog&amp;utm_campaign=spin_seo\">Sophrologues pr\u00e8s de chez vous<\/a> pour vous accompagner vers un bien-\u00eatre au travail \u00e9panoui.<\/p>\n<\/div>\n<h2>Identifier les situations de surcharges \u00e9motionnelles<\/h2>\n<p><span style=\"font-weight: 400\">Certaines situations peuvent \u00eatre particuli\u00e8rement sources de vives \u00e9motions, prenez le temps de <strong>les identifier et observez ce que ces situations viennent provoquer \u00e0 l\u2019int\u00e9rieur de vous.<\/strong> Lorsque vous avez \u00e0 affronter une situation professionnelle particuli\u00e8rement stressante par exemple, prenez le temps de vous y pr\u00e9parer. Vous pouvez visualiser le lieu, la situation ainsi que votre mani\u00e8re de g\u00e9rer cette situation. Visualisez-vous \u00e0 l\u2019\u00e9coute de vos ressentis corporels et de votre respiration.\u00a0<\/span><\/p>\n<p><span style=\"font-weight: 400\">Votre corps est votre plus grand alli\u00e9 pour ne pas vous laisser d\u00e9border. Plus vous allez prendre l\u2019habitude d&rsquo;observer les situations qui vous mettent particuli\u00e8rement en surcharge \u00e9motionnelle, plus vous allez apprendre \u00e0 accueillir vos \u00e9motions, les accepter et plus vous vivrez en harmonie avec elles.\u00a0<\/span><\/p>\n<div style=\"width: 695px\" class=\"wp-caption aligncenter\"><img loading=\"lazy\" decoding=\"async\" class=\"\" src=\"https:\/\/www.medoucine.com\/blog\/\/wp-content\/uploads\/2022\/09\/pexels-energepiccom-313690-scaled.jpg\" alt=\"Hypersensibilit\u00e9 : bien vivre ses \u00e9motions au travail gr\u00e2ce \u00e0 la sophrologie\" width=\"685\" height=\"514\" \/><p class=\"wp-caption-text\">Pexels<\/p><\/div>\n<h2>R\u00e9guler le trop plein \u00e9motionnel<\/h2>\n<p><span style=\"font-weight: 400\">Lorsque vous vous trouvez en situation de surcharge \u00e9motionnelle, il est tout \u00e0 fait possible <strong>d\u2019apprendre \u00e0 \u00e9vacuer ce trop plein.<\/strong> <a href=\"https:\/\/www.medoucine.com\/solution\/sophrologie-hypersensibilite\" target=\"_blank\" rel=\"noopener\">Pour cela, il existe en sophrologie des solutions pour les hypersensibles<\/a>. Je vous propose ici un petit exercice qui va vous permettre de venir \u00e9vacuer toute cette tension accumul\u00e9e.\u00a0<\/span><\/p>\n<p><span style=\"font-weight: 400\"><strong>L\u2019exercice que je vous propose s\u2019appelle le pompage des \u00e9paules, il est aussi simple \u00e0 r\u00e9aliser qu\u2019efficace.<\/strong> Vous vous installez debout, le dos bien droit, vous pouvez fermer les yeux. Vous prenez le temps de sentir vos pieds sur le sol et vous posez l&rsquo;intention de venir \u00e9vacuer votre surcharge \u00e9motionnelle. Puis, vous inspirez par le nez et vous serrez vos poings en tendant bien vos bras vers le bas. Puis, vous dirigez vos \u00e9paules vers vos oreilles. Vous bloquez votre respiration et vous r\u00e9alisez des mouvements de haut en bas avec vos bras et vos \u00e9paules. Puis vous ouvrez vos mains, vous rel\u00e2chez vos bras tout en soufflant par la bouche. Je vous invite \u00e0 r\u00e9aliser cet exercice 3 fois de suite.\u00a0\u00a0<\/span><\/p>\n<div style=\"width: 594px\" class=\"wp-caption aligncenter\"><img loading=\"lazy\" decoding=\"async\" class=\"\" src=\"https:\/\/www.medoucine.com\/blog\/\/wp-content\/uploads\/2022\/09\/pexels-miaversa-11409226-scaled.jpg\" alt=\"Hypersensibilit\u00e9 : bien vivre ses \u00e9motions au travail gr\u00e2ce \u00e0 la sophrologie\" width=\"584\" height=\"781\" \/><p class=\"wp-caption-text\">Pexels<\/p><\/div>\n<h2>Lister les activit\u00e9s ressources<\/h2>\n<p><span style=\"font-weight: 400\">L\u2019avantage de l&rsquo;hypersensibilit\u00e9, c&rsquo;est que l\u2019intensit\u00e9 \u00e9motionnelle est \u00e9galement positive. Lorsque les \u00e9motions sont li\u00e9es, par exemple \u00e0 la joie, elles sont \u00e9galement ressenties avec une vive intensit\u00e9. Alors surtout <strong>ne vous privez pas de bons moments.<\/strong> Pour vous y aider, je vous invite \u00e0 lister sur un petit carnet toutes les activit\u00e9s qui vous apportent du bien-\u00eatre.\u00a0\u00a0<\/span><\/p>\n<p><span style=\"font-weight: 400\">Puis organisez votre emploi du temps hebdomadaire afin d\u2019y int\u00e9grer au maximum toutes les activit\u00e9s list\u00e9es. Vous pouvez par exemple profiter d\u2019une balade en pleine nature, d\u2019une s\u00e9ance de sport ou d\u2019une bonne tasse de th\u00e9\u2026<\/span><\/p>\n<p>&nbsp;<\/p>\n<p>par <a href=\"http:\/\/- par Nom Pr\u00e9nom, titre du r\u00e9seau M\u00e9doucine. Trouvez un XXX pr\u00e8s de chez vous sur M\u00e9doucine. \u00c0 lire aussi :\"><strong>L\u00e9lia Aranda, praticienne en sophrologie<\/strong><\/a>\u00a0du r\u00e9seau M\u00e9doucine.<\/p>\n<p><a href=\"https:\/\/www.medoucine.com\/\"><strong>Trouvez un praticien en sophrologie pr\u00e8s de chez vous sur M\u00e9doucine<\/strong>.\u00a0<\/a><\/p>\n<p><strong>\u00c0 lire aussi\u00a0:<\/strong><\/p>\n<ul>\n<li><a href=\"https:\/\/www.medoucine.com\/blog\/\/hypersensible-faites-le-test\/\">Hypersensible ? Faites le test !<\/a><\/li>\n<li><a href=\"https:\/\/www.medoucine.com\/blog\/\/comment-faire-de-son-hypersensibilite-un-atout\/\">Comment faire de son hypersensibilit\u00e9 un atout ?<\/a><\/li>\n<li><a href=\"https:\/\/www.medoucine.com\/blog\/\/hyperemotivite-comprendre-et-mieux-vivre-sa-difference\/\">Hyper\u00e9motivit\u00e9 : comprendre et mieux vivre sa diff\u00e9rence<\/a><\/li>\n<\/ul>\n[\/vc_column_text][\/vc_column][\/vc_row]\n<\/div>","protected":false},"excerpt":{"rendered":"<p>[vc_row][vc_column][vc_column_text] Lorsque l\u2019on est une personne hypersensible, les \u00e9motions peuvent \u00eatre tr\u00e8s intenses. Cette intensit\u00e9 \u00e9motionnelle peut parfois venir d\u00e9stabiliser le quotidien, surtout dans une sph\u00e8re comme le monde du travail. Alors si vous avez l\u2019impression que les remarques vous touchent en plein c\u0153ur, que votre envie de bien faire est au-del\u00e0 de l\u2019attendu, vous faites peut-\u00eatre partie de ces magnifiques personnes qui ressentent tout plus vite et plus intens\u00e9ment : les hypersensibles.\u00a0 Alors comment faire pour bien vivre ses \u00e9motions au travail ? Je vous donne des pistes dans cet article.\u00a0 Accueillir ses \u00e9motions au lieu de les fuir Faites la paix avec vous-m\u00eame et accueillez vos ressentis \u00e9motionnels ! Vous avez le droit de ressentir de vives \u00e9motions, cela fait partie de vous. Malheureusement, on tente souvent de cacher ses \u00e9motions, les fuir, [&hellip;]<\/p>\n","protected":false},"author":638,"featured_media":24103,"comment_status":"open","ping_status":"open","sticky":false,"template":"","format":"standard","meta":{"_acf_changed":false,"footnotes":""},"categories":[1,104],"tags":[490,186],"class_list":["post-23933","post","type-post","status-publish","format-standard","has-post-thumbnail","hentry","category-non-classe","category-travail","tag-hypersensibilite","tag-travail"],"acf":[],"yoast_head":"<!-- This site is optimized with the Yoast SEO plugin v27.1.1 - https:\/\/yoast.com\/product\/yoast-seo-wordpress\/ -->\n<title>Hypersensibilit\u00e9 : bien vivre ses \u00e9motions au travail gr\u00e2ce \u00e0 la sophrologie<\/title>\n<meta name=\"description\" content=\"Stress, \u00e9motions d\u00e9bordantes... D\u00e9couvrez diff\u00e9rents conseils et astuces pour mieux vivre votre hypersensibilit\u00e9 au travail !\" \/>\n<meta name=\"robots\" content=\"index, follow, max-snippet:-1, max-image-preview:large, max-video-preview:-1\" \/>\n<link rel=\"canonical\" href=\"https:\/\/www.medoucine.com\/blog\/hypersensibilite-bien-vivre-ses-emotions-au-travail-grace-a-la-sophrologie\/\" \/>\n<meta property=\"og:locale\" content=\"fr_FR\" \/>\n<meta property=\"og:type\" content=\"article\" \/>\n<meta property=\"og:title\" content=\"Hypersensibilit\u00e9 : bien vivre ses \u00e9motions au travail gr\u00e2ce \u00e0 la sophrologie\" \/>\n<meta property=\"og:description\" content=\"Stress, \u00e9motions d\u00e9bordantes... D\u00e9couvrez diff\u00e9rents conseils et astuces pour mieux vivre votre hypersensibilit\u00e9 au travail !\" \/>\n<meta property=\"og:url\" content=\"https:\/\/www.medoucine.com\/blog\/hypersensibilite-bien-vivre-ses-emotions-au-travail-grace-a-la-sophrologie\/\" \/>\n<meta property=\"og:site_name\" content=\"Blog de Medoucine\" \/>\n<meta property=\"article:publisher\" content=\"https:\/\/www.facebook.com\/medoucine\/\" \/>\n<meta property=\"article:published_time\" content=\"2022-10-10T08:00:58+00:00\" \/>\n<meta property=\"article:modified_time\" content=\"2026-04-08T16:21:53+00:00\" \/>\n<meta property=\"og:image\" content=\"https:\/\/www.medoucine.com\/blog\/wp-content\/uploads\/2022\/09\/pexels-fauxels-3184291-scaled.jpg\" \/>\n\t<meta property=\"og:image:width\" content=\"2560\" \/>\n\t<meta property=\"og:image:height\" content=\"1707\" \/>\n\t<meta property=\"og:image:type\" content=\"image\/jpeg\" \/>\n<meta name=\"author\" content=\"L\u00e9lia Aranda\" \/>\n<meta name=\"twitter:card\" content=\"summary_large_image\" \/>\n<meta name=\"twitter:creator\" content=\"@medoucinefr\" \/>\n<meta name=\"twitter:site\" content=\"@medoucinefr\" \/>\n<meta name=\"twitter:label1\" content=\"\u00c9crit par\" \/>\n\t<meta name=\"twitter:data1\" content=\"L\u00e9lia Aranda\" \/>\n\t<meta name=\"twitter:label2\" content=\"Dur\u00e9e de lecture estim\u00e9e\" \/>\n\t<meta name=\"twitter:data2\" content=\"4 minutes\" \/>\n<script type=\"application\/ld+json\" class=\"yoast-schema-graph\">{\"@context\":\"https:\/\/schema.org\",\"@graph\":[{\"@type\":\"Article\",\"@id\":\"https:\/\/www.medoucine.com\/blog\/hypersensibilite-bien-vivre-ses-emotions-au-travail-grace-a-la-sophrologie\/#article\",\"isPartOf\":{\"@id\":\"https:\/\/www.medoucine.com\/blog\/hypersensibilite-bien-vivre-ses-emotions-au-travail-grace-a-la-sophrologie\/\"},\"author\":{\"name\":\"L\u00e9lia Aranda\",\"@id\":\"https:\/\/www.medoucine.com\/blog\/#\/schema\/person\/a7ec253f52c0e9aa37f7f116b72fed8c\"},\"headline\":\"Hypersensibilit\u00e9 : bien vivre ses \u00e9motions au travail gr\u00e2ce \u00e0 la sophrologie\",\"datePublished\":\"2022-10-10T08:00:58+00:00\",\"dateModified\":\"2026-04-08T16:21:53+00:00\",\"mainEntityOfPage\":{\"@id\":\"https:\/\/www.medoucine.com\/blog\/hypersensibilite-bien-vivre-ses-emotions-au-travail-grace-a-la-sophrologie\/\"},\"wordCount\":864,\"commentCount\":0,\"publisher\":{\"@id\":\"https:\/\/www.medoucine.com\/blog\/#organization\"},\"image\":{\"@id\":\"https:\/\/www.medoucine.com\/blog\/hypersensibilite-bien-vivre-ses-emotions-au-travail-grace-a-la-sophrologie\/#primaryimage\"},\"thumbnailUrl\":\"https:\/\/www.medoucine.com\/blog\/wp-content\/uploads\/2022\/09\/pexels-fauxels-3184291-scaled.jpg\",\"keywords\":[\"hypersensibilit\u00e9\",\"travail\"],\"articleSection\":{\"1\":\"Travail\"},\"inLanguage\":\"fr-FR\",\"potentialAction\":[{\"@type\":\"CommentAction\",\"name\":\"Comment\",\"target\":[\"https:\/\/www.medoucine.com\/blog\/hypersensibilite-bien-vivre-ses-emotions-au-travail-grace-a-la-sophrologie\/#respond\"]}]},{\"@type\":\"WebPage\",\"@id\":\"https:\/\/www.medoucine.com\/blog\/hypersensibilite-bien-vivre-ses-emotions-au-travail-grace-a-la-sophrologie\/\",\"url\":\"https:\/\/www.medoucine.com\/blog\/hypersensibilite-bien-vivre-ses-emotions-au-travail-grace-a-la-sophrologie\/\",\"name\":\"Hypersensibilit\u00e9 : bien vivre ses \u00e9motions au travail gr\u00e2ce \u00e0 la sophrologie\",\"isPartOf\":{\"@id\":\"https:\/\/www.medoucine.com\/blog\/#website\"},\"primaryImageOfPage\":{\"@id\":\"https:\/\/www.medoucine.com\/blog\/hypersensibilite-bien-vivre-ses-emotions-au-travail-grace-a-la-sophrologie\/#primaryimage\"},\"image\":{\"@id\":\"https:\/\/www.medoucine.com\/blog\/hypersensibilite-bien-vivre-ses-emotions-au-travail-grace-a-la-sophrologie\/#primaryimage\"},\"thumbnailUrl\":\"https:\/\/www.medoucine.com\/blog\/wp-content\/uploads\/2022\/09\/pexels-fauxels-3184291-scaled.jpg\",\"datePublished\":\"2022-10-10T08:00:58+00:00\",\"dateModified\":\"2026-04-08T16:21:53+00:00\",\"description\":\"Stress, \u00e9motions d\u00e9bordantes... D\u00e9couvrez diff\u00e9rents conseils et astuces pour mieux vivre votre hypersensibilit\u00e9 au travail !\",\"breadcrumb\":{\"@id\":\"https:\/\/www.medoucine.com\/blog\/hypersensibilite-bien-vivre-ses-emotions-au-travail-grace-a-la-sophrologie\/#breadcrumb\"},\"inLanguage\":\"fr-FR\",\"potentialAction\":[{\"@type\":\"ReadAction\",\"target\":[\"https:\/\/www.medoucine.com\/blog\/hypersensibilite-bien-vivre-ses-emotions-au-travail-grace-a-la-sophrologie\/\"]}]},{\"@type\":\"ImageObject\",\"inLanguage\":\"fr-FR\",\"@id\":\"https:\/\/www.medoucine.com\/blog\/hypersensibilite-bien-vivre-ses-emotions-au-travail-grace-a-la-sophrologie\/#primaryimage\",\"url\":\"https:\/\/www.medoucine.com\/blog\/wp-content\/uploads\/2022\/09\/pexels-fauxels-3184291-scaled.jpg\",\"contentUrl\":\"https:\/\/www.medoucine.com\/blog\/wp-content\/uploads\/2022\/09\/pexels-fauxels-3184291-scaled.jpg\",\"width\":2560,\"height\":1707},{\"@type\":\"BreadcrumbList\",\"@id\":\"https:\/\/www.medoucine.com\/blog\/hypersensibilite-bien-vivre-ses-emotions-au-travail-grace-a-la-sophrologie\/#breadcrumb\",\"itemListElement\":[{\"@type\":\"ListItem\",\"position\":1,\"name\":\"Blog Medoucine\",\"item\":\"https:\/\/www.medoucine.com\/blog\/\"},{\"@type\":\"ListItem\",\"position\":2,\"name\":\"Non class\u00e9\",\"item\":\"https:\/\/www.medoucine.com\/blog\/cat\/non-classe\/\"},{\"@type\":\"ListItem\",\"position\":3,\"name\":\"Hypersensibilit\u00e9 : bien vivre ses \u00e9motions au travail gr\u00e2ce \u00e0 la sophrologie\"}]},{\"@type\":\"WebSite\",\"@id\":\"https:\/\/www.medoucine.com\/blog\/#website\",\"url\":\"https:\/\/www.medoucine.com\/blog\/\",\"name\":\"Blog de Medoucine\",\"description\":\"Le blog des m\u00e9decines douces\",\"publisher\":{\"@id\":\"https:\/\/www.medoucine.com\/blog\/#organization\"},\"potentialAction\":[{\"@type\":\"SearchAction\",\"target\":{\"@type\":\"EntryPoint\",\"urlTemplate\":\"https:\/\/www.medoucine.com\/blog\/?s={search_term_string}\"},\"query-input\":{\"@type\":\"PropertyValueSpecification\",\"valueRequired\":true,\"valueName\":\"search_term_string\"}}],\"inLanguage\":\"fr-FR\"},{\"@type\":\"Organization\",\"@id\":\"https:\/\/www.medoucine.com\/blog\/#organization\",\"name\":\"Medoucine\",\"url\":\"https:\/\/www.medoucine.com\/blog\/\",\"logo\":{\"@type\":\"ImageObject\",\"inLanguage\":\"fr-FR\",\"@id\":\"https:\/\/www.medoucine.com\/blog\/#\/schema\/logo\/image\/\",\"url\":\"https:\/\/www.medoucine.com\/blog\/wp-content\/uploads\/2019\/07\/logo@3x.png\",\"contentUrl\":\"https:\/\/www.medoucine.com\/blog\/wp-content\/uploads\/2019\/07\/logo@3x.png\",\"width\":555,\"height\":135,\"caption\":\"Medoucine\"},\"image\":{\"@id\":\"https:\/\/www.medoucine.com\/blog\/#\/schema\/logo\/image\/\"},\"sameAs\":[\"https:\/\/www.facebook.com\/medoucine\/\",\"https:\/\/x.com\/medoucinefr\",\"https:\/\/www.instagram.com\/medoucine\/\",\"https:\/\/www.youtube.com\/channel\/UCtZeUeJ_KebYK0KJAXjJV8g\"]},{\"@type\":\"Person\",\"@id\":\"https:\/\/www.medoucine.com\/blog\/#\/schema\/person\/a7ec253f52c0e9aa37f7f116b72fed8c\",\"name\":\"L\u00e9lia Aranda\",\"image\":{\"@type\":\"ImageObject\",\"inLanguage\":\"fr-FR\",\"@id\":\"https:\/\/www.medoucine.com\/blog\/#\/schema\/person\/image\/\",\"url\":\"https:\/\/secure.gravatar.com\/avatar\/f240ceb2048e114c765d9194da37bf2ae0568417d4e27f6da0fa4a224f9e17ee?s=96&d=mm&r=g\",\"contentUrl\":\"https:\/\/secure.gravatar.com\/avatar\/f240ceb2048e114c765d9194da37bf2ae0568417d4e27f6da0fa4a224f9e17ee?s=96&d=mm&r=g\",\"caption\":\"L\u00e9lia Aranda\"},\"description\":\"Gr\u00e2ce \u00e0 un accompagnement psycho-corporelle personnalis\u00e9 de sophrologie, L\u00e9lia Aranda propose d'aider \u00e0 r\u00e9duire son stress et son anxi\u00e9t\u00e9.\",\"sameAs\":[\"https:\/\/www.medoucine.com\/consultation\/issy-les-moulineaux\/lelia-aranda\/3338\"],\"url\":\"https:\/\/www.medoucine.com\/blog\/author\/lelia_aranda\/\"}]}<\/script>\n<!-- \/ Yoast SEO plugin. -->","yoast_head_json":{"title":"Hypersensibilit\u00e9 : bien vivre ses \u00e9motions au travail gr\u00e2ce \u00e0 la sophrologie","description":"Stress, \u00e9motions d\u00e9bordantes... D\u00e9couvrez diff\u00e9rents conseils et astuces pour mieux vivre votre hypersensibilit\u00e9 au travail !","robots":{"index":"index","follow":"follow","max-snippet":"max-snippet:-1","max-image-preview":"max-image-preview:large","max-video-preview":"max-video-preview:-1"},"canonical":"https:\/\/www.medoucine.com\/blog\/hypersensibilite-bien-vivre-ses-emotions-au-travail-grace-a-la-sophrologie\/","og_locale":"fr_FR","og_type":"article","og_title":"Hypersensibilit\u00e9 : bien vivre ses \u00e9motions au travail gr\u00e2ce \u00e0 la sophrologie","og_description":"Stress, \u00e9motions d\u00e9bordantes... D\u00e9couvrez diff\u00e9rents conseils et astuces pour mieux vivre votre hypersensibilit\u00e9 au travail !","og_url":"https:\/\/www.medoucine.com\/blog\/hypersensibilite-bien-vivre-ses-emotions-au-travail-grace-a-la-sophrologie\/","og_site_name":"Blog de Medoucine","article_publisher":"https:\/\/www.facebook.com\/medoucine\/","article_published_time":"2022-10-10T08:00:58+00:00","article_modified_time":"2026-04-08T16:21:53+00:00","og_image":[{"width":2560,"height":1707,"url":"https:\/\/www.medoucine.com\/blog\/wp-content\/uploads\/2022\/09\/pexels-fauxels-3184291-scaled.jpg","type":"image\/jpeg"}],"author":"L\u00e9lia Aranda","twitter_card":"summary_large_image","twitter_creator":"@medoucinefr","twitter_site":"@medoucinefr","twitter_misc":{"\u00c9crit par":"L\u00e9lia Aranda","Dur\u00e9e de lecture estim\u00e9e":"4 minutes"},"schema":{"@context":"https:\/\/schema.org","@graph":[{"@type":"Article","@id":"https:\/\/www.medoucine.com\/blog\/hypersensibilite-bien-vivre-ses-emotions-au-travail-grace-a-la-sophrologie\/#article","isPartOf":{"@id":"https:\/\/www.medoucine.com\/blog\/hypersensibilite-bien-vivre-ses-emotions-au-travail-grace-a-la-sophrologie\/"},"author":{"name":"L\u00e9lia Aranda","@id":"https:\/\/www.medoucine.com\/blog\/#\/schema\/person\/a7ec253f52c0e9aa37f7f116b72fed8c"},"headline":"Hypersensibilit\u00e9 : bien vivre ses \u00e9motions au travail gr\u00e2ce \u00e0 la sophrologie","datePublished":"2022-10-10T08:00:58+00:00","dateModified":"2026-04-08T16:21:53+00:00","mainEntityOfPage":{"@id":"https:\/\/www.medoucine.com\/blog\/hypersensibilite-bien-vivre-ses-emotions-au-travail-grace-a-la-sophrologie\/"},"wordCount":864,"commentCount":0,"publisher":{"@id":"https:\/\/www.medoucine.com\/blog\/#organization"},"image":{"@id":"https:\/\/www.medoucine.com\/blog\/hypersensibilite-bien-vivre-ses-emotions-au-travail-grace-a-la-sophrologie\/#primaryimage"},"thumbnailUrl":"https:\/\/www.medoucine.com\/blog\/wp-content\/uploads\/2022\/09\/pexels-fauxels-3184291-scaled.jpg","keywords":["hypersensibilit\u00e9","travail"],"articleSection":{"1":"Travail"},"inLanguage":"fr-FR","potentialAction":[{"@type":"CommentAction","name":"Comment","target":["https:\/\/www.medoucine.com\/blog\/hypersensibilite-bien-vivre-ses-emotions-au-travail-grace-a-la-sophrologie\/#respond"]}]},{"@type":"WebPage","@id":"https:\/\/www.medoucine.com\/blog\/hypersensibilite-bien-vivre-ses-emotions-au-travail-grace-a-la-sophrologie\/","url":"https:\/\/www.medoucine.com\/blog\/hypersensibilite-bien-vivre-ses-emotions-au-travail-grace-a-la-sophrologie\/","name":"Hypersensibilit\u00e9 : bien vivre ses \u00e9motions au travail gr\u00e2ce \u00e0 la sophrologie","isPartOf":{"@id":"https:\/\/www.medoucine.com\/blog\/#website"},"primaryImageOfPage":{"@id":"https:\/\/www.medoucine.com\/blog\/hypersensibilite-bien-vivre-ses-emotions-au-travail-grace-a-la-sophrologie\/#primaryimage"},"image":{"@id":"https:\/\/www.medoucine.com\/blog\/hypersensibilite-bien-vivre-ses-emotions-au-travail-grace-a-la-sophrologie\/#primaryimage"},"thumbnailUrl":"https:\/\/www.medoucine.com\/blog\/wp-content\/uploads\/2022\/09\/pexels-fauxels-3184291-scaled.jpg","datePublished":"2022-10-10T08:00:58+00:00","dateModified":"2026-04-08T16:21:53+00:00","description":"Stress, \u00e9motions d\u00e9bordantes... D\u00e9couvrez diff\u00e9rents conseils et astuces pour mieux vivre votre hypersensibilit\u00e9 au travail !","breadcrumb":{"@id":"https:\/\/www.medoucine.com\/blog\/hypersensibilite-bien-vivre-ses-emotions-au-travail-grace-a-la-sophrologie\/#breadcrumb"},"inLanguage":"fr-FR","potentialAction":[{"@type":"ReadAction","target":["https:\/\/www.medoucine.com\/blog\/hypersensibilite-bien-vivre-ses-emotions-au-travail-grace-a-la-sophrologie\/"]}]},{"@type":"ImageObject","inLanguage":"fr-FR","@id":"https:\/\/www.medoucine.com\/blog\/hypersensibilite-bien-vivre-ses-emotions-au-travail-grace-a-la-sophrologie\/#primaryimage","url":"https:\/\/www.medoucine.com\/blog\/wp-content\/uploads\/2022\/09\/pexels-fauxels-3184291-scaled.jpg","contentUrl":"https:\/\/www.medoucine.com\/blog\/wp-content\/uploads\/2022\/09\/pexels-fauxels-3184291-scaled.jpg","width":2560,"height":1707},{"@type":"BreadcrumbList","@id":"https:\/\/www.medoucine.com\/blog\/hypersensibilite-bien-vivre-ses-emotions-au-travail-grace-a-la-sophrologie\/#breadcrumb","itemListElement":[{"@type":"ListItem","position":1,"name":"Blog Medoucine","item":"https:\/\/www.medoucine.com\/blog\/"},{"@type":"ListItem","position":2,"name":"Non class\u00e9","item":"https:\/\/www.medoucine.com\/blog\/cat\/non-classe\/"},{"@type":"ListItem","position":3,"name":"Hypersensibilit\u00e9 : bien vivre ses \u00e9motions au travail gr\u00e2ce \u00e0 la sophrologie"}]},{"@type":"WebSite","@id":"https:\/\/www.medoucine.com\/blog\/#website","url":"https:\/\/www.medoucine.com\/blog\/","name":"Blog de Medoucine","description":"Le blog des m\u00e9decines douces","publisher":{"@id":"https:\/\/www.medoucine.com\/blog\/#organization"},"potentialAction":[{"@type":"SearchAction","target":{"@type":"EntryPoint","urlTemplate":"https:\/\/www.medoucine.com\/blog\/?s={search_term_string}"},"query-input":{"@type":"PropertyValueSpecification","valueRequired":true,"valueName":"search_term_string"}}],"inLanguage":"fr-FR"},{"@type":"Organization","@id":"https:\/\/www.medoucine.com\/blog\/#organization","name":"Medoucine","url":"https:\/\/www.medoucine.com\/blog\/","logo":{"@type":"ImageObject","inLanguage":"fr-FR","@id":"https:\/\/www.medoucine.com\/blog\/#\/schema\/logo\/image\/","url":"https:\/\/www.medoucine.com\/blog\/wp-content\/uploads\/2019\/07\/logo@3x.png","contentUrl":"https:\/\/www.medoucine.com\/blog\/wp-content\/uploads\/2019\/07\/logo@3x.png","width":555,"height":135,"caption":"Medoucine"},"image":{"@id":"https:\/\/www.medoucine.com\/blog\/#\/schema\/logo\/image\/"},"sameAs":["https:\/\/www.facebook.com\/medoucine\/","https:\/\/x.com\/medoucinefr","https:\/\/www.instagram.com\/medoucine\/","https:\/\/www.youtube.com\/channel\/UCtZeUeJ_KebYK0KJAXjJV8g"]},{"@type":"Person","@id":"https:\/\/www.medoucine.com\/blog\/#\/schema\/person\/a7ec253f52c0e9aa37f7f116b72fed8c","name":"L\u00e9lia Aranda","image":{"@type":"ImageObject","inLanguage":"fr-FR","@id":"https:\/\/www.medoucine.com\/blog\/#\/schema\/person\/image\/","url":"https:\/\/secure.gravatar.com\/avatar\/f240ceb2048e114c765d9194da37bf2ae0568417d4e27f6da0fa4a224f9e17ee?s=96&d=mm&r=g","contentUrl":"https:\/\/secure.gravatar.com\/avatar\/f240ceb2048e114c765d9194da37bf2ae0568417d4e27f6da0fa4a224f9e17ee?s=96&d=mm&r=g","caption":"L\u00e9lia Aranda"},"description":"Gr\u00e2ce \u00e0 un accompagnement psycho-corporelle personnalis\u00e9 de sophrologie, L\u00e9lia Aranda propose d'aider \u00e0 r\u00e9duire son stress et son anxi\u00e9t\u00e9.","sameAs":["https:\/\/www.medoucine.com\/consultation\/issy-les-moulineaux\/lelia-aranda\/3338"],"url":"https:\/\/www.medoucine.com\/blog\/author\/lelia_aranda\/"}]}},"_links":{"self":[{"href":"https:\/\/www.medoucine.com\/blog\/wp-json\/wp\/v2\/posts\/23933","targetHints":{"allow":["GET"]}}],"collection":[{"href":"https:\/\/www.medoucine.com\/blog\/wp-json\/wp\/v2\/posts"}],"about":[{"href":"https:\/\/www.medoucine.com\/blog\/wp-json\/wp\/v2\/types\/post"}],"author":[{"embeddable":true,"href":"https:\/\/www.medoucine.com\/blog\/wp-json\/wp\/v2\/users\/638"}],"replies":[{"embeddable":true,"href":"https:\/\/www.medoucine.com\/blog\/wp-json\/wp\/v2\/comments?post=23933"}],"version-history":[{"count":12,"href":"https:\/\/www.medoucine.com\/blog\/wp-json\/wp\/v2\/posts\/23933\/revisions"}],"predecessor-version":[{"id":42463,"href":"https:\/\/www.medoucine.com\/blog\/wp-json\/wp\/v2\/posts\/23933\/revisions\/42463"}],"wp:featuredmedia":[{"embeddable":true,"href":"https:\/\/www.medoucine.com\/blog\/wp-json\/wp\/v2\/media\/24103"}],"wp:attachment":[{"href":"https:\/\/www.medoucine.com\/blog\/wp-json\/wp\/v2\/media?parent=23933"}],"wp:term":[{"taxonomy":"category","embeddable":true,"href":"https:\/\/www.medoucine.com\/blog\/wp-json\/wp\/v2\/categories?post=23933"},{"taxonomy":"post_tag","embeddable":true,"href":"https:\/\/www.medoucine.com\/blog\/wp-json\/wp\/v2\/tags?post=23933"}],"curies":[{"name":"wp","href":"https:\/\/api.w.org\/{rel}","templated":true}]}}