{"id":23518,"date":"2022-09-15T10:00:45","date_gmt":"2022-09-15T08:00:45","guid":{"rendered":"https:\/\/www.medoucine.com\/blog\/?p=23518"},"modified":"2026-04-08T18:22:34","modified_gmt":"2026-04-08T16:22:34","slug":"quels-sont-les-bienfaits-des-brocolis","status":"publish","type":"post","link":"https:\/\/www.medoucine.com\/blog\/quels-sont-les-bienfaits-des-brocolis\/","title":{"rendered":"Quels sont les bienfaits des brocolis ?"},"content":{"rendered":"<p class=\"has-drop-cap\">Le brocoli fait partie de la famille des l\u00e9gumes crucif\u00e8res ou Brassica oleracea italica comme les autres choux. Il est aussi, comme l\u2019artichaut, une fleur. Originaire du bassin m\u00e9diterran\u00e9en, la consommation de ce l\u00e9gume peut \u00eatre trac\u00e9e jusqu\u2019\u00e0 l\u2019empire romain. Souvent mal aim\u00e9 par les enfants, ce l\u00e9gume est parmi <strong>les plus riches en termes de vitamines, min\u00e9raux, fibres insolubles (qui sont les meilleures) et phyto nutriments.<\/strong><\/p>\n<h2>Un l\u00e9gume \u00e0 propri\u00e9t\u00e9s tr\u00e8s b\u00e9n\u00e9fiques<\/h2>\n<p>Comme tous les l\u00e9gumes verts, le brocoli est <strong>riche en calcium<\/strong> sous sa forme la plus absorbable, ce qui est int\u00e9ressant si on ne consomme pas de produits laitiers, avec 43 mg pour 100 g d\u2019apport. Il est aussi riche en <strong>potassium, phosphore, vitamine B9, vitamine K et vitamine C.<\/strong><\/p>\n<p>Mais l\u2019int\u00e9r\u00eat principal ne se trouve pas dans ces micronutriments, mais plut\u00f4t dans les nombreux compos\u00e9s organiques ou <strong>phyto nutriments<\/strong> avec des propri\u00e9t\u00e9s \u00e0 la fois <strong>anti-inflammatoires<\/strong>\u00a0telles que les b\u00eatacarot\u00e8nes et les dithiolethiones qui sont des <strong>antioxydants puissants,<\/strong> mais aussi des compos\u00e9s sulfuriques ou glucosinolates comme la sulforaphane et le diindolylmethane ou DIM. Ces derniers sont plus particuli\u00e8rement int\u00e9ressants pour la bonne \u00e9limination des \u0153strog\u00e8nes car ils aident \u00e0 transporter les \u0153strog\u00e8nes dans la voie protectrice 2-OH de la d\u00e9sintoxication h\u00e9patique de phase 1 au lieu des voies plus associ\u00e9es avec les cancers hormono d\u00e9pendants (pour les femmes comme pour les hommes&#8230;). Ces substances augmentent significativement durant la germination des graines de brocoli, mais existent aussi dans le brocoli.<\/p>\n<p>Derni\u00e8rement, le brocoli est bien s\u00fbr aussi tr\u00e8s riche en <strong>fibres insolubles<\/strong> qui nourrissent les bonnes bact\u00e9ries dans le tract digestif, augmentent la sensation de sati\u00e9t\u00e9, am\u00e9liorent le transit et diminuent le risque de d\u00e9velopper certains troubles chroniques.<\/p>\n<div style=\"width: 694px\" class=\"wp-caption aligncenter\"><img loading=\"lazy\" decoding=\"async\" class=\"\" src=\"https:\/\/www.medoucine.com\/blog\/\/wp-content\/uploads\/2022\/07\/hans-ripa-3hzBK2aPf8s-unsplash-scaled.jpg\" alt=\"Quels sont les bienfaits des brocolis ?\" width=\"684\" height=\"456\" \/><p class=\"wp-caption-text\">Unsplash<\/p><\/div>\n<div class=\"m-spin\">\n<p class=\"m-spin__text\"><strong>Boostez votre sant\u00e9 avec les bienfaits des brocolis !<\/strong><\/p>\n<p class=\"m-spin__text\">La micro-nutrition vous aide \u00e0 optimiser l&rsquo;apport en nutriments essentiels, comme ceux pr\u00e9sents dans les brocolis. Prenez rendez-vous avec un <a class=\"m-spin__link\" target=\"_blank\" rel=\"noopener noreferrer\" href=\"https:\/\/www.medoucine.com\/consultations\/se-soigner\/micronutrition\/bordeaux\/tous-publics\/a-domicile-ou-cabinet?utm_source=medoucine_blog_B2C&amp;utm_medium=article_blog&amp;utm_campaign=spin_seo\">Praticien en micro-nutrition \u00e0 Bordeaux<\/a>, un <a class=\"m-spin__link\" target=\"_blank\" rel=\"noopener noreferrer\" href=\"https:\/\/www.medoucine.com\/consultations\/se-soigner\/micronutrition\/montpellier\/tous-publics\/a-domicile-ou-cabinet?utm_source=medoucine_blog_B2C&amp;utm_medium=article_blog&amp;utm_campaign=spin_seo\">Praticien en micro-nutrition \u00e0 Montpellier<\/a> ou un <a class=\"m-spin__link\" target=\"_blank\" rel=\"noopener noreferrer\" href=\"https:\/\/www.medoucine.com\/consultations\/se-soigner\/micronutrition\/nice\/tous-publics\/a-domicile-ou-cabinet?utm_source=medoucine_blog_B2C&amp;utm_medium=article_blog&amp;utm_campaign=spin_seo\">Praticien en micro-nutrition \u00e0 Nice<\/a> pour une approche personnalis\u00e9e.<\/p>\n<p class=\"m-spin__text\">Vous souhaitez int\u00e9grer les super-aliments \u00e0 votre r\u00e9gime ? Trouvez des <a class=\"m-spin__link\" target=\"_blank\" rel=\"noopener noreferrer\" href=\"https:\/\/www.medoucine.com\/consultations\/se-soigner\/micronutrition\/autour-de-moi?utm_source=medoucine_blog_B2C&amp;utm_medium=article_blog&amp;utm_campaign=spin_seo\">Praticiens en micro-nutrition pr\u00e8s de chez vous<\/a> pour vous accompagner vers une alimentation optimis\u00e9e et un bien-\u00eatre durable.<\/p>\n<\/div>\n<h2>Contre-indications<\/h2>\n<p>Il n\u2019y a pas vraiment de contre-indications pour la consommation r\u00e9guli\u00e8re de brocoli, surtout pas dans le cadre d\u2019un r\u00e9gime \u00e9quilibr\u00e9, mais il peut intervenir dans <strong>l\u2019absorption d\u2019iode<\/strong> raison pour laquelle les personnes qui souffrent de troubles thyro\u00efdiens sont souvent mises en garde.<\/p>\n<p>En effet, les l\u00e9gumes crucif\u00e8res contiennent une substance qui s\u2019appelle goitrig\u00e8ne qui perturbe l\u2019absorption d\u2019iode et peut ainsi supprimer la fonction thyro\u00efdienne. Le risque existe surtout si on est carenc\u00e9 en iode ou s\u00e9l\u00e9nium, deux min\u00e9raux essentiels pour le bon fonctionnement thyro\u00efdien. Il n\u2019y a n\u00e9anmoins pas d\u2019\u00e9tudes qui d\u00e9montre que la consommation de brocoli ou d\u2019autres l\u00e9gumes crucif\u00e8res ont un lien avec les pathologies thyro\u00efdiennes en absence de carence en iode. Plut\u00f4t le contraire, <strong>la consommation fr\u00e9quente de ces l\u00e9gumes est plut\u00f4t corr\u00e9l\u00e9e \u00e0 divers avantages pour la sant\u00e9 comme discut\u00e9 ci-dessus.<\/strong><\/p>\n<p>Il est aussi \u00e0 noter que<strong> les personnes prenant des anticoagulants<\/strong> (anti vitamine K) devraient \u00e9viter la consommation fr\u00e9quente et r\u00e9guli\u00e8re de brocoli ainsi que des choux en g\u00e9n\u00e9ral, car ils sont tr\u00e8s riches en vitamine K.<\/p>\n<div style=\"width: 694px\" class=\"wp-caption aligncenter\"><img loading=\"lazy\" decoding=\"async\" class=\"\" src=\"https:\/\/www.medoucine.com\/blog\/\/wp-content\/uploads\/2022\/07\/louis-hansel-h39GHaRssNo-unsplash-scaled.jpg\" alt=\"Quels sont les bienfaits des brocolis ?\" width=\"684\" height=\"456\" \/><p class=\"wp-caption-text\">Unsplash<\/p><\/div>\n<h2><strong>Comment le consommer ?<\/strong><\/h2>\n<p>Le brocoli peut \u00eatre cultiv\u00e9 pendant une grande partie de l\u2019ann\u00e9e, mais <strong>la saison id\u00e9ale est en fin d\u2019\u00e9t\u00e9 et en automne.<\/strong><\/p>\n<p><strong>Crus, cuits, grill\u00e9s ou au four et pourquoi pas sous forme de pur\u00e9e\u2026<\/strong> Les possibilit\u00e9s sont nombreuses. Il ne faut pas non plus oublier la tige qui est aussi une source riche en nutriments. Personnellement, je la garde pour me<strong>s smoothies ou sous forme de b\u00e2tons pour l\u2019ap\u00e9ro.<\/strong><\/p>\n<div style=\"width: 594px\" class=\"wp-caption aligncenter\"><img loading=\"lazy\" decoding=\"async\" class=\"\" src=\"https:\/\/www.medoucine.com\/blog\/\/wp-content\/uploads\/2022\/07\/pexels-polina-kovaleva-5644941-scaled.jpg\" alt=\"Quels sont les bienfaits des brocolis ?\" width=\"584\" height=\"875\" \/><p class=\"wp-caption-text\">Pexels<\/p><\/div>\n<p>par <a href=\"https:\/\/www.medoucine.com\/consultation\/croissy\/maria-fornell-sellam\/1820\"><strong>Maria Fornell Sellam, praticienne en nutrith\u00e9rapie et micronutrition<\/strong><\/a>\u00a0du r\u00e9seau M\u00e9doucine.<\/p>\n<p><a href=\"https:\/\/www.medoucine.com\/\"><strong>Trouvez un praticien pr\u00e8s de chez vous sur M\u00e9doucine<\/strong>.\u00a0<\/a><\/p>\n<p><strong>\u00c0 lire aussi\u00a0:<\/strong><\/p>\n<ul>\n<li><a href=\"https:\/\/www.medoucine.com\/blog\/\/quels-sont-les-bienfaits-de-la-courgette\/\">Quels sont les bienfaits de la courgette ?<\/a><\/li>\n<li><a href=\"https:\/\/www.medoucine.com\/blog\/\/quels-sont-les-bienfaits-de-laubergine\/\">Quels sont les bienfaits de l\u2019aubergine ?<\/a><\/li>\n<li><a href=\"https:\/\/www.medoucine.com\/blog\/\/quels-sont-les-bienfaits-des-blettes\/\">Quels sont les bienfaits des blettes ?<\/a><\/li>\n<\/ul>\n","protected":false},"excerpt":{"rendered":"<p>Le brocoli fait partie de la famille des l\u00e9gumes crucif\u00e8res ou Brassica oleracea italica comme les autres choux. Il est aussi, comme l\u2019artichaut, une fleur. Originaire du bassin m\u00e9diterran\u00e9en, la consommation de ce l\u00e9gume peut \u00eatre trac\u00e9e jusqu\u2019\u00e0 l\u2019empire romain. Souvent mal aim\u00e9 par les enfants, ce l\u00e9gume est parmi les plus riches en termes de vitamines, min\u00e9raux, fibres insolubles (qui sont les meilleures) et phyto nutriments. Un l\u00e9gume \u00e0 propri\u00e9t\u00e9s tr\u00e8s b\u00e9n\u00e9fiques Comme tous les l\u00e9gumes verts, le brocoli est riche en calcium sous sa forme la plus absorbable, ce qui est int\u00e9ressant si on ne consomme pas de produits laitiers, avec 43 mg pour 100 g d\u2019apport. Il est aussi riche en potassium, phosphore, vitamine B9, vitamine K et vitamine C. Mais l\u2019int\u00e9r\u00eat principal ne se trouve pas dans ces micronutriments, mais plut\u00f4t [&hellip;]<\/p>\n","protected":false},"author":409,"featured_media":23799,"comment_status":"open","ping_status":"open","sticky":false,"template":"","format":"standard","meta":{"_acf_changed":false,"footnotes":""},"categories":[98],"tags":[625,626],"class_list":["post-23518","post","type-post","status-publish","format-standard","has-post-thumbnail","hentry","category-plantes-nutriments","tag-brocolis","tag-legume"],"acf":[],"yoast_head":"<!-- This site is optimized with the Yoast SEO plugin v27.1.1 - https:\/\/yoast.com\/product\/yoast-seo-wordpress\/ -->\n<title>Quels sont les bienfaits des brocolis ? ~ Blog de Medoucine<\/title>\n<meta name=\"description\" content=\"C&#039;est de nouveau la saison du brocolis ! C&#039;est donc le bon moment pour s&#039;int\u00e9resser aux bienfaits de ce d\u00e9licieux l\u00e9gume facile \u00e0 cuisiner !\" \/>\n<meta name=\"robots\" content=\"index, follow, max-snippet:-1, max-image-preview:large, max-video-preview:-1\" \/>\n<link rel=\"canonical\" href=\"https:\/\/www.medoucine.com\/blog\/quels-sont-les-bienfaits-des-brocolis\/\" \/>\n<meta property=\"og:locale\" content=\"fr_FR\" \/>\n<meta property=\"og:type\" content=\"article\" \/>\n<meta property=\"og:title\" content=\"Quels sont les bienfaits des brocolis ? ~ Blog de Medoucine\" \/>\n<meta property=\"og:description\" content=\"C&#039;est de nouveau la saison du brocolis ! C&#039;est donc le bon moment pour s&#039;int\u00e9resser aux bienfaits de ce d\u00e9licieux l\u00e9gume facile \u00e0 cuisiner !\" \/>\n<meta property=\"og:url\" content=\"https:\/\/www.medoucine.com\/blog\/quels-sont-les-bienfaits-des-brocolis\/\" \/>\n<meta property=\"og:site_name\" content=\"Blog de Medoucine\" \/>\n<meta property=\"article:publisher\" content=\"https:\/\/www.facebook.com\/medoucine\/\" \/>\n<meta property=\"article:published_time\" content=\"2022-09-15T08:00:45+00:00\" \/>\n<meta property=\"article:modified_time\" content=\"2026-04-08T16:22:34+00:00\" \/>\n<meta property=\"og:image\" content=\"https:\/\/www.medoucine.com\/blog\/wp-content\/uploads\/2022\/07\/cj-dayrit-oiGnOb1jjI4-unsplash-scaled.jpg\" \/>\n\t<meta property=\"og:image:width\" content=\"2560\" \/>\n\t<meta property=\"og:image:height\" content=\"1710\" \/>\n\t<meta property=\"og:image:type\" content=\"image\/jpeg\" \/>\n<meta name=\"author\" content=\"Maria Fornell Sellam\" \/>\n<meta name=\"twitter:card\" content=\"summary_large_image\" \/>\n<meta name=\"twitter:creator\" content=\"@medoucinefr\" \/>\n<meta name=\"twitter:site\" content=\"@medoucinefr\" \/>\n<meta name=\"twitter:label1\" content=\"\u00c9crit par\" \/>\n\t<meta name=\"twitter:data1\" content=\"Maria Fornell Sellam\" \/>\n\t<meta name=\"twitter:label2\" content=\"Dur\u00e9e de lecture estim\u00e9e\" \/>\n\t<meta name=\"twitter:data2\" content=\"4 minutes\" \/>\n<script type=\"application\/ld+json\" class=\"yoast-schema-graph\">{\"@context\":\"https:\/\/schema.org\",\"@graph\":[{\"@type\":\"Article\",\"@id\":\"https:\/\/www.medoucine.com\/blog\/quels-sont-les-bienfaits-des-brocolis\/#article\",\"isPartOf\":{\"@id\":\"https:\/\/www.medoucine.com\/blog\/quels-sont-les-bienfaits-des-brocolis\/\"},\"author\":{\"name\":\"Maria Fornell Sellam\",\"@id\":\"https:\/\/www.medoucine.com\/blog\/#\/schema\/person\/2725ce5e3a7fe18090959e9c4c79d33f\"},\"headline\":\"Quels sont les bienfaits des brocolis ?\",\"datePublished\":\"2022-09-15T08:00:45+00:00\",\"dateModified\":\"2026-04-08T16:22:34+00:00\",\"mainEntityOfPage\":{\"@id\":\"https:\/\/www.medoucine.com\/blog\/quels-sont-les-bienfaits-des-brocolis\/\"},\"wordCount\":769,\"commentCount\":0,\"publisher\":{\"@id\":\"https:\/\/www.medoucine.com\/blog\/#organization\"},\"image\":{\"@id\":\"https:\/\/www.medoucine.com\/blog\/quels-sont-les-bienfaits-des-brocolis\/#primaryimage\"},\"thumbnailUrl\":\"https:\/\/www.medoucine.com\/blog\/wp-content\/uploads\/2022\/07\/cj-dayrit-oiGnOb1jjI4-unsplash-scaled.jpg\",\"keywords\":[\"brocolis\",\"l\u00e9gume\"],\"articleSection\":[\"Plantes &amp; Nutriments\"],\"inLanguage\":\"fr-FR\",\"potentialAction\":[{\"@type\":\"CommentAction\",\"name\":\"Comment\",\"target\":[\"https:\/\/www.medoucine.com\/blog\/quels-sont-les-bienfaits-des-brocolis\/#respond\"]}]},{\"@type\":\"WebPage\",\"@id\":\"https:\/\/www.medoucine.com\/blog\/quels-sont-les-bienfaits-des-brocolis\/\",\"url\":\"https:\/\/www.medoucine.com\/blog\/quels-sont-les-bienfaits-des-brocolis\/\",\"name\":\"Quels sont les bienfaits des brocolis ? ~ Blog de Medoucine\",\"isPartOf\":{\"@id\":\"https:\/\/www.medoucine.com\/blog\/#website\"},\"primaryImageOfPage\":{\"@id\":\"https:\/\/www.medoucine.com\/blog\/quels-sont-les-bienfaits-des-brocolis\/#primaryimage\"},\"image\":{\"@id\":\"https:\/\/www.medoucine.com\/blog\/quels-sont-les-bienfaits-des-brocolis\/#primaryimage\"},\"thumbnailUrl\":\"https:\/\/www.medoucine.com\/blog\/wp-content\/uploads\/2022\/07\/cj-dayrit-oiGnOb1jjI4-unsplash-scaled.jpg\",\"datePublished\":\"2022-09-15T08:00:45+00:00\",\"dateModified\":\"2026-04-08T16:22:34+00:00\",\"description\":\"C'est de nouveau la saison du brocolis ! C'est donc le bon moment pour s'int\u00e9resser aux bienfaits de ce d\u00e9licieux l\u00e9gume facile \u00e0 cuisiner !\",\"breadcrumb\":{\"@id\":\"https:\/\/www.medoucine.com\/blog\/quels-sont-les-bienfaits-des-brocolis\/#breadcrumb\"},\"inLanguage\":\"fr-FR\",\"potentialAction\":[{\"@type\":\"ReadAction\",\"target\":[\"https:\/\/www.medoucine.com\/blog\/quels-sont-les-bienfaits-des-brocolis\/\"]}]},{\"@type\":\"ImageObject\",\"inLanguage\":\"fr-FR\",\"@id\":\"https:\/\/www.medoucine.com\/blog\/quels-sont-les-bienfaits-des-brocolis\/#primaryimage\",\"url\":\"https:\/\/www.medoucine.com\/blog\/wp-content\/uploads\/2022\/07\/cj-dayrit-oiGnOb1jjI4-unsplash-scaled.jpg\",\"contentUrl\":\"https:\/\/www.medoucine.com\/blog\/wp-content\/uploads\/2022\/07\/cj-dayrit-oiGnOb1jjI4-unsplash-scaled.jpg\",\"width\":2560,\"height\":1710},{\"@type\":\"BreadcrumbList\",\"@id\":\"https:\/\/www.medoucine.com\/blog\/quels-sont-les-bienfaits-des-brocolis\/#breadcrumb\",\"itemListElement\":[{\"@type\":\"ListItem\",\"position\":1,\"name\":\"Blog Medoucine\",\"item\":\"https:\/\/www.medoucine.com\/blog\/\"},{\"@type\":\"ListItem\",\"position\":2,\"name\":\"Alimentation\",\"item\":\"https:\/\/www.medoucine.com\/blog\/cat\/alimentation\/\"},{\"@type\":\"ListItem\",\"position\":3,\"name\":\"Plantes &amp; Nutriments\",\"item\":\"https:\/\/www.medoucine.com\/blog\/cat\/alimentation\/plantes-nutriments\/\"},{\"@type\":\"ListItem\",\"position\":4,\"name\":\"Quels sont les bienfaits des brocolis ?\"}]},{\"@type\":\"WebSite\",\"@id\":\"https:\/\/www.medoucine.com\/blog\/#website\",\"url\":\"https:\/\/www.medoucine.com\/blog\/\",\"name\":\"Blog de Medoucine\",\"description\":\"Le blog des m\u00e9decines douces\",\"publisher\":{\"@id\":\"https:\/\/www.medoucine.com\/blog\/#organization\"},\"potentialAction\":[{\"@type\":\"SearchAction\",\"target\":{\"@type\":\"EntryPoint\",\"urlTemplate\":\"https:\/\/www.medoucine.com\/blog\/?s={search_term_string}\"},\"query-input\":{\"@type\":\"PropertyValueSpecification\",\"valueRequired\":true,\"valueName\":\"search_term_string\"}}],\"inLanguage\":\"fr-FR\"},{\"@type\":\"Organization\",\"@id\":\"https:\/\/www.medoucine.com\/blog\/#organization\",\"name\":\"Medoucine\",\"url\":\"https:\/\/www.medoucine.com\/blog\/\",\"logo\":{\"@type\":\"ImageObject\",\"inLanguage\":\"fr-FR\",\"@id\":\"https:\/\/www.medoucine.com\/blog\/#\/schema\/logo\/image\/\",\"url\":\"https:\/\/www.medoucine.com\/blog\/wp-content\/uploads\/2019\/07\/logo@3x.png\",\"contentUrl\":\"https:\/\/www.medoucine.com\/blog\/wp-content\/uploads\/2019\/07\/logo@3x.png\",\"width\":555,\"height\":135,\"caption\":\"Medoucine\"},\"image\":{\"@id\":\"https:\/\/www.medoucine.com\/blog\/#\/schema\/logo\/image\/\"},\"sameAs\":[\"https:\/\/www.facebook.com\/medoucine\/\",\"https:\/\/x.com\/medoucinefr\",\"https:\/\/www.instagram.com\/medoucine\/\",\"https:\/\/www.youtube.com\/channel\/UCtZeUeJ_KebYK0KJAXjJV8g\"]},{\"@type\":\"Person\",\"@id\":\"https:\/\/www.medoucine.com\/blog\/#\/schema\/person\/2725ce5e3a7fe18090959e9c4c79d33f\",\"name\":\"Maria Fornell Sellam\",\"image\":{\"@type\":\"ImageObject\",\"inLanguage\":\"fr-FR\",\"@id\":\"https:\/\/www.medoucine.com\/blog\/#\/schema\/person\/image\/\",\"url\":\"https:\/\/secure.gravatar.com\/avatar\/e8d475fa4e1c3b2fe001a3505b6196454a9b40ce0b13dfad5def1ecef527e473?s=96&d=mm&r=g\",\"contentUrl\":\"https:\/\/secure.gravatar.com\/avatar\/e8d475fa4e1c3b2fe001a3505b6196454a9b40ce0b13dfad5def1ecef527e473?s=96&d=mm&r=g\",\"caption\":\"Maria Fornell Sellam\"},\"description\":\"Je vous aide \u00e0 am\u00e9liorer vos d\u00e9s\u00e9quilibres m\u00e9taboliques ou hormonaux. Parce que les besoins \u00e9voluent en fonction des cycles de la vie (adolescence, grossesse, m\u00e9nopause...), m\u00eame si les fondamentaux restent les m\u00eames, je vous propose de trouver un mode d'alimentation durable qui permet de se sentir bien et de s'\u00e9panouir.\",\"sameAs\":[\"https:\/\/www.medoucine.com\/consultation\/croissy\/maria-fornell-sellam\/1820\"],\"url\":\"https:\/\/www.medoucine.com\/blog\/author\/maria_fornell\/\"}]}<\/script>\n<!-- \/ Yoast SEO plugin. -->","yoast_head_json":{"title":"Quels sont les bienfaits des brocolis ? ~ Blog de Medoucine","description":"C'est de nouveau la saison du brocolis ! C'est donc le bon moment pour s'int\u00e9resser aux bienfaits de ce d\u00e9licieux l\u00e9gume facile \u00e0 cuisiner !","robots":{"index":"index","follow":"follow","max-snippet":"max-snippet:-1","max-image-preview":"max-image-preview:large","max-video-preview":"max-video-preview:-1"},"canonical":"https:\/\/www.medoucine.com\/blog\/quels-sont-les-bienfaits-des-brocolis\/","og_locale":"fr_FR","og_type":"article","og_title":"Quels sont les bienfaits des brocolis ? ~ Blog de Medoucine","og_description":"C'est de nouveau la saison du brocolis ! C'est donc le bon moment pour s'int\u00e9resser aux bienfaits de ce d\u00e9licieux l\u00e9gume facile \u00e0 cuisiner !","og_url":"https:\/\/www.medoucine.com\/blog\/quels-sont-les-bienfaits-des-brocolis\/","og_site_name":"Blog de Medoucine","article_publisher":"https:\/\/www.facebook.com\/medoucine\/","article_published_time":"2022-09-15T08:00:45+00:00","article_modified_time":"2026-04-08T16:22:34+00:00","og_image":[{"width":2560,"height":1710,"url":"https:\/\/www.medoucine.com\/blog\/wp-content\/uploads\/2022\/07\/cj-dayrit-oiGnOb1jjI4-unsplash-scaled.jpg","type":"image\/jpeg"}],"author":"Maria Fornell Sellam","twitter_card":"summary_large_image","twitter_creator":"@medoucinefr","twitter_site":"@medoucinefr","twitter_misc":{"\u00c9crit par":"Maria Fornell Sellam","Dur\u00e9e de lecture estim\u00e9e":"4 minutes"},"schema":{"@context":"https:\/\/schema.org","@graph":[{"@type":"Article","@id":"https:\/\/www.medoucine.com\/blog\/quels-sont-les-bienfaits-des-brocolis\/#article","isPartOf":{"@id":"https:\/\/www.medoucine.com\/blog\/quels-sont-les-bienfaits-des-brocolis\/"},"author":{"name":"Maria Fornell Sellam","@id":"https:\/\/www.medoucine.com\/blog\/#\/schema\/person\/2725ce5e3a7fe18090959e9c4c79d33f"},"headline":"Quels sont les bienfaits des brocolis ?","datePublished":"2022-09-15T08:00:45+00:00","dateModified":"2026-04-08T16:22:34+00:00","mainEntityOfPage":{"@id":"https:\/\/www.medoucine.com\/blog\/quels-sont-les-bienfaits-des-brocolis\/"},"wordCount":769,"commentCount":0,"publisher":{"@id":"https:\/\/www.medoucine.com\/blog\/#organization"},"image":{"@id":"https:\/\/www.medoucine.com\/blog\/quels-sont-les-bienfaits-des-brocolis\/#primaryimage"},"thumbnailUrl":"https:\/\/www.medoucine.com\/blog\/wp-content\/uploads\/2022\/07\/cj-dayrit-oiGnOb1jjI4-unsplash-scaled.jpg","keywords":["brocolis","l\u00e9gume"],"articleSection":["Plantes &amp; Nutriments"],"inLanguage":"fr-FR","potentialAction":[{"@type":"CommentAction","name":"Comment","target":["https:\/\/www.medoucine.com\/blog\/quels-sont-les-bienfaits-des-brocolis\/#respond"]}]},{"@type":"WebPage","@id":"https:\/\/www.medoucine.com\/blog\/quels-sont-les-bienfaits-des-brocolis\/","url":"https:\/\/www.medoucine.com\/blog\/quels-sont-les-bienfaits-des-brocolis\/","name":"Quels sont les bienfaits des brocolis ? ~ Blog de Medoucine","isPartOf":{"@id":"https:\/\/www.medoucine.com\/blog\/#website"},"primaryImageOfPage":{"@id":"https:\/\/www.medoucine.com\/blog\/quels-sont-les-bienfaits-des-brocolis\/#primaryimage"},"image":{"@id":"https:\/\/www.medoucine.com\/blog\/quels-sont-les-bienfaits-des-brocolis\/#primaryimage"},"thumbnailUrl":"https:\/\/www.medoucine.com\/blog\/wp-content\/uploads\/2022\/07\/cj-dayrit-oiGnOb1jjI4-unsplash-scaled.jpg","datePublished":"2022-09-15T08:00:45+00:00","dateModified":"2026-04-08T16:22:34+00:00","description":"C'est de nouveau la saison du brocolis ! C'est donc le bon moment pour s'int\u00e9resser aux bienfaits de ce d\u00e9licieux l\u00e9gume facile \u00e0 cuisiner !","breadcrumb":{"@id":"https:\/\/www.medoucine.com\/blog\/quels-sont-les-bienfaits-des-brocolis\/#breadcrumb"},"inLanguage":"fr-FR","potentialAction":[{"@type":"ReadAction","target":["https:\/\/www.medoucine.com\/blog\/quels-sont-les-bienfaits-des-brocolis\/"]}]},{"@type":"ImageObject","inLanguage":"fr-FR","@id":"https:\/\/www.medoucine.com\/blog\/quels-sont-les-bienfaits-des-brocolis\/#primaryimage","url":"https:\/\/www.medoucine.com\/blog\/wp-content\/uploads\/2022\/07\/cj-dayrit-oiGnOb1jjI4-unsplash-scaled.jpg","contentUrl":"https:\/\/www.medoucine.com\/blog\/wp-content\/uploads\/2022\/07\/cj-dayrit-oiGnOb1jjI4-unsplash-scaled.jpg","width":2560,"height":1710},{"@type":"BreadcrumbList","@id":"https:\/\/www.medoucine.com\/blog\/quels-sont-les-bienfaits-des-brocolis\/#breadcrumb","itemListElement":[{"@type":"ListItem","position":1,"name":"Blog Medoucine","item":"https:\/\/www.medoucine.com\/blog\/"},{"@type":"ListItem","position":2,"name":"Alimentation","item":"https:\/\/www.medoucine.com\/blog\/cat\/alimentation\/"},{"@type":"ListItem","position":3,"name":"Plantes &amp; Nutriments","item":"https:\/\/www.medoucine.com\/blog\/cat\/alimentation\/plantes-nutriments\/"},{"@type":"ListItem","position":4,"name":"Quels sont les bienfaits des brocolis ?"}]},{"@type":"WebSite","@id":"https:\/\/www.medoucine.com\/blog\/#website","url":"https:\/\/www.medoucine.com\/blog\/","name":"Blog de Medoucine","description":"Le blog des m\u00e9decines douces","publisher":{"@id":"https:\/\/www.medoucine.com\/blog\/#organization"},"potentialAction":[{"@type":"SearchAction","target":{"@type":"EntryPoint","urlTemplate":"https:\/\/www.medoucine.com\/blog\/?s={search_term_string}"},"query-input":{"@type":"PropertyValueSpecification","valueRequired":true,"valueName":"search_term_string"}}],"inLanguage":"fr-FR"},{"@type":"Organization","@id":"https:\/\/www.medoucine.com\/blog\/#organization","name":"Medoucine","url":"https:\/\/www.medoucine.com\/blog\/","logo":{"@type":"ImageObject","inLanguage":"fr-FR","@id":"https:\/\/www.medoucine.com\/blog\/#\/schema\/logo\/image\/","url":"https:\/\/www.medoucine.com\/blog\/wp-content\/uploads\/2019\/07\/logo@3x.png","contentUrl":"https:\/\/www.medoucine.com\/blog\/wp-content\/uploads\/2019\/07\/logo@3x.png","width":555,"height":135,"caption":"Medoucine"},"image":{"@id":"https:\/\/www.medoucine.com\/blog\/#\/schema\/logo\/image\/"},"sameAs":["https:\/\/www.facebook.com\/medoucine\/","https:\/\/x.com\/medoucinefr","https:\/\/www.instagram.com\/medoucine\/","https:\/\/www.youtube.com\/channel\/UCtZeUeJ_KebYK0KJAXjJV8g"]},{"@type":"Person","@id":"https:\/\/www.medoucine.com\/blog\/#\/schema\/person\/2725ce5e3a7fe18090959e9c4c79d33f","name":"Maria Fornell Sellam","image":{"@type":"ImageObject","inLanguage":"fr-FR","@id":"https:\/\/www.medoucine.com\/blog\/#\/schema\/person\/image\/","url":"https:\/\/secure.gravatar.com\/avatar\/e8d475fa4e1c3b2fe001a3505b6196454a9b40ce0b13dfad5def1ecef527e473?s=96&d=mm&r=g","contentUrl":"https:\/\/secure.gravatar.com\/avatar\/e8d475fa4e1c3b2fe001a3505b6196454a9b40ce0b13dfad5def1ecef527e473?s=96&d=mm&r=g","caption":"Maria Fornell Sellam"},"description":"Je vous aide \u00e0 am\u00e9liorer vos d\u00e9s\u00e9quilibres m\u00e9taboliques ou hormonaux. Parce que les besoins \u00e9voluent en fonction des cycles de la vie (adolescence, grossesse, m\u00e9nopause...), m\u00eame si les fondamentaux restent les m\u00eames, je vous propose de trouver un mode d'alimentation durable qui permet de se sentir bien et de s'\u00e9panouir.","sameAs":["https:\/\/www.medoucine.com\/consultation\/croissy\/maria-fornell-sellam\/1820"],"url":"https:\/\/www.medoucine.com\/blog\/author\/maria_fornell\/"}]}},"_links":{"self":[{"href":"https:\/\/www.medoucine.com\/blog\/wp-json\/wp\/v2\/posts\/23518","targetHints":{"allow":["GET"]}}],"collection":[{"href":"https:\/\/www.medoucine.com\/blog\/wp-json\/wp\/v2\/posts"}],"about":[{"href":"https:\/\/www.medoucine.com\/blog\/wp-json\/wp\/v2\/types\/post"}],"author":[{"embeddable":true,"href":"https:\/\/www.medoucine.com\/blog\/wp-json\/wp\/v2\/users\/409"}],"replies":[{"embeddable":true,"href":"https:\/\/www.medoucine.com\/blog\/wp-json\/wp\/v2\/comments?post=23518"}],"version-history":[{"count":8,"href":"https:\/\/www.medoucine.com\/blog\/wp-json\/wp\/v2\/posts\/23518\/revisions"}],"predecessor-version":[{"id":42477,"href":"https:\/\/www.medoucine.com\/blog\/wp-json\/wp\/v2\/posts\/23518\/revisions\/42477"}],"wp:featuredmedia":[{"embeddable":true,"href":"https:\/\/www.medoucine.com\/blog\/wp-json\/wp\/v2\/media\/23799"}],"wp:attachment":[{"href":"https:\/\/www.medoucine.com\/blog\/wp-json\/wp\/v2\/media?parent=23518"}],"wp:term":[{"taxonomy":"category","embeddable":true,"href":"https:\/\/www.medoucine.com\/blog\/wp-json\/wp\/v2\/categories?post=23518"},{"taxonomy":"post_tag","embeddable":true,"href":"https:\/\/www.medoucine.com\/blog\/wp-json\/wp\/v2\/tags?post=23518"}],"curies":[{"name":"wp","href":"https:\/\/api.w.org\/{rel}","templated":true}]}}