{"id":23448,"date":"2022-08-31T10:00:41","date_gmt":"2022-08-31T08:00:41","guid":{"rendered":"https:\/\/www.medoucine.com\/blog\/?p=23448"},"modified":"2026-04-08T18:22:48","modified_gmt":"2026-04-08T16:22:48","slug":"donner-du-sens-a-sa-vie-pour-plus-de-serenite","status":"publish","type":"post","link":"https:\/\/www.medoucine.com\/blog\/donner-du-sens-a-sa-vie-pour-plus-de-serenite\/","title":{"rendered":"Donner du sens \u00e0 sa vie pour plus de s\u00e9r\u00e9nit\u00e9"},"content":{"rendered":"<p class=\"has-drop-cap\">On est tous pass\u00e9, et on y repasse r\u00e9guli\u00e8rement, par ces <strong>crises \u00e9gotiques<\/strong> qui disent : \u00ab\u00a0Mon Dieu ! Mais quel est le sens de toute cette mascarade ?!\u00a0\u00bb Pour ne pas dire famili\u00e8rement parlant : \u00ab\u00a0Boudiou ! Mais <strong>qu&rsquo;est ce que je fou l\u00e0<\/strong> ?\u00a0\u00bb&#8230; Sous entendu : <strong>Quel sens a ma vie<\/strong> ? Et est-ce que <strong>cela en vaut la peine ?<\/strong><\/p>\n<p>Savez vous que la <strong>plus grande source de stress<\/strong>\u00a0dans notre soci\u00e9t\u00e9 est <strong>d\u00fb au manque de sens<\/strong> et de <strong>lien<\/strong> entre nos valeurs et nos actions ?<\/p>\n<h1><strong>Par o\u00f9 aller ?<\/strong><\/h1>\n<p>Pour redonner du sens \u00e0 sa vie, on a surtout <strong>besoin de tracer une trajectoire avec un objectif bien concret<\/strong>. Avoir comme objectif \u00ab\u00a0r\u00e9ussir ma vie\u00a0\u00bb, c&rsquo;est bien trop vaste, trop impalpable et un poids trop lourd \u00e0 porter. Alors ? Quel est votre objectif ?<\/p>\n<p>Avoir un ou des objectifs est fondamental. Car cela vous <strong>permet d&rsquo;envisager des r\u00e9sultats.<\/strong> Plus nous avons des r\u00e9sultats visibles, plus nous avons <strong>une raison d&rsquo;\u00eatre.<\/strong> Ce que je fais sert \u00e0 quelque chose.<\/p>\n<p>Cela nous aide \u00e0 trouver une place qui nous correspond r\u00e9ellement. C&rsquo;est aussi pour cela que votre trajectoire a <strong>besoin d&rsquo;\u00eatre nourri de toute une multitude de petits r\u00e9sultats<\/strong> pour vous amener \u00e0 votre grand objectif. C&rsquo;est \u00e0 cela que servent les projets \u00e0 court et moyen terme.<\/p>\n<p>En fait, notre trajectoire principale se cr\u00e9e autour de <strong>nos valeurs et de nos actes.<\/strong> Il est important de <strong>maintenir une coh\u00e9rence<\/strong> entre ces deux l\u00e0. Chaque petit projet a la capacit\u00e9 de <strong>nous reconnecter \u00e0 nos ressources int\u00e9rieures<\/strong>. Celles que nous avions oubli\u00e9es. Ainsi, chemin faisant, nous nourrissons <strong>l&rsquo;estime que nous nous portons<\/strong>. Et \u00e7a&#8230; C&rsquo;est essentiel au d\u00e9veloppement serein de notre personne. Nous avons\u00a0 <strong>besoin d\u2019\u00eatre align\u00e9s aux valeurs<\/strong> que nous nous portons pour nous sentir \u00e0 l&rsquo;aise.<\/p>\n<div style=\"width: 579px\" class=\"wp-caption aligncenter\"><img loading=\"lazy\" decoding=\"async\" class=\"\" src=\"https:\/\/www.medoucine.com\/blog\/\/wp-content\/uploads\/2022\/07\/pexels-maria-orlova-4906289-scaled.jpg\" alt=\"Donner du sens \u00e0 sa vie pour plus de s\u00e9r\u00e9nit\u00e9\" width=\"569\" height=\"757\" \/><p class=\"wp-caption-text\">Pexels<\/p><\/div>\n<h1>Comment maintenir cette coh\u00e9rence ?<\/h1>\n<p>Je m&rsquo;arr\u00eate et j&rsquo;observe. Que se passe-t-il autour ET en moi ? Est-ce que je suis toujours en coh\u00e9rence avec mes valeurs et mes objectifs ?<\/p>\n<p>Si besoin, n\u2019h\u00e9sitez pas \u00e0 <strong>red\u00e9finir les plans<\/strong> et \u00e0 <strong>revenir \u00e0 des choses simples, <\/strong>aux fondations. Vous savez, les choses du quotidien qu&rsquo;on fait sans r\u00e9fl\u00e9chir&#8230; Celles qui <strong>nous ram\u00e8nent dans le pr\u00e9sent.<\/strong> Faire l&rsquo;exp\u00e9rience de se laver les mains comme si c&rsquo;\u00e9tait la premi\u00e8re fois, nous fait travailler sur : <strong>l\u00e0 o\u00f9 je porte mon attention, je go\u00fbte \u00e0 la s\u00e9r\u00e9nit\u00e9.<\/strong> Et l\u00e0, la magie peut op\u00e9rer. Me laver les mains comme la toute premi\u00e8re fois, aussi banal que puisse \u00eatre ce geste, me ram\u00e8ne dans mon corps. Et, <strong>le corps est TOUJOURS dans le pr\u00e9sent<\/strong>. C&rsquo;est le mental qui va et vient entre pass\u00e9 d\u00e9\u00e7u et futur angoissant&#8230;<\/p>\n<p>Outre le fait d&rsquo;avoir les mains propres, j&rsquo;y trouve un sens. Je le fais car cela me <strong>ram\u00e8ne \u00e0 l&rsquo;int\u00e9rieur<\/strong> de moi, <strong>l\u00e0 o\u00f9 sont mes valeurs.<\/strong><\/p>\n<h1>Faire des choix<\/h1>\n<p>Donner du sens en alignant nos valeurs \u00e0 nos actes demande de <strong>faire des choix<\/strong>. C&rsquo;est l\u00e0 que notre <strong>part d&rsquo;humanit\u00e9<\/strong> prend tout son sens. Je ne suis qu&rsquo;une humaine et je ne peux pas tout faire, ni tout savoir. <strong>Apprivoiser nos limites nous aide \u00e0 garder notre cap<\/strong>. Qu&rsquo;est ce qui est le plus important pour moi ?<\/p>\n<p>Faire des choix en acceptant mes limites me permet de <strong>toucher au contentement<\/strong>. Je fais le choix d&rsquo;en faire moins pour pouvoir me dire \u00e0 la fin de la journ\u00e9e : \u00ab\u00a0Yes ! Toutes les lignes de ma To Do Liste sont coch\u00e9es !\u00a0\u00bb. Rien de tel que la satisfaction du travail bien fait !<\/p>\n<div style=\"width: 694px\" class=\"wp-caption aligncenter\"><img loading=\"lazy\" decoding=\"async\" class=\"\" src=\"https:\/\/www.medoucine.com\/blog\/\/wp-content\/uploads\/2022\/07\/pexels-liza-summer-6348062-scaled.jpg\" alt=\"Donner du sens \u00e0 sa vie pour plus de s\u00e9r\u00e9nit\u00e9\" width=\"684\" height=\"456\" \/><p class=\"wp-caption-text\">Pexels<\/p><\/div>\n<h1>Focus sur moi, mon corps et ma sant\u00e9<\/h1>\n<p>Sans notre corps et notre sant\u00e9, nous n\u2019irons nulle part.<\/p>\n<p><strong>Prendre du temps<\/strong> VOLONTAIREMENT pour m&rsquo;<strong>occuper de moi<\/strong> et de ma sant\u00e9 est fondamentale pour garder une coh\u00e9rence. On aura beau avoir trac\u00e9 une trajectoire, fix\u00e9 des objectifs &#8230; Si nous ne prenons pas le temps de dormir, manger, boire, marcher, rire, les <strong>bases de notre \u00e9difice seront bien fragiles<\/strong>. Pour r\u00e9colter des r\u00e9sultats visibles, nous avons besoin de bases solides. Et notre sant\u00e9 physique et mentale en font partie.<\/p>\n<div style=\"width: 582px\" class=\"wp-caption aligncenter\"><img loading=\"lazy\" decoding=\"async\" class=\"\" src=\"https:\/\/www.medoucine.com\/blog\/\/wp-content\/uploads\/2022\/07\/pexels-valeria-ushakova-3094215-scaled.jpg\" alt=\"Donner du sens \u00e0 sa vie pour plus de s\u00e9r\u00e9nit\u00e9\" width=\"572\" height=\"858\" \/><p class=\"wp-caption-text\">Pexels<\/p><\/div>\n<h1>Aimez, ne vous en privez pas !<\/h1>\n<p>Ce que l&rsquo;on veut le plus au plus profond de nous-m\u00eame, ce n&rsquo;est pas d&rsquo;\u00eatre aim\u00e9. <strong>Ce que l&rsquo;on veut c&rsquo;est AIMER !<\/strong><\/p>\n<p>Donner de l&rsquo;amour, ne se fait pas en \u00e9tant \u00e0 vide. En donnant de l&rsquo;amour vous vous en remplissez d&rsquo;autant plus. Voil\u00e0 une chose qui donne du sens ! Alors <strong>multipliez les temps de qualit\u00e9<\/strong>\u00a0avec votre famille, vos proches et vos coll\u00e8gues.<\/p>\n<p>Si vous \u00eates c\u00e9libataire et d\u00e9sabus\u00e9s de l&rsquo;\u00eatre encore \u00e0 votre \u00e2ge&#8230; Plut\u00f4t que de chercher ce que votre futur moiti\u00e9 pourrait vous donner, <strong>cherchez ce que vous pourrez lui apporter<\/strong>. Alors, on ne cherche plus un truc que l&rsquo;on suppose que l&rsquo;autre aura. Non, on donne <strong>quelque chose dont on se sent investi<\/strong>. Quelque chose que l&rsquo;on sait avoir au fond de nous. <strong>Cela nous rend l\u00e9gitime<\/strong>. Il y a quelque chose en moi qui en vaut tellement la peine que j&rsquo;ai envie de la partager.<\/p>\n<div style=\"width: 694px\" class=\"wp-caption aligncenter\"><img loading=\"lazy\" decoding=\"async\" class=\"\" src=\"https:\/\/www.medoucine.com\/blog\/\/wp-content\/uploads\/2022\/07\/pexels-tim-samuel-5838305-scaled.jpg\" alt=\"Donner du sens \u00e0 sa vie pour plus de s\u00e9r\u00e9nit\u00e9\" width=\"684\" height=\"456\" \/><p class=\"wp-caption-text\">Pexels<\/p><\/div>\n<h1>Transmettre<\/h1>\n<p>Si j&rsquo;ai des comp\u00e9tences, pourquoi ne pas les transmettre ? A la transmission, s&rsquo;ajoute <strong>un sentiment profond d&rsquo;estime de soi<\/strong>. Nous sommes utiles. Nous avons <strong>une place aupr\u00e8s des autres<\/strong>. Sans m\u00eame avoir fait de hautes \u00e9tudes, mon <strong>savoir-\u00eatre<\/strong> et mon <strong>savoir-faire au quotidien<\/strong> sont d\u00e9j\u00e0 des choses \u00e0 transmettre.<\/p>\n<p>Nous avons grandi comme cela. Chaque exp\u00e9rience peut \u00eatre <strong>un enseignement pour quelqu&rsquo;un d&rsquo;autre<\/strong> que vous \u00e0 partir du moment o\u00f9 vous <strong>restez en lien<\/strong>.<\/p>\n<p><strong>Le lien donne du sens et rassure<\/strong>. Je fais le lien avec les autres en \u00e9tant en lien avec moi-m\u00eame. En prenant le temps de m&rsquo;occuper de moi, suivant mes propres valeurs, <strong>je suis alors rempli<\/strong>. Je n&rsquo;ai plus besoin de combler <strong>un vide qui m&rsquo;\u00e9puise.<\/strong><\/p>\n<p>Finalement, l&rsquo;autre vient m&rsquo;aider \u00e0 donner <strong>du sens \u00e0 ma vie et \u00e0 trouver ma place<\/strong>. Je n&rsquo;ai donc plus besoin de m&rsquo;inqui\u00e9ter sachant o\u00f9 <strong>je vais <\/strong>et que<strong> je ne suis pas seul. <\/strong>Nourris par les <strong>interactions avec les autres<\/strong> qui m&rsquo;entourent de pr\u00e8s ou de loin, <strong>la Vie<\/strong>, je vous assure, <strong>vaut bien la peine d&rsquo;\u00eatre v\u00e9cue !<\/strong><\/p>\n<p>&nbsp;<\/p>\n<p>par <strong><a href=\"https:\/\/www.medoucine.com\/consultation\/reze\/eleonore-de-lardemelle\/3303\">El\u00e9onore de Lardemelle, praticienne en shiatsu<\/a><\/strong> du r\u00e9seau M\u00e9doucine.<\/p>\n<p><a href=\"https:\/\/www.medoucine.com\/\"><strong>Trouvez un praticien pr\u00e8s de chez vous sur M\u00e9doucine<\/strong>.\u00a0<\/a><\/p>\n<p><strong>\u00c0 lire aussi\u00a0:<\/strong><\/p>\n<ul>\n<li><a href=\"https:\/\/www.medoucine.com\/blog\/\/jarrete-de-vouloir-reussir-ma-vie-pour-enfin-vivre\/\">J\u2019arr\u00eate de vouloir r\u00e9ussir ma vie pour enfin vivre !<\/a><\/li>\n<li><a href=\"https:\/\/www.medoucine.com\/blog\/\/reprendre-les-renes-de-sa-vie-ou-comment-reussir-a-la-piloter-dans-une-direction-choisie\/\">Reprendre les r\u00eanes de sa vie ou comment r\u00e9ussir \u00e0 la piloter dans une direction choisie<\/a><\/li>\n<li><a href=\"https:\/\/www.medoucine.com\/blog\/\/6-etapes-pour-reussir-a-prendre-des-decisions-avec-efficacite\/\">6 \u00e9tapes pour r\u00e9ussir \u00e0 prendre des d\u00e9cisions avec efficacit\u00e9<\/a><\/li>\n<\/ul>\n<div class=\"m-spin\">\n<p class=\"m-spin__text\"><strong>**Retrouvez l&rsquo;\u00e9quilibre et le sens de votre vie gr\u00e2ce au Shiatsu.**<\/strong><\/p>\n<p class=\"m-spin__text\">Le Shiatsu, art ancestral japonais, vous aide \u00e0 retrouver harmonie et s\u00e9r\u00e9nit\u00e9 en stimulant les points \u00e9nerg\u00e9tiques du corps. Prenez rendez-vous avec un <a class=\"m-spin__link\" target=\"_blank\" rel=\"noopener noreferrer\" href=\"https:\/\/www.medoucine.com\/consultations\/se-soigner\/shiatsu\/bordeaux\/tous-publics\/a-domicile-ou-cabinet?utm_source=medoucine_blog_B2C&amp;utm_medium=article_blog&amp;utm_campaign=spin_seo\">Praticien Shiatsu \u00e0 Bordeaux<\/a>, un <a class=\"m-spin__link\" target=\"_blank\" rel=\"noopener noreferrer\" href=\"https:\/\/www.medoucine.com\/consultations\/se-soigner\/shiatsu\/paris\/tous-publics\/a-domicile-ou-cabinet?utm_source=medoucine_blog_B2C&amp;utm_medium=article_blog&amp;utm_campaign=spin_seo\">Praticien Shiatsu \u00e0 Paris<\/a> ou un <a class=\"m-spin__link\" target=\"_blank\" rel=\"noopener noreferrer\" href=\"https:\/\/www.medoucine.com\/consultations\/se-soigner\/shiatsu\/toulouse\/tous-publics\/a-domicile-ou-cabinet?utm_source=medoucine_blog_B2C&amp;utm_medium=article_blog&amp;utm_campaign=spin_seo\">Praticien Shiatsu \u00e0 Toulouse<\/a> pour une s\u00e9ance personnalis\u00e9e.<\/p>\n<p class=\"m-spin__text\">Besoin d&rsquo;un accompagnement personnalis\u00e9 ? Trouvez des <a class=\"m-spin__link\" target=\"_blank\" rel=\"noopener noreferrer\" href=\"https:\/\/www.medoucine.com\/consultations\/se-soigner\/shiatsu\/autour-de-moi?utm_source=medoucine_blog_B2C&amp;utm_medium=article_blog&amp;utm_campaign=spin_seo\">Praticiens en shiatsu pr\u00e8s de chez vous<\/a> pour vous guider vers un bien-\u00eatre durable.<\/p>\n<\/div>\n","protected":false},"excerpt":{"rendered":"<p>On est tous pass\u00e9, et on y repasse r\u00e9guli\u00e8rement, par ces crises \u00e9gotiques qui disent : \u00ab\u00a0Mon Dieu ! Mais quel est le sens de toute cette mascarade ?!\u00a0\u00bb Pour ne pas dire famili\u00e8rement parlant : \u00ab\u00a0Boudiou ! Mais qu&rsquo;est ce que je fou l\u00e0 ?\u00a0\u00bb&#8230; Sous entendu : Quel sens a ma vie ? Et est-ce que cela en vaut la peine ? Savez vous que la plus grande source de stress\u00a0dans notre soci\u00e9t\u00e9 est d\u00fb au manque de sens et de lien entre nos valeurs et nos actions ? Par o\u00f9 aller ? Pour redonner du sens \u00e0 sa vie, on a surtout besoin de tracer une trajectoire avec un objectif bien concret. Avoir comme objectif \u00ab\u00a0r\u00e9ussir ma vie\u00a0\u00bb, c&rsquo;est bien trop vaste, trop impalpable et un poids trop lourd \u00e0 porter. Alors [&hellip;]<\/p>\n","protected":false},"author":616,"featured_media":23466,"comment_status":"open","ping_status":"open","sticky":false,"template":"","format":"standard","meta":{"_acf_changed":false,"footnotes":""},"categories":[618],"tags":[283],"class_list":["post-23448","post","type-post","status-publish","format-standard","has-post-thumbnail","hentry","category-developpement-personnel","tag-developpement-personnel"],"acf":[],"yoast_head":"<!-- This site is optimized with the Yoast SEO plugin v27.1.1 - https:\/\/yoast.com\/product\/yoast-seo-wordpress\/ -->\n<title>Donner du sens \u00e0 sa vie pour plus de s\u00e9r\u00e9nit\u00e9 ~ Blog de Medoucine<\/title>\n<meta name=\"description\" content=\"D\u00e9couvrez comment donner du sens \u00e0 votre vie pour vous sentir plus serein mais aussi \u00e0 votre juste de place pour plus d&#039;\u00e9panouissement personnel.\" \/>\n<meta name=\"robots\" content=\"index, follow, max-snippet:-1, max-image-preview:large, max-video-preview:-1\" \/>\n<link rel=\"canonical\" href=\"https:\/\/www.medoucine.com\/blog\/donner-du-sens-a-sa-vie-pour-plus-de-serenite\/\" \/>\n<meta property=\"og:locale\" content=\"fr_FR\" \/>\n<meta property=\"og:type\" content=\"article\" \/>\n<meta property=\"og:title\" content=\"Donner du sens \u00e0 sa vie pour plus de s\u00e9r\u00e9nit\u00e9 ~ Blog de Medoucine\" \/>\n<meta property=\"og:description\" content=\"D\u00e9couvrez comment donner du sens \u00e0 votre vie pour vous sentir plus serein mais aussi \u00e0 votre juste de place pour plus d&#039;\u00e9panouissement personnel.\" \/>\n<meta property=\"og:url\" content=\"https:\/\/www.medoucine.com\/blog\/donner-du-sens-a-sa-vie-pour-plus-de-serenite\/\" \/>\n<meta property=\"og:site_name\" content=\"Blog de Medoucine\" \/>\n<meta property=\"article:publisher\" content=\"https:\/\/www.facebook.com\/medoucine\/\" \/>\n<meta property=\"article:published_time\" content=\"2022-08-31T08:00:41+00:00\" \/>\n<meta property=\"article:modified_time\" content=\"2026-04-08T16:22:48+00:00\" \/>\n<meta property=\"og:image\" content=\"https:\/\/www.medoucine.com\/blog\/wp-content\/uploads\/2022\/07\/pexels-lina-kivaka-1573010-scaled.jpg\" \/>\n\t<meta property=\"og:image:width\" content=\"2560\" \/>\n\t<meta property=\"og:image:height\" content=\"1707\" \/>\n\t<meta property=\"og:image:type\" content=\"image\/jpeg\" \/>\n<meta name=\"author\" content=\"Eleonore Delardemelle\" \/>\n<meta name=\"twitter:card\" content=\"summary_large_image\" \/>\n<meta name=\"twitter:creator\" content=\"@medoucinefr\" \/>\n<meta name=\"twitter:site\" content=\"@medoucinefr\" \/>\n<meta name=\"twitter:label1\" content=\"\u00c9crit par\" \/>\n\t<meta name=\"twitter:data1\" content=\"Eleonore Delardemelle\" \/>\n\t<meta name=\"twitter:label2\" content=\"Dur\u00e9e de lecture estim\u00e9e\" \/>\n\t<meta name=\"twitter:data2\" content=\"6 minutes\" \/>\n<script type=\"application\/ld+json\" class=\"yoast-schema-graph\">{\"@context\":\"https:\/\/schema.org\",\"@graph\":[{\"@type\":\"Article\",\"@id\":\"https:\/\/www.medoucine.com\/blog\/donner-du-sens-a-sa-vie-pour-plus-de-serenite\/#article\",\"isPartOf\":{\"@id\":\"https:\/\/www.medoucine.com\/blog\/donner-du-sens-a-sa-vie-pour-plus-de-serenite\/\"},\"author\":{\"name\":\"Eleonore Delardemelle\",\"@id\":\"https:\/\/www.medoucine.com\/blog\/#\/schema\/person\/818ce0bb0b77c49a7580c8c802283309\"},\"headline\":\"Donner du sens \u00e0 sa vie pour plus de s\u00e9r\u00e9nit\u00e9\",\"datePublished\":\"2022-08-31T08:00:41+00:00\",\"dateModified\":\"2026-04-08T16:22:48+00:00\",\"mainEntityOfPage\":{\"@id\":\"https:\/\/www.medoucine.com\/blog\/donner-du-sens-a-sa-vie-pour-plus-de-serenite\/\"},\"wordCount\":1265,\"commentCount\":2,\"publisher\":{\"@id\":\"https:\/\/www.medoucine.com\/blog\/#organization\"},\"image\":{\"@id\":\"https:\/\/www.medoucine.com\/blog\/donner-du-sens-a-sa-vie-pour-plus-de-serenite\/#primaryimage\"},\"thumbnailUrl\":\"https:\/\/www.medoucine.com\/blog\/wp-content\/uploads\/2022\/07\/pexels-lina-kivaka-1573010-scaled.jpg\",\"keywords\":[\"d\u00e9veloppement personnel\"],\"articleSection\":[\"D\u00e9veloppement personnel\"],\"inLanguage\":\"fr-FR\",\"potentialAction\":[{\"@type\":\"CommentAction\",\"name\":\"Comment\",\"target\":[\"https:\/\/www.medoucine.com\/blog\/donner-du-sens-a-sa-vie-pour-plus-de-serenite\/#respond\"]}]},{\"@type\":\"WebPage\",\"@id\":\"https:\/\/www.medoucine.com\/blog\/donner-du-sens-a-sa-vie-pour-plus-de-serenite\/\",\"url\":\"https:\/\/www.medoucine.com\/blog\/donner-du-sens-a-sa-vie-pour-plus-de-serenite\/\",\"name\":\"Donner du sens \u00e0 sa vie pour plus de s\u00e9r\u00e9nit\u00e9 ~ Blog de Medoucine\",\"isPartOf\":{\"@id\":\"https:\/\/www.medoucine.com\/blog\/#website\"},\"primaryImageOfPage\":{\"@id\":\"https:\/\/www.medoucine.com\/blog\/donner-du-sens-a-sa-vie-pour-plus-de-serenite\/#primaryimage\"},\"image\":{\"@id\":\"https:\/\/www.medoucine.com\/blog\/donner-du-sens-a-sa-vie-pour-plus-de-serenite\/#primaryimage\"},\"thumbnailUrl\":\"https:\/\/www.medoucine.com\/blog\/wp-content\/uploads\/2022\/07\/pexels-lina-kivaka-1573010-scaled.jpg\",\"datePublished\":\"2022-08-31T08:00:41+00:00\",\"dateModified\":\"2026-04-08T16:22:48+00:00\",\"description\":\"D\u00e9couvrez comment donner du sens \u00e0 votre vie pour vous sentir plus serein mais aussi \u00e0 votre juste de place pour plus d'\u00e9panouissement personnel.\",\"breadcrumb\":{\"@id\":\"https:\/\/www.medoucine.com\/blog\/donner-du-sens-a-sa-vie-pour-plus-de-serenite\/#breadcrumb\"},\"inLanguage\":\"fr-FR\",\"potentialAction\":[{\"@type\":\"ReadAction\",\"target\":[\"https:\/\/www.medoucine.com\/blog\/donner-du-sens-a-sa-vie-pour-plus-de-serenite\/\"]}]},{\"@type\":\"ImageObject\",\"inLanguage\":\"fr-FR\",\"@id\":\"https:\/\/www.medoucine.com\/blog\/donner-du-sens-a-sa-vie-pour-plus-de-serenite\/#primaryimage\",\"url\":\"https:\/\/www.medoucine.com\/blog\/wp-content\/uploads\/2022\/07\/pexels-lina-kivaka-1573010-scaled.jpg\",\"contentUrl\":\"https:\/\/www.medoucine.com\/blog\/wp-content\/uploads\/2022\/07\/pexels-lina-kivaka-1573010-scaled.jpg\",\"width\":2560,\"height\":1707},{\"@type\":\"BreadcrumbList\",\"@id\":\"https:\/\/www.medoucine.com\/blog\/donner-du-sens-a-sa-vie-pour-plus-de-serenite\/#breadcrumb\",\"itemListElement\":[{\"@type\":\"ListItem\",\"position\":1,\"name\":\"Blog Medoucine\",\"item\":\"https:\/\/www.medoucine.com\/blog\/\"},{\"@type\":\"ListItem\",\"position\":2,\"name\":\"Psycho\",\"item\":\"https:\/\/www.medoucine.com\/blog\/cat\/psycho\/\"},{\"@type\":\"ListItem\",\"position\":3,\"name\":\"D\u00e9veloppement personnel\",\"item\":\"https:\/\/www.medoucine.com\/blog\/cat\/psycho\/developpement-personnel\/\"},{\"@type\":\"ListItem\",\"position\":4,\"name\":\"Donner du sens \u00e0 sa vie pour plus de s\u00e9r\u00e9nit\u00e9\"}]},{\"@type\":\"WebSite\",\"@id\":\"https:\/\/www.medoucine.com\/blog\/#website\",\"url\":\"https:\/\/www.medoucine.com\/blog\/\",\"name\":\"Blog de Medoucine\",\"description\":\"Le blog des m\u00e9decines douces\",\"publisher\":{\"@id\":\"https:\/\/www.medoucine.com\/blog\/#organization\"},\"potentialAction\":[{\"@type\":\"SearchAction\",\"target\":{\"@type\":\"EntryPoint\",\"urlTemplate\":\"https:\/\/www.medoucine.com\/blog\/?s={search_term_string}\"},\"query-input\":{\"@type\":\"PropertyValueSpecification\",\"valueRequired\":true,\"valueName\":\"search_term_string\"}}],\"inLanguage\":\"fr-FR\"},{\"@type\":\"Organization\",\"@id\":\"https:\/\/www.medoucine.com\/blog\/#organization\",\"name\":\"Medoucine\",\"url\":\"https:\/\/www.medoucine.com\/blog\/\",\"logo\":{\"@type\":\"ImageObject\",\"inLanguage\":\"fr-FR\",\"@id\":\"https:\/\/www.medoucine.com\/blog\/#\/schema\/logo\/image\/\",\"url\":\"https:\/\/www.medoucine.com\/blog\/wp-content\/uploads\/2019\/07\/logo@3x.png\",\"contentUrl\":\"https:\/\/www.medoucine.com\/blog\/wp-content\/uploads\/2019\/07\/logo@3x.png\",\"width\":555,\"height\":135,\"caption\":\"Medoucine\"},\"image\":{\"@id\":\"https:\/\/www.medoucine.com\/blog\/#\/schema\/logo\/image\/\"},\"sameAs\":[\"https:\/\/www.facebook.com\/medoucine\/\",\"https:\/\/x.com\/medoucinefr\",\"https:\/\/www.instagram.com\/medoucine\/\",\"https:\/\/www.youtube.com\/channel\/UCtZeUeJ_KebYK0KJAXjJV8g\"]},{\"@type\":\"Person\",\"@id\":\"https:\/\/www.medoucine.com\/blog\/#\/schema\/person\/818ce0bb0b77c49a7580c8c802283309\",\"name\":\"Eleonore Delardemelle\",\"image\":{\"@type\":\"ImageObject\",\"inLanguage\":\"fr-FR\",\"@id\":\"https:\/\/www.medoucine.com\/blog\/#\/schema\/person\/image\/\",\"url\":\"https:\/\/secure.gravatar.com\/avatar\/99c7ca33b75ee77493e2e66712d777f0de74f078189618db540d820c69aacc1d?s=96&d=mm&r=g\",\"contentUrl\":\"https:\/\/secure.gravatar.com\/avatar\/99c7ca33b75ee77493e2e66712d777f0de74f078189618db540d820c69aacc1d?s=96&d=mm&r=g\",\"caption\":\"Eleonore Delardemelle\"},\"description\":\"Praticienne en shiatsu et techniques \u00e9nerg\u00e9tiques vocales, Eleonore de Lardemelle propose de faire de sa sensibilit\u00e9 une force !\",\"sameAs\":[\"https:\/\/www.medoucine.com\/consultation\/reze\/eleonore-de-lardemelle\/3303?_v=1\"],\"url\":\"https:\/\/www.medoucine.com\/blog\/author\/eleonore_delardemelle\/\"}]}<\/script>\n<!-- \/ Yoast SEO plugin. -->","yoast_head_json":{"title":"Donner du sens \u00e0 sa vie pour plus de s\u00e9r\u00e9nit\u00e9 ~ Blog de Medoucine","description":"D\u00e9couvrez comment donner du sens \u00e0 votre vie pour vous sentir plus serein mais aussi \u00e0 votre juste de place pour plus d'\u00e9panouissement personnel.","robots":{"index":"index","follow":"follow","max-snippet":"max-snippet:-1","max-image-preview":"max-image-preview:large","max-video-preview":"max-video-preview:-1"},"canonical":"https:\/\/www.medoucine.com\/blog\/donner-du-sens-a-sa-vie-pour-plus-de-serenite\/","og_locale":"fr_FR","og_type":"article","og_title":"Donner du sens \u00e0 sa vie pour plus de s\u00e9r\u00e9nit\u00e9 ~ Blog de Medoucine","og_description":"D\u00e9couvrez comment donner du sens \u00e0 votre vie pour vous sentir plus serein mais aussi \u00e0 votre juste de place pour plus d'\u00e9panouissement personnel.","og_url":"https:\/\/www.medoucine.com\/blog\/donner-du-sens-a-sa-vie-pour-plus-de-serenite\/","og_site_name":"Blog de Medoucine","article_publisher":"https:\/\/www.facebook.com\/medoucine\/","article_published_time":"2022-08-31T08:00:41+00:00","article_modified_time":"2026-04-08T16:22:48+00:00","og_image":[{"width":2560,"height":1707,"url":"https:\/\/www.medoucine.com\/blog\/wp-content\/uploads\/2022\/07\/pexels-lina-kivaka-1573010-scaled.jpg","type":"image\/jpeg"}],"author":"Eleonore Delardemelle","twitter_card":"summary_large_image","twitter_creator":"@medoucinefr","twitter_site":"@medoucinefr","twitter_misc":{"\u00c9crit par":"Eleonore Delardemelle","Dur\u00e9e de lecture estim\u00e9e":"6 minutes"},"schema":{"@context":"https:\/\/schema.org","@graph":[{"@type":"Article","@id":"https:\/\/www.medoucine.com\/blog\/donner-du-sens-a-sa-vie-pour-plus-de-serenite\/#article","isPartOf":{"@id":"https:\/\/www.medoucine.com\/blog\/donner-du-sens-a-sa-vie-pour-plus-de-serenite\/"},"author":{"name":"Eleonore Delardemelle","@id":"https:\/\/www.medoucine.com\/blog\/#\/schema\/person\/818ce0bb0b77c49a7580c8c802283309"},"headline":"Donner du sens \u00e0 sa vie pour plus de s\u00e9r\u00e9nit\u00e9","datePublished":"2022-08-31T08:00:41+00:00","dateModified":"2026-04-08T16:22:48+00:00","mainEntityOfPage":{"@id":"https:\/\/www.medoucine.com\/blog\/donner-du-sens-a-sa-vie-pour-plus-de-serenite\/"},"wordCount":1265,"commentCount":2,"publisher":{"@id":"https:\/\/www.medoucine.com\/blog\/#organization"},"image":{"@id":"https:\/\/www.medoucine.com\/blog\/donner-du-sens-a-sa-vie-pour-plus-de-serenite\/#primaryimage"},"thumbnailUrl":"https:\/\/www.medoucine.com\/blog\/wp-content\/uploads\/2022\/07\/pexels-lina-kivaka-1573010-scaled.jpg","keywords":["d\u00e9veloppement personnel"],"articleSection":["D\u00e9veloppement personnel"],"inLanguage":"fr-FR","potentialAction":[{"@type":"CommentAction","name":"Comment","target":["https:\/\/www.medoucine.com\/blog\/donner-du-sens-a-sa-vie-pour-plus-de-serenite\/#respond"]}]},{"@type":"WebPage","@id":"https:\/\/www.medoucine.com\/blog\/donner-du-sens-a-sa-vie-pour-plus-de-serenite\/","url":"https:\/\/www.medoucine.com\/blog\/donner-du-sens-a-sa-vie-pour-plus-de-serenite\/","name":"Donner du sens \u00e0 sa vie pour plus de s\u00e9r\u00e9nit\u00e9 ~ Blog de Medoucine","isPartOf":{"@id":"https:\/\/www.medoucine.com\/blog\/#website"},"primaryImageOfPage":{"@id":"https:\/\/www.medoucine.com\/blog\/donner-du-sens-a-sa-vie-pour-plus-de-serenite\/#primaryimage"},"image":{"@id":"https:\/\/www.medoucine.com\/blog\/donner-du-sens-a-sa-vie-pour-plus-de-serenite\/#primaryimage"},"thumbnailUrl":"https:\/\/www.medoucine.com\/blog\/wp-content\/uploads\/2022\/07\/pexels-lina-kivaka-1573010-scaled.jpg","datePublished":"2022-08-31T08:00:41+00:00","dateModified":"2026-04-08T16:22:48+00:00","description":"D\u00e9couvrez comment donner du sens \u00e0 votre vie pour vous sentir plus serein mais aussi \u00e0 votre juste de place pour plus d'\u00e9panouissement personnel.","breadcrumb":{"@id":"https:\/\/www.medoucine.com\/blog\/donner-du-sens-a-sa-vie-pour-plus-de-serenite\/#breadcrumb"},"inLanguage":"fr-FR","potentialAction":[{"@type":"ReadAction","target":["https:\/\/www.medoucine.com\/blog\/donner-du-sens-a-sa-vie-pour-plus-de-serenite\/"]}]},{"@type":"ImageObject","inLanguage":"fr-FR","@id":"https:\/\/www.medoucine.com\/blog\/donner-du-sens-a-sa-vie-pour-plus-de-serenite\/#primaryimage","url":"https:\/\/www.medoucine.com\/blog\/wp-content\/uploads\/2022\/07\/pexels-lina-kivaka-1573010-scaled.jpg","contentUrl":"https:\/\/www.medoucine.com\/blog\/wp-content\/uploads\/2022\/07\/pexels-lina-kivaka-1573010-scaled.jpg","width":2560,"height":1707},{"@type":"BreadcrumbList","@id":"https:\/\/www.medoucine.com\/blog\/donner-du-sens-a-sa-vie-pour-plus-de-serenite\/#breadcrumb","itemListElement":[{"@type":"ListItem","position":1,"name":"Blog Medoucine","item":"https:\/\/www.medoucine.com\/blog\/"},{"@type":"ListItem","position":2,"name":"Psycho","item":"https:\/\/www.medoucine.com\/blog\/cat\/psycho\/"},{"@type":"ListItem","position":3,"name":"D\u00e9veloppement personnel","item":"https:\/\/www.medoucine.com\/blog\/cat\/psycho\/developpement-personnel\/"},{"@type":"ListItem","position":4,"name":"Donner du sens \u00e0 sa vie pour plus de s\u00e9r\u00e9nit\u00e9"}]},{"@type":"WebSite","@id":"https:\/\/www.medoucine.com\/blog\/#website","url":"https:\/\/www.medoucine.com\/blog\/","name":"Blog de Medoucine","description":"Le blog des m\u00e9decines douces","publisher":{"@id":"https:\/\/www.medoucine.com\/blog\/#organization"},"potentialAction":[{"@type":"SearchAction","target":{"@type":"EntryPoint","urlTemplate":"https:\/\/www.medoucine.com\/blog\/?s={search_term_string}"},"query-input":{"@type":"PropertyValueSpecification","valueRequired":true,"valueName":"search_term_string"}}],"inLanguage":"fr-FR"},{"@type":"Organization","@id":"https:\/\/www.medoucine.com\/blog\/#organization","name":"Medoucine","url":"https:\/\/www.medoucine.com\/blog\/","logo":{"@type":"ImageObject","inLanguage":"fr-FR","@id":"https:\/\/www.medoucine.com\/blog\/#\/schema\/logo\/image\/","url":"https:\/\/www.medoucine.com\/blog\/wp-content\/uploads\/2019\/07\/logo@3x.png","contentUrl":"https:\/\/www.medoucine.com\/blog\/wp-content\/uploads\/2019\/07\/logo@3x.png","width":555,"height":135,"caption":"Medoucine"},"image":{"@id":"https:\/\/www.medoucine.com\/blog\/#\/schema\/logo\/image\/"},"sameAs":["https:\/\/www.facebook.com\/medoucine\/","https:\/\/x.com\/medoucinefr","https:\/\/www.instagram.com\/medoucine\/","https:\/\/www.youtube.com\/channel\/UCtZeUeJ_KebYK0KJAXjJV8g"]},{"@type":"Person","@id":"https:\/\/www.medoucine.com\/blog\/#\/schema\/person\/818ce0bb0b77c49a7580c8c802283309","name":"Eleonore Delardemelle","image":{"@type":"ImageObject","inLanguage":"fr-FR","@id":"https:\/\/www.medoucine.com\/blog\/#\/schema\/person\/image\/","url":"https:\/\/secure.gravatar.com\/avatar\/99c7ca33b75ee77493e2e66712d777f0de74f078189618db540d820c69aacc1d?s=96&d=mm&r=g","contentUrl":"https:\/\/secure.gravatar.com\/avatar\/99c7ca33b75ee77493e2e66712d777f0de74f078189618db540d820c69aacc1d?s=96&d=mm&r=g","caption":"Eleonore Delardemelle"},"description":"Praticienne en shiatsu et techniques \u00e9nerg\u00e9tiques vocales, Eleonore de Lardemelle propose de faire de sa sensibilit\u00e9 une force !","sameAs":["https:\/\/www.medoucine.com\/consultation\/reze\/eleonore-de-lardemelle\/3303?_v=1"],"url":"https:\/\/www.medoucine.com\/blog\/author\/eleonore_delardemelle\/"}]}},"_links":{"self":[{"href":"https:\/\/www.medoucine.com\/blog\/wp-json\/wp\/v2\/posts\/23448","targetHints":{"allow":["GET"]}}],"collection":[{"href":"https:\/\/www.medoucine.com\/blog\/wp-json\/wp\/v2\/posts"}],"about":[{"href":"https:\/\/www.medoucine.com\/blog\/wp-json\/wp\/v2\/types\/post"}],"author":[{"embeddable":true,"href":"https:\/\/www.medoucine.com\/blog\/wp-json\/wp\/v2\/users\/616"}],"replies":[{"embeddable":true,"href":"https:\/\/www.medoucine.com\/blog\/wp-json\/wp\/v2\/comments?post=23448"}],"version-history":[{"count":11,"href":"https:\/\/www.medoucine.com\/blog\/wp-json\/wp\/v2\/posts\/23448\/revisions"}],"predecessor-version":[{"id":42482,"href":"https:\/\/www.medoucine.com\/blog\/wp-json\/wp\/v2\/posts\/23448\/revisions\/42482"}],"wp:featuredmedia":[{"embeddable":true,"href":"https:\/\/www.medoucine.com\/blog\/wp-json\/wp\/v2\/media\/23466"}],"wp:attachment":[{"href":"https:\/\/www.medoucine.com\/blog\/wp-json\/wp\/v2\/media?parent=23448"}],"wp:term":[{"taxonomy":"category","embeddable":true,"href":"https:\/\/www.medoucine.com\/blog\/wp-json\/wp\/v2\/categories?post=23448"},{"taxonomy":"post_tag","embeddable":true,"href":"https:\/\/www.medoucine.com\/blog\/wp-json\/wp\/v2\/tags?post=23448"}],"curies":[{"name":"wp","href":"https:\/\/api.w.org\/{rel}","templated":true}]}}