{"id":23008,"date":"2022-07-20T10:00:23","date_gmt":"2022-07-20T08:00:23","guid":{"rendered":"https:\/\/www.medoucine.com\/blog\/?p=23008"},"modified":"2026-04-08T18:23:40","modified_gmt":"2026-04-08T16:23:40","slug":"jarrete-de-vouloir-reussir-ma-vie-pour-enfin-vivre","status":"publish","type":"post","link":"https:\/\/www.medoucine.com\/blog\/jarrete-de-vouloir-reussir-ma-vie-pour-enfin-vivre\/","title":{"rendered":"J&rsquo;arr\u00eate de vouloir r\u00e9ussir ma vie pour enfin vivre !"},"content":{"rendered":"<p class=\"p1\">&#8211;<\/p>\n<p class=\"has-drop-cap\">Le probl\u00e8me dans le fait de vouloir r\u00e9ussir sa vie, c&rsquo;est que derri\u00e8re cette affirmation, il y en a une autre. \u00ab Ma vie n&rsquo;est pas comme celle que je voudrais \u00bb. Or, nous n&rsquo;avons pas une vie, mais<strong> nous sommes la vie.<\/strong> <strong>Chercher \u00e0 changer ma vie revient donc \u00e0 chercher \u00e0 me changer.<\/strong> Et si vivre mes \u00e9motions, les \u00e9v\u00e9nements qui se pr\u00e9sentent \u00e0 moi, avec courage et humilit\u00e9, me permettait de me sentir vivante ? Et si mes joies, mes r\u00e9ussites prenaient racine dans mes peurs et mes manquements ?<\/p>\n<h2>R\u00e9ussir sa vie, un probl\u00e8me ?<\/h2>\n<p class=\"p1\"><strong>Quand je cherche \u00e0 r\u00e9ussir ma vie, je nourris l&rsquo;id\u00e9e que je ne la r\u00e9ussit pas.<\/strong> Chercher \u00e0 faire les choses pour r\u00e9ussir sa vie alimente tout ce que je trouve insupportable dans ce que je vis. Et c&rsquo;est ainsi que les choses inconfortables se r\u00e9p\u00e8tent et s&rsquo;amplifient. <strong>Ce contre quoi je r\u00e9siste, persiste !<\/strong><\/p>\n<p class=\"p1\">H\u00e9las, au grand dam de la condition humaine, nous ne pouvons pas \u00e9liminer tout ce qui nous accable \u00e0 nos yeux pour ne garder que les bons moments.\u00a0<strong>L&rsquo;ombre n&rsquo;existe pas sans la lumi\u00e8re<\/strong>, on le sait tous&#8230; Mais pourtant, quand on l&rsquo;applique \u00e0 notre vie, \u00e0 nos \u00e9motions, cela nous d\u00e9range.<\/p>\n<div class=\"m-spin\">\n<p class=\"m-spin__text\"><strong>Lib\u00e9rez votre \u00e9nergie vitale et retrouvez le bien-\u00eatre<\/strong><\/p>\n<p class=\"m-spin__text\">Le shiatsu, art ancestral japonais, vous aide \u00e0 surmonter le stress et \u00e0 retrouver un \u00e9quilibre profond, comme le proposent un <a class=\"m-spin__link\" target=\"_blank\" rel=\"noopener noreferrer\" href=\"https:\/\/www.medoucine.com\/consultations\/se-soigner\/shiatsu\/montpellier\/tous-publics\/a-domicile-ou-cabinet?utm_source=medoucine_blog_B2C&amp;utm_medium=article_blog&amp;utm_campaign=spin_seo\">Praticien Shiatsu \u00e0 Montpellier<\/a>, un <a class=\"m-spin__link\" target=\"_blank\" rel=\"noopener noreferrer\" href=\"https:\/\/www.medoucine.com\/consultations\/se-soigner\/shiatsu\/paris\/tous-publics\/a-domicile-ou-cabinet?utm_source=medoucine_blog_B2C&amp;utm_medium=article_blog&amp;utm_campaign=spin_seo\">Praticien Shiatsu \u00e0 Paris<\/a> ou un <a class=\"m-spin__link\" target=\"_blank\" rel=\"noopener noreferrer\" href=\"https:\/\/www.medoucine.com\/consultations\/se-soigner\/shiatsu\/toulouse\/tous-publics\/a-domicile-ou-cabinet?utm_source=medoucine_blog_B2C&amp;utm_medium=article_blog&amp;utm_campaign=spin_seo\">Praticien Shiatsu \u00e0 Toulouse<\/a>. Cette th\u00e9rapie manuelle douce agit sur les points d&rsquo;\u00e9nergie pour favoriser l&rsquo;harmonie du corps et de l&rsquo;esprit.<\/p>\n<p class=\"m-spin__text\">N&rsquo;attendez plus pour prendre soin de vous, explorez notre annuaire et trouvez des <a class=\"m-spin__link\" target=\"_blank\" rel=\"noopener noreferrer\" href=\"https:\/\/www.medoucine.com\/consultations\/se-soigner\/shiatsu\/autour-de-moi?utm_source=medoucine_blog_B2C&amp;utm_medium=article_blog&amp;utm_campaign=spin_seo\">Praticiens en shiatsu pr\u00e8s de chez vous<\/a> pour commencer votre voyage vers une vie plus sereine.<\/p>\n<\/div>\n<h2>Qu&rsquo;est ce qui fait notre originalit\u00e9 ?<\/h2>\n<p class=\"p1\">C&rsquo;est <strong>l&rsquo;extraordinaire faille cr\u00e9\u00e9e par un \u00e9norme besoin d&rsquo;\u00eatre aim\u00e9<\/strong> qui m&rsquo;a amen\u00e9 \u00e0 ce que je suis aujourd&rsquo;hui. Et c&rsquo;est ce que les gens appr\u00e9cient chez vous \u00e9galement !<\/p>\n<p class=\"p1\"><strong>Alors soyez fi\u00e8re de vos blessures, de vos failles\u00a0<\/strong> ! Toutes ces exp\u00e9riences que vous vivez font les couleurs de votre personnalit\u00e9, la richesse et l&rsquo;originalit\u00e9 de votre mani\u00e8re de voir la vie. Evidemment cela n&rsquo;enl\u00e8ve en rien la douleur des blessures. \u00c7a n&rsquo;enl\u00e8ve pas non plus les actes parfois impardonnables pos\u00e9s sur vous, ni m\u00eame ceux interdits par la loi. <strong>Mais la vie est. La vie est en vous y compris dans les choses douloureuses.<\/strong> Vouloir annuler cela, revient \u00e0 vouloir annuler la vie en vous.<\/p>\n<div style=\"width: 579px\" class=\"wp-caption aligncenter\"><img loading=\"lazy\" decoding=\"async\" class=\"\" src=\"https:\/\/www.medoucine.com\/blog\/\/wp-content\/uploads\/2022\/06\/pexels-helena-lopes-2055230-scaled.jpg\" alt=\"J'arr\u00eate de vouloir r\u00e9ussir ma vie pour enfin vivre !\" width=\"569\" height=\"853\" \/><p class=\"wp-caption-text\">Pexels<\/p><\/div>\n<h2 class=\"p2\">Nous les humains, nous adorons la stagnation\u00a0 !<\/h2>\n<p class=\"p1\">M\u00eame si \u00e7a me fait mal de l&rsquo;\u00e9crire, j&rsquo;en fais autant les frais que vous ! <strong>Nous adorons ne pas avoir le choix.<\/strong> Et oui ! Car cela nous d\u00e9douane de notre responsabilit\u00e9. \u00ab\u00a0Si tu crois que j&rsquo;avais le choix !\u00a0\u00bb <strong>Quand je passe mon temps \u00e0 observer ce qui ne va pas dans ma vie, je fais le focus sur un angle.<\/strong> Un seul angle. Il suffit parfois de changer cet angle pour remettre du mouvement dans notre fa\u00e7on de voir les choses. D\u00e9calez vous du tout petit trou r\u00e9ducteur \u00e0 travers lequel vous posez votre regard. Vous avez alors au moins le choix entre 2 mani\u00e8res de voir les choses.<span class=\"Apple-converted-space\">\u00a0<\/span>Et l\u00e0 avec vous, je peux commencer \u00e0 prendre la responsabilit\u00e9 du choix que je fais. J&rsquo;ai le choix de voir ma vie sous cet angle plut\u00f4t qu&rsquo;un autre.<\/p>\n<div style=\"width: 696px\" class=\"wp-caption aligncenter\"><img loading=\"lazy\" decoding=\"async\" class=\"\" src=\"https:\/\/www.medoucine.com\/blog\/\/wp-content\/uploads\/2022\/06\/pexels-oleksandr-pidvalnyi-320007-scaled.jpg\" alt=\"J'arr\u00eate de vouloir r\u00e9ussir ma vie pour enfin vivre !\" width=\"686\" height=\"456\" \/><p class=\"wp-caption-text\">Pexels<\/p><\/div>\n<h2 class=\"p1\">Osons toucher nos limites\u00a0 !<\/h2>\n<p>Pourquoi je ne m&rsquo;autorise pas \u00e0 baisser les bras face \u00e0 cette vie que je ne r\u00e9ussis pas selon moi ? Parce que \u00e7a fait <strong>mal \u00e0 l&rsquo;ego<\/strong>. Et cela me met face \u00e0 mon orgueil. La douleur s&rsquo;exprime avant tout dans le corps. Et oui, <strong>la douleur de la col\u00e8re, du d\u00e9nis, de la jalousie, nous rappelle que nous sommes vivants et que nous avons des limites<\/strong>. Et ce, tout autant que la joie, la gr\u00e2ce ou l&rsquo;amour.<\/p>\n<p class=\"p1\">Nous ne pouvons pas \u00eatre parfait dans tout.<strong> Nous ne sommes que des humains.<\/strong> Oui, c&rsquo;est banal \u00e0 crever de dire cela&#8230; Mais c&rsquo;est un fait. Et m\u00eame si les mouvements autour de la spiritualit\u00e9 essayent de nous faire croire le contraire. Regardons les choses objectivement. Dans la diversit\u00e9 de toutes les croyances qui existent sur cette terre, quel point commun avons nous tous ? Nous sommes tous des humains.<\/p>\n<div style=\"width: 693px\" class=\"wp-caption aligncenter\"><img loading=\"lazy\" decoding=\"async\" class=\"\" src=\"https:\/\/www.medoucine.com\/blog\/\/wp-content\/uploads\/2022\/06\/pexels-agung-pandit-wiguna-1128318-scaled.jpg\" alt=\"J'arr\u00eate de vouloir r\u00e9ussir ma vie pour enfin vivre !\" width=\"683\" height=\"540\" \/><p class=\"wp-caption-text\">Pexels<\/p><\/div>\n<p class=\"p1\"><strong>R\u00e9ussir sa vie sous entend qu&rsquo;il y a un but \u00e0 atteindre.<\/strong> Mais la vie est. <strong>Quoi qu&rsquo;il arrive la vie circule<\/strong>, coule en nous. R\u00e9ussir sa vie reviendrait donc \u00e0 faire une course dans le vide, sans objectif. Aucun sportif n&rsquo;accepterait de courir sans qu&rsquo;il n&rsquo;y ait de ligne d&rsquo;arriv\u00e9e. Vu comme \u00e7a, \u00e7a para\u00eet absurde. Finalement chercher \u00e0 avoir une autre vie, nous emp\u00eache de nous d\u00e9velopper puisque \u00e7a nous \u00e9loigne de nous.<\/p>\n<p class=\"p1\"><strong>Alors, d\u00e9culpabilisons nous de nos failles, de nos manquements<\/strong>, de nos \u00e9motions inacceptables \u00e0 nos yeux. Revenons \u00e0 la vie ! <strong>Nous n&rsquo;avons pas d&rsquo;autre chemin que celui que nous sommes en train de vivre.<\/strong> Et rassurez vous ! Nous y sommes ensemble sur ce chemin. Nous y sommes tous ! Je dis bien \u00ab\u00a0tous\u00a0\u00bb. Peu importe votre niveau de conscience, de respect de la nature. Peu importe si vous \u00eates v\u00e9g\u00e9tarien ou non. Peu importe si vous \u00eates en col\u00e8re ou si vous faites de la m\u00e9ditation. Nous y sommes tous sur ce chemin, car nous avons ce point commun qu&rsquo;est la vie. Faisons comme nous sommes. <strong>Faisons ce que nous savons faire de mieux : \u00catre Nous.<\/strong> Soyons ces humains inconstants, pleins de dualit\u00e9. <strong>Partons du principe que le but est d\u00e9j\u00e0 atteint, car le but est d&rsquo;exp\u00e9rimenter la vie.<\/strong><\/p>\n<p>&nbsp;<\/p>\n<p>par <strong><a href=\"https:\/\/www.medoucine.com\/consultation\/reze\/eleonore-de-lardemelle\/3303\">\u00c9l\u00e9onore De Lardemelle, praticienne en shiatsu<\/a><\/strong>\u00a0du r\u00e9seau M\u00e9doucine.<\/p>\n<p><a href=\"https:\/\/www.medoucine.com\/\"><strong>Trouvez un praticien pr\u00e8s de chez vous sur M\u00e9doucine<\/strong>.<\/a><\/p>\n<p><strong>\u00c0 lire aussi\u00a0:<\/strong><\/p>\n<ul>\n<li><a href=\"https:\/\/www.medoucine.com\/blog\/\/3-trucs-pour-booster-sa-confiance-en-soi\/\">3 trucs pour booster sa confiance en soi<\/a><\/li>\n<li><a href=\"https:\/\/www.medoucine.com\/blog\/\/faire-la-paix-avec-son-image-de-soi\/\">Faire la paix avec son image de soi<\/a><\/li>\n<li><a href=\"https:\/\/www.medoucine.com\/blog\/\/equilibre-de-vie-concilier-vie-personnelle-et-vie-professionnelle\/\">Equilibre de vie : concilier vie personnelle et vie professionnelle<\/a><\/li>\n<\/ul>\n","protected":false},"excerpt":{"rendered":"<p>&#8211; Le probl\u00e8me dans le fait de vouloir r\u00e9ussir sa vie, c&rsquo;est que derri\u00e8re cette affirmation, il y en a une autre. \u00ab Ma vie n&rsquo;est pas comme celle que je voudrais \u00bb. Or, nous n&rsquo;avons pas une vie, mais nous sommes la vie. Chercher \u00e0 changer ma vie revient donc \u00e0 chercher \u00e0 me changer. Et si vivre mes \u00e9motions, les \u00e9v\u00e9nements qui se pr\u00e9sentent \u00e0 moi, avec courage et humilit\u00e9, me permettait de me sentir vivante ? Et si mes joies, mes r\u00e9ussites prenaient racine dans mes peurs et mes manquements ? R\u00e9ussir sa vie, un probl\u00e8me ? Quand je cherche \u00e0 r\u00e9ussir ma vie, je nourris l&rsquo;id\u00e9e que je ne la r\u00e9ussit pas. Chercher \u00e0 faire les choses pour r\u00e9ussir sa vie alimente tout ce que je trouve insupportable dans ce que [&hellip;]<\/p>\n","protected":false},"author":616,"featured_media":23258,"comment_status":"open","ping_status":"open","sticky":false,"template":"","format":"standard","meta":{"_acf_changed":false,"footnotes":""},"categories":[618],"tags":[288,283,361],"class_list":["post-23008","post","type-post","status-publish","format-standard","has-post-thumbnail","hentry","category-developpement-personnel","tag-bien-etre","tag-developpement-personnel","tag-vie"],"acf":[],"yoast_head":"<!-- This site is optimized with the Yoast SEO plugin v27.1.1 - https:\/\/yoast.com\/product\/yoast-seo-wordpress\/ -->\n<title>J&#039;arr\u00eate de vouloir r\u00e9ussir ma vie pour enfin vivre ! ~ Blog de Medoucine<\/title>\n<meta name=\"description\" content=\"Un article pour se lib\u00e9rer de l&#039;injonction \u00e0 &quot;r\u00e9ussir&quot; sa vie \u00e0 tout prix pour accepter qui l&#039;on est et \u00eatre en accord avec soi-m\u00eame !\" \/>\n<meta name=\"robots\" content=\"index, follow, max-snippet:-1, max-image-preview:large, max-video-preview:-1\" \/>\n<link rel=\"canonical\" href=\"https:\/\/www.medoucine.com\/blog\/jarrete-de-vouloir-reussir-ma-vie-pour-enfin-vivre\/\" \/>\n<meta property=\"og:locale\" content=\"fr_FR\" \/>\n<meta property=\"og:type\" content=\"article\" \/>\n<meta property=\"og:title\" content=\"J&#039;arr\u00eate de vouloir r\u00e9ussir ma vie pour enfin vivre ! ~ Blog de Medoucine\" \/>\n<meta property=\"og:description\" content=\"Un article pour se lib\u00e9rer de l&#039;injonction \u00e0 &quot;r\u00e9ussir&quot; sa vie \u00e0 tout prix pour accepter qui l&#039;on est et \u00eatre en accord avec soi-m\u00eame !\" \/>\n<meta property=\"og:url\" content=\"https:\/\/www.medoucine.com\/blog\/jarrete-de-vouloir-reussir-ma-vie-pour-enfin-vivre\/\" \/>\n<meta property=\"og:site_name\" content=\"Blog de Medoucine\" \/>\n<meta property=\"article:publisher\" content=\"https:\/\/www.facebook.com\/medoucine\/\" \/>\n<meta property=\"article:published_time\" content=\"2022-07-20T08:00:23+00:00\" \/>\n<meta property=\"article:modified_time\" content=\"2026-04-08T16:23:40+00:00\" \/>\n<meta property=\"og:image\" content=\"https:\/\/www.medoucine.com\/blog\/wp-content\/uploads\/2022\/06\/pexels-andrea-piacquadio-3756168-scaled.jpg\" \/>\n\t<meta property=\"og:image:width\" content=\"2560\" \/>\n\t<meta property=\"og:image:height\" content=\"1707\" \/>\n\t<meta property=\"og:image:type\" content=\"image\/jpeg\" \/>\n<meta name=\"author\" content=\"Eleonore Delardemelle\" \/>\n<meta name=\"twitter:card\" content=\"summary_large_image\" \/>\n<meta name=\"twitter:creator\" content=\"@medoucinefr\" \/>\n<meta name=\"twitter:site\" content=\"@medoucinefr\" \/>\n<meta name=\"twitter:label1\" content=\"\u00c9crit par\" \/>\n\t<meta name=\"twitter:data1\" content=\"Eleonore Delardemelle\" \/>\n\t<meta name=\"twitter:label2\" content=\"Dur\u00e9e de lecture estim\u00e9e\" \/>\n\t<meta name=\"twitter:data2\" content=\"5 minutes\" \/>\n<script type=\"application\/ld+json\" class=\"yoast-schema-graph\">{\"@context\":\"https:\/\/schema.org\",\"@graph\":[{\"@type\":\"Article\",\"@id\":\"https:\/\/www.medoucine.com\/blog\/jarrete-de-vouloir-reussir-ma-vie-pour-enfin-vivre\/#article\",\"isPartOf\":{\"@id\":\"https:\/\/www.medoucine.com\/blog\/jarrete-de-vouloir-reussir-ma-vie-pour-enfin-vivre\/\"},\"author\":{\"name\":\"Eleonore Delardemelle\",\"@id\":\"https:\/\/www.medoucine.com\/blog\/#\/schema\/person\/818ce0bb0b77c49a7580c8c802283309\"},\"headline\":\"J&rsquo;arr\u00eate de vouloir r\u00e9ussir ma vie pour enfin vivre !\",\"datePublished\":\"2022-07-20T08:00:23+00:00\",\"dateModified\":\"2026-04-08T16:23:40+00:00\",\"mainEntityOfPage\":{\"@id\":\"https:\/\/www.medoucine.com\/blog\/jarrete-de-vouloir-reussir-ma-vie-pour-enfin-vivre\/\"},\"wordCount\":1075,\"commentCount\":3,\"publisher\":{\"@id\":\"https:\/\/www.medoucine.com\/blog\/#organization\"},\"image\":{\"@id\":\"https:\/\/www.medoucine.com\/blog\/jarrete-de-vouloir-reussir-ma-vie-pour-enfin-vivre\/#primaryimage\"},\"thumbnailUrl\":\"https:\/\/www.medoucine.com\/blog\/wp-content\/uploads\/2022\/06\/pexels-andrea-piacquadio-3756168-scaled.jpg\",\"keywords\":[\"bien-\u00eatre\",\"d\u00e9veloppement personnel\",\"vie\"],\"articleSection\":[\"D\u00e9veloppement personnel\"],\"inLanguage\":\"fr-FR\",\"potentialAction\":[{\"@type\":\"CommentAction\",\"name\":\"Comment\",\"target\":[\"https:\/\/www.medoucine.com\/blog\/jarrete-de-vouloir-reussir-ma-vie-pour-enfin-vivre\/#respond\"]}]},{\"@type\":\"WebPage\",\"@id\":\"https:\/\/www.medoucine.com\/blog\/jarrete-de-vouloir-reussir-ma-vie-pour-enfin-vivre\/\",\"url\":\"https:\/\/www.medoucine.com\/blog\/jarrete-de-vouloir-reussir-ma-vie-pour-enfin-vivre\/\",\"name\":\"J'arr\u00eate de vouloir r\u00e9ussir ma vie pour enfin vivre ! ~ Blog de Medoucine\",\"isPartOf\":{\"@id\":\"https:\/\/www.medoucine.com\/blog\/#website\"},\"primaryImageOfPage\":{\"@id\":\"https:\/\/www.medoucine.com\/blog\/jarrete-de-vouloir-reussir-ma-vie-pour-enfin-vivre\/#primaryimage\"},\"image\":{\"@id\":\"https:\/\/www.medoucine.com\/blog\/jarrete-de-vouloir-reussir-ma-vie-pour-enfin-vivre\/#primaryimage\"},\"thumbnailUrl\":\"https:\/\/www.medoucine.com\/blog\/wp-content\/uploads\/2022\/06\/pexels-andrea-piacquadio-3756168-scaled.jpg\",\"datePublished\":\"2022-07-20T08:00:23+00:00\",\"dateModified\":\"2026-04-08T16:23:40+00:00\",\"description\":\"Un article pour se lib\u00e9rer de l'injonction \u00e0 \\\"r\u00e9ussir\\\" sa vie \u00e0 tout prix pour accepter qui l'on est et \u00eatre en accord avec soi-m\u00eame !\",\"breadcrumb\":{\"@id\":\"https:\/\/www.medoucine.com\/blog\/jarrete-de-vouloir-reussir-ma-vie-pour-enfin-vivre\/#breadcrumb\"},\"inLanguage\":\"fr-FR\",\"potentialAction\":[{\"@type\":\"ReadAction\",\"target\":[\"https:\/\/www.medoucine.com\/blog\/jarrete-de-vouloir-reussir-ma-vie-pour-enfin-vivre\/\"]}]},{\"@type\":\"ImageObject\",\"inLanguage\":\"fr-FR\",\"@id\":\"https:\/\/www.medoucine.com\/blog\/jarrete-de-vouloir-reussir-ma-vie-pour-enfin-vivre\/#primaryimage\",\"url\":\"https:\/\/www.medoucine.com\/blog\/wp-content\/uploads\/2022\/06\/pexels-andrea-piacquadio-3756168-scaled.jpg\",\"contentUrl\":\"https:\/\/www.medoucine.com\/blog\/wp-content\/uploads\/2022\/06\/pexels-andrea-piacquadio-3756168-scaled.jpg\",\"width\":2560,\"height\":1707},{\"@type\":\"BreadcrumbList\",\"@id\":\"https:\/\/www.medoucine.com\/blog\/jarrete-de-vouloir-reussir-ma-vie-pour-enfin-vivre\/#breadcrumb\",\"itemListElement\":[{\"@type\":\"ListItem\",\"position\":1,\"name\":\"Blog Medoucine\",\"item\":\"https:\/\/www.medoucine.com\/blog\/\"},{\"@type\":\"ListItem\",\"position\":2,\"name\":\"Psycho\",\"item\":\"https:\/\/www.medoucine.com\/blog\/cat\/psycho\/\"},{\"@type\":\"ListItem\",\"position\":3,\"name\":\"Autres troubles\",\"item\":\"https:\/\/www.medoucine.com\/blog\/cat\/psycho\/autres-troubles\/\"},{\"@type\":\"ListItem\",\"position\":4,\"name\":\"J&rsquo;arr\u00eate de vouloir r\u00e9ussir ma vie pour enfin vivre !\"}]},{\"@type\":\"WebSite\",\"@id\":\"https:\/\/www.medoucine.com\/blog\/#website\",\"url\":\"https:\/\/www.medoucine.com\/blog\/\",\"name\":\"Blog de Medoucine\",\"description\":\"Le blog des m\u00e9decines douces\",\"publisher\":{\"@id\":\"https:\/\/www.medoucine.com\/blog\/#organization\"},\"potentialAction\":[{\"@type\":\"SearchAction\",\"target\":{\"@type\":\"EntryPoint\",\"urlTemplate\":\"https:\/\/www.medoucine.com\/blog\/?s={search_term_string}\"},\"query-input\":{\"@type\":\"PropertyValueSpecification\",\"valueRequired\":true,\"valueName\":\"search_term_string\"}}],\"inLanguage\":\"fr-FR\"},{\"@type\":\"Organization\",\"@id\":\"https:\/\/www.medoucine.com\/blog\/#organization\",\"name\":\"Medoucine\",\"url\":\"https:\/\/www.medoucine.com\/blog\/\",\"logo\":{\"@type\":\"ImageObject\",\"inLanguage\":\"fr-FR\",\"@id\":\"https:\/\/www.medoucine.com\/blog\/#\/schema\/logo\/image\/\",\"url\":\"https:\/\/www.medoucine.com\/blog\/wp-content\/uploads\/2019\/07\/logo@3x.png\",\"contentUrl\":\"https:\/\/www.medoucine.com\/blog\/wp-content\/uploads\/2019\/07\/logo@3x.png\",\"width\":555,\"height\":135,\"caption\":\"Medoucine\"},\"image\":{\"@id\":\"https:\/\/www.medoucine.com\/blog\/#\/schema\/logo\/image\/\"},\"sameAs\":[\"https:\/\/www.facebook.com\/medoucine\/\",\"https:\/\/x.com\/medoucinefr\",\"https:\/\/www.instagram.com\/medoucine\/\",\"https:\/\/www.youtube.com\/channel\/UCtZeUeJ_KebYK0KJAXjJV8g\"]},{\"@type\":\"Person\",\"@id\":\"https:\/\/www.medoucine.com\/blog\/#\/schema\/person\/818ce0bb0b77c49a7580c8c802283309\",\"name\":\"Eleonore Delardemelle\",\"image\":{\"@type\":\"ImageObject\",\"inLanguage\":\"fr-FR\",\"@id\":\"https:\/\/www.medoucine.com\/blog\/#\/schema\/person\/image\/\",\"url\":\"https:\/\/secure.gravatar.com\/avatar\/99c7ca33b75ee77493e2e66712d777f0de74f078189618db540d820c69aacc1d?s=96&d=mm&r=g\",\"contentUrl\":\"https:\/\/secure.gravatar.com\/avatar\/99c7ca33b75ee77493e2e66712d777f0de74f078189618db540d820c69aacc1d?s=96&d=mm&r=g\",\"caption\":\"Eleonore Delardemelle\"},\"description\":\"Praticienne en shiatsu et techniques \u00e9nerg\u00e9tiques vocales, Eleonore de Lardemelle propose de faire de sa sensibilit\u00e9 une force !\",\"sameAs\":[\"https:\/\/www.medoucine.com\/consultation\/reze\/eleonore-de-lardemelle\/3303?_v=1\"],\"url\":\"https:\/\/www.medoucine.com\/blog\/author\/eleonore_delardemelle\/\"}]}<\/script>\n<!-- \/ Yoast SEO plugin. -->","yoast_head_json":{"title":"J'arr\u00eate de vouloir r\u00e9ussir ma vie pour enfin vivre ! ~ Blog de Medoucine","description":"Un article pour se lib\u00e9rer de l'injonction \u00e0 \"r\u00e9ussir\" sa vie \u00e0 tout prix pour accepter qui l'on est et \u00eatre en accord avec soi-m\u00eame !","robots":{"index":"index","follow":"follow","max-snippet":"max-snippet:-1","max-image-preview":"max-image-preview:large","max-video-preview":"max-video-preview:-1"},"canonical":"https:\/\/www.medoucine.com\/blog\/jarrete-de-vouloir-reussir-ma-vie-pour-enfin-vivre\/","og_locale":"fr_FR","og_type":"article","og_title":"J'arr\u00eate de vouloir r\u00e9ussir ma vie pour enfin vivre ! ~ Blog de Medoucine","og_description":"Un article pour se lib\u00e9rer de l'injonction \u00e0 \"r\u00e9ussir\" sa vie \u00e0 tout prix pour accepter qui l'on est et \u00eatre en accord avec soi-m\u00eame !","og_url":"https:\/\/www.medoucine.com\/blog\/jarrete-de-vouloir-reussir-ma-vie-pour-enfin-vivre\/","og_site_name":"Blog de Medoucine","article_publisher":"https:\/\/www.facebook.com\/medoucine\/","article_published_time":"2022-07-20T08:00:23+00:00","article_modified_time":"2026-04-08T16:23:40+00:00","og_image":[{"width":2560,"height":1707,"url":"https:\/\/www.medoucine.com\/blog\/wp-content\/uploads\/2022\/06\/pexels-andrea-piacquadio-3756168-scaled.jpg","type":"image\/jpeg"}],"author":"Eleonore Delardemelle","twitter_card":"summary_large_image","twitter_creator":"@medoucinefr","twitter_site":"@medoucinefr","twitter_misc":{"\u00c9crit par":"Eleonore Delardemelle","Dur\u00e9e de lecture estim\u00e9e":"5 minutes"},"schema":{"@context":"https:\/\/schema.org","@graph":[{"@type":"Article","@id":"https:\/\/www.medoucine.com\/blog\/jarrete-de-vouloir-reussir-ma-vie-pour-enfin-vivre\/#article","isPartOf":{"@id":"https:\/\/www.medoucine.com\/blog\/jarrete-de-vouloir-reussir-ma-vie-pour-enfin-vivre\/"},"author":{"name":"Eleonore Delardemelle","@id":"https:\/\/www.medoucine.com\/blog\/#\/schema\/person\/818ce0bb0b77c49a7580c8c802283309"},"headline":"J&rsquo;arr\u00eate de vouloir r\u00e9ussir ma vie pour enfin vivre !","datePublished":"2022-07-20T08:00:23+00:00","dateModified":"2026-04-08T16:23:40+00:00","mainEntityOfPage":{"@id":"https:\/\/www.medoucine.com\/blog\/jarrete-de-vouloir-reussir-ma-vie-pour-enfin-vivre\/"},"wordCount":1075,"commentCount":3,"publisher":{"@id":"https:\/\/www.medoucine.com\/blog\/#organization"},"image":{"@id":"https:\/\/www.medoucine.com\/blog\/jarrete-de-vouloir-reussir-ma-vie-pour-enfin-vivre\/#primaryimage"},"thumbnailUrl":"https:\/\/www.medoucine.com\/blog\/wp-content\/uploads\/2022\/06\/pexels-andrea-piacquadio-3756168-scaled.jpg","keywords":["bien-\u00eatre","d\u00e9veloppement personnel","vie"],"articleSection":["D\u00e9veloppement personnel"],"inLanguage":"fr-FR","potentialAction":[{"@type":"CommentAction","name":"Comment","target":["https:\/\/www.medoucine.com\/blog\/jarrete-de-vouloir-reussir-ma-vie-pour-enfin-vivre\/#respond"]}]},{"@type":"WebPage","@id":"https:\/\/www.medoucine.com\/blog\/jarrete-de-vouloir-reussir-ma-vie-pour-enfin-vivre\/","url":"https:\/\/www.medoucine.com\/blog\/jarrete-de-vouloir-reussir-ma-vie-pour-enfin-vivre\/","name":"J'arr\u00eate de vouloir r\u00e9ussir ma vie pour enfin vivre ! ~ Blog de Medoucine","isPartOf":{"@id":"https:\/\/www.medoucine.com\/blog\/#website"},"primaryImageOfPage":{"@id":"https:\/\/www.medoucine.com\/blog\/jarrete-de-vouloir-reussir-ma-vie-pour-enfin-vivre\/#primaryimage"},"image":{"@id":"https:\/\/www.medoucine.com\/blog\/jarrete-de-vouloir-reussir-ma-vie-pour-enfin-vivre\/#primaryimage"},"thumbnailUrl":"https:\/\/www.medoucine.com\/blog\/wp-content\/uploads\/2022\/06\/pexels-andrea-piacquadio-3756168-scaled.jpg","datePublished":"2022-07-20T08:00:23+00:00","dateModified":"2026-04-08T16:23:40+00:00","description":"Un article pour se lib\u00e9rer de l'injonction \u00e0 \"r\u00e9ussir\" sa vie \u00e0 tout prix pour accepter qui l'on est et \u00eatre en accord avec soi-m\u00eame !","breadcrumb":{"@id":"https:\/\/www.medoucine.com\/blog\/jarrete-de-vouloir-reussir-ma-vie-pour-enfin-vivre\/#breadcrumb"},"inLanguage":"fr-FR","potentialAction":[{"@type":"ReadAction","target":["https:\/\/www.medoucine.com\/blog\/jarrete-de-vouloir-reussir-ma-vie-pour-enfin-vivre\/"]}]},{"@type":"ImageObject","inLanguage":"fr-FR","@id":"https:\/\/www.medoucine.com\/blog\/jarrete-de-vouloir-reussir-ma-vie-pour-enfin-vivre\/#primaryimage","url":"https:\/\/www.medoucine.com\/blog\/wp-content\/uploads\/2022\/06\/pexels-andrea-piacquadio-3756168-scaled.jpg","contentUrl":"https:\/\/www.medoucine.com\/blog\/wp-content\/uploads\/2022\/06\/pexels-andrea-piacquadio-3756168-scaled.jpg","width":2560,"height":1707},{"@type":"BreadcrumbList","@id":"https:\/\/www.medoucine.com\/blog\/jarrete-de-vouloir-reussir-ma-vie-pour-enfin-vivre\/#breadcrumb","itemListElement":[{"@type":"ListItem","position":1,"name":"Blog Medoucine","item":"https:\/\/www.medoucine.com\/blog\/"},{"@type":"ListItem","position":2,"name":"Psycho","item":"https:\/\/www.medoucine.com\/blog\/cat\/psycho\/"},{"@type":"ListItem","position":3,"name":"Autres troubles","item":"https:\/\/www.medoucine.com\/blog\/cat\/psycho\/autres-troubles\/"},{"@type":"ListItem","position":4,"name":"J&rsquo;arr\u00eate de vouloir r\u00e9ussir ma vie pour enfin vivre !"}]},{"@type":"WebSite","@id":"https:\/\/www.medoucine.com\/blog\/#website","url":"https:\/\/www.medoucine.com\/blog\/","name":"Blog de Medoucine","description":"Le blog des m\u00e9decines douces","publisher":{"@id":"https:\/\/www.medoucine.com\/blog\/#organization"},"potentialAction":[{"@type":"SearchAction","target":{"@type":"EntryPoint","urlTemplate":"https:\/\/www.medoucine.com\/blog\/?s={search_term_string}"},"query-input":{"@type":"PropertyValueSpecification","valueRequired":true,"valueName":"search_term_string"}}],"inLanguage":"fr-FR"},{"@type":"Organization","@id":"https:\/\/www.medoucine.com\/blog\/#organization","name":"Medoucine","url":"https:\/\/www.medoucine.com\/blog\/","logo":{"@type":"ImageObject","inLanguage":"fr-FR","@id":"https:\/\/www.medoucine.com\/blog\/#\/schema\/logo\/image\/","url":"https:\/\/www.medoucine.com\/blog\/wp-content\/uploads\/2019\/07\/logo@3x.png","contentUrl":"https:\/\/www.medoucine.com\/blog\/wp-content\/uploads\/2019\/07\/logo@3x.png","width":555,"height":135,"caption":"Medoucine"},"image":{"@id":"https:\/\/www.medoucine.com\/blog\/#\/schema\/logo\/image\/"},"sameAs":["https:\/\/www.facebook.com\/medoucine\/","https:\/\/x.com\/medoucinefr","https:\/\/www.instagram.com\/medoucine\/","https:\/\/www.youtube.com\/channel\/UCtZeUeJ_KebYK0KJAXjJV8g"]},{"@type":"Person","@id":"https:\/\/www.medoucine.com\/blog\/#\/schema\/person\/818ce0bb0b77c49a7580c8c802283309","name":"Eleonore Delardemelle","image":{"@type":"ImageObject","inLanguage":"fr-FR","@id":"https:\/\/www.medoucine.com\/blog\/#\/schema\/person\/image\/","url":"https:\/\/secure.gravatar.com\/avatar\/99c7ca33b75ee77493e2e66712d777f0de74f078189618db540d820c69aacc1d?s=96&d=mm&r=g","contentUrl":"https:\/\/secure.gravatar.com\/avatar\/99c7ca33b75ee77493e2e66712d777f0de74f078189618db540d820c69aacc1d?s=96&d=mm&r=g","caption":"Eleonore Delardemelle"},"description":"Praticienne en shiatsu et techniques \u00e9nerg\u00e9tiques vocales, Eleonore de Lardemelle propose de faire de sa sensibilit\u00e9 une force !","sameAs":["https:\/\/www.medoucine.com\/consultation\/reze\/eleonore-de-lardemelle\/3303?_v=1"],"url":"https:\/\/www.medoucine.com\/blog\/author\/eleonore_delardemelle\/"}]}},"_links":{"self":[{"href":"https:\/\/www.medoucine.com\/blog\/wp-json\/wp\/v2\/posts\/23008","targetHints":{"allow":["GET"]}}],"collection":[{"href":"https:\/\/www.medoucine.com\/blog\/wp-json\/wp\/v2\/posts"}],"about":[{"href":"https:\/\/www.medoucine.com\/blog\/wp-json\/wp\/v2\/types\/post"}],"author":[{"embeddable":true,"href":"https:\/\/www.medoucine.com\/blog\/wp-json\/wp\/v2\/users\/616"}],"replies":[{"embeddable":true,"href":"https:\/\/www.medoucine.com\/blog\/wp-json\/wp\/v2\/comments?post=23008"}],"version-history":[{"count":12,"href":"https:\/\/www.medoucine.com\/blog\/wp-json\/wp\/v2\/posts\/23008\/revisions"}],"predecessor-version":[{"id":42499,"href":"https:\/\/www.medoucine.com\/blog\/wp-json\/wp\/v2\/posts\/23008\/revisions\/42499"}],"wp:featuredmedia":[{"embeddable":true,"href":"https:\/\/www.medoucine.com\/blog\/wp-json\/wp\/v2\/media\/23258"}],"wp:attachment":[{"href":"https:\/\/www.medoucine.com\/blog\/wp-json\/wp\/v2\/media?parent=23008"}],"wp:term":[{"taxonomy":"category","embeddable":true,"href":"https:\/\/www.medoucine.com\/blog\/wp-json\/wp\/v2\/categories?post=23008"},{"taxonomy":"post_tag","embeddable":true,"href":"https:\/\/www.medoucine.com\/blog\/wp-json\/wp\/v2\/tags?post=23008"}],"curies":[{"name":"wp","href":"https:\/\/api.w.org\/{rel}","templated":true}]}}