{"id":20360,"date":"2021-12-03T11:45:25","date_gmt":"2021-12-03T10:45:25","guid":{"rendered":"https:\/\/www.medoucine.com\/blog\/?p=20360"},"modified":"2026-04-08T18:36:37","modified_gmt":"2026-04-08T16:36:37","slug":"5-etapes-pour-garder-son-calme-en-toute-circonstances","status":"publish","type":"post","link":"https:\/\/www.medoucine.com\/blog\/5-etapes-pour-garder-son-calme-en-toute-circonstances\/","title":{"rendered":"5 \u00e9tapes pour garder son calme en toutes circonstances"},"content":{"rendered":"<p class=\"has-drop-cap\">Garder son calme en toute circonstances n&rsquo;est pas chose facile. Par cons\u00e9quent, c&rsquo;est d\u00e9licat de faire abstraction de nos sentiments lorsque nous sommes \u00e9nerv\u00e9s, d\u00e9pass\u00e9s ou que nos hormones sont \u00e0 l&rsquo;ouest. Cependant, savoir garder son calme est important pour le bien-\u00eatre de tous. Afin d&rsquo;\u00eatre \u00e0 m\u00eame de garder son calme, il existe plusieurs \u00e9tapes que vous pouvez faire pour vous y aider.<\/p>\n<h2>\u00catre dans le pr\u00e9sent<\/h2>\n<p>\u00catre dans le pr\u00e9sent signifie \u00eatre en contact avec ce qui se passe \u00e0 ce moment pr\u00e9cis sans s\u2019inqui\u00e9ter pour le futur, ni penser au pass\u00e9. Mais il faut r\u00e9ellement s\u2019occuper du futur, direz-vous. Vous avez raison, on peut b\u00e2tir son avenir et ainsi d&rsquo;obtenir des projets. Toutefois, il y a une diff\u00e9rence entre planifier et s\u2019inqui\u00e9ter. Lorsque vous planifiez, vous pensez \u00e0 ce qui pourrait arriver et vous vous exposez \u00e0 des risques. Quand vous vous inqui\u00e9tez, vous \u00eates de nouveau dans le pass\u00e9. Vous n\u2019\u00eates pas dans le moment pr\u00e9sent.<\/p>\n<p>Il est essentiel de s&rsquo;accorder le temps de savourer chaque moment de votre vie. La r\u00e9flexion positive va vous aider \u00e0 am\u00e9liorer votre sort. Si vous avez l&rsquo;intention d&rsquo;adopter des modifications, alors r\u00e9fl\u00e9chissez \u00e0 ce que vous voudrez changer. Cela vous aidera \u00e0 obtenir une analyse plus d\u00e9taill\u00e9e des possibilit\u00e9s. Demeurer dans le moment pr\u00e9sent est une habitude qui vous aide \u00e0 vivre ici et maintenant. Si vous cherchez \u00e0 acc\u00e9der \u00e0 la perfection, la perte de temps repr\u00e9sentera votre lot quotidien. Mais si vous voulez vivre dans l&rsquo;instant, il n&rsquo;y a pas d&rsquo;erreurs. Il n&rsquo;y a que des exp\u00e9riences.<\/p>\n<p>Plusieurs personnes consid\u00e8rent que le pr\u00e9sent repr\u00e9sente une occasion de se r\u00e9aliser soi-m\u00eame. Faites-en un moment r\u00e9ellement magique.<\/p>\n<div style=\"width: 694px\" class=\"wp-caption aligncenter\"><img loading=\"lazy\" decoding=\"async\" class=\"\" src=\"https:\/\/www.medoucine.com\/blog\/\/wp-content\/uploads\/2021\/11\/priscilla-du-preez-nF8xhLMmg0c-unsplash-scaled.jpg\" alt=\"5 \u00e9tapes pour garder son calme en toute circonstances\" width=\"684\" height=\"456\" \/><p class=\"wp-caption-text\">Unsplash<\/p><\/div>\n<div class=\"m-spin\">\n<p class=\"m-spin__text\"><strong>Stress et anxi\u00e9t\u00e9 : retrouvez s\u00e9r\u00e9nit\u00e9 et bien-\u00eatre<\/strong><\/p>\n<p class=\"m-spin__text\">La sophrologie, une m\u00e9thode douce pour g\u00e9rer les \u00e9motions et retrouver un \u00e9quilibre int\u00e9rieur, est de plus en plus pris\u00e9e. Prenez rendez-vous avec un <a class=\"m-spin__link\" target=\"_blank\" rel=\"noopener noreferrer\" href=\"https:\/\/www.medoucine.com\/consultations\/se-soigner\/sophrologie\/montpellier\/tous-publics\/a-domicile-ou-cabinet?utm_source=medoucine_blog_B2C&amp;utm_medium=article_blog&amp;utm_campaign=spin_seo\">Sophrologue \u00e0 Montpellier<\/a>, un <a class=\"m-spin__link\" target=\"_blank\" rel=\"noopener noreferrer\" href=\"https:\/\/www.medoucine.com\/consultations\/se-soigner\/sophrologie\/paris\/tous-publics\/a-domicile-ou-cabinet?utm_source=medoucine_blog_B2C&amp;utm_medium=article_blog&amp;utm_campaign=spin_seo\">Sophrologue \u00e0 Paris<\/a> ou un <a class=\"m-spin__link\" target=\"_blank\" rel=\"noopener noreferrer\" href=\"https:\/\/www.medoucine.com\/consultations\/se-soigner\/sophrologie\/strasbourg\/tous-publics\/a-domicile-ou-cabinet?utm_source=medoucine_blog_B2C&amp;utm_medium=article_blog&amp;utm_campaign=spin_seo\">Sophrologue \u00e0 Strasbourg<\/a> pour apprendre \u00e0 mieux vous conna\u00eetre et \u00e0 ma\u00eetriser votre stress.<\/p>\n<p class=\"m-spin__text\">Vous souhaitez profiter des bienfaits de la sophrologie ? Trouvez des <a class=\"m-spin__link\" target=\"_blank\" rel=\"noopener noreferrer\" href=\"https:\/\/www.medoucine.com\/consultations\/se-soigner\/sophrologie\/autour-de-moi?utm_source=medoucine_blog_B2C&amp;utm_medium=article_blog&amp;utm_campaign=spin_seo\">Sophrologues pr\u00e8s de chez vous<\/a> pour vous accompagner vers une vie plus sereine.<\/p>\n<\/div>\n<h2>Observer la relation entre le corps et les pens\u00e9es<\/h2>\n<p>De nombreux philosophes, depuis leur cr\u00e9ation, ont \u00e9tudi\u00e9 les rapports entre le corps et l&rsquo;esprit. Ils ont commun\u00e9ment d\u00e9cid\u00e9 que l&rsquo;\u00e9quilibre de ces deux forces constitue le point de d\u00e9part de toute forme de bonheur. L&rsquo;esprit et le corps ne sont pas des entit\u00e9s distinctes. Ils forment un tout. Quand vous prenez conscience de cette r\u00e9alit\u00e9, on peut alors mieux appr\u00e9hender son esprit, son corps et ses m\u00e9moires.<\/p>\n<p>Selon leur relation, les traumatismes psychiques se traduisent par des blessures physiques. Le corps est \u00e0 l&rsquo;insu de la conscience, il ne cesse de r\u00e9soudre des situations complexes. Ce n&rsquo;est pas un secret, les pens\u00e9es positives ont des effets b\u00e9n\u00e9fiques sur notre sant\u00e9. Ces pens\u00e9es r\u00e9\u00e9quilibrent notre syst\u00e8me nerveux parasympathique, am\u00e9liorent notre immunit\u00e9, semblent freiner le vieillissement cellulaire, etc.<\/p>\n<p>&nbsp;<\/p>\n<h2>R\u00e9duire l\u2019adr\u00e9naline<\/h2>\n<p>L&rsquo;adr\u00e9naline est une m\u00e9tabolite issue de l&rsquo;effet des hormones sur le syst\u00e8me \u00e9nerg\u00e9tique. Celui-ci stimule les nerfs et accro\u00eet la production d&rsquo;oxyg\u00e8ne dans le cerveau. Elle est associ\u00e9e aux \u00e9motions intenses, car elle aide \u00e0 r\u00e9agir dans les situations d\u00e9sagr\u00e9ables.<\/p>\n<p>Qu&rsquo;est-ce que cette sensation extr\u00eame ? \u00c7a ne devrait pas \u00eatre aussi intense ! Cette s\u00e9cr\u00e9tion correspond \u00e0 la fameuse expression de \u00ab mont\u00e9e d\u2019adr\u00e9naline \u00bb. Fr\u00e9quemment, la mont\u00e9e d\u2019adr\u00e9naline d\u00e9clenche une r\u00e9action de stress.<\/p>\n<p>Lorsque vous \u00eates confront\u00e9 \u00e0 la puissance d&rsquo;une mont\u00e9e d&rsquo;adr\u00e9naline, vous \u00eates irritable, sur les nerfs, stress\u00e9e, ainsi votre s\u00e9cr\u00e9tion d&rsquo;adr\u00e9naline augmente. Cela peut faire augmenter votre rythme cardiaque, votre oppression de la gorge, et causer des tremblements ou des \u00e9tourdissements.<\/p>\n<p>Au lieu d&rsquo;essayer de dompter ou de lutter contre cette mont\u00e9e d&rsquo;adr\u00e9naline, il est pr\u00e9f\u00e9rable d&#8217;employer les outils qui permettent de la diminuer. Pour cela, il existe quelques outils :<\/p>\n<ul>\n<li>L\u2019activit\u00e9 physique, en particulier celles qui peuvent vous d\u00e9fouler<\/li>\n<li>La relaxation ou la sophrologie<\/li>\n<li><a href=\"https:\/\/www.elke-soufflier.fr\/coherence-cardiaque0\" target=\"_blank\" rel=\"noopener noreferrer\">La coh\u00e9rence cardiaque <\/a>et la m\u00e9ditation<\/li>\n<li>Se retrouver entre les personnes qui vous sont ch\u00e8res<\/li>\n<li>Obtenir un sommeil r\u00e9parateur<\/li>\n<li>Limitant la prise d&rsquo;alcool et le caf\u00e9<\/li>\n<\/ul>\n<div style=\"width: 694px\" class=\"wp-caption aligncenter\"><img loading=\"lazy\" decoding=\"async\" class=\"\" src=\"https:\/\/www.medoucine.com\/blog\/\/wp-content\/uploads\/2021\/11\/john-mark-arnold-mvNRuUKs6NA-unsplash-scaled.jpg\" alt=\"5 \u00e9tapes pour garder son calme en toute circonstances\" width=\"684\" height=\"456\" \/><p class=\"wp-caption-text\">Unsplash<\/p><\/div>\n<h2>Ne pas le prendre personnellement<\/h2>\n<p>Certains individus ont tendance \u00e0 penser que les critiques se r\u00e9duisent \u00e0 des attaques personnelles. Mais il arrive que les deux ne soient pas li\u00e9s. La crainte repr\u00e9sente une r\u00e9action humaine. Nous poss\u00e9dons un ego bless\u00e9. La recherche de la s\u00e9curit\u00e9 est une r\u00e9action humaine. Ainsi, il est humain de se sentir vuln\u00e9rable.<\/p>\n<p>Les individus qui souffrent de comportements d\u2019auto-sabotage repr\u00e9sentent g\u00e9n\u00e9ralement des personnes qui se d\u00e9nigrent et ont tendance \u00e0 amplifier les critiques que les autres leur font sentir. Ce processus, bas\u00e9 sur la supposition que les choses qui nous concernent nous engendrent un v\u00e9ritable enfer, nous emp\u00eache de r\u00e9aliser nos projets.<\/p>\n<p>Une \u00e9tude men\u00e9e \u00e0 l\u2019Universit\u00e9 de Miami r\u00e9v\u00e8le que les personnes qui r\u00e9ussissent \u00e0 se divertir r\u00e9guli\u00e8rement \u00e9prouvent davantage de plaisir que ceux qui ne le font pas. D\u00e8s lors, pourquoi ne pas tenter l\u2019exp\u00e9rience d\u2019inverser les vapeurs et d\u2019\u00eatre heureux en toute occasion ?<\/p>\n<p>&nbsp;<\/p>\n<h2>Se donner du temps<\/h2>\n<p>Nous d\u00e9sirons tous un moment pour nous, puisque nos corps et notre esprit en ont besoin. Cela ne veut pas dire que vous n&rsquo;\u00eates pas en mesure de vous rendre utile, car votre moment pour vous est aussi celui o\u00f9 vous pouvez r\u00e9aliser quelque chose pour les autres, en utilisant les \u00e9nergies que vous avez recueillies.<\/p>\n<p>Vous avez peut-\u00eatre \u00e0 peine eu le temps de vous rappeler que vous avez des hobbies, des passions cach\u00e9es, quelque chose qui vous fait vous sentir vivant ? En tant que femme, on \u00e9prouve de la difficult\u00e9 \u00e0 prendre soin de soi sans culpabiliser. Cependant, un break de 30 \u00e0 45 minutes suffirait d\u00e9j\u00e0 \u00e0 nous combler !<\/p>\n<div style=\"width: 694px\" class=\"wp-caption aligncenter\"><img loading=\"lazy\" decoding=\"async\" class=\"\" src=\"https:\/\/www.medoucine.com\/blog\/\/wp-content\/uploads\/2021\/11\/kira-auf-der-heide-ZH8hV44gHEU-unsplash-scaled.jpg\" alt=\"5 \u00e9tapes pour garder son calme en toute circonstances\" width=\"684\" height=\"456\" \/><p class=\"wp-caption-text\">Unsplash<\/p><\/div>\n<p>&nbsp;<\/p>\n<p>Pour conclure, ne pas garder son calme en toute circonstances n&rsquo;est aucunement un instinct inn\u00e9. \u00c0 l&rsquo;inverse, vous apprenez chaque jour \u00e0 y arriver. Pas \u00e0 pas, on peut apprendre \u00e0 se calmer, ce qui repr\u00e9sente une qualit\u00e9 essentielle.<\/p>\n<p>Si chaque \u00eatre humain s&rsquo;impliquait de temps en temps, il y aurait moins de tensions superflues. Cet article est d\u00e9di\u00e9 \u00e0 ceux qui manquent de ce sursaut imperceptible de motivation qui vous permettrait de passer outre les brefs d\u00e9fis de la vie.<\/p>\n<p>&nbsp;<\/p>\n<p>par <a href=\"https:\/\/www.medoucine.com\/consultation\/paris\/elke-soufflier\/895\"><strong>Elke Soufflier, praticienne en hypnose, EFT, sophrologie et autres<\/strong>\u00a0<\/a>recommand\u00e9e du r\u00e9seau M\u00e9doucine.<\/p>\n<p><a href=\"https:\/\/www.medoucine.com\/\"><strong>Trouvez un praticien recommand\u00e9 pr\u00e8s de chez vous sur M\u00e9doucine<\/strong>.\u00a0<\/a><\/p>\n<p><strong>\u00c0 lire aussi\u00a0:<\/strong><\/p>\n<ul>\n<li><a href=\"https:\/\/www.medoucine.com\/blog\/\/comment-faire-si-je-me-sens-stresse-e\/\">Comment faire pour me calmer quand je me sens stress\u00e9(e) ?<\/a><\/li>\n<li><a href=\"https:\/\/www.medoucine.com\/blog\/\/attenuer_stress_neuroptimal\/\">Comment att\u00e9nuer le stress et l\u2019anxi\u00e9t\u00e9 gr\u00e2ce \u00e0 l\u2019entra\u00eenement c\u00e9r\u00e9bral NeurOptimal\u00ae ?<\/a><\/li>\n<li><a href=\"https:\/\/www.medoucine.com\/blog\/\/calmer-et-accompagner-ses-emotions-le-pouvoir-de-lolfaction\/\">Calmer et accompagner ses \u00e9motions : le pouvoir de l\u2019olfaction<\/a><\/li>\n<\/ul>\n","protected":false},"excerpt":{"rendered":"<p>Garder son calme en toute circonstances n&rsquo;est pas chose facile. Par cons\u00e9quent, c&rsquo;est d\u00e9licat de faire abstraction de nos sentiments lorsque nous sommes \u00e9nerv\u00e9s, d\u00e9pass\u00e9s ou que nos hormones sont \u00e0 l&rsquo;ouest. Cependant, savoir garder son calme est important pour le bien-\u00eatre de tous. Afin d&rsquo;\u00eatre \u00e0 m\u00eame de garder son calme, il existe plusieurs \u00e9tapes que vous pouvez faire pour vous y aider. \u00catre dans le pr\u00e9sent \u00catre dans le pr\u00e9sent signifie \u00eatre en contact avec ce qui se passe \u00e0 ce moment pr\u00e9cis sans s\u2019inqui\u00e9ter pour le futur, ni penser au pass\u00e9. Mais il faut r\u00e9ellement s\u2019occuper du futur, direz-vous. Vous avez raison, on peut b\u00e2tir son avenir et ainsi d&rsquo;obtenir des projets. Toutefois, il y a une diff\u00e9rence entre planifier et s\u2019inqui\u00e9ter. Lorsque vous planifiez, vous pensez \u00e0 ce qui pourrait arriver [&hellip;]<\/p>\n","protected":false},"author":200,"featured_media":20551,"comment_status":"open","ping_status":"open","sticky":false,"template":"","format":"standard","meta":{"_acf_changed":false,"footnotes":""},"categories":[102],"tags":[504,150,21,187],"class_list":["post-20360","post","type-post","status-publish","format-standard","has-post-thumbnail","hentry","category-stress-et-angoisse","tag-calme","tag-coherence-cardiaque","tag-sophrologie","tag-stress"],"acf":[],"yoast_head":"<!-- This site is optimized with the Yoast SEO plugin v27.1.1 - https:\/\/yoast.com\/product\/yoast-seo-wordpress\/ -->\n<title>5 \u00e9tapes pour garder son calme en toutes circonstances<\/title>\n<meta name=\"description\" content=\"Il est facile de perdre son calme au milieu d&#039;une journ\u00e9e stressante.Voici quelques \u00e9tapes que vous pourriez faire pour vous aider \u00e0 garder votre calme.\" \/>\n<meta name=\"robots\" content=\"index, follow, max-snippet:-1, max-image-preview:large, max-video-preview:-1\" \/>\n<link rel=\"canonical\" href=\"https:\/\/www.medoucine.com\/blog\/5-etapes-pour-garder-son-calme-en-toute-circonstances\/\" \/>\n<meta property=\"og:locale\" content=\"fr_FR\" \/>\n<meta property=\"og:type\" content=\"article\" \/>\n<meta property=\"og:title\" content=\"5 \u00e9tapes pour garder son calme en toutes circonstances\" \/>\n<meta property=\"og:description\" content=\"Il est facile de perdre son calme au milieu d&#039;une journ\u00e9e stressante.Voici quelques \u00e9tapes que vous pourriez faire pour vous aider \u00e0 garder votre calme.\" \/>\n<meta property=\"og:url\" content=\"https:\/\/www.medoucine.com\/blog\/5-etapes-pour-garder-son-calme-en-toute-circonstances\/\" \/>\n<meta property=\"og:site_name\" content=\"Blog de Medoucine\" \/>\n<meta property=\"article:publisher\" content=\"https:\/\/www.facebook.com\/medoucine\/\" \/>\n<meta property=\"article:published_time\" content=\"2021-12-03T10:45:25+00:00\" \/>\n<meta property=\"article:modified_time\" content=\"2026-04-08T16:36:37+00:00\" \/>\n<meta property=\"og:image\" content=\"https:\/\/www.medoucine.com\/blog\/wp-content\/uploads\/2021\/11\/marcos-paulo-prado-LlrQF5JFRIs-unsplash-scaled.jpg\" \/>\n\t<meta property=\"og:image:width\" content=\"2560\" \/>\n\t<meta property=\"og:image:height\" content=\"1707\" \/>\n\t<meta property=\"og:image:type\" content=\"image\/jpeg\" \/>\n<meta name=\"author\" content=\"Elke Soufflier\" \/>\n<meta name=\"twitter:card\" content=\"summary_large_image\" \/>\n<meta name=\"twitter:creator\" content=\"@medoucinefr\" \/>\n<meta name=\"twitter:site\" content=\"@medoucinefr\" \/>\n<meta name=\"twitter:label1\" content=\"\u00c9crit par\" \/>\n\t<meta name=\"twitter:data1\" content=\"Elke Soufflier\" \/>\n\t<meta name=\"twitter:label2\" content=\"Dur\u00e9e de lecture estim\u00e9e\" \/>\n\t<meta name=\"twitter:data2\" content=\"6 minutes\" \/>\n<script type=\"application\/ld+json\" class=\"yoast-schema-graph\">{\"@context\":\"https:\/\/schema.org\",\"@graph\":[{\"@type\":\"Article\",\"@id\":\"https:\/\/www.medoucine.com\/blog\/5-etapes-pour-garder-son-calme-en-toute-circonstances\/#article\",\"isPartOf\":{\"@id\":\"https:\/\/www.medoucine.com\/blog\/5-etapes-pour-garder-son-calme-en-toute-circonstances\/\"},\"author\":{\"name\":\"Elke Soufflier\",\"@id\":\"https:\/\/www.medoucine.com\/blog\/#\/schema\/person\/274f25ccb51c5c0a02d370fd6926f610\"},\"headline\":\"5 \u00e9tapes pour garder son calme en toutes circonstances\",\"datePublished\":\"2021-12-03T10:45:25+00:00\",\"dateModified\":\"2026-04-08T16:36:37+00:00\",\"mainEntityOfPage\":{\"@id\":\"https:\/\/www.medoucine.com\/blog\/5-etapes-pour-garder-son-calme-en-toute-circonstances\/\"},\"wordCount\":1265,\"commentCount\":0,\"publisher\":{\"@id\":\"https:\/\/www.medoucine.com\/blog\/#organization\"},\"image\":{\"@id\":\"https:\/\/www.medoucine.com\/blog\/5-etapes-pour-garder-son-calme-en-toute-circonstances\/#primaryimage\"},\"thumbnailUrl\":\"https:\/\/www.medoucine.com\/blog\/wp-content\/uploads\/2021\/11\/marcos-paulo-prado-LlrQF5JFRIs-unsplash-scaled.jpg\",\"keywords\":[\"calme\",\"Coh\u00e9rence Cardiaque\",\"Sophrologie\",\"stress\"],\"articleSection\":[\"Stress &amp; angoisse\"],\"inLanguage\":\"fr-FR\",\"potentialAction\":[{\"@type\":\"CommentAction\",\"name\":\"Comment\",\"target\":[\"https:\/\/www.medoucine.com\/blog\/5-etapes-pour-garder-son-calme-en-toute-circonstances\/#respond\"]}]},{\"@type\":\"WebPage\",\"@id\":\"https:\/\/www.medoucine.com\/blog\/5-etapes-pour-garder-son-calme-en-toute-circonstances\/\",\"url\":\"https:\/\/www.medoucine.com\/blog\/5-etapes-pour-garder-son-calme-en-toute-circonstances\/\",\"name\":\"5 \u00e9tapes pour garder son calme en toutes circonstances\",\"isPartOf\":{\"@id\":\"https:\/\/www.medoucine.com\/blog\/#website\"},\"primaryImageOfPage\":{\"@id\":\"https:\/\/www.medoucine.com\/blog\/5-etapes-pour-garder-son-calme-en-toute-circonstances\/#primaryimage\"},\"image\":{\"@id\":\"https:\/\/www.medoucine.com\/blog\/5-etapes-pour-garder-son-calme-en-toute-circonstances\/#primaryimage\"},\"thumbnailUrl\":\"https:\/\/www.medoucine.com\/blog\/wp-content\/uploads\/2021\/11\/marcos-paulo-prado-LlrQF5JFRIs-unsplash-scaled.jpg\",\"datePublished\":\"2021-12-03T10:45:25+00:00\",\"dateModified\":\"2026-04-08T16:36:37+00:00\",\"description\":\"Il est facile de perdre son calme au milieu d'une journ\u00e9e stressante.Voici quelques \u00e9tapes que vous pourriez faire pour vous aider \u00e0 garder votre calme.\",\"breadcrumb\":{\"@id\":\"https:\/\/www.medoucine.com\/blog\/5-etapes-pour-garder-son-calme-en-toute-circonstances\/#breadcrumb\"},\"inLanguage\":\"fr-FR\",\"potentialAction\":[{\"@type\":\"ReadAction\",\"target\":[\"https:\/\/www.medoucine.com\/blog\/5-etapes-pour-garder-son-calme-en-toute-circonstances\/\"]}]},{\"@type\":\"ImageObject\",\"inLanguage\":\"fr-FR\",\"@id\":\"https:\/\/www.medoucine.com\/blog\/5-etapes-pour-garder-son-calme-en-toute-circonstances\/#primaryimage\",\"url\":\"https:\/\/www.medoucine.com\/blog\/wp-content\/uploads\/2021\/11\/marcos-paulo-prado-LlrQF5JFRIs-unsplash-scaled.jpg\",\"contentUrl\":\"https:\/\/www.medoucine.com\/blog\/wp-content\/uploads\/2021\/11\/marcos-paulo-prado-LlrQF5JFRIs-unsplash-scaled.jpg\",\"width\":2560,\"height\":1707},{\"@type\":\"BreadcrumbList\",\"@id\":\"https:\/\/www.medoucine.com\/blog\/5-etapes-pour-garder-son-calme-en-toute-circonstances\/#breadcrumb\",\"itemListElement\":[{\"@type\":\"ListItem\",\"position\":1,\"name\":\"Blog Medoucine\",\"item\":\"https:\/\/www.medoucine.com\/blog\/\"},{\"@type\":\"ListItem\",\"position\":2,\"name\":\"Psycho\",\"item\":\"https:\/\/www.medoucine.com\/blog\/cat\/psycho\/\"},{\"@type\":\"ListItem\",\"position\":3,\"name\":\"Stress &amp; angoisse\",\"item\":\"https:\/\/www.medoucine.com\/blog\/cat\/psycho\/stress-et-angoisse\/\"},{\"@type\":\"ListItem\",\"position\":4,\"name\":\"5 \u00e9tapes pour garder son calme en toutes circonstances\"}]},{\"@type\":\"WebSite\",\"@id\":\"https:\/\/www.medoucine.com\/blog\/#website\",\"url\":\"https:\/\/www.medoucine.com\/blog\/\",\"name\":\"Blog de Medoucine\",\"description\":\"Le blog des m\u00e9decines douces\",\"publisher\":{\"@id\":\"https:\/\/www.medoucine.com\/blog\/#organization\"},\"potentialAction\":[{\"@type\":\"SearchAction\",\"target\":{\"@type\":\"EntryPoint\",\"urlTemplate\":\"https:\/\/www.medoucine.com\/blog\/?s={search_term_string}\"},\"query-input\":{\"@type\":\"PropertyValueSpecification\",\"valueRequired\":true,\"valueName\":\"search_term_string\"}}],\"inLanguage\":\"fr-FR\"},{\"@type\":\"Organization\",\"@id\":\"https:\/\/www.medoucine.com\/blog\/#organization\",\"name\":\"Medoucine\",\"url\":\"https:\/\/www.medoucine.com\/blog\/\",\"logo\":{\"@type\":\"ImageObject\",\"inLanguage\":\"fr-FR\",\"@id\":\"https:\/\/www.medoucine.com\/blog\/#\/schema\/logo\/image\/\",\"url\":\"https:\/\/www.medoucine.com\/blog\/wp-content\/uploads\/2019\/07\/logo@3x.png\",\"contentUrl\":\"https:\/\/www.medoucine.com\/blog\/wp-content\/uploads\/2019\/07\/logo@3x.png\",\"width\":555,\"height\":135,\"caption\":\"Medoucine\"},\"image\":{\"@id\":\"https:\/\/www.medoucine.com\/blog\/#\/schema\/logo\/image\/\"},\"sameAs\":[\"https:\/\/www.facebook.com\/medoucine\/\",\"https:\/\/x.com\/medoucinefr\",\"https:\/\/www.instagram.com\/medoucine\/\",\"https:\/\/www.youtube.com\/channel\/UCtZeUeJ_KebYK0KJAXjJV8g\"]},{\"@type\":\"Person\",\"@id\":\"https:\/\/www.medoucine.com\/blog\/#\/schema\/person\/274f25ccb51c5c0a02d370fd6926f610\",\"name\":\"Elke Soufflier\",\"image\":{\"@type\":\"ImageObject\",\"inLanguage\":\"fr-FR\",\"@id\":\"https:\/\/www.medoucine.com\/blog\/#\/schema\/person\/image\/\",\"url\":\"https:\/\/secure.gravatar.com\/avatar\/395b0bafd7a17e986401fe82d65f3d8075792c19546cccdb52f4f9f02ea54fc1?s=96&d=mm&r=g\",\"contentUrl\":\"https:\/\/secure.gravatar.com\/avatar\/395b0bafd7a17e986401fe82d65f3d8075792c19546cccdb52f4f9f02ea54fc1?s=96&d=mm&r=g\",\"caption\":\"Elke Soufflier\"},\"description\":\"Praticien en Hypnose Ericksonienne, sophrologie, th\u00e9rapies br\u00e8ves. La psycho-\u00e9nerg\u00e9tique repose sur l'utilisation de plusieurs m\u00e9thodes (programmation neuro-linguistique, EFT, sophrologie, coh\u00e9rence cardiaque, hypnose, m\u00e9ditation...). Je vous propose un bilan personnel t\u00e9l\u00e9phonique gratuit de 30 min. https:\/\/calendly.com\/elke-soufflier\/bilan-gratuit-en-psychologie-energetique\",\"sameAs\":[\"https:\/\/www.medoucine.com\/consultation\/paris\/elke-soufflier\/895\"],\"url\":\"https:\/\/www.medoucine.com\/blog\/author\/elke\/\"}]}<\/script>\n<!-- \/ Yoast SEO plugin. -->","yoast_head_json":{"title":"5 \u00e9tapes pour garder son calme en toutes circonstances","description":"Il est facile de perdre son calme au milieu d'une journ\u00e9e stressante.Voici quelques \u00e9tapes que vous pourriez faire pour vous aider \u00e0 garder votre calme.","robots":{"index":"index","follow":"follow","max-snippet":"max-snippet:-1","max-image-preview":"max-image-preview:large","max-video-preview":"max-video-preview:-1"},"canonical":"https:\/\/www.medoucine.com\/blog\/5-etapes-pour-garder-son-calme-en-toute-circonstances\/","og_locale":"fr_FR","og_type":"article","og_title":"5 \u00e9tapes pour garder son calme en toutes circonstances","og_description":"Il est facile de perdre son calme au milieu d'une journ\u00e9e stressante.Voici quelques \u00e9tapes que vous pourriez faire pour vous aider \u00e0 garder votre calme.","og_url":"https:\/\/www.medoucine.com\/blog\/5-etapes-pour-garder-son-calme-en-toute-circonstances\/","og_site_name":"Blog de Medoucine","article_publisher":"https:\/\/www.facebook.com\/medoucine\/","article_published_time":"2021-12-03T10:45:25+00:00","article_modified_time":"2026-04-08T16:36:37+00:00","og_image":[{"width":2560,"height":1707,"url":"https:\/\/www.medoucine.com\/blog\/wp-content\/uploads\/2021\/11\/marcos-paulo-prado-LlrQF5JFRIs-unsplash-scaled.jpg","type":"image\/jpeg"}],"author":"Elke Soufflier","twitter_card":"summary_large_image","twitter_creator":"@medoucinefr","twitter_site":"@medoucinefr","twitter_misc":{"\u00c9crit par":"Elke Soufflier","Dur\u00e9e de lecture estim\u00e9e":"6 minutes"},"schema":{"@context":"https:\/\/schema.org","@graph":[{"@type":"Article","@id":"https:\/\/www.medoucine.com\/blog\/5-etapes-pour-garder-son-calme-en-toute-circonstances\/#article","isPartOf":{"@id":"https:\/\/www.medoucine.com\/blog\/5-etapes-pour-garder-son-calme-en-toute-circonstances\/"},"author":{"name":"Elke Soufflier","@id":"https:\/\/www.medoucine.com\/blog\/#\/schema\/person\/274f25ccb51c5c0a02d370fd6926f610"},"headline":"5 \u00e9tapes pour garder son calme en toutes circonstances","datePublished":"2021-12-03T10:45:25+00:00","dateModified":"2026-04-08T16:36:37+00:00","mainEntityOfPage":{"@id":"https:\/\/www.medoucine.com\/blog\/5-etapes-pour-garder-son-calme-en-toute-circonstances\/"},"wordCount":1265,"commentCount":0,"publisher":{"@id":"https:\/\/www.medoucine.com\/blog\/#organization"},"image":{"@id":"https:\/\/www.medoucine.com\/blog\/5-etapes-pour-garder-son-calme-en-toute-circonstances\/#primaryimage"},"thumbnailUrl":"https:\/\/www.medoucine.com\/blog\/wp-content\/uploads\/2021\/11\/marcos-paulo-prado-LlrQF5JFRIs-unsplash-scaled.jpg","keywords":["calme","Coh\u00e9rence Cardiaque","Sophrologie","stress"],"articleSection":["Stress &amp; angoisse"],"inLanguage":"fr-FR","potentialAction":[{"@type":"CommentAction","name":"Comment","target":["https:\/\/www.medoucine.com\/blog\/5-etapes-pour-garder-son-calme-en-toute-circonstances\/#respond"]}]},{"@type":"WebPage","@id":"https:\/\/www.medoucine.com\/blog\/5-etapes-pour-garder-son-calme-en-toute-circonstances\/","url":"https:\/\/www.medoucine.com\/blog\/5-etapes-pour-garder-son-calme-en-toute-circonstances\/","name":"5 \u00e9tapes pour garder son calme en toutes circonstances","isPartOf":{"@id":"https:\/\/www.medoucine.com\/blog\/#website"},"primaryImageOfPage":{"@id":"https:\/\/www.medoucine.com\/blog\/5-etapes-pour-garder-son-calme-en-toute-circonstances\/#primaryimage"},"image":{"@id":"https:\/\/www.medoucine.com\/blog\/5-etapes-pour-garder-son-calme-en-toute-circonstances\/#primaryimage"},"thumbnailUrl":"https:\/\/www.medoucine.com\/blog\/wp-content\/uploads\/2021\/11\/marcos-paulo-prado-LlrQF5JFRIs-unsplash-scaled.jpg","datePublished":"2021-12-03T10:45:25+00:00","dateModified":"2026-04-08T16:36:37+00:00","description":"Il est facile de perdre son calme au milieu d'une journ\u00e9e stressante.Voici quelques \u00e9tapes que vous pourriez faire pour vous aider \u00e0 garder votre calme.","breadcrumb":{"@id":"https:\/\/www.medoucine.com\/blog\/5-etapes-pour-garder-son-calme-en-toute-circonstances\/#breadcrumb"},"inLanguage":"fr-FR","potentialAction":[{"@type":"ReadAction","target":["https:\/\/www.medoucine.com\/blog\/5-etapes-pour-garder-son-calme-en-toute-circonstances\/"]}]},{"@type":"ImageObject","inLanguage":"fr-FR","@id":"https:\/\/www.medoucine.com\/blog\/5-etapes-pour-garder-son-calme-en-toute-circonstances\/#primaryimage","url":"https:\/\/www.medoucine.com\/blog\/wp-content\/uploads\/2021\/11\/marcos-paulo-prado-LlrQF5JFRIs-unsplash-scaled.jpg","contentUrl":"https:\/\/www.medoucine.com\/blog\/wp-content\/uploads\/2021\/11\/marcos-paulo-prado-LlrQF5JFRIs-unsplash-scaled.jpg","width":2560,"height":1707},{"@type":"BreadcrumbList","@id":"https:\/\/www.medoucine.com\/blog\/5-etapes-pour-garder-son-calme-en-toute-circonstances\/#breadcrumb","itemListElement":[{"@type":"ListItem","position":1,"name":"Blog Medoucine","item":"https:\/\/www.medoucine.com\/blog\/"},{"@type":"ListItem","position":2,"name":"Psycho","item":"https:\/\/www.medoucine.com\/blog\/cat\/psycho\/"},{"@type":"ListItem","position":3,"name":"Stress &amp; angoisse","item":"https:\/\/www.medoucine.com\/blog\/cat\/psycho\/stress-et-angoisse\/"},{"@type":"ListItem","position":4,"name":"5 \u00e9tapes pour garder son calme en toutes circonstances"}]},{"@type":"WebSite","@id":"https:\/\/www.medoucine.com\/blog\/#website","url":"https:\/\/www.medoucine.com\/blog\/","name":"Blog de Medoucine","description":"Le blog des m\u00e9decines douces","publisher":{"@id":"https:\/\/www.medoucine.com\/blog\/#organization"},"potentialAction":[{"@type":"SearchAction","target":{"@type":"EntryPoint","urlTemplate":"https:\/\/www.medoucine.com\/blog\/?s={search_term_string}"},"query-input":{"@type":"PropertyValueSpecification","valueRequired":true,"valueName":"search_term_string"}}],"inLanguage":"fr-FR"},{"@type":"Organization","@id":"https:\/\/www.medoucine.com\/blog\/#organization","name":"Medoucine","url":"https:\/\/www.medoucine.com\/blog\/","logo":{"@type":"ImageObject","inLanguage":"fr-FR","@id":"https:\/\/www.medoucine.com\/blog\/#\/schema\/logo\/image\/","url":"https:\/\/www.medoucine.com\/blog\/wp-content\/uploads\/2019\/07\/logo@3x.png","contentUrl":"https:\/\/www.medoucine.com\/blog\/wp-content\/uploads\/2019\/07\/logo@3x.png","width":555,"height":135,"caption":"Medoucine"},"image":{"@id":"https:\/\/www.medoucine.com\/blog\/#\/schema\/logo\/image\/"},"sameAs":["https:\/\/www.facebook.com\/medoucine\/","https:\/\/x.com\/medoucinefr","https:\/\/www.instagram.com\/medoucine\/","https:\/\/www.youtube.com\/channel\/UCtZeUeJ_KebYK0KJAXjJV8g"]},{"@type":"Person","@id":"https:\/\/www.medoucine.com\/blog\/#\/schema\/person\/274f25ccb51c5c0a02d370fd6926f610","name":"Elke Soufflier","image":{"@type":"ImageObject","inLanguage":"fr-FR","@id":"https:\/\/www.medoucine.com\/blog\/#\/schema\/person\/image\/","url":"https:\/\/secure.gravatar.com\/avatar\/395b0bafd7a17e986401fe82d65f3d8075792c19546cccdb52f4f9f02ea54fc1?s=96&d=mm&r=g","contentUrl":"https:\/\/secure.gravatar.com\/avatar\/395b0bafd7a17e986401fe82d65f3d8075792c19546cccdb52f4f9f02ea54fc1?s=96&d=mm&r=g","caption":"Elke Soufflier"},"description":"Praticien en Hypnose Ericksonienne, sophrologie, th\u00e9rapies br\u00e8ves. La psycho-\u00e9nerg\u00e9tique repose sur l'utilisation de plusieurs m\u00e9thodes (programmation neuro-linguistique, EFT, sophrologie, coh\u00e9rence cardiaque, hypnose, m\u00e9ditation...). Je vous propose un bilan personnel t\u00e9l\u00e9phonique gratuit de 30 min. https:\/\/calendly.com\/elke-soufflier\/bilan-gratuit-en-psychologie-energetique","sameAs":["https:\/\/www.medoucine.com\/consultation\/paris\/elke-soufflier\/895"],"url":"https:\/\/www.medoucine.com\/blog\/author\/elke\/"}]}},"_links":{"self":[{"href":"https:\/\/www.medoucine.com\/blog\/wp-json\/wp\/v2\/posts\/20360","targetHints":{"allow":["GET"]}}],"collection":[{"href":"https:\/\/www.medoucine.com\/blog\/wp-json\/wp\/v2\/posts"}],"about":[{"href":"https:\/\/www.medoucine.com\/blog\/wp-json\/wp\/v2\/types\/post"}],"author":[{"embeddable":true,"href":"https:\/\/www.medoucine.com\/blog\/wp-json\/wp\/v2\/users\/200"}],"replies":[{"embeddable":true,"href":"https:\/\/www.medoucine.com\/blog\/wp-json\/wp\/v2\/comments?post=20360"}],"version-history":[{"count":11,"href":"https:\/\/www.medoucine.com\/blog\/wp-json\/wp\/v2\/posts\/20360\/revisions"}],"predecessor-version":[{"id":42628,"href":"https:\/\/www.medoucine.com\/blog\/wp-json\/wp\/v2\/posts\/20360\/revisions\/42628"}],"wp:featuredmedia":[{"embeddable":true,"href":"https:\/\/www.medoucine.com\/blog\/wp-json\/wp\/v2\/media\/20551"}],"wp:attachment":[{"href":"https:\/\/www.medoucine.com\/blog\/wp-json\/wp\/v2\/media?parent=20360"}],"wp:term":[{"taxonomy":"category","embeddable":true,"href":"https:\/\/www.medoucine.com\/blog\/wp-json\/wp\/v2\/categories?post=20360"},{"taxonomy":"post_tag","embeddable":true,"href":"https:\/\/www.medoucine.com\/blog\/wp-json\/wp\/v2\/tags?post=20360"}],"curies":[{"name":"wp","href":"https:\/\/api.w.org\/{rel}","templated":true}]}}