{"id":20183,"date":"2021-11-24T10:30:59","date_gmt":"2021-11-24T09:30:59","guid":{"rendered":"https:\/\/www.medoucine.com\/blog\/?p=20183"},"modified":"2026-04-08T18:36:55","modified_gmt":"2026-04-08T16:36:55","slug":"quelles-huiles-essentielles-utiliser-contre-la-deprime","status":"publish","type":"post","link":"https:\/\/www.medoucine.com\/blog\/quelles-huiles-essentielles-utiliser-contre-la-deprime\/","title":{"rendered":"Quelles huiles essentielles utiliser contre la d\u00e9prime ?"},"content":{"rendered":"<p class=\"has-drop-cap\">On reconna\u00eet de plus en plus les bienfaits des huiles essentielles notamment pour accompagner les maux du corps (action anti-inflammatoire, cosm\u00e9tique\u2026), mais on ne connait pas toujours la puissance de leur action sur notre psychisme.<\/p>\n<p>\u00c0 l\u2019approche de l\u2019hiver et la d\u00e9pression saisonni\u00e8re qui peut y \u00eatre associ\u00e9e, voyons quelles huiles essentielles peuvent nous aider \u00e0 traverser cette p\u00e9riode en luttant contre la d\u00e9prime qui peut se traduire par une baisse de tonus, de motivation, un manque de concentration, une perte de confiance en soi, une irritation, voire un \u00ab spleen \u00bb avec anxi\u00e9t\u00e9, perturbation du sommeil.<\/p>\n<h3>Pour se dynamiser<\/h3>\n<p>\u2022 <strong>Ravintsara<\/strong> <em>(Cinnamomum camphora)<\/em> : on la connait pour son action antivirale, immuno-stimulante, mais elle est aussi revitalisante, antid\u00e9pressive : en cas de fatigue physique ou psychique, frictionner avec quelques gouttes dilu\u00e9es dans une huile v\u00e9g\u00e9tale, la nuque et la colonne vert\u00e9brale jusque dans le bas du dos. On peut aussi masser poignets, colonne vert\u00e9brale et plexus solaire avec un m\u00e9lange de Ravintsara et de Lavande vraie.<\/p>\n<p>\u2022 <strong>Pin sylvestre<\/strong> <em>(Pinus sylvestris)<\/em> : outre son action d\u00e9congestionnante et purifiante des voies respiratoires, elle aide \u00e0 lutter contre la fatigue physique ou nerveuse. En diffusion, elle d\u00e9stresse et redynamise \u00e0 la fois. Le matin, appliquer quelques gouttes dilu\u00e9es dans une huile pour un massage du dos, sur la zone des reins afin de stimuler les surr\u00e9nales.<\/p>\n<div style=\"width: 694px\" class=\"wp-caption aligncenter\"><img loading=\"lazy\" decoding=\"async\" class=\"\" src=\"https:\/\/www.medoucine.com\/blog\/\/wp-content\/uploads\/2021\/11\/christin-hume-0MoF-Fe0w0A-unsplash-scaled.jpg\" alt=\"Quelles huiles essentielles utiliser contre la d\u00e9prime ?\" width=\"684\" height=\"456\" \/><p class=\"wp-caption-text\">Unsplash<\/p><\/div>\n<h3>Pour retrouver force mentale et courage<\/h3>\n<p>\u2022 <strong>Laurier noble<\/strong> <em>(Laurus nobilis)<\/em> : respirer quelques secondes d\u00e8s que n\u00e9cessaire, ou masser avec 3 gouttes sur le plexus solaire pour retrouver courage, confiance et motivation, surmonter les d\u00e9couragements passagers.<\/p>\n<p>\u2022 <strong>Camomille noble<\/strong> <strong>(= Camomille romaine)<\/strong> <em>(Anthemis nobilis <\/em>ou<em> Chamaemelum nobile)<\/em> : masser doucement avec 2 gouttes sur le plexus solaire, ou respirer quelques secondes le flacon pour se redonner de l\u2019entrain. En cas d\u2019anxi\u00e9t\u00e9 passag\u00e8re ou le soir au coucher, on peut faire un massage circulaire sur le plexus solaire et la vo\u00fbte plantaire avec un m\u00e9lange de Camomille noble et de Lavande vraie dans une huile v\u00e9g\u00e9tale.<\/p>\n<h3>Pour favoriser la concentration, r\u00e9duire la fatigue psychique<\/h3>\n<p>\u2022 <strong>Basilic tropical<\/strong> <em>(Ocimum basilicum)<\/em> : pour contrer l\u2019anxi\u00e9t\u00e9, apporter bonne humeur et optimisme. En diffusion, ou bien dilu\u00e9 en massage sur le plexus solaire.<\/p>\n<p>\u2022 <strong>Citron express\u00e9<\/strong> <em>(Citrus limonum)<\/em> : outre son action sur la fatigue digestive ou h\u00e9patique, en diffusion ou en olfaction, le citron aide \u00e0 la concentration, favorise le travail intellectuel, permet de surmonter une fatigue psychique.<\/p>\n<div style=\"width: 580px\" class=\"wp-caption aligncenter\"><img loading=\"lazy\" decoding=\"async\" class=\"\" src=\"https:\/\/www.medoucine.com\/blog\/\/wp-content\/uploads\/2021\/11\/mathilde-langevin-Pv7SK92At0o-unsplash-scaled.jpg\" alt=\"Quelles huiles essentielles utiliser contre la d\u00e9prime ?\" width=\"570\" height=\"855\" \/><p class=\"wp-caption-text\">Unsplash<\/p><\/div>\n<h3>Pour retrouver la s\u00e9r\u00e9nit\u00e9<\/h3>\n<p>\u2022 <strong>Verveine citronn\u00e9e (= Verveine odorante)<\/strong> <em>(Lippia citriodora<\/em> ou <em>Aloysia tryphylla)<\/em> : pour chasser les id\u00e9es noires. Il est possible de mettre quelques gouttes dans le bain, mais bien enrob\u00e9es dans une base comme un savon liquide ou du lait en poudre. Ou bien en diffusion ou en olfaction pour pr\u00e9venir les insomnies, dissiper la morosit\u00e9.<\/p>\n<p>\u2022 <strong>N\u00e9roli (= Petit grain bigarade)<\/strong> <em>(Citrus aurantium)<\/em> : rare, fine et pr\u00e9cieuse, cette huile essentielle issue de la fleur d\u2019oranger a une action profonde et une odeur tr\u00e8s agr\u00e9able. En diffusion, elle apaise stress et nervosit\u00e9, accompagne les passages difficiles. Pour un bien \u00eatre g\u00e9n\u00e9ral, une goutte sur les poignets et la nuque. Ou en cas de rumination respirer 2 gouttes sur un mouchoir. Elle d\u00e9veloppe vitalit\u00e9 et joie de vivre, apporte calme et harmonie.<\/p>\n<h3>Pour relaxer, pr\u00e9venir insomnies et angoisses<\/h3>\n<p>\u2022 <strong>Bergamote<\/strong> <em>(Citrus bergamia)<\/em> : en diffusion, olfaction ou dilu\u00e9e pour un massage.<\/p>\n<p>\u2022 <strong>Cl\u00e9mentine<\/strong> <em>(Citrus clementina)<\/em> : en diffusion ou olfaction.<\/p>\n<p>\u2022 <strong>Orange douce<\/strong> <em>(Citrus sinensis)<\/em> : en diffusion. Ou bien en bain s\u00e9datif : 5 gouttes + 2 gouttes de N\u00e9roli + 5 gouttes de Lavande dans une base comme un savon liquide ou du lait en poudre.<\/p>\n<p>\u2022 <strong>Mandarine<\/strong> <em>(Citrus reticulata)<\/em> : 2 gouttes en massage sur le plexus solaire et la face interne des poignets pour un effet d\u00e9tente imm\u00e9diat. Avec son parfum doux et apaisant, ses propri\u00e9t\u00e9s calmantes, on peut l\u2019utiliser en diffusion m\u00eame pour les enfants. Toutes ces essences d\u2019agrumes apportent calme, l\u00e9g\u00e8ret\u00e9 et optimisme, et ensoleillent l\u2019environnement.<\/p>\n<h3>Pour arr\u00eater de ruminer, gagner en s\u00e9r\u00e9nit\u00e9 et prendre du recul<\/h3>\n<p>\u2022 <strong>Ylang-Ylang<\/strong> <em>(Cananga odorata)<\/em> : les notes chaudes et florales de cette huile essentielle agissent pour r\u00e9duire stress et angoisse, parer \u00e0 l\u2019insomnie et \u00e0 la panique, \u00e9chapper au stress de la vie quotidienne, en olfaction \u00e0 m\u00eame le flacon ou sur un mouchoir.<\/p>\n<p>\u2022 <strong>Marjolaine \u00e0 coquilles<\/strong> <strong>(= Marjolaine des jardins)<\/strong> <em>(Origanum majorana)<\/em> : cette huile essentielle est une grande \u00ab antid\u00e9pressive \u00bb et est efficace pour tous les troubles de l\u2019humeur : 2 gouttes pures (ou l\u00e9g\u00e8rement dilu\u00e9es en cas de peau sensible) en massage sur le plexus solaire et sur la vo\u00fbte plantaire d\u00e8s que l\u2019irritation ou le d\u00e9couragement se font sentir, ou le matin en p\u00e9riode difficile. Humer et partir se promener pour se lib\u00e9rer l\u2019esprit d\u00e8s lors qu\u2019on se sent emp\u00eatr\u00e9 dans une situation.<\/p>\n<p>\u2022 <strong>Rose de Damas<\/strong> <em>(Rosa damascena)<\/em> : connue pour ses propri\u00e9t\u00e9s cosm\u00e9tiques, cette huile essentielle pr\u00e9cieuse est indiqu\u00e9e pour faire face aux troubles affectifs et \u00e9motionnels : 2 gouttes pures en massage doux sur le sternum en cas de tristesse, de sentiment d\u2019irritation. Ou bien en olfaction d\u00e8s que n\u00e9cessaire : mettre une goutte sur la face interne des poignets, les porter sous les narines, pratiquer une longue et profonde inspiration.<\/p>\n<div style=\"width: 580px\" class=\"wp-caption aligncenter\"><img loading=\"lazy\" decoding=\"async\" class=\"\" src=\"https:\/\/www.medoucine.com\/blog\/\/wp-content\/uploads\/2021\/11\/susan-wilkinson-NePenSQS93Y-unsplash-scaled.jpg\" alt=\"Quelles huiles essentielles utiliser contre la d\u00e9prime ?\" width=\"570\" height=\"760\" \/><p class=\"wp-caption-text\">Unsplash<\/p><\/div>\n<h3>La grande \u00ab alli\u00e9e \u00bb<\/h3>\n<p>\u2022 <strong>Lavande vraie (= Lavande fine)<\/strong> <em>(Lavandula angustifolia)<\/em> : le grand nombre de ses indications et sa grande innocuit\u00e9 en font une panac\u00e9e. Son \u00e9tymologie (du latin lavare = laver) nous rappelle qu\u2019elle nettoie tout, corps et \u00e2me. En diffusion ou en olfaction, elle est calmante, s\u00e9dative, anxiolytique, antid\u00e9pressive. 2 gouttes sur la taie d\u2019oreiller pour apaiser, favoriser le sommeil, \u00ab chasser les cauchemars \u00bb. Tr\u00e8s bien tol\u00e9r\u00e9e m\u00eame par les enfants : 1 goutte pure ou dilu\u00e9e dans une huile v\u00e9g\u00e9tale pour masser la colonne vert\u00e9brale. En massage sur le plexus solaire et les poignets.<\/p>\n<p>&nbsp;<\/p>\n<p>V\u00e9ritables \u00ab concentr\u00e9s d\u2019\u00e9nergie solaire \u00bb, \u00e0 utiliser avec pr\u00e9caution (ne jamais s\u2019exposer au soleil apr\u00e8s application sur la peau d\u2019essences de Citrus ou d\u2019huile essentielle de Verveine citronn\u00e9e, sous peine de brulures, ne pas diffuser en pr\u00e9sence d\u2019enfants, la plupart du temps diluer en cas d\u2019application cutan\u00e9e sauf la Lavande qui peut \u00eatre utilis\u00e9e pure), les huiles essentielles nous aident \u00e0 passer des p\u00e9riodes difficiles, en compl\u00e9ment d\u2019une alimentation saine, d\u2019exercice physique, et si possible de sorties quotidiennes pour faire le plein d\u2019oxyg\u00e8ne et de lumi\u00e8re.<\/p>\n<p>Image d&rsquo;illustration de l&rsquo;article <a href=\"https:\/\/www.outlookindia.com\/outlook-spotlight\/medical-cannabis-in-the-uk-and-how-it-is-evolving-news-289006\">Outlook &#8211; Releaf\u00a0<\/a><\/p>\n<p>par <strong><a href=\"https:\/\/www.medoucine.com\/consultation\/colombes\/ines-anciaes\/1552\">In\u00e8s Ancia\u00e8s, praticienne en naturopathie<\/a><\/strong> recommand\u00e9e du r\u00e9seau M\u00e9doucine.<\/p>\n<p><strong><a href=\"https:\/\/www.medoucine.com\/\">Trouvez un praticien en naturopathie recommand\u00e9 pr\u00e8s de chez vous sur M\u00e9doucine.<\/a><\/strong><\/p>\n<p><strong>\u00c0 lire aussi\u00a0:<\/strong><\/p>\n<ul>\n<li><a href=\"https:\/\/www.medoucine.com\/blog\/\/les-huiles-essentielles-pendant-la-grossesse\/\">Quelles huiles essentielles utiliser pendant une grossesse ?<\/a><\/li>\n<li><a href=\"https:\/\/www.medoucine.com\/blog\/\/equilibrer-toutes-les-facettes-de-sa-feminite-grace-aux-huiles-essentielles\/\">\u00c9quilibrer toutes les facettes de sa f\u00e9minit\u00e9 gr\u00e2ce aux huiles essentielles<\/a><\/li>\n<li><a href=\"https:\/\/www.medoucine.com\/blog\/\/les-huiles-essentielles-pour-bien-preparer-le-changement-de-saison\/\">Les huiles essentielles pour bien pr\u00e9parer le changement de saison<\/a><\/li>\n<\/ul>\n<div class=\"m-spin\">\n<p class=\"m-spin__text\"><strong>**Huiles essentielles et d\u00e9prime : le duo gagnant ?**<\/strong><\/p>\n<p class=\"m-spin__text\">La d\u00e9prime peut souvent \u00eatre soulag\u00e9e gr\u00e2ce \u00e0 une approche naturelle et personnalis\u00e9e. Prenez rendez-vous avec un <a class=\"m-spin__link\" target=\"_blank\" rel=\"noopener noreferrer\" href=\"https:\/\/www.medoucine.com\/consultations\/se-soigner\/naturopathie\/nice\/tous-publics\/a-domicile-ou-cabinet?utm_source=medoucine_blog_B2C&amp;utm_medium=article_blog&amp;utm_campaign=spin_seo\">Naturopathe \u00e0 Nice<\/a>, un <a class=\"m-spin__link\" target=\"_blank\" rel=\"noopener noreferrer\" href=\"https:\/\/www.medoucine.com\/consultations\/se-soigner\/naturopathie\/rennes\/tous-publics\/a-domicile-ou-cabinet?utm_source=medoucine_blog_B2C&amp;utm_medium=article_blog&amp;utm_campaign=spin_seo\">Naturopathe \u00e0 Rennes<\/a> ou un <a class=\"m-spin__link\" target=\"_blank\" rel=\"noopener noreferrer\" href=\"https:\/\/www.medoucine.com\/consultations\/se-soigner\/naturopathie\/toulouse\/tous-publics\/a-domicile-ou-cabinet?utm_source=medoucine_blog_B2C&amp;utm_medium=article_blog&amp;utm_campaign=spin_seo\">Naturopathe \u00e0 Toulouse<\/a> pour b\u00e9n\u00e9ficier d\u2019un accompagnement adapt\u00e9 \u00e0 vos besoins. Ces professionnels peuvent vous conseiller sur les huiles essentielles les plus appropri\u00e9es.<\/p>\n<p class=\"m-spin__text\">Vous cherchez un soutien proche de chez vous ? D\u00e9couvrez des <a class=\"m-spin__link\" target=\"_blank\" rel=\"noopener noreferrer\" href=\"https:\/\/www.medoucine.com\/consultations\/se-soigner\/naturopathie\/autour-de-moi?utm_source=medoucine_blog_B2C&amp;utm_medium=article_blog&amp;utm_campaign=spin_seo\">Naturopathes pr\u00e8s de chez vous<\/a> et commencez votre chemin vers un bien-\u00eatre durable.<\/p>\n<\/div>\n","protected":false},"excerpt":{"rendered":"<p>On reconna\u00eet de plus en plus les bienfaits des huiles essentielles notamment pour accompagner les maux du corps (action anti-inflammatoire, cosm\u00e9tique\u2026), mais on ne connait pas toujours la puissance de leur action sur notre psychisme. \u00c0 l\u2019approche de l\u2019hiver et la d\u00e9pression saisonni\u00e8re qui peut y \u00eatre associ\u00e9e, voyons quelles huiles essentielles peuvent nous aider \u00e0 traverser cette p\u00e9riode en luttant contre la d\u00e9prime qui peut se traduire par une baisse de tonus, de motivation, un manque de concentration, une perte de confiance en soi, une irritation, voire un \u00ab spleen \u00bb avec anxi\u00e9t\u00e9, perturbation du sommeil. Pour se dynamiser \u2022 Ravintsara (Cinnamomum camphora) : on la connait pour son action antivirale, immuno-stimulante, mais elle est aussi revitalisante, antid\u00e9pressive : en cas de fatigue physique ou psychique, frictionner avec quelques gouttes dilu\u00e9es dans une huile [&hellip;]<\/p>\n","protected":false},"author":374,"featured_media":20425,"comment_status":"open","ping_status":"open","sticky":false,"template":"","format":"standard","meta":{"_acf_changed":false,"footnotes":""},"categories":[195],"tags":[306,298,329],"class_list":["post-20183","post","type-post","status-publish","format-standard","has-post-thumbnail","hentry","category-solutions-naturelles","tag-depression-deprime","tag-hiver","tag-huiles-essentielles"],"acf":[],"yoast_head":"<!-- This site is optimized with the Yoast SEO plugin v27.1.1 - https:\/\/yoast.com\/product\/yoast-seo-wordpress\/ -->\n<title>Quelles huiles essentielles utiliser contre la d\u00e9prime ?<\/title>\n<meta name=\"description\" content=\"Avec l&#039;arriv\u00e9e de l&#039;hiver, c&#039;est parfois un petit coup de d\u00e9prime auquel on peut s&#039;attendre. Les huiles essentielles permettront d&#039;aider \u00e0 garder le moral !\" \/>\n<meta name=\"robots\" content=\"index, follow, max-snippet:-1, max-image-preview:large, max-video-preview:-1\" \/>\n<link rel=\"canonical\" href=\"https:\/\/www.medoucine.com\/blog\/quelles-huiles-essentielles-utiliser-contre-la-deprime\/\" \/>\n<meta property=\"og:locale\" content=\"fr_FR\" \/>\n<meta property=\"og:type\" content=\"article\" \/>\n<meta property=\"og:title\" content=\"Quelles huiles essentielles utiliser contre la d\u00e9prime ?\" \/>\n<meta property=\"og:description\" content=\"Avec l&#039;arriv\u00e9e de l&#039;hiver, c&#039;est parfois un petit coup de d\u00e9prime auquel on peut s&#039;attendre. Les huiles essentielles permettront d&#039;aider \u00e0 garder le moral !\" \/>\n<meta property=\"og:url\" content=\"https:\/\/www.medoucine.com\/blog\/quelles-huiles-essentielles-utiliser-contre-la-deprime\/\" \/>\n<meta property=\"og:site_name\" content=\"Blog de Medoucine\" \/>\n<meta property=\"article:publisher\" content=\"https:\/\/www.facebook.com\/medoucine\/\" \/>\n<meta property=\"article:published_time\" content=\"2021-11-24T09:30:59+00:00\" \/>\n<meta property=\"article:modified_time\" content=\"2026-04-08T16:36:55+00:00\" \/>\n<meta property=\"og:image\" content=\"https:\/\/www.medoucine.com\/blog\/wp-content\/uploads\/2021\/11\/enecta-cannabis-extracts-80wCkpt-IKE-unsplash-scaled.jpg\" \/>\n\t<meta property=\"og:image:width\" content=\"2048\" \/>\n\t<meta property=\"og:image:height\" content=\"2560\" \/>\n\t<meta property=\"og:image:type\" content=\"image\/jpeg\" \/>\n<meta name=\"author\" content=\"In\u00e8s Ancia\u00e8s\" \/>\n<meta name=\"twitter:card\" content=\"summary_large_image\" \/>\n<meta name=\"twitter:creator\" content=\"@medoucinefr\" \/>\n<meta name=\"twitter:site\" content=\"@medoucinefr\" \/>\n<meta name=\"twitter:label1\" content=\"\u00c9crit par\" \/>\n\t<meta name=\"twitter:data1\" content=\"In\u00e8s Ancia\u00e8s\" \/>\n\t<meta name=\"twitter:label2\" content=\"Dur\u00e9e de lecture estim\u00e9e\" \/>\n\t<meta name=\"twitter:data2\" content=\"6 minutes\" \/>\n<script type=\"application\/ld+json\" class=\"yoast-schema-graph\">{\"@context\":\"https:\/\/schema.org\",\"@graph\":[{\"@type\":\"Article\",\"@id\":\"https:\/\/www.medoucine.com\/blog\/quelles-huiles-essentielles-utiliser-contre-la-deprime\/#article\",\"isPartOf\":{\"@id\":\"https:\/\/www.medoucine.com\/blog\/quelles-huiles-essentielles-utiliser-contre-la-deprime\/\"},\"author\":{\"name\":\"In\u00e8s Ancia\u00e8s\",\"@id\":\"https:\/\/www.medoucine.com\/blog\/#\/schema\/person\/3213384445d1d3c35096848b90645f31\"},\"headline\":\"Quelles huiles essentielles utiliser contre la d\u00e9prime ?\",\"datePublished\":\"2021-11-24T09:30:59+00:00\",\"dateModified\":\"2026-04-08T16:36:55+00:00\",\"mainEntityOfPage\":{\"@id\":\"https:\/\/www.medoucine.com\/blog\/quelles-huiles-essentielles-utiliser-contre-la-deprime\/\"},\"wordCount\":1293,\"commentCount\":0,\"publisher\":{\"@id\":\"https:\/\/www.medoucine.com\/blog\/#organization\"},\"image\":{\"@id\":\"https:\/\/www.medoucine.com\/blog\/quelles-huiles-essentielles-utiliser-contre-la-deprime\/#primaryimage\"},\"thumbnailUrl\":\"https:\/\/www.medoucine.com\/blog\/wp-content\/uploads\/2021\/11\/enecta-cannabis-extracts-80wCkpt-IKE-unsplash-scaled.jpg\",\"keywords\":[\"d\u00e9pression d\u00e9prime\",\"hiver\",\"huiles essentielles\"],\"articleSection\":[\"Solutions Naturelles\"],\"inLanguage\":\"fr-FR\",\"potentialAction\":[{\"@type\":\"CommentAction\",\"name\":\"Comment\",\"target\":[\"https:\/\/www.medoucine.com\/blog\/quelles-huiles-essentielles-utiliser-contre-la-deprime\/#respond\"]}]},{\"@type\":\"WebPage\",\"@id\":\"https:\/\/www.medoucine.com\/blog\/quelles-huiles-essentielles-utiliser-contre-la-deprime\/\",\"url\":\"https:\/\/www.medoucine.com\/blog\/quelles-huiles-essentielles-utiliser-contre-la-deprime\/\",\"name\":\"Quelles huiles essentielles utiliser contre la d\u00e9prime ?\",\"isPartOf\":{\"@id\":\"https:\/\/www.medoucine.com\/blog\/#website\"},\"primaryImageOfPage\":{\"@id\":\"https:\/\/www.medoucine.com\/blog\/quelles-huiles-essentielles-utiliser-contre-la-deprime\/#primaryimage\"},\"image\":{\"@id\":\"https:\/\/www.medoucine.com\/blog\/quelles-huiles-essentielles-utiliser-contre-la-deprime\/#primaryimage\"},\"thumbnailUrl\":\"https:\/\/www.medoucine.com\/blog\/wp-content\/uploads\/2021\/11\/enecta-cannabis-extracts-80wCkpt-IKE-unsplash-scaled.jpg\",\"datePublished\":\"2021-11-24T09:30:59+00:00\",\"dateModified\":\"2026-04-08T16:36:55+00:00\",\"description\":\"Avec l'arriv\u00e9e de l'hiver, c'est parfois un petit coup de d\u00e9prime auquel on peut s'attendre. Les huiles essentielles permettront d'aider \u00e0 garder le moral !\",\"breadcrumb\":{\"@id\":\"https:\/\/www.medoucine.com\/blog\/quelles-huiles-essentielles-utiliser-contre-la-deprime\/#breadcrumb\"},\"inLanguage\":\"fr-FR\",\"potentialAction\":[{\"@type\":\"ReadAction\",\"target\":[\"https:\/\/www.medoucine.com\/blog\/quelles-huiles-essentielles-utiliser-contre-la-deprime\/\"]}]},{\"@type\":\"ImageObject\",\"inLanguage\":\"fr-FR\",\"@id\":\"https:\/\/www.medoucine.com\/blog\/quelles-huiles-essentielles-utiliser-contre-la-deprime\/#primaryimage\",\"url\":\"https:\/\/www.medoucine.com\/blog\/wp-content\/uploads\/2021\/11\/enecta-cannabis-extracts-80wCkpt-IKE-unsplash-scaled.jpg\",\"contentUrl\":\"https:\/\/www.medoucine.com\/blog\/wp-content\/uploads\/2021\/11\/enecta-cannabis-extracts-80wCkpt-IKE-unsplash-scaled.jpg\",\"width\":2048,\"height\":2560},{\"@type\":\"BreadcrumbList\",\"@id\":\"https:\/\/www.medoucine.com\/blog\/quelles-huiles-essentielles-utiliser-contre-la-deprime\/#breadcrumb\",\"itemListElement\":[{\"@type\":\"ListItem\",\"position\":1,\"name\":\"Blog Medoucine\",\"item\":\"https:\/\/www.medoucine.com\/blog\/\"},{\"@type\":\"ListItem\",\"position\":2,\"name\":\"Sant\u00e9\",\"item\":\"https:\/\/www.medoucine.com\/blog\/cat\/sante\/\"},{\"@type\":\"ListItem\",\"position\":3,\"name\":\"Solutions Naturelles\",\"item\":\"https:\/\/www.medoucine.com\/blog\/cat\/sante\/solutions-naturelles\/\"},{\"@type\":\"ListItem\",\"position\":4,\"name\":\"Quelles huiles essentielles utiliser contre la d\u00e9prime ?\"}]},{\"@type\":\"WebSite\",\"@id\":\"https:\/\/www.medoucine.com\/blog\/#website\",\"url\":\"https:\/\/www.medoucine.com\/blog\/\",\"name\":\"Blog de Medoucine\",\"description\":\"Le blog des m\u00e9decines douces\",\"publisher\":{\"@id\":\"https:\/\/www.medoucine.com\/blog\/#organization\"},\"potentialAction\":[{\"@type\":\"SearchAction\",\"target\":{\"@type\":\"EntryPoint\",\"urlTemplate\":\"https:\/\/www.medoucine.com\/blog\/?s={search_term_string}\"},\"query-input\":{\"@type\":\"PropertyValueSpecification\",\"valueRequired\":true,\"valueName\":\"search_term_string\"}}],\"inLanguage\":\"fr-FR\"},{\"@type\":\"Organization\",\"@id\":\"https:\/\/www.medoucine.com\/blog\/#organization\",\"name\":\"Medoucine\",\"url\":\"https:\/\/www.medoucine.com\/blog\/\",\"logo\":{\"@type\":\"ImageObject\",\"inLanguage\":\"fr-FR\",\"@id\":\"https:\/\/www.medoucine.com\/blog\/#\/schema\/logo\/image\/\",\"url\":\"https:\/\/www.medoucine.com\/blog\/wp-content\/uploads\/2019\/07\/logo@3x.png\",\"contentUrl\":\"https:\/\/www.medoucine.com\/blog\/wp-content\/uploads\/2019\/07\/logo@3x.png\",\"width\":555,\"height\":135,\"caption\":\"Medoucine\"},\"image\":{\"@id\":\"https:\/\/www.medoucine.com\/blog\/#\/schema\/logo\/image\/\"},\"sameAs\":[\"https:\/\/www.facebook.com\/medoucine\/\",\"https:\/\/x.com\/medoucinefr\",\"https:\/\/www.instagram.com\/medoucine\/\",\"https:\/\/www.youtube.com\/channel\/UCtZeUeJ_KebYK0KJAXjJV8g\"]},{\"@type\":\"Person\",\"@id\":\"https:\/\/www.medoucine.com\/blog\/#\/schema\/person\/3213384445d1d3c35096848b90645f31\",\"name\":\"In\u00e8s Ancia\u00e8s\",\"image\":{\"@type\":\"ImageObject\",\"inLanguage\":\"fr-FR\",\"@id\":\"https:\/\/www.medoucine.com\/blog\/#\/schema\/person\/image\/\",\"url\":\"https:\/\/secure.gravatar.com\/avatar\/6eb155a29d75c730cbd0f299ffc96d09ad47ee44b6317df0794dd5c362228ea5?s=96&d=mm&r=g\",\"contentUrl\":\"https:\/\/secure.gravatar.com\/avatar\/6eb155a29d75c730cbd0f299ffc96d09ad47ee44b6317df0794dd5c362228ea5?s=96&d=mm&r=g\",\"caption\":\"In\u00e8s Ancia\u00e8s\"},\"description\":\"Bonjour, je suis In\u00e8s Ancia\u00e8s, naturopathe. Je vous re\u00e7ois au cabinet soit \u00e0 Colombes, soit \u00e0 Asni\u00e8res pour des consultations : une premi\u00e8re s\u00e9ance d'1h30 au cours de laquelle par un dialogue nous cernons ensemble votre probl\u00e9matique afin d'\u00e9tablir des bilans de vitalit\u00e9 et alimentaire. Je vous donne les bases d'une meilleure hygi\u00e8ne de vie et des conseils personnalis\u00e9s int\u00e9grant bienfaits de la nutrition, compl\u00e9ments alimentaires, respiration, plantes m\u00e9dicinales, huiles essentielles, bourgeons de plante... Je vous revois \u00e9ventuellement pour une ou plusieurs s\u00e9ances de suivi d'une heure.\",\"sameAs\":[\"https:\/\/www.medoucine.com\/consultation\/colombes\/ines-anciaes\/1552\"],\"url\":\"https:\/\/www.medoucine.com\/blog\/author\/ines_anciaes\/\"}]}<\/script>\n<!-- \/ Yoast SEO plugin. -->","yoast_head_json":{"title":"Quelles huiles essentielles utiliser contre la d\u00e9prime ?","description":"Avec l'arriv\u00e9e de l'hiver, c'est parfois un petit coup de d\u00e9prime auquel on peut s'attendre. Les huiles essentielles permettront d'aider \u00e0 garder le moral !","robots":{"index":"index","follow":"follow","max-snippet":"max-snippet:-1","max-image-preview":"max-image-preview:large","max-video-preview":"max-video-preview:-1"},"canonical":"https:\/\/www.medoucine.com\/blog\/quelles-huiles-essentielles-utiliser-contre-la-deprime\/","og_locale":"fr_FR","og_type":"article","og_title":"Quelles huiles essentielles utiliser contre la d\u00e9prime ?","og_description":"Avec l'arriv\u00e9e de l'hiver, c'est parfois un petit coup de d\u00e9prime auquel on peut s'attendre. Les huiles essentielles permettront d'aider \u00e0 garder le moral !","og_url":"https:\/\/www.medoucine.com\/blog\/quelles-huiles-essentielles-utiliser-contre-la-deprime\/","og_site_name":"Blog de Medoucine","article_publisher":"https:\/\/www.facebook.com\/medoucine\/","article_published_time":"2021-11-24T09:30:59+00:00","article_modified_time":"2026-04-08T16:36:55+00:00","og_image":[{"width":2048,"height":2560,"url":"https:\/\/www.medoucine.com\/blog\/wp-content\/uploads\/2021\/11\/enecta-cannabis-extracts-80wCkpt-IKE-unsplash-scaled.jpg","type":"image\/jpeg"}],"author":"In\u00e8s Ancia\u00e8s","twitter_card":"summary_large_image","twitter_creator":"@medoucinefr","twitter_site":"@medoucinefr","twitter_misc":{"\u00c9crit par":"In\u00e8s Ancia\u00e8s","Dur\u00e9e de lecture estim\u00e9e":"6 minutes"},"schema":{"@context":"https:\/\/schema.org","@graph":[{"@type":"Article","@id":"https:\/\/www.medoucine.com\/blog\/quelles-huiles-essentielles-utiliser-contre-la-deprime\/#article","isPartOf":{"@id":"https:\/\/www.medoucine.com\/blog\/quelles-huiles-essentielles-utiliser-contre-la-deprime\/"},"author":{"name":"In\u00e8s Ancia\u00e8s","@id":"https:\/\/www.medoucine.com\/blog\/#\/schema\/person\/3213384445d1d3c35096848b90645f31"},"headline":"Quelles huiles essentielles utiliser contre la d\u00e9prime ?","datePublished":"2021-11-24T09:30:59+00:00","dateModified":"2026-04-08T16:36:55+00:00","mainEntityOfPage":{"@id":"https:\/\/www.medoucine.com\/blog\/quelles-huiles-essentielles-utiliser-contre-la-deprime\/"},"wordCount":1293,"commentCount":0,"publisher":{"@id":"https:\/\/www.medoucine.com\/blog\/#organization"},"image":{"@id":"https:\/\/www.medoucine.com\/blog\/quelles-huiles-essentielles-utiliser-contre-la-deprime\/#primaryimage"},"thumbnailUrl":"https:\/\/www.medoucine.com\/blog\/wp-content\/uploads\/2021\/11\/enecta-cannabis-extracts-80wCkpt-IKE-unsplash-scaled.jpg","keywords":["d\u00e9pression d\u00e9prime","hiver","huiles essentielles"],"articleSection":["Solutions Naturelles"],"inLanguage":"fr-FR","potentialAction":[{"@type":"CommentAction","name":"Comment","target":["https:\/\/www.medoucine.com\/blog\/quelles-huiles-essentielles-utiliser-contre-la-deprime\/#respond"]}]},{"@type":"WebPage","@id":"https:\/\/www.medoucine.com\/blog\/quelles-huiles-essentielles-utiliser-contre-la-deprime\/","url":"https:\/\/www.medoucine.com\/blog\/quelles-huiles-essentielles-utiliser-contre-la-deprime\/","name":"Quelles huiles essentielles utiliser contre la d\u00e9prime ?","isPartOf":{"@id":"https:\/\/www.medoucine.com\/blog\/#website"},"primaryImageOfPage":{"@id":"https:\/\/www.medoucine.com\/blog\/quelles-huiles-essentielles-utiliser-contre-la-deprime\/#primaryimage"},"image":{"@id":"https:\/\/www.medoucine.com\/blog\/quelles-huiles-essentielles-utiliser-contre-la-deprime\/#primaryimage"},"thumbnailUrl":"https:\/\/www.medoucine.com\/blog\/wp-content\/uploads\/2021\/11\/enecta-cannabis-extracts-80wCkpt-IKE-unsplash-scaled.jpg","datePublished":"2021-11-24T09:30:59+00:00","dateModified":"2026-04-08T16:36:55+00:00","description":"Avec l'arriv\u00e9e de l'hiver, c'est parfois un petit coup de d\u00e9prime auquel on peut s'attendre. Les huiles essentielles permettront d'aider \u00e0 garder le moral !","breadcrumb":{"@id":"https:\/\/www.medoucine.com\/blog\/quelles-huiles-essentielles-utiliser-contre-la-deprime\/#breadcrumb"},"inLanguage":"fr-FR","potentialAction":[{"@type":"ReadAction","target":["https:\/\/www.medoucine.com\/blog\/quelles-huiles-essentielles-utiliser-contre-la-deprime\/"]}]},{"@type":"ImageObject","inLanguage":"fr-FR","@id":"https:\/\/www.medoucine.com\/blog\/quelles-huiles-essentielles-utiliser-contre-la-deprime\/#primaryimage","url":"https:\/\/www.medoucine.com\/blog\/wp-content\/uploads\/2021\/11\/enecta-cannabis-extracts-80wCkpt-IKE-unsplash-scaled.jpg","contentUrl":"https:\/\/www.medoucine.com\/blog\/wp-content\/uploads\/2021\/11\/enecta-cannabis-extracts-80wCkpt-IKE-unsplash-scaled.jpg","width":2048,"height":2560},{"@type":"BreadcrumbList","@id":"https:\/\/www.medoucine.com\/blog\/quelles-huiles-essentielles-utiliser-contre-la-deprime\/#breadcrumb","itemListElement":[{"@type":"ListItem","position":1,"name":"Blog Medoucine","item":"https:\/\/www.medoucine.com\/blog\/"},{"@type":"ListItem","position":2,"name":"Sant\u00e9","item":"https:\/\/www.medoucine.com\/blog\/cat\/sante\/"},{"@type":"ListItem","position":3,"name":"Solutions Naturelles","item":"https:\/\/www.medoucine.com\/blog\/cat\/sante\/solutions-naturelles\/"},{"@type":"ListItem","position":4,"name":"Quelles huiles essentielles utiliser contre la d\u00e9prime ?"}]},{"@type":"WebSite","@id":"https:\/\/www.medoucine.com\/blog\/#website","url":"https:\/\/www.medoucine.com\/blog\/","name":"Blog de Medoucine","description":"Le blog des m\u00e9decines douces","publisher":{"@id":"https:\/\/www.medoucine.com\/blog\/#organization"},"potentialAction":[{"@type":"SearchAction","target":{"@type":"EntryPoint","urlTemplate":"https:\/\/www.medoucine.com\/blog\/?s={search_term_string}"},"query-input":{"@type":"PropertyValueSpecification","valueRequired":true,"valueName":"search_term_string"}}],"inLanguage":"fr-FR"},{"@type":"Organization","@id":"https:\/\/www.medoucine.com\/blog\/#organization","name":"Medoucine","url":"https:\/\/www.medoucine.com\/blog\/","logo":{"@type":"ImageObject","inLanguage":"fr-FR","@id":"https:\/\/www.medoucine.com\/blog\/#\/schema\/logo\/image\/","url":"https:\/\/www.medoucine.com\/blog\/wp-content\/uploads\/2019\/07\/logo@3x.png","contentUrl":"https:\/\/www.medoucine.com\/blog\/wp-content\/uploads\/2019\/07\/logo@3x.png","width":555,"height":135,"caption":"Medoucine"},"image":{"@id":"https:\/\/www.medoucine.com\/blog\/#\/schema\/logo\/image\/"},"sameAs":["https:\/\/www.facebook.com\/medoucine\/","https:\/\/x.com\/medoucinefr","https:\/\/www.instagram.com\/medoucine\/","https:\/\/www.youtube.com\/channel\/UCtZeUeJ_KebYK0KJAXjJV8g"]},{"@type":"Person","@id":"https:\/\/www.medoucine.com\/blog\/#\/schema\/person\/3213384445d1d3c35096848b90645f31","name":"In\u00e8s Ancia\u00e8s","image":{"@type":"ImageObject","inLanguage":"fr-FR","@id":"https:\/\/www.medoucine.com\/blog\/#\/schema\/person\/image\/","url":"https:\/\/secure.gravatar.com\/avatar\/6eb155a29d75c730cbd0f299ffc96d09ad47ee44b6317df0794dd5c362228ea5?s=96&d=mm&r=g","contentUrl":"https:\/\/secure.gravatar.com\/avatar\/6eb155a29d75c730cbd0f299ffc96d09ad47ee44b6317df0794dd5c362228ea5?s=96&d=mm&r=g","caption":"In\u00e8s Ancia\u00e8s"},"description":"Bonjour, je suis In\u00e8s Ancia\u00e8s, naturopathe. Je vous re\u00e7ois au cabinet soit \u00e0 Colombes, soit \u00e0 Asni\u00e8res pour des consultations : une premi\u00e8re s\u00e9ance d'1h30 au cours de laquelle par un dialogue nous cernons ensemble votre probl\u00e9matique afin d'\u00e9tablir des bilans de vitalit\u00e9 et alimentaire. Je vous donne les bases d'une meilleure hygi\u00e8ne de vie et des conseils personnalis\u00e9s int\u00e9grant bienfaits de la nutrition, compl\u00e9ments alimentaires, respiration, plantes m\u00e9dicinales, huiles essentielles, bourgeons de plante... Je vous revois \u00e9ventuellement pour une ou plusieurs s\u00e9ances de suivi d'une heure.","sameAs":["https:\/\/www.medoucine.com\/consultation\/colombes\/ines-anciaes\/1552"],"url":"https:\/\/www.medoucine.com\/blog\/author\/ines_anciaes\/"}]}},"_links":{"self":[{"href":"https:\/\/www.medoucine.com\/blog\/wp-json\/wp\/v2\/posts\/20183","targetHints":{"allow":["GET"]}}],"collection":[{"href":"https:\/\/www.medoucine.com\/blog\/wp-json\/wp\/v2\/posts"}],"about":[{"href":"https:\/\/www.medoucine.com\/blog\/wp-json\/wp\/v2\/types\/post"}],"author":[{"embeddable":true,"href":"https:\/\/www.medoucine.com\/blog\/wp-json\/wp\/v2\/users\/374"}],"replies":[{"embeddable":true,"href":"https:\/\/www.medoucine.com\/blog\/wp-json\/wp\/v2\/comments?post=20183"}],"version-history":[{"count":14,"href":"https:\/\/www.medoucine.com\/blog\/wp-json\/wp\/v2\/posts\/20183\/revisions"}],"predecessor-version":[{"id":42634,"href":"https:\/\/www.medoucine.com\/blog\/wp-json\/wp\/v2\/posts\/20183\/revisions\/42634"}],"wp:featuredmedia":[{"embeddable":true,"href":"https:\/\/www.medoucine.com\/blog\/wp-json\/wp\/v2\/media\/20425"}],"wp:attachment":[{"href":"https:\/\/www.medoucine.com\/blog\/wp-json\/wp\/v2\/media?parent=20183"}],"wp:term":[{"taxonomy":"category","embeddable":true,"href":"https:\/\/www.medoucine.com\/blog\/wp-json\/wp\/v2\/categories?post=20183"},{"taxonomy":"post_tag","embeddable":true,"href":"https:\/\/www.medoucine.com\/blog\/wp-json\/wp\/v2\/tags?post=20183"}],"curies":[{"name":"wp","href":"https:\/\/api.w.org\/{rel}","templated":true}]}}