{"id":20179,"date":"2021-11-15T11:58:42","date_gmt":"2021-11-15T10:58:42","guid":{"rendered":"https:\/\/www.medoucine.com\/blog\/?p=20179"},"modified":"2026-04-08T18:37:13","modified_gmt":"2026-04-08T16:37:13","slug":"le-zinc-un-oligoelement-pour-renforcer-limmunite","status":"publish","type":"post","link":"https:\/\/www.medoucine.com\/blog\/le-zinc-un-oligoelement-pour-renforcer-limmunite\/","title":{"rendered":"Le zinc, un oligo\u00e9l\u00e9ment pour renforcer l&rsquo;immunit\u00e9"},"content":{"rendered":"<p class=\"has-drop-cap\">Le zinc est un nutriment qui est pr\u00e9sent en de toutes petites quantit\u00e9s dans l&rsquo;organisme et qui est bien trop souvent oubli\u00e9. Il est plus commun\u00e9ment class\u00e9 dans les oligo-\u00e9l\u00e9ments. Il a une grande importance pour le bon fonctionnement de nos syst\u00e8mes comme le maintien de l&rsquo;\u00e9quilibre de notre peau, nos cheveux, nos ongles, nos os, notre vision, notre fertilit\u00e9, avoir un bon gout et odorat, mais aussi et surtout, renforcer l&rsquo;immunit\u00e9.<\/p>\n<p>&nbsp;<\/p>\n<h2><b>L\u2019importance du Zinc pour notre syst\u00e8me immunitaire\u00a0<\/b><\/h2>\n<p><span id=\"p59\">Le zinc active le syst\u00e8me immunitaire pour combattre les agents pathog\u00e8nes gr\u00e2ce \u00e0 son r\u00f4le dans la formation et l\u2019activation du syst\u00e8me de d\u00e9fense.<\/span><span id=\"p22\">\u00a0<\/span><\/p>\n<p><span id=\"p23\">Ce min\u00e9ral aurait donc par exemple la facult\u00e9 \u00e9tonnante de combattre le rhume en fermant les zones o\u00f9 les virus se fixent aux muqueuses.<\/span><span id=\"p24\"> Ainsi, les virus auront beaucoup plus de mal \u00e0 \u00e9lire domicile dans la bouche et le nez.<\/span><span id=\"p25\">\u00a0<\/span><\/p>\n<p><span id=\"p60\">Aussi, pour les personnes souffrantes d\u2019allergies, il aura le pouvoir de limiter la lib\u00e9ration d\u2019histamine qui est la substance qui se r\u00e9pand dans votre corps lorsque vous entrez en contact avec un allerg\u00e8ne.<\/span><span id=\"p27\">\u00a0<\/span><\/p>\n<p><span id=\"p62\">Un taux de zinc suffisant dans l\u2019organisme aurait m\u00eame la facult\u00e9 de contribuer \u00e0 la protection contre des maladies graves du cerveau <span id=\"p61\">(maladie de <span id=\"63\" class=\"s-rg-t\">Pick<\/span>, schizophr\u00e9nie, crises d\u2019\u00e9pilepsie, la maladie de <span id=\"64\" class=\"s-rg-t\">Walson<\/span>, voire m\u00eame l\u2019alcoolisme)<\/span>.<\/span><span id=\"p30\"> <\/span><\/p>\n<h3><span style=\"font-family: Poppins, sans-serif;font-size: 26px;font-weight: 600\">Quelles cons\u00e9quences en cas de carence en zinc ?<\/span><\/h3>\n<p><span id=\"p69\">Les travaux de l\u2019institut Linus Pauling d\u00e9montrent qu\u2019une carence en zinc aurait tendance \u00e0 augmenter le passage de la barri\u00e8re sang-cerveau des \u00e9l\u00e9ments suivants :<\/span><span id=\"p70\"> bact\u00e9ries, virus, toxines et autres agents nuisibles.<\/span><span id=\"p71\">\u00a0<\/span><\/p>\n<p><span id=\"p85\">Les cas de carences dans nos pays occidentaux sont rares. <\/span><span id=\"p87\">Toutefois, des \u00e9tudes recensent que la population de senior est fortement touch\u00e9e <span id=\"p86\">(soit 75 % d\u2019entre eux)<\/span>, ainsi que les femmes, les adolescents et les femmes enceintes, les personnes souffrant de maladies inflammatoires chroniques de l\u2019intestin ainsi que les v\u00e9g\u00e9tariens et v\u00e9g\u00e9taliens.<\/span><span id=\"p75\">\u00a0<\/span><\/p>\n<p><span id=\"p76\">Les sympt\u00f4mes qui peuvent alerter d\u2019une carence en zinc sont une baisse du syst\u00e8me immunitaire, une chute de cheveux, des probl\u00e8mes de peau, des troubles de la vision, du go\u00fbt et de l\u2019odorat, retard de croissance, fatigue, humeur d\u00e9pressive, perte de poids, crampes musculaires, dysfonctions \u00e9rectiles, etc.<\/span><\/p>\n<h3>Attention : exc\u00e8s de Zinc !<\/h3>\n<p><span id=\"p115\">Je profite de cet article pour rappeler que beaucoup de nutriments sont mis sur le devant de la sc\u00e8ne pour leurs bienfaits multiples qu\u2019on en oublie que d\u2019en avoir en exc\u00e8s est tout aussi grave\u2026<\/span><span id=\"p118\"> C\u2019est le cas pour les vitamines, les min\u00e9raux, les oligo\u00e9l\u00e9ments, etc. <\/span><span id=\"p96\">Pour le sujet qui nous int\u00e9resse <span id=\"110\">aujourd\u2019hui<\/span>, la limite de <span id=\"111\">Zc<\/span> \u00e0 ne pas d\u00e9passer est de 20 et 40 mg\/jour.<\/span><span id=\"p97\">\u00a0<\/span><\/p>\n<p><span id=\"p116\">Si cette limite est d\u00e9pass\u00e9e pendant plusieurs jours cons\u00e9cutifs, il se peut que vous ayez des vomissements, des diarrh\u00e9es et une perte d\u2019app\u00e9tit.<\/span><span id=\"p99\">\u00a0<\/span><span id=\"p117\">Sur de longues p\u00e9riodes, un exc\u00e8s sup\u00e9rieur provoquera une diminution <\/span><span id=\"p101\">du syst\u00e8me immunitaire.<\/span><span id=\"p102\">\u00a0<\/span><\/p>\n<p><span id=\"p103\">Bien souvent, cela peut arriver lorsque vous cumulez la prise de plusieurs compl\u00e9ments alimentaires qui, additionn\u00e9s \u00e0 votre alimentation, peut pulv\u00e9riser le plafond de la dose journali\u00e8re recommand\u00e9e.<\/span><span id=\"p104\">\u00a0<\/span><span id=\"p105\">C\u2019est pour cela qu\u2019il est conseill\u00e9 de demander \u00e0 votre m\u00e9decin de vous prescrire une prise de sang afin de v\u00e9rifier votre taux de <span id=\"107\" class=\"s-rg-t\">Zc<\/span> dans le sang avant de d\u00e9marrer une quelconque cure.<\/span><\/p>\n<h3>Le Zinc, mais pas que&#8230;<\/h3>\n<p><span id=\"p127\"><span id=\"138\" class=\"s-rg-t\">Ce seul<\/span> min\u00e9ral ne pourra vous aider \u00e0 booster votre syst\u00e8me immunitaire, car il aura besoin d&rsquo;un coup de pouce pour \u00eatre correctement assimil\u00e9 par l&rsquo;organisme.<\/span><span id=\"p128\"> C\u2019est pourquoi, une alimentation vari\u00e9e sera votre atout majeur.<\/span><span id=\"p129\">\u00a0<\/span><\/p>\n<p><span id=\"p130\">Il sera important d\u2019avoir un apport suffisant en :<\/span><br \/>\n<span id=\"p132\"><\/span><\/p>\n<ul>\n<li><span id=\"p132\">Vitamines A, C <span id=\"p131\">(qui participe \u00e0 la bonne absorption du <span id=\"140\" class=\"s-rg-t\">Zc<\/span>)<\/span>, D et E<\/span><\/li>\n<li><span id=\"p133\">S\u00e9l\u00e9nium<\/span><\/li>\n<li><span id=\"p134\">Fer<\/span><\/li>\n<li><span id=\"p135\">Magn\u00e9sium<\/span><\/li>\n<li>L-Canosine<\/li>\n<\/ul>\n<p>Un sommeil r\u00e9parateur, faire de l&rsquo;exercice physique et \u00e9viter le stress sera \u00e9galement une aide pr\u00e9cieuse.<\/p>\n<div style=\"width: 694px\" class=\"wp-caption aligncenter\"><img loading=\"lazy\" decoding=\"async\" class=\"\" src=\"https:\/\/www.medoucine.com\/blog\/\/wp-content\/uploads\/2021\/10\/priscilla-du-preez-4hwfLpG54eA-unsplash-scaled.jpg\" alt=\"Le zinc, un oligo\u00e9l\u00e9ment pour renforcer l'immunit\u00e9\" width=\"684\" height=\"456\" \/><p class=\"wp-caption-text\">Unsplash<\/p><\/div>\n<div class=\"m-spin\">\n<p class=\"m-spin__text\"><strong>Boostez votre immunit\u00e9 au naturel<\/strong><\/p>\n<p class=\"m-spin__text\">Le zinc est essentiel pour une bonne immunit\u00e9, mais un d\u00e9s\u00e9quilibre peut facilement survenir. Prenez rendez-vous avec un <a class=\"m-spin__link\" target=\"_blank\" rel=\"noopener noreferrer\" href=\"https:\/\/www.medoucine.com\/consultations\/se-soigner\/naturopathie\/bordeaux\/tous-publics\/a-domicile-ou-cabinet?utm_source=medoucine_blog_B2C&amp;utm_medium=article_blog&amp;utm_campaign=spin_seo\">Naturopathe \u00e0 Bordeaux<\/a>, un <a class=\"m-spin__link\" target=\"_blank\" rel=\"noopener noreferrer\" href=\"https:\/\/www.medoucine.com\/consultations\/se-soigner\/naturopathie\/nice\/tous-publics\/a-domicile-ou-cabinet?utm_source=medoucine_blog_B2C&amp;utm_medium=article_blog&amp;utm_campaign=spin_seo\">Naturopathe \u00e0 Nice<\/a> ou un <a class=\"m-spin__link\" target=\"_blank\" rel=\"noopener noreferrer\" href=\"https:\/\/www.medoucine.com\/consultations\/se-soigner\/naturopathie\/paris\/tous-publics\/a-domicile-ou-cabinet?utm_source=medoucine_blog_B2C&amp;utm_medium=article_blog&amp;utm_campaign=spin_seo\">Naturopathe \u00e0 Paris<\/a> pour un bilan personnalis\u00e9 et des conseils adapt\u00e9s \u00e0 vos besoins.<\/p>\n<p class=\"m-spin__text\">Vous souhaitez renforcer vos d\u00e9fenses immunitaires ? Trouvez des <a class=\"m-spin__link\" target=\"_blank\" rel=\"noopener noreferrer\" href=\"https:\/\/www.medoucine.com\/consultations\/se-soigner\/naturopathie\/autour-de-moi?utm_source=medoucine_blog_B2C&amp;utm_medium=article_blog&amp;utm_campaign=spin_seo\">Naturopathes pr\u00e8s de chez vous<\/a> pour vous accompagner vers un bien-\u00eatre durable.<\/p>\n<\/div>\n<h2>O\u00f9 trouver le Zinc ?<\/h2>\n<p>Le Zc n&rsquo;\u00e9tant pas stock\u00e9 dans notre organisme, il va falloir veiller \u00e0 en apporter de fa\u00e7on journali\u00e8re.<\/p>\n<h3>Le mieux reste encore par son alimentation !<\/h3>\n<p><strong>Les prot\u00e9ines animales :<\/strong><\/p>\n<ul>\n<li>Le boeuf<\/li>\n<li>Le veau<\/li>\n<li>L&rsquo;agneau<\/li>\n<li>Le poulet<\/li>\n<li>Le porc<\/li>\n<li>Le jambon cuit<\/li>\n<li>Les abats<\/li>\n<li>Le jaune de l&rsquo;oeuf (il doit \u00eates coulant, comme dans l&rsquo;oeuf \u00e0 la coque ou au plat)<\/li>\n<\/ul>\n<p>&nbsp;<\/p>\n<p><strong>Les produits de la mer :<\/strong><\/p>\n<ul>\n<li>Les hu\u00eetre<\/li>\n<li>Le crabe<\/li>\n<li>La langouste<\/li>\n<li>La palourde<\/li>\n<li>Le homard<\/li>\n<\/ul>\n<p>&nbsp;<\/p>\n<p><strong>Graines et ol\u00e9agineux<\/strong> :<\/p>\n<ul>\n<li>Les graines de s\u00e9same<\/li>\n<li>Les germes de bl\u00e9,<\/li>\n<li>Les noix de cajou<\/li>\n<li>Les graines\u00a0de pavot<\/li>\n<li>Les graines de courge<\/li>\n<li>Les amandes<\/li>\n<li>Les cacahu\u00e8tes<\/li>\n<\/ul>\n<p>&nbsp;<\/p>\n<p><strong>Produits laitiers<\/strong> :<\/p>\n<ul>\n<li>Le morbier<\/li>\n<li>Le mont d\u2019Or<\/li>\n<li>Le gruy\u00e8re<\/li>\n<\/ul>\n<p>&nbsp;<\/p>\n<p><strong>Le cacao :<\/strong><\/p>\n<p>Attention toutefois \u00e0 ne pas en abuser non plus, car il contient aussi de la caf\u00e9ine ! 4 carreaux = 1 expresso.<\/p>\n<p><strong>Les champignons<\/strong><\/p>\n<div style=\"width: 579px\" class=\"wp-caption aligncenter\"><img loading=\"lazy\" decoding=\"async\" class=\"\" src=\"https:\/\/www.medoucine.com\/blog\/\/wp-content\/uploads\/2021\/10\/max-delsid-oBwnHsjCx9A-unsplash-scaled.jpg\" alt=\"Le zinc, un oligo\u00e9l\u00e9ment pour renforcer l'immunit\u00e9\" width=\"569\" height=\"852\" \/><p class=\"wp-caption-text\">Unsplash<\/p><\/div>\n<h3>Les compl\u00e9ments alimentaires : besoin d\u2019un coup de pouce momentan\u00e9e ?<\/h3>\n<p>Il est pr\u00e9f\u00e9rable de ne faire une cure de Zc que si vous avez eu la confirmation que vous \u00e9tiez en carence afin d&rsquo;\u00e9viter d&rsquo;une part, de faire un exc\u00e8s de zinc, mais aussi d&rsquo;autre part, que le zinc n&#8217;emp\u00eache l&rsquo;absorption d&rsquo;autres min\u00e9raux (voir ci-dessous).<\/p>\n<h2><b>Le Zinc a-t-il des contre-indications ?\u00a0<\/b><\/h2>\n<p><span id=\"p157\">En cas d\u2019allergie ou d\u2019hypersensibilit\u00e9 au zinc, il sera alors pr\u00e9f\u00e9rable de ne pas prendre de compl\u00e9ments alimentaires en contenant <span id=\"p156\">(sauf sur conseil d\u2019un professionnel de sant\u00e9)<\/span>.<\/span><span id=\"p158\"> \u00a0<\/span><span id=\"p159\">Il en va de m\u00eame durant l&rsquo;allaitement et la grossesse, simplement par principe de pr\u00e9caution.<\/span><span id=\"p160\">\u00a0<\/span><span id=\"p170\">En effet, il n\u2019y a pas eu \u00e0 ce jour assez d\u2019\u00e9tudes pour conna\u00eetre les effets sur cette population.<\/span><span id=\"p162\">\u00a0<\/span><\/p>\n<p><span id=\"p163\">De plus, il est d\u00e9conseill\u00e9 de cumuler \u00e0 la fois une cure de zinc et une cure de fer, car le <span id=\"168\" class=\"s-rg-t\">Zc<\/span> aura tendance \u00e0 emp\u00eacher l\u2019absorption du fer ce qui serait contre productif.<\/span><span id=\"p164\"> \u00a0<\/span><span id=\"p165\">Enfin, ne pas en prendre si vous souffrez d\u2019une infection bact\u00e9rienne, car cela aura pour effet de faire prolif\u00e9rer les bact\u00e9ries.<\/span><span id=\"p166\">\u00a0<\/span><\/p>\n<p><span id=\"p178\">Cet oligo\u00e9l\u00e9ment peut avoir une interaction avec certains antibiotiques <span id=\"p177\">(les quinones et les t\u00e9tracyclines)<\/span> mais aussi avec les diur\u00e9tiques et le m\u00e9dicament pour la tension art\u00e9rielle.<\/span><span id=\"p174\">\u00a0<\/span><\/p>\n<h2>En conclusion<\/h2>\n<p><span id=\"p182\">Pour faire simple, optez pour une alimentation saine, de saison et locale.<\/span><span id=\"p183\"> En alliant \u00e9galement votre alimentation \u00e0 une hygi\u00e8ne de vie plus saine \u00e9galement.<\/span><\/p>\n<p><span id=\"p184\">Si vous ne parvenez pas \u00e0 mettre tout cela en pratique, vous pouvez vous faire accompagner par un praticien en naturopathie, en sophrologie, et des professeurs de pratiques physiques comme le yoga, le <span id=\"186\" class=\"s-rg-t\">pilates<\/span>, la course, la natation, etc.<\/span><\/p>\n<p><span id=\"p189\">Et si, malgr\u00e9 cela, vous observez des maux qui pourraient vous faire penser \u00e0 une carence en zinc, faites valider votre th\u00e8se par des examens avant de commencer une cure quelconque.<\/span><\/p>\n<h4>Sources :<\/h4>\n<p>M. Science, J. Johnstone, D. E. Roth, G. Guyatt, und M. Loeb, \u201eZinc for the treatment of the common cold: a systematic review and meta-analysis of randomized controlled trials\u201c,\u00a0<b>CMAJ<\/b>, Bd. 184, Nr. 10, S. E551\u2013E561, Juli 2012, doi: 10.1503\/cmaj.111990.<\/p>\n<p>N. Sprecher, \u201eErk\u00e4ltung im Griff \u2013 dank hochdosiertem Zink\u201c,\u00a0<b>Deutsche Apotheker Zeitung &#8211; DAZ.online<\/b>, Dez. 06, 2018. https:\/\/www.deutsche-apotheker-zeitung.de\/news\/artikel\/2018\/10\/01\/erkaeltung-im-griff-dank-hochdosiertem-zink (zugegriffen Aug. 17, 2020).<\/p>\n<p>&nbsp;<\/p>\n<p>par <a href=\"https:\/\/www.medoucine.com\/consultation\/bagneux-54\/sonia-voncoeff\/1836\"><strong>Sonia Von Coeff, praticienne en naturopathie<\/strong><\/a>\u00a0recommand\u00e9e du r\u00e9seau M\u00e9doucine.<\/p>\n<p><a href=\"https:\/\/www.medoucine.com\/\"><strong>Trouvez un praticien en naturopathie recommand\u00e9 pr\u00e8s de chez vous sur M\u00e9doucine<\/strong>.<\/a><\/p>\n<p><strong>\u00c0 lire aussi\u00a0:<\/strong><\/p>\n<ul>\n<li><a href=\"https:\/\/www.medoucine.com\/blog\/\/quels-oligo-elements-contre-les-allergies-de-saison\/\">Quels oligo-\u00e9l\u00e9ments contre les allergies de saison ?<\/a><\/li>\n<li><a href=\"https:\/\/www.medoucine.com\/blog\/\/micronutrition-les-apports-des-micronutriments-pour-l-equilibre-du-corps\/\">Micronutrition : les apports des micronutriments pour l\u2019\u00e9quilibre du corps<\/a><\/li>\n<li><a href=\"https:\/\/www.medoucine.com\/blog\/\/quels-sont-bienfaits-levure-de-biere\/\">Quels sont les bienfaits de la levure de bi\u00e8re ?<\/a><\/li>\n<\/ul>\n","protected":false},"excerpt":{"rendered":"<p>Le zinc est un nutriment qui est pr\u00e9sent en de toutes petites quantit\u00e9s dans l&rsquo;organisme et qui est bien trop souvent oubli\u00e9. Il est plus commun\u00e9ment class\u00e9 dans les oligo-\u00e9l\u00e9ments. Il a une grande importance pour le bon fonctionnement de nos syst\u00e8mes comme le maintien de l&rsquo;\u00e9quilibre de notre peau, nos cheveux, nos ongles, nos os, notre vision, notre fertilit\u00e9, avoir un bon gout et odorat, mais aussi et surtout, renforcer l&rsquo;immunit\u00e9. &nbsp; L\u2019importance du Zinc pour notre syst\u00e8me immunitaire\u00a0 Le zinc active le syst\u00e8me immunitaire pour combattre les agents pathog\u00e8nes gr\u00e2ce \u00e0 son r\u00f4le dans la formation et l\u2019activation du syst\u00e8me de d\u00e9fense.\u00a0 Ce min\u00e9ral aurait donc par exemple la facult\u00e9 \u00e9tonnante de combattre le rhume en fermant les zones o\u00f9 les virus se fixent aux muqueuses. Ainsi, les virus auront beaucoup plus de [&hellip;]<\/p>\n","protected":false},"author":402,"featured_media":20310,"comment_status":"open","ping_status":"open","sticky":false,"template":"","format":"standard","meta":{"_acf_changed":false,"footnotes":""},"categories":[98],"tags":[267,15],"class_list":["post-20179","post","type-post","status-publish","format-standard","has-post-thumbnail","hentry","category-plantes-nutriments","tag-alimentation","tag-nutrition"],"acf":[],"yoast_head":"<!-- This site is optimized with the Yoast SEO plugin v27.1.1 - https:\/\/yoast.com\/product\/yoast-seo-wordpress\/ -->\n<title>Le zinc, un oligo\u00e9l\u00e9ment pour renforcer l&#039;immunit\u00e9<\/title>\n<meta name=\"description\" content=\"Pour renforcer son immunit\u00e9 \u00e0 l&#039;approche de l&#039;hiver, le zinc peut \u00eatre un alli\u00e9 pr\u00e9cieux ! Il est alors int\u00e9ressant de v\u00e9rifier ses apports journaliers !\" \/>\n<meta name=\"robots\" content=\"index, follow, max-snippet:-1, max-image-preview:large, max-video-preview:-1\" \/>\n<link rel=\"canonical\" href=\"https:\/\/www.medoucine.com\/blog\/le-zinc-un-oligoelement-pour-renforcer-limmunite\/\" \/>\n<meta property=\"og:locale\" content=\"fr_FR\" \/>\n<meta property=\"og:type\" content=\"article\" \/>\n<meta property=\"og:title\" content=\"Le zinc, un oligo\u00e9l\u00e9ment pour renforcer l&#039;immunit\u00e9\" \/>\n<meta property=\"og:description\" content=\"Pour renforcer son immunit\u00e9 \u00e0 l&#039;approche de l&#039;hiver, le zinc peut \u00eatre un alli\u00e9 pr\u00e9cieux ! Il est alors int\u00e9ressant de v\u00e9rifier ses apports journaliers !\" \/>\n<meta property=\"og:url\" content=\"https:\/\/www.medoucine.com\/blog\/le-zinc-un-oligoelement-pour-renforcer-limmunite\/\" \/>\n<meta property=\"og:site_name\" content=\"Blog de Medoucine\" \/>\n<meta property=\"article:publisher\" content=\"https:\/\/www.facebook.com\/medoucine\/\" \/>\n<meta property=\"article:published_time\" content=\"2021-11-15T10:58:42+00:00\" \/>\n<meta property=\"article:modified_time\" content=\"2026-04-08T16:37:13+00:00\" \/>\n<meta property=\"og:image\" content=\"https:\/\/www.medoucine.com\/blog\/wp-content\/uploads\/2021\/10\/anshu-a-trz15aaL9cE-unsplash-scaled.jpg\" \/>\n\t<meta property=\"og:image:width\" content=\"1709\" \/>\n\t<meta property=\"og:image:height\" content=\"2560\" \/>\n\t<meta property=\"og:image:type\" content=\"image\/jpeg\" \/>\n<meta name=\"author\" content=\"Sonia Von Coeff\" \/>\n<meta name=\"twitter:card\" content=\"summary_large_image\" \/>\n<meta name=\"twitter:creator\" content=\"@medoucinefr\" \/>\n<meta name=\"twitter:site\" content=\"@medoucinefr\" \/>\n<meta name=\"twitter:label1\" content=\"\u00c9crit par\" \/>\n\t<meta name=\"twitter:data1\" content=\"Sonia Von Coeff\" \/>\n\t<meta name=\"twitter:label2\" content=\"Dur\u00e9e de lecture estim\u00e9e\" \/>\n\t<meta name=\"twitter:data2\" content=\"7 minutes\" \/>\n<script type=\"application\/ld+json\" class=\"yoast-schema-graph\">{\"@context\":\"https:\/\/schema.org\",\"@graph\":[{\"@type\":\"Article\",\"@id\":\"https:\/\/www.medoucine.com\/blog\/le-zinc-un-oligoelement-pour-renforcer-limmunite\/#article\",\"isPartOf\":{\"@id\":\"https:\/\/www.medoucine.com\/blog\/le-zinc-un-oligoelement-pour-renforcer-limmunite\/\"},\"author\":{\"name\":\"Sonia Von Coeff\",\"@id\":\"https:\/\/www.medoucine.com\/blog\/#\/schema\/person\/f360105992a20f029cb1f6595c324ce4\"},\"headline\":\"Le zinc, un oligo\u00e9l\u00e9ment pour renforcer l&rsquo;immunit\u00e9\",\"datePublished\":\"2021-11-15T10:58:42+00:00\",\"dateModified\":\"2026-04-08T16:37:13+00:00\",\"mainEntityOfPage\":{\"@id\":\"https:\/\/www.medoucine.com\/blog\/le-zinc-un-oligoelement-pour-renforcer-limmunite\/\"},\"wordCount\":1386,\"commentCount\":0,\"publisher\":{\"@id\":\"https:\/\/www.medoucine.com\/blog\/#organization\"},\"image\":{\"@id\":\"https:\/\/www.medoucine.com\/blog\/le-zinc-un-oligoelement-pour-renforcer-limmunite\/#primaryimage\"},\"thumbnailUrl\":\"https:\/\/www.medoucine.com\/blog\/wp-content\/uploads\/2021\/10\/anshu-a-trz15aaL9cE-unsplash-scaled.jpg\",\"keywords\":[\"alimentation\",\"Nutrition\"],\"articleSection\":[\"Plantes &amp; Nutriments\"],\"inLanguage\":\"fr-FR\",\"potentialAction\":[{\"@type\":\"CommentAction\",\"name\":\"Comment\",\"target\":[\"https:\/\/www.medoucine.com\/blog\/le-zinc-un-oligoelement-pour-renforcer-limmunite\/#respond\"]}]},{\"@type\":\"WebPage\",\"@id\":\"https:\/\/www.medoucine.com\/blog\/le-zinc-un-oligoelement-pour-renforcer-limmunite\/\",\"url\":\"https:\/\/www.medoucine.com\/blog\/le-zinc-un-oligoelement-pour-renforcer-limmunite\/\",\"name\":\"Le zinc, un oligo\u00e9l\u00e9ment pour renforcer l'immunit\u00e9\",\"isPartOf\":{\"@id\":\"https:\/\/www.medoucine.com\/blog\/#website\"},\"primaryImageOfPage\":{\"@id\":\"https:\/\/www.medoucine.com\/blog\/le-zinc-un-oligoelement-pour-renforcer-limmunite\/#primaryimage\"},\"image\":{\"@id\":\"https:\/\/www.medoucine.com\/blog\/le-zinc-un-oligoelement-pour-renforcer-limmunite\/#primaryimage\"},\"thumbnailUrl\":\"https:\/\/www.medoucine.com\/blog\/wp-content\/uploads\/2021\/10\/anshu-a-trz15aaL9cE-unsplash-scaled.jpg\",\"datePublished\":\"2021-11-15T10:58:42+00:00\",\"dateModified\":\"2026-04-08T16:37:13+00:00\",\"description\":\"Pour renforcer son immunit\u00e9 \u00e0 l'approche de l'hiver, le zinc peut \u00eatre un alli\u00e9 pr\u00e9cieux ! Il est alors int\u00e9ressant de v\u00e9rifier ses apports journaliers !\",\"breadcrumb\":{\"@id\":\"https:\/\/www.medoucine.com\/blog\/le-zinc-un-oligoelement-pour-renforcer-limmunite\/#breadcrumb\"},\"inLanguage\":\"fr-FR\",\"potentialAction\":[{\"@type\":\"ReadAction\",\"target\":[\"https:\/\/www.medoucine.com\/blog\/le-zinc-un-oligoelement-pour-renforcer-limmunite\/\"]}]},{\"@type\":\"ImageObject\",\"inLanguage\":\"fr-FR\",\"@id\":\"https:\/\/www.medoucine.com\/blog\/le-zinc-un-oligoelement-pour-renforcer-limmunite\/#primaryimage\",\"url\":\"https:\/\/www.medoucine.com\/blog\/wp-content\/uploads\/2021\/10\/anshu-a-trz15aaL9cE-unsplash-scaled.jpg\",\"contentUrl\":\"https:\/\/www.medoucine.com\/blog\/wp-content\/uploads\/2021\/10\/anshu-a-trz15aaL9cE-unsplash-scaled.jpg\",\"width\":1709,\"height\":2560},{\"@type\":\"BreadcrumbList\",\"@id\":\"https:\/\/www.medoucine.com\/blog\/le-zinc-un-oligoelement-pour-renforcer-limmunite\/#breadcrumb\",\"itemListElement\":[{\"@type\":\"ListItem\",\"position\":1,\"name\":\"Blog Medoucine\",\"item\":\"https:\/\/www.medoucine.com\/blog\/\"},{\"@type\":\"ListItem\",\"position\":2,\"name\":\"Alimentation\",\"item\":\"https:\/\/www.medoucine.com\/blog\/cat\/alimentation\/\"},{\"@type\":\"ListItem\",\"position\":3,\"name\":\"Plantes &amp; Nutriments\",\"item\":\"https:\/\/www.medoucine.com\/blog\/cat\/alimentation\/plantes-nutriments\/\"},{\"@type\":\"ListItem\",\"position\":4,\"name\":\"Le zinc, un oligo\u00e9l\u00e9ment pour renforcer l&rsquo;immunit\u00e9\"}]},{\"@type\":\"WebSite\",\"@id\":\"https:\/\/www.medoucine.com\/blog\/#website\",\"url\":\"https:\/\/www.medoucine.com\/blog\/\",\"name\":\"Blog de Medoucine\",\"description\":\"Le blog des m\u00e9decines douces\",\"publisher\":{\"@id\":\"https:\/\/www.medoucine.com\/blog\/#organization\"},\"potentialAction\":[{\"@type\":\"SearchAction\",\"target\":{\"@type\":\"EntryPoint\",\"urlTemplate\":\"https:\/\/www.medoucine.com\/blog\/?s={search_term_string}\"},\"query-input\":{\"@type\":\"PropertyValueSpecification\",\"valueRequired\":true,\"valueName\":\"search_term_string\"}}],\"inLanguage\":\"fr-FR\"},{\"@type\":\"Organization\",\"@id\":\"https:\/\/www.medoucine.com\/blog\/#organization\",\"name\":\"Medoucine\",\"url\":\"https:\/\/www.medoucine.com\/blog\/\",\"logo\":{\"@type\":\"ImageObject\",\"inLanguage\":\"fr-FR\",\"@id\":\"https:\/\/www.medoucine.com\/blog\/#\/schema\/logo\/image\/\",\"url\":\"https:\/\/www.medoucine.com\/blog\/wp-content\/uploads\/2019\/07\/logo@3x.png\",\"contentUrl\":\"https:\/\/www.medoucine.com\/blog\/wp-content\/uploads\/2019\/07\/logo@3x.png\",\"width\":555,\"height\":135,\"caption\":\"Medoucine\"},\"image\":{\"@id\":\"https:\/\/www.medoucine.com\/blog\/#\/schema\/logo\/image\/\"},\"sameAs\":[\"https:\/\/www.facebook.com\/medoucine\/\",\"https:\/\/x.com\/medoucinefr\",\"https:\/\/www.instagram.com\/medoucine\/\",\"https:\/\/www.youtube.com\/channel\/UCtZeUeJ_KebYK0KJAXjJV8g\"]},{\"@type\":\"Person\",\"@id\":\"https:\/\/www.medoucine.com\/blog\/#\/schema\/person\/f360105992a20f029cb1f6595c324ce4\",\"name\":\"Sonia Von Coeff\",\"image\":{\"@type\":\"ImageObject\",\"inLanguage\":\"fr-FR\",\"@id\":\"https:\/\/www.medoucine.com\/blog\/#\/schema\/person\/image\/\",\"url\":\"https:\/\/secure.gravatar.com\/avatar\/3aa512caa84e8d5172d4fe2a706ac10ad0338db204342e530b8106b4e213a32c?s=96&d=mm&r=g\",\"contentUrl\":\"https:\/\/secure.gravatar.com\/avatar\/3aa512caa84e8d5172d4fe2a706ac10ad0338db204342e530b8106b4e213a32c?s=96&d=mm&r=g\",\"caption\":\"Sonia Von Coeff\"},\"description\":\"Je vous apprends les r\u00e9flexes utiles pour conserver une bonne sant\u00e9 ou la retrouver. Pour cela, j'appr\u00e9hende votre terrain, votre histoire et votre vie. Praticienne en Naturopathie \u00e0 Bagneux (54)\",\"sameAs\":[\"https:\/\/www.medoucine.com\/consultation\/bagneux-54\/sonia-voncoeff\/1836\"],\"url\":\"https:\/\/www.medoucine.com\/blog\/author\/sonia_voncoeff\/\"}]}<\/script>\n<!-- \/ Yoast SEO plugin. -->","yoast_head_json":{"title":"Le zinc, un oligo\u00e9l\u00e9ment pour renforcer l'immunit\u00e9","description":"Pour renforcer son immunit\u00e9 \u00e0 l'approche de l'hiver, le zinc peut \u00eatre un alli\u00e9 pr\u00e9cieux ! Il est alors int\u00e9ressant de v\u00e9rifier ses apports journaliers !","robots":{"index":"index","follow":"follow","max-snippet":"max-snippet:-1","max-image-preview":"max-image-preview:large","max-video-preview":"max-video-preview:-1"},"canonical":"https:\/\/www.medoucine.com\/blog\/le-zinc-un-oligoelement-pour-renforcer-limmunite\/","og_locale":"fr_FR","og_type":"article","og_title":"Le zinc, un oligo\u00e9l\u00e9ment pour renforcer l'immunit\u00e9","og_description":"Pour renforcer son immunit\u00e9 \u00e0 l'approche de l'hiver, le zinc peut \u00eatre un alli\u00e9 pr\u00e9cieux ! Il est alors int\u00e9ressant de v\u00e9rifier ses apports journaliers !","og_url":"https:\/\/www.medoucine.com\/blog\/le-zinc-un-oligoelement-pour-renforcer-limmunite\/","og_site_name":"Blog de Medoucine","article_publisher":"https:\/\/www.facebook.com\/medoucine\/","article_published_time":"2021-11-15T10:58:42+00:00","article_modified_time":"2026-04-08T16:37:13+00:00","og_image":[{"width":1709,"height":2560,"url":"https:\/\/www.medoucine.com\/blog\/wp-content\/uploads\/2021\/10\/anshu-a-trz15aaL9cE-unsplash-scaled.jpg","type":"image\/jpeg"}],"author":"Sonia Von Coeff","twitter_card":"summary_large_image","twitter_creator":"@medoucinefr","twitter_site":"@medoucinefr","twitter_misc":{"\u00c9crit par":"Sonia Von Coeff","Dur\u00e9e de lecture estim\u00e9e":"7 minutes"},"schema":{"@context":"https:\/\/schema.org","@graph":[{"@type":"Article","@id":"https:\/\/www.medoucine.com\/blog\/le-zinc-un-oligoelement-pour-renforcer-limmunite\/#article","isPartOf":{"@id":"https:\/\/www.medoucine.com\/blog\/le-zinc-un-oligoelement-pour-renforcer-limmunite\/"},"author":{"name":"Sonia Von Coeff","@id":"https:\/\/www.medoucine.com\/blog\/#\/schema\/person\/f360105992a20f029cb1f6595c324ce4"},"headline":"Le zinc, un oligo\u00e9l\u00e9ment pour renforcer l&rsquo;immunit\u00e9","datePublished":"2021-11-15T10:58:42+00:00","dateModified":"2026-04-08T16:37:13+00:00","mainEntityOfPage":{"@id":"https:\/\/www.medoucine.com\/blog\/le-zinc-un-oligoelement-pour-renforcer-limmunite\/"},"wordCount":1386,"commentCount":0,"publisher":{"@id":"https:\/\/www.medoucine.com\/blog\/#organization"},"image":{"@id":"https:\/\/www.medoucine.com\/blog\/le-zinc-un-oligoelement-pour-renforcer-limmunite\/#primaryimage"},"thumbnailUrl":"https:\/\/www.medoucine.com\/blog\/wp-content\/uploads\/2021\/10\/anshu-a-trz15aaL9cE-unsplash-scaled.jpg","keywords":["alimentation","Nutrition"],"articleSection":["Plantes &amp; Nutriments"],"inLanguage":"fr-FR","potentialAction":[{"@type":"CommentAction","name":"Comment","target":["https:\/\/www.medoucine.com\/blog\/le-zinc-un-oligoelement-pour-renforcer-limmunite\/#respond"]}]},{"@type":"WebPage","@id":"https:\/\/www.medoucine.com\/blog\/le-zinc-un-oligoelement-pour-renforcer-limmunite\/","url":"https:\/\/www.medoucine.com\/blog\/le-zinc-un-oligoelement-pour-renforcer-limmunite\/","name":"Le zinc, un oligo\u00e9l\u00e9ment pour renforcer l'immunit\u00e9","isPartOf":{"@id":"https:\/\/www.medoucine.com\/blog\/#website"},"primaryImageOfPage":{"@id":"https:\/\/www.medoucine.com\/blog\/le-zinc-un-oligoelement-pour-renforcer-limmunite\/#primaryimage"},"image":{"@id":"https:\/\/www.medoucine.com\/blog\/le-zinc-un-oligoelement-pour-renforcer-limmunite\/#primaryimage"},"thumbnailUrl":"https:\/\/www.medoucine.com\/blog\/wp-content\/uploads\/2021\/10\/anshu-a-trz15aaL9cE-unsplash-scaled.jpg","datePublished":"2021-11-15T10:58:42+00:00","dateModified":"2026-04-08T16:37:13+00:00","description":"Pour renforcer son immunit\u00e9 \u00e0 l'approche de l'hiver, le zinc peut \u00eatre un alli\u00e9 pr\u00e9cieux ! Il est alors int\u00e9ressant de v\u00e9rifier ses apports journaliers !","breadcrumb":{"@id":"https:\/\/www.medoucine.com\/blog\/le-zinc-un-oligoelement-pour-renforcer-limmunite\/#breadcrumb"},"inLanguage":"fr-FR","potentialAction":[{"@type":"ReadAction","target":["https:\/\/www.medoucine.com\/blog\/le-zinc-un-oligoelement-pour-renforcer-limmunite\/"]}]},{"@type":"ImageObject","inLanguage":"fr-FR","@id":"https:\/\/www.medoucine.com\/blog\/le-zinc-un-oligoelement-pour-renforcer-limmunite\/#primaryimage","url":"https:\/\/www.medoucine.com\/blog\/wp-content\/uploads\/2021\/10\/anshu-a-trz15aaL9cE-unsplash-scaled.jpg","contentUrl":"https:\/\/www.medoucine.com\/blog\/wp-content\/uploads\/2021\/10\/anshu-a-trz15aaL9cE-unsplash-scaled.jpg","width":1709,"height":2560},{"@type":"BreadcrumbList","@id":"https:\/\/www.medoucine.com\/blog\/le-zinc-un-oligoelement-pour-renforcer-limmunite\/#breadcrumb","itemListElement":[{"@type":"ListItem","position":1,"name":"Blog Medoucine","item":"https:\/\/www.medoucine.com\/blog\/"},{"@type":"ListItem","position":2,"name":"Alimentation","item":"https:\/\/www.medoucine.com\/blog\/cat\/alimentation\/"},{"@type":"ListItem","position":3,"name":"Plantes &amp; Nutriments","item":"https:\/\/www.medoucine.com\/blog\/cat\/alimentation\/plantes-nutriments\/"},{"@type":"ListItem","position":4,"name":"Le zinc, un oligo\u00e9l\u00e9ment pour renforcer l&rsquo;immunit\u00e9"}]},{"@type":"WebSite","@id":"https:\/\/www.medoucine.com\/blog\/#website","url":"https:\/\/www.medoucine.com\/blog\/","name":"Blog de Medoucine","description":"Le blog des m\u00e9decines douces","publisher":{"@id":"https:\/\/www.medoucine.com\/blog\/#organization"},"potentialAction":[{"@type":"SearchAction","target":{"@type":"EntryPoint","urlTemplate":"https:\/\/www.medoucine.com\/blog\/?s={search_term_string}"},"query-input":{"@type":"PropertyValueSpecification","valueRequired":true,"valueName":"search_term_string"}}],"inLanguage":"fr-FR"},{"@type":"Organization","@id":"https:\/\/www.medoucine.com\/blog\/#organization","name":"Medoucine","url":"https:\/\/www.medoucine.com\/blog\/","logo":{"@type":"ImageObject","inLanguage":"fr-FR","@id":"https:\/\/www.medoucine.com\/blog\/#\/schema\/logo\/image\/","url":"https:\/\/www.medoucine.com\/blog\/wp-content\/uploads\/2019\/07\/logo@3x.png","contentUrl":"https:\/\/www.medoucine.com\/blog\/wp-content\/uploads\/2019\/07\/logo@3x.png","width":555,"height":135,"caption":"Medoucine"},"image":{"@id":"https:\/\/www.medoucine.com\/blog\/#\/schema\/logo\/image\/"},"sameAs":["https:\/\/www.facebook.com\/medoucine\/","https:\/\/x.com\/medoucinefr","https:\/\/www.instagram.com\/medoucine\/","https:\/\/www.youtube.com\/channel\/UCtZeUeJ_KebYK0KJAXjJV8g"]},{"@type":"Person","@id":"https:\/\/www.medoucine.com\/blog\/#\/schema\/person\/f360105992a20f029cb1f6595c324ce4","name":"Sonia Von Coeff","image":{"@type":"ImageObject","inLanguage":"fr-FR","@id":"https:\/\/www.medoucine.com\/blog\/#\/schema\/person\/image\/","url":"https:\/\/secure.gravatar.com\/avatar\/3aa512caa84e8d5172d4fe2a706ac10ad0338db204342e530b8106b4e213a32c?s=96&d=mm&r=g","contentUrl":"https:\/\/secure.gravatar.com\/avatar\/3aa512caa84e8d5172d4fe2a706ac10ad0338db204342e530b8106b4e213a32c?s=96&d=mm&r=g","caption":"Sonia Von Coeff"},"description":"Je vous apprends les r\u00e9flexes utiles pour conserver une bonne sant\u00e9 ou la retrouver. Pour cela, j'appr\u00e9hende votre terrain, votre histoire et votre vie. Praticienne en Naturopathie \u00e0 Bagneux (54)","sameAs":["https:\/\/www.medoucine.com\/consultation\/bagneux-54\/sonia-voncoeff\/1836"],"url":"https:\/\/www.medoucine.com\/blog\/author\/sonia_voncoeff\/"}]}},"_links":{"self":[{"href":"https:\/\/www.medoucine.com\/blog\/wp-json\/wp\/v2\/posts\/20179","targetHints":{"allow":["GET"]}}],"collection":[{"href":"https:\/\/www.medoucine.com\/blog\/wp-json\/wp\/v2\/posts"}],"about":[{"href":"https:\/\/www.medoucine.com\/blog\/wp-json\/wp\/v2\/types\/post"}],"author":[{"embeddable":true,"href":"https:\/\/www.medoucine.com\/blog\/wp-json\/wp\/v2\/users\/402"}],"replies":[{"embeddable":true,"href":"https:\/\/www.medoucine.com\/blog\/wp-json\/wp\/v2\/comments?post=20179"}],"version-history":[{"count":8,"href":"https:\/\/www.medoucine.com\/blog\/wp-json\/wp\/v2\/posts\/20179\/revisions"}],"predecessor-version":[{"id":42640,"href":"https:\/\/www.medoucine.com\/blog\/wp-json\/wp\/v2\/posts\/20179\/revisions\/42640"}],"wp:featuredmedia":[{"embeddable":true,"href":"https:\/\/www.medoucine.com\/blog\/wp-json\/wp\/v2\/media\/20310"}],"wp:attachment":[{"href":"https:\/\/www.medoucine.com\/blog\/wp-json\/wp\/v2\/media?parent=20179"}],"wp:term":[{"taxonomy":"category","embeddable":true,"href":"https:\/\/www.medoucine.com\/blog\/wp-json\/wp\/v2\/categories?post=20179"},{"taxonomy":"post_tag","embeddable":true,"href":"https:\/\/www.medoucine.com\/blog\/wp-json\/wp\/v2\/tags?post=20179"}],"curies":[{"name":"wp","href":"https:\/\/api.w.org\/{rel}","templated":true}]}}