{"id":20052,"date":"2021-10-15T07:23:34","date_gmt":"2021-10-15T05:23:34","guid":{"rendered":"https:\/\/www.medoucine.com\/blog\/?p=20052"},"modified":"2026-04-08T18:38:00","modified_gmt":"2026-04-08T16:38:00","slug":"tout-savoir-sur-la-pomme-et-ses-bienfaits-pour-la-sante","status":"publish","type":"post","link":"https:\/\/www.medoucine.com\/blog\/tout-savoir-sur-la-pomme-et-ses-bienfaits-pour-la-sante\/","title":{"rendered":"Quels sont les bienfaits de la pomme ?"},"content":{"rendered":"<div class=\"wpb-content-wrapper\">[vc_row][vc_column][vc_column_text]\n<p class=\"has-drop-cap\">L\u2019automne arrive, c\u2019est la saison des pommes. La pomme est un rem\u00e8de de choix depuis l\u2019antiquit\u00e9, utilis\u00e9e pour ses nombreuses vertus. Il y a le fameux dicton qu\u2019une pomme par jour \u00e9loigne le m\u00e9decin (en anglais\u00a0: \u00ab\u00a0one apple a day keeps the doctor away\u00a0\u00bb).<\/p>\n<p>Il en existe bien \u00e9videmment de nombreuses vari\u00e9t\u00e9s, et il y a de multiples fa\u00e7ons de les consommer\u2026 Crue, ou cuite, en jus ou ou en alcool ou encore mac\u00e9r\u00e9e sous forme de vinaigre ou en infusion\u2026 Connaissez-vous ses bienfaits pour la sant\u00e9\u00a0?<\/p>\n<h2>Les bienfaits de la pomme<\/h2>\n<p>La pomme est tout d\u2019abord tr\u00e8s riche en eau, en fibres, en pectines, elle comporte de nombreux min\u00e9raux, vitamines et flavono\u00efdes. Faisons le tour de ses propri\u00e9t\u00e9s :<\/p>\n<ul>\n<li>La pomme est un tonique musculaire. Ses propri\u00e9t\u00e9s diur\u00e9tiques en font une tr\u00e8s bonne aide pour les terrains rhumatismaux, et sa richesse en pectines lui conf\u00e8re des propri\u00e9t\u00e9s \u00a0hypocholest\u00e9rol\u00e9miantes.<\/li>\n<li>La pomme est \u00e0 la fois protectrice pour l\u2019estomac, digestive et antiseptique intestinale, car sa richesse en fibres nourrit le microbiote. Elle stimule et d\u00e9congestionne le foie, et peut avoir un effet laxatif. C\u2019est un tr\u00e8s bon d\u00e9puratif sanguin gr\u00e2ce \u00e0 ses propri\u00e9t\u00e9s diur\u00e9tiques, entre autres. Elle permet aussi de diminuer la fr\u00e9quence des probl\u00e8mes respiratoires ou de l\u2019asthme lorsqu\u2019elle est consomm\u00e9e r\u00e9guli\u00e8rement.<\/li>\n<li>Sa richesse en antioxydants en fait un tr\u00e8s bon aliment pour tous, particuli\u00e8rement pour les personnes \u00e2g\u00e9es, ou soumises \u00e0 beaucoup de stress (physique ou mental) et elle apporte aussi un soutien pour les maladies cardiovasculaires par ses propri\u00e9t\u00e9s hypotensives, et hypochlest\u00e9rol\u00e9miantes.<\/li>\n<\/ul>\n<p>&nbsp;<\/p>\n<p>Elle est recommand\u00e9e en cas de fatigue physique et intellectuelle, elle est int\u00e9ressante pour tous types de profils : personne en convalescence, surmenage, terrain an\u00e9mi\u00e9, rhumatismal, d\u00e9min\u00e9ralis\u00e9, en cas de lithiase urinaire pour tous les d\u00e9sordres intestinaux (attention, privil\u00e9gier la pomme crue en dehors des repas !). La peau est \u00e0 manger, \u00e0 condition qu\u2019elle n\u2019ait pas \u00e9t\u00e9 arros\u00e9e de pesticides car la pomme fait partie des fruits qui les absorbent le plus\u00a0: \u00e0 consommer bio de pr\u00e9f\u00e9rence, donc.<\/p>\n<p>&nbsp;<\/p>\n<div style=\"width: 580px\" class=\"wp-caption aligncenter\"><img loading=\"lazy\" decoding=\"async\" class=\"\" src=\"https:\/\/www.medoucine.com\/blog\/\/wp-content\/uploads\/2021\/10\/olesia-bahrii-bPy13xFS1D8-unsplash-scaled.jpg\" alt=\"Tout savoir sur la pomme et ses bienfaits pour la sant\u00e9\" width=\"570\" height=\"855\" \/><p class=\"wp-caption-text\">Unsplash<\/p><\/div>\n<div class=\"m-spin\">\n<p class=\"m-spin__text\"><strong>La pomme, un alli\u00e9 sant\u00e9 r\u00e9v\u00e9l\u00e9 par la m\u00e9decine douce<\/strong><\/p>\n<p class=\"m-spin__text\">La pomme est bien plus qu&rsquo;un simple fruit : un <a class=\"m-spin__link\" target=\"_blank\" rel=\"noopener noreferrer\" href=\"https:\/\/www.medoucine.com\/consultations\/se-soigner\/naturopathie\/bordeaux\/tous-publics\/a-domicile-ou-cabinet?utm_source=medoucine_blog_B2C&amp;utm_medium=article_blog&amp;utm_campaign=spin_seo\">Naturopathe \u00e0 Bordeaux<\/a>, un <a class=\"m-spin__link\" target=\"_blank\" rel=\"noopener noreferrer\" href=\"https:\/\/www.medoucine.com\/consultations\/se-soigner\/naturopathie\/lyon\/tous-publics\/a-domicile-ou-cabinet?utm_source=medoucine_blog_B2C&amp;utm_medium=article_blog&amp;utm_campaign=spin_seo\">Naturopathe \u00e0 Lyon<\/a> ou un <a class=\"m-spin__link\" target=\"_blank\" rel=\"noopener noreferrer\" href=\"https:\/\/www.medoucine.com\/consultations\/se-soigner\/naturopathie\/montpellier\/tous-publics\/a-domicile-ou-cabinet?utm_source=medoucine_blog_B2C&amp;utm_medium=article_blog&amp;utm_campaign=spin_seo\">Naturopathe \u00e0 Montpellier<\/a> vous expliquera comment l&rsquo;int\u00e9grer \u00e0 votre alimentation pour optimiser votre bien-\u00eatre. D\u00e9couvez ses vertus selon les principes de la naturopathie et personnalisez votre approche sant\u00e9.<\/p>\n<p class=\"m-spin__text\">Vous souhaitez b\u00e9n\u00e9ficier des conseils d&rsquo;un professionnel ? Trouvez des <a class=\"m-spin__link\" target=\"_blank\" rel=\"noopener noreferrer\" href=\"https:\/\/www.medoucine.com\/consultations\/se-soigner\/naturopathie\/autour-de-moi?utm_source=medoucine_blog_B2C&amp;utm_medium=article_blog&amp;utm_campaign=spin_seo\">Naturopathes pr\u00e8s de chez vous<\/a> pour un accompagnement personnalis\u00e9 et durable.<\/p>\n<\/div>\n<h2>Comment consommer les pommes?<\/h2>\n<p>Quelques exemples d\u2019utilisations\u00a0:<\/p>\n<ul>\n<li>Une pomme au go\u00fbter comble facilement la sati\u00e9t\u00e9<\/li>\n<li>Une monodi\u00e8te de pommes (crues et cuites) sur une journ\u00e9e permet de booster votre microbiote<\/li>\n<li>Un jus de pomme press\u00e9 vient donner un coup de pouce \u00e0 votre foie<\/li>\n<li>L\u2019utilisation du vinaigre de cidre tous les jours est recommand\u00e9e en cas de rhumatismes et de probl\u00e9matiques allergiques<\/li>\n<li>Une pomme chaque matin peut \u00eatre prise pour une action d\u00e9purative<\/li>\n<li>Elle fait partie des aliments qu\u2019on peut donner aux petits enfants qui ont des pouss\u00e9es dentaires<\/li>\n<li>L\u2019infusion de fleurs de pommier peut \u00e9galement \u00eatre utilis\u00e9e pour calmer la toux<\/li>\n<\/ul>\n<p>Alors, \u00e0 vos r\u00e9coltes\u00a0! Quel sera votre prochaine consommation de pomme\u00a0?<\/p>\n<p>&nbsp;<\/p>\n<p>par <strong><a href=\"https:\/\/www.medoucine.com\/consultation\/gradignan\/alice-rebiere\/2048\">Alice Rebi\u00e8re, naturopathe et ma\u00eetre praticien en PNL<\/a><\/strong>, recommand\u00e9e du r\u00e9seau M\u00e9doucine.<\/p>\n<p><a href=\"https:\/\/www.medoucine.com\/\"><strong>Trouvez un naturopathie recommand\u00e9 pr\u00e8s de chez vous sur M\u00e9doucine<\/strong>.\u00a0<\/a><\/p>\n<p><strong>\u00c0 lire aussi\u00a0:<\/strong><\/p>\n<ul>\n<li><a href=\"https:\/\/www.medoucine.com\/blog\/\/le-quinoa-un-tresor-de-proteines\/\">Le quinoa, un tr\u00e9sor de prot\u00e9ines<\/a><\/li>\n<li><a href=\"https:\/\/www.medoucine.com\/blog\/\/recette-soupe-aux-poires-fruits-secs\/\">Recette simple et rapide de soupe aux poires et fruits secs<\/a><\/li>\n<li><a href=\"https:\/\/www.medoucine.com\/blog\/\/les-gouters-sains-dont-les-enfants-se-regalent\/\">Les go\u00fbters sains dont les enfants se r\u00e9galent<\/a><\/li>\n<\/ul>\n[\/vc_column_text][\/vc_column][\/vc_row]\n<\/div>","protected":false},"excerpt":{"rendered":"<p>[vc_row][vc_column][vc_column_text] L\u2019automne arrive, c\u2019est la saison des pommes. La pomme est un rem\u00e8de de choix depuis l\u2019antiquit\u00e9, utilis\u00e9e pour ses nombreuses vertus. Il y a le fameux dicton qu\u2019une pomme par jour \u00e9loigne le m\u00e9decin (en anglais\u00a0: \u00ab\u00a0one apple a day keeps the doctor away\u00a0\u00bb). Il en existe bien \u00e9videmment de nombreuses vari\u00e9t\u00e9s, et il y a de multiples fa\u00e7ons de les consommer\u2026 Crue, ou cuite, en jus ou ou en alcool ou encore mac\u00e9r\u00e9e sous forme de vinaigre ou en infusion\u2026 Connaissez-vous ses bienfaits pour la sant\u00e9\u00a0? Les bienfaits de la pomme La pomme est tout d\u2019abord tr\u00e8s riche en eau, en fibres, en pectines, elle comporte de nombreux min\u00e9raux, vitamines et flavono\u00efdes. Faisons le tour de ses propri\u00e9t\u00e9s : La pomme est un tonique musculaire. Ses propri\u00e9t\u00e9s diur\u00e9tiques en font une tr\u00e8s bonne [&hellip;]<\/p>\n","protected":false},"author":460,"featured_media":20066,"comment_status":"open","ping_status":"open","sticky":false,"template":"","format":"standard","meta":{"_acf_changed":false,"footnotes":""},"categories":[98],"tags":[267,262,462,15],"class_list":["post-20052","post","type-post","status-publish","format-standard","has-post-thumbnail","hentry","category-plantes-nutriments","tag-alimentation","tag-automne","tag-fruits","tag-nutrition"],"acf":[],"yoast_head":"<!-- This site is optimized with the Yoast SEO plugin v27.1.1 - https:\/\/yoast.com\/product\/yoast-seo-wordpress\/ -->\n<title>Quels sont les bienfaits de la pomme ?<\/title>\n<meta name=\"description\" content=\"Avec l&#039;automne, c&#039;est le grand retour de la pomme ! L&#039;occasion de jeter un oeil aux nombreux bienfaits de ce fruit \u00e0 consommer de nombreuses fa\u00e7ons !\" \/>\n<meta name=\"robots\" content=\"index, follow, max-snippet:-1, max-image-preview:large, max-video-preview:-1\" \/>\n<link rel=\"canonical\" href=\"https:\/\/www.medoucine.com\/blog\/tout-savoir-sur-la-pomme-et-ses-bienfaits-pour-la-sante\/\" \/>\n<meta property=\"og:locale\" content=\"fr_FR\" \/>\n<meta property=\"og:type\" content=\"article\" \/>\n<meta property=\"og:title\" content=\"Quels sont les bienfaits de la pomme ?\" \/>\n<meta property=\"og:description\" content=\"Avec l&#039;automne, c&#039;est le grand retour de la pomme ! L&#039;occasion de jeter un oeil aux nombreux bienfaits de ce fruit \u00e0 consommer de nombreuses fa\u00e7ons !\" \/>\n<meta property=\"og:url\" content=\"https:\/\/www.medoucine.com\/blog\/tout-savoir-sur-la-pomme-et-ses-bienfaits-pour-la-sante\/\" \/>\n<meta property=\"og:site_name\" content=\"Blog de Medoucine\" \/>\n<meta property=\"article:publisher\" content=\"https:\/\/www.facebook.com\/medoucine\/\" \/>\n<meta property=\"article:published_time\" content=\"2021-10-15T05:23:34+00:00\" \/>\n<meta property=\"article:modified_time\" content=\"2026-04-08T16:38:00+00:00\" \/>\n<meta property=\"og:image\" content=\"https:\/\/www.medoucine.com\/blog\/wp-content\/uploads\/2021\/10\/tuqa-nabi-71JHj_t-kS0-unsplash-scaled.jpg\" \/>\n\t<meta property=\"og:image:width\" content=\"1700\" \/>\n\t<meta property=\"og:image:height\" content=\"2560\" \/>\n\t<meta property=\"og:image:type\" content=\"image\/jpeg\" \/>\n<meta name=\"author\" content=\"Alice Rebi\u00e8re\" \/>\n<meta name=\"twitter:card\" content=\"summary_large_image\" \/>\n<meta name=\"twitter:creator\" content=\"@medoucinefr\" \/>\n<meta name=\"twitter:site\" content=\"@medoucinefr\" \/>\n<meta name=\"twitter:label1\" content=\"\u00c9crit par\" \/>\n\t<meta name=\"twitter:data1\" content=\"Alice Rebi\u00e8re\" \/>\n\t<meta name=\"twitter:label2\" content=\"Dur\u00e9e de lecture estim\u00e9e\" \/>\n\t<meta name=\"twitter:data2\" content=\"3 minutes\" \/>\n<script type=\"application\/ld+json\" class=\"yoast-schema-graph\">{\"@context\":\"https:\/\/schema.org\",\"@graph\":[{\"@type\":\"Article\",\"@id\":\"https:\/\/www.medoucine.com\/blog\/tout-savoir-sur-la-pomme-et-ses-bienfaits-pour-la-sante\/#article\",\"isPartOf\":{\"@id\":\"https:\/\/www.medoucine.com\/blog\/tout-savoir-sur-la-pomme-et-ses-bienfaits-pour-la-sante\/\"},\"author\":{\"name\":\"Alice Rebi\u00e8re\",\"@id\":\"https:\/\/www.medoucine.com\/blog\/#\/schema\/person\/c547c49fa3749390a1d01dad9b35b82e\"},\"headline\":\"Quels sont les bienfaits de la pomme ?\",\"datePublished\":\"2021-10-15T05:23:34+00:00\",\"dateModified\":\"2026-04-08T16:38:00+00:00\",\"mainEntityOfPage\":{\"@id\":\"https:\/\/www.medoucine.com\/blog\/tout-savoir-sur-la-pomme-et-ses-bienfaits-pour-la-sante\/\"},\"wordCount\":687,\"commentCount\":1,\"publisher\":{\"@id\":\"https:\/\/www.medoucine.com\/blog\/#organization\"},\"image\":{\"@id\":\"https:\/\/www.medoucine.com\/blog\/tout-savoir-sur-la-pomme-et-ses-bienfaits-pour-la-sante\/#primaryimage\"},\"thumbnailUrl\":\"https:\/\/www.medoucine.com\/blog\/wp-content\/uploads\/2021\/10\/tuqa-nabi-71JHj_t-kS0-unsplash-scaled.jpg\",\"keywords\":[\"alimentation\",\"automne\",\"fruits\",\"Nutrition\"],\"articleSection\":[\"Plantes &amp; Nutriments\"],\"inLanguage\":\"fr-FR\",\"potentialAction\":[{\"@type\":\"CommentAction\",\"name\":\"Comment\",\"target\":[\"https:\/\/www.medoucine.com\/blog\/tout-savoir-sur-la-pomme-et-ses-bienfaits-pour-la-sante\/#respond\"]}]},{\"@type\":\"WebPage\",\"@id\":\"https:\/\/www.medoucine.com\/blog\/tout-savoir-sur-la-pomme-et-ses-bienfaits-pour-la-sante\/\",\"url\":\"https:\/\/www.medoucine.com\/blog\/tout-savoir-sur-la-pomme-et-ses-bienfaits-pour-la-sante\/\",\"name\":\"Quels sont les bienfaits de la pomme ?\",\"isPartOf\":{\"@id\":\"https:\/\/www.medoucine.com\/blog\/#website\"},\"primaryImageOfPage\":{\"@id\":\"https:\/\/www.medoucine.com\/blog\/tout-savoir-sur-la-pomme-et-ses-bienfaits-pour-la-sante\/#primaryimage\"},\"image\":{\"@id\":\"https:\/\/www.medoucine.com\/blog\/tout-savoir-sur-la-pomme-et-ses-bienfaits-pour-la-sante\/#primaryimage\"},\"thumbnailUrl\":\"https:\/\/www.medoucine.com\/blog\/wp-content\/uploads\/2021\/10\/tuqa-nabi-71JHj_t-kS0-unsplash-scaled.jpg\",\"datePublished\":\"2021-10-15T05:23:34+00:00\",\"dateModified\":\"2026-04-08T16:38:00+00:00\",\"description\":\"Avec l'automne, c'est le grand retour de la pomme ! L'occasion de jeter un oeil aux nombreux bienfaits de ce fruit \u00e0 consommer de nombreuses fa\u00e7ons !\",\"breadcrumb\":{\"@id\":\"https:\/\/www.medoucine.com\/blog\/tout-savoir-sur-la-pomme-et-ses-bienfaits-pour-la-sante\/#breadcrumb\"},\"inLanguage\":\"fr-FR\",\"potentialAction\":[{\"@type\":\"ReadAction\",\"target\":[\"https:\/\/www.medoucine.com\/blog\/tout-savoir-sur-la-pomme-et-ses-bienfaits-pour-la-sante\/\"]}]},{\"@type\":\"ImageObject\",\"inLanguage\":\"fr-FR\",\"@id\":\"https:\/\/www.medoucine.com\/blog\/tout-savoir-sur-la-pomme-et-ses-bienfaits-pour-la-sante\/#primaryimage\",\"url\":\"https:\/\/www.medoucine.com\/blog\/wp-content\/uploads\/2021\/10\/tuqa-nabi-71JHj_t-kS0-unsplash-scaled.jpg\",\"contentUrl\":\"https:\/\/www.medoucine.com\/blog\/wp-content\/uploads\/2021\/10\/tuqa-nabi-71JHj_t-kS0-unsplash-scaled.jpg\",\"width\":1700,\"height\":2560},{\"@type\":\"BreadcrumbList\",\"@id\":\"https:\/\/www.medoucine.com\/blog\/tout-savoir-sur-la-pomme-et-ses-bienfaits-pour-la-sante\/#breadcrumb\",\"itemListElement\":[{\"@type\":\"ListItem\",\"position\":1,\"name\":\"Blog Medoucine\",\"item\":\"https:\/\/www.medoucine.com\/blog\/\"},{\"@type\":\"ListItem\",\"position\":2,\"name\":\"Alimentation\",\"item\":\"https:\/\/www.medoucine.com\/blog\/cat\/alimentation\/\"},{\"@type\":\"ListItem\",\"position\":3,\"name\":\"Plantes &amp; Nutriments\",\"item\":\"https:\/\/www.medoucine.com\/blog\/cat\/alimentation\/plantes-nutriments\/\"},{\"@type\":\"ListItem\",\"position\":4,\"name\":\"Quels sont les bienfaits de la pomme ?\"}]},{\"@type\":\"WebSite\",\"@id\":\"https:\/\/www.medoucine.com\/blog\/#website\",\"url\":\"https:\/\/www.medoucine.com\/blog\/\",\"name\":\"Blog de Medoucine\",\"description\":\"Le blog des m\u00e9decines douces\",\"publisher\":{\"@id\":\"https:\/\/www.medoucine.com\/blog\/#organization\"},\"potentialAction\":[{\"@type\":\"SearchAction\",\"target\":{\"@type\":\"EntryPoint\",\"urlTemplate\":\"https:\/\/www.medoucine.com\/blog\/?s={search_term_string}\"},\"query-input\":{\"@type\":\"PropertyValueSpecification\",\"valueRequired\":true,\"valueName\":\"search_term_string\"}}],\"inLanguage\":\"fr-FR\"},{\"@type\":\"Organization\",\"@id\":\"https:\/\/www.medoucine.com\/blog\/#organization\",\"name\":\"Medoucine\",\"url\":\"https:\/\/www.medoucine.com\/blog\/\",\"logo\":{\"@type\":\"ImageObject\",\"inLanguage\":\"fr-FR\",\"@id\":\"https:\/\/www.medoucine.com\/blog\/#\/schema\/logo\/image\/\",\"url\":\"https:\/\/www.medoucine.com\/blog\/wp-content\/uploads\/2019\/07\/logo@3x.png\",\"contentUrl\":\"https:\/\/www.medoucine.com\/blog\/wp-content\/uploads\/2019\/07\/logo@3x.png\",\"width\":555,\"height\":135,\"caption\":\"Medoucine\"},\"image\":{\"@id\":\"https:\/\/www.medoucine.com\/blog\/#\/schema\/logo\/image\/\"},\"sameAs\":[\"https:\/\/www.facebook.com\/medoucine\/\",\"https:\/\/x.com\/medoucinefr\",\"https:\/\/www.instagram.com\/medoucine\/\",\"https:\/\/www.youtube.com\/channel\/UCtZeUeJ_KebYK0KJAXjJV8g\"]},{\"@type\":\"Person\",\"@id\":\"https:\/\/www.medoucine.com\/blog\/#\/schema\/person\/c547c49fa3749390a1d01dad9b35b82e\",\"name\":\"Alice Rebi\u00e8re\",\"image\":{\"@type\":\"ImageObject\",\"inLanguage\":\"fr-FR\",\"@id\":\"https:\/\/www.medoucine.com\/blog\/#\/schema\/person\/image\/\",\"url\":\"https:\/\/secure.gravatar.com\/avatar\/bff1b2f2dda54ad9289ff97ac7ab468262637929dee0757dacb807b3224eebaf?s=96&d=mm&r=g\",\"contentUrl\":\"https:\/\/secure.gravatar.com\/avatar\/bff1b2f2dda54ad9289ff97ac7ab468262637929dee0757dacb807b3224eebaf?s=96&d=mm&r=g\",\"caption\":\"Alice Rebi\u00e8re\"},\"description\":\"Avec mes trois approches : Naturopathie, R\u00e9flexologie Plantaire, et Programmation Neuro-Linguistique, j'offre un belle compl\u00e9mentarit\u00e9 corps et esprit pour une approche individualis\u00e9e en sant\u00e9 naturelle. Je vous re\u00e7ois dans mes cabinets de Bordeaux, Talence et Gradignan.\",\"sameAs\":[\"https:\/\/www.medoucine.com\/consultation\/gradignan\/alice-rebiere\/2048\"],\"url\":\"https:\/\/www.medoucine.com\/blog\/author\/alice_rebiere\/\"}]}<\/script>\n<!-- \/ Yoast SEO plugin. -->","yoast_head_json":{"title":"Quels sont les bienfaits de la pomme ?","description":"Avec l'automne, c'est le grand retour de la pomme ! L'occasion de jeter un oeil aux nombreux bienfaits de ce fruit \u00e0 consommer de nombreuses fa\u00e7ons !","robots":{"index":"index","follow":"follow","max-snippet":"max-snippet:-1","max-image-preview":"max-image-preview:large","max-video-preview":"max-video-preview:-1"},"canonical":"https:\/\/www.medoucine.com\/blog\/tout-savoir-sur-la-pomme-et-ses-bienfaits-pour-la-sante\/","og_locale":"fr_FR","og_type":"article","og_title":"Quels sont les bienfaits de la pomme ?","og_description":"Avec l'automne, c'est le grand retour de la pomme ! L'occasion de jeter un oeil aux nombreux bienfaits de ce fruit \u00e0 consommer de nombreuses fa\u00e7ons !","og_url":"https:\/\/www.medoucine.com\/blog\/tout-savoir-sur-la-pomme-et-ses-bienfaits-pour-la-sante\/","og_site_name":"Blog de Medoucine","article_publisher":"https:\/\/www.facebook.com\/medoucine\/","article_published_time":"2021-10-15T05:23:34+00:00","article_modified_time":"2026-04-08T16:38:00+00:00","og_image":[{"width":1700,"height":2560,"url":"https:\/\/www.medoucine.com\/blog\/wp-content\/uploads\/2021\/10\/tuqa-nabi-71JHj_t-kS0-unsplash-scaled.jpg","type":"image\/jpeg"}],"author":"Alice Rebi\u00e8re","twitter_card":"summary_large_image","twitter_creator":"@medoucinefr","twitter_site":"@medoucinefr","twitter_misc":{"\u00c9crit par":"Alice Rebi\u00e8re","Dur\u00e9e de lecture estim\u00e9e":"3 minutes"},"schema":{"@context":"https:\/\/schema.org","@graph":[{"@type":"Article","@id":"https:\/\/www.medoucine.com\/blog\/tout-savoir-sur-la-pomme-et-ses-bienfaits-pour-la-sante\/#article","isPartOf":{"@id":"https:\/\/www.medoucine.com\/blog\/tout-savoir-sur-la-pomme-et-ses-bienfaits-pour-la-sante\/"},"author":{"name":"Alice Rebi\u00e8re","@id":"https:\/\/www.medoucine.com\/blog\/#\/schema\/person\/c547c49fa3749390a1d01dad9b35b82e"},"headline":"Quels sont les bienfaits de la pomme ?","datePublished":"2021-10-15T05:23:34+00:00","dateModified":"2026-04-08T16:38:00+00:00","mainEntityOfPage":{"@id":"https:\/\/www.medoucine.com\/blog\/tout-savoir-sur-la-pomme-et-ses-bienfaits-pour-la-sante\/"},"wordCount":687,"commentCount":1,"publisher":{"@id":"https:\/\/www.medoucine.com\/blog\/#organization"},"image":{"@id":"https:\/\/www.medoucine.com\/blog\/tout-savoir-sur-la-pomme-et-ses-bienfaits-pour-la-sante\/#primaryimage"},"thumbnailUrl":"https:\/\/www.medoucine.com\/blog\/wp-content\/uploads\/2021\/10\/tuqa-nabi-71JHj_t-kS0-unsplash-scaled.jpg","keywords":["alimentation","automne","fruits","Nutrition"],"articleSection":["Plantes &amp; Nutriments"],"inLanguage":"fr-FR","potentialAction":[{"@type":"CommentAction","name":"Comment","target":["https:\/\/www.medoucine.com\/blog\/tout-savoir-sur-la-pomme-et-ses-bienfaits-pour-la-sante\/#respond"]}]},{"@type":"WebPage","@id":"https:\/\/www.medoucine.com\/blog\/tout-savoir-sur-la-pomme-et-ses-bienfaits-pour-la-sante\/","url":"https:\/\/www.medoucine.com\/blog\/tout-savoir-sur-la-pomme-et-ses-bienfaits-pour-la-sante\/","name":"Quels sont les bienfaits de la pomme ?","isPartOf":{"@id":"https:\/\/www.medoucine.com\/blog\/#website"},"primaryImageOfPage":{"@id":"https:\/\/www.medoucine.com\/blog\/tout-savoir-sur-la-pomme-et-ses-bienfaits-pour-la-sante\/#primaryimage"},"image":{"@id":"https:\/\/www.medoucine.com\/blog\/tout-savoir-sur-la-pomme-et-ses-bienfaits-pour-la-sante\/#primaryimage"},"thumbnailUrl":"https:\/\/www.medoucine.com\/blog\/wp-content\/uploads\/2021\/10\/tuqa-nabi-71JHj_t-kS0-unsplash-scaled.jpg","datePublished":"2021-10-15T05:23:34+00:00","dateModified":"2026-04-08T16:38:00+00:00","description":"Avec l'automne, c'est le grand retour de la pomme ! L'occasion de jeter un oeil aux nombreux bienfaits de ce fruit \u00e0 consommer de nombreuses fa\u00e7ons !","breadcrumb":{"@id":"https:\/\/www.medoucine.com\/blog\/tout-savoir-sur-la-pomme-et-ses-bienfaits-pour-la-sante\/#breadcrumb"},"inLanguage":"fr-FR","potentialAction":[{"@type":"ReadAction","target":["https:\/\/www.medoucine.com\/blog\/tout-savoir-sur-la-pomme-et-ses-bienfaits-pour-la-sante\/"]}]},{"@type":"ImageObject","inLanguage":"fr-FR","@id":"https:\/\/www.medoucine.com\/blog\/tout-savoir-sur-la-pomme-et-ses-bienfaits-pour-la-sante\/#primaryimage","url":"https:\/\/www.medoucine.com\/blog\/wp-content\/uploads\/2021\/10\/tuqa-nabi-71JHj_t-kS0-unsplash-scaled.jpg","contentUrl":"https:\/\/www.medoucine.com\/blog\/wp-content\/uploads\/2021\/10\/tuqa-nabi-71JHj_t-kS0-unsplash-scaled.jpg","width":1700,"height":2560},{"@type":"BreadcrumbList","@id":"https:\/\/www.medoucine.com\/blog\/tout-savoir-sur-la-pomme-et-ses-bienfaits-pour-la-sante\/#breadcrumb","itemListElement":[{"@type":"ListItem","position":1,"name":"Blog Medoucine","item":"https:\/\/www.medoucine.com\/blog\/"},{"@type":"ListItem","position":2,"name":"Alimentation","item":"https:\/\/www.medoucine.com\/blog\/cat\/alimentation\/"},{"@type":"ListItem","position":3,"name":"Plantes &amp; Nutriments","item":"https:\/\/www.medoucine.com\/blog\/cat\/alimentation\/plantes-nutriments\/"},{"@type":"ListItem","position":4,"name":"Quels sont les bienfaits de la pomme ?"}]},{"@type":"WebSite","@id":"https:\/\/www.medoucine.com\/blog\/#website","url":"https:\/\/www.medoucine.com\/blog\/","name":"Blog de Medoucine","description":"Le blog des m\u00e9decines douces","publisher":{"@id":"https:\/\/www.medoucine.com\/blog\/#organization"},"potentialAction":[{"@type":"SearchAction","target":{"@type":"EntryPoint","urlTemplate":"https:\/\/www.medoucine.com\/blog\/?s={search_term_string}"},"query-input":{"@type":"PropertyValueSpecification","valueRequired":true,"valueName":"search_term_string"}}],"inLanguage":"fr-FR"},{"@type":"Organization","@id":"https:\/\/www.medoucine.com\/blog\/#organization","name":"Medoucine","url":"https:\/\/www.medoucine.com\/blog\/","logo":{"@type":"ImageObject","inLanguage":"fr-FR","@id":"https:\/\/www.medoucine.com\/blog\/#\/schema\/logo\/image\/","url":"https:\/\/www.medoucine.com\/blog\/wp-content\/uploads\/2019\/07\/logo@3x.png","contentUrl":"https:\/\/www.medoucine.com\/blog\/wp-content\/uploads\/2019\/07\/logo@3x.png","width":555,"height":135,"caption":"Medoucine"},"image":{"@id":"https:\/\/www.medoucine.com\/blog\/#\/schema\/logo\/image\/"},"sameAs":["https:\/\/www.facebook.com\/medoucine\/","https:\/\/x.com\/medoucinefr","https:\/\/www.instagram.com\/medoucine\/","https:\/\/www.youtube.com\/channel\/UCtZeUeJ_KebYK0KJAXjJV8g"]},{"@type":"Person","@id":"https:\/\/www.medoucine.com\/blog\/#\/schema\/person\/c547c49fa3749390a1d01dad9b35b82e","name":"Alice Rebi\u00e8re","image":{"@type":"ImageObject","inLanguage":"fr-FR","@id":"https:\/\/www.medoucine.com\/blog\/#\/schema\/person\/image\/","url":"https:\/\/secure.gravatar.com\/avatar\/bff1b2f2dda54ad9289ff97ac7ab468262637929dee0757dacb807b3224eebaf?s=96&d=mm&r=g","contentUrl":"https:\/\/secure.gravatar.com\/avatar\/bff1b2f2dda54ad9289ff97ac7ab468262637929dee0757dacb807b3224eebaf?s=96&d=mm&r=g","caption":"Alice Rebi\u00e8re"},"description":"Avec mes trois approches : Naturopathie, R\u00e9flexologie Plantaire, et Programmation Neuro-Linguistique, j'offre un belle compl\u00e9mentarit\u00e9 corps et esprit pour une approche individualis\u00e9e en sant\u00e9 naturelle. Je vous re\u00e7ois dans mes cabinets de Bordeaux, Talence et Gradignan.","sameAs":["https:\/\/www.medoucine.com\/consultation\/gradignan\/alice-rebiere\/2048"],"url":"https:\/\/www.medoucine.com\/blog\/author\/alice_rebiere\/"}]}},"_links":{"self":[{"href":"https:\/\/www.medoucine.com\/blog\/wp-json\/wp\/v2\/posts\/20052","targetHints":{"allow":["GET"]}}],"collection":[{"href":"https:\/\/www.medoucine.com\/blog\/wp-json\/wp\/v2\/posts"}],"about":[{"href":"https:\/\/www.medoucine.com\/blog\/wp-json\/wp\/v2\/types\/post"}],"author":[{"embeddable":true,"href":"https:\/\/www.medoucine.com\/blog\/wp-json\/wp\/v2\/users\/460"}],"replies":[{"embeddable":true,"href":"https:\/\/www.medoucine.com\/blog\/wp-json\/wp\/v2\/comments?post=20052"}],"version-history":[{"count":11,"href":"https:\/\/www.medoucine.com\/blog\/wp-json\/wp\/v2\/posts\/20052\/revisions"}],"predecessor-version":[{"id":42656,"href":"https:\/\/www.medoucine.com\/blog\/wp-json\/wp\/v2\/posts\/20052\/revisions\/42656"}],"wp:featuredmedia":[{"embeddable":true,"href":"https:\/\/www.medoucine.com\/blog\/wp-json\/wp\/v2\/media\/20066"}],"wp:attachment":[{"href":"https:\/\/www.medoucine.com\/blog\/wp-json\/wp\/v2\/media?parent=20052"}],"wp:term":[{"taxonomy":"category","embeddable":true,"href":"https:\/\/www.medoucine.com\/blog\/wp-json\/wp\/v2\/categories?post=20052"},{"taxonomy":"post_tag","embeddable":true,"href":"https:\/\/www.medoucine.com\/blog\/wp-json\/wp\/v2\/tags?post=20052"}],"curies":[{"name":"wp","href":"https:\/\/api.w.org\/{rel}","templated":true}]}}