{"id":19849,"date":"2021-10-20T07:54:04","date_gmt":"2021-10-20T05:54:04","guid":{"rendered":"https:\/\/www.medoucine.com\/blog\/?p=19849"},"modified":"2026-04-08T18:37:51","modified_gmt":"2026-04-08T16:37:51","slug":"faites-le-plein-de-vitamine-d-pour-une-bonne-immunite","status":"publish","type":"post","link":"https:\/\/www.medoucine.com\/blog\/faites-le-plein-de-vitamine-d-pour-une-bonne-immunite\/","title":{"rendered":"Faites le plein de vitamine D pour une bonne immunit\u00e9"},"content":{"rendered":"<p class=\"has-drop-cap\">Sous nos latitudes, nous manquons presque tous de vitamine D d\u2019octobre \u00e0 mars, m\u00eame en s\u2019exposant au soleil, comme aux sports d\u2019hiver. 8 \u00e0 9 fran\u00e7ais sur 10 serait en d\u00e9ficit en hiver. Or cette vitamine liposoluble (qui se dissout uniquement dans les graisses) ne sert pas qu\u2019\u00e0 constituer des os solides et sains ; elle est aussi indispensable pour notre immunit\u00e9.<\/p>\n<h2>Vitamine D et immunit\u00e9<\/h2>\n<p>La vitamine D agit sur la maturation et la diff\u00e9renciation de certains <strong>globules blancs<\/strong> qui sont les acteurs majeurs de notre syst\u00e8me immunitaire. Elle active l\u2019<strong>immunit\u00e9 inn\u00e9e<\/strong> qui nous permet de r\u00e9pondre rapidement aux agresseurs comme les bact\u00e9ries, les champignons et les virus et d\u00e9clenche la production d\u2019<strong>antibiotiques naturels<\/strong>.<\/p>\n<p>La vitamine D joue un r\u00f4le important pour pr\u00e9venir la grippe et les \u00e9tats grippaux. Par ailleurs, elle interviendrait dans la <strong>pr\u00e9vention<\/strong> de certains cancers, de nombreuses maladies auto-immunes et maladies cardiovasculaires.<\/p>\n<p>Pour comprendre pourquoi nous sommes si souvent en d\u00e9ficit, voici une br\u00e8ve explication de la production de vitamine D par notre corps.<\/p>\n<h3>Les \u00e9tapes de la synth\u00e8se de la vitamine D par l\u2019organisme<\/h3>\n<p>Dans un premier temps, il y a fabrication de chol\u00e9calcif\u00e9rol gr\u00e2ce aux <strong>rayons ultraviolets<\/strong> de la lumi\u00e8re du<strong> soleil<\/strong> et du <strong>cholest\u00e9rol<\/strong> contenu dans les couches profondes de la peau. La capacit\u00e9 de synth\u00e8se de la vitamine D d\u00e9pend donc de l\u2019exposition de la peau au soleil, ce qui est rare l\u2019hiver, mais \u00e9galement du taux sanguin de cholest\u00e9rol total. Eh oui, le cholest\u00e9rol, souvent diabolis\u00e9, est n\u00e9cessaire au bon fonctionnement de notre corps !<\/p>\n<p>Ce chol\u00e9calcif\u00e9rol doit ensuite subir une transformation au niveau du <strong>foie,<\/strong> puis au niveau des <strong>reins<\/strong> avant d\u2019\u00eatre sous la forme de calcitriol, qui est la forme la plus active de la vitamine D. Enfin la vitamine D est stock\u00e9e dans le <strong>tissu adipeux<\/strong> (la graisse).<\/p>\n<p>Ajoutez au manque d\u2019exposition au soleil, le port de v\u00eatements et les protections solaires, un foie souvent malmen\u00e9 par notre alimentation, le stress, la prise de m\u00e9dicaments et une hydratation insuffisante, la vitamine D n\u2019est pas produite facilement !<\/p>\n<div style=\"width: 694px\" class=\"wp-caption aligncenter\"><img loading=\"lazy\" decoding=\"async\" class=\"\" src=\"https:\/\/www.medoucine.com\/blog\/\/wp-content\/uploads\/2021\/09\/yoann-boyer-VZfREM_1fx4-unsplash-scaled.jpg\" alt=\"Faites le plein de vitamine D pour une bonne immunit\u00e9\" width=\"684\" height=\"456\" \/><p class=\"wp-caption-text\">Unsplash<\/p><\/div>\n<div class=\"m-spin\">\n<p class=\"m-spin__text\"><strong>Boostez votre immunit\u00e9 avec la vitamine D<\/strong><\/p>\n<p class=\"m-spin__text\">La vitamine D est essentielle pour renforcer vos d\u00e9fenses naturelles. Prenez rendez-vous avec un <a class=\"m-spin__link\" target=\"_blank\" rel=\"noopener noreferrer\" href=\"https:\/\/www.medoucine.com\/consultations\/se-soigner\/naturopathie\/lyon\/tous-publics\/a-domicile-ou-cabinet?utm_source=medoucine_blog_B2C&amp;utm_medium=article_blog&amp;utm_campaign=spin_seo\">Naturopathe \u00e0 Lyon<\/a>, un <a class=\"m-spin__link\" target=\"_blank\" rel=\"noopener noreferrer\" href=\"https:\/\/www.medoucine.com\/consultations\/se-soigner\/naturopathie\/marseille\/tous-publics\/a-domicile-ou-cabinet?utm_source=medoucine_blog_B2C&amp;utm_medium=article_blog&amp;utm_campaign=spin_seo\">Naturopathe \u00e0 Marseille<\/a> ou un <a class=\"m-spin__link\" target=\"_blank\" rel=\"noopener noreferrer\" href=\"https:\/\/www.medoucine.com\/consultations\/se-soigner\/naturopathie\/montpellier\/tous-publics\/a-domicile-ou-cabinet?utm_source=medoucine_blog_B2C&amp;utm_medium=article_blog&amp;utm_campaign=spin_seo\">Naturopathe \u00e0 Montpellier<\/a> pour un bilan personnalis\u00e9 et des conseils adapt\u00e9s. La naturopathie peut vous aider \u00e0 optimiser votre taux de vitamine D naturellement.<\/p>\n<p class=\"m-spin__text\">Vous cherchez un accompagnement personnalis\u00e9 ? Trouvez des <a class=\"m-spin__link\" target=\"_blank\" rel=\"noopener noreferrer\" href=\"https:\/\/www.medoucine.com\/consultations\/se-soigner\/naturopathie\/autour-de-moi?utm_source=medoucine_blog_B2C&amp;utm_medium=article_blog&amp;utm_campaign=spin_seo\">Naturopathes pr\u00e8s de chez vous<\/a> pour une sant\u00e9 optimale et durable.<\/p>\n<\/div>\n<h2>Est-il possible d\u2019apporter suffisamment de vitamine D par l\u2019alimentation\u00a0?<\/h2>\n<p>Dans l\u2019alimentation, la vitamine D est pr\u00e9sente sous deux formes : la vitamine D2 (ergocalcif\u00e9rol) produite par les v\u00e9g\u00e9taux, et la vitamine D3 (chol\u00e9calcif\u00e9rol), d\u2019origine animale.\u00a0La forme qui est int\u00e9ressante pour notre sant\u00e9 est la <strong>vitamine D3<\/strong>.<\/p>\n<p>L\u2019<strong>alimentation ne permet pas de couvrir nos besoins<\/strong> en cette vitamine, car peu d\u2019aliments courants renferment une quantit\u00e9 appr\u00e9ciable de vitamine D. On en trouve dans les huiles de foie de morue, l\u2019huile de fl\u00e9tan, les foies de poisson en quantit\u00e9 concentr\u00e9e et dans une moindre mesure dans les poissons gras (saumon, hareng, anchois), le beurre, le jaune d\u2019\u0153uf, le fromage ou encore le lait.<\/p>\n<p>S\u2019il existe de la vitamine D d\u2019origine v\u00e9g\u00e9tale, il n\u2019existe pas de fruits ou de l\u00e9gumes particuli\u00e8rement riches en vitamine D. Une suppl\u00e9mentation sera donc conseill\u00e9e en cas de r\u00e9gime v\u00e9g\u00e9tarien ou v\u00e9g\u00e9talien.<\/p>\n<h2>Comment se suppl\u00e9menter en cas de besoin\u00a0?<\/h2>\n<p>Les suppl\u00e9ments sont souvent n\u00e9cessaires d\u00e8s lors que l\u2019exposition au soleil n\u2019est pas possible ou insuffisante.<\/p>\n<p><strong>\u00a0<\/strong>La vitamine D3 existe sous la forme de compl\u00e9ments alimentaires\u00a0soit\u00a0:<\/p>\n<ul>\n<li>en concentr\u00e9 d\u2019huile de foie de poisson (ex : huile de foie de morue)<\/li>\n<li>extraite de la lanoline (la laine du mouton)<\/li>\n<li>extraite lichen bor\u00e9al (compatible avec les <strong>r\u00e9gimes v\u00e9g\u00e9tarien et v\u00e9gan<\/strong>)<\/li>\n<\/ul>\n<p>Il vaut mieux \u00e9viter de surconsommer de l\u2019huile de foie de morue pour obtenir cette vitamine, car elle s\u2019accompagne d\u2019un apport en vitamine A trop \u00e9lev\u00e9 \u00e0 long terme. De plus, cela pourrait \u00eatre au final contreproductif car la vitamine A pourrait bloquer certaines actions de la vitamine D. Je vous conseille donc de la vitamine D <strong>issue de la lanoline ou du lichen bor\u00e9al<\/strong>.<\/p>\n<p>Pour conna\u00eetre ses besoins, le mieux est de faire faire une <strong>analyse sanguine<\/strong> (non rembours\u00e9e par la S\u00e9curit\u00e9 sociale mais peu ch\u00e8re). Les recommandations officielles sont de <strong>10 \u00e0 15 \u00b5g\/j<\/strong> (400-600 UI\/j) par jour (1 \u00b5g (microgramme) = 40 UI (Unit\u00e9 Internationale)).<\/p>\n<p>De nombreux scientifiques et auteurs s\u2019accordent \u00e0 dire qu\u2019il faudrait un apport 3 \u00e0 4 fois plus important pour avoir une action de pr\u00e9vention au niveau immunitaire. Enfin, privil\u00e9giez les <strong>apports journaliers<\/strong> en vitamine D plut\u00f4t que des doses importantes pour plusieurs mois.<\/p>\n<div style=\"width: 580px\" class=\"wp-caption aligncenter\"><img loading=\"lazy\" decoding=\"async\" class=\"\" src=\"https:\/\/www.medoucine.com\/blog\/\/wp-content\/uploads\/2021\/09\/kate-hliznitsova-Nqj2XWHy4K0-unsplash-scaled.jpg\" alt=\"Faites le plein de vitamine D pour une bonne immunit\u00e9\" width=\"570\" height=\"851\" \/><p class=\"wp-caption-text\">Unsplash<\/p><\/div>\n<h2>Conseils pour favoriser un bon taux de vitamine D3<\/h2>\n<p><u>D&rsquo;avril \u00e0 octobre<\/u>\u00a0(printemps et \u00e9t\u00e9) : Il faudrait s&rsquo;exposer au soleil le plus fr\u00e9quemment possible torse-nu et ou jambes-nues, de pr\u00e9f\u00e9rence \u00e0 la mi-journ\u00e9e, en \u00e9vitant les expositions prolong\u00e9es. 10 \u00e0 15 minutes suffisent g\u00e9n\u00e9ralement en n\u2019allant jamais jusqu&rsquo;\u00e0 la rougeur.<\/p>\n<p><u>D\u2019octobre \u00e0 mars<\/u>\u00a0: une suppl\u00e9mentation est g\u00e9n\u00e9ralement n\u00e9cessaire en vitamine D3.<\/p>\n<p>Notez que les besoins des enfants de moins d\u2019un an, les femmes enceintes et allaitantes ainsi que les personnes \u00e2g\u00e9es ont un besoin accru en cette vitamine. Demandez l\u2019avis de votre m\u00e9decin avant toute suppl\u00e9mentation si vous souffrez de maladies.<\/p>\n<p>&nbsp;<\/p>\n<p>par <strong><a href=\"https:\/\/www.medoucine.com\/consultation\/nantes\/lucie-ribault\/1137\">Lucie Ribault, naturopathe recommand\u00e9e<\/a><\/strong> du r\u00e9seau M\u00e9doucine.<\/p>\n<p><a href=\"https:\/\/www.medoucine.com\/\"><strong>Trouvez un naturopathe recommand\u00e9 pr\u00e8s de chez vous sur M\u00e9doucine<\/strong>.\u00a0<\/a><\/p>\n<p><strong>\u00c0 lire aussi\u00a0:<\/strong><\/p>\n<ul>\n<li><a href=\"https:\/\/www.medoucine.com\/blog\/\/loligotherapie-une-approche-fonctionnelle-davenir\/\">L\u2019oligoth\u00e9rapie, une approche fonctionnelle d\u2019avenir<\/a><\/li>\n<li><a href=\"https:\/\/www.medoucine.com\/blog\/\/vitamine-d3-indispensable\/\">Vitamine D3 : pourquoi est-elle indispensable ?<\/a><\/li>\n<li><a href=\"https:\/\/www.medoucine.com\/blog\/\/micronutrition-les-apports-des-micronutriments-pour-l-equilibre-du-corps\/\">Micronutrition : les apports des micronutriments pour l\u2019\u00e9quilibre du corps<\/a><\/li>\n<li><a href=\"https:\/\/www.medoucine.com\/blog\/\/booster-son-systeme-immunitaire\/\">Des solutions naturelles pour booster son syst\u00e8me immunitaire<\/a><\/li>\n<\/ul>\n","protected":false},"excerpt":{"rendered":"<p>Sous nos latitudes, nous manquons presque tous de vitamine D d\u2019octobre \u00e0 mars, m\u00eame en s\u2019exposant au soleil, comme aux sports d\u2019hiver. 8 \u00e0 9 fran\u00e7ais sur 10 serait en d\u00e9ficit en hiver. Or cette vitamine liposoluble (qui se dissout uniquement dans les graisses) ne sert pas qu\u2019\u00e0 constituer des os solides et sains ; elle est aussi indispensable pour notre immunit\u00e9. Vitamine D et immunit\u00e9 La vitamine D agit sur la maturation et la diff\u00e9renciation de certains globules blancs qui sont les acteurs majeurs de notre syst\u00e8me immunitaire. Elle active l\u2019immunit\u00e9 inn\u00e9e qui nous permet de r\u00e9pondre rapidement aux agresseurs comme les bact\u00e9ries, les champignons et les virus et d\u00e9clenche la production d\u2019antibiotiques naturels. La vitamine D joue un r\u00f4le important pour pr\u00e9venir la grippe et les \u00e9tats grippaux. Par ailleurs, elle interviendrait dans [&hellip;]<\/p>\n","protected":false},"author":222,"featured_media":20112,"comment_status":"open","ping_status":"open","sticky":false,"template":"","format":"standard","meta":{"_acf_changed":false,"footnotes":""},"categories":[98],"tags":[267,15,496],"class_list":["post-19849","post","type-post","status-publish","format-standard","has-post-thumbnail","hentry","category-plantes-nutriments","tag-alimentation","tag-nutrition","tag-vitamines"],"acf":[],"yoast_head":"<!-- This site is optimized with the Yoast SEO plugin v27.1.1 - https:\/\/yoast.com\/product\/yoast-seo-wordpress\/ -->\n<title>Faites le plein de vitamine D pour une bonne immunit\u00e9<\/title>\n<meta name=\"description\" content=\"Faites le plein de vitamine D avec une suppl\u00e9mentation naturelle pour prendre soin de votre organisme et de votre bien-\u00eatre \u00e0 toutes les saisons !\" \/>\n<meta name=\"robots\" content=\"index, follow, max-snippet:-1, max-image-preview:large, max-video-preview:-1\" \/>\n<link rel=\"canonical\" href=\"https:\/\/www.medoucine.com\/blog\/faites-le-plein-de-vitamine-d-pour-une-bonne-immunite\/\" \/>\n<meta property=\"og:locale\" content=\"fr_FR\" \/>\n<meta property=\"og:type\" content=\"article\" \/>\n<meta property=\"og:title\" content=\"Faites le plein de vitamine D pour une bonne immunit\u00e9\" \/>\n<meta property=\"og:description\" content=\"Faites le plein de vitamine D avec une suppl\u00e9mentation naturelle pour prendre soin de votre organisme et de votre bien-\u00eatre \u00e0 toutes les saisons !\" \/>\n<meta property=\"og:url\" content=\"https:\/\/www.medoucine.com\/blog\/faites-le-plein-de-vitamine-d-pour-une-bonne-immunite\/\" \/>\n<meta property=\"og:site_name\" content=\"Blog de Medoucine\" \/>\n<meta property=\"article:publisher\" content=\"https:\/\/www.facebook.com\/medoucine\/\" \/>\n<meta property=\"article:published_time\" content=\"2021-10-20T05:54:04+00:00\" \/>\n<meta property=\"article:modified_time\" content=\"2026-04-08T16:37:51+00:00\" \/>\n<meta property=\"og:image\" content=\"https:\/\/www.medoucine.com\/blog\/wp-content\/uploads\/2021\/09\/kent-pilcher-87MIF4vqHWg-unsplash-scaled.jpg\" \/>\n\t<meta property=\"og:image:width\" content=\"2560\" \/>\n\t<meta property=\"og:image:height\" content=\"1707\" \/>\n\t<meta property=\"og:image:type\" content=\"image\/jpeg\" \/>\n<meta name=\"author\" content=\"Lucie Ribault\" \/>\n<meta name=\"twitter:card\" content=\"summary_large_image\" \/>\n<meta name=\"twitter:creator\" content=\"@medoucinefr\" \/>\n<meta name=\"twitter:site\" content=\"@medoucinefr\" \/>\n<meta name=\"twitter:label1\" content=\"\u00c9crit par\" \/>\n\t<meta name=\"twitter:data1\" content=\"Lucie Ribault\" \/>\n\t<meta name=\"twitter:label2\" content=\"Dur\u00e9e de lecture estim\u00e9e\" \/>\n\t<meta name=\"twitter:data2\" content=\"5 minutes\" \/>\n<script type=\"application\/ld+json\" class=\"yoast-schema-graph\">{\"@context\":\"https:\/\/schema.org\",\"@graph\":[{\"@type\":\"Article\",\"@id\":\"https:\/\/www.medoucine.com\/blog\/faites-le-plein-de-vitamine-d-pour-une-bonne-immunite\/#article\",\"isPartOf\":{\"@id\":\"https:\/\/www.medoucine.com\/blog\/faites-le-plein-de-vitamine-d-pour-une-bonne-immunite\/\"},\"author\":{\"name\":\"Lucie Ribault\",\"@id\":\"https:\/\/www.medoucine.com\/blog\/#\/schema\/person\/8cd1adb5a2b2a0794af64d89871f5c57\"},\"headline\":\"Faites le plein de vitamine D pour une bonne immunit\u00e9\",\"datePublished\":\"2021-10-20T05:54:04+00:00\",\"dateModified\":\"2026-04-08T16:37:51+00:00\",\"mainEntityOfPage\":{\"@id\":\"https:\/\/www.medoucine.com\/blog\/faites-le-plein-de-vitamine-d-pour-une-bonne-immunite\/\"},\"wordCount\":1050,\"commentCount\":0,\"publisher\":{\"@id\":\"https:\/\/www.medoucine.com\/blog\/#organization\"},\"image\":{\"@id\":\"https:\/\/www.medoucine.com\/blog\/faites-le-plein-de-vitamine-d-pour-une-bonne-immunite\/#primaryimage\"},\"thumbnailUrl\":\"https:\/\/www.medoucine.com\/blog\/wp-content\/uploads\/2021\/09\/kent-pilcher-87MIF4vqHWg-unsplash-scaled.jpg\",\"keywords\":[\"alimentation\",\"Nutrition\",\"vitamines\"],\"articleSection\":[\"Plantes &amp; Nutriments\"],\"inLanguage\":\"fr-FR\",\"potentialAction\":[{\"@type\":\"CommentAction\",\"name\":\"Comment\",\"target\":[\"https:\/\/www.medoucine.com\/blog\/faites-le-plein-de-vitamine-d-pour-une-bonne-immunite\/#respond\"]}]},{\"@type\":\"WebPage\",\"@id\":\"https:\/\/www.medoucine.com\/blog\/faites-le-plein-de-vitamine-d-pour-une-bonne-immunite\/\",\"url\":\"https:\/\/www.medoucine.com\/blog\/faites-le-plein-de-vitamine-d-pour-une-bonne-immunite\/\",\"name\":\"Faites le plein de vitamine D pour une bonne immunit\u00e9\",\"isPartOf\":{\"@id\":\"https:\/\/www.medoucine.com\/blog\/#website\"},\"primaryImageOfPage\":{\"@id\":\"https:\/\/www.medoucine.com\/blog\/faites-le-plein-de-vitamine-d-pour-une-bonne-immunite\/#primaryimage\"},\"image\":{\"@id\":\"https:\/\/www.medoucine.com\/blog\/faites-le-plein-de-vitamine-d-pour-une-bonne-immunite\/#primaryimage\"},\"thumbnailUrl\":\"https:\/\/www.medoucine.com\/blog\/wp-content\/uploads\/2021\/09\/kent-pilcher-87MIF4vqHWg-unsplash-scaled.jpg\",\"datePublished\":\"2021-10-20T05:54:04+00:00\",\"dateModified\":\"2026-04-08T16:37:51+00:00\",\"description\":\"Faites le plein de vitamine D avec une suppl\u00e9mentation naturelle pour prendre soin de votre organisme et de votre bien-\u00eatre \u00e0 toutes les saisons !\",\"breadcrumb\":{\"@id\":\"https:\/\/www.medoucine.com\/blog\/faites-le-plein-de-vitamine-d-pour-une-bonne-immunite\/#breadcrumb\"},\"inLanguage\":\"fr-FR\",\"potentialAction\":[{\"@type\":\"ReadAction\",\"target\":[\"https:\/\/www.medoucine.com\/blog\/faites-le-plein-de-vitamine-d-pour-une-bonne-immunite\/\"]}]},{\"@type\":\"ImageObject\",\"inLanguage\":\"fr-FR\",\"@id\":\"https:\/\/www.medoucine.com\/blog\/faites-le-plein-de-vitamine-d-pour-une-bonne-immunite\/#primaryimage\",\"url\":\"https:\/\/www.medoucine.com\/blog\/wp-content\/uploads\/2021\/09\/kent-pilcher-87MIF4vqHWg-unsplash-scaled.jpg\",\"contentUrl\":\"https:\/\/www.medoucine.com\/blog\/wp-content\/uploads\/2021\/09\/kent-pilcher-87MIF4vqHWg-unsplash-scaled.jpg\",\"width\":2560,\"height\":1707},{\"@type\":\"BreadcrumbList\",\"@id\":\"https:\/\/www.medoucine.com\/blog\/faites-le-plein-de-vitamine-d-pour-une-bonne-immunite\/#breadcrumb\",\"itemListElement\":[{\"@type\":\"ListItem\",\"position\":1,\"name\":\"Blog Medoucine\",\"item\":\"https:\/\/www.medoucine.com\/blog\/\"},{\"@type\":\"ListItem\",\"position\":2,\"name\":\"Alimentation\",\"item\":\"https:\/\/www.medoucine.com\/blog\/cat\/alimentation\/\"},{\"@type\":\"ListItem\",\"position\":3,\"name\":\"Plantes &amp; Nutriments\",\"item\":\"https:\/\/www.medoucine.com\/blog\/cat\/alimentation\/plantes-nutriments\/\"},{\"@type\":\"ListItem\",\"position\":4,\"name\":\"Faites le plein de vitamine D pour une bonne immunit\u00e9\"}]},{\"@type\":\"WebSite\",\"@id\":\"https:\/\/www.medoucine.com\/blog\/#website\",\"url\":\"https:\/\/www.medoucine.com\/blog\/\",\"name\":\"Blog de Medoucine\",\"description\":\"Le blog des m\u00e9decines douces\",\"publisher\":{\"@id\":\"https:\/\/www.medoucine.com\/blog\/#organization\"},\"potentialAction\":[{\"@type\":\"SearchAction\",\"target\":{\"@type\":\"EntryPoint\",\"urlTemplate\":\"https:\/\/www.medoucine.com\/blog\/?s={search_term_string}\"},\"query-input\":{\"@type\":\"PropertyValueSpecification\",\"valueRequired\":true,\"valueName\":\"search_term_string\"}}],\"inLanguage\":\"fr-FR\"},{\"@type\":\"Organization\",\"@id\":\"https:\/\/www.medoucine.com\/blog\/#organization\",\"name\":\"Medoucine\",\"url\":\"https:\/\/www.medoucine.com\/blog\/\",\"logo\":{\"@type\":\"ImageObject\",\"inLanguage\":\"fr-FR\",\"@id\":\"https:\/\/www.medoucine.com\/blog\/#\/schema\/logo\/image\/\",\"url\":\"https:\/\/www.medoucine.com\/blog\/wp-content\/uploads\/2019\/07\/logo@3x.png\",\"contentUrl\":\"https:\/\/www.medoucine.com\/blog\/wp-content\/uploads\/2019\/07\/logo@3x.png\",\"width\":555,\"height\":135,\"caption\":\"Medoucine\"},\"image\":{\"@id\":\"https:\/\/www.medoucine.com\/blog\/#\/schema\/logo\/image\/\"},\"sameAs\":[\"https:\/\/www.facebook.com\/medoucine\/\",\"https:\/\/x.com\/medoucinefr\",\"https:\/\/www.instagram.com\/medoucine\/\",\"https:\/\/www.youtube.com\/channel\/UCtZeUeJ_KebYK0KJAXjJV8g\"]},{\"@type\":\"Person\",\"@id\":\"https:\/\/www.medoucine.com\/blog\/#\/schema\/person\/8cd1adb5a2b2a0794af64d89871f5c57\",\"name\":\"Lucie Ribault\",\"image\":{\"@type\":\"ImageObject\",\"inLanguage\":\"fr-FR\",\"@id\":\"https:\/\/www.medoucine.com\/blog\/#\/schema\/person\/image\/\",\"url\":\"https:\/\/secure.gravatar.com\/avatar\/671f4129f00a78437ab2217fce0f13ba7a66208b4afcb92abc2e0f95515f88fd?s=96&d=mm&r=g\",\"contentUrl\":\"https:\/\/secure.gravatar.com\/avatar\/671f4129f00a78437ab2217fce0f13ba7a66208b4afcb92abc2e0f95515f88fd?s=96&d=mm&r=g\",\"caption\":\"Lucie Ribault\"},\"description\":\"Praticienne en naturopathie, phytoth\u00e9rapie, aromath\u00e9rapie, fleurs de Bach, phytembryoth\u00e9rapie, oligoth\u00e9rapie\",\"sameAs\":[\"https:\/\/www.medoucine.com\/consultation\/nantes\/lucie-ribault\/1137\"],\"url\":\"https:\/\/www.medoucine.com\/blog\/author\/lucie_ribault\/\"}]}<\/script>\n<!-- \/ Yoast SEO plugin. -->","yoast_head_json":{"title":"Faites le plein de vitamine D pour une bonne immunit\u00e9","description":"Faites le plein de vitamine D avec une suppl\u00e9mentation naturelle pour prendre soin de votre organisme et de votre bien-\u00eatre \u00e0 toutes les saisons !","robots":{"index":"index","follow":"follow","max-snippet":"max-snippet:-1","max-image-preview":"max-image-preview:large","max-video-preview":"max-video-preview:-1"},"canonical":"https:\/\/www.medoucine.com\/blog\/faites-le-plein-de-vitamine-d-pour-une-bonne-immunite\/","og_locale":"fr_FR","og_type":"article","og_title":"Faites le plein de vitamine D pour une bonne immunit\u00e9","og_description":"Faites le plein de vitamine D avec une suppl\u00e9mentation naturelle pour prendre soin de votre organisme et de votre bien-\u00eatre \u00e0 toutes les saisons !","og_url":"https:\/\/www.medoucine.com\/blog\/faites-le-plein-de-vitamine-d-pour-une-bonne-immunite\/","og_site_name":"Blog de Medoucine","article_publisher":"https:\/\/www.facebook.com\/medoucine\/","article_published_time":"2021-10-20T05:54:04+00:00","article_modified_time":"2026-04-08T16:37:51+00:00","og_image":[{"width":2560,"height":1707,"url":"https:\/\/www.medoucine.com\/blog\/wp-content\/uploads\/2021\/09\/kent-pilcher-87MIF4vqHWg-unsplash-scaled.jpg","type":"image\/jpeg"}],"author":"Lucie Ribault","twitter_card":"summary_large_image","twitter_creator":"@medoucinefr","twitter_site":"@medoucinefr","twitter_misc":{"\u00c9crit par":"Lucie Ribault","Dur\u00e9e de lecture estim\u00e9e":"5 minutes"},"schema":{"@context":"https:\/\/schema.org","@graph":[{"@type":"Article","@id":"https:\/\/www.medoucine.com\/blog\/faites-le-plein-de-vitamine-d-pour-une-bonne-immunite\/#article","isPartOf":{"@id":"https:\/\/www.medoucine.com\/blog\/faites-le-plein-de-vitamine-d-pour-une-bonne-immunite\/"},"author":{"name":"Lucie Ribault","@id":"https:\/\/www.medoucine.com\/blog\/#\/schema\/person\/8cd1adb5a2b2a0794af64d89871f5c57"},"headline":"Faites le plein de vitamine D pour une bonne immunit\u00e9","datePublished":"2021-10-20T05:54:04+00:00","dateModified":"2026-04-08T16:37:51+00:00","mainEntityOfPage":{"@id":"https:\/\/www.medoucine.com\/blog\/faites-le-plein-de-vitamine-d-pour-une-bonne-immunite\/"},"wordCount":1050,"commentCount":0,"publisher":{"@id":"https:\/\/www.medoucine.com\/blog\/#organization"},"image":{"@id":"https:\/\/www.medoucine.com\/blog\/faites-le-plein-de-vitamine-d-pour-une-bonne-immunite\/#primaryimage"},"thumbnailUrl":"https:\/\/www.medoucine.com\/blog\/wp-content\/uploads\/2021\/09\/kent-pilcher-87MIF4vqHWg-unsplash-scaled.jpg","keywords":["alimentation","Nutrition","vitamines"],"articleSection":["Plantes &amp; Nutriments"],"inLanguage":"fr-FR","potentialAction":[{"@type":"CommentAction","name":"Comment","target":["https:\/\/www.medoucine.com\/blog\/faites-le-plein-de-vitamine-d-pour-une-bonne-immunite\/#respond"]}]},{"@type":"WebPage","@id":"https:\/\/www.medoucine.com\/blog\/faites-le-plein-de-vitamine-d-pour-une-bonne-immunite\/","url":"https:\/\/www.medoucine.com\/blog\/faites-le-plein-de-vitamine-d-pour-une-bonne-immunite\/","name":"Faites le plein de vitamine D pour une bonne immunit\u00e9","isPartOf":{"@id":"https:\/\/www.medoucine.com\/blog\/#website"},"primaryImageOfPage":{"@id":"https:\/\/www.medoucine.com\/blog\/faites-le-plein-de-vitamine-d-pour-une-bonne-immunite\/#primaryimage"},"image":{"@id":"https:\/\/www.medoucine.com\/blog\/faites-le-plein-de-vitamine-d-pour-une-bonne-immunite\/#primaryimage"},"thumbnailUrl":"https:\/\/www.medoucine.com\/blog\/wp-content\/uploads\/2021\/09\/kent-pilcher-87MIF4vqHWg-unsplash-scaled.jpg","datePublished":"2021-10-20T05:54:04+00:00","dateModified":"2026-04-08T16:37:51+00:00","description":"Faites le plein de vitamine D avec une suppl\u00e9mentation naturelle pour prendre soin de votre organisme et de votre bien-\u00eatre \u00e0 toutes les saisons !","breadcrumb":{"@id":"https:\/\/www.medoucine.com\/blog\/faites-le-plein-de-vitamine-d-pour-une-bonne-immunite\/#breadcrumb"},"inLanguage":"fr-FR","potentialAction":[{"@type":"ReadAction","target":["https:\/\/www.medoucine.com\/blog\/faites-le-plein-de-vitamine-d-pour-une-bonne-immunite\/"]}]},{"@type":"ImageObject","inLanguage":"fr-FR","@id":"https:\/\/www.medoucine.com\/blog\/faites-le-plein-de-vitamine-d-pour-une-bonne-immunite\/#primaryimage","url":"https:\/\/www.medoucine.com\/blog\/wp-content\/uploads\/2021\/09\/kent-pilcher-87MIF4vqHWg-unsplash-scaled.jpg","contentUrl":"https:\/\/www.medoucine.com\/blog\/wp-content\/uploads\/2021\/09\/kent-pilcher-87MIF4vqHWg-unsplash-scaled.jpg","width":2560,"height":1707},{"@type":"BreadcrumbList","@id":"https:\/\/www.medoucine.com\/blog\/faites-le-plein-de-vitamine-d-pour-une-bonne-immunite\/#breadcrumb","itemListElement":[{"@type":"ListItem","position":1,"name":"Blog Medoucine","item":"https:\/\/www.medoucine.com\/blog\/"},{"@type":"ListItem","position":2,"name":"Alimentation","item":"https:\/\/www.medoucine.com\/blog\/cat\/alimentation\/"},{"@type":"ListItem","position":3,"name":"Plantes &amp; Nutriments","item":"https:\/\/www.medoucine.com\/blog\/cat\/alimentation\/plantes-nutriments\/"},{"@type":"ListItem","position":4,"name":"Faites le plein de vitamine D pour une bonne immunit\u00e9"}]},{"@type":"WebSite","@id":"https:\/\/www.medoucine.com\/blog\/#website","url":"https:\/\/www.medoucine.com\/blog\/","name":"Blog de Medoucine","description":"Le blog des m\u00e9decines douces","publisher":{"@id":"https:\/\/www.medoucine.com\/blog\/#organization"},"potentialAction":[{"@type":"SearchAction","target":{"@type":"EntryPoint","urlTemplate":"https:\/\/www.medoucine.com\/blog\/?s={search_term_string}"},"query-input":{"@type":"PropertyValueSpecification","valueRequired":true,"valueName":"search_term_string"}}],"inLanguage":"fr-FR"},{"@type":"Organization","@id":"https:\/\/www.medoucine.com\/blog\/#organization","name":"Medoucine","url":"https:\/\/www.medoucine.com\/blog\/","logo":{"@type":"ImageObject","inLanguage":"fr-FR","@id":"https:\/\/www.medoucine.com\/blog\/#\/schema\/logo\/image\/","url":"https:\/\/www.medoucine.com\/blog\/wp-content\/uploads\/2019\/07\/logo@3x.png","contentUrl":"https:\/\/www.medoucine.com\/blog\/wp-content\/uploads\/2019\/07\/logo@3x.png","width":555,"height":135,"caption":"Medoucine"},"image":{"@id":"https:\/\/www.medoucine.com\/blog\/#\/schema\/logo\/image\/"},"sameAs":["https:\/\/www.facebook.com\/medoucine\/","https:\/\/x.com\/medoucinefr","https:\/\/www.instagram.com\/medoucine\/","https:\/\/www.youtube.com\/channel\/UCtZeUeJ_KebYK0KJAXjJV8g"]},{"@type":"Person","@id":"https:\/\/www.medoucine.com\/blog\/#\/schema\/person\/8cd1adb5a2b2a0794af64d89871f5c57","name":"Lucie Ribault","image":{"@type":"ImageObject","inLanguage":"fr-FR","@id":"https:\/\/www.medoucine.com\/blog\/#\/schema\/person\/image\/","url":"https:\/\/secure.gravatar.com\/avatar\/671f4129f00a78437ab2217fce0f13ba7a66208b4afcb92abc2e0f95515f88fd?s=96&d=mm&r=g","contentUrl":"https:\/\/secure.gravatar.com\/avatar\/671f4129f00a78437ab2217fce0f13ba7a66208b4afcb92abc2e0f95515f88fd?s=96&d=mm&r=g","caption":"Lucie Ribault"},"description":"Praticienne en naturopathie, phytoth\u00e9rapie, aromath\u00e9rapie, fleurs de Bach, phytembryoth\u00e9rapie, oligoth\u00e9rapie","sameAs":["https:\/\/www.medoucine.com\/consultation\/nantes\/lucie-ribault\/1137"],"url":"https:\/\/www.medoucine.com\/blog\/author\/lucie_ribault\/"}]}},"_links":{"self":[{"href":"https:\/\/www.medoucine.com\/blog\/wp-json\/wp\/v2\/posts\/19849","targetHints":{"allow":["GET"]}}],"collection":[{"href":"https:\/\/www.medoucine.com\/blog\/wp-json\/wp\/v2\/posts"}],"about":[{"href":"https:\/\/www.medoucine.com\/blog\/wp-json\/wp\/v2\/types\/post"}],"author":[{"embeddable":true,"href":"https:\/\/www.medoucine.com\/blog\/wp-json\/wp\/v2\/users\/222"}],"replies":[{"embeddable":true,"href":"https:\/\/www.medoucine.com\/blog\/wp-json\/wp\/v2\/comments?post=19849"}],"version-history":[{"count":8,"href":"https:\/\/www.medoucine.com\/blog\/wp-json\/wp\/v2\/posts\/19849\/revisions"}],"predecessor-version":[{"id":42653,"href":"https:\/\/www.medoucine.com\/blog\/wp-json\/wp\/v2\/posts\/19849\/revisions\/42653"}],"wp:featuredmedia":[{"embeddable":true,"href":"https:\/\/www.medoucine.com\/blog\/wp-json\/wp\/v2\/media\/20112"}],"wp:attachment":[{"href":"https:\/\/www.medoucine.com\/blog\/wp-json\/wp\/v2\/media?parent=19849"}],"wp:term":[{"taxonomy":"category","embeddable":true,"href":"https:\/\/www.medoucine.com\/blog\/wp-json\/wp\/v2\/categories?post=19849"},{"taxonomy":"post_tag","embeddable":true,"href":"https:\/\/www.medoucine.com\/blog\/wp-json\/wp\/v2\/tags?post=19849"}],"curies":[{"name":"wp","href":"https:\/\/api.w.org\/{rel}","templated":true}]}}