{"id":19673,"date":"2021-09-07T11:20:53","date_gmt":"2021-09-07T09:20:53","guid":{"rendered":"https:\/\/www.medoucine.com\/blog\/?p=19673"},"modified":"2026-04-08T18:39:02","modified_gmt":"2026-04-08T16:39:02","slug":"la-detox-emotionnelle-pour-atteindre-un-mieux-etre-durable","status":"publish","type":"post","link":"https:\/\/www.medoucine.com\/blog\/la-detox-emotionnelle-pour-atteindre-un-mieux-etre-durable\/","title":{"rendered":"La D\u00e9tox Emotionnelle pour atteindre un bien-\u00eatre durable"},"content":{"rendered":"<div class=\"wpb-content-wrapper\">[vc_row][vc_column][vc_column_text]\n<p class=\"has-drop-cap\">La p\u00e9riode que nous vivons actuellement, avec son lot de restrictions, d&rsquo;informations anxiog\u00e8nes et de contraintes sanitaires, constitue un terreau fertile sur lequel pullule <strong>une <a href=\"https:\/\/www.medoucine.com\/blog\/\/gerer-les-emotions-toxiques-grace-aux-chi-nei-tsang\/\" target=\"_blank\" rel=\"noopener noreferrer\">cat\u00e9gorie d&rsquo;\u00e9motions que l&rsquo;on peut consid\u00e9rer comme \u00ab\u00a0toxique\u00a0\u00bb<\/a><\/strong> : peurs, stress, anxi\u00e9t\u00e9, frustration, r\u00e9signation, perte de sens, sentiment de solitude et d&rsquo;ennui, d\u00e9tresse, pour n&rsquo;en citer qu&rsquo;un \u00e9chantillon, sont autant de coups de canif port\u00e9s \u00e0 notre sentiment de bien-\u00eatre.<\/p>\n<p><strong>Car se sont les \u00e9motions et sentiments que nous ressentons, plus encore que les circonstances ext\u00e9rieures, qui d\u00e9terminent en grande partie notre qualit\u00e9 de vie per\u00e7ue. <\/strong>Fort heureusement, malgr\u00e9 le contexte difficile, <strong>il demeure toujours possible d&rsquo;agir sur notre \u00e9quilibre \u00e9motionnel<\/strong> afin de r\u00e9alimenter notre sentiment de bien-\u00eatre global. Travailler sur notre int\u00e9riorit\u00e9 plut\u00f4t que sur notre ext\u00e9riorit\u00e9.<\/p>\n<p><strong>C&rsquo;est l&rsquo;objectif que poursuit la D\u00e9tox Emotionnelle avec ce perp\u00e9tuel souci de r\u00e9\u00e9quilibrer nos \u00e9motions pour aller vers un sentiment de mieux-\u00eatre durable et vertueux.<\/strong><\/p>\n<div>\n<h2>Tout est affaire d&rsquo;\u00e9nergie<\/h2>\n<\/div>\n<div>\n<p>Ce r\u00e9\u00e9quilibrage \u00e9motionnel s&rsquo;op\u00e8re de deux mani\u00e8res. Premi\u00e8rement en r\u00e9gulant les \u00e9motions dites \u00ab\u00a0toxiques\u00a0\u00bb, c&rsquo;est \u00e0 dire en abaissant les niveaux de stress et d&rsquo;anxi\u00e9t\u00e9 et en ramenant toute \u00e9motion perturbatrice \u00e0 un seuil non toxique. Deuxi\u00e8mement en cultivant intentionnellement des \u00e9motions \u00ab\u00a0antidotes\u00a0\u00bb qui vont r\u00e9\u00e9quilibrer la balance \u00e9motionnelle d&rsquo;une mani\u00e8re positive.<\/p>\n<p>Nous chercherons donc \u00e0 remonter les niveaux d&rsquo;enthousiasme, de s\u00e9r\u00e9nit\u00e9, de compl\u00e9tude, de confiance, de curiosit\u00e9, de motivation ainsi que tout sentiment vertueux qui dynamise et insuffle de l&rsquo;\u00e9nergie. Car <strong>tout est affaire d&rsquo;\u00e9nergie<\/strong>, les \u00e9motions \u00ab\u00a0toxiques\u00a0\u00bb siphonnant celle-ci et les \u00e9motions \u00ab\u00a0positives\u00a0\u00bb l&rsquo;alimentant comme le fleuve irrigue la for\u00eat.<\/p>\n<\/div>\n<div>\n<div class=\"m-spin\">\n<p class=\"m-spin__text\"><strong>Lib\u00e9rez vos \u00e9motions, retrouvez votre \u00e9quilibre.<\/strong><\/p>\n<p class=\"m-spin__text\">La d\u00e9tox \u00e9motionnelle vous aide \u00e0 identifier et \u00e0 lib\u00e9rer les \u00e9motions bloqu\u00e9es qui nuisent \u00e0 votre bien-\u00eatre. Prenez rendez-vous avec un <a class=\"m-spin__link\" target=\"_blank\" rel=\"noopener noreferrer\" href=\"https:\/\/www.medoucine.com\/consultations\/se-soigner\/sophrologie\/lyon\/tous-publics\/a-domicile-ou-cabinet?utm_source=medoucine_blog_B2C&amp;utm_medium=article_blog&amp;utm_campaign=spin_seo\">Sophrologue \u00e0 Lyon<\/a>, un <a class=\"m-spin__link\" target=\"_blank\" rel=\"noopener noreferrer\" href=\"https:\/\/www.medoucine.com\/consultations\/se-soigner\/sophrologie\/marseille\/tous-publics\/a-domicile-ou-cabinet?utm_source=medoucine_blog_B2C&amp;utm_medium=article_blog&amp;utm_campaign=spin_seo\">Sophrologue \u00e0 Marseille<\/a> ou un <a class=\"m-spin__link\" target=\"_blank\" rel=\"noopener noreferrer\" href=\"https:\/\/www.medoucine.com\/consultations\/se-soigner\/sophrologie\/nantes\/tous-publics\/a-domicile-ou-cabinet?utm_source=medoucine_blog_B2C&amp;utm_medium=article_blog&amp;utm_campaign=spin_seo\">Sophrologue \u00e0 Nantes<\/a> pour un accompagnement personnalis\u00e9.<\/p>\n<p class=\"m-spin__text\">Besoin d&rsquo;un soutien imm\u00e9diat ? Trouvez des <a class=\"m-spin__link\" target=\"_blank\" rel=\"noopener noreferrer\" href=\"https:\/\/www.medoucine.com\/consultations\/se-soigner\/sophrologie\/autour-de-moi?utm_source=medoucine_blog_B2C&amp;utm_medium=article_blog&amp;utm_campaign=spin_seo\">Sophrologues pr\u00e8s de chez vous<\/a> pour commencer votre chemin vers une vie \u00e9motionnellement plus sereine.<\/p>\n<\/div>\n<h2>R\u00e9guler &amp; cultiver : les 2 tableaux de la D\u00e9tox Emotionnelle<\/h2>\n<\/div>\n<div>\n<p>La D\u00e9tox \u00e9motionnelle se joue donc sur ces deux tableaux : d&rsquo;une part <strong>r\u00e9guler<\/strong>, d&rsquo;autre part <strong>cultiver<\/strong>. Dans cette recherche de r\u00e9gulation, il sera possible de <strong>mettre en place diverses strat\u00e9gies telles que l&rsquo;apaisement du syst\u00e8me nerveux autonome via la coh\u00e9rence cardiaque par exemple<\/strong>, laquelle stimule efficacement le syst\u00e8me parasympathique, formidable \u00ab\u00a0p\u00e9dale de frein\u00a0\u00bb en ce qui concerne les tensions, le stress et l&rsquo;anxi\u00e9t\u00e9. Egalement, il sera vertueux d&rsquo;<strong>induire une conscientisation de l&rsquo;\u00e9motion perturbatrice gr\u00e2ce \u00e0 une technique visant \u00e0 la verbaliser et la corr\u00e9ler au facteur d\u00e9clenchant<\/strong>.<\/p>\n<p>On pourra aussi, en parall\u00e8le, <strong>travailler \u00e0 diminuer notre charge mentale laquelle est la cause de nombreux d\u00e9s\u00e9quilibres \u00e9motionnels<\/strong>. Toujours dans cette optique de r\u00e9gulation, il sera \u00e9galement pertinent de se pr\u00e9munir de la fameuse contagion \u00e9motionnelle qui officie de mani\u00e8re insidieuse et que l&rsquo;on peut apprendre \u00e0 d\u00e9tecter pour s&rsquo;en prot\u00e9ger intelligemment.<\/p>\n<p>Quant au vagabondage mental qui nous fait osciller en permanence entre pass\u00e9 (r\u00e9tention) et futur (protention), consommant au passage de gigantesques ressources \u00e9nerg\u00e9tiques, on travaillera \u00e0 d\u00e9brayer le r\u00e9seau du mode par d\u00e9faut, le syst\u00e8me c\u00e9r\u00e9bral qui nous maintient esclave de cette oscillation et qui cr\u00e9\u00e9, outre les rumination mentales, beaucoup de toxicit\u00e9 \u00e9motionnelle. En parall\u00e8le de ces pistes, bien d&rsquo;autres strat\u00e9gie habiles et simples \u00e0 mettre en \u0153uvre sont \u00e0 notre disposition pour nous aider \u00e0 r\u00e9guler les \u00e9motions toxiques qui nous parasitent.<\/p>\n<\/div>\n<div><\/div>\n[\/vc_column_text][vc_cta h2=\u00a0\u00bb\u00a0\u00bb add_button=\u00a0\u00bbright\u00a0\u00bb btn_title=\u00a0\u00bbD\u00e9couvrir le programme\u00a0\u00bb btn_color=\u00a0\u00bbsandy-brown\u00a0\u00bb btn_link=\u00a0\u00bburl:https%3A%2F%2Fdetox-emotionnelle.psychologies.com%2Fprogramme-detox-emotionnelle-medoucine%2F|||\u00a0\u00bb]Vous avez besoin de travailler sur cette surcharge mentale ? <strong>D\u00e9couvrez <a href=\"https:\/\/detox-emotionnelle.psychologies.com\/programme-detox-emotionnelle-medoucine\/\">notre programme de Detox Emotionnelle<\/a><\/strong>. 21 jours pour r\u00e9\u00e9quilibrer vos \u00e9motions.[\/vc_cta][vc_column_text]\n<div>\n<h2>Les antidotes \u00e9motionnels<\/h2>\n<\/div>\n<div>\n<p>La seconde facette de la <a href=\"https:\/\/www.medoucine.com\/blog\/\/detox-emotionnelle-apprivoiser-nos-emotions-les-comprendre-et-les-liberer-avec-douceur\/\" target=\"_blank\" rel=\"noopener noreferrer\">D\u00e9tox Emotionnelle consiste \u00e0 <\/a><strong>cultiver des \u00ab\u00a0antidotes \u00e9motionnels\u00a0\u00bb tels que la d\u00e9tente, la confiance, la pl\u00e9nitude, l&rsquo;inspiration ainsi que tout sentiment et \u00e9motion qui rec\u00e8le une \u00e9nergie positive propre \u00e0 alimenter notre bien-\u00eatre global.<\/strong> Dans cette optique, il sera pertinent d&rsquo;activer plusieurs strat\u00e9gies simples dont on se souciera qu&rsquo;elles puissent \u00eatre ais\u00e9ment int\u00e9gr\u00e9es \u00e0 notre quotidien. Par exemple, en apprenant \u00e0 cr\u00e9er des bulles de bien-\u00eatre domestiques qui stimulent positivement nos sens, ou bien encore en soignant notre syst\u00e8me nerveux ent\u00e9rique afin que les 500 millions de neurones qui si\u00e8gent le long de notre tube digestif deviennent des alli\u00e9s de notre bien-\u00eatre.<\/p>\n<p>Toujours dans cette optique d&rsquo;<a href=\"https:\/\/www.medoucine.com\/blog\/\/se-connaitre-et-savoir-gerer-ses-emotions\/\" target=\"_blank\" rel=\"noopener noreferrer\"><strong>encourager l&rsquo;\u00e9mergence d&rsquo;\u00e9motions positives<\/strong><\/a>, il sera b\u00e9n\u00e9fique de cr\u00e9er des conditions propices \u00e0 un sommeil de qualit\u00e9, ceci afin de r\u00e9guler le taux de cortisol dans le sang, l&rsquo;hormone du stress, ainsi que la production de ghr\u00e9line, une hormone impliqu\u00e9e dans nos fringales et envies compulsives de malbouffe.<\/p>\n<p>Enfin, il s&rsquo;av\u00e8re \u00e9galement fort judicieux d&rsquo;<strong>alimenter les niveaux de confiance et d&rsquo;estime de soi afin d&rsquo;encourager l&rsquo;audace et la r\u00e9silience<\/strong>, cette derni\u00e8re \u00e9tant la capacit\u00e9 \u00e0 dig\u00e9rer les \u00e9checs. Pour ce faire, on capitalisera sur l&rsquo;aspect extensible de la zone de confort en cherchant donc \u00e0 repousser les limites de celle-ci. Gr\u00e2ce \u00e0 quelques strat\u00e9gies en ce sens, tout un chacun peut acqu\u00e9rir rapidement une confiance et une estime sup\u00e9rieure, autant d&rsquo;antidotes \u00e9motionnels vertueux qui r\u00e9\u00e9quilibrent notre balance interne, nous alimentent en \u00e9nergie et soignent nos \u00e9motions.<\/p>\n<h2>Reprendre le contr\u00f4le de notre int\u00e9riorit\u00e9<\/h2>\n<\/div>\n<div>\n<p><strong>La D\u00e9tox Emotionnelle se r\u00e9v\u00e8le \u00eatre une part essentielle de notre qualit\u00e9 de vie<\/strong> que nous avons h\u00e9las trop souvent tendance \u00e0 laisser de c\u00f4t\u00e9, ceci parce que nous pensons (\u00e0 tord) n&rsquo;avoir que peu de contr\u00f4le sur ce pan de notre int\u00e9riorit\u00e9, minorant ainsi l&rsquo;impact qu&rsquo;ont nos \u00e9motions et sentiments sur notre bien-\u00eatre. En apprenant tout \u00e0 la fois \u00e0 <strong>r\u00e9guler les \u00e9motions toxiques<\/strong> qui nous polluent au quotidien et, en parall\u00e8le, \u00e0 <strong>cultiver un riche panel d&rsquo;\u00e9motions positives<\/strong>, il nous est possible de <strong>retrouver un \u00e9quilibre \u00e9motionnel vertueux, une \u00e9nergie vitale au beau fixe<\/strong> ainsi qu&rsquo;une qualit\u00e9 de vie grandement am\u00e9lior\u00e9e. Et cela, sans avoir \u00e0 mettre en place de lourds protocoles difficiles \u00e0 int\u00e9grer, mais en proc\u00e9dant simplement \u00e0 d&rsquo;intelligents ajustements lesquels, mis bout \u00e0 bout, produisent un mieux-\u00eatre durable et de qualit\u00e9.<\/p>\n<\/div>\n<p>par <strong>Sean Luzi<\/strong>, auteur et conf\u00e9rencier en Intelligence \u00e9motionnelle.[\/vc_column_text][vc_cta h2=\u00a0\u00bb\u00a0\u00bb add_button=\u00a0\u00bbright\u00a0\u00bb btn_title=\u00a0\u00bbS&rsquo;inscrire au programme\u00a0\u00bb btn_color=\u00a0\u00bbsandy-brown\u00a0\u00bb btn_link=\u00a0\u00bburl:https%3A%2F%2Fdetox-emotionnelle.psychologies.com%2Fprogramme-detox-emotionnelle-medoucine%2F|||\u00a0\u00bb]Sean Luzi vous propose son<strong> programme de Detox Emotionnelle con\u00e7u en partenariat avec M\u00e9doucine et Psychologies Magazine.<\/strong> 21 jours pour r\u00e9guler vos \u00e9motions. Court, simple, efficace. <strong>Vous voulez en savoir plus ? <a href=\"https:\/\/detox-emotionnelle.psychologies.com\/programme-detox-emotionnelle-medoucine\/\">C&rsquo;est par ici !<\/a><\/strong>[\/vc_cta][\/vc_column][\/vc_row]\n<\/div>","protected":false},"excerpt":{"rendered":"<p>[vc_row][vc_column][vc_column_text] La p\u00e9riode que nous vivons actuellement, avec son lot de restrictions, d&rsquo;informations anxiog\u00e8nes et de contraintes sanitaires, constitue un terreau fertile sur lequel pullule une cat\u00e9gorie d&rsquo;\u00e9motions que l&rsquo;on peut consid\u00e9rer comme \u00ab\u00a0toxique\u00a0\u00bb : peurs, stress, anxi\u00e9t\u00e9, frustration, r\u00e9signation, perte de sens, sentiment de solitude et d&rsquo;ennui, d\u00e9tresse, pour n&rsquo;en citer qu&rsquo;un \u00e9chantillon, sont autant de coups de canif port\u00e9s \u00e0 notre sentiment de bien-\u00eatre. Car se sont les \u00e9motions et sentiments que nous ressentons, plus encore que les circonstances ext\u00e9rieures, qui d\u00e9terminent en grande partie notre qualit\u00e9 de vie per\u00e7ue. Fort heureusement, malgr\u00e9 le contexte difficile, il demeure toujours possible d&rsquo;agir sur notre \u00e9quilibre \u00e9motionnel afin de r\u00e9alimenter notre sentiment de bien-\u00eatre global. Travailler sur notre int\u00e9riorit\u00e9 plut\u00f4t que sur notre ext\u00e9riorit\u00e9. C&rsquo;est l&rsquo;objectif que poursuit la D\u00e9tox Emotionnelle avec ce perp\u00e9tuel souci [&hellip;]<\/p>\n","protected":false},"author":995,"featured_media":19679,"comment_status":"open","ping_status":"open","sticky":false,"template":"","format":"standard","meta":{"_acf_changed":false,"footnotes":""},"categories":[101],"tags":[512,323,171],"class_list":["post-19673","post","type-post","status-publish","format-standard","has-post-thumbnail","hentry","category-psycho","tag-detox-emotionnelle","tag-emotions","tag-psychologie"],"acf":[],"yoast_head":"<!-- This site is optimized with the Yoast SEO plugin v27.1.1 - https:\/\/yoast.com\/product\/yoast-seo-wordpress\/ -->\n<title>La D\u00e9tox Emotionnelle pour atteindre un bien-\u00eatre durable<\/title>\n<meta name=\"description\" content=\"En travaillant sur notre int\u00e9riorit\u00e9, la D\u00e9tox Emotionnelle chasse nos \u00e9motions toxiques pour nous permettre d&#039;aller vers un mieux-\u00eatre vertueux.\" \/>\n<meta name=\"robots\" content=\"index, follow, max-snippet:-1, max-image-preview:large, max-video-preview:-1\" \/>\n<link rel=\"canonical\" href=\"https:\/\/www.medoucine.com\/blog\/la-detox-emotionnelle-pour-atteindre-un-mieux-etre-durable\/\" \/>\n<meta property=\"og:locale\" content=\"fr_FR\" \/>\n<meta property=\"og:type\" content=\"article\" \/>\n<meta property=\"og:title\" content=\"La D\u00e9tox Emotionnelle pour atteindre un bien-\u00eatre durable\" \/>\n<meta property=\"og:description\" content=\"En travaillant sur notre int\u00e9riorit\u00e9, la D\u00e9tox Emotionnelle chasse nos \u00e9motions toxiques pour nous permettre d&#039;aller vers un mieux-\u00eatre vertueux.\" \/>\n<meta property=\"og:url\" content=\"https:\/\/www.medoucine.com\/blog\/la-detox-emotionnelle-pour-atteindre-un-mieux-etre-durable\/\" \/>\n<meta property=\"og:site_name\" content=\"Blog de Medoucine\" \/>\n<meta property=\"article:publisher\" content=\"https:\/\/www.facebook.com\/medoucine\/\" \/>\n<meta property=\"article:published_time\" content=\"2021-09-07T09:20:53+00:00\" \/>\n<meta property=\"article:modified_time\" content=\"2026-04-08T16:39:02+00:00\" \/>\n<meta property=\"og:image\" content=\"https:\/\/www.medoucine.com\/blog\/wp-content\/uploads\/2021\/09\/pexels-matthias-cooper-1062280.jpg\" \/>\n\t<meta property=\"og:image:width\" content=\"1280\" \/>\n\t<meta property=\"og:image:height\" content=\"853\" \/>\n\t<meta property=\"og:image:type\" content=\"image\/jpeg\" \/>\n<meta name=\"author\" content=\"Camille De M\u00e9doucine\" \/>\n<meta name=\"twitter:card\" content=\"summary_large_image\" \/>\n<meta name=\"twitter:creator\" content=\"@medoucinefr\" \/>\n<meta name=\"twitter:site\" content=\"@medoucinefr\" \/>\n<meta name=\"twitter:label1\" content=\"\u00c9crit par\" \/>\n\t<meta name=\"twitter:data1\" content=\"Camille De M\u00e9doucine\" \/>\n\t<meta name=\"twitter:label2\" content=\"Dur\u00e9e de lecture estim\u00e9e\" \/>\n\t<meta name=\"twitter:data2\" content=\"6 minutes\" \/>\n<script type=\"application\/ld+json\" class=\"yoast-schema-graph\">{\"@context\":\"https:\/\/schema.org\",\"@graph\":[{\"@type\":\"Article\",\"@id\":\"https:\/\/www.medoucine.com\/blog\/la-detox-emotionnelle-pour-atteindre-un-mieux-etre-durable\/#article\",\"isPartOf\":{\"@id\":\"https:\/\/www.medoucine.com\/blog\/la-detox-emotionnelle-pour-atteindre-un-mieux-etre-durable\/\"},\"author\":{\"name\":\"Camille De M\u00e9doucine\",\"@id\":\"https:\/\/www.medoucine.com\/blog\/#\/schema\/person\/33963211205d80beccb805396c175b47\"},\"headline\":\"La D\u00e9tox Emotionnelle pour atteindre un bien-\u00eatre durable\",\"datePublished\":\"2021-09-07T09:20:53+00:00\",\"dateModified\":\"2026-04-08T16:39:02+00:00\",\"mainEntityOfPage\":{\"@id\":\"https:\/\/www.medoucine.com\/blog\/la-detox-emotionnelle-pour-atteindre-un-mieux-etre-durable\/\"},\"wordCount\":1232,\"commentCount\":1,\"publisher\":{\"@id\":\"https:\/\/www.medoucine.com\/blog\/#organization\"},\"image\":{\"@id\":\"https:\/\/www.medoucine.com\/blog\/la-detox-emotionnelle-pour-atteindre-un-mieux-etre-durable\/#primaryimage\"},\"thumbnailUrl\":\"https:\/\/www.medoucine.com\/blog\/wp-content\/uploads\/2021\/09\/pexels-matthias-cooper-1062280.jpg\",\"keywords\":[\"d\u00e9tox \u00e9motionnelle\",\"\u00e9motions\",\"Psychologie\"],\"articleSection\":[\"Psycho\"],\"inLanguage\":\"fr-FR\",\"potentialAction\":[{\"@type\":\"CommentAction\",\"name\":\"Comment\",\"target\":[\"https:\/\/www.medoucine.com\/blog\/la-detox-emotionnelle-pour-atteindre-un-mieux-etre-durable\/#respond\"]}]},{\"@type\":\"WebPage\",\"@id\":\"https:\/\/www.medoucine.com\/blog\/la-detox-emotionnelle-pour-atteindre-un-mieux-etre-durable\/\",\"url\":\"https:\/\/www.medoucine.com\/blog\/la-detox-emotionnelle-pour-atteindre-un-mieux-etre-durable\/\",\"name\":\"La D\u00e9tox Emotionnelle pour atteindre un bien-\u00eatre durable\",\"isPartOf\":{\"@id\":\"https:\/\/www.medoucine.com\/blog\/#website\"},\"primaryImageOfPage\":{\"@id\":\"https:\/\/www.medoucine.com\/blog\/la-detox-emotionnelle-pour-atteindre-un-mieux-etre-durable\/#primaryimage\"},\"image\":{\"@id\":\"https:\/\/www.medoucine.com\/blog\/la-detox-emotionnelle-pour-atteindre-un-mieux-etre-durable\/#primaryimage\"},\"thumbnailUrl\":\"https:\/\/www.medoucine.com\/blog\/wp-content\/uploads\/2021\/09\/pexels-matthias-cooper-1062280.jpg\",\"datePublished\":\"2021-09-07T09:20:53+00:00\",\"dateModified\":\"2026-04-08T16:39:02+00:00\",\"description\":\"En travaillant sur notre int\u00e9riorit\u00e9, la D\u00e9tox Emotionnelle chasse nos \u00e9motions toxiques pour nous permettre d'aller vers un mieux-\u00eatre vertueux.\",\"breadcrumb\":{\"@id\":\"https:\/\/www.medoucine.com\/blog\/la-detox-emotionnelle-pour-atteindre-un-mieux-etre-durable\/#breadcrumb\"},\"inLanguage\":\"fr-FR\",\"potentialAction\":[{\"@type\":\"ReadAction\",\"target\":[\"https:\/\/www.medoucine.com\/blog\/la-detox-emotionnelle-pour-atteindre-un-mieux-etre-durable\/\"]}]},{\"@type\":\"ImageObject\",\"inLanguage\":\"fr-FR\",\"@id\":\"https:\/\/www.medoucine.com\/blog\/la-detox-emotionnelle-pour-atteindre-un-mieux-etre-durable\/#primaryimage\",\"url\":\"https:\/\/www.medoucine.com\/blog\/wp-content\/uploads\/2021\/09\/pexels-matthias-cooper-1062280.jpg\",\"contentUrl\":\"https:\/\/www.medoucine.com\/blog\/wp-content\/uploads\/2021\/09\/pexels-matthias-cooper-1062280.jpg\",\"width\":1280,\"height\":853,\"caption\":\"Conna\u00eetre la d\u00e9tox \u00e9motionnelle pour atteindre le mieux-\u00eatre.\"},{\"@type\":\"BreadcrumbList\",\"@id\":\"https:\/\/www.medoucine.com\/blog\/la-detox-emotionnelle-pour-atteindre-un-mieux-etre-durable\/#breadcrumb\",\"itemListElement\":[{\"@type\":\"ListItem\",\"position\":1,\"name\":\"Blog Medoucine\",\"item\":\"https:\/\/www.medoucine.com\/blog\/\"},{\"@type\":\"ListItem\",\"position\":2,\"name\":\"Psycho\",\"item\":\"https:\/\/www.medoucine.com\/blog\/cat\/psycho\/\"},{\"@type\":\"ListItem\",\"position\":3,\"name\":\"La D\u00e9tox Emotionnelle pour atteindre un bien-\u00eatre durable\"}]},{\"@type\":\"WebSite\",\"@id\":\"https:\/\/www.medoucine.com\/blog\/#website\",\"url\":\"https:\/\/www.medoucine.com\/blog\/\",\"name\":\"Blog de Medoucine\",\"description\":\"Le blog des m\u00e9decines douces\",\"publisher\":{\"@id\":\"https:\/\/www.medoucine.com\/blog\/#organization\"},\"potentialAction\":[{\"@type\":\"SearchAction\",\"target\":{\"@type\":\"EntryPoint\",\"urlTemplate\":\"https:\/\/www.medoucine.com\/blog\/?s={search_term_string}\"},\"query-input\":{\"@type\":\"PropertyValueSpecification\",\"valueRequired\":true,\"valueName\":\"search_term_string\"}}],\"inLanguage\":\"fr-FR\"},{\"@type\":\"Organization\",\"@id\":\"https:\/\/www.medoucine.com\/blog\/#organization\",\"name\":\"Medoucine\",\"url\":\"https:\/\/www.medoucine.com\/blog\/\",\"logo\":{\"@type\":\"ImageObject\",\"inLanguage\":\"fr-FR\",\"@id\":\"https:\/\/www.medoucine.com\/blog\/#\/schema\/logo\/image\/\",\"url\":\"https:\/\/www.medoucine.com\/blog\/wp-content\/uploads\/2019\/07\/logo@3x.png\",\"contentUrl\":\"https:\/\/www.medoucine.com\/blog\/wp-content\/uploads\/2019\/07\/logo@3x.png\",\"width\":555,\"height\":135,\"caption\":\"Medoucine\"},\"image\":{\"@id\":\"https:\/\/www.medoucine.com\/blog\/#\/schema\/logo\/image\/\"},\"sameAs\":[\"https:\/\/www.facebook.com\/medoucine\/\",\"https:\/\/x.com\/medoucinefr\",\"https:\/\/www.instagram.com\/medoucine\/\",\"https:\/\/www.youtube.com\/channel\/UCtZeUeJ_KebYK0KJAXjJV8g\"]},{\"@type\":\"Person\",\"@id\":\"https:\/\/www.medoucine.com\/blog\/#\/schema\/person\/33963211205d80beccb805396c175b47\",\"name\":\"Camille De M\u00e9doucine\",\"image\":{\"@type\":\"ImageObject\",\"inLanguage\":\"fr-FR\",\"@id\":\"https:\/\/www.medoucine.com\/blog\/#\/schema\/person\/image\/\",\"url\":\"https:\/\/secure.gravatar.com\/avatar\/c2299bbd846dad9bdc700ac2bc1f7d7f7698bebee70f9ac01014ce232478ddab?s=96&d=mm&r=g\",\"contentUrl\":\"https:\/\/secure.gravatar.com\/avatar\/c2299bbd846dad9bdc700ac2bc1f7d7f7698bebee70f9ac01014ce232478ddab?s=96&d=mm&r=g\",\"caption\":\"Camille De M\u00e9doucine\"},\"description\":\"Je suis Camille, coordinatrice de la communaut\u00e9 M\u00e9doucine. Mon r\u00f4le ? Faire le lien entre les praticiens de notre r\u00e9seau et vous, lecteurs en qu\u00eate de bien-\u00eatre. J'accompagne au quotidien les th\u00e9rapeutes dans leur d\u00e9veloppement digital et les aide \u00e0 se faire conna\u00eetre localement. \u00c0 travers mes articles, je partage des conseils pratiques, des t\u00e9moignages inspirants et des \u00e9clairages sur les pratiques compl\u00e9mentaires. Mon objectif : rendre l'univers du bien-\u00eatre accessible, transparent et humain. J'aime explorer la diversit\u00e9 des approches et mettre en lumi\u00e8re ce qui rend chaque praticien unique. Passionn\u00e9e par la cr\u00e9ation de contenu et l'animation de communaut\u00e9, je m'engage chaque jour \u00e0 valoriser l'expertise de ceux qui prennent soin de vous.\",\"sameAs\":[\"https:\/\/www.linkedin.com\/in\/camille-de-m%C3%A9doucine-055173176\/\"],\"url\":\"https:\/\/www.medoucine.com\/blog\/author\/camille_medoucine\/\"}]}<\/script>\n<!-- \/ Yoast SEO plugin. -->","yoast_head_json":{"title":"La D\u00e9tox Emotionnelle pour atteindre un bien-\u00eatre durable","description":"En travaillant sur notre int\u00e9riorit\u00e9, la D\u00e9tox Emotionnelle chasse nos \u00e9motions toxiques pour nous permettre d'aller vers un mieux-\u00eatre vertueux.","robots":{"index":"index","follow":"follow","max-snippet":"max-snippet:-1","max-image-preview":"max-image-preview:large","max-video-preview":"max-video-preview:-1"},"canonical":"https:\/\/www.medoucine.com\/blog\/la-detox-emotionnelle-pour-atteindre-un-mieux-etre-durable\/","og_locale":"fr_FR","og_type":"article","og_title":"La D\u00e9tox Emotionnelle pour atteindre un bien-\u00eatre durable","og_description":"En travaillant sur notre int\u00e9riorit\u00e9, la D\u00e9tox Emotionnelle chasse nos \u00e9motions toxiques pour nous permettre d'aller vers un mieux-\u00eatre vertueux.","og_url":"https:\/\/www.medoucine.com\/blog\/la-detox-emotionnelle-pour-atteindre-un-mieux-etre-durable\/","og_site_name":"Blog de Medoucine","article_publisher":"https:\/\/www.facebook.com\/medoucine\/","article_published_time":"2021-09-07T09:20:53+00:00","article_modified_time":"2026-04-08T16:39:02+00:00","og_image":[{"width":1280,"height":853,"url":"https:\/\/www.medoucine.com\/blog\/wp-content\/uploads\/2021\/09\/pexels-matthias-cooper-1062280.jpg","type":"image\/jpeg"}],"author":"Camille De M\u00e9doucine","twitter_card":"summary_large_image","twitter_creator":"@medoucinefr","twitter_site":"@medoucinefr","twitter_misc":{"\u00c9crit par":"Camille De M\u00e9doucine","Dur\u00e9e de lecture estim\u00e9e":"6 minutes"},"schema":{"@context":"https:\/\/schema.org","@graph":[{"@type":"Article","@id":"https:\/\/www.medoucine.com\/blog\/la-detox-emotionnelle-pour-atteindre-un-mieux-etre-durable\/#article","isPartOf":{"@id":"https:\/\/www.medoucine.com\/blog\/la-detox-emotionnelle-pour-atteindre-un-mieux-etre-durable\/"},"author":{"name":"Camille De M\u00e9doucine","@id":"https:\/\/www.medoucine.com\/blog\/#\/schema\/person\/33963211205d80beccb805396c175b47"},"headline":"La D\u00e9tox Emotionnelle pour atteindre un bien-\u00eatre durable","datePublished":"2021-09-07T09:20:53+00:00","dateModified":"2026-04-08T16:39:02+00:00","mainEntityOfPage":{"@id":"https:\/\/www.medoucine.com\/blog\/la-detox-emotionnelle-pour-atteindre-un-mieux-etre-durable\/"},"wordCount":1232,"commentCount":1,"publisher":{"@id":"https:\/\/www.medoucine.com\/blog\/#organization"},"image":{"@id":"https:\/\/www.medoucine.com\/blog\/la-detox-emotionnelle-pour-atteindre-un-mieux-etre-durable\/#primaryimage"},"thumbnailUrl":"https:\/\/www.medoucine.com\/blog\/wp-content\/uploads\/2021\/09\/pexels-matthias-cooper-1062280.jpg","keywords":["d\u00e9tox \u00e9motionnelle","\u00e9motions","Psychologie"],"articleSection":["Psycho"],"inLanguage":"fr-FR","potentialAction":[{"@type":"CommentAction","name":"Comment","target":["https:\/\/www.medoucine.com\/blog\/la-detox-emotionnelle-pour-atteindre-un-mieux-etre-durable\/#respond"]}]},{"@type":"WebPage","@id":"https:\/\/www.medoucine.com\/blog\/la-detox-emotionnelle-pour-atteindre-un-mieux-etre-durable\/","url":"https:\/\/www.medoucine.com\/blog\/la-detox-emotionnelle-pour-atteindre-un-mieux-etre-durable\/","name":"La D\u00e9tox Emotionnelle pour atteindre un bien-\u00eatre durable","isPartOf":{"@id":"https:\/\/www.medoucine.com\/blog\/#website"},"primaryImageOfPage":{"@id":"https:\/\/www.medoucine.com\/blog\/la-detox-emotionnelle-pour-atteindre-un-mieux-etre-durable\/#primaryimage"},"image":{"@id":"https:\/\/www.medoucine.com\/blog\/la-detox-emotionnelle-pour-atteindre-un-mieux-etre-durable\/#primaryimage"},"thumbnailUrl":"https:\/\/www.medoucine.com\/blog\/wp-content\/uploads\/2021\/09\/pexels-matthias-cooper-1062280.jpg","datePublished":"2021-09-07T09:20:53+00:00","dateModified":"2026-04-08T16:39:02+00:00","description":"En travaillant sur notre int\u00e9riorit\u00e9, la D\u00e9tox Emotionnelle chasse nos \u00e9motions toxiques pour nous permettre d'aller vers un mieux-\u00eatre vertueux.","breadcrumb":{"@id":"https:\/\/www.medoucine.com\/blog\/la-detox-emotionnelle-pour-atteindre-un-mieux-etre-durable\/#breadcrumb"},"inLanguage":"fr-FR","potentialAction":[{"@type":"ReadAction","target":["https:\/\/www.medoucine.com\/blog\/la-detox-emotionnelle-pour-atteindre-un-mieux-etre-durable\/"]}]},{"@type":"ImageObject","inLanguage":"fr-FR","@id":"https:\/\/www.medoucine.com\/blog\/la-detox-emotionnelle-pour-atteindre-un-mieux-etre-durable\/#primaryimage","url":"https:\/\/www.medoucine.com\/blog\/wp-content\/uploads\/2021\/09\/pexels-matthias-cooper-1062280.jpg","contentUrl":"https:\/\/www.medoucine.com\/blog\/wp-content\/uploads\/2021\/09\/pexels-matthias-cooper-1062280.jpg","width":1280,"height":853,"caption":"Conna\u00eetre la d\u00e9tox \u00e9motionnelle pour atteindre le mieux-\u00eatre."},{"@type":"BreadcrumbList","@id":"https:\/\/www.medoucine.com\/blog\/la-detox-emotionnelle-pour-atteindre-un-mieux-etre-durable\/#breadcrumb","itemListElement":[{"@type":"ListItem","position":1,"name":"Blog Medoucine","item":"https:\/\/www.medoucine.com\/blog\/"},{"@type":"ListItem","position":2,"name":"Psycho","item":"https:\/\/www.medoucine.com\/blog\/cat\/psycho\/"},{"@type":"ListItem","position":3,"name":"La D\u00e9tox Emotionnelle pour atteindre un bien-\u00eatre durable"}]},{"@type":"WebSite","@id":"https:\/\/www.medoucine.com\/blog\/#website","url":"https:\/\/www.medoucine.com\/blog\/","name":"Blog de Medoucine","description":"Le blog des m\u00e9decines douces","publisher":{"@id":"https:\/\/www.medoucine.com\/blog\/#organization"},"potentialAction":[{"@type":"SearchAction","target":{"@type":"EntryPoint","urlTemplate":"https:\/\/www.medoucine.com\/blog\/?s={search_term_string}"},"query-input":{"@type":"PropertyValueSpecification","valueRequired":true,"valueName":"search_term_string"}}],"inLanguage":"fr-FR"},{"@type":"Organization","@id":"https:\/\/www.medoucine.com\/blog\/#organization","name":"Medoucine","url":"https:\/\/www.medoucine.com\/blog\/","logo":{"@type":"ImageObject","inLanguage":"fr-FR","@id":"https:\/\/www.medoucine.com\/blog\/#\/schema\/logo\/image\/","url":"https:\/\/www.medoucine.com\/blog\/wp-content\/uploads\/2019\/07\/logo@3x.png","contentUrl":"https:\/\/www.medoucine.com\/blog\/wp-content\/uploads\/2019\/07\/logo@3x.png","width":555,"height":135,"caption":"Medoucine"},"image":{"@id":"https:\/\/www.medoucine.com\/blog\/#\/schema\/logo\/image\/"},"sameAs":["https:\/\/www.facebook.com\/medoucine\/","https:\/\/x.com\/medoucinefr","https:\/\/www.instagram.com\/medoucine\/","https:\/\/www.youtube.com\/channel\/UCtZeUeJ_KebYK0KJAXjJV8g"]},{"@type":"Person","@id":"https:\/\/www.medoucine.com\/blog\/#\/schema\/person\/33963211205d80beccb805396c175b47","name":"Camille De M\u00e9doucine","image":{"@type":"ImageObject","inLanguage":"fr-FR","@id":"https:\/\/www.medoucine.com\/blog\/#\/schema\/person\/image\/","url":"https:\/\/secure.gravatar.com\/avatar\/c2299bbd846dad9bdc700ac2bc1f7d7f7698bebee70f9ac01014ce232478ddab?s=96&d=mm&r=g","contentUrl":"https:\/\/secure.gravatar.com\/avatar\/c2299bbd846dad9bdc700ac2bc1f7d7f7698bebee70f9ac01014ce232478ddab?s=96&d=mm&r=g","caption":"Camille De M\u00e9doucine"},"description":"Je suis Camille, coordinatrice de la communaut\u00e9 M\u00e9doucine. Mon r\u00f4le ? Faire le lien entre les praticiens de notre r\u00e9seau et vous, lecteurs en qu\u00eate de bien-\u00eatre. J'accompagne au quotidien les th\u00e9rapeutes dans leur d\u00e9veloppement digital et les aide \u00e0 se faire conna\u00eetre localement. \u00c0 travers mes articles, je partage des conseils pratiques, des t\u00e9moignages inspirants et des \u00e9clairages sur les pratiques compl\u00e9mentaires. Mon objectif : rendre l'univers du bien-\u00eatre accessible, transparent et humain. J'aime explorer la diversit\u00e9 des approches et mettre en lumi\u00e8re ce qui rend chaque praticien unique. Passionn\u00e9e par la cr\u00e9ation de contenu et l'animation de communaut\u00e9, je m'engage chaque jour \u00e0 valoriser l'expertise de ceux qui prennent soin de vous.","sameAs":["https:\/\/www.linkedin.com\/in\/camille-de-m%C3%A9doucine-055173176\/"],"url":"https:\/\/www.medoucine.com\/blog\/author\/camille_medoucine\/"}]}},"_links":{"self":[{"href":"https:\/\/www.medoucine.com\/blog\/wp-json\/wp\/v2\/posts\/19673","targetHints":{"allow":["GET"]}}],"collection":[{"href":"https:\/\/www.medoucine.com\/blog\/wp-json\/wp\/v2\/posts"}],"about":[{"href":"https:\/\/www.medoucine.com\/blog\/wp-json\/wp\/v2\/types\/post"}],"author":[{"embeddable":true,"href":"https:\/\/www.medoucine.com\/blog\/wp-json\/wp\/v2\/users\/995"}],"replies":[{"embeddable":true,"href":"https:\/\/www.medoucine.com\/blog\/wp-json\/wp\/v2\/comments?post=19673"}],"version-history":[{"count":15,"href":"https:\/\/www.medoucine.com\/blog\/wp-json\/wp\/v2\/posts\/19673\/revisions"}],"predecessor-version":[{"id":42676,"href":"https:\/\/www.medoucine.com\/blog\/wp-json\/wp\/v2\/posts\/19673\/revisions\/42676"}],"wp:featuredmedia":[{"embeddable":true,"href":"https:\/\/www.medoucine.com\/blog\/wp-json\/wp\/v2\/media\/19679"}],"wp:attachment":[{"href":"https:\/\/www.medoucine.com\/blog\/wp-json\/wp\/v2\/media?parent=19673"}],"wp:term":[{"taxonomy":"category","embeddable":true,"href":"https:\/\/www.medoucine.com\/blog\/wp-json\/wp\/v2\/categories?post=19673"},{"taxonomy":"post_tag","embeddable":true,"href":"https:\/\/www.medoucine.com\/blog\/wp-json\/wp\/v2\/tags?post=19673"}],"curies":[{"name":"wp","href":"https:\/\/api.w.org\/{rel}","templated":true}]}}