{"id":19542,"date":"2021-09-06T17:57:22","date_gmt":"2021-09-06T15:57:22","guid":{"rendered":"https:\/\/www.medoucine.com\/blog\/?p=19542"},"modified":"2026-04-08T18:39:08","modified_gmt":"2026-04-08T16:39:08","slug":"etre-ultrasensible-n-est-pas-une-maladie-stop-aux-souffrances","status":"publish","type":"post","link":"https:\/\/www.medoucine.com\/blog\/etre-ultrasensible-n-est-pas-une-maladie-stop-aux-souffrances\/","title":{"rendered":"Ultrasensible ? Ce n&rsquo;est pas une maladie : stop aux souffrances"},"content":{"rendered":"<p class=\"has-drop-cap\"><b>Ultrasensibilit\u00e9 ? Qu\u00e8s aco ? <\/b>(Qu&rsquo;est-ce donc ?). Si vous vous sentez ultrasensible, sachez que ce n&rsquo;est pas une maladie et d\u00eetes stop \u00e0 vos souffrances.<br \/>\nAutant vous le dire tout de suite : je suis ultra-sensible. Je suis th\u00e9rapeute sophrologue cayc\u00e9dienne et je me suis engag\u00e9e \u00e0 \u00e9crire un article sur l\u2019ultrasensibit\u00e9.<\/p>\n<p>Bien s\u00fbr que tous les \u00eatres humains sont sensibles. Plus ou moins. Et vous le devinez, les ultra-sensibles sont du c\u00f4t\u00e9 plus sensible que la moyenne.<br \/>\nBien s\u00fbr aussi, le sujet de la sensibilit\u00e9 n\u2019est pas nouveau. Ce qui l\u2019est, ce sont les recherches neurologiques qui ont avanc\u00e9 et commenc\u00e9 \u00e0 donner des explications physiologiques expliquant ce v\u00e9cu particulier. Et c\u2019est passionnant&#8230;<\/p>\n<h2><b>Ultrasensible : <\/b>par o\u00f9 commencer pour en finir avec les souffrances ?<\/h2>\n<p>Voil\u00e0 bien le propre d\u2019une ultrasensible\u2026 J\u2019ai eu envie d\u2019\u00e9crire cet article et maintenant que je suis devant mon ordinateur tout est clair dans ma t\u00eate. Mais si je pouvais vous pr\u00e9senter un arbre avec toutes les ramifications pour vous dessiner l\u2019ultra-sensibilit\u00e9, ses c\u00f4t\u00e9s p\u00e9nibles et ses c\u00f4t\u00e9s merveilleux, cela serait plus simple pour moi. Parce qu\u2019\u00e0 la fois je tiens \u00e0 ce que mon article soit s\u00e9rieux et qu\u2019il vous plaise. Comme tout le monde, me direz-vous. Sauf que l\u2019intensit\u00e9 vis \u00e0 vis de tout est un peu plus grande dans ma perception&#8230;<\/p>\n<div style=\"width: 694px\" class=\"wp-caption aligncenter\"><img loading=\"lazy\" decoding=\"async\" class=\"\" src=\"https:\/\/www.medoucine.com\/blog\/\/wp-content\/uploads\/2021\/09\/pexels-masha-raymers-5012925.jpg\" alt=\"Ultrasensible ? Ce n'est pas une maladie, stop au ras-le-bol des souffrances\" width=\"684\" height=\"456\" \/><p class=\"wp-caption-text\">Pexels<\/p><\/div>\n<p><b>Comprendre qu&rsquo;\u00eatre ultrasensible n\u2019est pas une maladie mais un ensemble de diff\u00e9rences neurologiques qui ne concernent pas uniquement la sensibilit\u00e9.<\/b><\/p>\n<p>Cette notion d\u2019ultrasensibilit\u00e9 nous vient des \u00c9tats-Unis. D\u2019une psychologue clinicienne, Elaine Aron\u00b9 qui a d\u00e9crit les traits principaux d\u00e9finissant un cadre \u00e0 cet \u00e9tat \u00e9motionnel. Aujourd\u2019hui, les recherches se poursuivent aux \u00c9tats-Unis, en Chine, au Japon, en Allemagne, en Belgique, en Italie et en Inde. Je n\u2019emploie pas ici le terme \u201chypersensible\u201d pour \u00e9viter toute confusion avec les troubles mentaux. Les Anglo-Saxons emploient le terme \u201chyper-sensitivity\u201d pour des troubles trait\u00e9s en psychiatrie et Sensory Processing Sensitivity (SPS) pour d\u00e9crire les points communs de ceux qu\u2019ils nomment \u201cHighly Sensitive Persons\u201d. Afin d&rsquo;enlever toute confusion, je pr\u00e9f\u00e8re suivre leur exemple et \u00e9voquer\u00a0 les \u201cSensory Processing Sensitive\u201d&#8230; ou plus simplement les ultrasensibles. Mais vous trouverez plein d\u2019articles dans la presse ou dans des blogs de d\u00e9veloppement personnel sur les hypersensibles, \u00ab\u00a0mes\u00a0\u00bb ultrasensibles.<\/p>\n<div class=\"m-spin\">\n<p class=\"m-spin__text\"><strong>Ultrasensible ? Retrouvez calme et s\u00e9r\u00e9nit\u00e9<\/strong><\/p>\n<p class=\"m-spin__text\">L&rsquo;hypersensibilit\u00e9 est une particularit\u00e9, pas une faiblesse. Prenez rendez-vous avec un <a class=\"m-spin__link\" target=\"_blank\" rel=\"noopener noreferrer\" href=\"https:\/\/www.medoucine.com\/consultations\/se-soigner\/sophrologie-caycedienne\/paris\/tous-publics\/a-domicile-ou-cabinet?utm_source=medoucine_blog_B2C&amp;utm_medium=article_blog&amp;utm_campaign=spin_seo\">Sophrologue Cayc\u00e9dien \u00e0 Paris<\/a>, un <a class=\"m-spin__link\" target=\"_blank\" rel=\"noopener noreferrer\" href=\"https:\/\/www.medoucine.com\/consultations\/se-soigner\/sophrologie-caycedienne\/strasbourg\/tous-publics\/a-domicile-ou-cabinet?utm_source=medoucine_blog_B2C&amp;utm_medium=article_blog&amp;utm_campaign=spin_seo\">Sophrologue Cayc\u00e9dien \u00e0 Strasbourg<\/a> ou un <a class=\"m-spin__link\" target=\"_blank\" rel=\"noopener noreferrer\" href=\"https:\/\/www.medoucine.com\/consultations\/se-soigner\/sophrologie-caycedienne\/toulouse\/tous-publics\/a-domicile-ou-cabinet?utm_source=medoucine_blog_B2C&amp;utm_medium=article_blog&amp;utm_campaign=spin_seo\">Sophrologue Cayc\u00e9dien \u00e0 Toulouse<\/a> pour apprendre \u00e0 g\u00e9rer vos \u00e9motions et \u00e0 vous \u00e9panouir.<\/p>\n<p class=\"m-spin__text\">Lib\u00e9rez-vous des tensions et retrouvez un \u00e9quilibre durable gr\u00e2ce \u00e0 des <a class=\"m-spin__link\" target=\"_blank\" rel=\"noopener noreferrer\" href=\"https:\/\/www.medoucine.com\/consultations\/se-soigner\/sophrologie-caycedienne\/autour-de-moi?utm_source=medoucine_blog_B2C&amp;utm_medium=article_blog&amp;utm_campaign=spin_seo\">Sophrologues Cayc\u00e9dien pr\u00e8s de chez vous<\/a> qualifi\u00e9s et \u00e0 l&rsquo;\u00e9coute.<\/p>\n<\/div>\n<h2><b>Le cerveau des ultrasensibles fonctionne diff\u00e9remment des autres<\/b><\/h2>\n<p><b>Si vous vous sentez ultrasensible, ne consid\u00e9rez pas votre \u00e9tat comme une maladie mais comme une diff\u00e9rence physiologique. <\/b>Les \u00e9tudes montrent que 20% de la population environ est ultrasensible (les amoureux des animaux pourront s\u2019int\u00e9resser aux passionnantes recherches faites \u00e0 ce sujet\u00b2 sur nos amies les b\u00eates). Certains chercheurs g\u00e9n\u00e9ticiens parlent d\u2019\u00e9volution li\u00e9e \u00e0 la survie de l\u2019esp\u00e8ce : les ultrasensibles seraient des alerteurs comme les rosiers au bout des vignes ou les canaris pour rep\u00e9rer les fuites de gaz avant qu\u2019on ne lui ajoute une odeur.<\/p>\n<p>Les ultrasensibles disposent de sens plus en alerte et sont plus r\u00e9ceptifs aux stimuli aussi subtils soient-ils : lumi\u00e8res per\u00e7ues de mani\u00e8re trop vives et douloureuses, sons imperceptibles pour la plupart mais insupportables pour les ultrasensibles, odeurs pouvant les faire tourner de l\u2019\u0153il alors que l\u2019assembl\u00e9e en rit, toucher qui confine \u00e0 l\u2019\u00e9trange pour des parents qui ne se rendent pas compte que tel tissus synth\u00e9tique \u201cbr\u00fble\u201d litt\u00e9ralement la peau ou telle \u00e9tiquette sur un t-shirt est v\u00e9cue comme une entaille insupportable.<\/p>\n<div style=\"width: 693px\" class=\"wp-caption aligncenter\"><img loading=\"lazy\" decoding=\"async\" class=\"\" src=\"https:\/\/www.medoucine.com\/blog\/\/wp-content\/uploads\/2021\/09\/pexels-elizaveta-dushechkina-3727149.jpg\" alt=\"L'ultrasensibilit\u00e9\" width=\"683\" height=\"512\" \/><p class=\"wp-caption-text\">Pexels<\/p><\/div>\n<p>Souvent, les ultrasensibles sont qualifi\u00e9s de \u201cp\u00e9nibles\u201d par leur entourage mais ils ne comprennent pas pourquoi \u00e9tant donn\u00e9 qu\u2019ils sont sinc\u00e8res et qu\u2019en plus ils sont naturellement plein d\u2019empathie et de valeurs humaines profondes. De telles r\u00e9flexions peuvent les pousser \u00e0 un vrai d\u00e9sarroi. Sans compter que leur cerveau \u00ab\u00a0turbine\u00a0\u00bb sans cesse, qu\u2019ils sursautent pour un rien et que leurs \u00e9motions sont tr\u00e8s intenses, jusqu\u2019aux larmes, souvent vers la peine, mais heureusement aussi vers la joie.<\/p>\n<p>Les recherches g\u00e9n\u00e9tiques n\u2019en sont qu\u2019\u00e0 leurs d\u00e9buts\u00b3 mais on conna\u00eet d\u00e9sormais plusieurs choses sur le fonctionnement diff\u00e9rent du cerveau des ultrasensibles : la dopamine est trait\u00e9e de fa\u00e7on diff\u00e9rente et joue un r\u00f4le qui les pousse visiblement \u00e0 <strong>rester en retrait pour bien observer une situation avant de foncer<\/strong>. Ils ne semblent pas attir\u00e9s par les r\u00e9compenses qui attirent les personnes moins sensibles. Les neurones miroirs ne sont pas plus nombreux mais sont davantage en alerte chez les ultrasensibles, ce qui explique leur forte tendance \u00e0 l&#8217;empathie y compris pour de parfaits inconnus. Enfin, l\u2019hypocampe et\u00a0 les amygdales jouent un r\u00f4le pr\u00e9pond\u00e9rant dans l\u2019\u00e9closion ou non des \u00e9motions. Cette zone est particuli\u00e8rement active chez les personnes ultrasensibles. Quand j\u2019\u00e9cris \u201cactive\u201d c\u2019est ce qu\u2019on peut voir sur les IRM lors des tests r\u00e9alis\u00e9s en laboratoire.<\/p>\n<h2><b>Comment arr\u00eater ses souffrances et bien vivre quand on est ultrasensible ?<\/b><\/h2>\n<p>La premi\u00e8re des choses qui m&rsquo;anime est de bien vous faire prendre conscience que l\u2019ultrasensibilit\u00e9 \u00e9tant li\u00e9e \u00e0 la physiologie, il n&rsquo;existe aucun moyen de ne plus \u00eatre aussi sensible. Ce qui serait bien dommage une fois que l\u2019on a pris conscience des moyens pouvant att\u00e9nuer les peines, ainsi que de tous les c\u00f4t\u00e9s positifs qui rendent aussi merveilleux notre v\u00e9cu. Je vous pr\u00e9sente ma trousse de secours \u00e0 utiliser quand une personne est \u00ab\u00a0touch\u00e9e\u00a0\u00bb.<\/p>\n<h3><b>A court terme &#8211; Trousse de secours :<\/b><\/h3>\n<p><b>Fermer les yeux :<\/b> Il est important de comprendre que le traitement intensif de toutes les informations qui bombardent les ultrasensibles les \u00e9puisent.<br \/>\nOr, 80% des informations leur parviennent par la vue : fermer les yeux tout simplement est le premier des soulagements \u00e0 s\u2019offrir quand on est ultrasensible. Quelques secondes, si on n\u2019a pas trop de temps, peuvent d\u00e9j\u00e0 aider \u00e0 apaiser notre syst\u00e8me de traitement de l\u2019information. Alors penser \u00e0 fermer les yeux r\u00e9guli\u00e8rement.<\/p>\n<p><b><strong>S\u2019isoler : <\/strong><\/b>cela reste une vraie cl\u00e9 de soutien pour les ultrasensibles. Pas besoin de se battre, pas besoin de lutter\u2026 Partir et se retrouver seul.e. Les toilettes peuvent par exemple constituer un lieu de refuge ou un autre lieu si vous avez de l&rsquo;espace&#8230; Mais s\u2019isoler est indispensable pour retrouver le calme, non pas pour le calme mais pour permettre au syst\u00e8me nerveux de souffler un peu. Partir et se demander : \u201cDe quoi ai-je besoin l\u00e0 maintenant ?\u201d Cela peut \u00eatre une tasse de th\u00e9 ou quoi que ce soit d\u2019autre. Pas besoin d\u2019un truc \u00e9norme. Cela fait un bien fou.<\/p>\n<p><b>S\u2019observer avec gentillesse :<\/b> c\u2019est-\u00e0-dire sans se juger ni s\u2019insulter. On a beau tout analyser, tout le temps, ne pas voir venir le trop plein et le d\u00e9bordement de la \u201cmachine\u201d peut entra\u00eener une situation de panique. Prendre conscience qu\u2019on panique constitue la toute premi\u00e8re \u00e9tape pour sortir de cet \u00e9tat. C\u2019est un peu comme se retrouver au milieu de l\u2019eau qui commence \u00e0 tourbillonner, c\u2019est le bon moment pour rep\u00e9rer la branche \u00e0 laquelle s&rsquo;accrocher pour se sortir de l\u00e0 au lieu de se laisser entra\u00eener par le courant. Et avec notre corps, il y a <em>toujours<\/em> une branche \u00e0 notre disposition : comme la respiration par exemple.<\/p>\n<p><b>Respirer<\/b> est comme attraper la branche qui vous sortira du torrent \u00e9motionnel. Certaines \u00e9tudes montrent que les ultrasensibles ne r\u00e9agissent pas super bien aux profondes respirations alors, \u00e9coutez-vous ! Perso, ma respiration apaisante est toujours reli\u00e9e \u00e0 la prise de conscience de mon diaphragme qui monte et descend et du plaisir pris \u00e0 sentir mes c\u00f4t\u00e9s s\u2019\u00e9carter sur tous les c\u00f4t\u00e9s. Bien s\u00fbr, elles ne bougent pas toutes seules. C\u2019est notre diaphragme qui les fait bouger vers l\u2019avant, s\u2019ouvrir sur les c\u00f4t\u00e9s et vers l\u2019arri\u00e8re. Mais dans notre repr\u00e9sentation mentale, c\u2019est souvent plus simple de mettre l\u2019intention de bouger dans les c\u00f4tes. On inspire par le nez (si on n\u2019est pas enrhum\u00e9) en sentant ses c\u00f4tes bouger, les poumons se gonflent. On retient l\u2019air 2 ou 3 secondes et on rel\u00e2che l\u2019air par la bouche. Comme un ballon de baudruche qui se vide.<\/p>\n<p><b>Un autre exercice de respiration<\/b> qu\u2019on peut faire pour s\u2019\u00e9loigner du \u00ab\u00a0moment br\u00fblant\u00a0\u00bb quand on est touch\u00e9, c&rsquo;est se concentrer sur son ventre. On inspire avec le nez tout en gonflant le ventre et on souffle par le nez tout en rentrant-serrant le ventre. Pendant une minute d\u00e9j\u00e0 \u00e7a aide. Mais 2 ou 3 respirations invitent d\u00e9j\u00e0 \u00e0 d\u00e9tourner son attention de la peine.<\/p>\n<p><b>\u00c9vacuer les tensions et le trop plein<\/b>. Exercice de sophrologie que j\u2019adore parce qu\u2019il \u00e9vite bon nombre de p\u00e9tages de plomb. Il consiste \u00e0 souffler en rentrant le ventre, puis inspirer et tendre tous les muscles en gardant l\u2019air. On observe si des tensions autre que physiques apparaissent et quand on n\u2019en peut plus on souffle fort par la bouche en rel\u00e2chant les muscles : \u00e9vacuation des tensions.<\/p>\n<p><b>La bulle de protection.<\/b> Je m\u2019amuse beaucoup avec ma bulle mais elle permet d\u2019utiliser l&rsquo;imaginaire pour instaurer comme une barri\u00e8re avec les autres. En cas de personnes en face qui ne sourient pas ou qui semblent hostiles, il faut s\u2019imaginer dans une bulle transparente o\u00f9 peut entrer le bon et d\u2019o\u00f9 peut sortir le mauvais. C&rsquo;est un excellent moyen de rester d\u00e9tendu face aux stimuli.<\/p>\n<div style=\"width: 694px\" class=\"wp-caption aligncenter\"><img loading=\"lazy\" decoding=\"async\" class=\"\" src=\"https:\/\/www.medoucine.com\/blog\/\/wp-content\/uploads\/2021\/09\/pexels-budgeron-bach-6533131.jpg\" alt=\"Stop aux souffrances des ultrasensibles\" width=\"684\" height=\"456\" \/><p class=\"wp-caption-text\">Pexels<\/p><\/div>\n<p>&nbsp;<\/p>\n<p><b>Cr\u00e9er et se panser en musique :<\/b> \u00c9couter une musique qui vous fait du bien. Dessiner, \u00e9crire, danser, pr\u00e9parer \u00e0 manger ou repeindre un mur&#8230; si vous \u00eates ultrasensible, vous disposez en vous d&rsquo;une solution toute trouv\u00e9e pour \u00e9vacuer et transformer ces ressentis, perceptions en quelque chose. N&rsquo;h\u00e9sitez pas. C&rsquo;est aussi un cadeau pour \u00e9vacuer les pens\u00e9es incessantes.<\/p>\n<p><b>M\u00e9diter<\/b> : Oui, bien s\u00fbr. Mais attention \u00e0 la mode des m\u00e9ditations \u00e0 tout va. Les longues m\u00e9ditations silencieuses et sans mouvement ne sont a priori pas du tout pour les ultrasensibles. Sauf vous peut-\u00eatre&#8230; N\u2019h\u00e9sitez pas \u00e0 choisir des m\u00e9ditations guid\u00e9es, br\u00e8ves et dynamiques (les m\u00e9ditations font partie int\u00e9grante de la pratique de la sophrologie).<\/p>\n<h2><b>Prendre soin de soi en ayant du temps :<\/b><\/h2>\n<p><b>L&rsquo;environnement joue un r\u00f4le capital<\/b> dans le bien \u00eatre des ultrasensibles. Mais cela pourrait donner lieu \u00e0 un autre article&#8230; Prendre soin de l&rsquo;environnement de votre enfant par exemple peut contribuer \u00e0 lui faire du bien. Ou, si vous avez du rangement \u00e0 faire et que vous \u00eates ultrasensibles, vous pouvez y mettre du sens (et combien on aime cela !) : c&rsquo;est bon pour vous m\u00eame d&rsquo;un point de vue biologique.<\/p>\n<p><b>Apprendre \u00e0 ne pas se juger et \u00e0 l\u00e2cher nos a priori pour observer ce qui se vit en nous :<\/b> C&rsquo;est mon chouchou celui-ci forc\u00e9ment, c&rsquo;est la base du fonctionnement de notre <b>Sophrologie Cayc\u00e9dienne<\/b>. Mais c&rsquo;est aussi parce qu&rsquo;en 20 ans j&rsquo;en vois les d\u00e9lices de libert\u00e9 et de paix&#8230; C&rsquo;est une discipline quotidienne mais apprendre \u00e0 le pratiquer comme un jeu permet d&rsquo;y arriver pour finalement \u00eatre en harmonie joyeuse avec qui on est tout simplement. La vie est imparfaite, nous sommes tous imparfaits, autant jouer avec et avancer, non ?<\/p>\n<p><b>La compassion pour soi :<\/b> Outil lui aussi toujours \u00e0 notre disposition : la gentillesse pour nous-m\u00eame. Ce n\u2019est pas en 2 lignes d\u2019article que vous allez ma\u00eetriser la gentillesse pour vous-m\u00eame\u2026 Mais l\u00e0 aussi les recherches en neurologie montrent l\u2019impact que simplement <strong>s\u2019adresser \u00e0 soi comme \u00e0 son meilleur ami<\/strong> aide notre syst\u00e8me neurologique \u00e0 sortir du tourbillon n\u00e9gatif dans lequel il s\u2019est mis.<\/p>\n<p><b>Apprendre \u00e0 exprimer ses besoins :<\/b> tout un travail de prise de conscience d\u2019expression de ses besoins peut \u00eatre effectuer. L\u00e0, on rejoint la <em>Communication Non Violente<\/em> qui peut vous enseigner comment transmettre ce que vous voulez dire sans offenser la personne en face. Parce qu\u2019au bureau ou en famille, il faut prendre conscience que les choses peuvent aller vite ou ne pas \u00eatre dites dans les formes sans que ce soit un drame pour autant. Ce qui me fait penser \u00e0 la suite&#8230;<\/p>\n<p><b>Lire <em>Les Accords Tolt\u00e8ques <\/em><\/b>(de Don Miguel Ruiz)<b> :<\/b> Le <em>\u201cNe rien prendre personnellement\u201d<\/em> est tr\u00e8s apaisant quand on arrive \u00e0 s\u2019en souvenir et \u00e0 se l\u2019appliquer.<\/p>\n<p><b>Revenir \u00e0 votre \u00e9nergie :<\/b> en sophrologie cayc\u00e9dienne, nous travaillons sur plusieurs niveaux et plusieurs axes, dont l\u2019\u00e9nergie, qui permet de percevoir ses \u00e9motions autrement. Vous ne percevrez plus la col\u00e8re ou la tristesse ou m\u00eame la peur comme avant gr\u00e2ce \u00e0 la pratique. Toutes les \u00e9motions peuvent \u00eatre mises \u00e0 profit si nous apprenons \u00e0 jouer avec elles comme d\u2019un bel instrument de musique\u2026 Sauf que l\u00e0 l\u2019instrument est aussi notre corps puisqu\u2019il ne peut pas y avoir d\u2019\u00e9motions sans notre biologie.<\/p>\n<p><strong>L&rsquo;ultrasensibilit\u00e9 est v\u00e9cue comme un fardeau quand elle n&rsquo;est pas reconnue<\/strong> ou quand aucun des membres de la famille ne l&rsquo;est comme tel. <strong>Mais ce n&rsquo;est pas une mal\u00e9diction<\/strong> : \u00eatre fort d&rsquo;une vie int\u00e9rieure tr\u00e8s riche, toujours en qu\u00eate de sens, aide \u00e9norm\u00e9ment \u00e0 comprendre ce qui se passe en nous. Tout comme pouvoir sourire, voire rire de nos moments \u00ab\u00a0ultra-sombres\u00a0\u00bb.<\/p>\n<p>On sait aujourd&rsquo;hui que <strong>si vous \u00eates cr\u00e9atif.ve et ouvert.e aux nouvelles id\u00e9es mais que vos \u00e9motions changent sans pr\u00e9venir et que vous sursautez souvent, il y a de fortes chances que vous soyez ultrasensibles<\/strong>. Et une fois qu&rsquo;on sait qu&rsquo;on pilote une Ferrari, on ne conduit plus comme avant si on veut continuer \u00e0 s&rsquo;amuser. Tout est dit l\u00e0.<\/p>\n<p>Cet article n&rsquo;est bien s\u00fbr en aucun cas un remplacement de th\u00e9rapie. En cas de besoin, n&rsquo;h\u00e9sitez pas \u00e0 consulter les psychiatres et autres th\u00e9rapeutes qui s&rsquo;int\u00e9ressent \u00e0 ce sujet. Et si vous avez des questions, j&rsquo;y r\u00e9pondrai avec grand plaisir.<\/p>\n<p>par <strong><a href=\"https:\/\/www.medoucine.com\/consultation\/paris\/catherine-coincon\/2338\" target=\"_blank\" rel=\"noopener noreferrer\">Catherine Coin\u00e7on, sophrologue<\/a><\/strong> recommand\u00e9e du r\u00e9seau M\u00e9doucine.<\/p>\n<p><strong><a href=\"https:\/\/www.medoucine.com\/blog\/\/\" target=\"_blank\" rel=\"noopener noreferrer\">Trouvez un sophrologue recommand\u00e9 pr\u00e8s de chez vous sur Medoucine.com<\/a>.<\/strong><\/p>\n<p><strong>A lire aussi :<\/strong><\/p>\n<ul>\n<li><a href=\"https:\/\/www.medoucine.com\/blog\/\/hypersensible-10-signes-pour-le-savoir\/\" target=\"_blank\" rel=\"noopener noreferrer\">Hypersensible ? 10 signes pour le savoir<\/a><\/li>\n<li><a href=\"https:\/\/www.medoucine.com\/blog\/\/hypersensible-faites-le-test\/\" target=\"_blank\" rel=\"noopener noreferrer\">Hypersensible ? Faites le test !<\/a><\/li>\n<li><a href=\"https:\/\/www.medoucine.com\/blog\/\/hypersensibilite-lapaiser-la-comprendre-et-mieux-la-vivre\/\" target=\"_blank\" rel=\"noopener noreferrer\">Hypersensibilit\u00e9 : l\u2019apaiser, la comprendre et mieux la vivre<\/a><\/li>\n<\/ul>\n<p>R\u00e9f\u00e9rences :<\/p>\n<ol>\n<li><em>Test d&rsquo;Elaine Aron (en anglais) &#8211; \u00ab\u00a0Highly Sensitive Test\u00a0\u00bb, Hsperson.com.<\/em><\/li>\n<li><em>Recherches sur les animaux (en anglais) : \u00ab\u00a0Parallels in the interactive effect of highly sensitive personality and social factors on behaviour problems in dogs and humans\u00a0\u00bb, Nature.com.<\/em><\/li>\n<li><em>En savoir plus sur les recherches actuelles (en anglais) : Universit\u00e9 Queen Mary &#8211; Londre : \u00ab\u00a0Here\u2019s Everything Researchers Know About High Sensitivity, As Of 2021\u00a0\u00bb, highlysensitiverefuge.com.<\/em><\/li>\n<li><em>Recherches sur le cerveau (en anglais) : \u00ab\u00a0The Difference Between the Highly Sensitive Brain and the \u2018Typical\u2019 Brain\u00a0\u00bb, highlysensitiverefuge.com<\/em><\/li>\n<\/ol>\n","protected":false},"excerpt":{"rendered":"<p>Ultrasensibilit\u00e9 ? Qu\u00e8s aco ? (Qu&rsquo;est-ce donc ?). Si vous vous sentez ultrasensible, sachez que ce n&rsquo;est pas une maladie et d\u00eetes stop \u00e0 vos souffrances. Autant vous le dire tout de suite : je suis ultra-sensible. Je suis th\u00e9rapeute sophrologue cayc\u00e9dienne et je me suis engag\u00e9e \u00e0 \u00e9crire un article sur l\u2019ultrasensibit\u00e9. Bien s\u00fbr que tous les \u00eatres humains sont sensibles. Plus ou moins. Et vous le devinez, les ultra-sensibles sont du c\u00f4t\u00e9 plus sensible que la moyenne. Bien s\u00fbr aussi, le sujet de la sensibilit\u00e9 n\u2019est pas nouveau. Ce qui l\u2019est, ce sont les recherches neurologiques qui ont avanc\u00e9 et commenc\u00e9 \u00e0 donner des explications physiologiques expliquant ce v\u00e9cu particulier. Et c\u2019est passionnant&#8230; Ultrasensible : par o\u00f9 commencer pour en finir avec les souffrances ? Voil\u00e0 bien le propre d\u2019une ultrasensible\u2026 J\u2019ai eu [&hellip;]<\/p>\n","protected":false},"author":484,"featured_media":19683,"comment_status":"open","ping_status":"open","sticky":false,"template":"","format":"standard","meta":{"_acf_changed":false,"footnotes":""},"categories":[101],"tags":[323,490,171],"class_list":["post-19542","post","type-post","status-publish","format-standard","has-post-thumbnail","hentry","category-psycho","tag-emotions","tag-hypersensibilite","tag-psychologie"],"acf":[],"yoast_head":"<!-- This site is optimized with the Yoast SEO plugin v27.1.1 - https:\/\/yoast.com\/product\/yoast-seo-wordpress\/ -->\n<title>Ultrasensible ? Ce n&#039;est pas une maladie : stop aux souffrances<\/title>\n<meta name=\"description\" content=\"\u00catre ultrasensible n&#039;est pas une maladie, alors dites stop aux souffrances et d\u00e9couvrez comment appr\u00e9hender la vie selon cette diff\u00e9rence physiologique.\" \/>\n<meta name=\"robots\" content=\"index, follow, max-snippet:-1, max-image-preview:large, max-video-preview:-1\" \/>\n<link rel=\"canonical\" href=\"https:\/\/www.medoucine.com\/blog\/etre-ultrasensible-n-est-pas-une-maladie-stop-aux-souffrances\/\" \/>\n<meta property=\"og:locale\" content=\"fr_FR\" \/>\n<meta property=\"og:type\" content=\"article\" \/>\n<meta property=\"og:title\" content=\"Ultrasensible ? Ce n&#039;est pas une maladie : stop aux souffrances\" \/>\n<meta property=\"og:description\" content=\"\u00catre ultrasensible n&#039;est pas une maladie, alors dites stop aux souffrances et d\u00e9couvrez comment appr\u00e9hender la vie selon cette diff\u00e9rence physiologique.\" \/>\n<meta property=\"og:url\" content=\"https:\/\/www.medoucine.com\/blog\/etre-ultrasensible-n-est-pas-une-maladie-stop-aux-souffrances\/\" \/>\n<meta property=\"og:site_name\" content=\"Blog de Medoucine\" \/>\n<meta property=\"article:publisher\" content=\"https:\/\/www.facebook.com\/medoucine\/\" \/>\n<meta property=\"article:published_time\" content=\"2021-09-06T15:57:22+00:00\" \/>\n<meta property=\"article:modified_time\" content=\"2026-04-08T16:39:08+00:00\" \/>\n<meta property=\"og:image\" content=\"https:\/\/www.medoucine.com\/blog\/wp-content\/uploads\/2021\/09\/pexels-anete-lusina-6354256.jpg\" \/>\n\t<meta property=\"og:image:width\" content=\"1280\" \/>\n\t<meta property=\"og:image:height\" content=\"853\" \/>\n\t<meta property=\"og:image:type\" content=\"image\/jpeg\" \/>\n<meta name=\"author\" content=\"Catherine Coin\u00e7on\" \/>\n<meta name=\"twitter:card\" content=\"summary_large_image\" \/>\n<meta name=\"twitter:creator\" content=\"@medoucinefr\" \/>\n<meta name=\"twitter:site\" content=\"@medoucinefr\" \/>\n<meta name=\"twitter:label1\" content=\"\u00c9crit par\" \/>\n\t<meta name=\"twitter:data1\" content=\"Catherine Coin\u00e7on\" \/>\n\t<meta name=\"twitter:label2\" content=\"Dur\u00e9e de lecture estim\u00e9e\" \/>\n\t<meta name=\"twitter:data2\" content=\"13 minutes\" \/>\n<script type=\"application\/ld+json\" class=\"yoast-schema-graph\">{\"@context\":\"https:\/\/schema.org\",\"@graph\":[{\"@type\":\"Article\",\"@id\":\"https:\/\/www.medoucine.com\/blog\/etre-ultrasensible-n-est-pas-une-maladie-stop-aux-souffrances\/#article\",\"isPartOf\":{\"@id\":\"https:\/\/www.medoucine.com\/blog\/etre-ultrasensible-n-est-pas-une-maladie-stop-aux-souffrances\/\"},\"author\":{\"name\":\"Catherine Coin\u00e7on\",\"@id\":\"https:\/\/www.medoucine.com\/blog\/#\/schema\/person\/78a4b417f296a63ec59afbaeea550c85\"},\"headline\":\"Ultrasensible ? Ce n&rsquo;est pas une maladie : stop aux souffrances\",\"datePublished\":\"2021-09-06T15:57:22+00:00\",\"dateModified\":\"2026-04-08T16:39:08+00:00\",\"mainEntityOfPage\":{\"@id\":\"https:\/\/www.medoucine.com\/blog\/etre-ultrasensible-n-est-pas-une-maladie-stop-aux-souffrances\/\"},\"wordCount\":2618,\"commentCount\":0,\"publisher\":{\"@id\":\"https:\/\/www.medoucine.com\/blog\/#organization\"},\"image\":{\"@id\":\"https:\/\/www.medoucine.com\/blog\/etre-ultrasensible-n-est-pas-une-maladie-stop-aux-souffrances\/#primaryimage\"},\"thumbnailUrl\":\"https:\/\/www.medoucine.com\/blog\/wp-content\/uploads\/2021\/09\/pexels-anete-lusina-6354256.jpg\",\"keywords\":[\"\u00e9motions\",\"hypersensibilit\u00e9\",\"Psychologie\"],\"articleSection\":[\"Psycho\"],\"inLanguage\":\"fr-FR\",\"potentialAction\":[{\"@type\":\"CommentAction\",\"name\":\"Comment\",\"target\":[\"https:\/\/www.medoucine.com\/blog\/etre-ultrasensible-n-est-pas-une-maladie-stop-aux-souffrances\/#respond\"]}]},{\"@type\":\"WebPage\",\"@id\":\"https:\/\/www.medoucine.com\/blog\/etre-ultrasensible-n-est-pas-une-maladie-stop-aux-souffrances\/\",\"url\":\"https:\/\/www.medoucine.com\/blog\/etre-ultrasensible-n-est-pas-une-maladie-stop-aux-souffrances\/\",\"name\":\"Ultrasensible ? Ce n'est pas une maladie : stop aux souffrances\",\"isPartOf\":{\"@id\":\"https:\/\/www.medoucine.com\/blog\/#website\"},\"primaryImageOfPage\":{\"@id\":\"https:\/\/www.medoucine.com\/blog\/etre-ultrasensible-n-est-pas-une-maladie-stop-aux-souffrances\/#primaryimage\"},\"image\":{\"@id\":\"https:\/\/www.medoucine.com\/blog\/etre-ultrasensible-n-est-pas-une-maladie-stop-aux-souffrances\/#primaryimage\"},\"thumbnailUrl\":\"https:\/\/www.medoucine.com\/blog\/wp-content\/uploads\/2021\/09\/pexels-anete-lusina-6354256.jpg\",\"datePublished\":\"2021-09-06T15:57:22+00:00\",\"dateModified\":\"2026-04-08T16:39:08+00:00\",\"description\":\"\u00catre ultrasensible n'est pas une maladie, alors dites stop aux souffrances et d\u00e9couvrez comment appr\u00e9hender la vie selon cette diff\u00e9rence physiologique.\",\"breadcrumb\":{\"@id\":\"https:\/\/www.medoucine.com\/blog\/etre-ultrasensible-n-est-pas-une-maladie-stop-aux-souffrances\/#breadcrumb\"},\"inLanguage\":\"fr-FR\",\"potentialAction\":[{\"@type\":\"ReadAction\",\"target\":[\"https:\/\/www.medoucine.com\/blog\/etre-ultrasensible-n-est-pas-une-maladie-stop-aux-souffrances\/\"]}]},{\"@type\":\"ImageObject\",\"inLanguage\":\"fr-FR\",\"@id\":\"https:\/\/www.medoucine.com\/blog\/etre-ultrasensible-n-est-pas-une-maladie-stop-aux-souffrances\/#primaryimage\",\"url\":\"https:\/\/www.medoucine.com\/blog\/wp-content\/uploads\/2021\/09\/pexels-anete-lusina-6354256.jpg\",\"contentUrl\":\"https:\/\/www.medoucine.com\/blog\/wp-content\/uploads\/2021\/09\/pexels-anete-lusina-6354256.jpg\",\"width\":1280,\"height\":853,\"caption\":\"ultrasensibilit\u00e9\"},{\"@type\":\"BreadcrumbList\",\"@id\":\"https:\/\/www.medoucine.com\/blog\/etre-ultrasensible-n-est-pas-une-maladie-stop-aux-souffrances\/#breadcrumb\",\"itemListElement\":[{\"@type\":\"ListItem\",\"position\":1,\"name\":\"Blog Medoucine\",\"item\":\"https:\/\/www.medoucine.com\/blog\/\"},{\"@type\":\"ListItem\",\"position\":2,\"name\":\"Psycho\",\"item\":\"https:\/\/www.medoucine.com\/blog\/cat\/psycho\/\"},{\"@type\":\"ListItem\",\"position\":3,\"name\":\"Ultrasensible ? Ce n&rsquo;est pas une maladie : stop aux souffrances\"}]},{\"@type\":\"WebSite\",\"@id\":\"https:\/\/www.medoucine.com\/blog\/#website\",\"url\":\"https:\/\/www.medoucine.com\/blog\/\",\"name\":\"Blog de Medoucine\",\"description\":\"Le blog des m\u00e9decines douces\",\"publisher\":{\"@id\":\"https:\/\/www.medoucine.com\/blog\/#organization\"},\"potentialAction\":[{\"@type\":\"SearchAction\",\"target\":{\"@type\":\"EntryPoint\",\"urlTemplate\":\"https:\/\/www.medoucine.com\/blog\/?s={search_term_string}\"},\"query-input\":{\"@type\":\"PropertyValueSpecification\",\"valueRequired\":true,\"valueName\":\"search_term_string\"}}],\"inLanguage\":\"fr-FR\"},{\"@type\":\"Organization\",\"@id\":\"https:\/\/www.medoucine.com\/blog\/#organization\",\"name\":\"Medoucine\",\"url\":\"https:\/\/www.medoucine.com\/blog\/\",\"logo\":{\"@type\":\"ImageObject\",\"inLanguage\":\"fr-FR\",\"@id\":\"https:\/\/www.medoucine.com\/blog\/#\/schema\/logo\/image\/\",\"url\":\"https:\/\/www.medoucine.com\/blog\/wp-content\/uploads\/2019\/07\/logo@3x.png\",\"contentUrl\":\"https:\/\/www.medoucine.com\/blog\/wp-content\/uploads\/2019\/07\/logo@3x.png\",\"width\":555,\"height\":135,\"caption\":\"Medoucine\"},\"image\":{\"@id\":\"https:\/\/www.medoucine.com\/blog\/#\/schema\/logo\/image\/\"},\"sameAs\":[\"https:\/\/www.facebook.com\/medoucine\/\",\"https:\/\/x.com\/medoucinefr\",\"https:\/\/www.instagram.com\/medoucine\/\",\"https:\/\/www.youtube.com\/channel\/UCtZeUeJ_KebYK0KJAXjJV8g\"]},{\"@type\":\"Person\",\"@id\":\"https:\/\/www.medoucine.com\/blog\/#\/schema\/person\/78a4b417f296a63ec59afbaeea550c85\",\"name\":\"Catherine Coin\u00e7on\",\"image\":{\"@type\":\"ImageObject\",\"inLanguage\":\"fr-FR\",\"@id\":\"https:\/\/www.medoucine.com\/blog\/#\/schema\/person\/image\/\",\"url\":\"https:\/\/secure.gravatar.com\/avatar\/4eaf5190a21c1401e484a7ad1725b18f853c8479a0b37f932f3cf2f2f0512ddc?s=96&d=mm&r=g\",\"contentUrl\":\"https:\/\/secure.gravatar.com\/avatar\/4eaf5190a21c1401e484a7ad1725b18f853c8479a0b37f932f3cf2f2f0512ddc?s=96&d=mm&r=g\",\"caption\":\"Catherine Coin\u00e7on\"},\"description\":\"Mon but est que vous soyez en paix avec vous-m\u00eame. Avec vous j'\u00e9coute votre col\u00e8re, vos \u00e9motions, ensemble nous \u00e9clairons ce qui se passe en vous avec bienveillance. Je vous apporte du concret avec mon \u00e9nergie, en toute bont\u00e9.\",\"sameAs\":[\"https:\/\/www.medoucine.com\/consultation\/paris\/catherine-coincon\/2338\"],\"url\":\"https:\/\/www.medoucine.com\/blog\/author\/catherine_coincon\/\"}]}<\/script>\n<!-- \/ Yoast SEO plugin. -->","yoast_head_json":{"title":"Ultrasensible ? Ce n'est pas une maladie : stop aux souffrances","description":"\u00catre ultrasensible n'est pas une maladie, alors dites stop aux souffrances et d\u00e9couvrez comment appr\u00e9hender la vie selon cette diff\u00e9rence physiologique.","robots":{"index":"index","follow":"follow","max-snippet":"max-snippet:-1","max-image-preview":"max-image-preview:large","max-video-preview":"max-video-preview:-1"},"canonical":"https:\/\/www.medoucine.com\/blog\/etre-ultrasensible-n-est-pas-une-maladie-stop-aux-souffrances\/","og_locale":"fr_FR","og_type":"article","og_title":"Ultrasensible ? Ce n'est pas une maladie : stop aux souffrances","og_description":"\u00catre ultrasensible n'est pas une maladie, alors dites stop aux souffrances et d\u00e9couvrez comment appr\u00e9hender la vie selon cette diff\u00e9rence physiologique.","og_url":"https:\/\/www.medoucine.com\/blog\/etre-ultrasensible-n-est-pas-une-maladie-stop-aux-souffrances\/","og_site_name":"Blog de Medoucine","article_publisher":"https:\/\/www.facebook.com\/medoucine\/","article_published_time":"2021-09-06T15:57:22+00:00","article_modified_time":"2026-04-08T16:39:08+00:00","og_image":[{"width":1280,"height":853,"url":"https:\/\/www.medoucine.com\/blog\/wp-content\/uploads\/2021\/09\/pexels-anete-lusina-6354256.jpg","type":"image\/jpeg"}],"author":"Catherine Coin\u00e7on","twitter_card":"summary_large_image","twitter_creator":"@medoucinefr","twitter_site":"@medoucinefr","twitter_misc":{"\u00c9crit par":"Catherine Coin\u00e7on","Dur\u00e9e de lecture estim\u00e9e":"13 minutes"},"schema":{"@context":"https:\/\/schema.org","@graph":[{"@type":"Article","@id":"https:\/\/www.medoucine.com\/blog\/etre-ultrasensible-n-est-pas-une-maladie-stop-aux-souffrances\/#article","isPartOf":{"@id":"https:\/\/www.medoucine.com\/blog\/etre-ultrasensible-n-est-pas-une-maladie-stop-aux-souffrances\/"},"author":{"name":"Catherine Coin\u00e7on","@id":"https:\/\/www.medoucine.com\/blog\/#\/schema\/person\/78a4b417f296a63ec59afbaeea550c85"},"headline":"Ultrasensible ? Ce n&rsquo;est pas une maladie : stop aux souffrances","datePublished":"2021-09-06T15:57:22+00:00","dateModified":"2026-04-08T16:39:08+00:00","mainEntityOfPage":{"@id":"https:\/\/www.medoucine.com\/blog\/etre-ultrasensible-n-est-pas-une-maladie-stop-aux-souffrances\/"},"wordCount":2618,"commentCount":0,"publisher":{"@id":"https:\/\/www.medoucine.com\/blog\/#organization"},"image":{"@id":"https:\/\/www.medoucine.com\/blog\/etre-ultrasensible-n-est-pas-une-maladie-stop-aux-souffrances\/#primaryimage"},"thumbnailUrl":"https:\/\/www.medoucine.com\/blog\/wp-content\/uploads\/2021\/09\/pexels-anete-lusina-6354256.jpg","keywords":["\u00e9motions","hypersensibilit\u00e9","Psychologie"],"articleSection":["Psycho"],"inLanguage":"fr-FR","potentialAction":[{"@type":"CommentAction","name":"Comment","target":["https:\/\/www.medoucine.com\/blog\/etre-ultrasensible-n-est-pas-une-maladie-stop-aux-souffrances\/#respond"]}]},{"@type":"WebPage","@id":"https:\/\/www.medoucine.com\/blog\/etre-ultrasensible-n-est-pas-une-maladie-stop-aux-souffrances\/","url":"https:\/\/www.medoucine.com\/blog\/etre-ultrasensible-n-est-pas-une-maladie-stop-aux-souffrances\/","name":"Ultrasensible ? Ce n'est pas une maladie : stop aux souffrances","isPartOf":{"@id":"https:\/\/www.medoucine.com\/blog\/#website"},"primaryImageOfPage":{"@id":"https:\/\/www.medoucine.com\/blog\/etre-ultrasensible-n-est-pas-une-maladie-stop-aux-souffrances\/#primaryimage"},"image":{"@id":"https:\/\/www.medoucine.com\/blog\/etre-ultrasensible-n-est-pas-une-maladie-stop-aux-souffrances\/#primaryimage"},"thumbnailUrl":"https:\/\/www.medoucine.com\/blog\/wp-content\/uploads\/2021\/09\/pexels-anete-lusina-6354256.jpg","datePublished":"2021-09-06T15:57:22+00:00","dateModified":"2026-04-08T16:39:08+00:00","description":"\u00catre ultrasensible n'est pas une maladie, alors dites stop aux souffrances et d\u00e9couvrez comment appr\u00e9hender la vie selon cette diff\u00e9rence physiologique.","breadcrumb":{"@id":"https:\/\/www.medoucine.com\/blog\/etre-ultrasensible-n-est-pas-une-maladie-stop-aux-souffrances\/#breadcrumb"},"inLanguage":"fr-FR","potentialAction":[{"@type":"ReadAction","target":["https:\/\/www.medoucine.com\/blog\/etre-ultrasensible-n-est-pas-une-maladie-stop-aux-souffrances\/"]}]},{"@type":"ImageObject","inLanguage":"fr-FR","@id":"https:\/\/www.medoucine.com\/blog\/etre-ultrasensible-n-est-pas-une-maladie-stop-aux-souffrances\/#primaryimage","url":"https:\/\/www.medoucine.com\/blog\/wp-content\/uploads\/2021\/09\/pexels-anete-lusina-6354256.jpg","contentUrl":"https:\/\/www.medoucine.com\/blog\/wp-content\/uploads\/2021\/09\/pexels-anete-lusina-6354256.jpg","width":1280,"height":853,"caption":"ultrasensibilit\u00e9"},{"@type":"BreadcrumbList","@id":"https:\/\/www.medoucine.com\/blog\/etre-ultrasensible-n-est-pas-une-maladie-stop-aux-souffrances\/#breadcrumb","itemListElement":[{"@type":"ListItem","position":1,"name":"Blog Medoucine","item":"https:\/\/www.medoucine.com\/blog\/"},{"@type":"ListItem","position":2,"name":"Psycho","item":"https:\/\/www.medoucine.com\/blog\/cat\/psycho\/"},{"@type":"ListItem","position":3,"name":"Ultrasensible ? Ce n&rsquo;est pas une maladie : stop aux souffrances"}]},{"@type":"WebSite","@id":"https:\/\/www.medoucine.com\/blog\/#website","url":"https:\/\/www.medoucine.com\/blog\/","name":"Blog de Medoucine","description":"Le blog des m\u00e9decines douces","publisher":{"@id":"https:\/\/www.medoucine.com\/blog\/#organization"},"potentialAction":[{"@type":"SearchAction","target":{"@type":"EntryPoint","urlTemplate":"https:\/\/www.medoucine.com\/blog\/?s={search_term_string}"},"query-input":{"@type":"PropertyValueSpecification","valueRequired":true,"valueName":"search_term_string"}}],"inLanguage":"fr-FR"},{"@type":"Organization","@id":"https:\/\/www.medoucine.com\/blog\/#organization","name":"Medoucine","url":"https:\/\/www.medoucine.com\/blog\/","logo":{"@type":"ImageObject","inLanguage":"fr-FR","@id":"https:\/\/www.medoucine.com\/blog\/#\/schema\/logo\/image\/","url":"https:\/\/www.medoucine.com\/blog\/wp-content\/uploads\/2019\/07\/logo@3x.png","contentUrl":"https:\/\/www.medoucine.com\/blog\/wp-content\/uploads\/2019\/07\/logo@3x.png","width":555,"height":135,"caption":"Medoucine"},"image":{"@id":"https:\/\/www.medoucine.com\/blog\/#\/schema\/logo\/image\/"},"sameAs":["https:\/\/www.facebook.com\/medoucine\/","https:\/\/x.com\/medoucinefr","https:\/\/www.instagram.com\/medoucine\/","https:\/\/www.youtube.com\/channel\/UCtZeUeJ_KebYK0KJAXjJV8g"]},{"@type":"Person","@id":"https:\/\/www.medoucine.com\/blog\/#\/schema\/person\/78a4b417f296a63ec59afbaeea550c85","name":"Catherine Coin\u00e7on","image":{"@type":"ImageObject","inLanguage":"fr-FR","@id":"https:\/\/www.medoucine.com\/blog\/#\/schema\/person\/image\/","url":"https:\/\/secure.gravatar.com\/avatar\/4eaf5190a21c1401e484a7ad1725b18f853c8479a0b37f932f3cf2f2f0512ddc?s=96&d=mm&r=g","contentUrl":"https:\/\/secure.gravatar.com\/avatar\/4eaf5190a21c1401e484a7ad1725b18f853c8479a0b37f932f3cf2f2f0512ddc?s=96&d=mm&r=g","caption":"Catherine Coin\u00e7on"},"description":"Mon but est que vous soyez en paix avec vous-m\u00eame. Avec vous j'\u00e9coute votre col\u00e8re, vos \u00e9motions, ensemble nous \u00e9clairons ce qui se passe en vous avec bienveillance. Je vous apporte du concret avec mon \u00e9nergie, en toute bont\u00e9.","sameAs":["https:\/\/www.medoucine.com\/consultation\/paris\/catherine-coincon\/2338"],"url":"https:\/\/www.medoucine.com\/blog\/author\/catherine_coincon\/"}]}},"_links":{"self":[{"href":"https:\/\/www.medoucine.com\/blog\/wp-json\/wp\/v2\/posts\/19542","targetHints":{"allow":["GET"]}}],"collection":[{"href":"https:\/\/www.medoucine.com\/blog\/wp-json\/wp\/v2\/posts"}],"about":[{"href":"https:\/\/www.medoucine.com\/blog\/wp-json\/wp\/v2\/types\/post"}],"author":[{"embeddable":true,"href":"https:\/\/www.medoucine.com\/blog\/wp-json\/wp\/v2\/users\/484"}],"replies":[{"embeddable":true,"href":"https:\/\/www.medoucine.com\/blog\/wp-json\/wp\/v2\/comments?post=19542"}],"version-history":[{"count":15,"href":"https:\/\/www.medoucine.com\/blog\/wp-json\/wp\/v2\/posts\/19542\/revisions"}],"predecessor-version":[{"id":42678,"href":"https:\/\/www.medoucine.com\/blog\/wp-json\/wp\/v2\/posts\/19542\/revisions\/42678"}],"wp:featuredmedia":[{"embeddable":true,"href":"https:\/\/www.medoucine.com\/blog\/wp-json\/wp\/v2\/media\/19683"}],"wp:attachment":[{"href":"https:\/\/www.medoucine.com\/blog\/wp-json\/wp\/v2\/media?parent=19542"}],"wp:term":[{"taxonomy":"category","embeddable":true,"href":"https:\/\/www.medoucine.com\/blog\/wp-json\/wp\/v2\/categories?post=19542"},{"taxonomy":"post_tag","embeddable":true,"href":"https:\/\/www.medoucine.com\/blog\/wp-json\/wp\/v2\/tags?post=19542"}],"curies":[{"name":"wp","href":"https:\/\/api.w.org\/{rel}","templated":true}]}}