{"id":19512,"date":"2021-08-31T16:25:42","date_gmt":"2021-08-31T14:25:42","guid":{"rendered":"https:\/\/www.medoucine.com\/blog\/?p=19512"},"modified":"2026-04-08T18:39:14","modified_gmt":"2026-04-08T16:39:14","slug":"comment-aider-un-jeune-a-se-reapproprier-son-existence","status":"publish","type":"post","link":"https:\/\/www.medoucine.com\/blog\/comment-aider-un-jeune-a-se-reapproprier-son-existence\/","title":{"rendered":"Comment aider un jeune \u00e0 se r\u00e9approprier son existence ?"},"content":{"rendered":"<p class=\"has-drop-cap\"><em>\u00ab\u00a0Ma vie m\u2019appartient et elle est entre mes propres mains\u00a0\u00bb.<\/em> Voil\u00e0 une affirmation \u00e0 r\u00e9p\u00e9ter, int\u00e9rioriser, int\u00e9grer. Non seulement, elle fait du bien mais aussi elle sert l\u2019assertivit\u00e9. On est assertif quand on a <strong>confiance<\/strong>, en soi et dans la vie.<\/p>\n<p>Dans le contexte actuel, difficile pour tous, de nombreux jeunes ont perdu pied. Un sentiment de perdre le contr\u00f4le, d\u2019inutilit\u00e9, un \u00ab\u00a0A quoi bon\u00a0\u00bb sournois a envahi r\u00eaves et id\u00e9aux pour teinter le monde en gris.<br \/>\nComment alors retrouver le go\u00fbt de la vie et l\u2019envie de la dessiner \u00e0 sa guise ? Comment aider un jeune \u00e0 se r\u00e9approprier son existence ?<\/p>\n<h2>1 &#8211; Le go\u00fbt de la vie<span class=\"Apple-converted-space\">\u00a0<\/span><\/h2>\n<h3>S\u2019approprier son existence, c\u2019est d\u00e9j\u00e0, en tout premier lieu, avoir le go\u00fbt de la vie.<\/h3>\n<p>Le go\u00fbt de la vie s\u2019appuie sur une s\u00e9curit\u00e9 affective, des relations sociales et une appartenance, l\u2019\u00e9change et la d\u00e9couverte.<span class=\"Apple-converted-space\">\u00a0<\/span><\/p>\n<p>Tout ce que vous pouvez faire pour privil\u00e9gier ces points, faites-le. Avec les contraintes sanitaires, les jeunes ont \u00e9t\u00e9 coup\u00e9s subitement dans leurs \u00e9lans d\u2019explorations et leurs besoins d\u2019interactions sociales. Or, ils ont besoin du monde pour se d\u00e9finir.<\/p>\n<p>Alors, comment aider un jeune \u00e0 se r\u00e9approprier son existence ? Veiller \u00e0 ce qu\u2019il maintiennent cet <strong>acc\u00e8s au monde<\/strong> est primordial pour lui donner le <strong>go\u00fbt de la vie<\/strong>. D\u00e9couvrir, explorer, \u00e9changer, rire, aimer et se sentir aim\u00e9, voil\u00e0 les ingr\u00e9dients principaux qui font aimer la vie et lui donner ainsi l\u2019occasion d\u2019\u00eatre belle.<\/p>\n<p>&nbsp;<\/p>\n<div style=\"width: 694px\" class=\"wp-caption aligncenter\"><img loading=\"lazy\" decoding=\"async\" class=\"\" src=\"https:\/\/www.medoucine.com\/blog\/\/wp-content\/uploads\/2021\/08\/pexels-helena-lopes-697244.jpg\" alt=\"Comment aider un jeune \u00e0 se r\u00e9approprier son existence ?\" width=\"684\" height=\"456\" \/><p class=\"wp-caption-text\">Pexels<\/p><\/div>\n<h3>Le go\u00fbt de la vie nourrit l\u2019envie d\u2019agir<\/h3>\n<p>C\u2019est par l\u2019action qu\u2019on teste, se frotte au monde, et que l\u2019on d\u00e9couvre nos zones de comp\u00e9tence. <strong>Se sentir comp\u00e9tent booste la confiance en soi<\/strong>. La confiance en soi est li\u00e9e \u00e0 la capacit\u00e9 d\u2019agir. Non pas qu\u2019il faille absolument r\u00e9ussir, mais croire en ses capacit\u00e9s pour oser aborder du nouveau, pers\u00e9v\u00e9rer, se renouveler, progresser en apprenant de ses erreurs. <strong>Favoriser la confiance en soi chez les jeunes<\/strong>, les aider \u00e0 croire en leurs capacit\u00e9s, c\u2019est leur ouvrir les portes de leur avenir.<\/p>\n<h3>Comment redonner confiance \u00e0 un jeune et l&rsquo;aider \u00e0 se r\u00e9approprier son existence ?<span class=\"Apple-converted-space\">\u00a0<\/span><\/h3>\n<p>Prenez du temps pour l\u2019\u00e9couter et d\u00e9velopper votre <strong>qualit\u00e9 d\u2019\u00e9coute<\/strong>.<br \/>\nIl vous fait part d\u2019un projet, d\u2019une envie, d\u2019une interrogation ? Abandonnez toute projection, jugement, irritation ou \u00e0 priori, pour donner toute sa place \u00e0 son propos, ses aspirations. Cherchez \u00e0 <strong>comprendre<\/strong> avant tout. Comprendre ce qu\u2019il cherche, ce qu\u2019il souhaite, ce qui le motive, etc. Vous pouvez vous installer dans une dynamique du \u00ab\u00a0pourquoi pas\u00a0\u00bb. Plus vous l\u2019aiderez \u00e0 d\u00e9rouler son plan, plus vous d\u00e9couvrirez ensemble les points positifs et les points n\u00e9gatifs; c\u2019est ainsi qu\u2019il pourra ajuster, revoir, am\u00e9liorer, ou m\u00eame choisir d\u2019abandonner. Mais c\u2019est elle, c\u2019est lui, qui choisit, devient acteur. <strong>En d\u00e9veloppant son autonomie<\/strong>, en r\u00e9organisant sa vision de lui-m\u00eame, en prenant conscience de ses ressources, le jeune aura ainsi prise sur ses possibilit\u00e9s d\u2019actions et cela l\u2019aide \u00e0 s\u2019approprier son existence.<\/p>\n<p><strong>S\u2019engager, se rendre utile<\/strong>, est primordial. En cette p\u00e9riode de pand\u00e9mie alors que toute activit\u00e9 \u00e9tait gravement restreinte, les chiffres montrent que les jeunes qui se sont engag\u00e9s b\u00e9n\u00e9volement ont moins souffert psychologiquement que les autres.<\/p>\n<div class=\"m-spin\">\n<p class=\"m-spin__text\"><strong>Reprenez le contr\u00f4le de votre vie gr\u00e2ce \u00e0 la PNL<\/strong><\/p>\n<p class=\"m-spin__text\">La Programmation Neuro-Linguistique (PNL) aide \u00e0 identifier et modifier les sch\u00e9mas de pens\u00e9e limitants. Prenez rendez-vous avec un <a class=\"m-spin__link\" target=\"_blank\" rel=\"noopener noreferrer\" href=\"https:\/\/www.medoucine.com\/consultations\/se-soigner\/pnl\/montpellier\/tous-publics\/a-domicile-ou-cabinet?utm_source=medoucine_blog_B2C&amp;utm_medium=article_blog&amp;utm_campaign=spin_seo\">Th\u00e9rapeute PNL \u00e0 Montpellier<\/a>, un <a class=\"m-spin__link\" target=\"_blank\" rel=\"noopener noreferrer\" href=\"https:\/\/www.medoucine.com\/consultations\/se-soigner\/pnl\/nice\/tous-publics\/a-domicile-ou-cabinet?utm_source=medoucine_blog_B2C&amp;utm_medium=article_blog&amp;utm_campaign=spin_seo\">Th\u00e9rapeute PNL \u00e0 Nice<\/a> ou un <a class=\"m-spin__link\" target=\"_blank\" rel=\"noopener noreferrer\" href=\"https:\/\/www.medoucine.com\/consultations\/se-soigner\/pnl\/strasbourg\/tous-publics\/a-domicile-ou-cabinet?utm_source=medoucine_blog_B2C&amp;utm_medium=article_blog&amp;utm_campaign=spin_seo\">Th\u00e9rapeute PNL \u00e0 Strasbourg<\/a> pour un accompagnement personnalis\u00e9. Elle est particuli\u00e8rement utile pour les jeunes en qu\u00eate de sens.<\/p>\n<p class=\"m-spin__text\">Besoin d&rsquo;un soutien suppl\u00e9mentaire ? Trouvez des <a class=\"m-spin__link\" target=\"_blank\" rel=\"noopener noreferrer\" href=\"https:\/\/www.medoucine.com\/consultations\/se-soigner\/pnl\/autour-de-moi?utm_source=medoucine_blog_B2C&amp;utm_medium=article_blog&amp;utm_campaign=spin_seo\">Praticiens en PNL pr\u00e8s de chez vous<\/a> pour vous guider vers un \u00e9panouissement personnel durable.<\/p>\n<\/div>\n<h2>2 &#8211; Les \u00e9motions<\/h2>\n<div style=\"width: 694px\" class=\"wp-caption aligncenter\"><img loading=\"lazy\" decoding=\"async\" class=\"\" src=\"https:\/\/www.medoucine.com\/blog\/\/wp-content\/uploads\/2021\/08\/pexels-andrea-piacquadio-3767396.jpg\" alt=\"Aider un jeune \u00e0 se r\u00e9approprier son existence\" width=\"684\" height=\"456\" \/><p class=\"wp-caption-text\">Pexels<\/p><\/div>\n<h3>L\u2019aider \u00e0 clarifier et accepter ses \u00e9motions<\/h3>\n<p>S\u2019approprier sa vie, son existence, c\u2019est aussi <strong>comprendre ce qui se passe en nous<\/strong>, \u00eatre connect\u00e9 \u00e0 soi. Un chemin privil\u00e9gi\u00e9 de compr\u00e9hension de soi est d\u2019entendre et <strong>clarifier les \u00e9motions qui nous habitent.<\/strong><\/p>\n<p>Les jeunes sont r\u00e9guli\u00e8rement travers\u00e9s par des m\u00e9li-m\u00e9los d\u2019\u00e9motions parfois intenses et contradictoires. En ce d\u00e9but d\u2019ann\u00e9e, par exemple, ils peuvent \u00eatre habit\u00e9s autant par l\u2019excitation, l\u2019enthousiasme, que de l\u2019inqui\u00e9tude, voire une certaine angoisse. Pour les nouveaux \u00e9tudiants, une certaine tristesse de quitter le confort familial peut se camoufler, malgr\u00e9 la joie de gagner plus d\u2019ind\u00e9pendance. Toutes <strong>ces \u00e9motions s\u2019entrem\u00ealent.<\/strong>\u00a0En l\u2019absence de clarification elles risquent de d\u00e9border. Elles s\u2019impriment dans le corps, installent un mal-\u00eatre diffus, se traduisent par des comportements inadapt\u00e9s voire malheureux. <strong>Aider le jeune \u00e0 comprendre ce qu\u2019il vit<\/strong>, les diff\u00e9rents \u00e9tats qu\u2019il traverse, l\u2019aide \u00e0 se situer et s\u2019accepter. Lors des stages et ateliers que j\u2019anime aupr\u00e8s des jeunes, r\u00e9guli\u00e8rement je constate un mieux \u00eatre apr\u00e8s ce travail de gestion des \u00e9motions.<span class=\"Apple-converted-space\">\u00a0<\/span><\/p>\n<h2>3 &#8211; Apr\u00e8s le go\u00fbt de la vie, vient le sens de la vie<\/h2>\n<h3>Chacun de nous est unique et a sa place sur la terre.<\/h3>\n<p>Avoir le go\u00fbt de la vie c\u2019est aussi croire que sa vie est unique, qu\u2019elle a une densit\u00e9 et <strong>un sens.<\/strong><\/p>\n<p>Aider un jeune \u00e0 se r\u00e9approprier son existence passe donc par le fait d\u2019<strong>interroger le sens qu\u2019il veut lui donner<\/strong>. Qu\u2019est ce qui est important pour lui ? Qu\u2019est-ce qu\u2019il aime et le rend heureux ? Qu\u2019est-ce qui est fondamental dans ses relations, dans son rapport aux autres ? Poser des objectifs r\u00e9alisables et les atteindre stimulent l\u2019action. Ce qui donne sens \u00e0 ces objectifs et leur donne toute pertinence, c\u2019est de les aligner sur des <strong>BUTS<\/strong> qui r\u00e9pondent au \u00ab\u00a0pour quoi faire cela ?\u00a0\u00bb Quand tout cela est coh\u00e9rent, c\u2019est le jackpot !<\/p>\n<p>On ne peut avoir le sentiment d\u2019<strong>\u00eatre acteur de sa vie<\/strong> que lorsqu\u2019on comprend pour quoi et comment on fait ceci ou cela. C\u2019est d\u2019ailleurs pour cette raison que les offres de stage <i>sine die<\/i> ou inint\u00e9ressantes, que les mauvaises ambiances professionnelles, que le manque de reconnaissance, d\u2019int\u00e9gration ou de valorisation, que la critique n\u00e9gative syst\u00e9matique, d\u00e9veloppent amertume, ressentiment et faible estime de soi. Tout cela creuse les routes de la d\u00e9pression et du mal-\u00eatre.<\/p>\n<h2>4 &#8211; Croire que c&rsquo;est possible !<\/h2>\n<p>Pour croire que \u00ab\u00a0ma vie m\u2019appartient et qu\u2019elle est entre mes propres mains\u00a0\u00bb, il faut d\u00e9j\u00e0 <strong>croire en soi et en ses possibilit\u00e9s<\/strong>.<\/p>\n<p>Aussi, pour aider un jeune \u00e0 se r\u00e9approprier son existence, <strong>croyez en lui, croyez en ses facult\u00e9s, croyez en sa fabuleuse capacit\u00e9 de progression et d\u2019action, croyez en ses r\u00e9ussites, croyez \u00e0 sa possibilit\u00e9 d\u2019\u00eatre heureux !<\/strong> C\u2019est cela qui le rendra heureux, lui donnera le go\u00fbt de la vie, le soutiendra dans ses doutes et ses \u00e9checs, l\u2019assurera qu\u2019il a une place et un avenir.<span class=\"Apple-converted-space\">\u00a0<\/span><\/p>\n<p>Faites tout cela avec <strong>l\u00e9g\u00e8ret\u00e9<\/strong>, en riant et en s\u2019aimant, car c\u2019est dans votre amour pour lui et pour la vie, qu\u2019il puisera la confiance n\u00e9cessaire \u00e0 la r\u00e9alisation de soi.<\/p>\n<p>Par <a href=\"https:\/\/www.medoucine.com\/consultation\/paris\/laure-de-balincourt\/1766\" target=\"_blank\" rel=\"noopener noreferrer\"><strong>Laure de Balincourt, coach PNL<\/strong><\/a>, recommand\u00e9e du r\u00e9seau M\u00e9doucine.<\/p>\n<p><strong>A lire aussi :<\/strong><\/p>\n<ul>\n<li><a href=\"https:\/\/www.medoucine.com\/blog\/\/aider-nos-enfants-a-retrouver-la-confiance-et-la-motivation-pour-la-rentree\/\" target=\"_blank\" rel=\"noopener noreferrer\">Comment aider nos enfants \u00e0 retrouver la confiance et la motivation pour la rentr\u00e9e ?<\/a><\/li>\n<li><a href=\"https:\/\/www.medoucine.com\/blog\/\/comment-faire-face-a-ses-peurs-avec-la-regulation-emotionnelle\/\" target=\"_blank\" rel=\"noopener noreferrer\">Comment faire face \u00e0 ses peurs avec la r\u00e9gulation \u00e9motionnelle ?<\/a><\/li>\n<li><a href=\"https:\/\/www.medoucine.com\/blog\/\/comment-lhypnotherapie-peut-elle-aider-les-adolescents-a-preparer-la-rentree\/\" target=\"_blank\" rel=\"noopener noreferrer\">Comment l\u2019hypnoth\u00e9rapie peut-elle aider les adolescents \u00e0 pr\u00e9parer la rentr\u00e9e ?<\/a><\/li>\n<\/ul>\n","protected":false},"excerpt":{"rendered":"<p>\u00ab\u00a0Ma vie m\u2019appartient et elle est entre mes propres mains\u00a0\u00bb. Voil\u00e0 une affirmation \u00e0 r\u00e9p\u00e9ter, int\u00e9rioriser, int\u00e9grer. Non seulement, elle fait du bien mais aussi elle sert l\u2019assertivit\u00e9. On est assertif quand on a confiance, en soi et dans la vie. Dans le contexte actuel, difficile pour tous, de nombreux jeunes ont perdu pied. Un sentiment de perdre le contr\u00f4le, d\u2019inutilit\u00e9, un \u00ab\u00a0A quoi bon\u00a0\u00bb sournois a envahi r\u00eaves et id\u00e9aux pour teinter le monde en gris. Comment alors retrouver le go\u00fbt de la vie et l\u2019envie de la dessiner \u00e0 sa guise ? Comment aider un jeune \u00e0 se r\u00e9approprier son existence ? 1 &#8211; Le go\u00fbt de la vie\u00a0 S\u2019approprier son existence, c\u2019est d\u00e9j\u00e0, en tout premier lieu, avoir le go\u00fbt de la vie. Le go\u00fbt de la vie s\u2019appuie sur une s\u00e9curit\u00e9 [&hellip;]<\/p>\n","protected":false},"author":493,"featured_media":19620,"comment_status":"open","ping_status":"open","sticky":false,"template":"","format":"standard","meta":{"_acf_changed":false,"footnotes":""},"categories":[101],"tags":[510,511,264,171],"class_list":["post-19512","post","type-post","status-publish","format-standard","has-post-thumbnail","hentry","category-psycho","tag-adolescent","tag-existence","tag-jeune","tag-psychologie"],"acf":[],"yoast_head":"<!-- This site is optimized with the Yoast SEO plugin v27.1.1 - https:\/\/yoast.com\/product\/yoast-seo-wordpress\/ -->\n<title>Comment aider un jeune \u00e0 se r\u00e9approprier son existence ?<\/title>\n<meta name=\"description\" content=\"Comment aider un jeune \u00e0 se r\u00e9approprier son existence ? Dans le contexte actuel, ils sont nombreux \u00e0 \u00e9prouver le besoin de retrouver le go\u00fbt de la vie.\" \/>\n<meta name=\"robots\" content=\"index, follow, max-snippet:-1, max-image-preview:large, max-video-preview:-1\" \/>\n<link rel=\"canonical\" href=\"https:\/\/www.medoucine.com\/blog\/comment-aider-un-jeune-a-se-reapproprier-son-existence\/\" \/>\n<meta property=\"og:locale\" content=\"fr_FR\" \/>\n<meta property=\"og:type\" content=\"article\" \/>\n<meta property=\"og:title\" content=\"Comment aider un jeune \u00e0 se r\u00e9approprier son existence ?\" \/>\n<meta property=\"og:description\" content=\"Comment aider un jeune \u00e0 se r\u00e9approprier son existence ? Dans le contexte actuel, ils sont nombreux \u00e0 \u00e9prouver le besoin de retrouver le go\u00fbt de la vie.\" \/>\n<meta property=\"og:url\" content=\"https:\/\/www.medoucine.com\/blog\/comment-aider-un-jeune-a-se-reapproprier-son-existence\/\" \/>\n<meta property=\"og:site_name\" content=\"Blog de Medoucine\" \/>\n<meta property=\"article:publisher\" content=\"https:\/\/www.facebook.com\/medoucine\/\" \/>\n<meta property=\"article:author\" content=\"https:\/\/www.facebook.com\/parcoursduloupblanc\" \/>\n<meta property=\"article:published_time\" content=\"2021-08-31T14:25:42+00:00\" \/>\n<meta property=\"article:modified_time\" content=\"2026-04-08T16:39:14+00:00\" \/>\n<meta property=\"og:image\" content=\"https:\/\/www.medoucine.com\/blog\/wp-content\/uploads\/2021\/08\/pexels-eren-li-7241551.jpg\" \/>\n\t<meta property=\"og:image:width\" content=\"1280\" \/>\n\t<meta property=\"og:image:height\" content=\"853\" \/>\n\t<meta property=\"og:image:type\" content=\"image\/jpeg\" \/>\n<meta name=\"author\" content=\"Laure de Balincourt\" \/>\n<meta name=\"twitter:card\" content=\"summary_large_image\" \/>\n<meta name=\"twitter:creator\" content=\"@medoucinefr\" \/>\n<meta name=\"twitter:site\" content=\"@medoucinefr\" \/>\n<meta name=\"twitter:label1\" content=\"\u00c9crit par\" \/>\n\t<meta name=\"twitter:data1\" content=\"Laure de Balincourt\" \/>\n\t<meta name=\"twitter:label2\" content=\"Dur\u00e9e de lecture estim\u00e9e\" \/>\n\t<meta name=\"twitter:data2\" content=\"7 minutes\" \/>\n<script type=\"application\/ld+json\" class=\"yoast-schema-graph\">{\"@context\":\"https:\/\/schema.org\",\"@graph\":[{\"@type\":\"Article\",\"@id\":\"https:\/\/www.medoucine.com\/blog\/comment-aider-un-jeune-a-se-reapproprier-son-existence\/#article\",\"isPartOf\":{\"@id\":\"https:\/\/www.medoucine.com\/blog\/comment-aider-un-jeune-a-se-reapproprier-son-existence\/\"},\"author\":{\"name\":\"Laure de Balincourt\",\"@id\":\"https:\/\/www.medoucine.com\/blog\/#\/schema\/person\/80329becdfd98caba2ccb4243189904d\"},\"headline\":\"Comment aider un jeune \u00e0 se r\u00e9approprier son existence ?\",\"datePublished\":\"2021-08-31T14:25:42+00:00\",\"dateModified\":\"2026-04-08T16:39:14+00:00\",\"mainEntityOfPage\":{\"@id\":\"https:\/\/www.medoucine.com\/blog\/comment-aider-un-jeune-a-se-reapproprier-son-existence\/\"},\"wordCount\":1335,\"commentCount\":0,\"publisher\":{\"@id\":\"https:\/\/www.medoucine.com\/blog\/#organization\"},\"image\":{\"@id\":\"https:\/\/www.medoucine.com\/blog\/comment-aider-un-jeune-a-se-reapproprier-son-existence\/#primaryimage\"},\"thumbnailUrl\":\"https:\/\/www.medoucine.com\/blog\/wp-content\/uploads\/2021\/08\/pexels-eren-li-7241551.jpg\",\"keywords\":[\"adolescent\",\"existence\",\"je\u00fbne\",\"Psychologie\"],\"articleSection\":[\"Psycho\"],\"inLanguage\":\"fr-FR\",\"potentialAction\":[{\"@type\":\"CommentAction\",\"name\":\"Comment\",\"target\":[\"https:\/\/www.medoucine.com\/blog\/comment-aider-un-jeune-a-se-reapproprier-son-existence\/#respond\"]}]},{\"@type\":\"WebPage\",\"@id\":\"https:\/\/www.medoucine.com\/blog\/comment-aider-un-jeune-a-se-reapproprier-son-existence\/\",\"url\":\"https:\/\/www.medoucine.com\/blog\/comment-aider-un-jeune-a-se-reapproprier-son-existence\/\",\"name\":\"Comment aider un jeune \u00e0 se r\u00e9approprier son existence ?\",\"isPartOf\":{\"@id\":\"https:\/\/www.medoucine.com\/blog\/#website\"},\"primaryImageOfPage\":{\"@id\":\"https:\/\/www.medoucine.com\/blog\/comment-aider-un-jeune-a-se-reapproprier-son-existence\/#primaryimage\"},\"image\":{\"@id\":\"https:\/\/www.medoucine.com\/blog\/comment-aider-un-jeune-a-se-reapproprier-son-existence\/#primaryimage\"},\"thumbnailUrl\":\"https:\/\/www.medoucine.com\/blog\/wp-content\/uploads\/2021\/08\/pexels-eren-li-7241551.jpg\",\"datePublished\":\"2021-08-31T14:25:42+00:00\",\"dateModified\":\"2026-04-08T16:39:14+00:00\",\"description\":\"Comment aider un jeune \u00e0 se r\u00e9approprier son existence ? Dans le contexte actuel, ils sont nombreux \u00e0 \u00e9prouver le besoin de retrouver le go\u00fbt de la vie.\",\"breadcrumb\":{\"@id\":\"https:\/\/www.medoucine.com\/blog\/comment-aider-un-jeune-a-se-reapproprier-son-existence\/#breadcrumb\"},\"inLanguage\":\"fr-FR\",\"potentialAction\":[{\"@type\":\"ReadAction\",\"target\":[\"https:\/\/www.medoucine.com\/blog\/comment-aider-un-jeune-a-se-reapproprier-son-existence\/\"]}]},{\"@type\":\"ImageObject\",\"inLanguage\":\"fr-FR\",\"@id\":\"https:\/\/www.medoucine.com\/blog\/comment-aider-un-jeune-a-se-reapproprier-son-existence\/#primaryimage\",\"url\":\"https:\/\/www.medoucine.com\/blog\/wp-content\/uploads\/2021\/08\/pexels-eren-li-7241551.jpg\",\"contentUrl\":\"https:\/\/www.medoucine.com\/blog\/wp-content\/uploads\/2021\/08\/pexels-eren-li-7241551.jpg\",\"width\":1280,\"height\":853,\"caption\":\"Comment aider un jeune \u00e0 se r\u00e9approprier son existence ?\"},{\"@type\":\"BreadcrumbList\",\"@id\":\"https:\/\/www.medoucine.com\/blog\/comment-aider-un-jeune-a-se-reapproprier-son-existence\/#breadcrumb\",\"itemListElement\":[{\"@type\":\"ListItem\",\"position\":1,\"name\":\"Blog Medoucine\",\"item\":\"https:\/\/www.medoucine.com\/blog\/\"},{\"@type\":\"ListItem\",\"position\":2,\"name\":\"Psycho\",\"item\":\"https:\/\/www.medoucine.com\/blog\/cat\/psycho\/\"},{\"@type\":\"ListItem\",\"position\":3,\"name\":\"Comment aider un jeune \u00e0 se r\u00e9approprier son existence ?\"}]},{\"@type\":\"WebSite\",\"@id\":\"https:\/\/www.medoucine.com\/blog\/#website\",\"url\":\"https:\/\/www.medoucine.com\/blog\/\",\"name\":\"Blog de Medoucine\",\"description\":\"Le blog des m\u00e9decines douces\",\"publisher\":{\"@id\":\"https:\/\/www.medoucine.com\/blog\/#organization\"},\"potentialAction\":[{\"@type\":\"SearchAction\",\"target\":{\"@type\":\"EntryPoint\",\"urlTemplate\":\"https:\/\/www.medoucine.com\/blog\/?s={search_term_string}\"},\"query-input\":{\"@type\":\"PropertyValueSpecification\",\"valueRequired\":true,\"valueName\":\"search_term_string\"}}],\"inLanguage\":\"fr-FR\"},{\"@type\":\"Organization\",\"@id\":\"https:\/\/www.medoucine.com\/blog\/#organization\",\"name\":\"Medoucine\",\"url\":\"https:\/\/www.medoucine.com\/blog\/\",\"logo\":{\"@type\":\"ImageObject\",\"inLanguage\":\"fr-FR\",\"@id\":\"https:\/\/www.medoucine.com\/blog\/#\/schema\/logo\/image\/\",\"url\":\"https:\/\/www.medoucine.com\/blog\/wp-content\/uploads\/2019\/07\/logo@3x.png\",\"contentUrl\":\"https:\/\/www.medoucine.com\/blog\/wp-content\/uploads\/2019\/07\/logo@3x.png\",\"width\":555,\"height\":135,\"caption\":\"Medoucine\"},\"image\":{\"@id\":\"https:\/\/www.medoucine.com\/blog\/#\/schema\/logo\/image\/\"},\"sameAs\":[\"https:\/\/www.facebook.com\/medoucine\/\",\"https:\/\/x.com\/medoucinefr\",\"https:\/\/www.instagram.com\/medoucine\/\",\"https:\/\/www.youtube.com\/channel\/UCtZeUeJ_KebYK0KJAXjJV8g\"]},{\"@type\":\"Person\",\"@id\":\"https:\/\/www.medoucine.com\/blog\/#\/schema\/person\/80329becdfd98caba2ccb4243189904d\",\"name\":\"Laure de Balincourt\",\"image\":{\"@type\":\"ImageObject\",\"inLanguage\":\"fr-FR\",\"@id\":\"https:\/\/www.medoucine.com\/blog\/#\/schema\/person\/image\/\",\"url\":\"https:\/\/secure.gravatar.com\/avatar\/a1ef8c716c8332a4894d7911222c98ebb199ced81993c2ada4ed7f861f17cf1e?s=96&d=mm&r=g\",\"contentUrl\":\"https:\/\/secure.gravatar.com\/avatar\/a1ef8c716c8332a4894d7911222c98ebb199ced81993c2ada4ed7f861f17cf1e?s=96&d=mm&r=g\",\"caption\":\"Laure de Balincourt\"},\"description\":\"Ma pratique vous accompagne dans le d\u00e9veloppement de vos comp\u00e9tences \u00e9motionnelles, car faire de vos \u00e9motions des alli\u00e9es vous permettra de mieux vous adapter aux situations, qu'elles soient sociales, familiales ou professionnelles. Mes points d'expertise sont la confiance en soi, l'estime de soi, la conscience de soi. \\\"Le parcours du Loup Blanc\\\" \u00a0que je propose \u00e9galement est un coaching d\u00e9di\u00e9 aux jeunes. Essentiellement ax\u00e9 sur la confiance en soi, l'estime de soi, la motivation, ce parcours associe d\u00e9veloppement personnel, neurosciences,\u00a0 m\u00e9thodologies de travail et cr\u00e9ativit\u00e9 pour leur permettre de croire en leurs capacit\u00e9s et ouvrir le champ des possibles.\",\"sameAs\":[\"https:\/\/www.medoucine.com\/consultation\/paris\/laure-de-balincourt\/1766\",\"https:\/\/www.facebook.com\/parcoursduloupblanc\",\"https:\/\/www.instagram.com\/parcoursduloupblanc\/\",\"https:\/\/www.linkedin.com\/in\/laure-de-balincourt-0aa3a061\/\",\"https:\/\/www.pinterest.fr\/LoupBlancPNL\/\",\"https:\/\/www.youtube.com\/c\/Parcoursduloupblanc\/videos\"],\"url\":\"https:\/\/www.medoucine.com\/blog\/author\/laure_debalincourt\/\"}]}<\/script>\n<!-- \/ Yoast SEO plugin. -->","yoast_head_json":{"title":"Comment aider un jeune \u00e0 se r\u00e9approprier son existence ?","description":"Comment aider un jeune \u00e0 se r\u00e9approprier son existence ? Dans le contexte actuel, ils sont nombreux \u00e0 \u00e9prouver le besoin de retrouver le go\u00fbt de la vie.","robots":{"index":"index","follow":"follow","max-snippet":"max-snippet:-1","max-image-preview":"max-image-preview:large","max-video-preview":"max-video-preview:-1"},"canonical":"https:\/\/www.medoucine.com\/blog\/comment-aider-un-jeune-a-se-reapproprier-son-existence\/","og_locale":"fr_FR","og_type":"article","og_title":"Comment aider un jeune \u00e0 se r\u00e9approprier son existence ?","og_description":"Comment aider un jeune \u00e0 se r\u00e9approprier son existence ? Dans le contexte actuel, ils sont nombreux \u00e0 \u00e9prouver le besoin de retrouver le go\u00fbt de la vie.","og_url":"https:\/\/www.medoucine.com\/blog\/comment-aider-un-jeune-a-se-reapproprier-son-existence\/","og_site_name":"Blog de Medoucine","article_publisher":"https:\/\/www.facebook.com\/medoucine\/","article_author":"https:\/\/www.facebook.com\/parcoursduloupblanc","article_published_time":"2021-08-31T14:25:42+00:00","article_modified_time":"2026-04-08T16:39:14+00:00","og_image":[{"width":1280,"height":853,"url":"https:\/\/www.medoucine.com\/blog\/wp-content\/uploads\/2021\/08\/pexels-eren-li-7241551.jpg","type":"image\/jpeg"}],"author":"Laure de Balincourt","twitter_card":"summary_large_image","twitter_creator":"@medoucinefr","twitter_site":"@medoucinefr","twitter_misc":{"\u00c9crit par":"Laure de Balincourt","Dur\u00e9e de lecture estim\u00e9e":"7 minutes"},"schema":{"@context":"https:\/\/schema.org","@graph":[{"@type":"Article","@id":"https:\/\/www.medoucine.com\/blog\/comment-aider-un-jeune-a-se-reapproprier-son-existence\/#article","isPartOf":{"@id":"https:\/\/www.medoucine.com\/blog\/comment-aider-un-jeune-a-se-reapproprier-son-existence\/"},"author":{"name":"Laure de Balincourt","@id":"https:\/\/www.medoucine.com\/blog\/#\/schema\/person\/80329becdfd98caba2ccb4243189904d"},"headline":"Comment aider un jeune \u00e0 se r\u00e9approprier son existence ?","datePublished":"2021-08-31T14:25:42+00:00","dateModified":"2026-04-08T16:39:14+00:00","mainEntityOfPage":{"@id":"https:\/\/www.medoucine.com\/blog\/comment-aider-un-jeune-a-se-reapproprier-son-existence\/"},"wordCount":1335,"commentCount":0,"publisher":{"@id":"https:\/\/www.medoucine.com\/blog\/#organization"},"image":{"@id":"https:\/\/www.medoucine.com\/blog\/comment-aider-un-jeune-a-se-reapproprier-son-existence\/#primaryimage"},"thumbnailUrl":"https:\/\/www.medoucine.com\/blog\/wp-content\/uploads\/2021\/08\/pexels-eren-li-7241551.jpg","keywords":["adolescent","existence","je\u00fbne","Psychologie"],"articleSection":["Psycho"],"inLanguage":"fr-FR","potentialAction":[{"@type":"CommentAction","name":"Comment","target":["https:\/\/www.medoucine.com\/blog\/comment-aider-un-jeune-a-se-reapproprier-son-existence\/#respond"]}]},{"@type":"WebPage","@id":"https:\/\/www.medoucine.com\/blog\/comment-aider-un-jeune-a-se-reapproprier-son-existence\/","url":"https:\/\/www.medoucine.com\/blog\/comment-aider-un-jeune-a-se-reapproprier-son-existence\/","name":"Comment aider un jeune \u00e0 se r\u00e9approprier son existence ?","isPartOf":{"@id":"https:\/\/www.medoucine.com\/blog\/#website"},"primaryImageOfPage":{"@id":"https:\/\/www.medoucine.com\/blog\/comment-aider-un-jeune-a-se-reapproprier-son-existence\/#primaryimage"},"image":{"@id":"https:\/\/www.medoucine.com\/blog\/comment-aider-un-jeune-a-se-reapproprier-son-existence\/#primaryimage"},"thumbnailUrl":"https:\/\/www.medoucine.com\/blog\/wp-content\/uploads\/2021\/08\/pexels-eren-li-7241551.jpg","datePublished":"2021-08-31T14:25:42+00:00","dateModified":"2026-04-08T16:39:14+00:00","description":"Comment aider un jeune \u00e0 se r\u00e9approprier son existence ? Dans le contexte actuel, ils sont nombreux \u00e0 \u00e9prouver le besoin de retrouver le go\u00fbt de la vie.","breadcrumb":{"@id":"https:\/\/www.medoucine.com\/blog\/comment-aider-un-jeune-a-se-reapproprier-son-existence\/#breadcrumb"},"inLanguage":"fr-FR","potentialAction":[{"@type":"ReadAction","target":["https:\/\/www.medoucine.com\/blog\/comment-aider-un-jeune-a-se-reapproprier-son-existence\/"]}]},{"@type":"ImageObject","inLanguage":"fr-FR","@id":"https:\/\/www.medoucine.com\/blog\/comment-aider-un-jeune-a-se-reapproprier-son-existence\/#primaryimage","url":"https:\/\/www.medoucine.com\/blog\/wp-content\/uploads\/2021\/08\/pexels-eren-li-7241551.jpg","contentUrl":"https:\/\/www.medoucine.com\/blog\/wp-content\/uploads\/2021\/08\/pexels-eren-li-7241551.jpg","width":1280,"height":853,"caption":"Comment aider un jeune \u00e0 se r\u00e9approprier son existence ?"},{"@type":"BreadcrumbList","@id":"https:\/\/www.medoucine.com\/blog\/comment-aider-un-jeune-a-se-reapproprier-son-existence\/#breadcrumb","itemListElement":[{"@type":"ListItem","position":1,"name":"Blog Medoucine","item":"https:\/\/www.medoucine.com\/blog\/"},{"@type":"ListItem","position":2,"name":"Psycho","item":"https:\/\/www.medoucine.com\/blog\/cat\/psycho\/"},{"@type":"ListItem","position":3,"name":"Comment aider un jeune \u00e0 se r\u00e9approprier son existence ?"}]},{"@type":"WebSite","@id":"https:\/\/www.medoucine.com\/blog\/#website","url":"https:\/\/www.medoucine.com\/blog\/","name":"Blog de Medoucine","description":"Le blog des m\u00e9decines douces","publisher":{"@id":"https:\/\/www.medoucine.com\/blog\/#organization"},"potentialAction":[{"@type":"SearchAction","target":{"@type":"EntryPoint","urlTemplate":"https:\/\/www.medoucine.com\/blog\/?s={search_term_string}"},"query-input":{"@type":"PropertyValueSpecification","valueRequired":true,"valueName":"search_term_string"}}],"inLanguage":"fr-FR"},{"@type":"Organization","@id":"https:\/\/www.medoucine.com\/blog\/#organization","name":"Medoucine","url":"https:\/\/www.medoucine.com\/blog\/","logo":{"@type":"ImageObject","inLanguage":"fr-FR","@id":"https:\/\/www.medoucine.com\/blog\/#\/schema\/logo\/image\/","url":"https:\/\/www.medoucine.com\/blog\/wp-content\/uploads\/2019\/07\/logo@3x.png","contentUrl":"https:\/\/www.medoucine.com\/blog\/wp-content\/uploads\/2019\/07\/logo@3x.png","width":555,"height":135,"caption":"Medoucine"},"image":{"@id":"https:\/\/www.medoucine.com\/blog\/#\/schema\/logo\/image\/"},"sameAs":["https:\/\/www.facebook.com\/medoucine\/","https:\/\/x.com\/medoucinefr","https:\/\/www.instagram.com\/medoucine\/","https:\/\/www.youtube.com\/channel\/UCtZeUeJ_KebYK0KJAXjJV8g"]},{"@type":"Person","@id":"https:\/\/www.medoucine.com\/blog\/#\/schema\/person\/80329becdfd98caba2ccb4243189904d","name":"Laure de Balincourt","image":{"@type":"ImageObject","inLanguage":"fr-FR","@id":"https:\/\/www.medoucine.com\/blog\/#\/schema\/person\/image\/","url":"https:\/\/secure.gravatar.com\/avatar\/a1ef8c716c8332a4894d7911222c98ebb199ced81993c2ada4ed7f861f17cf1e?s=96&d=mm&r=g","contentUrl":"https:\/\/secure.gravatar.com\/avatar\/a1ef8c716c8332a4894d7911222c98ebb199ced81993c2ada4ed7f861f17cf1e?s=96&d=mm&r=g","caption":"Laure de Balincourt"},"description":"Ma pratique vous accompagne dans le d\u00e9veloppement de vos comp\u00e9tences \u00e9motionnelles, car faire de vos \u00e9motions des alli\u00e9es vous permettra de mieux vous adapter aux situations, qu'elles soient sociales, familiales ou professionnelles. Mes points d'expertise sont la confiance en soi, l'estime de soi, la conscience de soi. \"Le parcours du Loup Blanc\" \u00a0que je propose \u00e9galement est un coaching d\u00e9di\u00e9 aux jeunes. Essentiellement ax\u00e9 sur la confiance en soi, l'estime de soi, la motivation, ce parcours associe d\u00e9veloppement personnel, neurosciences,\u00a0 m\u00e9thodologies de travail et cr\u00e9ativit\u00e9 pour leur permettre de croire en leurs capacit\u00e9s et ouvrir le champ des possibles.","sameAs":["https:\/\/www.medoucine.com\/consultation\/paris\/laure-de-balincourt\/1766","https:\/\/www.facebook.com\/parcoursduloupblanc","https:\/\/www.instagram.com\/parcoursduloupblanc\/","https:\/\/www.linkedin.com\/in\/laure-de-balincourt-0aa3a061\/","https:\/\/www.pinterest.fr\/LoupBlancPNL\/","https:\/\/www.youtube.com\/c\/Parcoursduloupblanc\/videos"],"url":"https:\/\/www.medoucine.com\/blog\/author\/laure_debalincourt\/"}]}},"_links":{"self":[{"href":"https:\/\/www.medoucine.com\/blog\/wp-json\/wp\/v2\/posts\/19512","targetHints":{"allow":["GET"]}}],"collection":[{"href":"https:\/\/www.medoucine.com\/blog\/wp-json\/wp\/v2\/posts"}],"about":[{"href":"https:\/\/www.medoucine.com\/blog\/wp-json\/wp\/v2\/types\/post"}],"author":[{"embeddable":true,"href":"https:\/\/www.medoucine.com\/blog\/wp-json\/wp\/v2\/users\/493"}],"replies":[{"embeddable":true,"href":"https:\/\/www.medoucine.com\/blog\/wp-json\/wp\/v2\/comments?post=19512"}],"version-history":[{"count":13,"href":"https:\/\/www.medoucine.com\/blog\/wp-json\/wp\/v2\/posts\/19512\/revisions"}],"predecessor-version":[{"id":42680,"href":"https:\/\/www.medoucine.com\/blog\/wp-json\/wp\/v2\/posts\/19512\/revisions\/42680"}],"wp:featuredmedia":[{"embeddable":true,"href":"https:\/\/www.medoucine.com\/blog\/wp-json\/wp\/v2\/media\/19620"}],"wp:attachment":[{"href":"https:\/\/www.medoucine.com\/blog\/wp-json\/wp\/v2\/media?parent=19512"}],"wp:term":[{"taxonomy":"category","embeddable":true,"href":"https:\/\/www.medoucine.com\/blog\/wp-json\/wp\/v2\/categories?post=19512"},{"taxonomy":"post_tag","embeddable":true,"href":"https:\/\/www.medoucine.com\/blog\/wp-json\/wp\/v2\/tags?post=19512"}],"curies":[{"name":"wp","href":"https:\/\/api.w.org\/{rel}","templated":true}]}}