{"id":19502,"date":"2021-09-09T17:34:45","date_gmt":"2021-09-09T15:34:45","guid":{"rendered":"https:\/\/www.medoucine.com\/blog\/?p=19502"},"modified":"2026-04-08T18:38:53","modified_gmt":"2026-04-08T16:38:53","slug":"les-quatre-dimensions-du-couple","status":"publish","type":"post","link":"https:\/\/www.medoucine.com\/blog\/les-quatre-dimensions-du-couple\/","title":{"rendered":"Les quatre dimensions du couple"},"content":{"rendered":"<p class=\"has-drop-cap\">Le couple, quatre dimensions : une \u00e9nergie, une alchimie, la magie du \u00ab\u00a01+1=1\u00a0\u00bb, sortir du \u00ab tout est dit, tout est su \u00bb pour avancer sur son propre chemin, sa propre histoire, une histoire unique et universelle \u00e0 la fois. Le tissu de cette histoire est commun \u00e0 toutes et tous, mais le v\u00eatement est unique avec les acteurs du couple comme tailleurs.<\/p>\n<p>&nbsp;<\/p>\n<div style=\"width: 695px\" class=\"wp-caption aligncenter\"><img loading=\"lazy\" decoding=\"async\" class=\"\" src=\"https:\/\/www.medoucine.com\/blog\/\/wp-content\/uploads\/2021\/08\/pexels-andre-furtado-1417255.jpg\" alt=\"Les quatre dimensions du couple\" width=\"685\" height=\"456\" \/><p class=\"wp-caption-text\">Pexels<\/p><\/div>\n<p><strong>La relation \u00e0 deux est une co-cr\u00e9ation permanente faite de constants positionnements et ajustements.<\/strong><\/p>\n<p>Ce subtil \u00e9quilibre entre les d\u00e9sirs de l\u2019un et les envies de l\u2019autre constitue l\u2019alchimie au bien \u00eatre o\u00f9 les limites de chacun, exprim\u00e9s et entendus favorisent la co-contruction du couple dans la dur\u00e9e.<\/p>\n<p><strong>La relation dans le couple se tisse \u00e0 travers 4 dimensions<\/strong>.\u00a0Je vous propose d\u2019ouvrir chacune des portes de ces dimensions que sont :<\/p>\n<ul>\n<li>Les\u00a0 enjeux du couple<\/li>\n<li>Les impacts des conflits au sein du couple<\/li>\n<li>L\u2019intimit\u00e9 et la relation dans le couple<\/li>\n<li>Le d\u00e9sir, la sexualit\u00e9\u00a0 pour le couple<\/li>\n<\/ul>\n<p><em>Nous ne pourrons pas approfondir dans ce premier texte chacune de ces dimensions. Aussi je vous propose de venir les explorer dans le d\u00e9tail dans le cadre de stages.<\/em><\/p>\n<h2><strong>Le couple et ses enjeux<\/strong><\/h2>\n<p>\u00ab Se mettre en couple \u00bb, r\u00e9pond \u00e0 cette injonction culturelle et sociale sans quoi \u00ab on n\u2019a pas r\u00e9ussi sa vie \u00bb. Le couple devient d\u00e8s lors non plus une intention, un projet propre mais une vitrine \u00ab du para\u00eetre \u00bb : <strong>Non !<\/strong><\/p>\n<p><strong>Etre en couple c\u2019est \u00e0 la r\u00e9alisation d\u2019un projet<\/strong>, propre \u00e0 chacun, une vision de sa vie, de la vie. Cette vision est le fruit du pass\u00e9 de chacun, de son exp\u00e9rience, de ses projections, elle est unique. La chrysalide faite de l\u2019union de ces deux histoires va permettre au couple d\u2019exister et de devenir.<\/p>\n<div style=\"width: 692px\" class=\"wp-caption aligncenter\"><img loading=\"lazy\" decoding=\"async\" class=\"\" src=\"https:\/\/www.medoucine.com\/blog\/\/wp-content\/uploads\/2021\/08\/pexels-shvets-production-8972534.jpg\" alt=\"Les quatre dimensions du couple\" width=\"682\" height=\"454\" \/><p class=\"wp-caption-text\">Pexels<\/p><\/div>\n<p>L\u00e0 est l\u2019enjeu, <strong>devenir un couple c\u2019est s\u2019\u00e9panouir en tant que papillon, l\u00e9ger et majestueux.<\/strong> Les ailes aux couleurs vives et chatoyantes mais fragiles si l\u2019on n\u2019y prend pas garde. Etre toujours dans l\u2019attention, ne pas vouloir l\u2019\u00e9pingler sur le tableau de para\u00eetre, du \u00ab qu&rsquo;en-dira-t-on \u00bb.<\/p>\n<p><strong>Ne pas se perdre dans l\u2019autre, dans les autres, \u00eatre soi et le demeurer<\/strong>, si chacun a ses propres valeurs, celles-ci doivent \u00eatre entendues, respect\u00e9es dans la relation.<\/p>\n<div class=\"m-spin\">\n<p class=\"m-spin__text\"><strong>Ravivez la flamme : le couple au c\u0153ur de votre bien-\u00eatre<\/strong><\/p>\n<p class=\"m-spin__text\">Les tensions et les blocages \u00e9motionnels peuvent affecter votre relation. Prenez rendez-vous avec un <a class=\"m-spin__link\" target=\"_blank\" rel=\"noopener noreferrer\" href=\"https:\/\/www.medoucine.com\/consultations\/se-soigner\/therapie-psychocorporelle\/bordeaux\/tous-publics\/a-domicile-ou-cabinet?utm_source=medoucine_blog_B2C&amp;utm_medium=article_blog&amp;utm_campaign=spin_seo\">Th\u00e9rapeute Psychocorporel \u00e0 Bordeaux<\/a>, un <a class=\"m-spin__link\" target=\"_blank\" rel=\"noopener noreferrer\" href=\"https:\/\/www.medoucine.com\/consultations\/se-soigner\/therapie-psychocorporelle\/nantes\/tous-publics\/a-domicile-ou-cabinet?utm_source=medoucine_blog_B2C&amp;utm_medium=article_blog&amp;utm_campaign=spin_seo\">Th\u00e9rapeute Psychocorporel \u00e0 Nantes<\/a> ou un <a class=\"m-spin__link\" target=\"_blank\" rel=\"noopener noreferrer\" href=\"https:\/\/www.medoucine.com\/consultations\/se-soigner\/therapie-psychocorporelle\/paris\/tous-publics\/a-domicile-ou-cabinet?utm_source=medoucine_blog_B2C&amp;utm_medium=article_blog&amp;utm_campaign=spin_seo\">Th\u00e9rapeute Psychocorporel \u00e0 Paris<\/a> pour explorer ces dynamiques et retrouver une harmonie profonde.<\/p>\n<p class=\"m-spin__text\">Vous cherchez un accompagnement personnalis\u00e9 ? Trouvez des <a class=\"m-spin__link\" target=\"_blank\" rel=\"noopener noreferrer\" href=\"https:\/\/www.medoucine.com\/consultations\/se-soigner\/therapie-psychocorporelle\/autour-de-moi?utm_source=medoucine_blog_B2C&amp;utm_medium=article_blog&amp;utm_campaign=spin_seo\">Th\u00e9rapeutes Psychocorporels pr\u00e8s de chez vous<\/a> pour un dialogue authentique et une relation \u00e9panouie.<\/p>\n<\/div>\n<h2><strong>L\u2019impact des conflits sur la relation <\/strong><\/h2>\n<p>Les valeurs, les croyances, les repr\u00e9sentations de chacun sont uniques et individuelles. Ces besoins et ces attentes dans la relation, dans la vie commune, dans l\u2019\u00e9ducation, dans le partage, la parole, la sexualit\u00e9 peuvent \u00eatre la source de conflit, d\u2019enjeu, de lutte de pouvoir.<\/p>\n<p>Pourquoi ?\u00a0 Un premier constat saute au yeux, mais m\u00e9rite d\u2019\u00eatre \u00e9voqu\u00e9, il y a une diff\u00e9rence entre les hommes et les femmes. Si, si ! Et <strong>cette diff\u00e9rence est accentu\u00e9e par la culture, l\u2019histoire, les m\u00e9dias et la soci\u00e9t\u00e9 dans laquelle nous vivons.<\/strong> Nous n\u2019irons pas plus loin aujourd\u2019hui sur ce chemin, mais sachez qu\u2019il ne faut pas l\u2019oublier, l\u2019avoir toujours en t\u00eate, \u00ab\u00a0<em>les hommes viennent de Mars et les femmes de V\u00e9nus.<\/em>\u00a0\u00bb<\/p>\n<p>Ces polluants de la relation, les enjeux mis en place et les luttes de pouvoir qui en d\u00e9coulent sont une des dimensions les plus visibles et les plus insidieuses\u00a0 du couple.<\/p>\n<p>Quand le \u00ab Je \u00bb devient \u00ab On \u00bb, quand l\u2019homme ou la femme se perd dans l\u2019autre, pour \u00e9viter le conflit, par crainte d\u2019une rupture, par peur du regard des autres, par peur d\u2019\u00eatre seul, par d\u00e9samour de sa propre personne\u2026<\/p>\n<p><em>Parler<\/em>, les protagonistes de cette unit\u00e9 d\u2019amour qu\u2019est le couple ne peuvent se passer de parler, de se parler, d\u2019exprimer ses besoins, de se respecter dans la parole et de se respecter l\u2019autre dans l\u2019\u00e9coute.<\/p>\n<h2><strong>La relation et l\u2019intimit\u00e9<\/strong><\/h2>\n<p>De nombreuses histoires commencent par la passion, \u00ab\u00a0<em>l\u2019amour rend aveugle\u00a0et le couple rend la vue<\/em> \u00bb, r\u00e9flexion pleine d\u2019humour et de bon sens qui repose sur une r\u00e9alit\u00e9. <strong>Passer de cette passion \u00e0 la relation c\u2019est comme nous venons de le d\u00e9crire oser poser ses limites<\/strong>, oser \u00e9noncer ses envies, oser demander et apprendre \u00e0 dire <em>non<\/em>.<\/p>\n<div style=\"width: 695px\" class=\"wp-caption aligncenter\"><img loading=\"lazy\" decoding=\"async\" class=\"\" src=\"https:\/\/www.medoucine.com\/blog\/\/wp-content\/uploads\/2021\/08\/pexels-leah-kelley-1449670.jpg\" alt=\"Complicit\u00e9 et intimit\u00e9 dans la relation de couple\" width=\"685\" height=\"456\" \/><p class=\"wp-caption-text\">Pexels<\/p><\/div>\n<p><strong>Etre \u00e0 deux c\u2019est d\u2019abord s\u2019aimer soi-m\u00eame, conna\u00eetre son histoire personnelle, l\u2019accepter, s\u2019appr\u00e9cier, avoir de l\u2019estime pour soi<\/strong>. De cette base pouvoir aller vers l\u2019autre pour se laisser d\u00e9couvrir et aimer tel que l\u2019on est et non tel que l\u2019autre veut que l\u2019on soit, ou que l\u2019on imagine que l\u2019autre veut que l\u2019on soit.<\/p>\n<p><strong>Les fronti\u00e8res de l\u2019intimit\u00e9 n\u2019ont pas \u00e0 \u00eatre impos\u00e9es par l\u2019autre, c\u2019est \u00e0 chacun de poser les siennes et d\u2019accepter celles de l\u2019autre.<\/strong> Chacun au sein du couple a ses propres fronti\u00e8res internes et externes.<\/p>\n<p><strong>Quand les fronti\u00e8res sont d\u00e9finies, le couple peut alors s\u2019\u00e9panouir,<\/strong> grandir, rayonner et chacun se nourrir de la relation avec l\u2019autre.\u00a0 Apprendre \u00e0 dire et \u00e0 \u00e9couter, poser ses d\u00e9sirs, ses craintes, ses joies, ses attentes, ses regrets sans jugement, dans la bienveillance, pour d\u00e9velopper, accroitre, illuminer la communication, se nourrir de l\u2019exp\u00e9rience de l\u2019autre.<\/p>\n<h2><strong>La sexualit\u00e9, l\u2019\u00e9rotisme et le d\u00e9sir<\/strong><\/h2>\n<p><strong>La nourriture du couple passe aussi par la sexualit\u00e9.<\/strong> Sexualit\u00e9, le mot est pos\u00e9, avec tous les sous-entendus, les non-dits, les images, les repr\u00e9sentations\u2026 Bref, les id\u00e9es re\u00e7ues et les repr\u00e9sentations de chacun sur ce mot.<\/p>\n<div style=\"width: 693px\" class=\"wp-caption aligncenter\"><img loading=\"lazy\" decoding=\"async\" class=\"\" src=\"https:\/\/www.medoucine.com\/blog\/\/wp-content\/uploads\/2021\/08\/pexels-pixabay-326582.jpg\" alt=\"Sexualit\u00e9, \u00e9rotisme et d\u00e9sir dans le couple\" width=\"683\" height=\"455\" \/><p class=\"wp-caption-text\">Pexels<\/p><\/div>\n<p>Nous sommes dans une soci\u00e9t\u00e9 ambivalente, d\u2019un cot\u00e9 toujours plus pudibonde dans ses propos et de l\u2019autre qui offre au travers d&rsquo;internet et des r\u00e9seaux sociaux un acc\u00e8s facile \u00e0 la pornographie. <strong>Les repr\u00e9sentations du masculin et de f\u00e9minin sont d\u00e9form\u00e9es, exacerb\u00e9es.<\/strong> Grand \u00e9cart qui, au sein de la structure du couple, peut \u00eatre source de m\u00e9sentente, frein au d\u00e9sir, g\u00e9n\u00e9rer des troubles r\u00e9els ou sugg\u00e9r\u00e9s par la soci\u00e9t\u00e9 et les repr\u00e9sentations d\u2019un id\u00e9al inatteignable.<\/p>\n<p>La relation ne peut exister qu\u2019\u00e0 deux, <strong>l\u2019\u00e9panouissement sexuel, l\u2019\u00e9rotisation de la relation est une co-responsabilit\u00e9.<\/strong><\/p>\n<p>4 dimensions \u00e0 explorer et \u00e0 travailler, 4 dimensions pour un seul chemin, 4 dimensions dont le centre est le couple uni, centr\u00e9 et en peine harmonie.<\/p>\n<p><strong><em>Pour aller plus loin<\/em> <\/strong>:<\/p>\n<p>Nous vous proposons d\u2019\u00eatre les alchimistes de votre relation au travers un cycle de 4 week-ends abordant les essentiels cette vie \u00e0 deux qui se propose \u00e0 vous. <strong>Nous aborderons ensemble le couple et ses enjeux, l\u2019impact des conflits sur la relation, la relation et l\u2019intimit\u00e9, enfin la sexualit\u00e9, l\u2019\u00e9rotisme et le d\u00e9sir.<br \/>\n<\/strong>Cycle complet d\u2019exploration des 4 dimensions du couple, ouvert uniquement aux couples, dans un cadre s\u00e9cure. Groupe ferm\u00e9 afin que chacun individuellement et dans son couple se sente en confiance.<\/p>\n<p>par <strong><a href=\"https:\/\/www.medoucine.com\/consultation\/-\/herve-gallen\/2222\" target=\"_blank\" rel=\"noopener noreferrer\">Herv\u00e9 Gallen, praticien en psycho-somatoth\u00e9rapie<\/a><\/strong> recommand\u00e9 du r\u00e9seau M\u00e9doucine.<\/p>\n<p><a href=\"https:\/\/www.medoucine.com\/\" target=\"_blank\" rel=\"noopener noreferrer\"><strong>Trouvez un psychopraticien recommand\u00e9 pr\u00e8s de chez vous sur Medoucine.com.<\/strong><\/a><\/p>\n<p><strong>A lire aussi :\u00a0<\/strong><\/p>\n<ul>\n<li><a href=\"https:\/\/www.medoucine.com\/blog\/\/comment-gerer-les-ecarts-de-libido-dans-un-couple\/\" target=\"_blank\" rel=\"noopener noreferrer\">Comment g\u00e9rer les \u00e9carts de libido dans un couple ?<\/a><\/li>\n<li><a href=\"https:\/\/www.medoucine.com\/blog\/\/comment-surmonter-epreuve-couple\/\" target=\"_blank\" rel=\"noopener noreferrer\">Comment surmonter une \u00e9preuve dans le couple ?<\/a><\/li>\n<li><a href=\"https:\/\/www.medoucine.com\/blog\/\/sexualite-comment-parler-de-ses-fantasmes\/\" target=\"_blank\" rel=\"noopener noreferrer\">Sexualit\u00e9 : comment parler de ses fantasmes ?<\/a><\/li>\n<\/ul>\n","protected":false},"excerpt":{"rendered":"<p>Le couple, quatre dimensions : une \u00e9nergie, une alchimie, la magie du \u00ab\u00a01+1=1\u00a0\u00bb, sortir du \u00ab tout est dit, tout est su \u00bb pour avancer sur son propre chemin, sa propre histoire, une histoire unique et universelle \u00e0 la fois. Le tissu de cette histoire est commun \u00e0 toutes et tous, mais le v\u00eatement est unique avec les acteurs du couple comme tailleurs. &nbsp; La relation \u00e0 deux est une co-cr\u00e9ation permanente faite de constants positionnements et ajustements. Ce subtil \u00e9quilibre entre les d\u00e9sirs de l\u2019un et les envies de l\u2019autre constitue l\u2019alchimie au bien \u00eatre o\u00f9 les limites de chacun, exprim\u00e9s et entendus favorisent la co-contruction du couple dans la dur\u00e9e. La relation dans le couple se tisse \u00e0 travers 4 dimensions.\u00a0Je vous propose d\u2019ouvrir chacune des portes de ces dimensions que sont : [&hellip;]<\/p>\n","protected":false},"author":495,"featured_media":19742,"comment_status":"open","ping_status":"open","sticky":false,"template":"","format":"standard","meta":{"_acf_changed":false,"footnotes":""},"categories":[117],"tags":[376,6,171,422,375],"class_list":["post-19502","post","type-post","status-publish","format-standard","has-post-thumbnail","hentry","category-famille","tag-couple","tag-psycho","tag-psychologie","tag-relation","tag-sexualite"],"acf":[],"yoast_head":"<!-- This site is optimized with the Yoast SEO plugin v27.1.1 - https:\/\/yoast.com\/product\/yoast-seo-wordpress\/ -->\n<title>Les quatre dimensions du couple<\/title>\n<meta name=\"description\" content=\"Les quatres dimensions du couple permettent de prendre conscience des positionnements et ajustements permanents requis dans une relation. Explications.\" \/>\n<meta name=\"robots\" content=\"index, follow, max-snippet:-1, max-image-preview:large, max-video-preview:-1\" \/>\n<link rel=\"canonical\" href=\"https:\/\/www.medoucine.com\/blog\/les-quatre-dimensions-du-couple\/\" \/>\n<meta property=\"og:locale\" content=\"fr_FR\" \/>\n<meta property=\"og:type\" content=\"article\" \/>\n<meta property=\"og:title\" content=\"Les quatre dimensions du couple\" \/>\n<meta property=\"og:description\" content=\"Les quatres dimensions du couple permettent de prendre conscience des positionnements et ajustements permanents requis dans une relation. Explications.\" \/>\n<meta property=\"og:url\" content=\"https:\/\/www.medoucine.com\/blog\/les-quatre-dimensions-du-couple\/\" \/>\n<meta property=\"og:site_name\" content=\"Blog de Medoucine\" \/>\n<meta property=\"article:publisher\" content=\"https:\/\/www.facebook.com\/medoucine\/\" \/>\n<meta property=\"article:published_time\" content=\"2021-09-09T15:34:45+00:00\" \/>\n<meta property=\"article:modified_time\" content=\"2026-04-08T16:38:53+00:00\" \/>\n<meta property=\"og:image\" content=\"https:\/\/www.medoucine.com\/blog\/wp-content\/uploads\/2021\/08\/pexels-anna-pou-9451237.jpg\" \/>\n\t<meta property=\"og:image:width\" content=\"1280\" \/>\n\t<meta property=\"og:image:height\" content=\"853\" \/>\n\t<meta property=\"og:image:type\" content=\"image\/jpeg\" \/>\n<meta name=\"author\" content=\"Herv\u00e9 Gallen\" \/>\n<meta name=\"twitter:card\" content=\"summary_large_image\" \/>\n<meta name=\"twitter:creator\" content=\"@medoucinefr\" \/>\n<meta name=\"twitter:site\" content=\"@medoucinefr\" \/>\n<meta name=\"twitter:label1\" content=\"\u00c9crit par\" \/>\n\t<meta name=\"twitter:data1\" content=\"Herv\u00e9 Gallen\" \/>\n\t<meta name=\"twitter:label2\" content=\"Dur\u00e9e de lecture estim\u00e9e\" \/>\n\t<meta name=\"twitter:data2\" content=\"7 minutes\" \/>\n<script type=\"application\/ld+json\" class=\"yoast-schema-graph\">{\"@context\":\"https:\/\/schema.org\",\"@graph\":[{\"@type\":\"Article\",\"@id\":\"https:\/\/www.medoucine.com\/blog\/les-quatre-dimensions-du-couple\/#article\",\"isPartOf\":{\"@id\":\"https:\/\/www.medoucine.com\/blog\/les-quatre-dimensions-du-couple\/\"},\"author\":{\"name\":\"Herv\u00e9 Gallen\",\"@id\":\"https:\/\/www.medoucine.com\/blog\/#\/schema\/person\/6875fb0707f3b1a15322b13b46c6ceab\"},\"headline\":\"Les quatre dimensions du couple\",\"datePublished\":\"2021-09-09T15:34:45+00:00\",\"dateModified\":\"2026-04-08T16:38:53+00:00\",\"mainEntityOfPage\":{\"@id\":\"https:\/\/www.medoucine.com\/blog\/les-quatre-dimensions-du-couple\/\"},\"wordCount\":1310,\"commentCount\":0,\"publisher\":{\"@id\":\"https:\/\/www.medoucine.com\/blog\/#organization\"},\"image\":{\"@id\":\"https:\/\/www.medoucine.com\/blog\/les-quatre-dimensions-du-couple\/#primaryimage\"},\"thumbnailUrl\":\"https:\/\/www.medoucine.com\/blog\/wp-content\/uploads\/2021\/08\/pexels-anna-pou-9451237.jpg\",\"keywords\":[\"couple\",\"Psycho\",\"Psychologie\",\"relation\",\"sexualit\u00e9\"],\"articleSection\":[\"Famille\"],\"inLanguage\":\"fr-FR\",\"potentialAction\":[{\"@type\":\"CommentAction\",\"name\":\"Comment\",\"target\":[\"https:\/\/www.medoucine.com\/blog\/les-quatre-dimensions-du-couple\/#respond\"]}]},{\"@type\":\"WebPage\",\"@id\":\"https:\/\/www.medoucine.com\/blog\/les-quatre-dimensions-du-couple\/\",\"url\":\"https:\/\/www.medoucine.com\/blog\/les-quatre-dimensions-du-couple\/\",\"name\":\"Les quatre dimensions du couple\",\"isPartOf\":{\"@id\":\"https:\/\/www.medoucine.com\/blog\/#website\"},\"primaryImageOfPage\":{\"@id\":\"https:\/\/www.medoucine.com\/blog\/les-quatre-dimensions-du-couple\/#primaryimage\"},\"image\":{\"@id\":\"https:\/\/www.medoucine.com\/blog\/les-quatre-dimensions-du-couple\/#primaryimage\"},\"thumbnailUrl\":\"https:\/\/www.medoucine.com\/blog\/wp-content\/uploads\/2021\/08\/pexels-anna-pou-9451237.jpg\",\"datePublished\":\"2021-09-09T15:34:45+00:00\",\"dateModified\":\"2026-04-08T16:38:53+00:00\",\"description\":\"Les quatres dimensions du couple permettent de prendre conscience des positionnements et ajustements permanents requis dans une relation. Explications.\",\"breadcrumb\":{\"@id\":\"https:\/\/www.medoucine.com\/blog\/les-quatre-dimensions-du-couple\/#breadcrumb\"},\"inLanguage\":\"fr-FR\",\"potentialAction\":[{\"@type\":\"ReadAction\",\"target\":[\"https:\/\/www.medoucine.com\/blog\/les-quatre-dimensions-du-couple\/\"]}]},{\"@type\":\"ImageObject\",\"inLanguage\":\"fr-FR\",\"@id\":\"https:\/\/www.medoucine.com\/blog\/les-quatre-dimensions-du-couple\/#primaryimage\",\"url\":\"https:\/\/www.medoucine.com\/blog\/wp-content\/uploads\/2021\/08\/pexels-anna-pou-9451237.jpg\",\"contentUrl\":\"https:\/\/www.medoucine.com\/blog\/wp-content\/uploads\/2021\/08\/pexels-anna-pou-9451237.jpg\",\"width\":1280,\"height\":853,\"caption\":\"4 dimensions dans le couple\"},{\"@type\":\"BreadcrumbList\",\"@id\":\"https:\/\/www.medoucine.com\/blog\/les-quatre-dimensions-du-couple\/#breadcrumb\",\"itemListElement\":[{\"@type\":\"ListItem\",\"position\":1,\"name\":\"Blog Medoucine\",\"item\":\"https:\/\/www.medoucine.com\/blog\/\"},{\"@type\":\"ListItem\",\"position\":2,\"name\":\"Famille\",\"item\":\"https:\/\/www.medoucine.com\/blog\/cat\/famille\/\"},{\"@type\":\"ListItem\",\"position\":3,\"name\":\"Les quatre dimensions du couple\"}]},{\"@type\":\"WebSite\",\"@id\":\"https:\/\/www.medoucine.com\/blog\/#website\",\"url\":\"https:\/\/www.medoucine.com\/blog\/\",\"name\":\"Blog de Medoucine\",\"description\":\"Le blog des m\u00e9decines douces\",\"publisher\":{\"@id\":\"https:\/\/www.medoucine.com\/blog\/#organization\"},\"potentialAction\":[{\"@type\":\"SearchAction\",\"target\":{\"@type\":\"EntryPoint\",\"urlTemplate\":\"https:\/\/www.medoucine.com\/blog\/?s={search_term_string}\"},\"query-input\":{\"@type\":\"PropertyValueSpecification\",\"valueRequired\":true,\"valueName\":\"search_term_string\"}}],\"inLanguage\":\"fr-FR\"},{\"@type\":\"Organization\",\"@id\":\"https:\/\/www.medoucine.com\/blog\/#organization\",\"name\":\"Medoucine\",\"url\":\"https:\/\/www.medoucine.com\/blog\/\",\"logo\":{\"@type\":\"ImageObject\",\"inLanguage\":\"fr-FR\",\"@id\":\"https:\/\/www.medoucine.com\/blog\/#\/schema\/logo\/image\/\",\"url\":\"https:\/\/www.medoucine.com\/blog\/wp-content\/uploads\/2019\/07\/logo@3x.png\",\"contentUrl\":\"https:\/\/www.medoucine.com\/blog\/wp-content\/uploads\/2019\/07\/logo@3x.png\",\"width\":555,\"height\":135,\"caption\":\"Medoucine\"},\"image\":{\"@id\":\"https:\/\/www.medoucine.com\/blog\/#\/schema\/logo\/image\/\"},\"sameAs\":[\"https:\/\/www.facebook.com\/medoucine\/\",\"https:\/\/x.com\/medoucinefr\",\"https:\/\/www.instagram.com\/medoucine\/\",\"https:\/\/www.youtube.com\/channel\/UCtZeUeJ_KebYK0KJAXjJV8g\"]},{\"@type\":\"Person\",\"@id\":\"https:\/\/www.medoucine.com\/blog\/#\/schema\/person\/6875fb0707f3b1a15322b13b46c6ceab\",\"name\":\"Herv\u00e9 Gallen\",\"image\":{\"@type\":\"ImageObject\",\"inLanguage\":\"fr-FR\",\"@id\":\"https:\/\/www.medoucine.com\/blog\/#\/schema\/person\/image\/\",\"url\":\"https:\/\/secure.gravatar.com\/avatar\/6c953301b3c8a9cb7341d827e90356e9a622444e5e84f614849efeb48089199e?s=96&d=mm&r=g\",\"contentUrl\":\"https:\/\/secure.gravatar.com\/avatar\/6c953301b3c8a9cb7341d827e90356e9a622444e5e84f614849efeb48089199e?s=96&d=mm&r=g\",\"caption\":\"Herv\u00e9 Gallen\"},\"description\":\"Je vous guide vers la connaissance et la compr\u00e9hension de vous-m\u00eame. Je vous aide \u00e0 faire le lien entre les r\u00f4les et les fonctions de votre corps et votre mental. Mon objectif est de lib\u00e9rer votre corps et votre esprit au cours des s\u00e9ances gr\u00e2ce \u00e0 une approche verbale et une approche corporelle.\",\"sameAs\":[\"https:\/\/www.medoucine.com\/consultation\/aix-en-provence\/herve-gallen\/2222\"],\"url\":\"https:\/\/www.medoucine.com\/blog\/author\/herve_gallen\/\"}]}<\/script>\n<!-- \/ Yoast SEO plugin. -->","yoast_head_json":{"title":"Les quatre dimensions du couple","description":"Les quatres dimensions du couple permettent de prendre conscience des positionnements et ajustements permanents requis dans une relation. Explications.","robots":{"index":"index","follow":"follow","max-snippet":"max-snippet:-1","max-image-preview":"max-image-preview:large","max-video-preview":"max-video-preview:-1"},"canonical":"https:\/\/www.medoucine.com\/blog\/les-quatre-dimensions-du-couple\/","og_locale":"fr_FR","og_type":"article","og_title":"Les quatre dimensions du couple","og_description":"Les quatres dimensions du couple permettent de prendre conscience des positionnements et ajustements permanents requis dans une relation. Explications.","og_url":"https:\/\/www.medoucine.com\/blog\/les-quatre-dimensions-du-couple\/","og_site_name":"Blog de Medoucine","article_publisher":"https:\/\/www.facebook.com\/medoucine\/","article_published_time":"2021-09-09T15:34:45+00:00","article_modified_time":"2026-04-08T16:38:53+00:00","og_image":[{"width":1280,"height":853,"url":"https:\/\/www.medoucine.com\/blog\/wp-content\/uploads\/2021\/08\/pexels-anna-pou-9451237.jpg","type":"image\/jpeg"}],"author":"Herv\u00e9 Gallen","twitter_card":"summary_large_image","twitter_creator":"@medoucinefr","twitter_site":"@medoucinefr","twitter_misc":{"\u00c9crit par":"Herv\u00e9 Gallen","Dur\u00e9e de lecture estim\u00e9e":"7 minutes"},"schema":{"@context":"https:\/\/schema.org","@graph":[{"@type":"Article","@id":"https:\/\/www.medoucine.com\/blog\/les-quatre-dimensions-du-couple\/#article","isPartOf":{"@id":"https:\/\/www.medoucine.com\/blog\/les-quatre-dimensions-du-couple\/"},"author":{"name":"Herv\u00e9 Gallen","@id":"https:\/\/www.medoucine.com\/blog\/#\/schema\/person\/6875fb0707f3b1a15322b13b46c6ceab"},"headline":"Les quatre dimensions du couple","datePublished":"2021-09-09T15:34:45+00:00","dateModified":"2026-04-08T16:38:53+00:00","mainEntityOfPage":{"@id":"https:\/\/www.medoucine.com\/blog\/les-quatre-dimensions-du-couple\/"},"wordCount":1310,"commentCount":0,"publisher":{"@id":"https:\/\/www.medoucine.com\/blog\/#organization"},"image":{"@id":"https:\/\/www.medoucine.com\/blog\/les-quatre-dimensions-du-couple\/#primaryimage"},"thumbnailUrl":"https:\/\/www.medoucine.com\/blog\/wp-content\/uploads\/2021\/08\/pexels-anna-pou-9451237.jpg","keywords":["couple","Psycho","Psychologie","relation","sexualit\u00e9"],"articleSection":["Famille"],"inLanguage":"fr-FR","potentialAction":[{"@type":"CommentAction","name":"Comment","target":["https:\/\/www.medoucine.com\/blog\/les-quatre-dimensions-du-couple\/#respond"]}]},{"@type":"WebPage","@id":"https:\/\/www.medoucine.com\/blog\/les-quatre-dimensions-du-couple\/","url":"https:\/\/www.medoucine.com\/blog\/les-quatre-dimensions-du-couple\/","name":"Les quatre dimensions du couple","isPartOf":{"@id":"https:\/\/www.medoucine.com\/blog\/#website"},"primaryImageOfPage":{"@id":"https:\/\/www.medoucine.com\/blog\/les-quatre-dimensions-du-couple\/#primaryimage"},"image":{"@id":"https:\/\/www.medoucine.com\/blog\/les-quatre-dimensions-du-couple\/#primaryimage"},"thumbnailUrl":"https:\/\/www.medoucine.com\/blog\/wp-content\/uploads\/2021\/08\/pexels-anna-pou-9451237.jpg","datePublished":"2021-09-09T15:34:45+00:00","dateModified":"2026-04-08T16:38:53+00:00","description":"Les quatres dimensions du couple permettent de prendre conscience des positionnements et ajustements permanents requis dans une relation. Explications.","breadcrumb":{"@id":"https:\/\/www.medoucine.com\/blog\/les-quatre-dimensions-du-couple\/#breadcrumb"},"inLanguage":"fr-FR","potentialAction":[{"@type":"ReadAction","target":["https:\/\/www.medoucine.com\/blog\/les-quatre-dimensions-du-couple\/"]}]},{"@type":"ImageObject","inLanguage":"fr-FR","@id":"https:\/\/www.medoucine.com\/blog\/les-quatre-dimensions-du-couple\/#primaryimage","url":"https:\/\/www.medoucine.com\/blog\/wp-content\/uploads\/2021\/08\/pexels-anna-pou-9451237.jpg","contentUrl":"https:\/\/www.medoucine.com\/blog\/wp-content\/uploads\/2021\/08\/pexels-anna-pou-9451237.jpg","width":1280,"height":853,"caption":"4 dimensions dans le couple"},{"@type":"BreadcrumbList","@id":"https:\/\/www.medoucine.com\/blog\/les-quatre-dimensions-du-couple\/#breadcrumb","itemListElement":[{"@type":"ListItem","position":1,"name":"Blog Medoucine","item":"https:\/\/www.medoucine.com\/blog\/"},{"@type":"ListItem","position":2,"name":"Famille","item":"https:\/\/www.medoucine.com\/blog\/cat\/famille\/"},{"@type":"ListItem","position":3,"name":"Les quatre dimensions du couple"}]},{"@type":"WebSite","@id":"https:\/\/www.medoucine.com\/blog\/#website","url":"https:\/\/www.medoucine.com\/blog\/","name":"Blog de Medoucine","description":"Le blog des m\u00e9decines douces","publisher":{"@id":"https:\/\/www.medoucine.com\/blog\/#organization"},"potentialAction":[{"@type":"SearchAction","target":{"@type":"EntryPoint","urlTemplate":"https:\/\/www.medoucine.com\/blog\/?s={search_term_string}"},"query-input":{"@type":"PropertyValueSpecification","valueRequired":true,"valueName":"search_term_string"}}],"inLanguage":"fr-FR"},{"@type":"Organization","@id":"https:\/\/www.medoucine.com\/blog\/#organization","name":"Medoucine","url":"https:\/\/www.medoucine.com\/blog\/","logo":{"@type":"ImageObject","inLanguage":"fr-FR","@id":"https:\/\/www.medoucine.com\/blog\/#\/schema\/logo\/image\/","url":"https:\/\/www.medoucine.com\/blog\/wp-content\/uploads\/2019\/07\/logo@3x.png","contentUrl":"https:\/\/www.medoucine.com\/blog\/wp-content\/uploads\/2019\/07\/logo@3x.png","width":555,"height":135,"caption":"Medoucine"},"image":{"@id":"https:\/\/www.medoucine.com\/blog\/#\/schema\/logo\/image\/"},"sameAs":["https:\/\/www.facebook.com\/medoucine\/","https:\/\/x.com\/medoucinefr","https:\/\/www.instagram.com\/medoucine\/","https:\/\/www.youtube.com\/channel\/UCtZeUeJ_KebYK0KJAXjJV8g"]},{"@type":"Person","@id":"https:\/\/www.medoucine.com\/blog\/#\/schema\/person\/6875fb0707f3b1a15322b13b46c6ceab","name":"Herv\u00e9 Gallen","image":{"@type":"ImageObject","inLanguage":"fr-FR","@id":"https:\/\/www.medoucine.com\/blog\/#\/schema\/person\/image\/","url":"https:\/\/secure.gravatar.com\/avatar\/6c953301b3c8a9cb7341d827e90356e9a622444e5e84f614849efeb48089199e?s=96&d=mm&r=g","contentUrl":"https:\/\/secure.gravatar.com\/avatar\/6c953301b3c8a9cb7341d827e90356e9a622444e5e84f614849efeb48089199e?s=96&d=mm&r=g","caption":"Herv\u00e9 Gallen"},"description":"Je vous guide vers la connaissance et la compr\u00e9hension de vous-m\u00eame. Je vous aide \u00e0 faire le lien entre les r\u00f4les et les fonctions de votre corps et votre mental. Mon objectif est de lib\u00e9rer votre corps et votre esprit au cours des s\u00e9ances gr\u00e2ce \u00e0 une approche verbale et une approche corporelle.","sameAs":["https:\/\/www.medoucine.com\/consultation\/aix-en-provence\/herve-gallen\/2222"],"url":"https:\/\/www.medoucine.com\/blog\/author\/herve_gallen\/"}]}},"_links":{"self":[{"href":"https:\/\/www.medoucine.com\/blog\/wp-json\/wp\/v2\/posts\/19502","targetHints":{"allow":["GET"]}}],"collection":[{"href":"https:\/\/www.medoucine.com\/blog\/wp-json\/wp\/v2\/posts"}],"about":[{"href":"https:\/\/www.medoucine.com\/blog\/wp-json\/wp\/v2\/types\/post"}],"author":[{"embeddable":true,"href":"https:\/\/www.medoucine.com\/blog\/wp-json\/wp\/v2\/users\/495"}],"replies":[{"embeddable":true,"href":"https:\/\/www.medoucine.com\/blog\/wp-json\/wp\/v2\/comments?post=19502"}],"version-history":[{"count":9,"href":"https:\/\/www.medoucine.com\/blog\/wp-json\/wp\/v2\/posts\/19502\/revisions"}],"predecessor-version":[{"id":42673,"href":"https:\/\/www.medoucine.com\/blog\/wp-json\/wp\/v2\/posts\/19502\/revisions\/42673"}],"wp:featuredmedia":[{"embeddable":true,"href":"https:\/\/www.medoucine.com\/blog\/wp-json\/wp\/v2\/media\/19742"}],"wp:attachment":[{"href":"https:\/\/www.medoucine.com\/blog\/wp-json\/wp\/v2\/media?parent=19502"}],"wp:term":[{"taxonomy":"category","embeddable":true,"href":"https:\/\/www.medoucine.com\/blog\/wp-json\/wp\/v2\/categories?post=19502"},{"taxonomy":"post_tag","embeddable":true,"href":"https:\/\/www.medoucine.com\/blog\/wp-json\/wp\/v2\/tags?post=19502"}],"curies":[{"name":"wp","href":"https:\/\/api.w.org\/{rel}","templated":true}]}}