{"id":18466,"date":"2021-08-24T11:18:58","date_gmt":"2021-08-24T09:18:58","guid":{"rendered":"https:\/\/www.medoucine.com\/blog\/?p=18466"},"modified":"2026-04-08T18:39:26","modified_gmt":"2026-04-08T16:39:26","slug":"prendre-soin-de-son-decollete","status":"publish","type":"post","link":"https:\/\/www.medoucine.com\/blog\/prendre-soin-de-son-decollete\/","title":{"rendered":"Prendre soin de son d\u00e9collet\u00e9"},"content":{"rendered":"<p class=\"has-drop-cap\">Symbole supr\u00eame de la f\u00e9minit\u00e9, les seins et le buste peuvent prendre beaucoup de place dans l\u2019esprit des femmes (et des hommes aussi !). Alors, pour se sentir peut-\u00eatre plus \u00e9panouie, comment bien prendre soin de votre d\u00e9collet\u00e9 ?<\/p>\n<p>&nbsp;<\/p>\n<div style=\"width: 693px\" class=\"wp-caption aligncenter\"><img loading=\"lazy\" decoding=\"async\" class=\"\" src=\"https:\/\/www.medoucine.com\/blog\/\/wp-content\/uploads\/2021\/07\/sharon-mccutcheon-P9zPITLlSBk-unsplash.jpg\" alt=\"Prendre soin de son d\u00e9collet\u00e9\" width=\"683\" height=\"455\" \/><p class=\"wp-caption-text\">Unsplash<\/p><\/div>\n<p>&nbsp;<\/p>\n<p>Si la poitrine est devenue un atout de s\u00e9duction \u00e9vident, sa fonction principale reste la production de lait pour nourrir b\u00e9b\u00e9. Et comme la fonction cr\u00e9e l\u2019organe, les seins sont d\u2019abord des glandes, bien prot\u00e9g\u00e9es par du tissu graisseux.<\/p>\n<p>Aucun muscle n\u2019a daign\u00e9 s\u2019y installer, ce qui place la peau comme unique soutien naturel de notre d\u00e9collet\u00e9. Elle est assist\u00e9e par des ligaments qui maintiennent nos seins contre les muscles pectoraux. C\u2019est cette particularit\u00e9 anatomique qui rend les seins plus expos\u00e9s encore \u00e0 la loi de la gravit\u00e9 et au rel\u00e2chement.<\/p>\n<p>Parfois \u00e9loign\u00e9s de l\u2019id\u00e9al que se construisent les femmes de leurs seins, ceux-ci peuvent leur para\u00eetre trop petits, trop gros, trop tombants, bref, trop ci ou pas assez \u00e7a\u2026 Pourtant, <strong>la recette pour prendre soin de son d\u00e9collet\u00e9 et obtenir ou pr\u00e9server un joli buste contient peu d\u2019ingr\u00e9dients<\/strong> : de bonnes habitudes et quelques actifs que nous procurent la nature. D\u00e9couvrez tout de suite <strong>les secrets d\u2019une poitrine bien galb\u00e9e<\/strong>.<\/p>\n<h2 class=\"western\">Secret n\u00b01 : la pri\u00e8re, le sourire, la planche et les pompes pour prendre soin de son d\u00e9collet\u00e9<\/h2>\n<p class=\"western\" lang=\"fr-FR\">Non, je ne vous parle pas d\u2019un rituel \u00e9trange, mais bien d\u2019activit\u00e9 physique. Certes, la poitrine est majoritairement constitu\u00e9e de graisses, qui entourent les glandes mammaires. Mais derri\u00e8re ces tissus se trouvent les pectoraux, des muscles qui veillent sans cesse au maintien de vos seins. Il n&rsquo;y a rien de tel pour renouveler les tissus et les entretenir que le mouvement ! Ainsi, le sang leur apporte r\u00e9guli\u00e8rement des substances telles que <strong>l\u2019oxyg\u00e8ne pour les r\u00e9actions m\u00e9taboliques, le sucre pour l\u2019\u00e9nergie, ainsi que des hormones et des micronutriments pour stimuler le m\u00e9tabolisme<\/strong>. Et pour renforcer le tonus de votre buste, rien de tel que ces quatre exercices :<\/p>\n<h3 class=\"western\">Exercice n\u00b01 : \u00ab\u00a0la pri\u00e8re\u00a0\u00bb<\/h3>\n<p class=\"western\" lang=\"fr-FR\">R\u00e9unissez les mains face \u00e0 vous, et poussez vos mains paume contre paume en contractant vos pectoraux. Les pectoraux soutiennent naturellement la poitrine : ce sont vos soutiens-gorge int\u00e9gr\u00e9s ! En les renfor\u00e7ant, vous favorisez le maintien naturel de votre poitrine et contribuez au soin de votre d\u00e9collet\u00e9. Amusez-vous \u00e0 r\u00e9p\u00e9ter les contractions en montant et en descendant vos mains devant vous.<\/p>\n<h3 class=\"western\">Exercice n\u00b02\u00a0: le sourire<\/h3>\n<p class=\"western\" lang=\"fr-FR\"><strong>Les b\u00e9n\u00e9fices du sourire m\u00e9riteraient un article \u00e0 eux seuls\u00a0!<\/strong> Pour cet exercice, vous allez sourire, certes, mais \u00e0 l\u2019exc\u00e8s. Pour que votre sourire ait un effet physique sur votre poitrine, allez jusqu\u2019au bout de votre sourire et quand vous atteignez la limite, souriez encore ! Vous devez sentir se contracter les muscles de votre cou et sentir remonter la peau de votre buste. Vous pouvez vous aidez en pla\u00e7ant un crayon dans votre bouche, sans que le crayon ne touche les l\u00e8vres. Vous pensez que j\u2019aurais du appeler cet exercice \u00ab\u00a0la grimace\u00a0\u00bb ? Vous avez sans doute raison\u2026<\/p>\n<h3 class=\"western\">Exercice n\u00b03\u00a0: la planche<\/h3>\n<p>Cet exercice de gainage <strong>a le m\u00e9rite de faire travailler beaucoup de muscles<\/strong>, dont les pectoraux et la sangle abdominale. Tenez-vous en \u00e9quilibre sur vos coudes et vos pointes de pied, le dos doit \u00eatre droit et les jambes dans le prolongement du tronc. Selon votre aisance, r\u00e9p\u00e9tez 3 \u00e0 4 s\u00e9ries de 10 secondes \u00e0 1 minute 30.<\/p>\n<p>Pour corser le mouvement et travailler plus en profondeur, effectuez l\u2019exercice \u00ab\u00a0commando\u00a0\u00bb : toujours dans la position de la planche, passez sur les mains, l\u2019une apr\u00e8s l\u2019autre, puis repassez sur vos coudes, et suivez ce rythme : main &#8211; main &#8211; coude &#8211; coude, et ainsi de suite.<\/p>\n<h3 class=\"western\">Exercice n\u00b04\u00a0: les pompes<\/h3>\n<p>Cet exercice peut faire peur, mais rassurez-vous. Tous les exercices peuvent \u00eatre adapt\u00e9s selon votre capacit\u00e9 \u00e0 les effectuer. Si vous n\u2019\u00eates pas encore \u00e0 l\u2019aise avec l\u2019exercice, vous pouvez les faire contre un mur. Vous pouvez \u00e9galement les faire au sol, sur les genoux, et pour les plus exp\u00e9riment\u00e9es, sur la pointe des pieds !<\/p>\n<p>Placez-vous donc dans la position de la planche, vos mains, bras tendus, face au mur ou bien au sol, selon la difficult\u00e9 choisie. Pour effectuer le mouvement, pliez les coudes puis tendez-les. Veillez \u00e0 repousser tout votre corps (et pas seulement votre buste). Pour cela, gardez votre corps bien gain\u00e9. R\u00e9p\u00e9tez 3 \u00e0 4 s\u00e9ries de 5 \u00e0 10 pompes.<\/p>\n<p>Faites ces exercices, \u00e0 la suite ou en alternance, <strong>au moins 4 fois par semaine<\/strong>.<\/p>\n<div class=\"m-spin\">\n<p class=\"m-spin__text\"><strong>**Un d\u00e9collet\u00e9 rayonnant, c&rsquo;est possible !**<\/strong><\/p>\n<p class=\"m-spin__text\">Le soin du d\u00e9collet\u00e9 passe par une approche globale et naturelle. Prenez rendez-vous avec un <a class=\"m-spin__link\" target=\"_blank\" rel=\"noopener noreferrer\" href=\"https:\/\/www.medoucine.com\/consultations\/se-soigner\/naturopathie\/bordeaux\/tous-publics\/a-domicile-ou-cabinet?utm_source=medoucine_blog_B2C&amp;utm_medium=article_blog&amp;utm_campaign=spin_seo\">Naturopathe \u00e0 Bordeaux<\/a>, un <a class=\"m-spin__link\" target=\"_blank\" rel=\"noopener noreferrer\" href=\"https:\/\/www.medoucine.com\/consultations\/se-soigner\/naturopathie\/rennes\/tous-publics\/a-domicile-ou-cabinet?utm_source=medoucine_blog_B2C&amp;utm_medium=article_blog&amp;utm_campaign=spin_seo\">Naturopathe \u00e0 Rennes<\/a> ou un <a class=\"m-spin__link\" target=\"_blank\" rel=\"noopener noreferrer\" href=\"https:\/\/www.medoucine.com\/consultations\/se-soigner\/naturopathie\/strasbourg\/tous-publics\/a-domicile-ou-cabinet?utm_source=medoucine_blog_B2C&amp;utm_medium=article_blog&amp;utm_campaign=spin_seo\">Naturopathe \u00e0 Strasbourg<\/a> pour une \u00e9valuation personnalis\u00e9e de vos besoins. Il pourra vous conseiller sur les soins adapt\u00e9s et les compl\u00e9ments alimentaires pertinents.<\/p>\n<p class=\"m-spin__text\">Vous cherchez un professionnel pour vous accompagner ? Trouvez des <a class=\"m-spin__link\" target=\"_blank\" rel=\"noopener noreferrer\" href=\"https:\/\/www.medoucine.com\/consultations\/se-soigner\/naturopathie\/autour-de-moi?utm_source=medoucine_blog_B2C&amp;utm_medium=article_blog&amp;utm_campaign=spin_seo\">Naturopathes pr\u00e8s de chez vous<\/a> et r\u00e9v\u00e9lez la beaut\u00e9 naturelle de votre peau.<\/p>\n<\/div>\n<h2>Secret n\u00b02\u00a0: apr\u00e8s l\u2019effort, le r\u00e9confort<\/h2>\n<h3 class=\"western\">La douche pour prendre soin du d\u00e9collet\u00e9<\/h3>\n<p>Peut-\u00eatre appr\u00e9ciez-vous les douches chaudes\u2026 ou froides\u2026 En naturopathie, tout est une question de temp\u00e9rament. Si vous \u00eates d\u2019un temp\u00e9rament chaud, les douches froides vous seront tr\u00e8s b\u00e9n\u00e9fiques. Sinon, elles sont \u00e0 \u00e9viter, au moins dans un premier temps.<\/p>\n<p>La douche fra\u00eeche a de nombreuses vertus\u00a0: elle peut \u00eatre revitalisante et stimulante de l\u2019organisme (syst\u00e8me immunitaire, circulation sanguine et lymphatique\u2026). De ce fait, elle favorise l\u2019\u00e9limination des d\u00e9chets et l\u2019\u00e9puration des tissus. <strong>Ses propri\u00e9t\u00e9s toniques en font une alli\u00e9e des belles peaux<\/strong>, qu\u2019elle s\u2019\u00e9vertue \u00e0 raffermir.<\/p>\n<p>Pour potentialiser l\u2019effet de la douche fra\u00eeche, vous pouvez la pr\u00e9f\u00e9rer \u00e9cossaise : alternez douche chaude \/ douche froide, plusieurs fois au niveau de la poitrine pour la tonifier. <strong>L\u2019alternance chaud \/ froid rev\u00eat des allures d\u2019activit\u00e9 sportive pour vos vaisseaux sanguins et lymphatique !<\/strong> Vous pouvez \u00e9videmment en faire b\u00e9n\u00e9ficier tout votre corps.<\/p>\n<p>\u00c9coutez-vous : ces alternances de jets chauds \/ froids doivent rester un plaisir avant tout.<\/p>\n<p>&nbsp;<\/p>\n<div style=\"width: 694px\" class=\"wp-caption aligncenter\"><img loading=\"lazy\" decoding=\"async\" class=\"\" src=\"https:\/\/www.medoucine.com\/blog\/\/wp-content\/uploads\/2021\/07\/pexels-andrea-piacquadio-3808798.jpg\" alt=\"Afficher un joli d\u00e9collet\u00e9 : les secrets\" width=\"684\" height=\"460\" \/><p class=\"wp-caption-text\">Pexels<\/p><\/div>\n<h3 class=\"western\">Les massages \u00e0 l\u2019huile de Bellis<\/h3>\n<p>En plus de se vouloir agr\u00e9able, le massage de la poitrine est le partenaire beaut\u00e9 id\u00e9al de votre d\u00e9collet\u00e9\u00a0! Et quelle plante se trouve sur le devant de la sc\u00e8ne\u00a0? Connue pour ses propri\u00e9t\u00e9s vuln\u00e9raires , c&rsquo;est-\u00e0-dire propre \u00e0 la gu\u00e9rison des plaies ou des blessures, vous en avez sans doute d\u00e9j\u00e0 rencontr\u00e9 par milliers, et vous l\u2019avez vue recouvrir les prairies ou m\u00eame les carr\u00e9s de gazon urbains. Vous en avez peut-\u00eatre m\u00eame fait des bracelets ou des colliers \u00e9tant enfants\u00a0: il s\u2019agit de <em>Bellis perennis<\/em>\u2026 la p\u00e2querette\u00a0!<\/p>\n<p>Si le marketing cosm\u00e9tique promet sans rougir une poitrine de r\u00eave, il n\u2019en reste pas moins que l\u2019<strong>huile de Bellis<\/strong> agit r\u00e9ellement sur la tonicit\u00e9 des seins. En effet, elle favorise la microcirculation de l\u2019\u00e9piderme et pr\u00e9serve et renforce l\u2019\u00e9lasticit\u00e9 de la peau dont elle r\u00e9g\u00e9n\u00e8re les fibres. La poitrine se redessine, gagne en tonicit\u00e9 et arbore un joli galbe.<\/p>\n<h4>Recette de l&rsquo;huile de Bellis<\/h4>\n<p>Facilement trouvable en boutique bio, vous pouvez \u00e9galement \u00e9laborer l\u2019huile de Bellis vous-m\u00eame. Voici la recette\u00a0:<\/p>\n<ul>\n<li>Cueillez des p\u00e2querettes au moment o\u00f9 elles apparaissent (autour de P\u00e2ques, d\u2019o\u00f9 la p\u00e2querette tire son nom). Assurez-vous de les cueillir dans un endroit non pollu\u00e9. Coupez leurs tiges \u00e0 1 cm. Vous pouvez \u00e9galement acheter des fleurs s\u00e9ch\u00e9es en herboristerie.<\/li>\n<li>D\u00e9posez un beau bouquet de fleurs de p\u00e2querettes dans un bocal en verre en le remplissant environ aux trois-quarts. Versez de l\u2019huile v\u00e9g\u00e9tale*, pour recouvrir enti\u00e8rement les fleurs, jusqu\u2019\u00e0 1 cm environ du bord du bocal. \u00d4tez les fleurs qui restent flotter \u00e0 la surface, afin d\u2019\u00e9viter leur oxydation au contact de l\u2019air.<\/li>\n<li>Fermez le bocal et placez-le \u00e0 la lumi\u00e8re du jour dans un endroit chaud\u00a0: un endroit au soleil, id\u00e9alement, ou bien au-dessus d\u2019un radiateur. Laissez mac\u00e9rer 3 \u00e0 4 semaines en remuant chaque jour le pot.<\/li>\n<li>Filtrez la pr\u00e9paration en utilisant une compresse de gaze ou un filtre \u00e0 caf\u00e9 plac\u00e9 au fond d\u2019une passoire et r\u00e9cup\u00e9rez patiemment le pr\u00e9cieux liquide dans un autre r\u00e9cipient. Enfin, transf\u00e9rez votre mac\u00e9r\u00e2t filtr\u00e9 dans un flacon en verre teint\u00e9, \u00e0 l\u2019aide d\u2019une grosse pipette ou d\u2019un entonnoir. Vous pouvez le conserver entre 3 et 6 mois au frais.<\/li>\n<\/ul>\n<p>* Pour choisir votre huile v\u00e9g\u00e9tale\u00a0:<\/p>\n<ul>\n<li>L\u2019huile de <strong>rose musqu\u00e9e<\/strong> a des vertus cicatrisantes, anti-rides et anti-vergetures.<\/li>\n<li>L\u2019huile d\u2019<strong>amande douce<\/strong> est tr\u00e8s nourrissante pour l\u2019\u00e9piderme.<\/li>\n<li>L\u2019huile d\u2019<strong>argan<\/strong> r\u00e9pare le film protecteur de la peau et sa texture est adapt\u00e9e au massage.<\/li>\n<li>L\u2019huile de <strong>calophylle<\/strong> est circulatoire et favoriser donc la r\u00e9g\u00e9n\u00e9ration des tissus.<\/li>\n<li>Ou encore l\u2019huile de <strong>tournesol<\/strong>, tout simplement, qui a une odeur tout \u00e0 fait neutre et que vous avez sans doute dans votre cuisine\u00a0!<\/li>\n<\/ul>\n<h4>Recette de l&rsquo;\u00e9lixir raffermissant<\/h4>\n<p>Vous pouvez aller encore plus loin et pr\u00e9parer votre <strong>\u00e9lixir tenseur et raffermissant \u00e0 l\u2019huile de Bellis<\/strong>. Pour cela, il vous faudra\u00a0:<\/p>\n<ul>\n<li>50 ml d\u2019huile de Bellis<\/li>\n<li>30 ml d\u2019huile de rose musqu\u00e9e<\/li>\n<li>20 ml d\u2019huile d\u2019argan<\/li>\n<li>4 ml de gel d\u2019aloe vera (99\u00a0% minimum)<\/li>\n<li>20 gouttes d\u2019huile essentielle de palmarosa<\/li>\n<li>20 gouttes d\u2019huile essentielle de g\u00e9ranium<\/li>\n<li>20 gouttes d\u2019huile essentielle d\u2019h\u00e9lichryse italienne<\/li>\n<li>1 flacon pompe vide et st\u00e9rilis\u00e9 de 100 ml<\/li>\n<\/ul>\n<p>Commencez par verser les huiles essentielles, ajoutez les huiles v\u00e9g\u00e9tales et enfin le gel d\u2019aloe vera. Secouez bien. Appliquez sur le cou, le d\u00e9collet\u00e9 et la poitrine et faites p\u00e9n\u00e9trer en massage doux depuis la base des seins jusqu\u2019au cou. R\u00e9p\u00e9tez ce massage d\u00e9licat matin et soir par cures de un mois. Ce soin est conseill\u00e9 aux femmes qui souhaitent obtenir un effet raffermissant et retrouver un joli d\u00e9collet\u00e9 \u00e0 la suite d\u2019une grossesse, d\u2019un allaitement ou d\u2019un r\u00e9gime par exemple.<\/p>\n<p>Et comme il n\u2019y a pas une solution qui soit la m\u00eame pour toutes, voici une nouvelle recette express d\u2019<strong>\u00e9mulsion hydratante \u00e0 l\u2019aloe vera<\/strong>, adapt\u00e9e \u00e0 celles qui ont moins besoin de r\u00e9parer leur poitrine que de l\u2019entretenir\u00a0:<\/p>\n<p>Avec l\u2019index dans le creux de la main, \u00e9mulsionnez 1 noisette de gel d\u2019aloe vera (99\u00a0% minimum) dans 1 noisette d\u2019huile. Ajoutez 1 goutte d\u2019huile essentielle de lavande vraie (<em>Lavandula angustifolia<\/em>) et m\u00e9langez au doigt. Appliquez aussit\u00f4t comme une cr\u00e8me hydratante sur le visage, le cou et le d\u00e9collet\u00e9. Pour un effet rafra\u00eechissant, vous pouvez remplacer la lavande par de la menthe poivr\u00e9e\u00a0!<\/p>\n<h2 class=\"western\">Secret n\u00b03\u00a0: \u00e9viter les probl\u00e8mes de peau<\/h2>\n<h3 class=\"western\">Le soleil, meilleur ennemi\u00a0?<\/h3>\n<p class=\"western\" lang=\"fr-FR\">Le soleil est vital et indispensable au maintien d\u2019une bonne sant\u00e9\u00a0! S\u2019il est parfois d\u00e9cri\u00e9, ce n\u2019est pas pour ce qu\u2019il est mais pour l\u2019utilisation irraisonn\u00e9e que nous en faisons parfois\u00a0: exposition forte et non progressive pendant plusieurs heures, en restant immobile\u2026 autrement dit, \u00e0 griller comme des sardines en \u00e9t\u00e9\u00a0!<\/p>\n<div style=\"width: 694px\" class=\"wp-caption aligncenter\"><img loading=\"lazy\" decoding=\"async\" class=\"\" src=\"https:\/\/www.medoucine.com\/blog\/\/wp-content\/uploads\/2021\/07\/Sans-titre-2021-07-21T182507.649.jpg\" alt=\"Prendre soin de son d\u00e9collet\u00e9\" width=\"684\" height=\"456\" \/><p class=\"wp-caption-text\">Unsplash<\/p><\/div>\n<h4>D\u00e9barrassez-vous de vos t\u00e2ches brunes !<\/h4>\n<p class=\"western\" lang=\"fr-FR\">Notre peau a pourtant tout pr\u00e9vu\u00a0: \u00e0 la base de l\u2019\u00e9piderme se trouve des m\u00e9lanocytes, ces cellules qui fabriquent de la m\u00e9lanine. La m\u00e9lanine est un pigment brun qui nous prot\u00e8ge contre les UV solaire\u00a0: c\u2019est ce pigment qui donne la couleur de notre peau, selon que nous vivons dans des r\u00e9gions plus ou moins expos\u00e9es aux rayons du soleil. Mais \u00e0 partir de 35 ans, l\u2019activit\u00e9 de ces m\u00e9lanocytes diminue d\u2019environ 1\u00a0% par an, et se d\u00e9r\u00e9gule\u00a0: la peau devient alors plus sensible aux UV. Peut-\u00eatre avez-vous constat\u00e9 qu\u2019apr\u00e8s un certain \u00e2ge ou pass\u00e9 un certain temps d\u2019exposition (sur plusieurs ann\u00e9es), la pigmentation devient irr\u00e9guli\u00e8re au niveau des zones les plus expos\u00e9es au soleil\u00a0: le visage, les mains et\u2026 le d\u00e9collet\u00e9\u00a0!<\/p>\n<p>Si des taches brunes plus ou moins fonc\u00e9es viennent consteller votre peau de leurs pigments, cela signifie que votre peau n\u2019est plus capable de bien g\u00e9rer l\u2019exposition aux UV. Ce ph\u00e9nom\u00e8ne est accentu\u00e9 en cas de mauvaises d\u00e9fenses antioxydantes dans le corps. Pour en retarder l\u2019arriv\u00e9e, pensez \u00e0 consommer des <strong>aliments riches en antioxydants<\/strong>. Encore une fois, la nature fait bien les choses\u00a0: ce sont les <strong>fruits et l\u00e9gumes d\u2019\u00e9t\u00e9<\/strong> qui sont les plus riches en anti-oxydants et vous permettront de mieux prendre soin de votre d\u00e9collet\u00e9.<\/p>\n<h4>Comment bien s&rsquo;exposer au soleil pour prendre soin du d\u00e9collet\u00e9 ?<\/h4>\n<p>Veillez \u00e9galement \u00e0 respecter les<strong> r\u00e8gles de l\u2019exposition au soleil<\/strong>\u00a0:<\/p>\n<ul>\n<li><strong>la r\u00e8gle de la progression\u00a0:<\/strong> \u00e0 la sortie de l\u2019hiver, recommencez \u00e0 vous exposer progressivement. Commencez par 5 minutes, puis 10 minutes par jour\u2026 jusqu\u2019\u00e0 1 heure \u00e0 suivre\u00a0;<\/li>\n<li><strong>la r\u00e8gle de la protection cutan\u00e9e\u00a0:<\/strong> prot\u00e9gez votre peau avec des lotions \u00e0 bases d\u2019huiles v\u00e9g\u00e9tales et essentielles (jojoba, carotte, etc.), afin de stimuler les m\u00e9lanocytes. Insistez sur les aliments riches en carot\u00e8nes, de couleur orange (abricot, carotte, kaki\u2026), pour donner \u00e0 votre peau une jolie couleur satin\u00e9e\u00a0;<\/li>\n<li><strong>la r\u00e8gle du mouvement\u00a0:<\/strong> \u00e9vitez de rester immobile au soleil pendant des heures. Profitez de l\u2019alternance soleil \/ ombre en marchant ou bougez par l\u2019exercice\u00a0: favoriser la circulation provoquera la transpiration qui viendra rafra\u00eechir votre peau. Pensez \u00e0 bien vous hydrater\u00a0!<\/li>\n<li><strong>la r\u00e8gle du rafra\u00eechissement\u00a0:<\/strong> r\u00e9frig\u00e9rez votre peau apr\u00e8s une exposition au soleil afin de la raffermir en profondeur et de provoquer cette \u00ab\u00a0gymnastique des vaisseaux\u00a0\u00bb que vous avez pu d\u00e9couvrir avec la douche \u00e9cossaise ;<\/li>\n<li><strong>la r\u00e8gle de l\u2019hydratation\u00a0:<\/strong> apr\u00e8s exposition, r\u00e9hydratez votre peau par l\u2019ext\u00e9rieur, avec des hydrolats floraux apaisants (lavande, fleur d\u2019oranger\u2026) ou des huiles v\u00e9g\u00e9tales, et par l\u2019int\u00e9rieur, avec de l\u2019eau pure non glac\u00e9e et des jus de l\u00e9gumes frais.<\/li>\n<\/ul>\n<h4>Bien prendre soin de son d\u00e9collet\u00e9 : la formule antitaches<\/h4>\n<p>Pour prendre soin de votre d\u00e9collet\u00e9 et le pr\u00e9server des taches brunes, r\u00e9alisez cette<strong> formule antitache brune<\/strong>. Pour cela, vous aurez besoin de m\u00e9langer dans un flacon pompe\u00a0:<\/p>\n<ul>\n<li>13 ml de mac\u00e9r\u00e2t de busserole<\/li>\n<li>9 ml d\u2019huile de rosier muscat<\/li>\n<li>8 ml d\u2019huile d\u2019argousier<\/li>\n<li>15 gouttes de vitamine E<\/li>\n<\/ul>\n<p>Si vous disposez de gel d\u2019aloe vera, appliquez-en une noisette sur votre cou et votre d\u00e9collet\u00e9\u00a0: il optimisera l\u2019efficacit\u00e9 de votre m\u00e9lange. Appliquez ensuite quelques gouttes de votre formule antioxydante au m\u00eame endroit, 1 \u00e0 2 fois par jour, pendant tout l\u2019hiver. La busserole, en synergie avec les autres ingr\u00e9dients du m\u00e9lange, va agir sur les m\u00e9lanocytes et y inhiber l\u2019activit\u00e9 d\u2019une enzyme qui acc\u00e9l\u00e8re l\u2019oxydation (pour les curieuses, il s\u2019agit de la tyrosinase\u00a0!). Cette formule permet donc d\u2019\u00e9galiser le teint et d\u2019\u00e9quilibrer la coloration de la peau. Votre d\u00e9collet\u00e9 n\u2019en sera que plus resplendissant\u00a0!<\/p>\n<h4>Le cas particulier de la lucite estivale<\/h4>\n<p>Avant de passer au secret suivant, un petit mot sur un trouble de plus en plus courant et qui touche maintenant 1 femme sur 10 entre 17 et 32 ans\u00a0: la <strong>lucite estivale<\/strong>. La lucite estivale est une affection de la peau qui na\u00eet avec le soleil, g\u00e9n\u00e9ralement au niveau du d\u00e9collet\u00e9, avant de couvrir le reste du corps. On la d\u00e9finit parfois comme une allergie au soleil car elle g\u00e9n\u00e8re des petites taches rouges qui peuvent se transformer en cloques qui d\u00e9mangent. Elles finissent par dispara\u00eetre progressivement en l\u2019absence d\u2019exposition au soleil. Des \u00e9tudes ont montr\u00e9 qu\u2019une association \u00e9tait particuli\u00e8rement int\u00e9ressante dans ce cas\u00a0: l\u2019algue porphyra avec le polypodium leucotomos, une foug\u00e8re qui pousse en Am\u00e9rique centrale, car ils ont des activit\u00e9s antioxydantes, immunomodulatrices et photoprotectrices. Les vitamines C et E potentialisent leur effet antioxydant.<\/p>\n<p>Pour en savoir plus et b\u00e9n\u00e9ficier d\u2019un travail sur le terrain, n\u2019h\u00e9sitez pas \u00e0 en parler \u00e0 votre naturopathe.<\/p>\n<h3 class=\"western\">Secret n\u00b04 : se sentir belle sans sous-v\u00eatements<\/h3>\n<p>Pour se sentir bien et pleinement f\u00e9minine, vous pouvez \u00e9videmment profiter de vos courbes et rondeurs et, si le c\u0153ur vous en dit, les mettre en valeur. De nombreuses formes de petits hauts permettent de mettre en avant la poitrine : d\u00e9collet\u00e9 empire, col en V, petit d\u00e9bardeur \u00e9chancr\u00e9, cache-c\u0153ur, etc. Mais ce n\u2019est pas de mode dont nous allons parler maintenant\u2026 seulement de vos soutiens-gorge, mesdames !<\/p>\n<h4>Le soutien-gorge serait-il mauvais pour la sant\u00e9 ?<\/h4>\n<p>Le soutien-gorge, cet outil de s\u00e9duction, de maintien, de confort, de norme sociale, fait de plus en plus d\u00e9bat actuellement aupr\u00e8s de la gente f\u00e9minine. Et pour cause, car selon plusieurs \u00e9tudes, le port du soutien-gorge est responsable de bien des maux\u00a0:<\/p>\n<ul>\n<li><strong>la perte de fermet\u00e9\u00a0:<\/strong> le soutien-gorge entrave le d\u00e9veloppement des tissus qui assurent le maintien des seins\u00a0;<\/li>\n<li><strong>la tendance \u00e0 favoriser les vergetures\u00a0:<\/strong> la poitrine \u00e9tant maintenue tout au long de la journ\u00e9e, et parfois m\u00eame de la nuit, la peau perdrait plus facilement en \u00e9lasticit\u00e9 qu\u2019une poitrine libre\u00a0;<\/li>\n<\/ul>\n<p><strong><em>Le corps a pour habitude de fonctionner \u00e0 l\u2019\u00e9conomie\u00a0: si on remplit une fonction \u00e0 sa place, pourquoi s\u2019acharnerait-il \u00e0 la remplir lui-m\u00eame\u00a0?<\/em><\/strong><\/p>\n<ul>\n<li><strong>l\u2019apparition de nodule potentiellement canc\u00e9rig\u00e8nes dans les seins\u00a0:<\/strong> une \u00e9tude men\u00e9e en Caroline du Sud a d\u00e9montr\u00e9 ce lien terrifiant. Cela s\u2019explique par le fait que le soutien-gorge agit comme un garrot, compressant les divers ganglions et canaux lymphatiques, ce qui g\u00e8ne la circulation lymphatique. Rappelons que l\u2019un des objectifs de la circulation lymphatique est l\u2019\u00e9vacuation des d\u00e9chets\u00a0! Les toxines ne sont plus \u00e9limin\u00e9es naturellement et s\u2019accumulent dans le sein, favorisant l\u2019apparition au fil du temps, de kystes et tumeurs canc\u00e9reuses.<\/li>\n<\/ul>\n<p>Par ailleurs, une \u00e9tude men\u00e9e par Dr Jean-Denis Rouillon, de l\u2019universit\u00e9 de Franche-Comt\u00e9, a r\u00e9v\u00e9l\u00e9 que lorsque la femme ne porte pas de soutien-gorge, <strong>les seins peuvent se redresser jusqu\u2019\u00e0 7 mm en une ann\u00e9e<\/strong>.<\/p>\n<h4>Comment choisir son soutien-gorge ?<\/h4>\n<p>Pendant certaines p\u00e9riodes, le soutien-gorge peut en revanche \u00eatre un alli\u00e9 pour pr\u00e9server la poitrine : pensons par exemple \u00e0 la grossesse ou \u00e0 un surpoids qui se voudrait passager. Quoi qu\u2019il en soit, libre \u00e0 chacune de porter ou non un soutien-gorge. Mais si vous optez pour l\u2019option \u00ab\u00a0sous-v\u00eatements\u00a0\u00bb, assurez-vous mesdames de prendre soin de choisir celui qui vous correspond :<\/p>\n<ul>\n<li>un bon soutien-gorge ne doit pas laisser de marques sur la peau\u00a0;<\/li>\n<li>plus votre poitrine est volumineuse, plus les bretelles doivent \u00eatre larges\u00a0;<\/li>\n<li>favorisez les soutiens-gorge sans armature, afin de ne pas endommager les tissus ni entraver le passage de la lymphe ;<\/li>\n<li>\u00e9vitez les sous-v\u00eatements synth\u00e9tiques car, en plus d\u2019une mati\u00e8re de pi\u00e8tre qualit\u00e9, ils sont souvent teints avec des colorants plus agressifs\u00a0;<\/li>\n<li>\u00e9vitez de porter votre soutien-gorge la nuit et plus de 8 heures par jour\u00a0;<\/li>\n<li>choisissez un sous-v\u00eatement dans lequel vous vous sentez belle et qui appuiera votre confiance en vous\u00a0!<\/li>\n<\/ul>\n<h2 class=\"western\">Secret n\u00b05\u00a0: nourrir sa poitrine de l\u2019int\u00e9rieur<\/h2>\n<p>Bien entendu, je n\u2019allais pas vous laisser repartir sans parler d\u2019alimentation\u00a0! La poitrine est majoritairement constitu\u00e9e de graisse et de muscles (les pectoraux)\u00a0: l\u2019apport de prot\u00e9ines et de lipides en quantit\u00e9 suffisante est indispensable pour assurer la structure et la fonction des tissus. Pr\u00e9f\u00e9rez\u00a0:<\/p>\n<ul>\n<li>les graisses que l\u2019on trouve dans<strong> les huiles vierges extra<\/strong> (olive, noix\u2026). Ce sont elles qui font en sorte que vos cellules fonctionnent bien\u00a0! Elles permettent \u00e9galement une bonne hydratation, de l\u2019int\u00e9rieur, et rendent la peau plus douce\u00a0;<\/li>\n<li><strong>des prot\u00e9ines de qualit\u00e9\u00a0:<\/strong> l\u00e9gumineuses, \u0153ufs estampill\u00e9s 0FR, petits poissons gras, volailles\u2026 Une alimentation pauvre en prot\u00e9ines peut priver le corps de nombreux acides amin\u00e9s n\u00e9cessaires pour produire des fibres essentielles\u00a0:\n<ul>\n<li>la myosine, qui permet de cr\u00e9er et soutenir le muscle,<\/li>\n<li>l\u2019\u00e9lastine, qui permet l\u2019\u00e9lasticit\u00e9 de la peau et des tissus,<\/li>\n<li>le collag\u00e8ne, qui sert de soutien et de maintien des tissus.<\/li>\n<\/ul>\n<\/li>\n<\/ul>\n<p>Ajoutez \u00e0 cela\u00a0:<\/p>\n<ul>\n<li>des <strong>vitamines, oligo-\u00e9l\u00e9ments et min\u00e9raux<\/strong>, pour entretenir les tissus de votre poitrine<\/li>\n<li>des <strong>antioxydants<\/strong> pour la prot\u00e9ger des radicaux libres. Les radicaux libres attaquent les mol\u00e9cules les unes apr\u00e8s les autres en les oxydant (en les br\u00fblant), ab\u00eemant les tissus en profondeur.<\/li>\n<\/ul>\n<h4>Les prot\u00e9ines, alli\u00e9es du syst\u00e8me hormonal<\/h4>\n<p>Un d\u00e9ficit en prot\u00e9ines peut avoir des r\u00e9percussions sur votre syst\u00e8me hormonal\u00a0:<\/p>\n<ul>\n<li>les <strong>hormones thyro\u00efdiennes<\/strong>. Ce sont les hormones de la vitalit\u00e9. D\u2019ailleurs, en cas de carence, on a froid, on se sent fatigu\u00e9 et lent\u00a0! Et c\u2019est logique, car elles permettent aux diff\u00e9rents m\u00e9tabolismes de se produire efficacement. Sans cela, les d\u00e9chets s\u2019accumulent dans l\u2019organisme et dans la poitrine qui peut perdre en tonus et gagner en graisse\u00a0;<\/li>\n<li>les <strong>hormones de croissance<\/strong>. Une carence en hormones de croissance aura des r\u00e9percussions sur les muscles de la poitrine. Sans elles, ces muscles s\u2019atrophient, s\u2019engraissent et se rel\u00e2chent.<\/li>\n<\/ul>\n<p><em>Notez que les d\u00e9r\u00e8glements hormonaux peuvent avoir un v\u00e9ritable impact sur la poitrine\u00a0: apparition de poils, de kystes, modification de la forme du sein, seins douloureux, etc. Ces d\u00e9r\u00e8glements n\u00e9cessitent la plupart du temps un accompagnement. N\u2019h\u00e9sitez pas \u00e0 en parler \u00e0 votre m\u00e9decin et \u00e0 votre naturopathe.<\/em><\/p>\n<h4>Le sucre, \u00ab\u00a0ce poison au go\u00fbt si doux\u00a0\u00bb<\/h4>\n<p>\u00c9vitez les aliments d\u00e9favorables, comme les <strong>\u00ab\u00a0mauvais\u00a0\u00bb glucides<\/strong>\u00a0: sucres, sucreries, c\u00e9r\u00e9ales raffin\u00e9es (\u00e9vitez les produits raffin\u00e9s en g\u00e9n\u00e9ral\u2026), etc. En effet, ces glucides entravent la production des hormones sexuelles et des hormones de croissance. Ces hormones sont tr\u00e8s efficaces pour \u00e9paissir et raffermir la peau, les muscles et les os. Mais en cas de consommation excessive de sucres, elles vont \u00eatre d\u00e9tourn\u00e9es pour optimiser l\u2019utilisation du glucose\u00a0!<\/p>\n<p>D\u2019apr\u00e8s le Dr. Hertoghe, une forte baisse du taux de ces hormones en raison d\u2019une consommation fr\u00e9quente de sucreries donnera une peau plus mince, plus rel\u00e2ch\u00e9e et moins \u00e9lastique. Les muscles et les os perdront de leur densit\u00e9 et les graisses commenceront \u00e0 s\u2019accumuler. En d\u2019autres termes, la poitrine montrera des signes pr\u00e9coces de vieillissement\u00a0!<\/p>\n<p>La surconsommation de sucre d\u00e9clenche \u00e9galement deux autres m\u00e9canismes\u00a0:<\/p>\n<ul>\n<li>une <strong>s\u00e9cr\u00e9tion excessive d\u2019insuline<\/strong>. L\u2019insuline est une hormone qui permet au sucre d\u2019entrer dans la cellule, pour qu\u2019elle puisse produire de l\u2019\u00e9nergie. En exc\u00e8s, elle favorise l\u2019inflammation et la formation de graisse\u00a0;<\/li>\n<li>la surconsommation de sucre acc\u00e9l\u00e8re la d\u00e9g\u00e9n\u00e9rescence des tissus de la poitrine caus\u00e9e par la \u00ab\u00a0<strong>glycation\u00a0\u00bb<\/strong>. La glycation est un ph\u00e9nom\u00e8ne qui soude les sucres et les prot\u00e9ines, comme le collag\u00e8ne et l\u2019\u00e9lastine, par exemple. La peau et les tissus \u00ab\u00a0caram\u00e9lis\u00e9s\u00a0\u00bb perdent alors en \u00e9lasticit\u00e9 et deviennent plus rigides. Ce m\u00eame ph\u00e9nom\u00e8ne survient quand vous cuisez vos aliments \u00e0 trop haute temp\u00e9rature (lorsque les aliments \u00ab\u00a0caram\u00e9lisent\u00a0\u00bb).<\/li>\n<\/ul>\n<p>Pour une poitrine en pleine forme, mangez vari\u00e9 et vivant, c&rsquo;est-\u00e0-dire des aliments riches en vitamines et antioxydants !<\/p>\n<p>Par\u00a0<a href=\"https:\/\/www.medoucine.com\/consultation\/saint-jacques-de-la-lande\/maeva-mene\/2041\" target=\"_blank\" rel=\"noopener noreferrer\"><strong>Maeva M\u00e8ne, naturopathe<\/strong><\/a>\u00a0recommand\u00e9e du r\u00e9seau M\u00e9doucine.<\/p>\n<p><a href=\"https:\/\/www.medoucine.com\/\" target=\"_blank\" rel=\"noopener noreferrer\"><strong>Trouvez un praticien recommand\u00e9 sur M\u00e9doucine.<\/strong><\/a><\/p>\n<p><strong>A lire aussi :\u00a0<\/strong><\/p>\n<ul>\n<li><a href=\"https:\/\/www.medoucine.com\/blog\/\/les-solutions-naturelles-contre-les-jambes-lourdes\/\" target=\"_blank\" rel=\"noopener noreferrer\">Les solutions naturelles contre les jambes lourdes<\/a><\/li>\n<li><a href=\"https:\/\/www.medoucine.com\/blog\/\/quelles-solutions-naturelles-pour-eliminer-les-points-noirs\/\" target=\"_blank\" rel=\"noopener noreferrer\">Quelles solutions naturelles pour \u00e9liminer les points noirs ?<\/a><\/li>\n<li><a href=\"https:\/\/www.medoucine.com\/blog\/\/la-reflexologie-un-soutien-important-pour-les-personnes-atteintes-du-cancer\/\" target=\"_blank\" rel=\"noopener noreferrer\">La r\u00e9flexologie, un soutien important pour les personnes atteintes du cancer<\/a><\/li>\n<li><a href=\"https:\/\/www.medoucine.com\/blog\/\/les-anti-rides-naturels\/\">Les anti-rides naturels<\/a><\/li>\n<\/ul>\n<p>&nbsp;<\/p>\n","protected":false},"excerpt":{"rendered":"<p>Symbole supr\u00eame de la f\u00e9minit\u00e9, les seins et le buste peuvent prendre beaucoup de place dans l\u2019esprit des femmes (et des hommes aussi !). Alors, pour se sentir peut-\u00eatre plus \u00e9panouie, comment bien prendre soin de votre d\u00e9collet\u00e9 ? &nbsp; &nbsp; Si la poitrine est devenue un atout de s\u00e9duction \u00e9vident, sa fonction principale reste la production de lait pour nourrir b\u00e9b\u00e9. Et comme la fonction cr\u00e9e l\u2019organe, les seins sont d\u2019abord des glandes, bien prot\u00e9g\u00e9es par du tissu graisseux. Aucun muscle n\u2019a daign\u00e9 s\u2019y installer, ce qui place la peau comme unique soutien naturel de notre d\u00e9collet\u00e9. Elle est assist\u00e9e par des ligaments qui maintiennent nos seins contre les muscles pectoraux. C\u2019est cette particularit\u00e9 anatomique qui rend les seins plus expos\u00e9s encore \u00e0 la loi de la gravit\u00e9 et au rel\u00e2chement. Parfois \u00e9loign\u00e9s de [&hellip;]<\/p>\n","protected":false},"author":463,"featured_media":18685,"comment_status":"open","ping_status":"open","sticky":false,"template":"","format":"standard","meta":{"_acf_changed":false,"footnotes":""},"categories":[113],"tags":[288,334,502,501,500,348],"class_list":["post-18466","post","type-post","status-publish","format-standard","has-post-thumbnail","hentry","category-beaute-bien-etre","tag-bien-etre","tag-confiance-en-soi","tag-decollete","tag-poitrine","tag-seins","tag-soin-peau"],"acf":[],"yoast_head":"<!-- This site is optimized with the Yoast SEO plugin v27.1.1 - https:\/\/yoast.com\/product\/yoast-seo-wordpress\/ -->\n<title>Prendre soin de son d\u00e9collet\u00e9<\/title>\n<meta name=\"description\" content=\"Commment prendre soin de son d\u00e9collet\u00e9 ? La recette tient \u00e0 peu d&#039;\u00e9l\u00e9ments. D\u00e9couvrez sans plus attendre les secrets d\u2019une poitrine bien galb\u00e9e.\" \/>\n<meta name=\"robots\" content=\"index, follow, max-snippet:-1, max-image-preview:large, max-video-preview:-1\" \/>\n<link rel=\"canonical\" href=\"https:\/\/www.medoucine.com\/blog\/prendre-soin-de-son-decollete\/\" \/>\n<meta property=\"og:locale\" content=\"fr_FR\" \/>\n<meta property=\"og:type\" content=\"article\" \/>\n<meta property=\"og:title\" content=\"Prendre soin de son d\u00e9collet\u00e9\" \/>\n<meta property=\"og:description\" content=\"Commment prendre soin de son d\u00e9collet\u00e9 ? La recette tient \u00e0 peu d&#039;\u00e9l\u00e9ments. D\u00e9couvrez sans plus attendre les secrets d\u2019une poitrine bien galb\u00e9e.\" \/>\n<meta property=\"og:url\" content=\"https:\/\/www.medoucine.com\/blog\/prendre-soin-de-son-decollete\/\" \/>\n<meta property=\"og:site_name\" content=\"Blog de Medoucine\" \/>\n<meta property=\"article:publisher\" content=\"https:\/\/www.facebook.com\/medoucine\/\" \/>\n<meta property=\"article:published_time\" content=\"2021-08-24T09:18:58+00:00\" \/>\n<meta property=\"article:modified_time\" content=\"2026-04-08T16:39:26+00:00\" \/>\n<meta property=\"og:image\" content=\"https:\/\/www.medoucine.com\/blog\/wp-content\/uploads\/2021\/07\/Sans-titre-2021-07-21T182716.761.jpg\" \/>\n\t<meta property=\"og:image:width\" content=\"1170\" \/>\n\t<meta property=\"og:image:height\" content=\"780\" \/>\n\t<meta property=\"og:image:type\" content=\"image\/jpeg\" \/>\n<meta name=\"author\" content=\"Maeva M\u00e8ne\" \/>\n<meta name=\"twitter:card\" content=\"summary_large_image\" \/>\n<meta name=\"twitter:creator\" content=\"@medoucinefr\" \/>\n<meta name=\"twitter:site\" content=\"@medoucinefr\" \/>\n<meta name=\"twitter:label1\" content=\"\u00c9crit par\" \/>\n\t<meta name=\"twitter:data1\" content=\"Maeva M\u00e8ne\" \/>\n\t<meta name=\"twitter:label2\" content=\"Dur\u00e9e de lecture estim\u00e9e\" \/>\n\t<meta name=\"twitter:data2\" content=\"20 minutes\" \/>\n<script type=\"application\/ld+json\" class=\"yoast-schema-graph\">{\"@context\":\"https:\/\/schema.org\",\"@graph\":[{\"@type\":\"Article\",\"@id\":\"https:\/\/www.medoucine.com\/blog\/prendre-soin-de-son-decollete\/#article\",\"isPartOf\":{\"@id\":\"https:\/\/www.medoucine.com\/blog\/prendre-soin-de-son-decollete\/\"},\"author\":{\"name\":\"Maeva M\u00e8ne\",\"@id\":\"https:\/\/www.medoucine.com\/blog\/#\/schema\/person\/6087d055291e43b8e0c9277127ae3d72\"},\"headline\":\"Prendre soin de son d\u00e9collet\u00e9\",\"datePublished\":\"2021-08-24T09:18:58+00:00\",\"dateModified\":\"2026-04-08T16:39:26+00:00\",\"mainEntityOfPage\":{\"@id\":\"https:\/\/www.medoucine.com\/blog\/prendre-soin-de-son-decollete\/\"},\"wordCount\":4051,\"commentCount\":0,\"publisher\":{\"@id\":\"https:\/\/www.medoucine.com\/blog\/#organization\"},\"image\":{\"@id\":\"https:\/\/www.medoucine.com\/blog\/prendre-soin-de-son-decollete\/#primaryimage\"},\"thumbnailUrl\":\"https:\/\/www.medoucine.com\/blog\/wp-content\/uploads\/2021\/07\/Sans-titre-2021-07-21T182716.761.jpg\",\"keywords\":[\"bien-\u00eatre\",\"confiance en soi\",\"d\u00e9collet\u00e9\",\"poitrine\",\"seins\",\"soin peau\"],\"articleSection\":[\"Beaut\u00e9 &amp; Bien-\u00eatre\"],\"inLanguage\":\"fr-FR\",\"potentialAction\":[{\"@type\":\"CommentAction\",\"name\":\"Comment\",\"target\":[\"https:\/\/www.medoucine.com\/blog\/prendre-soin-de-son-decollete\/#respond\"]}]},{\"@type\":\"WebPage\",\"@id\":\"https:\/\/www.medoucine.com\/blog\/prendre-soin-de-son-decollete\/\",\"url\":\"https:\/\/www.medoucine.com\/blog\/prendre-soin-de-son-decollete\/\",\"name\":\"Prendre soin de son d\u00e9collet\u00e9\",\"isPartOf\":{\"@id\":\"https:\/\/www.medoucine.com\/blog\/#website\"},\"primaryImageOfPage\":{\"@id\":\"https:\/\/www.medoucine.com\/blog\/prendre-soin-de-son-decollete\/#primaryimage\"},\"image\":{\"@id\":\"https:\/\/www.medoucine.com\/blog\/prendre-soin-de-son-decollete\/#primaryimage\"},\"thumbnailUrl\":\"https:\/\/www.medoucine.com\/blog\/wp-content\/uploads\/2021\/07\/Sans-titre-2021-07-21T182716.761.jpg\",\"datePublished\":\"2021-08-24T09:18:58+00:00\",\"dateModified\":\"2026-04-08T16:39:26+00:00\",\"description\":\"Commment prendre soin de son d\u00e9collet\u00e9 ? La recette tient \u00e0 peu d'\u00e9l\u00e9ments. D\u00e9couvrez sans plus attendre les secrets d\u2019une poitrine bien galb\u00e9e.\",\"breadcrumb\":{\"@id\":\"https:\/\/www.medoucine.com\/blog\/prendre-soin-de-son-decollete\/#breadcrumb\"},\"inLanguage\":\"fr-FR\",\"potentialAction\":[{\"@type\":\"ReadAction\",\"target\":[\"https:\/\/www.medoucine.com\/blog\/prendre-soin-de-son-decollete\/\"]}]},{\"@type\":\"ImageObject\",\"inLanguage\":\"fr-FR\",\"@id\":\"https:\/\/www.medoucine.com\/blog\/prendre-soin-de-son-decollete\/#primaryimage\",\"url\":\"https:\/\/www.medoucine.com\/blog\/wp-content\/uploads\/2021\/07\/Sans-titre-2021-07-21T182716.761.jpg\",\"contentUrl\":\"https:\/\/www.medoucine.com\/blog\/wp-content\/uploads\/2021\/07\/Sans-titre-2021-07-21T182716.761.jpg\",\"width\":1170,\"height\":780,\"caption\":\"Prendre soin de son d\u00e9collet\u00e9\"},{\"@type\":\"BreadcrumbList\",\"@id\":\"https:\/\/www.medoucine.com\/blog\/prendre-soin-de-son-decollete\/#breadcrumb\",\"itemListElement\":[{\"@type\":\"ListItem\",\"position\":1,\"name\":\"Blog Medoucine\",\"item\":\"https:\/\/www.medoucine.com\/blog\/\"},{\"@type\":\"ListItem\",\"position\":2,\"name\":\"Beaut\u00e9 &amp; Bien-\u00eatre\",\"item\":\"https:\/\/www.medoucine.com\/blog\/cat\/beaute-bien-etre\/\"},{\"@type\":\"ListItem\",\"position\":3,\"name\":\"Prendre soin de son d\u00e9collet\u00e9\"}]},{\"@type\":\"WebSite\",\"@id\":\"https:\/\/www.medoucine.com\/blog\/#website\",\"url\":\"https:\/\/www.medoucine.com\/blog\/\",\"name\":\"Blog de Medoucine\",\"description\":\"Le blog des m\u00e9decines douces\",\"publisher\":{\"@id\":\"https:\/\/www.medoucine.com\/blog\/#organization\"},\"potentialAction\":[{\"@type\":\"SearchAction\",\"target\":{\"@type\":\"EntryPoint\",\"urlTemplate\":\"https:\/\/www.medoucine.com\/blog\/?s={search_term_string}\"},\"query-input\":{\"@type\":\"PropertyValueSpecification\",\"valueRequired\":true,\"valueName\":\"search_term_string\"}}],\"inLanguage\":\"fr-FR\"},{\"@type\":\"Organization\",\"@id\":\"https:\/\/www.medoucine.com\/blog\/#organization\",\"name\":\"Medoucine\",\"url\":\"https:\/\/www.medoucine.com\/blog\/\",\"logo\":{\"@type\":\"ImageObject\",\"inLanguage\":\"fr-FR\",\"@id\":\"https:\/\/www.medoucine.com\/blog\/#\/schema\/logo\/image\/\",\"url\":\"https:\/\/www.medoucine.com\/blog\/wp-content\/uploads\/2019\/07\/logo@3x.png\",\"contentUrl\":\"https:\/\/www.medoucine.com\/blog\/wp-content\/uploads\/2019\/07\/logo@3x.png\",\"width\":555,\"height\":135,\"caption\":\"Medoucine\"},\"image\":{\"@id\":\"https:\/\/www.medoucine.com\/blog\/#\/schema\/logo\/image\/\"},\"sameAs\":[\"https:\/\/www.facebook.com\/medoucine\/\",\"https:\/\/x.com\/medoucinefr\",\"https:\/\/www.instagram.com\/medoucine\/\",\"https:\/\/www.youtube.com\/channel\/UCtZeUeJ_KebYK0KJAXjJV8g\"]},{\"@type\":\"Person\",\"@id\":\"https:\/\/www.medoucine.com\/blog\/#\/schema\/person\/6087d055291e43b8e0c9277127ae3d72\",\"name\":\"Maeva M\u00e8ne\",\"image\":{\"@type\":\"ImageObject\",\"inLanguage\":\"fr-FR\",\"@id\":\"https:\/\/www.medoucine.com\/blog\/#\/schema\/person\/image\/\",\"url\":\"https:\/\/secure.gravatar.com\/avatar\/fa04832d65f945f423cf2fcdb2c9ce71cf329848d9e16b288deae3bdb63f7ec9?s=96&d=mm&r=g\",\"contentUrl\":\"https:\/\/secure.gravatar.com\/avatar\/fa04832d65f945f423cf2fcdb2c9ce71cf329848d9e16b288deae3bdb63f7ec9?s=96&d=mm&r=g\",\"caption\":\"Maeva M\u00e8ne\"},\"description\":\"Naturopathe - Iridologue, formatrice et conseill\u00e8re en fleurs de Bach, je mets mes comp\u00e9tences au service de votre bien-\u00eatre !\u00a0Je vous propose une approche centr\u00e9e autour de l'humain,\u00a0je vous \u00e9coute de toute mon attention sur les faits que vous exprimez mais aussi sur vos \u00e9motions, sans jugement. Je prends le temps de vous expliquer comment fonctionne votre corps ainsi que l'utilit\u00e9 de mes conseils.\",\"sameAs\":[\"https:\/\/www.medoucine.com\/consultation\/saint-jacques-de-la-lande\/maeva-mene\/2041\"],\"url\":\"https:\/\/www.medoucine.com\/blog\/author\/maeva_mene\/\"}]}<\/script>\n<!-- \/ Yoast SEO plugin. -->","yoast_head_json":{"title":"Prendre soin de son d\u00e9collet\u00e9","description":"Commment prendre soin de son d\u00e9collet\u00e9 ? La recette tient \u00e0 peu d'\u00e9l\u00e9ments. D\u00e9couvrez sans plus attendre les secrets d\u2019une poitrine bien galb\u00e9e.","robots":{"index":"index","follow":"follow","max-snippet":"max-snippet:-1","max-image-preview":"max-image-preview:large","max-video-preview":"max-video-preview:-1"},"canonical":"https:\/\/www.medoucine.com\/blog\/prendre-soin-de-son-decollete\/","og_locale":"fr_FR","og_type":"article","og_title":"Prendre soin de son d\u00e9collet\u00e9","og_description":"Commment prendre soin de son d\u00e9collet\u00e9 ? La recette tient \u00e0 peu d'\u00e9l\u00e9ments. D\u00e9couvrez sans plus attendre les secrets d\u2019une poitrine bien galb\u00e9e.","og_url":"https:\/\/www.medoucine.com\/blog\/prendre-soin-de-son-decollete\/","og_site_name":"Blog de Medoucine","article_publisher":"https:\/\/www.facebook.com\/medoucine\/","article_published_time":"2021-08-24T09:18:58+00:00","article_modified_time":"2026-04-08T16:39:26+00:00","og_image":[{"width":1170,"height":780,"url":"https:\/\/www.medoucine.com\/blog\/wp-content\/uploads\/2021\/07\/Sans-titre-2021-07-21T182716.761.jpg","type":"image\/jpeg"}],"author":"Maeva M\u00e8ne","twitter_card":"summary_large_image","twitter_creator":"@medoucinefr","twitter_site":"@medoucinefr","twitter_misc":{"\u00c9crit par":"Maeva M\u00e8ne","Dur\u00e9e de lecture estim\u00e9e":"20 minutes"},"schema":{"@context":"https:\/\/schema.org","@graph":[{"@type":"Article","@id":"https:\/\/www.medoucine.com\/blog\/prendre-soin-de-son-decollete\/#article","isPartOf":{"@id":"https:\/\/www.medoucine.com\/blog\/prendre-soin-de-son-decollete\/"},"author":{"name":"Maeva M\u00e8ne","@id":"https:\/\/www.medoucine.com\/blog\/#\/schema\/person\/6087d055291e43b8e0c9277127ae3d72"},"headline":"Prendre soin de son d\u00e9collet\u00e9","datePublished":"2021-08-24T09:18:58+00:00","dateModified":"2026-04-08T16:39:26+00:00","mainEntityOfPage":{"@id":"https:\/\/www.medoucine.com\/blog\/prendre-soin-de-son-decollete\/"},"wordCount":4051,"commentCount":0,"publisher":{"@id":"https:\/\/www.medoucine.com\/blog\/#organization"},"image":{"@id":"https:\/\/www.medoucine.com\/blog\/prendre-soin-de-son-decollete\/#primaryimage"},"thumbnailUrl":"https:\/\/www.medoucine.com\/blog\/wp-content\/uploads\/2021\/07\/Sans-titre-2021-07-21T182716.761.jpg","keywords":["bien-\u00eatre","confiance en soi","d\u00e9collet\u00e9","poitrine","seins","soin peau"],"articleSection":["Beaut\u00e9 &amp; Bien-\u00eatre"],"inLanguage":"fr-FR","potentialAction":[{"@type":"CommentAction","name":"Comment","target":["https:\/\/www.medoucine.com\/blog\/prendre-soin-de-son-decollete\/#respond"]}]},{"@type":"WebPage","@id":"https:\/\/www.medoucine.com\/blog\/prendre-soin-de-son-decollete\/","url":"https:\/\/www.medoucine.com\/blog\/prendre-soin-de-son-decollete\/","name":"Prendre soin de son d\u00e9collet\u00e9","isPartOf":{"@id":"https:\/\/www.medoucine.com\/blog\/#website"},"primaryImageOfPage":{"@id":"https:\/\/www.medoucine.com\/blog\/prendre-soin-de-son-decollete\/#primaryimage"},"image":{"@id":"https:\/\/www.medoucine.com\/blog\/prendre-soin-de-son-decollete\/#primaryimage"},"thumbnailUrl":"https:\/\/www.medoucine.com\/blog\/wp-content\/uploads\/2021\/07\/Sans-titre-2021-07-21T182716.761.jpg","datePublished":"2021-08-24T09:18:58+00:00","dateModified":"2026-04-08T16:39:26+00:00","description":"Commment prendre soin de son d\u00e9collet\u00e9 ? La recette tient \u00e0 peu d'\u00e9l\u00e9ments. D\u00e9couvrez sans plus attendre les secrets d\u2019une poitrine bien galb\u00e9e.","breadcrumb":{"@id":"https:\/\/www.medoucine.com\/blog\/prendre-soin-de-son-decollete\/#breadcrumb"},"inLanguage":"fr-FR","potentialAction":[{"@type":"ReadAction","target":["https:\/\/www.medoucine.com\/blog\/prendre-soin-de-son-decollete\/"]}]},{"@type":"ImageObject","inLanguage":"fr-FR","@id":"https:\/\/www.medoucine.com\/blog\/prendre-soin-de-son-decollete\/#primaryimage","url":"https:\/\/www.medoucine.com\/blog\/wp-content\/uploads\/2021\/07\/Sans-titre-2021-07-21T182716.761.jpg","contentUrl":"https:\/\/www.medoucine.com\/blog\/wp-content\/uploads\/2021\/07\/Sans-titre-2021-07-21T182716.761.jpg","width":1170,"height":780,"caption":"Prendre soin de son d\u00e9collet\u00e9"},{"@type":"BreadcrumbList","@id":"https:\/\/www.medoucine.com\/blog\/prendre-soin-de-son-decollete\/#breadcrumb","itemListElement":[{"@type":"ListItem","position":1,"name":"Blog Medoucine","item":"https:\/\/www.medoucine.com\/blog\/"},{"@type":"ListItem","position":2,"name":"Beaut\u00e9 &amp; Bien-\u00eatre","item":"https:\/\/www.medoucine.com\/blog\/cat\/beaute-bien-etre\/"},{"@type":"ListItem","position":3,"name":"Prendre soin de son d\u00e9collet\u00e9"}]},{"@type":"WebSite","@id":"https:\/\/www.medoucine.com\/blog\/#website","url":"https:\/\/www.medoucine.com\/blog\/","name":"Blog de Medoucine","description":"Le blog des m\u00e9decines douces","publisher":{"@id":"https:\/\/www.medoucine.com\/blog\/#organization"},"potentialAction":[{"@type":"SearchAction","target":{"@type":"EntryPoint","urlTemplate":"https:\/\/www.medoucine.com\/blog\/?s={search_term_string}"},"query-input":{"@type":"PropertyValueSpecification","valueRequired":true,"valueName":"search_term_string"}}],"inLanguage":"fr-FR"},{"@type":"Organization","@id":"https:\/\/www.medoucine.com\/blog\/#organization","name":"Medoucine","url":"https:\/\/www.medoucine.com\/blog\/","logo":{"@type":"ImageObject","inLanguage":"fr-FR","@id":"https:\/\/www.medoucine.com\/blog\/#\/schema\/logo\/image\/","url":"https:\/\/www.medoucine.com\/blog\/wp-content\/uploads\/2019\/07\/logo@3x.png","contentUrl":"https:\/\/www.medoucine.com\/blog\/wp-content\/uploads\/2019\/07\/logo@3x.png","width":555,"height":135,"caption":"Medoucine"},"image":{"@id":"https:\/\/www.medoucine.com\/blog\/#\/schema\/logo\/image\/"},"sameAs":["https:\/\/www.facebook.com\/medoucine\/","https:\/\/x.com\/medoucinefr","https:\/\/www.instagram.com\/medoucine\/","https:\/\/www.youtube.com\/channel\/UCtZeUeJ_KebYK0KJAXjJV8g"]},{"@type":"Person","@id":"https:\/\/www.medoucine.com\/blog\/#\/schema\/person\/6087d055291e43b8e0c9277127ae3d72","name":"Maeva M\u00e8ne","image":{"@type":"ImageObject","inLanguage":"fr-FR","@id":"https:\/\/www.medoucine.com\/blog\/#\/schema\/person\/image\/","url":"https:\/\/secure.gravatar.com\/avatar\/fa04832d65f945f423cf2fcdb2c9ce71cf329848d9e16b288deae3bdb63f7ec9?s=96&d=mm&r=g","contentUrl":"https:\/\/secure.gravatar.com\/avatar\/fa04832d65f945f423cf2fcdb2c9ce71cf329848d9e16b288deae3bdb63f7ec9?s=96&d=mm&r=g","caption":"Maeva M\u00e8ne"},"description":"Naturopathe - Iridologue, formatrice et conseill\u00e8re en fleurs de Bach, je mets mes comp\u00e9tences au service de votre bien-\u00eatre !\u00a0Je vous propose une approche centr\u00e9e autour de l'humain,\u00a0je vous \u00e9coute de toute mon attention sur les faits que vous exprimez mais aussi sur vos \u00e9motions, sans jugement. Je prends le temps de vous expliquer comment fonctionne votre corps ainsi que l'utilit\u00e9 de mes conseils.","sameAs":["https:\/\/www.medoucine.com\/consultation\/saint-jacques-de-la-lande\/maeva-mene\/2041"],"url":"https:\/\/www.medoucine.com\/blog\/author\/maeva_mene\/"}]}},"_links":{"self":[{"href":"https:\/\/www.medoucine.com\/blog\/wp-json\/wp\/v2\/posts\/18466","targetHints":{"allow":["GET"]}}],"collection":[{"href":"https:\/\/www.medoucine.com\/blog\/wp-json\/wp\/v2\/posts"}],"about":[{"href":"https:\/\/www.medoucine.com\/blog\/wp-json\/wp\/v2\/types\/post"}],"author":[{"embeddable":true,"href":"https:\/\/www.medoucine.com\/blog\/wp-json\/wp\/v2\/users\/463"}],"replies":[{"embeddable":true,"href":"https:\/\/www.medoucine.com\/blog\/wp-json\/wp\/v2\/comments?post=18466"}],"version-history":[{"count":9,"href":"https:\/\/www.medoucine.com\/blog\/wp-json\/wp\/v2\/posts\/18466\/revisions"}],"predecessor-version":[{"id":42684,"href":"https:\/\/www.medoucine.com\/blog\/wp-json\/wp\/v2\/posts\/18466\/revisions\/42684"}],"wp:featuredmedia":[{"embeddable":true,"href":"https:\/\/www.medoucine.com\/blog\/wp-json\/wp\/v2\/media\/18685"}],"wp:attachment":[{"href":"https:\/\/www.medoucine.com\/blog\/wp-json\/wp\/v2\/media?parent=18466"}],"wp:term":[{"taxonomy":"category","embeddable":true,"href":"https:\/\/www.medoucine.com\/blog\/wp-json\/wp\/v2\/categories?post=18466"},{"taxonomy":"post_tag","embeddable":true,"href":"https:\/\/www.medoucine.com\/blog\/wp-json\/wp\/v2\/tags?post=18466"}],"curies":[{"name":"wp","href":"https:\/\/api.w.org\/{rel}","templated":true}]}}