{"id":18447,"date":"2021-06-30T16:07:22","date_gmt":"2021-06-30T14:07:22","guid":{"rendered":"https:\/\/www.medoucine.com\/blog\/?p=18447"},"modified":"2026-04-08T18:40:40","modified_gmt":"2026-04-08T16:40:40","slug":"la-deprime-ma-recette-pour-la-tenir-a-distance","status":"publish","type":"post","link":"https:\/\/www.medoucine.com\/blog\/la-deprime-ma-recette-pour-la-tenir-a-distance\/","title":{"rendered":"La d\u00e9prime, ma recette pour la tenir \u00e0 distance"},"content":{"rendered":"<p class=\"has-drop-cap\">A d\u00e9faut du refrain d\u2019une vieille chanson, quand j\u2019ai eu l\u2019opportunit\u00e9 d\u2019\u00e9crire un article sur la d\u00e9prime, je me suis dit : \u00ab vaste sujet \u00bb ! Je me suis \u00e9galement dit alors : \u00ab vaste sujet \u00bb, mais si c\u2019\u00e9tait faux ? N&rsquo;existerait-il pas une recette pour tenir la d\u00e9prime \u00e0 distance ?<\/p>\n<p>Si on essayait de <strong>comprendre la d\u00e9prime<\/strong> afin de mieux la cerner, et s\u2019en d\u00e9barrasser pour de bon ? Je vais vous expliquer ma recette pour tenir la d\u00e9prime \u00e0 distance.<\/p>\n<div style=\"width: 694px\" class=\"wp-caption aligncenter\"><img loading=\"lazy\" decoding=\"async\" class=\"\" src=\"https:\/\/www.medoucine.com\/blog\/\/wp-content\/uploads\/2021\/06\/pexels-andrew-neel-3132388.jpg\" alt=\"La d\u00e9prime : recette pour la tenir \u00e0 distance\" width=\"684\" height=\"456\" \/><p class=\"wp-caption-text\">Unsplash<\/p><\/div>\n<p>Je ne sais pas si vous le savez mais, dans la sph\u00e8re journalistique, la d\u00e9prime est un sujet qui revient d\u2019ann\u00e9es en ann\u00e9es au fil du temps, au gr\u00e9 des saisons. C\u2019est ce qu\u2019on appelle un \u00ab marronnier \u00bb. Je me suis dit : tiens, le nom de cet arbre me rappelle \u00e0 la nature et aux quatre saisons, le cycle de la nature, le cycle de la vie.<\/p>\n<p><strong>La d\u00e9prime avec un grand D est un sujet important<\/strong>. Elle rel\u00e8ve d&rsquo;un domaine qui a fait et fait encore verser beaucoup d\u2019encre, et plus les cartouches des stylos se vident, plus les ann\u00e9es passent et le bon vieux dossier \u00ab d\u00e9prime \u00bb ressurgit. Car la d\u00e9prime agit comme tapie dans l\u2019ombre, elle est sournoise. Je vous expliquerai donc ci-apr\u00e8s ma recette simple contre la d\u00e9prime pour que vous puissiez la tenir \u00e0 distance \u00e0 votre tour.<\/p>\n<p><strong>Et si cela constituait d\u00e9j\u00e0 le d\u00e9but de l\u2019une des cl\u00e9s pour comprendre la d\u00e9prime\u00a0?<\/strong><\/p>\n<h2><strong>1 &#8211; Quand \u00ab\u00a0\u00e7a s\u2019en va et \u00e7a revient\u00a0\u00bb, comment tenir la d\u00e9prime \u00e0 distance ?<\/strong><\/h2>\n<p>En effet, on le sait, la d\u00e9prime est souvent passag\u00e8re. Elle arrive \u00e0 des moments bien particuliers. Presque tout le temps \u00e0 l\u2019heure, discr\u00e8te, elle entre \u00e0 pas de velours pour mieux s\u2019installer\u2026 Ainsi, on constate que <a href=\"https:\/\/www.medoucine.com\/blog\/\/etat-depressif-l-identifier-et-en-sortir\/\" target=\"_blank\" rel=\"noopener noreferrer\">l&rsquo;on identifie l\u2019\u00e9tat d\u00e9pressif<\/a> le plus souvent en hiver. La luminosit\u00e9 baisse, les jours raccourcissent, il fait froid, une partie de notre corps et de notre esprit nous invite \u00e0 nous mettre au chaud, \u00e0 ralentir notre rythme. Mais nous ne vivons plus dans des cavernes et le mode de vie contemporain nous am\u00e8ne parfois \u00e0 trouver de nouveaux rythmes. <strong>Nous pouvons alors ressentir parfois le sentiment d\u2019\u00eatre tiraill\u00e9 entre cette envie de calme, de repos, et parfois le besoin d\u2019un rythme effr\u00e9n\u00e9, ce qui va alors puiser en grande partie dans notre \u00e9nergie<\/strong>, \u00e9puiser nos pens\u00e9es, ce qui va commencer \u00e0 nous faire ressasser certaines id\u00e9es sombres.<\/p>\n<p>Dans les pays nordiques, l\u00e0 o\u00f9 le froid et la nuit peuvent s\u2019installer parfois pendant des mois, on a trouv\u00e9 des solutions pour mieux vivre cette p\u00e9riode, notamment gr\u00e2ce \u00e0 la luminoth\u00e9rapie. On a pu ainsi prouver scientifiquement les bienfaits de la lumi\u00e8re du soleil sur notre organisme, et je ne sais pas si vous le savez mais, outre les UVA et les UVB, dont il faut se prot\u00e9ger, la lumi\u00e8re du soleil est porteuse de vitamine D\u00a0: un \u00e9l\u00e9ment essentiel \u00e0 notre corps pour bien fonctionner car il r\u00e9gule notre organisme.<\/p>\n<div class=\"m-spin\">\n<p class=\"m-spin__text\"><strong>Retrouvez la joie de vivre gr\u00e2ce \u00e0 l&rsquo;hypnose<\/strong><\/p>\n<p class=\"m-spin__text\">La d\u00e9prime peut \u00eatre surmont\u00e9e avec des techniques adapt\u00e9es, comme l&rsquo;hypnose. Prenez rendez-vous avec un <a class=\"m-spin__link\" target=\"_blank\" rel=\"noopener noreferrer\" href=\"https:\/\/www.medoucine.com\/consultations\/se-soigner\/hypnose\/lyon\/tous-publics\/a-domicile-ou-cabinet?utm_source=medoucine_blog_B2C&amp;utm_medium=article_blog&amp;utm_campaign=spin_seo\">Hypnoth\u00e9rapeute \u00e0 Lyon<\/a>, un <a class=\"m-spin__link\" target=\"_blank\" rel=\"noopener noreferrer\" href=\"https:\/\/www.medoucine.com\/consultations\/se-soigner\/hypnose\/montpellier\/tous-publics\/a-domicile-ou-cabinet?utm_source=medoucine_blog_B2C&amp;utm_medium=article_blog&amp;utm_campaign=spin_seo\">Hypnoth\u00e9rapeute \u00e0 Montpellier<\/a> ou un <a class=\"m-spin__link\" target=\"_blank\" rel=\"noopener noreferrer\" href=\"https:\/\/www.medoucine.com\/consultations\/se-soigner\/hypnose\/toulouse\/tous-publics\/a-domicile-ou-cabinet?utm_source=medoucine_blog_B2C&amp;utm_medium=article_blog&amp;utm_campaign=spin_seo\">Hypnoth\u00e9rapeute \u00e0 Toulouse<\/a> pour explorer vos ressources int\u00e9rieures et retrouver un \u00e9quilibre \u00e9motionnel.<\/p>\n<p class=\"m-spin__text\">N&rsquo;attendez plus pour vous sentir mieux : d\u00e9couvrez des <a class=\"m-spin__link\" target=\"_blank\" rel=\"noopener noreferrer\" href=\"https:\/\/www.medoucine.com\/consultations\/se-soigner\/hypnose\/autour-de-moi?utm_source=medoucine_blog_B2C&amp;utm_medium=article_blog&amp;utm_campaign=spin_seo\">Hypnoth\u00e9rapeutes pr\u00e8s de chez vous<\/a> qualifi\u00e9s pour vous accompagner vers un bien-\u00eatre durable.<\/p>\n<\/div>\n<h2><strong>2 &#8211; D\u00e9prime or not d\u00e9prime<\/strong><\/h2>\n<div style=\"width: 694px\" class=\"wp-caption aligncenter\"><img loading=\"lazy\" decoding=\"async\" class=\"\" src=\"https:\/\/www.medoucine.com\/blog\/\/wp-content\/uploads\/2021\/06\/naomi-august-aLnqDp3B3YU-unsplash.jpg\" alt=\"Lutter contre l'installation de la d\u00e9prime\" width=\"684\" height=\"456\" \/><p class=\"wp-caption-text\">Unsplash<\/p><\/div>\n<p>Dans mon cheminement, j\u2019ai ensuite pens\u00e9 : et si c\u2019\u00e9tait simple ? Simple de l\u00e2cher prise pour que cet \u00e9tat nous atteigne le moins possible. Pour que nous puissions ressentir notre corps, nos \u00e9motions&#8230;<\/p>\n<p>Parce qu\u2019apr\u00e8s tout, entre le petit coup de <a href=\"https:\/\/www.medoucine.com\/blog\/\/deprime-hivernale-soleil-interieur\/\" target=\"_blank\" rel=\"noopener noreferrer\">d\u00e9prime hivernale priv\u00e9 de soleil int\u00e9rieur<\/a>, la d\u00e9prime du pr\u00e9-lundi, le \u00ab blue monday \u00bb, la <em>Soir\u00e9e de la d\u00e9prime<\/em> programm\u00e9e tous les ans\u2026 si on arr\u00eatait de tout cataloguer et d\u2019accorder autant d\u2019importance \u00e0 la d\u00e9prime ?<\/p>\n<p>Vous le savez, \u00e0 force d\u2019entendre des messages se r\u00e9p\u00e9ter c\u2019est ainsi que nos habitudes s\u2019installent dans notre cerveau, c\u2019est pourquoi <strong>il est important de prendre du recul pour se prot\u00e9ger des ancrages n\u00e9gatifs<\/strong>.<\/p>\n<p><strong>Cultivez la bienveillance envers vous-m\u00eame<\/strong>, quand vous \u00eates victime de <a href=\"https:\/\/www.medoucine.com\/blog\/\/stress-fatigue-nerveuse-quelles-plantes-pour-votre-profil\/\" target=\"_blank\" rel=\"noopener noreferrer\">stress ou de fatigue nerveuse<\/a>, pensez \u00e0 vous reposer, pas \u00e0 abandonner.<br \/>\n<strong>M\u00e9nagez-vous\u00a0!<\/strong> Au sens propre comme au figur\u00e9. <strong>Faites du m\u00e9nage dans ce qui vous encombre l\u2019esprit.<\/strong><\/p>\n<h2><strong>3 &#8211; Quand\u00a0la d\u00e9prime s\u2019installe\u00a0: on en parle\u00a0?<\/strong><\/h2>\n<p>Autrement dit : \u00e0 grands maux, les grands rem\u00e8des ! Si vous ressentez qu\u2019un \u00e9tat de lassitude, de repli, de fatigue physique ou mentale perdure et s\u2019est install\u00e9, <strong>l\u2019important est d\u2019en parler.<\/strong><\/p>\n<p>Vous avez d\u00e9j\u00e0 fait de votre mieux, et bravo ! Mais il faut aussi savoir l\u00e2cher prise et accepter que les th\u00e9rapeutes sont l\u00e0 pour vous \u00e9couter et vous rappeler que vous \u00eates entour\u00e9. C&rsquo;est leur m\u00e9tier.<\/p>\n<p><strong>De m\u00eame, votre m\u00e9decin traitant mais aussi vos proches, amis, connaissances et coll\u00e8gues peuvent \u00eatre d\u2019une grande aide si vous osez vous confier.<\/strong> Sans compter sur les consultations en visio, soutiens par t\u00e9l\u00e9phone ou en cabinet. Les solutions sont multiples.<\/p>\n<h2><strong>4 &#8211; Feel good : ma recette pour tenir la d\u00e9prime \u00e0 distance<\/strong><\/h2>\n<p><strong>Maintenant, passons \u00e0 la pratique&#8230;<\/strong><\/p>\n<p>Ma grand-m\u00e8re \u00e9tait une personne assez aigrie et d\u00e9prim\u00e9e, par sa vie et la vie en g\u00e9n\u00e9ral. Il ne s&rsquo;agit pas d&rsquo;une recette que j&rsquo;ai h\u00e9rit\u00e9 d&rsquo;elle, au contraire. Un jour de mai, pour lui redonner le go\u00fbt des gens et des choses, le go\u00fbt du temps, l\u2019odeur des souvenirs agr\u00e9ables, la chaleur d\u2019un soir d\u2019\u00e9t\u00e9, j\u2019ai d\u00e9cid\u00e9 que j\u2019allais partager avec elle ma recette pour d\u00e9velopper une routine o\u00f9 la d\u00e9prime s&rsquo;est dissip\u00e9e.<\/p>\n<p>Ch\u00e8re Mamie, voici les ingr\u00e9dients que j\u2019utilise, je suis allez voir et parler \u00e0 beaucoup de personnes pour qui \u00e7a fonctionne, et leurs mots sont rest\u00e9s. Je te les \u00e9cris pour que tu puisses toi aussi cr\u00e9er ta propre recette :<\/p>\n<p>Tu peux prendre un carnet, ou tu peux prendre un pinceau, tu peux aussi prendre une photo de toi quand tu \u00e9tais enfant, ou de toi maintenant. <strong>Ajoute 500 grammes de reconnaissance<\/strong>, comme pour les \u0153ufs, il te faut s\u00e9parer les critiques, les moqueries qui t\u2019ont \u00ab\u00a0ent\u00e9n\u00e9br\u00e9es\u00a0\u00bb. Monte en neige le plein d\u2019air frais et de lumi\u00e8re pour que ton corps soit rassasi\u00e9.<\/p>\n<p>Tu pourras ajouter des ingr\u00e9dients vari\u00e9s, \u00e7a ajoute au moins 1 Litre de bonheur \u00ab\u00a0UHT\u00a0\u00bb (ultra haute temp\u00e9rature).<\/p>\n<p>Tu pourras aussi <strong>choisir d\u2019aller marcher, courir, nager, sauter, faire du v\u00e9lo ou tout autre activit\u00e9 physique<\/strong>. Tu remues le tout et alors tu devrais avoir d\u00e9pens\u00e9 suffisamment d\u2019\u00e9nergie pour t\u2019aider \u00e0 moins penser et ruminer.<\/p>\n<p>Tu pourras ajouter des rires d\u2019enfants, de la musique, de la lecture. Ajoute aussi un bon bouillon de culture pour nourrir ton esprit et <strong>agr\u00e9mente le tout d\u2019\u00e9pices<\/strong> pour donner de la saveur \u00e0 la vie et \u00e0 tout ce qui te rend heureuse. <strong>Tu vois, c\u2019est \u00e7a la magie de l\u2019illimit\u00e9. <\/strong>Tu iras voir tes amis, tes proches et ta famille pour partager des instants de complicit\u00e9 et renforcer ce lien que vous avez co-cr\u00e9\u00e9s.<\/p>\n<p>Tu remues, tu saupoudres de joie et de bonheurs quotidiens constat\u00e9s. Et quand on n\u2019aime pas les cerises, on met un pompon sur le dessus pour finir en beaut\u00e9.<\/p>\n<p>Tu vois Mamie c\u2019est facile, <strong>il suffit de prendre soin de soi tous les jours et le tour est jou\u00e9.<\/strong><\/p>\n<div style=\"width: 694px\" class=\"wp-caption aligncenter\"><img loading=\"lazy\" decoding=\"async\" class=\"\" src=\"https:\/\/www.medoucine.com\/blog\/\/wp-content\/uploads\/2021\/06\/pexels-rodnae-productions-7104404.jpg\" alt=\"D\u00e9prime : recette simple pour s'en \u00e9loigner\" width=\"684\" height=\"456\" \/><p class=\"wp-caption-text\">Pexels<\/p><\/div>\n<p><strong>Voil\u00e0, maintenant, c\u2019est \u00e0 vous de cuisiner ma recette !<\/strong> Vous disposez de tous les ingr\u00e9dients et vous allez pouvoir ajouter \u00e0 tous ces ingr\u00e9dients votre singularit\u00e9. Je vous souhaite une bonne d\u00e9gustation, pour <strong>une vie lib\u00e9r\u00e9e de toute forme de d\u00e9prime<\/strong>.<\/p>\n<p>Par\u00a0<a href=\"https:\/\/www.medoucine.com\/consultation\/paris\/laetitia-bouhana\/1973\"><strong>Laetitia Bouhana, praticienne en hypnose<\/strong><\/a> recommand\u00e9e du r\u00e9seau M\u00e9doucine.<\/p>\n<p><a href=\"https:\/\/www.medoucine.com\/\" target=\"_blank\" rel=\"noopener noreferrer\"><strong>Trouvez un praticien recommand\u00e9 en hypnose sur M\u00e9doucine.<\/strong><\/a><\/p>\n<p><strong>A lire aussi :<\/strong><\/p>\n<ul>\n<li><a href=\"https:\/\/www.medoucine.com\/blog\/\/conseils-contre-deprime-hivernale\/\" target=\"_blank\" rel=\"noopener noreferrer\">7 astuces anti-d\u00e9prime pour booster votre moral<\/a><\/li>\n<li><a href=\"https:\/\/www.medoucine.com\/blog\/\/faire-face-a-la-deprime-hivernale-et-preparer-le-printemps-avec-la-sophrologie\/\" target=\"_blank\" rel=\"noopener noreferrer\">Faire face \u00e0 la d\u00e9prime hivernale et pr\u00e9parer le printemps avec la sophrologie<\/a><\/li>\n<li><a href=\"https:\/\/www.medoucine.com\/blog\/\/depression-saisonniere-elle-ne-passera-pas-par-moi\/\" target=\"_blank\" rel=\"noopener noreferrer\">D\u00e9pression saisonni\u00e8re, elle ne passera pas par moi !<\/a><\/li>\n<\/ul>\n","protected":false},"excerpt":{"rendered":"<p>A d\u00e9faut du refrain d\u2019une vieille chanson, quand j\u2019ai eu l\u2019opportunit\u00e9 d\u2019\u00e9crire un article sur la d\u00e9prime, je me suis dit : \u00ab vaste sujet \u00bb ! Je me suis \u00e9galement dit alors : \u00ab vaste sujet \u00bb, mais si c\u2019\u00e9tait faux ? N&rsquo;existerait-il pas une recette pour tenir la d\u00e9prime \u00e0 distance ? Si on essayait de comprendre la d\u00e9prime afin de mieux la cerner, et s\u2019en d\u00e9barrasser pour de bon ? Je vais vous expliquer ma recette pour tenir la d\u00e9prime \u00e0 distance. Je ne sais pas si vous le savez mais, dans la sph\u00e8re journalistique, la d\u00e9prime est un sujet qui revient d\u2019ann\u00e9es en ann\u00e9es au fil du temps, au gr\u00e9 des saisons. C\u2019est ce qu\u2019on appelle un \u00ab marronnier \u00bb. Je me suis dit : tiens, le nom de cet arbre [&hellip;]<\/p>\n","protected":false},"author":439,"featured_media":22278,"comment_status":"open","ping_status":"open","sticky":false,"template":"","format":"standard","meta":{"_acf_changed":false,"footnotes":""},"categories":[101],"tags":[433,306,317],"class_list":["post-18447","post","type-post","status-publish","format-standard","has-post-thumbnail","hentry","category-psycho","tag-comportement","tag-depression-deprime","tag-trouble-du-comportement"],"acf":[],"yoast_head":"<!-- This site is optimized with the Yoast SEO plugin v27.1.1 - https:\/\/yoast.com\/product\/yoast-seo-wordpress\/ -->\n<title>La d\u00e9prime, ma recette pour la tenir \u00e0 distance<\/title>\n<meta name=\"description\" content=\"D\u00e9prime, ma recette pour la tenir \u00e0 distance. Et si on essayait de comprendre la d\u00e9prime afin de mieux la cerner et s\u2019en d\u00e9barrasser pour de bon ?\" \/>\n<meta name=\"robots\" content=\"index, follow, max-snippet:-1, max-image-preview:large, max-video-preview:-1\" \/>\n<link rel=\"canonical\" href=\"https:\/\/www.medoucine.com\/blog\/la-deprime-ma-recette-pour-la-tenir-a-distance\/\" \/>\n<meta property=\"og:locale\" content=\"fr_FR\" \/>\n<meta property=\"og:type\" content=\"article\" \/>\n<meta property=\"og:title\" content=\"La d\u00e9prime, ma recette pour la tenir \u00e0 distance\" \/>\n<meta property=\"og:description\" content=\"D\u00e9prime, ma recette pour la tenir \u00e0 distance. Et si on essayait de comprendre la d\u00e9prime afin de mieux la cerner et s\u2019en d\u00e9barrasser pour de bon ?\" \/>\n<meta property=\"og:url\" content=\"https:\/\/www.medoucine.com\/blog\/la-deprime-ma-recette-pour-la-tenir-a-distance\/\" \/>\n<meta property=\"og:site_name\" content=\"Blog de Medoucine\" \/>\n<meta property=\"article:publisher\" content=\"https:\/\/www.facebook.com\/medoucine\/\" \/>\n<meta property=\"article:published_time\" content=\"2021-06-30T14:07:22+00:00\" \/>\n<meta property=\"article:modified_time\" content=\"2026-04-08T16:40:40+00:00\" \/>\n<meta property=\"og:image\" content=\"https:\/\/www.medoucine.com\/blog\/wp-content\/uploads\/2021\/06\/nik-shuliahin-BuNWp1bL0nc-unsplash-scaled.jpg\" \/>\n\t<meta property=\"og:image:width\" content=\"2560\" \/>\n\t<meta property=\"og:image:height\" content=\"1670\" \/>\n\t<meta property=\"og:image:type\" content=\"image\/jpeg\" \/>\n<meta name=\"author\" content=\"Laetitia Bouhana\" \/>\n<meta name=\"twitter:card\" content=\"summary_large_image\" \/>\n<meta name=\"twitter:creator\" content=\"@medoucinefr\" \/>\n<meta name=\"twitter:site\" content=\"@medoucinefr\" \/>\n<meta name=\"twitter:label1\" content=\"\u00c9crit par\" \/>\n\t<meta name=\"twitter:data1\" content=\"Laetitia Bouhana\" \/>\n\t<meta name=\"twitter:label2\" content=\"Dur\u00e9e de lecture estim\u00e9e\" \/>\n\t<meta name=\"twitter:data2\" content=\"7 minutes\" \/>\n<script type=\"application\/ld+json\" class=\"yoast-schema-graph\">{\"@context\":\"https:\/\/schema.org\",\"@graph\":[{\"@type\":\"Article\",\"@id\":\"https:\/\/www.medoucine.com\/blog\/la-deprime-ma-recette-pour-la-tenir-a-distance\/#article\",\"isPartOf\":{\"@id\":\"https:\/\/www.medoucine.com\/blog\/la-deprime-ma-recette-pour-la-tenir-a-distance\/\"},\"author\":{\"name\":\"Laetitia Bouhana\",\"@id\":\"https:\/\/www.medoucine.com\/blog\/#\/schema\/person\/4d843e5addbfc8a20c3c2bde606687cf\"},\"headline\":\"La d\u00e9prime, ma recette pour la tenir \u00e0 distance\",\"datePublished\":\"2021-06-30T14:07:22+00:00\",\"dateModified\":\"2026-04-08T16:40:40+00:00\",\"mainEntityOfPage\":{\"@id\":\"https:\/\/www.medoucine.com\/blog\/la-deprime-ma-recette-pour-la-tenir-a-distance\/\"},\"wordCount\":1463,\"commentCount\":0,\"publisher\":{\"@id\":\"https:\/\/www.medoucine.com\/blog\/#organization\"},\"image\":{\"@id\":\"https:\/\/www.medoucine.com\/blog\/la-deprime-ma-recette-pour-la-tenir-a-distance\/#primaryimage\"},\"thumbnailUrl\":\"https:\/\/www.medoucine.com\/blog\/wp-content\/uploads\/2021\/06\/nik-shuliahin-BuNWp1bL0nc-unsplash-scaled.jpg\",\"keywords\":[\"comportement\",\"d\u00e9pression d\u00e9prime\",\"trouble du comportement\"],\"articleSection\":[\"Psycho\"],\"inLanguage\":\"fr-FR\",\"potentialAction\":[{\"@type\":\"CommentAction\",\"name\":\"Comment\",\"target\":[\"https:\/\/www.medoucine.com\/blog\/la-deprime-ma-recette-pour-la-tenir-a-distance\/#respond\"]}]},{\"@type\":\"WebPage\",\"@id\":\"https:\/\/www.medoucine.com\/blog\/la-deprime-ma-recette-pour-la-tenir-a-distance\/\",\"url\":\"https:\/\/www.medoucine.com\/blog\/la-deprime-ma-recette-pour-la-tenir-a-distance\/\",\"name\":\"La d\u00e9prime, ma recette pour la tenir \u00e0 distance\",\"isPartOf\":{\"@id\":\"https:\/\/www.medoucine.com\/blog\/#website\"},\"primaryImageOfPage\":{\"@id\":\"https:\/\/www.medoucine.com\/blog\/la-deprime-ma-recette-pour-la-tenir-a-distance\/#primaryimage\"},\"image\":{\"@id\":\"https:\/\/www.medoucine.com\/blog\/la-deprime-ma-recette-pour-la-tenir-a-distance\/#primaryimage\"},\"thumbnailUrl\":\"https:\/\/www.medoucine.com\/blog\/wp-content\/uploads\/2021\/06\/nik-shuliahin-BuNWp1bL0nc-unsplash-scaled.jpg\",\"datePublished\":\"2021-06-30T14:07:22+00:00\",\"dateModified\":\"2026-04-08T16:40:40+00:00\",\"description\":\"D\u00e9prime, ma recette pour la tenir \u00e0 distance. Et si on essayait de comprendre la d\u00e9prime afin de mieux la cerner et s\u2019en d\u00e9barrasser pour de bon ?\",\"breadcrumb\":{\"@id\":\"https:\/\/www.medoucine.com\/blog\/la-deprime-ma-recette-pour-la-tenir-a-distance\/#breadcrumb\"},\"inLanguage\":\"fr-FR\",\"potentialAction\":[{\"@type\":\"ReadAction\",\"target\":[\"https:\/\/www.medoucine.com\/blog\/la-deprime-ma-recette-pour-la-tenir-a-distance\/\"]}]},{\"@type\":\"ImageObject\",\"inLanguage\":\"fr-FR\",\"@id\":\"https:\/\/www.medoucine.com\/blog\/la-deprime-ma-recette-pour-la-tenir-a-distance\/#primaryimage\",\"url\":\"https:\/\/www.medoucine.com\/blog\/wp-content\/uploads\/2021\/06\/nik-shuliahin-BuNWp1bL0nc-unsplash-scaled.jpg\",\"contentUrl\":\"https:\/\/www.medoucine.com\/blog\/wp-content\/uploads\/2021\/06\/nik-shuliahin-BuNWp1bL0nc-unsplash-scaled.jpg\",\"width\":2560,\"height\":1670},{\"@type\":\"BreadcrumbList\",\"@id\":\"https:\/\/www.medoucine.com\/blog\/la-deprime-ma-recette-pour-la-tenir-a-distance\/#breadcrumb\",\"itemListElement\":[{\"@type\":\"ListItem\",\"position\":1,\"name\":\"Blog Medoucine\",\"item\":\"https:\/\/www.medoucine.com\/blog\/\"},{\"@type\":\"ListItem\",\"position\":2,\"name\":\"Psycho\",\"item\":\"https:\/\/www.medoucine.com\/blog\/cat\/psycho\/\"},{\"@type\":\"ListItem\",\"position\":3,\"name\":\"La d\u00e9prime, ma recette pour la tenir \u00e0 distance\"}]},{\"@type\":\"WebSite\",\"@id\":\"https:\/\/www.medoucine.com\/blog\/#website\",\"url\":\"https:\/\/www.medoucine.com\/blog\/\",\"name\":\"Blog de Medoucine\",\"description\":\"Le blog des m\u00e9decines douces\",\"publisher\":{\"@id\":\"https:\/\/www.medoucine.com\/blog\/#organization\"},\"potentialAction\":[{\"@type\":\"SearchAction\",\"target\":{\"@type\":\"EntryPoint\",\"urlTemplate\":\"https:\/\/www.medoucine.com\/blog\/?s={search_term_string}\"},\"query-input\":{\"@type\":\"PropertyValueSpecification\",\"valueRequired\":true,\"valueName\":\"search_term_string\"}}],\"inLanguage\":\"fr-FR\"},{\"@type\":\"Organization\",\"@id\":\"https:\/\/www.medoucine.com\/blog\/#organization\",\"name\":\"Medoucine\",\"url\":\"https:\/\/www.medoucine.com\/blog\/\",\"logo\":{\"@type\":\"ImageObject\",\"inLanguage\":\"fr-FR\",\"@id\":\"https:\/\/www.medoucine.com\/blog\/#\/schema\/logo\/image\/\",\"url\":\"https:\/\/www.medoucine.com\/blog\/wp-content\/uploads\/2019\/07\/logo@3x.png\",\"contentUrl\":\"https:\/\/www.medoucine.com\/blog\/wp-content\/uploads\/2019\/07\/logo@3x.png\",\"width\":555,\"height\":135,\"caption\":\"Medoucine\"},\"image\":{\"@id\":\"https:\/\/www.medoucine.com\/blog\/#\/schema\/logo\/image\/\"},\"sameAs\":[\"https:\/\/www.facebook.com\/medoucine\/\",\"https:\/\/x.com\/medoucinefr\",\"https:\/\/www.instagram.com\/medoucine\/\",\"https:\/\/www.youtube.com\/channel\/UCtZeUeJ_KebYK0KJAXjJV8g\"]},{\"@type\":\"Person\",\"@id\":\"https:\/\/www.medoucine.com\/blog\/#\/schema\/person\/4d843e5addbfc8a20c3c2bde606687cf\",\"name\":\"Laetitia Bouhana\",\"image\":{\"@type\":\"ImageObject\",\"inLanguage\":\"fr-FR\",\"@id\":\"https:\/\/www.medoucine.com\/blog\/#\/schema\/person\/image\/\",\"url\":\"https:\/\/secure.gravatar.com\/avatar\/2372601fe2b41aad521e610a324720f28d35b8de1f5628fa9341e509edb42899?s=96&d=mm&r=g\",\"contentUrl\":\"https:\/\/secure.gravatar.com\/avatar\/2372601fe2b41aad521e610a324720f28d35b8de1f5628fa9341e509edb42899?s=96&d=mm&r=g\",\"caption\":\"Laetitia Bouhana\"},\"description\":\"Je vous aide \u00e0 d\u00e9velopper votre potentiel gr\u00e2ce \u00e0 ma formation en hypnose avec la m\u00e9thode SAJECE.\",\"sameAs\":[\"https:\/\/www.medoucine.com\/consultation\/paris\/laetitia-bouhana\/1973\"],\"url\":\"https:\/\/www.medoucine.com\/blog\/author\/laetitia_bouhana\/\"}]}<\/script>\n<!-- \/ Yoast SEO plugin. -->","yoast_head_json":{"title":"La d\u00e9prime, ma recette pour la tenir \u00e0 distance","description":"D\u00e9prime, ma recette pour la tenir \u00e0 distance. Et si on essayait de comprendre la d\u00e9prime afin de mieux la cerner et s\u2019en d\u00e9barrasser pour de bon ?","robots":{"index":"index","follow":"follow","max-snippet":"max-snippet:-1","max-image-preview":"max-image-preview:large","max-video-preview":"max-video-preview:-1"},"canonical":"https:\/\/www.medoucine.com\/blog\/la-deprime-ma-recette-pour-la-tenir-a-distance\/","og_locale":"fr_FR","og_type":"article","og_title":"La d\u00e9prime, ma recette pour la tenir \u00e0 distance","og_description":"D\u00e9prime, ma recette pour la tenir \u00e0 distance. Et si on essayait de comprendre la d\u00e9prime afin de mieux la cerner et s\u2019en d\u00e9barrasser pour de bon ?","og_url":"https:\/\/www.medoucine.com\/blog\/la-deprime-ma-recette-pour-la-tenir-a-distance\/","og_site_name":"Blog de Medoucine","article_publisher":"https:\/\/www.facebook.com\/medoucine\/","article_published_time":"2021-06-30T14:07:22+00:00","article_modified_time":"2026-04-08T16:40:40+00:00","og_image":[{"width":2560,"height":1670,"url":"https:\/\/www.medoucine.com\/blog\/wp-content\/uploads\/2021\/06\/nik-shuliahin-BuNWp1bL0nc-unsplash-scaled.jpg","type":"image\/jpeg"}],"author":"Laetitia Bouhana","twitter_card":"summary_large_image","twitter_creator":"@medoucinefr","twitter_site":"@medoucinefr","twitter_misc":{"\u00c9crit par":"Laetitia Bouhana","Dur\u00e9e de lecture estim\u00e9e":"7 minutes"},"schema":{"@context":"https:\/\/schema.org","@graph":[{"@type":"Article","@id":"https:\/\/www.medoucine.com\/blog\/la-deprime-ma-recette-pour-la-tenir-a-distance\/#article","isPartOf":{"@id":"https:\/\/www.medoucine.com\/blog\/la-deprime-ma-recette-pour-la-tenir-a-distance\/"},"author":{"name":"Laetitia Bouhana","@id":"https:\/\/www.medoucine.com\/blog\/#\/schema\/person\/4d843e5addbfc8a20c3c2bde606687cf"},"headline":"La d\u00e9prime, ma recette pour la tenir \u00e0 distance","datePublished":"2021-06-30T14:07:22+00:00","dateModified":"2026-04-08T16:40:40+00:00","mainEntityOfPage":{"@id":"https:\/\/www.medoucine.com\/blog\/la-deprime-ma-recette-pour-la-tenir-a-distance\/"},"wordCount":1463,"commentCount":0,"publisher":{"@id":"https:\/\/www.medoucine.com\/blog\/#organization"},"image":{"@id":"https:\/\/www.medoucine.com\/blog\/la-deprime-ma-recette-pour-la-tenir-a-distance\/#primaryimage"},"thumbnailUrl":"https:\/\/www.medoucine.com\/blog\/wp-content\/uploads\/2021\/06\/nik-shuliahin-BuNWp1bL0nc-unsplash-scaled.jpg","keywords":["comportement","d\u00e9pression d\u00e9prime","trouble du comportement"],"articleSection":["Psycho"],"inLanguage":"fr-FR","potentialAction":[{"@type":"CommentAction","name":"Comment","target":["https:\/\/www.medoucine.com\/blog\/la-deprime-ma-recette-pour-la-tenir-a-distance\/#respond"]}]},{"@type":"WebPage","@id":"https:\/\/www.medoucine.com\/blog\/la-deprime-ma-recette-pour-la-tenir-a-distance\/","url":"https:\/\/www.medoucine.com\/blog\/la-deprime-ma-recette-pour-la-tenir-a-distance\/","name":"La d\u00e9prime, ma recette pour la tenir \u00e0 distance","isPartOf":{"@id":"https:\/\/www.medoucine.com\/blog\/#website"},"primaryImageOfPage":{"@id":"https:\/\/www.medoucine.com\/blog\/la-deprime-ma-recette-pour-la-tenir-a-distance\/#primaryimage"},"image":{"@id":"https:\/\/www.medoucine.com\/blog\/la-deprime-ma-recette-pour-la-tenir-a-distance\/#primaryimage"},"thumbnailUrl":"https:\/\/www.medoucine.com\/blog\/wp-content\/uploads\/2021\/06\/nik-shuliahin-BuNWp1bL0nc-unsplash-scaled.jpg","datePublished":"2021-06-30T14:07:22+00:00","dateModified":"2026-04-08T16:40:40+00:00","description":"D\u00e9prime, ma recette pour la tenir \u00e0 distance. Et si on essayait de comprendre la d\u00e9prime afin de mieux la cerner et s\u2019en d\u00e9barrasser pour de bon ?","breadcrumb":{"@id":"https:\/\/www.medoucine.com\/blog\/la-deprime-ma-recette-pour-la-tenir-a-distance\/#breadcrumb"},"inLanguage":"fr-FR","potentialAction":[{"@type":"ReadAction","target":["https:\/\/www.medoucine.com\/blog\/la-deprime-ma-recette-pour-la-tenir-a-distance\/"]}]},{"@type":"ImageObject","inLanguage":"fr-FR","@id":"https:\/\/www.medoucine.com\/blog\/la-deprime-ma-recette-pour-la-tenir-a-distance\/#primaryimage","url":"https:\/\/www.medoucine.com\/blog\/wp-content\/uploads\/2021\/06\/nik-shuliahin-BuNWp1bL0nc-unsplash-scaled.jpg","contentUrl":"https:\/\/www.medoucine.com\/blog\/wp-content\/uploads\/2021\/06\/nik-shuliahin-BuNWp1bL0nc-unsplash-scaled.jpg","width":2560,"height":1670},{"@type":"BreadcrumbList","@id":"https:\/\/www.medoucine.com\/blog\/la-deprime-ma-recette-pour-la-tenir-a-distance\/#breadcrumb","itemListElement":[{"@type":"ListItem","position":1,"name":"Blog Medoucine","item":"https:\/\/www.medoucine.com\/blog\/"},{"@type":"ListItem","position":2,"name":"Psycho","item":"https:\/\/www.medoucine.com\/blog\/cat\/psycho\/"},{"@type":"ListItem","position":3,"name":"La d\u00e9prime, ma recette pour la tenir \u00e0 distance"}]},{"@type":"WebSite","@id":"https:\/\/www.medoucine.com\/blog\/#website","url":"https:\/\/www.medoucine.com\/blog\/","name":"Blog de Medoucine","description":"Le blog des m\u00e9decines douces","publisher":{"@id":"https:\/\/www.medoucine.com\/blog\/#organization"},"potentialAction":[{"@type":"SearchAction","target":{"@type":"EntryPoint","urlTemplate":"https:\/\/www.medoucine.com\/blog\/?s={search_term_string}"},"query-input":{"@type":"PropertyValueSpecification","valueRequired":true,"valueName":"search_term_string"}}],"inLanguage":"fr-FR"},{"@type":"Organization","@id":"https:\/\/www.medoucine.com\/blog\/#organization","name":"Medoucine","url":"https:\/\/www.medoucine.com\/blog\/","logo":{"@type":"ImageObject","inLanguage":"fr-FR","@id":"https:\/\/www.medoucine.com\/blog\/#\/schema\/logo\/image\/","url":"https:\/\/www.medoucine.com\/blog\/wp-content\/uploads\/2019\/07\/logo@3x.png","contentUrl":"https:\/\/www.medoucine.com\/blog\/wp-content\/uploads\/2019\/07\/logo@3x.png","width":555,"height":135,"caption":"Medoucine"},"image":{"@id":"https:\/\/www.medoucine.com\/blog\/#\/schema\/logo\/image\/"},"sameAs":["https:\/\/www.facebook.com\/medoucine\/","https:\/\/x.com\/medoucinefr","https:\/\/www.instagram.com\/medoucine\/","https:\/\/www.youtube.com\/channel\/UCtZeUeJ_KebYK0KJAXjJV8g"]},{"@type":"Person","@id":"https:\/\/www.medoucine.com\/blog\/#\/schema\/person\/4d843e5addbfc8a20c3c2bde606687cf","name":"Laetitia Bouhana","image":{"@type":"ImageObject","inLanguage":"fr-FR","@id":"https:\/\/www.medoucine.com\/blog\/#\/schema\/person\/image\/","url":"https:\/\/secure.gravatar.com\/avatar\/2372601fe2b41aad521e610a324720f28d35b8de1f5628fa9341e509edb42899?s=96&d=mm&r=g","contentUrl":"https:\/\/secure.gravatar.com\/avatar\/2372601fe2b41aad521e610a324720f28d35b8de1f5628fa9341e509edb42899?s=96&d=mm&r=g","caption":"Laetitia Bouhana"},"description":"Je vous aide \u00e0 d\u00e9velopper votre potentiel gr\u00e2ce \u00e0 ma formation en hypnose avec la m\u00e9thode SAJECE.","sameAs":["https:\/\/www.medoucine.com\/consultation\/paris\/laetitia-bouhana\/1973"],"url":"https:\/\/www.medoucine.com\/blog\/author\/laetitia_bouhana\/"}]}},"_links":{"self":[{"href":"https:\/\/www.medoucine.com\/blog\/wp-json\/wp\/v2\/posts\/18447","targetHints":{"allow":["GET"]}}],"collection":[{"href":"https:\/\/www.medoucine.com\/blog\/wp-json\/wp\/v2\/posts"}],"about":[{"href":"https:\/\/www.medoucine.com\/blog\/wp-json\/wp\/v2\/types\/post"}],"author":[{"embeddable":true,"href":"https:\/\/www.medoucine.com\/blog\/wp-json\/wp\/v2\/users\/439"}],"replies":[{"embeddable":true,"href":"https:\/\/www.medoucine.com\/blog\/wp-json\/wp\/v2\/comments?post=18447"}],"version-history":[{"count":6,"href":"https:\/\/www.medoucine.com\/blog\/wp-json\/wp\/v2\/posts\/18447\/revisions"}],"predecessor-version":[{"id":42709,"href":"https:\/\/www.medoucine.com\/blog\/wp-json\/wp\/v2\/posts\/18447\/revisions\/42709"}],"wp:featuredmedia":[{"embeddable":true,"href":"https:\/\/www.medoucine.com\/blog\/wp-json\/wp\/v2\/media\/22278"}],"wp:attachment":[{"href":"https:\/\/www.medoucine.com\/blog\/wp-json\/wp\/v2\/media?parent=18447"}],"wp:term":[{"taxonomy":"category","embeddable":true,"href":"https:\/\/www.medoucine.com\/blog\/wp-json\/wp\/v2\/categories?post=18447"},{"taxonomy":"post_tag","embeddable":true,"href":"https:\/\/www.medoucine.com\/blog\/wp-json\/wp\/v2\/tags?post=18447"}],"curies":[{"name":"wp","href":"https:\/\/api.w.org\/{rel}","templated":true}]}}