{"id":18019,"date":"2021-07-15T15:54:23","date_gmt":"2021-07-15T13:54:23","guid":{"rendered":"https:\/\/www.medoucine.com\/blog\/?p=18019"},"modified":"2026-04-08T18:40:07","modified_gmt":"2026-04-08T16:40:07","slug":"les-graines-germees-tous-leurs-bienfaits-et-comment-les-cultiver","status":"publish","type":"post","link":"https:\/\/www.medoucine.com\/blog\/les-graines-germees-tous-leurs-bienfaits-et-comment-les-cultiver\/","title":{"rendered":"Les graines germ\u00e9es : tous leurs bienfaits et comment les cultiver"},"content":{"rendered":"<p class=\"has-drop-cap\">Les graines germ\u00e9es deviennent de plus en plus pr\u00e9sentes dans les rayons des magasins alimentaires. Pourquoi cet engouement pour ces petites graines ? Que peuvent-elles apporter \u00e0 notre corps ? Et finalement, quels sont les bienfaits des graines germ\u00e9es, comment les cultiver, comment les consommer ?<\/p>\n<h2>Les graines, un concentr\u00e9 de vie<\/h2>\n<p>La graine, en botanique, est la source de vie. Apr\u00e8s la f\u00e9condation, c\u2019est elle qui permet la diss\u00e9mination d\u2019une esp\u00e8ce. Port\u00e9e dans un lieu de germination, elle va attendre les bonnes conditions pour se d\u00e9velopper et donner naissance \u00e0 une nouvelle plante. Elle est donc un concentr\u00e9 de vie et contient en elle tout ce qui est n\u00e9cessaire \u00e0 la bonne croissance de la plante.<\/p>\n<p>Les graines germ\u00e9es sont devenues l\u2019embl\u00e8me de l\u2019<strong>alimentation vivante<\/strong>. Dans l\u2019\u00e9chelle de l\u2019alimentation vivante, on trouve sans surprise les graines germ\u00e9es tout en haut de l\u2019\u00e9chelle. Elles sont consid\u00e9r\u00e9es comme <strong>\u00ab bior\u00e9g\u00e9n\u00e9ratrices \u00bb<\/strong>. Gr\u00e2ce \u00e0 la vitalit\u00e9 et aux nutriments qu\u2019elles contiennent, les graines germ\u00e9es sont des alli\u00e9es sant\u00e9.<\/p>\n<p>&nbsp;<\/p>\n<div style=\"width: 693px\" class=\"wp-caption aligncenter\"><img loading=\"lazy\" decoding=\"async\" class=\"\" src=\"https:\/\/www.medoucine.com\/blog\/\/wp-content\/uploads\/2021\/05\/Sans-titre-2021-07-15T184655.670.jpg\" alt=\"Les graines germ\u00e9es : tous leurs bienfaits et comment les cultiver\" width=\"683\" height=\"455\" \/><p class=\"wp-caption-text\">Canva<\/p><\/div>\n<div class=\"m-spin\">\n<p class=\"m-spin__text\"><strong>Boostez votre vitalit\u00e9 avec les fleurs de Bach<\/strong><\/p>\n<p class=\"m-spin__text\">Les graines germ\u00e9es sont un excellent compl\u00e9ment pour une alimentation saine et une meilleure sant\u00e9 globale, en synergie avec les fleurs de Bach. Prenez rendez-vous avec un <a class=\"m-spin__link\" target=\"_blank\" rel=\"noopener noreferrer\" href=\"https:\/\/www.medoucine.com\/consultations\/se-soigner\/fleurs-de-bach\/lille\/tous-publics\/a-domicile-ou-cabinet?utm_source=medoucine_blog_B2C&amp;utm_medium=article_blog&amp;utm_campaign=spin_seo\">Praticien en fleurs de Bach \u00e0 Lille<\/a>, un <a class=\"m-spin__link\" target=\"_blank\" rel=\"noopener noreferrer\" href=\"https:\/\/www.medoucine.com\/consultations\/se-soigner\/fleurs-de-bach\/marseille\/tous-publics\/a-domicile-ou-cabinet?utm_source=medoucine_blog_B2C&amp;utm_medium=article_blog&amp;utm_campaign=spin_seo\">Praticien en fleurs de Bach \u00e0 Marseille<\/a> ou un <a class=\"m-spin__link\" target=\"_blank\" rel=\"noopener noreferrer\" href=\"https:\/\/www.medoucine.com\/consultations\/se-soigner\/fleurs-de-bach\/paris\/tous-publics\/a-domicile-ou-cabinet?utm_source=medoucine_blog_B2C&amp;utm_medium=article_blog&amp;utm_campaign=spin_seo\">Praticien en fleurs de Bach \u00e0 Paris<\/a> pour un accompagnement personnalis\u00e9.<\/p>\n<p class=\"m-spin__text\">Vous ressentez le besoin d&rsquo;un soutien \u00e9motionnel ? Trouvez des <a class=\"m-spin__link\" target=\"_blank\" rel=\"noopener noreferrer\" href=\"https:\/\/www.medoucine.com\/consultations\/se-soigner\/fleurs-de-bach\/autour-de-moi?utm_source=medoucine_blog_B2C&amp;utm_medium=article_blog&amp;utm_campaign=spin_seo\">Praticiens en fleurs de Bach pr\u00e8s de chez vous<\/a> pour vous aider \u00e0 retrouver \u00e9quilibre et bien-\u00eatre.<\/p>\n<\/div>\n<h2>Des nutriments pr\u00eats \u00e0 \u00eatre croqu\u00e9s<\/h2>\n<p>La germination va <strong>d\u00e9multiplier<\/strong> la pr\u00e9sence de <strong>nutriments<\/strong> cl\u00e9s. On trouve beaucoup plus de vitamines dans la graine en germination que dans la graine \u00e0 l\u2019\u00e9tat de sommeil. Les graines germ\u00e9es contiennent un grand nombre de nutriments essentiels au bon fonctionnement de notre corps.<\/p>\n<h3>Des vitamines dans les graines germ\u00e9es \u00e0 cultiver pour leurs bienfaits<\/h3>\n<p>Les graines contiennent quasiment toutes les vitamines. Elles sont riches en vitamines du groupe B, en vitamine A, C, E et K.<\/p>\n<p>A noter, les graines germ\u00e9es sont une excellente source de vitamine C. Cette vitamine est facilement d\u00e9truite par la chaleur ou le temps de conservation. Avec les graines en cours de germination, la teneur en vitamine C est assur\u00e9e.<\/p>\n<h3>Des min\u00e9raux aussi<\/h3>\n<p>Tr\u00e8s riches en calcium, potassium, phosphore et magn\u00e9sium, elles apportent \u00e0 notre organisme les min\u00e9raux essentiels au fonctionnement cellulaire et \u00e0 la solidit\u00e9 de nos tissus.<\/p>\n<p>Elles sont aussi une source int\u00e9ressante de zinc, de fer, de s\u00e9l\u00e9nium et de cuivre.<\/p>\n<h3>Des prot\u00e9ines<\/h3>\n<p>Environ 40% de la mati\u00e8re s\u00e8che des graines sont des prot\u00e9ines. Elles sont riches en acides amin\u00e9s essentiels qui sont les briques essentielles pour construire notre corps.<\/p>\n<h2>Les graines germ\u00e9es et leurs bienfaits pour notre sant\u00e9<\/h2>\n<p>Leur richesse en min\u00e9raux et en vitamines en fait un aliment <strong>antioxydant<\/strong> et aidant le maintien de notre \u00e9quilibre acido-basique. Des \u00e9tudes montrent un changement de la qualit\u00e9 nutritionnelle des graines apr\u00e8s germination avec une plus forte concentration de nombreux nutriments antioxydants (polyph\u00e9nols, glucosinolates\u2026). Elles vont donc <strong>ralentir le vieillissement cellulaire<\/strong> et augmenter notre vitalit\u00e9.<\/p>\n<p>Un des <strong>avantages<\/strong> de la germination est de rendre les graines des aliments (comme les lentilles, ou le pois chiches) <strong>plus digestes<\/strong>. Les enzymes de la germination vont pr\u00e9dig\u00e9rer des prot\u00e9ines et des sucres, ce qui va aider notre organisme \u00e0 mieux assimiler ces composants.<\/p>\n<p>Enfin, comme chaque graine a un go\u00fbt qui lui est propre, elles ont aussi des <strong>bienfaits<\/strong> <strong>sp\u00e9cifiques<\/strong> sur la sant\u00e9. Les b\u00e9n\u00e9fices sp\u00e9cifiques d\u2019une plante sont g\u00e9n\u00e9ralement retrouv\u00e9s dans la graine germ\u00e9e.<\/p>\n<p>Les graines de fenugrec auront donc un int\u00e9r\u00eat dans le cadre de la r\u00e9gulation de la glyc\u00e9mie, ou les graines de carvi pour am\u00e9liorer le confort digestif.<\/p>\n<p>&nbsp;<\/p>\n<div style=\"width: 693px\" class=\"wp-caption aligncenter\"><img loading=\"lazy\" decoding=\"async\" class=\"\" src=\"https:\/\/www.medoucine.com\/blog\/\/wp-content\/uploads\/2021\/05\/Sans-titre-2021-07-15T184410.669.jpg\" alt=\"Les bienfaits et la culture des graines germ\u00e9es\" width=\"683\" height=\"455\" \/><p class=\"wp-caption-text\">Canva<\/p><\/div>\n<h2>La germination des graines, c\u2019est si simple<\/h2>\n<h3>Le choix des graines germ\u00e9es \u00e0 cultiver pour leurs bienfaits<\/h3>\n<p>En vue de la germination, il est pr\u00e9f\u00e9rable de choisir des graines <strong>d\u2019origine biologique<\/strong> sans pesticides. Pour \u00e9viter tout d\u00e9veloppement bact\u00e9rien, il est conseill\u00e9 d\u2019utiliser des graines qui ont une vocation \u00e0 <strong>utilisation alimentaire<\/strong> et non des graines de jardinage.<\/p>\n<p>La palette des graines pouvant \u00eatre consomm\u00e9es est large. Cependant, certaines comme celles de la tomate, pomme de terre, aubergine (en bref la famille des solanac\u00e9es) sont \u00e0 \u00e9viter car elles sont toxiques.<\/p>\n<p>Pour les choisir, les crit\u00e8res sont le go\u00fbt et la facilit\u00e9 \u00e0 les faire germer. Les graines les plus fr\u00e9quemment utiliser pour germer sont les graines d\u2019alfalfa, de lentilles ou de fenugrec mais de nombreuses graines peuvent agr\u00e9menter vos plats :<\/p>\n<ul>\n<li>Les plantes aromatiques\u00a0: graines de carvi, de cumin, de persil\u2026<\/li>\n<li>Les c\u00e9r\u00e9ales\u00a0: graines de bl\u00e9, d\u2019\u00e9peautre, de millet\u2026<\/li>\n<li>Les l\u00e9gumes\u00a0: radis, brocolis, fenouil\u2026.<\/li>\n<li>Les ol\u00e9agineux : tournesol, s\u00e9same, courge<\/li>\n<\/ul>\n<h3>Mode d\u2019emploi de la germination des graines<\/h3>\n<p>La germination est assez simple. Il y a d\u2019abord un <strong>temps de trempage<\/strong> (pr\u00e9-germination). On utilisera la nuit pour les faire tremper. Le temps de trempage n\u2019a pas besoin de d\u00e9passer 12h. Ensuite, on rince bien les graines et on va lancer la germination.<\/p>\n<p>Il suffit de laisser les graines <strong>germer entre 3 \u00e0 7 jours<\/strong> en les<strong> arrosant 2 fois par jour<\/strong> (matin et soir) sans les laisser tremper dans l\u2019eau. Pendant le temps de la germination, il faut laisser les graines \u00e0 temp\u00e9rature ambiante entre 19\u00b0 et 25\u00b0.<\/p>\n<p>&nbsp;<\/p>\n<div style=\"width: 693px\" class=\"wp-caption aligncenter\"><img loading=\"lazy\" decoding=\"async\" class=\"\" src=\"https:\/\/www.medoucine.com\/blog\/\/wp-content\/uploads\/2021\/05\/Sans-titre-2021-07-15T183759.171.jpg\" alt=\"Les graines germ\u00e9es : tous leurs bienfaits et comment les cultiver\" width=\"683\" height=\"455\" \/><p class=\"wp-caption-text\">Canva<\/p><\/div>\n<p>&nbsp;<\/p>\n<p>Vous pouvez utiliser les germoirs qui sont vendus dans le commerce, ils ont l\u2019avantage de faciliter la phase d\u2019\u00a0\u00ab\u00a0arrosage\u00a0\u00bb. L\u2019eau peut \u00eatre facilement vider du contenant et \u00e9vite que les graines ne trempent dans l\u2019eau. Cependant, une solution faite maison est tout \u00e0 fait possible. Vous prenez un bocal en verre que vous avez \u00e0 la maison, le recouvrez d\u2019un linge par lequel vous viderez l\u2019eau et enfin inclinez le bocal pendant la journ\u00e9e en remontant l\u00e9g\u00e8rement le fond du bocal avec un objet.<\/p>\n<p>La conservation apr\u00e8s germination se fait au r\u00e9frig\u00e9rateur. Il <strong>ne faut pas cuire les graines germ\u00e9es<\/strong> qui vont perdre toutes leurs qualit\u00e9s nutritionnelles. Elles sont \u00e0 consommer crues pour assaisonner vos salades, plats ou tartines. Elles apporteront fraicheur et go\u00fbt \u00e0 vos plats.<\/p>\n<p>Par <strong><a href=\"https:\/\/www.medoucine.com\/consultation\/lyon\/sophie-girtanner\/2181\" target=\"_blank\" rel=\"noopener noreferrer\">Sophie Girtanner, naturopathe et conseill\u00e8re fleurs de Bach<\/a><\/strong> recommand\u00e9e du r\u00e9seau M\u00e9doucine.<\/p>\n<p><strong><a href=\"https:\/\/www.medoucine.com\/\" target=\"_blank\" rel=\"noopener noreferrer\">Trouvez un naturopathe recommand\u00e9 pr\u00e8s de chez vous sur M\u00e9doucine.<\/a><\/strong><\/p>\n<p><strong>A lire aussi :<\/strong><\/p>\n<ul>\n<li><a href=\"https:\/\/www.medoucine.com\/blog\/\/le-quinoa-un-tresor-de-proteines\/\" target=\"_blank\" rel=\"noopener noreferrer\">Le quinoa, un tr\u00e9sor de prot\u00e9ines<\/a><\/li>\n<li><a href=\"https:\/\/www.medoucine.com\/blog\/\/les-bienfaits-des-baies\/\" target=\"_blank\" rel=\"noopener noreferrer\">Les bienfaits des baies<\/a><\/li>\n<li><a href=\"https:\/\/www.medoucine.com\/blog\/\/les-amidons-resistants-qu-est-ce-que-c-est\/\" target=\"_blank\" rel=\"noopener noreferrer\">Les amidons r\u00e9sistants, qu\u2019est-ce que c\u2019est ?<\/a><\/li>\n<li><a href=\"https:\/\/www.medoucine.com\/blog\/\/quels-sont-les-bienfaits-du-jus-de-pomme-de-terre\/\">Quels sont les bienfaits du jus de pomme de terre ? <\/a><\/li>\n<\/ul>\n<p>&nbsp;<\/p>\n","protected":false},"excerpt":{"rendered":"<p>Les graines germ\u00e9es deviennent de plus en plus pr\u00e9sentes dans les rayons des magasins alimentaires. Pourquoi cet engouement pour ces petites graines ? Que peuvent-elles apporter \u00e0 notre corps ? Et finalement, quels sont les bienfaits des graines germ\u00e9es, comment les cultiver, comment les consommer ? Les graines, un concentr\u00e9 de vie La graine, en botanique, est la source de vie. Apr\u00e8s la f\u00e9condation, c\u2019est elle qui permet la diss\u00e9mination d\u2019une esp\u00e8ce. Port\u00e9e dans un lieu de germination, elle va attendre les bonnes conditions pour se d\u00e9velopper et donner naissance \u00e0 une nouvelle plante. Elle est donc un concentr\u00e9 de vie et contient en elle tout ce qui est n\u00e9cessaire \u00e0 la bonne croissance de la plante. Les graines germ\u00e9es sont devenues l\u2019embl\u00e8me de l\u2019alimentation vivante. Dans l\u2019\u00e9chelle de l\u2019alimentation vivante, on trouve sans surprise [&hellip;]<\/p>\n","protected":false},"author":468,"featured_media":18588,"comment_status":"open","ping_status":"open","sticky":false,"template":"","format":"standard","meta":{"_acf_changed":false,"footnotes":""},"categories":[97],"tags":[267,23,15,315,496],"class_list":["post-18019","post","type-post","status-publish","format-standard","has-post-thumbnail","hentry","category-alimentation","tag-alimentation","tag-naturopathie","tag-nutrition","tag-plantes","tag-vitamines"],"acf":[],"yoast_head":"<!-- This site is optimized with the Yoast SEO plugin v27.1.1 - https:\/\/yoast.com\/product\/yoast-seo-wordpress\/ -->\n<title>Les graines germ\u00e9es : tous leurs bienfaits et comment les cultiver<\/title>\n<meta name=\"description\" content=\"Les graines germ\u00e9es, tous leurs bienfaits et comment les cultiver, c&#039;est le sujet sur lequel vous \u00e9clairera cet article. Lisez-le sans plus attendre.\" \/>\n<meta name=\"robots\" content=\"index, follow, max-snippet:-1, max-image-preview:large, max-video-preview:-1\" \/>\n<link rel=\"canonical\" href=\"https:\/\/www.medoucine.com\/blog\/les-graines-germees-tous-leurs-bienfaits-et-comment-les-cultiver\/\" \/>\n<meta property=\"og:locale\" content=\"fr_FR\" \/>\n<meta property=\"og:type\" content=\"article\" \/>\n<meta property=\"og:title\" content=\"Les graines germ\u00e9es : tous leurs bienfaits et comment les cultiver\" \/>\n<meta property=\"og:description\" content=\"Les graines germ\u00e9es, tous leurs bienfaits et comment les cultiver, c&#039;est le sujet sur lequel vous \u00e9clairera cet article. Lisez-le sans plus attendre.\" \/>\n<meta property=\"og:url\" content=\"https:\/\/www.medoucine.com\/blog\/les-graines-germees-tous-leurs-bienfaits-et-comment-les-cultiver\/\" \/>\n<meta property=\"og:site_name\" content=\"Blog de Medoucine\" \/>\n<meta property=\"article:publisher\" content=\"https:\/\/www.facebook.com\/medoucine\/\" \/>\n<meta property=\"article:published_time\" content=\"2021-07-15T13:54:23+00:00\" \/>\n<meta property=\"article:modified_time\" content=\"2026-04-08T16:40:07+00:00\" \/>\n<meta property=\"og:image\" content=\"https:\/\/www.medoucine.com\/blog\/wp-content\/uploads\/2021\/05\/Sans-titre-2021-07-15T184100.701.jpg\" \/>\n\t<meta property=\"og:image:width\" content=\"1500\" \/>\n\t<meta property=\"og:image:height\" content=\"1000\" \/>\n\t<meta property=\"og:image:type\" content=\"image\/jpeg\" \/>\n<meta name=\"author\" content=\"Sophie Girtanner\" \/>\n<meta name=\"twitter:card\" content=\"summary_large_image\" \/>\n<meta name=\"twitter:creator\" content=\"@medoucinefr\" \/>\n<meta name=\"twitter:site\" content=\"@medoucinefr\" \/>\n<meta name=\"twitter:label1\" content=\"\u00c9crit par\" \/>\n\t<meta name=\"twitter:data1\" content=\"Sophie Girtanner\" \/>\n\t<meta name=\"twitter:label2\" content=\"Dur\u00e9e de lecture estim\u00e9e\" \/>\n\t<meta name=\"twitter:data2\" content=\"6 minutes\" \/>\n<script type=\"application\/ld+json\" class=\"yoast-schema-graph\">{\"@context\":\"https:\/\/schema.org\",\"@graph\":[{\"@type\":\"Article\",\"@id\":\"https:\/\/www.medoucine.com\/blog\/les-graines-germees-tous-leurs-bienfaits-et-comment-les-cultiver\/#article\",\"isPartOf\":{\"@id\":\"https:\/\/www.medoucine.com\/blog\/les-graines-germees-tous-leurs-bienfaits-et-comment-les-cultiver\/\"},\"author\":{\"name\":\"Sophie Girtanner\",\"@id\":\"https:\/\/www.medoucine.com\/blog\/#\/schema\/person\/c9c8a8ced809400c781841488aefc056\"},\"headline\":\"Les graines germ\u00e9es : tous leurs bienfaits et comment les cultiver\",\"datePublished\":\"2021-07-15T13:54:23+00:00\",\"dateModified\":\"2026-04-08T16:40:07+00:00\",\"mainEntityOfPage\":{\"@id\":\"https:\/\/www.medoucine.com\/blog\/les-graines-germees-tous-leurs-bienfaits-et-comment-les-cultiver\/\"},\"wordCount\":1187,\"commentCount\":0,\"publisher\":{\"@id\":\"https:\/\/www.medoucine.com\/blog\/#organization\"},\"image\":{\"@id\":\"https:\/\/www.medoucine.com\/blog\/les-graines-germees-tous-leurs-bienfaits-et-comment-les-cultiver\/#primaryimage\"},\"thumbnailUrl\":\"https:\/\/www.medoucine.com\/blog\/wp-content\/uploads\/2021\/05\/Sans-titre-2021-07-15T184100.701.jpg\",\"keywords\":[\"alimentation\",\"Naturopathie\",\"Nutrition\",\"plantes\",\"vitamines\"],\"articleSection\":[\"Alimentation\"],\"inLanguage\":\"fr-FR\",\"potentialAction\":[{\"@type\":\"CommentAction\",\"name\":\"Comment\",\"target\":[\"https:\/\/www.medoucine.com\/blog\/les-graines-germees-tous-leurs-bienfaits-et-comment-les-cultiver\/#respond\"]}]},{\"@type\":\"WebPage\",\"@id\":\"https:\/\/www.medoucine.com\/blog\/les-graines-germees-tous-leurs-bienfaits-et-comment-les-cultiver\/\",\"url\":\"https:\/\/www.medoucine.com\/blog\/les-graines-germees-tous-leurs-bienfaits-et-comment-les-cultiver\/\",\"name\":\"Les graines germ\u00e9es : tous leurs bienfaits et comment les cultiver\",\"isPartOf\":{\"@id\":\"https:\/\/www.medoucine.com\/blog\/#website\"},\"primaryImageOfPage\":{\"@id\":\"https:\/\/www.medoucine.com\/blog\/les-graines-germees-tous-leurs-bienfaits-et-comment-les-cultiver\/#primaryimage\"},\"image\":{\"@id\":\"https:\/\/www.medoucine.com\/blog\/les-graines-germees-tous-leurs-bienfaits-et-comment-les-cultiver\/#primaryimage\"},\"thumbnailUrl\":\"https:\/\/www.medoucine.com\/blog\/wp-content\/uploads\/2021\/05\/Sans-titre-2021-07-15T184100.701.jpg\",\"datePublished\":\"2021-07-15T13:54:23+00:00\",\"dateModified\":\"2026-04-08T16:40:07+00:00\",\"description\":\"Les graines germ\u00e9es, tous leurs bienfaits et comment les cultiver, c'est le sujet sur lequel vous \u00e9clairera cet article. Lisez-le sans plus attendre.\",\"breadcrumb\":{\"@id\":\"https:\/\/www.medoucine.com\/blog\/les-graines-germees-tous-leurs-bienfaits-et-comment-les-cultiver\/#breadcrumb\"},\"inLanguage\":\"fr-FR\",\"potentialAction\":[{\"@type\":\"ReadAction\",\"target\":[\"https:\/\/www.medoucine.com\/blog\/les-graines-germees-tous-leurs-bienfaits-et-comment-les-cultiver\/\"]}]},{\"@type\":\"ImageObject\",\"inLanguage\":\"fr-FR\",\"@id\":\"https:\/\/www.medoucine.com\/blog\/les-graines-germees-tous-leurs-bienfaits-et-comment-les-cultiver\/#primaryimage\",\"url\":\"https:\/\/www.medoucine.com\/blog\/wp-content\/uploads\/2021\/05\/Sans-titre-2021-07-15T184100.701.jpg\",\"contentUrl\":\"https:\/\/www.medoucine.com\/blog\/wp-content\/uploads\/2021\/05\/Sans-titre-2021-07-15T184100.701.jpg\",\"width\":1500,\"height\":1000,\"caption\":\"Graines germ\u00e9es : bienfaits et culture\"},{\"@type\":\"BreadcrumbList\",\"@id\":\"https:\/\/www.medoucine.com\/blog\/les-graines-germees-tous-leurs-bienfaits-et-comment-les-cultiver\/#breadcrumb\",\"itemListElement\":[{\"@type\":\"ListItem\",\"position\":1,\"name\":\"Blog Medoucine\",\"item\":\"https:\/\/www.medoucine.com\/blog\/\"},{\"@type\":\"ListItem\",\"position\":2,\"name\":\"Alimentation\",\"item\":\"https:\/\/www.medoucine.com\/blog\/cat\/alimentation\/\"},{\"@type\":\"ListItem\",\"position\":3,\"name\":\"Les graines germ\u00e9es : tous leurs bienfaits et comment les cultiver\"}]},{\"@type\":\"WebSite\",\"@id\":\"https:\/\/www.medoucine.com\/blog\/#website\",\"url\":\"https:\/\/www.medoucine.com\/blog\/\",\"name\":\"Blog de Medoucine\",\"description\":\"Le blog des m\u00e9decines douces\",\"publisher\":{\"@id\":\"https:\/\/www.medoucine.com\/blog\/#organization\"},\"potentialAction\":[{\"@type\":\"SearchAction\",\"target\":{\"@type\":\"EntryPoint\",\"urlTemplate\":\"https:\/\/www.medoucine.com\/blog\/?s={search_term_string}\"},\"query-input\":{\"@type\":\"PropertyValueSpecification\",\"valueRequired\":true,\"valueName\":\"search_term_string\"}}],\"inLanguage\":\"fr-FR\"},{\"@type\":\"Organization\",\"@id\":\"https:\/\/www.medoucine.com\/blog\/#organization\",\"name\":\"Medoucine\",\"url\":\"https:\/\/www.medoucine.com\/blog\/\",\"logo\":{\"@type\":\"ImageObject\",\"inLanguage\":\"fr-FR\",\"@id\":\"https:\/\/www.medoucine.com\/blog\/#\/schema\/logo\/image\/\",\"url\":\"https:\/\/www.medoucine.com\/blog\/wp-content\/uploads\/2019\/07\/logo@3x.png\",\"contentUrl\":\"https:\/\/www.medoucine.com\/blog\/wp-content\/uploads\/2019\/07\/logo@3x.png\",\"width\":555,\"height\":135,\"caption\":\"Medoucine\"},\"image\":{\"@id\":\"https:\/\/www.medoucine.com\/blog\/#\/schema\/logo\/image\/\"},\"sameAs\":[\"https:\/\/www.facebook.com\/medoucine\/\",\"https:\/\/x.com\/medoucinefr\",\"https:\/\/www.instagram.com\/medoucine\/\",\"https:\/\/www.youtube.com\/channel\/UCtZeUeJ_KebYK0KJAXjJV8g\"]},{\"@type\":\"Person\",\"@id\":\"https:\/\/www.medoucine.com\/blog\/#\/schema\/person\/c9c8a8ced809400c781841488aefc056\",\"name\":\"Sophie Girtanner\",\"image\":{\"@type\":\"ImageObject\",\"inLanguage\":\"fr-FR\",\"@id\":\"https:\/\/www.medoucine.com\/blog\/#\/schema\/person\/image\/\",\"url\":\"https:\/\/secure.gravatar.com\/avatar\/053123625f7cc56de74bd6d0d77227524b76675e0fb0bfbfa0ef7e6b53e357a5?s=96&d=mm&r=g\",\"contentUrl\":\"https:\/\/secure.gravatar.com\/avatar\/053123625f7cc56de74bd6d0d77227524b76675e0fb0bfbfa0ef7e6b53e357a5?s=96&d=mm&r=g\",\"caption\":\"Sophie Girtanner\"},\"description\":\"Je vous propose un nouveau regard sur votre bien-\u00eatre afin que vous puissiez retrouver votre harmonie. Mon accompagnement est personnalis\u00e9, aussi bien sur le plan physique qu'\u00e9motionnel. Passionn\u00e9e par les plantes, celles-ci occupent une place privil\u00e9gi\u00e9e dans ma pratique (fleurs de Bach, tisanes...).\",\"sameAs\":[\"https:\/\/www.medoucine.com\/consultation\/lyon\/sophie-girtanner\/2181\"],\"url\":\"https:\/\/www.medoucine.com\/blog\/author\/sophie_girtanner\/\"}]}<\/script>\n<!-- \/ Yoast SEO plugin. -->","yoast_head_json":{"title":"Les graines germ\u00e9es : tous leurs bienfaits et comment les cultiver","description":"Les graines germ\u00e9es, tous leurs bienfaits et comment les cultiver, c'est le sujet sur lequel vous \u00e9clairera cet article. Lisez-le sans plus attendre.","robots":{"index":"index","follow":"follow","max-snippet":"max-snippet:-1","max-image-preview":"max-image-preview:large","max-video-preview":"max-video-preview:-1"},"canonical":"https:\/\/www.medoucine.com\/blog\/les-graines-germees-tous-leurs-bienfaits-et-comment-les-cultiver\/","og_locale":"fr_FR","og_type":"article","og_title":"Les graines germ\u00e9es : tous leurs bienfaits et comment les cultiver","og_description":"Les graines germ\u00e9es, tous leurs bienfaits et comment les cultiver, c'est le sujet sur lequel vous \u00e9clairera cet article. Lisez-le sans plus attendre.","og_url":"https:\/\/www.medoucine.com\/blog\/les-graines-germees-tous-leurs-bienfaits-et-comment-les-cultiver\/","og_site_name":"Blog de Medoucine","article_publisher":"https:\/\/www.facebook.com\/medoucine\/","article_published_time":"2021-07-15T13:54:23+00:00","article_modified_time":"2026-04-08T16:40:07+00:00","og_image":[{"width":1500,"height":1000,"url":"https:\/\/www.medoucine.com\/blog\/wp-content\/uploads\/2021\/05\/Sans-titre-2021-07-15T184100.701.jpg","type":"image\/jpeg"}],"author":"Sophie Girtanner","twitter_card":"summary_large_image","twitter_creator":"@medoucinefr","twitter_site":"@medoucinefr","twitter_misc":{"\u00c9crit par":"Sophie Girtanner","Dur\u00e9e de lecture estim\u00e9e":"6 minutes"},"schema":{"@context":"https:\/\/schema.org","@graph":[{"@type":"Article","@id":"https:\/\/www.medoucine.com\/blog\/les-graines-germees-tous-leurs-bienfaits-et-comment-les-cultiver\/#article","isPartOf":{"@id":"https:\/\/www.medoucine.com\/blog\/les-graines-germees-tous-leurs-bienfaits-et-comment-les-cultiver\/"},"author":{"name":"Sophie Girtanner","@id":"https:\/\/www.medoucine.com\/blog\/#\/schema\/person\/c9c8a8ced809400c781841488aefc056"},"headline":"Les graines germ\u00e9es : tous leurs bienfaits et comment les cultiver","datePublished":"2021-07-15T13:54:23+00:00","dateModified":"2026-04-08T16:40:07+00:00","mainEntityOfPage":{"@id":"https:\/\/www.medoucine.com\/blog\/les-graines-germees-tous-leurs-bienfaits-et-comment-les-cultiver\/"},"wordCount":1187,"commentCount":0,"publisher":{"@id":"https:\/\/www.medoucine.com\/blog\/#organization"},"image":{"@id":"https:\/\/www.medoucine.com\/blog\/les-graines-germees-tous-leurs-bienfaits-et-comment-les-cultiver\/#primaryimage"},"thumbnailUrl":"https:\/\/www.medoucine.com\/blog\/wp-content\/uploads\/2021\/05\/Sans-titre-2021-07-15T184100.701.jpg","keywords":["alimentation","Naturopathie","Nutrition","plantes","vitamines"],"articleSection":["Alimentation"],"inLanguage":"fr-FR","potentialAction":[{"@type":"CommentAction","name":"Comment","target":["https:\/\/www.medoucine.com\/blog\/les-graines-germees-tous-leurs-bienfaits-et-comment-les-cultiver\/#respond"]}]},{"@type":"WebPage","@id":"https:\/\/www.medoucine.com\/blog\/les-graines-germees-tous-leurs-bienfaits-et-comment-les-cultiver\/","url":"https:\/\/www.medoucine.com\/blog\/les-graines-germees-tous-leurs-bienfaits-et-comment-les-cultiver\/","name":"Les graines germ\u00e9es : tous leurs bienfaits et comment les cultiver","isPartOf":{"@id":"https:\/\/www.medoucine.com\/blog\/#website"},"primaryImageOfPage":{"@id":"https:\/\/www.medoucine.com\/blog\/les-graines-germees-tous-leurs-bienfaits-et-comment-les-cultiver\/#primaryimage"},"image":{"@id":"https:\/\/www.medoucine.com\/blog\/les-graines-germees-tous-leurs-bienfaits-et-comment-les-cultiver\/#primaryimage"},"thumbnailUrl":"https:\/\/www.medoucine.com\/blog\/wp-content\/uploads\/2021\/05\/Sans-titre-2021-07-15T184100.701.jpg","datePublished":"2021-07-15T13:54:23+00:00","dateModified":"2026-04-08T16:40:07+00:00","description":"Les graines germ\u00e9es, tous leurs bienfaits et comment les cultiver, c'est le sujet sur lequel vous \u00e9clairera cet article. Lisez-le sans plus attendre.","breadcrumb":{"@id":"https:\/\/www.medoucine.com\/blog\/les-graines-germees-tous-leurs-bienfaits-et-comment-les-cultiver\/#breadcrumb"},"inLanguage":"fr-FR","potentialAction":[{"@type":"ReadAction","target":["https:\/\/www.medoucine.com\/blog\/les-graines-germees-tous-leurs-bienfaits-et-comment-les-cultiver\/"]}]},{"@type":"ImageObject","inLanguage":"fr-FR","@id":"https:\/\/www.medoucine.com\/blog\/les-graines-germees-tous-leurs-bienfaits-et-comment-les-cultiver\/#primaryimage","url":"https:\/\/www.medoucine.com\/blog\/wp-content\/uploads\/2021\/05\/Sans-titre-2021-07-15T184100.701.jpg","contentUrl":"https:\/\/www.medoucine.com\/blog\/wp-content\/uploads\/2021\/05\/Sans-titre-2021-07-15T184100.701.jpg","width":1500,"height":1000,"caption":"Graines germ\u00e9es : bienfaits et culture"},{"@type":"BreadcrumbList","@id":"https:\/\/www.medoucine.com\/blog\/les-graines-germees-tous-leurs-bienfaits-et-comment-les-cultiver\/#breadcrumb","itemListElement":[{"@type":"ListItem","position":1,"name":"Blog Medoucine","item":"https:\/\/www.medoucine.com\/blog\/"},{"@type":"ListItem","position":2,"name":"Alimentation","item":"https:\/\/www.medoucine.com\/blog\/cat\/alimentation\/"},{"@type":"ListItem","position":3,"name":"Les graines germ\u00e9es : tous leurs bienfaits et comment les cultiver"}]},{"@type":"WebSite","@id":"https:\/\/www.medoucine.com\/blog\/#website","url":"https:\/\/www.medoucine.com\/blog\/","name":"Blog de Medoucine","description":"Le blog des m\u00e9decines douces","publisher":{"@id":"https:\/\/www.medoucine.com\/blog\/#organization"},"potentialAction":[{"@type":"SearchAction","target":{"@type":"EntryPoint","urlTemplate":"https:\/\/www.medoucine.com\/blog\/?s={search_term_string}"},"query-input":{"@type":"PropertyValueSpecification","valueRequired":true,"valueName":"search_term_string"}}],"inLanguage":"fr-FR"},{"@type":"Organization","@id":"https:\/\/www.medoucine.com\/blog\/#organization","name":"Medoucine","url":"https:\/\/www.medoucine.com\/blog\/","logo":{"@type":"ImageObject","inLanguage":"fr-FR","@id":"https:\/\/www.medoucine.com\/blog\/#\/schema\/logo\/image\/","url":"https:\/\/www.medoucine.com\/blog\/wp-content\/uploads\/2019\/07\/logo@3x.png","contentUrl":"https:\/\/www.medoucine.com\/blog\/wp-content\/uploads\/2019\/07\/logo@3x.png","width":555,"height":135,"caption":"Medoucine"},"image":{"@id":"https:\/\/www.medoucine.com\/blog\/#\/schema\/logo\/image\/"},"sameAs":["https:\/\/www.facebook.com\/medoucine\/","https:\/\/x.com\/medoucinefr","https:\/\/www.instagram.com\/medoucine\/","https:\/\/www.youtube.com\/channel\/UCtZeUeJ_KebYK0KJAXjJV8g"]},{"@type":"Person","@id":"https:\/\/www.medoucine.com\/blog\/#\/schema\/person\/c9c8a8ced809400c781841488aefc056","name":"Sophie Girtanner","image":{"@type":"ImageObject","inLanguage":"fr-FR","@id":"https:\/\/www.medoucine.com\/blog\/#\/schema\/person\/image\/","url":"https:\/\/secure.gravatar.com\/avatar\/053123625f7cc56de74bd6d0d77227524b76675e0fb0bfbfa0ef7e6b53e357a5?s=96&d=mm&r=g","contentUrl":"https:\/\/secure.gravatar.com\/avatar\/053123625f7cc56de74bd6d0d77227524b76675e0fb0bfbfa0ef7e6b53e357a5?s=96&d=mm&r=g","caption":"Sophie Girtanner"},"description":"Je vous propose un nouveau regard sur votre bien-\u00eatre afin que vous puissiez retrouver votre harmonie. Mon accompagnement est personnalis\u00e9, aussi bien sur le plan physique qu'\u00e9motionnel. Passionn\u00e9e par les plantes, celles-ci occupent une place privil\u00e9gi\u00e9e dans ma pratique (fleurs de Bach, tisanes...).","sameAs":["https:\/\/www.medoucine.com\/consultation\/lyon\/sophie-girtanner\/2181"],"url":"https:\/\/www.medoucine.com\/blog\/author\/sophie_girtanner\/"}]}},"_links":{"self":[{"href":"https:\/\/www.medoucine.com\/blog\/wp-json\/wp\/v2\/posts\/18019","targetHints":{"allow":["GET"]}}],"collection":[{"href":"https:\/\/www.medoucine.com\/blog\/wp-json\/wp\/v2\/posts"}],"about":[{"href":"https:\/\/www.medoucine.com\/blog\/wp-json\/wp\/v2\/types\/post"}],"author":[{"embeddable":true,"href":"https:\/\/www.medoucine.com\/blog\/wp-json\/wp\/v2\/users\/468"}],"replies":[{"embeddable":true,"href":"https:\/\/www.medoucine.com\/blog\/wp-json\/wp\/v2\/comments?post=18019"}],"version-history":[{"count":13,"href":"https:\/\/www.medoucine.com\/blog\/wp-json\/wp\/v2\/posts\/18019\/revisions"}],"predecessor-version":[{"id":42698,"href":"https:\/\/www.medoucine.com\/blog\/wp-json\/wp\/v2\/posts\/18019\/revisions\/42698"}],"wp:featuredmedia":[{"embeddable":true,"href":"https:\/\/www.medoucine.com\/blog\/wp-json\/wp\/v2\/media\/18588"}],"wp:attachment":[{"href":"https:\/\/www.medoucine.com\/blog\/wp-json\/wp\/v2\/media?parent=18019"}],"wp:term":[{"taxonomy":"category","embeddable":true,"href":"https:\/\/www.medoucine.com\/blog\/wp-json\/wp\/v2\/categories?post=18019"},{"taxonomy":"post_tag","embeddable":true,"href":"https:\/\/www.medoucine.com\/blog\/wp-json\/wp\/v2\/tags?post=18019"}],"curies":[{"name":"wp","href":"https:\/\/api.w.org\/{rel}","templated":true}]}}