{"id":12675,"date":"2020-06-11T00:00:00","date_gmt":"2020-06-10T22:00:00","guid":{"rendered":"https:\/\/www.medoucine.com\/blog\/?p=12675"},"modified":"2026-04-08T18:50:36","modified_gmt":"2026-04-08T16:50:36","slug":"calmer-et-accompagner-ses-emotions-le-pouvoir-de-lolfaction","status":"publish","type":"post","link":"https:\/\/www.medoucine.com\/blog\/calmer-et-accompagner-ses-emotions-le-pouvoir-de-lolfaction\/","title":{"rendered":"Calmer et accompagner ses \u00e9motions : le pouvoir de l&rsquo;olfaction"},"content":{"rendered":"<blockquote class=\"wp-block-quote\"><p>Quand on cesse de reconna\u00eetre ses \u00e9motions, on cesse de comprendre le sens de ses exp\u00e9riences.<br \/>\n<cite>Nathaniel BRANDEN<\/cite><\/p><\/blockquote>\n<p>Les \u00e9motions ne sont pas des ennemis mais des alli\u00e9s, c&rsquo;est en cherchant \u00e0 les contr\u00f4ler ou en les occultant qu&rsquo;elles s&rsquo;intensifient.<\/p>\n<p>Si aujourd&rsquo;hui on parle plus facilement d&rsquo;\u00e9motions ce n&rsquo;\u00e9tait pas le cas il y a encore quelques ann\u00e9es. \u00ab\u00a0Ne pleure pas, tu n&rsquo;es plus un b\u00e9b\u00e9\u00a0\u00bb \u00ab\u00a0soit fort(e)\u00a0\u00bb \u00ab\u00a0arr\u00eate de t&rsquo;\u00e9couter\u00a0\u00bb \u00ab\u00a0ne ris pas si fort\u00a0\u00bb&#8230; Nos \u00e9motions sont parfois tr\u00e8s vite \u00e9touff\u00e9es, si bien qu&rsquo;on ne sait m\u00eame plus les reconna\u00eetre, les identifier, les \u00e9couter&#8230; Elles ont pourtant tant de choses \u00e0 nous dire.<\/p>\n<p>\u00c9tymologiquement, \u00e9motion vient du latin \u00ab <em>motio<\/em> \u00bb qui signifie mouvement et \u00ab <em>e<\/em> \u00bb signifie qui vient de. L\u2019\u00e9motion est un mouvement, une \u00e9nergie provoqu\u00e9e par une stimulation sensorielle. Elle entra\u00eene une r\u00e9action, une sensation dans le corps. Elle est souvent passag\u00e8re mais a ind\u00e9niablement un impact \u00e0 court et parfois plus long terme. On parle de <strong>somatisation<\/strong>.<\/p>\n<p>Les \u00e9motions peuvent vite nous submerger. Un excellent moyen pour rapidement se recentrer, se calmer et ainsi avoir du recul pour comprendre ses \u00e9motions, c\u2019est de se reconnecter \u00e0 son corps et ses sensations.<\/p>\n<h2>Le pouvoir des sens et en particulier l&rsquo;olfaction<\/h2>\n<blockquote class=\"wp-block-quote is-style-large\"><p><em>Le souvenir est le parfum de l&rsquo;\u00e2me<\/em><br \/>\n<cite>Georges Sand<\/cite><\/p><\/blockquote>\n<p>Nous avons tous des souvenirs li\u00e9s aux odeurs : odeur d&rsquo;\u00e9t\u00e9, fra\u00eecheur du matin, de pain chaud, de for\u00eat, vent iod\u00e9 de bord de mer&#8230; l&rsquo;odorat nous permet d&rsquo;analyser notre environnement et ravive des souvenirs, nostalgie d&rsquo;enfance. Personnellement, c&rsquo;est l&rsquo;odeur de l&rsquo;herbe tout juste tondue et surtout l&rsquo;odeur des nattes de plage. Vous savez ces nattes en paille de riz, cette odeur de jonc de mer, de vacances, de soleil, de plage&#8230;.<\/p>\n<p>Notre nez est tapiss\u00e9 de millions de neurones et r\u00e9cepteurs olfactifs qui sont directement reli\u00e9s \u00e0 notre cerveau. L&rsquo;odorat est le seul sens \u00e0 \u00eatre directement reli\u00e9 \u00e0 notre cerveau. Il active directement notre cerveau limbique si\u00e8ge de nos \u00e9motions, de l&rsquo;odorat et de notre m\u00e9moire.<br \/>\nAussi les odeurs nous reconnectent \u00e0 notre \u00e2me, nos souvenirs, sans filtre, sans faire intervenir le mental. Les huiles essentielles, bien choisies permettent de se recentrer, d&rsquo;apaiser, de lib\u00e9rer nos \u00e9motions ou au contraire de nous donner de l&rsquo;\u00e9lan, nous stimuler.<br \/>\nSubtile m\u00e9lange de mol\u00e9cules aromatiques chaque huile essentielle agit autant sur la sph\u00e8re physique que sur la sph\u00e8re \u00e9motionnelle. C&rsquo;est la fa\u00e7on la plus simple et \u00e9conomique d&rsquo;utiliser les huiles essentielles, juste prendre le temps de les sentir, les ressentir et d&rsquo;\u00eatre \u00e0 l&rsquo;\u00e9coute de soi&#8230;<\/p>\n<div class=\"m-spin\">\n<p class=\"m-spin__text\"><strong>Lib\u00e9rez vos \u00e9motions gr\u00e2ce \u00e0 la naturopathie<\/strong><\/p>\n<p class=\"m-spin__text\">L&rsquo;aromath\u00e9rapie, un pilier de la naturopathie, utilise les huiles essentielles pour r\u00e9\u00e9quilibrer votre syst\u00e8me \u00e9motionnel. Prenez rendez-vous avec un <a class=\"m-spin__link\" target=\"_blank\" rel=\"noopener noreferrer\" href=\"https:\/\/www.medoucine.com\/consultations\/se-soigner\/naturopathie\/paris\/tous-publics\/a-domicile-ou-cabinet?utm_source=medoucine_blog_B2C&amp;utm_medium=article_blog&amp;utm_campaign=spin_seo\">Naturopathe \u00e0 Paris<\/a>, un <a class=\"m-spin__link\" target=\"_blank\" rel=\"noopener noreferrer\" href=\"https:\/\/www.medoucine.com\/consultations\/se-soigner\/naturopathie\/strasbourg\/tous-publics\/a-domicile-ou-cabinet?utm_source=medoucine_blog_B2C&amp;utm_medium=article_blog&amp;utm_campaign=spin_seo\">Naturopathe \u00e0 Strasbourg<\/a> ou un <a class=\"m-spin__link\" target=\"_blank\" rel=\"noopener noreferrer\" href=\"https:\/\/www.medoucine.com\/consultations\/se-soigner\/naturopathie\/toulouse\/tous-publics\/a-domicile-ou-cabinet?utm_source=medoucine_blog_B2C&amp;utm_medium=article_blog&amp;utm_campaign=spin_seo\">Naturopathe \u00e0 Toulouse<\/a> pour explorer cette approche naturelle.<\/p>\n<p class=\"m-spin__text\">Vous souhaitez un accompagnement personnalis\u00e9 ? Trouvez des <a class=\"m-spin__link\" target=\"_blank\" rel=\"noopener noreferrer\" href=\"https:\/\/www.medoucine.com\/consultations\/se-soigner\/naturopathie\/autour-de-moi?utm_source=medoucine_blog_B2C&amp;utm_medium=article_blog&amp;utm_campaign=spin_seo\">Naturopathes pr\u00e8s de chez vous<\/a> pour harmoniser votre bien-\u00eatre et retrouver s\u00e9r\u00e9nit\u00e9.<\/p>\n<\/div>\n<h2>Laisser faire la magie et le pouvoir des plantes<\/h2>\n<p>De nombreuses \u00e9tudes ont r\u00e9v\u00e9l\u00e9 que les effluves d&rsquo;<em><strong>HE de lavande vraie<\/strong><\/em> \u00e9l\u00e8vent la quantit\u00e9 d&rsquo;ondes c\u00e9r\u00e9brales alpha, ondes \u00e9mises avant l&rsquo;endormissement et lorsque l&rsquo;on se d\u00e9tend. Celles de <strong>n\u00e9roli<\/strong> ou de <strong>bergamote<\/strong> am\u00e9liorent l&rsquo;humeur et l\u2019\u00e9quilibre hormonal. Les <strong>agrumes<\/strong> en g\u00e9n\u00e9ral tranquillisent tout en tonifiant et apportant du pep&rsquo;s et du soleil pour la journ\u00e9e.<br \/>\nL&rsquo;odeur de <strong>vanille<\/strong> est-elle inscrite dans nos g\u00e8nes, la vanilline pr\u00e9sente dans le lait maternel appelle ainsi au r\u00e9confort et rassure. Une \u00e9tude en service n\u00e9onatologie au CHU de Strasbourg a constat\u00e9 une nette diminution des apn\u00e9es respirations et du temps de s\u00e9jour des b\u00e9b\u00e9s en diffusant de la vanille.<br \/>\nLes odeurs \u00ab\u00a0vertes\u00a0\u00bb r\u00e9duisent \u00e9galement le stress ainsi les bois comme \u00e9pic\u00e9a, le bois de H\u00f4, de santal, c\u00e8dre, cypr\u00e8s&#8230; mais aussi les r\u00e9sines comme encens, copa\u00efba nous ram\u00e8nent \u00e0 la nature et une attirance archa\u00efque pour les zones verdoyantes.<\/p>\n<p>Les huiles essentielles sont un v\u00e9ritable baume pour notre c\u0153ur. Elles nous permettent d\u2019avancer, de mieux nous conna\u00eetre \u2026 Sentir une huile essentielle nous ouvre les portes de notre \u00e2me et notre int\u00e9riorit\u00e9.<\/p>\n<p>Alors pr\u00eat pour le voyage\u00a0?<\/p>\n<p><a href=\"https:\/\/www.medoucine.com\/consultation\/baulon\/marjorie-decloquement\/777\">Par Marjorie Decloquement, naturopathe recommand\u00e9e du r\u00e9seau Medoucine.<\/a><\/p>\n","protected":false},"excerpt":{"rendered":"<p>Quand on cesse de reconna\u00eetre ses \u00e9motions, on cesse de comprendre le sens de ses exp\u00e9riences. Nathaniel BRANDEN Les \u00e9motions ne sont pas des ennemis mais des alli\u00e9s, c&rsquo;est en cherchant \u00e0 les contr\u00f4ler ou en les occultant qu&rsquo;elles s&rsquo;intensifient. Si aujourd&rsquo;hui on parle plus facilement d&rsquo;\u00e9motions ce n&rsquo;\u00e9tait pas le cas il y a encore quelques ann\u00e9es. \u00ab\u00a0Ne pleure pas, tu n&rsquo;es plus un b\u00e9b\u00e9\u00a0\u00bb \u00ab\u00a0soit fort(e)\u00a0\u00bb \u00ab\u00a0arr\u00eate de t&rsquo;\u00e9couter\u00a0\u00bb \u00ab\u00a0ne ris pas si fort\u00a0\u00bb&#8230; Nos \u00e9motions sont parfois tr\u00e8s vite \u00e9touff\u00e9es, si bien qu&rsquo;on ne sait m\u00eame plus les reconna\u00eetre, les identifier, les \u00e9couter&#8230; Elles ont pourtant tant de choses \u00e0 nous dire. \u00c9tymologiquement, \u00e9motion vient du latin \u00ab motio \u00bb qui signifie mouvement et \u00ab e \u00bb signifie qui vient de. L\u2019\u00e9motion est un mouvement, une \u00e9nergie provoqu\u00e9e par une stimulation sensorielle. [&hellip;]<\/p>\n","protected":false},"author":114,"featured_media":11018,"comment_status":"open","ping_status":"open","sticky":false,"template":"","format":"standard","meta":{"_acf_changed":false,"footnotes":""},"categories":[113,115],"tags":[288,323,329],"class_list":["post-12675","post","type-post","status-publish","format-standard","has-post-thumbnail","hentry","category-beaute-bien-etre","category-bien-etre","tag-bien-etre","tag-emotions","tag-huiles-essentielles"],"acf":[],"yoast_head":"<!-- This site is optimized with the Yoast SEO plugin v27.1.1 - https:\/\/yoast.com\/product\/yoast-seo-wordpress\/ -->\n<title>Huiles essentielles : calmer et accompagner ses \u00e9motions - Medoucine<\/title>\n<meta name=\"description\" content=\"Les odeurs nous reconnectent \u00e0 nos souvenirs. Mais quel est le pouvoir de ces odeurs sur nos \u00e9motions ? Quelles huiles essentielles utiliser pour se d\u00e9tendre ?\" \/>\n<meta name=\"robots\" content=\"index, follow, max-snippet:-1, max-image-preview:large, max-video-preview:-1\" \/>\n<link rel=\"canonical\" href=\"https:\/\/www.medoucine.com\/blog\/calmer-et-accompagner-ses-emotions-le-pouvoir-de-lolfaction\/\" \/>\n<meta property=\"og:locale\" content=\"fr_FR\" \/>\n<meta property=\"og:type\" content=\"article\" \/>\n<meta property=\"og:title\" content=\"Huiles essentielles : calmer et accompagner ses \u00e9motions - Medoucine\" \/>\n<meta property=\"og:description\" content=\"Les odeurs nous reconnectent \u00e0 nos souvenirs. Mais quel est le pouvoir de ces odeurs sur nos \u00e9motions ? Quelles huiles essentielles utiliser pour se d\u00e9tendre ?\" \/>\n<meta property=\"og:url\" content=\"https:\/\/www.medoucine.com\/blog\/calmer-et-accompagner-ses-emotions-le-pouvoir-de-lolfaction\/\" \/>\n<meta property=\"og:site_name\" content=\"Blog de Medoucine\" \/>\n<meta property=\"article:publisher\" content=\"https:\/\/www.facebook.com\/medoucine\/\" \/>\n<meta property=\"article:published_time\" content=\"2020-06-10T22:00:00+00:00\" \/>\n<meta property=\"article:modified_time\" content=\"2026-04-08T16:50:36+00:00\" \/>\n<meta property=\"og:image\" content=\"https:\/\/www.medoucine.com\/blog\/wp-content\/uploads\/2020\/06\/le-pouvoir-de-l-olfaction-1-scaled-3.jpg\" \/>\n\t<meta property=\"og:image:width\" content=\"1280\" \/>\n\t<meta property=\"og:image:height\" content=\"854\" \/>\n\t<meta property=\"og:image:type\" content=\"image\/jpeg\" \/>\n<meta name=\"author\" content=\"Marjorie Decloquement\" \/>\n<meta name=\"twitter:card\" content=\"summary_large_image\" \/>\n<meta name=\"twitter:creator\" content=\"@medoucinefr\" \/>\n<meta name=\"twitter:site\" content=\"@medoucinefr\" \/>\n<meta name=\"twitter:label1\" content=\"\u00c9crit par\" \/>\n\t<meta name=\"twitter:data1\" content=\"Marjorie Decloquement\" \/>\n\t<meta name=\"twitter:label2\" content=\"Dur\u00e9e de lecture estim\u00e9e\" \/>\n\t<meta name=\"twitter:data2\" content=\"4 minutes\" \/>\n<script type=\"application\/ld+json\" class=\"yoast-schema-graph\">{\"@context\":\"https:\/\/schema.org\",\"@graph\":[{\"@type\":\"Article\",\"@id\":\"https:\/\/www.medoucine.com\/blog\/calmer-et-accompagner-ses-emotions-le-pouvoir-de-lolfaction\/#article\",\"isPartOf\":{\"@id\":\"https:\/\/www.medoucine.com\/blog\/calmer-et-accompagner-ses-emotions-le-pouvoir-de-lolfaction\/\"},\"author\":{\"name\":\"Marjorie Decloquement\",\"@id\":\"https:\/\/www.medoucine.com\/blog\/#\/schema\/person\/e61b36b08257bbd65b8e7c6a00f0cbb4\"},\"headline\":\"Calmer et accompagner ses \u00e9motions : le pouvoir de l&rsquo;olfaction\",\"datePublished\":\"2020-06-10T22:00:00+00:00\",\"dateModified\":\"2026-04-08T16:50:36+00:00\",\"mainEntityOfPage\":{\"@id\":\"https:\/\/www.medoucine.com\/blog\/calmer-et-accompagner-ses-emotions-le-pouvoir-de-lolfaction\/\"},\"wordCount\":785,\"commentCount\":0,\"publisher\":{\"@id\":\"https:\/\/www.medoucine.com\/blog\/#organization\"},\"image\":{\"@id\":\"https:\/\/www.medoucine.com\/blog\/calmer-et-accompagner-ses-emotions-le-pouvoir-de-lolfaction\/#primaryimage\"},\"thumbnailUrl\":\"https:\/\/www.medoucine.com\/blog\/wp-content\/uploads\/2020\/06\/le-pouvoir-de-l-olfaction-1-scaled-3.jpg\",\"keywords\":[\"bien-\u00eatre\",\"\u00e9motions\",\"huiles essentielles\"],\"articleSection\":[\"Beaut\u00e9 &amp; Bien-\u00eatre\",\"Bien-\u00eatre\"],\"inLanguage\":\"fr-FR\",\"potentialAction\":[{\"@type\":\"CommentAction\",\"name\":\"Comment\",\"target\":[\"https:\/\/www.medoucine.com\/blog\/calmer-et-accompagner-ses-emotions-le-pouvoir-de-lolfaction\/#respond\"]}]},{\"@type\":\"WebPage\",\"@id\":\"https:\/\/www.medoucine.com\/blog\/calmer-et-accompagner-ses-emotions-le-pouvoir-de-lolfaction\/\",\"url\":\"https:\/\/www.medoucine.com\/blog\/calmer-et-accompagner-ses-emotions-le-pouvoir-de-lolfaction\/\",\"name\":\"Huiles essentielles : calmer et accompagner ses \u00e9motions - Medoucine\",\"isPartOf\":{\"@id\":\"https:\/\/www.medoucine.com\/blog\/#website\"},\"primaryImageOfPage\":{\"@id\":\"https:\/\/www.medoucine.com\/blog\/calmer-et-accompagner-ses-emotions-le-pouvoir-de-lolfaction\/#primaryimage\"},\"image\":{\"@id\":\"https:\/\/www.medoucine.com\/blog\/calmer-et-accompagner-ses-emotions-le-pouvoir-de-lolfaction\/#primaryimage\"},\"thumbnailUrl\":\"https:\/\/www.medoucine.com\/blog\/wp-content\/uploads\/2020\/06\/le-pouvoir-de-l-olfaction-1-scaled-3.jpg\",\"datePublished\":\"2020-06-10T22:00:00+00:00\",\"dateModified\":\"2026-04-08T16:50:36+00:00\",\"description\":\"Les odeurs nous reconnectent \u00e0 nos souvenirs. Mais quel est le pouvoir de ces odeurs sur nos \u00e9motions ? Quelles huiles essentielles utiliser pour se d\u00e9tendre ?\",\"breadcrumb\":{\"@id\":\"https:\/\/www.medoucine.com\/blog\/calmer-et-accompagner-ses-emotions-le-pouvoir-de-lolfaction\/#breadcrumb\"},\"inLanguage\":\"fr-FR\",\"potentialAction\":[{\"@type\":\"ReadAction\",\"target\":[\"https:\/\/www.medoucine.com\/blog\/calmer-et-accompagner-ses-emotions-le-pouvoir-de-lolfaction\/\"]}]},{\"@type\":\"ImageObject\",\"inLanguage\":\"fr-FR\",\"@id\":\"https:\/\/www.medoucine.com\/blog\/calmer-et-accompagner-ses-emotions-le-pouvoir-de-lolfaction\/#primaryimage\",\"url\":\"https:\/\/www.medoucine.com\/blog\/wp-content\/uploads\/2020\/06\/le-pouvoir-de-l-olfaction-1-scaled-3.jpg\",\"contentUrl\":\"https:\/\/www.medoucine.com\/blog\/wp-content\/uploads\/2020\/06\/le-pouvoir-de-l-olfaction-1-scaled-3.jpg\",\"width\":1280,\"height\":854},{\"@type\":\"BreadcrumbList\",\"@id\":\"https:\/\/www.medoucine.com\/blog\/calmer-et-accompagner-ses-emotions-le-pouvoir-de-lolfaction\/#breadcrumb\",\"itemListElement\":[{\"@type\":\"ListItem\",\"position\":1,\"name\":\"Blog Medoucine\",\"item\":\"https:\/\/www.medoucine.com\/blog\/\"},{\"@type\":\"ListItem\",\"position\":2,\"name\":\"Beaut\u00e9 &amp; Bien-\u00eatre\",\"item\":\"https:\/\/www.medoucine.com\/blog\/cat\/beaute-bien-etre\/\"},{\"@type\":\"ListItem\",\"position\":3,\"name\":\"Bien-\u00eatre\",\"item\":\"https:\/\/www.medoucine.com\/blog\/cat\/beaute-bien-etre\/bien-etre\/\"},{\"@type\":\"ListItem\",\"position\":4,\"name\":\"Calmer et accompagner ses \u00e9motions : le pouvoir de l&rsquo;olfaction\"}]},{\"@type\":\"WebSite\",\"@id\":\"https:\/\/www.medoucine.com\/blog\/#website\",\"url\":\"https:\/\/www.medoucine.com\/blog\/\",\"name\":\"Blog de Medoucine\",\"description\":\"Le blog des m\u00e9decines douces\",\"publisher\":{\"@id\":\"https:\/\/www.medoucine.com\/blog\/#organization\"},\"potentialAction\":[{\"@type\":\"SearchAction\",\"target\":{\"@type\":\"EntryPoint\",\"urlTemplate\":\"https:\/\/www.medoucine.com\/blog\/?s={search_term_string}\"},\"query-input\":{\"@type\":\"PropertyValueSpecification\",\"valueRequired\":true,\"valueName\":\"search_term_string\"}}],\"inLanguage\":\"fr-FR\"},{\"@type\":\"Organization\",\"@id\":\"https:\/\/www.medoucine.com\/blog\/#organization\",\"name\":\"Medoucine\",\"url\":\"https:\/\/www.medoucine.com\/blog\/\",\"logo\":{\"@type\":\"ImageObject\",\"inLanguage\":\"fr-FR\",\"@id\":\"https:\/\/www.medoucine.com\/blog\/#\/schema\/logo\/image\/\",\"url\":\"https:\/\/www.medoucine.com\/blog\/wp-content\/uploads\/2019\/07\/logo@3x.png\",\"contentUrl\":\"https:\/\/www.medoucine.com\/blog\/wp-content\/uploads\/2019\/07\/logo@3x.png\",\"width\":555,\"height\":135,\"caption\":\"Medoucine\"},\"image\":{\"@id\":\"https:\/\/www.medoucine.com\/blog\/#\/schema\/logo\/image\/\"},\"sameAs\":[\"https:\/\/www.facebook.com\/medoucine\/\",\"https:\/\/x.com\/medoucinefr\",\"https:\/\/www.instagram.com\/medoucine\/\",\"https:\/\/www.youtube.com\/channel\/UCtZeUeJ_KebYK0KJAXjJV8g\"]},{\"@type\":\"Person\",\"@id\":\"https:\/\/www.medoucine.com\/blog\/#\/schema\/person\/e61b36b08257bbd65b8e7c6a00f0cbb4\",\"name\":\"Marjorie Decloquement\",\"image\":{\"@type\":\"ImageObject\",\"inLanguage\":\"fr-FR\",\"@id\":\"https:\/\/www.medoucine.com\/blog\/#\/schema\/person\/image\/\",\"url\":\"https:\/\/secure.gravatar.com\/avatar\/c61b1be5038d80730aab6550b0acb7e72212b3cfdae5f4e4a16dacd66c6e8eca?s=96&d=mm&r=g\",\"contentUrl\":\"https:\/\/secure.gravatar.com\/avatar\/c61b1be5038d80730aab6550b0acb7e72212b3cfdae5f4e4a16dacd66c6e8eca?s=96&d=mm&r=g\",\"caption\":\"Marjorie Decloquement\"},\"description\":\"Comme un jardinier, je m'occupe de votre terrain. Autrement dit, de la fa\u00e7on dont votre organisme fonctionne : ses points forts et ses faiblesses. Ensuite, je s\u00e8me des graines : nouvelles habitudes, rituels bien-\u00eatre, r\u00e9glages alimentaire. J'utilise pour cela la micronutrition, l'hydrologie, l'aromath\u00e9rapie, la pens\u00e9e positive, les techniques de respiration, l'activit\u00e9 physique. Je vous accompagne mais c'est vous et vous seul qui insufflez l'\u00e9nergie \u00e0 ses graines pour leur donner la force de se d\u00e9velopper harmonieusement.\",\"sameAs\":[\"https:\/\/www.medoucine.com\/consultation\/baulon\/marjorie-decloquement\/777\"],\"url\":\"https:\/\/www.medoucine.com\/blog\/author\/marjorie-decloquement\/\"}]}<\/script>\n<!-- \/ Yoast SEO plugin. -->","yoast_head_json":{"title":"Huiles essentielles : calmer et accompagner ses \u00e9motions - Medoucine","description":"Les odeurs nous reconnectent \u00e0 nos souvenirs. Mais quel est le pouvoir de ces odeurs sur nos \u00e9motions ? Quelles huiles essentielles utiliser pour se d\u00e9tendre ?","robots":{"index":"index","follow":"follow","max-snippet":"max-snippet:-1","max-image-preview":"max-image-preview:large","max-video-preview":"max-video-preview:-1"},"canonical":"https:\/\/www.medoucine.com\/blog\/calmer-et-accompagner-ses-emotions-le-pouvoir-de-lolfaction\/","og_locale":"fr_FR","og_type":"article","og_title":"Huiles essentielles : calmer et accompagner ses \u00e9motions - Medoucine","og_description":"Les odeurs nous reconnectent \u00e0 nos souvenirs. Mais quel est le pouvoir de ces odeurs sur nos \u00e9motions ? Quelles huiles essentielles utiliser pour se d\u00e9tendre ?","og_url":"https:\/\/www.medoucine.com\/blog\/calmer-et-accompagner-ses-emotions-le-pouvoir-de-lolfaction\/","og_site_name":"Blog de Medoucine","article_publisher":"https:\/\/www.facebook.com\/medoucine\/","article_published_time":"2020-06-10T22:00:00+00:00","article_modified_time":"2026-04-08T16:50:36+00:00","og_image":[{"width":1280,"height":854,"url":"https:\/\/www.medoucine.com\/blog\/wp-content\/uploads\/2020\/06\/le-pouvoir-de-l-olfaction-1-scaled-3.jpg","type":"image\/jpeg"}],"author":"Marjorie Decloquement","twitter_card":"summary_large_image","twitter_creator":"@medoucinefr","twitter_site":"@medoucinefr","twitter_misc":{"\u00c9crit par":"Marjorie Decloquement","Dur\u00e9e de lecture estim\u00e9e":"4 minutes"},"schema":{"@context":"https:\/\/schema.org","@graph":[{"@type":"Article","@id":"https:\/\/www.medoucine.com\/blog\/calmer-et-accompagner-ses-emotions-le-pouvoir-de-lolfaction\/#article","isPartOf":{"@id":"https:\/\/www.medoucine.com\/blog\/calmer-et-accompagner-ses-emotions-le-pouvoir-de-lolfaction\/"},"author":{"name":"Marjorie Decloquement","@id":"https:\/\/www.medoucine.com\/blog\/#\/schema\/person\/e61b36b08257bbd65b8e7c6a00f0cbb4"},"headline":"Calmer et accompagner ses \u00e9motions : le pouvoir de l&rsquo;olfaction","datePublished":"2020-06-10T22:00:00+00:00","dateModified":"2026-04-08T16:50:36+00:00","mainEntityOfPage":{"@id":"https:\/\/www.medoucine.com\/blog\/calmer-et-accompagner-ses-emotions-le-pouvoir-de-lolfaction\/"},"wordCount":785,"commentCount":0,"publisher":{"@id":"https:\/\/www.medoucine.com\/blog\/#organization"},"image":{"@id":"https:\/\/www.medoucine.com\/blog\/calmer-et-accompagner-ses-emotions-le-pouvoir-de-lolfaction\/#primaryimage"},"thumbnailUrl":"https:\/\/www.medoucine.com\/blog\/wp-content\/uploads\/2020\/06\/le-pouvoir-de-l-olfaction-1-scaled-3.jpg","keywords":["bien-\u00eatre","\u00e9motions","huiles essentielles"],"articleSection":["Beaut\u00e9 &amp; Bien-\u00eatre","Bien-\u00eatre"],"inLanguage":"fr-FR","potentialAction":[{"@type":"CommentAction","name":"Comment","target":["https:\/\/www.medoucine.com\/blog\/calmer-et-accompagner-ses-emotions-le-pouvoir-de-lolfaction\/#respond"]}]},{"@type":"WebPage","@id":"https:\/\/www.medoucine.com\/blog\/calmer-et-accompagner-ses-emotions-le-pouvoir-de-lolfaction\/","url":"https:\/\/www.medoucine.com\/blog\/calmer-et-accompagner-ses-emotions-le-pouvoir-de-lolfaction\/","name":"Huiles essentielles : calmer et accompagner ses \u00e9motions - Medoucine","isPartOf":{"@id":"https:\/\/www.medoucine.com\/blog\/#website"},"primaryImageOfPage":{"@id":"https:\/\/www.medoucine.com\/blog\/calmer-et-accompagner-ses-emotions-le-pouvoir-de-lolfaction\/#primaryimage"},"image":{"@id":"https:\/\/www.medoucine.com\/blog\/calmer-et-accompagner-ses-emotions-le-pouvoir-de-lolfaction\/#primaryimage"},"thumbnailUrl":"https:\/\/www.medoucine.com\/blog\/wp-content\/uploads\/2020\/06\/le-pouvoir-de-l-olfaction-1-scaled-3.jpg","datePublished":"2020-06-10T22:00:00+00:00","dateModified":"2026-04-08T16:50:36+00:00","description":"Les odeurs nous reconnectent \u00e0 nos souvenirs. Mais quel est le pouvoir de ces odeurs sur nos \u00e9motions ? Quelles huiles essentielles utiliser pour se d\u00e9tendre ?","breadcrumb":{"@id":"https:\/\/www.medoucine.com\/blog\/calmer-et-accompagner-ses-emotions-le-pouvoir-de-lolfaction\/#breadcrumb"},"inLanguage":"fr-FR","potentialAction":[{"@type":"ReadAction","target":["https:\/\/www.medoucine.com\/blog\/calmer-et-accompagner-ses-emotions-le-pouvoir-de-lolfaction\/"]}]},{"@type":"ImageObject","inLanguage":"fr-FR","@id":"https:\/\/www.medoucine.com\/blog\/calmer-et-accompagner-ses-emotions-le-pouvoir-de-lolfaction\/#primaryimage","url":"https:\/\/www.medoucine.com\/blog\/wp-content\/uploads\/2020\/06\/le-pouvoir-de-l-olfaction-1-scaled-3.jpg","contentUrl":"https:\/\/www.medoucine.com\/blog\/wp-content\/uploads\/2020\/06\/le-pouvoir-de-l-olfaction-1-scaled-3.jpg","width":1280,"height":854},{"@type":"BreadcrumbList","@id":"https:\/\/www.medoucine.com\/blog\/calmer-et-accompagner-ses-emotions-le-pouvoir-de-lolfaction\/#breadcrumb","itemListElement":[{"@type":"ListItem","position":1,"name":"Blog Medoucine","item":"https:\/\/www.medoucine.com\/blog\/"},{"@type":"ListItem","position":2,"name":"Beaut\u00e9 &amp; Bien-\u00eatre","item":"https:\/\/www.medoucine.com\/blog\/cat\/beaute-bien-etre\/"},{"@type":"ListItem","position":3,"name":"Bien-\u00eatre","item":"https:\/\/www.medoucine.com\/blog\/cat\/beaute-bien-etre\/bien-etre\/"},{"@type":"ListItem","position":4,"name":"Calmer et accompagner ses \u00e9motions : le pouvoir de l&rsquo;olfaction"}]},{"@type":"WebSite","@id":"https:\/\/www.medoucine.com\/blog\/#website","url":"https:\/\/www.medoucine.com\/blog\/","name":"Blog de Medoucine","description":"Le blog des m\u00e9decines douces","publisher":{"@id":"https:\/\/www.medoucine.com\/blog\/#organization"},"potentialAction":[{"@type":"SearchAction","target":{"@type":"EntryPoint","urlTemplate":"https:\/\/www.medoucine.com\/blog\/?s={search_term_string}"},"query-input":{"@type":"PropertyValueSpecification","valueRequired":true,"valueName":"search_term_string"}}],"inLanguage":"fr-FR"},{"@type":"Organization","@id":"https:\/\/www.medoucine.com\/blog\/#organization","name":"Medoucine","url":"https:\/\/www.medoucine.com\/blog\/","logo":{"@type":"ImageObject","inLanguage":"fr-FR","@id":"https:\/\/www.medoucine.com\/blog\/#\/schema\/logo\/image\/","url":"https:\/\/www.medoucine.com\/blog\/wp-content\/uploads\/2019\/07\/logo@3x.png","contentUrl":"https:\/\/www.medoucine.com\/blog\/wp-content\/uploads\/2019\/07\/logo@3x.png","width":555,"height":135,"caption":"Medoucine"},"image":{"@id":"https:\/\/www.medoucine.com\/blog\/#\/schema\/logo\/image\/"},"sameAs":["https:\/\/www.facebook.com\/medoucine\/","https:\/\/x.com\/medoucinefr","https:\/\/www.instagram.com\/medoucine\/","https:\/\/www.youtube.com\/channel\/UCtZeUeJ_KebYK0KJAXjJV8g"]},{"@type":"Person","@id":"https:\/\/www.medoucine.com\/blog\/#\/schema\/person\/e61b36b08257bbd65b8e7c6a00f0cbb4","name":"Marjorie Decloquement","image":{"@type":"ImageObject","inLanguage":"fr-FR","@id":"https:\/\/www.medoucine.com\/blog\/#\/schema\/person\/image\/","url":"https:\/\/secure.gravatar.com\/avatar\/c61b1be5038d80730aab6550b0acb7e72212b3cfdae5f4e4a16dacd66c6e8eca?s=96&d=mm&r=g","contentUrl":"https:\/\/secure.gravatar.com\/avatar\/c61b1be5038d80730aab6550b0acb7e72212b3cfdae5f4e4a16dacd66c6e8eca?s=96&d=mm&r=g","caption":"Marjorie Decloquement"},"description":"Comme un jardinier, je m'occupe de votre terrain. Autrement dit, de la fa\u00e7on dont votre organisme fonctionne : ses points forts et ses faiblesses. Ensuite, je s\u00e8me des graines : nouvelles habitudes, rituels bien-\u00eatre, r\u00e9glages alimentaire. J'utilise pour cela la micronutrition, l'hydrologie, l'aromath\u00e9rapie, la pens\u00e9e positive, les techniques de respiration, l'activit\u00e9 physique. Je vous accompagne mais c'est vous et vous seul qui insufflez l'\u00e9nergie \u00e0 ses graines pour leur donner la force de se d\u00e9velopper harmonieusement.","sameAs":["https:\/\/www.medoucine.com\/consultation\/baulon\/marjorie-decloquement\/777"],"url":"https:\/\/www.medoucine.com\/blog\/author\/marjorie-decloquement\/"}]}},"_links":{"self":[{"href":"https:\/\/www.medoucine.com\/blog\/wp-json\/wp\/v2\/posts\/12675","targetHints":{"allow":["GET"]}}],"collection":[{"href":"https:\/\/www.medoucine.com\/blog\/wp-json\/wp\/v2\/posts"}],"about":[{"href":"https:\/\/www.medoucine.com\/blog\/wp-json\/wp\/v2\/types\/post"}],"author":[{"embeddable":true,"href":"https:\/\/www.medoucine.com\/blog\/wp-json\/wp\/v2\/users\/114"}],"replies":[{"embeddable":true,"href":"https:\/\/www.medoucine.com\/blog\/wp-json\/wp\/v2\/comments?post=12675"}],"version-history":[{"count":4,"href":"https:\/\/www.medoucine.com\/blog\/wp-json\/wp\/v2\/posts\/12675\/revisions"}],"predecessor-version":[{"id":42897,"href":"https:\/\/www.medoucine.com\/blog\/wp-json\/wp\/v2\/posts\/12675\/revisions\/42897"}],"wp:featuredmedia":[{"embeddable":true,"href":"https:\/\/www.medoucine.com\/blog\/wp-json\/wp\/v2\/media\/11018"}],"wp:attachment":[{"href":"https:\/\/www.medoucine.com\/blog\/wp-json\/wp\/v2\/media?parent=12675"}],"wp:term":[{"taxonomy":"category","embeddable":true,"href":"https:\/\/www.medoucine.com\/blog\/wp-json\/wp\/v2\/categories?post=12675"},{"taxonomy":"post_tag","embeddable":true,"href":"https:\/\/www.medoucine.com\/blog\/wp-json\/wp\/v2\/tags?post=12675"}],"curies":[{"name":"wp","href":"https:\/\/api.w.org\/{rel}","templated":true}]}}