{"id":12439,"date":"2019-10-01T00:00:00","date_gmt":"2019-09-30T22:00:00","guid":{"rendered":"https:\/\/www.medoucine.com\/blog\/prevenir-et-lutter-contre-le-burnout-avec-le-jeune\/"},"modified":"2026-02-26T18:51:24","modified_gmt":"2026-02-26T17:51:24","slug":"prevenir-et-lutter-contre-le-burnout-avec-le-jeune","status":"publish","type":"post","link":"https:\/\/www.medoucine.com\/blog\/prevenir-et-lutter-contre-le-burnout-avec-le-jeune\/","title":{"rendered":"Pr\u00e9venir et lutter contre le burnout avec le je\u00fbne"},"content":{"rendered":"<p><span style=\"font-weight: 400\"><em>D\u00e9finition<\/em> : <strong>Burn out<\/strong> : n.m.inv (\u00e9puisement professionnel) : Terme g\u00e9n\u00e9rique d\u00e9signant un \u00e9tat de fatigue \u00e9motionnel, mental et physique caract\u00e9ris\u00e9 par un manque de motivation et de performance apr\u00e8s des mois voire des ann\u00e9es de surmenage, de surench\u00e8re.<\/span><\/p>\n<p><strong>Par Evelyne Picco, responsable process pour le r\u00e9seau <a href=\"https:\/\/jeune-bienetre.fr\/\">Je\u00fbne &amp; Bien-\u00eatre<\/a><\/strong><\/p>\n<h2>Le burn out en chiffres<\/h2>\n<p><span style=\"font-weight: 400\">Aujourd\u2019hui, l\u2019urgence est un mode de vie. Ajoutez \u00e0 cela nos doutes quant \u00e0 nos comp\u00e9tences et nos qualit\u00e9s, un peu d\u2019irritabilit\u00e9, et vous obtenez un cocktail d\u00e9tonnant qui m\u00e8ne droit au burn out. Beaucoup le consid\u00e8rent comme <strong>le mal de notre si\u00e8cle<\/strong>. Et pour cause : \u00e0 l\u2019heure actuelle, les cas de burn out, ou syndrome d\u2019\u00e9puisement li\u00e9 \u00e0 une vie super active, ne cessent de se multiplier. Ralentir le rythme est une des solutions mais parfois, c\u2019est plus facile \u00e0 dire qu\u2019\u00e0 faire. <strong>Faire un je\u00fbne oblige \u00e0 s\u2019arr\u00eater<\/strong> et \u00e9vite le recours <\/span><span style=\"font-weight: 400\">aux m\u00e9dicaments qui peuvent s\u2019av\u00e9rer addictifs\u2026 Le burn out, ou SEP (Syndrome d&rsquo;\u00c9puisement Professionnel) consid\u00e9r\u00e9 comme le mal du si\u00e8cle, menacerait environ 3,2 millions de travailleurs fran\u00e7ais (12 %) selon une \u00e9tude de 2014 *, et sa pr\u00e9valence serait en constante augmentation. D\u2019apr\u00e8s le Quotidien du m\u00e9decin n\u00b0 9674, en 2017, 6 % des salari\u00e9s ont \u00e9t\u00e9 en arr\u00eat-maladie pour syndrome d\u2019\u00e9puisement professionnel. Le burn out r\u00e9sulterait d\u2019un <strong>stress chronique<\/strong> conduisant \u00e0 un \u00e9tat d\u2019\u00e9puisement physique et\/ou psychique associ\u00e9 \u00e0 un sentiment d\u2019\u00e9chec, de d\u00e9motivation, et d\u2019une perte de sens des t\u00e2ches effectu\u00e9es. Les sympt\u00f4mes sont multiples. Les femmes sont trois fois plus touch\u00e9es <\/span><span style=\"font-weight: 400\">que les hommes.<\/span><\/p>\n<div class=\"m-spin\">\n<p class=\"m-spin__text\"><strong>Burnout : Le je\u00fbne, une solution naturelle ?<\/strong><\/p>\n<p class=\"m-spin__text\">Le je\u00fbne intermittent ou plus long peut aider \u00e0 r\u00e9guler le cortisol, hormone du stress souvent d\u00e9r\u00e9gl\u00e9e en cas de burnout. Prenez rendez-vous avec un <a class=\"m-spin__link\" target=\"_blank\" rel=\"noopener noreferrer\" href=\"https:\/\/www.medoucine.com\/consultations\/se-soigner\/chrononutrition\/bordeaux\/tous-publics\/a-domicile-ou-cabinet\">Sp\u00e9cialiste en chrononutrition \u00e0 Bordeaux<\/a>, un <a class=\"m-spin__link\" target=\"_blank\" rel=\"noopener noreferrer\" href=\"https:\/\/www.medoucine.com\/consultations\/se-soigner\/chrononutrition\/marseille\/tous-publics\/a-domicile-ou-cabinet\">Sp\u00e9cialiste en chrononutrition \u00e0 Marseille<\/a> ou un <a class=\"m-spin__link\" target=\"_blank\" rel=\"noopener noreferrer\" href=\"https:\/\/www.medoucine.com\/consultations\/se-soigner\/chrononutrition\/rennes\/tous-publics\/a-domicile-ou-cabinet\">Sp\u00e9cialiste en chrononutrition \u00e0 Rennes<\/a> pour un accompagnement personnalis\u00e9.<\/p>\n<p class=\"m-spin__text\">Retrouvez \u00e9nergie et \u00e9quilibre gr\u00e2ce \u00e0 un professionnel adapt\u00e9 : d\u00e9couvrez des <a class=\"m-spin__link\" target=\"_blank\" rel=\"noopener noreferrer\" href=\"https:\/\/www.medoucine.com\/consultations\/se-soigner\/chrononutrition\/autour-de-moi\">Praticiens en chrononutrition pr\u00e8s de chez vous<\/a> et commencez votre chemin vers le bien-\u00eatre.<\/p>\n<\/div>\n<h2><strong>Un mal insidieux<\/strong><\/h2>\n<p><span style=\"font-weight: 400\"><strong>Les cons\u00e9quences sur la sant\u00e9 peuvent \u00eatre lourdes<\/strong> et ont un co\u00fbt socio-\u00e9conomique \u00e9lev\u00e9, estim\u00e9 \u00e0 au moins 2 \u00e0 3 milliards d\u2019euros. Le burn out s\u2019installe progressivement, insidieusement, apr\u00e8s g\u00e9n\u00e9ralement une p\u00e9riode d\u2019enthousiasme et de sur-engagement : objectifs \u00e9lev\u00e9s, recherche de performance\u2026 \u00c0 cela viennent s\u2019ajouter les effets de la vie moderne : la compartimentation vie professionnelle \/ vie familiale n\u2019est plus aussi distincte qu\u2019autrefois : selon Technologia, 50 % des cadres rapportent du travail chez eux. Et les nouvelles technologies nous sollicitent de plus en plus\u2026 r\u00e9duisant de plus en plus nos temps de repos v\u00e9ritable. Or, m\u00eame quand nous sommes passionn\u00e9s par notre travail ou nos activit\u00e9s, nous devons nous reposer et nous ressourcer\u2026 L\u2019organisme, sous tension permanente, ne peut plus \u201drecharger ses batteries\u201d Comme une voiture, c\u2019est alors \u201dla panne s\u00e8che\u201d voire la \u201dsortie de route\u201d. Les termes populaires employ\u00e9s parlent d\u2019eux m\u00eames : \u201dj\u2019ai craqu\u00e9\u201d \u201dje suis HS (hors service)\u201d. Faire face au quotidien devient alors de plus en plus difficile, voire impossible. Le burn out est toujours pr\u00e9c\u00e9d\u00e9 par des signaux d\u2019alerte &#8211; les premiers sympt\u00f4mes &#8211; qui sont, h\u00e9las, n\u00e9glig\u00e9s la plupart du temps. En effet, \u00e9couter son corps est mal vu, tandis que vivre \u00e0 100 \u00e0 l\u2019heure est valoris\u00e9\u2026. Et c\u2019est le d\u00e9ni de la situation.<\/span><\/p>\n<h2><strong>Un terme anglais signifiant \u2018\u2018br\u00fbler en dehors\u2019\u2019<\/strong><\/h2>\n<p><span style=\"font-weight: 400\">Conceptualis\u00e9 en 1975 par Fraubenberger, il s\u2019appliquait initialement aux toxicomanes (ils \u201dgrillent\u201d litt\u00e9ralement) puis, par extension, pour d\u00e9crire <strong>l\u2019\u00e9tat d\u2019\u00e9puisement, d\u2019impuissance et de d\u00e9motivation<\/strong> des personnels soignants ou sociaux confront\u00e9s \u00e0 des patients en grandes difficult\u00e9s (\u00e9chec des traitements, rechute des toxicomanes, etc). Son utilisation a ensuite \u00e9t\u00e9 \u00e9largie \u00e0 l\u2019ensemble du monde du travail. Et depuis quelques ann\u00e9es, c\u2019est un terme que l\u2019on tend \u00e0 employer \u00e9galement au sujet du surmenage au sein de la sph\u00e8re priv\u00e9e. Il est souvent reli\u00e9 \u00e0 la notion de charge mentale \u00e9lev\u00e9e, telle que celle des m\u00e8res de famille qui doivent <strong>\u201dpenser \u00e0 tout\u201d<\/strong> .<\/span><\/p>\n<h2><strong>Apprendre \u00e0 identifier les sympt\u00f4mes du burn out<\/strong><\/h2>\n<p><span style=\"font-weight: 400\">Plus de 130 sympt\u00f4mes ont \u00e9t\u00e9 r\u00e9pertori\u00e9s, aucun n\u2019\u00e9tant sp\u00e9cifique du burn out. Ils peuvent \u00eatre physiologiques, \u00e9motionnels, comportementaux, cognitifs, et peuvent conduire \u00e0 des tableaux cliniques tr\u00e8s variables d\u2019un individu \u00e0 l\u2019autre. La <strong>sensation d\u2019\u00eatre d\u00e9bord\u00e9 et l\u2019\u00e9puisement dominent<\/strong>, tant au niveau physique qu\u2019intellectuel et \u00e9motionnel. Le repos n\u2019efface plus la fatigue. Le burn out, v\u00e9ritable \u201dd\u00e9crochage\u201d ou \u201deffondrement\u201d physiologique, peut aboutir \u00e0 des <strong>pathologies graves<\/strong> telles que <strong>d\u00e9pression ou infarctus.<\/strong><\/span><\/p>\n<p><span style=\"font-weight: 400\">Sentiment persistant de <strong>d\u00e9couragement<\/strong>, de tristesse, de d\u00e9sillusion, angoisses, difficult\u00e9s d\u2019endormissement, r\u00e9veils nocturnes, sensation de \u201dsurchauffe\u201d c\u00e9r\u00e9brale, difficult\u00e9s \u00e0 se concentrer, persistance de la fatigue apr\u00e8s une p\u00e9riode de repos, baisse de motivation, n\u00e9gligence vestimentaire, d\u00e9sint\u00e9r\u00eat pour les loisirs ou les sorties familiales, humeur instable, sentiment de ras le bol\u2026 l\u2019accumulation de ces signes doit interpeller la personne ou son entourage.<\/span><\/p>\n<h2><strong>Lever le pied : une n\u00e9cessit\u00e9 !<\/strong><\/h2>\n<p><span style=\"font-weight: 400\">Si un burn out av\u00e9r\u00e9 n\u00e9cessite bien \u00e9videmment un <strong>accompagnement m\u00e9dical<\/strong>, prendre du recul, (r\u00e9)-apprendre \u00e0 se reposer et \u00e0 s\u2019occuper de soi est primordial pour agir en amont. Pr\u00e9venir vaut mieux que gu\u00e9rir !<\/span><\/p>\n<h2><strong>Le je\u00fbne : une b\u00e9n\u00e9diction pour pr\u00e9venir et lutter contre le burn out<\/strong><\/h2>\n<p><span style=\"font-weight: 400\">Le je\u00fbne adapt\u00e9 \u00e0 chacun en fonction de son \u00e9tat de fatigue, accompagn\u00e9 par une activit\u00e9 physique douce, est une v\u00e9ritable b\u00e9n\u00e9diction pour les organismes surmen\u00e9s : c\u2019est un temps de vrai repos, qui permet de prendre soin de soi, loin des sollicitations habituelles.<\/span><\/p>\n<p><span style=\"font-weight: 400\">C\u2019est \u00e9galement une<strong> v\u00e9ritable pause physiologique<\/strong>, qui stimule de nombreuses synth\u00e8ses et am\u00e9liore de nombreux troubles :<\/span><\/p>\n<ul>\n<li style=\"font-weight: 400\"><span style=\"font-weight: 400\">Am\u00e9lioration de l\u2019humeur gr\u00e2ce \u00e0 l\u2019augmentation du taux de s\u00e9rotonine, l\u2019hormone du bonheur.<\/span><\/li>\n<li style=\"font-weight: 400\"><span style=\"font-weight: 400\">Am\u00e9lioration de la motivation et de la capacit\u00e9 \u00e0 prendre des d\u00e9cisions gr\u00e2ce \u00e0 l\u2019augmentation du taux de dopamine.<\/span><\/li>\n<li style=\"font-weight: 400\"><span style=\"font-weight: 400\">Diminution des douleurs gr\u00e2ces \u00e0 la synth\u00e8se d\u2019endorphines, antalgiques naturels.<\/span><\/li>\n<li style=\"font-weight: 400\"><span style=\"font-weight: 400\">R\u00e9gulation de la flore intestinale, ce qui, outre l\u2019am\u00e9lioration de la digestion et de l\u2019immunit\u00e9, agirait \u00e9galement sur l\u2019humeur, au vu des tr\u00e8s nombreuses \u00e9tudes qui tendent \u00e0 montrer l\u2019impact de notre microbiote sur notre psychisme.<\/span><\/li>\n<\/ul>\n<p><span style=\"font-weight: 400\">De plus, les corps c\u00e9toniques, le carburant fabriqu\u00e9 \u00e0 partir des graisses, sont euphorisants et facilitent le fonctionnement c\u00e9r\u00e9bral. Il s\u2019ensuit une am\u00e9lioration de la clart\u00e9 mentale et une dynamisation globale. Et <strong>je\u00fbner<\/strong> \u00e9tant un v\u00e9ritable d\u00e9fi, cela <strong>contribue \u00e0 restaurer l\u2019estime de soi<\/strong>, souvent alt\u00e9r\u00e9e dans les \u00e9tats de burn out ou de pr\u00e9-burn out. Comme le dit la sagesse populaire : \u201dQui veut aller loin m\u00e9nage sa monture\u201d !<\/span><\/p>\n<p><strong>Par Evelyne Picco, responsable process pour le r\u00e9seau <a href=\"https:\/\/jeune-bienetre.fr\/\">Je\u00fbne &amp; Bien-\u00eatre<\/a><\/strong><\/p>\n<p><a href=\"https:\/\/jeune-bienetre.fr\/\" rel=\"noopener noreferrer\"><img loading=\"lazy\" decoding=\"async\" class=\"alignnone wp-image-6582\" src=\"https:\/\/www.medoucine.com\/blog\/\/wp-content\/uploads\/https:\/\/res.cloudinary.com\/medoucine\/image\/upload\/f_jpg\/v1569944175\/jeuneetbienetre.jpg\" alt=\"jeune-et-bien-etre\" width=\"5776\" height=\"1416\" \/><\/a><\/p>\n<p style=\"text-align: center\"><strong><span style=\"color: #88be4c\">Le 1er r\u00e9seau international de centres certifi\u00e9s pour l&rsquo;organisation de stages de je\u00fbne associ\u00e9s \u00e0 la randonn\u00e9e.<\/span><\/strong><\/p>\n","protected":false},"excerpt":{"rendered":"<p>D\u00e9finition : Burn out : n.m.inv (\u00e9puisement professionnel) : Terme g\u00e9n\u00e9rique d\u00e9signant un \u00e9tat de fatigue \u00e9motionnel, mental et physique caract\u00e9ris\u00e9 par un manque de motivation et de performance apr\u00e8s des mois voire des ann\u00e9es de surmenage, de surench\u00e8re. Par Evelyne Picco, responsable process pour le r\u00e9seau Je\u00fbne &amp; Bien-\u00eatre Le burn out en chiffres Aujourd\u2019hui, l\u2019urgence est un mode de vie. Ajoutez \u00e0 cela nos doutes quant \u00e0 nos comp\u00e9tences et nos qualit\u00e9s, un peu d\u2019irritabilit\u00e9, et vous obtenez un cocktail d\u00e9tonnant qui m\u00e8ne droit au burn out. Beaucoup le consid\u00e8rent comme le mal de notre si\u00e8cle. Et pour cause : \u00e0 l\u2019heure actuelle, les cas de burn out, ou syndrome d\u2019\u00e9puisement li\u00e9 \u00e0 une vie super active, ne cessent de se multiplier. Ralentir le rythme est une des solutions mais parfois, c\u2019est plus [&hellip;]<\/p>\n","protected":false},"author":995,"featured_media":11584,"comment_status":"open","ping_status":"open","sticky":false,"template":"","format":"standard","meta":{"_acf_changed":false,"footnotes":""},"categories":[101,102],"tags":[264],"class_list":["post-12439","post","type-post","status-publish","format-standard","has-post-thumbnail","hentry","category-psycho","category-stress-et-angoisse","tag-jeune"],"acf":[],"yoast_head":"<!-- This site is optimized with the Yoast SEO plugin v27.1.1 - https:\/\/yoast.com\/product\/yoast-seo-wordpress\/ -->\n<title>Pr\u00e9venir et lutter contre le burnout avec le je\u00fbne - Medoucine<\/title>\n<meta name=\"description\" content=\"Aujourd\u2019hui, l\u2019urgence est un mode de vie. Et si le je\u00fbne \u00e9tait une solution sefficace pour pr\u00e9venir et soulager ce mal du si\u00e8cle ?\" \/>\n<meta name=\"robots\" content=\"index, follow, max-snippet:-1, max-image-preview:large, max-video-preview:-1\" \/>\n<link rel=\"canonical\" href=\"https:\/\/www.medoucine.com\/blog\/prevenir-et-lutter-contre-le-burnout-avec-le-jeune\/\" \/>\n<meta property=\"og:locale\" content=\"fr_FR\" \/>\n<meta property=\"og:type\" content=\"article\" \/>\n<meta property=\"og:title\" content=\"Pr\u00e9venir et lutter contre le burnout avec le je\u00fbne - Medoucine\" \/>\n<meta property=\"og:description\" content=\"Aujourd\u2019hui, l\u2019urgence est un mode de vie. Et si le je\u00fbne \u00e9tait une solution sefficace pour pr\u00e9venir et soulager ce mal du si\u00e8cle ?\" \/>\n<meta property=\"og:url\" content=\"https:\/\/www.medoucine.com\/blog\/prevenir-et-lutter-contre-le-burnout-avec-le-jeune\/\" \/>\n<meta property=\"og:site_name\" content=\"Blog de Medoucine\" \/>\n<meta property=\"article:publisher\" content=\"https:\/\/www.facebook.com\/medoucine\/\" \/>\n<meta property=\"article:published_time\" content=\"2019-09-30T22:00:00+00:00\" \/>\n<meta property=\"article:modified_time\" content=\"2026-02-26T17:51:24+00:00\" \/>\n<meta property=\"og:image\" content=\"https:\/\/www.medoucine.com\/blog\/wp-content\/uploads\/2020\/06\/pr\u00e9venir-et-lutter-contre-le-burn-out-avec-le-jeune.jpeg\" \/>\n\t<meta property=\"og:image:width\" content=\"1920\" \/>\n\t<meta property=\"og:image:height\" content=\"1373\" \/>\n\t<meta property=\"og:image:type\" content=\"image\/jpeg\" \/>\n<meta name=\"author\" content=\"Camille De M\u00e9doucine\" \/>\n<meta name=\"twitter:card\" content=\"summary_large_image\" \/>\n<meta name=\"twitter:creator\" content=\"@medoucinefr\" \/>\n<meta name=\"twitter:site\" content=\"@medoucinefr\" \/>\n<meta name=\"twitter:label1\" content=\"\u00c9crit par\" \/>\n\t<meta name=\"twitter:data1\" content=\"Camille De M\u00e9doucine\" \/>\n\t<meta name=\"twitter:label2\" content=\"Dur\u00e9e de lecture estim\u00e9e\" \/>\n\t<meta name=\"twitter:data2\" content=\"6 minutes\" \/>\n<script type=\"application\/ld+json\" class=\"yoast-schema-graph\">{\"@context\":\"https:\/\/schema.org\",\"@graph\":[{\"@type\":\"Article\",\"@id\":\"https:\/\/www.medoucine.com\/blog\/prevenir-et-lutter-contre-le-burnout-avec-le-jeune\/#article\",\"isPartOf\":{\"@id\":\"https:\/\/www.medoucine.com\/blog\/prevenir-et-lutter-contre-le-burnout-avec-le-jeune\/\"},\"author\":{\"name\":\"Camille De M\u00e9doucine\",\"@id\":\"https:\/\/www.medoucine.com\/blog\/#\/schema\/person\/33963211205d80beccb805396c175b47\"},\"headline\":\"Pr\u00e9venir et lutter contre le burnout avec le je\u00fbne\",\"datePublished\":\"2019-09-30T22:00:00+00:00\",\"dateModified\":\"2026-02-26T17:51:24+00:00\",\"mainEntityOfPage\":{\"@id\":\"https:\/\/www.medoucine.com\/blog\/prevenir-et-lutter-contre-le-burnout-avec-le-jeune\/\"},\"wordCount\":1250,\"commentCount\":0,\"publisher\":{\"@id\":\"https:\/\/www.medoucine.com\/blog\/#organization\"},\"image\":{\"@id\":\"https:\/\/www.medoucine.com\/blog\/prevenir-et-lutter-contre-le-burnout-avec-le-jeune\/#primaryimage\"},\"thumbnailUrl\":\"https:\/\/www.medoucine.com\/blog\/wp-content\/uploads\/2020\/06\/pr\u00e9venir-et-lutter-contre-le-burn-out-avec-le-jeune.jpeg\",\"keywords\":[\"je\u00fbne\"],\"articleSection\":[\"Psycho\",\"Stress &amp; angoisse\"],\"inLanguage\":\"fr-FR\",\"potentialAction\":[{\"@type\":\"CommentAction\",\"name\":\"Comment\",\"target\":[\"https:\/\/www.medoucine.com\/blog\/prevenir-et-lutter-contre-le-burnout-avec-le-jeune\/#respond\"]}]},{\"@type\":\"WebPage\",\"@id\":\"https:\/\/www.medoucine.com\/blog\/prevenir-et-lutter-contre-le-burnout-avec-le-jeune\/\",\"url\":\"https:\/\/www.medoucine.com\/blog\/prevenir-et-lutter-contre-le-burnout-avec-le-jeune\/\",\"name\":\"Pr\u00e9venir et lutter contre le burnout avec le je\u00fbne - Medoucine\",\"isPartOf\":{\"@id\":\"https:\/\/www.medoucine.com\/blog\/#website\"},\"primaryImageOfPage\":{\"@id\":\"https:\/\/www.medoucine.com\/blog\/prevenir-et-lutter-contre-le-burnout-avec-le-jeune\/#primaryimage\"},\"image\":{\"@id\":\"https:\/\/www.medoucine.com\/blog\/prevenir-et-lutter-contre-le-burnout-avec-le-jeune\/#primaryimage\"},\"thumbnailUrl\":\"https:\/\/www.medoucine.com\/blog\/wp-content\/uploads\/2020\/06\/pr\u00e9venir-et-lutter-contre-le-burn-out-avec-le-jeune.jpeg\",\"datePublished\":\"2019-09-30T22:00:00+00:00\",\"dateModified\":\"2026-02-26T17:51:24+00:00\",\"description\":\"Aujourd\u2019hui, l\u2019urgence est un mode de vie. Et si le je\u00fbne \u00e9tait une solution sefficace pour pr\u00e9venir et soulager ce mal du si\u00e8cle ?\",\"breadcrumb\":{\"@id\":\"https:\/\/www.medoucine.com\/blog\/prevenir-et-lutter-contre-le-burnout-avec-le-jeune\/#breadcrumb\"},\"inLanguage\":\"fr-FR\",\"potentialAction\":[{\"@type\":\"ReadAction\",\"target\":[\"https:\/\/www.medoucine.com\/blog\/prevenir-et-lutter-contre-le-burnout-avec-le-jeune\/\"]}]},{\"@type\":\"ImageObject\",\"inLanguage\":\"fr-FR\",\"@id\":\"https:\/\/www.medoucine.com\/blog\/prevenir-et-lutter-contre-le-burnout-avec-le-jeune\/#primaryimage\",\"url\":\"https:\/\/www.medoucine.com\/blog\/wp-content\/uploads\/2020\/06\/pr\u00e9venir-et-lutter-contre-le-burn-out-avec-le-jeune.jpeg\",\"contentUrl\":\"https:\/\/www.medoucine.com\/blog\/wp-content\/uploads\/2020\/06\/pr\u00e9venir-et-lutter-contre-le-burn-out-avec-le-jeune.jpeg\",\"width\":1920,\"height\":1373},{\"@type\":\"BreadcrumbList\",\"@id\":\"https:\/\/www.medoucine.com\/blog\/prevenir-et-lutter-contre-le-burnout-avec-le-jeune\/#breadcrumb\",\"itemListElement\":[{\"@type\":\"ListItem\",\"position\":1,\"name\":\"Blog Medoucine\",\"item\":\"https:\/\/www.medoucine.com\/blog\/\"},{\"@type\":\"ListItem\",\"position\":2,\"name\":\"Psycho\",\"item\":\"https:\/\/www.medoucine.com\/blog\/cat\/psycho\/\"},{\"@type\":\"ListItem\",\"position\":3,\"name\":\"Stress &amp; angoisse\",\"item\":\"https:\/\/www.medoucine.com\/blog\/cat\/psycho\/stress-et-angoisse\/\"},{\"@type\":\"ListItem\",\"position\":4,\"name\":\"Pr\u00e9venir et lutter contre le burnout avec le je\u00fbne\"}]},{\"@type\":\"WebSite\",\"@id\":\"https:\/\/www.medoucine.com\/blog\/#website\",\"url\":\"https:\/\/www.medoucine.com\/blog\/\",\"name\":\"Blog de Medoucine\",\"description\":\"Le blog des m\u00e9decines douces\",\"publisher\":{\"@id\":\"https:\/\/www.medoucine.com\/blog\/#organization\"},\"potentialAction\":[{\"@type\":\"SearchAction\",\"target\":{\"@type\":\"EntryPoint\",\"urlTemplate\":\"https:\/\/www.medoucine.com\/blog\/?s={search_term_string}\"},\"query-input\":{\"@type\":\"PropertyValueSpecification\",\"valueRequired\":true,\"valueName\":\"search_term_string\"}}],\"inLanguage\":\"fr-FR\"},{\"@type\":\"Organization\",\"@id\":\"https:\/\/www.medoucine.com\/blog\/#organization\",\"name\":\"Medoucine\",\"url\":\"https:\/\/www.medoucine.com\/blog\/\",\"logo\":{\"@type\":\"ImageObject\",\"inLanguage\":\"fr-FR\",\"@id\":\"https:\/\/www.medoucine.com\/blog\/#\/schema\/logo\/image\/\",\"url\":\"https:\/\/www.medoucine.com\/blog\/wp-content\/uploads\/2019\/07\/logo@3x.png\",\"contentUrl\":\"https:\/\/www.medoucine.com\/blog\/wp-content\/uploads\/2019\/07\/logo@3x.png\",\"width\":555,\"height\":135,\"caption\":\"Medoucine\"},\"image\":{\"@id\":\"https:\/\/www.medoucine.com\/blog\/#\/schema\/logo\/image\/\"},\"sameAs\":[\"https:\/\/www.facebook.com\/medoucine\/\",\"https:\/\/x.com\/medoucinefr\",\"https:\/\/www.instagram.com\/medoucine\/\",\"https:\/\/www.youtube.com\/channel\/UCtZeUeJ_KebYK0KJAXjJV8g\"]},{\"@type\":\"Person\",\"@id\":\"https:\/\/www.medoucine.com\/blog\/#\/schema\/person\/33963211205d80beccb805396c175b47\",\"name\":\"Camille De M\u00e9doucine\",\"image\":{\"@type\":\"ImageObject\",\"inLanguage\":\"fr-FR\",\"@id\":\"https:\/\/www.medoucine.com\/blog\/#\/schema\/person\/image\/\",\"url\":\"https:\/\/secure.gravatar.com\/avatar\/c2299bbd846dad9bdc700ac2bc1f7d7f7698bebee70f9ac01014ce232478ddab?s=96&d=mm&r=g\",\"contentUrl\":\"https:\/\/secure.gravatar.com\/avatar\/c2299bbd846dad9bdc700ac2bc1f7d7f7698bebee70f9ac01014ce232478ddab?s=96&d=mm&r=g\",\"caption\":\"Camille De M\u00e9doucine\"},\"description\":\"Je suis Camille, coordinatrice de la communaut\u00e9 M\u00e9doucine. Mon r\u00f4le ? Faire le lien entre les praticiens de notre r\u00e9seau et vous, lecteurs en qu\u00eate de bien-\u00eatre. J'accompagne au quotidien les th\u00e9rapeutes dans leur d\u00e9veloppement digital et les aide \u00e0 se faire conna\u00eetre localement. \u00c0 travers mes articles, je partage des conseils pratiques, des t\u00e9moignages inspirants et des \u00e9clairages sur les pratiques compl\u00e9mentaires. Mon objectif : rendre l'univers du bien-\u00eatre accessible, transparent et humain. J'aime explorer la diversit\u00e9 des approches et mettre en lumi\u00e8re ce qui rend chaque praticien unique. Passionn\u00e9e par la cr\u00e9ation de contenu et l'animation de communaut\u00e9, je m'engage chaque jour \u00e0 valoriser l'expertise de ceux qui prennent soin de vous.\",\"sameAs\":[\"https:\/\/www.linkedin.com\/in\/camille-de-m%C3%A9doucine-055173176\/\"],\"url\":\"https:\/\/www.medoucine.com\/blog\/author\/camille_medoucine\/\"}]}<\/script>\n<!-- \/ Yoast SEO plugin. -->","yoast_head_json":{"title":"Pr\u00e9venir et lutter contre le burnout avec le je\u00fbne - Medoucine","description":"Aujourd\u2019hui, l\u2019urgence est un mode de vie. Et si le je\u00fbne \u00e9tait une solution sefficace pour pr\u00e9venir et soulager ce mal du si\u00e8cle ?","robots":{"index":"index","follow":"follow","max-snippet":"max-snippet:-1","max-image-preview":"max-image-preview:large","max-video-preview":"max-video-preview:-1"},"canonical":"https:\/\/www.medoucine.com\/blog\/prevenir-et-lutter-contre-le-burnout-avec-le-jeune\/","og_locale":"fr_FR","og_type":"article","og_title":"Pr\u00e9venir et lutter contre le burnout avec le je\u00fbne - Medoucine","og_description":"Aujourd\u2019hui, l\u2019urgence est un mode de vie. Et si le je\u00fbne \u00e9tait une solution sefficace pour pr\u00e9venir et soulager ce mal du si\u00e8cle ?","og_url":"https:\/\/www.medoucine.com\/blog\/prevenir-et-lutter-contre-le-burnout-avec-le-jeune\/","og_site_name":"Blog de Medoucine","article_publisher":"https:\/\/www.facebook.com\/medoucine\/","article_published_time":"2019-09-30T22:00:00+00:00","article_modified_time":"2026-02-26T17:51:24+00:00","og_image":[{"width":1920,"height":1373,"url":"https:\/\/www.medoucine.com\/blog\/wp-content\/uploads\/2020\/06\/pr\u00e9venir-et-lutter-contre-le-burn-out-avec-le-jeune.jpeg","type":"image\/jpeg"}],"author":"Camille De M\u00e9doucine","twitter_card":"summary_large_image","twitter_creator":"@medoucinefr","twitter_site":"@medoucinefr","twitter_misc":{"\u00c9crit par":"Camille De M\u00e9doucine","Dur\u00e9e de lecture estim\u00e9e":"6 minutes"},"schema":{"@context":"https:\/\/schema.org","@graph":[{"@type":"Article","@id":"https:\/\/www.medoucine.com\/blog\/prevenir-et-lutter-contre-le-burnout-avec-le-jeune\/#article","isPartOf":{"@id":"https:\/\/www.medoucine.com\/blog\/prevenir-et-lutter-contre-le-burnout-avec-le-jeune\/"},"author":{"name":"Camille De M\u00e9doucine","@id":"https:\/\/www.medoucine.com\/blog\/#\/schema\/person\/33963211205d80beccb805396c175b47"},"headline":"Pr\u00e9venir et lutter contre le burnout avec le je\u00fbne","datePublished":"2019-09-30T22:00:00+00:00","dateModified":"2026-02-26T17:51:24+00:00","mainEntityOfPage":{"@id":"https:\/\/www.medoucine.com\/blog\/prevenir-et-lutter-contre-le-burnout-avec-le-jeune\/"},"wordCount":1250,"commentCount":0,"publisher":{"@id":"https:\/\/www.medoucine.com\/blog\/#organization"},"image":{"@id":"https:\/\/www.medoucine.com\/blog\/prevenir-et-lutter-contre-le-burnout-avec-le-jeune\/#primaryimage"},"thumbnailUrl":"https:\/\/www.medoucine.com\/blog\/wp-content\/uploads\/2020\/06\/pr\u00e9venir-et-lutter-contre-le-burn-out-avec-le-jeune.jpeg","keywords":["je\u00fbne"],"articleSection":["Psycho","Stress &amp; angoisse"],"inLanguage":"fr-FR","potentialAction":[{"@type":"CommentAction","name":"Comment","target":["https:\/\/www.medoucine.com\/blog\/prevenir-et-lutter-contre-le-burnout-avec-le-jeune\/#respond"]}]},{"@type":"WebPage","@id":"https:\/\/www.medoucine.com\/blog\/prevenir-et-lutter-contre-le-burnout-avec-le-jeune\/","url":"https:\/\/www.medoucine.com\/blog\/prevenir-et-lutter-contre-le-burnout-avec-le-jeune\/","name":"Pr\u00e9venir et lutter contre le burnout avec le je\u00fbne - Medoucine","isPartOf":{"@id":"https:\/\/www.medoucine.com\/blog\/#website"},"primaryImageOfPage":{"@id":"https:\/\/www.medoucine.com\/blog\/prevenir-et-lutter-contre-le-burnout-avec-le-jeune\/#primaryimage"},"image":{"@id":"https:\/\/www.medoucine.com\/blog\/prevenir-et-lutter-contre-le-burnout-avec-le-jeune\/#primaryimage"},"thumbnailUrl":"https:\/\/www.medoucine.com\/blog\/wp-content\/uploads\/2020\/06\/pr\u00e9venir-et-lutter-contre-le-burn-out-avec-le-jeune.jpeg","datePublished":"2019-09-30T22:00:00+00:00","dateModified":"2026-02-26T17:51:24+00:00","description":"Aujourd\u2019hui, l\u2019urgence est un mode de vie. Et si le je\u00fbne \u00e9tait une solution sefficace pour pr\u00e9venir et soulager ce mal du si\u00e8cle ?","breadcrumb":{"@id":"https:\/\/www.medoucine.com\/blog\/prevenir-et-lutter-contre-le-burnout-avec-le-jeune\/#breadcrumb"},"inLanguage":"fr-FR","potentialAction":[{"@type":"ReadAction","target":["https:\/\/www.medoucine.com\/blog\/prevenir-et-lutter-contre-le-burnout-avec-le-jeune\/"]}]},{"@type":"ImageObject","inLanguage":"fr-FR","@id":"https:\/\/www.medoucine.com\/blog\/prevenir-et-lutter-contre-le-burnout-avec-le-jeune\/#primaryimage","url":"https:\/\/www.medoucine.com\/blog\/wp-content\/uploads\/2020\/06\/pr\u00e9venir-et-lutter-contre-le-burn-out-avec-le-jeune.jpeg","contentUrl":"https:\/\/www.medoucine.com\/blog\/wp-content\/uploads\/2020\/06\/pr\u00e9venir-et-lutter-contre-le-burn-out-avec-le-jeune.jpeg","width":1920,"height":1373},{"@type":"BreadcrumbList","@id":"https:\/\/www.medoucine.com\/blog\/prevenir-et-lutter-contre-le-burnout-avec-le-jeune\/#breadcrumb","itemListElement":[{"@type":"ListItem","position":1,"name":"Blog Medoucine","item":"https:\/\/www.medoucine.com\/blog\/"},{"@type":"ListItem","position":2,"name":"Psycho","item":"https:\/\/www.medoucine.com\/blog\/cat\/psycho\/"},{"@type":"ListItem","position":3,"name":"Stress &amp; angoisse","item":"https:\/\/www.medoucine.com\/blog\/cat\/psycho\/stress-et-angoisse\/"},{"@type":"ListItem","position":4,"name":"Pr\u00e9venir et lutter contre le burnout avec le je\u00fbne"}]},{"@type":"WebSite","@id":"https:\/\/www.medoucine.com\/blog\/#website","url":"https:\/\/www.medoucine.com\/blog\/","name":"Blog de Medoucine","description":"Le blog des m\u00e9decines douces","publisher":{"@id":"https:\/\/www.medoucine.com\/blog\/#organization"},"potentialAction":[{"@type":"SearchAction","target":{"@type":"EntryPoint","urlTemplate":"https:\/\/www.medoucine.com\/blog\/?s={search_term_string}"},"query-input":{"@type":"PropertyValueSpecification","valueRequired":true,"valueName":"search_term_string"}}],"inLanguage":"fr-FR"},{"@type":"Organization","@id":"https:\/\/www.medoucine.com\/blog\/#organization","name":"Medoucine","url":"https:\/\/www.medoucine.com\/blog\/","logo":{"@type":"ImageObject","inLanguage":"fr-FR","@id":"https:\/\/www.medoucine.com\/blog\/#\/schema\/logo\/image\/","url":"https:\/\/www.medoucine.com\/blog\/wp-content\/uploads\/2019\/07\/logo@3x.png","contentUrl":"https:\/\/www.medoucine.com\/blog\/wp-content\/uploads\/2019\/07\/logo@3x.png","width":555,"height":135,"caption":"Medoucine"},"image":{"@id":"https:\/\/www.medoucine.com\/blog\/#\/schema\/logo\/image\/"},"sameAs":["https:\/\/www.facebook.com\/medoucine\/","https:\/\/x.com\/medoucinefr","https:\/\/www.instagram.com\/medoucine\/","https:\/\/www.youtube.com\/channel\/UCtZeUeJ_KebYK0KJAXjJV8g"]},{"@type":"Person","@id":"https:\/\/www.medoucine.com\/blog\/#\/schema\/person\/33963211205d80beccb805396c175b47","name":"Camille De M\u00e9doucine","image":{"@type":"ImageObject","inLanguage":"fr-FR","@id":"https:\/\/www.medoucine.com\/blog\/#\/schema\/person\/image\/","url":"https:\/\/secure.gravatar.com\/avatar\/c2299bbd846dad9bdc700ac2bc1f7d7f7698bebee70f9ac01014ce232478ddab?s=96&d=mm&r=g","contentUrl":"https:\/\/secure.gravatar.com\/avatar\/c2299bbd846dad9bdc700ac2bc1f7d7f7698bebee70f9ac01014ce232478ddab?s=96&d=mm&r=g","caption":"Camille De M\u00e9doucine"},"description":"Je suis Camille, coordinatrice de la communaut\u00e9 M\u00e9doucine. Mon r\u00f4le ? Faire le lien entre les praticiens de notre r\u00e9seau et vous, lecteurs en qu\u00eate de bien-\u00eatre. J'accompagne au quotidien les th\u00e9rapeutes dans leur d\u00e9veloppement digital et les aide \u00e0 se faire conna\u00eetre localement. \u00c0 travers mes articles, je partage des conseils pratiques, des t\u00e9moignages inspirants et des \u00e9clairages sur les pratiques compl\u00e9mentaires. Mon objectif : rendre l'univers du bien-\u00eatre accessible, transparent et humain. J'aime explorer la diversit\u00e9 des approches et mettre en lumi\u00e8re ce qui rend chaque praticien unique. Passionn\u00e9e par la cr\u00e9ation de contenu et l'animation de communaut\u00e9, je m'engage chaque jour \u00e0 valoriser l'expertise de ceux qui prennent soin de vous.","sameAs":["https:\/\/www.linkedin.com\/in\/camille-de-m%C3%A9doucine-055173176\/"],"url":"https:\/\/www.medoucine.com\/blog\/author\/camille_medoucine\/"}]}},"_links":{"self":[{"href":"https:\/\/www.medoucine.com\/blog\/wp-json\/wp\/v2\/posts\/12439","targetHints":{"allow":["GET"]}}],"collection":[{"href":"https:\/\/www.medoucine.com\/blog\/wp-json\/wp\/v2\/posts"}],"about":[{"href":"https:\/\/www.medoucine.com\/blog\/wp-json\/wp\/v2\/types\/post"}],"author":[{"embeddable":true,"href":"https:\/\/www.medoucine.com\/blog\/wp-json\/wp\/v2\/users\/995"}],"replies":[{"embeddable":true,"href":"https:\/\/www.medoucine.com\/blog\/wp-json\/wp\/v2\/comments?post=12439"}],"version-history":[{"count":3,"href":"https:\/\/www.medoucine.com\/blog\/wp-json\/wp\/v2\/posts\/12439\/revisions"}],"predecessor-version":[{"id":40485,"href":"https:\/\/www.medoucine.com\/blog\/wp-json\/wp\/v2\/posts\/12439\/revisions\/40485"}],"wp:featuredmedia":[{"embeddable":true,"href":"https:\/\/www.medoucine.com\/blog\/wp-json\/wp\/v2\/media\/11584"}],"wp:attachment":[{"href":"https:\/\/www.medoucine.com\/blog\/wp-json\/wp\/v2\/media?parent=12439"}],"wp:term":[{"taxonomy":"category","embeddable":true,"href":"https:\/\/www.medoucine.com\/blog\/wp-json\/wp\/v2\/categories?post=12439"},{"taxonomy":"post_tag","embeddable":true,"href":"https:\/\/www.medoucine.com\/blog\/wp-json\/wp\/v2\/tags?post=12439"}],"curies":[{"name":"wp","href":"https:\/\/api.w.org\/{rel}","templated":true}]}}