{"id":12406,"date":"2019-07-23T00:00:00","date_gmt":"2019-07-22T22:00:00","guid":{"rendered":"https:\/\/www.medoucine.com\/blog\/medecines-douces-allaitement\/"},"modified":"2026-04-08T19:00:48","modified_gmt":"2026-04-08T17:00:48","slug":"medecines-douces-allaitement","status":"publish","type":"post","link":"https:\/\/www.medoucine.com\/blog\/medecines-douces-allaitement\/","title":{"rendered":"Lors de l&rsquo;allaitement aussi, les m\u00e9decines douces vous accompagnent."},"content":{"rendered":"<p>L&rsquo;allaitement est un formidable moment de complicit\u00e9 entre une m\u00e8re et son nouveau-n\u00e9. N\u00e9anmoins, la fatigue de la naissance coupl\u00e9e \u00e0 un retour \u00e0 la maison pas toujours serein et un nourrisson qui ne fait sans doute pas ses nuits peuvent soumettre la jeune maman \u00e0 une tension qui peut transformer ce moment de lien en stress suppl\u00e9mentaire.<\/p>\n<p>Pour appr\u00e9hender avec plus de s\u00e9r\u00e9nit\u00e9 cet acte, les m\u00e9decines douces disposent d&rsquo;un panel large de disciplines pour vous accompagner durant cette p\u00e9riode.<\/p>\n<p>L&rsquo;allaitement pr\u00e9sente de nombreux avantages pour le b\u00e9b\u00e9 comme pour sa m\u00e8re, tant au niveau de la sant\u00e9 qu&rsquo;au niveau psychologique : il prot\u00e8ge l&rsquo;enfant des infections gastro-intestinales et favorise son d\u00e9veloppement cognitif et sa s\u00e9curit\u00e9 affective. Les autorit\u00e9s du monde de la sant\u00e9 recommandent d&rsquo;ailleurs une dur\u00e9e d&rsquo;allaitement de 4 mois, tout en pr\u00e9cisant bien que cette recommandation ne doit en rien participer \u00e0 la culpabilisation des femmes qui font le choix de ne pas allaiter, reconnaissant que de nombreux facteurs peuvent influer sur cette d\u00e9cision.<\/p>\n<blockquote><p>L&rsquo;allaitement demeure un choix, et aucune recommandation des organismes de sant\u00e9 ne dois vous culpabiliser et vous forcer \u00e0 cette d\u00e9marche.**<br \/>\n**<\/p><\/blockquote>\n<p>La s\u00e9r\u00e9nit\u00e9 et la d\u00e9tente sont un facteur \u00e0 prendre en compte : allaiter ne dois pas devenir une corv\u00e9e synonyme de douleurs ! Pour ce faire, essayez de vous installer dans un lieu propice \u00e0 la d\u00e9tente, o\u00f9 le cas \u00e9ch\u00e9ant, dans une position confortable afin d&rsquo;\u00e9viter les douleurs dorsales.<\/p>\n<h2 id=\"ctsophrologie\">C\u00f4t\u00e9 Sophrologie<\/h2>\n<p>Pour d\u00e9samorcer la fatigue et les retards de sommeil, St\u00e9phanie Rota, sophrologue, recommande \u00e9galement aux mamans d&rsquo;apprendre quelques techniques d&rsquo;ancrage : en sophrologie, l&rsquo;ancrage permet de prendre conscience de son corps en pratiquant des exercices de respiration et de d\u00e9contraction musculaire.<\/p>\n<p>Par exemple : debout, les pieds \u00e9cart\u00e9s de la largeur du bassin, les bras le long du corps et la t\u00eate bien droite, concentrez-vous sur votre respiration. Inspirez par le nez en gonflant le ventre, et expirez par la bouche en rentrant le ventre. R\u00e9p\u00e9tez trois fois l&rsquo;op\u00e9ration avant de faire une pause qui vous permettra\u00a0\u00bbd&rsquo;\u00e9couter\u00a0\u00bbvotre corps et les b\u00e9n\u00e9fices physiques de l&rsquo;exercice. La ceinture abdominale se rel\u00e2che, les bras semblent plus lourds, plus longs m\u00eame, et les pieds s&rsquo;enracinent dans le sol. Il est \u00e9galement conseill\u00e9 de pratiquer cet exercice en parall\u00e8le de techniques de d\u00e9tente et de respiration pour optimiser vos heures de sommeil et vous endormir plus rapidement entre les t\u00e9t\u00e9es nocturnes.<\/p>\n<div class=\"m-spin\">\n<p class=\"m-spin__text\"><strong>Allaitement serein : le soutien des m\u00e9decines douces<\/strong><\/p>\n<p class=\"m-spin__text\">L&rsquo;allaitement est une exp\u00e9rience unique, parfois sem\u00e9e d&#8217;emb\u00fbches. Prenez rendez-vous avec un <a class=\"m-spin__link\" target=\"_blank\" rel=\"noopener noreferrer\" href=\"https:\/\/www.medoucine.com\/consultations\/se-soigner\/accompagnement-postnatal\/bordeaux\/tous-publics\/a-domicile-ou-cabinet?utm_source=medoucine_blog_B2C&amp;utm_medium=article_blog&amp;utm_campaign=spin_seo\">Accompagnant postnatal \u00e0 Bordeaux<\/a>, un <a class=\"m-spin__link\" target=\"_blank\" rel=\"noopener noreferrer\" href=\"https:\/\/www.medoucine.com\/consultations\/se-soigner\/accompagnement-postnatal\/lille\/tous-publics\/a-domicile-ou-cabinet?utm_source=medoucine_blog_B2C&amp;utm_medium=article_blog&amp;utm_campaign=spin_seo\">Accompagnant postnatal \u00e0 Lille<\/a> ou un <a class=\"m-spin__link\" target=\"_blank\" rel=\"noopener noreferrer\" href=\"https:\/\/www.medoucine.com\/consultations\/se-soigner\/accompagnement-postnatal\/montpellier\/tous-publics\/a-domicile-ou-cabinet?utm_source=medoucine_blog_B2C&amp;utm_medium=article_blog&amp;utm_campaign=spin_seo\">Accompagnant postnatal \u00e0 Montpellier<\/a> pour un accompagnement personnalis\u00e9 et bienveillant. Ces professionnels peuvent vous aider \u00e0 surmonter les difficult\u00e9s et \u00e0 vivre pleinement cette p\u00e9riode.<\/p>\n<p class=\"m-spin__text\">Vous recherchez un soutien proche de chez vous ? Trouvez des <a class=\"m-spin__link\" target=\"_blank\" rel=\"noopener noreferrer\" href=\"https:\/\/www.medoucine.com\/consultations\/se-soigner\/accompagnement-postnatal\/autour-de-moi?utm_source=medoucine_blog_B2C&amp;utm_medium=article_blog&amp;utm_campaign=spin_seo\">Accompagnants postnatal pr\u00e8s de chez vous<\/a> pour un allaitement plus serein et une maternit\u00e9 \u00e9panouie.<\/p>\n<\/div>\n<h2 id=\"ctalimentation\">C\u00f4t\u00e9 Alimentation<\/h2>\n<p>Logiquement, votre alimentation aura un fort impact sur votre exp\u00e9rience de l&rsquo;allaitement. Certains aliments ont en effet le pouvoir de favoriser la lactation, tandis que d&rsquo;autres la stopperont.<\/p>\n<blockquote><p>M\u00e9fiez-vous \u00e9galement de certains aliments nocif pour l&rsquo;enfant comme le caf\u00e9 ou toute boisson contenant de la caf\u00e9ine, les poissons gras dont le taux en mercure risque d&rsquo;\u00eatre \u00e9lev\u00e9, l&rsquo;alcool et bien entendu le tabac.<\/p><\/blockquote>\n<p>C\u00f4t\u00e9 fruits et l\u00e9gumes, m\u00e9fiez-vous du persil plat et de la menthe, qui sont \u00e0 consommer avec mod\u00e9ration car ils diminuent, voire stoppent la lactation.<\/p>\n<p>Par contre, pour la la favoriser, vous pouvez-manger :<\/p>\n<ul>\n<li>des amandes : riches en prot\u00e9ines , vitamines et min\u00e9raux, elles participent \u00e0 donner un regain d&rsquo;\u00e9nergie. Vous pouvez les consommer sous toutes leurs formes : lait, fruit sec, pur\u00e9e.<\/li>\n<li>du fenouil et de l&rsquo;anis : vous pouvez les consommer en tisane. Riche en vitamine C et en calcium, le fenouil est \u00e9galement reconnu pour son action apaisante.<\/li>\n<\/ul>\n<div class=\"code-block code-block-n\" style=\"margin: 8px 0;clear: both;text-align: center\">\n<a href=\"https:\/\/www.medoucine.com\/blog\/\/guides\/arreter-de-fumer-avec-lhypnose\/\" target=\"_blank\" rel=\"noopener noreferrer\"><img decoding=\"async\" src=\"https:\/\/www.medoucine.com\/blog\/\/wp-content\/uploads\/2021\/02\/B2C_GUIDE_Banniere-in-article-600x200-3.png\" alt=\"Guide gratuit\" \/><\/a>\n<\/div>\n<p>&nbsp;<br \/>\nPour vous donner quelques id\u00e9es, voici 2 techniques pour r\u00e9aliser un lait d&rsquo;amande maison.<\/p>\n<p>A utiliser dans les smoothies, les c\u00e9r\u00e9ales, les desserts<\/p>\n<p><strong>1\/ Avec des amandes \u00e9mond\u00e9es et un blender<\/strong><\/p>\n<p>Faites tremper une nuit 100 g d&rsquo;amandes \u00e9mond\u00e9es, rincez-les et d\u00e9posez-les dans le blender. Ajoutez 500 ml d&rsquo;eau. Mixez \u00e0 pleine puissance pendant 1 \u00e0 2 minutes et filtrez ensuite les r\u00e9sidus d&rsquo;amandes avec un tamis fin. Le restant des amandes est habituellement appel\u00e9 <strong>okara<\/strong> et peut \u00eatre utilis\u00e9 dans des p\u00e2tisseries sucr\u00e9es ou sal\u00e9es.<\/p>\n<p><strong>2\/ A la casserole avec de la poudre d&rsquo;amandes<\/strong><\/p>\n<p>M\u00e9langez 100 g de poudre d&rsquo;amande et 500 ml d&rsquo;eau dans une casserole, portez \u00e0 \u00e9bullition et laissez infuser \u00e0 petits bouillons pendant une dizaine de minutes. Filtrez ensuite le lait.<\/p>\n","protected":false},"excerpt":{"rendered":"<p>L&rsquo;allaitement est un formidable moment de complicit\u00e9 entre une m\u00e8re et son nouveau-n\u00e9. N\u00e9anmoins, la fatigue de la naissance coupl\u00e9e \u00e0 un retour \u00e0 la maison pas toujours serein et un nourrisson qui ne fait sans doute pas ses nuits peuvent soumettre la jeune maman \u00e0 une tension qui peut transformer ce moment de lien en stress suppl\u00e9mentaire. Pour appr\u00e9hender avec plus de s\u00e9r\u00e9nit\u00e9 cet acte, les m\u00e9decines douces disposent d&rsquo;un panel large de disciplines pour vous accompagner durant cette p\u00e9riode. L&rsquo;allaitement pr\u00e9sente de nombreux avantages pour le b\u00e9b\u00e9 comme pour sa m\u00e8re, tant au niveau de la sant\u00e9 qu&rsquo;au niveau psychologique : il prot\u00e8ge l&rsquo;enfant des infections gastro-intestinales et favorise son d\u00e9veloppement cognitif et sa s\u00e9curit\u00e9 affective. Les autorit\u00e9s du monde de la sant\u00e9 recommandent d&rsquo;ailleurs une dur\u00e9e d&rsquo;allaitement de 4 mois, tout en [&hellip;]<\/p>\n","protected":false},"author":995,"featured_media":1973,"comment_status":"open","ping_status":"open","sticky":false,"template":"","format":"standard","meta":{"_acf_changed":false,"footnotes":""},"categories":[117,119],"tags":[325,340],"class_list":["post-12406","post","type-post","status-publish","format-standard","has-post-thumbnail","hentry","category-famille","category-grossesse-et-bebe","tag-allaitement","tag-bebe"],"acf":[],"yoast_head":"<!-- This site is optimized with the Yoast SEO plugin v27.1.1 - https:\/\/yoast.com\/product\/yoast-seo-wordpress\/ -->\n<title>Allaitement : les m\u00e9decines douces vous accompagnent - Medoucine<\/title>\n<meta name=\"description\" content=\"L&#039;allaitement est un formidable moment de complicit\u00e9 entre une m\u00e8re et son nouveau-n\u00e9. Les m\u00e9decines douces peuvent vous accompagner durant cette p\u00e9riode.\" \/>\n<meta name=\"robots\" content=\"index, follow, max-snippet:-1, max-image-preview:large, max-video-preview:-1\" \/>\n<link rel=\"canonical\" href=\"https:\/\/www.medoucine.com\/blog\/medecines-douces-allaitement\/\" \/>\n<meta property=\"og:locale\" content=\"fr_FR\" \/>\n<meta property=\"og:type\" content=\"article\" \/>\n<meta property=\"og:title\" content=\"Allaitement : les m\u00e9decines douces vous accompagnent - Medoucine\" \/>\n<meta property=\"og:description\" content=\"L&#039;allaitement est un formidable moment de complicit\u00e9 entre une m\u00e8re et son nouveau-n\u00e9. Les m\u00e9decines douces peuvent vous accompagner durant cette p\u00e9riode.\" \/>\n<meta property=\"og:url\" content=\"https:\/\/www.medoucine.com\/blog\/medecines-douces-allaitement\/\" \/>\n<meta property=\"og:site_name\" content=\"Blog de Medoucine\" \/>\n<meta property=\"article:publisher\" content=\"https:\/\/www.facebook.com\/medoucine\/\" \/>\n<meta property=\"article:published_time\" content=\"2019-07-22T22:00:00+00:00\" \/>\n<meta property=\"article:modified_time\" content=\"2026-04-08T17:00:48+00:00\" \/>\n<meta property=\"og:image\" content=\"https:\/\/www.medoucine.com\/blog\/wp-content\/uploads\/2019\/07\/Lors-de-lallaitement-aussi-les-m\u00e9decines-douces-vous-accompagnent_tgzpx6.jpg\" \/>\n\t<meta property=\"og:image:width\" content=\"1365\" \/>\n\t<meta property=\"og:image:height\" content=\"1024\" \/>\n\t<meta property=\"og:image:type\" content=\"image\/jpeg\" \/>\n<meta name=\"author\" content=\"Camille De M\u00e9doucine\" \/>\n<meta name=\"twitter:card\" content=\"summary_large_image\" \/>\n<meta name=\"twitter:creator\" content=\"@medoucinefr\" \/>\n<meta name=\"twitter:site\" content=\"@medoucinefr\" \/>\n<meta name=\"twitter:label1\" content=\"\u00c9crit par\" \/>\n\t<meta name=\"twitter:data1\" content=\"Camille De M\u00e9doucine\" \/>\n\t<meta name=\"twitter:label2\" content=\"Dur\u00e9e de lecture estim\u00e9e\" \/>\n\t<meta name=\"twitter:data2\" content=\"4 minutes\" \/>\n<script type=\"application\/ld+json\" class=\"yoast-schema-graph\">{\"@context\":\"https:\/\/schema.org\",\"@graph\":[{\"@type\":\"Article\",\"@id\":\"https:\/\/www.medoucine.com\/blog\/medecines-douces-allaitement\/#article\",\"isPartOf\":{\"@id\":\"https:\/\/www.medoucine.com\/blog\/medecines-douces-allaitement\/\"},\"author\":{\"name\":\"Camille De M\u00e9doucine\",\"@id\":\"https:\/\/www.medoucine.com\/blog\/#\/schema\/person\/33963211205d80beccb805396c175b47\"},\"headline\":\"Lors de l&rsquo;allaitement aussi, les m\u00e9decines douces vous accompagnent.\",\"datePublished\":\"2019-07-22T22:00:00+00:00\",\"dateModified\":\"2026-04-08T17:00:48+00:00\",\"mainEntityOfPage\":{\"@id\":\"https:\/\/www.medoucine.com\/blog\/medecines-douces-allaitement\/\"},\"wordCount\":842,\"commentCount\":0,\"publisher\":{\"@id\":\"https:\/\/www.medoucine.com\/blog\/#organization\"},\"image\":{\"@id\":\"https:\/\/www.medoucine.com\/blog\/medecines-douces-allaitement\/#primaryimage\"},\"thumbnailUrl\":\"https:\/\/www.medoucine.com\/blog\/wp-content\/uploads\/2019\/07\/Lors-de-lallaitement-aussi-les-m\u00e9decines-douces-vous-accompagnent_tgzpx6.jpg\",\"keywords\":[\"allaitement\",\"b\u00e9b\u00e9\"],\"articleSection\":[\"Famille\",\"Grossesse &amp; b\u00e9b\u00e9\"],\"inLanguage\":\"fr-FR\",\"potentialAction\":[{\"@type\":\"CommentAction\",\"name\":\"Comment\",\"target\":[\"https:\/\/www.medoucine.com\/blog\/medecines-douces-allaitement\/#respond\"]}]},{\"@type\":\"WebPage\",\"@id\":\"https:\/\/www.medoucine.com\/blog\/medecines-douces-allaitement\/\",\"url\":\"https:\/\/www.medoucine.com\/blog\/medecines-douces-allaitement\/\",\"name\":\"Allaitement : les m\u00e9decines douces vous accompagnent - Medoucine\",\"isPartOf\":{\"@id\":\"https:\/\/www.medoucine.com\/blog\/#website\"},\"primaryImageOfPage\":{\"@id\":\"https:\/\/www.medoucine.com\/blog\/medecines-douces-allaitement\/#primaryimage\"},\"image\":{\"@id\":\"https:\/\/www.medoucine.com\/blog\/medecines-douces-allaitement\/#primaryimage\"},\"thumbnailUrl\":\"https:\/\/www.medoucine.com\/blog\/wp-content\/uploads\/2019\/07\/Lors-de-lallaitement-aussi-les-m\u00e9decines-douces-vous-accompagnent_tgzpx6.jpg\",\"datePublished\":\"2019-07-22T22:00:00+00:00\",\"dateModified\":\"2026-04-08T17:00:48+00:00\",\"description\":\"L'allaitement est un formidable moment de complicit\u00e9 entre une m\u00e8re et son nouveau-n\u00e9. Les m\u00e9decines douces peuvent vous accompagner durant cette p\u00e9riode.\",\"breadcrumb\":{\"@id\":\"https:\/\/www.medoucine.com\/blog\/medecines-douces-allaitement\/#breadcrumb\"},\"inLanguage\":\"fr-FR\",\"potentialAction\":[{\"@type\":\"ReadAction\",\"target\":[\"https:\/\/www.medoucine.com\/blog\/medecines-douces-allaitement\/\"]}]},{\"@type\":\"ImageObject\",\"inLanguage\":\"fr-FR\",\"@id\":\"https:\/\/www.medoucine.com\/blog\/medecines-douces-allaitement\/#primaryimage\",\"url\":\"https:\/\/www.medoucine.com\/blog\/wp-content\/uploads\/2019\/07\/Lors-de-lallaitement-aussi-les-m\u00e9decines-douces-vous-accompagnent_tgzpx6.jpg\",\"contentUrl\":\"https:\/\/www.medoucine.com\/blog\/wp-content\/uploads\/2019\/07\/Lors-de-lallaitement-aussi-les-m\u00e9decines-douces-vous-accompagnent_tgzpx6.jpg\",\"width\":1365,\"height\":1024,\"caption\":\"les m\u00e9decines douces vous accompagnent.\"},{\"@type\":\"BreadcrumbList\",\"@id\":\"https:\/\/www.medoucine.com\/blog\/medecines-douces-allaitement\/#breadcrumb\",\"itemListElement\":[{\"@type\":\"ListItem\",\"position\":1,\"name\":\"Blog Medoucine\",\"item\":\"https:\/\/www.medoucine.com\/blog\/\"},{\"@type\":\"ListItem\",\"position\":2,\"name\":\"Famille\",\"item\":\"https:\/\/www.medoucine.com\/blog\/cat\/famille\/\"},{\"@type\":\"ListItem\",\"position\":3,\"name\":\"Grossesse &amp; b\u00e9b\u00e9\",\"item\":\"https:\/\/www.medoucine.com\/blog\/cat\/famille\/grossesse-et-bebe\/\"},{\"@type\":\"ListItem\",\"position\":4,\"name\":\"Lors de l&rsquo;allaitement aussi, les m\u00e9decines douces vous accompagnent.\"}]},{\"@type\":\"WebSite\",\"@id\":\"https:\/\/www.medoucine.com\/blog\/#website\",\"url\":\"https:\/\/www.medoucine.com\/blog\/\",\"name\":\"Blog de Medoucine\",\"description\":\"Le blog des m\u00e9decines douces\",\"publisher\":{\"@id\":\"https:\/\/www.medoucine.com\/blog\/#organization\"},\"potentialAction\":[{\"@type\":\"SearchAction\",\"target\":{\"@type\":\"EntryPoint\",\"urlTemplate\":\"https:\/\/www.medoucine.com\/blog\/?s={search_term_string}\"},\"query-input\":{\"@type\":\"PropertyValueSpecification\",\"valueRequired\":true,\"valueName\":\"search_term_string\"}}],\"inLanguage\":\"fr-FR\"},{\"@type\":\"Organization\",\"@id\":\"https:\/\/www.medoucine.com\/blog\/#organization\",\"name\":\"Medoucine\",\"url\":\"https:\/\/www.medoucine.com\/blog\/\",\"logo\":{\"@type\":\"ImageObject\",\"inLanguage\":\"fr-FR\",\"@id\":\"https:\/\/www.medoucine.com\/blog\/#\/schema\/logo\/image\/\",\"url\":\"https:\/\/www.medoucine.com\/blog\/wp-content\/uploads\/2019\/07\/logo@3x.png\",\"contentUrl\":\"https:\/\/www.medoucine.com\/blog\/wp-content\/uploads\/2019\/07\/logo@3x.png\",\"width\":555,\"height\":135,\"caption\":\"Medoucine\"},\"image\":{\"@id\":\"https:\/\/www.medoucine.com\/blog\/#\/schema\/logo\/image\/\"},\"sameAs\":[\"https:\/\/www.facebook.com\/medoucine\/\",\"https:\/\/x.com\/medoucinefr\",\"https:\/\/www.instagram.com\/medoucine\/\",\"https:\/\/www.youtube.com\/channel\/UCtZeUeJ_KebYK0KJAXjJV8g\"]},{\"@type\":\"Person\",\"@id\":\"https:\/\/www.medoucine.com\/blog\/#\/schema\/person\/33963211205d80beccb805396c175b47\",\"name\":\"Camille De M\u00e9doucine\",\"image\":{\"@type\":\"ImageObject\",\"inLanguage\":\"fr-FR\",\"@id\":\"https:\/\/www.medoucine.com\/blog\/#\/schema\/person\/image\/\",\"url\":\"https:\/\/secure.gravatar.com\/avatar\/c2299bbd846dad9bdc700ac2bc1f7d7f7698bebee70f9ac01014ce232478ddab?s=96&d=mm&r=g\",\"contentUrl\":\"https:\/\/secure.gravatar.com\/avatar\/c2299bbd846dad9bdc700ac2bc1f7d7f7698bebee70f9ac01014ce232478ddab?s=96&d=mm&r=g\",\"caption\":\"Camille De M\u00e9doucine\"},\"description\":\"Je suis Camille, coordinatrice de la communaut\u00e9 M\u00e9doucine. Mon r\u00f4le ? Faire le lien entre les praticiens de notre r\u00e9seau et vous, lecteurs en qu\u00eate de bien-\u00eatre. J'accompagne au quotidien les th\u00e9rapeutes dans leur d\u00e9veloppement digital et les aide \u00e0 se faire conna\u00eetre localement. \u00c0 travers mes articles, je partage des conseils pratiques, des t\u00e9moignages inspirants et des \u00e9clairages sur les pratiques compl\u00e9mentaires. Mon objectif : rendre l'univers du bien-\u00eatre accessible, transparent et humain. J'aime explorer la diversit\u00e9 des approches et mettre en lumi\u00e8re ce qui rend chaque praticien unique. Passionn\u00e9e par la cr\u00e9ation de contenu et l'animation de communaut\u00e9, je m'engage chaque jour \u00e0 valoriser l'expertise de ceux qui prennent soin de vous.\",\"sameAs\":[\"https:\/\/www.linkedin.com\/in\/camille-de-m%C3%A9doucine-055173176\/\"],\"url\":\"https:\/\/www.medoucine.com\/blog\/author\/camille_medoucine\/\"}]}<\/script>\n<!-- \/ Yoast SEO plugin. -->","yoast_head_json":{"title":"Allaitement : les m\u00e9decines douces vous accompagnent - Medoucine","description":"L'allaitement est un formidable moment de complicit\u00e9 entre une m\u00e8re et son nouveau-n\u00e9. Les m\u00e9decines douces peuvent vous accompagner durant cette p\u00e9riode.","robots":{"index":"index","follow":"follow","max-snippet":"max-snippet:-1","max-image-preview":"max-image-preview:large","max-video-preview":"max-video-preview:-1"},"canonical":"https:\/\/www.medoucine.com\/blog\/medecines-douces-allaitement\/","og_locale":"fr_FR","og_type":"article","og_title":"Allaitement : les m\u00e9decines douces vous accompagnent - Medoucine","og_description":"L'allaitement est un formidable moment de complicit\u00e9 entre une m\u00e8re et son nouveau-n\u00e9. Les m\u00e9decines douces peuvent vous accompagner durant cette p\u00e9riode.","og_url":"https:\/\/www.medoucine.com\/blog\/medecines-douces-allaitement\/","og_site_name":"Blog de Medoucine","article_publisher":"https:\/\/www.facebook.com\/medoucine\/","article_published_time":"2019-07-22T22:00:00+00:00","article_modified_time":"2026-04-08T17:00:48+00:00","og_image":[{"width":1365,"height":1024,"url":"https:\/\/www.medoucine.com\/blog\/wp-content\/uploads\/2019\/07\/Lors-de-lallaitement-aussi-les-m\u00e9decines-douces-vous-accompagnent_tgzpx6.jpg","type":"image\/jpeg"}],"author":"Camille De M\u00e9doucine","twitter_card":"summary_large_image","twitter_creator":"@medoucinefr","twitter_site":"@medoucinefr","twitter_misc":{"\u00c9crit par":"Camille De M\u00e9doucine","Dur\u00e9e de lecture estim\u00e9e":"4 minutes"},"schema":{"@context":"https:\/\/schema.org","@graph":[{"@type":"Article","@id":"https:\/\/www.medoucine.com\/blog\/medecines-douces-allaitement\/#article","isPartOf":{"@id":"https:\/\/www.medoucine.com\/blog\/medecines-douces-allaitement\/"},"author":{"name":"Camille De M\u00e9doucine","@id":"https:\/\/www.medoucine.com\/blog\/#\/schema\/person\/33963211205d80beccb805396c175b47"},"headline":"Lors de l&rsquo;allaitement aussi, les m\u00e9decines douces vous accompagnent.","datePublished":"2019-07-22T22:00:00+00:00","dateModified":"2026-04-08T17:00:48+00:00","mainEntityOfPage":{"@id":"https:\/\/www.medoucine.com\/blog\/medecines-douces-allaitement\/"},"wordCount":842,"commentCount":0,"publisher":{"@id":"https:\/\/www.medoucine.com\/blog\/#organization"},"image":{"@id":"https:\/\/www.medoucine.com\/blog\/medecines-douces-allaitement\/#primaryimage"},"thumbnailUrl":"https:\/\/www.medoucine.com\/blog\/wp-content\/uploads\/2019\/07\/Lors-de-lallaitement-aussi-les-m\u00e9decines-douces-vous-accompagnent_tgzpx6.jpg","keywords":["allaitement","b\u00e9b\u00e9"],"articleSection":["Famille","Grossesse &amp; b\u00e9b\u00e9"],"inLanguage":"fr-FR","potentialAction":[{"@type":"CommentAction","name":"Comment","target":["https:\/\/www.medoucine.com\/blog\/medecines-douces-allaitement\/#respond"]}]},{"@type":"WebPage","@id":"https:\/\/www.medoucine.com\/blog\/medecines-douces-allaitement\/","url":"https:\/\/www.medoucine.com\/blog\/medecines-douces-allaitement\/","name":"Allaitement : les m\u00e9decines douces vous accompagnent - Medoucine","isPartOf":{"@id":"https:\/\/www.medoucine.com\/blog\/#website"},"primaryImageOfPage":{"@id":"https:\/\/www.medoucine.com\/blog\/medecines-douces-allaitement\/#primaryimage"},"image":{"@id":"https:\/\/www.medoucine.com\/blog\/medecines-douces-allaitement\/#primaryimage"},"thumbnailUrl":"https:\/\/www.medoucine.com\/blog\/wp-content\/uploads\/2019\/07\/Lors-de-lallaitement-aussi-les-m\u00e9decines-douces-vous-accompagnent_tgzpx6.jpg","datePublished":"2019-07-22T22:00:00+00:00","dateModified":"2026-04-08T17:00:48+00:00","description":"L'allaitement est un formidable moment de complicit\u00e9 entre une m\u00e8re et son nouveau-n\u00e9. Les m\u00e9decines douces peuvent vous accompagner durant cette p\u00e9riode.","breadcrumb":{"@id":"https:\/\/www.medoucine.com\/blog\/medecines-douces-allaitement\/#breadcrumb"},"inLanguage":"fr-FR","potentialAction":[{"@type":"ReadAction","target":["https:\/\/www.medoucine.com\/blog\/medecines-douces-allaitement\/"]}]},{"@type":"ImageObject","inLanguage":"fr-FR","@id":"https:\/\/www.medoucine.com\/blog\/medecines-douces-allaitement\/#primaryimage","url":"https:\/\/www.medoucine.com\/blog\/wp-content\/uploads\/2019\/07\/Lors-de-lallaitement-aussi-les-m\u00e9decines-douces-vous-accompagnent_tgzpx6.jpg","contentUrl":"https:\/\/www.medoucine.com\/blog\/wp-content\/uploads\/2019\/07\/Lors-de-lallaitement-aussi-les-m\u00e9decines-douces-vous-accompagnent_tgzpx6.jpg","width":1365,"height":1024,"caption":"les m\u00e9decines douces vous accompagnent."},{"@type":"BreadcrumbList","@id":"https:\/\/www.medoucine.com\/blog\/medecines-douces-allaitement\/#breadcrumb","itemListElement":[{"@type":"ListItem","position":1,"name":"Blog Medoucine","item":"https:\/\/www.medoucine.com\/blog\/"},{"@type":"ListItem","position":2,"name":"Famille","item":"https:\/\/www.medoucine.com\/blog\/cat\/famille\/"},{"@type":"ListItem","position":3,"name":"Grossesse &amp; b\u00e9b\u00e9","item":"https:\/\/www.medoucine.com\/blog\/cat\/famille\/grossesse-et-bebe\/"},{"@type":"ListItem","position":4,"name":"Lors de l&rsquo;allaitement aussi, les m\u00e9decines douces vous accompagnent."}]},{"@type":"WebSite","@id":"https:\/\/www.medoucine.com\/blog\/#website","url":"https:\/\/www.medoucine.com\/blog\/","name":"Blog de Medoucine","description":"Le blog des m\u00e9decines douces","publisher":{"@id":"https:\/\/www.medoucine.com\/blog\/#organization"},"potentialAction":[{"@type":"SearchAction","target":{"@type":"EntryPoint","urlTemplate":"https:\/\/www.medoucine.com\/blog\/?s={search_term_string}"},"query-input":{"@type":"PropertyValueSpecification","valueRequired":true,"valueName":"search_term_string"}}],"inLanguage":"fr-FR"},{"@type":"Organization","@id":"https:\/\/www.medoucine.com\/blog\/#organization","name":"Medoucine","url":"https:\/\/www.medoucine.com\/blog\/","logo":{"@type":"ImageObject","inLanguage":"fr-FR","@id":"https:\/\/www.medoucine.com\/blog\/#\/schema\/logo\/image\/","url":"https:\/\/www.medoucine.com\/blog\/wp-content\/uploads\/2019\/07\/logo@3x.png","contentUrl":"https:\/\/www.medoucine.com\/blog\/wp-content\/uploads\/2019\/07\/logo@3x.png","width":555,"height":135,"caption":"Medoucine"},"image":{"@id":"https:\/\/www.medoucine.com\/blog\/#\/schema\/logo\/image\/"},"sameAs":["https:\/\/www.facebook.com\/medoucine\/","https:\/\/x.com\/medoucinefr","https:\/\/www.instagram.com\/medoucine\/","https:\/\/www.youtube.com\/channel\/UCtZeUeJ_KebYK0KJAXjJV8g"]},{"@type":"Person","@id":"https:\/\/www.medoucine.com\/blog\/#\/schema\/person\/33963211205d80beccb805396c175b47","name":"Camille De M\u00e9doucine","image":{"@type":"ImageObject","inLanguage":"fr-FR","@id":"https:\/\/www.medoucine.com\/blog\/#\/schema\/person\/image\/","url":"https:\/\/secure.gravatar.com\/avatar\/c2299bbd846dad9bdc700ac2bc1f7d7f7698bebee70f9ac01014ce232478ddab?s=96&d=mm&r=g","contentUrl":"https:\/\/secure.gravatar.com\/avatar\/c2299bbd846dad9bdc700ac2bc1f7d7f7698bebee70f9ac01014ce232478ddab?s=96&d=mm&r=g","caption":"Camille De M\u00e9doucine"},"description":"Je suis Camille, coordinatrice de la communaut\u00e9 M\u00e9doucine. Mon r\u00f4le ? Faire le lien entre les praticiens de notre r\u00e9seau et vous, lecteurs en qu\u00eate de bien-\u00eatre. J'accompagne au quotidien les th\u00e9rapeutes dans leur d\u00e9veloppement digital et les aide \u00e0 se faire conna\u00eetre localement. \u00c0 travers mes articles, je partage des conseils pratiques, des t\u00e9moignages inspirants et des \u00e9clairages sur les pratiques compl\u00e9mentaires. Mon objectif : rendre l'univers du bien-\u00eatre accessible, transparent et humain. J'aime explorer la diversit\u00e9 des approches et mettre en lumi\u00e8re ce qui rend chaque praticien unique. Passionn\u00e9e par la cr\u00e9ation de contenu et l'animation de communaut\u00e9, je m'engage chaque jour \u00e0 valoriser l'expertise de ceux qui prennent soin de vous.","sameAs":["https:\/\/www.linkedin.com\/in\/camille-de-m%C3%A9doucine-055173176\/"],"url":"https:\/\/www.medoucine.com\/blog\/author\/camille_medoucine\/"}]}},"_links":{"self":[{"href":"https:\/\/www.medoucine.com\/blog\/wp-json\/wp\/v2\/posts\/12406","targetHints":{"allow":["GET"]}}],"collection":[{"href":"https:\/\/www.medoucine.com\/blog\/wp-json\/wp\/v2\/posts"}],"about":[{"href":"https:\/\/www.medoucine.com\/blog\/wp-json\/wp\/v2\/types\/post"}],"author":[{"embeddable":true,"href":"https:\/\/www.medoucine.com\/blog\/wp-json\/wp\/v2\/users\/995"}],"replies":[{"embeddable":true,"href":"https:\/\/www.medoucine.com\/blog\/wp-json\/wp\/v2\/comments?post=12406"}],"version-history":[{"count":6,"href":"https:\/\/www.medoucine.com\/blog\/wp-json\/wp\/v2\/posts\/12406\/revisions"}],"predecessor-version":[{"id":43062,"href":"https:\/\/www.medoucine.com\/blog\/wp-json\/wp\/v2\/posts\/12406\/revisions\/43062"}],"wp:featuredmedia":[{"embeddable":true,"href":"https:\/\/www.medoucine.com\/blog\/wp-json\/wp\/v2\/media\/1973"}],"wp:attachment":[{"href":"https:\/\/www.medoucine.com\/blog\/wp-json\/wp\/v2\/media?parent=12406"}],"wp:term":[{"taxonomy":"category","embeddable":true,"href":"https:\/\/www.medoucine.com\/blog\/wp-json\/wp\/v2\/categories?post=12406"},{"taxonomy":"post_tag","embeddable":true,"href":"https:\/\/www.medoucine.com\/blog\/wp-json\/wp\/v2\/tags?post=12406"}],"curies":[{"name":"wp","href":"https:\/\/api.w.org\/{rel}","templated":true}]}}