{"id":12398,"date":"2017-12-06T00:00:00","date_gmt":"2017-12-05T23:00:00","guid":{"rendered":"https:\/\/www.medoucine.com\/blog\/temoignage-a-teste-lhypnotherapie-anxiete\/"},"modified":"2026-04-08T19:23:43","modified_gmt":"2026-04-08T17:23:43","slug":"temoignage-a-teste-lhypnotherapie-anxiete","status":"publish","type":"post","link":"https:\/\/www.medoucine.com\/blog\/temoignage-a-teste-lhypnotherapie-anxiete\/","title":{"rendered":"T\u00e9moignage : Elle a test\u00e9 l&rsquo;Hypnoth\u00e9rapie pour son anxi\u00e9t\u00e9"},"content":{"rendered":"<p>Mich\u00e8le, 58 ans ne pensait pas soigner son anxi\u00e9t\u00e9 et ses probl\u00e8mes de sommeil avec l&rsquo;Hypnose. Elle a consult\u00e9 avec Belen Canovas, une hypnoth\u00e9rapeute du r\u00e9seau <a href=\"https:\/\/www.medoucine.com\/consultation\/paris\/belen-canovas-hypnose\/2\">M\u00e9doucine<\/a> et nous donne son avis !<\/p>\n<h2 id=\"1jeconnaissaislhypnosemaisjenaijamaisos\">1. Je connaissais l&rsquo;hypnose mais je n&rsquo;ai jamais os\u00e9<\/h2>\n<p>Il y a plusieurs ann\u00e9es (adolescence), un ami m&rsquo;a parl\u00e9 de l&rsquo;hypnose et ses vertus, mais je n&rsquo;avais encore jamais os\u00e9 consulter. Depuis, j&rsquo;ai eu recours \u00e0 de nombreuses psychoth\u00e9rapies, mais aucune n&rsquo;a r\u00e9pondu \u00e0 mes besoins. Je ne remets pas en cause leur efficacit\u00e9. Au contraire, je sentais qu&rsquo;il me manquait un accompagnement afin qu&rsquo;elles aient un impact sur ma vie. En effet, la psychoth\u00e9rapie m&rsquo;a permis de mettre des mots sur mes probl\u00e9matiques. Mais parfois il ne suffit pas de savoir pour obtenir des r\u00e9sultats. Il me manquait ce petit \u00ab\u00a0plus\u00a0\u00bb pour travailler sur ce que les th\u00e9rapies ont mis en exergue.<\/p>\n<blockquote><p>La th\u00e9rapie permet de savoir ce qu&rsquo;il ne va pas, mais parfois il faut un coup de pouce externe pour que les choses <strong>commencent vraiment \u00e0 changer <\/strong><\/p><\/blockquote>\n<div class=\"m-spin\">\n<p class=\"m-spin__text\"><strong>L&rsquo;hypnoth\u00e9rapie, une solution douce pour apaiser votre anxi\u00e9t\u00e9<\/strong><\/p>\n<p class=\"m-spin__text\">L&rsquo;hypnoth\u00e9rapie, comme le montre ce t\u00e9moignage, peut \u00eatre une approche efficace pour g\u00e9rer l&rsquo;anxi\u00e9t\u00e9 et retrouver un bien-\u00eatre profond. Prenez rendez-vous avec un <a class=\"m-spin__link\" target=\"_blank\" rel=\"noopener noreferrer\" href=\"https:\/\/www.medoucine.com\/consultations\/se-soigner\/hypnose\/marseille\/tous-publics\/a-domicile-ou-cabinet?utm_source=medoucine_blog_B2C&amp;utm_medium=article_blog&amp;utm_campaign=spin_seo\">Hypnoth\u00e9rapeute \u00e0 Marseille<\/a>, un <a class=\"m-spin__link\" target=\"_blank\" rel=\"noopener noreferrer\" href=\"https:\/\/www.medoucine.com\/consultations\/se-soigner\/hypnose\/strasbourg\/tous-publics\/a-domicile-ou-cabinet?utm_source=medoucine_blog_B2C&amp;utm_medium=article_blog&amp;utm_campaign=spin_seo\">Hypnoth\u00e9rapeute \u00e0 Strasbourg<\/a> ou un <a class=\"m-spin__link\" target=\"_blank\" rel=\"noopener noreferrer\" href=\"https:\/\/www.medoucine.com\/consultations\/se-soigner\/hypnose\/toulouse\/tous-publics\/a-domicile-ou-cabinet?utm_source=medoucine_blog_B2C&amp;utm_medium=article_blog&amp;utm_campaign=spin_seo\">Hypnoth\u00e9rapeute \u00e0 Toulouse<\/a> pour explorer cette m\u00e9thode personnalis\u00e9e.<\/p>\n<p class=\"m-spin__text\">Vous souhaitez vous lancer \u00e0 votre tour ? Trouvez des <a class=\"m-spin__link\" target=\"_blank\" rel=\"noopener noreferrer\" href=\"https:\/\/www.medoucine.com\/consultations\/se-soigner\/hypnose\/autour-de-moi?utm_source=medoucine_blog_B2C&amp;utm_medium=article_blog&amp;utm_campaign=spin_seo\">Hypnoth\u00e9rapeutes pr\u00e8s de chez vous<\/a> pour vous accompagner vers une vie plus sereine.<\/p>\n<\/div>\n<h2 id=\"2jaitconvaincueparlediscoursdemonhypnothrapeute\">2. J&rsquo;ai \u00e9t\u00e9 convaincue par le discours de mon hypnoth\u00e9rapeute<\/h2>\n<p>J&rsquo;ai trouv\u00e9 mon th\u00e9rapeute en tapant \u00ab\u00a0hypnoth\u00e9rapeute paris\u00a0\u00bb sur un moteur de recherche. Apr\u00e8s des recherches sur M\u00e9doucine et avoir consult\u00e9 les fiches de plusieurs th\u00e9rapeutes, j&rsquo;ai d\u00e9cid\u00e9 de consulter Belen. J&rsquo;ai \u00e9t\u00e9 convaincue par son discours (voir les <a href=\"https:\/\/www.youtube.com\/watch?v=B5YVeaISjDI\">vid\u00e9os<\/a>) et son approche de l&rsquo;hypnoth\u00e9rapie. En plus, j&rsquo;ai \u00e9t\u00e9 mise en confiance par l&rsquo;environnement qui est montr\u00e9 dans ses vid\u00e9os de pr\u00e9sentation : un cabinet clair et lumineux, avec une th\u00e9rapeute investie. Sa fiche, sa fa\u00e7on de parler, l&rsquo;environnement des vid\u00e9os lumineux et le contenu de son discours !<\/p>\n<h2 id=\"3avantlasancedhypnosejavaispeur\">3. Avant la s\u00e9ance d&rsquo;hypnose, j&rsquo;avais peur<\/h2>\n<p>J&rsquo;\u00e9tais l\u00e9g\u00e8rement anxieuse avant la s\u00e9ance, pas vraiment par crainte de l&rsquo;hypnose. J&rsquo;\u00e9tais excit\u00e9e de me lancer enfin apr\u00e8s avoir attendu si longtemps pour le faire. J&rsquo;ai \u00e9t\u00e9 surprise par \u00ab\u00a0l&rsquo;\u00e9tat d&rsquo;hypnose\u00a0\u00bb. Je ne pensais pas rester consciente lors de la s\u00e9ance. Et cela m&rsquo;a d\u00e9stabilis\u00e9e. Mais une fois la surprise pass\u00e9e, j&rsquo;ai trouv\u00e9 l&rsquo;exp\u00e9rience int\u00e9ressante. Et surtout agr\u00e9able.<\/p>\n<blockquote><p><strong><em>J&rsquo;ai pu ressentir un v\u00e9ritable apaisement et profiter d&rsquo;un moment pour moi<\/em><\/strong><\/p><\/blockquote>\n<h2 id=\"4jenepensaispaspouvoirtrehypnotise\">4. Je ne pensais pas pouvoir \u00eatre hypnotis\u00e9e<\/h2>\n<p>J&rsquo;ai \u00e9t\u00e9 d&rsquo;autant plus surprise que je n&rsquo;ai pas eu de difficult\u00e9s \u00e0 me mettre en \u00e9tat d&rsquo;hypnose, preuve que je suis sans doute r\u00e9ceptive \u00e0 la discipline. Ces s\u00e9ances sont pour moi un vrai moment de l\u00e2cher prise, d&rsquo;abandon. Je suis \u00e0 l&rsquo;\u00e9coute de ma conscience, face \u00e0 moi-m\u00eame. Je ne pensais pas garder conscience. J&rsquo;ai \u00e9t\u00e9 surprise mais j&rsquo;ai trouv\u00e9 l&rsquo;exp\u00e9rience int\u00e9ressante et agr\u00e9able.<\/p>\n<blockquote><p>Mes probl\u00e8mes de stress et de sommeil se sont apais\u00e9s, et j&rsquo;ai presque retrouv\u00e9 un sommeil normal.<\/p><\/blockquote>\n<h2 id=\"5lhypnosemapermisdefaireduchangementdansmavie\">5. L&rsquo;hypnose m&rsquo;a permis de faire du changement dans ma vie !<\/h2>\n<p>*Depuis cette <strong>s\u00e9ance<\/strong>, je fais un suivi r\u00e9gulier, toutes les trois semaines. Mes probl\u00e8mes de stress et de sommeil se sont apais\u00e9s, et j&rsquo;ai presque retrouv\u00e9 un sommeil normal. L&rsquo;hypnose m&rsquo;a permis de trouver les ressources et de faire les <strong>changements<\/strong> n\u00e9cessaires dans ma vie. Cela me convient mieux que les psychoth\u00e9rapies \u00ab\u00a0classiques\u00a0\u00bb. Je suis beaucoup plus sereine et je vois plus clair dans ma vie.<\/p>\n<p><a href=\"https:\/\/www.medoucine.com\/consultation\/paris\/belen-canovas-hypnose\/2\">Passeport Sant\u00e9 parle du R\u00e9seau M\u00e9doucine et donne son avis.<\/a><\/p>\n<p><strong><a href=\"https:\/\/www.medoucine.com\/consultation\/paris\/belen-canovas-hypnose\/230\">R\u00e9servez votre s\u00e9ance !<\/a><\/strong><\/p>\n","protected":false},"excerpt":{"rendered":"<p>Mich\u00e8le, 58 ans ne pensait pas soigner son anxi\u00e9t\u00e9 et ses probl\u00e8mes de sommeil avec l&rsquo;Hypnose. Elle a consult\u00e9 avec Belen Canovas, une hypnoth\u00e9rapeute du r\u00e9seau M\u00e9doucine et nous donne son avis ! 1. Je connaissais l&rsquo;hypnose mais je n&rsquo;ai jamais os\u00e9 Il y a plusieurs ann\u00e9es (adolescence), un ami m&rsquo;a parl\u00e9 de l&rsquo;hypnose et ses vertus, mais je n&rsquo;avais encore jamais os\u00e9 consulter. Depuis, j&rsquo;ai eu recours \u00e0 de nombreuses psychoth\u00e9rapies, mais aucune n&rsquo;a r\u00e9pondu \u00e0 mes besoins. Je ne remets pas en cause leur efficacit\u00e9. Au contraire, je sentais qu&rsquo;il me manquait un accompagnement afin qu&rsquo;elles aient un impact sur ma vie. En effet, la psychoth\u00e9rapie m&rsquo;a permis de mettre des mots sur mes probl\u00e9matiques. Mais parfois il ne suffit pas de savoir pour obtenir des r\u00e9sultats. Il me manquait ce petit \u00ab\u00a0plus\u00a0\u00bb [&hellip;]<\/p>\n","protected":false},"author":995,"featured_media":1985,"comment_status":"open","ping_status":"open","sticky":false,"template":"","format":"standard","meta":{"_acf_changed":false,"footnotes":""},"categories":[101,102],"tags":[22],"class_list":["post-12398","post","type-post","status-publish","format-standard","has-post-thumbnail","hentry","category-psycho","category-stress-et-angoisse","tag-hypnose"],"acf":[],"yoast_head":"<!-- This site is optimized with the Yoast SEO plugin v27.1.1 - https:\/\/yoast.com\/product\/yoast-seo-wordpress\/ -->\n<title>T\u00e9moignage : Elle a test\u00e9 l&#039;Hypnoth\u00e9rapie pour son anxi\u00e9t\u00e9 - Medoucine<\/title>\n<meta name=\"description\" content=\"Mich\u00e8le, 58 ans ne pensait pas soigner son anxi\u00e9t\u00e9 et ses probl\u00e8mes de sommeil avec l&#039;Hypnose. Elle a consult\u00e9 avec Belen Canovas, une hypnoth\u00e9rapeute du r\u00e9seau et nous donne son avis !\" \/>\n<meta name=\"robots\" content=\"index, follow, max-snippet:-1, max-image-preview:large, max-video-preview:-1\" \/>\n<link rel=\"canonical\" href=\"https:\/\/www.medoucine.com\/blog\/temoignage-a-teste-lhypnotherapie-anxiete\/\" \/>\n<meta property=\"og:locale\" content=\"fr_FR\" \/>\n<meta property=\"og:type\" content=\"article\" \/>\n<meta property=\"og:title\" content=\"T\u00e9moignage : Elle a test\u00e9 l&#039;Hypnoth\u00e9rapie pour son anxi\u00e9t\u00e9 - Medoucine\" \/>\n<meta property=\"og:description\" content=\"Mich\u00e8le, 58 ans ne pensait pas soigner son anxi\u00e9t\u00e9 et ses probl\u00e8mes de sommeil avec l&#039;Hypnose. Elle a consult\u00e9 avec Belen Canovas, une hypnoth\u00e9rapeute du r\u00e9seau et nous donne son avis !\" \/>\n<meta property=\"og:url\" content=\"https:\/\/www.medoucine.com\/blog\/temoignage-a-teste-lhypnotherapie-anxiete\/\" \/>\n<meta property=\"og:site_name\" content=\"Blog de Medoucine\" \/>\n<meta property=\"article:publisher\" content=\"https:\/\/www.facebook.com\/medoucine\/\" \/>\n<meta property=\"article:published_time\" content=\"2017-12-05T23:00:00+00:00\" \/>\n<meta property=\"article:modified_time\" content=\"2026-04-08T17:23:43+00:00\" \/>\n<meta property=\"og:image\" content=\"https:\/\/www.medoucine.com\/blog\/wp-content\/uploads\/2019\/07\/T\u00e9moignage-Elle-a-test\u00e9-l_Hypnoth\u00e9rapie-pour-son-anxi\u00e9t\u00e9_ejolda.png\" \/>\n\t<meta property=\"og:image:width\" content=\"1365\" \/>\n\t<meta property=\"og:image:height\" content=\"1024\" \/>\n\t<meta property=\"og:image:type\" content=\"image\/png\" \/>\n<meta name=\"author\" content=\"Camille De M\u00e9doucine\" \/>\n<meta name=\"twitter:card\" content=\"summary_large_image\" \/>\n<meta name=\"twitter:creator\" content=\"@medoucinefr\" \/>\n<meta name=\"twitter:site\" content=\"@medoucinefr\" \/>\n<meta name=\"twitter:label1\" content=\"\u00c9crit par\" \/>\n\t<meta name=\"twitter:data1\" content=\"Camille De M\u00e9doucine\" \/>\n\t<meta name=\"twitter:label2\" content=\"Dur\u00e9e de lecture estim\u00e9e\" \/>\n\t<meta name=\"twitter:data2\" content=\"3 minutes\" \/>\n<script type=\"application\/ld+json\" class=\"yoast-schema-graph\">{\"@context\":\"https:\/\/schema.org\",\"@graph\":[{\"@type\":\"Article\",\"@id\":\"https:\/\/www.medoucine.com\/blog\/temoignage-a-teste-lhypnotherapie-anxiete\/#article\",\"isPartOf\":{\"@id\":\"https:\/\/www.medoucine.com\/blog\/temoignage-a-teste-lhypnotherapie-anxiete\/\"},\"author\":{\"name\":\"Camille De M\u00e9doucine\",\"@id\":\"https:\/\/www.medoucine.com\/blog\/#\/schema\/person\/33963211205d80beccb805396c175b47\"},\"headline\":\"T\u00e9moignage : Elle a test\u00e9 l&rsquo;Hypnoth\u00e9rapie pour son anxi\u00e9t\u00e9\",\"datePublished\":\"2017-12-05T23:00:00+00:00\",\"dateModified\":\"2026-04-08T17:23:43+00:00\",\"mainEntityOfPage\":{\"@id\":\"https:\/\/www.medoucine.com\/blog\/temoignage-a-teste-lhypnotherapie-anxiete\/\"},\"wordCount\":721,\"commentCount\":1,\"publisher\":{\"@id\":\"https:\/\/www.medoucine.com\/blog\/#organization\"},\"image\":{\"@id\":\"https:\/\/www.medoucine.com\/blog\/temoignage-a-teste-lhypnotherapie-anxiete\/#primaryimage\"},\"thumbnailUrl\":\"https:\/\/www.medoucine.com\/blog\/wp-content\/uploads\/2019\/07\/T\u00e9moignage-Elle-a-test\u00e9-l_Hypnoth\u00e9rapie-pour-son-anxi\u00e9t\u00e9_ejolda.png\",\"keywords\":[\"Hypnose\"],\"articleSection\":[\"Psycho\",\"Stress &amp; angoisse\"],\"inLanguage\":\"fr-FR\",\"potentialAction\":[{\"@type\":\"CommentAction\",\"name\":\"Comment\",\"target\":[\"https:\/\/www.medoucine.com\/blog\/temoignage-a-teste-lhypnotherapie-anxiete\/#respond\"]}]},{\"@type\":\"WebPage\",\"@id\":\"https:\/\/www.medoucine.com\/blog\/temoignage-a-teste-lhypnotherapie-anxiete\/\",\"url\":\"https:\/\/www.medoucine.com\/blog\/temoignage-a-teste-lhypnotherapie-anxiete\/\",\"name\":\"T\u00e9moignage : Elle a test\u00e9 l'Hypnoth\u00e9rapie pour son anxi\u00e9t\u00e9 - Medoucine\",\"isPartOf\":{\"@id\":\"https:\/\/www.medoucine.com\/blog\/#website\"},\"primaryImageOfPage\":{\"@id\":\"https:\/\/www.medoucine.com\/blog\/temoignage-a-teste-lhypnotherapie-anxiete\/#primaryimage\"},\"image\":{\"@id\":\"https:\/\/www.medoucine.com\/blog\/temoignage-a-teste-lhypnotherapie-anxiete\/#primaryimage\"},\"thumbnailUrl\":\"https:\/\/www.medoucine.com\/blog\/wp-content\/uploads\/2019\/07\/T\u00e9moignage-Elle-a-test\u00e9-l_Hypnoth\u00e9rapie-pour-son-anxi\u00e9t\u00e9_ejolda.png\",\"datePublished\":\"2017-12-05T23:00:00+00:00\",\"dateModified\":\"2026-04-08T17:23:43+00:00\",\"description\":\"Mich\u00e8le, 58 ans ne pensait pas soigner son anxi\u00e9t\u00e9 et ses probl\u00e8mes de sommeil avec l'Hypnose. Elle a consult\u00e9 avec Belen Canovas, une hypnoth\u00e9rapeute du r\u00e9seau et nous donne son avis !\",\"breadcrumb\":{\"@id\":\"https:\/\/www.medoucine.com\/blog\/temoignage-a-teste-lhypnotherapie-anxiete\/#breadcrumb\"},\"inLanguage\":\"fr-FR\",\"potentialAction\":[{\"@type\":\"ReadAction\",\"target\":[\"https:\/\/www.medoucine.com\/blog\/temoignage-a-teste-lhypnotherapie-anxiete\/\"]}]},{\"@type\":\"ImageObject\",\"inLanguage\":\"fr-FR\",\"@id\":\"https:\/\/www.medoucine.com\/blog\/temoignage-a-teste-lhypnotherapie-anxiete\/#primaryimage\",\"url\":\"https:\/\/www.medoucine.com\/blog\/wp-content\/uploads\/2019\/07\/T\u00e9moignage-Elle-a-test\u00e9-l_Hypnoth\u00e9rapie-pour-son-anxi\u00e9t\u00e9_ejolda.png\",\"contentUrl\":\"https:\/\/www.medoucine.com\/blog\/wp-content\/uploads\/2019\/07\/T\u00e9moignage-Elle-a-test\u00e9-l_Hypnoth\u00e9rapie-pour-son-anxi\u00e9t\u00e9_ejolda.png\",\"width\":1365,\"height\":1024},{\"@type\":\"BreadcrumbList\",\"@id\":\"https:\/\/www.medoucine.com\/blog\/temoignage-a-teste-lhypnotherapie-anxiete\/#breadcrumb\",\"itemListElement\":[{\"@type\":\"ListItem\",\"position\":1,\"name\":\"Blog Medoucine\",\"item\":\"https:\/\/www.medoucine.com\/blog\/\"},{\"@type\":\"ListItem\",\"position\":2,\"name\":\"Psycho\",\"item\":\"https:\/\/www.medoucine.com\/blog\/cat\/psycho\/\"},{\"@type\":\"ListItem\",\"position\":3,\"name\":\"Stress &amp; angoisse\",\"item\":\"https:\/\/www.medoucine.com\/blog\/cat\/psycho\/stress-et-angoisse\/\"},{\"@type\":\"ListItem\",\"position\":4,\"name\":\"T\u00e9moignage : Elle a test\u00e9 l&rsquo;Hypnoth\u00e9rapie pour son anxi\u00e9t\u00e9\"}]},{\"@type\":\"WebSite\",\"@id\":\"https:\/\/www.medoucine.com\/blog\/#website\",\"url\":\"https:\/\/www.medoucine.com\/blog\/\",\"name\":\"Blog de Medoucine\",\"description\":\"Le blog des m\u00e9decines douces\",\"publisher\":{\"@id\":\"https:\/\/www.medoucine.com\/blog\/#organization\"},\"potentialAction\":[{\"@type\":\"SearchAction\",\"target\":{\"@type\":\"EntryPoint\",\"urlTemplate\":\"https:\/\/www.medoucine.com\/blog\/?s={search_term_string}\"},\"query-input\":{\"@type\":\"PropertyValueSpecification\",\"valueRequired\":true,\"valueName\":\"search_term_string\"}}],\"inLanguage\":\"fr-FR\"},{\"@type\":\"Organization\",\"@id\":\"https:\/\/www.medoucine.com\/blog\/#organization\",\"name\":\"Medoucine\",\"url\":\"https:\/\/www.medoucine.com\/blog\/\",\"logo\":{\"@type\":\"ImageObject\",\"inLanguage\":\"fr-FR\",\"@id\":\"https:\/\/www.medoucine.com\/blog\/#\/schema\/logo\/image\/\",\"url\":\"https:\/\/www.medoucine.com\/blog\/wp-content\/uploads\/2019\/07\/logo@3x.png\",\"contentUrl\":\"https:\/\/www.medoucine.com\/blog\/wp-content\/uploads\/2019\/07\/logo@3x.png\",\"width\":555,\"height\":135,\"caption\":\"Medoucine\"},\"image\":{\"@id\":\"https:\/\/www.medoucine.com\/blog\/#\/schema\/logo\/image\/\"},\"sameAs\":[\"https:\/\/www.facebook.com\/medoucine\/\",\"https:\/\/x.com\/medoucinefr\",\"https:\/\/www.instagram.com\/medoucine\/\",\"https:\/\/www.youtube.com\/channel\/UCtZeUeJ_KebYK0KJAXjJV8g\"]},{\"@type\":\"Person\",\"@id\":\"https:\/\/www.medoucine.com\/blog\/#\/schema\/person\/33963211205d80beccb805396c175b47\",\"name\":\"Camille De M\u00e9doucine\",\"image\":{\"@type\":\"ImageObject\",\"inLanguage\":\"fr-FR\",\"@id\":\"https:\/\/www.medoucine.com\/blog\/#\/schema\/person\/image\/\",\"url\":\"https:\/\/secure.gravatar.com\/avatar\/c2299bbd846dad9bdc700ac2bc1f7d7f7698bebee70f9ac01014ce232478ddab?s=96&d=mm&r=g\",\"contentUrl\":\"https:\/\/secure.gravatar.com\/avatar\/c2299bbd846dad9bdc700ac2bc1f7d7f7698bebee70f9ac01014ce232478ddab?s=96&d=mm&r=g\",\"caption\":\"Camille De M\u00e9doucine\"},\"description\":\"Je suis Camille, coordinatrice de la communaut\u00e9 M\u00e9doucine. Mon r\u00f4le ? Faire le lien entre les praticiens de notre r\u00e9seau et vous, lecteurs en qu\u00eate de bien-\u00eatre. J'accompagne au quotidien les th\u00e9rapeutes dans leur d\u00e9veloppement digital et les aide \u00e0 se faire conna\u00eetre localement. \u00c0 travers mes articles, je partage des conseils pratiques, des t\u00e9moignages inspirants et des \u00e9clairages sur les pratiques compl\u00e9mentaires. Mon objectif : rendre l'univers du bien-\u00eatre accessible, transparent et humain. J'aime explorer la diversit\u00e9 des approches et mettre en lumi\u00e8re ce qui rend chaque praticien unique. Passionn\u00e9e par la cr\u00e9ation de contenu et l'animation de communaut\u00e9, je m'engage chaque jour \u00e0 valoriser l'expertise de ceux qui prennent soin de vous.\",\"sameAs\":[\"https:\/\/www.linkedin.com\/in\/camille-de-m%C3%A9doucine-055173176\/\"],\"url\":\"https:\/\/www.medoucine.com\/blog\/author\/camille_medoucine\/\"}]}<\/script>\n<!-- \/ Yoast SEO plugin. -->","yoast_head_json":{"title":"T\u00e9moignage : Elle a test\u00e9 l'Hypnoth\u00e9rapie pour son anxi\u00e9t\u00e9 - Medoucine","description":"Mich\u00e8le, 58 ans ne pensait pas soigner son anxi\u00e9t\u00e9 et ses probl\u00e8mes de sommeil avec l'Hypnose. Elle a consult\u00e9 avec Belen Canovas, une hypnoth\u00e9rapeute du r\u00e9seau et nous donne son avis !","robots":{"index":"index","follow":"follow","max-snippet":"max-snippet:-1","max-image-preview":"max-image-preview:large","max-video-preview":"max-video-preview:-1"},"canonical":"https:\/\/www.medoucine.com\/blog\/temoignage-a-teste-lhypnotherapie-anxiete\/","og_locale":"fr_FR","og_type":"article","og_title":"T\u00e9moignage : Elle a test\u00e9 l'Hypnoth\u00e9rapie pour son anxi\u00e9t\u00e9 - Medoucine","og_description":"Mich\u00e8le, 58 ans ne pensait pas soigner son anxi\u00e9t\u00e9 et ses probl\u00e8mes de sommeil avec l'Hypnose. Elle a consult\u00e9 avec Belen Canovas, une hypnoth\u00e9rapeute du r\u00e9seau et nous donne son avis !","og_url":"https:\/\/www.medoucine.com\/blog\/temoignage-a-teste-lhypnotherapie-anxiete\/","og_site_name":"Blog de Medoucine","article_publisher":"https:\/\/www.facebook.com\/medoucine\/","article_published_time":"2017-12-05T23:00:00+00:00","article_modified_time":"2026-04-08T17:23:43+00:00","og_image":[{"width":1365,"height":1024,"url":"https:\/\/www.medoucine.com\/blog\/wp-content\/uploads\/2019\/07\/T\u00e9moignage-Elle-a-test\u00e9-l_Hypnoth\u00e9rapie-pour-son-anxi\u00e9t\u00e9_ejolda.png","type":"image\/png"}],"author":"Camille De M\u00e9doucine","twitter_card":"summary_large_image","twitter_creator":"@medoucinefr","twitter_site":"@medoucinefr","twitter_misc":{"\u00c9crit par":"Camille De M\u00e9doucine","Dur\u00e9e de lecture estim\u00e9e":"3 minutes"},"schema":{"@context":"https:\/\/schema.org","@graph":[{"@type":"Article","@id":"https:\/\/www.medoucine.com\/blog\/temoignage-a-teste-lhypnotherapie-anxiete\/#article","isPartOf":{"@id":"https:\/\/www.medoucine.com\/blog\/temoignage-a-teste-lhypnotherapie-anxiete\/"},"author":{"name":"Camille De M\u00e9doucine","@id":"https:\/\/www.medoucine.com\/blog\/#\/schema\/person\/33963211205d80beccb805396c175b47"},"headline":"T\u00e9moignage : Elle a test\u00e9 l&rsquo;Hypnoth\u00e9rapie pour son anxi\u00e9t\u00e9","datePublished":"2017-12-05T23:00:00+00:00","dateModified":"2026-04-08T17:23:43+00:00","mainEntityOfPage":{"@id":"https:\/\/www.medoucine.com\/blog\/temoignage-a-teste-lhypnotherapie-anxiete\/"},"wordCount":721,"commentCount":1,"publisher":{"@id":"https:\/\/www.medoucine.com\/blog\/#organization"},"image":{"@id":"https:\/\/www.medoucine.com\/blog\/temoignage-a-teste-lhypnotherapie-anxiete\/#primaryimage"},"thumbnailUrl":"https:\/\/www.medoucine.com\/blog\/wp-content\/uploads\/2019\/07\/T\u00e9moignage-Elle-a-test\u00e9-l_Hypnoth\u00e9rapie-pour-son-anxi\u00e9t\u00e9_ejolda.png","keywords":["Hypnose"],"articleSection":["Psycho","Stress &amp; angoisse"],"inLanguage":"fr-FR","potentialAction":[{"@type":"CommentAction","name":"Comment","target":["https:\/\/www.medoucine.com\/blog\/temoignage-a-teste-lhypnotherapie-anxiete\/#respond"]}]},{"@type":"WebPage","@id":"https:\/\/www.medoucine.com\/blog\/temoignage-a-teste-lhypnotherapie-anxiete\/","url":"https:\/\/www.medoucine.com\/blog\/temoignage-a-teste-lhypnotherapie-anxiete\/","name":"T\u00e9moignage : Elle a test\u00e9 l'Hypnoth\u00e9rapie pour son anxi\u00e9t\u00e9 - Medoucine","isPartOf":{"@id":"https:\/\/www.medoucine.com\/blog\/#website"},"primaryImageOfPage":{"@id":"https:\/\/www.medoucine.com\/blog\/temoignage-a-teste-lhypnotherapie-anxiete\/#primaryimage"},"image":{"@id":"https:\/\/www.medoucine.com\/blog\/temoignage-a-teste-lhypnotherapie-anxiete\/#primaryimage"},"thumbnailUrl":"https:\/\/www.medoucine.com\/blog\/wp-content\/uploads\/2019\/07\/T\u00e9moignage-Elle-a-test\u00e9-l_Hypnoth\u00e9rapie-pour-son-anxi\u00e9t\u00e9_ejolda.png","datePublished":"2017-12-05T23:00:00+00:00","dateModified":"2026-04-08T17:23:43+00:00","description":"Mich\u00e8le, 58 ans ne pensait pas soigner son anxi\u00e9t\u00e9 et ses probl\u00e8mes de sommeil avec l'Hypnose. Elle a consult\u00e9 avec Belen Canovas, une hypnoth\u00e9rapeute du r\u00e9seau et nous donne son avis !","breadcrumb":{"@id":"https:\/\/www.medoucine.com\/blog\/temoignage-a-teste-lhypnotherapie-anxiete\/#breadcrumb"},"inLanguage":"fr-FR","potentialAction":[{"@type":"ReadAction","target":["https:\/\/www.medoucine.com\/blog\/temoignage-a-teste-lhypnotherapie-anxiete\/"]}]},{"@type":"ImageObject","inLanguage":"fr-FR","@id":"https:\/\/www.medoucine.com\/blog\/temoignage-a-teste-lhypnotherapie-anxiete\/#primaryimage","url":"https:\/\/www.medoucine.com\/blog\/wp-content\/uploads\/2019\/07\/T\u00e9moignage-Elle-a-test\u00e9-l_Hypnoth\u00e9rapie-pour-son-anxi\u00e9t\u00e9_ejolda.png","contentUrl":"https:\/\/www.medoucine.com\/blog\/wp-content\/uploads\/2019\/07\/T\u00e9moignage-Elle-a-test\u00e9-l_Hypnoth\u00e9rapie-pour-son-anxi\u00e9t\u00e9_ejolda.png","width":1365,"height":1024},{"@type":"BreadcrumbList","@id":"https:\/\/www.medoucine.com\/blog\/temoignage-a-teste-lhypnotherapie-anxiete\/#breadcrumb","itemListElement":[{"@type":"ListItem","position":1,"name":"Blog Medoucine","item":"https:\/\/www.medoucine.com\/blog\/"},{"@type":"ListItem","position":2,"name":"Psycho","item":"https:\/\/www.medoucine.com\/blog\/cat\/psycho\/"},{"@type":"ListItem","position":3,"name":"Stress &amp; angoisse","item":"https:\/\/www.medoucine.com\/blog\/cat\/psycho\/stress-et-angoisse\/"},{"@type":"ListItem","position":4,"name":"T\u00e9moignage : Elle a test\u00e9 l&rsquo;Hypnoth\u00e9rapie pour son anxi\u00e9t\u00e9"}]},{"@type":"WebSite","@id":"https:\/\/www.medoucine.com\/blog\/#website","url":"https:\/\/www.medoucine.com\/blog\/","name":"Blog de Medoucine","description":"Le blog des m\u00e9decines douces","publisher":{"@id":"https:\/\/www.medoucine.com\/blog\/#organization"},"potentialAction":[{"@type":"SearchAction","target":{"@type":"EntryPoint","urlTemplate":"https:\/\/www.medoucine.com\/blog\/?s={search_term_string}"},"query-input":{"@type":"PropertyValueSpecification","valueRequired":true,"valueName":"search_term_string"}}],"inLanguage":"fr-FR"},{"@type":"Organization","@id":"https:\/\/www.medoucine.com\/blog\/#organization","name":"Medoucine","url":"https:\/\/www.medoucine.com\/blog\/","logo":{"@type":"ImageObject","inLanguage":"fr-FR","@id":"https:\/\/www.medoucine.com\/blog\/#\/schema\/logo\/image\/","url":"https:\/\/www.medoucine.com\/blog\/wp-content\/uploads\/2019\/07\/logo@3x.png","contentUrl":"https:\/\/www.medoucine.com\/blog\/wp-content\/uploads\/2019\/07\/logo@3x.png","width":555,"height":135,"caption":"Medoucine"},"image":{"@id":"https:\/\/www.medoucine.com\/blog\/#\/schema\/logo\/image\/"},"sameAs":["https:\/\/www.facebook.com\/medoucine\/","https:\/\/x.com\/medoucinefr","https:\/\/www.instagram.com\/medoucine\/","https:\/\/www.youtube.com\/channel\/UCtZeUeJ_KebYK0KJAXjJV8g"]},{"@type":"Person","@id":"https:\/\/www.medoucine.com\/blog\/#\/schema\/person\/33963211205d80beccb805396c175b47","name":"Camille De M\u00e9doucine","image":{"@type":"ImageObject","inLanguage":"fr-FR","@id":"https:\/\/www.medoucine.com\/blog\/#\/schema\/person\/image\/","url":"https:\/\/secure.gravatar.com\/avatar\/c2299bbd846dad9bdc700ac2bc1f7d7f7698bebee70f9ac01014ce232478ddab?s=96&d=mm&r=g","contentUrl":"https:\/\/secure.gravatar.com\/avatar\/c2299bbd846dad9bdc700ac2bc1f7d7f7698bebee70f9ac01014ce232478ddab?s=96&d=mm&r=g","caption":"Camille De M\u00e9doucine"},"description":"Je suis Camille, coordinatrice de la communaut\u00e9 M\u00e9doucine. Mon r\u00f4le ? Faire le lien entre les praticiens de notre r\u00e9seau et vous, lecteurs en qu\u00eate de bien-\u00eatre. J'accompagne au quotidien les th\u00e9rapeutes dans leur d\u00e9veloppement digital et les aide \u00e0 se faire conna\u00eetre localement. \u00c0 travers mes articles, je partage des conseils pratiques, des t\u00e9moignages inspirants et des \u00e9clairages sur les pratiques compl\u00e9mentaires. Mon objectif : rendre l'univers du bien-\u00eatre accessible, transparent et humain. J'aime explorer la diversit\u00e9 des approches et mettre en lumi\u00e8re ce qui rend chaque praticien unique. Passionn\u00e9e par la cr\u00e9ation de contenu et l'animation de communaut\u00e9, je m'engage chaque jour \u00e0 valoriser l'expertise de ceux qui prennent soin de vous.","sameAs":["https:\/\/www.linkedin.com\/in\/camille-de-m%C3%A9doucine-055173176\/"],"url":"https:\/\/www.medoucine.com\/blog\/author\/camille_medoucine\/"}]}},"_links":{"self":[{"href":"https:\/\/www.medoucine.com\/blog\/wp-json\/wp\/v2\/posts\/12398","targetHints":{"allow":["GET"]}}],"collection":[{"href":"https:\/\/www.medoucine.com\/blog\/wp-json\/wp\/v2\/posts"}],"about":[{"href":"https:\/\/www.medoucine.com\/blog\/wp-json\/wp\/v2\/types\/post"}],"author":[{"embeddable":true,"href":"https:\/\/www.medoucine.com\/blog\/wp-json\/wp\/v2\/users\/995"}],"replies":[{"embeddable":true,"href":"https:\/\/www.medoucine.com\/blog\/wp-json\/wp\/v2\/comments?post=12398"}],"version-history":[{"count":6,"href":"https:\/\/www.medoucine.com\/blog\/wp-json\/wp\/v2\/posts\/12398\/revisions"}],"predecessor-version":[{"id":43466,"href":"https:\/\/www.medoucine.com\/blog\/wp-json\/wp\/v2\/posts\/12398\/revisions\/43466"}],"wp:featuredmedia":[{"embeddable":true,"href":"https:\/\/www.medoucine.com\/blog\/wp-json\/wp\/v2\/media\/1985"}],"wp:attachment":[{"href":"https:\/\/www.medoucine.com\/blog\/wp-json\/wp\/v2\/media?parent=12398"}],"wp:term":[{"taxonomy":"category","embeddable":true,"href":"https:\/\/www.medoucine.com\/blog\/wp-json\/wp\/v2\/categories?post=12398"},{"taxonomy":"post_tag","embeddable":true,"href":"https:\/\/www.medoucine.com\/blog\/wp-json\/wp\/v2\/tags?post=12398"}],"curies":[{"name":"wp","href":"https:\/\/api.w.org\/{rel}","templated":true}]}}