{"id":12380,"date":"2017-05-12T00:00:00","date_gmt":"2017-05-11T22:00:00","guid":{"rendered":"https:\/\/www.medoucine.com\/blog\/apprendre-a-gerer-peurs-pnl-lhypnose\/"},"modified":"2026-04-08T19:24:01","modified_gmt":"2026-04-08T17:24:01","slug":"apprendre-a-gerer-peurs-pnl-lhypnose","status":"publish","type":"post","link":"https:\/\/www.medoucine.com\/blog\/apprendre-a-gerer-peurs-pnl-lhypnose\/","title":{"rendered":"Apprendre \u00e0 g\u00e9rer ses peurs avec la PNL et l&rsquo;hypnose"},"content":{"rendered":"<p>Les peurs : qui peut affirmer ne pas en avoir ? Karima Abassi, praticienne en <a href=\"https:\/\/www.medoucine.com\/consultations\/se-soigner\/hypnose\/paris\/tous-publics\/a-domicile-ou-cabinet\">hypnose<\/a>, PNL et psychoth\u00e9rapeute, nous aide pour y faire face !<\/p>\n<h2 id=\"comprendrelapnletlhypnose\">Comprendre la PNL et l&rsquo;hypnose<\/h2>\n<p>L&rsquo;hypnose et la <a href=\"https:\/\/www.medoucine.com\/pratiques\/pnl\">Programmation Neuro-Linguistique (PNL)<\/a> sont deux outils qui vont permettre d&rsquo;acc\u00e9der \u00e0 toutes les informations qui sont en nous. Elles sont stock\u00e9es et m\u00e9moris\u00e9es, mais ne sont pas forc\u00e9ment accessibles de fa\u00e7on consciente. Ces informations stock\u00e9es sont nos exp\u00e9riences, notre v\u00e9cu, notre histoire, et aussi nos peurs. Dans cet espace de stockage qu&rsquo;est le cerveau, il y a \u00e9galement ce que l&rsquo;on appelle les ressources et capacit\u00e9s. Ces ressources permettent de nous transformer et de nous am\u00e9liorer. Cependant, nous ne sommes pas tous capables de faire appel \u00e0 ces ressources qui sont pourtant bien pr\u00e9sentes. \u00e0\u0080 travers sa pratique et en induisant un \u00e9tat modifi\u00e9 de conscience, le praticien est un guide pour vous permettre d&rsquo;acc\u00e9der \u00e0 vos ressources et \u00e0 vos capacit\u00e9s.<\/p>\n<div class=\"m-spin\">\n<p class=\"m-spin__text\"><strong>**Lib\u00e9rez-vous de vos angoisses gr\u00e2ce \u00e0 l&rsquo;hypnose.**<\/strong><\/p>\n<p class=\"m-spin__text\">La PNL et l&rsquo;hypnose sont des outils puissants pour surmonter vos peurs et retrouver un \u00e9quilibre \u00e9motionnel. Prenez rendez-vous avec un <a class=\"m-spin__link\" target=\"_blank\" rel=\"noopener noreferrer\" href=\"https:\/\/www.medoucine.com\/consultations\/se-soigner\/hypnose\/lille\/tous-publics\/a-domicile-ou-cabinet?utm_source=medoucine_blog_B2C&amp;utm_medium=article_blog&amp;utm_campaign=spin_seo\">Hypnoth\u00e9rapeute \u00e0 Lille<\/a>, un <a class=\"m-spin__link\" target=\"_blank\" rel=\"noopener noreferrer\" href=\"https:\/\/www.medoucine.com\/consultations\/se-soigner\/hypnose\/paris\/tous-publics\/a-domicile-ou-cabinet?utm_source=medoucine_blog_B2C&amp;utm_medium=article_blog&amp;utm_campaign=spin_seo\">Hypnoth\u00e9rapeute \u00e0 Paris<\/a> ou un <a class=\"m-spin__link\" target=\"_blank\" rel=\"noopener noreferrer\" href=\"https:\/\/www.medoucine.com\/consultations\/se-soigner\/hypnose\/toulouse\/tous-publics\/a-domicile-ou-cabinet?utm_source=medoucine_blog_B2C&amp;utm_medium=article_blog&amp;utm_campaign=spin_seo\">Hypnoth\u00e9rapeute \u00e0 Toulouse<\/a> pour explorer ces m\u00e9thodes douces et personnalis\u00e9es.<\/p>\n<p class=\"m-spin__text\">Vous cherchez un accompagnement personnalis\u00e9 ? Trouvez des <a class=\"m-spin__link\" target=\"_blank\" rel=\"noopener noreferrer\" href=\"https:\/\/www.medoucine.com\/consultations\/se-soigner\/hypnose\/autour-de-moi?utm_source=medoucine_blog_B2C&amp;utm_medium=article_blog&amp;utm_campaign=spin_seo\">Hypnoth\u00e9rapeutes pr\u00e8s de chez vous<\/a> qualifi\u00e9s pour vous guider vers une vie plus sereine.<\/p>\n<\/div>\n<h2 id=\"dfinirletypedepeur\">D\u00e9finir le type de peur<\/h2>\n<p>On d\u00e9nombre plusieurs types de peurs. Certaines seront li\u00e9es \u00e0 une exp\u00e9rience, un traumatisme ou un \u00e9v\u00e9nement effrayant, le tout soumis \u00e0 l&rsquo;interpr\u00e9tation que l&rsquo;on en aura fait. Aussi ancien que soit le trauma, chaque situation similaire fera ainsi appel \u00e0 cet ancrage du sentiment de peur qui est devenu instinctif. Ce stimulus qui g\u00e9n\u00e8re une r\u00e9action automatique est \u00e0 l&rsquo;origine de la peur.<\/p>\n<p>D&rsquo;autres peurs en revanche, ne sont pas directement li\u00e9es \u00e0 une exp\u00e9rience v\u00e9cue. Cela peut \u00eatre un mim\u00e9tisme acquis durant l&rsquo;enfance ou m\u00eame des peurs acquises de fa\u00e7on g\u00e9n\u00e9tiques (certaines \u00e9tudes r\u00e9centes d\u00e9montrent que l&rsquo;on peut retrouver les traces d&rsquo;un traumatisme dans les g\u00e9nomes).<\/p>\n<p>Il y a aussi les peurs qui naissent purement de notre pens\u00e9e et que l&rsquo;on se fabrique soi-m\u00eame. Une anticipation n\u00e9gative, une pens\u00e9e d&rsquo;un possible danger, enclenchera une sensation de peur.<\/p>\n<p>La pens\u00e9e est au centre du probl\u00e8me car elle cr\u00e9e une r\u00e9action de cause \u00e0 effet. Une pens\u00e9e n\u00e9gative engendrera une \u00e9motion n\u00e9gative.<\/p>\n<h2 id=\"lhypnoseetlapnlpourdsamorcerlapeur\">L&rsquo;hypnose et la PNL pour d\u00e9samorcer la peur<\/h2>\n<p>Plusieurs techniques sont possibles pour \u00e9radiquer une peur handicapante sans pour autant affecter sa capacit\u00e9 \u00e0 reconna\u00eetre le danger. En d\u00e9but de s\u00e9ance, la discussion avec le praticien permettra de d\u00e9finir l&rsquo;origine de la peur. S&rsquo;il s&rsquo;agit d&rsquo;un trauma, on proc\u00e9dera \u00e0 une d\u00e9sensibilisation en \u00e9tat de conscience modifi\u00e9 (sous hypnose) pour annuler l&rsquo;ancrage trop pr\u00e9sent de ce traumatisme. On revivra la situation pour lui donner une autre tournure afin de cr\u00e9er une nouvelle exp\u00e9rience sensorielle, pour modifier l&rsquo;\u00e9motion associ\u00e9e au souvenir de cette exp\u00e9rience. On pourra \u00e9galement la\u00a0\u00bbminimiser\u00a0\u00bbafin de s&rsquo;en dissocier, en mettant de la distance entre la personne et l&rsquo;\u00e9v\u00e9nement. Par exemple en mettant la personne en position de spectateur plut\u00f4t que d&rsquo;acteur.<\/p>\n<p>On pourra aussi faire des d\u00e9s-ancrages sur le corps en d\u00e9s-ancrant ce qui est mauvais et en ancrant un sentiment plus positif. On pourra ancrer le changement de l&rsquo;exp\u00e9rience v\u00e9cue par un point d&rsquo;ancrage kinesth\u00e9sique. La repr\u00e9sentation de l&rsquo;\u00e9v\u00e9nement sera ainsi chang\u00e9e.<\/p>\n<p>Pour les peurs qui ne sont pas issues d&rsquo;un \u00e9v\u00e9nement particulier, on travaillera plut\u00f4t dans la symbolique et la dissociation afin de cr\u00e9er de la distance par rapport \u00e0 la peur jusqu&rsquo;\u00e0 changer la repr\u00e9sentation du d\u00e9clencheur. Bien entendu, ce n&rsquo;est qu&rsquo;une partie de ce que proposent la PNL et l&rsquo;hypnose.<\/p>\n<h2 id=\"desastucessurlinstantt\">Des astuces sur l&rsquo;instant T<\/h2>\n<p>En cas de panique et de sensation de peur, on pourra agir en faisant des\u00a0\u00bbsous-modalit\u00e9s\u00a0\u00bb(terme d&rsquo;une technique associ\u00e9e \u00e0 la PNL), afin de cr\u00e9er une repr\u00e9sentation de la peur. Le fait de d\u00e9crire et de parler de cette peur permet de mettre de la distance avec elle. Pour cela, on va cibler la peur dans son corps en nommant la partie du corps o\u00f9 la sensation est ressentie, on essaiera de la d\u00e9crire (mati\u00e8re, couleur, temp\u00e9rature, taille, etc.). On changera ensuite sa repr\u00e9sentation sensorielle (changer la couleur, la r\u00e9duire, l&rsquo;enlever ). Cette mat\u00e9rialisation sensorielle et sa transformation vont permettre de revenir au corps et de quitter le tourbillon de pens\u00e9es afin d&rsquo;att\u00e9nuer puis de faire \u00e9ventuellement dispara\u00eetre la sensation de peur.<\/p>\n<p>On pourra \u00e9galement faire\u00a0\u00bbcomme si\u00a0\u00bb, c&rsquo;est-\u00e0-dire admettre que la possibilit\u00e9 effrayante existe pour admettre que l&rsquo;inverse existe aussi.\u00a0\u00bbSi j&rsquo;envisage le pire pourquoi ne pas envisager le meilleur\u00a0\u00bb, afin de cr\u00e9er un ancrage positif avec une visualisation optimale. C&rsquo;est une r\u00e9\u00e9ducation du cerveau qui se travaille au jour le jour dans toutes les situations.\u00a0\u00bbJe sais que le danger existe, mais je fais le choix de me projeter dans un d\u00e9nouement positif\u00a0\u00bb.<\/p>\n<p>Si malgr\u00e9 ces astuces votre peur reste ing\u00e9rable, c&rsquo;est \u00e0 ce moment-l\u00e0 que l&rsquo;hypnose pourra intervenir et vous aider.<\/p>\n<p><strong>Par Karima Abassi, hypno-praticienne.<\/strong><\/p>\n<p>&nbsp;<\/p>\n","protected":false},"excerpt":{"rendered":"<p>Les peurs : qui peut affirmer ne pas en avoir ? Karima Abassi, praticienne en hypnose, PNL et psychoth\u00e9rapeute, nous aide pour y faire face ! Comprendre la PNL et l&rsquo;hypnose L&rsquo;hypnose et la Programmation Neuro-Linguistique (PNL) sont deux outils qui vont permettre d&rsquo;acc\u00e9der \u00e0 toutes les informations qui sont en nous. Elles sont stock\u00e9es et m\u00e9moris\u00e9es, mais ne sont pas forc\u00e9ment accessibles de fa\u00e7on consciente. Ces informations stock\u00e9es sont nos exp\u00e9riences, notre v\u00e9cu, notre histoire, et aussi nos peurs. Dans cet espace de stockage qu&rsquo;est le cerveau, il y a \u00e9galement ce que l&rsquo;on appelle les ressources et capacit\u00e9s. Ces ressources permettent de nous transformer et de nous am\u00e9liorer. Cependant, nous ne sommes pas tous capables de faire appel \u00e0 ces ressources qui sont pourtant bien pr\u00e9sentes. \u00e0\u0080 travers sa pratique et en induisant [&hellip;]<\/p>\n","protected":false},"author":25,"featured_media":2019,"comment_status":"open","ping_status":"open","sticky":false,"template":"","format":"standard","meta":{"_acf_changed":false,"footnotes":""},"categories":[101,102],"tags":[22,355],"class_list":["post-12380","post","type-post","status-publish","format-standard","has-post-thumbnail","hentry","category-psycho","category-stress-et-angoisse","tag-hypnose","tag-pnl"],"acf":[],"yoast_head":"<!-- This site is optimized with the Yoast SEO plugin v27.1.1 - https:\/\/yoast.com\/product\/yoast-seo-wordpress\/ -->\n<title>Apprendre \u00e0 g\u00e9rer ses peurs avec la PNL et l&#039;hypnose - Medoucine<\/title>\n<meta name=\"description\" content=\"Les peurs : qui peut affirmer ne pas en avoir ? Karima Abassi, praticienne en hypnose, PNL et psychoth\u00e9rapeute, nous aide pour y faire face !\" \/>\n<meta name=\"robots\" content=\"index, follow, max-snippet:-1, max-image-preview:large, max-video-preview:-1\" \/>\n<link rel=\"canonical\" href=\"https:\/\/www.medoucine.com\/blog\/apprendre-a-gerer-peurs-pnl-lhypnose\/\" \/>\n<meta property=\"og:locale\" content=\"fr_FR\" \/>\n<meta property=\"og:type\" content=\"article\" \/>\n<meta property=\"og:title\" content=\"Apprendre \u00e0 g\u00e9rer ses peurs avec la PNL et l&#039;hypnose - Medoucine\" \/>\n<meta property=\"og:description\" content=\"Les peurs : qui peut affirmer ne pas en avoir ? Karima Abassi, praticienne en hypnose, PNL et psychoth\u00e9rapeute, nous aide pour y faire face !\" \/>\n<meta property=\"og:url\" content=\"https:\/\/www.medoucine.com\/blog\/apprendre-a-gerer-peurs-pnl-lhypnose\/\" \/>\n<meta property=\"og:site_name\" content=\"Blog de Medoucine\" \/>\n<meta property=\"article:publisher\" content=\"https:\/\/www.facebook.com\/medoucine\/\" \/>\n<meta property=\"article:published_time\" content=\"2017-05-11T22:00:00+00:00\" \/>\n<meta property=\"article:modified_time\" content=\"2026-04-08T17:24:01+00:00\" \/>\n<meta property=\"og:image\" content=\"https:\/\/www.medoucine.com\/blog\/wp-content\/uploads\/2019\/07\/Apprendre-\u00e0-g\u00e9rer-ses-peurs-avec-la-PNL-et-lhypnose_kanzr4.jpg\" \/>\n\t<meta property=\"og:image:width\" content=\"1365\" \/>\n\t<meta property=\"og:image:height\" content=\"1024\" \/>\n\t<meta property=\"og:image:type\" content=\"image\/jpeg\" \/>\n<meta name=\"author\" content=\"Karima Abassi\" \/>\n<meta name=\"twitter:card\" content=\"summary_large_image\" \/>\n<meta name=\"twitter:creator\" content=\"@medoucinefr\" \/>\n<meta name=\"twitter:site\" content=\"@medoucinefr\" \/>\n<meta name=\"twitter:label1\" content=\"\u00c9crit par\" \/>\n\t<meta name=\"twitter:data1\" content=\"Karima Abassi\" \/>\n\t<meta name=\"twitter:label2\" content=\"Dur\u00e9e de lecture estim\u00e9e\" \/>\n\t<meta name=\"twitter:data2\" content=\"5 minutes\" \/>\n<script type=\"application\/ld+json\" class=\"yoast-schema-graph\">{\"@context\":\"https:\/\/schema.org\",\"@graph\":[{\"@type\":\"Article\",\"@id\":\"https:\/\/www.medoucine.com\/blog\/apprendre-a-gerer-peurs-pnl-lhypnose\/#article\",\"isPartOf\":{\"@id\":\"https:\/\/www.medoucine.com\/blog\/apprendre-a-gerer-peurs-pnl-lhypnose\/\"},\"author\":{\"name\":\"Karima Abassi\",\"@id\":\"https:\/\/www.medoucine.com\/blog\/#\/schema\/person\/aeb371069acffbab4d2bd2e0afa592d7\"},\"headline\":\"Apprendre \u00e0 g\u00e9rer ses peurs avec la PNL et l&rsquo;hypnose\",\"datePublished\":\"2017-05-11T22:00:00+00:00\",\"dateModified\":\"2026-04-08T17:24:01+00:00\",\"mainEntityOfPage\":{\"@id\":\"https:\/\/www.medoucine.com\/blog\/apprendre-a-gerer-peurs-pnl-lhypnose\/\"},\"wordCount\":967,\"commentCount\":0,\"publisher\":{\"@id\":\"https:\/\/www.medoucine.com\/blog\/#organization\"},\"image\":{\"@id\":\"https:\/\/www.medoucine.com\/blog\/apprendre-a-gerer-peurs-pnl-lhypnose\/#primaryimage\"},\"thumbnailUrl\":\"https:\/\/www.medoucine.com\/blog\/wp-content\/uploads\/2019\/07\/Apprendre-\u00e0-g\u00e9rer-ses-peurs-avec-la-PNL-et-lhypnose_kanzr4.jpg\",\"keywords\":[\"Hypnose\",\"PNL\"],\"articleSection\":[\"Psycho\",\"Stress &amp; angoisse\"],\"inLanguage\":\"fr-FR\",\"potentialAction\":[{\"@type\":\"CommentAction\",\"name\":\"Comment\",\"target\":[\"https:\/\/www.medoucine.com\/blog\/apprendre-a-gerer-peurs-pnl-lhypnose\/#respond\"]}]},{\"@type\":\"WebPage\",\"@id\":\"https:\/\/www.medoucine.com\/blog\/apprendre-a-gerer-peurs-pnl-lhypnose\/\",\"url\":\"https:\/\/www.medoucine.com\/blog\/apprendre-a-gerer-peurs-pnl-lhypnose\/\",\"name\":\"Apprendre \u00e0 g\u00e9rer ses peurs avec la PNL et l'hypnose - Medoucine\",\"isPartOf\":{\"@id\":\"https:\/\/www.medoucine.com\/blog\/#website\"},\"primaryImageOfPage\":{\"@id\":\"https:\/\/www.medoucine.com\/blog\/apprendre-a-gerer-peurs-pnl-lhypnose\/#primaryimage\"},\"image\":{\"@id\":\"https:\/\/www.medoucine.com\/blog\/apprendre-a-gerer-peurs-pnl-lhypnose\/#primaryimage\"},\"thumbnailUrl\":\"https:\/\/www.medoucine.com\/blog\/wp-content\/uploads\/2019\/07\/Apprendre-\u00e0-g\u00e9rer-ses-peurs-avec-la-PNL-et-lhypnose_kanzr4.jpg\",\"datePublished\":\"2017-05-11T22:00:00+00:00\",\"dateModified\":\"2026-04-08T17:24:01+00:00\",\"description\":\"Les peurs : qui peut affirmer ne pas en avoir ? Karima Abassi, praticienne en hypnose, PNL et psychoth\u00e9rapeute, nous aide pour y faire face !\",\"breadcrumb\":{\"@id\":\"https:\/\/www.medoucine.com\/blog\/apprendre-a-gerer-peurs-pnl-lhypnose\/#breadcrumb\"},\"inLanguage\":\"fr-FR\",\"potentialAction\":[{\"@type\":\"ReadAction\",\"target\":[\"https:\/\/www.medoucine.com\/blog\/apprendre-a-gerer-peurs-pnl-lhypnose\/\"]}]},{\"@type\":\"ImageObject\",\"inLanguage\":\"fr-FR\",\"@id\":\"https:\/\/www.medoucine.com\/blog\/apprendre-a-gerer-peurs-pnl-lhypnose\/#primaryimage\",\"url\":\"https:\/\/www.medoucine.com\/blog\/wp-content\/uploads\/2019\/07\/Apprendre-\u00e0-g\u00e9rer-ses-peurs-avec-la-PNL-et-lhypnose_kanzr4.jpg\",\"contentUrl\":\"https:\/\/www.medoucine.com\/blog\/wp-content\/uploads\/2019\/07\/Apprendre-\u00e0-g\u00e9rer-ses-peurs-avec-la-PNL-et-lhypnose_kanzr4.jpg\",\"width\":1365,\"height\":1024},{\"@type\":\"BreadcrumbList\",\"@id\":\"https:\/\/www.medoucine.com\/blog\/apprendre-a-gerer-peurs-pnl-lhypnose\/#breadcrumb\",\"itemListElement\":[{\"@type\":\"ListItem\",\"position\":1,\"name\":\"Blog Medoucine\",\"item\":\"https:\/\/www.medoucine.com\/blog\/\"},{\"@type\":\"ListItem\",\"position\":2,\"name\":\"Psycho\",\"item\":\"https:\/\/www.medoucine.com\/blog\/cat\/psycho\/\"},{\"@type\":\"ListItem\",\"position\":3,\"name\":\"Stress &amp; angoisse\",\"item\":\"https:\/\/www.medoucine.com\/blog\/cat\/psycho\/stress-et-angoisse\/\"},{\"@type\":\"ListItem\",\"position\":4,\"name\":\"Apprendre \u00e0 g\u00e9rer ses peurs avec la PNL et l&rsquo;hypnose\"}]},{\"@type\":\"WebSite\",\"@id\":\"https:\/\/www.medoucine.com\/blog\/#website\",\"url\":\"https:\/\/www.medoucine.com\/blog\/\",\"name\":\"Blog de Medoucine\",\"description\":\"Le blog des m\u00e9decines douces\",\"publisher\":{\"@id\":\"https:\/\/www.medoucine.com\/blog\/#organization\"},\"potentialAction\":[{\"@type\":\"SearchAction\",\"target\":{\"@type\":\"EntryPoint\",\"urlTemplate\":\"https:\/\/www.medoucine.com\/blog\/?s={search_term_string}\"},\"query-input\":{\"@type\":\"PropertyValueSpecification\",\"valueRequired\":true,\"valueName\":\"search_term_string\"}}],\"inLanguage\":\"fr-FR\"},{\"@type\":\"Organization\",\"@id\":\"https:\/\/www.medoucine.com\/blog\/#organization\",\"name\":\"Medoucine\",\"url\":\"https:\/\/www.medoucine.com\/blog\/\",\"logo\":{\"@type\":\"ImageObject\",\"inLanguage\":\"fr-FR\",\"@id\":\"https:\/\/www.medoucine.com\/blog\/#\/schema\/logo\/image\/\",\"url\":\"https:\/\/www.medoucine.com\/blog\/wp-content\/uploads\/2019\/07\/logo@3x.png\",\"contentUrl\":\"https:\/\/www.medoucine.com\/blog\/wp-content\/uploads\/2019\/07\/logo@3x.png\",\"width\":555,\"height\":135,\"caption\":\"Medoucine\"},\"image\":{\"@id\":\"https:\/\/www.medoucine.com\/blog\/#\/schema\/logo\/image\/\"},\"sameAs\":[\"https:\/\/www.facebook.com\/medoucine\/\",\"https:\/\/x.com\/medoucinefr\",\"https:\/\/www.instagram.com\/medoucine\/\",\"https:\/\/www.youtube.com\/channel\/UCtZeUeJ_KebYK0KJAXjJV8g\"]},{\"@type\":\"Person\",\"@id\":\"https:\/\/www.medoucine.com\/blog\/#\/schema\/person\/aeb371069acffbab4d2bd2e0afa592d7\",\"name\":\"Karima Abassi\",\"image\":{\"@type\":\"ImageObject\",\"inLanguage\":\"fr-FR\",\"@id\":\"https:\/\/www.medoucine.com\/blog\/#\/schema\/person\/image\/\",\"url\":\"https:\/\/secure.gravatar.com\/avatar\/0172e5d64f5292ec9f924a98f4f3b5604fe28dec96efd0b149b68c24e5992e7d?s=96&d=mm&r=g\",\"contentUrl\":\"https:\/\/secure.gravatar.com\/avatar\/0172e5d64f5292ec9f924a98f4f3b5604fe28dec96efd0b149b68c24e5992e7d?s=96&d=mm&r=g\",\"caption\":\"Karima Abassi\"},\"description\":\"Praticienne en Hypnose, PNL, Th\u00e9rapies Br\u00e8ves, Access Bars\",\"sameAs\":[\"https:\/\/www.medoucine.com\/video\/hypnose\/karima-abassi\/presentation\"],\"url\":\"https:\/\/www.medoucine.com\/blog\/author\/karima-abassi\/\"}]}<\/script>\n<!-- \/ Yoast SEO plugin. -->","yoast_head_json":{"title":"Apprendre \u00e0 g\u00e9rer ses peurs avec la PNL et l'hypnose - Medoucine","description":"Les peurs : qui peut affirmer ne pas en avoir ? Karima Abassi, praticienne en hypnose, PNL et psychoth\u00e9rapeute, nous aide pour y faire face !","robots":{"index":"index","follow":"follow","max-snippet":"max-snippet:-1","max-image-preview":"max-image-preview:large","max-video-preview":"max-video-preview:-1"},"canonical":"https:\/\/www.medoucine.com\/blog\/apprendre-a-gerer-peurs-pnl-lhypnose\/","og_locale":"fr_FR","og_type":"article","og_title":"Apprendre \u00e0 g\u00e9rer ses peurs avec la PNL et l'hypnose - Medoucine","og_description":"Les peurs : qui peut affirmer ne pas en avoir ? Karima Abassi, praticienne en hypnose, PNL et psychoth\u00e9rapeute, nous aide pour y faire face !","og_url":"https:\/\/www.medoucine.com\/blog\/apprendre-a-gerer-peurs-pnl-lhypnose\/","og_site_name":"Blog de Medoucine","article_publisher":"https:\/\/www.facebook.com\/medoucine\/","article_published_time":"2017-05-11T22:00:00+00:00","article_modified_time":"2026-04-08T17:24:01+00:00","og_image":[{"width":1365,"height":1024,"url":"https:\/\/www.medoucine.com\/blog\/wp-content\/uploads\/2019\/07\/Apprendre-\u00e0-g\u00e9rer-ses-peurs-avec-la-PNL-et-lhypnose_kanzr4.jpg","type":"image\/jpeg"}],"author":"Karima Abassi","twitter_card":"summary_large_image","twitter_creator":"@medoucinefr","twitter_site":"@medoucinefr","twitter_misc":{"\u00c9crit par":"Karima Abassi","Dur\u00e9e de lecture estim\u00e9e":"5 minutes"},"schema":{"@context":"https:\/\/schema.org","@graph":[{"@type":"Article","@id":"https:\/\/www.medoucine.com\/blog\/apprendre-a-gerer-peurs-pnl-lhypnose\/#article","isPartOf":{"@id":"https:\/\/www.medoucine.com\/blog\/apprendre-a-gerer-peurs-pnl-lhypnose\/"},"author":{"name":"Karima Abassi","@id":"https:\/\/www.medoucine.com\/blog\/#\/schema\/person\/aeb371069acffbab4d2bd2e0afa592d7"},"headline":"Apprendre \u00e0 g\u00e9rer ses peurs avec la PNL et l&rsquo;hypnose","datePublished":"2017-05-11T22:00:00+00:00","dateModified":"2026-04-08T17:24:01+00:00","mainEntityOfPage":{"@id":"https:\/\/www.medoucine.com\/blog\/apprendre-a-gerer-peurs-pnl-lhypnose\/"},"wordCount":967,"commentCount":0,"publisher":{"@id":"https:\/\/www.medoucine.com\/blog\/#organization"},"image":{"@id":"https:\/\/www.medoucine.com\/blog\/apprendre-a-gerer-peurs-pnl-lhypnose\/#primaryimage"},"thumbnailUrl":"https:\/\/www.medoucine.com\/blog\/wp-content\/uploads\/2019\/07\/Apprendre-\u00e0-g\u00e9rer-ses-peurs-avec-la-PNL-et-lhypnose_kanzr4.jpg","keywords":["Hypnose","PNL"],"articleSection":["Psycho","Stress &amp; angoisse"],"inLanguage":"fr-FR","potentialAction":[{"@type":"CommentAction","name":"Comment","target":["https:\/\/www.medoucine.com\/blog\/apprendre-a-gerer-peurs-pnl-lhypnose\/#respond"]}]},{"@type":"WebPage","@id":"https:\/\/www.medoucine.com\/blog\/apprendre-a-gerer-peurs-pnl-lhypnose\/","url":"https:\/\/www.medoucine.com\/blog\/apprendre-a-gerer-peurs-pnl-lhypnose\/","name":"Apprendre \u00e0 g\u00e9rer ses peurs avec la PNL et l'hypnose - Medoucine","isPartOf":{"@id":"https:\/\/www.medoucine.com\/blog\/#website"},"primaryImageOfPage":{"@id":"https:\/\/www.medoucine.com\/blog\/apprendre-a-gerer-peurs-pnl-lhypnose\/#primaryimage"},"image":{"@id":"https:\/\/www.medoucine.com\/blog\/apprendre-a-gerer-peurs-pnl-lhypnose\/#primaryimage"},"thumbnailUrl":"https:\/\/www.medoucine.com\/blog\/wp-content\/uploads\/2019\/07\/Apprendre-\u00e0-g\u00e9rer-ses-peurs-avec-la-PNL-et-lhypnose_kanzr4.jpg","datePublished":"2017-05-11T22:00:00+00:00","dateModified":"2026-04-08T17:24:01+00:00","description":"Les peurs : qui peut affirmer ne pas en avoir ? Karima Abassi, praticienne en hypnose, PNL et psychoth\u00e9rapeute, nous aide pour y faire face !","breadcrumb":{"@id":"https:\/\/www.medoucine.com\/blog\/apprendre-a-gerer-peurs-pnl-lhypnose\/#breadcrumb"},"inLanguage":"fr-FR","potentialAction":[{"@type":"ReadAction","target":["https:\/\/www.medoucine.com\/blog\/apprendre-a-gerer-peurs-pnl-lhypnose\/"]}]},{"@type":"ImageObject","inLanguage":"fr-FR","@id":"https:\/\/www.medoucine.com\/blog\/apprendre-a-gerer-peurs-pnl-lhypnose\/#primaryimage","url":"https:\/\/www.medoucine.com\/blog\/wp-content\/uploads\/2019\/07\/Apprendre-\u00e0-g\u00e9rer-ses-peurs-avec-la-PNL-et-lhypnose_kanzr4.jpg","contentUrl":"https:\/\/www.medoucine.com\/blog\/wp-content\/uploads\/2019\/07\/Apprendre-\u00e0-g\u00e9rer-ses-peurs-avec-la-PNL-et-lhypnose_kanzr4.jpg","width":1365,"height":1024},{"@type":"BreadcrumbList","@id":"https:\/\/www.medoucine.com\/blog\/apprendre-a-gerer-peurs-pnl-lhypnose\/#breadcrumb","itemListElement":[{"@type":"ListItem","position":1,"name":"Blog Medoucine","item":"https:\/\/www.medoucine.com\/blog\/"},{"@type":"ListItem","position":2,"name":"Psycho","item":"https:\/\/www.medoucine.com\/blog\/cat\/psycho\/"},{"@type":"ListItem","position":3,"name":"Stress &amp; angoisse","item":"https:\/\/www.medoucine.com\/blog\/cat\/psycho\/stress-et-angoisse\/"},{"@type":"ListItem","position":4,"name":"Apprendre \u00e0 g\u00e9rer ses peurs avec la PNL et l&rsquo;hypnose"}]},{"@type":"WebSite","@id":"https:\/\/www.medoucine.com\/blog\/#website","url":"https:\/\/www.medoucine.com\/blog\/","name":"Blog de Medoucine","description":"Le blog des m\u00e9decines douces","publisher":{"@id":"https:\/\/www.medoucine.com\/blog\/#organization"},"potentialAction":[{"@type":"SearchAction","target":{"@type":"EntryPoint","urlTemplate":"https:\/\/www.medoucine.com\/blog\/?s={search_term_string}"},"query-input":{"@type":"PropertyValueSpecification","valueRequired":true,"valueName":"search_term_string"}}],"inLanguage":"fr-FR"},{"@type":"Organization","@id":"https:\/\/www.medoucine.com\/blog\/#organization","name":"Medoucine","url":"https:\/\/www.medoucine.com\/blog\/","logo":{"@type":"ImageObject","inLanguage":"fr-FR","@id":"https:\/\/www.medoucine.com\/blog\/#\/schema\/logo\/image\/","url":"https:\/\/www.medoucine.com\/blog\/wp-content\/uploads\/2019\/07\/logo@3x.png","contentUrl":"https:\/\/www.medoucine.com\/blog\/wp-content\/uploads\/2019\/07\/logo@3x.png","width":555,"height":135,"caption":"Medoucine"},"image":{"@id":"https:\/\/www.medoucine.com\/blog\/#\/schema\/logo\/image\/"},"sameAs":["https:\/\/www.facebook.com\/medoucine\/","https:\/\/x.com\/medoucinefr","https:\/\/www.instagram.com\/medoucine\/","https:\/\/www.youtube.com\/channel\/UCtZeUeJ_KebYK0KJAXjJV8g"]},{"@type":"Person","@id":"https:\/\/www.medoucine.com\/blog\/#\/schema\/person\/aeb371069acffbab4d2bd2e0afa592d7","name":"Karima Abassi","image":{"@type":"ImageObject","inLanguage":"fr-FR","@id":"https:\/\/www.medoucine.com\/blog\/#\/schema\/person\/image\/","url":"https:\/\/secure.gravatar.com\/avatar\/0172e5d64f5292ec9f924a98f4f3b5604fe28dec96efd0b149b68c24e5992e7d?s=96&d=mm&r=g","contentUrl":"https:\/\/secure.gravatar.com\/avatar\/0172e5d64f5292ec9f924a98f4f3b5604fe28dec96efd0b149b68c24e5992e7d?s=96&d=mm&r=g","caption":"Karima Abassi"},"description":"Praticienne en Hypnose, PNL, Th\u00e9rapies Br\u00e8ves, Access Bars","sameAs":["https:\/\/www.medoucine.com\/video\/hypnose\/karima-abassi\/presentation"],"url":"https:\/\/www.medoucine.com\/blog\/author\/karima-abassi\/"}]}},"_links":{"self":[{"href":"https:\/\/www.medoucine.com\/blog\/wp-json\/wp\/v2\/posts\/12380","targetHints":{"allow":["GET"]}}],"collection":[{"href":"https:\/\/www.medoucine.com\/blog\/wp-json\/wp\/v2\/posts"}],"about":[{"href":"https:\/\/www.medoucine.com\/blog\/wp-json\/wp\/v2\/types\/post"}],"author":[{"embeddable":true,"href":"https:\/\/www.medoucine.com\/blog\/wp-json\/wp\/v2\/users\/25"}],"replies":[{"embeddable":true,"href":"https:\/\/www.medoucine.com\/blog\/wp-json\/wp\/v2\/comments?post=12380"}],"version-history":[{"count":5,"href":"https:\/\/www.medoucine.com\/blog\/wp-json\/wp\/v2\/posts\/12380\/revisions"}],"predecessor-version":[{"id":43472,"href":"https:\/\/www.medoucine.com\/blog\/wp-json\/wp\/v2\/posts\/12380\/revisions\/43472"}],"wp:featuredmedia":[{"embeddable":true,"href":"https:\/\/www.medoucine.com\/blog\/wp-json\/wp\/v2\/media\/2019"}],"wp:attachment":[{"href":"https:\/\/www.medoucine.com\/blog\/wp-json\/wp\/v2\/media?parent=12380"}],"wp:term":[{"taxonomy":"category","embeddable":true,"href":"https:\/\/www.medoucine.com\/blog\/wp-json\/wp\/v2\/categories?post=12380"},{"taxonomy":"post_tag","embeddable":true,"href":"https:\/\/www.medoucine.com\/blog\/wp-json\/wp\/v2\/tags?post=12380"}],"curies":[{"name":"wp","href":"https:\/\/api.w.org\/{rel}","templated":true}]}}