{"id":12363,"date":"2018-02-01T00:00:00","date_gmt":"2018-01-31T23:00:00","guid":{"rendered":"https:\/\/www.medoucine.com\/blog\/vitamine-d3-indispensable\/"},"modified":"2026-04-08T19:23:00","modified_gmt":"2026-04-08T17:23:00","slug":"vitamine-d3-indispensable","status":"publish","type":"post","link":"https:\/\/www.medoucine.com\/blog\/vitamine-d3-indispensable\/","title":{"rendered":"Vitamine D3 : pourquoi est-elle indispensable ?"},"content":{"rendered":"<p class=\"has-drop-cap\">Comme vous le savez s\u00fbrement, une nourriture m\u00eame si elle est tr\u00e8s \u00e9quilibr\u00e9e et naturelle, ne suffit plus de nos jours \u00e0 combler les besoins de notre organisme en nutriments n\u00e9cessaires \u00e0 sa vie. En dehors de la pauvret\u00e9 de nos sols et celle de nos aliments m\u00eame bio, notre fa\u00e7on de vivre a \u00e9t\u00e9 boulevers\u00e9e en quelques d\u00e9cennies.<\/p>\n<p>Le rythme effr\u00e9n\u00e9 de nos journ\u00e9es, la course contre la montre entra\u00eenent un stress chronique chez un grand nombre d&rsquo;entre nous; ajout\u00e9e \u00e0 ce stress, la multiplication colossale en moins d&rsquo;un demi si\u00e8cle des ondes magn\u00e9tiques qui peuplent notre environnement quotidien. Ces deux facteurs sont en grande partie responsables de la baisse en quantit\u00e9 et en qualit\u00e9 de notre sommeil : en 1900, on dormait 2 heures de plus qu&rsquo;aujourd&rsquo;hui et en 1950, 1 heure de plus. Hors, le manque de sommeil est responsable de la fuite de nos min\u00e9raux, oligo-\u00e9l\u00e9ments et vitamines.<\/p>\n<p>Si les carences du monde moderne se portent particuli\u00e8rement sur les Om\u00e9ga 3, les oligo-\u00e9l\u00e9ments, et les vitamines du groupe B, il en est une qui me semble \u00eatre la plus pr\u00e9occupante pour notre sant\u00e9 : la vitamine D.<\/p>\n<h2 id=\"pourquoiestellesiessentiellenotresant\"><strong>Pourquoi la vitamine D3 est essentielle \u00e0 notre sant\u00e9?<\/strong><\/h2>\n<p>La vitamine D permet l&rsquo;absorption et l&rsquo;utilisation du calcium et du phosphore; elle est responsable de la qualit\u00e9 de nos os et de nos dents. Sa carence entra\u00eene le rachitisme chez les enfants et la d\u00e9calcification du squelette chez l&rsquo;adulte; en gros, vous pouvez consommer autant de calcium que vous voulez, si vous manquez de vitamine D, \u00e7a ne sert \u00e0 rien.<\/p>\n<p>Mais depuis quelques ann\u00e9es, de nouvelles \u00e9tudes ont r\u00e9v\u00e9l\u00e9 que cette vitamine poss\u00e9dait bien d&rsquo;autres vertus! Elles ont d\u00e9montr\u00e9 entre autres la corr\u00e9lation entre le manque de vitamine D dans l&rsquo;organisme et un grand nombre de pathologies : maladies cardiovasculaires, cancers, maladies neurod\u00e9g\u00e9n\u00e9ratives comme Alzheimer, Scl\u00e9rose en plaques, Parkinson, les infections ORL, la leuc\u00e9mie<\/p>\n<div class=\"m-spin\">\n<p class=\"m-spin__text\"><strong>Vitamine D : Retrouvez l&rsquo;\u00e9nergie et l&rsquo;\u00e9quilibre !<\/strong><\/p>\n<p class=\"m-spin__text\">La vitamine D3 est essentielle pour votre bien-\u00eatre g\u00e9n\u00e9ral, et un naturopathe peut vous aider \u00e0 optimiser votre taux. Prenez rendez-vous avec un <a class=\"m-spin__link\" target=\"_blank\" rel=\"noopener noreferrer\" href=\"https:\/\/www.medoucine.com\/consultations\/se-soigner\/naturopathie\/bordeaux\/tous-publics\/a-domicile-ou-cabinet?utm_source=medoucine_blog_B2C&amp;utm_medium=article_blog&amp;utm_campaign=spin_seo\">Naturopathe \u00e0 Bordeaux<\/a>, un <a class=\"m-spin__link\" target=\"_blank\" rel=\"noopener noreferrer\" href=\"https:\/\/www.medoucine.com\/consultations\/se-soigner\/naturopathie\/marseille\/tous-publics\/a-domicile-ou-cabinet?utm_source=medoucine_blog_B2C&amp;utm_medium=article_blog&amp;utm_campaign=spin_seo\">Naturopathe \u00e0 Marseille<\/a> ou un <a class=\"m-spin__link\" target=\"_blank\" rel=\"noopener noreferrer\" href=\"https:\/\/www.medoucine.com\/consultations\/se-soigner\/naturopathie\/strasbourg\/tous-publics\/a-domicile-ou-cabinet?utm_source=medoucine_blog_B2C&amp;utm_medium=article_blog&amp;utm_campaign=spin_seo\">Naturopathe \u00e0 Strasbourg<\/a> pour un bilan personnalis\u00e9.<\/p>\n<p class=\"m-spin__text\">Vous ressentez une baisse de moral ou une fatigue persistante ? Trouvez des <a class=\"m-spin__link\" target=\"_blank\" rel=\"noopener noreferrer\" href=\"https:\/\/www.medoucine.com\/consultations\/se-soigner\/naturopathie\/autour-de-moi?utm_source=medoucine_blog_B2C&amp;utm_medium=article_blog&amp;utm_campaign=spin_seo\">Naturopathes pr\u00e8s de chez vous<\/a> pour un accompagnement sur mesure et naturel.<\/p>\n<\/div>\n<h2 id=\"olatrouveton\">O\u00f9 la trouve-t-on?<\/h2>\n<p>Le soleil : la vitamine D est fabriqu\u00e9e par notre organisme sous l&rsquo;action des rayons UVB sur notre peau. Mais il est n\u00e9cessaire pour en garantir un taux correct de s&rsquo;exposer tous les jours bras et jambes nues 30 minutes avec un ensoleillement relativement important. Le temps sera plus important pour les peaux m\u00e2tes et plus important encore pour les peaux noires.<\/p>\n<p>**L&rsquo;alimentation : **il existe dans les aliments 2 sortes de vitamine D : la D2 que l&rsquo;on trouve dans les v\u00e9g\u00e9taux et la D3 qui n&rsquo;est pr\u00e9sente que dans les produits d&rsquo;origine animale : le foie de veau, le beurre, les oeufs, les sardines, les harengs. C&rsquo;est celle-ci qu&rsquo;il faut absolument choisir car la D2 est deux fois moins assimilable par le corps.<\/p>\n<p><strong>80% des fran\u00e7ais sont carenc\u00e9s en vitamine D<\/strong>*, <strong>pourquoi?<\/strong><\/p>\n<p>Pour les habitants de r\u00e9gions peu ensoleill\u00e9es, il est normal de constater des carences, mais on les retrouve \u00e9galement chez les personnes vivant dans le sud. La raison : la pr\u00e9sence d&rsquo;anti-UVB dans une grande partie des cr\u00e8mes qu&rsquo;elles soient solaires ou pas. Dans ce cas, la vitamine ne passe pas.<\/p>\n<p>D&rsquo;autre part, la baisse importante depuis une vingtaine d&rsquo;ann\u00e9es de consommation d&rsquo;aliments d&rsquo;origine animale due \u00e0 la peur du cholest\u00e9rol et des \u00e9levages intensifs, a progressivement ferm\u00e9 la deuxi\u00e8me porte d&rsquo;entr\u00e9e de ce nutriment.<\/p>\n<h2 id=\"monconseil\"><strong>Mon conseil :<\/strong><\/h2>\n<p>La premi\u00e8re des choses \u00e0 faire est de demander \u00e0 votre m\u00e9decin de vous prescrire une prise de sang pour \u00e9valuer si vous \u00eates en carence ou pas.<\/p>\n<p>Sachez que le taux minimum est de 75 nmol\/L, soit 30 ng\/L. Sachez aussi que la vitamine D issue du soleil ou des aliments ne peut entrainer une quelconque surcharge.<\/p>\n<p><strong>1\/ Si vous avez la chance de vivre au soleil, exposez-vous d\u00e8s que vous le pouvez 30 minutes<\/strong> peu couvert sur votre terrasse ou \u00e0 celle d&rsquo;un caf\u00e9 (attention le soleil est vital pour notre sant\u00e9 mais sans exc\u00e8s bien s\u00fbr).<\/p>\n<p><strong>2\/ Imitez nos grand-m\u00e8res : offrez-vous une fois par semaine une tranche de foie de veau biologique<\/strong>. Sinon, beurrez l\u00e9g\u00e8rement vos tartines de votre petit-d\u00e9jeuner avec du beurre bio bien s\u00fbr, mangez des oeufs bio, de pr\u00e9f\u00e9rence \u00e0 la coque, au plat ou mollets, des sardines, des harengs.<\/p>\n<p><strong>3\/ Enfin, il me semble important de se suppl\u00e9menter, particuli\u00e8rement pour les personnes manquant de soleil<\/strong> ou celles qui suivent une alimentation v\u00e9g\u00e9talienne.<\/p>\n<p>Les derni\u00e8res recommandations sont de 4000 ui par jour; vous pouvez aller jusqu&rsquo;\u00e0 5000 ui dans le cas de graves carences et doser par la suite en fonction des r\u00e9sultats d&rsquo;un deuxi\u00e8me test sanguin \u00e0 faire 3 \u00e0 6 mois apr\u00e8s le commencement de la cure.<\/p>\n<p>En tant que <a href=\"https:\/\/www.medoucine.com\/consultations\/se-soigner\/naturopathie\/nice\/tous-publics\/a-domicile-ou-cabinet\">naturopathe<\/a> : ma pr\u00e9f\u00e9rence va aux compl\u00e9ments naturels; je conseille celle donn\u00e9e sous forme d&rsquo;huile (la D3 est liposoluble) \u00e0 base de lanoline (substance graisseuse situ\u00e9e sous la laine des moutons) et d&rsquo;huile v\u00e9g\u00e9tale bio. Prenez la dos\u00e9e \u00e0 2000 ui, il vous suffira donc de 2 gouttes par jour (\u00e0 d\u00e9poser sur un bout de pain).<\/p>\n<p>Pour les personnes vegan, prendre une dose quotidienne de vitamine D de synth\u00e8se. Si elle est justement dos\u00e9e et prise tous les jours, il n&rsquo;y aura pas de risque de surcharge. Je conseille 14 gouttes par jour de Zymad, vendu en pharmacie sans ordonnance.<\/p>\n<p>En revanche, attention aux doses de charge (1 ampoule par mois) donn\u00e9es par les m\u00e9decins pour raison de confort. Les doses sont trop \u00e9lev\u00e9es et peuvent entrainer des effets ind\u00e9sirables.<\/p>\n<p>En pr\u00e9vention, faites des cures d&rsquo;octobre \u00e0 avril ou juin suivant le potentiel d&rsquo;ensoleillement de votre lieu de vie.<\/p>\n<p><a href=\"https:\/\/www.medoucine.com\/consultation\/nice\/thomazeau-veronique-nice\/247\">Par V\u00e9ronique Thomazeau, naturopathe recommand\u00e9e du r\u00e9seau Medoucine. <\/a><\/p>\n<p>*<em>Publications 2012 de l&rsquo;Institut National de Veille Sanitaire<\/em><\/p>\n","protected":false},"excerpt":{"rendered":"<p>Comme vous le savez s\u00fbrement, une nourriture m\u00eame si elle est tr\u00e8s \u00e9quilibr\u00e9e et naturelle, ne suffit plus de nos jours \u00e0 combler les besoins de notre organisme en nutriments n\u00e9cessaires \u00e0 sa vie. En dehors de la pauvret\u00e9 de nos sols et celle de nos aliments m\u00eame bio, notre fa\u00e7on de vivre a \u00e9t\u00e9 boulevers\u00e9e en quelques d\u00e9cennies. Le rythme effr\u00e9n\u00e9 de nos journ\u00e9es, la course contre la montre entra\u00eenent un stress chronique chez un grand nombre d&rsquo;entre nous; ajout\u00e9e \u00e0 ce stress, la multiplication colossale en moins d&rsquo;un demi si\u00e8cle des ondes magn\u00e9tiques qui peuplent notre environnement quotidien. Ces deux facteurs sont en grande partie responsables de la baisse en quantit\u00e9 et en qualit\u00e9 de notre sommeil : en 1900, on dormait 2 heures de plus qu&rsquo;aujourd&rsquo;hui et en 1950, 1 heure de [&hellip;]<\/p>\n","protected":false},"author":48,"featured_media":169,"comment_status":"open","ping_status":"open","sticky":false,"template":"","format":"standard","meta":{"_acf_changed":false,"footnotes":""},"categories":[97,98],"tags":[23],"class_list":["post-12363","post","type-post","status-publish","format-standard","has-post-thumbnail","hentry","category-alimentation","category-plantes-nutriments","tag-naturopathie"],"acf":[],"yoast_head":"<!-- This site is optimized with the Yoast SEO plugin v27.1.1 - https:\/\/yoast.com\/product\/yoast-seo-wordpress\/ -->\n<title>Vitamine D3 : pourquoi est-elle indispensable ? - Medoucine<\/title>\n<meta name=\"description\" content=\"Si les carences du monde moderne se portent sur les Om\u00e9ga 3, les oligo-\u00e9l\u00e9ments, et les vitamines du groupe B, il en est une qui me semble \u00eatre la plus pr\u00e9occupante pour notre sant\u00e9 : la vitamine D.\" \/>\n<meta name=\"robots\" content=\"index, follow, max-snippet:-1, max-image-preview:large, max-video-preview:-1\" \/>\n<link rel=\"canonical\" href=\"https:\/\/www.medoucine.com\/blog\/vitamine-d3-indispensable\/\" \/>\n<meta property=\"og:locale\" content=\"fr_FR\" \/>\n<meta property=\"og:type\" content=\"article\" \/>\n<meta property=\"og:title\" content=\"Vitamine D3 : pourquoi est-elle indispensable ? - Medoucine\" \/>\n<meta property=\"og:description\" content=\"Si les carences du monde moderne se portent sur les Om\u00e9ga 3, les oligo-\u00e9l\u00e9ments, et les vitamines du groupe B, il en est une qui me semble \u00eatre la plus pr\u00e9occupante pour notre sant\u00e9 : la vitamine D.\" \/>\n<meta property=\"og:url\" content=\"https:\/\/www.medoucine.com\/blog\/vitamine-d3-indispensable\/\" \/>\n<meta property=\"og:site_name\" content=\"Blog de Medoucine\" \/>\n<meta property=\"article:publisher\" content=\"https:\/\/www.facebook.com\/medoucine\/\" \/>\n<meta property=\"article:published_time\" content=\"2018-01-31T23:00:00+00:00\" \/>\n<meta property=\"article:modified_time\" content=\"2026-04-08T17:23:00+00:00\" \/>\n<meta property=\"og:image\" content=\"https:\/\/www.medoucine.com\/blog\/wp-content\/uploads\/2019\/07\/Vitamine-D3-pourquoi-est-elle-indispensable_zvqyfq.jpg\" \/>\n\t<meta property=\"og:image:width\" content=\"1365\" \/>\n\t<meta property=\"og:image:height\" content=\"1024\" \/>\n\t<meta property=\"og:image:type\" content=\"image\/jpeg\" \/>\n<meta name=\"author\" content=\"Veronique Thomazeau\" \/>\n<meta name=\"twitter:card\" content=\"summary_large_image\" \/>\n<meta name=\"twitter:creator\" content=\"@medoucinefr\" \/>\n<meta name=\"twitter:site\" content=\"@medoucinefr\" \/>\n<meta name=\"twitter:label1\" content=\"\u00c9crit par\" \/>\n\t<meta name=\"twitter:data1\" content=\"Veronique Thomazeau\" \/>\n\t<meta name=\"twitter:label2\" content=\"Dur\u00e9e de lecture estim\u00e9e\" \/>\n\t<meta name=\"twitter:data2\" content=\"5 minutes\" \/>\n<script type=\"application\/ld+json\" class=\"yoast-schema-graph\">{\"@context\":\"https:\/\/schema.org\",\"@graph\":[{\"@type\":\"Article\",\"@id\":\"https:\/\/www.medoucine.com\/blog\/vitamine-d3-indispensable\/#article\",\"isPartOf\":{\"@id\":\"https:\/\/www.medoucine.com\/blog\/vitamine-d3-indispensable\/\"},\"author\":{\"name\":\"Veronique Thomazeau\",\"@id\":\"https:\/\/www.medoucine.com\/blog\/#\/schema\/person\/eca3996183606a7eac7e11613585a7bf\"},\"headline\":\"Vitamine D3 : pourquoi est-elle indispensable ?\",\"datePublished\":\"2018-01-31T23:00:00+00:00\",\"dateModified\":\"2026-04-08T17:23:00+00:00\",\"mainEntityOfPage\":{\"@id\":\"https:\/\/www.medoucine.com\/blog\/vitamine-d3-indispensable\/\"},\"wordCount\":1077,\"commentCount\":0,\"publisher\":{\"@id\":\"https:\/\/www.medoucine.com\/blog\/#organization\"},\"image\":{\"@id\":\"https:\/\/www.medoucine.com\/blog\/vitamine-d3-indispensable\/#primaryimage\"},\"thumbnailUrl\":\"https:\/\/www.medoucine.com\/blog\/wp-content\/uploads\/2019\/07\/Vitamine-D3-pourquoi-est-elle-indispensable_zvqyfq.jpg\",\"keywords\":[\"Naturopathie\"],\"articleSection\":[\"Alimentation\",\"Plantes &amp; Nutriments\"],\"inLanguage\":\"fr-FR\",\"potentialAction\":[{\"@type\":\"CommentAction\",\"name\":\"Comment\",\"target\":[\"https:\/\/www.medoucine.com\/blog\/vitamine-d3-indispensable\/#respond\"]}]},{\"@type\":\"WebPage\",\"@id\":\"https:\/\/www.medoucine.com\/blog\/vitamine-d3-indispensable\/\",\"url\":\"https:\/\/www.medoucine.com\/blog\/vitamine-d3-indispensable\/\",\"name\":\"Vitamine D3 : pourquoi est-elle indispensable ? - Medoucine\",\"isPartOf\":{\"@id\":\"https:\/\/www.medoucine.com\/blog\/#website\"},\"primaryImageOfPage\":{\"@id\":\"https:\/\/www.medoucine.com\/blog\/vitamine-d3-indispensable\/#primaryimage\"},\"image\":{\"@id\":\"https:\/\/www.medoucine.com\/blog\/vitamine-d3-indispensable\/#primaryimage\"},\"thumbnailUrl\":\"https:\/\/www.medoucine.com\/blog\/wp-content\/uploads\/2019\/07\/Vitamine-D3-pourquoi-est-elle-indispensable_zvqyfq.jpg\",\"datePublished\":\"2018-01-31T23:00:00+00:00\",\"dateModified\":\"2026-04-08T17:23:00+00:00\",\"description\":\"Si les carences du monde moderne se portent sur les Om\u00e9ga 3, les oligo-\u00e9l\u00e9ments, et les vitamines du groupe B, il en est une qui me semble \u00eatre la plus pr\u00e9occupante pour notre sant\u00e9 : la vitamine D.\",\"breadcrumb\":{\"@id\":\"https:\/\/www.medoucine.com\/blog\/vitamine-d3-indispensable\/#breadcrumb\"},\"inLanguage\":\"fr-FR\",\"potentialAction\":[{\"@type\":\"ReadAction\",\"target\":[\"https:\/\/www.medoucine.com\/blog\/vitamine-d3-indispensable\/\"]}]},{\"@type\":\"ImageObject\",\"inLanguage\":\"fr-FR\",\"@id\":\"https:\/\/www.medoucine.com\/blog\/vitamine-d3-indispensable\/#primaryimage\",\"url\":\"https:\/\/www.medoucine.com\/blog\/wp-content\/uploads\/2019\/07\/Vitamine-D3-pourquoi-est-elle-indispensable_zvqyfq.jpg\",\"contentUrl\":\"https:\/\/www.medoucine.com\/blog\/wp-content\/uploads\/2019\/07\/Vitamine-D3-pourquoi-est-elle-indispensable_zvqyfq.jpg\",\"width\":1365,\"height\":1024},{\"@type\":\"BreadcrumbList\",\"@id\":\"https:\/\/www.medoucine.com\/blog\/vitamine-d3-indispensable\/#breadcrumb\",\"itemListElement\":[{\"@type\":\"ListItem\",\"position\":1,\"name\":\"Blog Medoucine\",\"item\":\"https:\/\/www.medoucine.com\/blog\/\"},{\"@type\":\"ListItem\",\"position\":2,\"name\":\"Alimentation\",\"item\":\"https:\/\/www.medoucine.com\/blog\/cat\/alimentation\/\"},{\"@type\":\"ListItem\",\"position\":3,\"name\":\"Plantes &amp; Nutriments\",\"item\":\"https:\/\/www.medoucine.com\/blog\/cat\/alimentation\/plantes-nutriments\/\"},{\"@type\":\"ListItem\",\"position\":4,\"name\":\"Vitamine D3 : pourquoi est-elle indispensable ?\"}]},{\"@type\":\"WebSite\",\"@id\":\"https:\/\/www.medoucine.com\/blog\/#website\",\"url\":\"https:\/\/www.medoucine.com\/blog\/\",\"name\":\"Blog de Medoucine\",\"description\":\"Le blog des m\u00e9decines douces\",\"publisher\":{\"@id\":\"https:\/\/www.medoucine.com\/blog\/#organization\"},\"potentialAction\":[{\"@type\":\"SearchAction\",\"target\":{\"@type\":\"EntryPoint\",\"urlTemplate\":\"https:\/\/www.medoucine.com\/blog\/?s={search_term_string}\"},\"query-input\":{\"@type\":\"PropertyValueSpecification\",\"valueRequired\":true,\"valueName\":\"search_term_string\"}}],\"inLanguage\":\"fr-FR\"},{\"@type\":\"Organization\",\"@id\":\"https:\/\/www.medoucine.com\/blog\/#organization\",\"name\":\"Medoucine\",\"url\":\"https:\/\/www.medoucine.com\/blog\/\",\"logo\":{\"@type\":\"ImageObject\",\"inLanguage\":\"fr-FR\",\"@id\":\"https:\/\/www.medoucine.com\/blog\/#\/schema\/logo\/image\/\",\"url\":\"https:\/\/www.medoucine.com\/blog\/wp-content\/uploads\/2019\/07\/logo@3x.png\",\"contentUrl\":\"https:\/\/www.medoucine.com\/blog\/wp-content\/uploads\/2019\/07\/logo@3x.png\",\"width\":555,\"height\":135,\"caption\":\"Medoucine\"},\"image\":{\"@id\":\"https:\/\/www.medoucine.com\/blog\/#\/schema\/logo\/image\/\"},\"sameAs\":[\"https:\/\/www.facebook.com\/medoucine\/\",\"https:\/\/x.com\/medoucinefr\",\"https:\/\/www.instagram.com\/medoucine\/\",\"https:\/\/www.youtube.com\/channel\/UCtZeUeJ_KebYK0KJAXjJV8g\"]},{\"@type\":\"Person\",\"@id\":\"https:\/\/www.medoucine.com\/blog\/#\/schema\/person\/eca3996183606a7eac7e11613585a7bf\",\"name\":\"Veronique Thomazeau\",\"image\":{\"@type\":\"ImageObject\",\"inLanguage\":\"fr-FR\",\"@id\":\"https:\/\/www.medoucine.com\/blog\/#\/schema\/person\/image\/\",\"url\":\"https:\/\/secure.gravatar.com\/avatar\/9461aa2f3bfc573529f58eb980830e3317a05c349b04c8150924c9ccb191b3bf?s=96&d=mm&r=g\",\"contentUrl\":\"https:\/\/secure.gravatar.com\/avatar\/9461aa2f3bfc573529f58eb980830e3317a05c349b04c8150924c9ccb191b3bf?s=96&d=mm&r=g\",\"caption\":\"Veronique Thomazeau\"},\"description\":\"Praticienne en Naturopathie\",\"sameAs\":[\"https:\/\/www.medoucine.com\/consultation\/nice\/thomazeau-veronique-nice\/247\"],\"url\":\"https:\/\/www.medoucine.com\/blog\/author\/veronique-thomazeau\/\"}]}<\/script>\n<!-- \/ Yoast SEO plugin. -->","yoast_head_json":{"title":"Vitamine D3 : pourquoi est-elle indispensable ? - Medoucine","description":"Si les carences du monde moderne se portent sur les Om\u00e9ga 3, les oligo-\u00e9l\u00e9ments, et les vitamines du groupe B, il en est une qui me semble \u00eatre la plus pr\u00e9occupante pour notre sant\u00e9 : la vitamine D.","robots":{"index":"index","follow":"follow","max-snippet":"max-snippet:-1","max-image-preview":"max-image-preview:large","max-video-preview":"max-video-preview:-1"},"canonical":"https:\/\/www.medoucine.com\/blog\/vitamine-d3-indispensable\/","og_locale":"fr_FR","og_type":"article","og_title":"Vitamine D3 : pourquoi est-elle indispensable ? - Medoucine","og_description":"Si les carences du monde moderne se portent sur les Om\u00e9ga 3, les oligo-\u00e9l\u00e9ments, et les vitamines du groupe B, il en est une qui me semble \u00eatre la plus pr\u00e9occupante pour notre sant\u00e9 : la vitamine D.","og_url":"https:\/\/www.medoucine.com\/blog\/vitamine-d3-indispensable\/","og_site_name":"Blog de Medoucine","article_publisher":"https:\/\/www.facebook.com\/medoucine\/","article_published_time":"2018-01-31T23:00:00+00:00","article_modified_time":"2026-04-08T17:23:00+00:00","og_image":[{"width":1365,"height":1024,"url":"https:\/\/www.medoucine.com\/blog\/wp-content\/uploads\/2019\/07\/Vitamine-D3-pourquoi-est-elle-indispensable_zvqyfq.jpg","type":"image\/jpeg"}],"author":"Veronique Thomazeau","twitter_card":"summary_large_image","twitter_creator":"@medoucinefr","twitter_site":"@medoucinefr","twitter_misc":{"\u00c9crit par":"Veronique Thomazeau","Dur\u00e9e de lecture estim\u00e9e":"5 minutes"},"schema":{"@context":"https:\/\/schema.org","@graph":[{"@type":"Article","@id":"https:\/\/www.medoucine.com\/blog\/vitamine-d3-indispensable\/#article","isPartOf":{"@id":"https:\/\/www.medoucine.com\/blog\/vitamine-d3-indispensable\/"},"author":{"name":"Veronique Thomazeau","@id":"https:\/\/www.medoucine.com\/blog\/#\/schema\/person\/eca3996183606a7eac7e11613585a7bf"},"headline":"Vitamine D3 : pourquoi est-elle indispensable ?","datePublished":"2018-01-31T23:00:00+00:00","dateModified":"2026-04-08T17:23:00+00:00","mainEntityOfPage":{"@id":"https:\/\/www.medoucine.com\/blog\/vitamine-d3-indispensable\/"},"wordCount":1077,"commentCount":0,"publisher":{"@id":"https:\/\/www.medoucine.com\/blog\/#organization"},"image":{"@id":"https:\/\/www.medoucine.com\/blog\/vitamine-d3-indispensable\/#primaryimage"},"thumbnailUrl":"https:\/\/www.medoucine.com\/blog\/wp-content\/uploads\/2019\/07\/Vitamine-D3-pourquoi-est-elle-indispensable_zvqyfq.jpg","keywords":["Naturopathie"],"articleSection":["Alimentation","Plantes &amp; Nutriments"],"inLanguage":"fr-FR","potentialAction":[{"@type":"CommentAction","name":"Comment","target":["https:\/\/www.medoucine.com\/blog\/vitamine-d3-indispensable\/#respond"]}]},{"@type":"WebPage","@id":"https:\/\/www.medoucine.com\/blog\/vitamine-d3-indispensable\/","url":"https:\/\/www.medoucine.com\/blog\/vitamine-d3-indispensable\/","name":"Vitamine D3 : pourquoi est-elle indispensable ? - Medoucine","isPartOf":{"@id":"https:\/\/www.medoucine.com\/blog\/#website"},"primaryImageOfPage":{"@id":"https:\/\/www.medoucine.com\/blog\/vitamine-d3-indispensable\/#primaryimage"},"image":{"@id":"https:\/\/www.medoucine.com\/blog\/vitamine-d3-indispensable\/#primaryimage"},"thumbnailUrl":"https:\/\/www.medoucine.com\/blog\/wp-content\/uploads\/2019\/07\/Vitamine-D3-pourquoi-est-elle-indispensable_zvqyfq.jpg","datePublished":"2018-01-31T23:00:00+00:00","dateModified":"2026-04-08T17:23:00+00:00","description":"Si les carences du monde moderne se portent sur les Om\u00e9ga 3, les oligo-\u00e9l\u00e9ments, et les vitamines du groupe B, il en est une qui me semble \u00eatre la plus pr\u00e9occupante pour notre sant\u00e9 : la vitamine D.","breadcrumb":{"@id":"https:\/\/www.medoucine.com\/blog\/vitamine-d3-indispensable\/#breadcrumb"},"inLanguage":"fr-FR","potentialAction":[{"@type":"ReadAction","target":["https:\/\/www.medoucine.com\/blog\/vitamine-d3-indispensable\/"]}]},{"@type":"ImageObject","inLanguage":"fr-FR","@id":"https:\/\/www.medoucine.com\/blog\/vitamine-d3-indispensable\/#primaryimage","url":"https:\/\/www.medoucine.com\/blog\/wp-content\/uploads\/2019\/07\/Vitamine-D3-pourquoi-est-elle-indispensable_zvqyfq.jpg","contentUrl":"https:\/\/www.medoucine.com\/blog\/wp-content\/uploads\/2019\/07\/Vitamine-D3-pourquoi-est-elle-indispensable_zvqyfq.jpg","width":1365,"height":1024},{"@type":"BreadcrumbList","@id":"https:\/\/www.medoucine.com\/blog\/vitamine-d3-indispensable\/#breadcrumb","itemListElement":[{"@type":"ListItem","position":1,"name":"Blog Medoucine","item":"https:\/\/www.medoucine.com\/blog\/"},{"@type":"ListItem","position":2,"name":"Alimentation","item":"https:\/\/www.medoucine.com\/blog\/cat\/alimentation\/"},{"@type":"ListItem","position":3,"name":"Plantes &amp; Nutriments","item":"https:\/\/www.medoucine.com\/blog\/cat\/alimentation\/plantes-nutriments\/"},{"@type":"ListItem","position":4,"name":"Vitamine D3 : pourquoi est-elle indispensable ?"}]},{"@type":"WebSite","@id":"https:\/\/www.medoucine.com\/blog\/#website","url":"https:\/\/www.medoucine.com\/blog\/","name":"Blog de Medoucine","description":"Le blog des m\u00e9decines douces","publisher":{"@id":"https:\/\/www.medoucine.com\/blog\/#organization"},"potentialAction":[{"@type":"SearchAction","target":{"@type":"EntryPoint","urlTemplate":"https:\/\/www.medoucine.com\/blog\/?s={search_term_string}"},"query-input":{"@type":"PropertyValueSpecification","valueRequired":true,"valueName":"search_term_string"}}],"inLanguage":"fr-FR"},{"@type":"Organization","@id":"https:\/\/www.medoucine.com\/blog\/#organization","name":"Medoucine","url":"https:\/\/www.medoucine.com\/blog\/","logo":{"@type":"ImageObject","inLanguage":"fr-FR","@id":"https:\/\/www.medoucine.com\/blog\/#\/schema\/logo\/image\/","url":"https:\/\/www.medoucine.com\/blog\/wp-content\/uploads\/2019\/07\/logo@3x.png","contentUrl":"https:\/\/www.medoucine.com\/blog\/wp-content\/uploads\/2019\/07\/logo@3x.png","width":555,"height":135,"caption":"Medoucine"},"image":{"@id":"https:\/\/www.medoucine.com\/blog\/#\/schema\/logo\/image\/"},"sameAs":["https:\/\/www.facebook.com\/medoucine\/","https:\/\/x.com\/medoucinefr","https:\/\/www.instagram.com\/medoucine\/","https:\/\/www.youtube.com\/channel\/UCtZeUeJ_KebYK0KJAXjJV8g"]},{"@type":"Person","@id":"https:\/\/www.medoucine.com\/blog\/#\/schema\/person\/eca3996183606a7eac7e11613585a7bf","name":"Veronique Thomazeau","image":{"@type":"ImageObject","inLanguage":"fr-FR","@id":"https:\/\/www.medoucine.com\/blog\/#\/schema\/person\/image\/","url":"https:\/\/secure.gravatar.com\/avatar\/9461aa2f3bfc573529f58eb980830e3317a05c349b04c8150924c9ccb191b3bf?s=96&d=mm&r=g","contentUrl":"https:\/\/secure.gravatar.com\/avatar\/9461aa2f3bfc573529f58eb980830e3317a05c349b04c8150924c9ccb191b3bf?s=96&d=mm&r=g","caption":"Veronique Thomazeau"},"description":"Praticienne en Naturopathie","sameAs":["https:\/\/www.medoucine.com\/consultation\/nice\/thomazeau-veronique-nice\/247"],"url":"https:\/\/www.medoucine.com\/blog\/author\/veronique-thomazeau\/"}]}},"_links":{"self":[{"href":"https:\/\/www.medoucine.com\/blog\/wp-json\/wp\/v2\/posts\/12363","targetHints":{"allow":["GET"]}}],"collection":[{"href":"https:\/\/www.medoucine.com\/blog\/wp-json\/wp\/v2\/posts"}],"about":[{"href":"https:\/\/www.medoucine.com\/blog\/wp-json\/wp\/v2\/types\/post"}],"author":[{"embeddable":true,"href":"https:\/\/www.medoucine.com\/blog\/wp-json\/wp\/v2\/users\/48"}],"replies":[{"embeddable":true,"href":"https:\/\/www.medoucine.com\/blog\/wp-json\/wp\/v2\/comments?post=12363"}],"version-history":[{"count":8,"href":"https:\/\/www.medoucine.com\/blog\/wp-json\/wp\/v2\/posts\/12363\/revisions"}],"predecessor-version":[{"id":43451,"href":"https:\/\/www.medoucine.com\/blog\/wp-json\/wp\/v2\/posts\/12363\/revisions\/43451"}],"wp:featuredmedia":[{"embeddable":true,"href":"https:\/\/www.medoucine.com\/blog\/wp-json\/wp\/v2\/media\/169"}],"wp:attachment":[{"href":"https:\/\/www.medoucine.com\/blog\/wp-json\/wp\/v2\/media?parent=12363"}],"wp:term":[{"taxonomy":"category","embeddable":true,"href":"https:\/\/www.medoucine.com\/blog\/wp-json\/wp\/v2\/categories?post=12363"},{"taxonomy":"post_tag","embeddable":true,"href":"https:\/\/www.medoucine.com\/blog\/wp-json\/wp\/v2\/tags?post=12363"}],"curies":[{"name":"wp","href":"https:\/\/api.w.org\/{rel}","templated":true}]}}