{"id":12353,"date":"2019-07-23T00:00:00","date_gmt":"2019-07-22T22:00:00","guid":{"rendered":"https:\/\/www.medoucine.com\/blog\/recette-soupe-aux-poires-fruits-secs\/"},"modified":"2026-04-08T19:01:51","modified_gmt":"2026-04-08T17:01:51","slug":"recette-soupe-aux-poires-fruits-secs","status":"publish","type":"post","link":"https:\/\/www.medoucine.com\/blog\/recette-soupe-aux-poires-fruits-secs\/","title":{"rendered":"Recette simple et rapide de soupe aux poires et fruits secs"},"content":{"rendered":"<h1 id=\"ingrdients\">Ingr\u00e9dients<\/h1>\n<ul>\n<li>Poires m\u00fbres <em>Williams 2<\/em><\/li>\n<li>Fruits secs (raisins sultanine et\/ou noirs, abricots, pruneaux ou figues) 300 g<\/li>\n<li>Compote ou Pur\u00e9e d&rsquo;abricots 60g<\/li>\n<li>Th\u00e9 noir <em>Yunnan ou Darjeeling<\/em> 350 ml<\/li>\n<li>Sucre brun non raffin\u00e9 110 \u00e0 150g selon go\u00fbt<\/li>\n<li>Eau 150 ml<\/li>\n<li>Anis en poudre 1 c. \u00e0 s<\/li>\n<li>B\u00e2ton de cannelle 1 b\u00e2ton<\/li>\n<li>Pignon de pin et\/ou amandes, et\/ou noix, et\/ou pistaches 60g ou 3 c. \u00e0 s<\/li>\n<li>Eau de fleur d&rsquo;oranger 2 c. \u00e0 s<\/li>\n<li>Cardamome 1\u00e2\u0081\u00844 c. \u00e0 c (Facultatif)<\/li>\n<li>Noix de muscade 1 pinc\u00e9e (Facultatif)<\/li>\n<li>Eau au fond de la cocotte 4 c. \u00e0 s<\/li>\n<\/ul>\n<h1 id=\"prparation\">Pr\u00e9paration<\/h1>\n<p>1 &#8211; Laver et essuyer les poires, couper en quartiers<br \/>\n2 &#8211; M\u00e9langer dans un bol le sucre, le th\u00e9, l&rsquo;eau, l&rsquo;anis. D\u00e9layer<br \/>\n3 &#8211; M\u00e9langer bien de mani\u00e8re homog\u00e8ne<br \/>\n4 &#8211; Placer la pr\u00e9paration dans une casserole avec les poires, les \u00e9pices et tous<br \/>\nles fruits secs choisis<br \/>\n5 &#8211; Couvrir la casserole et mettez en cuisson douce<br \/>\n6 &#8211; Ajouter en fin de cuisson l&rsquo;eau de fleur d&rsquo;oranger dans le m\u00e9lange<\/p>\n<h2 id=\"cuisson\">Cuisson :<\/h2>\n<ul>\n<li>Dur\u00e9e totale 30 mn<\/li>\n<li>Feu doux \u00e0 semi couvert<\/li>\n<li>Attendre 10 mn que le m\u00e9lange refroidisse.<\/li>\n<li>Transvaser dans un contenant et servir ti\u00e8de ou froid.<\/li>\n<\/ul>\n<div class=\"m-spin\">\n<p class=\"m-spin__text\"><strong>**Boostez votre vitalit\u00e9 avec une alimentation saine et gourmande !**<\/strong><\/p>\n<p class=\"m-spin__text\">Une soupe aux poires et fruits secs, c&rsquo;est bien plus qu&rsquo;un plat r\u00e9confortant, c&rsquo;est un alli\u00e9 pour votre bien-\u00eatre. Prenez rendez-vous avec un <a class=\"m-spin__link\" target=\"_blank\" rel=\"noopener noreferrer\" href=\"https:\/\/www.medoucine.com\/consultations\/se-soigner\/nutrition\/marseille\/tous-publics\/a-domicile-ou-cabinet?utm_source=medoucine_blog_B2C&amp;utm_medium=article_blog&amp;utm_campaign=spin_seo\">Praticien en nutrition \u00e0 Marseille<\/a>, un <a class=\"m-spin__link\" target=\"_blank\" rel=\"noopener noreferrer\" href=\"https:\/\/www.medoucine.com\/consultations\/se-soigner\/nutrition\/nice\/tous-publics\/a-domicile-ou-cabinet?utm_source=medoucine_blog_B2C&amp;utm_medium=article_blog&amp;utm_campaign=spin_seo\">Praticien en nutrition \u00e0 Nice<\/a> ou un <a class=\"m-spin__link\" target=\"_blank\" rel=\"noopener noreferrer\" href=\"https:\/\/www.medoucine.com\/consultations\/se-soigner\/nutrition\/strasbourg\/tous-publics\/a-domicile-ou-cabinet?utm_source=medoucine_blog_B2C&amp;utm_medium=article_blog&amp;utm_campaign=spin_seo\">Praticien en nutrition \u00e0 Strasbourg<\/a> pour un accompagnement nutritionnel personnalis\u00e9.<\/p>\n<p class=\"m-spin__text\">Vous cherchez des <a class=\"m-spin__link\" target=\"_blank\" rel=\"noopener noreferrer\" href=\"https:\/\/www.medoucine.com\/consultations\/se-soigner\/nutrition\/autour-de-moi?utm_source=medoucine_blog_B2C&amp;utm_medium=article_blog&amp;utm_campaign=spin_seo\">Coach en nutrition pr\u00e8s de chez vous<\/a> pour optimiser votre alimentation et atteindre vos objectifs ? N&rsquo;attendez plus, trouvez le praticien id\u00e9al sur M\u00e9doucine !<\/p>\n<\/div>\n","protected":false},"excerpt":{"rendered":"<p>Ingr\u00e9dients Poires m\u00fbres Williams 2 Fruits secs (raisins sultanine et\/ou noirs, abricots, pruneaux ou figues) 300 g Compote ou Pur\u00e9e d&rsquo;abricots 60g Th\u00e9 noir Yunnan ou Darjeeling 350 ml Sucre brun non raffin\u00e9 110 \u00e0 150g selon go\u00fbt Eau 150 ml Anis en poudre 1 c. \u00e0 s B\u00e2ton de cannelle 1 b\u00e2ton Pignon de pin et\/ou amandes, et\/ou noix, et\/ou pistaches 60g ou 3 c. \u00e0 s Eau de fleur d&rsquo;oranger 2 c. \u00e0 s Cardamome 1\u00e2\u0081\u00844 c. \u00e0 c (Facultatif) Noix de muscade 1 pinc\u00e9e (Facultatif) Eau au fond de la cocotte 4 c. \u00e0 s Pr\u00e9paration 1 &#8211; Laver et essuyer les poires, couper en quartiers 2 &#8211; M\u00e9langer dans un bol le sucre, le th\u00e9, l&rsquo;eau, l&rsquo;anis. D\u00e9layer 3 &#8211; M\u00e9langer bien de mani\u00e8re homog\u00e8ne 4 &#8211; Placer la pr\u00e9paration dans [&hellip;]<\/p>\n","protected":false},"author":995,"featured_media":191,"comment_status":"open","ping_status":"open","sticky":false,"template":"","format":"standard","meta":{"_acf_changed":false,"footnotes":""},"categories":[97,100],"tags":[267],"class_list":["post-12353","post","type-post","status-publish","format-standard","has-post-thumbnail","hentry","category-alimentation","category-recettes-naturelles","tag-alimentation"],"acf":[],"yoast_head":"<!-- This site is optimized with the Yoast SEO plugin v27.1.1 - https:\/\/yoast.com\/product\/yoast-seo-wordpress\/ -->\n<title>Recette simple et rapide de soupe aux poires et fruits secs ~ Blog de Medoucine<\/title>\n<meta name=\"description\" content=\"Venez tester la recette simple et rapide de soupe aux poires et fruits secs !\" \/>\n<meta name=\"robots\" content=\"index, follow, max-snippet:-1, max-image-preview:large, max-video-preview:-1\" \/>\n<link rel=\"canonical\" href=\"https:\/\/www.medoucine.com\/blog\/recette-soupe-aux-poires-fruits-secs\/\" \/>\n<meta property=\"og:locale\" content=\"fr_FR\" \/>\n<meta property=\"og:type\" content=\"article\" \/>\n<meta property=\"og:title\" content=\"Recette simple et rapide de soupe aux poires et fruits secs ~ Blog de Medoucine\" \/>\n<meta property=\"og:description\" content=\"Venez tester la recette simple et rapide de soupe aux poires et fruits secs !\" \/>\n<meta property=\"og:url\" content=\"https:\/\/www.medoucine.com\/blog\/recette-soupe-aux-poires-fruits-secs\/\" \/>\n<meta property=\"og:site_name\" content=\"Blog de Medoucine\" \/>\n<meta property=\"article:publisher\" content=\"https:\/\/www.facebook.com\/medoucine\/\" \/>\n<meta property=\"article:published_time\" content=\"2019-07-22T22:00:00+00:00\" \/>\n<meta property=\"article:modified_time\" content=\"2026-04-08T17:01:51+00:00\" \/>\n<meta property=\"og:image\" content=\"https:\/\/www.medoucine.com\/blog\/wp-content\/uploads\/2019\/07\/Recette-La-soupe-aux-poires-et-fruits-secs_esn8mx.jpg\" \/>\n\t<meta property=\"og:image:width\" content=\"1365\" \/>\n\t<meta property=\"og:image:height\" content=\"1024\" \/>\n\t<meta property=\"og:image:type\" content=\"image\/jpeg\" \/>\n<meta name=\"author\" content=\"Camille De M\u00e9doucine\" \/>\n<meta name=\"twitter:card\" content=\"summary_large_image\" \/>\n<meta name=\"twitter:creator\" content=\"@medoucinefr\" \/>\n<meta name=\"twitter:site\" content=\"@medoucinefr\" \/>\n<meta name=\"twitter:label1\" content=\"\u00c9crit par\" \/>\n\t<meta name=\"twitter:data1\" content=\"Camille De M\u00e9doucine\" \/>\n\t<meta name=\"twitter:label2\" content=\"Dur\u00e9e de lecture estim\u00e9e\" \/>\n\t<meta name=\"twitter:data2\" content=\"1 minute\" \/>\n<script type=\"application\/ld+json\" class=\"yoast-schema-graph\">{\"@context\":\"https:\/\/schema.org\",\"@graph\":[{\"@type\":\"Article\",\"@id\":\"https:\/\/www.medoucine.com\/blog\/recette-soupe-aux-poires-fruits-secs\/#article\",\"isPartOf\":{\"@id\":\"https:\/\/www.medoucine.com\/blog\/recette-soupe-aux-poires-fruits-secs\/\"},\"author\":{\"name\":\"Camille De M\u00e9doucine\",\"@id\":\"https:\/\/www.medoucine.com\/blog\/#\/schema\/person\/33963211205d80beccb805396c175b47\"},\"headline\":\"Recette simple et rapide de soupe aux poires et fruits secs\",\"datePublished\":\"2019-07-22T22:00:00+00:00\",\"dateModified\":\"2026-04-08T17:01:51+00:00\",\"mainEntityOfPage\":{\"@id\":\"https:\/\/www.medoucine.com\/blog\/recette-soupe-aux-poires-fruits-secs\/\"},\"wordCount\":297,\"commentCount\":0,\"publisher\":{\"@id\":\"https:\/\/www.medoucine.com\/blog\/#organization\"},\"image\":{\"@id\":\"https:\/\/www.medoucine.com\/blog\/recette-soupe-aux-poires-fruits-secs\/#primaryimage\"},\"thumbnailUrl\":\"https:\/\/www.medoucine.com\/blog\/wp-content\/uploads\/2019\/07\/Recette-La-soupe-aux-poires-et-fruits-secs_esn8mx.jpg\",\"keywords\":[\"alimentation\"],\"articleSection\":[\"Alimentation\",\"Recettes naturelles\"],\"inLanguage\":\"fr-FR\",\"potentialAction\":[{\"@type\":\"CommentAction\",\"name\":\"Comment\",\"target\":[\"https:\/\/www.medoucine.com\/blog\/recette-soupe-aux-poires-fruits-secs\/#respond\"]}]},{\"@type\":\"WebPage\",\"@id\":\"https:\/\/www.medoucine.com\/blog\/recette-soupe-aux-poires-fruits-secs\/\",\"url\":\"https:\/\/www.medoucine.com\/blog\/recette-soupe-aux-poires-fruits-secs\/\",\"name\":\"Recette simple et rapide de soupe aux poires et fruits secs ~ Blog de Medoucine\",\"isPartOf\":{\"@id\":\"https:\/\/www.medoucine.com\/blog\/#website\"},\"primaryImageOfPage\":{\"@id\":\"https:\/\/www.medoucine.com\/blog\/recette-soupe-aux-poires-fruits-secs\/#primaryimage\"},\"image\":{\"@id\":\"https:\/\/www.medoucine.com\/blog\/recette-soupe-aux-poires-fruits-secs\/#primaryimage\"},\"thumbnailUrl\":\"https:\/\/www.medoucine.com\/blog\/wp-content\/uploads\/2019\/07\/Recette-La-soupe-aux-poires-et-fruits-secs_esn8mx.jpg\",\"datePublished\":\"2019-07-22T22:00:00+00:00\",\"dateModified\":\"2026-04-08T17:01:51+00:00\",\"description\":\"Venez tester la recette simple et rapide de soupe aux poires et fruits secs !\",\"breadcrumb\":{\"@id\":\"https:\/\/www.medoucine.com\/blog\/recette-soupe-aux-poires-fruits-secs\/#breadcrumb\"},\"inLanguage\":\"fr-FR\",\"potentialAction\":[{\"@type\":\"ReadAction\",\"target\":[\"https:\/\/www.medoucine.com\/blog\/recette-soupe-aux-poires-fruits-secs\/\"]}]},{\"@type\":\"ImageObject\",\"inLanguage\":\"fr-FR\",\"@id\":\"https:\/\/www.medoucine.com\/blog\/recette-soupe-aux-poires-fruits-secs\/#primaryimage\",\"url\":\"https:\/\/www.medoucine.com\/blog\/wp-content\/uploads\/2019\/07\/Recette-La-soupe-aux-poires-et-fruits-secs_esn8mx.jpg\",\"contentUrl\":\"https:\/\/www.medoucine.com\/blog\/wp-content\/uploads\/2019\/07\/Recette-La-soupe-aux-poires-et-fruits-secs_esn8mx.jpg\",\"width\":1365,\"height\":1024},{\"@type\":\"BreadcrumbList\",\"@id\":\"https:\/\/www.medoucine.com\/blog\/recette-soupe-aux-poires-fruits-secs\/#breadcrumb\",\"itemListElement\":[{\"@type\":\"ListItem\",\"position\":1,\"name\":\"Blog Medoucine\",\"item\":\"https:\/\/www.medoucine.com\/blog\/\"},{\"@type\":\"ListItem\",\"position\":2,\"name\":\"Alimentation\",\"item\":\"https:\/\/www.medoucine.com\/blog\/cat\/alimentation\/\"},{\"@type\":\"ListItem\",\"position\":3,\"name\":\"Recettes naturelles\",\"item\":\"https:\/\/www.medoucine.com\/blog\/cat\/alimentation\/recettes-naturelles\/\"},{\"@type\":\"ListItem\",\"position\":4,\"name\":\"Recette simple et rapide de soupe aux poires et fruits secs\"}]},{\"@type\":\"WebSite\",\"@id\":\"https:\/\/www.medoucine.com\/blog\/#website\",\"url\":\"https:\/\/www.medoucine.com\/blog\/\",\"name\":\"Blog de Medoucine\",\"description\":\"Le blog des m\u00e9decines douces\",\"publisher\":{\"@id\":\"https:\/\/www.medoucine.com\/blog\/#organization\"},\"potentialAction\":[{\"@type\":\"SearchAction\",\"target\":{\"@type\":\"EntryPoint\",\"urlTemplate\":\"https:\/\/www.medoucine.com\/blog\/?s={search_term_string}\"},\"query-input\":{\"@type\":\"PropertyValueSpecification\",\"valueRequired\":true,\"valueName\":\"search_term_string\"}}],\"inLanguage\":\"fr-FR\"},{\"@type\":\"Organization\",\"@id\":\"https:\/\/www.medoucine.com\/blog\/#organization\",\"name\":\"Medoucine\",\"url\":\"https:\/\/www.medoucine.com\/blog\/\",\"logo\":{\"@type\":\"ImageObject\",\"inLanguage\":\"fr-FR\",\"@id\":\"https:\/\/www.medoucine.com\/blog\/#\/schema\/logo\/image\/\",\"url\":\"https:\/\/www.medoucine.com\/blog\/wp-content\/uploads\/2019\/07\/logo@3x.png\",\"contentUrl\":\"https:\/\/www.medoucine.com\/blog\/wp-content\/uploads\/2019\/07\/logo@3x.png\",\"width\":555,\"height\":135,\"caption\":\"Medoucine\"},\"image\":{\"@id\":\"https:\/\/www.medoucine.com\/blog\/#\/schema\/logo\/image\/\"},\"sameAs\":[\"https:\/\/www.facebook.com\/medoucine\/\",\"https:\/\/x.com\/medoucinefr\",\"https:\/\/www.instagram.com\/medoucine\/\",\"https:\/\/www.youtube.com\/channel\/UCtZeUeJ_KebYK0KJAXjJV8g\"]},{\"@type\":\"Person\",\"@id\":\"https:\/\/www.medoucine.com\/blog\/#\/schema\/person\/33963211205d80beccb805396c175b47\",\"name\":\"Camille De M\u00e9doucine\",\"image\":{\"@type\":\"ImageObject\",\"inLanguage\":\"fr-FR\",\"@id\":\"https:\/\/www.medoucine.com\/blog\/#\/schema\/person\/image\/\",\"url\":\"https:\/\/secure.gravatar.com\/avatar\/c2299bbd846dad9bdc700ac2bc1f7d7f7698bebee70f9ac01014ce232478ddab?s=96&d=mm&r=g\",\"contentUrl\":\"https:\/\/secure.gravatar.com\/avatar\/c2299bbd846dad9bdc700ac2bc1f7d7f7698bebee70f9ac01014ce232478ddab?s=96&d=mm&r=g\",\"caption\":\"Camille De M\u00e9doucine\"},\"description\":\"Je suis Camille, coordinatrice de la communaut\u00e9 M\u00e9doucine. Mon r\u00f4le ? Faire le lien entre les praticiens de notre r\u00e9seau et vous, lecteurs en qu\u00eate de bien-\u00eatre. J'accompagne au quotidien les th\u00e9rapeutes dans leur d\u00e9veloppement digital et les aide \u00e0 se faire conna\u00eetre localement. \u00c0 travers mes articles, je partage des conseils pratiques, des t\u00e9moignages inspirants et des \u00e9clairages sur les pratiques compl\u00e9mentaires. Mon objectif : rendre l'univers du bien-\u00eatre accessible, transparent et humain. J'aime explorer la diversit\u00e9 des approches et mettre en lumi\u00e8re ce qui rend chaque praticien unique. Passionn\u00e9e par la cr\u00e9ation de contenu et l'animation de communaut\u00e9, je m'engage chaque jour \u00e0 valoriser l'expertise de ceux qui prennent soin de vous.\",\"sameAs\":[\"https:\/\/www.linkedin.com\/in\/camille-de-m%C3%A9doucine-055173176\/\"],\"url\":\"https:\/\/www.medoucine.com\/blog\/author\/camille_medoucine\/\"}]}<\/script>\n<!-- \/ Yoast SEO plugin. -->","yoast_head_json":{"title":"Recette simple et rapide de soupe aux poires et fruits secs ~ Blog de Medoucine","description":"Venez tester la recette simple et rapide de soupe aux poires et fruits secs !","robots":{"index":"index","follow":"follow","max-snippet":"max-snippet:-1","max-image-preview":"max-image-preview:large","max-video-preview":"max-video-preview:-1"},"canonical":"https:\/\/www.medoucine.com\/blog\/recette-soupe-aux-poires-fruits-secs\/","og_locale":"fr_FR","og_type":"article","og_title":"Recette simple et rapide de soupe aux poires et fruits secs ~ Blog de Medoucine","og_description":"Venez tester la recette simple et rapide de soupe aux poires et fruits secs !","og_url":"https:\/\/www.medoucine.com\/blog\/recette-soupe-aux-poires-fruits-secs\/","og_site_name":"Blog de Medoucine","article_publisher":"https:\/\/www.facebook.com\/medoucine\/","article_published_time":"2019-07-22T22:00:00+00:00","article_modified_time":"2026-04-08T17:01:51+00:00","og_image":[{"width":1365,"height":1024,"url":"https:\/\/www.medoucine.com\/blog\/wp-content\/uploads\/2019\/07\/Recette-La-soupe-aux-poires-et-fruits-secs_esn8mx.jpg","type":"image\/jpeg"}],"author":"Camille De M\u00e9doucine","twitter_card":"summary_large_image","twitter_creator":"@medoucinefr","twitter_site":"@medoucinefr","twitter_misc":{"\u00c9crit par":"Camille De M\u00e9doucine","Dur\u00e9e de lecture estim\u00e9e":"1 minute"},"schema":{"@context":"https:\/\/schema.org","@graph":[{"@type":"Article","@id":"https:\/\/www.medoucine.com\/blog\/recette-soupe-aux-poires-fruits-secs\/#article","isPartOf":{"@id":"https:\/\/www.medoucine.com\/blog\/recette-soupe-aux-poires-fruits-secs\/"},"author":{"name":"Camille De M\u00e9doucine","@id":"https:\/\/www.medoucine.com\/blog\/#\/schema\/person\/33963211205d80beccb805396c175b47"},"headline":"Recette simple et rapide de soupe aux poires et fruits secs","datePublished":"2019-07-22T22:00:00+00:00","dateModified":"2026-04-08T17:01:51+00:00","mainEntityOfPage":{"@id":"https:\/\/www.medoucine.com\/blog\/recette-soupe-aux-poires-fruits-secs\/"},"wordCount":297,"commentCount":0,"publisher":{"@id":"https:\/\/www.medoucine.com\/blog\/#organization"},"image":{"@id":"https:\/\/www.medoucine.com\/blog\/recette-soupe-aux-poires-fruits-secs\/#primaryimage"},"thumbnailUrl":"https:\/\/www.medoucine.com\/blog\/wp-content\/uploads\/2019\/07\/Recette-La-soupe-aux-poires-et-fruits-secs_esn8mx.jpg","keywords":["alimentation"],"articleSection":["Alimentation","Recettes naturelles"],"inLanguage":"fr-FR","potentialAction":[{"@type":"CommentAction","name":"Comment","target":["https:\/\/www.medoucine.com\/blog\/recette-soupe-aux-poires-fruits-secs\/#respond"]}]},{"@type":"WebPage","@id":"https:\/\/www.medoucine.com\/blog\/recette-soupe-aux-poires-fruits-secs\/","url":"https:\/\/www.medoucine.com\/blog\/recette-soupe-aux-poires-fruits-secs\/","name":"Recette simple et rapide de soupe aux poires et fruits secs ~ Blog de Medoucine","isPartOf":{"@id":"https:\/\/www.medoucine.com\/blog\/#website"},"primaryImageOfPage":{"@id":"https:\/\/www.medoucine.com\/blog\/recette-soupe-aux-poires-fruits-secs\/#primaryimage"},"image":{"@id":"https:\/\/www.medoucine.com\/blog\/recette-soupe-aux-poires-fruits-secs\/#primaryimage"},"thumbnailUrl":"https:\/\/www.medoucine.com\/blog\/wp-content\/uploads\/2019\/07\/Recette-La-soupe-aux-poires-et-fruits-secs_esn8mx.jpg","datePublished":"2019-07-22T22:00:00+00:00","dateModified":"2026-04-08T17:01:51+00:00","description":"Venez tester la recette simple et rapide de soupe aux poires et fruits secs !","breadcrumb":{"@id":"https:\/\/www.medoucine.com\/blog\/recette-soupe-aux-poires-fruits-secs\/#breadcrumb"},"inLanguage":"fr-FR","potentialAction":[{"@type":"ReadAction","target":["https:\/\/www.medoucine.com\/blog\/recette-soupe-aux-poires-fruits-secs\/"]}]},{"@type":"ImageObject","inLanguage":"fr-FR","@id":"https:\/\/www.medoucine.com\/blog\/recette-soupe-aux-poires-fruits-secs\/#primaryimage","url":"https:\/\/www.medoucine.com\/blog\/wp-content\/uploads\/2019\/07\/Recette-La-soupe-aux-poires-et-fruits-secs_esn8mx.jpg","contentUrl":"https:\/\/www.medoucine.com\/blog\/wp-content\/uploads\/2019\/07\/Recette-La-soupe-aux-poires-et-fruits-secs_esn8mx.jpg","width":1365,"height":1024},{"@type":"BreadcrumbList","@id":"https:\/\/www.medoucine.com\/blog\/recette-soupe-aux-poires-fruits-secs\/#breadcrumb","itemListElement":[{"@type":"ListItem","position":1,"name":"Blog Medoucine","item":"https:\/\/www.medoucine.com\/blog\/"},{"@type":"ListItem","position":2,"name":"Alimentation","item":"https:\/\/www.medoucine.com\/blog\/cat\/alimentation\/"},{"@type":"ListItem","position":3,"name":"Recettes naturelles","item":"https:\/\/www.medoucine.com\/blog\/cat\/alimentation\/recettes-naturelles\/"},{"@type":"ListItem","position":4,"name":"Recette simple et rapide de soupe aux poires et fruits secs"}]},{"@type":"WebSite","@id":"https:\/\/www.medoucine.com\/blog\/#website","url":"https:\/\/www.medoucine.com\/blog\/","name":"Blog de Medoucine","description":"Le blog des m\u00e9decines douces","publisher":{"@id":"https:\/\/www.medoucine.com\/blog\/#organization"},"potentialAction":[{"@type":"SearchAction","target":{"@type":"EntryPoint","urlTemplate":"https:\/\/www.medoucine.com\/blog\/?s={search_term_string}"},"query-input":{"@type":"PropertyValueSpecification","valueRequired":true,"valueName":"search_term_string"}}],"inLanguage":"fr-FR"},{"@type":"Organization","@id":"https:\/\/www.medoucine.com\/blog\/#organization","name":"Medoucine","url":"https:\/\/www.medoucine.com\/blog\/","logo":{"@type":"ImageObject","inLanguage":"fr-FR","@id":"https:\/\/www.medoucine.com\/blog\/#\/schema\/logo\/image\/","url":"https:\/\/www.medoucine.com\/blog\/wp-content\/uploads\/2019\/07\/logo@3x.png","contentUrl":"https:\/\/www.medoucine.com\/blog\/wp-content\/uploads\/2019\/07\/logo@3x.png","width":555,"height":135,"caption":"Medoucine"},"image":{"@id":"https:\/\/www.medoucine.com\/blog\/#\/schema\/logo\/image\/"},"sameAs":["https:\/\/www.facebook.com\/medoucine\/","https:\/\/x.com\/medoucinefr","https:\/\/www.instagram.com\/medoucine\/","https:\/\/www.youtube.com\/channel\/UCtZeUeJ_KebYK0KJAXjJV8g"]},{"@type":"Person","@id":"https:\/\/www.medoucine.com\/blog\/#\/schema\/person\/33963211205d80beccb805396c175b47","name":"Camille De M\u00e9doucine","image":{"@type":"ImageObject","inLanguage":"fr-FR","@id":"https:\/\/www.medoucine.com\/blog\/#\/schema\/person\/image\/","url":"https:\/\/secure.gravatar.com\/avatar\/c2299bbd846dad9bdc700ac2bc1f7d7f7698bebee70f9ac01014ce232478ddab?s=96&d=mm&r=g","contentUrl":"https:\/\/secure.gravatar.com\/avatar\/c2299bbd846dad9bdc700ac2bc1f7d7f7698bebee70f9ac01014ce232478ddab?s=96&d=mm&r=g","caption":"Camille De M\u00e9doucine"},"description":"Je suis Camille, coordinatrice de la communaut\u00e9 M\u00e9doucine. Mon r\u00f4le ? Faire le lien entre les praticiens de notre r\u00e9seau et vous, lecteurs en qu\u00eate de bien-\u00eatre. J'accompagne au quotidien les th\u00e9rapeutes dans leur d\u00e9veloppement digital et les aide \u00e0 se faire conna\u00eetre localement. \u00c0 travers mes articles, je partage des conseils pratiques, des t\u00e9moignages inspirants et des \u00e9clairages sur les pratiques compl\u00e9mentaires. Mon objectif : rendre l'univers du bien-\u00eatre accessible, transparent et humain. J'aime explorer la diversit\u00e9 des approches et mettre en lumi\u00e8re ce qui rend chaque praticien unique. Passionn\u00e9e par la cr\u00e9ation de contenu et l'animation de communaut\u00e9, je m'engage chaque jour \u00e0 valoriser l'expertise de ceux qui prennent soin de vous.","sameAs":["https:\/\/www.linkedin.com\/in\/camille-de-m%C3%A9doucine-055173176\/"],"url":"https:\/\/www.medoucine.com\/blog\/author\/camille_medoucine\/"}]}},"_links":{"self":[{"href":"https:\/\/www.medoucine.com\/blog\/wp-json\/wp\/v2\/posts\/12353","targetHints":{"allow":["GET"]}}],"collection":[{"href":"https:\/\/www.medoucine.com\/blog\/wp-json\/wp\/v2\/posts"}],"about":[{"href":"https:\/\/www.medoucine.com\/blog\/wp-json\/wp\/v2\/types\/post"}],"author":[{"embeddable":true,"href":"https:\/\/www.medoucine.com\/blog\/wp-json\/wp\/v2\/users\/995"}],"replies":[{"embeddable":true,"href":"https:\/\/www.medoucine.com\/blog\/wp-json\/wp\/v2\/comments?post=12353"}],"version-history":[{"count":3,"href":"https:\/\/www.medoucine.com\/blog\/wp-json\/wp\/v2\/posts\/12353\/revisions"}],"predecessor-version":[{"id":43084,"href":"https:\/\/www.medoucine.com\/blog\/wp-json\/wp\/v2\/posts\/12353\/revisions\/43084"}],"wp:featuredmedia":[{"embeddable":true,"href":"https:\/\/www.medoucine.com\/blog\/wp-json\/wp\/v2\/media\/191"}],"wp:attachment":[{"href":"https:\/\/www.medoucine.com\/blog\/wp-json\/wp\/v2\/media?parent=12353"}],"wp:term":[{"taxonomy":"category","embeddable":true,"href":"https:\/\/www.medoucine.com\/blog\/wp-json\/wp\/v2\/categories?post=12353"},{"taxonomy":"post_tag","embeddable":true,"href":"https:\/\/www.medoucine.com\/blog\/wp-json\/wp\/v2\/tags?post=12353"}],"curies":[{"name":"wp","href":"https:\/\/api.w.org\/{rel}","templated":true}]}}