{"id":12235,"date":"2018-05-10T00:00:00","date_gmt":"2018-05-09T22:00:00","guid":{"rendered":"https:\/\/www.medoucine.com\/blog\/les-aliments-de-lautomne-avec-layurveda\/"},"modified":"2026-04-08T19:21:46","modified_gmt":"2026-04-08T17:21:46","slug":"les-aliments-de-lautomne-avec-layurveda","status":"publish","type":"post","link":"https:\/\/www.medoucine.com\/blog\/les-aliments-de-lautomne-avec-layurveda\/","title":{"rendered":"Les aliments de l&rsquo;automne avec l&rsquo;Ayurveda"},"content":{"rendered":"<p class=\"has-drop-cap\">En Ayurv\u00e9da, il est conseill\u00e9 d&rsquo;adopter une alimentation adapt\u00e9e \u00e0 chaque saison de fa\u00e7on \u00e0 maintenir <strong>l&rsquo;\u00e9quilibre et la sant\u00e9<\/strong>. Avec l&rsquo;automne, saison de grands changements int\u00e9rieurs et d&rsquo;introspection, il est temps de se pencher sur les aliments \u00e0 privil\u00e9gier. Gwena\u00eblle Batard, praticienne en Ayurv\u00e9da du r\u00e9seau Medoucine nous explique comment s&rsquo;y prendre.<\/p>\n<h3 id=\"petit-rappel-des-principes-de-base-de-l-ayurveda\">Petit rappel des principes de base de l\u2019Ayurv\u00e9da<\/h3>\n<p>L\u2019Ayurv\u00e9da est la m\u00e9decine traditionnelle indienne. Avec plus de 5000 ans d&rsquo;existence, cette m\u00e9decine holistique consid\u00e8re l&rsquo;\u00eatre dans toute sa globalit\u00e9 (le corps, l&rsquo;esprit et l&rsquo;\u00e2me).<\/p>\n<p>Elle estime que l&rsquo;\u00eatre humain est un microcosme dans un macrocosme, en clair, nous sommes tous un mini-univers. Selon cette vision, l&rsquo;\u00eatre humain est le reflet de la nature. Il lui est donc b\u00e9n\u00e9fique de s&rsquo;adapter \u00e0 ses fluctuations et sa richesse tout en consid\u00e9rant qu&rsquo;elle nous offre exactement ce dont on a besoin, au moment o\u00f9 l&rsquo;on a besoin, selon le lieu o\u00f9 l&rsquo;on se trouve.<\/p>\n<p>On consommera ainsi des aliments locaux et de saison, pour \u00eatre en accord avec la nature et respecter son harmonie int\u00e9rieure.<\/p>\n<p>Chaque saison correspond \u00e0 une \u00e9nergie biologique, que l&rsquo;on appelle \u00ab\u00a0<strong>dosha<\/strong>\u00ab\u00a0en Ayurv\u00e9da. Ces humeurs ont leurs propres fonctionnements et leurs propres caract\u00e9ristiques.<\/p>\n<p>L&rsquo; alimentation et l&rsquo;hygi\u00e8ne de vie ayurv\u00e9diques s&rsquo;adapteront \u00e0 ces sp\u00e9cificit\u00e9s pour permettre un \u00e9quilibre optimal tout en respectant l&rsquo;unicit\u00e9 de chaque \u00eatre.<\/p>\n<h3 id=\"l-automne-selon-l-ayurveda\">L&rsquo;automne selon l\u2019Ayurv\u00e9da<\/h3>\n<p>L&rsquo;automne, saison fra\u00eeche et venteuse, correspond \u00e0 l&rsquo;\u00e9nergie de l&rsquo;air (Vata). Vata est un dosha froid, sec et mobile. Quand il est en exc\u00e8s il cr\u00e9e des maux comme le stress, l&rsquo;agitation mentale, l&rsquo;anxi\u00e9t\u00e9, des troubles du sommeil, de l&rsquo;hyperactivit\u00e9 et de la nervosit\u00e9.<\/p>\n<p>En adoptant un r\u00e9gime de saison, on pourra ainsi conserver notre \u00e9quilibre int\u00e9rieur en pacifiant cette \u00e9nergie et en \u00e9vitant qu&rsquo;elle s&#8217;emballe. Pour ce faire, on favorisera les aliments chauds, nourrissants et onctueux avec des saveurs sucr\u00e9es, acides et sal\u00e9es.<\/p>\n<p>Les aliments \u00e0 privil\u00e9gier seront le riz basmati, le bl\u00e9, le quinoa, l&rsquo;avoine, l&rsquo;avocat, la betterave, les carottes, les courges, le panais, les \u00e9pinards, le fenouil, les blettes, les radis, les bananes, les citrons, les fruits rouges, les prunes et les figues.<\/p>\n<p>Bien \u00e9videmment, on adoptera un r\u00e9gime alimentaire qui nous r\u00e9ussit (par exemple, si l&rsquo;on dig\u00e8re mal le bl\u00e9, on pourra tout \u00e0 fait s&rsquo;en passer).<\/p>\n<p>Un autre bon r\u00e9flexe tout simple est de boire un verre d&rsquo;eau ti\u00e8de au r\u00e9veil, apr\u00e8s s&rsquo;\u00eatre lav\u00e9 les dents et gratt\u00e9 la langue, pour nettoyer et pr\u00e9parer l&rsquo;organisme.<\/p>\n<p>L\u2019ayurv\u00e9da, comme de nombreuses autres approches naturelles holistiques, consiste en du bon sens et conseille de pr\u00eater attention \u00e0 ses ressentis et aux r\u00e9actions du corps. Pour obtenir des conseils alimentaires personnalis\u00e9s, on se rapprochera d&rsquo;un praticien qualifi\u00e9.<\/p>\n<h3 id=\"une-petite-recette-parfaite-pour-la-saison\">Une petite recette parfaite pour la saison<\/h3>\n<p>Tr\u00e8s tendance depuis quelque temps, le lait d&rsquo;or est une recette ayurv\u00e9dique douce et r\u00e9chauffante pour le corps qui sera parfaite pour la saison.<\/p>\n<p>Pour r\u00e9aliser un lait d&rsquo;or, il vous faut :<\/p>\n<ul>\n<li>275 ml de lait v\u00e9g\u00e9tal ou de lait de vache<\/li>\n<li>1 cuill\u00e8re \u00e0 caf\u00e9 de curcuma en poudre<\/li>\n<li>\u00bd cuill\u00e8re \u00e0 caf\u00e9 de gingembre frais r\u00e2p\u00e9<\/li>\n<li>\u00bd cuill\u00e8re \u00e0 caf\u00e9 de cardamome en poudre<\/li>\n<li>\u00bc cuill\u00e8re \u00e0 caf\u00e9 de poivre noir<\/li>\n<li>1 cuill\u00e8re \u00e0 caf\u00e9 d&rsquo;huile de coco<\/li>\n<\/ul>\n<p>Faites chauffer votre lait avec le curcuma, le gingembre frais r\u00e2p\u00e9, le poivre noir moulu et l&rsquo;huile de coco dans une casserole. Remuer avec un fouet durant cinq minutes. Sortez la pr\u00e9paration du feu et ajoutez la cardamome. Vous pourrez ajouter un peu de sucre selon vos go\u00fbts (sucre de coco, sirop d&rsquo;agave ou rapadura).<\/p>\n<p>Il ne vous reste plus qu&rsquo;\u00e0 d\u00e9guster tout en \u00e9tant \u00e0 l&rsquo;\u00e9coute de la beaut\u00e9 de vos saisons int\u00e9rieures.<\/p>\n<p>Gwena\u00eblle Batard, <a href=\"https:\/\/www.medoucine.com\/pratiques\/ayurveda-massage-ayurvedique\">praticienne en Ayurveda du r\u00e9seau M\u00e9doucine<\/a><\/p>\n<div class=\"m-spin\">\n<p class=\"m-spin__text\"><strong>Boostez votre vitalit\u00e9 cet automne gr\u00e2ce \u00e0 l&rsquo;Ayurveda<\/strong><\/p>\n<p class=\"m-spin__text\">L&rsquo;Ayurveda consid\u00e8re l&rsquo;automne comme une p\u00e9riode de transition id\u00e9ale pour purifier l&rsquo;organisme. Prenez rendez-vous avec un <a class=\"m-spin__link\" target=\"_blank\" rel=\"noopener noreferrer\" href=\"https:\/\/www.medoucine.com\/consultations\/se-soigner\/ayurveda-massage-ayurvedique\/montpellier\/tous-publics\/a-domicile-ou-cabinet?utm_source=medoucine_blog_B2C&amp;utm_medium=article_blog&amp;utm_campaign=spin_seo\">Praticien en Ayurveda \u00e0 Montpellier<\/a>, un <a class=\"m-spin__link\" target=\"_blank\" rel=\"noopener noreferrer\" href=\"https:\/\/www.medoucine.com\/consultations\/se-soigner\/ayurveda-massage-ayurvedique\/nice\/tous-publics\/a-domicile-ou-cabinet?utm_source=medoucine_blog_B2C&amp;utm_medium=article_blog&amp;utm_campaign=spin_seo\">Praticien en Ayurveda \u00e0 Nice<\/a> ou un <a class=\"m-spin__link\" target=\"_blank\" rel=\"noopener noreferrer\" href=\"https:\/\/www.medoucine.com\/consultations\/se-soigner\/ayurveda-massage-ayurvedique\/paris\/tous-publics\/a-domicile-ou-cabinet?utm_source=medoucine_blog_B2C&amp;utm_medium=article_blog&amp;utm_campaign=spin_seo\">Praticien en Ayurveda \u00e0 Paris<\/a> pour adapter votre alimentation et votre routine \u00e0 cette saison.<\/p>\n<p class=\"m-spin__text\">Vous souhaitez b\u00e9n\u00e9ficier des bienfaits de l&rsquo;Ayurveda ? Trouvez des <a class=\"m-spin__link\" target=\"_blank\" rel=\"noopener noreferrer\" href=\"https:\/\/www.medoucine.com\/consultations\/se-soigner\/ayurveda-massage-ayurvedique\/autour-de-moi?utm_source=medoucine_blog_B2C&amp;utm_medium=article_blog&amp;utm_campaign=spin_seo\">Praticiens en Ayurveda pr\u00e8s de chez vous<\/a> pour vous accompagner vers un bien-\u00eatre optimal.<\/p>\n<\/div>\n","protected":false},"excerpt":{"rendered":"<p>Avec l&rsquo;automne, saison de grands changements int\u00e9rieurs et d&rsquo;introspection, il est temps de se pencher sur les aliments \u00e0 privil\u00e9gier.<\/p>\n","protected":false},"author":21,"featured_media":690,"comment_status":"open","ping_status":"open","sticky":false,"template":"","format":"standard","meta":{"_acf_changed":false,"footnotes":""},"categories":[97,100],"tags":[262,170],"class_list":["post-12235","post","type-post","status-publish","format-standard","has-post-thumbnail","hentry","category-alimentation","category-recettes-naturelles","tag-automne","tag-ayurveda"],"acf":[],"yoast_head":"<!-- This site is optimized with the Yoast SEO plugin v27.1.1 - https:\/\/yoast.com\/product\/yoast-seo-wordpress\/ -->\n<title>Les aliments de l&#039;automne avec l&#039;Ayurveda ~ Blog de Medoucine<\/title>\n<meta name=\"description\" content=\"Avec l&#039;automne, saison de grands changements int\u00e9rieurs et d&#039;introspection, il est temps de se pencher sur les aliments \u00e0 privil\u00e9gier.\" \/>\n<meta name=\"robots\" content=\"index, follow, max-snippet:-1, max-image-preview:large, max-video-preview:-1\" \/>\n<link rel=\"canonical\" href=\"https:\/\/www.medoucine.com\/blog\/les-aliments-de-lautomne-avec-layurveda\/\" \/>\n<meta property=\"og:locale\" content=\"fr_FR\" \/>\n<meta property=\"og:type\" content=\"article\" \/>\n<meta property=\"og:title\" content=\"Les aliments de l&#039;automne avec l&#039;Ayurveda ~ Blog de Medoucine\" \/>\n<meta property=\"og:description\" content=\"Avec l&#039;automne, saison de grands changements int\u00e9rieurs et d&#039;introspection, il est temps de se pencher sur les aliments \u00e0 privil\u00e9gier.\" \/>\n<meta property=\"og:url\" content=\"https:\/\/www.medoucine.com\/blog\/les-aliments-de-lautomne-avec-layurveda\/\" \/>\n<meta property=\"og:site_name\" content=\"Blog de Medoucine\" \/>\n<meta property=\"article:publisher\" content=\"https:\/\/www.facebook.com\/medoucine\/\" \/>\n<meta property=\"article:published_time\" content=\"2018-05-09T22:00:00+00:00\" \/>\n<meta property=\"article:modified_time\" content=\"2026-04-08T17:21:46+00:00\" \/>\n<meta property=\"og:image\" content=\"https:\/\/www.medoucine.com\/blog\/wp-content\/uploads\/2019\/07\/6-rasas-ayurveda-gouts-saveurs-yogavedas1.jpg\" \/>\n\t<meta property=\"og:image:width\" content=\"1280\" \/>\n\t<meta property=\"og:image:height\" content=\"420\" \/>\n\t<meta property=\"og:image:type\" content=\"image\/jpeg\" \/>\n<meta name=\"author\" content=\"Gwena\u00eblle Batard\" \/>\n<meta name=\"twitter:card\" content=\"summary_large_image\" \/>\n<meta name=\"twitter:creator\" content=\"@medoucinefr\" \/>\n<meta name=\"twitter:site\" content=\"@medoucinefr\" \/>\n<meta name=\"twitter:label1\" content=\"\u00c9crit par\" \/>\n\t<meta name=\"twitter:data1\" content=\"Gwena\u00eblle Batard\" \/>\n\t<meta name=\"twitter:label2\" content=\"Dur\u00e9e de lecture estim\u00e9e\" \/>\n\t<meta name=\"twitter:data2\" content=\"4 minutes\" \/>\n<script type=\"application\/ld+json\" class=\"yoast-schema-graph\">{\"@context\":\"https:\/\/schema.org\",\"@graph\":[{\"@type\":\"Article\",\"@id\":\"https:\/\/www.medoucine.com\/blog\/les-aliments-de-lautomne-avec-layurveda\/#article\",\"isPartOf\":{\"@id\":\"https:\/\/www.medoucine.com\/blog\/les-aliments-de-lautomne-avec-layurveda\/\"},\"author\":{\"name\":\"Gwena\u00eblle Batard\",\"@id\":\"https:\/\/www.medoucine.com\/blog\/#\/schema\/person\/02d424cbfb77acef47ea9e5fddec5641\"},\"headline\":\"Les aliments de l&rsquo;automne avec l&rsquo;Ayurveda\",\"datePublished\":\"2018-05-09T22:00:00+00:00\",\"dateModified\":\"2026-04-08T17:21:46+00:00\",\"mainEntityOfPage\":{\"@id\":\"https:\/\/www.medoucine.com\/blog\/les-aliments-de-lautomne-avec-layurveda\/\"},\"wordCount\":790,\"commentCount\":0,\"publisher\":{\"@id\":\"https:\/\/www.medoucine.com\/blog\/#organization\"},\"image\":{\"@id\":\"https:\/\/www.medoucine.com\/blog\/les-aliments-de-lautomne-avec-layurveda\/#primaryimage\"},\"thumbnailUrl\":\"https:\/\/www.medoucine.com\/blog\/wp-content\/uploads\/2019\/07\/6-rasas-ayurveda-gouts-saveurs-yogavedas1.jpg\",\"keywords\":[\"automne\",\"Ayurv\u00e9da\"],\"articleSection\":[\"Alimentation\",\"Recettes naturelles\"],\"inLanguage\":\"fr-FR\",\"potentialAction\":[{\"@type\":\"CommentAction\",\"name\":\"Comment\",\"target\":[\"https:\/\/www.medoucine.com\/blog\/les-aliments-de-lautomne-avec-layurveda\/#respond\"]}]},{\"@type\":\"WebPage\",\"@id\":\"https:\/\/www.medoucine.com\/blog\/les-aliments-de-lautomne-avec-layurveda\/\",\"url\":\"https:\/\/www.medoucine.com\/blog\/les-aliments-de-lautomne-avec-layurveda\/\",\"name\":\"Les aliments de l'automne avec l'Ayurveda ~ Blog de Medoucine\",\"isPartOf\":{\"@id\":\"https:\/\/www.medoucine.com\/blog\/#website\"},\"primaryImageOfPage\":{\"@id\":\"https:\/\/www.medoucine.com\/blog\/les-aliments-de-lautomne-avec-layurveda\/#primaryimage\"},\"image\":{\"@id\":\"https:\/\/www.medoucine.com\/blog\/les-aliments-de-lautomne-avec-layurveda\/#primaryimage\"},\"thumbnailUrl\":\"https:\/\/www.medoucine.com\/blog\/wp-content\/uploads\/2019\/07\/6-rasas-ayurveda-gouts-saveurs-yogavedas1.jpg\",\"datePublished\":\"2018-05-09T22:00:00+00:00\",\"dateModified\":\"2026-04-08T17:21:46+00:00\",\"description\":\"Avec l'automne, saison de grands changements int\u00e9rieurs et d'introspection, il est temps de se pencher sur les aliments \u00e0 privil\u00e9gier.\",\"breadcrumb\":{\"@id\":\"https:\/\/www.medoucine.com\/blog\/les-aliments-de-lautomne-avec-layurveda\/#breadcrumb\"},\"inLanguage\":\"fr-FR\",\"potentialAction\":[{\"@type\":\"ReadAction\",\"target\":[\"https:\/\/www.medoucine.com\/blog\/les-aliments-de-lautomne-avec-layurveda\/\"]}]},{\"@type\":\"ImageObject\",\"inLanguage\":\"fr-FR\",\"@id\":\"https:\/\/www.medoucine.com\/blog\/les-aliments-de-lautomne-avec-layurveda\/#primaryimage\",\"url\":\"https:\/\/www.medoucine.com\/blog\/wp-content\/uploads\/2019\/07\/6-rasas-ayurveda-gouts-saveurs-yogavedas1.jpg\",\"contentUrl\":\"https:\/\/www.medoucine.com\/blog\/wp-content\/uploads\/2019\/07\/6-rasas-ayurveda-gouts-saveurs-yogavedas1.jpg\",\"width\":1280,\"height\":420,\"caption\":\"Les aliments de l'automne avec l'Ayurveda\"},{\"@type\":\"BreadcrumbList\",\"@id\":\"https:\/\/www.medoucine.com\/blog\/les-aliments-de-lautomne-avec-layurveda\/#breadcrumb\",\"itemListElement\":[{\"@type\":\"ListItem\",\"position\":1,\"name\":\"Blog Medoucine\",\"item\":\"https:\/\/www.medoucine.com\/blog\/\"},{\"@type\":\"ListItem\",\"position\":2,\"name\":\"Alimentation\",\"item\":\"https:\/\/www.medoucine.com\/blog\/cat\/alimentation\/\"},{\"@type\":\"ListItem\",\"position\":3,\"name\":\"Recettes naturelles\",\"item\":\"https:\/\/www.medoucine.com\/blog\/cat\/alimentation\/recettes-naturelles\/\"},{\"@type\":\"ListItem\",\"position\":4,\"name\":\"Les aliments de l&rsquo;automne avec l&rsquo;Ayurveda\"}]},{\"@type\":\"WebSite\",\"@id\":\"https:\/\/www.medoucine.com\/blog\/#website\",\"url\":\"https:\/\/www.medoucine.com\/blog\/\",\"name\":\"Blog de Medoucine\",\"description\":\"Le blog des m\u00e9decines douces\",\"publisher\":{\"@id\":\"https:\/\/www.medoucine.com\/blog\/#organization\"},\"potentialAction\":[{\"@type\":\"SearchAction\",\"target\":{\"@type\":\"EntryPoint\",\"urlTemplate\":\"https:\/\/www.medoucine.com\/blog\/?s={search_term_string}\"},\"query-input\":{\"@type\":\"PropertyValueSpecification\",\"valueRequired\":true,\"valueName\":\"search_term_string\"}}],\"inLanguage\":\"fr-FR\"},{\"@type\":\"Organization\",\"@id\":\"https:\/\/www.medoucine.com\/blog\/#organization\",\"name\":\"Medoucine\",\"url\":\"https:\/\/www.medoucine.com\/blog\/\",\"logo\":{\"@type\":\"ImageObject\",\"inLanguage\":\"fr-FR\",\"@id\":\"https:\/\/www.medoucine.com\/blog\/#\/schema\/logo\/image\/\",\"url\":\"https:\/\/www.medoucine.com\/blog\/wp-content\/uploads\/2019\/07\/logo@3x.png\",\"contentUrl\":\"https:\/\/www.medoucine.com\/blog\/wp-content\/uploads\/2019\/07\/logo@3x.png\",\"width\":555,\"height\":135,\"caption\":\"Medoucine\"},\"image\":{\"@id\":\"https:\/\/www.medoucine.com\/blog\/#\/schema\/logo\/image\/\"},\"sameAs\":[\"https:\/\/www.facebook.com\/medoucine\/\",\"https:\/\/x.com\/medoucinefr\",\"https:\/\/www.instagram.com\/medoucine\/\",\"https:\/\/www.youtube.com\/channel\/UCtZeUeJ_KebYK0KJAXjJV8g\"]},{\"@type\":\"Person\",\"@id\":\"https:\/\/www.medoucine.com\/blog\/#\/schema\/person\/02d424cbfb77acef47ea9e5fddec5641\",\"name\":\"Gwena\u00eblle Batard\",\"image\":{\"@type\":\"ImageObject\",\"inLanguage\":\"fr-FR\",\"@id\":\"https:\/\/www.medoucine.com\/blog\/#\/schema\/person\/image\/\",\"url\":\"https:\/\/secure.gravatar.com\/avatar\/d90dff6822643b21582f66dc112b1be69bf3a8b67abc9e3762b3c9f8d576fcf2?s=96&d=mm&r=g\",\"contentUrl\":\"https:\/\/secure.gravatar.com\/avatar\/d90dff6822643b21582f66dc112b1be69bf3a8b67abc9e3762b3c9f8d576fcf2?s=96&d=mm&r=g\",\"caption\":\"Gwena\u00eblle Batard\"},\"description\":\"Th\u00e9rapeute en ayurveda et phytoth\u00e9rapie\",\"sameAs\":[\"https:\/\/www.medoucine.com\/pratiques\/ayurveda-massage-ayurvedique\"],\"url\":\"https:\/\/www.medoucine.com\/blog\/author\/gwenaelle-batard\/\"}]}<\/script>\n<!-- \/ Yoast SEO plugin. -->","yoast_head_json":{"title":"Les aliments de l'automne avec l'Ayurveda ~ Blog de Medoucine","description":"Avec l'automne, saison de grands changements int\u00e9rieurs et d'introspection, il est temps de se pencher sur les aliments \u00e0 privil\u00e9gier.","robots":{"index":"index","follow":"follow","max-snippet":"max-snippet:-1","max-image-preview":"max-image-preview:large","max-video-preview":"max-video-preview:-1"},"canonical":"https:\/\/www.medoucine.com\/blog\/les-aliments-de-lautomne-avec-layurveda\/","og_locale":"fr_FR","og_type":"article","og_title":"Les aliments de l'automne avec l'Ayurveda ~ Blog de Medoucine","og_description":"Avec l'automne, saison de grands changements int\u00e9rieurs et d'introspection, il est temps de se pencher sur les aliments \u00e0 privil\u00e9gier.","og_url":"https:\/\/www.medoucine.com\/blog\/les-aliments-de-lautomne-avec-layurveda\/","og_site_name":"Blog de Medoucine","article_publisher":"https:\/\/www.facebook.com\/medoucine\/","article_published_time":"2018-05-09T22:00:00+00:00","article_modified_time":"2026-04-08T17:21:46+00:00","og_image":[{"width":1280,"height":420,"url":"https:\/\/www.medoucine.com\/blog\/wp-content\/uploads\/2019\/07\/6-rasas-ayurveda-gouts-saveurs-yogavedas1.jpg","type":"image\/jpeg"}],"author":"Gwena\u00eblle Batard","twitter_card":"summary_large_image","twitter_creator":"@medoucinefr","twitter_site":"@medoucinefr","twitter_misc":{"\u00c9crit par":"Gwena\u00eblle Batard","Dur\u00e9e de lecture estim\u00e9e":"4 minutes"},"schema":{"@context":"https:\/\/schema.org","@graph":[{"@type":"Article","@id":"https:\/\/www.medoucine.com\/blog\/les-aliments-de-lautomne-avec-layurveda\/#article","isPartOf":{"@id":"https:\/\/www.medoucine.com\/blog\/les-aliments-de-lautomne-avec-layurveda\/"},"author":{"name":"Gwena\u00eblle Batard","@id":"https:\/\/www.medoucine.com\/blog\/#\/schema\/person\/02d424cbfb77acef47ea9e5fddec5641"},"headline":"Les aliments de l&rsquo;automne avec l&rsquo;Ayurveda","datePublished":"2018-05-09T22:00:00+00:00","dateModified":"2026-04-08T17:21:46+00:00","mainEntityOfPage":{"@id":"https:\/\/www.medoucine.com\/blog\/les-aliments-de-lautomne-avec-layurveda\/"},"wordCount":790,"commentCount":0,"publisher":{"@id":"https:\/\/www.medoucine.com\/blog\/#organization"},"image":{"@id":"https:\/\/www.medoucine.com\/blog\/les-aliments-de-lautomne-avec-layurveda\/#primaryimage"},"thumbnailUrl":"https:\/\/www.medoucine.com\/blog\/wp-content\/uploads\/2019\/07\/6-rasas-ayurveda-gouts-saveurs-yogavedas1.jpg","keywords":["automne","Ayurv\u00e9da"],"articleSection":["Alimentation","Recettes naturelles"],"inLanguage":"fr-FR","potentialAction":[{"@type":"CommentAction","name":"Comment","target":["https:\/\/www.medoucine.com\/blog\/les-aliments-de-lautomne-avec-layurveda\/#respond"]}]},{"@type":"WebPage","@id":"https:\/\/www.medoucine.com\/blog\/les-aliments-de-lautomne-avec-layurveda\/","url":"https:\/\/www.medoucine.com\/blog\/les-aliments-de-lautomne-avec-layurveda\/","name":"Les aliments de l'automne avec l'Ayurveda ~ Blog de Medoucine","isPartOf":{"@id":"https:\/\/www.medoucine.com\/blog\/#website"},"primaryImageOfPage":{"@id":"https:\/\/www.medoucine.com\/blog\/les-aliments-de-lautomne-avec-layurveda\/#primaryimage"},"image":{"@id":"https:\/\/www.medoucine.com\/blog\/les-aliments-de-lautomne-avec-layurveda\/#primaryimage"},"thumbnailUrl":"https:\/\/www.medoucine.com\/blog\/wp-content\/uploads\/2019\/07\/6-rasas-ayurveda-gouts-saveurs-yogavedas1.jpg","datePublished":"2018-05-09T22:00:00+00:00","dateModified":"2026-04-08T17:21:46+00:00","description":"Avec l'automne, saison de grands changements int\u00e9rieurs et d'introspection, il est temps de se pencher sur les aliments \u00e0 privil\u00e9gier.","breadcrumb":{"@id":"https:\/\/www.medoucine.com\/blog\/les-aliments-de-lautomne-avec-layurveda\/#breadcrumb"},"inLanguage":"fr-FR","potentialAction":[{"@type":"ReadAction","target":["https:\/\/www.medoucine.com\/blog\/les-aliments-de-lautomne-avec-layurveda\/"]}]},{"@type":"ImageObject","inLanguage":"fr-FR","@id":"https:\/\/www.medoucine.com\/blog\/les-aliments-de-lautomne-avec-layurveda\/#primaryimage","url":"https:\/\/www.medoucine.com\/blog\/wp-content\/uploads\/2019\/07\/6-rasas-ayurveda-gouts-saveurs-yogavedas1.jpg","contentUrl":"https:\/\/www.medoucine.com\/blog\/wp-content\/uploads\/2019\/07\/6-rasas-ayurveda-gouts-saveurs-yogavedas1.jpg","width":1280,"height":420,"caption":"Les aliments de l'automne avec l'Ayurveda"},{"@type":"BreadcrumbList","@id":"https:\/\/www.medoucine.com\/blog\/les-aliments-de-lautomne-avec-layurveda\/#breadcrumb","itemListElement":[{"@type":"ListItem","position":1,"name":"Blog Medoucine","item":"https:\/\/www.medoucine.com\/blog\/"},{"@type":"ListItem","position":2,"name":"Alimentation","item":"https:\/\/www.medoucine.com\/blog\/cat\/alimentation\/"},{"@type":"ListItem","position":3,"name":"Recettes naturelles","item":"https:\/\/www.medoucine.com\/blog\/cat\/alimentation\/recettes-naturelles\/"},{"@type":"ListItem","position":4,"name":"Les aliments de l&rsquo;automne avec l&rsquo;Ayurveda"}]},{"@type":"WebSite","@id":"https:\/\/www.medoucine.com\/blog\/#website","url":"https:\/\/www.medoucine.com\/blog\/","name":"Blog de Medoucine","description":"Le blog des m\u00e9decines douces","publisher":{"@id":"https:\/\/www.medoucine.com\/blog\/#organization"},"potentialAction":[{"@type":"SearchAction","target":{"@type":"EntryPoint","urlTemplate":"https:\/\/www.medoucine.com\/blog\/?s={search_term_string}"},"query-input":{"@type":"PropertyValueSpecification","valueRequired":true,"valueName":"search_term_string"}}],"inLanguage":"fr-FR"},{"@type":"Organization","@id":"https:\/\/www.medoucine.com\/blog\/#organization","name":"Medoucine","url":"https:\/\/www.medoucine.com\/blog\/","logo":{"@type":"ImageObject","inLanguage":"fr-FR","@id":"https:\/\/www.medoucine.com\/blog\/#\/schema\/logo\/image\/","url":"https:\/\/www.medoucine.com\/blog\/wp-content\/uploads\/2019\/07\/logo@3x.png","contentUrl":"https:\/\/www.medoucine.com\/blog\/wp-content\/uploads\/2019\/07\/logo@3x.png","width":555,"height":135,"caption":"Medoucine"},"image":{"@id":"https:\/\/www.medoucine.com\/blog\/#\/schema\/logo\/image\/"},"sameAs":["https:\/\/www.facebook.com\/medoucine\/","https:\/\/x.com\/medoucinefr","https:\/\/www.instagram.com\/medoucine\/","https:\/\/www.youtube.com\/channel\/UCtZeUeJ_KebYK0KJAXjJV8g"]},{"@type":"Person","@id":"https:\/\/www.medoucine.com\/blog\/#\/schema\/person\/02d424cbfb77acef47ea9e5fddec5641","name":"Gwena\u00eblle Batard","image":{"@type":"ImageObject","inLanguage":"fr-FR","@id":"https:\/\/www.medoucine.com\/blog\/#\/schema\/person\/image\/","url":"https:\/\/secure.gravatar.com\/avatar\/d90dff6822643b21582f66dc112b1be69bf3a8b67abc9e3762b3c9f8d576fcf2?s=96&d=mm&r=g","contentUrl":"https:\/\/secure.gravatar.com\/avatar\/d90dff6822643b21582f66dc112b1be69bf3a8b67abc9e3762b3c9f8d576fcf2?s=96&d=mm&r=g","caption":"Gwena\u00eblle Batard"},"description":"Th\u00e9rapeute en ayurveda et phytoth\u00e9rapie","sameAs":["https:\/\/www.medoucine.com\/pratiques\/ayurveda-massage-ayurvedique"],"url":"https:\/\/www.medoucine.com\/blog\/author\/gwenaelle-batard\/"}]}},"_links":{"self":[{"href":"https:\/\/www.medoucine.com\/blog\/wp-json\/wp\/v2\/posts\/12235","targetHints":{"allow":["GET"]}}],"collection":[{"href":"https:\/\/www.medoucine.com\/blog\/wp-json\/wp\/v2\/posts"}],"about":[{"href":"https:\/\/www.medoucine.com\/blog\/wp-json\/wp\/v2\/types\/post"}],"author":[{"embeddable":true,"href":"https:\/\/www.medoucine.com\/blog\/wp-json\/wp\/v2\/users\/21"}],"replies":[{"embeddable":true,"href":"https:\/\/www.medoucine.com\/blog\/wp-json\/wp\/v2\/comments?post=12235"}],"version-history":[{"count":6,"href":"https:\/\/www.medoucine.com\/blog\/wp-json\/wp\/v2\/posts\/12235\/revisions"}],"predecessor-version":[{"id":43426,"href":"https:\/\/www.medoucine.com\/blog\/wp-json\/wp\/v2\/posts\/12235\/revisions\/43426"}],"wp:featuredmedia":[{"embeddable":true,"href":"https:\/\/www.medoucine.com\/blog\/wp-json\/wp\/v2\/media\/690"}],"wp:attachment":[{"href":"https:\/\/www.medoucine.com\/blog\/wp-json\/wp\/v2\/media?parent=12235"}],"wp:term":[{"taxonomy":"category","embeddable":true,"href":"https:\/\/www.medoucine.com\/blog\/wp-json\/wp\/v2\/categories?post=12235"},{"taxonomy":"post_tag","embeddable":true,"href":"https:\/\/www.medoucine.com\/blog\/wp-json\/wp\/v2\/tags?post=12235"}],"curies":[{"name":"wp","href":"https:\/\/api.w.org\/{rel}","templated":true}]}}