{"id":12183,"date":"2019-07-23T00:00:00","date_gmt":"2019-07-22T22:00:00","guid":{"rendered":"https:\/\/www.medoucine.com\/blog\/faire-face-a-la-deprime-hivernale-et-preparer-le-printemps-avec-la-sophrologie\/"},"modified":"2026-04-08T19:08:40","modified_gmt":"2026-04-08T17:08:40","slug":"faire-face-a-la-deprime-hivernale-et-preparer-le-printemps-avec-la-sophrologie","status":"publish","type":"post","link":"https:\/\/www.medoucine.com\/blog\/faire-face-a-la-deprime-hivernale-et-preparer-le-printemps-avec-la-sophrologie\/","title":{"rendered":"Faire face \u00e0 la d\u00e9prime hivernale et pr\u00e9parer le printemps avec la sophrologie"},"content":{"rendered":"<p class=\"has-drop-cap\">Blues hivernal, d\u00e9pression saisonni\u00e8re hivernale, d\u00e9prime d&rsquo;hiver 10% d&rsquo;entre nous souffriraient de ce coup de pompe d\u00fb au manque de lumi\u00e8re.<\/p>\n<p>En effet, comme tous les animaux, nous sommes sensibles \u00e0 la quantit\u00e9 de lumi\u00e8re qui d\u00e9pend de la saison. Par une journ\u00e9e d&rsquo;\u00e9t\u00e9 ensoleill\u00e9e nous recevons 50.000 \u00e0 100.000 lux. Par une journ\u00e9e d&rsquo;hiver ensoleill\u00e9e, nous captons seulement 2.000 \u00e0 10.000 lux ! Or, quand on manque de lumi\u00e8re, le cerveau l&rsquo;enregistre et cela nous affecte de bien des mani\u00e8res : humeur d\u00e9pressive, irritabilit\u00e9, augmentation de l&rsquo;app\u00e9tit, fatigue chronique, baisse de libido<\/p>\n<p>Afin de traverser l&rsquo;hiver et le froid avec un moral ensoleill\u00e9, <a href=\"https:\/\/www.medoucine.com\/consultations\/se-soigner\/sophrologie\/paris\/tous-publics\/a-domicile-ou-cabinet\"><strong>la sophrologie vient \u00e0 votre secours<\/strong><\/a>. Explications de C\u00e9line Mestre, sophrologue recommand\u00e9e du r\u00e9seau Medoucine.<\/p>\n<p>Tout d&rsquo;abord, la sophrologie vous aide \u00e0 <strong>r\u00e9duire le stress et l&rsquo;anxi\u00e9t\u00e9<\/strong>, puisque le manque de soleil ne permet plus \u00e0 notre corps de s\u00e9cr\u00e9ter de l&rsquo;endorphine, qui nous aide \u00e0 \u00eatre de bonne humeur, autant qu&rsquo;en \u00e9t\u00e9. Ainsi, les exercices propos\u00e9s <a href=\"https:\/\/www.medoucine.com\/pratiques\/sophrologie\">en sophrologie<\/a> sont des exercices simples notamment pour la remise en mouvement de votre corps et de votre mental d\u00e8s le r\u00e9veil, ou pour un endormissement et un sommeil de bonne qualit\u00e9.<\/p>\n<p>Le matin,<strong> \u00e9tirez-vous gr\u00e2ce aux \u00ab\u00a0h\u00e9mi-corps\u00a0\u00bb<\/strong> : debout, basculez le poids du corps sur le pied droit, levez le bras droit en inspirant par le nez, retenez votre respiration quelques instants, \u00e9tirez tout votre c\u00f4t\u00e9 droit en levant le poing vers le ciel, puis laissez redescendre votre bras en soufflant par la bouche (\u00e0 faire une fois du c\u00f4t\u00e9 droit, une fois du c\u00f4t\u00e9 gauche, une fois avec les deux bras).<\/p>\n<p>Le soir, <strong>\u00e9vacuez toutes les tensions de la journ\u00e9e avec le \u00ab\u00a0pompage des \u00e9paules\u00a0\u00bb<\/strong> : debout ou assis au bord d&rsquo;une chaise, commencez par souffler, les poings se ferment, puis inspirez profond\u00e9ment, et, tout en retenant l&rsquo;air dans vos poumons, faites quelques mouvements de haut en bas avec vos \u00e9paules (lents ou rapides, \u00e0 votre choix), puis, quand vous le souhaitez, soufflez fort en laissant vos \u00e9paules retomber et en ouvrant vos mains. \u00e0 faire 3 fois.<\/p>\n<p>Apr\u00e8s chaque mouvement, prenez toujours quelques instants pour accueillir vos ressentis.<\/p>\n<p>Ensuite, la sophrologie vous permet de <strong>vous replonger dans des souvenirs agr\u00e9ables<\/strong> o\u00f9 vous pouvez r\u00e9activer toutes les ressources qui sont en vous et qui vous aideront \u00e0 passer des jours froids, mais sereins. Installez-vous confortablement, d\u00e9tendez-vous sur quelques respirations profondes, et accueillez \u00e0 votre esprit une situation tr\u00e8s agr\u00e9able, un moment o\u00f9 vous vous sentez particuli\u00e8rement bien. Par exemple, un souvenir de vacances, l&rsquo;\u00e9t\u00e9, sur la plage. Laissez venir cette situation \u00e0 votre conscience, fixez-la bien dans votre esprit, concentrez-vous uniquement sur elle.<br \/>\nPuis, d\u00e9taillez-la le plus pr\u00e9cis\u00e9ment possible : ce que vous voyez (l&rsquo;environnement dans lequel vous vous trouvez, le paysage, les objets, les formes, les couleurs, les personnes autour de vous ), ce que vous entendez (les sons, le bruit des vagues, les voix des personnes qui vous entourent ), ce que vous sentez (les odeurs, les parfums ), ce que vous pouvez toucher (sentez le contact du sable sous vos doigts), ce que vous pouvez go\u00fbter (sentez cette saveur agr\u00e9able dans votre bouche : sal\u00e9, sucr\u00e9, doux, amer, chaud, froid ).<br \/>\nConcentrez-vous bien sur tous les aspects de la situation et prenez conscience du bien-\u00eatre qu&rsquo;elle vous procure. Avec de l&rsquo;entra\u00eenement, cette situation saura revenir \u00e0 votre esprit et vous r\u00e9conforter en toute circonstance d\u00e8s que vous en aurez besoin !<\/p>\n<p>Enfin, il s&rsquo;agit aussi de <strong>vous projeter positivement dans les mois \u00e0 venir <\/strong>avec la sophrologie. Imaginez que le printemps sera bient\u00f4t l\u00e0, remettez tous vos sens en \u00e9veil, comme le bourgeonnement de la nature, la flore et la faune qui s&rsquo;activent, la temp\u00e9rature qui augmente, la vie qui reprend, la luminosit\u00e9 qui se renforce et accompagnez cet \u00e9veil qui se fera bient\u00f4t en vous avec votre respiration : \u00e0 l&rsquo;inspire laissez venir toutes les sensations agr\u00e9ables et toutes les \u00e9motions positives du printemps qui sera bient\u00f4t l\u00e0, et \u00e0 l&rsquo;expire diffusez dans toutes les zones de votre corps, remplissez-vous peu \u00e0 peu.<\/p>\n<p>Ainsi, la pratique r\u00e9guli\u00e8re de la sophrologie aide \u00e0 <strong>se sentir mieux dans son corps et dans sa t\u00eate, gr\u00e2ce \u00e0 une conscience plus fine de soi-m\u00eame et de son environnement. <\/strong>Les exercices de respiration et de relaxation dynamique agissent directement sur le syst\u00e8me nerveux et sur le syst\u00e8me hormonal, et permettent de maintenir le corps et l&rsquo;esprit en \u00e9quilibre.<\/p>\n<p>Les exercices de visualisation, et notamment les exercices de futurisation, permettent de prendre de la distance par rapport \u00e0 un pr\u00e9sent froid et gris en hiver, et d&rsquo;activer tout ce qui caract\u00e9rise en nous le printemps et l&rsquo;\u00e9t\u00e9 : la joie, la confiance, l&rsquo;espoir, l&rsquo;enthousiasme, le rythme, l&rsquo;envie, le plaisir : bref, son soleil int\u00e9rieur !<\/p>\n<p><a href=\"https:\/\/www.medoucine.com\/consultations?targets=&amp;remote=&amp;weekend=&amp;home=&amp;problematic=&amp;practices%5B%5D=sophrologie&amp;location%5Bname%5D=Cormeilles-en-Parisis%2C+France&amp;location%5Blat%5D=48.973526&amp;location%5Blng%5D=2.201292&amp;location%5Bcity%5D=Cormeilles-en-Parisis&amp;location%5Bpostcode%5D=95240\">Par C\u00e9line Mestre, sophrologue recommand\u00e9e du r\u00e9seau Medoucine.<\/a><\/p>\n<div class=\"m-spin\">\n<p class=\"m-spin__text\"><strong>Sophrologie : Retrouvez \u00e9nergie et s\u00e9r\u00e9nit\u00e9 cet hiver<\/strong><\/p>\n<p class=\"m-spin__text\">La d\u00e9prime hivernale est fr\u00e9quente, mais la sophrologie offre des outils concrets pour la surmonter et aborder le printemps avec optimisme. Prenez rendez-vous avec un <a class=\"m-spin__link\" target=\"_blank\" rel=\"noopener noreferrer\" href=\"https:\/\/www.medoucine.com\/consultations\/se-soigner\/sophrologie\/montpellier\/tous-publics\/a-domicile-ou-cabinet?utm_source=medoucine_blog_B2C&amp;utm_medium=article_blog&amp;utm_campaign=spin_seo\">Sophrologue \u00e0 Montpellier<\/a>, un <a class=\"m-spin__link\" target=\"_blank\" rel=\"noopener noreferrer\" href=\"https:\/\/www.medoucine.com\/consultations\/se-soigner\/sophrologie\/nantes\/tous-publics\/a-domicile-ou-cabinet?utm_source=medoucine_blog_B2C&amp;utm_medium=article_blog&amp;utm_campaign=spin_seo\">Sophrologue \u00e0 Nantes<\/a> ou un <a class=\"m-spin__link\" target=\"_blank\" rel=\"noopener noreferrer\" href=\"https:\/\/www.medoucine.com\/consultations\/se-soigner\/sophrologie\/paris\/tous-publics\/a-domicile-ou-cabinet?utm_source=medoucine_blog_B2C&amp;utm_medium=article_blog&amp;utm_campaign=spin_seo\">Sophrologue \u00e0 Paris<\/a> pour apprendre \u00e0 g\u00e9rer vos \u00e9motions. Ces techniques vous aideront \u00e0 retrouver un \u00e9quilibre int\u00e9rieur durable.<\/p>\n<p class=\"m-spin__text\">Vous souhaitez b\u00e9n\u00e9ficier des bienfaits de la sophrologie ? Trouvez des <a class=\"m-spin__link\" target=\"_blank\" rel=\"noopener noreferrer\" href=\"https:\/\/www.medoucine.com\/consultations\/se-soigner\/sophrologie\/autour-de-moi?utm_source=medoucine_blog_B2C&amp;utm_medium=article_blog&amp;utm_campaign=spin_seo\">Sophrologues pr\u00e8s de chez vous<\/a> pour vous accompagner dans votre cheminement vers un mieux-\u00eatre.<\/p>\n<\/div>\n","protected":false},"excerpt":{"rendered":"<p>Blues hivernal, d\u00e9pression saisonni\u00e8re hivernale, d\u00e9prime d&rsquo;hiver  10% d&rsquo;entre nous souffriraient de ce coup de pompe d\u00fb au manque de lumi\u00e8re.<\/p>\n","protected":false},"author":82,"featured_media":787,"comment_status":"open","ping_status":"open","sticky":false,"template":"","format":"standard","meta":{"_acf_changed":false,"footnotes":""},"categories":[105,101],"tags":[309,298],"class_list":["post-12183","post","type-post","status-publish","format-standard","has-post-thumbnail","hentry","category-autres-troubles","category-psycho","tag-depression","tag-hiver"],"acf":[],"yoast_head":"<!-- This site is optimized with the Yoast SEO plugin v27.1.1 - https:\/\/yoast.com\/product\/yoast-seo-wordpress\/ -->\n<title>Faire face \u00e0 la d\u00e9prime hivernale et pr\u00e9parer le printemps avec la sophrologie ~ Blog de Medoucine<\/title>\n<meta name=\"description\" content=\"Blues hivernal, d\u00e9pression saisonni\u00e8re hivernale, d\u00e9prime d&#039;hiver 10% d&#039;entre nous souffriraient de ce coup de pompe d\u00fb au manque de lumi\u00e8re.\" \/>\n<meta name=\"robots\" content=\"index, follow, max-snippet:-1, max-image-preview:large, max-video-preview:-1\" \/>\n<link rel=\"canonical\" href=\"https:\/\/www.medoucine.com\/blog\/faire-face-a-la-deprime-hivernale-et-preparer-le-printemps-avec-la-sophrologie\/\" \/>\n<meta property=\"og:locale\" content=\"fr_FR\" \/>\n<meta property=\"og:type\" content=\"article\" \/>\n<meta property=\"og:title\" content=\"Faire face \u00e0 la d\u00e9prime hivernale et pr\u00e9parer le printemps avec la sophrologie ~ Blog de Medoucine\" \/>\n<meta property=\"og:description\" content=\"Blues hivernal, d\u00e9pression saisonni\u00e8re hivernale, d\u00e9prime d&#039;hiver 10% d&#039;entre nous souffriraient de ce coup de pompe d\u00fb au manque de lumi\u00e8re.\" \/>\n<meta property=\"og:url\" content=\"https:\/\/www.medoucine.com\/blog\/faire-face-a-la-deprime-hivernale-et-preparer-le-printemps-avec-la-sophrologie\/\" \/>\n<meta property=\"og:site_name\" content=\"Blog de Medoucine\" \/>\n<meta property=\"article:publisher\" content=\"https:\/\/www.facebook.com\/medoucine\/\" \/>\n<meta property=\"article:published_time\" content=\"2019-07-22T22:00:00+00:00\" \/>\n<meta property=\"article:modified_time\" content=\"2026-04-08T17:08:40+00:00\" \/>\n<meta property=\"og:image\" content=\"https:\/\/www.medoucine.com\/blog\/wp-content\/uploads\/2019\/07\/photo-1523766775147-152d0d6e2adb-e1648559847518.jpeg\" \/>\n\t<meta property=\"og:image:width\" content=\"675\" \/>\n\t<meta property=\"og:image:height\" content=\"450\" \/>\n\t<meta property=\"og:image:type\" content=\"image\/jpeg\" \/>\n<meta name=\"author\" content=\"C\u00e9line Mestre\" \/>\n<meta name=\"twitter:card\" content=\"summary_large_image\" \/>\n<meta name=\"twitter:creator\" content=\"@medoucinefr\" \/>\n<meta name=\"twitter:site\" content=\"@medoucinefr\" \/>\n<meta name=\"twitter:label1\" content=\"\u00c9crit par\" \/>\n\t<meta name=\"twitter:data1\" content=\"C\u00e9line Mestre\" \/>\n\t<meta name=\"twitter:label2\" content=\"Dur\u00e9e de lecture estim\u00e9e\" \/>\n\t<meta name=\"twitter:data2\" content=\"5 minutes\" \/>\n<script type=\"application\/ld+json\" class=\"yoast-schema-graph\">{\"@context\":\"https:\/\/schema.org\",\"@graph\":[{\"@type\":\"Article\",\"@id\":\"https:\/\/www.medoucine.com\/blog\/faire-face-a-la-deprime-hivernale-et-preparer-le-printemps-avec-la-sophrologie\/#article\",\"isPartOf\":{\"@id\":\"https:\/\/www.medoucine.com\/blog\/faire-face-a-la-deprime-hivernale-et-preparer-le-printemps-avec-la-sophrologie\/\"},\"author\":{\"name\":\"C\u00e9line Mestre\",\"@id\":\"https:\/\/www.medoucine.com\/blog\/#\/schema\/person\/49e1027149769a8ff222a1fa2870bf11\"},\"headline\":\"Faire face \u00e0 la d\u00e9prime hivernale et pr\u00e9parer le printemps avec la sophrologie\",\"datePublished\":\"2019-07-22T22:00:00+00:00\",\"dateModified\":\"2026-04-08T17:08:40+00:00\",\"mainEntityOfPage\":{\"@id\":\"https:\/\/www.medoucine.com\/blog\/faire-face-a-la-deprime-hivernale-et-preparer-le-printemps-avec-la-sophrologie\/\"},\"wordCount\":947,\"commentCount\":0,\"publisher\":{\"@id\":\"https:\/\/www.medoucine.com\/blog\/#organization\"},\"image\":{\"@id\":\"https:\/\/www.medoucine.com\/blog\/faire-face-a-la-deprime-hivernale-et-preparer-le-printemps-avec-la-sophrologie\/#primaryimage\"},\"thumbnailUrl\":\"https:\/\/www.medoucine.com\/blog\/wp-content\/uploads\/2019\/07\/photo-1523766775147-152d0d6e2adb-e1648559847518.jpeg\",\"keywords\":[\"d\u00e9pression\",\"hiver\"],\"articleSection\":[\"Autres troubles\",\"Psycho\"],\"inLanguage\":\"fr-FR\",\"potentialAction\":[{\"@type\":\"CommentAction\",\"name\":\"Comment\",\"target\":[\"https:\/\/www.medoucine.com\/blog\/faire-face-a-la-deprime-hivernale-et-preparer-le-printemps-avec-la-sophrologie\/#respond\"]}]},{\"@type\":\"WebPage\",\"@id\":\"https:\/\/www.medoucine.com\/blog\/faire-face-a-la-deprime-hivernale-et-preparer-le-printemps-avec-la-sophrologie\/\",\"url\":\"https:\/\/www.medoucine.com\/blog\/faire-face-a-la-deprime-hivernale-et-preparer-le-printemps-avec-la-sophrologie\/\",\"name\":\"Faire face \u00e0 la d\u00e9prime hivernale et pr\u00e9parer le printemps avec la sophrologie ~ Blog de Medoucine\",\"isPartOf\":{\"@id\":\"https:\/\/www.medoucine.com\/blog\/#website\"},\"primaryImageOfPage\":{\"@id\":\"https:\/\/www.medoucine.com\/blog\/faire-face-a-la-deprime-hivernale-et-preparer-le-printemps-avec-la-sophrologie\/#primaryimage\"},\"image\":{\"@id\":\"https:\/\/www.medoucine.com\/blog\/faire-face-a-la-deprime-hivernale-et-preparer-le-printemps-avec-la-sophrologie\/#primaryimage\"},\"thumbnailUrl\":\"https:\/\/www.medoucine.com\/blog\/wp-content\/uploads\/2019\/07\/photo-1523766775147-152d0d6e2adb-e1648559847518.jpeg\",\"datePublished\":\"2019-07-22T22:00:00+00:00\",\"dateModified\":\"2026-04-08T17:08:40+00:00\",\"description\":\"Blues hivernal, d\u00e9pression saisonni\u00e8re hivernale, d\u00e9prime d'hiver 10% d'entre nous souffriraient de ce coup de pompe d\u00fb au manque de lumi\u00e8re.\",\"breadcrumb\":{\"@id\":\"https:\/\/www.medoucine.com\/blog\/faire-face-a-la-deprime-hivernale-et-preparer-le-printemps-avec-la-sophrologie\/#breadcrumb\"},\"inLanguage\":\"fr-FR\",\"potentialAction\":[{\"@type\":\"ReadAction\",\"target\":[\"https:\/\/www.medoucine.com\/blog\/faire-face-a-la-deprime-hivernale-et-preparer-le-printemps-avec-la-sophrologie\/\"]}]},{\"@type\":\"ImageObject\",\"inLanguage\":\"fr-FR\",\"@id\":\"https:\/\/www.medoucine.com\/blog\/faire-face-a-la-deprime-hivernale-et-preparer-le-printemps-avec-la-sophrologie\/#primaryimage\",\"url\":\"https:\/\/www.medoucine.com\/blog\/wp-content\/uploads\/2019\/07\/photo-1523766775147-152d0d6e2adb-e1648559847518.jpeg\",\"contentUrl\":\"https:\/\/www.medoucine.com\/blog\/wp-content\/uploads\/2019\/07\/photo-1523766775147-152d0d6e2adb-e1648559847518.jpeg\",\"width\":675,\"height\":450,\"caption\":\"Faire face \u00e0 la d\u00e9prime hivernale et pr\u00e9parer le printemps avec la sophrologie\"},{\"@type\":\"BreadcrumbList\",\"@id\":\"https:\/\/www.medoucine.com\/blog\/faire-face-a-la-deprime-hivernale-et-preparer-le-printemps-avec-la-sophrologie\/#breadcrumb\",\"itemListElement\":[{\"@type\":\"ListItem\",\"position\":1,\"name\":\"Blog Medoucine\",\"item\":\"https:\/\/www.medoucine.com\/blog\/\"},{\"@type\":\"ListItem\",\"position\":2,\"name\":\"Psycho\",\"item\":\"https:\/\/www.medoucine.com\/blog\/cat\/psycho\/\"},{\"@type\":\"ListItem\",\"position\":3,\"name\":\"Autres troubles\",\"item\":\"https:\/\/www.medoucine.com\/blog\/cat\/psycho\/autres-troubles\/\"},{\"@type\":\"ListItem\",\"position\":4,\"name\":\"Faire face \u00e0 la d\u00e9prime hivernale et pr\u00e9parer le printemps avec la sophrologie\"}]},{\"@type\":\"WebSite\",\"@id\":\"https:\/\/www.medoucine.com\/blog\/#website\",\"url\":\"https:\/\/www.medoucine.com\/blog\/\",\"name\":\"Blog de Medoucine\",\"description\":\"Le blog des m\u00e9decines douces\",\"publisher\":{\"@id\":\"https:\/\/www.medoucine.com\/blog\/#organization\"},\"potentialAction\":[{\"@type\":\"SearchAction\",\"target\":{\"@type\":\"EntryPoint\",\"urlTemplate\":\"https:\/\/www.medoucine.com\/blog\/?s={search_term_string}\"},\"query-input\":{\"@type\":\"PropertyValueSpecification\",\"valueRequired\":true,\"valueName\":\"search_term_string\"}}],\"inLanguage\":\"fr-FR\"},{\"@type\":\"Organization\",\"@id\":\"https:\/\/www.medoucine.com\/blog\/#organization\",\"name\":\"Medoucine\",\"url\":\"https:\/\/www.medoucine.com\/blog\/\",\"logo\":{\"@type\":\"ImageObject\",\"inLanguage\":\"fr-FR\",\"@id\":\"https:\/\/www.medoucine.com\/blog\/#\/schema\/logo\/image\/\",\"url\":\"https:\/\/www.medoucine.com\/blog\/wp-content\/uploads\/2019\/07\/logo@3x.png\",\"contentUrl\":\"https:\/\/www.medoucine.com\/blog\/wp-content\/uploads\/2019\/07\/logo@3x.png\",\"width\":555,\"height\":135,\"caption\":\"Medoucine\"},\"image\":{\"@id\":\"https:\/\/www.medoucine.com\/blog\/#\/schema\/logo\/image\/\"},\"sameAs\":[\"https:\/\/www.facebook.com\/medoucine\/\",\"https:\/\/x.com\/medoucinefr\",\"https:\/\/www.instagram.com\/medoucine\/\",\"https:\/\/www.youtube.com\/channel\/UCtZeUeJ_KebYK0KJAXjJV8g\"]},{\"@type\":\"Person\",\"@id\":\"https:\/\/www.medoucine.com\/blog\/#\/schema\/person\/49e1027149769a8ff222a1fa2870bf11\",\"name\":\"C\u00e9line Mestre\",\"image\":{\"@type\":\"ImageObject\",\"inLanguage\":\"fr-FR\",\"@id\":\"https:\/\/www.medoucine.com\/blog\/#\/schema\/person\/image\/\",\"url\":\"https:\/\/secure.gravatar.com\/avatar\/e3bf424aa94c5b11615ebc80bbc370c2ab0177bf28d8a357ef3ebb374f7a1fae?s=96&d=mm&r=g\",\"contentUrl\":\"https:\/\/secure.gravatar.com\/avatar\/e3bf424aa94c5b11615ebc80bbc370c2ab0177bf28d8a357ef3ebb374f7a1fae?s=96&d=mm&r=g\",\"caption\":\"C\u00e9line Mestre\"},\"description\":\"Sophrologue \u00e0 Paris\",\"sameAs\":[\"https:\/\/www.medoucine.com\/pratiques\/sophrologie\"],\"url\":\"https:\/\/www.medoucine.com\/blog\/author\/celine-mestre\/\"}]}<\/script>\n<!-- \/ Yoast SEO plugin. -->","yoast_head_json":{"title":"Faire face \u00e0 la d\u00e9prime hivernale et pr\u00e9parer le printemps avec la sophrologie ~ Blog de Medoucine","description":"Blues hivernal, d\u00e9pression saisonni\u00e8re hivernale, d\u00e9prime d'hiver 10% d'entre nous souffriraient de ce coup de pompe d\u00fb au manque de lumi\u00e8re.","robots":{"index":"index","follow":"follow","max-snippet":"max-snippet:-1","max-image-preview":"max-image-preview:large","max-video-preview":"max-video-preview:-1"},"canonical":"https:\/\/www.medoucine.com\/blog\/faire-face-a-la-deprime-hivernale-et-preparer-le-printemps-avec-la-sophrologie\/","og_locale":"fr_FR","og_type":"article","og_title":"Faire face \u00e0 la d\u00e9prime hivernale et pr\u00e9parer le printemps avec la sophrologie ~ Blog de Medoucine","og_description":"Blues hivernal, d\u00e9pression saisonni\u00e8re hivernale, d\u00e9prime d'hiver 10% d'entre nous souffriraient de ce coup de pompe d\u00fb au manque de lumi\u00e8re.","og_url":"https:\/\/www.medoucine.com\/blog\/faire-face-a-la-deprime-hivernale-et-preparer-le-printemps-avec-la-sophrologie\/","og_site_name":"Blog de Medoucine","article_publisher":"https:\/\/www.facebook.com\/medoucine\/","article_published_time":"2019-07-22T22:00:00+00:00","article_modified_time":"2026-04-08T17:08:40+00:00","og_image":[{"width":675,"height":450,"url":"https:\/\/www.medoucine.com\/blog\/wp-content\/uploads\/2019\/07\/photo-1523766775147-152d0d6e2adb-e1648559847518.jpeg","type":"image\/jpeg"}],"author":"C\u00e9line Mestre","twitter_card":"summary_large_image","twitter_creator":"@medoucinefr","twitter_site":"@medoucinefr","twitter_misc":{"\u00c9crit par":"C\u00e9line Mestre","Dur\u00e9e de lecture estim\u00e9e":"5 minutes"},"schema":{"@context":"https:\/\/schema.org","@graph":[{"@type":"Article","@id":"https:\/\/www.medoucine.com\/blog\/faire-face-a-la-deprime-hivernale-et-preparer-le-printemps-avec-la-sophrologie\/#article","isPartOf":{"@id":"https:\/\/www.medoucine.com\/blog\/faire-face-a-la-deprime-hivernale-et-preparer-le-printemps-avec-la-sophrologie\/"},"author":{"name":"C\u00e9line Mestre","@id":"https:\/\/www.medoucine.com\/blog\/#\/schema\/person\/49e1027149769a8ff222a1fa2870bf11"},"headline":"Faire face \u00e0 la d\u00e9prime hivernale et pr\u00e9parer le printemps avec la sophrologie","datePublished":"2019-07-22T22:00:00+00:00","dateModified":"2026-04-08T17:08:40+00:00","mainEntityOfPage":{"@id":"https:\/\/www.medoucine.com\/blog\/faire-face-a-la-deprime-hivernale-et-preparer-le-printemps-avec-la-sophrologie\/"},"wordCount":947,"commentCount":0,"publisher":{"@id":"https:\/\/www.medoucine.com\/blog\/#organization"},"image":{"@id":"https:\/\/www.medoucine.com\/blog\/faire-face-a-la-deprime-hivernale-et-preparer-le-printemps-avec-la-sophrologie\/#primaryimage"},"thumbnailUrl":"https:\/\/www.medoucine.com\/blog\/wp-content\/uploads\/2019\/07\/photo-1523766775147-152d0d6e2adb-e1648559847518.jpeg","keywords":["d\u00e9pression","hiver"],"articleSection":["Autres troubles","Psycho"],"inLanguage":"fr-FR","potentialAction":[{"@type":"CommentAction","name":"Comment","target":["https:\/\/www.medoucine.com\/blog\/faire-face-a-la-deprime-hivernale-et-preparer-le-printemps-avec-la-sophrologie\/#respond"]}]},{"@type":"WebPage","@id":"https:\/\/www.medoucine.com\/blog\/faire-face-a-la-deprime-hivernale-et-preparer-le-printemps-avec-la-sophrologie\/","url":"https:\/\/www.medoucine.com\/blog\/faire-face-a-la-deprime-hivernale-et-preparer-le-printemps-avec-la-sophrologie\/","name":"Faire face \u00e0 la d\u00e9prime hivernale et pr\u00e9parer le printemps avec la sophrologie ~ Blog de Medoucine","isPartOf":{"@id":"https:\/\/www.medoucine.com\/blog\/#website"},"primaryImageOfPage":{"@id":"https:\/\/www.medoucine.com\/blog\/faire-face-a-la-deprime-hivernale-et-preparer-le-printemps-avec-la-sophrologie\/#primaryimage"},"image":{"@id":"https:\/\/www.medoucine.com\/blog\/faire-face-a-la-deprime-hivernale-et-preparer-le-printemps-avec-la-sophrologie\/#primaryimage"},"thumbnailUrl":"https:\/\/www.medoucine.com\/blog\/wp-content\/uploads\/2019\/07\/photo-1523766775147-152d0d6e2adb-e1648559847518.jpeg","datePublished":"2019-07-22T22:00:00+00:00","dateModified":"2026-04-08T17:08:40+00:00","description":"Blues hivernal, d\u00e9pression saisonni\u00e8re hivernale, d\u00e9prime d'hiver 10% d'entre nous souffriraient de ce coup de pompe d\u00fb au manque de lumi\u00e8re.","breadcrumb":{"@id":"https:\/\/www.medoucine.com\/blog\/faire-face-a-la-deprime-hivernale-et-preparer-le-printemps-avec-la-sophrologie\/#breadcrumb"},"inLanguage":"fr-FR","potentialAction":[{"@type":"ReadAction","target":["https:\/\/www.medoucine.com\/blog\/faire-face-a-la-deprime-hivernale-et-preparer-le-printemps-avec-la-sophrologie\/"]}]},{"@type":"ImageObject","inLanguage":"fr-FR","@id":"https:\/\/www.medoucine.com\/blog\/faire-face-a-la-deprime-hivernale-et-preparer-le-printemps-avec-la-sophrologie\/#primaryimage","url":"https:\/\/www.medoucine.com\/blog\/wp-content\/uploads\/2019\/07\/photo-1523766775147-152d0d6e2adb-e1648559847518.jpeg","contentUrl":"https:\/\/www.medoucine.com\/blog\/wp-content\/uploads\/2019\/07\/photo-1523766775147-152d0d6e2adb-e1648559847518.jpeg","width":675,"height":450,"caption":"Faire face \u00e0 la d\u00e9prime hivernale et pr\u00e9parer le printemps avec la sophrologie"},{"@type":"BreadcrumbList","@id":"https:\/\/www.medoucine.com\/blog\/faire-face-a-la-deprime-hivernale-et-preparer-le-printemps-avec-la-sophrologie\/#breadcrumb","itemListElement":[{"@type":"ListItem","position":1,"name":"Blog Medoucine","item":"https:\/\/www.medoucine.com\/blog\/"},{"@type":"ListItem","position":2,"name":"Psycho","item":"https:\/\/www.medoucine.com\/blog\/cat\/psycho\/"},{"@type":"ListItem","position":3,"name":"Autres troubles","item":"https:\/\/www.medoucine.com\/blog\/cat\/psycho\/autres-troubles\/"},{"@type":"ListItem","position":4,"name":"Faire face \u00e0 la d\u00e9prime hivernale et pr\u00e9parer le printemps avec la sophrologie"}]},{"@type":"WebSite","@id":"https:\/\/www.medoucine.com\/blog\/#website","url":"https:\/\/www.medoucine.com\/blog\/","name":"Blog de Medoucine","description":"Le blog des m\u00e9decines douces","publisher":{"@id":"https:\/\/www.medoucine.com\/blog\/#organization"},"potentialAction":[{"@type":"SearchAction","target":{"@type":"EntryPoint","urlTemplate":"https:\/\/www.medoucine.com\/blog\/?s={search_term_string}"},"query-input":{"@type":"PropertyValueSpecification","valueRequired":true,"valueName":"search_term_string"}}],"inLanguage":"fr-FR"},{"@type":"Organization","@id":"https:\/\/www.medoucine.com\/blog\/#organization","name":"Medoucine","url":"https:\/\/www.medoucine.com\/blog\/","logo":{"@type":"ImageObject","inLanguage":"fr-FR","@id":"https:\/\/www.medoucine.com\/blog\/#\/schema\/logo\/image\/","url":"https:\/\/www.medoucine.com\/blog\/wp-content\/uploads\/2019\/07\/logo@3x.png","contentUrl":"https:\/\/www.medoucine.com\/blog\/wp-content\/uploads\/2019\/07\/logo@3x.png","width":555,"height":135,"caption":"Medoucine"},"image":{"@id":"https:\/\/www.medoucine.com\/blog\/#\/schema\/logo\/image\/"},"sameAs":["https:\/\/www.facebook.com\/medoucine\/","https:\/\/x.com\/medoucinefr","https:\/\/www.instagram.com\/medoucine\/","https:\/\/www.youtube.com\/channel\/UCtZeUeJ_KebYK0KJAXjJV8g"]},{"@type":"Person","@id":"https:\/\/www.medoucine.com\/blog\/#\/schema\/person\/49e1027149769a8ff222a1fa2870bf11","name":"C\u00e9line Mestre","image":{"@type":"ImageObject","inLanguage":"fr-FR","@id":"https:\/\/www.medoucine.com\/blog\/#\/schema\/person\/image\/","url":"https:\/\/secure.gravatar.com\/avatar\/e3bf424aa94c5b11615ebc80bbc370c2ab0177bf28d8a357ef3ebb374f7a1fae?s=96&d=mm&r=g","contentUrl":"https:\/\/secure.gravatar.com\/avatar\/e3bf424aa94c5b11615ebc80bbc370c2ab0177bf28d8a357ef3ebb374f7a1fae?s=96&d=mm&r=g","caption":"C\u00e9line Mestre"},"description":"Sophrologue \u00e0 Paris","sameAs":["https:\/\/www.medoucine.com\/pratiques\/sophrologie"],"url":"https:\/\/www.medoucine.com\/blog\/author\/celine-mestre\/"}]}},"_links":{"self":[{"href":"https:\/\/www.medoucine.com\/blog\/wp-json\/wp\/v2\/posts\/12183","targetHints":{"allow":["GET"]}}],"collection":[{"href":"https:\/\/www.medoucine.com\/blog\/wp-json\/wp\/v2\/posts"}],"about":[{"href":"https:\/\/www.medoucine.com\/blog\/wp-json\/wp\/v2\/types\/post"}],"author":[{"embeddable":true,"href":"https:\/\/www.medoucine.com\/blog\/wp-json\/wp\/v2\/users\/82"}],"replies":[{"embeddable":true,"href":"https:\/\/www.medoucine.com\/blog\/wp-json\/wp\/v2\/comments?post=12183"}],"version-history":[{"count":8,"href":"https:\/\/www.medoucine.com\/blog\/wp-json\/wp\/v2\/posts\/12183\/revisions"}],"predecessor-version":[{"id":43179,"href":"https:\/\/www.medoucine.com\/blog\/wp-json\/wp\/v2\/posts\/12183\/revisions\/43179"}],"wp:featuredmedia":[{"embeddable":true,"href":"https:\/\/www.medoucine.com\/blog\/wp-json\/wp\/v2\/media\/787"}],"wp:attachment":[{"href":"https:\/\/www.medoucine.com\/blog\/wp-json\/wp\/v2\/media?parent=12183"}],"wp:term":[{"taxonomy":"category","embeddable":true,"href":"https:\/\/www.medoucine.com\/blog\/wp-json\/wp\/v2\/categories?post=12183"},{"taxonomy":"post_tag","embeddable":true,"href":"https:\/\/www.medoucine.com\/blog\/wp-json\/wp\/v2\/tags?post=12183"}],"curies":[{"name":"wp","href":"https:\/\/api.w.org\/{rel}","templated":true}]}}