{"id":12174,"date":"2019-06-02T00:00:00","date_gmt":"2019-06-01T22:00:00","guid":{"rendered":"https:\/\/www.medoucine.com\/blog\/conseils-contre-deprime-hivernale\/"},"modified":"2026-04-08T19:16:46","modified_gmt":"2026-04-08T17:16:46","slug":"conseils-contre-deprime-hivernale","status":"publish","type":"post","link":"https:\/\/www.medoucine.com\/blog\/conseils-contre-deprime-hivernale\/","title":{"rendered":"7 astuces anti-d\u00e9prime pour booster votre moral"},"content":{"rendered":"<p class=\"has-drop-cap\">En cette p\u00e9riode hivernale, les journ\u00e9es sont courtes et le soleil ne pointe son nez que rarement. La fatigue et les baisses de moral ont finalement eu raison de notre bel entrain du mois de septembre dernier ! Voici les conseils de Marina Roussel pour att\u00e9nuer ce blues de l&rsquo;hiver&#8230;<\/p>\n<h3 id=\"conseil-n-1-introduisez-des-om-ga-3-dans-votre-alimentation\">Conseil n\u00b01 : Introduisez des om\u00e9ga 3 dans votre alimentation<\/h3>\n<p>Les acides gras om\u00e9ga 3 sont n\u00e9cessaires au fonctionnement du cerveau et du syst\u00e8me nerveux. Consid\u00e9r\u00e9s comme indispensables pour le bon fonctionnement du cerveau \u00e9motionnel, ils se distinguent notamment par leur action b\u00e9n\u00e9fique sur l&rsquo;humeur. Vous trouverez ces pr\u00e9cieux acides gras dans les poissons, et notamment les petits poissons gras comme la sardine, le maquereau, le hareng, mais aussi dans les algues et dans l&rsquo;huile de cameline, de chanvre ou de lin.<\/p>\n<h3 id=\"conseil-n-2-croquez-des-ol-agineux-et-mangez-des-fruits-et-l-gumes-color-s\">Conseil n\u00b02 : Croquez des ol\u00e9agineux et mangez des fruits et l\u00e9gumes color\u00e9s<\/h3>\n<p>Noix du Br\u00e9sil, amandes, noix de cajou . les ol\u00e9agineux sont de pr\u00e9cieux alli\u00e9s pour le moral, en plus de renfermer des \u00e9l\u00e9ments nutritifs comme le magn\u00e9sium, connu pour son action anti-stress. V\u00e9ritables atouts sant\u00e9, ils agissent sur les neurotransmetteurs qui r\u00e9gulent l&rsquo;humeur. Int\u00e9grez aussi des l\u00e9gumes color\u00e9s comme les poivrons et les fruits frais de saison qui vous apporteront la vitamine C, n\u00e9cessaire pour \u00e9viter les coups de fatigue.<\/p>\n<h3 id=\"conseil-n-3-sachez-profiter-de-la-lumi-re-naturelle\">Conseil n\u00b03 : Sachez profiter de la lumi\u00e8re naturelle<\/h3>\n<p>Le manque de lumi\u00e8re d\u00fb \u00e0 cette p\u00e9riode de l&rsquo;ann\u00e9e d\u00e9synchronise notre horloge interne. La cons\u00e9quence directe de ce manque de lumi\u00e8re naturelle est la baisse de la s\u00e9rotonine, qui va entra\u00eener \u00e0 son tour une baisse de la m\u00e9latonine, hormone du sommeil. Notre rythme biologique est mis \u00e0 mal, et la d\u00e9pression saisonni\u00e8re s&rsquo;installe. Pour la contrer, mettez le pied dehors \u00e0 la moindre occasion, ou rapprochez-vous de la lumi\u00e8re du jour au maximum en vous asseyant \u00e0 c\u00f4t\u00e9 d&rsquo;une fen\u00eatre, plut\u00f4t en premi\u00e8re partie de journ\u00e9e.<\/p>\n<h3 id=\"conseil-n-4-bougez-\">Conseil n\u00b04 : Bougez !<\/h3>\n<p>Pendant l&rsquo;hiver, il faut continuer \u00e0 bouger. C&rsquo;est bien connu, le sport est bon pour la sant\u00e9 et son efficacit\u00e9 est prouv\u00e9e contre la fatigue ou la d\u00e9pression. Il \u00e9vite ainsi la fatigue nerveuse et physique en lib\u00e9rant s\u00e9rotonine et endorphine, vecteurs de bien-\u00eatre. La connexion avec la nature est tr\u00e8s importante \u00e9galement, et ce n&rsquo;est pas parce qu&rsquo;il fait froid qu&rsquo;il faut rester clo\u00eetr\u00e9 chez soi&#8230; Il pleut ? Qu&rsquo;\u00e0 cela ne tienne ! Enfilez un imperm\u00e9able, marchez une demi-heure et profitez d&rsquo;une boisson chaude \u00e0 votre retour&#8230;<\/p>\n<h3 id=\"conseil-n-5-prenez-de-la-vitamine-d3\">Conseil n\u00b05 : Prenez de la vitamine D3<\/h3>\n<p>Cette vitamine se synth\u00e9tise normalement \u00e0 partir des rayons du soleil, mais ces derniers se font rares l&rsquo;hiver. Pour y rem\u00e9dier, suppl\u00e9mentez-vous en vitamine D3 naturelle apr\u00e8s avoir fait v\u00e9rifier que vous \u00eates bien carenc\u00e9. En plus de ses multiples vertus, cette vitamine est essentielle pendant la saison froide, non seulement pour \u00e9viter cette d\u00e9prime saisonni\u00e8re, mais aussi pour soutenir le syst\u00e8me immunitaire contre les virus et microbes opportunistes.<\/p>\n<h3 id=\"conseil-n-6-pratiquez-la-luminoth-rapie\">Conseil n\u00b06 : Pratiquez la luminoth\u00e9rapie<\/h3>\n<p>Nos voisins scandinaves l&rsquo;ont bien compris : la lumi\u00e8re est primordiale pour r\u00e9guler nos rythmes biologiques et faire le plein d&rsquo;\u00e9nergie. Si vous en avez la possibilit\u00e9, investissez dans une lampe de luminoth\u00e9rapie : 30 minutes chaque matin suffisent. Cela permettra de compenser ce manque de lumi\u00e8re naturelle qui nous fait tant d\u00e9faut. Pour qu&rsquo;elle soit efficace, il faut s&rsquo;exposer \u00e0 une lampe de 10 000 lux quotidiennement, id\u00e9alement d\u00e8s le r\u00e9veil.<\/p>\n<h3 id=\"conseil-n-7-surveillez-votre-sommeil\">Conseil n\u00b07 : <a href=\"https:\/\/www.medoucine.com\/consultations\/fatigue-et-insomnie\/pratique\/paris\/tous-publics\/a-domicile-ou-cabinet\">Surveillez votre sommeil<\/a><\/h3>\n<p>Un mauvais sommeil contribue \u00e0 des \u00e9pisodes d\u00e9pressifs. La fatigue physique entra\u00eene la fatigue psychologique, avec \u00e0 la clef un manque d&rsquo;\u00e9nergie et d&rsquo;entrain, une baisse de la concentration ou de l&rsquo;irritabilit\u00e9. Ponctuellement, des plantes qui favorisent un meilleur sommeil peuvent \u00eatre conseill\u00e9es. Les infusions de fleur d&rsquo;oranger, m\u00e9lisse, camomille, passiflore ou val\u00e9riane, par exemple, pourront am\u00e9liorer l&rsquo;endormissement et contribuer \u00e0 une nuit plus r\u00e9paratrice.<br \/>\nDes huiles essentielles comme le petit grain bigarade ou la bergamote pourront \u00eatre diffus\u00e9es dans la chambre au moment du coucher. Attention aux contre-indications et aux interactions m\u00e9dicamenteuses ! Faites-vous accompagner.<\/p>\n<p>Par Marina Roussel, <a href=\"https:\/\/www.medoucine.com\/pratiques\/naturopathie\">naturopathe recommand\u00e9e du r\u00e9seau Medoucine<\/a>.<\/p>\n<div class=\"m-spin\">\n<p class=\"m-spin__text\"><strong>Boostez votre moral naturellement avec M\u00e9doucine<\/strong><\/p>\n<p class=\"m-spin__text\">L&rsquo;approche holistique d&rsquo;un naturopathe peut vous aider \u00e0 retrouver \u00e9quilibre et vitalit\u00e9. Prenez rendez-vous avec un <a class=\"m-spin__link\" target=\"_blank\" rel=\"noopener noreferrer\" href=\"https:\/\/www.medoucine.com\/consultations\/se-soigner\/naturopathie\/montpellier\/tous-publics\/a-domicile-ou-cabinet?utm_source=medoucine_blog_B2C&amp;utm_medium=article_blog&amp;utm_campaign=spin_seo\">Naturopathe \u00e0 Montpellier<\/a>, un <a class=\"m-spin__link\" target=\"_blank\" rel=\"noopener noreferrer\" href=\"https:\/\/www.medoucine.com\/consultations\/se-soigner\/naturopathie\/paris\/tous-publics\/a-domicile-ou-cabinet?utm_source=medoucine_blog_B2C&amp;utm_medium=article_blog&amp;utm_campaign=spin_seo\">Naturopathe \u00e0 Paris<\/a> ou un <a class=\"m-spin__link\" target=\"_blank\" rel=\"noopener noreferrer\" href=\"https:\/\/www.medoucine.com\/consultations\/se-soigner\/naturopathie\/rennes\/tous-publics\/a-domicile-ou-cabinet?utm_source=medoucine_blog_B2C&amp;utm_medium=article_blog&amp;utm_campaign=spin_seo\">Naturopathe \u00e0 Rennes<\/a> pour un accompagnement personnalis\u00e9.<\/p>\n<p class=\"m-spin__text\">Vous cherchez de l&rsquo;aide pr\u00e8s de chez vous ? Trouvez des <a class=\"m-spin__link\" target=\"_blank\" rel=\"noopener noreferrer\" href=\"https:\/\/www.medoucine.com\/consultations\/se-soigner\/naturopathie\/autour-de-moi?utm_source=medoucine_blog_B2C&amp;utm_medium=article_blog&amp;utm_campaign=spin_seo\">Naturopathes pr\u00e8s de chez vous<\/a> pour une consultation et des conseils adapt\u00e9s \u00e0 vos besoins.<\/p>\n<\/div>\n","protected":false},"excerpt":{"rendered":"<p>En cette p\u00e9riode hivernale, les journ\u00e9es sont courtes et le soleil ne pointe son nez que rarement. La fatigue et les baisses de moral ont finalement eu raison de notre bel entrain du mois de septembre dernier ! Voici les conseils de Marina Roussel pour att\u00e9nuer ce blues de l&rsquo;hiver&#8230;<\/p>\n","protected":false},"author":107,"featured_media":804,"comment_status":"open","ping_status":"open","sticky":false,"template":"","format":"standard","meta":{"_acf_changed":false,"footnotes":""},"categories":[105,101],"tags":[309],"class_list":["post-12174","post","type-post","status-publish","format-standard","has-post-thumbnail","hentry","category-autres-troubles","category-psycho","tag-depression"],"acf":[],"yoast_head":"<!-- This site is optimized with the Yoast SEO plugin v27.1.1 - https:\/\/yoast.com\/product\/yoast-seo-wordpress\/ -->\n<title>7 astuces anti-d\u00e9prime pour booster votre moral ~ Blog de Medoucine<\/title>\n<meta name=\"description\" content=\"En cette p\u00e9riode hivernale, les journ\u00e9es sont courtes et le soleil ne pointe son nez que rarement. La fatigue et les baisses de moral ont finalement eu raison de notre bel entrain du mois de septembre dernier ! Voici les conseils de Marina Roussel pour att\u00e9nuer ce blues de l&#039;hiver...\" \/>\n<meta name=\"robots\" content=\"index, follow, max-snippet:-1, max-image-preview:large, max-video-preview:-1\" \/>\n<link rel=\"canonical\" href=\"https:\/\/www.medoucine.com\/blog\/conseils-contre-deprime-hivernale\/\" \/>\n<meta property=\"og:locale\" content=\"fr_FR\" \/>\n<meta property=\"og:type\" content=\"article\" \/>\n<meta property=\"og:title\" content=\"7 astuces anti-d\u00e9prime pour booster votre moral ~ Blog de Medoucine\" \/>\n<meta property=\"og:description\" content=\"En cette p\u00e9riode hivernale, les journ\u00e9es sont courtes et le soleil ne pointe son nez que rarement. La fatigue et les baisses de moral ont finalement eu raison de notre bel entrain du mois de septembre dernier ! Voici les conseils de Marina Roussel pour att\u00e9nuer ce blues de l&#039;hiver...\" \/>\n<meta property=\"og:url\" content=\"https:\/\/www.medoucine.com\/blog\/conseils-contre-deprime-hivernale\/\" \/>\n<meta property=\"og:site_name\" content=\"Blog de Medoucine\" \/>\n<meta property=\"article:publisher\" content=\"https:\/\/www.facebook.com\/medoucine\/\" \/>\n<meta property=\"article:published_time\" content=\"2019-06-01T22:00:00+00:00\" \/>\n<meta property=\"article:modified_time\" content=\"2026-04-08T17:16:46+00:00\" \/>\n<meta property=\"og:image\" content=\"https:\/\/www.medoucine.com\/blog\/wp-content\/uploads\/2019\/07\/pineapple-3426460_1920.jpg\" \/>\n\t<meta property=\"og:image:width\" content=\"1280\" \/>\n\t<meta property=\"og:image:height\" content=\"853\" \/>\n\t<meta property=\"og:image:type\" content=\"image\/jpeg\" \/>\n<meta name=\"author\" content=\"Marina Roussel\" \/>\n<meta name=\"twitter:card\" content=\"summary_large_image\" \/>\n<meta name=\"twitter:creator\" content=\"@medoucinefr\" \/>\n<meta name=\"twitter:site\" content=\"@medoucinefr\" \/>\n<meta name=\"twitter:label1\" content=\"\u00c9crit par\" \/>\n\t<meta name=\"twitter:data1\" content=\"Marina Roussel\" \/>\n\t<meta name=\"twitter:label2\" content=\"Dur\u00e9e de lecture estim\u00e9e\" \/>\n\t<meta name=\"twitter:data2\" content=\"4 minutes\" \/>\n<script type=\"application\/ld+json\" class=\"yoast-schema-graph\">{\"@context\":\"https:\/\/schema.org\",\"@graph\":[{\"@type\":\"Article\",\"@id\":\"https:\/\/www.medoucine.com\/blog\/conseils-contre-deprime-hivernale\/#article\",\"isPartOf\":{\"@id\":\"https:\/\/www.medoucine.com\/blog\/conseils-contre-deprime-hivernale\/\"},\"author\":{\"name\":\"Marina Roussel\",\"@id\":\"https:\/\/www.medoucine.com\/blog\/#\/schema\/person\/a355397e4928a3d953031f9e862bba13\"},\"headline\":\"7 astuces anti-d\u00e9prime pour booster votre moral\",\"datePublished\":\"2019-06-01T22:00:00+00:00\",\"dateModified\":\"2026-04-08T17:16:46+00:00\",\"mainEntityOfPage\":{\"@id\":\"https:\/\/www.medoucine.com\/blog\/conseils-contre-deprime-hivernale\/\"},\"wordCount\":815,\"commentCount\":0,\"publisher\":{\"@id\":\"https:\/\/www.medoucine.com\/blog\/#organization\"},\"image\":{\"@id\":\"https:\/\/www.medoucine.com\/blog\/conseils-contre-deprime-hivernale\/#primaryimage\"},\"thumbnailUrl\":\"https:\/\/www.medoucine.com\/blog\/wp-content\/uploads\/2019\/07\/pineapple-3426460_1920.jpg\",\"keywords\":[\"d\u00e9pression\"],\"articleSection\":[\"Autres troubles\",\"Psycho\"],\"inLanguage\":\"fr-FR\",\"potentialAction\":[{\"@type\":\"CommentAction\",\"name\":\"Comment\",\"target\":[\"https:\/\/www.medoucine.com\/blog\/conseils-contre-deprime-hivernale\/#respond\"]}]},{\"@type\":\"WebPage\",\"@id\":\"https:\/\/www.medoucine.com\/blog\/conseils-contre-deprime-hivernale\/\",\"url\":\"https:\/\/www.medoucine.com\/blog\/conseils-contre-deprime-hivernale\/\",\"name\":\"7 astuces anti-d\u00e9prime pour booster votre moral ~ Blog de Medoucine\",\"isPartOf\":{\"@id\":\"https:\/\/www.medoucine.com\/blog\/#website\"},\"primaryImageOfPage\":{\"@id\":\"https:\/\/www.medoucine.com\/blog\/conseils-contre-deprime-hivernale\/#primaryimage\"},\"image\":{\"@id\":\"https:\/\/www.medoucine.com\/blog\/conseils-contre-deprime-hivernale\/#primaryimage\"},\"thumbnailUrl\":\"https:\/\/www.medoucine.com\/blog\/wp-content\/uploads\/2019\/07\/pineapple-3426460_1920.jpg\",\"datePublished\":\"2019-06-01T22:00:00+00:00\",\"dateModified\":\"2026-04-08T17:16:46+00:00\",\"description\":\"En cette p\u00e9riode hivernale, les journ\u00e9es sont courtes et le soleil ne pointe son nez que rarement. La fatigue et les baisses de moral ont finalement eu raison de notre bel entrain du mois de septembre dernier ! Voici les conseils de Marina Roussel pour att\u00e9nuer ce blues de l'hiver...\",\"breadcrumb\":{\"@id\":\"https:\/\/www.medoucine.com\/blog\/conseils-contre-deprime-hivernale\/#breadcrumb\"},\"inLanguage\":\"fr-FR\",\"potentialAction\":[{\"@type\":\"ReadAction\",\"target\":[\"https:\/\/www.medoucine.com\/blog\/conseils-contre-deprime-hivernale\/\"]}]},{\"@type\":\"ImageObject\",\"inLanguage\":\"fr-FR\",\"@id\":\"https:\/\/www.medoucine.com\/blog\/conseils-contre-deprime-hivernale\/#primaryimage\",\"url\":\"https:\/\/www.medoucine.com\/blog\/wp-content\/uploads\/2019\/07\/pineapple-3426460_1920.jpg\",\"contentUrl\":\"https:\/\/www.medoucine.com\/blog\/wp-content\/uploads\/2019\/07\/pineapple-3426460_1920.jpg\",\"width\":1280,\"height\":853,\"caption\":\"7 astuces anti-d\u00e9prime pour booster votre moral\"},{\"@type\":\"BreadcrumbList\",\"@id\":\"https:\/\/www.medoucine.com\/blog\/conseils-contre-deprime-hivernale\/#breadcrumb\",\"itemListElement\":[{\"@type\":\"ListItem\",\"position\":1,\"name\":\"Blog Medoucine\",\"item\":\"https:\/\/www.medoucine.com\/blog\/\"},{\"@type\":\"ListItem\",\"position\":2,\"name\":\"Psycho\",\"item\":\"https:\/\/www.medoucine.com\/blog\/cat\/psycho\/\"},{\"@type\":\"ListItem\",\"position\":3,\"name\":\"Autres troubles\",\"item\":\"https:\/\/www.medoucine.com\/blog\/cat\/psycho\/autres-troubles\/\"},{\"@type\":\"ListItem\",\"position\":4,\"name\":\"7 astuces anti-d\u00e9prime pour booster votre moral\"}]},{\"@type\":\"WebSite\",\"@id\":\"https:\/\/www.medoucine.com\/blog\/#website\",\"url\":\"https:\/\/www.medoucine.com\/blog\/\",\"name\":\"Blog de Medoucine\",\"description\":\"Le blog des m\u00e9decines douces\",\"publisher\":{\"@id\":\"https:\/\/www.medoucine.com\/blog\/#organization\"},\"potentialAction\":[{\"@type\":\"SearchAction\",\"target\":{\"@type\":\"EntryPoint\",\"urlTemplate\":\"https:\/\/www.medoucine.com\/blog\/?s={search_term_string}\"},\"query-input\":{\"@type\":\"PropertyValueSpecification\",\"valueRequired\":true,\"valueName\":\"search_term_string\"}}],\"inLanguage\":\"fr-FR\"},{\"@type\":\"Organization\",\"@id\":\"https:\/\/www.medoucine.com\/blog\/#organization\",\"name\":\"Medoucine\",\"url\":\"https:\/\/www.medoucine.com\/blog\/\",\"logo\":{\"@type\":\"ImageObject\",\"inLanguage\":\"fr-FR\",\"@id\":\"https:\/\/www.medoucine.com\/blog\/#\/schema\/logo\/image\/\",\"url\":\"https:\/\/www.medoucine.com\/blog\/wp-content\/uploads\/2019\/07\/logo@3x.png\",\"contentUrl\":\"https:\/\/www.medoucine.com\/blog\/wp-content\/uploads\/2019\/07\/logo@3x.png\",\"width\":555,\"height\":135,\"caption\":\"Medoucine\"},\"image\":{\"@id\":\"https:\/\/www.medoucine.com\/blog\/#\/schema\/logo\/image\/\"},\"sameAs\":[\"https:\/\/www.facebook.com\/medoucine\/\",\"https:\/\/x.com\/medoucinefr\",\"https:\/\/www.instagram.com\/medoucine\/\",\"https:\/\/www.youtube.com\/channel\/UCtZeUeJ_KebYK0KJAXjJV8g\"]},{\"@type\":\"Person\",\"@id\":\"https:\/\/www.medoucine.com\/blog\/#\/schema\/person\/a355397e4928a3d953031f9e862bba13\",\"name\":\"Marina Roussel\",\"image\":{\"@type\":\"ImageObject\",\"inLanguage\":\"fr-FR\",\"@id\":\"https:\/\/www.medoucine.com\/blog\/#\/schema\/person\/image\/\",\"url\":\"https:\/\/secure.gravatar.com\/avatar\/6eabaeae2eef9de3985abbc4ab419a4cced177f56a3d3470330b599a97952a7a?s=96&d=mm&r=g\",\"contentUrl\":\"https:\/\/secure.gravatar.com\/avatar\/6eabaeae2eef9de3985abbc4ab419a4cced177f56a3d3470330b599a97952a7a?s=96&d=mm&r=g\",\"caption\":\"Marina Roussel\"},\"description\":\"Th\u00e9rapeute en naturopathie, recommand\u00e9e du r\u00e9seau M\u00e9doucine.\",\"sameAs\":[\"https:\/\/www.medoucine.com\/consultation\/enghien-les-bains\/marina-roussel\/813\"],\"url\":\"https:\/\/www.medoucine.com\/blog\/author\/marina-roussel\/\"}]}<\/script>\n<!-- \/ Yoast SEO plugin. -->","yoast_head_json":{"title":"7 astuces anti-d\u00e9prime pour booster votre moral ~ Blog de Medoucine","description":"En cette p\u00e9riode hivernale, les journ\u00e9es sont courtes et le soleil ne pointe son nez que rarement. La fatigue et les baisses de moral ont finalement eu raison de notre bel entrain du mois de septembre dernier ! Voici les conseils de Marina Roussel pour att\u00e9nuer ce blues de l'hiver...","robots":{"index":"index","follow":"follow","max-snippet":"max-snippet:-1","max-image-preview":"max-image-preview:large","max-video-preview":"max-video-preview:-1"},"canonical":"https:\/\/www.medoucine.com\/blog\/conseils-contre-deprime-hivernale\/","og_locale":"fr_FR","og_type":"article","og_title":"7 astuces anti-d\u00e9prime pour booster votre moral ~ Blog de Medoucine","og_description":"En cette p\u00e9riode hivernale, les journ\u00e9es sont courtes et le soleil ne pointe son nez que rarement. La fatigue et les baisses de moral ont finalement eu raison de notre bel entrain du mois de septembre dernier ! Voici les conseils de Marina Roussel pour att\u00e9nuer ce blues de l'hiver...","og_url":"https:\/\/www.medoucine.com\/blog\/conseils-contre-deprime-hivernale\/","og_site_name":"Blog de Medoucine","article_publisher":"https:\/\/www.facebook.com\/medoucine\/","article_published_time":"2019-06-01T22:00:00+00:00","article_modified_time":"2026-04-08T17:16:46+00:00","og_image":[{"width":1280,"height":853,"url":"https:\/\/www.medoucine.com\/blog\/wp-content\/uploads\/2019\/07\/pineapple-3426460_1920.jpg","type":"image\/jpeg"}],"author":"Marina Roussel","twitter_card":"summary_large_image","twitter_creator":"@medoucinefr","twitter_site":"@medoucinefr","twitter_misc":{"\u00c9crit par":"Marina Roussel","Dur\u00e9e de lecture estim\u00e9e":"4 minutes"},"schema":{"@context":"https:\/\/schema.org","@graph":[{"@type":"Article","@id":"https:\/\/www.medoucine.com\/blog\/conseils-contre-deprime-hivernale\/#article","isPartOf":{"@id":"https:\/\/www.medoucine.com\/blog\/conseils-contre-deprime-hivernale\/"},"author":{"name":"Marina Roussel","@id":"https:\/\/www.medoucine.com\/blog\/#\/schema\/person\/a355397e4928a3d953031f9e862bba13"},"headline":"7 astuces anti-d\u00e9prime pour booster votre moral","datePublished":"2019-06-01T22:00:00+00:00","dateModified":"2026-04-08T17:16:46+00:00","mainEntityOfPage":{"@id":"https:\/\/www.medoucine.com\/blog\/conseils-contre-deprime-hivernale\/"},"wordCount":815,"commentCount":0,"publisher":{"@id":"https:\/\/www.medoucine.com\/blog\/#organization"},"image":{"@id":"https:\/\/www.medoucine.com\/blog\/conseils-contre-deprime-hivernale\/#primaryimage"},"thumbnailUrl":"https:\/\/www.medoucine.com\/blog\/wp-content\/uploads\/2019\/07\/pineapple-3426460_1920.jpg","keywords":["d\u00e9pression"],"articleSection":["Autres troubles","Psycho"],"inLanguage":"fr-FR","potentialAction":[{"@type":"CommentAction","name":"Comment","target":["https:\/\/www.medoucine.com\/blog\/conseils-contre-deprime-hivernale\/#respond"]}]},{"@type":"WebPage","@id":"https:\/\/www.medoucine.com\/blog\/conseils-contre-deprime-hivernale\/","url":"https:\/\/www.medoucine.com\/blog\/conseils-contre-deprime-hivernale\/","name":"7 astuces anti-d\u00e9prime pour booster votre moral ~ Blog de Medoucine","isPartOf":{"@id":"https:\/\/www.medoucine.com\/blog\/#website"},"primaryImageOfPage":{"@id":"https:\/\/www.medoucine.com\/blog\/conseils-contre-deprime-hivernale\/#primaryimage"},"image":{"@id":"https:\/\/www.medoucine.com\/blog\/conseils-contre-deprime-hivernale\/#primaryimage"},"thumbnailUrl":"https:\/\/www.medoucine.com\/blog\/wp-content\/uploads\/2019\/07\/pineapple-3426460_1920.jpg","datePublished":"2019-06-01T22:00:00+00:00","dateModified":"2026-04-08T17:16:46+00:00","description":"En cette p\u00e9riode hivernale, les journ\u00e9es sont courtes et le soleil ne pointe son nez que rarement. La fatigue et les baisses de moral ont finalement eu raison de notre bel entrain du mois de septembre dernier ! Voici les conseils de Marina Roussel pour att\u00e9nuer ce blues de l'hiver...","breadcrumb":{"@id":"https:\/\/www.medoucine.com\/blog\/conseils-contre-deprime-hivernale\/#breadcrumb"},"inLanguage":"fr-FR","potentialAction":[{"@type":"ReadAction","target":["https:\/\/www.medoucine.com\/blog\/conseils-contre-deprime-hivernale\/"]}]},{"@type":"ImageObject","inLanguage":"fr-FR","@id":"https:\/\/www.medoucine.com\/blog\/conseils-contre-deprime-hivernale\/#primaryimage","url":"https:\/\/www.medoucine.com\/blog\/wp-content\/uploads\/2019\/07\/pineapple-3426460_1920.jpg","contentUrl":"https:\/\/www.medoucine.com\/blog\/wp-content\/uploads\/2019\/07\/pineapple-3426460_1920.jpg","width":1280,"height":853,"caption":"7 astuces anti-d\u00e9prime pour booster votre moral"},{"@type":"BreadcrumbList","@id":"https:\/\/www.medoucine.com\/blog\/conseils-contre-deprime-hivernale\/#breadcrumb","itemListElement":[{"@type":"ListItem","position":1,"name":"Blog Medoucine","item":"https:\/\/www.medoucine.com\/blog\/"},{"@type":"ListItem","position":2,"name":"Psycho","item":"https:\/\/www.medoucine.com\/blog\/cat\/psycho\/"},{"@type":"ListItem","position":3,"name":"Autres troubles","item":"https:\/\/www.medoucine.com\/blog\/cat\/psycho\/autres-troubles\/"},{"@type":"ListItem","position":4,"name":"7 astuces anti-d\u00e9prime pour booster votre moral"}]},{"@type":"WebSite","@id":"https:\/\/www.medoucine.com\/blog\/#website","url":"https:\/\/www.medoucine.com\/blog\/","name":"Blog de Medoucine","description":"Le blog des m\u00e9decines douces","publisher":{"@id":"https:\/\/www.medoucine.com\/blog\/#organization"},"potentialAction":[{"@type":"SearchAction","target":{"@type":"EntryPoint","urlTemplate":"https:\/\/www.medoucine.com\/blog\/?s={search_term_string}"},"query-input":{"@type":"PropertyValueSpecification","valueRequired":true,"valueName":"search_term_string"}}],"inLanguage":"fr-FR"},{"@type":"Organization","@id":"https:\/\/www.medoucine.com\/blog\/#organization","name":"Medoucine","url":"https:\/\/www.medoucine.com\/blog\/","logo":{"@type":"ImageObject","inLanguage":"fr-FR","@id":"https:\/\/www.medoucine.com\/blog\/#\/schema\/logo\/image\/","url":"https:\/\/www.medoucine.com\/blog\/wp-content\/uploads\/2019\/07\/logo@3x.png","contentUrl":"https:\/\/www.medoucine.com\/blog\/wp-content\/uploads\/2019\/07\/logo@3x.png","width":555,"height":135,"caption":"Medoucine"},"image":{"@id":"https:\/\/www.medoucine.com\/blog\/#\/schema\/logo\/image\/"},"sameAs":["https:\/\/www.facebook.com\/medoucine\/","https:\/\/x.com\/medoucinefr","https:\/\/www.instagram.com\/medoucine\/","https:\/\/www.youtube.com\/channel\/UCtZeUeJ_KebYK0KJAXjJV8g"]},{"@type":"Person","@id":"https:\/\/www.medoucine.com\/blog\/#\/schema\/person\/a355397e4928a3d953031f9e862bba13","name":"Marina Roussel","image":{"@type":"ImageObject","inLanguage":"fr-FR","@id":"https:\/\/www.medoucine.com\/blog\/#\/schema\/person\/image\/","url":"https:\/\/secure.gravatar.com\/avatar\/6eabaeae2eef9de3985abbc4ab419a4cced177f56a3d3470330b599a97952a7a?s=96&d=mm&r=g","contentUrl":"https:\/\/secure.gravatar.com\/avatar\/6eabaeae2eef9de3985abbc4ab419a4cced177f56a3d3470330b599a97952a7a?s=96&d=mm&r=g","caption":"Marina Roussel"},"description":"Th\u00e9rapeute en naturopathie, recommand\u00e9e du r\u00e9seau M\u00e9doucine.","sameAs":["https:\/\/www.medoucine.com\/consultation\/enghien-les-bains\/marina-roussel\/813"],"url":"https:\/\/www.medoucine.com\/blog\/author\/marina-roussel\/"}]}},"_links":{"self":[{"href":"https:\/\/www.medoucine.com\/blog\/wp-json\/wp\/v2\/posts\/12174","targetHints":{"allow":["GET"]}}],"collection":[{"href":"https:\/\/www.medoucine.com\/blog\/wp-json\/wp\/v2\/posts"}],"about":[{"href":"https:\/\/www.medoucine.com\/blog\/wp-json\/wp\/v2\/types\/post"}],"author":[{"embeddable":true,"href":"https:\/\/www.medoucine.com\/blog\/wp-json\/wp\/v2\/users\/107"}],"replies":[{"embeddable":true,"href":"https:\/\/www.medoucine.com\/blog\/wp-json\/wp\/v2\/comments?post=12174"}],"version-history":[{"count":7,"href":"https:\/\/www.medoucine.com\/blog\/wp-json\/wp\/v2\/posts\/12174\/revisions"}],"predecessor-version":[{"id":43328,"href":"https:\/\/www.medoucine.com\/blog\/wp-json\/wp\/v2\/posts\/12174\/revisions\/43328"}],"wp:featuredmedia":[{"embeddable":true,"href":"https:\/\/www.medoucine.com\/blog\/wp-json\/wp\/v2\/media\/804"}],"wp:attachment":[{"href":"https:\/\/www.medoucine.com\/blog\/wp-json\/wp\/v2\/media?parent=12174"}],"wp:term":[{"taxonomy":"category","embeddable":true,"href":"https:\/\/www.medoucine.com\/blog\/wp-json\/wp\/v2\/categories?post=12174"},{"taxonomy":"post_tag","embeddable":true,"href":"https:\/\/www.medoucine.com\/blog\/wp-json\/wp\/v2\/tags?post=12174"}],"curies":[{"name":"wp","href":"https:\/\/api.w.org\/{rel}","templated":true}]}}