{"id":12170,"date":"2019-06-02T00:00:00","date_gmt":"2019-06-01T22:00:00","guid":{"rendered":"https:\/\/www.medoucine.com\/blog\/deprime-hivernale-soleil-interieur\/"},"modified":"2026-04-08T19:16:58","modified_gmt":"2026-04-08T17:16:58","slug":"deprime-hivernale-soleil-interieur","status":"publish","type":"post","link":"https:\/\/www.medoucine.com\/blog\/deprime-hivernale-soleil-interieur\/","title":{"rendered":"D\u00e9prime hivernale ? Faites grandir votre soleil int\u00e9rieur !"},"content":{"rendered":"<p>Dans ses belles couleurs jaune-orang\u00e9-brun, l&rsquo;automne n&rsquo;est pas une saison qui enchante tous les c\u0153urs. En effet, les jours raccourcissent, la lumi\u00e8re baisse en intensit\u00e9 et pour certains cela peut \u00eatre v\u00e9cu comme un v\u00e9ritable drame.<br \/>\nImpossible de se lever le matin, une fatigue qui colle \u00e0 la peau jusqu&rsquo;au soir, une prise de poids due \u00e0 une plus grande envie de manger, surtout des aliments riches en sucres et en hydrates de carbone et des cons\u00e9quences in\u00e9vitables sur l&rsquo;humeur : irritable, changeante voire d\u00e9pressive.<\/p>\n<p>La baisse de lumi\u00e8re peut \u00e9galement avoir un impact sur la concentration, la m\u00e9moire, l&rsquo;int\u00e9r\u00eat pour la plupart des activit\u00e9s habituelles tant professionnelles, sociales que culturelles &#8211; et peut conduire \u00e0 l&rsquo;isolement.<\/p>\n<p>Un sentiment de culpabilit\u00e9 peut envenimer le tout avec cerise sur le g\u00e2teau une confiance en soi et une estime de soi en berne. Heureusement, tous ne sont pas affect\u00e9s par ces sympt\u00f4mes mais il n&rsquo;en reste pas moins difficile de vivre cette p\u00e9riode de l&rsquo;ann\u00e9e qui se prolonge jusque d\u00e9but mars, \u00e0 l&rsquo;arriv\u00e9e du printemps.<\/p>\n<h3 id=\"la-lumi-re-source-de-vitalit-et-de-bien-tre\">La lumi\u00e8re : source de vitalit\u00e9 et de bien-\u00eatre<\/h3>\n<p>Inutile de d\u00e9montrer aujourd&rsquo;hui l&rsquo;importance d&rsquo;une bonne exposition \u00e0 la lumi\u00e8re du jour. Elle permet notamment la synchronisation de notre horloge interne garante du rythme dit\u00a0\u00bbcircadien\u00a0\u00bb, c&rsquo;est-\u00e0-dire un cycle de 24 heures et il semblerait que la d\u00e9prime saisonni\u00e8re vient d&rsquo;une incapacit\u00e9 de l&rsquo;organisme \u00e0 s&rsquo;adapter aux diff\u00e9rences d&rsquo;ensoleillement, ce qui explique les perturbations au niveau du sommeil, des fonctions cognitives, de l&rsquo;humeur.<\/p>\n<p>Par ailleurs, la m\u00e9decine traditionnelle chinoise, m\u00e9decine mill\u00e9naire, nous enseigne que le corps fonctionne selon une \u00ab\u00a0horloge des organes\u00a0\u00bbsoumis \u00e0 ce rythme circadien. Il est donc primordial de se remettre en phase avec cette horloge interne et la lumi\u00e8re reste l&rsquo;outil le plus puissant pour y rem\u00e9dier.<\/p>\n<h3 id=\"alors-comment-faire-lorsque-la-grisaille-et-la-morosit-r-gnent\">Alors comment faire lorsque la grisaille et la morosit\u00e9 r\u00e8gnent ?<\/h3>\n<p><a href=\"https:\/\/www.medoucine.com\/pratiques\/sophrologie\"><strong>La sophrologie<\/strong><\/a> est une th\u00e9rapie douce et naturelle qui donne des moyens pour retrouver un \u00e9quilibre corps-\u00e9motion-mental harmonieux. Elle s&rsquo;appuie notamment sur des exercices de respiration, des mouvements doux du corps et sur la visualisation d&rsquo;images positives.<\/p>\n<p>La visualisation consiste \u00e0 se repr\u00e9senter mentalement une situation et \u00e0 ressentir toutes les \u00e9motions et les sensations qui y sont li\u00e9es. Elle est tr\u00e8s utilis\u00e9e dans la pr\u00e9paration mentale des sportifs de haut niveau mais peut se r\u00e9v\u00e9ler extr\u00eamement b\u00e9n\u00e9fique dans toute autre pr\u00e9paration : en visualisant de fa\u00e7on positive un \u00e9v\u00e9nement, vous pourrez l&rsquo;aborder avec plus de confiance et de mani\u00e8re plus d\u00e9tendue.<\/p>\n<p><strong>Je vous propose donc de mettre en place un rituel d\u00e8s votre r\u00e9veil :<\/strong><\/p>\n<ol>\n<li>Prenez le temps de vous \u00e9tirer dans votre lit : en r\u00e9tention d&rsquo;air contractez tous vos muscles, du visage jusqu&rsquo;aux orteils, maintenez quelques secondes et soufflez fort par la bouche en rel\u00e2chant la tension. Faites-le 3 fois \u00e0 votre rythme en ressentant \u00e0 chaque fois le rel\u00e2chement augment\u00e9 dans vos muscles et tout votre corps.<\/li>\n<li>En conscience, dites une petite phrase qui vous donnera courage et motivation. Elle n&rsquo;a pas besoin d&rsquo;\u00eatre longue, elle donnera simplement une impulsion positive, comme\u00a0\u00bbje suis calme et confiant(e) pour le reste de la journ\u00e9e\u00a0\u00bb.<\/li>\n<li>En position debout, prenez un temps pour trouver votre \u00e9quilibre, les yeux ferm\u00e9s pour mieux ressentir votre corps. Observez simplement ce qui se vit \u00e0 l&rsquo;int\u00e9rieur, avec bienveillance et m\u00eame curiosit\u00e9 sans attente particuli\u00e8re. Ressentez la pr\u00e9sence de votre respiration et prenez quelques respirations abdominales. Imaginez votre plexus solaire comme un soleil grandir \u00e0 l&rsquo;inspiration et laissez se diffuser sa douce chaleur dans tout votre \u00eatre \u00e0 l&rsquo;expiration. Sensation agr\u00e9able de bien-\u00eatre, de douceur. Impr\u00e9gnez-vous de ces sensations positives. Vivez-les pleinement.<\/li>\n<li>Ouvrez les yeux et profitez de cette journ\u00e9e lumineuse qui s&rsquo;annonce !<\/li>\n<\/ol>\n<p><u>Quelques recommandations<\/u> : Il est souhaitable de privil\u00e9gier la r\u00e9gularit\u00e9 de ce rituel pour voir les b\u00e9n\u00e9fices s&rsquo;accentuer et se consolider.<\/p>\n<p>Par Marie-Pierre Finck.<\/p>\n<p class=\"results__search__title text-center mb-3 mb-lg-4\"><a href=\"https:\/\/www.medoucine.com\/consultations\/se-soigner\/sophrologie\/paris\/tous-publics\/a-domicile-ou-cabinet\"><span class=\"d-none d-md-inline\">Sophrologues :<\/span>\u00a0Prenez RDV avec un th\u00e9rapeute s\u00e9lectionn\u00e9 et valid\u00e9<\/a><\/p>\n<div class=\"m-spin\">\n<p class=\"m-spin__text\"><strong>D\u00e9prime hivernale ? Retrouvez s\u00e9r\u00e9nit\u00e9 et vitalit\u00e9 !<\/strong><\/p>\n<p class=\"m-spin__text\">La d\u00e9prime hivernale est un mal-\u00eatre fr\u00e9quent, mais la sophrologie peut vous aider \u00e0 retrouver un \u00e9quilibre \u00e9motionnel durable. Prenez rendez-vous avec un <a class=\"m-spin__link\" target=\"_blank\" rel=\"noopener noreferrer\" href=\"https:\/\/www.medoucine.com\/consultations\/se-soigner\/sophrologie\/lille\/tous-publics\/a-domicile-ou-cabinet?utm_source=medoucine_blog_B2C&amp;utm_medium=article_blog&amp;utm_campaign=spin_seo\">Sophrologue \u00e0 Lille<\/a>, un <a class=\"m-spin__link\" target=\"_blank\" rel=\"noopener noreferrer\" href=\"https:\/\/www.medoucine.com\/consultations\/se-soigner\/sophrologie\/nantes\/tous-publics\/a-domicile-ou-cabinet?utm_source=medoucine_blog_B2C&amp;utm_medium=article_blog&amp;utm_campaign=spin_seo\">Sophrologue \u00e0 Nantes<\/a> ou un <a class=\"m-spin__link\" target=\"_blank\" rel=\"noopener noreferrer\" href=\"https:\/\/www.medoucine.com\/consultations\/se-soigner\/sophrologie\/paris\/tous-publics\/a-domicile-ou-cabinet?utm_source=medoucine_blog_B2C&amp;utm_medium=article_blog&amp;utm_campaign=spin_seo\">Sophrologue \u00e0 Paris<\/a> pour des s\u00e9ances personnalis\u00e9es.<\/p>\n<p class=\"m-spin__text\">N&rsquo;attendez plus pour vous sentir mieux : trouvez des <a class=\"m-spin__link\" target=\"_blank\" rel=\"noopener noreferrer\" href=\"https:\/\/www.medoucine.com\/consultations\/se-soigner\/sophrologie\/autour-de-moi?utm_source=medoucine_blog_B2C&amp;utm_medium=article_blog&amp;utm_campaign=spin_seo\">Sophrologues pr\u00e8s de chez vous<\/a> pour vous accompagner vers un hiver plein de bien-\u00eatre.<\/p>\n<\/div>\n","protected":false},"excerpt":{"rendered":"<p>Comment faire lorsque la grisaille et la morosit\u00e9 r\u00e8gnent ? La sophrologie vous aide \u00e0 retrouver votre vitalit\u00e9 et votre bien-\u00eatre !<\/p>\n","protected":false},"author":32,"featured_media":812,"comment_status":"open","ping_status":"open","sticky":false,"template":"","format":"standard","meta":{"_acf_changed":false,"footnotes":""},"categories":[105,101],"tags":[309],"class_list":["post-12170","post","type-post","status-publish","format-standard","has-post-thumbnail","hentry","category-autres-troubles","category-psycho","tag-depression"],"acf":[],"yoast_head":"<!-- This site is optimized with the Yoast SEO plugin v27.1.1 - https:\/\/yoast.com\/product\/yoast-seo-wordpress\/ -->\n<title>D\u00e9prime hivernale ? Faites grandir votre soleil int\u00e9rieur ! - Medoucine<\/title>\n<meta name=\"description\" content=\"Comment faire lorsque la grisaille et la morosit\u00e9 r\u00e8gnent ? La sophrologie vous aide \u00e0 retrouver votre vitalit\u00e9 et votre bien-\u00eatre !\" \/>\n<meta name=\"robots\" content=\"index, follow, max-snippet:-1, max-image-preview:large, max-video-preview:-1\" \/>\n<link rel=\"canonical\" href=\"https:\/\/www.medoucine.com\/blog\/deprime-hivernale-soleil-interieur\/\" \/>\n<meta property=\"og:locale\" content=\"fr_FR\" \/>\n<meta property=\"og:type\" content=\"article\" \/>\n<meta property=\"og:title\" content=\"D\u00e9prime hivernale ? Faites grandir votre soleil int\u00e9rieur ! - Medoucine\" \/>\n<meta property=\"og:description\" content=\"Comment faire lorsque la grisaille et la morosit\u00e9 r\u00e8gnent ? La sophrologie vous aide \u00e0 retrouver votre vitalit\u00e9 et votre bien-\u00eatre !\" \/>\n<meta property=\"og:url\" content=\"https:\/\/www.medoucine.com\/blog\/deprime-hivernale-soleil-interieur\/\" \/>\n<meta property=\"og:site_name\" content=\"Blog de Medoucine\" \/>\n<meta property=\"article:publisher\" content=\"https:\/\/www.facebook.com\/medoucine\/\" \/>\n<meta property=\"article:published_time\" content=\"2019-06-01T22:00:00+00:00\" \/>\n<meta property=\"article:modified_time\" content=\"2026-04-08T17:16:58+00:00\" \/>\n<meta property=\"og:image\" content=\"https:\/\/www.medoucine.com\/blog\/wp-content\/uploads\/2019\/07\/photo-1506772962157-86285e2bbaa9.jpeg\" \/>\n\t<meta property=\"og:image:width\" content=\"1080\" \/>\n\t<meta property=\"og:image:height\" content=\"720\" \/>\n\t<meta property=\"og:image:type\" content=\"image\/jpeg\" \/>\n<meta name=\"author\" content=\"Marie-Pierre Finck\" \/>\n<meta name=\"twitter:card\" content=\"summary_large_image\" \/>\n<meta name=\"twitter:creator\" content=\"@medoucinefr\" \/>\n<meta name=\"twitter:site\" content=\"@medoucinefr\" \/>\n<meta name=\"twitter:label1\" content=\"\u00c9crit par\" \/>\n\t<meta name=\"twitter:data1\" content=\"Marie-Pierre Finck\" \/>\n\t<meta name=\"twitter:label2\" content=\"Dur\u00e9e de lecture estim\u00e9e\" \/>\n\t<meta name=\"twitter:data2\" content=\"4 minutes\" \/>\n<script type=\"application\/ld+json\" class=\"yoast-schema-graph\">{\"@context\":\"https:\/\/schema.org\",\"@graph\":[{\"@type\":\"Article\",\"@id\":\"https:\/\/www.medoucine.com\/blog\/deprime-hivernale-soleil-interieur\/#article\",\"isPartOf\":{\"@id\":\"https:\/\/www.medoucine.com\/blog\/deprime-hivernale-soleil-interieur\/\"},\"author\":{\"name\":\"Marie-Pierre Finck\",\"@id\":\"https:\/\/www.medoucine.com\/blog\/#\/schema\/person\/d5f82bbcbfd8d3daea2c3dde319ba8aa\"},\"headline\":\"D\u00e9prime hivernale ? Faites grandir votre soleil int\u00e9rieur !\",\"datePublished\":\"2019-06-01T22:00:00+00:00\",\"dateModified\":\"2026-04-08T17:16:58+00:00\",\"mainEntityOfPage\":{\"@id\":\"https:\/\/www.medoucine.com\/blog\/deprime-hivernale-soleil-interieur\/\"},\"wordCount\":801,\"commentCount\":0,\"publisher\":{\"@id\":\"https:\/\/www.medoucine.com\/blog\/#organization\"},\"image\":{\"@id\":\"https:\/\/www.medoucine.com\/blog\/deprime-hivernale-soleil-interieur\/#primaryimage\"},\"thumbnailUrl\":\"https:\/\/www.medoucine.com\/blog\/wp-content\/uploads\/2019\/07\/photo-1506772962157-86285e2bbaa9.jpeg\",\"keywords\":[\"d\u00e9pression\"],\"articleSection\":[\"Autres troubles\",\"Psycho\"],\"inLanguage\":\"fr-FR\",\"potentialAction\":[{\"@type\":\"CommentAction\",\"name\":\"Comment\",\"target\":[\"https:\/\/www.medoucine.com\/blog\/deprime-hivernale-soleil-interieur\/#respond\"]}]},{\"@type\":\"WebPage\",\"@id\":\"https:\/\/www.medoucine.com\/blog\/deprime-hivernale-soleil-interieur\/\",\"url\":\"https:\/\/www.medoucine.com\/blog\/deprime-hivernale-soleil-interieur\/\",\"name\":\"D\u00e9prime hivernale ? Faites grandir votre soleil int\u00e9rieur ! - Medoucine\",\"isPartOf\":{\"@id\":\"https:\/\/www.medoucine.com\/blog\/#website\"},\"primaryImageOfPage\":{\"@id\":\"https:\/\/www.medoucine.com\/blog\/deprime-hivernale-soleil-interieur\/#primaryimage\"},\"image\":{\"@id\":\"https:\/\/www.medoucine.com\/blog\/deprime-hivernale-soleil-interieur\/#primaryimage\"},\"thumbnailUrl\":\"https:\/\/www.medoucine.com\/blog\/wp-content\/uploads\/2019\/07\/photo-1506772962157-86285e2bbaa9.jpeg\",\"datePublished\":\"2019-06-01T22:00:00+00:00\",\"dateModified\":\"2026-04-08T17:16:58+00:00\",\"description\":\"Comment faire lorsque la grisaille et la morosit\u00e9 r\u00e8gnent ? La sophrologie vous aide \u00e0 retrouver votre vitalit\u00e9 et votre bien-\u00eatre !\",\"breadcrumb\":{\"@id\":\"https:\/\/www.medoucine.com\/blog\/deprime-hivernale-soleil-interieur\/#breadcrumb\"},\"inLanguage\":\"fr-FR\",\"potentialAction\":[{\"@type\":\"ReadAction\",\"target\":[\"https:\/\/www.medoucine.com\/blog\/deprime-hivernale-soleil-interieur\/\"]}]},{\"@type\":\"ImageObject\",\"inLanguage\":\"fr-FR\",\"@id\":\"https:\/\/www.medoucine.com\/blog\/deprime-hivernale-soleil-interieur\/#primaryimage\",\"url\":\"https:\/\/www.medoucine.com\/blog\/wp-content\/uploads\/2019\/07\/photo-1506772962157-86285e2bbaa9.jpeg\",\"contentUrl\":\"https:\/\/www.medoucine.com\/blog\/wp-content\/uploads\/2019\/07\/photo-1506772962157-86285e2bbaa9.jpeg\",\"width\":1080,\"height\":720,\"caption\":\"D\u00e9prime hivernale ? Faites grandir votre soleil int\u00e9rieur !\"},{\"@type\":\"BreadcrumbList\",\"@id\":\"https:\/\/www.medoucine.com\/blog\/deprime-hivernale-soleil-interieur\/#breadcrumb\",\"itemListElement\":[{\"@type\":\"ListItem\",\"position\":1,\"name\":\"Blog Medoucine\",\"item\":\"https:\/\/www.medoucine.com\/blog\/\"},{\"@type\":\"ListItem\",\"position\":2,\"name\":\"Psycho\",\"item\":\"https:\/\/www.medoucine.com\/blog\/cat\/psycho\/\"},{\"@type\":\"ListItem\",\"position\":3,\"name\":\"Autres troubles\",\"item\":\"https:\/\/www.medoucine.com\/blog\/cat\/psycho\/autres-troubles\/\"},{\"@type\":\"ListItem\",\"position\":4,\"name\":\"D\u00e9prime hivernale ? Faites grandir votre soleil int\u00e9rieur !\"}]},{\"@type\":\"WebSite\",\"@id\":\"https:\/\/www.medoucine.com\/blog\/#website\",\"url\":\"https:\/\/www.medoucine.com\/blog\/\",\"name\":\"Blog de Medoucine\",\"description\":\"Le blog des m\u00e9decines douces\",\"publisher\":{\"@id\":\"https:\/\/www.medoucine.com\/blog\/#organization\"},\"potentialAction\":[{\"@type\":\"SearchAction\",\"target\":{\"@type\":\"EntryPoint\",\"urlTemplate\":\"https:\/\/www.medoucine.com\/blog\/?s={search_term_string}\"},\"query-input\":{\"@type\":\"PropertyValueSpecification\",\"valueRequired\":true,\"valueName\":\"search_term_string\"}}],\"inLanguage\":\"fr-FR\"},{\"@type\":\"Organization\",\"@id\":\"https:\/\/www.medoucine.com\/blog\/#organization\",\"name\":\"Medoucine\",\"url\":\"https:\/\/www.medoucine.com\/blog\/\",\"logo\":{\"@type\":\"ImageObject\",\"inLanguage\":\"fr-FR\",\"@id\":\"https:\/\/www.medoucine.com\/blog\/#\/schema\/logo\/image\/\",\"url\":\"https:\/\/www.medoucine.com\/blog\/wp-content\/uploads\/2019\/07\/logo@3x.png\",\"contentUrl\":\"https:\/\/www.medoucine.com\/blog\/wp-content\/uploads\/2019\/07\/logo@3x.png\",\"width\":555,\"height\":135,\"caption\":\"Medoucine\"},\"image\":{\"@id\":\"https:\/\/www.medoucine.com\/blog\/#\/schema\/logo\/image\/\"},\"sameAs\":[\"https:\/\/www.facebook.com\/medoucine\/\",\"https:\/\/x.com\/medoucinefr\",\"https:\/\/www.instagram.com\/medoucine\/\",\"https:\/\/www.youtube.com\/channel\/UCtZeUeJ_KebYK0KJAXjJV8g\"]},{\"@type\":\"Person\",\"@id\":\"https:\/\/www.medoucine.com\/blog\/#\/schema\/person\/d5f82bbcbfd8d3daea2c3dde319ba8aa\",\"name\":\"Marie-Pierre Finck\",\"image\":{\"@type\":\"ImageObject\",\"inLanguage\":\"fr-FR\",\"@id\":\"https:\/\/www.medoucine.com\/blog\/#\/schema\/person\/image\/\",\"url\":\"https:\/\/secure.gravatar.com\/avatar\/478a5d830b9d7c4d78c56505641675a1d28ad4748fa8e0e1b31b387edf62243f?s=96&d=mm&r=g\",\"contentUrl\":\"https:\/\/secure.gravatar.com\/avatar\/478a5d830b9d7c4d78c56505641675a1d28ad4748fa8e0e1b31b387edf62243f?s=96&d=mm&r=g\",\"caption\":\"Marie-Pierre Finck\"},\"description\":\"Th\u00e9rapeute en Sophrologie, PNL et relaxation Praticienne en sophrologie \u00e0 Paris\",\"sameAs\":[\"https:\/\/www.medoucine.com\/pratiques\/sophrologie\"],\"url\":\"https:\/\/www.medoucine.com\/blog\/author\/marie-pierre-finck\/\"}]}<\/script>\n<!-- \/ Yoast SEO plugin. -->","yoast_head_json":{"title":"D\u00e9prime hivernale ? Faites grandir votre soleil int\u00e9rieur ! - Medoucine","description":"Comment faire lorsque la grisaille et la morosit\u00e9 r\u00e8gnent ? La sophrologie vous aide \u00e0 retrouver votre vitalit\u00e9 et votre bien-\u00eatre !","robots":{"index":"index","follow":"follow","max-snippet":"max-snippet:-1","max-image-preview":"max-image-preview:large","max-video-preview":"max-video-preview:-1"},"canonical":"https:\/\/www.medoucine.com\/blog\/deprime-hivernale-soleil-interieur\/","og_locale":"fr_FR","og_type":"article","og_title":"D\u00e9prime hivernale ? Faites grandir votre soleil int\u00e9rieur ! - Medoucine","og_description":"Comment faire lorsque la grisaille et la morosit\u00e9 r\u00e8gnent ? La sophrologie vous aide \u00e0 retrouver votre vitalit\u00e9 et votre bien-\u00eatre !","og_url":"https:\/\/www.medoucine.com\/blog\/deprime-hivernale-soleil-interieur\/","og_site_name":"Blog de Medoucine","article_publisher":"https:\/\/www.facebook.com\/medoucine\/","article_published_time":"2019-06-01T22:00:00+00:00","article_modified_time":"2026-04-08T17:16:58+00:00","og_image":[{"width":1080,"height":720,"url":"https:\/\/www.medoucine.com\/blog\/wp-content\/uploads\/2019\/07\/photo-1506772962157-86285e2bbaa9.jpeg","type":"image\/jpeg"}],"author":"Marie-Pierre Finck","twitter_card":"summary_large_image","twitter_creator":"@medoucinefr","twitter_site":"@medoucinefr","twitter_misc":{"\u00c9crit par":"Marie-Pierre Finck","Dur\u00e9e de lecture estim\u00e9e":"4 minutes"},"schema":{"@context":"https:\/\/schema.org","@graph":[{"@type":"Article","@id":"https:\/\/www.medoucine.com\/blog\/deprime-hivernale-soleil-interieur\/#article","isPartOf":{"@id":"https:\/\/www.medoucine.com\/blog\/deprime-hivernale-soleil-interieur\/"},"author":{"name":"Marie-Pierre Finck","@id":"https:\/\/www.medoucine.com\/blog\/#\/schema\/person\/d5f82bbcbfd8d3daea2c3dde319ba8aa"},"headline":"D\u00e9prime hivernale ? Faites grandir votre soleil int\u00e9rieur !","datePublished":"2019-06-01T22:00:00+00:00","dateModified":"2026-04-08T17:16:58+00:00","mainEntityOfPage":{"@id":"https:\/\/www.medoucine.com\/blog\/deprime-hivernale-soleil-interieur\/"},"wordCount":801,"commentCount":0,"publisher":{"@id":"https:\/\/www.medoucine.com\/blog\/#organization"},"image":{"@id":"https:\/\/www.medoucine.com\/blog\/deprime-hivernale-soleil-interieur\/#primaryimage"},"thumbnailUrl":"https:\/\/www.medoucine.com\/blog\/wp-content\/uploads\/2019\/07\/photo-1506772962157-86285e2bbaa9.jpeg","keywords":["d\u00e9pression"],"articleSection":["Autres troubles","Psycho"],"inLanguage":"fr-FR","potentialAction":[{"@type":"CommentAction","name":"Comment","target":["https:\/\/www.medoucine.com\/blog\/deprime-hivernale-soleil-interieur\/#respond"]}]},{"@type":"WebPage","@id":"https:\/\/www.medoucine.com\/blog\/deprime-hivernale-soleil-interieur\/","url":"https:\/\/www.medoucine.com\/blog\/deprime-hivernale-soleil-interieur\/","name":"D\u00e9prime hivernale ? Faites grandir votre soleil int\u00e9rieur ! - Medoucine","isPartOf":{"@id":"https:\/\/www.medoucine.com\/blog\/#website"},"primaryImageOfPage":{"@id":"https:\/\/www.medoucine.com\/blog\/deprime-hivernale-soleil-interieur\/#primaryimage"},"image":{"@id":"https:\/\/www.medoucine.com\/blog\/deprime-hivernale-soleil-interieur\/#primaryimage"},"thumbnailUrl":"https:\/\/www.medoucine.com\/blog\/wp-content\/uploads\/2019\/07\/photo-1506772962157-86285e2bbaa9.jpeg","datePublished":"2019-06-01T22:00:00+00:00","dateModified":"2026-04-08T17:16:58+00:00","description":"Comment faire lorsque la grisaille et la morosit\u00e9 r\u00e8gnent ? La sophrologie vous aide \u00e0 retrouver votre vitalit\u00e9 et votre bien-\u00eatre !","breadcrumb":{"@id":"https:\/\/www.medoucine.com\/blog\/deprime-hivernale-soleil-interieur\/#breadcrumb"},"inLanguage":"fr-FR","potentialAction":[{"@type":"ReadAction","target":["https:\/\/www.medoucine.com\/blog\/deprime-hivernale-soleil-interieur\/"]}]},{"@type":"ImageObject","inLanguage":"fr-FR","@id":"https:\/\/www.medoucine.com\/blog\/deprime-hivernale-soleil-interieur\/#primaryimage","url":"https:\/\/www.medoucine.com\/blog\/wp-content\/uploads\/2019\/07\/photo-1506772962157-86285e2bbaa9.jpeg","contentUrl":"https:\/\/www.medoucine.com\/blog\/wp-content\/uploads\/2019\/07\/photo-1506772962157-86285e2bbaa9.jpeg","width":1080,"height":720,"caption":"D\u00e9prime hivernale ? Faites grandir votre soleil int\u00e9rieur !"},{"@type":"BreadcrumbList","@id":"https:\/\/www.medoucine.com\/blog\/deprime-hivernale-soleil-interieur\/#breadcrumb","itemListElement":[{"@type":"ListItem","position":1,"name":"Blog Medoucine","item":"https:\/\/www.medoucine.com\/blog\/"},{"@type":"ListItem","position":2,"name":"Psycho","item":"https:\/\/www.medoucine.com\/blog\/cat\/psycho\/"},{"@type":"ListItem","position":3,"name":"Autres troubles","item":"https:\/\/www.medoucine.com\/blog\/cat\/psycho\/autres-troubles\/"},{"@type":"ListItem","position":4,"name":"D\u00e9prime hivernale ? Faites grandir votre soleil int\u00e9rieur !"}]},{"@type":"WebSite","@id":"https:\/\/www.medoucine.com\/blog\/#website","url":"https:\/\/www.medoucine.com\/blog\/","name":"Blog de Medoucine","description":"Le blog des m\u00e9decines douces","publisher":{"@id":"https:\/\/www.medoucine.com\/blog\/#organization"},"potentialAction":[{"@type":"SearchAction","target":{"@type":"EntryPoint","urlTemplate":"https:\/\/www.medoucine.com\/blog\/?s={search_term_string}"},"query-input":{"@type":"PropertyValueSpecification","valueRequired":true,"valueName":"search_term_string"}}],"inLanguage":"fr-FR"},{"@type":"Organization","@id":"https:\/\/www.medoucine.com\/blog\/#organization","name":"Medoucine","url":"https:\/\/www.medoucine.com\/blog\/","logo":{"@type":"ImageObject","inLanguage":"fr-FR","@id":"https:\/\/www.medoucine.com\/blog\/#\/schema\/logo\/image\/","url":"https:\/\/www.medoucine.com\/blog\/wp-content\/uploads\/2019\/07\/logo@3x.png","contentUrl":"https:\/\/www.medoucine.com\/blog\/wp-content\/uploads\/2019\/07\/logo@3x.png","width":555,"height":135,"caption":"Medoucine"},"image":{"@id":"https:\/\/www.medoucine.com\/blog\/#\/schema\/logo\/image\/"},"sameAs":["https:\/\/www.facebook.com\/medoucine\/","https:\/\/x.com\/medoucinefr","https:\/\/www.instagram.com\/medoucine\/","https:\/\/www.youtube.com\/channel\/UCtZeUeJ_KebYK0KJAXjJV8g"]},{"@type":"Person","@id":"https:\/\/www.medoucine.com\/blog\/#\/schema\/person\/d5f82bbcbfd8d3daea2c3dde319ba8aa","name":"Marie-Pierre Finck","image":{"@type":"ImageObject","inLanguage":"fr-FR","@id":"https:\/\/www.medoucine.com\/blog\/#\/schema\/person\/image\/","url":"https:\/\/secure.gravatar.com\/avatar\/478a5d830b9d7c4d78c56505641675a1d28ad4748fa8e0e1b31b387edf62243f?s=96&d=mm&r=g","contentUrl":"https:\/\/secure.gravatar.com\/avatar\/478a5d830b9d7c4d78c56505641675a1d28ad4748fa8e0e1b31b387edf62243f?s=96&d=mm&r=g","caption":"Marie-Pierre Finck"},"description":"Th\u00e9rapeute en Sophrologie, PNL et relaxation Praticienne en sophrologie \u00e0 Paris","sameAs":["https:\/\/www.medoucine.com\/pratiques\/sophrologie"],"url":"https:\/\/www.medoucine.com\/blog\/author\/marie-pierre-finck\/"}]}},"_links":{"self":[{"href":"https:\/\/www.medoucine.com\/blog\/wp-json\/wp\/v2\/posts\/12170","targetHints":{"allow":["GET"]}}],"collection":[{"href":"https:\/\/www.medoucine.com\/blog\/wp-json\/wp\/v2\/posts"}],"about":[{"href":"https:\/\/www.medoucine.com\/blog\/wp-json\/wp\/v2\/types\/post"}],"author":[{"embeddable":true,"href":"https:\/\/www.medoucine.com\/blog\/wp-json\/wp\/v2\/users\/32"}],"replies":[{"embeddable":true,"href":"https:\/\/www.medoucine.com\/blog\/wp-json\/wp\/v2\/comments?post=12170"}],"version-history":[{"count":3,"href":"https:\/\/www.medoucine.com\/blog\/wp-json\/wp\/v2\/posts\/12170\/revisions"}],"predecessor-version":[{"id":43332,"href":"https:\/\/www.medoucine.com\/blog\/wp-json\/wp\/v2\/posts\/12170\/revisions\/43332"}],"wp:featuredmedia":[{"embeddable":true,"href":"https:\/\/www.medoucine.com\/blog\/wp-json\/wp\/v2\/media\/812"}],"wp:attachment":[{"href":"https:\/\/www.medoucine.com\/blog\/wp-json\/wp\/v2\/media?parent=12170"}],"wp:term":[{"taxonomy":"category","embeddable":true,"href":"https:\/\/www.medoucine.com\/blog\/wp-json\/wp\/v2\/categories?post=12170"},{"taxonomy":"post_tag","embeddable":true,"href":"https:\/\/www.medoucine.com\/blog\/wp-json\/wp\/v2\/tags?post=12170"}],"curies":[{"name":"wp","href":"https:\/\/api.w.org\/{rel}","templated":true}]}}